{"id":5793,"date":"2022-09-15T06:17:28","date_gmt":"2022-09-15T06:17:28","guid":{"rendered":"https:\/\/allasorias.hu\/hirek\/?p=5793"},"modified":"2022-09-15T06:17:28","modified_gmt":"2022-09-15T06:17:28","slug":"sok-ceg-tervez-elbocsatast","status":"publish","type":"post","link":"https:\/\/allasorias.hu\/hirek\/sok-ceg-tervez-elbocsatast\/","title":{"rendered":"Sok c\u00e9g tervez elbocs\u00e1t\u00e1st"},"content":{"rendered":"<p><strong>A k\u00f6vetkez\u0151 negyed\u00e9vben a hazai munk\u00e1ltat\u00f3k 20 sz\u00e1zal\u00e9ka jelez el\u0151re b\u0151v\u00edt\u00e9st, mik\u00f6zben 26 sz\u00e1zal\u00e9kuk tervezi cs\u00f6kkenteni jelenlegi munkaer\u0151-\u00e1llom\u00e1ny\u00e1t. A legnagyobb m\u00e9rt\u00e9k\u0171 le\u00e9p\u00edt\u00e9sek a legfejlettebb r\u00e9gi\u00f3kban: Budapesten \u00e9s a Nyugat-Dun\u00e1nt\u00falon v\u00e1rhat\u00f3k \u2013 der\u00fcl ki a ManpowerGroup Munkaer\u0151piaci El\u0151rejelz\u00e9s\u00e9b\u0151l. <\/strong><\/p>\n<p>A ManpowerGroup a vil\u00e1g 41 orsz\u00e1g\u00e1ban, \u00f6sszesen t\u00f6bb mint 40 ezer munk\u00e1ltat\u00f3 k\u00f6r\u00e9ben folytatta le negyed\u00e9ves felm\u00e9r\u00e9s\u00e9t, amelynek keret\u00e9ben Magyarorsz\u00e1gon a munk\u00e1ltat\u00f3k t\u00f6bb mint 500 f\u0151s reprezentat\u00edv mint\u00e1j\u00e1ban szerepl\u0151ket k\u00e9rdezt\u00e9k meg negyedik negyed\u00e9ves munkaer\u0151-felv\u00e9teli sz\u00e1nd\u00e9kaikr\u00f3l. A munk\u00e1ltat\u00f3i v\u00e1laszokb\u00f3l sz\u00e1rmaztatott Nett\u00f3 Foglalkoztat\u00e1si Mutat\u00f3 (NFM) -5 sz\u00e1zal\u00e9kos \u00e1tlagos \u00e9rt\u00e9ket \u00e9rt el, amire utolj\u00e1ra 2020 3. negyed\u00e9v\u00e9ben, a koronav\u00edrus-j\u00e1rv\u00e1ny miatti er\u0151teljes gazdas\u00e1gi visszaes\u00e9s id\u0151szak\u00e1ban volt p\u00e9lda. A jelenlegi mutat\u00f3sz\u00e1m az el\u0151z\u0151 negyed\u00e9vhez viszony\u00edtva 17, m\u00edg 2021 azonos id\u0151szak\u00e1hoz k\u00e9pest 16 sz\u00e1zal\u00e9kpontos visszaes\u00e9st mutat. \u201eIgen gyors \u00e9s jelent\u0151s fordulatra utalnak a hazai c\u00e9gek foglalkoztat\u00e1si tervei. Az alapanyag- \u00e9s energia\u00e1rak megugr\u00e1sa, illetve a fizet\u0151k\u00e9pes kereslet v\u00e1rhat\u00f3 visszaes\u00e9se l\u00e1that\u00f3an gyors alkalmazkod\u00e1sra k\u00e9szteti a v\u00e1llalatokat \u2013 mondta Feh\u00e9r Tam\u00e1s, a ManpowerGroup Magyarorsz\u00e1g \u00fcgyvezet\u0151 igazgat\u00f3ja. \u2013 \u00dagy t\u0171nik, \u00faj szakaszba l\u00e9p a munkaer\u0151piac, amelynek nyom\u00e1n a munkaer\u0151hi\u00e1ny enyh\u00fcl\u00e9se miatt \u00e1tmenetileg az eddigin\u00e9l nehezebb id\u0151k v\u00e1rhatnak a munkav\u00e1llal\u00f3kra.\u201d Noha a legt\u00f6bb ter\u00fcleten l\u00e9tsz\u00e1mcs\u00f6kkent\u00e9sre utalnak a felm\u00e9r\u00e9s eredm\u00e9nyei, az egyes szektorok mutat\u00f3sz\u00e1mai k\u00f6z\u00f6tt jelent\u0151s k\u00fcl\u00f6nbs\u00e9g fedezhet\u0151 fel. A Nett\u00f3 Foglalkoztat\u00e1si Mutat\u00f3 egyed\u00fcl a feldolgoz\u00f3ipar eset\u00e9ben mutat enyhe pozit\u00edv \u00e9rt\u00e9ket (+3 sz\u00e1zal\u00e9k), mik\u00f6zben a bank, hitelint\u00e9zet, biztos\u00edt\u00e1s \u00e9s ingatlanszektor l\u00e9tsz\u00e1megyenlege v\u00e1rhat\u00f3an stagn\u00e1lni fog. A legnagyobb elbocs\u00e1t\u00e1si hull\u00e1m az alapanyaggy\u00e1rt\u00e1sban, illetve az IT, technol\u00f3gia, t\u00e1vk\u00f6zl\u00e9s, kommunik\u00e1ci\u00f3 \u00e9s m\u00e9dia szektorban v\u00e1rhat\u00f3. Mindk\u00e9t ter\u00fclet NFM-\u00e9rt\u00e9ke nem kevesebb, mint 44 sz\u00e1zal\u00e9kpontot esett egyetlen negyed\u00e9v alatt (m\u00ednusz 25, illetve m\u00ednusz 14 sz\u00e1zal\u00e9kra). Szint\u00e9n igen kedvez\u0151tlenek a kil\u00e1t\u00e1sok a HORECA szektorban: a hotelek \u00e9s \u00e9ttermek 39 sz\u00e1zal\u00e9ka tervez l\u00e9tsz\u00e1mcs\u00f6kkent\u00e9st, itt az Nett\u00f3 Foglalkoztat\u00e1si Mutat\u00f3 aktu\u00e1lis \u00e9rt\u00e9ke m\u00ednusz 12 sz\u00e1zal\u00e9kra esett. Az orsz\u00e1g r\u00e9gi\u00f3it vizsg\u00e1lva szint\u00e9n jelent\u0151s elt\u00e9r\u00e9sek tapasztalhat\u00f3k. A foglalkoztat\u00e1si v\u00e1ltoz\u00e1sokkal kapcsolatos v\u00e1rakoz\u00e1sok jelenleg ford\u00edtottan ar\u00e1nyosak az adott r\u00e9gi\u00f3 gazdas\u00e1gi fejletts\u00e9g\u00e9vel. Budapesten \u00e9s a Nyugat-Dun\u00e1nt\u00falon sz\u00e1m\u00edtanak a legsz\u00e9lesebb k\u00f6rben le\u00e9p\u00edt\u00e9sekre m\u00ednusz 14, illetve m\u00ednusz 13 sz\u00e1zal\u00e9kos nett\u00f3 mutat\u00f3val. Szint\u00e9n t\u00f6bb elbocs\u00e1t\u00e1sra, mint felv\u00e9telre sz\u00e1m\u00edtanak K\u00f6z\u00e9p-Magyarorsz\u00e1gon, a K\u00f6z\u00e9p-Dun\u00e1nt\u00falon, illetve \u00c9szak-Magyarorsz\u00e1gon. Stagn\u00e1l\u00e1s k\u00f6r\u00fcli \u00e9rt\u00e9k a D\u00e9l-Alf\u00f6ld\u00f6n v\u00e1rhat\u00f3, ugyanakkor jelenleg minim\u00e1lisan t\u00f6bben terveznek l\u00e9tsz\u00e1mb\u0151v\u00edt\u00e9st, mint le\u00e9p\u00edt\u00e9st az \u00c9szak-Alf\u00f6ld\u00f6n (+3 sz\u00e1zal\u00e9k), valamint a D\u00e9l-Dun\u00e1nt\u00falon (+5 sz\u00e1zal\u00e9k). Az elbocs\u00e1t\u00e1si sz\u00e1nd\u00e9kok gyakoris\u00e1ga f\u00fcgg a c\u00e9gm\u00e9rett\u0151l is. A t\u00edzn\u00e9l kevesebb f\u0151t foglalkoztat\u00f3 mikrov\u00e1llalkoz\u00e1sok k\u00f6r\u00e9ben l\u00e9tsz\u00e1mb\u0151v\u00fcl\u00e9sre lehet sz\u00e1m\u00edtani: k\u00f6r\u00fckben 11 sz\u00e1zal\u00e9k a Nett\u00f3 Foglalkoztat\u00e1si Mutat\u00f3 \u00e9rt\u00e9ke. Ugyanakkor a nagyobb c\u00e9gek ink\u00e1bb elbocs\u00e1t\u00e1sokban gondolkodnak. A legkedvez\u0151tlenebb kil\u00e1t\u00e1sokat az 50\u2013249 f\u0151 k\u00f6z\u00f6tti l\u00e9tsz\u00e1mot foglalkoztat\u00f3 k\u00f6z\u00e9pv\u00e1llalkoz\u00e1sok fogalmazt\u00e1k meg: ez a kateg\u00f3ria m\u00ednusz 13 sz\u00e1zal\u00e9kos mutat\u00f3val rendelkezik. Lehetetlen nem \u00e9szrevenni a kontrasztot a ManpowerGroup magyarorsz\u00e1gi, illetve glob\u00e1lis Munkaer\u0151piaci El\u0151rejelz\u00e9se k\u00f6z\u00f6tt, ut\u00f3bbi ugyanis vil\u00e1gszerte optimizmust mutat: a vizsg\u00e1lt orsz\u00e1gok \u00e1tlagos Nett\u00f3 Foglalkoztat\u00e1si Mutat\u00f3ja +30 sz\u00e1zal\u00e9k. A 41 orsz\u00e1gb\u00f3l mind\u00f6ssze k\u00e9t orsz\u00e1gban jeleznek visszaes\u00e9st a foglalkoztat\u00e1sban, a mostani felm\u00e9r\u00e9sben Magyarorsz\u00e1g mellett G\u00f6r\u00f6gorsz\u00e1g szerepel a lista v\u00e9g\u00e9n m\u00ednusz 3 sz\u00e1zal\u00e9kos NFM-mel. Az \u00e9len Braz\u00edlia (56 sz\u00e1zal\u00e9k), India (54 sz\u00e1zal\u00e9k) \u00e9s Costa Rica (52 sz\u00e1zal\u00e9k) \u00e1ll. Eur\u00f3p\u00e1ban a legl\u00e1tv\u00e1nyosabb munkaer\u0151-b\u0151v\u00fcl\u00e9s Sv\u00e9dorsz\u00e1gban, Belgiumban (34\u201334 sz\u00e1zal\u00e9k), Belgiumban \u00e9s Norv\u00e9gi\u00e1ban (33\u201333 sz\u00e1zal\u00e9k) v\u00e1rhat\u00f3. \u00c1ltal\u00e1ban elmondhat\u00f3, hogy a munkaer\u0151-piaci kil\u00e1t\u00e1sok most jelent\u0151sen kedvez\u0151bbek Nyugat-Eur\u00f3p\u00e1ban, mint az Eur\u00f3pai Uni\u00f3 keleti tag\u00e1llamaiban: a V4-es orsz\u00e1gok k\u00f6z\u00fcl a legjobb mutat\u00f3val Csehorsz\u00e1g rendelkezik (12 sz\u00e1zal\u00e9k), Szlov\u00e1kia mutat\u00f3ja 9 sz\u00e1zal\u00e9k, m\u00edg Lengyelorsz\u00e1g\u00e9 mind\u00f6ssze 1 sz\u00e1zal\u00e9k.<\/p>\n<p>Forr\u00e1s: uzletem.hu<\/p>\n","protected":false},"excerpt":{"rendered":"<p>A k\u00f6vetkez\u0151 negyed\u00e9vben a hazai munk\u00e1ltat\u00f3k 20 sz\u00e1zal\u00e9ka jelez el\u0151re b\u0151v\u00edt\u00e9st, mik\u00f6zben 26 sz\u00e1zal\u00e9kuk tervezi cs\u00f6kkenteni jelenlegi munkaer\u0151-\u00e1llom\u00e1ny\u00e1t. A legnagyobb m\u00e9rt\u00e9k\u0171 le\u00e9p\u00edt\u00e9sek a legfejlettebb r\u00e9gi\u00f3kban: Budapesten \u00e9s a Nyugat-Dun\u00e1nt\u00falon v\u00e1rhat\u00f3k \u2013 der\u00fcl ki a ManpowerGroup Munkaer\u0151piaci El\u0151rejelz\u00e9s\u00e9b\u0151l. A ManpowerGroup a vil\u00e1g 41 orsz\u00e1g\u00e1ban, \u00f6sszesen t\u00f6bb mint 40 ezer munk\u00e1ltat\u00f3 k\u00f6r\u00e9ben folytatta le negyed\u00e9ves felm\u00e9r\u00e9s\u00e9t, amelynek [&hellip;]<\/p>\n","protected":false},"author":1,"featured_media":4715,"comment_status":"open","ping_status":"open","sticky":false,"template":"","format":"standard","meta":{"_monsterinsights_skip_tracking":false,"footnotes":""},"categories":[200],"tags":[],"class_list":["post-5793","post","type-post","status-publish","format-standard","has-post-thumbnail","hentry","category-munkaeropiac"],"aioseo_notices":[],"aioseo_head":"\n\t\t<!-- All in One SEO 5.0.0.1 - aioseo.com -->\n\t<meta name=\"description\" content=\"A k\u00f6vetkez\u0151 negyed\u00e9vben a hazai munk\u00e1ltat\u00f3k 20 sz\u00e1zal\u00e9ka jelez el\u0151re b\u0151v\u00edt\u00e9st, mik\u00f6zben 26 sz\u00e1zal\u00e9kuk tervezi cs\u00f6kkenteni jelenlegi munkaer\u0151-\u00e1llom\u00e1ny\u00e1t. A legnagyobb m\u00e9rt\u00e9k\u0171 le\u00e9p\u00edt\u00e9sek a legfejlettebb r\u00e9gi\u00f3kban: Budapesten \u00e9s a Nyugat-Dun\u00e1nt\u00falon v\u00e1rhat\u00f3k \u2013 der\u00fcl ki a ManpowerGroup Munkaer\u0151piaci El\u0151rejelz\u00e9s\u00e9b\u0151l. A ManpowerGroup a vil\u00e1g 41 orsz\u00e1g\u00e1ban, \u00f6sszesen t\u00f6bb mint 40 ezer munk\u00e1ltat\u00f3 k\u00f6r\u00e9ben folytatta le negyed\u00e9ves felm\u00e9r\u00e9s\u00e9t, amelynek\" \/>\n\t<meta name=\"robots\" content=\"max-image-preview:large\" \/>\n\t<meta name=\"author\" content=\"Juh\u00e1sz P\u00e9ter\"\/>\n\t<link rel=\"canonical\" href=\"https:\/\/allasorias.hu\/hirek\/sok-ceg-tervez-elbocsatast\/\" \/>\n\t<meta name=\"generator\" content=\"All in One SEO (AIOSEO) 5.0.0.1\" \/>\n\t\t<meta property=\"og:locale\" content=\"hu_HU\" \/>\n\t\t<meta property=\"og:site_name\" content=\"AllasOrias.hu | H\u00edrek-lapszemle | \u00dczleti h\u00edrek az \u00e1ll\u00e1s \u00e9s a munka vil\u00e1g\u00e1b\u00f3l\" \/>\n\t\t<meta property=\"og:type\" content=\"article\" \/>\n\t\t<meta property=\"og:title\" content=\"Sok c\u00e9g tervez elbocs\u00e1t\u00e1st | AllasOrias.hu | H\u00edrek-lapszemle\" \/>\n\t\t<meta property=\"og:description\" content=\"A k\u00f6vetkez\u0151 negyed\u00e9vben a hazai munk\u00e1ltat\u00f3k 20 sz\u00e1zal\u00e9ka jelez el\u0151re b\u0151v\u00edt\u00e9st, mik\u00f6zben 26 sz\u00e1zal\u00e9kuk tervezi cs\u00f6kkenteni jelenlegi munkaer\u0151-\u00e1llom\u00e1ny\u00e1t. A legnagyobb m\u00e9rt\u00e9k\u0171 le\u00e9p\u00edt\u00e9sek a legfejlettebb r\u00e9gi\u00f3kban: Budapesten \u00e9s a Nyugat-Dun\u00e1nt\u00falon v\u00e1rhat\u00f3k \u2013 der\u00fcl ki a ManpowerGroup Munkaer\u0151piaci El\u0151rejelz\u00e9s\u00e9b\u0151l. A ManpowerGroup a vil\u00e1g 41 orsz\u00e1g\u00e1ban, \u00f6sszesen t\u00f6bb mint 40 ezer munk\u00e1ltat\u00f3 k\u00f6r\u00e9ben folytatta le negyed\u00e9ves felm\u00e9r\u00e9s\u00e9t, amelynek\" \/>\n\t\t<meta property=\"og:url\" content=\"https:\/\/allasorias.hu\/hirek\/sok-ceg-tervez-elbocsatast\/\" \/>\n\t\t<meta property=\"og:image\" content=\"https:\/\/allasorias.hu\/hirek\/wp-content\/uploads\/2021\/04\/unemployed-tired-stressed-businessman-sitting-walkway-after-work.jpg\" \/>\n\t\t<meta property=\"og:image:secure_url\" content=\"https:\/\/allasorias.hu\/hirek\/wp-content\/uploads\/2021\/04\/unemployed-tired-stressed-businessman-sitting-walkway-after-work.jpg\" \/>\n\t\t<meta property=\"og:image:width\" content=\"1920\" \/>\n\t\t<meta property=\"og:image:height\" content=\"1280\" \/>\n\t\t<meta property=\"article:published_time\" content=\"2022-09-15T06:17:28+00:00\" \/>\n\t\t<meta property=\"article:modified_time\" content=\"2022-09-15T06:17:28+00:00\" \/>\n\t\t<meta property=\"article:publisher\" content=\"https:\/\/www.facebook.com\/allasorias\" \/>\n\t\t<meta name=\"twitter:card\" content=\"summary_large_image\" \/>\n\t\t<meta name=\"twitter:title\" content=\"Sok c\u00e9g tervez elbocs\u00e1t\u00e1st | AllasOrias.hu | H\u00edrek-lapszemle\" \/>\n\t\t<meta name=\"twitter:description\" content=\"A k\u00f6vetkez\u0151 negyed\u00e9vben a hazai munk\u00e1ltat\u00f3k 20 sz\u00e1zal\u00e9ka jelez el\u0151re b\u0151v\u00edt\u00e9st, mik\u00f6zben 26 sz\u00e1zal\u00e9kuk tervezi cs\u00f6kkenteni jelenlegi munkaer\u0151-\u00e1llom\u00e1ny\u00e1t. A legnagyobb m\u00e9rt\u00e9k\u0171 le\u00e9p\u00edt\u00e9sek a legfejlettebb r\u00e9gi\u00f3kban: Budapesten \u00e9s a Nyugat-Dun\u00e1nt\u00falon v\u00e1rhat\u00f3k \u2013 der\u00fcl ki a ManpowerGroup Munkaer\u0151piaci El\u0151rejelz\u00e9s\u00e9b\u0151l. A ManpowerGroup a vil\u00e1g 41 orsz\u00e1g\u00e1ban, \u00f6sszesen t\u00f6bb mint 40 ezer munk\u00e1ltat\u00f3 k\u00f6r\u00e9ben folytatta le negyed\u00e9ves felm\u00e9r\u00e9s\u00e9t, amelynek\" \/>\n\t\t<meta name=\"twitter:image\" content=\"https:\/\/allasorias.hu\/hirek\/wp-content\/uploads\/2021\/04\/unemployed-tired-stressed-businessman-sitting-walkway-after-work.jpg\" \/>\n\t\t<meta name=\"twitter:label1\" content=\"Written by\" \/>\n\t\t<meta name=\"twitter:data1\" content=\"Juh\u00e1sz P\u00e9ter\" \/>\n\t\t<meta name=\"twitter:label2\" content=\"Est. reading time\" \/>\n\t\t<meta name=\"twitter:data2\" content=\"4 minutes\" \/>\n\t\t<script type=\"application\/ld+json\" class=\"aioseo-schema\">\n\t\t\t{\"@context\":\"https:\\\/\\\/schema.org\",\"@graph\":[{\"@type\":\"Article\",\"@id\":\"https:\\\/\\\/allasorias.hu\\\/hirek\\\/sok-ceg-tervez-elbocsatast\\\/#article\",\"name\":\"Sok c\\u00e9g tervez elbocs\\u00e1t\\u00e1st | AllasOrias.hu | H\\u00edrek-lapszemle\",\"headline\":\"Sok c\\u00e9g tervez elbocs\\u00e1t\\u00e1st\",\"author\":{\"@id\":\"https:\\\/\\\/allasorias.hu\\\/hirek\\\/author\\\/admin-allasorias\\\/#author\"},\"publisher\":{\"@id\":\"https:\\\/\\\/allasorias.hu\\\/hirek\\\/#organization\"},\"image\":{\"@type\":\"ImageObject\",\"url\":\"https:\\\/\\\/allasorias.hu\\\/hirek\\\/wp-content\\\/uploads\\\/2021\\\/04\\\/unemployed-tired-stressed-businessman-sitting-walkway-after-work.jpg\",\"width\":1920,\"height\":1280,\"caption\":\"Unemployed Tired or stressed businessman sitting on the walkway after work Stressed businessman concept\"},\"datePublished\":\"2022-09-15T06:17:28+02:00\",\"dateModified\":\"2022-09-15T06:17:28+02:00\",\"inLanguage\":\"hu-HU\",\"mainEntityOfPage\":{\"@id\":\"https:\\\/\\\/allasorias.hu\\\/hirek\\\/sok-ceg-tervez-elbocsatast\\\/#webpage\"},\"isPartOf\":{\"@id\":\"https:\\\/\\\/allasorias.hu\\\/hirek\\\/sok-ceg-tervez-elbocsatast\\\/#webpage\"},\"articleSection\":\"Munkaer\\u0151piac\"},{\"@type\":\"BreadcrumbList\",\"@id\":\"https:\\\/\\\/allasorias.hu\\\/hirek\\\/sok-ceg-tervez-elbocsatast\\\/#breadcrumblist\",\"itemListElement\":[{\"@type\":\"ListItem\",\"@id\":\"https:\\\/\\\/allasorias.hu\\\/hirek#listItem\",\"position\":1,\"name\":\"Home\",\"item\":\"https:\\\/\\\/allasorias.hu\\\/hirek\",\"nextItem\":{\"@type\":\"ListItem\",\"@id\":\"https:\\\/\\\/allasorias.hu\\\/hirek\\\/temak\\\/munkaeropiac\\\/#listItem\",\"name\":\"Munkaer\\u0151piac\"}},{\"@type\":\"ListItem\",\"@id\":\"https:\\\/\\\/allasorias.hu\\\/hirek\\\/temak\\\/munkaeropiac\\\/#listItem\",\"position\":2,\"name\":\"Munkaer\\u0151piac\",\"item\":\"https:\\\/\\\/allasorias.hu\\\/hirek\\\/temak\\\/munkaeropiac\\\/\",\"nextItem\":{\"@type\":\"ListItem\",\"@id\":\"https:\\\/\\\/allasorias.hu\\\/hirek\\\/sok-ceg-tervez-elbocsatast\\\/#listItem\",\"name\":\"Sok c\\u00e9g tervez elbocs\\u00e1t\\u00e1st\"},\"previousItem\":{\"@type\":\"ListItem\",\"@id\":\"https:\\\/\\\/allasorias.hu\\\/hirek#listItem\",\"name\":\"Home\"}},{\"@type\":\"ListItem\",\"@id\":\"https:\\\/\\\/allasorias.hu\\\/hirek\\\/sok-ceg-tervez-elbocsatast\\\/#listItem\",\"position\":3,\"name\":\"Sok c\\u00e9g tervez elbocs\\u00e1t\\u00e1st\",\"previousItem\":{\"@type\":\"ListItem\",\"@id\":\"https:\\\/\\\/allasorias.hu\\\/hirek\\\/temak\\\/munkaeropiac\\\/#listItem\",\"name\":\"Munkaer\\u0151piac\"}}]},{\"@type\":\"Organization\",\"@id\":\"https:\\\/\\\/allasorias.hu\\\/hirek\\\/#organization\",\"name\":\"AllasOrias.hu | H\\u00edrek-lapszemle\",\"description\":\"\\u00dczleti h\\u00edrek az \\u00e1ll\\u00e1s \\u00e9s a munka vil\\u00e1g\\u00e1b\\u00f3l\",\"url\":\"https:\\\/\\\/allasorias.hu\\\/hirek\\\/\",\"logo\":{\"@type\":\"ImageObject\",\"url\":\"https:\\\/\\\/allasorias.hu\\\/hirek\\\/wp-content\\\/uploads\\\/2022\\\/10\\\/allasorias_site_facebok_logo.png\",\"@id\":\"https:\\\/\\\/allasorias.hu\\\/hirek\\\/sok-ceg-tervez-elbocsatast\\\/#organizationLogo\"},\"image\":{\"@id\":\"https:\\\/\\\/allasorias.hu\\\/hirek\\\/sok-ceg-tervez-elbocsatast\\\/#organizationLogo\"},\"sameAs\":[\"https:\\\/\\\/www.facebook.com\\\/allasorias\",\"https:\\\/\\\/www.linkedin.com\\\/company\\\/allasorias\"]},{\"@type\":\"Person\",\"@id\":\"https:\\\/\\\/allasorias.hu\\\/hirek\\\/author\\\/admin-allasorias\\\/#author\",\"url\":\"https:\\\/\\\/allasorias.hu\\\/hirek\\\/author\\\/admin-allasorias\\\/\",\"name\":\"Juh\\u00e1sz P\\u00e9ter\",\"image\":{\"@type\":\"ImageObject\",\"@id\":\"https:\\\/\\\/allasorias.hu\\\/hirek\\\/sok-ceg-tervez-elbocsatast\\\/#authorImage\",\"url\":\"https:\\\/\\\/secure.gravatar.com\\\/avatar\\\/36e6bcb83148978b992977cb0f54d22feb0cce8a0a849a9410532bb2623ba4c6?s=96&d=mm&r=g\",\"width\":96,\"height\":96,\"caption\":\"Juh\\u00e1sz P\\u00e9ter\"}},{\"@type\":\"WebPage\",\"@id\":\"https:\\\/\\\/allasorias.hu\\\/hirek\\\/sok-ceg-tervez-elbocsatast\\\/#webpage\",\"url\":\"https:\\\/\\\/allasorias.hu\\\/hirek\\\/sok-ceg-tervez-elbocsatast\\\/\",\"name\":\"Sok c\\u00e9g tervez elbocs\\u00e1t\\u00e1st | AllasOrias.hu | H\\u00edrek-lapszemle\",\"description\":\"A k\\u00f6vetkez\\u0151 negyed\\u00e9vben a hazai munk\\u00e1ltat\\u00f3k 20 sz\\u00e1zal\\u00e9ka jelez el\\u0151re b\\u0151v\\u00edt\\u00e9st, mik\\u00f6zben 26 sz\\u00e1zal\\u00e9kuk tervezi cs\\u00f6kkenteni jelenlegi munkaer\\u0151-\\u00e1llom\\u00e1ny\\u00e1t. A legnagyobb m\\u00e9rt\\u00e9k\\u0171 le\\u00e9p\\u00edt\\u00e9sek a legfejlettebb r\\u00e9gi\\u00f3kban: Budapesten \\u00e9s a Nyugat-Dun\\u00e1nt\\u00falon v\\u00e1rhat\\u00f3k \\u2013 der\\u00fcl ki a ManpowerGroup Munkaer\\u0151piaci El\\u0151rejelz\\u00e9s\\u00e9b\\u0151l. A ManpowerGroup a vil\\u00e1g 41 orsz\\u00e1g\\u00e1ban, \\u00f6sszesen t\\u00f6bb mint 40 ezer munk\\u00e1ltat\\u00f3 k\\u00f6r\\u00e9ben folytatta le negyed\\u00e9ves felm\\u00e9r\\u00e9s\\u00e9t, amelynek\",\"inLanguage\":\"hu-HU\",\"isPartOf\":{\"@id\":\"https:\\\/\\\/allasorias.hu\\\/hirek\\\/#website\"},\"breadcrumb\":{\"@id\":\"https:\\\/\\\/allasorias.hu\\\/hirek\\\/sok-ceg-tervez-elbocsatast\\\/#breadcrumblist\"},\"author\":{\"@id\":\"https:\\\/\\\/allasorias.hu\\\/hirek\\\/author\\\/admin-allasorias\\\/#author\"},\"creator\":{\"@id\":\"https:\\\/\\\/allasorias.hu\\\/hirek\\\/author\\\/admin-allasorias\\\/#author\"},\"image\":{\"@type\":\"ImageObject\",\"url\":\"https:\\\/\\\/allasorias.hu\\\/hirek\\\/wp-content\\\/uploads\\\/2021\\\/04\\\/unemployed-tired-stressed-businessman-sitting-walkway-after-work.jpg\",\"@id\":\"https:\\\/\\\/allasorias.hu\\\/hirek\\\/sok-ceg-tervez-elbocsatast\\\/#mainImage\",\"width\":1920,\"height\":1280,\"caption\":\"Unemployed Tired or stressed businessman sitting on the walkway after work Stressed businessman concept\"},\"primaryImageOfPage\":{\"@id\":\"https:\\\/\\\/allasorias.hu\\\/hirek\\\/sok-ceg-tervez-elbocsatast\\\/#mainImage\"},\"datePublished\":\"2022-09-15T06:17:28+02:00\",\"dateModified\":\"2022-09-15T06:17:28+02:00\"},{\"@type\":\"WebSite\",\"@id\":\"https:\\\/\\\/allasorias.hu\\\/hirek\\\/#website\",\"url\":\"https:\\\/\\\/allasorias.hu\\\/hirek\\\/\",\"name\":\"AllasOrias.hu | H\\u00edrek-lapszemle\",\"description\":\"\\u00dczleti h\\u00edrek az \\u00e1ll\\u00e1s \\u00e9s a munka vil\\u00e1g\\u00e1b\\u00f3l\",\"inLanguage\":\"hu-HU\",\"publisher\":{\"@id\":\"https:\\\/\\\/allasorias.hu\\\/hirek\\\/#organization\"}}]}\n\t\t<\/script>\n\t\t<!-- All in One SEO -->\n\n","aioseo_head_json":{"title":"Sok c\u00e9g tervez elbocs\u00e1t\u00e1st | AllasOrias.hu | H\u00edrek-lapszemle","description":"A k\u00f6vetkez\u0151 negyed\u00e9vben a hazai munk\u00e1ltat\u00f3k 20 sz\u00e1zal\u00e9ka jelez el\u0151re b\u0151v\u00edt\u00e9st, mik\u00f6zben 26 sz\u00e1zal\u00e9kuk tervezi cs\u00f6kkenteni jelenlegi munkaer\u0151-\u00e1llom\u00e1ny\u00e1t. A legnagyobb m\u00e9rt\u00e9k\u0171 le\u00e9p\u00edt\u00e9sek a legfejlettebb r\u00e9gi\u00f3kban: Budapesten \u00e9s a Nyugat-Dun\u00e1nt\u00falon v\u00e1rhat\u00f3k \u2013 der\u00fcl ki a ManpowerGroup Munkaer\u0151piaci El\u0151rejelz\u00e9s\u00e9b\u0151l. A ManpowerGroup a vil\u00e1g 41 orsz\u00e1g\u00e1ban, \u00f6sszesen t\u00f6bb mint 40 ezer munk\u00e1ltat\u00f3 k\u00f6r\u00e9ben folytatta le negyed\u00e9ves felm\u00e9r\u00e9s\u00e9t, amelynek","canonical_url":"https:\/\/allasorias.hu\/hirek\/sok-ceg-tervez-elbocsatast\/","robots":"max-image-preview:large","keywords":"","webmasterTools":{"miscellaneous":""},"schema":{"@context":"https:\/\/schema.org","@graph":[{"@type":"Article","@id":"https:\/\/allasorias.hu\/hirek\/sok-ceg-tervez-elbocsatast\/#article","name":"Sok c\u00e9g tervez elbocs\u00e1t\u00e1st | AllasOrias.hu | H\u00edrek-lapszemle","headline":"Sok c\u00e9g tervez elbocs\u00e1t\u00e1st","author":{"@id":"https:\/\/allasorias.hu\/hirek\/author\/admin-allasorias\/#author"},"publisher":{"@id":"https:\/\/allasorias.hu\/hirek\/#organization"},"image":{"@type":"ImageObject","url":"https:\/\/allasorias.hu\/hirek\/wp-content\/uploads\/2021\/04\/unemployed-tired-stressed-businessman-sitting-walkway-after-work.jpg","width":1920,"height":1280,"caption":"Unemployed Tired or stressed businessman sitting on the walkway after work Stressed businessman concept"},"datePublished":"2022-09-15T06:17:28+02:00","dateModified":"2022-09-15T06:17:28+02:00","inLanguage":"hu-HU","mainEntityOfPage":{"@id":"https:\/\/allasorias.hu\/hirek\/sok-ceg-tervez-elbocsatast\/#webpage"},"isPartOf":{"@id":"https:\/\/allasorias.hu\/hirek\/sok-ceg-tervez-elbocsatast\/#webpage"},"articleSection":"Munkaer\u0151piac"},{"@type":"BreadcrumbList","@id":"https:\/\/allasorias.hu\/hirek\/sok-ceg-tervez-elbocsatast\/#breadcrumblist","itemListElement":[{"@type":"ListItem","@id":"https:\/\/allasorias.hu\/hirek#listItem","position":1,"name":"Home","item":"https:\/\/allasorias.hu\/hirek","nextItem":{"@type":"ListItem","@id":"https:\/\/allasorias.hu\/hirek\/temak\/munkaeropiac\/#listItem","name":"Munkaer\u0151piac"}},{"@type":"ListItem","@id":"https:\/\/allasorias.hu\/hirek\/temak\/munkaeropiac\/#listItem","position":2,"name":"Munkaer\u0151piac","item":"https:\/\/allasorias.hu\/hirek\/temak\/munkaeropiac\/","nextItem":{"@type":"ListItem","@id":"https:\/\/allasorias.hu\/hirek\/sok-ceg-tervez-elbocsatast\/#listItem","name":"Sok c\u00e9g tervez elbocs\u00e1t\u00e1st"},"previousItem":{"@type":"ListItem","@id":"https:\/\/allasorias.hu\/hirek#listItem","name":"Home"}},{"@type":"ListItem","@id":"https:\/\/allasorias.hu\/hirek\/sok-ceg-tervez-elbocsatast\/#listItem","position":3,"name":"Sok c\u00e9g tervez elbocs\u00e1t\u00e1st","previousItem":{"@type":"ListItem","@id":"https:\/\/allasorias.hu\/hirek\/temak\/munkaeropiac\/#listItem","name":"Munkaer\u0151piac"}}]},{"@type":"Organization","@id":"https:\/\/allasorias.hu\/hirek\/#organization","name":"AllasOrias.hu | H\u00edrek-lapszemle","description":"\u00dczleti h\u00edrek az \u00e1ll\u00e1s \u00e9s a munka vil\u00e1g\u00e1b\u00f3l","url":"https:\/\/allasorias.hu\/hirek\/","logo":{"@type":"ImageObject","url":"https:\/\/allasorias.hu\/hirek\/wp-content\/uploads\/2022\/10\/allasorias_site_facebok_logo.png","@id":"https:\/\/allasorias.hu\/hirek\/sok-ceg-tervez-elbocsatast\/#organizationLogo"},"image":{"@id":"https:\/\/allasorias.hu\/hirek\/sok-ceg-tervez-elbocsatast\/#organizationLogo"},"sameAs":["https:\/\/www.facebook.com\/allasorias","https:\/\/www.linkedin.com\/company\/allasorias"]},{"@type":"Person","@id":"https:\/\/allasorias.hu\/hirek\/author\/admin-allasorias\/#author","url":"https:\/\/allasorias.hu\/hirek\/author\/admin-allasorias\/","name":"Juh\u00e1sz P\u00e9ter","image":{"@type":"ImageObject","@id":"https:\/\/allasorias.hu\/hirek\/sok-ceg-tervez-elbocsatast\/#authorImage","url":"https:\/\/secure.gravatar.com\/avatar\/36e6bcb83148978b992977cb0f54d22feb0cce8a0a849a9410532bb2623ba4c6?s=96&d=mm&r=g","width":96,"height":96,"caption":"Juh\u00e1sz P\u00e9ter"}},{"@type":"WebPage","@id":"https:\/\/allasorias.hu\/hirek\/sok-ceg-tervez-elbocsatast\/#webpage","url":"https:\/\/allasorias.hu\/hirek\/sok-ceg-tervez-elbocsatast\/","name":"Sok c\u00e9g tervez elbocs\u00e1t\u00e1st | AllasOrias.hu | H\u00edrek-lapszemle","description":"A k\u00f6vetkez\u0151 negyed\u00e9vben a hazai munk\u00e1ltat\u00f3k 20 sz\u00e1zal\u00e9ka jelez el\u0151re b\u0151v\u00edt\u00e9st, mik\u00f6zben 26 sz\u00e1zal\u00e9kuk tervezi cs\u00f6kkenteni jelenlegi munkaer\u0151-\u00e1llom\u00e1ny\u00e1t. A legnagyobb m\u00e9rt\u00e9k\u0171 le\u00e9p\u00edt\u00e9sek a legfejlettebb r\u00e9gi\u00f3kban: Budapesten \u00e9s a Nyugat-Dun\u00e1nt\u00falon v\u00e1rhat\u00f3k \u2013 der\u00fcl ki a ManpowerGroup Munkaer\u0151piaci El\u0151rejelz\u00e9s\u00e9b\u0151l. A ManpowerGroup a vil\u00e1g 41 orsz\u00e1g\u00e1ban, \u00f6sszesen t\u00f6bb mint 40 ezer munk\u00e1ltat\u00f3 k\u00f6r\u00e9ben folytatta le negyed\u00e9ves felm\u00e9r\u00e9s\u00e9t, amelynek","inLanguage":"hu-HU","isPartOf":{"@id":"https:\/\/allasorias.hu\/hirek\/#website"},"breadcrumb":{"@id":"https:\/\/allasorias.hu\/hirek\/sok-ceg-tervez-elbocsatast\/#breadcrumblist"},"author":{"@id":"https:\/\/allasorias.hu\/hirek\/author\/admin-allasorias\/#author"},"creator":{"@id":"https:\/\/allasorias.hu\/hirek\/author\/admin-allasorias\/#author"},"image":{"@type":"ImageObject","url":"https:\/\/allasorias.hu\/hirek\/wp-content\/uploads\/2021\/04\/unemployed-tired-stressed-businessman-sitting-walkway-after-work.jpg","@id":"https:\/\/allasorias.hu\/hirek\/sok-ceg-tervez-elbocsatast\/#mainImage","width":1920,"height":1280,"caption":"Unemployed Tired or stressed businessman sitting on the walkway after work Stressed businessman concept"},"primaryImageOfPage":{"@id":"https:\/\/allasorias.hu\/hirek\/sok-ceg-tervez-elbocsatast\/#mainImage"},"datePublished":"2022-09-15T06:17:28+02:00","dateModified":"2022-09-15T06:17:28+02:00"},{"@type":"WebSite","@id":"https:\/\/allasorias.hu\/hirek\/#website","url":"https:\/\/allasorias.hu\/hirek\/","name":"AllasOrias.hu | H\u00edrek-lapszemle","description":"\u00dczleti h\u00edrek az \u00e1ll\u00e1s \u00e9s a munka vil\u00e1g\u00e1b\u00f3l","inLanguage":"hu-HU","publisher":{"@id":"https:\/\/allasorias.hu\/hirek\/#organization"}}]},"og:locale":"hu_HU","og:site_name":"AllasOrias.hu | H\u00edrek-lapszemle | \u00dczleti h\u00edrek az \u00e1ll\u00e1s \u00e9s a munka vil\u00e1g\u00e1b\u00f3l","og:type":"article","og:title":"Sok c\u00e9g tervez elbocs\u00e1t\u00e1st | AllasOrias.hu | H\u00edrek-lapszemle","og:description":"A k\u00f6vetkez\u0151 negyed\u00e9vben a hazai munk\u00e1ltat\u00f3k 20 sz\u00e1zal\u00e9ka jelez el\u0151re b\u0151v\u00edt\u00e9st, mik\u00f6zben 26 sz\u00e1zal\u00e9kuk tervezi cs\u00f6kkenteni jelenlegi munkaer\u0151-\u00e1llom\u00e1ny\u00e1t. A legnagyobb m\u00e9rt\u00e9k\u0171 le\u00e9p\u00edt\u00e9sek a legfejlettebb r\u00e9gi\u00f3kban: Budapesten \u00e9s a Nyugat-Dun\u00e1nt\u00falon v\u00e1rhat\u00f3k \u2013 der\u00fcl ki a ManpowerGroup Munkaer\u0151piaci El\u0151rejelz\u00e9s\u00e9b\u0151l. A ManpowerGroup a vil\u00e1g 41 orsz\u00e1g\u00e1ban, \u00f6sszesen t\u00f6bb mint 40 ezer munk\u00e1ltat\u00f3 k\u00f6r\u00e9ben folytatta le negyed\u00e9ves felm\u00e9r\u00e9s\u00e9t, amelynek","og:url":"https:\/\/allasorias.hu\/hirek\/sok-ceg-tervez-elbocsatast\/","og:image":"https:\/\/allasorias.hu\/hirek\/wp-content\/uploads\/2021\/04\/unemployed-tired-stressed-businessman-sitting-walkway-after-work.jpg","og:image:secure_url":"https:\/\/allasorias.hu\/hirek\/wp-content\/uploads\/2021\/04\/unemployed-tired-stressed-businessman-sitting-walkway-after-work.jpg","og:image:width":1920,"og:image:height":1280,"article:published_time":"2022-09-15T06:17:28+00:00","article:modified_time":"2022-09-15T06:17:28+00:00","article:publisher":"https:\/\/www.facebook.com\/allasorias","twitter:card":"summary_large_image","twitter:title":"Sok c\u00e9g tervez elbocs\u00e1t\u00e1st | AllasOrias.hu | H\u00edrek-lapszemle","twitter:description":"A k\u00f6vetkez\u0151 negyed\u00e9vben a hazai munk\u00e1ltat\u00f3k 20 sz\u00e1zal\u00e9ka jelez el\u0151re b\u0151v\u00edt\u00e9st, mik\u00f6zben 26 sz\u00e1zal\u00e9kuk tervezi cs\u00f6kkenteni jelenlegi munkaer\u0151-\u00e1llom\u00e1ny\u00e1t. A legnagyobb m\u00e9rt\u00e9k\u0171 le\u00e9p\u00edt\u00e9sek a legfejlettebb r\u00e9gi\u00f3kban: Budapesten \u00e9s a Nyugat-Dun\u00e1nt\u00falon v\u00e1rhat\u00f3k \u2013 der\u00fcl ki a ManpowerGroup Munkaer\u0151piaci El\u0151rejelz\u00e9s\u00e9b\u0151l. A ManpowerGroup a vil\u00e1g 41 orsz\u00e1g\u00e1ban, \u00f6sszesen t\u00f6bb mint 40 ezer munk\u00e1ltat\u00f3 k\u00f6r\u00e9ben folytatta le negyed\u00e9ves felm\u00e9r\u00e9s\u00e9t, amelynek","twitter:image":"https:\/\/allasorias.hu\/hirek\/wp-content\/uploads\/2021\/04\/unemployed-tired-stressed-businessman-sitting-walkway-after-work.jpg","twitter:label1":"Written by","twitter:data1":"Juh\u00e1sz P\u00e9ter","twitter:label2":"Est. reading time","twitter:data2":"4 minutes"},"aioseo_meta_data":{"post_id":"5793","title":null,"description":null,"keywords":[],"keyphrases":{"focus":{"keyphrase":"","score":0,"analysis":{"keyphraseInTitle":{"score":0,"maxScore":9,"error":1}}},"additional":[]},"primary_term":null,"canonical_url":null,"og_title":null,"og_description":null,"og_object_type":"default","og_image_type":"default","og_image_url":null,"og_image_width":null,"og_image_height":null,"og_image_custom_url":null,"og_image_custom_fields":null,"og_video":"","og_custom_url":null,"og_article_section":null,"og_article_tags":[],"twitter_use_og":false,"twitter_card":"default","twitter_image_type":"default","twitter_image_url":null,"twitter_image_custom_url":null,"twitter_image_custom_fields":null,"twitter_title":null,"twitter_description":null,"schema":{"blockGraphs":[],"customGraphs":[],"default":{"data":{"Article":[],"Course":[],"Dataset":[],"FAQPage":[],"Movie":[],"Person":[],"Product":[],"ProductReview":[],"Car":[],"Recipe":[],"Service":[],"SoftwareApplication":[],"WebPage":[]},"graphName":"","isEnabled":true},"graphs":[],"defaultGraph":"Article","defaultPostTypeGraph":""},"schema_type":"default","schema_type_options":"{\"article\":{\"articleType\":\"BlogPosting\"},\"course\":{\"name\":\"\",\"description\":\"\",\"provider\":\"\"},\"faq\":{\"pages\":[]},\"product\":{\"reviews\":[]},\"recipe\":{\"ingredients\":[],\"instructions\":[],\"keywords\":[]},\"software\":{\"reviews\":[],\"operatingSystems\":[]},\"webPage\":{\"webPageType\":\"WebPage\"}}","pillar_content":false,"robots_default":true,"robots_noindex":false,"robots_noarchive":false,"robots_nosnippet":false,"robots_nofollow":false,"robots_noimageindex":false,"robots_noodp":false,"robots_notranslate":false,"robots_max_snippet":"-1","robots_max_videopreview":"-1","robots_max_imagepreview":"large","priority":null,"frequency":"default","location":null,"local_seo":null,"breadcrumb_settings":null,"limit_modified_date":false,"ai":null,"created":"2022-09-15 06:14:32","updated":"2025-10-02 17:12:47","seo_analyzer_scan_date":null,"focus_keyword":null,"additional_keywords":null,"truseo_locale":null},"aioseo_breadcrumb":"<div class=\"aioseo-breadcrumbs\"><span class=\"aioseo-breadcrumb\">\n\t\t\t<a href=\"https:\/\/allasorias.hu\/hirek\" title=\"Home\">Home<\/a>\n\t\t<\/span><span class=\"aioseo-breadcrumb-separator\">&raquo;<\/span><span class=\"aioseo-breadcrumb\">\n\t\t\t<a href=\"https:\/\/allasorias.hu\/hirek\/temak\/munkaeropiac\/\" title=\"Munkaer\u0151piac\">Munkaer\u0151piac<\/a>\n\t\t<\/span><span class=\"aioseo-breadcrumb-separator\">&raquo;<\/span><span class=\"aioseo-breadcrumb\">\n\t\t\tSok c\u00e9g tervez elbocs\u00e1t\u00e1st\n\t\t<\/span><\/div>","aioseo_breadcrumb_json":[{"label":"Home","link":"https:\/\/allasorias.hu\/hirek"},{"label":"Munkaer\u0151piac","link":"https:\/\/allasorias.hu\/hirek\/temak\/munkaeropiac\/"},{"label":"Sok c\u00e9g tervez elbocs\u00e1t\u00e1st","link":"https:\/\/allasorias.hu\/hirek\/sok-ceg-tervez-elbocsatast\/"}],"_links":{"self":[{"href":"https:\/\/allasorias.hu\/hirek\/wp-json\/wp\/v2\/posts\/5793","targetHints":{"allow":["GET"]}}],"collection":[{"href":"https:\/\/allasorias.hu\/hirek\/wp-json\/wp\/v2\/posts"}],"about":[{"href":"https:\/\/allasorias.hu\/hirek\/wp-json\/wp\/v2\/types\/post"}],"author":[{"embeddable":true,"href":"https:\/\/allasorias.hu\/hirek\/wp-json\/wp\/v2\/users\/1"}],"replies":[{"embeddable":true,"href":"https:\/\/allasorias.hu\/hirek\/wp-json\/wp\/v2\/comments?post=5793"}],"version-history":[{"count":1,"href":"https:\/\/allasorias.hu\/hirek\/wp-json\/wp\/v2\/posts\/5793\/revisions"}],"predecessor-version":[{"id":5794,"href":"https:\/\/allasorias.hu\/hirek\/wp-json\/wp\/v2\/posts\/5793\/revisions\/5794"}],"wp:featuredmedia":[{"embeddable":true,"href":"https:\/\/allasorias.hu\/hirek\/wp-json\/wp\/v2\/media\/4715"}],"wp:attachment":[{"href":"https:\/\/allasorias.hu\/hirek\/wp-json\/wp\/v2\/media?parent=5793"}],"wp:term":[{"taxonomy":"category","embeddable":true,"href":"https:\/\/allasorias.hu\/hirek\/wp-json\/wp\/v2\/categories?post=5793"},{"taxonomy":"post_tag","embeddable":true,"href":"https:\/\/allasorias.hu\/hirek\/wp-json\/wp\/v2\/tags?post=5793"}],"curies":[{"name":"wp","href":"https:\/\/api.w.org\/{rel}","templated":true}]}}