{"id":5790,"date":"2022-09-14T08:05:48","date_gmt":"2022-09-14T08:05:48","guid":{"rendered":"https:\/\/allasorias.hu\/hirek\/?p=5790"},"modified":"2022-09-14T08:05:48","modified_gmt":"2022-09-14T08:05:48","slug":"szukseg-van-a-megvaltozott-munkakepessegu-munkaerore","status":"publish","type":"post","link":"https:\/\/allasorias.hu\/hirek\/szukseg-van-a-megvaltozott-munkakepessegu-munkaerore\/","title":{"rendered":"Sz\u00fcks\u00e9g van a megv\u00e1ltozott munkak\u00e9pess\u00e9g\u0171 munkaer\u0151re"},"content":{"rendered":"<p>Rengeteg a kiakn\u00e1zatlan munkaer\u0151piaci potenci\u00e1l a magyarorsz\u00e1gi megv\u00e1ltozott munkak\u00e9pess\u00e9g\u0171 emberek foglalkoztat\u00e1s\u00e1ban. A megv\u00e1ltozott munkak\u00e9pess\u00e9g\u0171 emberek foglalkoztatotts\u00e1ga az elm\u00falt \u00e9vekben egyre kedvez\u0151bben alakult, de az adatokb\u00f3l l\u00e1tszik, hogy a c\u00e9gek tov\u00e1bbra sem haszn\u00e1lj\u00e1k ki a munkaer\u0151piaci csoport ny\u00fajtotta lehet\u0151s\u00e9geket adekv\u00e1t m\u00e9rt\u00e9kben.<\/p>\n<p>A tapasztalat hi\u00e1nya visszatart\u00f3 er\u0151 lehet a megv\u00e1ltozott munkak\u00e9pess\u00e9g\u0171 emberek foglalkoztat\u00e1s\u00e1t \u00e9s munkav\u00e1llal\u00e1s\u00e1t illet\u0151en mindk\u00e9t f\u00e9l sz\u00e1m\u00e1ra. Felmer\u00fclhetnek munk\u00e1ltat\u00f3i \u00e9s dolgoz\u00f3i oldalon is felt\u00e1ratlan ig\u00e9nyek, k\u00e9rd\u00e9sek, amelyek miatt gyakran nem mernek nyitni a megv\u00e1ltozott munkak\u00e9pess\u00e9g\u0171 emberek fel\u00e9 a v\u00e1llalatok, el\u0151bbiek pedig sok esetben f\u00e9lnek bel\u00e9pni a munkaer\u0151piacra. Azok a munkaad\u00f3k, akik viszont alkalmaznak megv\u00e1ltozott munkak\u00e9pess\u00e9g\u0171 dolgoz\u00f3t, t\u00falnyom\u00f3r\u00e9szt pozit\u00edv tapasztalatokr\u00f3l sz\u00e1moltak be: a megk\u00e9rdezett, s\u00e9r\u00fclt embereket foglalkoztat\u00f3 v\u00e1llalatok k\u00e9tharmada kifejezetten pozit\u00edvan nyilatkozott a k\u00f6z\u00f6s munk\u00e1r\u00f3l, 31 sz\u00e1zal\u00e9kuk nem tapasztalt k\u00fcl\u00f6nbs\u00e9get az \u00e9p munkat\u00e1rsakhoz k\u00e9pest, negat\u00edv tapasztalata a munk\u00e1ltat\u00f3k mind\u00f6ssze 1 sz\u00e1zal\u00e9k\u00e1nak volt \u2013 der\u00fclt ki egy \u00e1ll\u00e1sport\u00e1l \u00e1ltal v\u00e9gzett\u00a0 kutat\u00e1sb\u00f3l. Azokn\u00e1l a v\u00e1llalatokn\u00e1l, akik nem alkalmaznak megv\u00e1ltozott munkak\u00e9pess\u00e9g\u0171 szem\u00e9lyt, az esetek fel\u00e9ben sz\u00f3ba sem ker\u00fclt ez a lehet\u0151s\u00e9g, pedig a jelenlegi munkaer\u0151piaci helyzetben k\u00fcl\u00f6n\u00f6sen fontos t\u00e9nyez\u0151 a munkaer\u0151piaci csoportban rejl\u0151 potenci\u00e1l kiakn\u00e1z\u00e1sa. Azok a magyarorsz\u00e1gi c\u00e9gek, akik alkalmaznak megv\u00e1ltozott munkak\u00e9pess\u00e9g\u0171 munkaer\u0151t, 39 sz\u00e1zal\u00e9kban a rehabilit\u00e1ci\u00f3s hozz\u00e1j\u00e1rul\u00e1s fizet\u00e9se al\u00f3li mentess\u00e9get \u00e9s az egy\u00e9b gazdas\u00e1gi el\u0151ny\u00f6ket eml\u00edtett\u00e9k motiv\u00e1ci\u00f3k\u00e9nt. A c\u00e9gek 25 sz\u00e1zal\u00e9k\u00e1n\u00e1l j\u00e1tszott k\u00f6zre szem\u00e9lyes \u00e9rintetts\u00e9g, 19 sz\u00e1zal\u00e9kukn\u00e1l t\u00e1rsadalmi felel\u0151ss\u00e9gv\u00e1llal\u00e1si szempontok, m\u00edg 7 sz\u00e1zal\u00e9kukat \u00f6szt\u00f6n\u00f6zte m\u00e1s c\u00e9gn\u00e9l l\u00e1tott j\u00f3 gyakorlat. Az esetek t\u00f6bb, mint fel\u00e9ben a jelentkez\u0151 s\u00e9r\u00fclt munkav\u00e1llal\u00f3 teljesen alkalmasnak bizonyult az adott munkak\u00f6r bet\u00f6lt\u00e9s\u00e9re, ez\u00e9rt d\u00f6nt\u00f6ttek az alkalmaz\u00e1sa mellet.\u00a0 \u201eAz \u00e9rkez\u0151 megv\u00e1ltozott munkak\u00e9pess\u00e9g\u0171 koll\u00e9ga beilleszked\u00e9se nemcsak a munkafolyamatok szempontj\u00e1b\u00f3l fontos, hanem a munkahelyi k\u00f6z\u00f6ss\u00e9gre is jelent\u0151s hat\u00e1ssal lehet. A tapasztalatok ebben az esetben is el\u0151remutat\u00f3ak: a felm\u00e9r\u00e9sben megk\u00e9rdezett v\u00e1llalatok fele nyilatkozta, hogy az \u00faj koll\u00e9ga z\u00f6kken\u0151mentesen illeszkedett be a munkahelyi csapatba, 46 sz\u00e1zal\u00e9k k\u00f6z\u00f6lte, hogy a folyamat sor\u00e1n nem is szorult k\u00fcl\u00f6n\u00f6sebb seg\u00edts\u00e9gre a bel\u00e9p\u0151. 13 sz\u00e1zal\u00e9kukn\u00e1l fordultak el\u0151 kih\u00edv\u00e1sok, amiket siker\u00fclt \u00e1thidalniuk, megoldhatatlan probl\u00e9m\u00e1kr\u00f3l pedig a munk\u00e1ltat\u00f3k mind\u00f6ssze 2 sz\u00e1zal\u00e9ka sz\u00e1molt be\u201d \u2013 mondta Dencs\u0151 Blanka a Profession.hu piackutat\u00e1si \u00e9s \u00fczletfejleszt\u00e9si szak\u00e9rt\u0151je. A bel\u00e9p\u00e9s ut\u00e1n az esetek t\u00f6bb, mint fel\u00e9ben a megv\u00e1ltozott munkak\u00e9pess\u00e9g\u0171 koll\u00e9ga id\u0151vel egyre otthonosabban mozgott a munkak\u00f6r\u00e9ben \u00e9s \u00f6n\u00e1ll\u00f3sodott, az esetek harmad\u00e1ban pedig a kezdeti z\u00e1rk\u00f3zotts\u00e1g ut\u00e1n nyitottabb\u00e1 v\u00e1lt a k\u00f6z\u00f6ss\u00e9g fel\u00e9. A munkahelyi k\u00f6z\u00f6ss\u00e9gek \u00e1ltal\u00e1ban j\u00f3l reag\u00e1ltak az \u00fajonnan \u00e9rkez\u0151 munkav\u00e1llal\u00f3ra: a megk\u00e9rdezett munkaad\u00f3k 46 sz\u00e1zal\u00e9ka monda, hogy a koll\u00e9g\u00e1k nemcsak az \u00faj koll\u00e9ga, hanem m\u00e1s fogyat\u00e9kos emberek ir\u00e1ny\u00e1ba is nyitottabbak lettek a tapasztalatok hat\u00e1s\u00e1ra. Megv\u00e1ltozott munkak\u00e9pess\u00e9g\u0171 emberek ny\u00edlt munkaer\u0151piaci integr\u00e1ci\u00f3j\u00e1nak seg\u00edt\u00e9s\u00e9vel sz\u00e1mos civil szervezet, alap\u00edtv\u00e1ny foglalkozik Magyarorsz\u00e1gon, ezzel a lehet\u0151s\u00e9ggel viszont csak kev\u00e9s v\u00e1llalat \u00e9lt: a s\u00e9r\u00fclt munkav\u00e1llal\u00f3kat alkalmaz\u00f3 hazai v\u00e1llalatoknak mind\u00f6ssze 7 sz\u00e1zal\u00e9ka vette ig\u00e9nybe civil szervezet seg\u00edts\u00e9g\u00e9t. \u201eA megv\u00e1ltozott munkak\u00e9pess\u00e9g\u0171 emberek hat\u00e9kony integr\u00e1ci\u00f3ja sor\u00e1n gyakran mer\u00fclnek fel k\u00e9rd\u00e9sek \u00e9s k\u00fcl\u00f6nleges ig\u00e9nyek mindk\u00e9t f\u00e9l r\u00e9sz\u00e9r\u0151l. Ilyen esetekben gyakran j\u00f3l j\u00f6het egy, a ter\u00fcleten jelent\u0151s tapasztalattal rendelkez\u0151 alap\u00edtv\u00e1ny, amely ismeri mindk\u00e9t f\u00e9l lehets\u00e9ges sz\u00fcks\u00e9gleteit.<\/p>\n<p>Forr\u00e1s: profitline.hu<\/p>\n","protected":false},"excerpt":{"rendered":"<p>Rengeteg a kiakn\u00e1zatlan munkaer\u0151piaci potenci\u00e1l a magyarorsz\u00e1gi megv\u00e1ltozott munkak\u00e9pess\u00e9g\u0171 emberek foglalkoztat\u00e1s\u00e1ban. A megv\u00e1ltozott munkak\u00e9pess\u00e9g\u0171 emberek foglalkoztatotts\u00e1ga az elm\u00falt \u00e9vekben egyre kedvez\u0151bben alakult, de az adatokb\u00f3l l\u00e1tszik, hogy a c\u00e9gek tov\u00e1bbra sem haszn\u00e1lj\u00e1k ki a munkaer\u0151piaci csoport ny\u00fajtotta lehet\u0151s\u00e9geket adekv\u00e1t m\u00e9rt\u00e9kben. A tapasztalat hi\u00e1nya visszatart\u00f3 er\u0151 lehet a megv\u00e1ltozott munkak\u00e9pess\u00e9g\u0171 emberek foglalkoztat\u00e1s\u00e1t \u00e9s munkav\u00e1llal\u00e1s\u00e1t illet\u0151en mindk\u00e9t [&hellip;]<\/p>\n","protected":false},"author":1,"featured_media":5791,"comment_status":"open","ping_status":"open","sticky":false,"template":"","format":"standard","meta":{"_monsterinsights_skip_tracking":false,"footnotes":""},"categories":[200],"tags":[],"class_list":["post-5790","post","type-post","status-publish","format-standard","has-post-thumbnail","hentry","category-munkaeropiac"],"aioseo_notices":[],"aioseo_head":"\n\t\t<!-- All in One SEO 5.0.0.1 - aioseo.com -->\n\t<meta name=\"description\" content=\"Rengeteg a kiakn\u00e1zatlan munkaer\u0151piaci potenci\u00e1l a magyarorsz\u00e1gi megv\u00e1ltozott munkak\u00e9pess\u00e9g\u0171 emberek foglalkoztat\u00e1s\u00e1ban. A megv\u00e1ltozott munkak\u00e9pess\u00e9g\u0171 emberek foglalkoztatotts\u00e1ga az elm\u00falt \u00e9vekben egyre kedvez\u0151bben alakult, de az adatokb\u00f3l l\u00e1tszik, hogy a c\u00e9gek tov\u00e1bbra sem haszn\u00e1lj\u00e1k ki a munkaer\u0151piaci csoport ny\u00fajtotta lehet\u0151s\u00e9geket adekv\u00e1t m\u00e9rt\u00e9kben. A tapasztalat hi\u00e1nya visszatart\u00f3 er\u0151 lehet a megv\u00e1ltozott munkak\u00e9pess\u00e9g\u0171 emberek foglalkoztat\u00e1s\u00e1t \u00e9s munkav\u00e1llal\u00e1s\u00e1t illet\u0151en mindk\u00e9t\" \/>\n\t<meta name=\"robots\" content=\"max-image-preview:large\" \/>\n\t<meta name=\"author\" content=\"Juh\u00e1sz P\u00e9ter\"\/>\n\t<link rel=\"canonical\" href=\"https:\/\/allasorias.hu\/hirek\/szukseg-van-a-megvaltozott-munkakepessegu-munkaerore\/\" \/>\n\t<meta name=\"generator\" content=\"All in One SEO (AIOSEO) 5.0.0.1\" \/>\n\t\t<meta property=\"og:locale\" content=\"hu_HU\" \/>\n\t\t<meta property=\"og:site_name\" content=\"AllasOrias.hu | H\u00edrek-lapszemle | \u00dczleti h\u00edrek az \u00e1ll\u00e1s \u00e9s a munka vil\u00e1g\u00e1b\u00f3l\" \/>\n\t\t<meta property=\"og:type\" content=\"article\" \/>\n\t\t<meta property=\"og:title\" content=\"Sz\u00fcks\u00e9g van a megv\u00e1ltozott munkak\u00e9pess\u00e9g\u0171 munkaer\u0151re | AllasOrias.hu | H\u00edrek-lapszemle\" \/>\n\t\t<meta property=\"og:description\" content=\"Rengeteg a kiakn\u00e1zatlan munkaer\u0151piaci potenci\u00e1l a magyarorsz\u00e1gi megv\u00e1ltozott munkak\u00e9pess\u00e9g\u0171 emberek foglalkoztat\u00e1s\u00e1ban. A megv\u00e1ltozott munkak\u00e9pess\u00e9g\u0171 emberek foglalkoztatotts\u00e1ga az elm\u00falt \u00e9vekben egyre kedvez\u0151bben alakult, de az adatokb\u00f3l l\u00e1tszik, hogy a c\u00e9gek tov\u00e1bbra sem haszn\u00e1lj\u00e1k ki a munkaer\u0151piaci csoport ny\u00fajtotta lehet\u0151s\u00e9geket adekv\u00e1t m\u00e9rt\u00e9kben. A tapasztalat hi\u00e1nya visszatart\u00f3 er\u0151 lehet a megv\u00e1ltozott munkak\u00e9pess\u00e9g\u0171 emberek foglalkoztat\u00e1s\u00e1t \u00e9s munkav\u00e1llal\u00e1s\u00e1t illet\u0151en mindk\u00e9t\" \/>\n\t\t<meta property=\"og:url\" content=\"https:\/\/allasorias.hu\/hirek\/szukseg-van-a-megvaltozott-munkakepessegu-munkaerore\/\" \/>\n\t\t<meta property=\"og:image\" content=\"https:\/\/allasorias.hu\/hirek\/wp-content\/uploads\/2022\/09\/portrait-confident-young-businesswoman-sitting-wheelchair-using-laptop-office.jpg\" \/>\n\t\t<meta property=\"og:image:secure_url\" content=\"https:\/\/allasorias.hu\/hirek\/wp-content\/uploads\/2022\/09\/portrait-confident-young-businesswoman-sitting-wheelchair-using-laptop-office.jpg\" \/>\n\t\t<meta property=\"og:image:width\" content=\"1920\" \/>\n\t\t<meta property=\"og:image:height\" content=\"1281\" \/>\n\t\t<meta property=\"article:published_time\" content=\"2022-09-14T08:05:48+00:00\" \/>\n\t\t<meta property=\"article:modified_time\" content=\"2022-09-14T08:05:48+00:00\" \/>\n\t\t<meta property=\"article:publisher\" content=\"https:\/\/www.facebook.com\/allasorias\" \/>\n\t\t<meta name=\"twitter:card\" content=\"summary_large_image\" \/>\n\t\t<meta name=\"twitter:title\" content=\"Sz\u00fcks\u00e9g van a megv\u00e1ltozott munkak\u00e9pess\u00e9g\u0171 munkaer\u0151re | AllasOrias.hu | H\u00edrek-lapszemle\" \/>\n\t\t<meta name=\"twitter:description\" content=\"Rengeteg a kiakn\u00e1zatlan munkaer\u0151piaci potenci\u00e1l a magyarorsz\u00e1gi megv\u00e1ltozott munkak\u00e9pess\u00e9g\u0171 emberek foglalkoztat\u00e1s\u00e1ban. A megv\u00e1ltozott munkak\u00e9pess\u00e9g\u0171 emberek foglalkoztatotts\u00e1ga az elm\u00falt \u00e9vekben egyre kedvez\u0151bben alakult, de az adatokb\u00f3l l\u00e1tszik, hogy a c\u00e9gek tov\u00e1bbra sem haszn\u00e1lj\u00e1k ki a munkaer\u0151piaci csoport ny\u00fajtotta lehet\u0151s\u00e9geket adekv\u00e1t m\u00e9rt\u00e9kben. A tapasztalat hi\u00e1nya visszatart\u00f3 er\u0151 lehet a megv\u00e1ltozott munkak\u00e9pess\u00e9g\u0171 emberek foglalkoztat\u00e1s\u00e1t \u00e9s munkav\u00e1llal\u00e1s\u00e1t illet\u0151en mindk\u00e9t\" \/>\n\t\t<meta name=\"twitter:image\" content=\"https:\/\/allasorias.hu\/hirek\/wp-content\/uploads\/2022\/09\/portrait-confident-young-businesswoman-sitting-wheelchair-using-laptop-office.jpg\" \/>\n\t\t<meta name=\"twitter:label1\" content=\"Written by\" \/>\n\t\t<meta name=\"twitter:data1\" content=\"Juh\u00e1sz P\u00e9ter\" \/>\n\t\t<meta name=\"twitter:label2\" content=\"Est. reading time\" \/>\n\t\t<meta name=\"twitter:data2\" content=\"4 minutes\" \/>\n\t\t<script type=\"application\/ld+json\" class=\"aioseo-schema\">\n\t\t\t{\"@context\":\"https:\\\/\\\/schema.org\",\"@graph\":[{\"@type\":\"Article\",\"@id\":\"https:\\\/\\\/allasorias.hu\\\/hirek\\\/szukseg-van-a-megvaltozott-munkakepessegu-munkaerore\\\/#article\",\"name\":\"Sz\\u00fcks\\u00e9g van a megv\\u00e1ltozott munkak\\u00e9pess\\u00e9g\\u0171 munkaer\\u0151re | AllasOrias.hu | H\\u00edrek-lapszemle\",\"headline\":\"Sz\\u00fcks\\u00e9g van a megv\\u00e1ltozott munkak\\u00e9pess\\u00e9g\\u0171 munkaer\\u0151re\",\"author\":{\"@id\":\"https:\\\/\\\/allasorias.hu\\\/hirek\\\/author\\\/admin-allasorias\\\/#author\"},\"publisher\":{\"@id\":\"https:\\\/\\\/allasorias.hu\\\/hirek\\\/#organization\"},\"image\":{\"@type\":\"ImageObject\",\"url\":\"https:\\\/\\\/allasorias.hu\\\/hirek\\\/wp-content\\\/uploads\\\/2022\\\/09\\\/portrait-confident-young-businesswoman-sitting-wheelchair-using-laptop-office.jpg\",\"width\":1920,\"height\":1281},\"datePublished\":\"2022-09-14T08:05:48+02:00\",\"dateModified\":\"2022-09-14T08:05:48+02:00\",\"inLanguage\":\"hu-HU\",\"mainEntityOfPage\":{\"@id\":\"https:\\\/\\\/allasorias.hu\\\/hirek\\\/szukseg-van-a-megvaltozott-munkakepessegu-munkaerore\\\/#webpage\"},\"isPartOf\":{\"@id\":\"https:\\\/\\\/allasorias.hu\\\/hirek\\\/szukseg-van-a-megvaltozott-munkakepessegu-munkaerore\\\/#webpage\"},\"articleSection\":\"Munkaer\\u0151piac\"},{\"@type\":\"BreadcrumbList\",\"@id\":\"https:\\\/\\\/allasorias.hu\\\/hirek\\\/szukseg-van-a-megvaltozott-munkakepessegu-munkaerore\\\/#breadcrumblist\",\"itemListElement\":[{\"@type\":\"ListItem\",\"@id\":\"https:\\\/\\\/allasorias.hu\\\/hirek#listItem\",\"position\":1,\"name\":\"Home\",\"item\":\"https:\\\/\\\/allasorias.hu\\\/hirek\",\"nextItem\":{\"@type\":\"ListItem\",\"@id\":\"https:\\\/\\\/allasorias.hu\\\/hirek\\\/temak\\\/munkaeropiac\\\/#listItem\",\"name\":\"Munkaer\\u0151piac\"}},{\"@type\":\"ListItem\",\"@id\":\"https:\\\/\\\/allasorias.hu\\\/hirek\\\/temak\\\/munkaeropiac\\\/#listItem\",\"position\":2,\"name\":\"Munkaer\\u0151piac\",\"item\":\"https:\\\/\\\/allasorias.hu\\\/hirek\\\/temak\\\/munkaeropiac\\\/\",\"nextItem\":{\"@type\":\"ListItem\",\"@id\":\"https:\\\/\\\/allasorias.hu\\\/hirek\\\/szukseg-van-a-megvaltozott-munkakepessegu-munkaerore\\\/#listItem\",\"name\":\"Sz\\u00fcks\\u00e9g van a megv\\u00e1ltozott munkak\\u00e9pess\\u00e9g\\u0171 munkaer\\u0151re\"},\"previousItem\":{\"@type\":\"ListItem\",\"@id\":\"https:\\\/\\\/allasorias.hu\\\/hirek#listItem\",\"name\":\"Home\"}},{\"@type\":\"ListItem\",\"@id\":\"https:\\\/\\\/allasorias.hu\\\/hirek\\\/szukseg-van-a-megvaltozott-munkakepessegu-munkaerore\\\/#listItem\",\"position\":3,\"name\":\"Sz\\u00fcks\\u00e9g van a megv\\u00e1ltozott munkak\\u00e9pess\\u00e9g\\u0171 munkaer\\u0151re\",\"previousItem\":{\"@type\":\"ListItem\",\"@id\":\"https:\\\/\\\/allasorias.hu\\\/hirek\\\/temak\\\/munkaeropiac\\\/#listItem\",\"name\":\"Munkaer\\u0151piac\"}}]},{\"@type\":\"Organization\",\"@id\":\"https:\\\/\\\/allasorias.hu\\\/hirek\\\/#organization\",\"name\":\"AllasOrias.hu | H\\u00edrek-lapszemle\",\"description\":\"\\u00dczleti h\\u00edrek az \\u00e1ll\\u00e1s \\u00e9s a munka vil\\u00e1g\\u00e1b\\u00f3l\",\"url\":\"https:\\\/\\\/allasorias.hu\\\/hirek\\\/\",\"logo\":{\"@type\":\"ImageObject\",\"url\":\"https:\\\/\\\/allasorias.hu\\\/hirek\\\/wp-content\\\/uploads\\\/2022\\\/10\\\/allasorias_site_facebok_logo.png\",\"@id\":\"https:\\\/\\\/allasorias.hu\\\/hirek\\\/szukseg-van-a-megvaltozott-munkakepessegu-munkaerore\\\/#organizationLogo\"},\"image\":{\"@id\":\"https:\\\/\\\/allasorias.hu\\\/hirek\\\/szukseg-van-a-megvaltozott-munkakepessegu-munkaerore\\\/#organizationLogo\"},\"sameAs\":[\"https:\\\/\\\/www.facebook.com\\\/allasorias\",\"https:\\\/\\\/www.linkedin.com\\\/company\\\/allasorias\"]},{\"@type\":\"Person\",\"@id\":\"https:\\\/\\\/allasorias.hu\\\/hirek\\\/author\\\/admin-allasorias\\\/#author\",\"url\":\"https:\\\/\\\/allasorias.hu\\\/hirek\\\/author\\\/admin-allasorias\\\/\",\"name\":\"Juh\\u00e1sz P\\u00e9ter\",\"image\":{\"@type\":\"ImageObject\",\"@id\":\"https:\\\/\\\/allasorias.hu\\\/hirek\\\/szukseg-van-a-megvaltozott-munkakepessegu-munkaerore\\\/#authorImage\",\"url\":\"https:\\\/\\\/secure.gravatar.com\\\/avatar\\\/36e6bcb83148978b992977cb0f54d22feb0cce8a0a849a9410532bb2623ba4c6?s=96&d=mm&r=g\",\"width\":96,\"height\":96,\"caption\":\"Juh\\u00e1sz P\\u00e9ter\"}},{\"@type\":\"WebPage\",\"@id\":\"https:\\\/\\\/allasorias.hu\\\/hirek\\\/szukseg-van-a-megvaltozott-munkakepessegu-munkaerore\\\/#webpage\",\"url\":\"https:\\\/\\\/allasorias.hu\\\/hirek\\\/szukseg-van-a-megvaltozott-munkakepessegu-munkaerore\\\/\",\"name\":\"Sz\\u00fcks\\u00e9g van a megv\\u00e1ltozott munkak\\u00e9pess\\u00e9g\\u0171 munkaer\\u0151re | AllasOrias.hu | H\\u00edrek-lapszemle\",\"description\":\"Rengeteg a kiakn\\u00e1zatlan munkaer\\u0151piaci potenci\\u00e1l a magyarorsz\\u00e1gi megv\\u00e1ltozott munkak\\u00e9pess\\u00e9g\\u0171 emberek foglalkoztat\\u00e1s\\u00e1ban. A megv\\u00e1ltozott munkak\\u00e9pess\\u00e9g\\u0171 emberek foglalkoztatotts\\u00e1ga az elm\\u00falt \\u00e9vekben egyre kedvez\\u0151bben alakult, de az adatokb\\u00f3l l\\u00e1tszik, hogy a c\\u00e9gek tov\\u00e1bbra sem haszn\\u00e1lj\\u00e1k ki a munkaer\\u0151piaci csoport ny\\u00fajtotta lehet\\u0151s\\u00e9geket adekv\\u00e1t m\\u00e9rt\\u00e9kben. A tapasztalat hi\\u00e1nya visszatart\\u00f3 er\\u0151 lehet a megv\\u00e1ltozott munkak\\u00e9pess\\u00e9g\\u0171 emberek foglalkoztat\\u00e1s\\u00e1t \\u00e9s munkav\\u00e1llal\\u00e1s\\u00e1t illet\\u0151en mindk\\u00e9t\",\"inLanguage\":\"hu-HU\",\"isPartOf\":{\"@id\":\"https:\\\/\\\/allasorias.hu\\\/hirek\\\/#website\"},\"breadcrumb\":{\"@id\":\"https:\\\/\\\/allasorias.hu\\\/hirek\\\/szukseg-van-a-megvaltozott-munkakepessegu-munkaerore\\\/#breadcrumblist\"},\"author\":{\"@id\":\"https:\\\/\\\/allasorias.hu\\\/hirek\\\/author\\\/admin-allasorias\\\/#author\"},\"creator\":{\"@id\":\"https:\\\/\\\/allasorias.hu\\\/hirek\\\/author\\\/admin-allasorias\\\/#author\"},\"image\":{\"@type\":\"ImageObject\",\"url\":\"https:\\\/\\\/allasorias.hu\\\/hirek\\\/wp-content\\\/uploads\\\/2022\\\/09\\\/portrait-confident-young-businesswoman-sitting-wheelchair-using-laptop-office.jpg\",\"@id\":\"https:\\\/\\\/allasorias.hu\\\/hirek\\\/szukseg-van-a-megvaltozott-munkakepessegu-munkaerore\\\/#mainImage\",\"width\":1920,\"height\":1281},\"primaryImageOfPage\":{\"@id\":\"https:\\\/\\\/allasorias.hu\\\/hirek\\\/szukseg-van-a-megvaltozott-munkakepessegu-munkaerore\\\/#mainImage\"},\"datePublished\":\"2022-09-14T08:05:48+02:00\",\"dateModified\":\"2022-09-14T08:05:48+02:00\"},{\"@type\":\"WebSite\",\"@id\":\"https:\\\/\\\/allasorias.hu\\\/hirek\\\/#website\",\"url\":\"https:\\\/\\\/allasorias.hu\\\/hirek\\\/\",\"name\":\"AllasOrias.hu | H\\u00edrek-lapszemle\",\"description\":\"\\u00dczleti h\\u00edrek az \\u00e1ll\\u00e1s \\u00e9s a munka vil\\u00e1g\\u00e1b\\u00f3l\",\"inLanguage\":\"hu-HU\",\"publisher\":{\"@id\":\"https:\\\/\\\/allasorias.hu\\\/hirek\\\/#organization\"}}]}\n\t\t<\/script>\n\t\t<!-- All in One SEO -->\n\n","aioseo_head_json":{"title":"Sz\u00fcks\u00e9g van a megv\u00e1ltozott munkak\u00e9pess\u00e9g\u0171 munkaer\u0151re | AllasOrias.hu | H\u00edrek-lapszemle","description":"Rengeteg a kiakn\u00e1zatlan munkaer\u0151piaci potenci\u00e1l a magyarorsz\u00e1gi megv\u00e1ltozott munkak\u00e9pess\u00e9g\u0171 emberek foglalkoztat\u00e1s\u00e1ban. A megv\u00e1ltozott munkak\u00e9pess\u00e9g\u0171 emberek foglalkoztatotts\u00e1ga az elm\u00falt \u00e9vekben egyre kedvez\u0151bben alakult, de az adatokb\u00f3l l\u00e1tszik, hogy a c\u00e9gek tov\u00e1bbra sem haszn\u00e1lj\u00e1k ki a munkaer\u0151piaci csoport ny\u00fajtotta lehet\u0151s\u00e9geket adekv\u00e1t m\u00e9rt\u00e9kben. A tapasztalat hi\u00e1nya visszatart\u00f3 er\u0151 lehet a megv\u00e1ltozott munkak\u00e9pess\u00e9g\u0171 emberek foglalkoztat\u00e1s\u00e1t \u00e9s munkav\u00e1llal\u00e1s\u00e1t illet\u0151en mindk\u00e9t","canonical_url":"https:\/\/allasorias.hu\/hirek\/szukseg-van-a-megvaltozott-munkakepessegu-munkaerore\/","robots":"max-image-preview:large","keywords":"","webmasterTools":{"miscellaneous":""},"schema":{"@context":"https:\/\/schema.org","@graph":[{"@type":"Article","@id":"https:\/\/allasorias.hu\/hirek\/szukseg-van-a-megvaltozott-munkakepessegu-munkaerore\/#article","name":"Sz\u00fcks\u00e9g van a megv\u00e1ltozott munkak\u00e9pess\u00e9g\u0171 munkaer\u0151re | AllasOrias.hu | H\u00edrek-lapszemle","headline":"Sz\u00fcks\u00e9g van a megv\u00e1ltozott munkak\u00e9pess\u00e9g\u0171 munkaer\u0151re","author":{"@id":"https:\/\/allasorias.hu\/hirek\/author\/admin-allasorias\/#author"},"publisher":{"@id":"https:\/\/allasorias.hu\/hirek\/#organization"},"image":{"@type":"ImageObject","url":"https:\/\/allasorias.hu\/hirek\/wp-content\/uploads\/2022\/09\/portrait-confident-young-businesswoman-sitting-wheelchair-using-laptop-office.jpg","width":1920,"height":1281},"datePublished":"2022-09-14T08:05:48+02:00","dateModified":"2022-09-14T08:05:48+02:00","inLanguage":"hu-HU","mainEntityOfPage":{"@id":"https:\/\/allasorias.hu\/hirek\/szukseg-van-a-megvaltozott-munkakepessegu-munkaerore\/#webpage"},"isPartOf":{"@id":"https:\/\/allasorias.hu\/hirek\/szukseg-van-a-megvaltozott-munkakepessegu-munkaerore\/#webpage"},"articleSection":"Munkaer\u0151piac"},{"@type":"BreadcrumbList","@id":"https:\/\/allasorias.hu\/hirek\/szukseg-van-a-megvaltozott-munkakepessegu-munkaerore\/#breadcrumblist","itemListElement":[{"@type":"ListItem","@id":"https:\/\/allasorias.hu\/hirek#listItem","position":1,"name":"Home","item":"https:\/\/allasorias.hu\/hirek","nextItem":{"@type":"ListItem","@id":"https:\/\/allasorias.hu\/hirek\/temak\/munkaeropiac\/#listItem","name":"Munkaer\u0151piac"}},{"@type":"ListItem","@id":"https:\/\/allasorias.hu\/hirek\/temak\/munkaeropiac\/#listItem","position":2,"name":"Munkaer\u0151piac","item":"https:\/\/allasorias.hu\/hirek\/temak\/munkaeropiac\/","nextItem":{"@type":"ListItem","@id":"https:\/\/allasorias.hu\/hirek\/szukseg-van-a-megvaltozott-munkakepessegu-munkaerore\/#listItem","name":"Sz\u00fcks\u00e9g van a megv\u00e1ltozott munkak\u00e9pess\u00e9g\u0171 munkaer\u0151re"},"previousItem":{"@type":"ListItem","@id":"https:\/\/allasorias.hu\/hirek#listItem","name":"Home"}},{"@type":"ListItem","@id":"https:\/\/allasorias.hu\/hirek\/szukseg-van-a-megvaltozott-munkakepessegu-munkaerore\/#listItem","position":3,"name":"Sz\u00fcks\u00e9g van a megv\u00e1ltozott munkak\u00e9pess\u00e9g\u0171 munkaer\u0151re","previousItem":{"@type":"ListItem","@id":"https:\/\/allasorias.hu\/hirek\/temak\/munkaeropiac\/#listItem","name":"Munkaer\u0151piac"}}]},{"@type":"Organization","@id":"https:\/\/allasorias.hu\/hirek\/#organization","name":"AllasOrias.hu | H\u00edrek-lapszemle","description":"\u00dczleti h\u00edrek az \u00e1ll\u00e1s \u00e9s a munka vil\u00e1g\u00e1b\u00f3l","url":"https:\/\/allasorias.hu\/hirek\/","logo":{"@type":"ImageObject","url":"https:\/\/allasorias.hu\/hirek\/wp-content\/uploads\/2022\/10\/allasorias_site_facebok_logo.png","@id":"https:\/\/allasorias.hu\/hirek\/szukseg-van-a-megvaltozott-munkakepessegu-munkaerore\/#organizationLogo"},"image":{"@id":"https:\/\/allasorias.hu\/hirek\/szukseg-van-a-megvaltozott-munkakepessegu-munkaerore\/#organizationLogo"},"sameAs":["https:\/\/www.facebook.com\/allasorias","https:\/\/www.linkedin.com\/company\/allasorias"]},{"@type":"Person","@id":"https:\/\/allasorias.hu\/hirek\/author\/admin-allasorias\/#author","url":"https:\/\/allasorias.hu\/hirek\/author\/admin-allasorias\/","name":"Juh\u00e1sz P\u00e9ter","image":{"@type":"ImageObject","@id":"https:\/\/allasorias.hu\/hirek\/szukseg-van-a-megvaltozott-munkakepessegu-munkaerore\/#authorImage","url":"https:\/\/secure.gravatar.com\/avatar\/36e6bcb83148978b992977cb0f54d22feb0cce8a0a849a9410532bb2623ba4c6?s=96&d=mm&r=g","width":96,"height":96,"caption":"Juh\u00e1sz P\u00e9ter"}},{"@type":"WebPage","@id":"https:\/\/allasorias.hu\/hirek\/szukseg-van-a-megvaltozott-munkakepessegu-munkaerore\/#webpage","url":"https:\/\/allasorias.hu\/hirek\/szukseg-van-a-megvaltozott-munkakepessegu-munkaerore\/","name":"Sz\u00fcks\u00e9g van a megv\u00e1ltozott munkak\u00e9pess\u00e9g\u0171 munkaer\u0151re | AllasOrias.hu | H\u00edrek-lapszemle","description":"Rengeteg a kiakn\u00e1zatlan munkaer\u0151piaci potenci\u00e1l a magyarorsz\u00e1gi megv\u00e1ltozott munkak\u00e9pess\u00e9g\u0171 emberek foglalkoztat\u00e1s\u00e1ban. A megv\u00e1ltozott munkak\u00e9pess\u00e9g\u0171 emberek foglalkoztatotts\u00e1ga az elm\u00falt \u00e9vekben egyre kedvez\u0151bben alakult, de az adatokb\u00f3l l\u00e1tszik, hogy a c\u00e9gek tov\u00e1bbra sem haszn\u00e1lj\u00e1k ki a munkaer\u0151piaci csoport ny\u00fajtotta lehet\u0151s\u00e9geket adekv\u00e1t m\u00e9rt\u00e9kben. A tapasztalat hi\u00e1nya visszatart\u00f3 er\u0151 lehet a megv\u00e1ltozott munkak\u00e9pess\u00e9g\u0171 emberek foglalkoztat\u00e1s\u00e1t \u00e9s munkav\u00e1llal\u00e1s\u00e1t illet\u0151en mindk\u00e9t","inLanguage":"hu-HU","isPartOf":{"@id":"https:\/\/allasorias.hu\/hirek\/#website"},"breadcrumb":{"@id":"https:\/\/allasorias.hu\/hirek\/szukseg-van-a-megvaltozott-munkakepessegu-munkaerore\/#breadcrumblist"},"author":{"@id":"https:\/\/allasorias.hu\/hirek\/author\/admin-allasorias\/#author"},"creator":{"@id":"https:\/\/allasorias.hu\/hirek\/author\/admin-allasorias\/#author"},"image":{"@type":"ImageObject","url":"https:\/\/allasorias.hu\/hirek\/wp-content\/uploads\/2022\/09\/portrait-confident-young-businesswoman-sitting-wheelchair-using-laptop-office.jpg","@id":"https:\/\/allasorias.hu\/hirek\/szukseg-van-a-megvaltozott-munkakepessegu-munkaerore\/#mainImage","width":1920,"height":1281},"primaryImageOfPage":{"@id":"https:\/\/allasorias.hu\/hirek\/szukseg-van-a-megvaltozott-munkakepessegu-munkaerore\/#mainImage"},"datePublished":"2022-09-14T08:05:48+02:00","dateModified":"2022-09-14T08:05:48+02:00"},{"@type":"WebSite","@id":"https:\/\/allasorias.hu\/hirek\/#website","url":"https:\/\/allasorias.hu\/hirek\/","name":"AllasOrias.hu | H\u00edrek-lapszemle","description":"\u00dczleti h\u00edrek az \u00e1ll\u00e1s \u00e9s a munka vil\u00e1g\u00e1b\u00f3l","inLanguage":"hu-HU","publisher":{"@id":"https:\/\/allasorias.hu\/hirek\/#organization"}}]},"og:locale":"hu_HU","og:site_name":"AllasOrias.hu | H\u00edrek-lapszemle | \u00dczleti h\u00edrek az \u00e1ll\u00e1s \u00e9s a munka vil\u00e1g\u00e1b\u00f3l","og:type":"article","og:title":"Sz\u00fcks\u00e9g van a megv\u00e1ltozott munkak\u00e9pess\u00e9g\u0171 munkaer\u0151re | AllasOrias.hu | H\u00edrek-lapszemle","og:description":"Rengeteg a kiakn\u00e1zatlan munkaer\u0151piaci potenci\u00e1l a magyarorsz\u00e1gi megv\u00e1ltozott munkak\u00e9pess\u00e9g\u0171 emberek foglalkoztat\u00e1s\u00e1ban. A megv\u00e1ltozott munkak\u00e9pess\u00e9g\u0171 emberek foglalkoztatotts\u00e1ga az elm\u00falt \u00e9vekben egyre kedvez\u0151bben alakult, de az adatokb\u00f3l l\u00e1tszik, hogy a c\u00e9gek tov\u00e1bbra sem haszn\u00e1lj\u00e1k ki a munkaer\u0151piaci csoport ny\u00fajtotta lehet\u0151s\u00e9geket adekv\u00e1t m\u00e9rt\u00e9kben. A tapasztalat hi\u00e1nya visszatart\u00f3 er\u0151 lehet a megv\u00e1ltozott munkak\u00e9pess\u00e9g\u0171 emberek foglalkoztat\u00e1s\u00e1t \u00e9s munkav\u00e1llal\u00e1s\u00e1t illet\u0151en mindk\u00e9t","og:url":"https:\/\/allasorias.hu\/hirek\/szukseg-van-a-megvaltozott-munkakepessegu-munkaerore\/","og:image":"https:\/\/allasorias.hu\/hirek\/wp-content\/uploads\/2022\/09\/portrait-confident-young-businesswoman-sitting-wheelchair-using-laptop-office.jpg","og:image:secure_url":"https:\/\/allasorias.hu\/hirek\/wp-content\/uploads\/2022\/09\/portrait-confident-young-businesswoman-sitting-wheelchair-using-laptop-office.jpg","og:image:width":1920,"og:image:height":1281,"article:published_time":"2022-09-14T08:05:48+00:00","article:modified_time":"2022-09-14T08:05:48+00:00","article:publisher":"https:\/\/www.facebook.com\/allasorias","twitter:card":"summary_large_image","twitter:title":"Sz\u00fcks\u00e9g van a megv\u00e1ltozott munkak\u00e9pess\u00e9g\u0171 munkaer\u0151re | AllasOrias.hu | H\u00edrek-lapszemle","twitter:description":"Rengeteg a kiakn\u00e1zatlan munkaer\u0151piaci potenci\u00e1l a magyarorsz\u00e1gi megv\u00e1ltozott munkak\u00e9pess\u00e9g\u0171 emberek foglalkoztat\u00e1s\u00e1ban. A megv\u00e1ltozott munkak\u00e9pess\u00e9g\u0171 emberek foglalkoztatotts\u00e1ga az elm\u00falt \u00e9vekben egyre kedvez\u0151bben alakult, de az adatokb\u00f3l l\u00e1tszik, hogy a c\u00e9gek tov\u00e1bbra sem haszn\u00e1lj\u00e1k ki a munkaer\u0151piaci csoport ny\u00fajtotta lehet\u0151s\u00e9geket adekv\u00e1t m\u00e9rt\u00e9kben. A tapasztalat hi\u00e1nya visszatart\u00f3 er\u0151 lehet a megv\u00e1ltozott munkak\u00e9pess\u00e9g\u0171 emberek foglalkoztat\u00e1s\u00e1t \u00e9s munkav\u00e1llal\u00e1s\u00e1t illet\u0151en mindk\u00e9t","twitter:image":"https:\/\/allasorias.hu\/hirek\/wp-content\/uploads\/2022\/09\/portrait-confident-young-businesswoman-sitting-wheelchair-using-laptop-office.jpg","twitter:label1":"Written by","twitter:data1":"Juh\u00e1sz P\u00e9ter","twitter:label2":"Est. reading time","twitter:data2":"4 minutes"},"aioseo_meta_data":{"post_id":"5790","title":null,"description":null,"keywords":[],"keyphrases":{"focus":{"keyphrase":"","score":0,"analysis":{"keyphraseInTitle":{"score":0,"maxScore":9,"error":1}}},"additional":[]},"primary_term":null,"canonical_url":null,"og_title":null,"og_description":null,"og_object_type":"default","og_image_type":"default","og_image_url":null,"og_image_width":null,"og_image_height":null,"og_image_custom_url":null,"og_image_custom_fields":null,"og_video":"","og_custom_url":null,"og_article_section":null,"og_article_tags":[],"twitter_use_og":false,"twitter_card":"default","twitter_image_type":"default","twitter_image_url":null,"twitter_image_custom_url":null,"twitter_image_custom_fields":null,"twitter_title":null,"twitter_description":null,"schema":{"blockGraphs":[],"customGraphs":[],"default":{"data":{"Article":[],"Course":[],"Dataset":[],"FAQPage":[],"Movie":[],"Person":[],"Product":[],"ProductReview":[],"Car":[],"Recipe":[],"Service":[],"SoftwareApplication":[],"WebPage":[]},"graphName":"","isEnabled":true},"graphs":[]},"schema_type":"default","schema_type_options":"{\"article\":{\"articleType\":\"BlogPosting\"},\"course\":{\"name\":\"\",\"description\":\"\",\"provider\":\"\"},\"faq\":{\"pages\":[]},\"product\":{\"reviews\":[]},\"recipe\":{\"ingredients\":[],\"instructions\":[],\"keywords\":[]},\"software\":{\"reviews\":[],\"operatingSystems\":[]},\"webPage\":{\"webPageType\":\"WebPage\"}}","pillar_content":false,"robots_default":true,"robots_noindex":false,"robots_noarchive":false,"robots_nosnippet":false,"robots_nofollow":false,"robots_noimageindex":false,"robots_noodp":false,"robots_notranslate":false,"robots_max_snippet":"-1","robots_max_videopreview":"-1","robots_max_imagepreview":"large","priority":null,"frequency":"default","location":null,"local_seo":null,"breadcrumb_settings":null,"limit_modified_date":false,"ai":null,"created":"2022-09-14 08:03:12","updated":"2025-10-02 17:12:47","seo_analyzer_scan_date":null,"focus_keyword":null,"additional_keywords":null,"truseo_locale":null},"aioseo_breadcrumb":"<div class=\"aioseo-breadcrumbs\"><span class=\"aioseo-breadcrumb\">\n\t\t\t<a href=\"https:\/\/allasorias.hu\/hirek\" title=\"Home\">Home<\/a>\n\t\t<\/span><span class=\"aioseo-breadcrumb-separator\">&raquo;<\/span><span class=\"aioseo-breadcrumb\">\n\t\t\t<a href=\"https:\/\/allasorias.hu\/hirek\/temak\/munkaeropiac\/\" title=\"Munkaer\u0151piac\">Munkaer\u0151piac<\/a>\n\t\t<\/span><span class=\"aioseo-breadcrumb-separator\">&raquo;<\/span><span class=\"aioseo-breadcrumb\">\n\t\t\tSz\u00fcks\u00e9g van a megv\u00e1ltozott munkak\u00e9pess\u00e9g\u0171 munkaer\u0151re\n\t\t<\/span><\/div>","aioseo_breadcrumb_json":[{"label":"Home","link":"https:\/\/allasorias.hu\/hirek"},{"label":"Munkaer\u0151piac","link":"https:\/\/allasorias.hu\/hirek\/temak\/munkaeropiac\/"},{"label":"Sz\u00fcks\u00e9g van a megv\u00e1ltozott munkak\u00e9pess\u00e9g\u0171 munkaer\u0151re","link":"https:\/\/allasorias.hu\/hirek\/szukseg-van-a-megvaltozott-munkakepessegu-munkaerore\/"}],"_links":{"self":[{"href":"https:\/\/allasorias.hu\/hirek\/wp-json\/wp\/v2\/posts\/5790","targetHints":{"allow":["GET"]}}],"collection":[{"href":"https:\/\/allasorias.hu\/hirek\/wp-json\/wp\/v2\/posts"}],"about":[{"href":"https:\/\/allasorias.hu\/hirek\/wp-json\/wp\/v2\/types\/post"}],"author":[{"embeddable":true,"href":"https:\/\/allasorias.hu\/hirek\/wp-json\/wp\/v2\/users\/1"}],"replies":[{"embeddable":true,"href":"https:\/\/allasorias.hu\/hirek\/wp-json\/wp\/v2\/comments?post=5790"}],"version-history":[{"count":1,"href":"https:\/\/allasorias.hu\/hirek\/wp-json\/wp\/v2\/posts\/5790\/revisions"}],"predecessor-version":[{"id":5792,"href":"https:\/\/allasorias.hu\/hirek\/wp-json\/wp\/v2\/posts\/5790\/revisions\/5792"}],"wp:featuredmedia":[{"embeddable":true,"href":"https:\/\/allasorias.hu\/hirek\/wp-json\/wp\/v2\/media\/5791"}],"wp:attachment":[{"href":"https:\/\/allasorias.hu\/hirek\/wp-json\/wp\/v2\/media?parent=5790"}],"wp:term":[{"taxonomy":"category","embeddable":true,"href":"https:\/\/allasorias.hu\/hirek\/wp-json\/wp\/v2\/categories?post=5790"},{"taxonomy":"post_tag","embeddable":true,"href":"https:\/\/allasorias.hu\/hirek\/wp-json\/wp\/v2\/tags?post=5790"}],"curies":[{"name":"wp","href":"https:\/\/api.w.org\/{rel}","templated":true}]}}