{"id":5779,"date":"2022-09-07T09:00:46","date_gmt":"2022-09-07T09:00:46","guid":{"rendered":"https:\/\/allasorias.hu\/hirek\/?p=5779"},"modified":"2022-09-07T09:00:46","modified_gmt":"2022-09-07T09:00:46","slug":"nott-a-munkaero-kereslet-turisztika-teruleten","status":"publish","type":"post","link":"https:\/\/allasorias.hu\/hirek\/nott-a-munkaero-kereslet-turisztika-teruleten\/","title":{"rendered":"N\u0151tt a munkaer\u0151  kereslet turisztika ter\u00fclet\u00e9n"},"content":{"rendered":"<p><strong>A k\u00f6vetkez\u0151 h\u00e1rom h\u00f3napban az el\u0151z\u0151 \u00e9v azonos id\u0151szak\u00e1hoz k\u00e9pest a sz\u00e1ll\u00e1sad\u00f3k 30 sz\u00e1zal\u00e9ka n\u00f6veked\u00e9st v\u00e1r a vend\u00e9g\u00e9jszak\u00e1k sz\u00e1m\u00e1ban (ut\u00f3bbiak k\u00e9tharmada jelent\u0151s n\u00f6veked\u00e9st), 50 sz\u00e1zal\u00e9kuk stagn\u00e1l\u00e1st, s 20 sz\u00e1zal\u00e9kuk v\u00e1r visszaes\u00e9st &#8211; \u00edrja a VG. Lass\u00fa \u00fctemben, de n\u0151tt a kereslet a turisztikai \u00e1gazatban az ig\u00e9nyelt munkaer\u0151 ir\u00e1nt, a k\u00f6vetkez\u0151 h\u00e1rom h\u00f3napra vonatkoz\u00f3 progn\u00f3zis szerint azonban a c\u00e9gek nagyon kis m\u00e9rt\u00e9kben, de cs\u00f6kkentik majd a munkaer\u0151-\u00e1llom\u00e1nyt. <\/strong><\/p>\n<p>A vend\u00e9gl\u00e1t\u00e1sban m\u0171k\u00f6d\u0151k 20 sz\u00e1zal\u00e9ka v\u00e1r vend\u00e9gforgalom-n\u00f6veked\u00e9st, 42 sz\u00e1zal\u00e9kuk stagn\u00e1l\u00e1st, 38 sz\u00e1zal\u00e9kuk pedig visszaes\u00e9st vet\u00edt el\u0151re. M\u00ednusz 13 ponton \u00e1llt augusztusban (-100 \u00e9s +100 k\u00f6z\u00f6tti sk\u00e1l\u00e1n) a turizmus konjunkt\u00faraindexe (TKI), amelyet a Turisztikai \u00e9s Vend\u00e9gl\u00e1t\u00f3 Munkaad\u00f3k Orsz\u00e1gos Sz\u00f6vets\u00e9ge (VIMOSZ) a Magyar Turisztikai Sz\u00f6vets\u00e9g Alap\u00edtv\u00e1nnyal \u00e9s a GKI Gazdas\u00e1gkutat\u00f3 Zrt.-vel k\u00f6z\u00f6sen havi gyakoris\u00e1ggal publik\u00e1l. A j\u00faliusihoz k\u00e9pest t\u00edzpontos cs\u00f6kken\u00e9s \u2013 amely els\u0151sorban a sz\u00e1ll\u00e1shely-szolg\u00e1ltat\u00e1st \u00e9rintette \u2013 azt jelenti, hogy az \u00e1gazat szerepl\u0151i helyzet\u00fcket enyh\u00e9n roml\u00f3nak \u00e9rz\u00e9kelik. A foglalkoztatotti l\u00e9tsz\u00e1m alakul\u00e1sa az elm\u00falt h\u00e1rom h\u00f3napban az el\u0151z\u0151 \u00e9v azonos id\u0151szak\u00e1hoz k\u00e9pest +4 ponton \u00e1llt az \u00e9v nyolcadik h\u00f3napj\u00e1ban, mely azt mutatja, hogy nagyon lass\u00fa \u00fctemben, de n\u0151tt a kereslet a turisztikai \u00e1gazatban ig\u00e9nyelt munkaer\u0151 ir\u00e1nt. A k\u00f6vetkez\u0151 h\u00e1rom h\u00f3napra vonatkoz\u00f3an -3 pontot m\u00e9rtek, mely azt jelenti, hogy a c\u00e9gek nagyon kis m\u00e9rt\u00e9kben, de cs\u00f6kkentik a munkaer\u0151-\u00e1llom\u00e1nyt. Ez a szezon\u00e1lis hat\u00e1sok miatt (a ny\u00e1ri f\u0151szezon v\u00e9gezt\u00e9vel) term\u00e9szetesnek tekinthet\u0151. A turisztikai c\u00e9gek 79 sz\u00e1zal\u00e9ka \u00e1raik, 55 sz\u00e1zal\u00e9ka a m\u0171k\u00f6d\u00e9si k\u00f6lts\u00e9gek n\u00f6veked\u00e9s\u00e9r\u0151l sz\u00e1molt be az elm\u00falt 3 h\u00f3napra vonatkoz\u00f3an.<\/p>\n<p>Forr\u00e1s: hrportal.hu<\/p>\n","protected":false},"excerpt":{"rendered":"<p>A k\u00f6vetkez\u0151 h\u00e1rom h\u00f3napban az el\u0151z\u0151 \u00e9v azonos id\u0151szak\u00e1hoz k\u00e9pest a sz\u00e1ll\u00e1sad\u00f3k 30 sz\u00e1zal\u00e9ka n\u00f6veked\u00e9st v\u00e1r a vend\u00e9g\u00e9jszak\u00e1k sz\u00e1m\u00e1ban (ut\u00f3bbiak k\u00e9tharmada jelent\u0151s n\u00f6veked\u00e9st), 50 sz\u00e1zal\u00e9kuk stagn\u00e1l\u00e1st, s 20 sz\u00e1zal\u00e9kuk v\u00e1r visszaes\u00e9st &#8211; \u00edrja a VG. Lass\u00fa \u00fctemben, de n\u0151tt a kereslet a turisztikai \u00e1gazatban az ig\u00e9nyelt munkaer\u0151 ir\u00e1nt, a k\u00f6vetkez\u0151 h\u00e1rom h\u00f3napra vonatkoz\u00f3 progn\u00f3zis szerint [&hellip;]<\/p>\n","protected":false},"author":1,"featured_media":4928,"comment_status":"open","ping_status":"open","sticky":false,"template":"","format":"standard","meta":{"_monsterinsights_skip_tracking":false,"footnotes":""},"categories":[200],"tags":[],"class_list":["post-5779","post","type-post","status-publish","format-standard","has-post-thumbnail","hentry","category-munkaeropiac"],"aioseo_notices":[],"aioseo_head":"\n\t\t<!-- All in One SEO 5.0.0.1 - aioseo.com -->\n\t<meta name=\"description\" content=\"A k\u00f6vetkez\u0151 h\u00e1rom h\u00f3napban az el\u0151z\u0151 \u00e9v azonos id\u0151szak\u00e1hoz k\u00e9pest a sz\u00e1ll\u00e1sad\u00f3k 30 sz\u00e1zal\u00e9ka n\u00f6veked\u00e9st v\u00e1r a vend\u00e9g\u00e9jszak\u00e1k sz\u00e1m\u00e1ban (ut\u00f3bbiak k\u00e9tharmada jelent\u0151s n\u00f6veked\u00e9st), 50 sz\u00e1zal\u00e9kuk stagn\u00e1l\u00e1st, s 20 sz\u00e1zal\u00e9kuk v\u00e1r visszaes\u00e9st - \u00edrja a VG. Lass\u00fa \u00fctemben, de n\u0151tt a kereslet a turisztikai \u00e1gazatban az ig\u00e9nyelt munkaer\u0151 ir\u00e1nt, a k\u00f6vetkez\u0151 h\u00e1rom h\u00f3napra vonatkoz\u00f3 progn\u00f3zis szerint\" \/>\n\t<meta name=\"robots\" content=\"max-image-preview:large\" \/>\n\t<meta name=\"author\" content=\"Juh\u00e1sz P\u00e9ter\"\/>\n\t<link rel=\"canonical\" href=\"https:\/\/allasorias.hu\/hirek\/nott-a-munkaero-kereslet-turisztika-teruleten\/\" \/>\n\t<meta name=\"generator\" content=\"All in One SEO (AIOSEO) 5.0.0.1\" \/>\n\t\t<meta property=\"og:locale\" content=\"hu_HU\" \/>\n\t\t<meta property=\"og:site_name\" content=\"AllasOrias.hu | H\u00edrek-lapszemle | \u00dczleti h\u00edrek az \u00e1ll\u00e1s \u00e9s a munka vil\u00e1g\u00e1b\u00f3l\" \/>\n\t\t<meta property=\"og:type\" content=\"article\" \/>\n\t\t<meta property=\"og:title\" content=\"N\u0151tt a munkaer\u0151 kereslet turisztika ter\u00fclet\u00e9n | AllasOrias.hu | H\u00edrek-lapszemle\" \/>\n\t\t<meta property=\"og:description\" content=\"A k\u00f6vetkez\u0151 h\u00e1rom h\u00f3napban az el\u0151z\u0151 \u00e9v azonos id\u0151szak\u00e1hoz k\u00e9pest a sz\u00e1ll\u00e1sad\u00f3k 30 sz\u00e1zal\u00e9ka n\u00f6veked\u00e9st v\u00e1r a vend\u00e9g\u00e9jszak\u00e1k sz\u00e1m\u00e1ban (ut\u00f3bbiak k\u00e9tharmada jelent\u0151s n\u00f6veked\u00e9st), 50 sz\u00e1zal\u00e9kuk stagn\u00e1l\u00e1st, s 20 sz\u00e1zal\u00e9kuk v\u00e1r visszaes\u00e9st - \u00edrja a VG. Lass\u00fa \u00fctemben, de n\u0151tt a kereslet a turisztikai \u00e1gazatban az ig\u00e9nyelt munkaer\u0151 ir\u00e1nt, a k\u00f6vetkez\u0151 h\u00e1rom h\u00f3napra vonatkoz\u00f3 progn\u00f3zis szerint\" \/>\n\t\t<meta property=\"og:url\" content=\"https:\/\/allasorias.hu\/hirek\/nott-a-munkaero-kereslet-turisztika-teruleten\/\" \/>\n\t\t<meta property=\"og:image\" content=\"https:\/\/allasorias.hu\/hirek\/wp-content\/uploads\/2021\/07\/utazas.jpg\" \/>\n\t\t<meta property=\"og:image:secure_url\" content=\"https:\/\/allasorias.hu\/hirek\/wp-content\/uploads\/2021\/07\/utazas.jpg\" \/>\n\t\t<meta property=\"og:image:width\" content=\"1920\" \/>\n\t\t<meta property=\"og:image:height\" content=\"1281\" \/>\n\t\t<meta property=\"article:published_time\" content=\"2022-09-07T09:00:46+00:00\" \/>\n\t\t<meta property=\"article:modified_time\" content=\"2022-09-07T09:00:46+00:00\" \/>\n\t\t<meta property=\"article:publisher\" content=\"https:\/\/www.facebook.com\/allasorias\" \/>\n\t\t<meta name=\"twitter:card\" content=\"summary_large_image\" \/>\n\t\t<meta name=\"twitter:title\" content=\"N\u0151tt a munkaer\u0151 kereslet turisztika ter\u00fclet\u00e9n | AllasOrias.hu | H\u00edrek-lapszemle\" \/>\n\t\t<meta name=\"twitter:description\" content=\"A k\u00f6vetkez\u0151 h\u00e1rom h\u00f3napban az el\u0151z\u0151 \u00e9v azonos id\u0151szak\u00e1hoz k\u00e9pest a sz\u00e1ll\u00e1sad\u00f3k 30 sz\u00e1zal\u00e9ka n\u00f6veked\u00e9st v\u00e1r a vend\u00e9g\u00e9jszak\u00e1k sz\u00e1m\u00e1ban (ut\u00f3bbiak k\u00e9tharmada jelent\u0151s n\u00f6veked\u00e9st), 50 sz\u00e1zal\u00e9kuk stagn\u00e1l\u00e1st, s 20 sz\u00e1zal\u00e9kuk v\u00e1r visszaes\u00e9st - \u00edrja a VG. Lass\u00fa \u00fctemben, de n\u0151tt a kereslet a turisztikai \u00e1gazatban az ig\u00e9nyelt munkaer\u0151 ir\u00e1nt, a k\u00f6vetkez\u0151 h\u00e1rom h\u00f3napra vonatkoz\u00f3 progn\u00f3zis szerint\" \/>\n\t\t<meta name=\"twitter:image\" content=\"https:\/\/allasorias.hu\/hirek\/wp-content\/uploads\/2021\/07\/utazas.jpg\" \/>\n\t\t<meta name=\"twitter:label1\" content=\"Written by\" \/>\n\t\t<meta name=\"twitter:data1\" content=\"Juh\u00e1sz P\u00e9ter\" \/>\n\t\t<meta name=\"twitter:label2\" content=\"Est. reading time\" \/>\n\t\t<meta name=\"twitter:data2\" content=\"2 minutes\" \/>\n\t\t<script type=\"application\/ld+json\" class=\"aioseo-schema\">\n\t\t\t{\"@context\":\"https:\\\/\\\/schema.org\",\"@graph\":[{\"@type\":\"Article\",\"@id\":\"https:\\\/\\\/allasorias.hu\\\/hirek\\\/nott-a-munkaero-kereslet-turisztika-teruleten\\\/#article\",\"name\":\"N\\u0151tt a munkaer\\u0151 kereslet turisztika ter\\u00fclet\\u00e9n | AllasOrias.hu | H\\u00edrek-lapszemle\",\"headline\":\"N\\u0151tt a munkaer\\u0151  kereslet turisztika ter\\u00fclet\\u00e9n\",\"author\":{\"@id\":\"https:\\\/\\\/allasorias.hu\\\/hirek\\\/author\\\/admin-allasorias\\\/#author\"},\"publisher\":{\"@id\":\"https:\\\/\\\/allasorias.hu\\\/hirek\\\/#organization\"},\"image\":{\"@type\":\"ImageObject\",\"url\":\"https:\\\/\\\/allasorias.hu\\\/hirek\\\/wp-content\\\/uploads\\\/2021\\\/07\\\/utazas.jpg\",\"width\":1920,\"height\":1281,\"caption\":\"Business man with a luggage going on a business trip\"},\"datePublished\":\"2022-09-07T09:00:46+02:00\",\"dateModified\":\"2022-09-07T09:00:46+02:00\",\"inLanguage\":\"hu-HU\",\"mainEntityOfPage\":{\"@id\":\"https:\\\/\\\/allasorias.hu\\\/hirek\\\/nott-a-munkaero-kereslet-turisztika-teruleten\\\/#webpage\"},\"isPartOf\":{\"@id\":\"https:\\\/\\\/allasorias.hu\\\/hirek\\\/nott-a-munkaero-kereslet-turisztika-teruleten\\\/#webpage\"},\"articleSection\":\"Munkaer\\u0151piac\"},{\"@type\":\"BreadcrumbList\",\"@id\":\"https:\\\/\\\/allasorias.hu\\\/hirek\\\/nott-a-munkaero-kereslet-turisztika-teruleten\\\/#breadcrumblist\",\"itemListElement\":[{\"@type\":\"ListItem\",\"@id\":\"https:\\\/\\\/allasorias.hu\\\/hirek#listItem\",\"position\":1,\"name\":\"Home\",\"item\":\"https:\\\/\\\/allasorias.hu\\\/hirek\",\"nextItem\":{\"@type\":\"ListItem\",\"@id\":\"https:\\\/\\\/allasorias.hu\\\/hirek\\\/temak\\\/munkaeropiac\\\/#listItem\",\"name\":\"Munkaer\\u0151piac\"}},{\"@type\":\"ListItem\",\"@id\":\"https:\\\/\\\/allasorias.hu\\\/hirek\\\/temak\\\/munkaeropiac\\\/#listItem\",\"position\":2,\"name\":\"Munkaer\\u0151piac\",\"item\":\"https:\\\/\\\/allasorias.hu\\\/hirek\\\/temak\\\/munkaeropiac\\\/\",\"nextItem\":{\"@type\":\"ListItem\",\"@id\":\"https:\\\/\\\/allasorias.hu\\\/hirek\\\/nott-a-munkaero-kereslet-turisztika-teruleten\\\/#listItem\",\"name\":\"N\\u0151tt a munkaer\\u0151  kereslet turisztika ter\\u00fclet\\u00e9n\"},\"previousItem\":{\"@type\":\"ListItem\",\"@id\":\"https:\\\/\\\/allasorias.hu\\\/hirek#listItem\",\"name\":\"Home\"}},{\"@type\":\"ListItem\",\"@id\":\"https:\\\/\\\/allasorias.hu\\\/hirek\\\/nott-a-munkaero-kereslet-turisztika-teruleten\\\/#listItem\",\"position\":3,\"name\":\"N\\u0151tt a munkaer\\u0151  kereslet turisztika ter\\u00fclet\\u00e9n\",\"previousItem\":{\"@type\":\"ListItem\",\"@id\":\"https:\\\/\\\/allasorias.hu\\\/hirek\\\/temak\\\/munkaeropiac\\\/#listItem\",\"name\":\"Munkaer\\u0151piac\"}}]},{\"@type\":\"Organization\",\"@id\":\"https:\\\/\\\/allasorias.hu\\\/hirek\\\/#organization\",\"name\":\"AllasOrias.hu | H\\u00edrek-lapszemle\",\"description\":\"\\u00dczleti h\\u00edrek az \\u00e1ll\\u00e1s \\u00e9s a munka vil\\u00e1g\\u00e1b\\u00f3l\",\"url\":\"https:\\\/\\\/allasorias.hu\\\/hirek\\\/\",\"logo\":{\"@type\":\"ImageObject\",\"url\":\"https:\\\/\\\/allasorias.hu\\\/hirek\\\/wp-content\\\/uploads\\\/2022\\\/10\\\/allasorias_site_facebok_logo.png\",\"@id\":\"https:\\\/\\\/allasorias.hu\\\/hirek\\\/nott-a-munkaero-kereslet-turisztika-teruleten\\\/#organizationLogo\"},\"image\":{\"@id\":\"https:\\\/\\\/allasorias.hu\\\/hirek\\\/nott-a-munkaero-kereslet-turisztika-teruleten\\\/#organizationLogo\"},\"sameAs\":[\"https:\\\/\\\/www.facebook.com\\\/allasorias\",\"https:\\\/\\\/www.linkedin.com\\\/company\\\/allasorias\"]},{\"@type\":\"Person\",\"@id\":\"https:\\\/\\\/allasorias.hu\\\/hirek\\\/author\\\/admin-allasorias\\\/#author\",\"url\":\"https:\\\/\\\/allasorias.hu\\\/hirek\\\/author\\\/admin-allasorias\\\/\",\"name\":\"Juh\\u00e1sz P\\u00e9ter\",\"image\":{\"@type\":\"ImageObject\",\"@id\":\"https:\\\/\\\/allasorias.hu\\\/hirek\\\/nott-a-munkaero-kereslet-turisztika-teruleten\\\/#authorImage\",\"url\":\"https:\\\/\\\/secure.gravatar.com\\\/avatar\\\/36e6bcb83148978b992977cb0f54d22feb0cce8a0a849a9410532bb2623ba4c6?s=96&d=mm&r=g\",\"width\":96,\"height\":96,\"caption\":\"Juh\\u00e1sz P\\u00e9ter\"}},{\"@type\":\"WebPage\",\"@id\":\"https:\\\/\\\/allasorias.hu\\\/hirek\\\/nott-a-munkaero-kereslet-turisztika-teruleten\\\/#webpage\",\"url\":\"https:\\\/\\\/allasorias.hu\\\/hirek\\\/nott-a-munkaero-kereslet-turisztika-teruleten\\\/\",\"name\":\"N\\u0151tt a munkaer\\u0151 kereslet turisztika ter\\u00fclet\\u00e9n | AllasOrias.hu | H\\u00edrek-lapszemle\",\"description\":\"A k\\u00f6vetkez\\u0151 h\\u00e1rom h\\u00f3napban az el\\u0151z\\u0151 \\u00e9v azonos id\\u0151szak\\u00e1hoz k\\u00e9pest a sz\\u00e1ll\\u00e1sad\\u00f3k 30 sz\\u00e1zal\\u00e9ka n\\u00f6veked\\u00e9st v\\u00e1r a vend\\u00e9g\\u00e9jszak\\u00e1k sz\\u00e1m\\u00e1ban (ut\\u00f3bbiak k\\u00e9tharmada jelent\\u0151s n\\u00f6veked\\u00e9st), 50 sz\\u00e1zal\\u00e9kuk stagn\\u00e1l\\u00e1st, s 20 sz\\u00e1zal\\u00e9kuk v\\u00e1r visszaes\\u00e9st - \\u00edrja a VG. Lass\\u00fa \\u00fctemben, de n\\u0151tt a kereslet a turisztikai \\u00e1gazatban az ig\\u00e9nyelt munkaer\\u0151 ir\\u00e1nt, a k\\u00f6vetkez\\u0151 h\\u00e1rom h\\u00f3napra vonatkoz\\u00f3 progn\\u00f3zis szerint\",\"inLanguage\":\"hu-HU\",\"isPartOf\":{\"@id\":\"https:\\\/\\\/allasorias.hu\\\/hirek\\\/#website\"},\"breadcrumb\":{\"@id\":\"https:\\\/\\\/allasorias.hu\\\/hirek\\\/nott-a-munkaero-kereslet-turisztika-teruleten\\\/#breadcrumblist\"},\"author\":{\"@id\":\"https:\\\/\\\/allasorias.hu\\\/hirek\\\/author\\\/admin-allasorias\\\/#author\"},\"creator\":{\"@id\":\"https:\\\/\\\/allasorias.hu\\\/hirek\\\/author\\\/admin-allasorias\\\/#author\"},\"image\":{\"@type\":\"ImageObject\",\"url\":\"https:\\\/\\\/allasorias.hu\\\/hirek\\\/wp-content\\\/uploads\\\/2021\\\/07\\\/utazas.jpg\",\"@id\":\"https:\\\/\\\/allasorias.hu\\\/hirek\\\/nott-a-munkaero-kereslet-turisztika-teruleten\\\/#mainImage\",\"width\":1920,\"height\":1281,\"caption\":\"Business man with a luggage going on a business trip\"},\"primaryImageOfPage\":{\"@id\":\"https:\\\/\\\/allasorias.hu\\\/hirek\\\/nott-a-munkaero-kereslet-turisztika-teruleten\\\/#mainImage\"},\"datePublished\":\"2022-09-07T09:00:46+02:00\",\"dateModified\":\"2022-09-07T09:00:46+02:00\"},{\"@type\":\"WebSite\",\"@id\":\"https:\\\/\\\/allasorias.hu\\\/hirek\\\/#website\",\"url\":\"https:\\\/\\\/allasorias.hu\\\/hirek\\\/\",\"name\":\"AllasOrias.hu | H\\u00edrek-lapszemle\",\"description\":\"\\u00dczleti h\\u00edrek az \\u00e1ll\\u00e1s \\u00e9s a munka vil\\u00e1g\\u00e1b\\u00f3l\",\"inLanguage\":\"hu-HU\",\"publisher\":{\"@id\":\"https:\\\/\\\/allasorias.hu\\\/hirek\\\/#organization\"}}]}\n\t\t<\/script>\n\t\t<!-- All in One SEO -->\n\n","aioseo_head_json":{"title":"N\u0151tt a munkaer\u0151 kereslet turisztika ter\u00fclet\u00e9n | AllasOrias.hu | H\u00edrek-lapszemle","description":"A k\u00f6vetkez\u0151 h\u00e1rom h\u00f3napban az el\u0151z\u0151 \u00e9v azonos id\u0151szak\u00e1hoz k\u00e9pest a sz\u00e1ll\u00e1sad\u00f3k 30 sz\u00e1zal\u00e9ka n\u00f6veked\u00e9st v\u00e1r a vend\u00e9g\u00e9jszak\u00e1k sz\u00e1m\u00e1ban (ut\u00f3bbiak k\u00e9tharmada jelent\u0151s n\u00f6veked\u00e9st), 50 sz\u00e1zal\u00e9kuk stagn\u00e1l\u00e1st, s 20 sz\u00e1zal\u00e9kuk v\u00e1r visszaes\u00e9st - \u00edrja a VG. Lass\u00fa \u00fctemben, de n\u0151tt a kereslet a turisztikai \u00e1gazatban az ig\u00e9nyelt munkaer\u0151 ir\u00e1nt, a k\u00f6vetkez\u0151 h\u00e1rom h\u00f3napra vonatkoz\u00f3 progn\u00f3zis szerint","canonical_url":"https:\/\/allasorias.hu\/hirek\/nott-a-munkaero-kereslet-turisztika-teruleten\/","robots":"max-image-preview:large","keywords":"","webmasterTools":{"miscellaneous":""},"schema":{"@context":"https:\/\/schema.org","@graph":[{"@type":"Article","@id":"https:\/\/allasorias.hu\/hirek\/nott-a-munkaero-kereslet-turisztika-teruleten\/#article","name":"N\u0151tt a munkaer\u0151 kereslet turisztika ter\u00fclet\u00e9n | AllasOrias.hu | H\u00edrek-lapszemle","headline":"N\u0151tt a munkaer\u0151  kereslet turisztika ter\u00fclet\u00e9n","author":{"@id":"https:\/\/allasorias.hu\/hirek\/author\/admin-allasorias\/#author"},"publisher":{"@id":"https:\/\/allasorias.hu\/hirek\/#organization"},"image":{"@type":"ImageObject","url":"https:\/\/allasorias.hu\/hirek\/wp-content\/uploads\/2021\/07\/utazas.jpg","width":1920,"height":1281,"caption":"Business man with a luggage going on a business trip"},"datePublished":"2022-09-07T09:00:46+02:00","dateModified":"2022-09-07T09:00:46+02:00","inLanguage":"hu-HU","mainEntityOfPage":{"@id":"https:\/\/allasorias.hu\/hirek\/nott-a-munkaero-kereslet-turisztika-teruleten\/#webpage"},"isPartOf":{"@id":"https:\/\/allasorias.hu\/hirek\/nott-a-munkaero-kereslet-turisztika-teruleten\/#webpage"},"articleSection":"Munkaer\u0151piac"},{"@type":"BreadcrumbList","@id":"https:\/\/allasorias.hu\/hirek\/nott-a-munkaero-kereslet-turisztika-teruleten\/#breadcrumblist","itemListElement":[{"@type":"ListItem","@id":"https:\/\/allasorias.hu\/hirek#listItem","position":1,"name":"Home","item":"https:\/\/allasorias.hu\/hirek","nextItem":{"@type":"ListItem","@id":"https:\/\/allasorias.hu\/hirek\/temak\/munkaeropiac\/#listItem","name":"Munkaer\u0151piac"}},{"@type":"ListItem","@id":"https:\/\/allasorias.hu\/hirek\/temak\/munkaeropiac\/#listItem","position":2,"name":"Munkaer\u0151piac","item":"https:\/\/allasorias.hu\/hirek\/temak\/munkaeropiac\/","nextItem":{"@type":"ListItem","@id":"https:\/\/allasorias.hu\/hirek\/nott-a-munkaero-kereslet-turisztika-teruleten\/#listItem","name":"N\u0151tt a munkaer\u0151  kereslet turisztika ter\u00fclet\u00e9n"},"previousItem":{"@type":"ListItem","@id":"https:\/\/allasorias.hu\/hirek#listItem","name":"Home"}},{"@type":"ListItem","@id":"https:\/\/allasorias.hu\/hirek\/nott-a-munkaero-kereslet-turisztika-teruleten\/#listItem","position":3,"name":"N\u0151tt a munkaer\u0151  kereslet turisztika ter\u00fclet\u00e9n","previousItem":{"@type":"ListItem","@id":"https:\/\/allasorias.hu\/hirek\/temak\/munkaeropiac\/#listItem","name":"Munkaer\u0151piac"}}]},{"@type":"Organization","@id":"https:\/\/allasorias.hu\/hirek\/#organization","name":"AllasOrias.hu | H\u00edrek-lapszemle","description":"\u00dczleti h\u00edrek az \u00e1ll\u00e1s \u00e9s a munka vil\u00e1g\u00e1b\u00f3l","url":"https:\/\/allasorias.hu\/hirek\/","logo":{"@type":"ImageObject","url":"https:\/\/allasorias.hu\/hirek\/wp-content\/uploads\/2022\/10\/allasorias_site_facebok_logo.png","@id":"https:\/\/allasorias.hu\/hirek\/nott-a-munkaero-kereslet-turisztika-teruleten\/#organizationLogo"},"image":{"@id":"https:\/\/allasorias.hu\/hirek\/nott-a-munkaero-kereslet-turisztika-teruleten\/#organizationLogo"},"sameAs":["https:\/\/www.facebook.com\/allasorias","https:\/\/www.linkedin.com\/company\/allasorias"]},{"@type":"Person","@id":"https:\/\/allasorias.hu\/hirek\/author\/admin-allasorias\/#author","url":"https:\/\/allasorias.hu\/hirek\/author\/admin-allasorias\/","name":"Juh\u00e1sz P\u00e9ter","image":{"@type":"ImageObject","@id":"https:\/\/allasorias.hu\/hirek\/nott-a-munkaero-kereslet-turisztika-teruleten\/#authorImage","url":"https:\/\/secure.gravatar.com\/avatar\/36e6bcb83148978b992977cb0f54d22feb0cce8a0a849a9410532bb2623ba4c6?s=96&d=mm&r=g","width":96,"height":96,"caption":"Juh\u00e1sz P\u00e9ter"}},{"@type":"WebPage","@id":"https:\/\/allasorias.hu\/hirek\/nott-a-munkaero-kereslet-turisztika-teruleten\/#webpage","url":"https:\/\/allasorias.hu\/hirek\/nott-a-munkaero-kereslet-turisztika-teruleten\/","name":"N\u0151tt a munkaer\u0151 kereslet turisztika ter\u00fclet\u00e9n | AllasOrias.hu | H\u00edrek-lapszemle","description":"A k\u00f6vetkez\u0151 h\u00e1rom h\u00f3napban az el\u0151z\u0151 \u00e9v azonos id\u0151szak\u00e1hoz k\u00e9pest a sz\u00e1ll\u00e1sad\u00f3k 30 sz\u00e1zal\u00e9ka n\u00f6veked\u00e9st v\u00e1r a vend\u00e9g\u00e9jszak\u00e1k sz\u00e1m\u00e1ban (ut\u00f3bbiak k\u00e9tharmada jelent\u0151s n\u00f6veked\u00e9st), 50 sz\u00e1zal\u00e9kuk stagn\u00e1l\u00e1st, s 20 sz\u00e1zal\u00e9kuk v\u00e1r visszaes\u00e9st - \u00edrja a VG. Lass\u00fa \u00fctemben, de n\u0151tt a kereslet a turisztikai \u00e1gazatban az ig\u00e9nyelt munkaer\u0151 ir\u00e1nt, a k\u00f6vetkez\u0151 h\u00e1rom h\u00f3napra vonatkoz\u00f3 progn\u00f3zis szerint","inLanguage":"hu-HU","isPartOf":{"@id":"https:\/\/allasorias.hu\/hirek\/#website"},"breadcrumb":{"@id":"https:\/\/allasorias.hu\/hirek\/nott-a-munkaero-kereslet-turisztika-teruleten\/#breadcrumblist"},"author":{"@id":"https:\/\/allasorias.hu\/hirek\/author\/admin-allasorias\/#author"},"creator":{"@id":"https:\/\/allasorias.hu\/hirek\/author\/admin-allasorias\/#author"},"image":{"@type":"ImageObject","url":"https:\/\/allasorias.hu\/hirek\/wp-content\/uploads\/2021\/07\/utazas.jpg","@id":"https:\/\/allasorias.hu\/hirek\/nott-a-munkaero-kereslet-turisztika-teruleten\/#mainImage","width":1920,"height":1281,"caption":"Business man with a luggage going on a business trip"},"primaryImageOfPage":{"@id":"https:\/\/allasorias.hu\/hirek\/nott-a-munkaero-kereslet-turisztika-teruleten\/#mainImage"},"datePublished":"2022-09-07T09:00:46+02:00","dateModified":"2022-09-07T09:00:46+02:00"},{"@type":"WebSite","@id":"https:\/\/allasorias.hu\/hirek\/#website","url":"https:\/\/allasorias.hu\/hirek\/","name":"AllasOrias.hu | H\u00edrek-lapszemle","description":"\u00dczleti h\u00edrek az \u00e1ll\u00e1s \u00e9s a munka vil\u00e1g\u00e1b\u00f3l","inLanguage":"hu-HU","publisher":{"@id":"https:\/\/allasorias.hu\/hirek\/#organization"}}]},"og:locale":"hu_HU","og:site_name":"AllasOrias.hu | H\u00edrek-lapszemle | \u00dczleti h\u00edrek az \u00e1ll\u00e1s \u00e9s a munka vil\u00e1g\u00e1b\u00f3l","og:type":"article","og:title":"N\u0151tt a munkaer\u0151 kereslet turisztika ter\u00fclet\u00e9n | AllasOrias.hu | H\u00edrek-lapszemle","og:description":"A k\u00f6vetkez\u0151 h\u00e1rom h\u00f3napban az el\u0151z\u0151 \u00e9v azonos id\u0151szak\u00e1hoz k\u00e9pest a sz\u00e1ll\u00e1sad\u00f3k 30 sz\u00e1zal\u00e9ka n\u00f6veked\u00e9st v\u00e1r a vend\u00e9g\u00e9jszak\u00e1k sz\u00e1m\u00e1ban (ut\u00f3bbiak k\u00e9tharmada jelent\u0151s n\u00f6veked\u00e9st), 50 sz\u00e1zal\u00e9kuk stagn\u00e1l\u00e1st, s 20 sz\u00e1zal\u00e9kuk v\u00e1r visszaes\u00e9st - \u00edrja a VG. Lass\u00fa \u00fctemben, de n\u0151tt a kereslet a turisztikai \u00e1gazatban az ig\u00e9nyelt munkaer\u0151 ir\u00e1nt, a k\u00f6vetkez\u0151 h\u00e1rom h\u00f3napra vonatkoz\u00f3 progn\u00f3zis szerint","og:url":"https:\/\/allasorias.hu\/hirek\/nott-a-munkaero-kereslet-turisztika-teruleten\/","og:image":"https:\/\/allasorias.hu\/hirek\/wp-content\/uploads\/2021\/07\/utazas.jpg","og:image:secure_url":"https:\/\/allasorias.hu\/hirek\/wp-content\/uploads\/2021\/07\/utazas.jpg","og:image:width":1920,"og:image:height":1281,"article:published_time":"2022-09-07T09:00:46+00:00","article:modified_time":"2022-09-07T09:00:46+00:00","article:publisher":"https:\/\/www.facebook.com\/allasorias","twitter:card":"summary_large_image","twitter:title":"N\u0151tt a munkaer\u0151 kereslet turisztika ter\u00fclet\u00e9n | AllasOrias.hu | H\u00edrek-lapszemle","twitter:description":"A k\u00f6vetkez\u0151 h\u00e1rom h\u00f3napban az el\u0151z\u0151 \u00e9v azonos id\u0151szak\u00e1hoz k\u00e9pest a sz\u00e1ll\u00e1sad\u00f3k 30 sz\u00e1zal\u00e9ka n\u00f6veked\u00e9st v\u00e1r a vend\u00e9g\u00e9jszak\u00e1k sz\u00e1m\u00e1ban (ut\u00f3bbiak k\u00e9tharmada jelent\u0151s n\u00f6veked\u00e9st), 50 sz\u00e1zal\u00e9kuk stagn\u00e1l\u00e1st, s 20 sz\u00e1zal\u00e9kuk v\u00e1r visszaes\u00e9st - \u00edrja a VG. Lass\u00fa \u00fctemben, de n\u0151tt a kereslet a turisztikai \u00e1gazatban az ig\u00e9nyelt munkaer\u0151 ir\u00e1nt, a k\u00f6vetkez\u0151 h\u00e1rom h\u00f3napra vonatkoz\u00f3 progn\u00f3zis szerint","twitter:image":"https:\/\/allasorias.hu\/hirek\/wp-content\/uploads\/2021\/07\/utazas.jpg","twitter:label1":"Written by","twitter:data1":"Juh\u00e1sz P\u00e9ter","twitter:label2":"Est. reading time","twitter:data2":"2 minutes"},"aioseo_meta_data":{"post_id":"5779","title":null,"description":null,"keywords":[],"keyphrases":{"focus":{"keyphrase":"","score":0,"analysis":{"keyphraseInTitle":{"score":0,"maxScore":9,"error":1}}},"additional":[]},"primary_term":null,"canonical_url":null,"og_title":null,"og_description":null,"og_object_type":"default","og_image_type":"default","og_image_url":null,"og_image_width":null,"og_image_height":null,"og_image_custom_url":null,"og_image_custom_fields":null,"og_video":"","og_custom_url":null,"og_article_section":null,"og_article_tags":[],"twitter_use_og":false,"twitter_card":"default","twitter_image_type":"default","twitter_image_url":null,"twitter_image_custom_url":null,"twitter_image_custom_fields":null,"twitter_title":null,"twitter_description":null,"schema":{"blockGraphs":[],"customGraphs":[],"default":{"data":{"Article":[],"Course":[],"Dataset":[],"FAQPage":[],"Movie":[],"Person":[],"Product":[],"ProductReview":[],"Car":[],"Recipe":[],"Service":[],"SoftwareApplication":[],"WebPage":[]},"graphName":"","isEnabled":true},"graphs":[],"defaultGraph":"Article","defaultPostTypeGraph":""},"schema_type":"default","schema_type_options":"{\"article\":{\"articleType\":\"BlogPosting\"},\"course\":{\"name\":\"\",\"description\":\"\",\"provider\":\"\"},\"faq\":{\"pages\":[]},\"product\":{\"reviews\":[]},\"recipe\":{\"ingredients\":[],\"instructions\":[],\"keywords\":[]},\"software\":{\"reviews\":[],\"operatingSystems\":[]},\"webPage\":{\"webPageType\":\"WebPage\"}}","pillar_content":false,"robots_default":true,"robots_noindex":false,"robots_noarchive":false,"robots_nosnippet":false,"robots_nofollow":false,"robots_noimageindex":false,"robots_noodp":false,"robots_notranslate":false,"robots_max_snippet":"-1","robots_max_videopreview":"-1","robots_max_imagepreview":"large","priority":null,"frequency":"default","location":null,"local_seo":null,"breadcrumb_settings":null,"limit_modified_date":false,"ai":null,"created":"2022-09-07 08:58:53","updated":"2025-10-02 17:10:45","seo_analyzer_scan_date":null,"focus_keyword":null,"additional_keywords":null,"truseo_locale":null},"aioseo_breadcrumb":"<div class=\"aioseo-breadcrumbs\"><span class=\"aioseo-breadcrumb\">\n\t\t\t<a href=\"https:\/\/allasorias.hu\/hirek\" title=\"Home\">Home<\/a>\n\t\t<\/span><span class=\"aioseo-breadcrumb-separator\">&raquo;<\/span><span class=\"aioseo-breadcrumb\">\n\t\t\t<a href=\"https:\/\/allasorias.hu\/hirek\/temak\/munkaeropiac\/\" title=\"Munkaer\u0151piac\">Munkaer\u0151piac<\/a>\n\t\t<\/span><span class=\"aioseo-breadcrumb-separator\">&raquo;<\/span><span class=\"aioseo-breadcrumb\">\n\t\t\tN\u0151tt a munkaer\u0151  kereslet turisztika ter\u00fclet\u00e9n\n\t\t<\/span><\/div>","aioseo_breadcrumb_json":[{"label":"Home","link":"https:\/\/allasorias.hu\/hirek"},{"label":"Munkaer\u0151piac","link":"https:\/\/allasorias.hu\/hirek\/temak\/munkaeropiac\/"},{"label":"N\u0151tt a munkaer\u0151  kereslet turisztika ter\u00fclet\u00e9n","link":"https:\/\/allasorias.hu\/hirek\/nott-a-munkaero-kereslet-turisztika-teruleten\/"}],"_links":{"self":[{"href":"https:\/\/allasorias.hu\/hirek\/wp-json\/wp\/v2\/posts\/5779","targetHints":{"allow":["GET"]}}],"collection":[{"href":"https:\/\/allasorias.hu\/hirek\/wp-json\/wp\/v2\/posts"}],"about":[{"href":"https:\/\/allasorias.hu\/hirek\/wp-json\/wp\/v2\/types\/post"}],"author":[{"embeddable":true,"href":"https:\/\/allasorias.hu\/hirek\/wp-json\/wp\/v2\/users\/1"}],"replies":[{"embeddable":true,"href":"https:\/\/allasorias.hu\/hirek\/wp-json\/wp\/v2\/comments?post=5779"}],"version-history":[{"count":1,"href":"https:\/\/allasorias.hu\/hirek\/wp-json\/wp\/v2\/posts\/5779\/revisions"}],"predecessor-version":[{"id":5780,"href":"https:\/\/allasorias.hu\/hirek\/wp-json\/wp\/v2\/posts\/5779\/revisions\/5780"}],"wp:featuredmedia":[{"embeddable":true,"href":"https:\/\/allasorias.hu\/hirek\/wp-json\/wp\/v2\/media\/4928"}],"wp:attachment":[{"href":"https:\/\/allasorias.hu\/hirek\/wp-json\/wp\/v2\/media?parent=5779"}],"wp:term":[{"taxonomy":"category","embeddable":true,"href":"https:\/\/allasorias.hu\/hirek\/wp-json\/wp\/v2\/categories?post=5779"},{"taxonomy":"post_tag","embeddable":true,"href":"https:\/\/allasorias.hu\/hirek\/wp-json\/wp\/v2\/tags?post=5779"}],"curies":[{"name":"wp","href":"https:\/\/api.w.org\/{rel}","templated":true}]}}