{"id":5773,"date":"2022-09-05T07:49:57","date_gmt":"2022-09-05T07:49:57","guid":{"rendered":"https:\/\/allasorias.hu\/hirek\/?p=5773"},"modified":"2022-09-13T11:22:43","modified_gmt":"2022-09-13T11:22:43","slug":"tobb-mint-160-ezer-nyugdijas-dolgozik","status":"publish","type":"post","link":"https:\/\/allasorias.hu\/hirek\/tobb-mint-160-ezer-nyugdijas-dolgozik\/","title":{"rendered":"T\u00f6bb mint 160 ezer nyugd\u00edjas dolgozik"},"content":{"rendered":"<p><strong>M\u00edg a kedvez\u0151 szab\u00e1lyok bevezet\u00e9se el\u0151tt t\u00f6bb mint 75 ezren, addig id\u00e9n j\u00faniusban m\u00e1r t\u00f6bb mint 161 ezren dolgoztak nyugd\u00edj mellett. A dolgoz\u00f3 nyugd\u00edjasoknak nem kell t\u00e1rsadalombiztos\u00edt\u00e1si j\u00e1rul\u00e9kot fizetni\u00fck, ezzel az \u00e9rintettek havonta t\u00f6bb milli\u00e1rd forint ad\u00f3t sp\u00f3rolnak meg.<\/strong><\/p>\n<p>A 2019. janu\u00e1r 1-j\u00e9n hat\u00e1lyba l\u00e9pett ad\u00f3kedvezm\u00e9nynek k\u00f6sz\u00f6nhet\u0151en j\u00f3csk\u00e1n megn\u0151tt a dolgoz\u00f3 nyugd\u00edjasok sz\u00e1ma \u2013 t\u00e1j\u00e9koztatta a P\u00e9nz\u00fcgyminiszt\u00e9rium parlamenti \u00e1llamtitk\u00e1ra az MTI-t.\u00a0 M\u00edg a kedvez\u0151 szab\u00e1lyok bevezet\u00e9se el\u0151tt t\u00f6bb mint 75 ezren, addig id\u00e9n j\u00faniusban m\u00e1r t\u00f6bb mint 161 ezren dolgoztak nyugd\u00edj mellett \u2013 hangs\u00falyozta T\u00e1llai Andr\u00e1s. A nyugd\u00edjasoknak csak a 15 sz\u00e1zal\u00e9kos szem\u00e9lyi j\u00f6vedelemad\u00f3t (szja) kell megfizetni\u00fck, a j\u00e1rul\u00e9kkal nem kell foglalkozniuk, vagyis az ad\u00f3kedvezm\u00e9ny l\u00e9nyeg\u00e9ben 14 sz\u00e1zal\u00e9kos megtakar\u00edt\u00e1st jelent \u2013 ismertette. A nyugd\u00edjasok j\u00e1rul\u00e9kmentess\u00e9g\u00e9nek bevezet\u00e9s\u00e9t megel\u0151z\u0151en, 2018-ban brutt\u00f3 sz\u00e1zezer forintb\u00f3l 71 ezer forintot kapott meg egy dolgoz\u00f3 nyugd\u00edjas, miut\u00e1n levont\u00e1k t\u0151le az szja-t \u00e9s a j\u00e1rul\u00e9kokat. Most m\u00e1r csak az szja-val kell sz\u00e1molni, \u00edgy 85 ezer forinthoz juthatnak az \u00e9rintettek \u2013 jelezte az \u00e1llamtitk\u00e1r. A szab\u00e1ly a v\u00e1llalkoz\u00e1soknak is kedvez, a munk\u00e1ltat\u00f3k mentes\u00fclnek a 13 sz\u00e1zal\u00e9kos m\u00e9rt\u00e9k\u0171 szoci\u00e1lis hozz\u00e1j\u00e1rul\u00e1si ad\u00f3 megfizet\u00e9s\u00e9nek k\u00f6telezetts\u00e9ge al\u00f3l. Annak ellen\u00e9re, hogy az orosz\u2013ukr\u00e1n h\u00e1bor\u00fa \u00e9s a br\u00fcsszeli szankci\u00f3s politika er\u0151sen megn\u00f6veli a k\u00f6lts\u00e9gvet\u00e9s kiad\u00e1sait, az \u00e9rintettek j\u00f6v\u0151re is sz\u00e1molhatnak a 13. havi nyugd\u00edjjal \u2013 k\u00f6z\u00f6lte T\u00e1llai Andr\u00e1s.<\/p>\n<p>Forr\u00e1s: szakszervezetek.hu,Vil\u00e1ggazdas\u00e1g<\/p>\n","protected":false},"excerpt":{"rendered":"<p>M\u00edg a kedvez\u0151 szab\u00e1lyok bevezet\u00e9se el\u0151tt t\u00f6bb mint 75 ezren, addig id\u00e9n j\u00faniusban m\u00e1r t\u00f6bb mint 161 ezren dolgoztak nyugd\u00edj mellett. A dolgoz\u00f3 nyugd\u00edjasoknak nem kell t\u00e1rsadalombiztos\u00edt\u00e1si j\u00e1rul\u00e9kot fizetni\u00fck, ezzel az \u00e9rintettek havonta t\u00f6bb milli\u00e1rd forint ad\u00f3t sp\u00f3rolnak meg. A 2019. janu\u00e1r 1-j\u00e9n hat\u00e1lyba l\u00e9pett ad\u00f3kedvezm\u00e9nynek k\u00f6sz\u00f6nhet\u0151en j\u00f3csk\u00e1n megn\u0151tt a dolgoz\u00f3 nyugd\u00edjasok sz\u00e1ma \u2013 t\u00e1j\u00e9koztatta [&hellip;]<\/p>\n","protected":false},"author":1,"featured_media":2856,"comment_status":"open","ping_status":"open","sticky":false,"template":"","format":"standard","meta":{"_monsterinsights_skip_tracking":false,"footnotes":""},"categories":[200],"tags":[],"class_list":["post-5773","post","type-post","status-publish","format-standard","has-post-thumbnail","hentry","category-munkaeropiac"],"aioseo_notices":[],"aioseo_head":"\n\t\t<!-- All in One SEO 5.0.0.1 - aioseo.com -->\n\t<meta name=\"description\" content=\"M\u00edg a kedvez\u0151 szab\u00e1lyok bevezet\u00e9se el\u0151tt t\u00f6bb mint 75 ezren, addig id\u00e9n j\u00faniusban m\u00e1r t\u00f6bb mint 161 ezren dolgoztak nyugd\u00edj mellett. A dolgoz\u00f3 nyugd\u00edjasoknak nem kell t\u00e1rsadalombiztos\u00edt\u00e1si j\u00e1rul\u00e9kot fizetni\u00fck, ezzel az \u00e9rintettek havonta t\u00f6bb milli\u00e1rd forint ad\u00f3t sp\u00f3rolnak meg. A 2019. janu\u00e1r 1-j\u00e9n hat\u00e1lyba l\u00e9pett ad\u00f3kedvezm\u00e9nynek k\u00f6sz\u00f6nhet\u0151en j\u00f3csk\u00e1n megn\u0151tt a dolgoz\u00f3 nyugd\u00edjasok sz\u00e1ma \u2013 t\u00e1j\u00e9koztatta\" \/>\n\t<meta name=\"robots\" content=\"max-image-preview:large\" \/>\n\t<meta name=\"author\" content=\"Juh\u00e1sz P\u00e9ter\"\/>\n\t<link rel=\"canonical\" href=\"https:\/\/allasorias.hu\/hirek\/tobb-mint-160-ezer-nyugdijas-dolgozik\/\" \/>\n\t<meta name=\"generator\" content=\"All in One SEO (AIOSEO) 5.0.0.1\" \/>\n\t\t<meta property=\"og:locale\" content=\"hu_HU\" \/>\n\t\t<meta property=\"og:site_name\" content=\"AllasOrias.hu | H\u00edrek-lapszemle | \u00dczleti h\u00edrek az \u00e1ll\u00e1s \u00e9s a munka vil\u00e1g\u00e1b\u00f3l\" \/>\n\t\t<meta property=\"og:type\" content=\"article\" \/>\n\t\t<meta property=\"og:title\" content=\"T\u00f6bb mint 160 ezer nyugd\u00edjas dolgozik | AllasOrias.hu | H\u00edrek-lapszemle\" \/>\n\t\t<meta property=\"og:description\" content=\"M\u00edg a kedvez\u0151 szab\u00e1lyok bevezet\u00e9se el\u0151tt t\u00f6bb mint 75 ezren, addig id\u00e9n j\u00faniusban m\u00e1r t\u00f6bb mint 161 ezren dolgoztak nyugd\u00edj mellett. A dolgoz\u00f3 nyugd\u00edjasoknak nem kell t\u00e1rsadalombiztos\u00edt\u00e1si j\u00e1rul\u00e9kot fizetni\u00fck, ezzel az \u00e9rintettek havonta t\u00f6bb milli\u00e1rd forint ad\u00f3t sp\u00f3rolnak meg. A 2019. janu\u00e1r 1-j\u00e9n hat\u00e1lyba l\u00e9pett ad\u00f3kedvezm\u00e9nynek k\u00f6sz\u00f6nhet\u0151en j\u00f3csk\u00e1n megn\u0151tt a dolgoz\u00f3 nyugd\u00edjasok sz\u00e1ma \u2013 t\u00e1j\u00e9koztatta\" \/>\n\t\t<meta property=\"og:url\" content=\"https:\/\/allasorias.hu\/hirek\/tobb-mint-160-ezer-nyugdijas-dolgozik\/\" \/>\n\t\t<meta property=\"og:image\" content=\"https:\/\/allasorias.hu\/hirek\/wp-content\/uploads\/2019\/05\/adult-blur-daytime-834863.jpg\" \/>\n\t\t<meta property=\"og:image:secure_url\" content=\"https:\/\/allasorias.hu\/hirek\/wp-content\/uploads\/2019\/05\/adult-blur-daytime-834863.jpg\" \/>\n\t\t<meta property=\"og:image:width\" content=\"640\" \/>\n\t\t<meta property=\"og:image:height\" content=\"426\" \/>\n\t\t<meta property=\"article:published_time\" content=\"2022-09-05T07:49:57+00:00\" \/>\n\t\t<meta property=\"article:modified_time\" content=\"2022-09-13T11:22:43+00:00\" \/>\n\t\t<meta property=\"article:publisher\" content=\"https:\/\/www.facebook.com\/allasorias\" \/>\n\t\t<meta name=\"twitter:card\" content=\"summary_large_image\" \/>\n\t\t<meta name=\"twitter:title\" content=\"T\u00f6bb mint 160 ezer nyugd\u00edjas dolgozik | AllasOrias.hu | H\u00edrek-lapszemle\" \/>\n\t\t<meta name=\"twitter:description\" content=\"M\u00edg a kedvez\u0151 szab\u00e1lyok bevezet\u00e9se el\u0151tt t\u00f6bb mint 75 ezren, addig id\u00e9n j\u00faniusban m\u00e1r t\u00f6bb mint 161 ezren dolgoztak nyugd\u00edj mellett. A dolgoz\u00f3 nyugd\u00edjasoknak nem kell t\u00e1rsadalombiztos\u00edt\u00e1si j\u00e1rul\u00e9kot fizetni\u00fck, ezzel az \u00e9rintettek havonta t\u00f6bb milli\u00e1rd forint ad\u00f3t sp\u00f3rolnak meg. A 2019. janu\u00e1r 1-j\u00e9n hat\u00e1lyba l\u00e9pett ad\u00f3kedvezm\u00e9nynek k\u00f6sz\u00f6nhet\u0151en j\u00f3csk\u00e1n megn\u0151tt a dolgoz\u00f3 nyugd\u00edjasok sz\u00e1ma \u2013 t\u00e1j\u00e9koztatta\" \/>\n\t\t<meta name=\"twitter:image\" content=\"https:\/\/allasorias.hu\/hirek\/wp-content\/uploads\/2019\/05\/adult-blur-daytime-834863.jpg\" \/>\n\t\t<meta name=\"twitter:label1\" content=\"Written by\" \/>\n\t\t<meta name=\"twitter:data1\" content=\"Juh\u00e1sz P\u00e9ter\" \/>\n\t\t<meta name=\"twitter:label2\" content=\"Est. reading time\" \/>\n\t\t<meta name=\"twitter:data2\" content=\"2 minutes\" \/>\n\t\t<script type=\"application\/ld+json\" class=\"aioseo-schema\">\n\t\t\t{\"@context\":\"https:\\\/\\\/schema.org\",\"@graph\":[{\"@type\":\"Article\",\"@id\":\"https:\\\/\\\/allasorias.hu\\\/hirek\\\/tobb-mint-160-ezer-nyugdijas-dolgozik\\\/#article\",\"name\":\"T\\u00f6bb mint 160 ezer nyugd\\u00edjas dolgozik | AllasOrias.hu | H\\u00edrek-lapszemle\",\"headline\":\"T\\u00f6bb mint 160 ezer nyugd\\u00edjas dolgozik\",\"author\":{\"@id\":\"https:\\\/\\\/allasorias.hu\\\/hirek\\\/author\\\/admin-allasorias\\\/#author\"},\"publisher\":{\"@id\":\"https:\\\/\\\/allasorias.hu\\\/hirek\\\/#organization\"},\"image\":{\"@type\":\"ImageObject\",\"url\":\"https:\\\/\\\/allasorias.hu\\\/hirek\\\/wp-content\\\/uploads\\\/2019\\\/05\\\/adult-blur-daytime-834863.jpg\",\"width\":640,\"height\":426},\"datePublished\":\"2022-09-05T07:49:57+02:00\",\"dateModified\":\"2022-09-13T11:22:43+02:00\",\"inLanguage\":\"hu-HU\",\"mainEntityOfPage\":{\"@id\":\"https:\\\/\\\/allasorias.hu\\\/hirek\\\/tobb-mint-160-ezer-nyugdijas-dolgozik\\\/#webpage\"},\"isPartOf\":{\"@id\":\"https:\\\/\\\/allasorias.hu\\\/hirek\\\/tobb-mint-160-ezer-nyugdijas-dolgozik\\\/#webpage\"},\"articleSection\":\"Munkaer\\u0151piac\"},{\"@type\":\"BreadcrumbList\",\"@id\":\"https:\\\/\\\/allasorias.hu\\\/hirek\\\/tobb-mint-160-ezer-nyugdijas-dolgozik\\\/#breadcrumblist\",\"itemListElement\":[{\"@type\":\"ListItem\",\"@id\":\"https:\\\/\\\/allasorias.hu\\\/hirek#listItem\",\"position\":1,\"name\":\"Home\",\"item\":\"https:\\\/\\\/allasorias.hu\\\/hirek\",\"nextItem\":{\"@type\":\"ListItem\",\"@id\":\"https:\\\/\\\/allasorias.hu\\\/hirek\\\/temak\\\/munkaeropiac\\\/#listItem\",\"name\":\"Munkaer\\u0151piac\"}},{\"@type\":\"ListItem\",\"@id\":\"https:\\\/\\\/allasorias.hu\\\/hirek\\\/temak\\\/munkaeropiac\\\/#listItem\",\"position\":2,\"name\":\"Munkaer\\u0151piac\",\"item\":\"https:\\\/\\\/allasorias.hu\\\/hirek\\\/temak\\\/munkaeropiac\\\/\",\"nextItem\":{\"@type\":\"ListItem\",\"@id\":\"https:\\\/\\\/allasorias.hu\\\/hirek\\\/tobb-mint-160-ezer-nyugdijas-dolgozik\\\/#listItem\",\"name\":\"T\\u00f6bb mint 160 ezer nyugd\\u00edjas dolgozik\"},\"previousItem\":{\"@type\":\"ListItem\",\"@id\":\"https:\\\/\\\/allasorias.hu\\\/hirek#listItem\",\"name\":\"Home\"}},{\"@type\":\"ListItem\",\"@id\":\"https:\\\/\\\/allasorias.hu\\\/hirek\\\/tobb-mint-160-ezer-nyugdijas-dolgozik\\\/#listItem\",\"position\":3,\"name\":\"T\\u00f6bb mint 160 ezer nyugd\\u00edjas dolgozik\",\"previousItem\":{\"@type\":\"ListItem\",\"@id\":\"https:\\\/\\\/allasorias.hu\\\/hirek\\\/temak\\\/munkaeropiac\\\/#listItem\",\"name\":\"Munkaer\\u0151piac\"}}]},{\"@type\":\"Organization\",\"@id\":\"https:\\\/\\\/allasorias.hu\\\/hirek\\\/#organization\",\"name\":\"AllasOrias.hu | H\\u00edrek-lapszemle\",\"description\":\"\\u00dczleti h\\u00edrek az \\u00e1ll\\u00e1s \\u00e9s a munka vil\\u00e1g\\u00e1b\\u00f3l\",\"url\":\"https:\\\/\\\/allasorias.hu\\\/hirek\\\/\",\"logo\":{\"@type\":\"ImageObject\",\"url\":\"https:\\\/\\\/allasorias.hu\\\/hirek\\\/wp-content\\\/uploads\\\/2022\\\/10\\\/allasorias_site_facebok_logo.png\",\"@id\":\"https:\\\/\\\/allasorias.hu\\\/hirek\\\/tobb-mint-160-ezer-nyugdijas-dolgozik\\\/#organizationLogo\"},\"image\":{\"@id\":\"https:\\\/\\\/allasorias.hu\\\/hirek\\\/tobb-mint-160-ezer-nyugdijas-dolgozik\\\/#organizationLogo\"},\"sameAs\":[\"https:\\\/\\\/www.facebook.com\\\/allasorias\",\"https:\\\/\\\/www.linkedin.com\\\/company\\\/allasorias\"]},{\"@type\":\"Person\",\"@id\":\"https:\\\/\\\/allasorias.hu\\\/hirek\\\/author\\\/admin-allasorias\\\/#author\",\"url\":\"https:\\\/\\\/allasorias.hu\\\/hirek\\\/author\\\/admin-allasorias\\\/\",\"name\":\"Juh\\u00e1sz P\\u00e9ter\",\"image\":{\"@type\":\"ImageObject\",\"@id\":\"https:\\\/\\\/allasorias.hu\\\/hirek\\\/tobb-mint-160-ezer-nyugdijas-dolgozik\\\/#authorImage\",\"url\":\"https:\\\/\\\/secure.gravatar.com\\\/avatar\\\/36e6bcb83148978b992977cb0f54d22feb0cce8a0a849a9410532bb2623ba4c6?s=96&d=mm&r=g\",\"width\":96,\"height\":96,\"caption\":\"Juh\\u00e1sz P\\u00e9ter\"}},{\"@type\":\"WebPage\",\"@id\":\"https:\\\/\\\/allasorias.hu\\\/hirek\\\/tobb-mint-160-ezer-nyugdijas-dolgozik\\\/#webpage\",\"url\":\"https:\\\/\\\/allasorias.hu\\\/hirek\\\/tobb-mint-160-ezer-nyugdijas-dolgozik\\\/\",\"name\":\"T\\u00f6bb mint 160 ezer nyugd\\u00edjas dolgozik | AllasOrias.hu | H\\u00edrek-lapszemle\",\"description\":\"M\\u00edg a kedvez\\u0151 szab\\u00e1lyok bevezet\\u00e9se el\\u0151tt t\\u00f6bb mint 75 ezren, addig id\\u00e9n j\\u00faniusban m\\u00e1r t\\u00f6bb mint 161 ezren dolgoztak nyugd\\u00edj mellett. A dolgoz\\u00f3 nyugd\\u00edjasoknak nem kell t\\u00e1rsadalombiztos\\u00edt\\u00e1si j\\u00e1rul\\u00e9kot fizetni\\u00fck, ezzel az \\u00e9rintettek havonta t\\u00f6bb milli\\u00e1rd forint ad\\u00f3t sp\\u00f3rolnak meg. A 2019. janu\\u00e1r 1-j\\u00e9n hat\\u00e1lyba l\\u00e9pett ad\\u00f3kedvezm\\u00e9nynek k\\u00f6sz\\u00f6nhet\\u0151en j\\u00f3csk\\u00e1n megn\\u0151tt a dolgoz\\u00f3 nyugd\\u00edjasok sz\\u00e1ma \\u2013 t\\u00e1j\\u00e9koztatta\",\"inLanguage\":\"hu-HU\",\"isPartOf\":{\"@id\":\"https:\\\/\\\/allasorias.hu\\\/hirek\\\/#website\"},\"breadcrumb\":{\"@id\":\"https:\\\/\\\/allasorias.hu\\\/hirek\\\/tobb-mint-160-ezer-nyugdijas-dolgozik\\\/#breadcrumblist\"},\"author\":{\"@id\":\"https:\\\/\\\/allasorias.hu\\\/hirek\\\/author\\\/admin-allasorias\\\/#author\"},\"creator\":{\"@id\":\"https:\\\/\\\/allasorias.hu\\\/hirek\\\/author\\\/admin-allasorias\\\/#author\"},\"image\":{\"@type\":\"ImageObject\",\"url\":\"https:\\\/\\\/allasorias.hu\\\/hirek\\\/wp-content\\\/uploads\\\/2019\\\/05\\\/adult-blur-daytime-834863.jpg\",\"@id\":\"https:\\\/\\\/allasorias.hu\\\/hirek\\\/tobb-mint-160-ezer-nyugdijas-dolgozik\\\/#mainImage\",\"width\":640,\"height\":426},\"primaryImageOfPage\":{\"@id\":\"https:\\\/\\\/allasorias.hu\\\/hirek\\\/tobb-mint-160-ezer-nyugdijas-dolgozik\\\/#mainImage\"},\"datePublished\":\"2022-09-05T07:49:57+02:00\",\"dateModified\":\"2022-09-13T11:22:43+02:00\"},{\"@type\":\"WebSite\",\"@id\":\"https:\\\/\\\/allasorias.hu\\\/hirek\\\/#website\",\"url\":\"https:\\\/\\\/allasorias.hu\\\/hirek\\\/\",\"name\":\"AllasOrias.hu | H\\u00edrek-lapszemle\",\"description\":\"\\u00dczleti h\\u00edrek az \\u00e1ll\\u00e1s \\u00e9s a munka vil\\u00e1g\\u00e1b\\u00f3l\",\"inLanguage\":\"hu-HU\",\"publisher\":{\"@id\":\"https:\\\/\\\/allasorias.hu\\\/hirek\\\/#organization\"}}]}\n\t\t<\/script>\n\t\t<!-- All in One SEO -->\n\n","aioseo_head_json":{"title":"T\u00f6bb mint 160 ezer nyugd\u00edjas dolgozik | AllasOrias.hu | H\u00edrek-lapszemle","description":"M\u00edg a kedvez\u0151 szab\u00e1lyok bevezet\u00e9se el\u0151tt t\u00f6bb mint 75 ezren, addig id\u00e9n j\u00faniusban m\u00e1r t\u00f6bb mint 161 ezren dolgoztak nyugd\u00edj mellett. A dolgoz\u00f3 nyugd\u00edjasoknak nem kell t\u00e1rsadalombiztos\u00edt\u00e1si j\u00e1rul\u00e9kot fizetni\u00fck, ezzel az \u00e9rintettek havonta t\u00f6bb milli\u00e1rd forint ad\u00f3t sp\u00f3rolnak meg. A 2019. janu\u00e1r 1-j\u00e9n hat\u00e1lyba l\u00e9pett ad\u00f3kedvezm\u00e9nynek k\u00f6sz\u00f6nhet\u0151en j\u00f3csk\u00e1n megn\u0151tt a dolgoz\u00f3 nyugd\u00edjasok sz\u00e1ma \u2013 t\u00e1j\u00e9koztatta","canonical_url":"https:\/\/allasorias.hu\/hirek\/tobb-mint-160-ezer-nyugdijas-dolgozik\/","robots":"max-image-preview:large","keywords":"","webmasterTools":{"miscellaneous":""},"schema":{"@context":"https:\/\/schema.org","@graph":[{"@type":"Article","@id":"https:\/\/allasorias.hu\/hirek\/tobb-mint-160-ezer-nyugdijas-dolgozik\/#article","name":"T\u00f6bb mint 160 ezer nyugd\u00edjas dolgozik | AllasOrias.hu | H\u00edrek-lapszemle","headline":"T\u00f6bb mint 160 ezer nyugd\u00edjas dolgozik","author":{"@id":"https:\/\/allasorias.hu\/hirek\/author\/admin-allasorias\/#author"},"publisher":{"@id":"https:\/\/allasorias.hu\/hirek\/#organization"},"image":{"@type":"ImageObject","url":"https:\/\/allasorias.hu\/hirek\/wp-content\/uploads\/2019\/05\/adult-blur-daytime-834863.jpg","width":640,"height":426},"datePublished":"2022-09-05T07:49:57+02:00","dateModified":"2022-09-13T11:22:43+02:00","inLanguage":"hu-HU","mainEntityOfPage":{"@id":"https:\/\/allasorias.hu\/hirek\/tobb-mint-160-ezer-nyugdijas-dolgozik\/#webpage"},"isPartOf":{"@id":"https:\/\/allasorias.hu\/hirek\/tobb-mint-160-ezer-nyugdijas-dolgozik\/#webpage"},"articleSection":"Munkaer\u0151piac"},{"@type":"BreadcrumbList","@id":"https:\/\/allasorias.hu\/hirek\/tobb-mint-160-ezer-nyugdijas-dolgozik\/#breadcrumblist","itemListElement":[{"@type":"ListItem","@id":"https:\/\/allasorias.hu\/hirek#listItem","position":1,"name":"Home","item":"https:\/\/allasorias.hu\/hirek","nextItem":{"@type":"ListItem","@id":"https:\/\/allasorias.hu\/hirek\/temak\/munkaeropiac\/#listItem","name":"Munkaer\u0151piac"}},{"@type":"ListItem","@id":"https:\/\/allasorias.hu\/hirek\/temak\/munkaeropiac\/#listItem","position":2,"name":"Munkaer\u0151piac","item":"https:\/\/allasorias.hu\/hirek\/temak\/munkaeropiac\/","nextItem":{"@type":"ListItem","@id":"https:\/\/allasorias.hu\/hirek\/tobb-mint-160-ezer-nyugdijas-dolgozik\/#listItem","name":"T\u00f6bb mint 160 ezer nyugd\u00edjas dolgozik"},"previousItem":{"@type":"ListItem","@id":"https:\/\/allasorias.hu\/hirek#listItem","name":"Home"}},{"@type":"ListItem","@id":"https:\/\/allasorias.hu\/hirek\/tobb-mint-160-ezer-nyugdijas-dolgozik\/#listItem","position":3,"name":"T\u00f6bb mint 160 ezer nyugd\u00edjas dolgozik","previousItem":{"@type":"ListItem","@id":"https:\/\/allasorias.hu\/hirek\/temak\/munkaeropiac\/#listItem","name":"Munkaer\u0151piac"}}]},{"@type":"Organization","@id":"https:\/\/allasorias.hu\/hirek\/#organization","name":"AllasOrias.hu | H\u00edrek-lapszemle","description":"\u00dczleti h\u00edrek az \u00e1ll\u00e1s \u00e9s a munka vil\u00e1g\u00e1b\u00f3l","url":"https:\/\/allasorias.hu\/hirek\/","logo":{"@type":"ImageObject","url":"https:\/\/allasorias.hu\/hirek\/wp-content\/uploads\/2022\/10\/allasorias_site_facebok_logo.png","@id":"https:\/\/allasorias.hu\/hirek\/tobb-mint-160-ezer-nyugdijas-dolgozik\/#organizationLogo"},"image":{"@id":"https:\/\/allasorias.hu\/hirek\/tobb-mint-160-ezer-nyugdijas-dolgozik\/#organizationLogo"},"sameAs":["https:\/\/www.facebook.com\/allasorias","https:\/\/www.linkedin.com\/company\/allasorias"]},{"@type":"Person","@id":"https:\/\/allasorias.hu\/hirek\/author\/admin-allasorias\/#author","url":"https:\/\/allasorias.hu\/hirek\/author\/admin-allasorias\/","name":"Juh\u00e1sz P\u00e9ter","image":{"@type":"ImageObject","@id":"https:\/\/allasorias.hu\/hirek\/tobb-mint-160-ezer-nyugdijas-dolgozik\/#authorImage","url":"https:\/\/secure.gravatar.com\/avatar\/36e6bcb83148978b992977cb0f54d22feb0cce8a0a849a9410532bb2623ba4c6?s=96&d=mm&r=g","width":96,"height":96,"caption":"Juh\u00e1sz P\u00e9ter"}},{"@type":"WebPage","@id":"https:\/\/allasorias.hu\/hirek\/tobb-mint-160-ezer-nyugdijas-dolgozik\/#webpage","url":"https:\/\/allasorias.hu\/hirek\/tobb-mint-160-ezer-nyugdijas-dolgozik\/","name":"T\u00f6bb mint 160 ezer nyugd\u00edjas dolgozik | AllasOrias.hu | H\u00edrek-lapszemle","description":"M\u00edg a kedvez\u0151 szab\u00e1lyok bevezet\u00e9se el\u0151tt t\u00f6bb mint 75 ezren, addig id\u00e9n j\u00faniusban m\u00e1r t\u00f6bb mint 161 ezren dolgoztak nyugd\u00edj mellett. A dolgoz\u00f3 nyugd\u00edjasoknak nem kell t\u00e1rsadalombiztos\u00edt\u00e1si j\u00e1rul\u00e9kot fizetni\u00fck, ezzel az \u00e9rintettek havonta t\u00f6bb milli\u00e1rd forint ad\u00f3t sp\u00f3rolnak meg. A 2019. janu\u00e1r 1-j\u00e9n hat\u00e1lyba l\u00e9pett ad\u00f3kedvezm\u00e9nynek k\u00f6sz\u00f6nhet\u0151en j\u00f3csk\u00e1n megn\u0151tt a dolgoz\u00f3 nyugd\u00edjasok sz\u00e1ma \u2013 t\u00e1j\u00e9koztatta","inLanguage":"hu-HU","isPartOf":{"@id":"https:\/\/allasorias.hu\/hirek\/#website"},"breadcrumb":{"@id":"https:\/\/allasorias.hu\/hirek\/tobb-mint-160-ezer-nyugdijas-dolgozik\/#breadcrumblist"},"author":{"@id":"https:\/\/allasorias.hu\/hirek\/author\/admin-allasorias\/#author"},"creator":{"@id":"https:\/\/allasorias.hu\/hirek\/author\/admin-allasorias\/#author"},"image":{"@type":"ImageObject","url":"https:\/\/allasorias.hu\/hirek\/wp-content\/uploads\/2019\/05\/adult-blur-daytime-834863.jpg","@id":"https:\/\/allasorias.hu\/hirek\/tobb-mint-160-ezer-nyugdijas-dolgozik\/#mainImage","width":640,"height":426},"primaryImageOfPage":{"@id":"https:\/\/allasorias.hu\/hirek\/tobb-mint-160-ezer-nyugdijas-dolgozik\/#mainImage"},"datePublished":"2022-09-05T07:49:57+02:00","dateModified":"2022-09-13T11:22:43+02:00"},{"@type":"WebSite","@id":"https:\/\/allasorias.hu\/hirek\/#website","url":"https:\/\/allasorias.hu\/hirek\/","name":"AllasOrias.hu | H\u00edrek-lapszemle","description":"\u00dczleti h\u00edrek az \u00e1ll\u00e1s \u00e9s a munka vil\u00e1g\u00e1b\u00f3l","inLanguage":"hu-HU","publisher":{"@id":"https:\/\/allasorias.hu\/hirek\/#organization"}}]},"og:locale":"hu_HU","og:site_name":"AllasOrias.hu | H\u00edrek-lapszemle | \u00dczleti h\u00edrek az \u00e1ll\u00e1s \u00e9s a munka vil\u00e1g\u00e1b\u00f3l","og:type":"article","og:title":"T\u00f6bb mint 160 ezer nyugd\u00edjas dolgozik | AllasOrias.hu | H\u00edrek-lapszemle","og:description":"M\u00edg a kedvez\u0151 szab\u00e1lyok bevezet\u00e9se el\u0151tt t\u00f6bb mint 75 ezren, addig id\u00e9n j\u00faniusban m\u00e1r t\u00f6bb mint 161 ezren dolgoztak nyugd\u00edj mellett. A dolgoz\u00f3 nyugd\u00edjasoknak nem kell t\u00e1rsadalombiztos\u00edt\u00e1si j\u00e1rul\u00e9kot fizetni\u00fck, ezzel az \u00e9rintettek havonta t\u00f6bb milli\u00e1rd forint ad\u00f3t sp\u00f3rolnak meg. A 2019. janu\u00e1r 1-j\u00e9n hat\u00e1lyba l\u00e9pett ad\u00f3kedvezm\u00e9nynek k\u00f6sz\u00f6nhet\u0151en j\u00f3csk\u00e1n megn\u0151tt a dolgoz\u00f3 nyugd\u00edjasok sz\u00e1ma \u2013 t\u00e1j\u00e9koztatta","og:url":"https:\/\/allasorias.hu\/hirek\/tobb-mint-160-ezer-nyugdijas-dolgozik\/","og:image":"https:\/\/allasorias.hu\/hirek\/wp-content\/uploads\/2019\/05\/adult-blur-daytime-834863.jpg","og:image:secure_url":"https:\/\/allasorias.hu\/hirek\/wp-content\/uploads\/2019\/05\/adult-blur-daytime-834863.jpg","og:image:width":640,"og:image:height":426,"article:published_time":"2022-09-05T07:49:57+00:00","article:modified_time":"2022-09-13T11:22:43+00:00","article:publisher":"https:\/\/www.facebook.com\/allasorias","twitter:card":"summary_large_image","twitter:title":"T\u00f6bb mint 160 ezer nyugd\u00edjas dolgozik | AllasOrias.hu | H\u00edrek-lapszemle","twitter:description":"M\u00edg a kedvez\u0151 szab\u00e1lyok bevezet\u00e9se el\u0151tt t\u00f6bb mint 75 ezren, addig id\u00e9n j\u00faniusban m\u00e1r t\u00f6bb mint 161 ezren dolgoztak nyugd\u00edj mellett. A dolgoz\u00f3 nyugd\u00edjasoknak nem kell t\u00e1rsadalombiztos\u00edt\u00e1si j\u00e1rul\u00e9kot fizetni\u00fck, ezzel az \u00e9rintettek havonta t\u00f6bb milli\u00e1rd forint ad\u00f3t sp\u00f3rolnak meg. A 2019. janu\u00e1r 1-j\u00e9n hat\u00e1lyba l\u00e9pett ad\u00f3kedvezm\u00e9nynek k\u00f6sz\u00f6nhet\u0151en j\u00f3csk\u00e1n megn\u0151tt a dolgoz\u00f3 nyugd\u00edjasok sz\u00e1ma \u2013 t\u00e1j\u00e9koztatta","twitter:image":"https:\/\/allasorias.hu\/hirek\/wp-content\/uploads\/2019\/05\/adult-blur-daytime-834863.jpg","twitter:label1":"Written by","twitter:data1":"Juh\u00e1sz P\u00e9ter","twitter:label2":"Est. reading time","twitter:data2":"2 minutes"},"aioseo_meta_data":{"post_id":"5773","title":null,"description":null,"keywords":[],"keyphrases":{"focus":{"keyphrase":"","score":0,"analysis":{"keyphraseInTitle":{"score":0,"maxScore":9,"error":1}}},"additional":[]},"primary_term":null,"canonical_url":null,"og_title":null,"og_description":null,"og_object_type":"default","og_image_type":"default","og_image_url":null,"og_image_width":null,"og_image_height":null,"og_image_custom_url":null,"og_image_custom_fields":null,"og_video":"","og_custom_url":null,"og_article_section":null,"og_article_tags":[],"twitter_use_og":false,"twitter_card":"default","twitter_image_type":"default","twitter_image_url":null,"twitter_image_custom_url":null,"twitter_image_custom_fields":null,"twitter_title":null,"twitter_description":null,"schema":{"blockGraphs":[],"customGraphs":[],"default":{"data":{"Article":[],"Course":[],"Dataset":[],"FAQPage":[],"Movie":[],"Person":[],"Product":[],"ProductReview":[],"Car":[],"Recipe":[],"Service":[],"SoftwareApplication":[],"WebPage":[]},"graphName":"","isEnabled":true},"graphs":[],"defaultGraph":"Article","defaultPostTypeGraph":""},"schema_type":"default","schema_type_options":"{\"article\":{\"articleType\":\"BlogPosting\"},\"course\":{\"name\":\"\",\"description\":\"\",\"provider\":\"\"},\"faq\":{\"pages\":[]},\"product\":{\"reviews\":[]},\"recipe\":{\"ingredients\":[],\"instructions\":[],\"keywords\":[]},\"software\":{\"reviews\":[],\"operatingSystems\":[]},\"webPage\":{\"webPageType\":\"WebPage\"}}","pillar_content":false,"robots_default":true,"robots_noindex":false,"robots_noarchive":false,"robots_nosnippet":false,"robots_nofollow":false,"robots_noimageindex":false,"robots_noodp":false,"robots_notranslate":false,"robots_max_snippet":"-1","robots_max_videopreview":"-1","robots_max_imagepreview":"large","priority":null,"frequency":"default","location":null,"local_seo":null,"breadcrumb_settings":null,"limit_modified_date":false,"ai":null,"created":"2022-09-05 07:45:40","updated":"2025-10-02 17:10:45","seo_analyzer_scan_date":null,"focus_keyword":null,"additional_keywords":null,"truseo_locale":null},"aioseo_breadcrumb":"<div class=\"aioseo-breadcrumbs\"><span class=\"aioseo-breadcrumb\">\n\t\t\t<a href=\"https:\/\/allasorias.hu\/hirek\" title=\"Home\">Home<\/a>\n\t\t<\/span><span class=\"aioseo-breadcrumb-separator\">&raquo;<\/span><span class=\"aioseo-breadcrumb\">\n\t\t\t<a href=\"https:\/\/allasorias.hu\/hirek\/temak\/munkaeropiac\/\" title=\"Munkaer\u0151piac\">Munkaer\u0151piac<\/a>\n\t\t<\/span><span class=\"aioseo-breadcrumb-separator\">&raquo;<\/span><span class=\"aioseo-breadcrumb\">\n\t\t\tT\u00f6bb mint 160 ezer nyugd\u00edjas dolgozik\n\t\t<\/span><\/div>","aioseo_breadcrumb_json":[{"label":"Home","link":"https:\/\/allasorias.hu\/hirek"},{"label":"Munkaer\u0151piac","link":"https:\/\/allasorias.hu\/hirek\/temak\/munkaeropiac\/"},{"label":"T\u00f6bb mint 160 ezer nyugd\u00edjas dolgozik","link":"https:\/\/allasorias.hu\/hirek\/tobb-mint-160-ezer-nyugdijas-dolgozik\/"}],"_links":{"self":[{"href":"https:\/\/allasorias.hu\/hirek\/wp-json\/wp\/v2\/posts\/5773","targetHints":{"allow":["GET"]}}],"collection":[{"href":"https:\/\/allasorias.hu\/hirek\/wp-json\/wp\/v2\/posts"}],"about":[{"href":"https:\/\/allasorias.hu\/hirek\/wp-json\/wp\/v2\/types\/post"}],"author":[{"embeddable":true,"href":"https:\/\/allasorias.hu\/hirek\/wp-json\/wp\/v2\/users\/1"}],"replies":[{"embeddable":true,"href":"https:\/\/allasorias.hu\/hirek\/wp-json\/wp\/v2\/comments?post=5773"}],"version-history":[{"count":2,"href":"https:\/\/allasorias.hu\/hirek\/wp-json\/wp\/v2\/posts\/5773\/revisions"}],"predecessor-version":[{"id":5788,"href":"https:\/\/allasorias.hu\/hirek\/wp-json\/wp\/v2\/posts\/5773\/revisions\/5788"}],"wp:featuredmedia":[{"embeddable":true,"href":"https:\/\/allasorias.hu\/hirek\/wp-json\/wp\/v2\/media\/2856"}],"wp:attachment":[{"href":"https:\/\/allasorias.hu\/hirek\/wp-json\/wp\/v2\/media?parent=5773"}],"wp:term":[{"taxonomy":"category","embeddable":true,"href":"https:\/\/allasorias.hu\/hirek\/wp-json\/wp\/v2\/categories?post=5773"},{"taxonomy":"post_tag","embeddable":true,"href":"https:\/\/allasorias.hu\/hirek\/wp-json\/wp\/v2\/tags?post=5773"}],"curies":[{"name":"wp","href":"https:\/\/api.w.org\/{rel}","templated":true}]}}