{"id":5771,"date":"2022-09-02T07:15:50","date_gmt":"2022-09-02T07:15:50","guid":{"rendered":"https:\/\/allasorias.hu\/hirek\/?p=5771"},"modified":"2022-09-01T07:16:44","modified_gmt":"2022-09-01T07:16:44","slug":"sok-vallalkozas-igenyelt-tamogatast","status":"publish","type":"post","link":"https:\/\/allasorias.hu\/hirek\/sok-vallalkozas-igenyelt-tamogatast\/","title":{"rendered":"Sok v\u00e1llalkoz\u00e1s ig\u00e9nyelt  t\u00e1mogat\u00e1st"},"content":{"rendered":"<p><strong>A V\u00e1llalkoz\u00e1sok region\u00e1lis munkaer\u0151 t\u00e1mogat\u00e1sa programban az \u00fajonnan felvett \u00e1ll\u00e1skeres\u0151k ut\u00e1n p\u00e1ly\u00e1zhatnak vissza nem t\u00e9r\u00edtend\u0151 b\u00e9rk\u00f6lts\u00e9g t\u00e1mogat\u00e1sra a c\u00e9gek Az augusztus k\u00f6zep\u00e9n megny\u00edlt lehet\u0151s\u00e9ggel \u00e9lve eddig csaknem 1300 vid\u00e9ki \u00e1ll\u00e1skeres\u0151 elhelyezked\u00e9s\u00e9hez ig\u00e9nyelt\u00e9k a havonta ak\u00e1r 150 ezer forint b\u00e9rk\u00f6lts\u00e9g t\u00e1mogat\u00e1st a munkaad\u00f3k. A teljes k\u00e9relmezett forr\u00e1smennyis\u00e9g az 1,1 milli\u00e1rd forintot k\u00f6zel\u00edti, t\u00f6bb mint 300 milli\u00f3 forintot m\u00e1r oda is \u00edt\u00e9ltek a foglalkoztat\u00f3knak &#8211; ismertette szerdai k\u00f6zlem\u00e9ny\u00e9ben a Technol\u00f3giai \u00e9s Ipari Miniszt\u00e9rium (TIM).<\/strong><\/p>\n<p><strong>\u00a0<\/strong>A V\u00e1llalkoz\u00e1sok region\u00e1lis munkaer\u0151 t\u00e1mogat\u00e1sa programban az \u00fajonnan felvett \u00e1ll\u00e1skeres\u0151k ut\u00e1n p\u00e1ly\u00e1zhatnak vissza nem t\u00e9r\u00edtend\u0151 b\u00e9rk\u00f6lts\u00e9g t\u00e1mogat\u00e1sra a c\u00e9gek. A lehet\u0151s\u00e9g Budapesten \u00e9s Pest megy\u00e9n k\u00edv\u00fcl az orsz\u00e1g minden r\u00e9sz\u00e9ben, az \u00f6sszes vid\u00e9ki r\u00e9gi\u00f3ban el\u00e9rhet\u0151 2022. augusztus 15. \u00f3ta.A t\u00e1mogat\u00e1s c\u00e9lcsoportj\u00e1ba tartozik, aki m\u00e9g nem t\u00f6lt\u00f6tte be a 25. \u00e9let\u00e9v\u00e9t, 25-30 \u00e9v k\u00f6z\u00f6tti p\u00e1lyakezd\u0151, 50 \u00e9v feletti, legfeljebb alapfok\u00fa iskolai v\u00e9gzetts\u00e9ggel rendelkezik, legal\u00e1bb 6 h\u00f3napja regisztr\u00e1lt \u00e1ll\u00e1skeres\u0151. De hasonl\u00f3k\u00e9ppen t\u00e1mogathat\u00f3 az is, aki legfeljebb 30 napja l\u00e9pett ki a k\u00f6zfoglalkoztat\u00e1sb\u00f3l, megv\u00e1ltozott munkak\u00e9pess\u00e9g\u0171, kisgyermeket nevel, \u00e1pol\u00e1si d\u00edjban r\u00e9szes\u00fcl, vagy a dokument\u00e1ci\u00f3ban felsorolt vid\u00e9ki kistelep\u00fcl\u00e9sek valamelyik\u00e9nek lakosa &#8211; id\u00e9zte fel a miniszt\u00e9rium. A t\u00e1mogat\u00e1s m\u00e9rt\u00e9ke a fenti csoportok legal\u00e1bb egyik\u00e9be besorolhat\u00f3 \u00e1ll\u00e1skeres\u0151 foglalkoztat\u00e1sa eset\u00e9n a foglalkoztat\u00f3t terhel\u0151 brutt\u00f3 b\u00e9r \u00e9s a t\u00e9nylegesen \u00e1tutalt szoci\u00e1lis hozz\u00e1j\u00e1rul\u00e1si ad\u00f3 fele. Ha az \u00fajonnan felvett munkat\u00e1rs t\u00f6bb felsorolt krit\u00e9riumnak is megfelel, a brutt\u00f3 b\u00e9r \u00e9s szoch\u00f3 legfeljebb h\u00e1romnegyed\u00e9t v\u00e1llalhatja \u00e1t az \u00e1llam. A munkaad\u00f3 teljes, napi 8 \u00f3r\u00e1s munkaid\u0151 eset\u00e9n fejenk\u00e9nt legfeljebb havi 150 ezer forint b\u00e9rt\u00e1mogat\u00e1st kaphat ak\u00e1r hat h\u00f3napon \u00e1t. Az els\u0151 k\u00e9t h\u00e9tben a legt\u00f6bb \u00e1ll\u00e1skeres\u0151 ut\u00e1n Baranya, B\u00e9k\u00e9s \u00e9s Veszpr\u00e9m megy\u00e9ben \u00edt\u00e9ltek meg t\u00e1mogat\u00e1st, az \u00e1gazati rangsorban az \u00e9p\u00edt\u0151ipar, a feldolgoz\u00f3ipar \u00e9s a kereskedelem \u00e1ll az \u00e9len. A k\u00f6z\u00e9p-magyarorsz\u00e1gi r\u00e9gi\u00f3ban a V\u00e1llalkoz\u00e1sok munkaer\u0151 t\u00e1mogat\u00e1sa \u00f6szt\u00f6nzi a c\u00e9geket az \u00e1ll\u00e1skeres\u0151k felv\u00e9tel\u00e9re. E programnak k\u00f6sz\u00f6nhet\u0151en eddig orsz\u00e1gszerte k\u00f6zel 50 ezren helyezkedtek el \u00f6sszesen mintegy 32 milli\u00e1rd forint t\u00e1mogat\u00e1ssal. Szint\u00e9n augusztusban indult \u00fajra a k\u00f6zfoglalkoztatottak versenyszf\u00e9r\u00e1ba val\u00f3 \u00e1tl\u00e9p\u00e9s\u00e9t \u00f6szt\u00f6nz\u0151 p\u00e1ly\u00e1zat. A h\u00f3nap k\u00f6zep\u00e9t\u0151l ig\u00e9nyelhet\u0151 ism\u00e9t a lakhat\u00e1si \u00e9s utaz\u00e1si t\u00e1mogat\u00e1s is, ami a mobilit\u00e1s \u00e9l\u00e9nk\u00edt\u00e9s\u00e9vel szolg\u00e1lja a foglalkoztat\u00e1s tov\u00e1bbi n\u00f6vel\u00e9s\u00e9t. A r\u00e9szletekr\u0151l a www.munka.hu oldalon \u00e9rdemes t\u00e1j\u00e9koz\u00f3dni &#8211; h\u00edvta fel a figyelmet a TIM.<\/p>\n<p>Forr\u00e1s: profitline.hu<\/p>\n","protected":false},"excerpt":{"rendered":"<p>A V\u00e1llalkoz\u00e1sok region\u00e1lis munkaer\u0151 t\u00e1mogat\u00e1sa programban az \u00fajonnan felvett \u00e1ll\u00e1skeres\u0151k ut\u00e1n p\u00e1ly\u00e1zhatnak vissza nem t\u00e9r\u00edtend\u0151 b\u00e9rk\u00f6lts\u00e9g t\u00e1mogat\u00e1sra a c\u00e9gek Az augusztus k\u00f6zep\u00e9n megny\u00edlt lehet\u0151s\u00e9ggel \u00e9lve eddig csaknem 1300 vid\u00e9ki \u00e1ll\u00e1skeres\u0151 elhelyezked\u00e9s\u00e9hez ig\u00e9nyelt\u00e9k a havonta ak\u00e1r 150 ezer forint b\u00e9rk\u00f6lts\u00e9g t\u00e1mogat\u00e1st a munkaad\u00f3k. A teljes k\u00e9relmezett forr\u00e1smennyis\u00e9g az 1,1 milli\u00e1rd forintot k\u00f6zel\u00edti, t\u00f6bb mint 300 milli\u00f3 [&hellip;]<\/p>\n","protected":false},"author":1,"featured_media":4950,"comment_status":"open","ping_status":"open","sticky":false,"template":"","format":"standard","meta":{"_monsterinsights_skip_tracking":false,"footnotes":""},"categories":[198],"tags":[],"class_list":["post-5771","post","type-post","status-publish","format-standard","has-post-thumbnail","hentry","category-gazdasag"],"aioseo_notices":[],"aioseo_head":"\n\t\t<!-- All in One SEO 5.0.0.1 - aioseo.com -->\n\t<meta name=\"description\" content=\"A V\u00e1llalkoz\u00e1sok region\u00e1lis munkaer\u0151 t\u00e1mogat\u00e1sa programban az \u00fajonnan felvett \u00e1ll\u00e1skeres\u0151k ut\u00e1n p\u00e1ly\u00e1zhatnak vissza nem t\u00e9r\u00edtend\u0151 b\u00e9rk\u00f6lts\u00e9g t\u00e1mogat\u00e1sra a c\u00e9gek Az augusztus k\u00f6zep\u00e9n megny\u00edlt lehet\u0151s\u00e9ggel \u00e9lve eddig csaknem 1300 vid\u00e9ki \u00e1ll\u00e1skeres\u0151 elhelyezked\u00e9s\u00e9hez ig\u00e9nyelt\u00e9k a havonta ak\u00e1r 150 ezer forint b\u00e9rk\u00f6lts\u00e9g t\u00e1mogat\u00e1st a munkaad\u00f3k. A teljes k\u00e9relmezett forr\u00e1smennyis\u00e9g az 1,1 milli\u00e1rd forintot k\u00f6zel\u00edti, t\u00f6bb mint 300 milli\u00f3\" \/>\n\t<meta name=\"robots\" content=\"max-image-preview:large\" \/>\n\t<meta name=\"author\" content=\"Juh\u00e1sz P\u00e9ter\"\/>\n\t<link rel=\"canonical\" href=\"https:\/\/allasorias.hu\/hirek\/sok-vallalkozas-igenyelt-tamogatast\/\" \/>\n\t<meta name=\"generator\" content=\"All in One SEO (AIOSEO) 5.0.0.1\" \/>\n\t\t<meta property=\"og:locale\" content=\"hu_HU\" \/>\n\t\t<meta property=\"og:site_name\" content=\"AllasOrias.hu | H\u00edrek-lapszemle | \u00dczleti h\u00edrek az \u00e1ll\u00e1s \u00e9s a munka vil\u00e1g\u00e1b\u00f3l\" \/>\n\t\t<meta property=\"og:type\" content=\"article\" \/>\n\t\t<meta property=\"og:title\" content=\"Sok v\u00e1llalkoz\u00e1s ig\u00e9nyelt t\u00e1mogat\u00e1st | AllasOrias.hu | H\u00edrek-lapszemle\" \/>\n\t\t<meta property=\"og:description\" content=\"A V\u00e1llalkoz\u00e1sok region\u00e1lis munkaer\u0151 t\u00e1mogat\u00e1sa programban az \u00fajonnan felvett \u00e1ll\u00e1skeres\u0151k ut\u00e1n p\u00e1ly\u00e1zhatnak vissza nem t\u00e9r\u00edtend\u0151 b\u00e9rk\u00f6lts\u00e9g t\u00e1mogat\u00e1sra a c\u00e9gek Az augusztus k\u00f6zep\u00e9n megny\u00edlt lehet\u0151s\u00e9ggel \u00e9lve eddig csaknem 1300 vid\u00e9ki \u00e1ll\u00e1skeres\u0151 elhelyezked\u00e9s\u00e9hez ig\u00e9nyelt\u00e9k a havonta ak\u00e1r 150 ezer forint b\u00e9rk\u00f6lts\u00e9g t\u00e1mogat\u00e1st a munkaad\u00f3k. A teljes k\u00e9relmezett forr\u00e1smennyis\u00e9g az 1,1 milli\u00e1rd forintot k\u00f6zel\u00edti, t\u00f6bb mint 300 milli\u00f3\" \/>\n\t\t<meta property=\"og:url\" content=\"https:\/\/allasorias.hu\/hirek\/sok-vallalkozas-igenyelt-tamogatast\/\" \/>\n\t\t<meta property=\"og:image\" content=\"https:\/\/allasorias.hu\/hirek\/wp-content\/uploads\/2021\/07\/graph.jpg\" \/>\n\t\t<meta property=\"og:image:secure_url\" content=\"https:\/\/allasorias.hu\/hirek\/wp-content\/uploads\/2021\/07\/graph.jpg\" \/>\n\t\t<meta property=\"og:image:width\" content=\"1920\" \/>\n\t\t<meta property=\"og:image:height\" content=\"1001\" \/>\n\t\t<meta property=\"article:published_time\" content=\"2022-09-02T07:15:50+00:00\" \/>\n\t\t<meta property=\"article:modified_time\" content=\"2022-09-01T07:16:44+00:00\" \/>\n\t\t<meta property=\"article:publisher\" content=\"https:\/\/www.facebook.com\/allasorias\" \/>\n\t\t<meta name=\"twitter:card\" content=\"summary_large_image\" \/>\n\t\t<meta name=\"twitter:title\" content=\"Sok v\u00e1llalkoz\u00e1s ig\u00e9nyelt t\u00e1mogat\u00e1st | AllasOrias.hu | H\u00edrek-lapszemle\" \/>\n\t\t<meta name=\"twitter:description\" content=\"A V\u00e1llalkoz\u00e1sok region\u00e1lis munkaer\u0151 t\u00e1mogat\u00e1sa programban az \u00fajonnan felvett \u00e1ll\u00e1skeres\u0151k ut\u00e1n p\u00e1ly\u00e1zhatnak vissza nem t\u00e9r\u00edtend\u0151 b\u00e9rk\u00f6lts\u00e9g t\u00e1mogat\u00e1sra a c\u00e9gek Az augusztus k\u00f6zep\u00e9n megny\u00edlt lehet\u0151s\u00e9ggel \u00e9lve eddig csaknem 1300 vid\u00e9ki \u00e1ll\u00e1skeres\u0151 elhelyezked\u00e9s\u00e9hez ig\u00e9nyelt\u00e9k a havonta ak\u00e1r 150 ezer forint b\u00e9rk\u00f6lts\u00e9g t\u00e1mogat\u00e1st a munkaad\u00f3k. A teljes k\u00e9relmezett forr\u00e1smennyis\u00e9g az 1,1 milli\u00e1rd forintot k\u00f6zel\u00edti, t\u00f6bb mint 300 milli\u00f3\" \/>\n\t\t<meta name=\"twitter:image\" content=\"https:\/\/allasorias.hu\/hirek\/wp-content\/uploads\/2021\/07\/graph.jpg\" \/>\n\t\t<meta name=\"twitter:label1\" content=\"Written by\" \/>\n\t\t<meta name=\"twitter:data1\" content=\"Juh\u00e1sz P\u00e9ter\" \/>\n\t\t<meta name=\"twitter:label2\" content=\"Est. reading time\" \/>\n\t\t<meta name=\"twitter:data2\" content=\"3 minutes\" \/>\n\t\t<script type=\"application\/ld+json\" class=\"aioseo-schema\">\n\t\t\t{\"@context\":\"https:\\\/\\\/schema.org\",\"@graph\":[{\"@type\":\"Article\",\"@id\":\"https:\\\/\\\/allasorias.hu\\\/hirek\\\/sok-vallalkozas-igenyelt-tamogatast\\\/#article\",\"name\":\"Sok v\\u00e1llalkoz\\u00e1s ig\\u00e9nyelt t\\u00e1mogat\\u00e1st | AllasOrias.hu | H\\u00edrek-lapszemle\",\"headline\":\"Sok v\\u00e1llalkoz\\u00e1s ig\\u00e9nyelt  t\\u00e1mogat\\u00e1st\",\"author\":{\"@id\":\"https:\\\/\\\/allasorias.hu\\\/hirek\\\/author\\\/admin-allasorias\\\/#author\"},\"publisher\":{\"@id\":\"https:\\\/\\\/allasorias.hu\\\/hirek\\\/#organization\"},\"image\":{\"@type\":\"ImageObject\",\"url\":\"https:\\\/\\\/allasorias.hu\\\/hirek\\\/wp-content\\\/uploads\\\/2021\\\/07\\\/graph.jpg\",\"width\":1920,\"height\":1001,\"caption\":\"Business development to success and growing growth concept. Businessman pointing arrow graph corporate future growth plan\"},\"datePublished\":\"2022-09-02T07:15:50+02:00\",\"dateModified\":\"2022-09-01T07:16:44+02:00\",\"inLanguage\":\"hu-HU\",\"mainEntityOfPage\":{\"@id\":\"https:\\\/\\\/allasorias.hu\\\/hirek\\\/sok-vallalkozas-igenyelt-tamogatast\\\/#webpage\"},\"isPartOf\":{\"@id\":\"https:\\\/\\\/allasorias.hu\\\/hirek\\\/sok-vallalkozas-igenyelt-tamogatast\\\/#webpage\"},\"articleSection\":\"Gazdas\\u00e1g\"},{\"@type\":\"BreadcrumbList\",\"@id\":\"https:\\\/\\\/allasorias.hu\\\/hirek\\\/sok-vallalkozas-igenyelt-tamogatast\\\/#breadcrumblist\",\"itemListElement\":[{\"@type\":\"ListItem\",\"@id\":\"https:\\\/\\\/allasorias.hu\\\/hirek#listItem\",\"position\":1,\"name\":\"Home\",\"item\":\"https:\\\/\\\/allasorias.hu\\\/hirek\",\"nextItem\":{\"@type\":\"ListItem\",\"@id\":\"https:\\\/\\\/allasorias.hu\\\/hirek\\\/temak\\\/gazdasag\\\/#listItem\",\"name\":\"Gazdas\\u00e1g\"}},{\"@type\":\"ListItem\",\"@id\":\"https:\\\/\\\/allasorias.hu\\\/hirek\\\/temak\\\/gazdasag\\\/#listItem\",\"position\":2,\"name\":\"Gazdas\\u00e1g\",\"item\":\"https:\\\/\\\/allasorias.hu\\\/hirek\\\/temak\\\/gazdasag\\\/\",\"nextItem\":{\"@type\":\"ListItem\",\"@id\":\"https:\\\/\\\/allasorias.hu\\\/hirek\\\/sok-vallalkozas-igenyelt-tamogatast\\\/#listItem\",\"name\":\"Sok v\\u00e1llalkoz\\u00e1s ig\\u00e9nyelt  t\\u00e1mogat\\u00e1st\"},\"previousItem\":{\"@type\":\"ListItem\",\"@id\":\"https:\\\/\\\/allasorias.hu\\\/hirek#listItem\",\"name\":\"Home\"}},{\"@type\":\"ListItem\",\"@id\":\"https:\\\/\\\/allasorias.hu\\\/hirek\\\/sok-vallalkozas-igenyelt-tamogatast\\\/#listItem\",\"position\":3,\"name\":\"Sok v\\u00e1llalkoz\\u00e1s ig\\u00e9nyelt  t\\u00e1mogat\\u00e1st\",\"previousItem\":{\"@type\":\"ListItem\",\"@id\":\"https:\\\/\\\/allasorias.hu\\\/hirek\\\/temak\\\/gazdasag\\\/#listItem\",\"name\":\"Gazdas\\u00e1g\"}}]},{\"@type\":\"Organization\",\"@id\":\"https:\\\/\\\/allasorias.hu\\\/hirek\\\/#organization\",\"name\":\"AllasOrias.hu | H\\u00edrek-lapszemle\",\"description\":\"\\u00dczleti h\\u00edrek az \\u00e1ll\\u00e1s \\u00e9s a munka vil\\u00e1g\\u00e1b\\u00f3l\",\"url\":\"https:\\\/\\\/allasorias.hu\\\/hirek\\\/\",\"logo\":{\"@type\":\"ImageObject\",\"url\":\"https:\\\/\\\/allasorias.hu\\\/hirek\\\/wp-content\\\/uploads\\\/2022\\\/10\\\/allasorias_site_facebok_logo.png\",\"@id\":\"https:\\\/\\\/allasorias.hu\\\/hirek\\\/sok-vallalkozas-igenyelt-tamogatast\\\/#organizationLogo\"},\"image\":{\"@id\":\"https:\\\/\\\/allasorias.hu\\\/hirek\\\/sok-vallalkozas-igenyelt-tamogatast\\\/#organizationLogo\"},\"sameAs\":[\"https:\\\/\\\/www.facebook.com\\\/allasorias\",\"https:\\\/\\\/www.linkedin.com\\\/company\\\/allasorias\"]},{\"@type\":\"Person\",\"@id\":\"https:\\\/\\\/allasorias.hu\\\/hirek\\\/author\\\/admin-allasorias\\\/#author\",\"url\":\"https:\\\/\\\/allasorias.hu\\\/hirek\\\/author\\\/admin-allasorias\\\/\",\"name\":\"Juh\\u00e1sz P\\u00e9ter\",\"image\":{\"@type\":\"ImageObject\",\"@id\":\"https:\\\/\\\/allasorias.hu\\\/hirek\\\/sok-vallalkozas-igenyelt-tamogatast\\\/#authorImage\",\"url\":\"https:\\\/\\\/secure.gravatar.com\\\/avatar\\\/36e6bcb83148978b992977cb0f54d22feb0cce8a0a849a9410532bb2623ba4c6?s=96&d=mm&r=g\",\"width\":96,\"height\":96,\"caption\":\"Juh\\u00e1sz P\\u00e9ter\"}},{\"@type\":\"WebPage\",\"@id\":\"https:\\\/\\\/allasorias.hu\\\/hirek\\\/sok-vallalkozas-igenyelt-tamogatast\\\/#webpage\",\"url\":\"https:\\\/\\\/allasorias.hu\\\/hirek\\\/sok-vallalkozas-igenyelt-tamogatast\\\/\",\"name\":\"Sok v\\u00e1llalkoz\\u00e1s ig\\u00e9nyelt t\\u00e1mogat\\u00e1st | AllasOrias.hu | H\\u00edrek-lapszemle\",\"description\":\"A V\\u00e1llalkoz\\u00e1sok region\\u00e1lis munkaer\\u0151 t\\u00e1mogat\\u00e1sa programban az \\u00fajonnan felvett \\u00e1ll\\u00e1skeres\\u0151k ut\\u00e1n p\\u00e1ly\\u00e1zhatnak vissza nem t\\u00e9r\\u00edtend\\u0151 b\\u00e9rk\\u00f6lts\\u00e9g t\\u00e1mogat\\u00e1sra a c\\u00e9gek Az augusztus k\\u00f6zep\\u00e9n megny\\u00edlt lehet\\u0151s\\u00e9ggel \\u00e9lve eddig csaknem 1300 vid\\u00e9ki \\u00e1ll\\u00e1skeres\\u0151 elhelyezked\\u00e9s\\u00e9hez ig\\u00e9nyelt\\u00e9k a havonta ak\\u00e1r 150 ezer forint b\\u00e9rk\\u00f6lts\\u00e9g t\\u00e1mogat\\u00e1st a munkaad\\u00f3k. A teljes k\\u00e9relmezett forr\\u00e1smennyis\\u00e9g az 1,1 milli\\u00e1rd forintot k\\u00f6zel\\u00edti, t\\u00f6bb mint 300 milli\\u00f3\",\"inLanguage\":\"hu-HU\",\"isPartOf\":{\"@id\":\"https:\\\/\\\/allasorias.hu\\\/hirek\\\/#website\"},\"breadcrumb\":{\"@id\":\"https:\\\/\\\/allasorias.hu\\\/hirek\\\/sok-vallalkozas-igenyelt-tamogatast\\\/#breadcrumblist\"},\"author\":{\"@id\":\"https:\\\/\\\/allasorias.hu\\\/hirek\\\/author\\\/admin-allasorias\\\/#author\"},\"creator\":{\"@id\":\"https:\\\/\\\/allasorias.hu\\\/hirek\\\/author\\\/admin-allasorias\\\/#author\"},\"image\":{\"@type\":\"ImageObject\",\"url\":\"https:\\\/\\\/allasorias.hu\\\/hirek\\\/wp-content\\\/uploads\\\/2021\\\/07\\\/graph.jpg\",\"@id\":\"https:\\\/\\\/allasorias.hu\\\/hirek\\\/sok-vallalkozas-igenyelt-tamogatast\\\/#mainImage\",\"width\":1920,\"height\":1001,\"caption\":\"Business development to success and growing growth concept. Businessman pointing arrow graph corporate future growth plan\"},\"primaryImageOfPage\":{\"@id\":\"https:\\\/\\\/allasorias.hu\\\/hirek\\\/sok-vallalkozas-igenyelt-tamogatast\\\/#mainImage\"},\"datePublished\":\"2022-09-02T07:15:50+02:00\",\"dateModified\":\"2022-09-01T07:16:44+02:00\"},{\"@type\":\"WebSite\",\"@id\":\"https:\\\/\\\/allasorias.hu\\\/hirek\\\/#website\",\"url\":\"https:\\\/\\\/allasorias.hu\\\/hirek\\\/\",\"name\":\"AllasOrias.hu | H\\u00edrek-lapszemle\",\"description\":\"\\u00dczleti h\\u00edrek az \\u00e1ll\\u00e1s \\u00e9s a munka vil\\u00e1g\\u00e1b\\u00f3l\",\"inLanguage\":\"hu-HU\",\"publisher\":{\"@id\":\"https:\\\/\\\/allasorias.hu\\\/hirek\\\/#organization\"}}]}\n\t\t<\/script>\n\t\t<!-- All in One SEO -->\n\n","aioseo_head_json":{"title":"Sok v\u00e1llalkoz\u00e1s ig\u00e9nyelt t\u00e1mogat\u00e1st | AllasOrias.hu | H\u00edrek-lapszemle","description":"A V\u00e1llalkoz\u00e1sok region\u00e1lis munkaer\u0151 t\u00e1mogat\u00e1sa programban az \u00fajonnan felvett \u00e1ll\u00e1skeres\u0151k ut\u00e1n p\u00e1ly\u00e1zhatnak vissza nem t\u00e9r\u00edtend\u0151 b\u00e9rk\u00f6lts\u00e9g t\u00e1mogat\u00e1sra a c\u00e9gek Az augusztus k\u00f6zep\u00e9n megny\u00edlt lehet\u0151s\u00e9ggel \u00e9lve eddig csaknem 1300 vid\u00e9ki \u00e1ll\u00e1skeres\u0151 elhelyezked\u00e9s\u00e9hez ig\u00e9nyelt\u00e9k a havonta ak\u00e1r 150 ezer forint b\u00e9rk\u00f6lts\u00e9g t\u00e1mogat\u00e1st a munkaad\u00f3k. A teljes k\u00e9relmezett forr\u00e1smennyis\u00e9g az 1,1 milli\u00e1rd forintot k\u00f6zel\u00edti, t\u00f6bb mint 300 milli\u00f3","canonical_url":"https:\/\/allasorias.hu\/hirek\/sok-vallalkozas-igenyelt-tamogatast\/","robots":"max-image-preview:large","keywords":"","webmasterTools":{"miscellaneous":""},"schema":{"@context":"https:\/\/schema.org","@graph":[{"@type":"Article","@id":"https:\/\/allasorias.hu\/hirek\/sok-vallalkozas-igenyelt-tamogatast\/#article","name":"Sok v\u00e1llalkoz\u00e1s ig\u00e9nyelt t\u00e1mogat\u00e1st | AllasOrias.hu | H\u00edrek-lapszemle","headline":"Sok v\u00e1llalkoz\u00e1s ig\u00e9nyelt  t\u00e1mogat\u00e1st","author":{"@id":"https:\/\/allasorias.hu\/hirek\/author\/admin-allasorias\/#author"},"publisher":{"@id":"https:\/\/allasorias.hu\/hirek\/#organization"},"image":{"@type":"ImageObject","url":"https:\/\/allasorias.hu\/hirek\/wp-content\/uploads\/2021\/07\/graph.jpg","width":1920,"height":1001,"caption":"Business development to success and growing growth concept. Businessman pointing arrow graph corporate future growth plan"},"datePublished":"2022-09-02T07:15:50+02:00","dateModified":"2022-09-01T07:16:44+02:00","inLanguage":"hu-HU","mainEntityOfPage":{"@id":"https:\/\/allasorias.hu\/hirek\/sok-vallalkozas-igenyelt-tamogatast\/#webpage"},"isPartOf":{"@id":"https:\/\/allasorias.hu\/hirek\/sok-vallalkozas-igenyelt-tamogatast\/#webpage"},"articleSection":"Gazdas\u00e1g"},{"@type":"BreadcrumbList","@id":"https:\/\/allasorias.hu\/hirek\/sok-vallalkozas-igenyelt-tamogatast\/#breadcrumblist","itemListElement":[{"@type":"ListItem","@id":"https:\/\/allasorias.hu\/hirek#listItem","position":1,"name":"Home","item":"https:\/\/allasorias.hu\/hirek","nextItem":{"@type":"ListItem","@id":"https:\/\/allasorias.hu\/hirek\/temak\/gazdasag\/#listItem","name":"Gazdas\u00e1g"}},{"@type":"ListItem","@id":"https:\/\/allasorias.hu\/hirek\/temak\/gazdasag\/#listItem","position":2,"name":"Gazdas\u00e1g","item":"https:\/\/allasorias.hu\/hirek\/temak\/gazdasag\/","nextItem":{"@type":"ListItem","@id":"https:\/\/allasorias.hu\/hirek\/sok-vallalkozas-igenyelt-tamogatast\/#listItem","name":"Sok v\u00e1llalkoz\u00e1s ig\u00e9nyelt  t\u00e1mogat\u00e1st"},"previousItem":{"@type":"ListItem","@id":"https:\/\/allasorias.hu\/hirek#listItem","name":"Home"}},{"@type":"ListItem","@id":"https:\/\/allasorias.hu\/hirek\/sok-vallalkozas-igenyelt-tamogatast\/#listItem","position":3,"name":"Sok v\u00e1llalkoz\u00e1s ig\u00e9nyelt  t\u00e1mogat\u00e1st","previousItem":{"@type":"ListItem","@id":"https:\/\/allasorias.hu\/hirek\/temak\/gazdasag\/#listItem","name":"Gazdas\u00e1g"}}]},{"@type":"Organization","@id":"https:\/\/allasorias.hu\/hirek\/#organization","name":"AllasOrias.hu | H\u00edrek-lapszemle","description":"\u00dczleti h\u00edrek az \u00e1ll\u00e1s \u00e9s a munka vil\u00e1g\u00e1b\u00f3l","url":"https:\/\/allasorias.hu\/hirek\/","logo":{"@type":"ImageObject","url":"https:\/\/allasorias.hu\/hirek\/wp-content\/uploads\/2022\/10\/allasorias_site_facebok_logo.png","@id":"https:\/\/allasorias.hu\/hirek\/sok-vallalkozas-igenyelt-tamogatast\/#organizationLogo"},"image":{"@id":"https:\/\/allasorias.hu\/hirek\/sok-vallalkozas-igenyelt-tamogatast\/#organizationLogo"},"sameAs":["https:\/\/www.facebook.com\/allasorias","https:\/\/www.linkedin.com\/company\/allasorias"]},{"@type":"Person","@id":"https:\/\/allasorias.hu\/hirek\/author\/admin-allasorias\/#author","url":"https:\/\/allasorias.hu\/hirek\/author\/admin-allasorias\/","name":"Juh\u00e1sz P\u00e9ter","image":{"@type":"ImageObject","@id":"https:\/\/allasorias.hu\/hirek\/sok-vallalkozas-igenyelt-tamogatast\/#authorImage","url":"https:\/\/secure.gravatar.com\/avatar\/36e6bcb83148978b992977cb0f54d22feb0cce8a0a849a9410532bb2623ba4c6?s=96&d=mm&r=g","width":96,"height":96,"caption":"Juh\u00e1sz P\u00e9ter"}},{"@type":"WebPage","@id":"https:\/\/allasorias.hu\/hirek\/sok-vallalkozas-igenyelt-tamogatast\/#webpage","url":"https:\/\/allasorias.hu\/hirek\/sok-vallalkozas-igenyelt-tamogatast\/","name":"Sok v\u00e1llalkoz\u00e1s ig\u00e9nyelt t\u00e1mogat\u00e1st | AllasOrias.hu | H\u00edrek-lapszemle","description":"A V\u00e1llalkoz\u00e1sok region\u00e1lis munkaer\u0151 t\u00e1mogat\u00e1sa programban az \u00fajonnan felvett \u00e1ll\u00e1skeres\u0151k ut\u00e1n p\u00e1ly\u00e1zhatnak vissza nem t\u00e9r\u00edtend\u0151 b\u00e9rk\u00f6lts\u00e9g t\u00e1mogat\u00e1sra a c\u00e9gek Az augusztus k\u00f6zep\u00e9n megny\u00edlt lehet\u0151s\u00e9ggel \u00e9lve eddig csaknem 1300 vid\u00e9ki \u00e1ll\u00e1skeres\u0151 elhelyezked\u00e9s\u00e9hez ig\u00e9nyelt\u00e9k a havonta ak\u00e1r 150 ezer forint b\u00e9rk\u00f6lts\u00e9g t\u00e1mogat\u00e1st a munkaad\u00f3k. A teljes k\u00e9relmezett forr\u00e1smennyis\u00e9g az 1,1 milli\u00e1rd forintot k\u00f6zel\u00edti, t\u00f6bb mint 300 milli\u00f3","inLanguage":"hu-HU","isPartOf":{"@id":"https:\/\/allasorias.hu\/hirek\/#website"},"breadcrumb":{"@id":"https:\/\/allasorias.hu\/hirek\/sok-vallalkozas-igenyelt-tamogatast\/#breadcrumblist"},"author":{"@id":"https:\/\/allasorias.hu\/hirek\/author\/admin-allasorias\/#author"},"creator":{"@id":"https:\/\/allasorias.hu\/hirek\/author\/admin-allasorias\/#author"},"image":{"@type":"ImageObject","url":"https:\/\/allasorias.hu\/hirek\/wp-content\/uploads\/2021\/07\/graph.jpg","@id":"https:\/\/allasorias.hu\/hirek\/sok-vallalkozas-igenyelt-tamogatast\/#mainImage","width":1920,"height":1001,"caption":"Business development to success and growing growth concept. Businessman pointing arrow graph corporate future growth plan"},"primaryImageOfPage":{"@id":"https:\/\/allasorias.hu\/hirek\/sok-vallalkozas-igenyelt-tamogatast\/#mainImage"},"datePublished":"2022-09-02T07:15:50+02:00","dateModified":"2022-09-01T07:16:44+02:00"},{"@type":"WebSite","@id":"https:\/\/allasorias.hu\/hirek\/#website","url":"https:\/\/allasorias.hu\/hirek\/","name":"AllasOrias.hu | H\u00edrek-lapszemle","description":"\u00dczleti h\u00edrek az \u00e1ll\u00e1s \u00e9s a munka vil\u00e1g\u00e1b\u00f3l","inLanguage":"hu-HU","publisher":{"@id":"https:\/\/allasorias.hu\/hirek\/#organization"}}]},"og:locale":"hu_HU","og:site_name":"AllasOrias.hu | H\u00edrek-lapszemle | \u00dczleti h\u00edrek az \u00e1ll\u00e1s \u00e9s a munka vil\u00e1g\u00e1b\u00f3l","og:type":"article","og:title":"Sok v\u00e1llalkoz\u00e1s ig\u00e9nyelt t\u00e1mogat\u00e1st | AllasOrias.hu | H\u00edrek-lapszemle","og:description":"A V\u00e1llalkoz\u00e1sok region\u00e1lis munkaer\u0151 t\u00e1mogat\u00e1sa programban az \u00fajonnan felvett \u00e1ll\u00e1skeres\u0151k ut\u00e1n p\u00e1ly\u00e1zhatnak vissza nem t\u00e9r\u00edtend\u0151 b\u00e9rk\u00f6lts\u00e9g t\u00e1mogat\u00e1sra a c\u00e9gek Az augusztus k\u00f6zep\u00e9n megny\u00edlt lehet\u0151s\u00e9ggel \u00e9lve eddig csaknem 1300 vid\u00e9ki \u00e1ll\u00e1skeres\u0151 elhelyezked\u00e9s\u00e9hez ig\u00e9nyelt\u00e9k a havonta ak\u00e1r 150 ezer forint b\u00e9rk\u00f6lts\u00e9g t\u00e1mogat\u00e1st a munkaad\u00f3k. A teljes k\u00e9relmezett forr\u00e1smennyis\u00e9g az 1,1 milli\u00e1rd forintot k\u00f6zel\u00edti, t\u00f6bb mint 300 milli\u00f3","og:url":"https:\/\/allasorias.hu\/hirek\/sok-vallalkozas-igenyelt-tamogatast\/","og:image":"https:\/\/allasorias.hu\/hirek\/wp-content\/uploads\/2021\/07\/graph.jpg","og:image:secure_url":"https:\/\/allasorias.hu\/hirek\/wp-content\/uploads\/2021\/07\/graph.jpg","og:image:width":1920,"og:image:height":1001,"article:published_time":"2022-09-02T07:15:50+00:00","article:modified_time":"2022-09-01T07:16:44+00:00","article:publisher":"https:\/\/www.facebook.com\/allasorias","twitter:card":"summary_large_image","twitter:title":"Sok v\u00e1llalkoz\u00e1s ig\u00e9nyelt t\u00e1mogat\u00e1st | AllasOrias.hu | H\u00edrek-lapszemle","twitter:description":"A V\u00e1llalkoz\u00e1sok region\u00e1lis munkaer\u0151 t\u00e1mogat\u00e1sa programban az \u00fajonnan felvett \u00e1ll\u00e1skeres\u0151k ut\u00e1n p\u00e1ly\u00e1zhatnak vissza nem t\u00e9r\u00edtend\u0151 b\u00e9rk\u00f6lts\u00e9g t\u00e1mogat\u00e1sra a c\u00e9gek Az augusztus k\u00f6zep\u00e9n megny\u00edlt lehet\u0151s\u00e9ggel \u00e9lve eddig csaknem 1300 vid\u00e9ki \u00e1ll\u00e1skeres\u0151 elhelyezked\u00e9s\u00e9hez ig\u00e9nyelt\u00e9k a havonta ak\u00e1r 150 ezer forint b\u00e9rk\u00f6lts\u00e9g t\u00e1mogat\u00e1st a munkaad\u00f3k. A teljes k\u00e9relmezett forr\u00e1smennyis\u00e9g az 1,1 milli\u00e1rd forintot k\u00f6zel\u00edti, t\u00f6bb mint 300 milli\u00f3","twitter:image":"https:\/\/allasorias.hu\/hirek\/wp-content\/uploads\/2021\/07\/graph.jpg","twitter:label1":"Written by","twitter:data1":"Juh\u00e1sz P\u00e9ter","twitter:label2":"Est. reading time","twitter:data2":"3 minutes"},"aioseo_meta_data":{"post_id":"5771","title":null,"description":null,"keywords":[],"keyphrases":{"focus":{"keyphrase":"","score":0,"analysis":{"keyphraseInTitle":{"score":0,"maxScore":9,"error":1}}},"additional":[]},"primary_term":null,"canonical_url":null,"og_title":null,"og_description":null,"og_object_type":"default","og_image_type":"default","og_image_url":null,"og_image_width":null,"og_image_height":null,"og_image_custom_url":null,"og_image_custom_fields":null,"og_video":"","og_custom_url":null,"og_article_section":null,"og_article_tags":[],"twitter_use_og":false,"twitter_card":"default","twitter_image_type":"default","twitter_image_url":null,"twitter_image_custom_url":null,"twitter_image_custom_fields":null,"twitter_title":null,"twitter_description":null,"schema":{"blockGraphs":[],"customGraphs":[],"default":{"data":{"Article":[],"Course":[],"Dataset":[],"FAQPage":[],"Movie":[],"Person":[],"Product":[],"ProductReview":[],"Car":[],"Recipe":[],"Service":[],"SoftwareApplication":[],"WebPage":[]},"graphName":"","isEnabled":true},"graphs":[],"defaultGraph":"Article","defaultPostTypeGraph":""},"schema_type":"default","schema_type_options":"{\"article\":{\"articleType\":\"BlogPosting\"},\"course\":{\"name\":\"\",\"description\":\"\",\"provider\":\"\"},\"faq\":{\"pages\":[]},\"product\":{\"reviews\":[]},\"recipe\":{\"ingredients\":[],\"instructions\":[],\"keywords\":[]},\"software\":{\"reviews\":[],\"operatingSystems\":[]},\"webPage\":{\"webPageType\":\"WebPage\"}}","pillar_content":false,"robots_default":true,"robots_noindex":false,"robots_noarchive":false,"robots_nosnippet":false,"robots_nofollow":false,"robots_noimageindex":false,"robots_noodp":false,"robots_notranslate":false,"robots_max_snippet":"-1","robots_max_videopreview":"-1","robots_max_imagepreview":"large","priority":null,"frequency":"default","location":null,"local_seo":null,"breadcrumb_settings":null,"limit_modified_date":false,"ai":null,"created":"2022-09-01 07:15:50","updated":"2025-10-02 17:10:45","seo_analyzer_scan_date":null,"focus_keyword":null,"additional_keywords":null,"truseo_locale":null},"aioseo_breadcrumb":"<div class=\"aioseo-breadcrumbs\"><span class=\"aioseo-breadcrumb\">\n\t\t\t<a href=\"https:\/\/allasorias.hu\/hirek\" title=\"Home\">Home<\/a>\n\t\t<\/span><span class=\"aioseo-breadcrumb-separator\">&raquo;<\/span><span class=\"aioseo-breadcrumb\">\n\t\t\t<a href=\"https:\/\/allasorias.hu\/hirek\/temak\/gazdasag\/\" title=\"Gazdas\u00e1g\">Gazdas\u00e1g<\/a>\n\t\t<\/span><span class=\"aioseo-breadcrumb-separator\">&raquo;<\/span><span class=\"aioseo-breadcrumb\">\n\t\t\tSok v\u00e1llalkoz\u00e1s ig\u00e9nyelt  t\u00e1mogat\u00e1st\n\t\t<\/span><\/div>","aioseo_breadcrumb_json":[{"label":"Home","link":"https:\/\/allasorias.hu\/hirek"},{"label":"Gazdas\u00e1g","link":"https:\/\/allasorias.hu\/hirek\/temak\/gazdasag\/"},{"label":"Sok v\u00e1llalkoz\u00e1s ig\u00e9nyelt  t\u00e1mogat\u00e1st","link":"https:\/\/allasorias.hu\/hirek\/sok-vallalkozas-igenyelt-tamogatast\/"}],"_links":{"self":[{"href":"https:\/\/allasorias.hu\/hirek\/wp-json\/wp\/v2\/posts\/5771","targetHints":{"allow":["GET"]}}],"collection":[{"href":"https:\/\/allasorias.hu\/hirek\/wp-json\/wp\/v2\/posts"}],"about":[{"href":"https:\/\/allasorias.hu\/hirek\/wp-json\/wp\/v2\/types\/post"}],"author":[{"embeddable":true,"href":"https:\/\/allasorias.hu\/hirek\/wp-json\/wp\/v2\/users\/1"}],"replies":[{"embeddable":true,"href":"https:\/\/allasorias.hu\/hirek\/wp-json\/wp\/v2\/comments?post=5771"}],"version-history":[{"count":1,"href":"https:\/\/allasorias.hu\/hirek\/wp-json\/wp\/v2\/posts\/5771\/revisions"}],"predecessor-version":[{"id":5772,"href":"https:\/\/allasorias.hu\/hirek\/wp-json\/wp\/v2\/posts\/5771\/revisions\/5772"}],"wp:featuredmedia":[{"embeddable":true,"href":"https:\/\/allasorias.hu\/hirek\/wp-json\/wp\/v2\/media\/4950"}],"wp:attachment":[{"href":"https:\/\/allasorias.hu\/hirek\/wp-json\/wp\/v2\/media?parent=5771"}],"wp:term":[{"taxonomy":"category","embeddable":true,"href":"https:\/\/allasorias.hu\/hirek\/wp-json\/wp\/v2\/categories?post=5771"},{"taxonomy":"post_tag","embeddable":true,"href":"https:\/\/allasorias.hu\/hirek\/wp-json\/wp\/v2\/tags?post=5771"}],"curies":[{"name":"wp","href":"https:\/\/api.w.org\/{rel}","templated":true}]}}