{"id":5767,"date":"2022-09-01T07:14:11","date_gmt":"2022-09-01T07:14:11","guid":{"rendered":"https:\/\/allasorias.hu\/hirek\/?p=5767"},"modified":"2022-09-01T07:14:11","modified_gmt":"2022-09-01T07:14:11","slug":"kritikus-tanarhiany","status":"publish","type":"post","link":"https:\/\/allasorias.hu\/hirek\/kritikus-tanarhiany\/","title":{"rendered":"Kritikus tan\u00e1rhi\u00e1ny"},"content":{"rendered":"<p><strong>Nem lesz k\u00f6nny\u0171 az iskolakezd\u00e9s id\u00e9n: m\u00e1r most t\u00f6bb ezer pedag\u00f3gus hi\u00e1nyzik az oktat\u00e1si int\u00e9zm\u00e9nyekb\u0151l. A tan\u00e1rhi\u00e1ny pedig a munkaer\u0151piacon is \u00e9reztetni fogja a hat\u00e1s\u00e1t, ugyanis ak\u00e1r 10 \u00e9ven bel\u00fcl megjelenhetnek a munkaer\u0151piacon azok a gyerekek, akiknek most nem jut el\u00e9g szakpedag\u00f3gus az iskol\u00e1ban \u2013 \u00edrja a Portfolio.<\/strong><\/p>\n<p>Augusztus 30-\u00e1n \u00fajra t\u00e1rgyal\u00f3asztalhoz \u00fclnek a pedag\u00f3gus szakszervezetek a korm\u00e1nnyal,ennek a t\u00e9tje pedig, hogy \u00fajraindul-e a tavaszi sztr\u00e1jk \u00e9s polg\u00e1ri engedetlens\u00e9g. Totyik Tam\u00e1s, a Pedag\u00f3gusok Szakszervezet\u00e9nek (PSZ) aleln\u00f6ke arr\u00f3l besz\u00e9lt a lapnak, hogy november k\u00f6rny\u00e9k\u00e9n \u00e9rtheti el a pedag\u00f3gusok sztr\u00e1jkja a cs\u00facspontj\u00e1t, egyid\u0151ben az els\u0151, megemelt villany- \u00e9s g\u00e1zsz\u00e1ml\u00e1kkal. Totyik hangs\u00falyozta, hogy a pedag\u00f3gusok alapozz\u00e1k meg a lakoss\u00e1g munkaer\u0151piaci helyzet\u00e9t. Szerinte az is er\u0151sen kifog\u00e1solhat\u00f3, hogy a korm\u00e1ny a k\u00fclf\u00f6ldi vend\u00e9gmunk\u00e1sok behozatal\u00e1t t\u00e1mogatja, arra viszont nem ford\u00edt p\u00e9nzt, hogy a hazai munkaer\u0151piac sz\u00e1m\u00e1ra alulk\u00e9pzett munkaer\u0151t \u00e1tk\u00e9pezze, hogy enyh\u00edtse a tan\u00e1rhi\u00e1nyt.<\/p>\n<p>Jelenleg szakszervezet adatai alapj\u00e1n 16 ezer pedag\u00f3gus hi\u00e1nyzik a hazai \u00e1ltal\u00e1nos iskol\u00e1kb\u00f3l, \u00f3vod\u00e1kb\u00f3l \u00e9s gimn\u00e1ziumokb\u00f3l. A nyugd\u00edjas pedag\u00f3gusok visszat\u00e9r\u00e9se csillap\u00edthat a kritikus tan\u00e1rhi\u00e1nyon, azonban a probl\u00e9m\u00e1t teljes eg\u00e9sz\u00e9ben ez nem fogja megoldani. A pedag\u00f3gushi\u00e1ny a k\u00f6vetkez\u0151 5 \u00e9vben t\u00f6bb mint 20 ezerre emelkedhet majd az ut\u00e1np\u00f3tl\u00e1s hi\u00e1ny\u00e1val \u00e9s a nyugd\u00edjba vonul\u00e1ssal. 7800-an mennek majd nyugd\u00edjba, de id\u00e9n csak mintegy 6700 jelentkez\u0151t vettek fel pedag\u00f3gusk\u00e9pz\u00e9sre, azonban \u0151k sem v\u00e9gzik el mind a szakot, \u00e9s sz\u00e1molni kell a p\u00e1lyav\u00e1lt\u00f3kkal is. Ez pedig meg fog l\u00e1tszani a munkaer\u0151piacon, amikor a\u00a0 most tanul\u00f3 gyerekek kiker\u00fclnek az iskol\u00e1kb\u00f3l, ahol az ide\u00e1lisan j\u00f3val kevesebb sz\u00e1m\u00fa tan\u00e1ruk volt.<\/p>\n<p>Forr\u00e1s: penzcentrum.hu<\/p>\n","protected":false},"excerpt":{"rendered":"<p>Nem lesz k\u00f6nny\u0171 az iskolakezd\u00e9s id\u00e9n: m\u00e1r most t\u00f6bb ezer pedag\u00f3gus hi\u00e1nyzik az oktat\u00e1si int\u00e9zm\u00e9nyekb\u0151l. A tan\u00e1rhi\u00e1ny pedig a munkaer\u0151piacon is \u00e9reztetni fogja a hat\u00e1s\u00e1t, ugyanis ak\u00e1r 10 \u00e9ven bel\u00fcl megjelenhetnek a munkaer\u0151piacon azok a gyerekek, akiknek most nem jut el\u00e9g szakpedag\u00f3gus az iskol\u00e1ban \u2013 \u00edrja a Portfolio. Augusztus 30-\u00e1n \u00fajra t\u00e1rgyal\u00f3asztalhoz \u00fclnek a pedag\u00f3gus [&hellip;]<\/p>\n","protected":false},"author":1,"featured_media":5734,"comment_status":"open","ping_status":"open","sticky":false,"template":"","format":"standard","meta":{"_monsterinsights_skip_tracking":false,"footnotes":""},"categories":[203],"tags":[],"class_list":["post-5767","post","type-post","status-publish","format-standard","has-post-thumbnail","hentry","category-hianyszakmak"],"aioseo_notices":[],"aioseo_head":"\n\t\t<!-- All in One SEO 5.0.0.1 - aioseo.com -->\n\t<meta name=\"description\" content=\"Nem lesz k\u00f6nny\u0171 az iskolakezd\u00e9s id\u00e9n: m\u00e1r most t\u00f6bb ezer pedag\u00f3gus hi\u00e1nyzik az oktat\u00e1si int\u00e9zm\u00e9nyekb\u0151l. A tan\u00e1rhi\u00e1ny pedig a munkaer\u0151piacon is \u00e9reztetni fogja a hat\u00e1s\u00e1t, ugyanis ak\u00e1r 10 \u00e9ven bel\u00fcl megjelenhetnek a munkaer\u0151piacon azok a gyerekek, akiknek most nem jut el\u00e9g szakpedag\u00f3gus az iskol\u00e1ban \u2013 \u00edrja a Portfolio. Augusztus 30-\u00e1n \u00fajra t\u00e1rgyal\u00f3asztalhoz \u00fclnek a pedag\u00f3gus\" \/>\n\t<meta name=\"robots\" content=\"max-image-preview:large\" \/>\n\t<meta name=\"author\" content=\"Juh\u00e1sz P\u00e9ter\"\/>\n\t<link rel=\"canonical\" href=\"https:\/\/allasorias.hu\/hirek\/kritikus-tanarhiany\/\" \/>\n\t<meta name=\"generator\" content=\"All in One SEO (AIOSEO) 5.0.0.1\" \/>\n\t\t<meta property=\"og:locale\" content=\"hu_HU\" \/>\n\t\t<meta property=\"og:site_name\" content=\"AllasOrias.hu | H\u00edrek-lapszemle | \u00dczleti h\u00edrek az \u00e1ll\u00e1s \u00e9s a munka vil\u00e1g\u00e1b\u00f3l\" \/>\n\t\t<meta property=\"og:type\" content=\"article\" \/>\n\t\t<meta property=\"og:title\" content=\"Kritikus tan\u00e1rhi\u00e1ny | AllasOrias.hu | H\u00edrek-lapszemle\" \/>\n\t\t<meta property=\"og:description\" content=\"Nem lesz k\u00f6nny\u0171 az iskolakezd\u00e9s id\u00e9n: m\u00e1r most t\u00f6bb ezer pedag\u00f3gus hi\u00e1nyzik az oktat\u00e1si int\u00e9zm\u00e9nyekb\u0151l. A tan\u00e1rhi\u00e1ny pedig a munkaer\u0151piacon is \u00e9reztetni fogja a hat\u00e1s\u00e1t, ugyanis ak\u00e1r 10 \u00e9ven bel\u00fcl megjelenhetnek a munkaer\u0151piacon azok a gyerekek, akiknek most nem jut el\u00e9g szakpedag\u00f3gus az iskol\u00e1ban \u2013 \u00edrja a Portfolio. Augusztus 30-\u00e1n \u00fajra t\u00e1rgyal\u00f3asztalhoz \u00fclnek a pedag\u00f3gus\" \/>\n\t\t<meta property=\"og:url\" content=\"https:\/\/allasorias.hu\/hirek\/kritikus-tanarhiany\/\" \/>\n\t\t<meta property=\"og:image\" content=\"https:\/\/allasorias.hu\/hirek\/wp-content\/uploads\/2022\/08\/modern-classroom-interior-light-tones.jpg\" \/>\n\t\t<meta property=\"og:image:secure_url\" content=\"https:\/\/allasorias.hu\/hirek\/wp-content\/uploads\/2022\/08\/modern-classroom-interior-light-tones.jpg\" \/>\n\t\t<meta property=\"og:image:width\" content=\"1920\" \/>\n\t\t<meta property=\"og:image:height\" content=\"1280\" \/>\n\t\t<meta property=\"article:published_time\" content=\"2022-09-01T07:14:11+00:00\" \/>\n\t\t<meta property=\"article:modified_time\" content=\"2022-09-01T07:14:11+00:00\" \/>\n\t\t<meta property=\"article:publisher\" content=\"https:\/\/www.facebook.com\/allasorias\" \/>\n\t\t<meta name=\"twitter:card\" content=\"summary_large_image\" \/>\n\t\t<meta name=\"twitter:title\" content=\"Kritikus tan\u00e1rhi\u00e1ny | AllasOrias.hu | H\u00edrek-lapszemle\" \/>\n\t\t<meta name=\"twitter:description\" content=\"Nem lesz k\u00f6nny\u0171 az iskolakezd\u00e9s id\u00e9n: m\u00e1r most t\u00f6bb ezer pedag\u00f3gus hi\u00e1nyzik az oktat\u00e1si int\u00e9zm\u00e9nyekb\u0151l. A tan\u00e1rhi\u00e1ny pedig a munkaer\u0151piacon is \u00e9reztetni fogja a hat\u00e1s\u00e1t, ugyanis ak\u00e1r 10 \u00e9ven bel\u00fcl megjelenhetnek a munkaer\u0151piacon azok a gyerekek, akiknek most nem jut el\u00e9g szakpedag\u00f3gus az iskol\u00e1ban \u2013 \u00edrja a Portfolio. Augusztus 30-\u00e1n \u00fajra t\u00e1rgyal\u00f3asztalhoz \u00fclnek a pedag\u00f3gus\" \/>\n\t\t<meta name=\"twitter:image\" content=\"https:\/\/allasorias.hu\/hirek\/wp-content\/uploads\/2022\/08\/modern-classroom-interior-light-tones.jpg\" \/>\n\t\t<meta name=\"twitter:label1\" content=\"Written by\" \/>\n\t\t<meta name=\"twitter:data1\" content=\"Juh\u00e1sz P\u00e9ter\" \/>\n\t\t<meta name=\"twitter:label2\" content=\"Est. reading time\" \/>\n\t\t<meta name=\"twitter:data2\" content=\"2 minutes\" \/>\n\t\t<script type=\"application\/ld+json\" class=\"aioseo-schema\">\n\t\t\t{\"@context\":\"https:\\\/\\\/schema.org\",\"@graph\":[{\"@type\":\"Article\",\"@id\":\"https:\\\/\\\/allasorias.hu\\\/hirek\\\/kritikus-tanarhiany\\\/#article\",\"name\":\"Kritikus tan\\u00e1rhi\\u00e1ny | AllasOrias.hu | H\\u00edrek-lapszemle\",\"headline\":\"Kritikus tan\\u00e1rhi\\u00e1ny\",\"author\":{\"@id\":\"https:\\\/\\\/allasorias.hu\\\/hirek\\\/author\\\/admin-allasorias\\\/#author\"},\"publisher\":{\"@id\":\"https:\\\/\\\/allasorias.hu\\\/hirek\\\/#organization\"},\"image\":{\"@type\":\"ImageObject\",\"url\":\"https:\\\/\\\/allasorias.hu\\\/hirek\\\/wp-content\\\/uploads\\\/2022\\\/08\\\/modern-classroom-interior-light-tones.jpg\",\"width\":1920,\"height\":1280,\"caption\":\"Modern Classroom 3D Interior in Light Tones. 3D Rendering\"},\"datePublished\":\"2022-09-01T07:14:11+02:00\",\"dateModified\":\"2022-09-01T07:14:11+02:00\",\"inLanguage\":\"hu-HU\",\"mainEntityOfPage\":{\"@id\":\"https:\\\/\\\/allasorias.hu\\\/hirek\\\/kritikus-tanarhiany\\\/#webpage\"},\"isPartOf\":{\"@id\":\"https:\\\/\\\/allasorias.hu\\\/hirek\\\/kritikus-tanarhiany\\\/#webpage\"},\"articleSection\":\"Hi\\u00e1nyszakm\\u00e1k\"},{\"@type\":\"BreadcrumbList\",\"@id\":\"https:\\\/\\\/allasorias.hu\\\/hirek\\\/kritikus-tanarhiany\\\/#breadcrumblist\",\"itemListElement\":[{\"@type\":\"ListItem\",\"@id\":\"https:\\\/\\\/allasorias.hu\\\/hirek#listItem\",\"position\":1,\"name\":\"Home\",\"item\":\"https:\\\/\\\/allasorias.hu\\\/hirek\",\"nextItem\":{\"@type\":\"ListItem\",\"@id\":\"https:\\\/\\\/allasorias.hu\\\/hirek\\\/temak\\\/hianyszakmak\\\/#listItem\",\"name\":\"Hi\\u00e1nyszakm\\u00e1k\"}},{\"@type\":\"ListItem\",\"@id\":\"https:\\\/\\\/allasorias.hu\\\/hirek\\\/temak\\\/hianyszakmak\\\/#listItem\",\"position\":2,\"name\":\"Hi\\u00e1nyszakm\\u00e1k\",\"item\":\"https:\\\/\\\/allasorias.hu\\\/hirek\\\/temak\\\/hianyszakmak\\\/\",\"nextItem\":{\"@type\":\"ListItem\",\"@id\":\"https:\\\/\\\/allasorias.hu\\\/hirek\\\/kritikus-tanarhiany\\\/#listItem\",\"name\":\"Kritikus tan\\u00e1rhi\\u00e1ny\"},\"previousItem\":{\"@type\":\"ListItem\",\"@id\":\"https:\\\/\\\/allasorias.hu\\\/hirek#listItem\",\"name\":\"Home\"}},{\"@type\":\"ListItem\",\"@id\":\"https:\\\/\\\/allasorias.hu\\\/hirek\\\/kritikus-tanarhiany\\\/#listItem\",\"position\":3,\"name\":\"Kritikus tan\\u00e1rhi\\u00e1ny\",\"previousItem\":{\"@type\":\"ListItem\",\"@id\":\"https:\\\/\\\/allasorias.hu\\\/hirek\\\/temak\\\/hianyszakmak\\\/#listItem\",\"name\":\"Hi\\u00e1nyszakm\\u00e1k\"}}]},{\"@type\":\"Organization\",\"@id\":\"https:\\\/\\\/allasorias.hu\\\/hirek\\\/#organization\",\"name\":\"AllasOrias.hu | H\\u00edrek-lapszemle\",\"description\":\"\\u00dczleti h\\u00edrek az \\u00e1ll\\u00e1s \\u00e9s a munka vil\\u00e1g\\u00e1b\\u00f3l\",\"url\":\"https:\\\/\\\/allasorias.hu\\\/hirek\\\/\",\"logo\":{\"@type\":\"ImageObject\",\"url\":\"https:\\\/\\\/allasorias.hu\\\/hirek\\\/wp-content\\\/uploads\\\/2022\\\/10\\\/allasorias_site_facebok_logo.png\",\"@id\":\"https:\\\/\\\/allasorias.hu\\\/hirek\\\/kritikus-tanarhiany\\\/#organizationLogo\"},\"image\":{\"@id\":\"https:\\\/\\\/allasorias.hu\\\/hirek\\\/kritikus-tanarhiany\\\/#organizationLogo\"},\"sameAs\":[\"https:\\\/\\\/www.facebook.com\\\/allasorias\",\"https:\\\/\\\/www.linkedin.com\\\/company\\\/allasorias\"]},{\"@type\":\"Person\",\"@id\":\"https:\\\/\\\/allasorias.hu\\\/hirek\\\/author\\\/admin-allasorias\\\/#author\",\"url\":\"https:\\\/\\\/allasorias.hu\\\/hirek\\\/author\\\/admin-allasorias\\\/\",\"name\":\"Juh\\u00e1sz P\\u00e9ter\",\"image\":{\"@type\":\"ImageObject\",\"@id\":\"https:\\\/\\\/allasorias.hu\\\/hirek\\\/kritikus-tanarhiany\\\/#authorImage\",\"url\":\"https:\\\/\\\/secure.gravatar.com\\\/avatar\\\/36e6bcb83148978b992977cb0f54d22feb0cce8a0a849a9410532bb2623ba4c6?s=96&d=mm&r=g\",\"width\":96,\"height\":96,\"caption\":\"Juh\\u00e1sz P\\u00e9ter\"}},{\"@type\":\"WebPage\",\"@id\":\"https:\\\/\\\/allasorias.hu\\\/hirek\\\/kritikus-tanarhiany\\\/#webpage\",\"url\":\"https:\\\/\\\/allasorias.hu\\\/hirek\\\/kritikus-tanarhiany\\\/\",\"name\":\"Kritikus tan\\u00e1rhi\\u00e1ny | AllasOrias.hu | H\\u00edrek-lapszemle\",\"description\":\"Nem lesz k\\u00f6nny\\u0171 az iskolakezd\\u00e9s id\\u00e9n: m\\u00e1r most t\\u00f6bb ezer pedag\\u00f3gus hi\\u00e1nyzik az oktat\\u00e1si int\\u00e9zm\\u00e9nyekb\\u0151l. A tan\\u00e1rhi\\u00e1ny pedig a munkaer\\u0151piacon is \\u00e9reztetni fogja a hat\\u00e1s\\u00e1t, ugyanis ak\\u00e1r 10 \\u00e9ven bel\\u00fcl megjelenhetnek a munkaer\\u0151piacon azok a gyerekek, akiknek most nem jut el\\u00e9g szakpedag\\u00f3gus az iskol\\u00e1ban \\u2013 \\u00edrja a Portfolio. Augusztus 30-\\u00e1n \\u00fajra t\\u00e1rgyal\\u00f3asztalhoz \\u00fclnek a pedag\\u00f3gus\",\"inLanguage\":\"hu-HU\",\"isPartOf\":{\"@id\":\"https:\\\/\\\/allasorias.hu\\\/hirek\\\/#website\"},\"breadcrumb\":{\"@id\":\"https:\\\/\\\/allasorias.hu\\\/hirek\\\/kritikus-tanarhiany\\\/#breadcrumblist\"},\"author\":{\"@id\":\"https:\\\/\\\/allasorias.hu\\\/hirek\\\/author\\\/admin-allasorias\\\/#author\"},\"creator\":{\"@id\":\"https:\\\/\\\/allasorias.hu\\\/hirek\\\/author\\\/admin-allasorias\\\/#author\"},\"image\":{\"@type\":\"ImageObject\",\"url\":\"https:\\\/\\\/allasorias.hu\\\/hirek\\\/wp-content\\\/uploads\\\/2022\\\/08\\\/modern-classroom-interior-light-tones.jpg\",\"@id\":\"https:\\\/\\\/allasorias.hu\\\/hirek\\\/kritikus-tanarhiany\\\/#mainImage\",\"width\":1920,\"height\":1280,\"caption\":\"Modern Classroom 3D Interior in Light Tones. 3D Rendering\"},\"primaryImageOfPage\":{\"@id\":\"https:\\\/\\\/allasorias.hu\\\/hirek\\\/kritikus-tanarhiany\\\/#mainImage\"},\"datePublished\":\"2022-09-01T07:14:11+02:00\",\"dateModified\":\"2022-09-01T07:14:11+02:00\"},{\"@type\":\"WebSite\",\"@id\":\"https:\\\/\\\/allasorias.hu\\\/hirek\\\/#website\",\"url\":\"https:\\\/\\\/allasorias.hu\\\/hirek\\\/\",\"name\":\"AllasOrias.hu | H\\u00edrek-lapszemle\",\"description\":\"\\u00dczleti h\\u00edrek az \\u00e1ll\\u00e1s \\u00e9s a munka vil\\u00e1g\\u00e1b\\u00f3l\",\"inLanguage\":\"hu-HU\",\"publisher\":{\"@id\":\"https:\\\/\\\/allasorias.hu\\\/hirek\\\/#organization\"}}]}\n\t\t<\/script>\n\t\t<!-- All in One SEO -->\n\n","aioseo_head_json":{"title":"Kritikus tan\u00e1rhi\u00e1ny | AllasOrias.hu | H\u00edrek-lapszemle","description":"Nem lesz k\u00f6nny\u0171 az iskolakezd\u00e9s id\u00e9n: m\u00e1r most t\u00f6bb ezer pedag\u00f3gus hi\u00e1nyzik az oktat\u00e1si int\u00e9zm\u00e9nyekb\u0151l. A tan\u00e1rhi\u00e1ny pedig a munkaer\u0151piacon is \u00e9reztetni fogja a hat\u00e1s\u00e1t, ugyanis ak\u00e1r 10 \u00e9ven bel\u00fcl megjelenhetnek a munkaer\u0151piacon azok a gyerekek, akiknek most nem jut el\u00e9g szakpedag\u00f3gus az iskol\u00e1ban \u2013 \u00edrja a Portfolio. Augusztus 30-\u00e1n \u00fajra t\u00e1rgyal\u00f3asztalhoz \u00fclnek a pedag\u00f3gus","canonical_url":"https:\/\/allasorias.hu\/hirek\/kritikus-tanarhiany\/","robots":"max-image-preview:large","keywords":"","webmasterTools":{"miscellaneous":""},"schema":{"@context":"https:\/\/schema.org","@graph":[{"@type":"Article","@id":"https:\/\/allasorias.hu\/hirek\/kritikus-tanarhiany\/#article","name":"Kritikus tan\u00e1rhi\u00e1ny | AllasOrias.hu | H\u00edrek-lapszemle","headline":"Kritikus tan\u00e1rhi\u00e1ny","author":{"@id":"https:\/\/allasorias.hu\/hirek\/author\/admin-allasorias\/#author"},"publisher":{"@id":"https:\/\/allasorias.hu\/hirek\/#organization"},"image":{"@type":"ImageObject","url":"https:\/\/allasorias.hu\/hirek\/wp-content\/uploads\/2022\/08\/modern-classroom-interior-light-tones.jpg","width":1920,"height":1280,"caption":"Modern Classroom 3D Interior in Light Tones. 3D Rendering"},"datePublished":"2022-09-01T07:14:11+02:00","dateModified":"2022-09-01T07:14:11+02:00","inLanguage":"hu-HU","mainEntityOfPage":{"@id":"https:\/\/allasorias.hu\/hirek\/kritikus-tanarhiany\/#webpage"},"isPartOf":{"@id":"https:\/\/allasorias.hu\/hirek\/kritikus-tanarhiany\/#webpage"},"articleSection":"Hi\u00e1nyszakm\u00e1k"},{"@type":"BreadcrumbList","@id":"https:\/\/allasorias.hu\/hirek\/kritikus-tanarhiany\/#breadcrumblist","itemListElement":[{"@type":"ListItem","@id":"https:\/\/allasorias.hu\/hirek#listItem","position":1,"name":"Home","item":"https:\/\/allasorias.hu\/hirek","nextItem":{"@type":"ListItem","@id":"https:\/\/allasorias.hu\/hirek\/temak\/hianyszakmak\/#listItem","name":"Hi\u00e1nyszakm\u00e1k"}},{"@type":"ListItem","@id":"https:\/\/allasorias.hu\/hirek\/temak\/hianyszakmak\/#listItem","position":2,"name":"Hi\u00e1nyszakm\u00e1k","item":"https:\/\/allasorias.hu\/hirek\/temak\/hianyszakmak\/","nextItem":{"@type":"ListItem","@id":"https:\/\/allasorias.hu\/hirek\/kritikus-tanarhiany\/#listItem","name":"Kritikus tan\u00e1rhi\u00e1ny"},"previousItem":{"@type":"ListItem","@id":"https:\/\/allasorias.hu\/hirek#listItem","name":"Home"}},{"@type":"ListItem","@id":"https:\/\/allasorias.hu\/hirek\/kritikus-tanarhiany\/#listItem","position":3,"name":"Kritikus tan\u00e1rhi\u00e1ny","previousItem":{"@type":"ListItem","@id":"https:\/\/allasorias.hu\/hirek\/temak\/hianyszakmak\/#listItem","name":"Hi\u00e1nyszakm\u00e1k"}}]},{"@type":"Organization","@id":"https:\/\/allasorias.hu\/hirek\/#organization","name":"AllasOrias.hu | H\u00edrek-lapszemle","description":"\u00dczleti h\u00edrek az \u00e1ll\u00e1s \u00e9s a munka vil\u00e1g\u00e1b\u00f3l","url":"https:\/\/allasorias.hu\/hirek\/","logo":{"@type":"ImageObject","url":"https:\/\/allasorias.hu\/hirek\/wp-content\/uploads\/2022\/10\/allasorias_site_facebok_logo.png","@id":"https:\/\/allasorias.hu\/hirek\/kritikus-tanarhiany\/#organizationLogo"},"image":{"@id":"https:\/\/allasorias.hu\/hirek\/kritikus-tanarhiany\/#organizationLogo"},"sameAs":["https:\/\/www.facebook.com\/allasorias","https:\/\/www.linkedin.com\/company\/allasorias"]},{"@type":"Person","@id":"https:\/\/allasorias.hu\/hirek\/author\/admin-allasorias\/#author","url":"https:\/\/allasorias.hu\/hirek\/author\/admin-allasorias\/","name":"Juh\u00e1sz P\u00e9ter","image":{"@type":"ImageObject","@id":"https:\/\/allasorias.hu\/hirek\/kritikus-tanarhiany\/#authorImage","url":"https:\/\/secure.gravatar.com\/avatar\/36e6bcb83148978b992977cb0f54d22feb0cce8a0a849a9410532bb2623ba4c6?s=96&d=mm&r=g","width":96,"height":96,"caption":"Juh\u00e1sz P\u00e9ter"}},{"@type":"WebPage","@id":"https:\/\/allasorias.hu\/hirek\/kritikus-tanarhiany\/#webpage","url":"https:\/\/allasorias.hu\/hirek\/kritikus-tanarhiany\/","name":"Kritikus tan\u00e1rhi\u00e1ny | AllasOrias.hu | H\u00edrek-lapszemle","description":"Nem lesz k\u00f6nny\u0171 az iskolakezd\u00e9s id\u00e9n: m\u00e1r most t\u00f6bb ezer pedag\u00f3gus hi\u00e1nyzik az oktat\u00e1si int\u00e9zm\u00e9nyekb\u0151l. A tan\u00e1rhi\u00e1ny pedig a munkaer\u0151piacon is \u00e9reztetni fogja a hat\u00e1s\u00e1t, ugyanis ak\u00e1r 10 \u00e9ven bel\u00fcl megjelenhetnek a munkaer\u0151piacon azok a gyerekek, akiknek most nem jut el\u00e9g szakpedag\u00f3gus az iskol\u00e1ban \u2013 \u00edrja a Portfolio. Augusztus 30-\u00e1n \u00fajra t\u00e1rgyal\u00f3asztalhoz \u00fclnek a pedag\u00f3gus","inLanguage":"hu-HU","isPartOf":{"@id":"https:\/\/allasorias.hu\/hirek\/#website"},"breadcrumb":{"@id":"https:\/\/allasorias.hu\/hirek\/kritikus-tanarhiany\/#breadcrumblist"},"author":{"@id":"https:\/\/allasorias.hu\/hirek\/author\/admin-allasorias\/#author"},"creator":{"@id":"https:\/\/allasorias.hu\/hirek\/author\/admin-allasorias\/#author"},"image":{"@type":"ImageObject","url":"https:\/\/allasorias.hu\/hirek\/wp-content\/uploads\/2022\/08\/modern-classroom-interior-light-tones.jpg","@id":"https:\/\/allasorias.hu\/hirek\/kritikus-tanarhiany\/#mainImage","width":1920,"height":1280,"caption":"Modern Classroom 3D Interior in Light Tones. 3D Rendering"},"primaryImageOfPage":{"@id":"https:\/\/allasorias.hu\/hirek\/kritikus-tanarhiany\/#mainImage"},"datePublished":"2022-09-01T07:14:11+02:00","dateModified":"2022-09-01T07:14:11+02:00"},{"@type":"WebSite","@id":"https:\/\/allasorias.hu\/hirek\/#website","url":"https:\/\/allasorias.hu\/hirek\/","name":"AllasOrias.hu | H\u00edrek-lapszemle","description":"\u00dczleti h\u00edrek az \u00e1ll\u00e1s \u00e9s a munka vil\u00e1g\u00e1b\u00f3l","inLanguage":"hu-HU","publisher":{"@id":"https:\/\/allasorias.hu\/hirek\/#organization"}}]},"og:locale":"hu_HU","og:site_name":"AllasOrias.hu | H\u00edrek-lapszemle | \u00dczleti h\u00edrek az \u00e1ll\u00e1s \u00e9s a munka vil\u00e1g\u00e1b\u00f3l","og:type":"article","og:title":"Kritikus tan\u00e1rhi\u00e1ny | AllasOrias.hu | H\u00edrek-lapszemle","og:description":"Nem lesz k\u00f6nny\u0171 az iskolakezd\u00e9s id\u00e9n: m\u00e1r most t\u00f6bb ezer pedag\u00f3gus hi\u00e1nyzik az oktat\u00e1si int\u00e9zm\u00e9nyekb\u0151l. A tan\u00e1rhi\u00e1ny pedig a munkaer\u0151piacon is \u00e9reztetni fogja a hat\u00e1s\u00e1t, ugyanis ak\u00e1r 10 \u00e9ven bel\u00fcl megjelenhetnek a munkaer\u0151piacon azok a gyerekek, akiknek most nem jut el\u00e9g szakpedag\u00f3gus az iskol\u00e1ban \u2013 \u00edrja a Portfolio. Augusztus 30-\u00e1n \u00fajra t\u00e1rgyal\u00f3asztalhoz \u00fclnek a pedag\u00f3gus","og:url":"https:\/\/allasorias.hu\/hirek\/kritikus-tanarhiany\/","og:image":"https:\/\/allasorias.hu\/hirek\/wp-content\/uploads\/2022\/08\/modern-classroom-interior-light-tones.jpg","og:image:secure_url":"https:\/\/allasorias.hu\/hirek\/wp-content\/uploads\/2022\/08\/modern-classroom-interior-light-tones.jpg","og:image:width":1920,"og:image:height":1280,"article:published_time":"2022-09-01T07:14:11+00:00","article:modified_time":"2022-09-01T07:14:11+00:00","article:publisher":"https:\/\/www.facebook.com\/allasorias","twitter:card":"summary_large_image","twitter:title":"Kritikus tan\u00e1rhi\u00e1ny | AllasOrias.hu | H\u00edrek-lapszemle","twitter:description":"Nem lesz k\u00f6nny\u0171 az iskolakezd\u00e9s id\u00e9n: m\u00e1r most t\u00f6bb ezer pedag\u00f3gus hi\u00e1nyzik az oktat\u00e1si int\u00e9zm\u00e9nyekb\u0151l. A tan\u00e1rhi\u00e1ny pedig a munkaer\u0151piacon is \u00e9reztetni fogja a hat\u00e1s\u00e1t, ugyanis ak\u00e1r 10 \u00e9ven bel\u00fcl megjelenhetnek a munkaer\u0151piacon azok a gyerekek, akiknek most nem jut el\u00e9g szakpedag\u00f3gus az iskol\u00e1ban \u2013 \u00edrja a Portfolio. Augusztus 30-\u00e1n \u00fajra t\u00e1rgyal\u00f3asztalhoz \u00fclnek a pedag\u00f3gus","twitter:image":"https:\/\/allasorias.hu\/hirek\/wp-content\/uploads\/2022\/08\/modern-classroom-interior-light-tones.jpg","twitter:label1":"Written by","twitter:data1":"Juh\u00e1sz P\u00e9ter","twitter:label2":"Est. reading time","twitter:data2":"2 minutes"},"aioseo_meta_data":{"post_id":"5767","title":null,"description":null,"keywords":[],"keyphrases":{"focus":{"keyphrase":"","score":0,"analysis":{"keyphraseInTitle":{"score":0,"maxScore":9,"error":1}}},"additional":[]},"primary_term":null,"canonical_url":null,"og_title":null,"og_description":null,"og_object_type":"default","og_image_type":"default","og_image_url":null,"og_image_width":null,"og_image_height":null,"og_image_custom_url":null,"og_image_custom_fields":null,"og_video":"","og_custom_url":null,"og_article_section":null,"og_article_tags":[],"twitter_use_og":false,"twitter_card":"default","twitter_image_type":"default","twitter_image_url":null,"twitter_image_custom_url":null,"twitter_image_custom_fields":null,"twitter_title":null,"twitter_description":null,"schema":{"blockGraphs":[],"customGraphs":[],"default":{"data":{"Article":[],"Course":[],"Dataset":[],"FAQPage":[],"Movie":[],"Person":[],"Product":[],"ProductReview":[],"Car":[],"Recipe":[],"Service":[],"SoftwareApplication":[],"WebPage":[]},"graphName":"","isEnabled":true},"graphs":[],"defaultGraph":"Article","defaultPostTypeGraph":""},"schema_type":"default","schema_type_options":"{\"article\":{\"articleType\":\"BlogPosting\"},\"course\":{\"name\":\"\",\"description\":\"\",\"provider\":\"\"},\"faq\":{\"pages\":[]},\"product\":{\"reviews\":[]},\"recipe\":{\"ingredients\":[],\"instructions\":[],\"keywords\":[]},\"software\":{\"reviews\":[],\"operatingSystems\":[]},\"webPage\":{\"webPageType\":\"WebPage\"}}","pillar_content":false,"robots_default":true,"robots_noindex":false,"robots_noarchive":false,"robots_nosnippet":false,"robots_nofollow":false,"robots_noimageindex":false,"robots_noodp":false,"robots_notranslate":false,"robots_max_snippet":"-1","robots_max_videopreview":"-1","robots_max_imagepreview":"large","priority":null,"frequency":"default","location":null,"local_seo":null,"breadcrumb_settings":null,"limit_modified_date":false,"ai":null,"created":"2022-09-01 07:13:16","updated":"2025-10-02 17:10:45","seo_analyzer_scan_date":null,"focus_keyword":null,"additional_keywords":null,"truseo_locale":null},"aioseo_breadcrumb":"<div class=\"aioseo-breadcrumbs\"><span class=\"aioseo-breadcrumb\">\n\t\t\t<a href=\"https:\/\/allasorias.hu\/hirek\" title=\"Home\">Home<\/a>\n\t\t<\/span><span class=\"aioseo-breadcrumb-separator\">&raquo;<\/span><span class=\"aioseo-breadcrumb\">\n\t\t\t<a href=\"https:\/\/allasorias.hu\/hirek\/temak\/hianyszakmak\/\" title=\"Hi\u00e1nyszakm\u00e1k\">Hi\u00e1nyszakm\u00e1k<\/a>\n\t\t<\/span><span class=\"aioseo-breadcrumb-separator\">&raquo;<\/span><span class=\"aioseo-breadcrumb\">\n\t\t\tKritikus tan\u00e1rhi\u00e1ny\n\t\t<\/span><\/div>","aioseo_breadcrumb_json":[{"label":"Home","link":"https:\/\/allasorias.hu\/hirek"},{"label":"Hi\u00e1nyszakm\u00e1k","link":"https:\/\/allasorias.hu\/hirek\/temak\/hianyszakmak\/"},{"label":"Kritikus tan\u00e1rhi\u00e1ny","link":"https:\/\/allasorias.hu\/hirek\/kritikus-tanarhiany\/"}],"_links":{"self":[{"href":"https:\/\/allasorias.hu\/hirek\/wp-json\/wp\/v2\/posts\/5767","targetHints":{"allow":["GET"]}}],"collection":[{"href":"https:\/\/allasorias.hu\/hirek\/wp-json\/wp\/v2\/posts"}],"about":[{"href":"https:\/\/allasorias.hu\/hirek\/wp-json\/wp\/v2\/types\/post"}],"author":[{"embeddable":true,"href":"https:\/\/allasorias.hu\/hirek\/wp-json\/wp\/v2\/users\/1"}],"replies":[{"embeddable":true,"href":"https:\/\/allasorias.hu\/hirek\/wp-json\/wp\/v2\/comments?post=5767"}],"version-history":[{"count":1,"href":"https:\/\/allasorias.hu\/hirek\/wp-json\/wp\/v2\/posts\/5767\/revisions"}],"predecessor-version":[{"id":5768,"href":"https:\/\/allasorias.hu\/hirek\/wp-json\/wp\/v2\/posts\/5767\/revisions\/5768"}],"wp:featuredmedia":[{"embeddable":true,"href":"https:\/\/allasorias.hu\/hirek\/wp-json\/wp\/v2\/media\/5734"}],"wp:attachment":[{"href":"https:\/\/allasorias.hu\/hirek\/wp-json\/wp\/v2\/media?parent=5767"}],"wp:term":[{"taxonomy":"category","embeddable":true,"href":"https:\/\/allasorias.hu\/hirek\/wp-json\/wp\/v2\/categories?post=5767"},{"taxonomy":"post_tag","embeddable":true,"href":"https:\/\/allasorias.hu\/hirek\/wp-json\/wp\/v2\/tags?post=5767"}],"curies":[{"name":"wp","href":"https:\/\/api.w.org\/{rel}","templated":true}]}}