{"id":5764,"date":"2022-09-01T07:13:06","date_gmt":"2022-09-01T07:13:06","guid":{"rendered":"https:\/\/allasorias.hu\/hirek\/?p=5764"},"modified":"2022-09-01T07:13:06","modified_gmt":"2022-09-01T07:13:06","slug":"kompetencia-meres-indul-magyarorszagon","status":"publish","type":"post","link":"https:\/\/allasorias.hu\/hirek\/kompetencia-meres-indul-magyarorszagon\/","title":{"rendered":"Kompetencia m\u00e9r\u00e9s indul Magyarorsz\u00e1gon"},"content":{"rendered":"<p><strong>Nagyszab\u00e1s\u00fa kompetencia m\u00e9r\u00e9s indul haz\u00e1nkban, ami fontos k\u00f6vetkeztet\u00e9sek levon\u00e1s\u00e1ra lesz\u00a0 alkalmas az oktat\u00e1spolitika \u2013 k\u00fcl\u00f6n\u00f6sk\u00e9ppen a feln\u0151ttk\u00e9pz\u00e9s \u2013, valamint a foglalkoztat\u00e1spolitika sz\u00e1m\u00e1ra. Szeptember 1-j\u00e9n indul el Magyarorsz\u00e1gon a feln\u0151ttek k\u00e9szs\u00e9geit m\u00e9r\u0151 eddigi leg\u00e1tfog\u00f3bb nemzetk\u00f6zi kutat\u00e1s, a PIAAC (Programme for the International Assessment of Adult Competencies \u2013 Feln\u0151ttek K\u00e9pess\u00e9g- \u00e9s Kompetenciam\u00e9r\u00e9se Program) m\u00e1sodik ciklusa \u2013 \u00edrja a K\u00f6zponti Statisztikai Hivatal (KSH).<\/strong><\/p>\n<p>A felm\u00e9r\u00e9s a 16 \u00e9s 65 \u00e9v k\u00f6z\u00f6tti lakoss\u00e1g mindennapi \u00e9letben \u00e9s a munkav\u00e9gz\u00e9s sor\u00e1n haszn\u00e1lt alapkompetenci\u00e1it, azaz sz\u00f6veg\u00e9rt\u00e9si, elemi olvas\u00e1si, sz\u00e1mol\u00e1si \u00e9s adapt\u00edv probl\u00e9mamegold\u00f3 k\u00e9pess\u00e9geit, valamint ezek munkaer\u0151piaci hasznosul\u00e1s\u00e1t vizsg\u00e1lja majd. A nemzetk\u00f6zi felm\u00e9r\u00e9s m\u00e1sodik ciklus\u00e1nak el\u0151k\u00e9sz\u00edt\u00e9se 2019-ben indult, Magyarorsz\u00e1ggal egy\u00fctt 32 orsz\u00e1g r\u00e9szv\u00e9tel\u00e9vel. A hazai felm\u00e9r\u00e9s 2022. szeptember 1-j\u00e9n kezd\u0151dik, \u00e9s el\u0151rel\u00e1that\u00f3an 4 h\u00f3napon \u00e1t tart. Az adatgy\u0171jt\u00e9s sor\u00e1n \u00f6sszesen t\u00f6bb mint 9000, v\u00e9letlenszer\u0171en kiv\u00e1lasztott, magyarorsz\u00e1gi lakc\u00edmmel rendelkez\u0151 16 \u00e9s 65 \u00e9v k\u00f6z\u00f6tti lakost k\u00e9rnek fel, hogy vegyen r\u00e9szt a programban. A felm\u00e9r\u00e9s sz\u00e1m\u00edt\u00f3g\u00e9pen kit\u00f6lt\u00f6tt h\u00e1tt\u00e9rk\u00e9rd\u0151\u00edvb\u0151l \u00e9s a k\u00e9pess\u00e9geket \u00e9s k\u00e9szs\u00e9geket m\u00e9r\u0151 feladatokb\u00f3l \u00e1ll. Az adatgy\u0171jt\u00e9sben val\u00f3 r\u00e9szv\u00e9tel \u00f6nk\u00e9ntes. Orsz\u00e1gosan k\u00f6zel 200 \u00f6ssze\u00edr\u00f3 250 helysz\u00ednen kezdi el a munk\u00e1t, a nagyv\u00e1rosok mellett Budapest valamennyi ker\u00fclete \u00e9s a kisebb telep\u00fcl\u00e9sek is reprezent\u00e1ltak a mint\u00e1ban. A PIAAC-felm\u00e9r\u00e9s k\u00fcl\u00f6nlegess\u00e9ge abban \u00e1ll, hogy \u2013 a kor\u00e1bban v\u00e9gzett hasonl\u00f3 felm\u00e9r\u00e9sekt\u0151l elt\u00e9r\u0151en \u2013 a kompetenci\u00e1k munkaer\u0151piacon \u00e9s a mindennapi \u00e9letben val\u00f3 hasznosul\u00e1s\u00e1t is m\u00e9ri, valamint nemzetk\u00f6zileg \u00f6sszehasonl\u00edthat\u00f3 adatok sz\u00fcletnek az\u00e1ltal, hogy a programban r\u00e9szt vev\u0151 orsz\u00e1gok szigor\u00fa el\u0151\u00edr\u00e1sok szerinti egys\u00e9ges m\u00f3dszertant haszn\u00e1lnak. A programban r\u00e9szt vev\u0151 orsz\u00e1gokra vonatkoz\u00f3 eredm\u00e9nyek feldolgoz\u00e1s\u00e1t 2024 v\u00e9g\u00e9re tervezi befejezni az OECD (Gazdas\u00e1gi Egy\u00fcttm\u0171k\u00f6d\u00e9si \u00e9s Fejleszt\u00e9si Szervezet). A PIAAC-m\u00e9r\u00e9s adatb\u00e1zisa nyilv\u00e1nos \u00e9s kutathat\u00f3 lesz, az adatb\u00e1zison alapul\u00f3 elemz\u00e9sek fontos k\u00f6vetkeztet\u00e9sek levon\u00e1s\u00e1ra lesznek alkalmasak az oktat\u00e1spolitika \u2013 k\u00fcl\u00f6n\u00f6sk\u00e9ppen a feln\u0151ttk\u00e9pz\u00e9s \u2013, valamint a foglalkoztat\u00e1spolitika sz\u00e1m\u00e1ra \u2013 \u00edrja a KSH.<\/p>\n<p>Forr\u00e1s:telex.hu<\/p>\n","protected":false},"excerpt":{"rendered":"<p>Nagyszab\u00e1s\u00fa kompetencia m\u00e9r\u00e9s indul haz\u00e1nkban, ami fontos k\u00f6vetkeztet\u00e9sek levon\u00e1s\u00e1ra lesz\u00a0 alkalmas az oktat\u00e1spolitika \u2013 k\u00fcl\u00f6n\u00f6sk\u00e9ppen a feln\u0151ttk\u00e9pz\u00e9s \u2013, valamint a foglalkoztat\u00e1spolitika sz\u00e1m\u00e1ra. Szeptember 1-j\u00e9n indul el Magyarorsz\u00e1gon a feln\u0151ttek k\u00e9szs\u00e9geit m\u00e9r\u0151 eddigi leg\u00e1tfog\u00f3bb nemzetk\u00f6zi kutat\u00e1s, a PIAAC (Programme for the International Assessment of Adult Competencies \u2013 Feln\u0151ttek K\u00e9pess\u00e9g- \u00e9s Kompetenciam\u00e9r\u00e9se Program) m\u00e1sodik ciklusa \u2013 \u00edrja [&hellip;]<\/p>\n","protected":false},"author":1,"featured_media":5765,"comment_status":"open","ping_status":"open","sticky":false,"template":"","format":"standard","meta":{"_monsterinsights_skip_tracking":false,"footnotes":""},"categories":[200],"tags":[],"class_list":["post-5764","post","type-post","status-publish","format-standard","has-post-thumbnail","hentry","category-munkaeropiac"],"aioseo_notices":[],"aioseo_head":"\n\t\t<!-- All in One SEO 5.0.0.1 - aioseo.com -->\n\t<meta name=\"description\" content=\"Nagyszab\u00e1s\u00fa kompetencia m\u00e9r\u00e9s indul haz\u00e1nkban, ami fontos k\u00f6vetkeztet\u00e9sek levon\u00e1s\u00e1ra lesz alkalmas az oktat\u00e1spolitika \u2013 k\u00fcl\u00f6n\u00f6sk\u00e9ppen a feln\u0151ttk\u00e9pz\u00e9s \u2013, valamint a foglalkoztat\u00e1spolitika sz\u00e1m\u00e1ra. Szeptember 1-j\u00e9n indul el Magyarorsz\u00e1gon a feln\u0151ttek k\u00e9szs\u00e9geit m\u00e9r\u0151 eddigi leg\u00e1tfog\u00f3bb nemzetk\u00f6zi kutat\u00e1s, a PIAAC (Programme for the International Assessment of Adult Competencies \u2013 Feln\u0151ttek K\u00e9pess\u00e9g- \u00e9s Kompetenciam\u00e9r\u00e9se Program) m\u00e1sodik ciklusa \u2013 \u00edrja\" \/>\n\t<meta name=\"robots\" content=\"max-image-preview:large\" \/>\n\t<meta name=\"author\" content=\"Juh\u00e1sz P\u00e9ter\"\/>\n\t<link rel=\"canonical\" href=\"https:\/\/allasorias.hu\/hirek\/kompetencia-meres-indul-magyarorszagon\/\" \/>\n\t<meta name=\"generator\" content=\"All in One SEO (AIOSEO) 5.0.0.1\" \/>\n\t\t<meta property=\"og:locale\" content=\"hu_HU\" \/>\n\t\t<meta property=\"og:site_name\" content=\"AllasOrias.hu | H\u00edrek-lapszemle | \u00dczleti h\u00edrek az \u00e1ll\u00e1s \u00e9s a munka vil\u00e1g\u00e1b\u00f3l\" \/>\n\t\t<meta property=\"og:type\" content=\"article\" \/>\n\t\t<meta property=\"og:title\" content=\"Kompetencia m\u00e9r\u00e9s indul Magyarorsz\u00e1gon | AllasOrias.hu | H\u00edrek-lapszemle\" \/>\n\t\t<meta property=\"og:description\" content=\"Nagyszab\u00e1s\u00fa kompetencia m\u00e9r\u00e9s indul haz\u00e1nkban, ami fontos k\u00f6vetkeztet\u00e9sek levon\u00e1s\u00e1ra lesz alkalmas az oktat\u00e1spolitika \u2013 k\u00fcl\u00f6n\u00f6sk\u00e9ppen a feln\u0151ttk\u00e9pz\u00e9s \u2013, valamint a foglalkoztat\u00e1spolitika sz\u00e1m\u00e1ra. Szeptember 1-j\u00e9n indul el Magyarorsz\u00e1gon a feln\u0151ttek k\u00e9szs\u00e9geit m\u00e9r\u0151 eddigi leg\u00e1tfog\u00f3bb nemzetk\u00f6zi kutat\u00e1s, a PIAAC (Programme for the International Assessment of Adult Competencies \u2013 Feln\u0151ttek K\u00e9pess\u00e9g- \u00e9s Kompetenciam\u00e9r\u00e9se Program) m\u00e1sodik ciklusa \u2013 \u00edrja\" \/>\n\t\t<meta property=\"og:url\" content=\"https:\/\/allasorias.hu\/hirek\/kompetencia-meres-indul-magyarorszagon\/\" \/>\n\t\t<meta property=\"og:image\" content=\"https:\/\/allasorias.hu\/hirek\/wp-content\/uploads\/2022\/09\/test.jpg\" \/>\n\t\t<meta property=\"og:image:secure_url\" content=\"https:\/\/allasorias.hu\/hirek\/wp-content\/uploads\/2022\/09\/test.jpg\" \/>\n\t\t<meta property=\"og:image:width\" content=\"1920\" \/>\n\t\t<meta property=\"og:image:height\" content=\"1280\" \/>\n\t\t<meta property=\"article:published_time\" content=\"2022-09-01T07:13:06+00:00\" \/>\n\t\t<meta property=\"article:modified_time\" content=\"2022-09-01T07:13:06+00:00\" \/>\n\t\t<meta property=\"article:publisher\" content=\"https:\/\/www.facebook.com\/allasorias\" \/>\n\t\t<meta name=\"twitter:card\" content=\"summary_large_image\" \/>\n\t\t<meta name=\"twitter:title\" content=\"Kompetencia m\u00e9r\u00e9s indul Magyarorsz\u00e1gon | AllasOrias.hu | H\u00edrek-lapszemle\" \/>\n\t\t<meta name=\"twitter:description\" content=\"Nagyszab\u00e1s\u00fa kompetencia m\u00e9r\u00e9s indul haz\u00e1nkban, ami fontos k\u00f6vetkeztet\u00e9sek levon\u00e1s\u00e1ra lesz alkalmas az oktat\u00e1spolitika \u2013 k\u00fcl\u00f6n\u00f6sk\u00e9ppen a feln\u0151ttk\u00e9pz\u00e9s \u2013, valamint a foglalkoztat\u00e1spolitika sz\u00e1m\u00e1ra. Szeptember 1-j\u00e9n indul el Magyarorsz\u00e1gon a feln\u0151ttek k\u00e9szs\u00e9geit m\u00e9r\u0151 eddigi leg\u00e1tfog\u00f3bb nemzetk\u00f6zi kutat\u00e1s, a PIAAC (Programme for the International Assessment of Adult Competencies \u2013 Feln\u0151ttek K\u00e9pess\u00e9g- \u00e9s Kompetenciam\u00e9r\u00e9se Program) m\u00e1sodik ciklusa \u2013 \u00edrja\" \/>\n\t\t<meta name=\"twitter:image\" content=\"https:\/\/allasorias.hu\/hirek\/wp-content\/uploads\/2022\/09\/test.jpg\" \/>\n\t\t<meta name=\"twitter:label1\" content=\"Written by\" \/>\n\t\t<meta name=\"twitter:data1\" content=\"Juh\u00e1sz P\u00e9ter\" \/>\n\t\t<meta name=\"twitter:label2\" content=\"Est. reading time\" \/>\n\t\t<meta name=\"twitter:data2\" content=\"2 minutes\" \/>\n\t\t<script type=\"application\/ld+json\" class=\"aioseo-schema\">\n\t\t\t{\"@context\":\"https:\\\/\\\/schema.org\",\"@graph\":[{\"@type\":\"Article\",\"@id\":\"https:\\\/\\\/allasorias.hu\\\/hirek\\\/kompetencia-meres-indul-magyarorszagon\\\/#article\",\"name\":\"Kompetencia m\\u00e9r\\u00e9s indul Magyarorsz\\u00e1gon | AllasOrias.hu | H\\u00edrek-lapszemle\",\"headline\":\"Kompetencia m\\u00e9r\\u00e9s indul Magyarorsz\\u00e1gon\",\"author\":{\"@id\":\"https:\\\/\\\/allasorias.hu\\\/hirek\\\/author\\\/admin-allasorias\\\/#author\"},\"publisher\":{\"@id\":\"https:\\\/\\\/allasorias.hu\\\/hirek\\\/#organization\"},\"image\":{\"@type\":\"ImageObject\",\"url\":\"https:\\\/\\\/allasorias.hu\\\/hirek\\\/wp-content\\\/uploads\\\/2022\\\/09\\\/test.jpg\",\"width\":1920,\"height\":1280,\"caption\":\"Closeup to hand of student  holding pencil and taking exam in classroom with stress for education test.\"},\"datePublished\":\"2022-09-01T07:13:06+02:00\",\"dateModified\":\"2022-09-01T07:13:06+02:00\",\"inLanguage\":\"hu-HU\",\"mainEntityOfPage\":{\"@id\":\"https:\\\/\\\/allasorias.hu\\\/hirek\\\/kompetencia-meres-indul-magyarorszagon\\\/#webpage\"},\"isPartOf\":{\"@id\":\"https:\\\/\\\/allasorias.hu\\\/hirek\\\/kompetencia-meres-indul-magyarorszagon\\\/#webpage\"},\"articleSection\":\"Munkaer\\u0151piac\"},{\"@type\":\"BreadcrumbList\",\"@id\":\"https:\\\/\\\/allasorias.hu\\\/hirek\\\/kompetencia-meres-indul-magyarorszagon\\\/#breadcrumblist\",\"itemListElement\":[{\"@type\":\"ListItem\",\"@id\":\"https:\\\/\\\/allasorias.hu\\\/hirek#listItem\",\"position\":1,\"name\":\"Home\",\"item\":\"https:\\\/\\\/allasorias.hu\\\/hirek\",\"nextItem\":{\"@type\":\"ListItem\",\"@id\":\"https:\\\/\\\/allasorias.hu\\\/hirek\\\/temak\\\/munkaeropiac\\\/#listItem\",\"name\":\"Munkaer\\u0151piac\"}},{\"@type\":\"ListItem\",\"@id\":\"https:\\\/\\\/allasorias.hu\\\/hirek\\\/temak\\\/munkaeropiac\\\/#listItem\",\"position\":2,\"name\":\"Munkaer\\u0151piac\",\"item\":\"https:\\\/\\\/allasorias.hu\\\/hirek\\\/temak\\\/munkaeropiac\\\/\",\"nextItem\":{\"@type\":\"ListItem\",\"@id\":\"https:\\\/\\\/allasorias.hu\\\/hirek\\\/kompetencia-meres-indul-magyarorszagon\\\/#listItem\",\"name\":\"Kompetencia m\\u00e9r\\u00e9s indul Magyarorsz\\u00e1gon\"},\"previousItem\":{\"@type\":\"ListItem\",\"@id\":\"https:\\\/\\\/allasorias.hu\\\/hirek#listItem\",\"name\":\"Home\"}},{\"@type\":\"ListItem\",\"@id\":\"https:\\\/\\\/allasorias.hu\\\/hirek\\\/kompetencia-meres-indul-magyarorszagon\\\/#listItem\",\"position\":3,\"name\":\"Kompetencia m\\u00e9r\\u00e9s indul Magyarorsz\\u00e1gon\",\"previousItem\":{\"@type\":\"ListItem\",\"@id\":\"https:\\\/\\\/allasorias.hu\\\/hirek\\\/temak\\\/munkaeropiac\\\/#listItem\",\"name\":\"Munkaer\\u0151piac\"}}]},{\"@type\":\"Organization\",\"@id\":\"https:\\\/\\\/allasorias.hu\\\/hirek\\\/#organization\",\"name\":\"AllasOrias.hu | H\\u00edrek-lapszemle\",\"description\":\"\\u00dczleti h\\u00edrek az \\u00e1ll\\u00e1s \\u00e9s a munka vil\\u00e1g\\u00e1b\\u00f3l\",\"url\":\"https:\\\/\\\/allasorias.hu\\\/hirek\\\/\",\"logo\":{\"@type\":\"ImageObject\",\"url\":\"https:\\\/\\\/allasorias.hu\\\/hirek\\\/wp-content\\\/uploads\\\/2022\\\/10\\\/allasorias_site_facebok_logo.png\",\"@id\":\"https:\\\/\\\/allasorias.hu\\\/hirek\\\/kompetencia-meres-indul-magyarorszagon\\\/#organizationLogo\"},\"image\":{\"@id\":\"https:\\\/\\\/allasorias.hu\\\/hirek\\\/kompetencia-meres-indul-magyarorszagon\\\/#organizationLogo\"},\"sameAs\":[\"https:\\\/\\\/www.facebook.com\\\/allasorias\",\"https:\\\/\\\/www.linkedin.com\\\/company\\\/allasorias\"]},{\"@type\":\"Person\",\"@id\":\"https:\\\/\\\/allasorias.hu\\\/hirek\\\/author\\\/admin-allasorias\\\/#author\",\"url\":\"https:\\\/\\\/allasorias.hu\\\/hirek\\\/author\\\/admin-allasorias\\\/\",\"name\":\"Juh\\u00e1sz P\\u00e9ter\",\"image\":{\"@type\":\"ImageObject\",\"@id\":\"https:\\\/\\\/allasorias.hu\\\/hirek\\\/kompetencia-meres-indul-magyarorszagon\\\/#authorImage\",\"url\":\"https:\\\/\\\/secure.gravatar.com\\\/avatar\\\/36e6bcb83148978b992977cb0f54d22feb0cce8a0a849a9410532bb2623ba4c6?s=96&d=mm&r=g\",\"width\":96,\"height\":96,\"caption\":\"Juh\\u00e1sz P\\u00e9ter\"}},{\"@type\":\"WebPage\",\"@id\":\"https:\\\/\\\/allasorias.hu\\\/hirek\\\/kompetencia-meres-indul-magyarorszagon\\\/#webpage\",\"url\":\"https:\\\/\\\/allasorias.hu\\\/hirek\\\/kompetencia-meres-indul-magyarorszagon\\\/\",\"name\":\"Kompetencia m\\u00e9r\\u00e9s indul Magyarorsz\\u00e1gon | AllasOrias.hu | H\\u00edrek-lapszemle\",\"description\":\"Nagyszab\\u00e1s\\u00fa kompetencia m\\u00e9r\\u00e9s indul haz\\u00e1nkban, ami fontos k\\u00f6vetkeztet\\u00e9sek levon\\u00e1s\\u00e1ra lesz alkalmas az oktat\\u00e1spolitika \\u2013 k\\u00fcl\\u00f6n\\u00f6sk\\u00e9ppen a feln\\u0151ttk\\u00e9pz\\u00e9s \\u2013, valamint a foglalkoztat\\u00e1spolitika sz\\u00e1m\\u00e1ra. Szeptember 1-j\\u00e9n indul el Magyarorsz\\u00e1gon a feln\\u0151ttek k\\u00e9szs\\u00e9geit m\\u00e9r\\u0151 eddigi leg\\u00e1tfog\\u00f3bb nemzetk\\u00f6zi kutat\\u00e1s, a PIAAC (Programme for the International Assessment of Adult Competencies \\u2013 Feln\\u0151ttek K\\u00e9pess\\u00e9g- \\u00e9s Kompetenciam\\u00e9r\\u00e9se Program) m\\u00e1sodik ciklusa \\u2013 \\u00edrja\",\"inLanguage\":\"hu-HU\",\"isPartOf\":{\"@id\":\"https:\\\/\\\/allasorias.hu\\\/hirek\\\/#website\"},\"breadcrumb\":{\"@id\":\"https:\\\/\\\/allasorias.hu\\\/hirek\\\/kompetencia-meres-indul-magyarorszagon\\\/#breadcrumblist\"},\"author\":{\"@id\":\"https:\\\/\\\/allasorias.hu\\\/hirek\\\/author\\\/admin-allasorias\\\/#author\"},\"creator\":{\"@id\":\"https:\\\/\\\/allasorias.hu\\\/hirek\\\/author\\\/admin-allasorias\\\/#author\"},\"image\":{\"@type\":\"ImageObject\",\"url\":\"https:\\\/\\\/allasorias.hu\\\/hirek\\\/wp-content\\\/uploads\\\/2022\\\/09\\\/test.jpg\",\"@id\":\"https:\\\/\\\/allasorias.hu\\\/hirek\\\/kompetencia-meres-indul-magyarorszagon\\\/#mainImage\",\"width\":1920,\"height\":1280,\"caption\":\"Closeup to hand of student  holding pencil and taking exam in classroom with stress for education test.\"},\"primaryImageOfPage\":{\"@id\":\"https:\\\/\\\/allasorias.hu\\\/hirek\\\/kompetencia-meres-indul-magyarorszagon\\\/#mainImage\"},\"datePublished\":\"2022-09-01T07:13:06+02:00\",\"dateModified\":\"2022-09-01T07:13:06+02:00\"},{\"@type\":\"WebSite\",\"@id\":\"https:\\\/\\\/allasorias.hu\\\/hirek\\\/#website\",\"url\":\"https:\\\/\\\/allasorias.hu\\\/hirek\\\/\",\"name\":\"AllasOrias.hu | H\\u00edrek-lapszemle\",\"description\":\"\\u00dczleti h\\u00edrek az \\u00e1ll\\u00e1s \\u00e9s a munka vil\\u00e1g\\u00e1b\\u00f3l\",\"inLanguage\":\"hu-HU\",\"publisher\":{\"@id\":\"https:\\\/\\\/allasorias.hu\\\/hirek\\\/#organization\"}}]}\n\t\t<\/script>\n\t\t<!-- All in One SEO -->\n\n","aioseo_head_json":{"title":"Kompetencia m\u00e9r\u00e9s indul Magyarorsz\u00e1gon | AllasOrias.hu | H\u00edrek-lapszemle","description":"Nagyszab\u00e1s\u00fa kompetencia m\u00e9r\u00e9s indul haz\u00e1nkban, ami fontos k\u00f6vetkeztet\u00e9sek levon\u00e1s\u00e1ra lesz alkalmas az oktat\u00e1spolitika \u2013 k\u00fcl\u00f6n\u00f6sk\u00e9ppen a feln\u0151ttk\u00e9pz\u00e9s \u2013, valamint a foglalkoztat\u00e1spolitika sz\u00e1m\u00e1ra. Szeptember 1-j\u00e9n indul el Magyarorsz\u00e1gon a feln\u0151ttek k\u00e9szs\u00e9geit m\u00e9r\u0151 eddigi leg\u00e1tfog\u00f3bb nemzetk\u00f6zi kutat\u00e1s, a PIAAC (Programme for the International Assessment of Adult Competencies \u2013 Feln\u0151ttek K\u00e9pess\u00e9g- \u00e9s Kompetenciam\u00e9r\u00e9se Program) m\u00e1sodik ciklusa \u2013 \u00edrja","canonical_url":"https:\/\/allasorias.hu\/hirek\/kompetencia-meres-indul-magyarorszagon\/","robots":"max-image-preview:large","keywords":"","webmasterTools":{"miscellaneous":""},"schema":{"@context":"https:\/\/schema.org","@graph":[{"@type":"Article","@id":"https:\/\/allasorias.hu\/hirek\/kompetencia-meres-indul-magyarorszagon\/#article","name":"Kompetencia m\u00e9r\u00e9s indul Magyarorsz\u00e1gon | AllasOrias.hu | H\u00edrek-lapszemle","headline":"Kompetencia m\u00e9r\u00e9s indul Magyarorsz\u00e1gon","author":{"@id":"https:\/\/allasorias.hu\/hirek\/author\/admin-allasorias\/#author"},"publisher":{"@id":"https:\/\/allasorias.hu\/hirek\/#organization"},"image":{"@type":"ImageObject","url":"https:\/\/allasorias.hu\/hirek\/wp-content\/uploads\/2022\/09\/test.jpg","width":1920,"height":1280,"caption":"Closeup to hand of student  holding pencil and taking exam in classroom with stress for education test."},"datePublished":"2022-09-01T07:13:06+02:00","dateModified":"2022-09-01T07:13:06+02:00","inLanguage":"hu-HU","mainEntityOfPage":{"@id":"https:\/\/allasorias.hu\/hirek\/kompetencia-meres-indul-magyarorszagon\/#webpage"},"isPartOf":{"@id":"https:\/\/allasorias.hu\/hirek\/kompetencia-meres-indul-magyarorszagon\/#webpage"},"articleSection":"Munkaer\u0151piac"},{"@type":"BreadcrumbList","@id":"https:\/\/allasorias.hu\/hirek\/kompetencia-meres-indul-magyarorszagon\/#breadcrumblist","itemListElement":[{"@type":"ListItem","@id":"https:\/\/allasorias.hu\/hirek#listItem","position":1,"name":"Home","item":"https:\/\/allasorias.hu\/hirek","nextItem":{"@type":"ListItem","@id":"https:\/\/allasorias.hu\/hirek\/temak\/munkaeropiac\/#listItem","name":"Munkaer\u0151piac"}},{"@type":"ListItem","@id":"https:\/\/allasorias.hu\/hirek\/temak\/munkaeropiac\/#listItem","position":2,"name":"Munkaer\u0151piac","item":"https:\/\/allasorias.hu\/hirek\/temak\/munkaeropiac\/","nextItem":{"@type":"ListItem","@id":"https:\/\/allasorias.hu\/hirek\/kompetencia-meres-indul-magyarorszagon\/#listItem","name":"Kompetencia m\u00e9r\u00e9s indul Magyarorsz\u00e1gon"},"previousItem":{"@type":"ListItem","@id":"https:\/\/allasorias.hu\/hirek#listItem","name":"Home"}},{"@type":"ListItem","@id":"https:\/\/allasorias.hu\/hirek\/kompetencia-meres-indul-magyarorszagon\/#listItem","position":3,"name":"Kompetencia m\u00e9r\u00e9s indul Magyarorsz\u00e1gon","previousItem":{"@type":"ListItem","@id":"https:\/\/allasorias.hu\/hirek\/temak\/munkaeropiac\/#listItem","name":"Munkaer\u0151piac"}}]},{"@type":"Organization","@id":"https:\/\/allasorias.hu\/hirek\/#organization","name":"AllasOrias.hu | H\u00edrek-lapszemle","description":"\u00dczleti h\u00edrek az \u00e1ll\u00e1s \u00e9s a munka vil\u00e1g\u00e1b\u00f3l","url":"https:\/\/allasorias.hu\/hirek\/","logo":{"@type":"ImageObject","url":"https:\/\/allasorias.hu\/hirek\/wp-content\/uploads\/2022\/10\/allasorias_site_facebok_logo.png","@id":"https:\/\/allasorias.hu\/hirek\/kompetencia-meres-indul-magyarorszagon\/#organizationLogo"},"image":{"@id":"https:\/\/allasorias.hu\/hirek\/kompetencia-meres-indul-magyarorszagon\/#organizationLogo"},"sameAs":["https:\/\/www.facebook.com\/allasorias","https:\/\/www.linkedin.com\/company\/allasorias"]},{"@type":"Person","@id":"https:\/\/allasorias.hu\/hirek\/author\/admin-allasorias\/#author","url":"https:\/\/allasorias.hu\/hirek\/author\/admin-allasorias\/","name":"Juh\u00e1sz P\u00e9ter","image":{"@type":"ImageObject","@id":"https:\/\/allasorias.hu\/hirek\/kompetencia-meres-indul-magyarorszagon\/#authorImage","url":"https:\/\/secure.gravatar.com\/avatar\/36e6bcb83148978b992977cb0f54d22feb0cce8a0a849a9410532bb2623ba4c6?s=96&d=mm&r=g","width":96,"height":96,"caption":"Juh\u00e1sz P\u00e9ter"}},{"@type":"WebPage","@id":"https:\/\/allasorias.hu\/hirek\/kompetencia-meres-indul-magyarorszagon\/#webpage","url":"https:\/\/allasorias.hu\/hirek\/kompetencia-meres-indul-magyarorszagon\/","name":"Kompetencia m\u00e9r\u00e9s indul Magyarorsz\u00e1gon | AllasOrias.hu | H\u00edrek-lapszemle","description":"Nagyszab\u00e1s\u00fa kompetencia m\u00e9r\u00e9s indul haz\u00e1nkban, ami fontos k\u00f6vetkeztet\u00e9sek levon\u00e1s\u00e1ra lesz alkalmas az oktat\u00e1spolitika \u2013 k\u00fcl\u00f6n\u00f6sk\u00e9ppen a feln\u0151ttk\u00e9pz\u00e9s \u2013, valamint a foglalkoztat\u00e1spolitika sz\u00e1m\u00e1ra. Szeptember 1-j\u00e9n indul el Magyarorsz\u00e1gon a feln\u0151ttek k\u00e9szs\u00e9geit m\u00e9r\u0151 eddigi leg\u00e1tfog\u00f3bb nemzetk\u00f6zi kutat\u00e1s, a PIAAC (Programme for the International Assessment of Adult Competencies \u2013 Feln\u0151ttek K\u00e9pess\u00e9g- \u00e9s Kompetenciam\u00e9r\u00e9se Program) m\u00e1sodik ciklusa \u2013 \u00edrja","inLanguage":"hu-HU","isPartOf":{"@id":"https:\/\/allasorias.hu\/hirek\/#website"},"breadcrumb":{"@id":"https:\/\/allasorias.hu\/hirek\/kompetencia-meres-indul-magyarorszagon\/#breadcrumblist"},"author":{"@id":"https:\/\/allasorias.hu\/hirek\/author\/admin-allasorias\/#author"},"creator":{"@id":"https:\/\/allasorias.hu\/hirek\/author\/admin-allasorias\/#author"},"image":{"@type":"ImageObject","url":"https:\/\/allasorias.hu\/hirek\/wp-content\/uploads\/2022\/09\/test.jpg","@id":"https:\/\/allasorias.hu\/hirek\/kompetencia-meres-indul-magyarorszagon\/#mainImage","width":1920,"height":1280,"caption":"Closeup to hand of student  holding pencil and taking exam in classroom with stress for education test."},"primaryImageOfPage":{"@id":"https:\/\/allasorias.hu\/hirek\/kompetencia-meres-indul-magyarorszagon\/#mainImage"},"datePublished":"2022-09-01T07:13:06+02:00","dateModified":"2022-09-01T07:13:06+02:00"},{"@type":"WebSite","@id":"https:\/\/allasorias.hu\/hirek\/#website","url":"https:\/\/allasorias.hu\/hirek\/","name":"AllasOrias.hu | H\u00edrek-lapszemle","description":"\u00dczleti h\u00edrek az \u00e1ll\u00e1s \u00e9s a munka vil\u00e1g\u00e1b\u00f3l","inLanguage":"hu-HU","publisher":{"@id":"https:\/\/allasorias.hu\/hirek\/#organization"}}]},"og:locale":"hu_HU","og:site_name":"AllasOrias.hu | H\u00edrek-lapszemle | \u00dczleti h\u00edrek az \u00e1ll\u00e1s \u00e9s a munka vil\u00e1g\u00e1b\u00f3l","og:type":"article","og:title":"Kompetencia m\u00e9r\u00e9s indul Magyarorsz\u00e1gon | AllasOrias.hu | H\u00edrek-lapszemle","og:description":"Nagyszab\u00e1s\u00fa kompetencia m\u00e9r\u00e9s indul haz\u00e1nkban, ami fontos k\u00f6vetkeztet\u00e9sek levon\u00e1s\u00e1ra lesz alkalmas az oktat\u00e1spolitika \u2013 k\u00fcl\u00f6n\u00f6sk\u00e9ppen a feln\u0151ttk\u00e9pz\u00e9s \u2013, valamint a foglalkoztat\u00e1spolitika sz\u00e1m\u00e1ra. Szeptember 1-j\u00e9n indul el Magyarorsz\u00e1gon a feln\u0151ttek k\u00e9szs\u00e9geit m\u00e9r\u0151 eddigi leg\u00e1tfog\u00f3bb nemzetk\u00f6zi kutat\u00e1s, a PIAAC (Programme for the International Assessment of Adult Competencies \u2013 Feln\u0151ttek K\u00e9pess\u00e9g- \u00e9s Kompetenciam\u00e9r\u00e9se Program) m\u00e1sodik ciklusa \u2013 \u00edrja","og:url":"https:\/\/allasorias.hu\/hirek\/kompetencia-meres-indul-magyarorszagon\/","og:image":"https:\/\/allasorias.hu\/hirek\/wp-content\/uploads\/2022\/09\/test.jpg","og:image:secure_url":"https:\/\/allasorias.hu\/hirek\/wp-content\/uploads\/2022\/09\/test.jpg","og:image:width":1920,"og:image:height":1280,"article:published_time":"2022-09-01T07:13:06+00:00","article:modified_time":"2022-09-01T07:13:06+00:00","article:publisher":"https:\/\/www.facebook.com\/allasorias","twitter:card":"summary_large_image","twitter:title":"Kompetencia m\u00e9r\u00e9s indul Magyarorsz\u00e1gon | AllasOrias.hu | H\u00edrek-lapszemle","twitter:description":"Nagyszab\u00e1s\u00fa kompetencia m\u00e9r\u00e9s indul haz\u00e1nkban, ami fontos k\u00f6vetkeztet\u00e9sek levon\u00e1s\u00e1ra lesz alkalmas az oktat\u00e1spolitika \u2013 k\u00fcl\u00f6n\u00f6sk\u00e9ppen a feln\u0151ttk\u00e9pz\u00e9s \u2013, valamint a foglalkoztat\u00e1spolitika sz\u00e1m\u00e1ra. Szeptember 1-j\u00e9n indul el Magyarorsz\u00e1gon a feln\u0151ttek k\u00e9szs\u00e9geit m\u00e9r\u0151 eddigi leg\u00e1tfog\u00f3bb nemzetk\u00f6zi kutat\u00e1s, a PIAAC (Programme for the International Assessment of Adult Competencies \u2013 Feln\u0151ttek K\u00e9pess\u00e9g- \u00e9s Kompetenciam\u00e9r\u00e9se Program) m\u00e1sodik ciklusa \u2013 \u00edrja","twitter:image":"https:\/\/allasorias.hu\/hirek\/wp-content\/uploads\/2022\/09\/test.jpg","twitter:label1":"Written by","twitter:data1":"Juh\u00e1sz P\u00e9ter","twitter:label2":"Est. reading time","twitter:data2":"2 minutes"},"aioseo_meta_data":{"post_id":"5764","title":null,"description":null,"keywords":[],"keyphrases":{"focus":{"keyphrase":"","score":0,"analysis":{"keyphraseInTitle":{"score":0,"maxScore":9,"error":1}}},"additional":[]},"primary_term":null,"canonical_url":null,"og_title":null,"og_description":null,"og_object_type":"default","og_image_type":"default","og_image_url":null,"og_image_width":null,"og_image_height":null,"og_image_custom_url":null,"og_image_custom_fields":null,"og_video":"","og_custom_url":null,"og_article_section":null,"og_article_tags":[],"twitter_use_og":false,"twitter_card":"default","twitter_image_type":"default","twitter_image_url":null,"twitter_image_custom_url":null,"twitter_image_custom_fields":null,"twitter_title":null,"twitter_description":null,"schema":{"blockGraphs":[],"customGraphs":[],"default":{"data":{"Article":[],"Course":[],"Dataset":[],"FAQPage":[],"Movie":[],"Person":[],"Product":[],"ProductReview":[],"Car":[],"Recipe":[],"Service":[],"SoftwareApplication":[],"WebPage":[]},"graphName":"","isEnabled":true},"graphs":[],"defaultGraph":"Article","defaultPostTypeGraph":""},"schema_type":"default","schema_type_options":"{\"article\":{\"articleType\":\"BlogPosting\"},\"course\":{\"name\":\"\",\"description\":\"\",\"provider\":\"\"},\"faq\":{\"pages\":[]},\"product\":{\"reviews\":[]},\"recipe\":{\"ingredients\":[],\"instructions\":[],\"keywords\":[]},\"software\":{\"reviews\":[],\"operatingSystems\":[]},\"webPage\":{\"webPageType\":\"WebPage\"}}","pillar_content":false,"robots_default":true,"robots_noindex":false,"robots_noarchive":false,"robots_nosnippet":false,"robots_nofollow":false,"robots_noimageindex":false,"robots_noodp":false,"robots_notranslate":false,"robots_max_snippet":"-1","robots_max_videopreview":"-1","robots_max_imagepreview":"large","priority":null,"frequency":"default","location":null,"local_seo":null,"breadcrumb_settings":null,"limit_modified_date":false,"ai":null,"created":"2022-09-01 07:11:20","updated":"2025-10-02 17:10:45","seo_analyzer_scan_date":null,"focus_keyword":null,"additional_keywords":null,"truseo_locale":null},"aioseo_breadcrumb":"<div class=\"aioseo-breadcrumbs\"><span class=\"aioseo-breadcrumb\">\n\t\t\t<a href=\"https:\/\/allasorias.hu\/hirek\" title=\"Home\">Home<\/a>\n\t\t<\/span><span class=\"aioseo-breadcrumb-separator\">&raquo;<\/span><span class=\"aioseo-breadcrumb\">\n\t\t\t<a href=\"https:\/\/allasorias.hu\/hirek\/temak\/munkaeropiac\/\" title=\"Munkaer\u0151piac\">Munkaer\u0151piac<\/a>\n\t\t<\/span><span class=\"aioseo-breadcrumb-separator\">&raquo;<\/span><span class=\"aioseo-breadcrumb\">\n\t\t\tKompetencia m\u00e9r\u00e9s indul Magyarorsz\u00e1gon\n\t\t<\/span><\/div>","aioseo_breadcrumb_json":[{"label":"Home","link":"https:\/\/allasorias.hu\/hirek"},{"label":"Munkaer\u0151piac","link":"https:\/\/allasorias.hu\/hirek\/temak\/munkaeropiac\/"},{"label":"Kompetencia m\u00e9r\u00e9s indul Magyarorsz\u00e1gon","link":"https:\/\/allasorias.hu\/hirek\/kompetencia-meres-indul-magyarorszagon\/"}],"_links":{"self":[{"href":"https:\/\/allasorias.hu\/hirek\/wp-json\/wp\/v2\/posts\/5764","targetHints":{"allow":["GET"]}}],"collection":[{"href":"https:\/\/allasorias.hu\/hirek\/wp-json\/wp\/v2\/posts"}],"about":[{"href":"https:\/\/allasorias.hu\/hirek\/wp-json\/wp\/v2\/types\/post"}],"author":[{"embeddable":true,"href":"https:\/\/allasorias.hu\/hirek\/wp-json\/wp\/v2\/users\/1"}],"replies":[{"embeddable":true,"href":"https:\/\/allasorias.hu\/hirek\/wp-json\/wp\/v2\/comments?post=5764"}],"version-history":[{"count":1,"href":"https:\/\/allasorias.hu\/hirek\/wp-json\/wp\/v2\/posts\/5764\/revisions"}],"predecessor-version":[{"id":5766,"href":"https:\/\/allasorias.hu\/hirek\/wp-json\/wp\/v2\/posts\/5764\/revisions\/5766"}],"wp:featuredmedia":[{"embeddable":true,"href":"https:\/\/allasorias.hu\/hirek\/wp-json\/wp\/v2\/media\/5765"}],"wp:attachment":[{"href":"https:\/\/allasorias.hu\/hirek\/wp-json\/wp\/v2\/media?parent=5764"}],"wp:term":[{"taxonomy":"category","embeddable":true,"href":"https:\/\/allasorias.hu\/hirek\/wp-json\/wp\/v2\/categories?post=5764"},{"taxonomy":"post_tag","embeddable":true,"href":"https:\/\/allasorias.hu\/hirek\/wp-json\/wp\/v2\/tags?post=5764"}],"curies":[{"name":"wp","href":"https:\/\/api.w.org\/{rel}","templated":true}]}}