{"id":5755,"date":"2022-08-26T06:21:15","date_gmt":"2022-08-26T06:21:15","guid":{"rendered":"https:\/\/allasorias.hu\/hirek\/?p=5755"},"modified":"2023-02-09T10:30:30","modified_gmt":"2023-02-09T10:30:30","slug":"iden-33-szazalek-lehet-az-eves-munkanelkulisegi-rata","status":"publish","type":"post","link":"https:\/\/allasorias.hu\/hirek\/iden-33-szazalek-lehet-az-eves-munkanelkulisegi-rata\/","title":{"rendered":"Id\u00e9n 3,3 sz\u00e1zal\u00e9k lehet az \u00e9ves munkan\u00e9lk\u00fclis\u00e9gi r\u00e1ta"},"content":{"rendered":"<p><strong>A KSH jelent\u00e9se szerint j\u00faliusban a 15-74 \u00e9ves foglalkoztatottak \u00e1tlagos l\u00e9tsz\u00e1ma 4 milli\u00f3 714 ezer volt, m\u00e1sodik h\u00f3napja haladta meg a 4,7 milli\u00f3t. M\u00e1jus-j\u00faliusban a foglalkoztatottak \u00e1tlagos l\u00e9tsz\u00e1ma 4 milli\u00f3 699 ezret tett ki, 52 ezerrel t\u00f6bbet, mint 2021 azonos id\u0151szak\u00e1ban. <\/strong><\/p>\n<p>B\u00e1r a m\u00e9rt\u00e9kad\u00f3nak tekintett h\u00e1romhavi mozg\u00f3\u00e1tlagok tov\u00e1bbra is kedvez\u0151 munkaer\u0151piaci folyamatokat jeleznek, a kev\u00e9sb\u00e9 megb\u00edzhat\u00f3nak tartott havi adatok negat\u00edv fordulatra utalnak az MTI-nek nyilatkoz\u00f3 elemz\u0151k szerint, akik a K\u00f6zponti Statisztikai Hivatal (KSH) legfrissebb jelent\u00e9seit komment\u00e1lva azt latolgatj\u00e1k, vajon a k\u00e9s\u0151bbi h\u00f3napok mutat\u00f3i igazolj\u00e1k-e, hogy a v\u00e1llalatok megkezdt\u00e9k az alkalmazkod\u00e1st a kereslet v\u00e1rhat\u00f3 visszaes\u00e9s\u00e9hez. Az els\u0151dleges munkaer\u0151piacon dolgoz\u00f3k sz\u00e1ma 57 ezerrel, a k\u00fclf\u00f6ld\u00f6n dolgoz\u00f3k\u00e9 pedig 6 ezerrel n\u0151tt, a k\u00f6zfoglalkoztatottak\u00e9 11 ezerrel cs\u00f6kkent. A munkan\u00e9lk\u00fcliek sz\u00e1ma j\u00faliusban 173 ezer, a <a href=\"https:\/\/allasorias.hu\/hirek\/nem-tartanak-a-munkanelkulisegtol-hazankban\/\">munkan\u00e9lk\u00fclis\u00e9gi r\u00e1ta<\/a> 3,5 sz\u00e1zal\u00e9k volt. A m\u00e1jus-j\u00faliusi h\u00e1romh\u00f3napos id\u0151szakban a munkan\u00e9lk\u00fcliek \u00e1tlagos l\u00e9tsz\u00e1ma 160 ezer, a munkan\u00e9lk\u00fclis\u00e9gi r\u00e1ta 3,3 sz\u00e1zal\u00e9kos volt. A 15-74 \u00e9ves munkan\u00e9lk\u00fcliek sz\u00e1ma 37 ezerrel, a munkan\u00e9lk\u00fclis\u00e9gi r\u00e1ta 0,8 sz\u00e1zal\u00e9kponttal cs\u00f6kkent a tavaly m\u00e1jus-j\u00faliusi h\u00e1rom h\u00f3nap \u00e1tlag\u00e1hoz k\u00e9pest. Horv\u00e1th Andr\u00e1s, a Magyar Bankholding vezet\u0151 elemz\u0151je az MTI-nek k\u00fcld\u00f6tt komment\u00e1rj\u00e1ban meg\u00e1llap\u00edtotta: tov\u00e1bbra is cs\u00facson a foglalkoztatotts\u00e1g. A magyar munkaer\u0151piac kiv\u00e1l\u00f3 form\u00e1t mutat, a negat\u00edv k\u00fcls\u0151 k\u00f6rnyezeti t\u00e9nyez\u0151k egyel\u0151re nem gyakorolnak r\u00e1 hat\u00e1st. Az \u00e9v eleje \u00f3ta visszat\u00e9rt er\u0151s munkaer\u0151kereslet ellen\u00e9re is a foglalkoztatotts\u00e1g m\u00e1r csak igen lass\u00fa temp\u00f3ban tud tov\u00e1bb b\u0151v\u00fclni. Az elm\u00e9letben m\u00e9g bevonhat\u00f3 munkaer\u0151 min\u0151s\u00e9ge l\u00e1that\u00f3an igen alacsony \u00e9s a f\u00f6ldrajzi elhelyezked\u00e9se sem tal\u00e1lkozik a kereslettel \u2013 jegyezte meg. A bankholding szak\u00e9rt\u0151inek v\u00e1rakoz\u00e1sa szerint az id\u00e9n 3,3 sz\u00e1zal\u00e9k lehet az \u00e9ves munkan\u00e9lk\u00fclis\u00e9gi r\u00e1ta, j\u00f6v\u0151re pedig 3,2 sz\u00e1zal\u00e9k. A munkaer\u0151hi\u00e1nyos helyzet egyben igazolja az aggodalmakat az egyre er\u0151sebb infl\u00e1ci\u00f3s kock\u00e1zatokr\u00f3l is, mivel a munkaer\u0151piaci feszess\u00e9g l\u00e1tv\u00e1nyos emelked\u00e9se az am\u00fagy is gyors b\u00e9rn\u00f6veked\u00e9s \u00fctem\u00e9t m\u00e9g tov\u00e1bb n\u00f6velheti \u2013 tette hozz\u00e1 az elemz\u0151. Abb\u00f3l k\u00f6vetkez\u0151en, hogy jelenlegi \u00e1llapot\u00e1ban a teljes foglalkoztatotts\u00e1g k\u00f6zel\u00e9ben \u00e1ll a piac, a v\u00e1llalatok ism\u00e9t a hat\u00e9konys\u00e1g, a k\u00e9pz\u00e9s \u00e9s a termel\u00e9kenys\u00e9g n\u00f6vel\u00e9s\u00e9nek ir\u00e1ny\u00e1ba fordulhatnak, ami pozit\u00edv fejlem\u00e9ny a teljes nemzetgazdas\u00e1g szempontj\u00e1b\u00f3l \u2013 \u00e1llap\u00edtotta meg Horv\u00e1th Andr\u00e1s.<\/p>\n<p>Forr\u00e1s: hirado.hu<\/p>\n","protected":false},"excerpt":{"rendered":"<p>A KSH jelent\u00e9se szerint j\u00faliusban a 15-74 \u00e9ves foglalkoztatottak \u00e1tlagos l\u00e9tsz\u00e1ma 4 milli\u00f3 714 ezer volt, m\u00e1sodik h\u00f3napja haladta meg a 4,7 milli\u00f3t. M\u00e1jus-j\u00faliusban a foglalkoztatottak \u00e1tlagos l\u00e9tsz\u00e1ma 4 milli\u00f3 699 ezret tett ki, 52 ezerrel t\u00f6bbet, mint 2021 azonos id\u0151szak\u00e1ban. B\u00e1r a m\u00e9rt\u00e9kad\u00f3nak tekintett h\u00e1romhavi mozg\u00f3\u00e1tlagok tov\u00e1bbra is kedvez\u0151 munkaer\u0151piaci folyamatokat jeleznek, a kev\u00e9sb\u00e9 [&hellip;]<\/p>\n","protected":false},"author":1,"featured_media":5045,"comment_status":"open","ping_status":"open","sticky":false,"template":"","format":"standard","meta":{"_monsterinsights_skip_tracking":false,"_monsterinsights_sitenote_active":false,"_monsterinsights_sitenote_note":"","_monsterinsights_sitenote_category":0,"footnotes":""},"categories":[200],"tags":[],"class_list":["post-5755","post","type-post","status-publish","format-standard","has-post-thumbnail","hentry","category-munkaeropiac"],"aioseo_notices":[],"_links":{"self":[{"href":"https:\/\/allasorias.hu\/hirek\/wp-json\/wp\/v2\/posts\/5755","targetHints":{"allow":["GET"]}}],"collection":[{"href":"https:\/\/allasorias.hu\/hirek\/wp-json\/wp\/v2\/posts"}],"about":[{"href":"https:\/\/allasorias.hu\/hirek\/wp-json\/wp\/v2\/types\/post"}],"author":[{"embeddable":true,"href":"https:\/\/allasorias.hu\/hirek\/wp-json\/wp\/v2\/users\/1"}],"replies":[{"embeddable":true,"href":"https:\/\/allasorias.hu\/hirek\/wp-json\/wp\/v2\/comments?post=5755"}],"version-history":[{"count":2,"href":"https:\/\/allasorias.hu\/hirek\/wp-json\/wp\/v2\/posts\/5755\/revisions"}],"predecessor-version":[{"id":6219,"href":"https:\/\/allasorias.hu\/hirek\/wp-json\/wp\/v2\/posts\/5755\/revisions\/6219"}],"wp:featuredmedia":[{"embeddable":true,"href":"https:\/\/allasorias.hu\/hirek\/wp-json\/wp\/v2\/media\/5045"}],"wp:attachment":[{"href":"https:\/\/allasorias.hu\/hirek\/wp-json\/wp\/v2\/media?parent=5755"}],"wp:term":[{"taxonomy":"category","embeddable":true,"href":"https:\/\/allasorias.hu\/hirek\/wp-json\/wp\/v2\/categories?post=5755"},{"taxonomy":"post_tag","embeddable":true,"href":"https:\/\/allasorias.hu\/hirek\/wp-json\/wp\/v2\/tags?post=5755"}],"curies":[{"name":"wp","href":"https:\/\/api.w.org\/{rel}","templated":true}]}}