{"id":5744,"date":"2022-08-19T06:16:43","date_gmt":"2022-08-19T06:16:43","guid":{"rendered":"https:\/\/allasorias.hu\/hirek\/?p=5744"},"modified":"2022-08-19T06:16:43","modified_gmt":"2022-08-19T06:16:43","slug":"van-ahol-nem-kell-engedely-a-kulfoldi-munkavallalonak","status":"publish","type":"post","link":"https:\/\/allasorias.hu\/hirek\/van-ahol-nem-kell-engedely-a-kulfoldi-munkavallalonak\/","title":{"rendered":"Van ahol nem kell enged\u00e9ly a k\u00fclf\u00f6ldi munkav\u00e1llal\u00f3nak"},"content":{"rendered":"<p><strong>A\u00a0 k\u00f6zz\u00e9tett korm\u00e1nyrendelet szerint a Magyarorsz\u00e1g ter\u00fclet\u00e9n v\u00e9gzett munka eset\u00e9n nincs sz\u00fcks\u00e9g enged\u00e9lyre \u201ea\u00a0 t\u00f6rv\u00e9ny alapj\u00e1n meghat\u00e1rozott f\u0151v\u00e1llalkoz\u00f3, vagy annak a\u00a0 t\u00f6rv\u00e9ny alapj\u00e1n meghat\u00e1rozott alv\u00e1llalkoz\u00f3ja \u00e1ltali \u2013 a\u00a0 beruh\u00e1z\u00e1ssal \u00f6sszef\u00fcgg\u00e9sben t\u00f6rt\u00e9n\u0151 \u2013 magyarorsz\u00e1gi foglalkoztat\u00e1s\u00e1hoz, ide\u00e9rtve a munkaer\u0151-k\u00f6lcs\u00f6nz\u00e9s \u00fatj\u00e1n t\u00f6rt\u00e9n\u0151 foglalkoztat\u00e1st is\u201d.<\/strong><\/p>\n<p>Enged\u00e9ly n\u00e9lk\u00fcl dolgozhatnak a harmadik orsz\u00e1gbeli (vagyis EU-n \u00e9s Eur\u00f3pai Gazdas\u00e1gi T\u00e9rs\u00e9gen k\u00edv\u00fcli k\u00fclf\u00f6ldi) \u00e1llampolg\u00e1rok a paksi beruh\u00e1z\u00e1s f\u0151- \u00e9s alv\u00e1llalkoz\u00f3inak. Ez az el\u0151bbi pont nem nevez meg konkr\u00e9t beruh\u00e1z\u00e1st, de egy m\u00e1sik igen: a Paksi Atomer\u0151m\u0171 k\u00e9t \u00faj blokkj\u00e1nak \u201etervez\u00e9s\u00e9vel, beszerz\u00e9s\u00e9vel, l\u00e9tes\u00edt\u00e9s\u00e9vel, \u00fczembe helyez\u00e9s\u00e9vel, valamint az \u00fczemeltet\u00e9sre t\u00f6rt\u00e9n\u0151 el\u0151k\u00e9sz\u00edt\u00e9s\u00e9vel\u201d \u00f6sszef\u00fcgg\u0151 k\u00fclf\u00f6ldi munkaer\u0151-foglalkoztat\u00e1ssal kapcsolatos elj\u00e1r\u00e1sban a megyei korm\u00e1nyhivatalnak sem kell szakhat\u00f3s\u00e1gk\u00e9nt r\u00e9szt vennie.<\/p>\n<p>Forr\u00e1s.hvg.hu<\/p>\n","protected":false},"excerpt":{"rendered":"<p>A\u00a0 k\u00f6zz\u00e9tett korm\u00e1nyrendelet szerint a Magyarorsz\u00e1g ter\u00fclet\u00e9n v\u00e9gzett munka eset\u00e9n nincs sz\u00fcks\u00e9g enged\u00e9lyre \u201ea\u00a0 t\u00f6rv\u00e9ny alapj\u00e1n meghat\u00e1rozott f\u0151v\u00e1llalkoz\u00f3, vagy annak a\u00a0 t\u00f6rv\u00e9ny alapj\u00e1n meghat\u00e1rozott alv\u00e1llalkoz\u00f3ja \u00e1ltali \u2013 a\u00a0 beruh\u00e1z\u00e1ssal \u00f6sszef\u00fcgg\u00e9sben t\u00f6rt\u00e9n\u0151 \u2013 magyarorsz\u00e1gi foglalkoztat\u00e1s\u00e1hoz, ide\u00e9rtve a munkaer\u0151-k\u00f6lcs\u00f6nz\u00e9s \u00fatj\u00e1n t\u00f6rt\u00e9n\u0151 foglalkoztat\u00e1st is\u201d. Enged\u00e9ly n\u00e9lk\u00fcl dolgozhatnak a harmadik orsz\u00e1gbeli (vagyis EU-n \u00e9s Eur\u00f3pai Gazdas\u00e1gi T\u00e9rs\u00e9gen k\u00edv\u00fcli k\u00fclf\u00f6ldi) [&hellip;]<\/p>\n","protected":false},"author":1,"featured_media":2331,"comment_status":"open","ping_status":"open","sticky":false,"template":"","format":"standard","meta":{"_monsterinsights_skip_tracking":false,"footnotes":""},"categories":[200],"tags":[],"class_list":["post-5744","post","type-post","status-publish","format-standard","has-post-thumbnail","hentry","category-munkaeropiac"],"aioseo_notices":[],"aioseo_head":"\n\t\t<!-- All in One SEO 5.0.0.1 - aioseo.com -->\n\t<meta name=\"description\" content=\"A k\u00f6zz\u00e9tett korm\u00e1nyrendelet szerint a Magyarorsz\u00e1g ter\u00fclet\u00e9n v\u00e9gzett munka eset\u00e9n nincs sz\u00fcks\u00e9g enged\u00e9lyre \u201ea t\u00f6rv\u00e9ny alapj\u00e1n meghat\u00e1rozott f\u0151v\u00e1llalkoz\u00f3, vagy annak a t\u00f6rv\u00e9ny alapj\u00e1n meghat\u00e1rozott alv\u00e1llalkoz\u00f3ja \u00e1ltali \u2013 a beruh\u00e1z\u00e1ssal \u00f6sszef\u00fcgg\u00e9sben t\u00f6rt\u00e9n\u0151 \u2013 magyarorsz\u00e1gi foglalkoztat\u00e1s\u00e1hoz, ide\u00e9rtve a munkaer\u0151-k\u00f6lcs\u00f6nz\u00e9s \u00fatj\u00e1n t\u00f6rt\u00e9n\u0151 foglalkoztat\u00e1st is\u201d. Enged\u00e9ly n\u00e9lk\u00fcl dolgozhatnak a harmadik orsz\u00e1gbeli (vagyis EU-n \u00e9s Eur\u00f3pai Gazdas\u00e1gi T\u00e9rs\u00e9gen k\u00edv\u00fcli k\u00fclf\u00f6ldi)\" \/>\n\t<meta name=\"robots\" content=\"max-image-preview:large\" \/>\n\t<meta name=\"author\" content=\"Juh\u00e1sz P\u00e9ter\"\/>\n\t<link rel=\"canonical\" href=\"https:\/\/allasorias.hu\/hirek\/van-ahol-nem-kell-engedely-a-kulfoldi-munkavallalonak\/\" \/>\n\t<meta name=\"generator\" content=\"All in One SEO (AIOSEO) 5.0.0.1\" \/>\n\t\t<meta property=\"og:locale\" content=\"hu_HU\" \/>\n\t\t<meta property=\"og:site_name\" content=\"AllasOrias.hu | H\u00edrek-lapszemle | \u00dczleti h\u00edrek az \u00e1ll\u00e1s \u00e9s a munka vil\u00e1g\u00e1b\u00f3l\" \/>\n\t\t<meta property=\"og:type\" content=\"article\" \/>\n\t\t<meta property=\"og:title\" content=\"Van ahol nem kell enged\u00e9ly a k\u00fclf\u00f6ldi munkav\u00e1llal\u00f3nak | AllasOrias.hu | H\u00edrek-lapszemle\" \/>\n\t\t<meta property=\"og:description\" content=\"A k\u00f6zz\u00e9tett korm\u00e1nyrendelet szerint a Magyarorsz\u00e1g ter\u00fclet\u00e9n v\u00e9gzett munka eset\u00e9n nincs sz\u00fcks\u00e9g enged\u00e9lyre \u201ea t\u00f6rv\u00e9ny alapj\u00e1n meghat\u00e1rozott f\u0151v\u00e1llalkoz\u00f3, vagy annak a t\u00f6rv\u00e9ny alapj\u00e1n meghat\u00e1rozott alv\u00e1llalkoz\u00f3ja \u00e1ltali \u2013 a beruh\u00e1z\u00e1ssal \u00f6sszef\u00fcgg\u00e9sben t\u00f6rt\u00e9n\u0151 \u2013 magyarorsz\u00e1gi foglalkoztat\u00e1s\u00e1hoz, ide\u00e9rtve a munkaer\u0151-k\u00f6lcs\u00f6nz\u00e9s \u00fatj\u00e1n t\u00f6rt\u00e9n\u0151 foglalkoztat\u00e1st is\u201d. Enged\u00e9ly n\u00e9lk\u00fcl dolgozhatnak a harmadik orsz\u00e1gbeli (vagyis EU-n \u00e9s Eur\u00f3pai Gazdas\u00e1gi T\u00e9rs\u00e9gen k\u00edv\u00fcli k\u00fclf\u00f6ldi)\" \/>\n\t\t<meta property=\"og:url\" content=\"https:\/\/allasorias.hu\/hirek\/van-ahol-nem-kell-engedely-a-kulfoldi-munkavallalonak\/\" \/>\n\t\t<meta property=\"og:image\" content=\"https:\/\/allasorias.hu\/hirek\/wp-content\/uploads\/2018\/12\/pexels-photo-886465.jpeg\" \/>\n\t\t<meta property=\"og:image:secure_url\" content=\"https:\/\/allasorias.hu\/hirek\/wp-content\/uploads\/2018\/12\/pexels-photo-886465.jpeg\" \/>\n\t\t<meta property=\"og:image:width\" content=\"640\" \/>\n\t\t<meta property=\"og:image:height\" content=\"426\" \/>\n\t\t<meta property=\"article:published_time\" content=\"2022-08-19T06:16:43+00:00\" \/>\n\t\t<meta property=\"article:modified_time\" content=\"2022-08-19T06:16:43+00:00\" \/>\n\t\t<meta property=\"article:publisher\" content=\"https:\/\/www.facebook.com\/allasorias\" \/>\n\t\t<meta name=\"twitter:card\" content=\"summary_large_image\" \/>\n\t\t<meta name=\"twitter:title\" content=\"Van ahol nem kell enged\u00e9ly a k\u00fclf\u00f6ldi munkav\u00e1llal\u00f3nak | AllasOrias.hu | H\u00edrek-lapszemle\" \/>\n\t\t<meta name=\"twitter:description\" content=\"A k\u00f6zz\u00e9tett korm\u00e1nyrendelet szerint a Magyarorsz\u00e1g ter\u00fclet\u00e9n v\u00e9gzett munka eset\u00e9n nincs sz\u00fcks\u00e9g enged\u00e9lyre \u201ea t\u00f6rv\u00e9ny alapj\u00e1n meghat\u00e1rozott f\u0151v\u00e1llalkoz\u00f3, vagy annak a t\u00f6rv\u00e9ny alapj\u00e1n meghat\u00e1rozott alv\u00e1llalkoz\u00f3ja \u00e1ltali \u2013 a beruh\u00e1z\u00e1ssal \u00f6sszef\u00fcgg\u00e9sben t\u00f6rt\u00e9n\u0151 \u2013 magyarorsz\u00e1gi foglalkoztat\u00e1s\u00e1hoz, ide\u00e9rtve a munkaer\u0151-k\u00f6lcs\u00f6nz\u00e9s \u00fatj\u00e1n t\u00f6rt\u00e9n\u0151 foglalkoztat\u00e1st is\u201d. Enged\u00e9ly n\u00e9lk\u00fcl dolgozhatnak a harmadik orsz\u00e1gbeli (vagyis EU-n \u00e9s Eur\u00f3pai Gazdas\u00e1gi T\u00e9rs\u00e9gen k\u00edv\u00fcli k\u00fclf\u00f6ldi)\" \/>\n\t\t<meta name=\"twitter:image\" content=\"https:\/\/allasorias.hu\/hirek\/wp-content\/uploads\/2018\/12\/pexels-photo-886465.jpeg\" \/>\n\t\t<meta name=\"twitter:label1\" content=\"Written by\" \/>\n\t\t<meta name=\"twitter:data1\" content=\"Juh\u00e1sz P\u00e9ter\" \/>\n\t\t<meta name=\"twitter:label2\" content=\"Est. reading time\" \/>\n\t\t<meta name=\"twitter:data2\" content=\"1 minute\" \/>\n\t\t<script type=\"application\/ld+json\" class=\"aioseo-schema\">\n\t\t\t{\"@context\":\"https:\\\/\\\/schema.org\",\"@graph\":[{\"@type\":\"Article\",\"@id\":\"https:\\\/\\\/allasorias.hu\\\/hirek\\\/van-ahol-nem-kell-engedely-a-kulfoldi-munkavallalonak\\\/#article\",\"name\":\"Van ahol nem kell enged\\u00e9ly a k\\u00fclf\\u00f6ldi munkav\\u00e1llal\\u00f3nak | AllasOrias.hu | H\\u00edrek-lapszemle\",\"headline\":\"Van ahol nem kell enged\\u00e9ly a k\\u00fclf\\u00f6ldi munkav\\u00e1llal\\u00f3nak\",\"author\":{\"@id\":\"https:\\\/\\\/allasorias.hu\\\/hirek\\\/author\\\/admin-allasorias\\\/#author\"},\"publisher\":{\"@id\":\"https:\\\/\\\/allasorias.hu\\\/hirek\\\/#organization\"},\"image\":{\"@type\":\"ImageObject\",\"url\":\"https:\\\/\\\/allasorias.hu\\\/hirek\\\/wp-content\\\/uploads\\\/2018\\\/12\\\/pexels-photo-886465.jpeg\",\"width\":640,\"height\":426},\"datePublished\":\"2022-08-19T06:16:43+02:00\",\"dateModified\":\"2022-08-19T06:16:43+02:00\",\"inLanguage\":\"hu-HU\",\"mainEntityOfPage\":{\"@id\":\"https:\\\/\\\/allasorias.hu\\\/hirek\\\/van-ahol-nem-kell-engedely-a-kulfoldi-munkavallalonak\\\/#webpage\"},\"isPartOf\":{\"@id\":\"https:\\\/\\\/allasorias.hu\\\/hirek\\\/van-ahol-nem-kell-engedely-a-kulfoldi-munkavallalonak\\\/#webpage\"},\"articleSection\":\"Munkaer\\u0151piac\"},{\"@type\":\"BreadcrumbList\",\"@id\":\"https:\\\/\\\/allasorias.hu\\\/hirek\\\/van-ahol-nem-kell-engedely-a-kulfoldi-munkavallalonak\\\/#breadcrumblist\",\"itemListElement\":[{\"@type\":\"ListItem\",\"@id\":\"https:\\\/\\\/allasorias.hu\\\/hirek#listItem\",\"position\":1,\"name\":\"Home\",\"item\":\"https:\\\/\\\/allasorias.hu\\\/hirek\",\"nextItem\":{\"@type\":\"ListItem\",\"@id\":\"https:\\\/\\\/allasorias.hu\\\/hirek\\\/temak\\\/munkaeropiac\\\/#listItem\",\"name\":\"Munkaer\\u0151piac\"}},{\"@type\":\"ListItem\",\"@id\":\"https:\\\/\\\/allasorias.hu\\\/hirek\\\/temak\\\/munkaeropiac\\\/#listItem\",\"position\":2,\"name\":\"Munkaer\\u0151piac\",\"item\":\"https:\\\/\\\/allasorias.hu\\\/hirek\\\/temak\\\/munkaeropiac\\\/\",\"nextItem\":{\"@type\":\"ListItem\",\"@id\":\"https:\\\/\\\/allasorias.hu\\\/hirek\\\/van-ahol-nem-kell-engedely-a-kulfoldi-munkavallalonak\\\/#listItem\",\"name\":\"Van ahol nem kell enged\\u00e9ly a k\\u00fclf\\u00f6ldi munkav\\u00e1llal\\u00f3nak\"},\"previousItem\":{\"@type\":\"ListItem\",\"@id\":\"https:\\\/\\\/allasorias.hu\\\/hirek#listItem\",\"name\":\"Home\"}},{\"@type\":\"ListItem\",\"@id\":\"https:\\\/\\\/allasorias.hu\\\/hirek\\\/van-ahol-nem-kell-engedely-a-kulfoldi-munkavallalonak\\\/#listItem\",\"position\":3,\"name\":\"Van ahol nem kell enged\\u00e9ly a k\\u00fclf\\u00f6ldi munkav\\u00e1llal\\u00f3nak\",\"previousItem\":{\"@type\":\"ListItem\",\"@id\":\"https:\\\/\\\/allasorias.hu\\\/hirek\\\/temak\\\/munkaeropiac\\\/#listItem\",\"name\":\"Munkaer\\u0151piac\"}}]},{\"@type\":\"Organization\",\"@id\":\"https:\\\/\\\/allasorias.hu\\\/hirek\\\/#organization\",\"name\":\"AllasOrias.hu | H\\u00edrek-lapszemle\",\"description\":\"\\u00dczleti h\\u00edrek az \\u00e1ll\\u00e1s \\u00e9s a munka vil\\u00e1g\\u00e1b\\u00f3l\",\"url\":\"https:\\\/\\\/allasorias.hu\\\/hirek\\\/\",\"logo\":{\"@type\":\"ImageObject\",\"url\":\"https:\\\/\\\/allasorias.hu\\\/hirek\\\/wp-content\\\/uploads\\\/2022\\\/10\\\/allasorias_site_facebok_logo.png\",\"@id\":\"https:\\\/\\\/allasorias.hu\\\/hirek\\\/van-ahol-nem-kell-engedely-a-kulfoldi-munkavallalonak\\\/#organizationLogo\"},\"image\":{\"@id\":\"https:\\\/\\\/allasorias.hu\\\/hirek\\\/van-ahol-nem-kell-engedely-a-kulfoldi-munkavallalonak\\\/#organizationLogo\"},\"sameAs\":[\"https:\\\/\\\/www.facebook.com\\\/allasorias\",\"https:\\\/\\\/www.linkedin.com\\\/company\\\/allasorias\"]},{\"@type\":\"Person\",\"@id\":\"https:\\\/\\\/allasorias.hu\\\/hirek\\\/author\\\/admin-allasorias\\\/#author\",\"url\":\"https:\\\/\\\/allasorias.hu\\\/hirek\\\/author\\\/admin-allasorias\\\/\",\"name\":\"Juh\\u00e1sz P\\u00e9ter\",\"image\":{\"@type\":\"ImageObject\",\"@id\":\"https:\\\/\\\/allasorias.hu\\\/hirek\\\/van-ahol-nem-kell-engedely-a-kulfoldi-munkavallalonak\\\/#authorImage\",\"url\":\"https:\\\/\\\/secure.gravatar.com\\\/avatar\\\/36e6bcb83148978b992977cb0f54d22feb0cce8a0a849a9410532bb2623ba4c6?s=96&d=mm&r=g\",\"width\":96,\"height\":96,\"caption\":\"Juh\\u00e1sz P\\u00e9ter\"}},{\"@type\":\"WebPage\",\"@id\":\"https:\\\/\\\/allasorias.hu\\\/hirek\\\/van-ahol-nem-kell-engedely-a-kulfoldi-munkavallalonak\\\/#webpage\",\"url\":\"https:\\\/\\\/allasorias.hu\\\/hirek\\\/van-ahol-nem-kell-engedely-a-kulfoldi-munkavallalonak\\\/\",\"name\":\"Van ahol nem kell enged\\u00e9ly a k\\u00fclf\\u00f6ldi munkav\\u00e1llal\\u00f3nak | AllasOrias.hu | H\\u00edrek-lapszemle\",\"description\":\"A k\\u00f6zz\\u00e9tett korm\\u00e1nyrendelet szerint a Magyarorsz\\u00e1g ter\\u00fclet\\u00e9n v\\u00e9gzett munka eset\\u00e9n nincs sz\\u00fcks\\u00e9g enged\\u00e9lyre \\u201ea t\\u00f6rv\\u00e9ny alapj\\u00e1n meghat\\u00e1rozott f\\u0151v\\u00e1llalkoz\\u00f3, vagy annak a t\\u00f6rv\\u00e9ny alapj\\u00e1n meghat\\u00e1rozott alv\\u00e1llalkoz\\u00f3ja \\u00e1ltali \\u2013 a beruh\\u00e1z\\u00e1ssal \\u00f6sszef\\u00fcgg\\u00e9sben t\\u00f6rt\\u00e9n\\u0151 \\u2013 magyarorsz\\u00e1gi foglalkoztat\\u00e1s\\u00e1hoz, ide\\u00e9rtve a munkaer\\u0151-k\\u00f6lcs\\u00f6nz\\u00e9s \\u00fatj\\u00e1n t\\u00f6rt\\u00e9n\\u0151 foglalkoztat\\u00e1st is\\u201d. Enged\\u00e9ly n\\u00e9lk\\u00fcl dolgozhatnak a harmadik orsz\\u00e1gbeli (vagyis EU-n \\u00e9s Eur\\u00f3pai Gazdas\\u00e1gi T\\u00e9rs\\u00e9gen k\\u00edv\\u00fcli k\\u00fclf\\u00f6ldi)\",\"inLanguage\":\"hu-HU\",\"isPartOf\":{\"@id\":\"https:\\\/\\\/allasorias.hu\\\/hirek\\\/#website\"},\"breadcrumb\":{\"@id\":\"https:\\\/\\\/allasorias.hu\\\/hirek\\\/van-ahol-nem-kell-engedely-a-kulfoldi-munkavallalonak\\\/#breadcrumblist\"},\"author\":{\"@id\":\"https:\\\/\\\/allasorias.hu\\\/hirek\\\/author\\\/admin-allasorias\\\/#author\"},\"creator\":{\"@id\":\"https:\\\/\\\/allasorias.hu\\\/hirek\\\/author\\\/admin-allasorias\\\/#author\"},\"image\":{\"@type\":\"ImageObject\",\"url\":\"https:\\\/\\\/allasorias.hu\\\/hirek\\\/wp-content\\\/uploads\\\/2018\\\/12\\\/pexels-photo-886465.jpeg\",\"@id\":\"https:\\\/\\\/allasorias.hu\\\/hirek\\\/van-ahol-nem-kell-engedely-a-kulfoldi-munkavallalonak\\\/#mainImage\",\"width\":640,\"height\":426},\"primaryImageOfPage\":{\"@id\":\"https:\\\/\\\/allasorias.hu\\\/hirek\\\/van-ahol-nem-kell-engedely-a-kulfoldi-munkavallalonak\\\/#mainImage\"},\"datePublished\":\"2022-08-19T06:16:43+02:00\",\"dateModified\":\"2022-08-19T06:16:43+02:00\"},{\"@type\":\"WebSite\",\"@id\":\"https:\\\/\\\/allasorias.hu\\\/hirek\\\/#website\",\"url\":\"https:\\\/\\\/allasorias.hu\\\/hirek\\\/\",\"name\":\"AllasOrias.hu | H\\u00edrek-lapszemle\",\"description\":\"\\u00dczleti h\\u00edrek az \\u00e1ll\\u00e1s \\u00e9s a munka vil\\u00e1g\\u00e1b\\u00f3l\",\"inLanguage\":\"hu-HU\",\"publisher\":{\"@id\":\"https:\\\/\\\/allasorias.hu\\\/hirek\\\/#organization\"}}]}\n\t\t<\/script>\n\t\t<!-- All in One SEO -->\n\n","aioseo_head_json":{"title":"Van ahol nem kell enged\u00e9ly a k\u00fclf\u00f6ldi munkav\u00e1llal\u00f3nak | AllasOrias.hu | H\u00edrek-lapszemle","description":"A k\u00f6zz\u00e9tett korm\u00e1nyrendelet szerint a Magyarorsz\u00e1g ter\u00fclet\u00e9n v\u00e9gzett munka eset\u00e9n nincs sz\u00fcks\u00e9g enged\u00e9lyre \u201ea t\u00f6rv\u00e9ny alapj\u00e1n meghat\u00e1rozott f\u0151v\u00e1llalkoz\u00f3, vagy annak a t\u00f6rv\u00e9ny alapj\u00e1n meghat\u00e1rozott alv\u00e1llalkoz\u00f3ja \u00e1ltali \u2013 a beruh\u00e1z\u00e1ssal \u00f6sszef\u00fcgg\u00e9sben t\u00f6rt\u00e9n\u0151 \u2013 magyarorsz\u00e1gi foglalkoztat\u00e1s\u00e1hoz, ide\u00e9rtve a munkaer\u0151-k\u00f6lcs\u00f6nz\u00e9s \u00fatj\u00e1n t\u00f6rt\u00e9n\u0151 foglalkoztat\u00e1st is\u201d. Enged\u00e9ly n\u00e9lk\u00fcl dolgozhatnak a harmadik orsz\u00e1gbeli (vagyis EU-n \u00e9s Eur\u00f3pai Gazdas\u00e1gi T\u00e9rs\u00e9gen k\u00edv\u00fcli k\u00fclf\u00f6ldi)","canonical_url":"https:\/\/allasorias.hu\/hirek\/van-ahol-nem-kell-engedely-a-kulfoldi-munkavallalonak\/","robots":"max-image-preview:large","keywords":"","webmasterTools":{"miscellaneous":""},"schema":{"@context":"https:\/\/schema.org","@graph":[{"@type":"Article","@id":"https:\/\/allasorias.hu\/hirek\/van-ahol-nem-kell-engedely-a-kulfoldi-munkavallalonak\/#article","name":"Van ahol nem kell enged\u00e9ly a k\u00fclf\u00f6ldi munkav\u00e1llal\u00f3nak | AllasOrias.hu | H\u00edrek-lapszemle","headline":"Van ahol nem kell enged\u00e9ly a k\u00fclf\u00f6ldi munkav\u00e1llal\u00f3nak","author":{"@id":"https:\/\/allasorias.hu\/hirek\/author\/admin-allasorias\/#author"},"publisher":{"@id":"https:\/\/allasorias.hu\/hirek\/#organization"},"image":{"@type":"ImageObject","url":"https:\/\/allasorias.hu\/hirek\/wp-content\/uploads\/2018\/12\/pexels-photo-886465.jpeg","width":640,"height":426},"datePublished":"2022-08-19T06:16:43+02:00","dateModified":"2022-08-19T06:16:43+02:00","inLanguage":"hu-HU","mainEntityOfPage":{"@id":"https:\/\/allasorias.hu\/hirek\/van-ahol-nem-kell-engedely-a-kulfoldi-munkavallalonak\/#webpage"},"isPartOf":{"@id":"https:\/\/allasorias.hu\/hirek\/van-ahol-nem-kell-engedely-a-kulfoldi-munkavallalonak\/#webpage"},"articleSection":"Munkaer\u0151piac"},{"@type":"BreadcrumbList","@id":"https:\/\/allasorias.hu\/hirek\/van-ahol-nem-kell-engedely-a-kulfoldi-munkavallalonak\/#breadcrumblist","itemListElement":[{"@type":"ListItem","@id":"https:\/\/allasorias.hu\/hirek#listItem","position":1,"name":"Home","item":"https:\/\/allasorias.hu\/hirek","nextItem":{"@type":"ListItem","@id":"https:\/\/allasorias.hu\/hirek\/temak\/munkaeropiac\/#listItem","name":"Munkaer\u0151piac"}},{"@type":"ListItem","@id":"https:\/\/allasorias.hu\/hirek\/temak\/munkaeropiac\/#listItem","position":2,"name":"Munkaer\u0151piac","item":"https:\/\/allasorias.hu\/hirek\/temak\/munkaeropiac\/","nextItem":{"@type":"ListItem","@id":"https:\/\/allasorias.hu\/hirek\/van-ahol-nem-kell-engedely-a-kulfoldi-munkavallalonak\/#listItem","name":"Van ahol nem kell enged\u00e9ly a k\u00fclf\u00f6ldi munkav\u00e1llal\u00f3nak"},"previousItem":{"@type":"ListItem","@id":"https:\/\/allasorias.hu\/hirek#listItem","name":"Home"}},{"@type":"ListItem","@id":"https:\/\/allasorias.hu\/hirek\/van-ahol-nem-kell-engedely-a-kulfoldi-munkavallalonak\/#listItem","position":3,"name":"Van ahol nem kell enged\u00e9ly a k\u00fclf\u00f6ldi munkav\u00e1llal\u00f3nak","previousItem":{"@type":"ListItem","@id":"https:\/\/allasorias.hu\/hirek\/temak\/munkaeropiac\/#listItem","name":"Munkaer\u0151piac"}}]},{"@type":"Organization","@id":"https:\/\/allasorias.hu\/hirek\/#organization","name":"AllasOrias.hu | H\u00edrek-lapszemle","description":"\u00dczleti h\u00edrek az \u00e1ll\u00e1s \u00e9s a munka vil\u00e1g\u00e1b\u00f3l","url":"https:\/\/allasorias.hu\/hirek\/","logo":{"@type":"ImageObject","url":"https:\/\/allasorias.hu\/hirek\/wp-content\/uploads\/2022\/10\/allasorias_site_facebok_logo.png","@id":"https:\/\/allasorias.hu\/hirek\/van-ahol-nem-kell-engedely-a-kulfoldi-munkavallalonak\/#organizationLogo"},"image":{"@id":"https:\/\/allasorias.hu\/hirek\/van-ahol-nem-kell-engedely-a-kulfoldi-munkavallalonak\/#organizationLogo"},"sameAs":["https:\/\/www.facebook.com\/allasorias","https:\/\/www.linkedin.com\/company\/allasorias"]},{"@type":"Person","@id":"https:\/\/allasorias.hu\/hirek\/author\/admin-allasorias\/#author","url":"https:\/\/allasorias.hu\/hirek\/author\/admin-allasorias\/","name":"Juh\u00e1sz P\u00e9ter","image":{"@type":"ImageObject","@id":"https:\/\/allasorias.hu\/hirek\/van-ahol-nem-kell-engedely-a-kulfoldi-munkavallalonak\/#authorImage","url":"https:\/\/secure.gravatar.com\/avatar\/36e6bcb83148978b992977cb0f54d22feb0cce8a0a849a9410532bb2623ba4c6?s=96&d=mm&r=g","width":96,"height":96,"caption":"Juh\u00e1sz P\u00e9ter"}},{"@type":"WebPage","@id":"https:\/\/allasorias.hu\/hirek\/van-ahol-nem-kell-engedely-a-kulfoldi-munkavallalonak\/#webpage","url":"https:\/\/allasorias.hu\/hirek\/van-ahol-nem-kell-engedely-a-kulfoldi-munkavallalonak\/","name":"Van ahol nem kell enged\u00e9ly a k\u00fclf\u00f6ldi munkav\u00e1llal\u00f3nak | AllasOrias.hu | H\u00edrek-lapszemle","description":"A k\u00f6zz\u00e9tett korm\u00e1nyrendelet szerint a Magyarorsz\u00e1g ter\u00fclet\u00e9n v\u00e9gzett munka eset\u00e9n nincs sz\u00fcks\u00e9g enged\u00e9lyre \u201ea t\u00f6rv\u00e9ny alapj\u00e1n meghat\u00e1rozott f\u0151v\u00e1llalkoz\u00f3, vagy annak a t\u00f6rv\u00e9ny alapj\u00e1n meghat\u00e1rozott alv\u00e1llalkoz\u00f3ja \u00e1ltali \u2013 a beruh\u00e1z\u00e1ssal \u00f6sszef\u00fcgg\u00e9sben t\u00f6rt\u00e9n\u0151 \u2013 magyarorsz\u00e1gi foglalkoztat\u00e1s\u00e1hoz, ide\u00e9rtve a munkaer\u0151-k\u00f6lcs\u00f6nz\u00e9s \u00fatj\u00e1n t\u00f6rt\u00e9n\u0151 foglalkoztat\u00e1st is\u201d. Enged\u00e9ly n\u00e9lk\u00fcl dolgozhatnak a harmadik orsz\u00e1gbeli (vagyis EU-n \u00e9s Eur\u00f3pai Gazdas\u00e1gi T\u00e9rs\u00e9gen k\u00edv\u00fcli k\u00fclf\u00f6ldi)","inLanguage":"hu-HU","isPartOf":{"@id":"https:\/\/allasorias.hu\/hirek\/#website"},"breadcrumb":{"@id":"https:\/\/allasorias.hu\/hirek\/van-ahol-nem-kell-engedely-a-kulfoldi-munkavallalonak\/#breadcrumblist"},"author":{"@id":"https:\/\/allasorias.hu\/hirek\/author\/admin-allasorias\/#author"},"creator":{"@id":"https:\/\/allasorias.hu\/hirek\/author\/admin-allasorias\/#author"},"image":{"@type":"ImageObject","url":"https:\/\/allasorias.hu\/hirek\/wp-content\/uploads\/2018\/12\/pexels-photo-886465.jpeg","@id":"https:\/\/allasorias.hu\/hirek\/van-ahol-nem-kell-engedely-a-kulfoldi-munkavallalonak\/#mainImage","width":640,"height":426},"primaryImageOfPage":{"@id":"https:\/\/allasorias.hu\/hirek\/van-ahol-nem-kell-engedely-a-kulfoldi-munkavallalonak\/#mainImage"},"datePublished":"2022-08-19T06:16:43+02:00","dateModified":"2022-08-19T06:16:43+02:00"},{"@type":"WebSite","@id":"https:\/\/allasorias.hu\/hirek\/#website","url":"https:\/\/allasorias.hu\/hirek\/","name":"AllasOrias.hu | H\u00edrek-lapszemle","description":"\u00dczleti h\u00edrek az \u00e1ll\u00e1s \u00e9s a munka vil\u00e1g\u00e1b\u00f3l","inLanguage":"hu-HU","publisher":{"@id":"https:\/\/allasorias.hu\/hirek\/#organization"}}]},"og:locale":"hu_HU","og:site_name":"AllasOrias.hu | H\u00edrek-lapszemle | \u00dczleti h\u00edrek az \u00e1ll\u00e1s \u00e9s a munka vil\u00e1g\u00e1b\u00f3l","og:type":"article","og:title":"Van ahol nem kell enged\u00e9ly a k\u00fclf\u00f6ldi munkav\u00e1llal\u00f3nak | AllasOrias.hu | H\u00edrek-lapszemle","og:description":"A k\u00f6zz\u00e9tett korm\u00e1nyrendelet szerint a Magyarorsz\u00e1g ter\u00fclet\u00e9n v\u00e9gzett munka eset\u00e9n nincs sz\u00fcks\u00e9g enged\u00e9lyre \u201ea t\u00f6rv\u00e9ny alapj\u00e1n meghat\u00e1rozott f\u0151v\u00e1llalkoz\u00f3, vagy annak a t\u00f6rv\u00e9ny alapj\u00e1n meghat\u00e1rozott alv\u00e1llalkoz\u00f3ja \u00e1ltali \u2013 a beruh\u00e1z\u00e1ssal \u00f6sszef\u00fcgg\u00e9sben t\u00f6rt\u00e9n\u0151 \u2013 magyarorsz\u00e1gi foglalkoztat\u00e1s\u00e1hoz, ide\u00e9rtve a munkaer\u0151-k\u00f6lcs\u00f6nz\u00e9s \u00fatj\u00e1n t\u00f6rt\u00e9n\u0151 foglalkoztat\u00e1st is\u201d. Enged\u00e9ly n\u00e9lk\u00fcl dolgozhatnak a harmadik orsz\u00e1gbeli (vagyis EU-n \u00e9s Eur\u00f3pai Gazdas\u00e1gi T\u00e9rs\u00e9gen k\u00edv\u00fcli k\u00fclf\u00f6ldi)","og:url":"https:\/\/allasorias.hu\/hirek\/van-ahol-nem-kell-engedely-a-kulfoldi-munkavallalonak\/","og:image":"https:\/\/allasorias.hu\/hirek\/wp-content\/uploads\/2018\/12\/pexels-photo-886465.jpeg","og:image:secure_url":"https:\/\/allasorias.hu\/hirek\/wp-content\/uploads\/2018\/12\/pexels-photo-886465.jpeg","og:image:width":640,"og:image:height":426,"article:published_time":"2022-08-19T06:16:43+00:00","article:modified_time":"2022-08-19T06:16:43+00:00","article:publisher":"https:\/\/www.facebook.com\/allasorias","twitter:card":"summary_large_image","twitter:title":"Van ahol nem kell enged\u00e9ly a k\u00fclf\u00f6ldi munkav\u00e1llal\u00f3nak | AllasOrias.hu | H\u00edrek-lapszemle","twitter:description":"A k\u00f6zz\u00e9tett korm\u00e1nyrendelet szerint a Magyarorsz\u00e1g ter\u00fclet\u00e9n v\u00e9gzett munka eset\u00e9n nincs sz\u00fcks\u00e9g enged\u00e9lyre \u201ea t\u00f6rv\u00e9ny alapj\u00e1n meghat\u00e1rozott f\u0151v\u00e1llalkoz\u00f3, vagy annak a t\u00f6rv\u00e9ny alapj\u00e1n meghat\u00e1rozott alv\u00e1llalkoz\u00f3ja \u00e1ltali \u2013 a beruh\u00e1z\u00e1ssal \u00f6sszef\u00fcgg\u00e9sben t\u00f6rt\u00e9n\u0151 \u2013 magyarorsz\u00e1gi foglalkoztat\u00e1s\u00e1hoz, ide\u00e9rtve a munkaer\u0151-k\u00f6lcs\u00f6nz\u00e9s \u00fatj\u00e1n t\u00f6rt\u00e9n\u0151 foglalkoztat\u00e1st is\u201d. Enged\u00e9ly n\u00e9lk\u00fcl dolgozhatnak a harmadik orsz\u00e1gbeli (vagyis EU-n \u00e9s Eur\u00f3pai Gazdas\u00e1gi T\u00e9rs\u00e9gen k\u00edv\u00fcli k\u00fclf\u00f6ldi)","twitter:image":"https:\/\/allasorias.hu\/hirek\/wp-content\/uploads\/2018\/12\/pexels-photo-886465.jpeg","twitter:label1":"Written by","twitter:data1":"Juh\u00e1sz P\u00e9ter","twitter:label2":"Est. reading time","twitter:data2":"1 minute"},"aioseo_meta_data":{"post_id":"5744","title":null,"description":null,"keywords":[],"keyphrases":{"focus":{"keyphrase":"","score":0,"analysis":{"keyphraseInTitle":{"score":0,"maxScore":9,"error":1}}},"additional":[]},"primary_term":null,"canonical_url":null,"og_title":null,"og_description":null,"og_object_type":"default","og_image_type":"default","og_image_url":null,"og_image_width":null,"og_image_height":null,"og_image_custom_url":null,"og_image_custom_fields":null,"og_video":"","og_custom_url":null,"og_article_section":null,"og_article_tags":[],"twitter_use_og":false,"twitter_card":"default","twitter_image_type":"default","twitter_image_url":null,"twitter_image_custom_url":null,"twitter_image_custom_fields":null,"twitter_title":null,"twitter_description":null,"schema":{"blockGraphs":[],"customGraphs":[],"default":{"data":{"Article":[],"Course":[],"Dataset":[],"FAQPage":[],"Movie":[],"Person":[],"Product":[],"ProductReview":[],"Car":[],"Recipe":[],"Service":[],"SoftwareApplication":[],"WebPage":[]},"graphName":"","isEnabled":true},"graphs":[]},"schema_type":"default","schema_type_options":"{\"article\":{\"articleType\":\"BlogPosting\"},\"course\":{\"name\":\"\",\"description\":\"\",\"provider\":\"\"},\"faq\":{\"pages\":[]},\"product\":{\"reviews\":[]},\"recipe\":{\"ingredients\":[],\"instructions\":[],\"keywords\":[]},\"software\":{\"reviews\":[],\"operatingSystems\":[]},\"webPage\":{\"webPageType\":\"WebPage\"}}","pillar_content":false,"robots_default":true,"robots_noindex":false,"robots_noarchive":false,"robots_nosnippet":false,"robots_nofollow":false,"robots_noimageindex":false,"robots_noodp":false,"robots_notranslate":false,"robots_max_snippet":"-1","robots_max_videopreview":"-1","robots_max_imagepreview":"large","priority":null,"frequency":"default","location":null,"local_seo":null,"breadcrumb_settings":null,"limit_modified_date":false,"ai":null,"created":"2022-08-19 06:14:19","updated":"2025-10-02 17:08:54","seo_analyzer_scan_date":null,"focus_keyword":null,"additional_keywords":null,"truseo_locale":null},"aioseo_breadcrumb":"<div class=\"aioseo-breadcrumbs\"><span class=\"aioseo-breadcrumb\">\n\t\t\t<a href=\"https:\/\/allasorias.hu\/hirek\" title=\"Home\">Home<\/a>\n\t\t<\/span><span class=\"aioseo-breadcrumb-separator\">&raquo;<\/span><span class=\"aioseo-breadcrumb\">\n\t\t\t<a href=\"https:\/\/allasorias.hu\/hirek\/temak\/munkaeropiac\/\" title=\"Munkaer\u0151piac\">Munkaer\u0151piac<\/a>\n\t\t<\/span><span class=\"aioseo-breadcrumb-separator\">&raquo;<\/span><span class=\"aioseo-breadcrumb\">\n\t\t\tVan ahol nem kell enged\u00e9ly a k\u00fclf\u00f6ldi munkav\u00e1llal\u00f3nak\n\t\t<\/span><\/div>","aioseo_breadcrumb_json":[{"label":"Home","link":"https:\/\/allasorias.hu\/hirek"},{"label":"Munkaer\u0151piac","link":"https:\/\/allasorias.hu\/hirek\/temak\/munkaeropiac\/"},{"label":"Van ahol nem kell enged\u00e9ly a k\u00fclf\u00f6ldi munkav\u00e1llal\u00f3nak","link":"https:\/\/allasorias.hu\/hirek\/van-ahol-nem-kell-engedely-a-kulfoldi-munkavallalonak\/"}],"_links":{"self":[{"href":"https:\/\/allasorias.hu\/hirek\/wp-json\/wp\/v2\/posts\/5744","targetHints":{"allow":["GET"]}}],"collection":[{"href":"https:\/\/allasorias.hu\/hirek\/wp-json\/wp\/v2\/posts"}],"about":[{"href":"https:\/\/allasorias.hu\/hirek\/wp-json\/wp\/v2\/types\/post"}],"author":[{"embeddable":true,"href":"https:\/\/allasorias.hu\/hirek\/wp-json\/wp\/v2\/users\/1"}],"replies":[{"embeddable":true,"href":"https:\/\/allasorias.hu\/hirek\/wp-json\/wp\/v2\/comments?post=5744"}],"version-history":[{"count":1,"href":"https:\/\/allasorias.hu\/hirek\/wp-json\/wp\/v2\/posts\/5744\/revisions"}],"predecessor-version":[{"id":5745,"href":"https:\/\/allasorias.hu\/hirek\/wp-json\/wp\/v2\/posts\/5744\/revisions\/5745"}],"wp:featuredmedia":[{"embeddable":true,"href":"https:\/\/allasorias.hu\/hirek\/wp-json\/wp\/v2\/media\/2331"}],"wp:attachment":[{"href":"https:\/\/allasorias.hu\/hirek\/wp-json\/wp\/v2\/media?parent=5744"}],"wp:term":[{"taxonomy":"category","embeddable":true,"href":"https:\/\/allasorias.hu\/hirek\/wp-json\/wp\/v2\/categories?post=5744"},{"taxonomy":"post_tag","embeddable":true,"href":"https:\/\/allasorias.hu\/hirek\/wp-json\/wp\/v2\/tags?post=5744"}],"curies":[{"name":"wp","href":"https:\/\/api.w.org\/{rel}","templated":true}]}}