{"id":5736,"date":"2022-08-17T06:08:03","date_gmt":"2022-08-17T06:08:03","guid":{"rendered":"https:\/\/allasorias.hu\/hirek\/?p=5736"},"modified":"2022-08-17T06:08:03","modified_gmt":"2022-08-17T06:08:03","slug":"megkedveltek-az-informatikusok-az-otthonrol-dolgozast","status":"publish","type":"post","link":"https:\/\/allasorias.hu\/hirek\/megkedveltek-az-informatikusok-az-otthonrol-dolgozast\/","title":{"rendered":"Megkedvelt\u00e9k az informatikusok az otthonr\u00f3l dolgoz\u00e1st"},"content":{"rendered":"<p><strong>Egy magyar informatikusok k\u00f6r\u00e9ben k\u00e9sz\u00fclt friss felm\u00e9r\u00e9s eredm\u00e9nyei szerint a hazai IT-szakemberek j\u00f3val nagyobb ar\u00e1nyban szeretn\u00e9nek \u00e9lni az atipikus foglalkoztat\u00e1si form\u00e1kkal, mint amennyire ezt a hazai munk\u00e1ltat\u00f3k sz\u00e1mukra jelenleg lehet\u0151v\u00e9 teszik. Ez\u00e9rt egyre t\u00f6bben fontolgatj\u00e1k, hogy k\u00fclf\u00f6ldi munk\u00e1ltat\u00f3nak dolgozzanak itthonr\u00f3l t\u00e1vmunk\u00e1ban vagy digit\u00e1lis nom\u00e1dk\u00e9nt &#8211; \u00edrja az IVSZ &#8211; Sz\u00f6vets\u00e9g a digit\u00e1lis gazdas\u00e1g\u00e9rt k\u00f6zlem\u00e9nye.<\/strong><\/p>\n<p>Egy friss felm\u00e9r\u00e9s szerint az informatikusok annyira megkedvelt\u00e9k a r\u00e9szleges vagy teljes home office-t, hogy legfeljebb heti n\u00e9h\u00e1ny napra t\u00e9rn\u00e9nek vissza az irod\u00e1ba. M\u00edg a j\u00e1rv\u00e1ny el\u0151tt a v\u00e1laszad\u00f3k 62%-a csak az irod\u00e1ban dolgozott, addig a koronav\u00edrus idej\u00e9n ez az ar\u00e1ny 13%-ra cs\u00f6kkent, a kiz\u00e1r\u00f3lag otthonr\u00f3l dolgoz\u00f3k ar\u00e1nya pedig majdnem \u00f6tsz\u00f6r\u00f6s\u00e9re (37%-ra) n\u00f6vekedett. A home office t\u00fals\u00faly\u00fa hibrid munkav\u00e9gz\u00e9s n\u00e9gyszeres\u00e9re n\u0151tt. T\u00edzb\u0151l kilenc megk\u00e9rdezett sz\u00e1m\u00e1ra \u00e1ll\u00e1skeres\u00e9skor fontos, hogy a megp\u00e1ly\u00e1zott munkak\u00f6r v\u00e9gezhet\u0151 legyen t\u00e1vmunk\u00e1ban is. A v\u00e1laszad\u00f3k majdnem k\u00e9tharmada\u00a0 legal\u00e1bb egyszer visszautas\u00edtott olyan \u00e1ll\u00e1saj\u00e1nlatot, amely nem biztos\u00edtotta a t\u00e1vmunka lehet\u0151s\u00e9g\u00e9t. Az ide\u00e1lis munkav\u00e9gz\u00e9si form\u00e1ra vonatkoz\u00f3 k\u00e9rd\u00e9sre a v\u00e1laszad\u00f3k 93%-a eml\u00edtette a t\u00e1vmunka valamilyen form\u00e1j\u00e1t, mik\u00f6zben csak 3% szeretne kiz\u00e1r\u00f3lag irodai k\u00f6rnyezetben dolgozni. 24%-on \u00e1ll a kiz\u00e1r\u00f3lag otthonr\u00f3l dolgozni v\u00e1gy\u00f3k ar\u00e1nya, mik\u00f6zben \u00f6tsz\u00f6r annyian szeretn\u00e9nek digit\u00e1lis nom\u00e1dk\u00e9nt dolgozni, mint ah\u00e1ny v\u00e1laszad\u00f3nak erre jelenleg lehet\u0151s\u00e9ge ny\u00edlik. A k\u00f6zlem\u00e9ny szerint az itthonr\u00f3l k\u00fclf\u00f6ldre t\u00f6rt\u00e9n\u0151 munkav\u00e9gz\u00e9st, vagyis a \u201evirtu\u00e1lis kiv\u00e1ndorl\u00e1st\u201d n\u00f6velheti, ha a hazai munk\u00e1ltat\u00f3k nem mutatnak nagyobb rugalmass\u00e1got az atipikus foglalkoztat\u00e1si form\u00e1k el\u00e9rhet\u0151v\u00e9 t\u00e9tel\u00e9t illet\u0151en. A t\u00e9nyleges vagy t\u00e1vmunk\u00e1ban t\u00f6rt\u00e9n\u0151 k\u00fclf\u00f6ldi munkav\u00e1llal\u00e1sr\u00f3l a v\u00e1laszad\u00f3 IT-szakemberek h\u00e1romnegyede v\u00e9lte \u00fagy, hogy az a hazai informatikushi\u00e1ny tov\u00e1bbi b\u0151v\u00fcl\u00e9s\u00e9vel fenyeget. Ek\u00f6zben a v\u00e1laszad\u00f3k t\u00f6bbs\u00e9ge szerint probl\u00e9m\u00e1t jelent az informatikusok hi\u00e1nya. Az IVSZ szerint a digit\u00e1lis nomadit\u00e1s terjed\u00e9se a szakemberhi\u00e1ny cs\u00f6kkent\u00e9s\u00e9hez is hozz\u00e1j\u00e1rulhat, mert az atipikus form\u00e1ban dolgoz\u00f3 hazai informatikusok egyszerre t\u00f6bb munk\u00e1ltat\u00f3nak is tudnak munk\u00e1t v\u00e9gezni, m\u00e1sr\u00e9szt ennek elterjed\u00e9s\u00e9vel a magyar munkaad\u00f3k el\u0151tt is megny\u00edlik a k\u00fclf\u00f6ldi munkav\u00e1llal\u00f3k alkalmaz\u00e1sa el\u0151tt. A kutat\u00e1sban szerepl\u0151 szakemberek k\u00f6z\u00fcl legt\u00f6bben az egyetemi k\u00e9pz\u00e9seknek a piaci kereslethez val\u00f3 jobb illeszked\u00e9s\u00e9t l\u00e1tj\u00e1k az informatikushi\u00e1nyra val\u00f3 megold\u00e1snak, mik\u00f6zben t\u00f6bb mint k\u00e9tharmaduk a programoz\u00e1s k\u00f6znevel\u00e9sben val\u00f3 elterjeszt\u00e9s\u00e9ben, az algoritmiz\u00e1l\u00f3 gondolkod\u00e1s oktat\u00e1s\u00e1ban, illetve a szakk\u00e9pz\u00e9sben az IT-szakmai k\u00e9pz\u00e9sek jelent\u0151s min\u0151s\u00e9gi fejleszt\u00e9s\u00e9ben l\u00e1t lehet\u0151s\u00e9get.<\/p>\n<p>Forr\u00e1s: hrportal.hu<\/p>\n","protected":false},"excerpt":{"rendered":"<p>Egy magyar informatikusok k\u00f6r\u00e9ben k\u00e9sz\u00fclt friss felm\u00e9r\u00e9s eredm\u00e9nyei szerint a hazai IT-szakemberek j\u00f3val nagyobb ar\u00e1nyban szeretn\u00e9nek \u00e9lni az atipikus foglalkoztat\u00e1si form\u00e1kkal, mint amennyire ezt a hazai munk\u00e1ltat\u00f3k sz\u00e1mukra jelenleg lehet\u0151v\u00e9 teszik. Ez\u00e9rt egyre t\u00f6bben fontolgatj\u00e1k, hogy k\u00fclf\u00f6ldi munk\u00e1ltat\u00f3nak dolgozzanak itthonr\u00f3l t\u00e1vmunk\u00e1ban vagy digit\u00e1lis nom\u00e1dk\u00e9nt &#8211; \u00edrja az IVSZ &#8211; Sz\u00f6vets\u00e9g a digit\u00e1lis gazdas\u00e1g\u00e9rt k\u00f6zlem\u00e9nye. Egy [&hellip;]<\/p>\n","protected":false},"author":1,"featured_media":5737,"comment_status":"open","ping_status":"open","sticky":false,"template":"","format":"standard","meta":{"_monsterinsights_skip_tracking":false,"footnotes":""},"categories":[200],"tags":[],"class_list":["post-5736","post","type-post","status-publish","format-standard","has-post-thumbnail","hentry","category-munkaeropiac"],"aioseo_notices":[],"aioseo_head":"\n\t\t<!-- All in One SEO 5.0.0.1 - aioseo.com -->\n\t<meta name=\"description\" content=\"Egy magyar informatikusok k\u00f6r\u00e9ben k\u00e9sz\u00fclt friss felm\u00e9r\u00e9s eredm\u00e9nyei szerint a hazai IT-szakemberek j\u00f3val nagyobb ar\u00e1nyban szeretn\u00e9nek \u00e9lni az atipikus foglalkoztat\u00e1si form\u00e1kkal, mint amennyire ezt a hazai munk\u00e1ltat\u00f3k sz\u00e1mukra jelenleg lehet\u0151v\u00e9 teszik. Ez\u00e9rt egyre t\u00f6bben fontolgatj\u00e1k, hogy k\u00fclf\u00f6ldi munk\u00e1ltat\u00f3nak dolgozzanak itthonr\u00f3l t\u00e1vmunk\u00e1ban vagy digit\u00e1lis nom\u00e1dk\u00e9nt - \u00edrja az IVSZ - Sz\u00f6vets\u00e9g a digit\u00e1lis gazdas\u00e1g\u00e9rt k\u00f6zlem\u00e9nye. Egy\" \/>\n\t<meta name=\"robots\" content=\"max-image-preview:large\" \/>\n\t<meta name=\"author\" content=\"Juh\u00e1sz P\u00e9ter\"\/>\n\t<link rel=\"canonical\" href=\"https:\/\/allasorias.hu\/hirek\/megkedveltek-az-informatikusok-az-otthonrol-dolgozast\/\" \/>\n\t<meta name=\"generator\" content=\"All in One SEO (AIOSEO) 5.0.0.1\" \/>\n\t\t<meta property=\"og:locale\" content=\"hu_HU\" \/>\n\t\t<meta property=\"og:site_name\" content=\"AllasOrias.hu | H\u00edrek-lapszemle | \u00dczleti h\u00edrek az \u00e1ll\u00e1s \u00e9s a munka vil\u00e1g\u00e1b\u00f3l\" \/>\n\t\t<meta property=\"og:type\" content=\"article\" \/>\n\t\t<meta property=\"og:title\" content=\"Megkedvelt\u00e9k az informatikusok az otthonr\u00f3l dolgoz\u00e1st | AllasOrias.hu | H\u00edrek-lapszemle\" \/>\n\t\t<meta property=\"og:description\" content=\"Egy magyar informatikusok k\u00f6r\u00e9ben k\u00e9sz\u00fclt friss felm\u00e9r\u00e9s eredm\u00e9nyei szerint a hazai IT-szakemberek j\u00f3val nagyobb ar\u00e1nyban szeretn\u00e9nek \u00e9lni az atipikus foglalkoztat\u00e1si form\u00e1kkal, mint amennyire ezt a hazai munk\u00e1ltat\u00f3k sz\u00e1mukra jelenleg lehet\u0151v\u00e9 teszik. Ez\u00e9rt egyre t\u00f6bben fontolgatj\u00e1k, hogy k\u00fclf\u00f6ldi munk\u00e1ltat\u00f3nak dolgozzanak itthonr\u00f3l t\u00e1vmunk\u00e1ban vagy digit\u00e1lis nom\u00e1dk\u00e9nt - \u00edrja az IVSZ - Sz\u00f6vets\u00e9g a digit\u00e1lis gazdas\u00e1g\u00e9rt k\u00f6zlem\u00e9nye. Egy\" \/>\n\t\t<meta property=\"og:url\" content=\"https:\/\/allasorias.hu\/hirek\/megkedveltek-az-informatikusok-az-otthonrol-dolgozast\/\" \/>\n\t\t<meta property=\"og:image\" content=\"https:\/\/allasorias.hu\/hirek\/wp-content\/uploads\/2022\/08\/it.jpg\" \/>\n\t\t<meta property=\"og:image:secure_url\" content=\"https:\/\/allasorias.hu\/hirek\/wp-content\/uploads\/2022\/08\/it.jpg\" \/>\n\t\t<meta property=\"og:image:width\" content=\"1920\" \/>\n\t\t<meta property=\"og:image:height\" content=\"1281\" \/>\n\t\t<meta property=\"article:published_time\" content=\"2022-08-17T06:08:03+00:00\" \/>\n\t\t<meta property=\"article:modified_time\" content=\"2022-08-17T06:08:03+00:00\" \/>\n\t\t<meta property=\"article:publisher\" content=\"https:\/\/www.facebook.com\/allasorias\" \/>\n\t\t<meta name=\"twitter:card\" content=\"summary_large_image\" \/>\n\t\t<meta name=\"twitter:title\" content=\"Megkedvelt\u00e9k az informatikusok az otthonr\u00f3l dolgoz\u00e1st | AllasOrias.hu | H\u00edrek-lapszemle\" \/>\n\t\t<meta name=\"twitter:description\" content=\"Egy magyar informatikusok k\u00f6r\u00e9ben k\u00e9sz\u00fclt friss felm\u00e9r\u00e9s eredm\u00e9nyei szerint a hazai IT-szakemberek j\u00f3val nagyobb ar\u00e1nyban szeretn\u00e9nek \u00e9lni az atipikus foglalkoztat\u00e1si form\u00e1kkal, mint amennyire ezt a hazai munk\u00e1ltat\u00f3k sz\u00e1mukra jelenleg lehet\u0151v\u00e9 teszik. Ez\u00e9rt egyre t\u00f6bben fontolgatj\u00e1k, hogy k\u00fclf\u00f6ldi munk\u00e1ltat\u00f3nak dolgozzanak itthonr\u00f3l t\u00e1vmunk\u00e1ban vagy digit\u00e1lis nom\u00e1dk\u00e9nt - \u00edrja az IVSZ - Sz\u00f6vets\u00e9g a digit\u00e1lis gazdas\u00e1g\u00e9rt k\u00f6zlem\u00e9nye. Egy\" \/>\n\t\t<meta name=\"twitter:image\" content=\"https:\/\/allasorias.hu\/hirek\/wp-content\/uploads\/2022\/08\/it.jpg\" \/>\n\t\t<meta name=\"twitter:label1\" content=\"Written by\" \/>\n\t\t<meta name=\"twitter:data1\" content=\"Juh\u00e1sz P\u00e9ter\" \/>\n\t\t<meta name=\"twitter:label2\" content=\"Est. reading time\" \/>\n\t\t<meta name=\"twitter:data2\" content=\"3 minutes\" \/>\n\t\t<script type=\"application\/ld+json\" class=\"aioseo-schema\">\n\t\t\t{\"@context\":\"https:\\\/\\\/schema.org\",\"@graph\":[{\"@type\":\"Article\",\"@id\":\"https:\\\/\\\/allasorias.hu\\\/hirek\\\/megkedveltek-az-informatikusok-az-otthonrol-dolgozast\\\/#article\",\"name\":\"Megkedvelt\\u00e9k az informatikusok az otthonr\\u00f3l dolgoz\\u00e1st | AllasOrias.hu | H\\u00edrek-lapszemle\",\"headline\":\"Megkedvelt\\u00e9k az informatikusok az otthonr\\u00f3l dolgoz\\u00e1st\",\"author\":{\"@id\":\"https:\\\/\\\/allasorias.hu\\\/hirek\\\/author\\\/admin-allasorias\\\/#author\"},\"publisher\":{\"@id\":\"https:\\\/\\\/allasorias.hu\\\/hirek\\\/#organization\"},\"image\":{\"@type\":\"ImageObject\",\"url\":\"https:\\\/\\\/allasorias.hu\\\/hirek\\\/wp-content\\\/uploads\\\/2022\\\/08\\\/it.jpg\",\"width\":1920,\"height\":1281},\"datePublished\":\"2022-08-17T06:08:03+02:00\",\"dateModified\":\"2022-08-17T06:08:03+02:00\",\"inLanguage\":\"hu-HU\",\"mainEntityOfPage\":{\"@id\":\"https:\\\/\\\/allasorias.hu\\\/hirek\\\/megkedveltek-az-informatikusok-az-otthonrol-dolgozast\\\/#webpage\"},\"isPartOf\":{\"@id\":\"https:\\\/\\\/allasorias.hu\\\/hirek\\\/megkedveltek-az-informatikusok-az-otthonrol-dolgozast\\\/#webpage\"},\"articleSection\":\"Munkaer\\u0151piac\"},{\"@type\":\"BreadcrumbList\",\"@id\":\"https:\\\/\\\/allasorias.hu\\\/hirek\\\/megkedveltek-az-informatikusok-az-otthonrol-dolgozast\\\/#breadcrumblist\",\"itemListElement\":[{\"@type\":\"ListItem\",\"@id\":\"https:\\\/\\\/allasorias.hu\\\/hirek#listItem\",\"position\":1,\"name\":\"Home\",\"item\":\"https:\\\/\\\/allasorias.hu\\\/hirek\",\"nextItem\":{\"@type\":\"ListItem\",\"@id\":\"https:\\\/\\\/allasorias.hu\\\/hirek\\\/temak\\\/munkaeropiac\\\/#listItem\",\"name\":\"Munkaer\\u0151piac\"}},{\"@type\":\"ListItem\",\"@id\":\"https:\\\/\\\/allasorias.hu\\\/hirek\\\/temak\\\/munkaeropiac\\\/#listItem\",\"position\":2,\"name\":\"Munkaer\\u0151piac\",\"item\":\"https:\\\/\\\/allasorias.hu\\\/hirek\\\/temak\\\/munkaeropiac\\\/\",\"nextItem\":{\"@type\":\"ListItem\",\"@id\":\"https:\\\/\\\/allasorias.hu\\\/hirek\\\/megkedveltek-az-informatikusok-az-otthonrol-dolgozast\\\/#listItem\",\"name\":\"Megkedvelt\\u00e9k az informatikusok az otthonr\\u00f3l dolgoz\\u00e1st\"},\"previousItem\":{\"@type\":\"ListItem\",\"@id\":\"https:\\\/\\\/allasorias.hu\\\/hirek#listItem\",\"name\":\"Home\"}},{\"@type\":\"ListItem\",\"@id\":\"https:\\\/\\\/allasorias.hu\\\/hirek\\\/megkedveltek-az-informatikusok-az-otthonrol-dolgozast\\\/#listItem\",\"position\":3,\"name\":\"Megkedvelt\\u00e9k az informatikusok az otthonr\\u00f3l dolgoz\\u00e1st\",\"previousItem\":{\"@type\":\"ListItem\",\"@id\":\"https:\\\/\\\/allasorias.hu\\\/hirek\\\/temak\\\/munkaeropiac\\\/#listItem\",\"name\":\"Munkaer\\u0151piac\"}}]},{\"@type\":\"Organization\",\"@id\":\"https:\\\/\\\/allasorias.hu\\\/hirek\\\/#organization\",\"name\":\"AllasOrias.hu | H\\u00edrek-lapszemle\",\"description\":\"\\u00dczleti h\\u00edrek az \\u00e1ll\\u00e1s \\u00e9s a munka vil\\u00e1g\\u00e1b\\u00f3l\",\"url\":\"https:\\\/\\\/allasorias.hu\\\/hirek\\\/\",\"logo\":{\"@type\":\"ImageObject\",\"url\":\"https:\\\/\\\/allasorias.hu\\\/hirek\\\/wp-content\\\/uploads\\\/2022\\\/10\\\/allasorias_site_facebok_logo.png\",\"@id\":\"https:\\\/\\\/allasorias.hu\\\/hirek\\\/megkedveltek-az-informatikusok-az-otthonrol-dolgozast\\\/#organizationLogo\"},\"image\":{\"@id\":\"https:\\\/\\\/allasorias.hu\\\/hirek\\\/megkedveltek-az-informatikusok-az-otthonrol-dolgozast\\\/#organizationLogo\"},\"sameAs\":[\"https:\\\/\\\/www.facebook.com\\\/allasorias\",\"https:\\\/\\\/www.linkedin.com\\\/company\\\/allasorias\"]},{\"@type\":\"Person\",\"@id\":\"https:\\\/\\\/allasorias.hu\\\/hirek\\\/author\\\/admin-allasorias\\\/#author\",\"url\":\"https:\\\/\\\/allasorias.hu\\\/hirek\\\/author\\\/admin-allasorias\\\/\",\"name\":\"Juh\\u00e1sz P\\u00e9ter\",\"image\":{\"@type\":\"ImageObject\",\"@id\":\"https:\\\/\\\/allasorias.hu\\\/hirek\\\/megkedveltek-az-informatikusok-az-otthonrol-dolgozast\\\/#authorImage\",\"url\":\"https:\\\/\\\/secure.gravatar.com\\\/avatar\\\/36e6bcb83148978b992977cb0f54d22feb0cce8a0a849a9410532bb2623ba4c6?s=96&d=mm&r=g\",\"width\":96,\"height\":96,\"caption\":\"Juh\\u00e1sz P\\u00e9ter\"}},{\"@type\":\"WebPage\",\"@id\":\"https:\\\/\\\/allasorias.hu\\\/hirek\\\/megkedveltek-az-informatikusok-az-otthonrol-dolgozast\\\/#webpage\",\"url\":\"https:\\\/\\\/allasorias.hu\\\/hirek\\\/megkedveltek-az-informatikusok-az-otthonrol-dolgozast\\\/\",\"name\":\"Megkedvelt\\u00e9k az informatikusok az otthonr\\u00f3l dolgoz\\u00e1st | AllasOrias.hu | H\\u00edrek-lapszemle\",\"description\":\"Egy magyar informatikusok k\\u00f6r\\u00e9ben k\\u00e9sz\\u00fclt friss felm\\u00e9r\\u00e9s eredm\\u00e9nyei szerint a hazai IT-szakemberek j\\u00f3val nagyobb ar\\u00e1nyban szeretn\\u00e9nek \\u00e9lni az atipikus foglalkoztat\\u00e1si form\\u00e1kkal, mint amennyire ezt a hazai munk\\u00e1ltat\\u00f3k sz\\u00e1mukra jelenleg lehet\\u0151v\\u00e9 teszik. Ez\\u00e9rt egyre t\\u00f6bben fontolgatj\\u00e1k, hogy k\\u00fclf\\u00f6ldi munk\\u00e1ltat\\u00f3nak dolgozzanak itthonr\\u00f3l t\\u00e1vmunk\\u00e1ban vagy digit\\u00e1lis nom\\u00e1dk\\u00e9nt - \\u00edrja az IVSZ - Sz\\u00f6vets\\u00e9g a digit\\u00e1lis gazdas\\u00e1g\\u00e9rt k\\u00f6zlem\\u00e9nye. Egy\",\"inLanguage\":\"hu-HU\",\"isPartOf\":{\"@id\":\"https:\\\/\\\/allasorias.hu\\\/hirek\\\/#website\"},\"breadcrumb\":{\"@id\":\"https:\\\/\\\/allasorias.hu\\\/hirek\\\/megkedveltek-az-informatikusok-az-otthonrol-dolgozast\\\/#breadcrumblist\"},\"author\":{\"@id\":\"https:\\\/\\\/allasorias.hu\\\/hirek\\\/author\\\/admin-allasorias\\\/#author\"},\"creator\":{\"@id\":\"https:\\\/\\\/allasorias.hu\\\/hirek\\\/author\\\/admin-allasorias\\\/#author\"},\"image\":{\"@type\":\"ImageObject\",\"url\":\"https:\\\/\\\/allasorias.hu\\\/hirek\\\/wp-content\\\/uploads\\\/2022\\\/08\\\/it.jpg\",\"@id\":\"https:\\\/\\\/allasorias.hu\\\/hirek\\\/megkedveltek-az-informatikusok-az-otthonrol-dolgozast\\\/#mainImage\",\"width\":1920,\"height\":1281},\"primaryImageOfPage\":{\"@id\":\"https:\\\/\\\/allasorias.hu\\\/hirek\\\/megkedveltek-az-informatikusok-az-otthonrol-dolgozast\\\/#mainImage\"},\"datePublished\":\"2022-08-17T06:08:03+02:00\",\"dateModified\":\"2022-08-17T06:08:03+02:00\"},{\"@type\":\"WebSite\",\"@id\":\"https:\\\/\\\/allasorias.hu\\\/hirek\\\/#website\",\"url\":\"https:\\\/\\\/allasorias.hu\\\/hirek\\\/\",\"name\":\"AllasOrias.hu | H\\u00edrek-lapszemle\",\"description\":\"\\u00dczleti h\\u00edrek az \\u00e1ll\\u00e1s \\u00e9s a munka vil\\u00e1g\\u00e1b\\u00f3l\",\"inLanguage\":\"hu-HU\",\"publisher\":{\"@id\":\"https:\\\/\\\/allasorias.hu\\\/hirek\\\/#organization\"}}]}\n\t\t<\/script>\n\t\t<!-- All in One SEO -->\n\n","aioseo_head_json":{"title":"Megkedvelt\u00e9k az informatikusok az otthonr\u00f3l dolgoz\u00e1st | AllasOrias.hu | H\u00edrek-lapszemle","description":"Egy magyar informatikusok k\u00f6r\u00e9ben k\u00e9sz\u00fclt friss felm\u00e9r\u00e9s eredm\u00e9nyei szerint a hazai IT-szakemberek j\u00f3val nagyobb ar\u00e1nyban szeretn\u00e9nek \u00e9lni az atipikus foglalkoztat\u00e1si form\u00e1kkal, mint amennyire ezt a hazai munk\u00e1ltat\u00f3k sz\u00e1mukra jelenleg lehet\u0151v\u00e9 teszik. Ez\u00e9rt egyre t\u00f6bben fontolgatj\u00e1k, hogy k\u00fclf\u00f6ldi munk\u00e1ltat\u00f3nak dolgozzanak itthonr\u00f3l t\u00e1vmunk\u00e1ban vagy digit\u00e1lis nom\u00e1dk\u00e9nt - \u00edrja az IVSZ - Sz\u00f6vets\u00e9g a digit\u00e1lis gazdas\u00e1g\u00e9rt k\u00f6zlem\u00e9nye. Egy","canonical_url":"https:\/\/allasorias.hu\/hirek\/megkedveltek-az-informatikusok-az-otthonrol-dolgozast\/","robots":"max-image-preview:large","keywords":"","webmasterTools":{"miscellaneous":""},"schema":{"@context":"https:\/\/schema.org","@graph":[{"@type":"Article","@id":"https:\/\/allasorias.hu\/hirek\/megkedveltek-az-informatikusok-az-otthonrol-dolgozast\/#article","name":"Megkedvelt\u00e9k az informatikusok az otthonr\u00f3l dolgoz\u00e1st | AllasOrias.hu | H\u00edrek-lapszemle","headline":"Megkedvelt\u00e9k az informatikusok az otthonr\u00f3l dolgoz\u00e1st","author":{"@id":"https:\/\/allasorias.hu\/hirek\/author\/admin-allasorias\/#author"},"publisher":{"@id":"https:\/\/allasorias.hu\/hirek\/#organization"},"image":{"@type":"ImageObject","url":"https:\/\/allasorias.hu\/hirek\/wp-content\/uploads\/2022\/08\/it.jpg","width":1920,"height":1281},"datePublished":"2022-08-17T06:08:03+02:00","dateModified":"2022-08-17T06:08:03+02:00","inLanguage":"hu-HU","mainEntityOfPage":{"@id":"https:\/\/allasorias.hu\/hirek\/megkedveltek-az-informatikusok-az-otthonrol-dolgozast\/#webpage"},"isPartOf":{"@id":"https:\/\/allasorias.hu\/hirek\/megkedveltek-az-informatikusok-az-otthonrol-dolgozast\/#webpage"},"articleSection":"Munkaer\u0151piac"},{"@type":"BreadcrumbList","@id":"https:\/\/allasorias.hu\/hirek\/megkedveltek-az-informatikusok-az-otthonrol-dolgozast\/#breadcrumblist","itemListElement":[{"@type":"ListItem","@id":"https:\/\/allasorias.hu\/hirek#listItem","position":1,"name":"Home","item":"https:\/\/allasorias.hu\/hirek","nextItem":{"@type":"ListItem","@id":"https:\/\/allasorias.hu\/hirek\/temak\/munkaeropiac\/#listItem","name":"Munkaer\u0151piac"}},{"@type":"ListItem","@id":"https:\/\/allasorias.hu\/hirek\/temak\/munkaeropiac\/#listItem","position":2,"name":"Munkaer\u0151piac","item":"https:\/\/allasorias.hu\/hirek\/temak\/munkaeropiac\/","nextItem":{"@type":"ListItem","@id":"https:\/\/allasorias.hu\/hirek\/megkedveltek-az-informatikusok-az-otthonrol-dolgozast\/#listItem","name":"Megkedvelt\u00e9k az informatikusok az otthonr\u00f3l dolgoz\u00e1st"},"previousItem":{"@type":"ListItem","@id":"https:\/\/allasorias.hu\/hirek#listItem","name":"Home"}},{"@type":"ListItem","@id":"https:\/\/allasorias.hu\/hirek\/megkedveltek-az-informatikusok-az-otthonrol-dolgozast\/#listItem","position":3,"name":"Megkedvelt\u00e9k az informatikusok az otthonr\u00f3l dolgoz\u00e1st","previousItem":{"@type":"ListItem","@id":"https:\/\/allasorias.hu\/hirek\/temak\/munkaeropiac\/#listItem","name":"Munkaer\u0151piac"}}]},{"@type":"Organization","@id":"https:\/\/allasorias.hu\/hirek\/#organization","name":"AllasOrias.hu | H\u00edrek-lapszemle","description":"\u00dczleti h\u00edrek az \u00e1ll\u00e1s \u00e9s a munka vil\u00e1g\u00e1b\u00f3l","url":"https:\/\/allasorias.hu\/hirek\/","logo":{"@type":"ImageObject","url":"https:\/\/allasorias.hu\/hirek\/wp-content\/uploads\/2022\/10\/allasorias_site_facebok_logo.png","@id":"https:\/\/allasorias.hu\/hirek\/megkedveltek-az-informatikusok-az-otthonrol-dolgozast\/#organizationLogo"},"image":{"@id":"https:\/\/allasorias.hu\/hirek\/megkedveltek-az-informatikusok-az-otthonrol-dolgozast\/#organizationLogo"},"sameAs":["https:\/\/www.facebook.com\/allasorias","https:\/\/www.linkedin.com\/company\/allasorias"]},{"@type":"Person","@id":"https:\/\/allasorias.hu\/hirek\/author\/admin-allasorias\/#author","url":"https:\/\/allasorias.hu\/hirek\/author\/admin-allasorias\/","name":"Juh\u00e1sz P\u00e9ter","image":{"@type":"ImageObject","@id":"https:\/\/allasorias.hu\/hirek\/megkedveltek-az-informatikusok-az-otthonrol-dolgozast\/#authorImage","url":"https:\/\/secure.gravatar.com\/avatar\/36e6bcb83148978b992977cb0f54d22feb0cce8a0a849a9410532bb2623ba4c6?s=96&d=mm&r=g","width":96,"height":96,"caption":"Juh\u00e1sz P\u00e9ter"}},{"@type":"WebPage","@id":"https:\/\/allasorias.hu\/hirek\/megkedveltek-az-informatikusok-az-otthonrol-dolgozast\/#webpage","url":"https:\/\/allasorias.hu\/hirek\/megkedveltek-az-informatikusok-az-otthonrol-dolgozast\/","name":"Megkedvelt\u00e9k az informatikusok az otthonr\u00f3l dolgoz\u00e1st | AllasOrias.hu | H\u00edrek-lapszemle","description":"Egy magyar informatikusok k\u00f6r\u00e9ben k\u00e9sz\u00fclt friss felm\u00e9r\u00e9s eredm\u00e9nyei szerint a hazai IT-szakemberek j\u00f3val nagyobb ar\u00e1nyban szeretn\u00e9nek \u00e9lni az atipikus foglalkoztat\u00e1si form\u00e1kkal, mint amennyire ezt a hazai munk\u00e1ltat\u00f3k sz\u00e1mukra jelenleg lehet\u0151v\u00e9 teszik. Ez\u00e9rt egyre t\u00f6bben fontolgatj\u00e1k, hogy k\u00fclf\u00f6ldi munk\u00e1ltat\u00f3nak dolgozzanak itthonr\u00f3l t\u00e1vmunk\u00e1ban vagy digit\u00e1lis nom\u00e1dk\u00e9nt - \u00edrja az IVSZ - Sz\u00f6vets\u00e9g a digit\u00e1lis gazdas\u00e1g\u00e9rt k\u00f6zlem\u00e9nye. Egy","inLanguage":"hu-HU","isPartOf":{"@id":"https:\/\/allasorias.hu\/hirek\/#website"},"breadcrumb":{"@id":"https:\/\/allasorias.hu\/hirek\/megkedveltek-az-informatikusok-az-otthonrol-dolgozast\/#breadcrumblist"},"author":{"@id":"https:\/\/allasorias.hu\/hirek\/author\/admin-allasorias\/#author"},"creator":{"@id":"https:\/\/allasorias.hu\/hirek\/author\/admin-allasorias\/#author"},"image":{"@type":"ImageObject","url":"https:\/\/allasorias.hu\/hirek\/wp-content\/uploads\/2022\/08\/it.jpg","@id":"https:\/\/allasorias.hu\/hirek\/megkedveltek-az-informatikusok-az-otthonrol-dolgozast\/#mainImage","width":1920,"height":1281},"primaryImageOfPage":{"@id":"https:\/\/allasorias.hu\/hirek\/megkedveltek-az-informatikusok-az-otthonrol-dolgozast\/#mainImage"},"datePublished":"2022-08-17T06:08:03+02:00","dateModified":"2022-08-17T06:08:03+02:00"},{"@type":"WebSite","@id":"https:\/\/allasorias.hu\/hirek\/#website","url":"https:\/\/allasorias.hu\/hirek\/","name":"AllasOrias.hu | H\u00edrek-lapszemle","description":"\u00dczleti h\u00edrek az \u00e1ll\u00e1s \u00e9s a munka vil\u00e1g\u00e1b\u00f3l","inLanguage":"hu-HU","publisher":{"@id":"https:\/\/allasorias.hu\/hirek\/#organization"}}]},"og:locale":"hu_HU","og:site_name":"AllasOrias.hu | H\u00edrek-lapszemle | \u00dczleti h\u00edrek az \u00e1ll\u00e1s \u00e9s a munka vil\u00e1g\u00e1b\u00f3l","og:type":"article","og:title":"Megkedvelt\u00e9k az informatikusok az otthonr\u00f3l dolgoz\u00e1st | AllasOrias.hu | H\u00edrek-lapszemle","og:description":"Egy magyar informatikusok k\u00f6r\u00e9ben k\u00e9sz\u00fclt friss felm\u00e9r\u00e9s eredm\u00e9nyei szerint a hazai IT-szakemberek j\u00f3val nagyobb ar\u00e1nyban szeretn\u00e9nek \u00e9lni az atipikus foglalkoztat\u00e1si form\u00e1kkal, mint amennyire ezt a hazai munk\u00e1ltat\u00f3k sz\u00e1mukra jelenleg lehet\u0151v\u00e9 teszik. Ez\u00e9rt egyre t\u00f6bben fontolgatj\u00e1k, hogy k\u00fclf\u00f6ldi munk\u00e1ltat\u00f3nak dolgozzanak itthonr\u00f3l t\u00e1vmunk\u00e1ban vagy digit\u00e1lis nom\u00e1dk\u00e9nt - \u00edrja az IVSZ - Sz\u00f6vets\u00e9g a digit\u00e1lis gazdas\u00e1g\u00e9rt k\u00f6zlem\u00e9nye. Egy","og:url":"https:\/\/allasorias.hu\/hirek\/megkedveltek-az-informatikusok-az-otthonrol-dolgozast\/","og:image":"https:\/\/allasorias.hu\/hirek\/wp-content\/uploads\/2022\/08\/it.jpg","og:image:secure_url":"https:\/\/allasorias.hu\/hirek\/wp-content\/uploads\/2022\/08\/it.jpg","og:image:width":1920,"og:image:height":1281,"article:published_time":"2022-08-17T06:08:03+00:00","article:modified_time":"2022-08-17T06:08:03+00:00","article:publisher":"https:\/\/www.facebook.com\/allasorias","twitter:card":"summary_large_image","twitter:title":"Megkedvelt\u00e9k az informatikusok az otthonr\u00f3l dolgoz\u00e1st | AllasOrias.hu | H\u00edrek-lapszemle","twitter:description":"Egy magyar informatikusok k\u00f6r\u00e9ben k\u00e9sz\u00fclt friss felm\u00e9r\u00e9s eredm\u00e9nyei szerint a hazai IT-szakemberek j\u00f3val nagyobb ar\u00e1nyban szeretn\u00e9nek \u00e9lni az atipikus foglalkoztat\u00e1si form\u00e1kkal, mint amennyire ezt a hazai munk\u00e1ltat\u00f3k sz\u00e1mukra jelenleg lehet\u0151v\u00e9 teszik. Ez\u00e9rt egyre t\u00f6bben fontolgatj\u00e1k, hogy k\u00fclf\u00f6ldi munk\u00e1ltat\u00f3nak dolgozzanak itthonr\u00f3l t\u00e1vmunk\u00e1ban vagy digit\u00e1lis nom\u00e1dk\u00e9nt - \u00edrja az IVSZ - Sz\u00f6vets\u00e9g a digit\u00e1lis gazdas\u00e1g\u00e9rt k\u00f6zlem\u00e9nye. Egy","twitter:image":"https:\/\/allasorias.hu\/hirek\/wp-content\/uploads\/2022\/08\/it.jpg","twitter:label1":"Written by","twitter:data1":"Juh\u00e1sz P\u00e9ter","twitter:label2":"Est. reading time","twitter:data2":"3 minutes"},"aioseo_meta_data":{"post_id":"5736","title":null,"description":null,"keywords":[],"keyphrases":{"focus":{"keyphrase":"","score":0,"analysis":{"keyphraseInTitle":{"score":0,"maxScore":9,"error":1}}},"additional":[]},"primary_term":null,"canonical_url":null,"og_title":null,"og_description":null,"og_object_type":"default","og_image_type":"default","og_image_url":null,"og_image_width":null,"og_image_height":null,"og_image_custom_url":null,"og_image_custom_fields":null,"og_video":"","og_custom_url":null,"og_article_section":null,"og_article_tags":[],"twitter_use_og":false,"twitter_card":"default","twitter_image_type":"default","twitter_image_url":null,"twitter_image_custom_url":null,"twitter_image_custom_fields":null,"twitter_title":null,"twitter_description":null,"schema":{"blockGraphs":[],"customGraphs":[],"default":{"data":{"Article":[],"Course":[],"Dataset":[],"FAQPage":[],"Movie":[],"Person":[],"Product":[],"ProductReview":[],"Car":[],"Recipe":[],"Service":[],"SoftwareApplication":[],"WebPage":[]},"graphName":"","isEnabled":true},"graphs":[],"defaultGraph":"Article","defaultPostTypeGraph":""},"schema_type":"default","schema_type_options":"{\"article\":{\"articleType\":\"BlogPosting\"},\"course\":{\"name\":\"\",\"description\":\"\",\"provider\":\"\"},\"faq\":{\"pages\":[]},\"product\":{\"reviews\":[]},\"recipe\":{\"ingredients\":[],\"instructions\":[],\"keywords\":[]},\"software\":{\"reviews\":[],\"operatingSystems\":[]},\"webPage\":{\"webPageType\":\"WebPage\"}}","pillar_content":false,"robots_default":true,"robots_noindex":false,"robots_noarchive":false,"robots_nosnippet":false,"robots_nofollow":false,"robots_noimageindex":false,"robots_noodp":false,"robots_notranslate":false,"robots_max_snippet":"-1","robots_max_videopreview":"-1","robots_max_imagepreview":"large","priority":null,"frequency":"default","location":null,"local_seo":null,"breadcrumb_settings":null,"limit_modified_date":false,"ai":null,"created":"2022-08-17 06:02:25","updated":"2025-10-02 17:08:54","seo_analyzer_scan_date":null,"focus_keyword":null,"additional_keywords":null,"truseo_locale":null},"aioseo_breadcrumb":"<div class=\"aioseo-breadcrumbs\"><span class=\"aioseo-breadcrumb\">\n\t\t\t<a href=\"https:\/\/allasorias.hu\/hirek\" title=\"Home\">Home<\/a>\n\t\t<\/span><span class=\"aioseo-breadcrumb-separator\">&raquo;<\/span><span class=\"aioseo-breadcrumb\">\n\t\t\t<a href=\"https:\/\/allasorias.hu\/hirek\/temak\/munkaeropiac\/\" title=\"Munkaer\u0151piac\">Munkaer\u0151piac<\/a>\n\t\t<\/span><span class=\"aioseo-breadcrumb-separator\">&raquo;<\/span><span class=\"aioseo-breadcrumb\">\n\t\t\tMegkedvelt\u00e9k az informatikusok az otthonr\u00f3l dolgoz\u00e1st\n\t\t<\/span><\/div>","aioseo_breadcrumb_json":[{"label":"Home","link":"https:\/\/allasorias.hu\/hirek"},{"label":"Munkaer\u0151piac","link":"https:\/\/allasorias.hu\/hirek\/temak\/munkaeropiac\/"},{"label":"Megkedvelt\u00e9k az informatikusok az otthonr\u00f3l dolgoz\u00e1st","link":"https:\/\/allasorias.hu\/hirek\/megkedveltek-az-informatikusok-az-otthonrol-dolgozast\/"}],"_links":{"self":[{"href":"https:\/\/allasorias.hu\/hirek\/wp-json\/wp\/v2\/posts\/5736","targetHints":{"allow":["GET"]}}],"collection":[{"href":"https:\/\/allasorias.hu\/hirek\/wp-json\/wp\/v2\/posts"}],"about":[{"href":"https:\/\/allasorias.hu\/hirek\/wp-json\/wp\/v2\/types\/post"}],"author":[{"embeddable":true,"href":"https:\/\/allasorias.hu\/hirek\/wp-json\/wp\/v2\/users\/1"}],"replies":[{"embeddable":true,"href":"https:\/\/allasorias.hu\/hirek\/wp-json\/wp\/v2\/comments?post=5736"}],"version-history":[{"count":1,"href":"https:\/\/allasorias.hu\/hirek\/wp-json\/wp\/v2\/posts\/5736\/revisions"}],"predecessor-version":[{"id":5738,"href":"https:\/\/allasorias.hu\/hirek\/wp-json\/wp\/v2\/posts\/5736\/revisions\/5738"}],"wp:featuredmedia":[{"embeddable":true,"href":"https:\/\/allasorias.hu\/hirek\/wp-json\/wp\/v2\/media\/5737"}],"wp:attachment":[{"href":"https:\/\/allasorias.hu\/hirek\/wp-json\/wp\/v2\/media?parent=5736"}],"wp:term":[{"taxonomy":"category","embeddable":true,"href":"https:\/\/allasorias.hu\/hirek\/wp-json\/wp\/v2\/categories?post=5736"},{"taxonomy":"post_tag","embeddable":true,"href":"https:\/\/allasorias.hu\/hirek\/wp-json\/wp\/v2\/tags?post=5736"}],"curies":[{"name":"wp","href":"https:\/\/api.w.org\/{rel}","templated":true}]}}