{"id":5733,"date":"2022-08-16T08:16:46","date_gmt":"2022-08-16T08:16:46","guid":{"rendered":"https:\/\/allasorias.hu\/hirek\/?p=5733"},"modified":"2022-08-16T08:16:46","modified_gmt":"2022-08-16T08:16:46","slug":"nagyon-keves-a-pedagogus","status":"publish","type":"post","link":"https:\/\/allasorias.hu\/hirek\/nagyon-keves-a-pedagogus\/","title":{"rendered":"Nagyon kev\u00e9s a pedag\u00f3gus"},"content":{"rendered":"<p><strong>A pedag\u00f3gus szakszervezetek arra figyelmeztettek, hogy ha a korm\u00e1ny nem tesz azonnali b\u00e9remel\u00e9si aj\u00e1nlatot, akkor sztr\u00e1jkba kezdenek. A k\u00f6zeled\u0151 tan\u00e9vkezd\u00e9s miatt m\u00e1r nem csak a k\u00f6zszf\u00e9ra \u00e1ll\u00e1sport\u00e1lj\u00e1n, a k\u00f6z\u00f6ss\u00e9gi m\u00e9di\u00e1ban is pr\u00f3b\u00e1lnak tan\u00e1rt tal\u00e1lni az int\u00e9zm\u00e9nyek, koll\u00e9g\u00e1t a pedag\u00f3gusok.<\/strong><\/p>\n<p>Egy budapesti, I. ker\u00fcleti iskola p\u00e9ld\u00e1ul azzal hirdet, hogy n\u00e1luk sincs kolb\u00e1szb\u00f3l a ker\u00edt\u00e9s, nincs b\u00e9rt\u00e1bl\u00e1n fel\u00fcli fizet\u00e9s, de van t\u00e1mogat\u00f3 k\u00f6rnyezet. A dunaharaszti Baktay Ervin Gimn\u00e1zium pedig hatalmas figyelemfelh\u00edv\u00f3 t\u00e1bl\u00e1val hirdeti, hogy tan\u00e1rokat keres \u2013 sz\u00e1molt be r\u00f3la a h\u00e9tf\u0151i RTL H\u00edrad\u00f3. A riportot szeml\u00e9z\u0151 hvg.hu szerint hasonl\u00f3 felh\u00edv\u00e1st tett k\u00f6zz\u00e9 sok m\u00e1s int\u00e9zm\u00e9ny mellett a s\u00e1rosdi Farkas Gyula Baptista \u00c1ltal\u00e1nos Iskola \u00e9s \u00d3voda is. Ide magyar, biol\u00f3gia, k\u00e9mia, f\u00f6ldrajz, testnevel\u00e9s, matematika \u00e9s informatika szakos tan\u00e1rt, illetve tan\u00edt\u00f3t is v\u00e1rnak. Szolg\u00e1lati lak\u00e1st is adnak annak, aki egy h\u00e9t m\u00falva munk\u00e1ba tud \u00e1llni. A pedag\u00f3gus szakszervezetek arra figyelmeztettek, hogy ha a korm\u00e1ny nem tesz azonnali b\u00e9remel\u00e9si aj\u00e1nlatot, akkor sztr\u00e1jkba kezdenek. Ezt t\u00e1mogatn\u00e1 a Di\u00e1kok a Tan\u00e1rok\u00e9rt di\u00e1kszervezet, akik m\u00e1rciusban is utc\u00e1ra vonultak, hogy kifejezz\u00e9k a szolidarit\u00e1sukat. Most szeptember 2-\u00e1ra is szimp\u00e1tiat\u00fcntet\u00e9st szerveznek Budapestre.<\/p>\n<p>Forr\u00e1s: hirklikk.hu<\/p>\n","protected":false},"excerpt":{"rendered":"<p>A pedag\u00f3gus szakszervezetek arra figyelmeztettek, hogy ha a korm\u00e1ny nem tesz azonnali b\u00e9remel\u00e9si aj\u00e1nlatot, akkor sztr\u00e1jkba kezdenek. A k\u00f6zeled\u0151 tan\u00e9vkezd\u00e9s miatt m\u00e1r nem csak a k\u00f6zszf\u00e9ra \u00e1ll\u00e1sport\u00e1lj\u00e1n, a k\u00f6z\u00f6ss\u00e9gi m\u00e9di\u00e1ban is pr\u00f3b\u00e1lnak tan\u00e1rt tal\u00e1lni az int\u00e9zm\u00e9nyek, koll\u00e9g\u00e1t a pedag\u00f3gusok. Egy budapesti, I. ker\u00fcleti iskola p\u00e9ld\u00e1ul azzal hirdet, hogy n\u00e1luk sincs kolb\u00e1szb\u00f3l a ker\u00edt\u00e9s, nincs b\u00e9rt\u00e1bl\u00e1n [&hellip;]<\/p>\n","protected":false},"author":1,"featured_media":5734,"comment_status":"open","ping_status":"open","sticky":false,"template":"","format":"standard","meta":{"_monsterinsights_skip_tracking":false,"footnotes":""},"categories":[203,200],"tags":[],"class_list":["post-5733","post","type-post","status-publish","format-standard","has-post-thumbnail","hentry","category-hianyszakmak","category-munkaeropiac"],"aioseo_notices":[],"aioseo_head":"\n\t\t<!-- All in One SEO 5.0.0.1 - aioseo.com -->\n\t<meta name=\"description\" content=\"A pedag\u00f3gus szakszervezetek arra figyelmeztettek, hogy ha a korm\u00e1ny nem tesz azonnali b\u00e9remel\u00e9si aj\u00e1nlatot, akkor sztr\u00e1jkba kezdenek. A k\u00f6zeled\u0151 tan\u00e9vkezd\u00e9s miatt m\u00e1r nem csak a k\u00f6zszf\u00e9ra \u00e1ll\u00e1sport\u00e1lj\u00e1n, a k\u00f6z\u00f6ss\u00e9gi m\u00e9di\u00e1ban is pr\u00f3b\u00e1lnak tan\u00e1rt tal\u00e1lni az int\u00e9zm\u00e9nyek, koll\u00e9g\u00e1t a pedag\u00f3gusok. Egy budapesti, I. ker\u00fcleti iskola p\u00e9ld\u00e1ul azzal hirdet, hogy n\u00e1luk sincs kolb\u00e1szb\u00f3l a ker\u00edt\u00e9s, nincs b\u00e9rt\u00e1bl\u00e1n\" \/>\n\t<meta name=\"robots\" content=\"max-image-preview:large\" \/>\n\t<meta name=\"author\" content=\"Juh\u00e1sz P\u00e9ter\"\/>\n\t<link rel=\"canonical\" href=\"https:\/\/allasorias.hu\/hirek\/nagyon-keves-a-pedagogus\/\" \/>\n\t<meta name=\"generator\" content=\"All in One SEO (AIOSEO) 5.0.0.1\" \/>\n\t\t<meta property=\"og:locale\" content=\"hu_HU\" \/>\n\t\t<meta property=\"og:site_name\" content=\"AllasOrias.hu | H\u00edrek-lapszemle | \u00dczleti h\u00edrek az \u00e1ll\u00e1s \u00e9s a munka vil\u00e1g\u00e1b\u00f3l\" \/>\n\t\t<meta property=\"og:type\" content=\"article\" \/>\n\t\t<meta property=\"og:title\" content=\"Nagyon kev\u00e9s a pedag\u00f3gus | AllasOrias.hu | H\u00edrek-lapszemle\" \/>\n\t\t<meta property=\"og:description\" content=\"A pedag\u00f3gus szakszervezetek arra figyelmeztettek, hogy ha a korm\u00e1ny nem tesz azonnali b\u00e9remel\u00e9si aj\u00e1nlatot, akkor sztr\u00e1jkba kezdenek. A k\u00f6zeled\u0151 tan\u00e9vkezd\u00e9s miatt m\u00e1r nem csak a k\u00f6zszf\u00e9ra \u00e1ll\u00e1sport\u00e1lj\u00e1n, a k\u00f6z\u00f6ss\u00e9gi m\u00e9di\u00e1ban is pr\u00f3b\u00e1lnak tan\u00e1rt tal\u00e1lni az int\u00e9zm\u00e9nyek, koll\u00e9g\u00e1t a pedag\u00f3gusok. Egy budapesti, I. ker\u00fcleti iskola p\u00e9ld\u00e1ul azzal hirdet, hogy n\u00e1luk sincs kolb\u00e1szb\u00f3l a ker\u00edt\u00e9s, nincs b\u00e9rt\u00e1bl\u00e1n\" \/>\n\t\t<meta property=\"og:url\" content=\"https:\/\/allasorias.hu\/hirek\/nagyon-keves-a-pedagogus\/\" \/>\n\t\t<meta property=\"og:image\" content=\"https:\/\/allasorias.hu\/hirek\/wp-content\/uploads\/2022\/08\/modern-classroom-interior-light-tones.jpg\" \/>\n\t\t<meta property=\"og:image:secure_url\" content=\"https:\/\/allasorias.hu\/hirek\/wp-content\/uploads\/2022\/08\/modern-classroom-interior-light-tones.jpg\" \/>\n\t\t<meta property=\"og:image:width\" content=\"1920\" \/>\n\t\t<meta property=\"og:image:height\" content=\"1280\" \/>\n\t\t<meta property=\"article:published_time\" content=\"2022-08-16T08:16:46+00:00\" \/>\n\t\t<meta property=\"article:modified_time\" content=\"2022-08-16T08:16:46+00:00\" \/>\n\t\t<meta property=\"article:publisher\" content=\"https:\/\/www.facebook.com\/allasorias\" \/>\n\t\t<meta name=\"twitter:card\" content=\"summary_large_image\" \/>\n\t\t<meta name=\"twitter:title\" content=\"Nagyon kev\u00e9s a pedag\u00f3gus | AllasOrias.hu | H\u00edrek-lapszemle\" \/>\n\t\t<meta name=\"twitter:description\" content=\"A pedag\u00f3gus szakszervezetek arra figyelmeztettek, hogy ha a korm\u00e1ny nem tesz azonnali b\u00e9remel\u00e9si aj\u00e1nlatot, akkor sztr\u00e1jkba kezdenek. A k\u00f6zeled\u0151 tan\u00e9vkezd\u00e9s miatt m\u00e1r nem csak a k\u00f6zszf\u00e9ra \u00e1ll\u00e1sport\u00e1lj\u00e1n, a k\u00f6z\u00f6ss\u00e9gi m\u00e9di\u00e1ban is pr\u00f3b\u00e1lnak tan\u00e1rt tal\u00e1lni az int\u00e9zm\u00e9nyek, koll\u00e9g\u00e1t a pedag\u00f3gusok. Egy budapesti, I. ker\u00fcleti iskola p\u00e9ld\u00e1ul azzal hirdet, hogy n\u00e1luk sincs kolb\u00e1szb\u00f3l a ker\u00edt\u00e9s, nincs b\u00e9rt\u00e1bl\u00e1n\" \/>\n\t\t<meta name=\"twitter:image\" content=\"https:\/\/allasorias.hu\/hirek\/wp-content\/uploads\/2022\/08\/modern-classroom-interior-light-tones.jpg\" \/>\n\t\t<meta name=\"twitter:label1\" content=\"Written by\" \/>\n\t\t<meta name=\"twitter:data1\" content=\"Juh\u00e1sz P\u00e9ter\" \/>\n\t\t<meta name=\"twitter:label2\" content=\"Est. reading time\" \/>\n\t\t<meta name=\"twitter:data2\" content=\"1 minute\" \/>\n\t\t<script type=\"application\/ld+json\" class=\"aioseo-schema\">\n\t\t\t{\"@context\":\"https:\\\/\\\/schema.org\",\"@graph\":[{\"@type\":\"Article\",\"@id\":\"https:\\\/\\\/allasorias.hu\\\/hirek\\\/nagyon-keves-a-pedagogus\\\/#article\",\"name\":\"Nagyon kev\\u00e9s a pedag\\u00f3gus | AllasOrias.hu | H\\u00edrek-lapszemle\",\"headline\":\"Nagyon kev\\u00e9s a pedag\\u00f3gus\",\"author\":{\"@id\":\"https:\\\/\\\/allasorias.hu\\\/hirek\\\/author\\\/admin-allasorias\\\/#author\"},\"publisher\":{\"@id\":\"https:\\\/\\\/allasorias.hu\\\/hirek\\\/#organization\"},\"image\":{\"@type\":\"ImageObject\",\"url\":\"https:\\\/\\\/allasorias.hu\\\/hirek\\\/wp-content\\\/uploads\\\/2022\\\/08\\\/modern-classroom-interior-light-tones.jpg\",\"width\":1920,\"height\":1280,\"caption\":\"Modern Classroom 3D Interior in Light Tones. 3D Rendering\"},\"datePublished\":\"2022-08-16T08:16:46+02:00\",\"dateModified\":\"2022-08-16T08:16:46+02:00\",\"inLanguage\":\"hu-HU\",\"mainEntityOfPage\":{\"@id\":\"https:\\\/\\\/allasorias.hu\\\/hirek\\\/nagyon-keves-a-pedagogus\\\/#webpage\"},\"isPartOf\":{\"@id\":\"https:\\\/\\\/allasorias.hu\\\/hirek\\\/nagyon-keves-a-pedagogus\\\/#webpage\"},\"articleSection\":\"Hi\\u00e1nyszakm\\u00e1k, Munkaer\\u0151piac\"},{\"@type\":\"BreadcrumbList\",\"@id\":\"https:\\\/\\\/allasorias.hu\\\/hirek\\\/nagyon-keves-a-pedagogus\\\/#breadcrumblist\",\"itemListElement\":[{\"@type\":\"ListItem\",\"@id\":\"https:\\\/\\\/allasorias.hu\\\/hirek#listItem\",\"position\":1,\"name\":\"Home\",\"item\":\"https:\\\/\\\/allasorias.hu\\\/hirek\",\"nextItem\":{\"@type\":\"ListItem\",\"@id\":\"https:\\\/\\\/allasorias.hu\\\/hirek\\\/temak\\\/munkaeropiac\\\/#listItem\",\"name\":\"Munkaer\\u0151piac\"}},{\"@type\":\"ListItem\",\"@id\":\"https:\\\/\\\/allasorias.hu\\\/hirek\\\/temak\\\/munkaeropiac\\\/#listItem\",\"position\":2,\"name\":\"Munkaer\\u0151piac\",\"item\":\"https:\\\/\\\/allasorias.hu\\\/hirek\\\/temak\\\/munkaeropiac\\\/\",\"nextItem\":{\"@type\":\"ListItem\",\"@id\":\"https:\\\/\\\/allasorias.hu\\\/hirek\\\/nagyon-keves-a-pedagogus\\\/#listItem\",\"name\":\"Nagyon kev\\u00e9s a pedag\\u00f3gus\"},\"previousItem\":{\"@type\":\"ListItem\",\"@id\":\"https:\\\/\\\/allasorias.hu\\\/hirek#listItem\",\"name\":\"Home\"}},{\"@type\":\"ListItem\",\"@id\":\"https:\\\/\\\/allasorias.hu\\\/hirek\\\/nagyon-keves-a-pedagogus\\\/#listItem\",\"position\":3,\"name\":\"Nagyon kev\\u00e9s a pedag\\u00f3gus\",\"previousItem\":{\"@type\":\"ListItem\",\"@id\":\"https:\\\/\\\/allasorias.hu\\\/hirek\\\/temak\\\/munkaeropiac\\\/#listItem\",\"name\":\"Munkaer\\u0151piac\"}}]},{\"@type\":\"Organization\",\"@id\":\"https:\\\/\\\/allasorias.hu\\\/hirek\\\/#organization\",\"name\":\"AllasOrias.hu | H\\u00edrek-lapszemle\",\"description\":\"\\u00dczleti h\\u00edrek az \\u00e1ll\\u00e1s \\u00e9s a munka vil\\u00e1g\\u00e1b\\u00f3l\",\"url\":\"https:\\\/\\\/allasorias.hu\\\/hirek\\\/\",\"logo\":{\"@type\":\"ImageObject\",\"url\":\"https:\\\/\\\/allasorias.hu\\\/hirek\\\/wp-content\\\/uploads\\\/2022\\\/10\\\/allasorias_site_facebok_logo.png\",\"@id\":\"https:\\\/\\\/allasorias.hu\\\/hirek\\\/nagyon-keves-a-pedagogus\\\/#organizationLogo\"},\"image\":{\"@id\":\"https:\\\/\\\/allasorias.hu\\\/hirek\\\/nagyon-keves-a-pedagogus\\\/#organizationLogo\"},\"sameAs\":[\"https:\\\/\\\/www.facebook.com\\\/allasorias\",\"https:\\\/\\\/www.linkedin.com\\\/company\\\/allasorias\"]},{\"@type\":\"Person\",\"@id\":\"https:\\\/\\\/allasorias.hu\\\/hirek\\\/author\\\/admin-allasorias\\\/#author\",\"url\":\"https:\\\/\\\/allasorias.hu\\\/hirek\\\/author\\\/admin-allasorias\\\/\",\"name\":\"Juh\\u00e1sz P\\u00e9ter\",\"image\":{\"@type\":\"ImageObject\",\"@id\":\"https:\\\/\\\/allasorias.hu\\\/hirek\\\/nagyon-keves-a-pedagogus\\\/#authorImage\",\"url\":\"https:\\\/\\\/secure.gravatar.com\\\/avatar\\\/36e6bcb83148978b992977cb0f54d22feb0cce8a0a849a9410532bb2623ba4c6?s=96&d=mm&r=g\",\"width\":96,\"height\":96,\"caption\":\"Juh\\u00e1sz P\\u00e9ter\"}},{\"@type\":\"WebPage\",\"@id\":\"https:\\\/\\\/allasorias.hu\\\/hirek\\\/nagyon-keves-a-pedagogus\\\/#webpage\",\"url\":\"https:\\\/\\\/allasorias.hu\\\/hirek\\\/nagyon-keves-a-pedagogus\\\/\",\"name\":\"Nagyon kev\\u00e9s a pedag\\u00f3gus | AllasOrias.hu | H\\u00edrek-lapszemle\",\"description\":\"A pedag\\u00f3gus szakszervezetek arra figyelmeztettek, hogy ha a korm\\u00e1ny nem tesz azonnali b\\u00e9remel\\u00e9si aj\\u00e1nlatot, akkor sztr\\u00e1jkba kezdenek. A k\\u00f6zeled\\u0151 tan\\u00e9vkezd\\u00e9s miatt m\\u00e1r nem csak a k\\u00f6zszf\\u00e9ra \\u00e1ll\\u00e1sport\\u00e1lj\\u00e1n, a k\\u00f6z\\u00f6ss\\u00e9gi m\\u00e9di\\u00e1ban is pr\\u00f3b\\u00e1lnak tan\\u00e1rt tal\\u00e1lni az int\\u00e9zm\\u00e9nyek, koll\\u00e9g\\u00e1t a pedag\\u00f3gusok. Egy budapesti, I. ker\\u00fcleti iskola p\\u00e9ld\\u00e1ul azzal hirdet, hogy n\\u00e1luk sincs kolb\\u00e1szb\\u00f3l a ker\\u00edt\\u00e9s, nincs b\\u00e9rt\\u00e1bl\\u00e1n\",\"inLanguage\":\"hu-HU\",\"isPartOf\":{\"@id\":\"https:\\\/\\\/allasorias.hu\\\/hirek\\\/#website\"},\"breadcrumb\":{\"@id\":\"https:\\\/\\\/allasorias.hu\\\/hirek\\\/nagyon-keves-a-pedagogus\\\/#breadcrumblist\"},\"author\":{\"@id\":\"https:\\\/\\\/allasorias.hu\\\/hirek\\\/author\\\/admin-allasorias\\\/#author\"},\"creator\":{\"@id\":\"https:\\\/\\\/allasorias.hu\\\/hirek\\\/author\\\/admin-allasorias\\\/#author\"},\"image\":{\"@type\":\"ImageObject\",\"url\":\"https:\\\/\\\/allasorias.hu\\\/hirek\\\/wp-content\\\/uploads\\\/2022\\\/08\\\/modern-classroom-interior-light-tones.jpg\",\"@id\":\"https:\\\/\\\/allasorias.hu\\\/hirek\\\/nagyon-keves-a-pedagogus\\\/#mainImage\",\"width\":1920,\"height\":1280,\"caption\":\"Modern Classroom 3D Interior in Light Tones. 3D Rendering\"},\"primaryImageOfPage\":{\"@id\":\"https:\\\/\\\/allasorias.hu\\\/hirek\\\/nagyon-keves-a-pedagogus\\\/#mainImage\"},\"datePublished\":\"2022-08-16T08:16:46+02:00\",\"dateModified\":\"2022-08-16T08:16:46+02:00\"},{\"@type\":\"WebSite\",\"@id\":\"https:\\\/\\\/allasorias.hu\\\/hirek\\\/#website\",\"url\":\"https:\\\/\\\/allasorias.hu\\\/hirek\\\/\",\"name\":\"AllasOrias.hu | H\\u00edrek-lapszemle\",\"description\":\"\\u00dczleti h\\u00edrek az \\u00e1ll\\u00e1s \\u00e9s a munka vil\\u00e1g\\u00e1b\\u00f3l\",\"inLanguage\":\"hu-HU\",\"publisher\":{\"@id\":\"https:\\\/\\\/allasorias.hu\\\/hirek\\\/#organization\"}}]}\n\t\t<\/script>\n\t\t<!-- All in One SEO -->\n\n","aioseo_head_json":{"title":"Nagyon kev\u00e9s a pedag\u00f3gus | AllasOrias.hu | H\u00edrek-lapszemle","description":"A pedag\u00f3gus szakszervezetek arra figyelmeztettek, hogy ha a korm\u00e1ny nem tesz azonnali b\u00e9remel\u00e9si aj\u00e1nlatot, akkor sztr\u00e1jkba kezdenek. A k\u00f6zeled\u0151 tan\u00e9vkezd\u00e9s miatt m\u00e1r nem csak a k\u00f6zszf\u00e9ra \u00e1ll\u00e1sport\u00e1lj\u00e1n, a k\u00f6z\u00f6ss\u00e9gi m\u00e9di\u00e1ban is pr\u00f3b\u00e1lnak tan\u00e1rt tal\u00e1lni az int\u00e9zm\u00e9nyek, koll\u00e9g\u00e1t a pedag\u00f3gusok. Egy budapesti, I. ker\u00fcleti iskola p\u00e9ld\u00e1ul azzal hirdet, hogy n\u00e1luk sincs kolb\u00e1szb\u00f3l a ker\u00edt\u00e9s, nincs b\u00e9rt\u00e1bl\u00e1n","canonical_url":"https:\/\/allasorias.hu\/hirek\/nagyon-keves-a-pedagogus\/","robots":"max-image-preview:large","keywords":"","webmasterTools":{"miscellaneous":""},"schema":{"@context":"https:\/\/schema.org","@graph":[{"@type":"Article","@id":"https:\/\/allasorias.hu\/hirek\/nagyon-keves-a-pedagogus\/#article","name":"Nagyon kev\u00e9s a pedag\u00f3gus | AllasOrias.hu | H\u00edrek-lapszemle","headline":"Nagyon kev\u00e9s a pedag\u00f3gus","author":{"@id":"https:\/\/allasorias.hu\/hirek\/author\/admin-allasorias\/#author"},"publisher":{"@id":"https:\/\/allasorias.hu\/hirek\/#organization"},"image":{"@type":"ImageObject","url":"https:\/\/allasorias.hu\/hirek\/wp-content\/uploads\/2022\/08\/modern-classroom-interior-light-tones.jpg","width":1920,"height":1280,"caption":"Modern Classroom 3D Interior in Light Tones. 3D Rendering"},"datePublished":"2022-08-16T08:16:46+02:00","dateModified":"2022-08-16T08:16:46+02:00","inLanguage":"hu-HU","mainEntityOfPage":{"@id":"https:\/\/allasorias.hu\/hirek\/nagyon-keves-a-pedagogus\/#webpage"},"isPartOf":{"@id":"https:\/\/allasorias.hu\/hirek\/nagyon-keves-a-pedagogus\/#webpage"},"articleSection":"Hi\u00e1nyszakm\u00e1k, Munkaer\u0151piac"},{"@type":"BreadcrumbList","@id":"https:\/\/allasorias.hu\/hirek\/nagyon-keves-a-pedagogus\/#breadcrumblist","itemListElement":[{"@type":"ListItem","@id":"https:\/\/allasorias.hu\/hirek#listItem","position":1,"name":"Home","item":"https:\/\/allasorias.hu\/hirek","nextItem":{"@type":"ListItem","@id":"https:\/\/allasorias.hu\/hirek\/temak\/munkaeropiac\/#listItem","name":"Munkaer\u0151piac"}},{"@type":"ListItem","@id":"https:\/\/allasorias.hu\/hirek\/temak\/munkaeropiac\/#listItem","position":2,"name":"Munkaer\u0151piac","item":"https:\/\/allasorias.hu\/hirek\/temak\/munkaeropiac\/","nextItem":{"@type":"ListItem","@id":"https:\/\/allasorias.hu\/hirek\/nagyon-keves-a-pedagogus\/#listItem","name":"Nagyon kev\u00e9s a pedag\u00f3gus"},"previousItem":{"@type":"ListItem","@id":"https:\/\/allasorias.hu\/hirek#listItem","name":"Home"}},{"@type":"ListItem","@id":"https:\/\/allasorias.hu\/hirek\/nagyon-keves-a-pedagogus\/#listItem","position":3,"name":"Nagyon kev\u00e9s a pedag\u00f3gus","previousItem":{"@type":"ListItem","@id":"https:\/\/allasorias.hu\/hirek\/temak\/munkaeropiac\/#listItem","name":"Munkaer\u0151piac"}}]},{"@type":"Organization","@id":"https:\/\/allasorias.hu\/hirek\/#organization","name":"AllasOrias.hu | H\u00edrek-lapszemle","description":"\u00dczleti h\u00edrek az \u00e1ll\u00e1s \u00e9s a munka vil\u00e1g\u00e1b\u00f3l","url":"https:\/\/allasorias.hu\/hirek\/","logo":{"@type":"ImageObject","url":"https:\/\/allasorias.hu\/hirek\/wp-content\/uploads\/2022\/10\/allasorias_site_facebok_logo.png","@id":"https:\/\/allasorias.hu\/hirek\/nagyon-keves-a-pedagogus\/#organizationLogo"},"image":{"@id":"https:\/\/allasorias.hu\/hirek\/nagyon-keves-a-pedagogus\/#organizationLogo"},"sameAs":["https:\/\/www.facebook.com\/allasorias","https:\/\/www.linkedin.com\/company\/allasorias"]},{"@type":"Person","@id":"https:\/\/allasorias.hu\/hirek\/author\/admin-allasorias\/#author","url":"https:\/\/allasorias.hu\/hirek\/author\/admin-allasorias\/","name":"Juh\u00e1sz P\u00e9ter","image":{"@type":"ImageObject","@id":"https:\/\/allasorias.hu\/hirek\/nagyon-keves-a-pedagogus\/#authorImage","url":"https:\/\/secure.gravatar.com\/avatar\/36e6bcb83148978b992977cb0f54d22feb0cce8a0a849a9410532bb2623ba4c6?s=96&d=mm&r=g","width":96,"height":96,"caption":"Juh\u00e1sz P\u00e9ter"}},{"@type":"WebPage","@id":"https:\/\/allasorias.hu\/hirek\/nagyon-keves-a-pedagogus\/#webpage","url":"https:\/\/allasorias.hu\/hirek\/nagyon-keves-a-pedagogus\/","name":"Nagyon kev\u00e9s a pedag\u00f3gus | AllasOrias.hu | H\u00edrek-lapszemle","description":"A pedag\u00f3gus szakszervezetek arra figyelmeztettek, hogy ha a korm\u00e1ny nem tesz azonnali b\u00e9remel\u00e9si aj\u00e1nlatot, akkor sztr\u00e1jkba kezdenek. A k\u00f6zeled\u0151 tan\u00e9vkezd\u00e9s miatt m\u00e1r nem csak a k\u00f6zszf\u00e9ra \u00e1ll\u00e1sport\u00e1lj\u00e1n, a k\u00f6z\u00f6ss\u00e9gi m\u00e9di\u00e1ban is pr\u00f3b\u00e1lnak tan\u00e1rt tal\u00e1lni az int\u00e9zm\u00e9nyek, koll\u00e9g\u00e1t a pedag\u00f3gusok. Egy budapesti, I. ker\u00fcleti iskola p\u00e9ld\u00e1ul azzal hirdet, hogy n\u00e1luk sincs kolb\u00e1szb\u00f3l a ker\u00edt\u00e9s, nincs b\u00e9rt\u00e1bl\u00e1n","inLanguage":"hu-HU","isPartOf":{"@id":"https:\/\/allasorias.hu\/hirek\/#website"},"breadcrumb":{"@id":"https:\/\/allasorias.hu\/hirek\/nagyon-keves-a-pedagogus\/#breadcrumblist"},"author":{"@id":"https:\/\/allasorias.hu\/hirek\/author\/admin-allasorias\/#author"},"creator":{"@id":"https:\/\/allasorias.hu\/hirek\/author\/admin-allasorias\/#author"},"image":{"@type":"ImageObject","url":"https:\/\/allasorias.hu\/hirek\/wp-content\/uploads\/2022\/08\/modern-classroom-interior-light-tones.jpg","@id":"https:\/\/allasorias.hu\/hirek\/nagyon-keves-a-pedagogus\/#mainImage","width":1920,"height":1280,"caption":"Modern Classroom 3D Interior in Light Tones. 3D Rendering"},"primaryImageOfPage":{"@id":"https:\/\/allasorias.hu\/hirek\/nagyon-keves-a-pedagogus\/#mainImage"},"datePublished":"2022-08-16T08:16:46+02:00","dateModified":"2022-08-16T08:16:46+02:00"},{"@type":"WebSite","@id":"https:\/\/allasorias.hu\/hirek\/#website","url":"https:\/\/allasorias.hu\/hirek\/","name":"AllasOrias.hu | H\u00edrek-lapszemle","description":"\u00dczleti h\u00edrek az \u00e1ll\u00e1s \u00e9s a munka vil\u00e1g\u00e1b\u00f3l","inLanguage":"hu-HU","publisher":{"@id":"https:\/\/allasorias.hu\/hirek\/#organization"}}]},"og:locale":"hu_HU","og:site_name":"AllasOrias.hu | H\u00edrek-lapszemle | \u00dczleti h\u00edrek az \u00e1ll\u00e1s \u00e9s a munka vil\u00e1g\u00e1b\u00f3l","og:type":"article","og:title":"Nagyon kev\u00e9s a pedag\u00f3gus | AllasOrias.hu | H\u00edrek-lapszemle","og:description":"A pedag\u00f3gus szakszervezetek arra figyelmeztettek, hogy ha a korm\u00e1ny nem tesz azonnali b\u00e9remel\u00e9si aj\u00e1nlatot, akkor sztr\u00e1jkba kezdenek. A k\u00f6zeled\u0151 tan\u00e9vkezd\u00e9s miatt m\u00e1r nem csak a k\u00f6zszf\u00e9ra \u00e1ll\u00e1sport\u00e1lj\u00e1n, a k\u00f6z\u00f6ss\u00e9gi m\u00e9di\u00e1ban is pr\u00f3b\u00e1lnak tan\u00e1rt tal\u00e1lni az int\u00e9zm\u00e9nyek, koll\u00e9g\u00e1t a pedag\u00f3gusok. Egy budapesti, I. ker\u00fcleti iskola p\u00e9ld\u00e1ul azzal hirdet, hogy n\u00e1luk sincs kolb\u00e1szb\u00f3l a ker\u00edt\u00e9s, nincs b\u00e9rt\u00e1bl\u00e1n","og:url":"https:\/\/allasorias.hu\/hirek\/nagyon-keves-a-pedagogus\/","og:image":"https:\/\/allasorias.hu\/hirek\/wp-content\/uploads\/2022\/08\/modern-classroom-interior-light-tones.jpg","og:image:secure_url":"https:\/\/allasorias.hu\/hirek\/wp-content\/uploads\/2022\/08\/modern-classroom-interior-light-tones.jpg","og:image:width":1920,"og:image:height":1280,"article:published_time":"2022-08-16T08:16:46+00:00","article:modified_time":"2022-08-16T08:16:46+00:00","article:publisher":"https:\/\/www.facebook.com\/allasorias","twitter:card":"summary_large_image","twitter:title":"Nagyon kev\u00e9s a pedag\u00f3gus | AllasOrias.hu | H\u00edrek-lapszemle","twitter:description":"A pedag\u00f3gus szakszervezetek arra figyelmeztettek, hogy ha a korm\u00e1ny nem tesz azonnali b\u00e9remel\u00e9si aj\u00e1nlatot, akkor sztr\u00e1jkba kezdenek. A k\u00f6zeled\u0151 tan\u00e9vkezd\u00e9s miatt m\u00e1r nem csak a k\u00f6zszf\u00e9ra \u00e1ll\u00e1sport\u00e1lj\u00e1n, a k\u00f6z\u00f6ss\u00e9gi m\u00e9di\u00e1ban is pr\u00f3b\u00e1lnak tan\u00e1rt tal\u00e1lni az int\u00e9zm\u00e9nyek, koll\u00e9g\u00e1t a pedag\u00f3gusok. Egy budapesti, I. ker\u00fcleti iskola p\u00e9ld\u00e1ul azzal hirdet, hogy n\u00e1luk sincs kolb\u00e1szb\u00f3l a ker\u00edt\u00e9s, nincs b\u00e9rt\u00e1bl\u00e1n","twitter:image":"https:\/\/allasorias.hu\/hirek\/wp-content\/uploads\/2022\/08\/modern-classroom-interior-light-tones.jpg","twitter:label1":"Written by","twitter:data1":"Juh\u00e1sz P\u00e9ter","twitter:label2":"Est. reading time","twitter:data2":"1 minute"},"aioseo_meta_data":{"post_id":"5733","title":null,"description":null,"keywords":[],"keyphrases":{"focus":{"keyphrase":"","score":0,"analysis":{"keyphraseInTitle":{"score":0,"maxScore":9,"error":1}}},"additional":[]},"primary_term":null,"canonical_url":null,"og_title":null,"og_description":null,"og_object_type":"default","og_image_type":"default","og_image_url":null,"og_image_width":null,"og_image_height":null,"og_image_custom_url":null,"og_image_custom_fields":null,"og_video":"","og_custom_url":null,"og_article_section":null,"og_article_tags":[],"twitter_use_og":false,"twitter_card":"default","twitter_image_type":"default","twitter_image_url":null,"twitter_image_custom_url":null,"twitter_image_custom_fields":null,"twitter_title":null,"twitter_description":null,"schema":{"blockGraphs":[],"customGraphs":[],"default":{"data":{"Article":[],"Course":[],"Dataset":[],"FAQPage":[],"Movie":[],"Person":[],"Product":[],"ProductReview":[],"Car":[],"Recipe":[],"Service":[],"SoftwareApplication":[],"WebPage":[]},"graphName":"","isEnabled":true},"graphs":[],"defaultGraph":"Article","defaultPostTypeGraph":""},"schema_type":"default","schema_type_options":"{\"article\":{\"articleType\":\"BlogPosting\"},\"course\":{\"name\":\"\",\"description\":\"\",\"provider\":\"\"},\"faq\":{\"pages\":[]},\"product\":{\"reviews\":[]},\"recipe\":{\"ingredients\":[],\"instructions\":[],\"keywords\":[]},\"software\":{\"reviews\":[],\"operatingSystems\":[]},\"webPage\":{\"webPageType\":\"WebPage\"}}","pillar_content":false,"robots_default":true,"robots_noindex":false,"robots_noarchive":false,"robots_nosnippet":false,"robots_nofollow":false,"robots_noimageindex":false,"robots_noodp":false,"robots_notranslate":false,"robots_max_snippet":"-1","robots_max_videopreview":"-1","robots_max_imagepreview":"large","priority":null,"frequency":"default","location":null,"local_seo":null,"breadcrumb_settings":null,"limit_modified_date":false,"ai":null,"created":"2022-08-16 08:13:50","updated":"2025-10-02 17:08:54","seo_analyzer_scan_date":null,"focus_keyword":null,"additional_keywords":null,"truseo_locale":null},"aioseo_breadcrumb":"<div class=\"aioseo-breadcrumbs\"><span class=\"aioseo-breadcrumb\">\n\t\t\t<a href=\"https:\/\/allasorias.hu\/hirek\" title=\"Home\">Home<\/a>\n\t\t<\/span><span class=\"aioseo-breadcrumb-separator\">&raquo;<\/span><span class=\"aioseo-breadcrumb\">\n\t\t\t<a href=\"https:\/\/allasorias.hu\/hirek\/temak\/munkaeropiac\/\" title=\"Munkaer\u0151piac\">Munkaer\u0151piac<\/a>\n\t\t<\/span><span class=\"aioseo-breadcrumb-separator\">&raquo;<\/span><span class=\"aioseo-breadcrumb\">\n\t\t\tNagyon kev\u00e9s a pedag\u00f3gus\n\t\t<\/span><\/div>","aioseo_breadcrumb_json":[{"label":"Home","link":"https:\/\/allasorias.hu\/hirek"},{"label":"Munkaer\u0151piac","link":"https:\/\/allasorias.hu\/hirek\/temak\/munkaeropiac\/"},{"label":"Nagyon kev\u00e9s a pedag\u00f3gus","link":"https:\/\/allasorias.hu\/hirek\/nagyon-keves-a-pedagogus\/"}],"_links":{"self":[{"href":"https:\/\/allasorias.hu\/hirek\/wp-json\/wp\/v2\/posts\/5733","targetHints":{"allow":["GET"]}}],"collection":[{"href":"https:\/\/allasorias.hu\/hirek\/wp-json\/wp\/v2\/posts"}],"about":[{"href":"https:\/\/allasorias.hu\/hirek\/wp-json\/wp\/v2\/types\/post"}],"author":[{"embeddable":true,"href":"https:\/\/allasorias.hu\/hirek\/wp-json\/wp\/v2\/users\/1"}],"replies":[{"embeddable":true,"href":"https:\/\/allasorias.hu\/hirek\/wp-json\/wp\/v2\/comments?post=5733"}],"version-history":[{"count":1,"href":"https:\/\/allasorias.hu\/hirek\/wp-json\/wp\/v2\/posts\/5733\/revisions"}],"predecessor-version":[{"id":5735,"href":"https:\/\/allasorias.hu\/hirek\/wp-json\/wp\/v2\/posts\/5733\/revisions\/5735"}],"wp:featuredmedia":[{"embeddable":true,"href":"https:\/\/allasorias.hu\/hirek\/wp-json\/wp\/v2\/media\/5734"}],"wp:attachment":[{"href":"https:\/\/allasorias.hu\/hirek\/wp-json\/wp\/v2\/media?parent=5733"}],"wp:term":[{"taxonomy":"category","embeddable":true,"href":"https:\/\/allasorias.hu\/hirek\/wp-json\/wp\/v2\/categories?post=5733"},{"taxonomy":"post_tag","embeddable":true,"href":"https:\/\/allasorias.hu\/hirek\/wp-json\/wp\/v2\/tags?post=5733"}],"curies":[{"name":"wp","href":"https:\/\/api.w.org\/{rel}","templated":true}]}}