{"id":5724,"date":"2022-08-11T08:24:11","date_gmt":"2022-08-11T08:24:11","guid":{"rendered":"https:\/\/allasorias.hu\/hirek\/?p=5724"},"modified":"2022-08-11T08:24:11","modified_gmt":"2022-08-11T08:24:11","slug":"uj-munkaero-tamogatasi-program-indul","status":"publish","type":"post","link":"https:\/\/allasorias.hu\/hirek\/uj-munkaero-tamogatasi-program-indul\/","title":{"rendered":"\u00daj munkaer\u0151-t\u00e1mogat\u00e1si program indul"},"content":{"rendered":"<p><strong>A V\u00e1llalkoz\u00e1sok region\u00e1lis munkaer\u0151 t\u00e1mogat\u00e1sa programban Budapesten \u00e9s Pest megy\u00e9n k\u00edv\u00fcli c\u00e9gek p\u00e1ly\u00e1zhatnak vissza nem t\u00e9r\u00edtend\u0151 b\u00e9rt\u00e1mogat\u00e1sra az \u00fajonnan felvett, vid\u00e9ken regisztr\u00e1lt alkalmazottjaik ut\u00e1n augusztus 15-t\u0151l. \u00daj munkaer\u0151piaci program indul n\u00e9h\u00e1ny napon bel\u00fcl, amelyben vid\u00e9ki c\u00e9gek k\u00e9rhetnek b\u00e9rk\u00f6lts\u00e9g-t\u00e1mogat\u00e1s az \u00faj alkalmazottjaik ut\u00e1n.<\/strong><\/p>\n<p>A projekt c\u00e9lja, hogy nehezebb foglalkoztat\u00e1si helyzet\u0171ek munk\u00e1ba \u00e1ll\u00e1s\u00e1t seg\u00edtse \u2013 \u00e1ll a Technol\u00f3giai \u00e9s Ipari Miniszt\u00e9rium (TIM)\u00a0 k\u00f6zlem\u00e9ny\u00e9ben. A vid\u00e9ken napokon bel\u00fcl megny\u00edl\u00f3 lehet\u0151s\u00e9g ak\u00e1r t\u00edzezer f\u0151 munk\u00e1ba \u00e1ll\u00e1s\u00e1t seg\u00edtheti. A k\u00f6z\u00e9p-magyarorsz\u00e1gi r\u00e9gi\u00f3ban pedig v\u00e1ltozatlanul fut a V\u00e1llalkoz\u00e1sok munkaer\u0151 t\u00e1mogat\u00e1sa program &#8211; nyilatkozta Kutny\u00e1nszky Zsolt, a TIM ipar\u00e9rt \u00e9s munkaer\u0151piac\u00e9rt felel\u0151s \u00e1llamtitk\u00e1ra. A t\u00e1mogat\u00e1s c\u00e9lcsoportj\u00e1ba tartozik, aki: nem t\u00f6lt\u00f6tte be a 25. \u00e9let\u00e9v\u00e9t,25-30 \u00e9v k\u00f6z\u00f6tti p\u00e1lyakezd\u0151, 50 \u00e9v feletti, legfeljebb alapfok\u00fa iskolai v\u00e9gzetts\u00e9ggel rendelkezik, legal\u00e1bb 6 h\u00f3napja regisztr\u00e1lt \u00e1ll\u00e1skeres\u0151, legfeljebb 30 napja l\u00e9pett ki a k\u00f6zfoglalkoztat\u00e1sb\u00f3l, megv\u00e1ltozott munkak\u00e9pess\u00e9g\u0171, kisgyermeket nevel ,\u00e1pol\u00e1si d\u00edjban r\u00e9szes\u00fcl vagy a felh\u00edv\u00e1sban k\u00e9s\u0151bb felsorolt vid\u00e9ki kistelep\u00fcl\u00e9sek valamelyik\u00e9nek lakosa. A t\u00e1mogat\u00e1s nagys\u00e1ga az alkalmazott ut\u00e1n a foglalkoztat\u00f3t terhel\u0151 brutt\u00f3 b\u00e9r \u00e9s a t\u00e9nylegesen \u00e1tutalt szoci\u00e1lis hozz\u00e1j\u00e1rul\u00e1si ad\u00f3 fele. Ha az \u00faj munkav\u00e1llal\u00f3 t\u00f6bb krit\u00e9riumnak is megfelel a felsoroltakb\u00f3l, a v\u00e1llalkoz\u00e1s a brutt\u00f3 b\u00e9r \u00e9s szocho 75 sz\u00e1zal\u00e9k\u00e1ig ig\u00e9nyelheti a hozz\u00e1z\u00e1rul\u00e1st. Egy szem\u00e9ly ut\u00e1n, napi nyolc \u00f3ra munkaid\u0151 eset\u00e9n legfeljebb havi 150 ezer forint b\u00e9rt\u00e1mogat\u00e1s kaphat\u00f3 maximum hat h\u00f3napon kereszt\u00fcl. Egy\u00e9b r\u00e9szletekr\u0151l augusztus 15-\u00e9t\u0151l a munka.hu oldalon lehet t\u00e1j\u00e9koz\u00f3dni.<\/p>\n<p>Forr\u00e1s: haszon.hu<\/p>\n","protected":false},"excerpt":{"rendered":"<p>A V\u00e1llalkoz\u00e1sok region\u00e1lis munkaer\u0151 t\u00e1mogat\u00e1sa programban Budapesten \u00e9s Pest megy\u00e9n k\u00edv\u00fcli c\u00e9gek p\u00e1ly\u00e1zhatnak vissza nem t\u00e9r\u00edtend\u0151 b\u00e9rt\u00e1mogat\u00e1sra az \u00fajonnan felvett, vid\u00e9ken regisztr\u00e1lt alkalmazottjaik ut\u00e1n augusztus 15-t\u0151l. \u00daj munkaer\u0151piaci program indul n\u00e9h\u00e1ny napon bel\u00fcl, amelyben vid\u00e9ki c\u00e9gek k\u00e9rhetnek b\u00e9rk\u00f6lts\u00e9g-t\u00e1mogat\u00e1s az \u00faj alkalmazottjaik ut\u00e1n. A projekt c\u00e9lja, hogy nehezebb foglalkoztat\u00e1si helyzet\u0171ek munk\u00e1ba \u00e1ll\u00e1s\u00e1t seg\u00edtse \u2013 \u00e1ll a [&hellip;]<\/p>\n","protected":false},"author":1,"featured_media":5196,"comment_status":"open","ping_status":"open","sticky":false,"template":"","format":"standard","meta":{"_monsterinsights_skip_tracking":false,"footnotes":""},"categories":[200],"tags":[],"class_list":["post-5724","post","type-post","status-publish","format-standard","has-post-thumbnail","hentry","category-munkaeropiac"],"aioseo_notices":[],"aioseo_head":"\n\t\t<!-- All in One SEO 5.0.0.1 - aioseo.com -->\n\t<meta name=\"description\" content=\"A V\u00e1llalkoz\u00e1sok region\u00e1lis munkaer\u0151 t\u00e1mogat\u00e1sa programban Budapesten \u00e9s Pest megy\u00e9n k\u00edv\u00fcli c\u00e9gek p\u00e1ly\u00e1zhatnak vissza nem t\u00e9r\u00edtend\u0151 b\u00e9rt\u00e1mogat\u00e1sra az \u00fajonnan felvett, vid\u00e9ken regisztr\u00e1lt alkalmazottjaik ut\u00e1n augusztus 15-t\u0151l. \u00daj munkaer\u0151piaci program indul n\u00e9h\u00e1ny napon bel\u00fcl, amelyben vid\u00e9ki c\u00e9gek k\u00e9rhetnek b\u00e9rk\u00f6lts\u00e9g-t\u00e1mogat\u00e1s az \u00faj alkalmazottjaik ut\u00e1n. A projekt c\u00e9lja, hogy nehezebb foglalkoztat\u00e1si helyzet\u0171ek munk\u00e1ba \u00e1ll\u00e1s\u00e1t seg\u00edtse \u2013 \u00e1ll a\" \/>\n\t<meta name=\"robots\" content=\"max-image-preview:large\" \/>\n\t<meta name=\"author\" content=\"Juh\u00e1sz P\u00e9ter\"\/>\n\t<link rel=\"canonical\" href=\"https:\/\/allasorias.hu\/hirek\/uj-munkaero-tamogatasi-program-indul\/\" \/>\n\t<meta name=\"generator\" content=\"All in One SEO (AIOSEO) 5.0.0.1\" \/>\n\t\t<meta property=\"og:locale\" content=\"hu_HU\" \/>\n\t\t<meta property=\"og:site_name\" content=\"AllasOrias.hu | H\u00edrek-lapszemle | \u00dczleti h\u00edrek az \u00e1ll\u00e1s \u00e9s a munka vil\u00e1g\u00e1b\u00f3l\" \/>\n\t\t<meta property=\"og:type\" content=\"article\" \/>\n\t\t<meta property=\"og:title\" content=\"\u00daj munkaer\u0151-t\u00e1mogat\u00e1si program indul | AllasOrias.hu | H\u00edrek-lapszemle\" \/>\n\t\t<meta property=\"og:description\" content=\"A V\u00e1llalkoz\u00e1sok region\u00e1lis munkaer\u0151 t\u00e1mogat\u00e1sa programban Budapesten \u00e9s Pest megy\u00e9n k\u00edv\u00fcli c\u00e9gek p\u00e1ly\u00e1zhatnak vissza nem t\u00e9r\u00edtend\u0151 b\u00e9rt\u00e1mogat\u00e1sra az \u00fajonnan felvett, vid\u00e9ken regisztr\u00e1lt alkalmazottjaik ut\u00e1n augusztus 15-t\u0151l. \u00daj munkaer\u0151piaci program indul n\u00e9h\u00e1ny napon bel\u00fcl, amelyben vid\u00e9ki c\u00e9gek k\u00e9rhetnek b\u00e9rk\u00f6lts\u00e9g-t\u00e1mogat\u00e1s az \u00faj alkalmazottjaik ut\u00e1n. A projekt c\u00e9lja, hogy nehezebb foglalkoztat\u00e1si helyzet\u0171ek munk\u00e1ba \u00e1ll\u00e1s\u00e1t seg\u00edtse \u2013 \u00e1ll a\" \/>\n\t\t<meta property=\"og:url\" content=\"https:\/\/allasorias.hu\/hirek\/uj-munkaero-tamogatasi-program-indul\/\" \/>\n\t\t<meta property=\"og:image\" content=\"https:\/\/allasorias.hu\/hirek\/wp-content\/uploads\/2021\/11\/businessman-hold-graph-arrow-positive-growth-icon-pointing-creative-business-chart-with-upward-arrows-financial-business-growth-concept-low-polygonal-increased-sales-increased-value.jpg\" \/>\n\t\t<meta property=\"og:image:secure_url\" content=\"https:\/\/allasorias.hu\/hirek\/wp-content\/uploads\/2021\/11\/businessman-hold-graph-arrow-positive-growth-icon-pointing-creative-business-chart-with-upward-arrows-financial-business-growth-concept-low-polygonal-increased-sales-increased-value.jpg\" \/>\n\t\t<meta property=\"og:image:width\" content=\"1920\" \/>\n\t\t<meta property=\"og:image:height\" content=\"1280\" \/>\n\t\t<meta property=\"article:published_time\" content=\"2022-08-11T08:24:11+00:00\" \/>\n\t\t<meta property=\"article:modified_time\" content=\"2022-08-11T08:24:11+00:00\" \/>\n\t\t<meta property=\"article:publisher\" content=\"https:\/\/www.facebook.com\/allasorias\" \/>\n\t\t<meta name=\"twitter:card\" content=\"summary_large_image\" \/>\n\t\t<meta name=\"twitter:title\" content=\"\u00daj munkaer\u0151-t\u00e1mogat\u00e1si program indul | AllasOrias.hu | H\u00edrek-lapszemle\" \/>\n\t\t<meta name=\"twitter:description\" content=\"A V\u00e1llalkoz\u00e1sok region\u00e1lis munkaer\u0151 t\u00e1mogat\u00e1sa programban Budapesten \u00e9s Pest megy\u00e9n k\u00edv\u00fcli c\u00e9gek p\u00e1ly\u00e1zhatnak vissza nem t\u00e9r\u00edtend\u0151 b\u00e9rt\u00e1mogat\u00e1sra az \u00fajonnan felvett, vid\u00e9ken regisztr\u00e1lt alkalmazottjaik ut\u00e1n augusztus 15-t\u0151l. \u00daj munkaer\u0151piaci program indul n\u00e9h\u00e1ny napon bel\u00fcl, amelyben vid\u00e9ki c\u00e9gek k\u00e9rhetnek b\u00e9rk\u00f6lts\u00e9g-t\u00e1mogat\u00e1s az \u00faj alkalmazottjaik ut\u00e1n. A projekt c\u00e9lja, hogy nehezebb foglalkoztat\u00e1si helyzet\u0171ek munk\u00e1ba \u00e1ll\u00e1s\u00e1t seg\u00edtse \u2013 \u00e1ll a\" \/>\n\t\t<meta name=\"twitter:image\" content=\"https:\/\/allasorias.hu\/hirek\/wp-content\/uploads\/2021\/11\/businessman-hold-graph-arrow-positive-growth-icon-pointing-creative-business-chart-with-upward-arrows-financial-business-growth-concept-low-polygonal-increased-sales-increased-value.jpg\" \/>\n\t\t<meta name=\"twitter:label1\" content=\"Written by\" \/>\n\t\t<meta name=\"twitter:data1\" content=\"Juh\u00e1sz P\u00e9ter\" \/>\n\t\t<meta name=\"twitter:label2\" content=\"Est. reading time\" \/>\n\t\t<meta name=\"twitter:data2\" content=\"2 minutes\" \/>\n\t\t<script type=\"application\/ld+json\" class=\"aioseo-schema\">\n\t\t\t{\"@context\":\"https:\\\/\\\/schema.org\",\"@graph\":[{\"@type\":\"Article\",\"@id\":\"https:\\\/\\\/allasorias.hu\\\/hirek\\\/uj-munkaero-tamogatasi-program-indul\\\/#article\",\"name\":\"\\u00daj munkaer\\u0151-t\\u00e1mogat\\u00e1si program indul | AllasOrias.hu | H\\u00edrek-lapszemle\",\"headline\":\"\\u00daj munkaer\\u0151-t\\u00e1mogat\\u00e1si program indul\",\"author\":{\"@id\":\"https:\\\/\\\/allasorias.hu\\\/hirek\\\/author\\\/admin-allasorias\\\/#author\"},\"publisher\":{\"@id\":\"https:\\\/\\\/allasorias.hu\\\/hirek\\\/#organization\"},\"image\":{\"@type\":\"ImageObject\",\"url\":\"https:\\\/\\\/allasorias.hu\\\/hirek\\\/wp-content\\\/uploads\\\/2021\\\/11\\\/businessman-hold-graph-arrow-positive-growth-icon-pointing-creative-business-chart-with-upward-arrows-financial-business-growth-concept-low-polygonal-increased-sales-increased-value.jpg\",\"width\":1920,\"height\":1280,\"caption\":\"Businessman hold graph, arrow of positive growth icon.pointing at creative business chart with upward arrows.Financial, business growth concept.Low polygonal.increased sales, or increased value.\"},\"datePublished\":\"2022-08-11T08:24:11+02:00\",\"dateModified\":\"2022-08-11T08:24:11+02:00\",\"inLanguage\":\"hu-HU\",\"mainEntityOfPage\":{\"@id\":\"https:\\\/\\\/allasorias.hu\\\/hirek\\\/uj-munkaero-tamogatasi-program-indul\\\/#webpage\"},\"isPartOf\":{\"@id\":\"https:\\\/\\\/allasorias.hu\\\/hirek\\\/uj-munkaero-tamogatasi-program-indul\\\/#webpage\"},\"articleSection\":\"Munkaer\\u0151piac\"},{\"@type\":\"BreadcrumbList\",\"@id\":\"https:\\\/\\\/allasorias.hu\\\/hirek\\\/uj-munkaero-tamogatasi-program-indul\\\/#breadcrumblist\",\"itemListElement\":[{\"@type\":\"ListItem\",\"@id\":\"https:\\\/\\\/allasorias.hu\\\/hirek#listItem\",\"position\":1,\"name\":\"Home\",\"item\":\"https:\\\/\\\/allasorias.hu\\\/hirek\",\"nextItem\":{\"@type\":\"ListItem\",\"@id\":\"https:\\\/\\\/allasorias.hu\\\/hirek\\\/temak\\\/munkaeropiac\\\/#listItem\",\"name\":\"Munkaer\\u0151piac\"}},{\"@type\":\"ListItem\",\"@id\":\"https:\\\/\\\/allasorias.hu\\\/hirek\\\/temak\\\/munkaeropiac\\\/#listItem\",\"position\":2,\"name\":\"Munkaer\\u0151piac\",\"item\":\"https:\\\/\\\/allasorias.hu\\\/hirek\\\/temak\\\/munkaeropiac\\\/\",\"nextItem\":{\"@type\":\"ListItem\",\"@id\":\"https:\\\/\\\/allasorias.hu\\\/hirek\\\/uj-munkaero-tamogatasi-program-indul\\\/#listItem\",\"name\":\"\\u00daj munkaer\\u0151-t\\u00e1mogat\\u00e1si program indul\"},\"previousItem\":{\"@type\":\"ListItem\",\"@id\":\"https:\\\/\\\/allasorias.hu\\\/hirek#listItem\",\"name\":\"Home\"}},{\"@type\":\"ListItem\",\"@id\":\"https:\\\/\\\/allasorias.hu\\\/hirek\\\/uj-munkaero-tamogatasi-program-indul\\\/#listItem\",\"position\":3,\"name\":\"\\u00daj munkaer\\u0151-t\\u00e1mogat\\u00e1si program indul\",\"previousItem\":{\"@type\":\"ListItem\",\"@id\":\"https:\\\/\\\/allasorias.hu\\\/hirek\\\/temak\\\/munkaeropiac\\\/#listItem\",\"name\":\"Munkaer\\u0151piac\"}}]},{\"@type\":\"Organization\",\"@id\":\"https:\\\/\\\/allasorias.hu\\\/hirek\\\/#organization\",\"name\":\"AllasOrias.hu | H\\u00edrek-lapszemle\",\"description\":\"\\u00dczleti h\\u00edrek az \\u00e1ll\\u00e1s \\u00e9s a munka vil\\u00e1g\\u00e1b\\u00f3l\",\"url\":\"https:\\\/\\\/allasorias.hu\\\/hirek\\\/\",\"logo\":{\"@type\":\"ImageObject\",\"url\":\"https:\\\/\\\/allasorias.hu\\\/hirek\\\/wp-content\\\/uploads\\\/2022\\\/10\\\/allasorias_site_facebok_logo.png\",\"@id\":\"https:\\\/\\\/allasorias.hu\\\/hirek\\\/uj-munkaero-tamogatasi-program-indul\\\/#organizationLogo\"},\"image\":{\"@id\":\"https:\\\/\\\/allasorias.hu\\\/hirek\\\/uj-munkaero-tamogatasi-program-indul\\\/#organizationLogo\"},\"sameAs\":[\"https:\\\/\\\/www.facebook.com\\\/allasorias\",\"https:\\\/\\\/www.linkedin.com\\\/company\\\/allasorias\"]},{\"@type\":\"Person\",\"@id\":\"https:\\\/\\\/allasorias.hu\\\/hirek\\\/author\\\/admin-allasorias\\\/#author\",\"url\":\"https:\\\/\\\/allasorias.hu\\\/hirek\\\/author\\\/admin-allasorias\\\/\",\"name\":\"Juh\\u00e1sz P\\u00e9ter\",\"image\":{\"@type\":\"ImageObject\",\"@id\":\"https:\\\/\\\/allasorias.hu\\\/hirek\\\/uj-munkaero-tamogatasi-program-indul\\\/#authorImage\",\"url\":\"https:\\\/\\\/secure.gravatar.com\\\/avatar\\\/36e6bcb83148978b992977cb0f54d22feb0cce8a0a849a9410532bb2623ba4c6?s=96&d=mm&r=g\",\"width\":96,\"height\":96,\"caption\":\"Juh\\u00e1sz P\\u00e9ter\"}},{\"@type\":\"WebPage\",\"@id\":\"https:\\\/\\\/allasorias.hu\\\/hirek\\\/uj-munkaero-tamogatasi-program-indul\\\/#webpage\",\"url\":\"https:\\\/\\\/allasorias.hu\\\/hirek\\\/uj-munkaero-tamogatasi-program-indul\\\/\",\"name\":\"\\u00daj munkaer\\u0151-t\\u00e1mogat\\u00e1si program indul | AllasOrias.hu | H\\u00edrek-lapszemle\",\"description\":\"A V\\u00e1llalkoz\\u00e1sok region\\u00e1lis munkaer\\u0151 t\\u00e1mogat\\u00e1sa programban Budapesten \\u00e9s Pest megy\\u00e9n k\\u00edv\\u00fcli c\\u00e9gek p\\u00e1ly\\u00e1zhatnak vissza nem t\\u00e9r\\u00edtend\\u0151 b\\u00e9rt\\u00e1mogat\\u00e1sra az \\u00fajonnan felvett, vid\\u00e9ken regisztr\\u00e1lt alkalmazottjaik ut\\u00e1n augusztus 15-t\\u0151l. \\u00daj munkaer\\u0151piaci program indul n\\u00e9h\\u00e1ny napon bel\\u00fcl, amelyben vid\\u00e9ki c\\u00e9gek k\\u00e9rhetnek b\\u00e9rk\\u00f6lts\\u00e9g-t\\u00e1mogat\\u00e1s az \\u00faj alkalmazottjaik ut\\u00e1n. A projekt c\\u00e9lja, hogy nehezebb foglalkoztat\\u00e1si helyzet\\u0171ek munk\\u00e1ba \\u00e1ll\\u00e1s\\u00e1t seg\\u00edtse \\u2013 \\u00e1ll a\",\"inLanguage\":\"hu-HU\",\"isPartOf\":{\"@id\":\"https:\\\/\\\/allasorias.hu\\\/hirek\\\/#website\"},\"breadcrumb\":{\"@id\":\"https:\\\/\\\/allasorias.hu\\\/hirek\\\/uj-munkaero-tamogatasi-program-indul\\\/#breadcrumblist\"},\"author\":{\"@id\":\"https:\\\/\\\/allasorias.hu\\\/hirek\\\/author\\\/admin-allasorias\\\/#author\"},\"creator\":{\"@id\":\"https:\\\/\\\/allasorias.hu\\\/hirek\\\/author\\\/admin-allasorias\\\/#author\"},\"image\":{\"@type\":\"ImageObject\",\"url\":\"https:\\\/\\\/allasorias.hu\\\/hirek\\\/wp-content\\\/uploads\\\/2021\\\/11\\\/businessman-hold-graph-arrow-positive-growth-icon-pointing-creative-business-chart-with-upward-arrows-financial-business-growth-concept-low-polygonal-increased-sales-increased-value.jpg\",\"@id\":\"https:\\\/\\\/allasorias.hu\\\/hirek\\\/uj-munkaero-tamogatasi-program-indul\\\/#mainImage\",\"width\":1920,\"height\":1280,\"caption\":\"Businessman hold graph, arrow of positive growth icon.pointing at creative business chart with upward arrows.Financial, business growth concept.Low polygonal.increased sales, or increased value.\"},\"primaryImageOfPage\":{\"@id\":\"https:\\\/\\\/allasorias.hu\\\/hirek\\\/uj-munkaero-tamogatasi-program-indul\\\/#mainImage\"},\"datePublished\":\"2022-08-11T08:24:11+02:00\",\"dateModified\":\"2022-08-11T08:24:11+02:00\"},{\"@type\":\"WebSite\",\"@id\":\"https:\\\/\\\/allasorias.hu\\\/hirek\\\/#website\",\"url\":\"https:\\\/\\\/allasorias.hu\\\/hirek\\\/\",\"name\":\"AllasOrias.hu | H\\u00edrek-lapszemle\",\"description\":\"\\u00dczleti h\\u00edrek az \\u00e1ll\\u00e1s \\u00e9s a munka vil\\u00e1g\\u00e1b\\u00f3l\",\"inLanguage\":\"hu-HU\",\"publisher\":{\"@id\":\"https:\\\/\\\/allasorias.hu\\\/hirek\\\/#organization\"}}]}\n\t\t<\/script>\n\t\t<!-- All in One SEO -->\n\n","aioseo_head_json":{"title":"\u00daj munkaer\u0151-t\u00e1mogat\u00e1si program indul | AllasOrias.hu | H\u00edrek-lapszemle","description":"A V\u00e1llalkoz\u00e1sok region\u00e1lis munkaer\u0151 t\u00e1mogat\u00e1sa programban Budapesten \u00e9s Pest megy\u00e9n k\u00edv\u00fcli c\u00e9gek p\u00e1ly\u00e1zhatnak vissza nem t\u00e9r\u00edtend\u0151 b\u00e9rt\u00e1mogat\u00e1sra az \u00fajonnan felvett, vid\u00e9ken regisztr\u00e1lt alkalmazottjaik ut\u00e1n augusztus 15-t\u0151l. \u00daj munkaer\u0151piaci program indul n\u00e9h\u00e1ny napon bel\u00fcl, amelyben vid\u00e9ki c\u00e9gek k\u00e9rhetnek b\u00e9rk\u00f6lts\u00e9g-t\u00e1mogat\u00e1s az \u00faj alkalmazottjaik ut\u00e1n. A projekt c\u00e9lja, hogy nehezebb foglalkoztat\u00e1si helyzet\u0171ek munk\u00e1ba \u00e1ll\u00e1s\u00e1t seg\u00edtse \u2013 \u00e1ll a","canonical_url":"https:\/\/allasorias.hu\/hirek\/uj-munkaero-tamogatasi-program-indul\/","robots":"max-image-preview:large","keywords":"","webmasterTools":{"miscellaneous":""},"schema":{"@context":"https:\/\/schema.org","@graph":[{"@type":"Article","@id":"https:\/\/allasorias.hu\/hirek\/uj-munkaero-tamogatasi-program-indul\/#article","name":"\u00daj munkaer\u0151-t\u00e1mogat\u00e1si program indul | AllasOrias.hu | H\u00edrek-lapszemle","headline":"\u00daj munkaer\u0151-t\u00e1mogat\u00e1si program indul","author":{"@id":"https:\/\/allasorias.hu\/hirek\/author\/admin-allasorias\/#author"},"publisher":{"@id":"https:\/\/allasorias.hu\/hirek\/#organization"},"image":{"@type":"ImageObject","url":"https:\/\/allasorias.hu\/hirek\/wp-content\/uploads\/2021\/11\/businessman-hold-graph-arrow-positive-growth-icon-pointing-creative-business-chart-with-upward-arrows-financial-business-growth-concept-low-polygonal-increased-sales-increased-value.jpg","width":1920,"height":1280,"caption":"Businessman hold graph, arrow of positive growth icon.pointing at creative business chart with upward arrows.Financial, business growth concept.Low polygonal.increased sales, or increased value."},"datePublished":"2022-08-11T08:24:11+02:00","dateModified":"2022-08-11T08:24:11+02:00","inLanguage":"hu-HU","mainEntityOfPage":{"@id":"https:\/\/allasorias.hu\/hirek\/uj-munkaero-tamogatasi-program-indul\/#webpage"},"isPartOf":{"@id":"https:\/\/allasorias.hu\/hirek\/uj-munkaero-tamogatasi-program-indul\/#webpage"},"articleSection":"Munkaer\u0151piac"},{"@type":"BreadcrumbList","@id":"https:\/\/allasorias.hu\/hirek\/uj-munkaero-tamogatasi-program-indul\/#breadcrumblist","itemListElement":[{"@type":"ListItem","@id":"https:\/\/allasorias.hu\/hirek#listItem","position":1,"name":"Home","item":"https:\/\/allasorias.hu\/hirek","nextItem":{"@type":"ListItem","@id":"https:\/\/allasorias.hu\/hirek\/temak\/munkaeropiac\/#listItem","name":"Munkaer\u0151piac"}},{"@type":"ListItem","@id":"https:\/\/allasorias.hu\/hirek\/temak\/munkaeropiac\/#listItem","position":2,"name":"Munkaer\u0151piac","item":"https:\/\/allasorias.hu\/hirek\/temak\/munkaeropiac\/","nextItem":{"@type":"ListItem","@id":"https:\/\/allasorias.hu\/hirek\/uj-munkaero-tamogatasi-program-indul\/#listItem","name":"\u00daj munkaer\u0151-t\u00e1mogat\u00e1si program indul"},"previousItem":{"@type":"ListItem","@id":"https:\/\/allasorias.hu\/hirek#listItem","name":"Home"}},{"@type":"ListItem","@id":"https:\/\/allasorias.hu\/hirek\/uj-munkaero-tamogatasi-program-indul\/#listItem","position":3,"name":"\u00daj munkaer\u0151-t\u00e1mogat\u00e1si program indul","previousItem":{"@type":"ListItem","@id":"https:\/\/allasorias.hu\/hirek\/temak\/munkaeropiac\/#listItem","name":"Munkaer\u0151piac"}}]},{"@type":"Organization","@id":"https:\/\/allasorias.hu\/hirek\/#organization","name":"AllasOrias.hu | H\u00edrek-lapszemle","description":"\u00dczleti h\u00edrek az \u00e1ll\u00e1s \u00e9s a munka vil\u00e1g\u00e1b\u00f3l","url":"https:\/\/allasorias.hu\/hirek\/","logo":{"@type":"ImageObject","url":"https:\/\/allasorias.hu\/hirek\/wp-content\/uploads\/2022\/10\/allasorias_site_facebok_logo.png","@id":"https:\/\/allasorias.hu\/hirek\/uj-munkaero-tamogatasi-program-indul\/#organizationLogo"},"image":{"@id":"https:\/\/allasorias.hu\/hirek\/uj-munkaero-tamogatasi-program-indul\/#organizationLogo"},"sameAs":["https:\/\/www.facebook.com\/allasorias","https:\/\/www.linkedin.com\/company\/allasorias"]},{"@type":"Person","@id":"https:\/\/allasorias.hu\/hirek\/author\/admin-allasorias\/#author","url":"https:\/\/allasorias.hu\/hirek\/author\/admin-allasorias\/","name":"Juh\u00e1sz P\u00e9ter","image":{"@type":"ImageObject","@id":"https:\/\/allasorias.hu\/hirek\/uj-munkaero-tamogatasi-program-indul\/#authorImage","url":"https:\/\/secure.gravatar.com\/avatar\/36e6bcb83148978b992977cb0f54d22feb0cce8a0a849a9410532bb2623ba4c6?s=96&d=mm&r=g","width":96,"height":96,"caption":"Juh\u00e1sz P\u00e9ter"}},{"@type":"WebPage","@id":"https:\/\/allasorias.hu\/hirek\/uj-munkaero-tamogatasi-program-indul\/#webpage","url":"https:\/\/allasorias.hu\/hirek\/uj-munkaero-tamogatasi-program-indul\/","name":"\u00daj munkaer\u0151-t\u00e1mogat\u00e1si program indul | AllasOrias.hu | H\u00edrek-lapszemle","description":"A V\u00e1llalkoz\u00e1sok region\u00e1lis munkaer\u0151 t\u00e1mogat\u00e1sa programban Budapesten \u00e9s Pest megy\u00e9n k\u00edv\u00fcli c\u00e9gek p\u00e1ly\u00e1zhatnak vissza nem t\u00e9r\u00edtend\u0151 b\u00e9rt\u00e1mogat\u00e1sra az \u00fajonnan felvett, vid\u00e9ken regisztr\u00e1lt alkalmazottjaik ut\u00e1n augusztus 15-t\u0151l. \u00daj munkaer\u0151piaci program indul n\u00e9h\u00e1ny napon bel\u00fcl, amelyben vid\u00e9ki c\u00e9gek k\u00e9rhetnek b\u00e9rk\u00f6lts\u00e9g-t\u00e1mogat\u00e1s az \u00faj alkalmazottjaik ut\u00e1n. A projekt c\u00e9lja, hogy nehezebb foglalkoztat\u00e1si helyzet\u0171ek munk\u00e1ba \u00e1ll\u00e1s\u00e1t seg\u00edtse \u2013 \u00e1ll a","inLanguage":"hu-HU","isPartOf":{"@id":"https:\/\/allasorias.hu\/hirek\/#website"},"breadcrumb":{"@id":"https:\/\/allasorias.hu\/hirek\/uj-munkaero-tamogatasi-program-indul\/#breadcrumblist"},"author":{"@id":"https:\/\/allasorias.hu\/hirek\/author\/admin-allasorias\/#author"},"creator":{"@id":"https:\/\/allasorias.hu\/hirek\/author\/admin-allasorias\/#author"},"image":{"@type":"ImageObject","url":"https:\/\/allasorias.hu\/hirek\/wp-content\/uploads\/2021\/11\/businessman-hold-graph-arrow-positive-growth-icon-pointing-creative-business-chart-with-upward-arrows-financial-business-growth-concept-low-polygonal-increased-sales-increased-value.jpg","@id":"https:\/\/allasorias.hu\/hirek\/uj-munkaero-tamogatasi-program-indul\/#mainImage","width":1920,"height":1280,"caption":"Businessman hold graph, arrow of positive growth icon.pointing at creative business chart with upward arrows.Financial, business growth concept.Low polygonal.increased sales, or increased value."},"primaryImageOfPage":{"@id":"https:\/\/allasorias.hu\/hirek\/uj-munkaero-tamogatasi-program-indul\/#mainImage"},"datePublished":"2022-08-11T08:24:11+02:00","dateModified":"2022-08-11T08:24:11+02:00"},{"@type":"WebSite","@id":"https:\/\/allasorias.hu\/hirek\/#website","url":"https:\/\/allasorias.hu\/hirek\/","name":"AllasOrias.hu | H\u00edrek-lapszemle","description":"\u00dczleti h\u00edrek az \u00e1ll\u00e1s \u00e9s a munka vil\u00e1g\u00e1b\u00f3l","inLanguage":"hu-HU","publisher":{"@id":"https:\/\/allasorias.hu\/hirek\/#organization"}}]},"og:locale":"hu_HU","og:site_name":"AllasOrias.hu | H\u00edrek-lapszemle | \u00dczleti h\u00edrek az \u00e1ll\u00e1s \u00e9s a munka vil\u00e1g\u00e1b\u00f3l","og:type":"article","og:title":"\u00daj munkaer\u0151-t\u00e1mogat\u00e1si program indul | AllasOrias.hu | H\u00edrek-lapszemle","og:description":"A V\u00e1llalkoz\u00e1sok region\u00e1lis munkaer\u0151 t\u00e1mogat\u00e1sa programban Budapesten \u00e9s Pest megy\u00e9n k\u00edv\u00fcli c\u00e9gek p\u00e1ly\u00e1zhatnak vissza nem t\u00e9r\u00edtend\u0151 b\u00e9rt\u00e1mogat\u00e1sra az \u00fajonnan felvett, vid\u00e9ken regisztr\u00e1lt alkalmazottjaik ut\u00e1n augusztus 15-t\u0151l. \u00daj munkaer\u0151piaci program indul n\u00e9h\u00e1ny napon bel\u00fcl, amelyben vid\u00e9ki c\u00e9gek k\u00e9rhetnek b\u00e9rk\u00f6lts\u00e9g-t\u00e1mogat\u00e1s az \u00faj alkalmazottjaik ut\u00e1n. A projekt c\u00e9lja, hogy nehezebb foglalkoztat\u00e1si helyzet\u0171ek munk\u00e1ba \u00e1ll\u00e1s\u00e1t seg\u00edtse \u2013 \u00e1ll a","og:url":"https:\/\/allasorias.hu\/hirek\/uj-munkaero-tamogatasi-program-indul\/","og:image":"https:\/\/allasorias.hu\/hirek\/wp-content\/uploads\/2021\/11\/businessman-hold-graph-arrow-positive-growth-icon-pointing-creative-business-chart-with-upward-arrows-financial-business-growth-concept-low-polygonal-increased-sales-increased-value.jpg","og:image:secure_url":"https:\/\/allasorias.hu\/hirek\/wp-content\/uploads\/2021\/11\/businessman-hold-graph-arrow-positive-growth-icon-pointing-creative-business-chart-with-upward-arrows-financial-business-growth-concept-low-polygonal-increased-sales-increased-value.jpg","og:image:width":1920,"og:image:height":1280,"article:published_time":"2022-08-11T08:24:11+00:00","article:modified_time":"2022-08-11T08:24:11+00:00","article:publisher":"https:\/\/www.facebook.com\/allasorias","twitter:card":"summary_large_image","twitter:title":"\u00daj munkaer\u0151-t\u00e1mogat\u00e1si program indul | AllasOrias.hu | H\u00edrek-lapszemle","twitter:description":"A V\u00e1llalkoz\u00e1sok region\u00e1lis munkaer\u0151 t\u00e1mogat\u00e1sa programban Budapesten \u00e9s Pest megy\u00e9n k\u00edv\u00fcli c\u00e9gek p\u00e1ly\u00e1zhatnak vissza nem t\u00e9r\u00edtend\u0151 b\u00e9rt\u00e1mogat\u00e1sra az \u00fajonnan felvett, vid\u00e9ken regisztr\u00e1lt alkalmazottjaik ut\u00e1n augusztus 15-t\u0151l. \u00daj munkaer\u0151piaci program indul n\u00e9h\u00e1ny napon bel\u00fcl, amelyben vid\u00e9ki c\u00e9gek k\u00e9rhetnek b\u00e9rk\u00f6lts\u00e9g-t\u00e1mogat\u00e1s az \u00faj alkalmazottjaik ut\u00e1n. A projekt c\u00e9lja, hogy nehezebb foglalkoztat\u00e1si helyzet\u0171ek munk\u00e1ba \u00e1ll\u00e1s\u00e1t seg\u00edtse \u2013 \u00e1ll a","twitter:image":"https:\/\/allasorias.hu\/hirek\/wp-content\/uploads\/2021\/11\/businessman-hold-graph-arrow-positive-growth-icon-pointing-creative-business-chart-with-upward-arrows-financial-business-growth-concept-low-polygonal-increased-sales-increased-value.jpg","twitter:label1":"Written by","twitter:data1":"Juh\u00e1sz P\u00e9ter","twitter:label2":"Est. reading time","twitter:data2":"2 minutes"},"aioseo_meta_data":{"post_id":"5724","title":null,"description":null,"keywords":[],"keyphrases":{"focus":{"keyphrase":"","score":0,"analysis":{"keyphraseInTitle":{"score":0,"maxScore":9,"error":1}}},"additional":[]},"primary_term":null,"canonical_url":null,"og_title":null,"og_description":null,"og_object_type":"default","og_image_type":"default","og_image_url":null,"og_image_width":null,"og_image_height":null,"og_image_custom_url":null,"og_image_custom_fields":null,"og_video":"","og_custom_url":null,"og_article_section":null,"og_article_tags":[],"twitter_use_og":false,"twitter_card":"default","twitter_image_type":"default","twitter_image_url":null,"twitter_image_custom_url":null,"twitter_image_custom_fields":null,"twitter_title":null,"twitter_description":null,"schema":{"blockGraphs":[],"customGraphs":[],"default":{"data":{"Article":[],"Course":[],"Dataset":[],"FAQPage":[],"Movie":[],"Person":[],"Product":[],"ProductReview":[],"Car":[],"Recipe":[],"Service":[],"SoftwareApplication":[],"WebPage":[]},"graphName":"","isEnabled":true},"graphs":[]},"schema_type":"default","schema_type_options":"{\"article\":{\"articleType\":\"BlogPosting\"},\"course\":{\"name\":\"\",\"description\":\"\",\"provider\":\"\"},\"faq\":{\"pages\":[]},\"product\":{\"reviews\":[]},\"recipe\":{\"ingredients\":[],\"instructions\":[],\"keywords\":[]},\"software\":{\"reviews\":[],\"operatingSystems\":[]},\"webPage\":{\"webPageType\":\"WebPage\"}}","pillar_content":false,"robots_default":true,"robots_noindex":false,"robots_noarchive":false,"robots_nosnippet":false,"robots_nofollow":false,"robots_noimageindex":false,"robots_noodp":false,"robots_notranslate":false,"robots_max_snippet":"-1","robots_max_videopreview":"-1","robots_max_imagepreview":"large","priority":null,"frequency":"default","location":null,"local_seo":null,"breadcrumb_settings":null,"limit_modified_date":false,"ai":null,"created":"2022-08-11 08:11:24","updated":"2025-10-02 17:07:08","seo_analyzer_scan_date":null,"focus_keyword":null,"additional_keywords":null,"truseo_locale":null},"aioseo_breadcrumb":"<div class=\"aioseo-breadcrumbs\"><span class=\"aioseo-breadcrumb\">\n\t\t\t<a href=\"https:\/\/allasorias.hu\/hirek\" title=\"Home\">Home<\/a>\n\t\t<\/span><span class=\"aioseo-breadcrumb-separator\">&raquo;<\/span><span class=\"aioseo-breadcrumb\">\n\t\t\t<a href=\"https:\/\/allasorias.hu\/hirek\/temak\/munkaeropiac\/\" title=\"Munkaer\u0151piac\">Munkaer\u0151piac<\/a>\n\t\t<\/span><span class=\"aioseo-breadcrumb-separator\">&raquo;<\/span><span class=\"aioseo-breadcrumb\">\n\t\t\t\u00daj munkaer\u0151-t\u00e1mogat\u00e1si program indul\n\t\t<\/span><\/div>","aioseo_breadcrumb_json":[{"label":"Home","link":"https:\/\/allasorias.hu\/hirek"},{"label":"Munkaer\u0151piac","link":"https:\/\/allasorias.hu\/hirek\/temak\/munkaeropiac\/"},{"label":"\u00daj munkaer\u0151-t\u00e1mogat\u00e1si program indul","link":"https:\/\/allasorias.hu\/hirek\/uj-munkaero-tamogatasi-program-indul\/"}],"_links":{"self":[{"href":"https:\/\/allasorias.hu\/hirek\/wp-json\/wp\/v2\/posts\/5724","targetHints":{"allow":["GET"]}}],"collection":[{"href":"https:\/\/allasorias.hu\/hirek\/wp-json\/wp\/v2\/posts"}],"about":[{"href":"https:\/\/allasorias.hu\/hirek\/wp-json\/wp\/v2\/types\/post"}],"author":[{"embeddable":true,"href":"https:\/\/allasorias.hu\/hirek\/wp-json\/wp\/v2\/users\/1"}],"replies":[{"embeddable":true,"href":"https:\/\/allasorias.hu\/hirek\/wp-json\/wp\/v2\/comments?post=5724"}],"version-history":[{"count":1,"href":"https:\/\/allasorias.hu\/hirek\/wp-json\/wp\/v2\/posts\/5724\/revisions"}],"predecessor-version":[{"id":5725,"href":"https:\/\/allasorias.hu\/hirek\/wp-json\/wp\/v2\/posts\/5724\/revisions\/5725"}],"wp:featuredmedia":[{"embeddable":true,"href":"https:\/\/allasorias.hu\/hirek\/wp-json\/wp\/v2\/media\/5196"}],"wp:attachment":[{"href":"https:\/\/allasorias.hu\/hirek\/wp-json\/wp\/v2\/media?parent=5724"}],"wp:term":[{"taxonomy":"category","embeddable":true,"href":"https:\/\/allasorias.hu\/hirek\/wp-json\/wp\/v2\/categories?post=5724"},{"taxonomy":"post_tag","embeddable":true,"href":"https:\/\/allasorias.hu\/hirek\/wp-json\/wp\/v2\/tags?post=5724"}],"curies":[{"name":"wp","href":"https:\/\/api.w.org\/{rel}","templated":true}]}}