{"id":5722,"date":"2022-08-10T06:42:17","date_gmt":"2022-08-10T06:42:17","guid":{"rendered":"https:\/\/allasorias.hu\/hirek\/?p=5722"},"modified":"2022-08-10T06:42:17","modified_gmt":"2022-08-10T06:42:17","slug":"johetnek-a-vendegmunkasok-magyarorszagra","status":"publish","type":"post","link":"https:\/\/allasorias.hu\/hirek\/johetnek-a-vendegmunkasok-magyarorszagra\/","title":{"rendered":"J\u00f6hetnek a vend\u00e9gmunk\u00e1sok Magyarorsz\u00e1gra"},"content":{"rendered":"<p><strong>Kilenc uni\u00f3n k\u00edv\u00fcli orsz\u00e1g munkav\u00e1llal\u00f3inak magyarorsz\u00e1gi munkav\u00e1llal\u00e1s\u00e1n k\u00f6nny\u00edtett tavaly szeptembert\u0151l a korm\u00e1ny t\u00f6bbek k\u00f6z\u00f6tt a Mong\u00f3li\u00e1b\u00f3l \u00e9s a F\u00fcl\u00f6p-szigetekr\u0151l \u00e9rkez\u0151k\u00e9n. Imm\u00e1r 17 uni\u00f3n k\u00edv\u00fcli orsz\u00e1g \u00e1llampolg\u00e1rai kezdhetnek dolgozni a magyar munkaer\u0151piacon ak\u00e1r 8-10 h\u00e9t alatt, k\u00f6zt\u00fck oroszok, kolumbiaiak, brazilok is.<\/strong><\/p>\n<p>Jelenleg pedig m\u00e1r &#8211; a Magyar K\u00f6zl\u00f6nyben frissen megjelent int\u00e9zked\u00e9sek tan\u00fas\u00e1ga szerint &#8211; \u00f6sszesen 17 uni\u00f3n k\u00edv\u00fcli orsz\u00e1gb\u00f3l v\u00e1rnak vend\u00e9gmunk\u00e1sokat: t\u00f6bbek k\u00f6z\u00f6tt a brazilok, a kolumbiaiak \u00e9s az oroszok magyarorsz\u00e1gi foglalkoztat\u00e1s\u00e1t k\u00f6nny\u00edtett\u00e9k meg, miut\u00e1n az els\u0151 negyed\u00e9vben majdnem rekordot d\u00f6nt\u00f6tt, 87 ezerre duzzadt a bet\u00f6ltetlen \u00e1ll\u00e1sok sz\u00e1ma a K\u00f6zponti Statisztikai Hivatal (KSH) adatai szerint. Ez a sz\u00e1m 39 %-kal magasabb, mint egy \u00e9vvel kor\u00e1bban. Az egyszer\u0171s\u00edtett munkav\u00e1llal\u00e1si proced\u00fara 8-10 h\u00e9t alatt fut le, ami jelent\u0151sen r\u00f6videbb, mint a norm\u00e1l, ak\u00e1r 6 h\u00f3napig tart\u00f3 folyamat &#8211; mondta el az RTL Klubnak G\u00f6ltl Viktor, a WHC csoport \u00fcgyvzet\u0151je. A munk\u00e1ltat\u00f3k, akik szerint a keresleten egyel\u0151re egy\u00e1ltal\u00e1n nem l\u00e1tszik a gazdas\u00e1gi visszaes\u00e9s vagy a h\u00e1bor\u00fa hat\u00e1sa, n\u00e9h\u00e1ny t\u00edzezer k\u00fclf\u00f6ldi dolgoz\u00f3t rem\u00e9lnek a friss d\u00f6nt\u00e9st\u0151l, \u00e9s azt rem\u00e9lik, \u00e1tmenetileg enyh\u00fclhet a munkaer\u0151hi\u00e1ny. A harmadik orsz\u00e1gokb\u00f3l \u00e9rkez\u0151k foglalkoztat\u00e1s\u00e1nak korl\u00e1tair\u00f3l ebben az \u00f6ssze\u00e1ll\u00edt\u00e1sunkban \u00edrtunk.<\/p>\n<p>Forr\u00e1s: \u00a0hrportal.hu<\/p>\n","protected":false},"excerpt":{"rendered":"<p>Kilenc uni\u00f3n k\u00edv\u00fcli orsz\u00e1g munkav\u00e1llal\u00f3inak magyarorsz\u00e1gi munkav\u00e1llal\u00e1s\u00e1n k\u00f6nny\u00edtett tavaly szeptembert\u0151l a korm\u00e1ny t\u00f6bbek k\u00f6z\u00f6tt a Mong\u00f3li\u00e1b\u00f3l \u00e9s a F\u00fcl\u00f6p-szigetekr\u0151l \u00e9rkez\u0151k\u00e9n. Imm\u00e1r 17 uni\u00f3n k\u00edv\u00fcli orsz\u00e1g \u00e1llampolg\u00e1rai kezdhetnek dolgozni a magyar munkaer\u0151piacon ak\u00e1r 8-10 h\u00e9t alatt, k\u00f6zt\u00fck oroszok, kolumbiaiak, brazilok is. Jelenleg pedig m\u00e1r &#8211; a Magyar K\u00f6zl\u00f6nyben frissen megjelent int\u00e9zked\u00e9sek tan\u00fas\u00e1ga szerint &#8211; \u00f6sszesen 17 [&hellip;]<\/p>\n","protected":false},"author":1,"featured_media":4771,"comment_status":"open","ping_status":"open","sticky":false,"template":"","format":"standard","meta":{"_monsterinsights_skip_tracking":false,"footnotes":""},"categories":[201,200],"tags":[],"class_list":["post-5722","post","type-post","status-publish","format-standard","has-post-thumbnail","hentry","category-kulfold","category-munkaeropiac"],"aioseo_notices":[],"aioseo_head":"\n\t\t<!-- All in One SEO 5.0.0.1 - aioseo.com -->\n\t<meta name=\"description\" content=\"Kilenc uni\u00f3n k\u00edv\u00fcli orsz\u00e1g munkav\u00e1llal\u00f3inak magyarorsz\u00e1gi munkav\u00e1llal\u00e1s\u00e1n k\u00f6nny\u00edtett tavaly szeptembert\u0151l a korm\u00e1ny t\u00f6bbek k\u00f6z\u00f6tt a Mong\u00f3li\u00e1b\u00f3l \u00e9s a F\u00fcl\u00f6p-szigetekr\u0151l \u00e9rkez\u0151k\u00e9n. Imm\u00e1r 17 uni\u00f3n k\u00edv\u00fcli orsz\u00e1g \u00e1llampolg\u00e1rai kezdhetnek dolgozni a magyar munkaer\u0151piacon ak\u00e1r 8-10 h\u00e9t alatt, k\u00f6zt\u00fck oroszok, kolumbiaiak, brazilok is. Jelenleg pedig m\u00e1r - a Magyar K\u00f6zl\u00f6nyben frissen megjelent int\u00e9zked\u00e9sek tan\u00fas\u00e1ga szerint - \u00f6sszesen 17\" \/>\n\t<meta name=\"robots\" content=\"max-image-preview:large\" \/>\n\t<meta name=\"author\" content=\"Juh\u00e1sz P\u00e9ter\"\/>\n\t<link rel=\"canonical\" href=\"https:\/\/allasorias.hu\/hirek\/johetnek-a-vendegmunkasok-magyarorszagra\/\" \/>\n\t<meta name=\"generator\" content=\"All in One SEO (AIOSEO) 5.0.0.1\" \/>\n\t\t<meta property=\"og:locale\" content=\"hu_HU\" \/>\n\t\t<meta property=\"og:site_name\" content=\"AllasOrias.hu | H\u00edrek-lapszemle | \u00dczleti h\u00edrek az \u00e1ll\u00e1s \u00e9s a munka vil\u00e1g\u00e1b\u00f3l\" \/>\n\t\t<meta property=\"og:type\" content=\"article\" \/>\n\t\t<meta property=\"og:title\" content=\"J\u00f6hetnek a vend\u00e9gmunk\u00e1sok Magyarorsz\u00e1gra | AllasOrias.hu | H\u00edrek-lapszemle\" \/>\n\t\t<meta property=\"og:description\" content=\"Kilenc uni\u00f3n k\u00edv\u00fcli orsz\u00e1g munkav\u00e1llal\u00f3inak magyarorsz\u00e1gi munkav\u00e1llal\u00e1s\u00e1n k\u00f6nny\u00edtett tavaly szeptembert\u0151l a korm\u00e1ny t\u00f6bbek k\u00f6z\u00f6tt a Mong\u00f3li\u00e1b\u00f3l \u00e9s a F\u00fcl\u00f6p-szigetekr\u0151l \u00e9rkez\u0151k\u00e9n. Imm\u00e1r 17 uni\u00f3n k\u00edv\u00fcli orsz\u00e1g \u00e1llampolg\u00e1rai kezdhetnek dolgozni a magyar munkaer\u0151piacon ak\u00e1r 8-10 h\u00e9t alatt, k\u00f6zt\u00fck oroszok, kolumbiaiak, brazilok is. Jelenleg pedig m\u00e1r - a Magyar K\u00f6zl\u00f6nyben frissen megjelent int\u00e9zked\u00e9sek tan\u00fas\u00e1ga szerint - \u00f6sszesen 17\" \/>\n\t\t<meta property=\"og:url\" content=\"https:\/\/allasorias.hu\/hirek\/johetnek-a-vendegmunkasok-magyarorszagra\/\" \/>\n\t\t<meta property=\"og:image\" content=\"https:\/\/allasorias.hu\/hirek\/wp-content\/uploads\/2021\/05\/handshake.jpg\" \/>\n\t\t<meta property=\"og:image:secure_url\" content=\"https:\/\/allasorias.hu\/hirek\/wp-content\/uploads\/2021\/05\/handshake.jpg\" \/>\n\t\t<meta property=\"og:image:width\" content=\"1920\" \/>\n\t\t<meta property=\"og:image:height\" content=\"1280\" \/>\n\t\t<meta property=\"article:published_time\" content=\"2022-08-10T06:42:17+00:00\" \/>\n\t\t<meta property=\"article:modified_time\" content=\"2022-08-10T06:42:17+00:00\" \/>\n\t\t<meta property=\"article:publisher\" content=\"https:\/\/www.facebook.com\/allasorias\" \/>\n\t\t<meta name=\"twitter:card\" content=\"summary_large_image\" \/>\n\t\t<meta name=\"twitter:title\" content=\"J\u00f6hetnek a vend\u00e9gmunk\u00e1sok Magyarorsz\u00e1gra | AllasOrias.hu | H\u00edrek-lapszemle\" \/>\n\t\t<meta name=\"twitter:description\" content=\"Kilenc uni\u00f3n k\u00edv\u00fcli orsz\u00e1g munkav\u00e1llal\u00f3inak magyarorsz\u00e1gi munkav\u00e1llal\u00e1s\u00e1n k\u00f6nny\u00edtett tavaly szeptembert\u0151l a korm\u00e1ny t\u00f6bbek k\u00f6z\u00f6tt a Mong\u00f3li\u00e1b\u00f3l \u00e9s a F\u00fcl\u00f6p-szigetekr\u0151l \u00e9rkez\u0151k\u00e9n. Imm\u00e1r 17 uni\u00f3n k\u00edv\u00fcli orsz\u00e1g \u00e1llampolg\u00e1rai kezdhetnek dolgozni a magyar munkaer\u0151piacon ak\u00e1r 8-10 h\u00e9t alatt, k\u00f6zt\u00fck oroszok, kolumbiaiak, brazilok is. Jelenleg pedig m\u00e1r - a Magyar K\u00f6zl\u00f6nyben frissen megjelent int\u00e9zked\u00e9sek tan\u00fas\u00e1ga szerint - \u00f6sszesen 17\" \/>\n\t\t<meta name=\"twitter:image\" content=\"https:\/\/allasorias.hu\/hirek\/wp-content\/uploads\/2021\/05\/handshake.jpg\" \/>\n\t\t<meta name=\"twitter:label1\" content=\"Written by\" \/>\n\t\t<meta name=\"twitter:data1\" content=\"Juh\u00e1sz P\u00e9ter\" \/>\n\t\t<meta name=\"twitter:label2\" content=\"Est. reading time\" \/>\n\t\t<meta name=\"twitter:data2\" content=\"1 minute\" \/>\n\t\t<script type=\"application\/ld+json\" class=\"aioseo-schema\">\n\t\t\t{\"@context\":\"https:\\\/\\\/schema.org\",\"@graph\":[{\"@type\":\"Article\",\"@id\":\"https:\\\/\\\/allasorias.hu\\\/hirek\\\/johetnek-a-vendegmunkasok-magyarorszagra\\\/#article\",\"name\":\"J\\u00f6hetnek a vend\\u00e9gmunk\\u00e1sok Magyarorsz\\u00e1gra | AllasOrias.hu | H\\u00edrek-lapszemle\",\"headline\":\"J\\u00f6hetnek a vend\\u00e9gmunk\\u00e1sok Magyarorsz\\u00e1gra\",\"author\":{\"@id\":\"https:\\\/\\\/allasorias.hu\\\/hirek\\\/author\\\/admin-allasorias\\\/#author\"},\"publisher\":{\"@id\":\"https:\\\/\\\/allasorias.hu\\\/hirek\\\/#organization\"},\"image\":{\"@type\":\"ImageObject\",\"url\":\"https:\\\/\\\/allasorias.hu\\\/hirek\\\/wp-content\\\/uploads\\\/2021\\\/05\\\/handshake.jpg\",\"width\":1920,\"height\":1280,\"caption\":\"Two confident business man shaking hands during a meeting in the office, success, dealing, greeting and partner concept\"},\"datePublished\":\"2022-08-10T06:42:17+02:00\",\"dateModified\":\"2022-08-10T06:42:17+02:00\",\"inLanguage\":\"hu-HU\",\"mainEntityOfPage\":{\"@id\":\"https:\\\/\\\/allasorias.hu\\\/hirek\\\/johetnek-a-vendegmunkasok-magyarorszagra\\\/#webpage\"},\"isPartOf\":{\"@id\":\"https:\\\/\\\/allasorias.hu\\\/hirek\\\/johetnek-a-vendegmunkasok-magyarorszagra\\\/#webpage\"},\"articleSection\":\"K\\u00fclf\\u00f6ld, Munkaer\\u0151piac\"},{\"@type\":\"BreadcrumbList\",\"@id\":\"https:\\\/\\\/allasorias.hu\\\/hirek\\\/johetnek-a-vendegmunkasok-magyarorszagra\\\/#breadcrumblist\",\"itemListElement\":[{\"@type\":\"ListItem\",\"@id\":\"https:\\\/\\\/allasorias.hu\\\/hirek#listItem\",\"position\":1,\"name\":\"Home\",\"item\":\"https:\\\/\\\/allasorias.hu\\\/hirek\",\"nextItem\":{\"@type\":\"ListItem\",\"@id\":\"https:\\\/\\\/allasorias.hu\\\/hirek\\\/temak\\\/munkaeropiac\\\/#listItem\",\"name\":\"Munkaer\\u0151piac\"}},{\"@type\":\"ListItem\",\"@id\":\"https:\\\/\\\/allasorias.hu\\\/hirek\\\/temak\\\/munkaeropiac\\\/#listItem\",\"position\":2,\"name\":\"Munkaer\\u0151piac\",\"item\":\"https:\\\/\\\/allasorias.hu\\\/hirek\\\/temak\\\/munkaeropiac\\\/\",\"nextItem\":{\"@type\":\"ListItem\",\"@id\":\"https:\\\/\\\/allasorias.hu\\\/hirek\\\/johetnek-a-vendegmunkasok-magyarorszagra\\\/#listItem\",\"name\":\"J\\u00f6hetnek a vend\\u00e9gmunk\\u00e1sok Magyarorsz\\u00e1gra\"},\"previousItem\":{\"@type\":\"ListItem\",\"@id\":\"https:\\\/\\\/allasorias.hu\\\/hirek#listItem\",\"name\":\"Home\"}},{\"@type\":\"ListItem\",\"@id\":\"https:\\\/\\\/allasorias.hu\\\/hirek\\\/johetnek-a-vendegmunkasok-magyarorszagra\\\/#listItem\",\"position\":3,\"name\":\"J\\u00f6hetnek a vend\\u00e9gmunk\\u00e1sok Magyarorsz\\u00e1gra\",\"previousItem\":{\"@type\":\"ListItem\",\"@id\":\"https:\\\/\\\/allasorias.hu\\\/hirek\\\/temak\\\/munkaeropiac\\\/#listItem\",\"name\":\"Munkaer\\u0151piac\"}}]},{\"@type\":\"Organization\",\"@id\":\"https:\\\/\\\/allasorias.hu\\\/hirek\\\/#organization\",\"name\":\"AllasOrias.hu | H\\u00edrek-lapszemle\",\"description\":\"\\u00dczleti h\\u00edrek az \\u00e1ll\\u00e1s \\u00e9s a munka vil\\u00e1g\\u00e1b\\u00f3l\",\"url\":\"https:\\\/\\\/allasorias.hu\\\/hirek\\\/\",\"logo\":{\"@type\":\"ImageObject\",\"url\":\"https:\\\/\\\/allasorias.hu\\\/hirek\\\/wp-content\\\/uploads\\\/2022\\\/10\\\/allasorias_site_facebok_logo.png\",\"@id\":\"https:\\\/\\\/allasorias.hu\\\/hirek\\\/johetnek-a-vendegmunkasok-magyarorszagra\\\/#organizationLogo\"},\"image\":{\"@id\":\"https:\\\/\\\/allasorias.hu\\\/hirek\\\/johetnek-a-vendegmunkasok-magyarorszagra\\\/#organizationLogo\"},\"sameAs\":[\"https:\\\/\\\/www.facebook.com\\\/allasorias\",\"https:\\\/\\\/www.linkedin.com\\\/company\\\/allasorias\"]},{\"@type\":\"Person\",\"@id\":\"https:\\\/\\\/allasorias.hu\\\/hirek\\\/author\\\/admin-allasorias\\\/#author\",\"url\":\"https:\\\/\\\/allasorias.hu\\\/hirek\\\/author\\\/admin-allasorias\\\/\",\"name\":\"Juh\\u00e1sz P\\u00e9ter\",\"image\":{\"@type\":\"ImageObject\",\"@id\":\"https:\\\/\\\/allasorias.hu\\\/hirek\\\/johetnek-a-vendegmunkasok-magyarorszagra\\\/#authorImage\",\"url\":\"https:\\\/\\\/secure.gravatar.com\\\/avatar\\\/36e6bcb83148978b992977cb0f54d22feb0cce8a0a849a9410532bb2623ba4c6?s=96&d=mm&r=g\",\"width\":96,\"height\":96,\"caption\":\"Juh\\u00e1sz P\\u00e9ter\"}},{\"@type\":\"WebPage\",\"@id\":\"https:\\\/\\\/allasorias.hu\\\/hirek\\\/johetnek-a-vendegmunkasok-magyarorszagra\\\/#webpage\",\"url\":\"https:\\\/\\\/allasorias.hu\\\/hirek\\\/johetnek-a-vendegmunkasok-magyarorszagra\\\/\",\"name\":\"J\\u00f6hetnek a vend\\u00e9gmunk\\u00e1sok Magyarorsz\\u00e1gra | AllasOrias.hu | H\\u00edrek-lapszemle\",\"description\":\"Kilenc uni\\u00f3n k\\u00edv\\u00fcli orsz\\u00e1g munkav\\u00e1llal\\u00f3inak magyarorsz\\u00e1gi munkav\\u00e1llal\\u00e1s\\u00e1n k\\u00f6nny\\u00edtett tavaly szeptembert\\u0151l a korm\\u00e1ny t\\u00f6bbek k\\u00f6z\\u00f6tt a Mong\\u00f3li\\u00e1b\\u00f3l \\u00e9s a F\\u00fcl\\u00f6p-szigetekr\\u0151l \\u00e9rkez\\u0151k\\u00e9n. Imm\\u00e1r 17 uni\\u00f3n k\\u00edv\\u00fcli orsz\\u00e1g \\u00e1llampolg\\u00e1rai kezdhetnek dolgozni a magyar munkaer\\u0151piacon ak\\u00e1r 8-10 h\\u00e9t alatt, k\\u00f6zt\\u00fck oroszok, kolumbiaiak, brazilok is. Jelenleg pedig m\\u00e1r - a Magyar K\\u00f6zl\\u00f6nyben frissen megjelent int\\u00e9zked\\u00e9sek tan\\u00fas\\u00e1ga szerint - \\u00f6sszesen 17\",\"inLanguage\":\"hu-HU\",\"isPartOf\":{\"@id\":\"https:\\\/\\\/allasorias.hu\\\/hirek\\\/#website\"},\"breadcrumb\":{\"@id\":\"https:\\\/\\\/allasorias.hu\\\/hirek\\\/johetnek-a-vendegmunkasok-magyarorszagra\\\/#breadcrumblist\"},\"author\":{\"@id\":\"https:\\\/\\\/allasorias.hu\\\/hirek\\\/author\\\/admin-allasorias\\\/#author\"},\"creator\":{\"@id\":\"https:\\\/\\\/allasorias.hu\\\/hirek\\\/author\\\/admin-allasorias\\\/#author\"},\"image\":{\"@type\":\"ImageObject\",\"url\":\"https:\\\/\\\/allasorias.hu\\\/hirek\\\/wp-content\\\/uploads\\\/2021\\\/05\\\/handshake.jpg\",\"@id\":\"https:\\\/\\\/allasorias.hu\\\/hirek\\\/johetnek-a-vendegmunkasok-magyarorszagra\\\/#mainImage\",\"width\":1920,\"height\":1280,\"caption\":\"Two confident business man shaking hands during a meeting in the office, success, dealing, greeting and partner concept\"},\"primaryImageOfPage\":{\"@id\":\"https:\\\/\\\/allasorias.hu\\\/hirek\\\/johetnek-a-vendegmunkasok-magyarorszagra\\\/#mainImage\"},\"datePublished\":\"2022-08-10T06:42:17+02:00\",\"dateModified\":\"2022-08-10T06:42:17+02:00\"},{\"@type\":\"WebSite\",\"@id\":\"https:\\\/\\\/allasorias.hu\\\/hirek\\\/#website\",\"url\":\"https:\\\/\\\/allasorias.hu\\\/hirek\\\/\",\"name\":\"AllasOrias.hu | H\\u00edrek-lapszemle\",\"description\":\"\\u00dczleti h\\u00edrek az \\u00e1ll\\u00e1s \\u00e9s a munka vil\\u00e1g\\u00e1b\\u00f3l\",\"inLanguage\":\"hu-HU\",\"publisher\":{\"@id\":\"https:\\\/\\\/allasorias.hu\\\/hirek\\\/#organization\"}}]}\n\t\t<\/script>\n\t\t<!-- All in One SEO -->\n\n","aioseo_head_json":{"title":"J\u00f6hetnek a vend\u00e9gmunk\u00e1sok Magyarorsz\u00e1gra | AllasOrias.hu | H\u00edrek-lapszemle","description":"Kilenc uni\u00f3n k\u00edv\u00fcli orsz\u00e1g munkav\u00e1llal\u00f3inak magyarorsz\u00e1gi munkav\u00e1llal\u00e1s\u00e1n k\u00f6nny\u00edtett tavaly szeptembert\u0151l a korm\u00e1ny t\u00f6bbek k\u00f6z\u00f6tt a Mong\u00f3li\u00e1b\u00f3l \u00e9s a F\u00fcl\u00f6p-szigetekr\u0151l \u00e9rkez\u0151k\u00e9n. Imm\u00e1r 17 uni\u00f3n k\u00edv\u00fcli orsz\u00e1g \u00e1llampolg\u00e1rai kezdhetnek dolgozni a magyar munkaer\u0151piacon ak\u00e1r 8-10 h\u00e9t alatt, k\u00f6zt\u00fck oroszok, kolumbiaiak, brazilok is. Jelenleg pedig m\u00e1r - a Magyar K\u00f6zl\u00f6nyben frissen megjelent int\u00e9zked\u00e9sek tan\u00fas\u00e1ga szerint - \u00f6sszesen 17","canonical_url":"https:\/\/allasorias.hu\/hirek\/johetnek-a-vendegmunkasok-magyarorszagra\/","robots":"max-image-preview:large","keywords":"","webmasterTools":{"miscellaneous":""},"schema":{"@context":"https:\/\/schema.org","@graph":[{"@type":"Article","@id":"https:\/\/allasorias.hu\/hirek\/johetnek-a-vendegmunkasok-magyarorszagra\/#article","name":"J\u00f6hetnek a vend\u00e9gmunk\u00e1sok Magyarorsz\u00e1gra | AllasOrias.hu | H\u00edrek-lapszemle","headline":"J\u00f6hetnek a vend\u00e9gmunk\u00e1sok Magyarorsz\u00e1gra","author":{"@id":"https:\/\/allasorias.hu\/hirek\/author\/admin-allasorias\/#author"},"publisher":{"@id":"https:\/\/allasorias.hu\/hirek\/#organization"},"image":{"@type":"ImageObject","url":"https:\/\/allasorias.hu\/hirek\/wp-content\/uploads\/2021\/05\/handshake.jpg","width":1920,"height":1280,"caption":"Two confident business man shaking hands during a meeting in the office, success, dealing, greeting and partner concept"},"datePublished":"2022-08-10T06:42:17+02:00","dateModified":"2022-08-10T06:42:17+02:00","inLanguage":"hu-HU","mainEntityOfPage":{"@id":"https:\/\/allasorias.hu\/hirek\/johetnek-a-vendegmunkasok-magyarorszagra\/#webpage"},"isPartOf":{"@id":"https:\/\/allasorias.hu\/hirek\/johetnek-a-vendegmunkasok-magyarorszagra\/#webpage"},"articleSection":"K\u00fclf\u00f6ld, Munkaer\u0151piac"},{"@type":"BreadcrumbList","@id":"https:\/\/allasorias.hu\/hirek\/johetnek-a-vendegmunkasok-magyarorszagra\/#breadcrumblist","itemListElement":[{"@type":"ListItem","@id":"https:\/\/allasorias.hu\/hirek#listItem","position":1,"name":"Home","item":"https:\/\/allasorias.hu\/hirek","nextItem":{"@type":"ListItem","@id":"https:\/\/allasorias.hu\/hirek\/temak\/munkaeropiac\/#listItem","name":"Munkaer\u0151piac"}},{"@type":"ListItem","@id":"https:\/\/allasorias.hu\/hirek\/temak\/munkaeropiac\/#listItem","position":2,"name":"Munkaer\u0151piac","item":"https:\/\/allasorias.hu\/hirek\/temak\/munkaeropiac\/","nextItem":{"@type":"ListItem","@id":"https:\/\/allasorias.hu\/hirek\/johetnek-a-vendegmunkasok-magyarorszagra\/#listItem","name":"J\u00f6hetnek a vend\u00e9gmunk\u00e1sok Magyarorsz\u00e1gra"},"previousItem":{"@type":"ListItem","@id":"https:\/\/allasorias.hu\/hirek#listItem","name":"Home"}},{"@type":"ListItem","@id":"https:\/\/allasorias.hu\/hirek\/johetnek-a-vendegmunkasok-magyarorszagra\/#listItem","position":3,"name":"J\u00f6hetnek a vend\u00e9gmunk\u00e1sok Magyarorsz\u00e1gra","previousItem":{"@type":"ListItem","@id":"https:\/\/allasorias.hu\/hirek\/temak\/munkaeropiac\/#listItem","name":"Munkaer\u0151piac"}}]},{"@type":"Organization","@id":"https:\/\/allasorias.hu\/hirek\/#organization","name":"AllasOrias.hu | H\u00edrek-lapszemle","description":"\u00dczleti h\u00edrek az \u00e1ll\u00e1s \u00e9s a munka vil\u00e1g\u00e1b\u00f3l","url":"https:\/\/allasorias.hu\/hirek\/","logo":{"@type":"ImageObject","url":"https:\/\/allasorias.hu\/hirek\/wp-content\/uploads\/2022\/10\/allasorias_site_facebok_logo.png","@id":"https:\/\/allasorias.hu\/hirek\/johetnek-a-vendegmunkasok-magyarorszagra\/#organizationLogo"},"image":{"@id":"https:\/\/allasorias.hu\/hirek\/johetnek-a-vendegmunkasok-magyarorszagra\/#organizationLogo"},"sameAs":["https:\/\/www.facebook.com\/allasorias","https:\/\/www.linkedin.com\/company\/allasorias"]},{"@type":"Person","@id":"https:\/\/allasorias.hu\/hirek\/author\/admin-allasorias\/#author","url":"https:\/\/allasorias.hu\/hirek\/author\/admin-allasorias\/","name":"Juh\u00e1sz P\u00e9ter","image":{"@type":"ImageObject","@id":"https:\/\/allasorias.hu\/hirek\/johetnek-a-vendegmunkasok-magyarorszagra\/#authorImage","url":"https:\/\/secure.gravatar.com\/avatar\/36e6bcb83148978b992977cb0f54d22feb0cce8a0a849a9410532bb2623ba4c6?s=96&d=mm&r=g","width":96,"height":96,"caption":"Juh\u00e1sz P\u00e9ter"}},{"@type":"WebPage","@id":"https:\/\/allasorias.hu\/hirek\/johetnek-a-vendegmunkasok-magyarorszagra\/#webpage","url":"https:\/\/allasorias.hu\/hirek\/johetnek-a-vendegmunkasok-magyarorszagra\/","name":"J\u00f6hetnek a vend\u00e9gmunk\u00e1sok Magyarorsz\u00e1gra | AllasOrias.hu | H\u00edrek-lapszemle","description":"Kilenc uni\u00f3n k\u00edv\u00fcli orsz\u00e1g munkav\u00e1llal\u00f3inak magyarorsz\u00e1gi munkav\u00e1llal\u00e1s\u00e1n k\u00f6nny\u00edtett tavaly szeptembert\u0151l a korm\u00e1ny t\u00f6bbek k\u00f6z\u00f6tt a Mong\u00f3li\u00e1b\u00f3l \u00e9s a F\u00fcl\u00f6p-szigetekr\u0151l \u00e9rkez\u0151k\u00e9n. Imm\u00e1r 17 uni\u00f3n k\u00edv\u00fcli orsz\u00e1g \u00e1llampolg\u00e1rai kezdhetnek dolgozni a magyar munkaer\u0151piacon ak\u00e1r 8-10 h\u00e9t alatt, k\u00f6zt\u00fck oroszok, kolumbiaiak, brazilok is. Jelenleg pedig m\u00e1r - a Magyar K\u00f6zl\u00f6nyben frissen megjelent int\u00e9zked\u00e9sek tan\u00fas\u00e1ga szerint - \u00f6sszesen 17","inLanguage":"hu-HU","isPartOf":{"@id":"https:\/\/allasorias.hu\/hirek\/#website"},"breadcrumb":{"@id":"https:\/\/allasorias.hu\/hirek\/johetnek-a-vendegmunkasok-magyarorszagra\/#breadcrumblist"},"author":{"@id":"https:\/\/allasorias.hu\/hirek\/author\/admin-allasorias\/#author"},"creator":{"@id":"https:\/\/allasorias.hu\/hirek\/author\/admin-allasorias\/#author"},"image":{"@type":"ImageObject","url":"https:\/\/allasorias.hu\/hirek\/wp-content\/uploads\/2021\/05\/handshake.jpg","@id":"https:\/\/allasorias.hu\/hirek\/johetnek-a-vendegmunkasok-magyarorszagra\/#mainImage","width":1920,"height":1280,"caption":"Two confident business man shaking hands during a meeting in the office, success, dealing, greeting and partner concept"},"primaryImageOfPage":{"@id":"https:\/\/allasorias.hu\/hirek\/johetnek-a-vendegmunkasok-magyarorszagra\/#mainImage"},"datePublished":"2022-08-10T06:42:17+02:00","dateModified":"2022-08-10T06:42:17+02:00"},{"@type":"WebSite","@id":"https:\/\/allasorias.hu\/hirek\/#website","url":"https:\/\/allasorias.hu\/hirek\/","name":"AllasOrias.hu | H\u00edrek-lapszemle","description":"\u00dczleti h\u00edrek az \u00e1ll\u00e1s \u00e9s a munka vil\u00e1g\u00e1b\u00f3l","inLanguage":"hu-HU","publisher":{"@id":"https:\/\/allasorias.hu\/hirek\/#organization"}}]},"og:locale":"hu_HU","og:site_name":"AllasOrias.hu | H\u00edrek-lapszemle | \u00dczleti h\u00edrek az \u00e1ll\u00e1s \u00e9s a munka vil\u00e1g\u00e1b\u00f3l","og:type":"article","og:title":"J\u00f6hetnek a vend\u00e9gmunk\u00e1sok Magyarorsz\u00e1gra | AllasOrias.hu | H\u00edrek-lapszemle","og:description":"Kilenc uni\u00f3n k\u00edv\u00fcli orsz\u00e1g munkav\u00e1llal\u00f3inak magyarorsz\u00e1gi munkav\u00e1llal\u00e1s\u00e1n k\u00f6nny\u00edtett tavaly szeptembert\u0151l a korm\u00e1ny t\u00f6bbek k\u00f6z\u00f6tt a Mong\u00f3li\u00e1b\u00f3l \u00e9s a F\u00fcl\u00f6p-szigetekr\u0151l \u00e9rkez\u0151k\u00e9n. Imm\u00e1r 17 uni\u00f3n k\u00edv\u00fcli orsz\u00e1g \u00e1llampolg\u00e1rai kezdhetnek dolgozni a magyar munkaer\u0151piacon ak\u00e1r 8-10 h\u00e9t alatt, k\u00f6zt\u00fck oroszok, kolumbiaiak, brazilok is. Jelenleg pedig m\u00e1r - a Magyar K\u00f6zl\u00f6nyben frissen megjelent int\u00e9zked\u00e9sek tan\u00fas\u00e1ga szerint - \u00f6sszesen 17","og:url":"https:\/\/allasorias.hu\/hirek\/johetnek-a-vendegmunkasok-magyarorszagra\/","og:image":"https:\/\/allasorias.hu\/hirek\/wp-content\/uploads\/2021\/05\/handshake.jpg","og:image:secure_url":"https:\/\/allasorias.hu\/hirek\/wp-content\/uploads\/2021\/05\/handshake.jpg","og:image:width":1920,"og:image:height":1280,"article:published_time":"2022-08-10T06:42:17+00:00","article:modified_time":"2022-08-10T06:42:17+00:00","article:publisher":"https:\/\/www.facebook.com\/allasorias","twitter:card":"summary_large_image","twitter:title":"J\u00f6hetnek a vend\u00e9gmunk\u00e1sok Magyarorsz\u00e1gra | AllasOrias.hu | H\u00edrek-lapszemle","twitter:description":"Kilenc uni\u00f3n k\u00edv\u00fcli orsz\u00e1g munkav\u00e1llal\u00f3inak magyarorsz\u00e1gi munkav\u00e1llal\u00e1s\u00e1n k\u00f6nny\u00edtett tavaly szeptembert\u0151l a korm\u00e1ny t\u00f6bbek k\u00f6z\u00f6tt a Mong\u00f3li\u00e1b\u00f3l \u00e9s a F\u00fcl\u00f6p-szigetekr\u0151l \u00e9rkez\u0151k\u00e9n. Imm\u00e1r 17 uni\u00f3n k\u00edv\u00fcli orsz\u00e1g \u00e1llampolg\u00e1rai kezdhetnek dolgozni a magyar munkaer\u0151piacon ak\u00e1r 8-10 h\u00e9t alatt, k\u00f6zt\u00fck oroszok, kolumbiaiak, brazilok is. Jelenleg pedig m\u00e1r - a Magyar K\u00f6zl\u00f6nyben frissen megjelent int\u00e9zked\u00e9sek tan\u00fas\u00e1ga szerint - \u00f6sszesen 17","twitter:image":"https:\/\/allasorias.hu\/hirek\/wp-content\/uploads\/2021\/05\/handshake.jpg","twitter:label1":"Written by","twitter:data1":"Juh\u00e1sz P\u00e9ter","twitter:label2":"Est. reading time","twitter:data2":"1 minute"},"aioseo_meta_data":{"post_id":"5722","title":null,"description":null,"keywords":[],"keyphrases":{"focus":{"keyphrase":"","score":0,"analysis":{"keyphraseInTitle":{"score":0,"maxScore":9,"error":1}}},"additional":[]},"primary_term":null,"canonical_url":null,"og_title":null,"og_description":null,"og_object_type":"default","og_image_type":"default","og_image_url":null,"og_image_width":null,"og_image_height":null,"og_image_custom_url":null,"og_image_custom_fields":null,"og_video":"","og_custom_url":null,"og_article_section":null,"og_article_tags":[],"twitter_use_og":false,"twitter_card":"default","twitter_image_type":"default","twitter_image_url":null,"twitter_image_custom_url":null,"twitter_image_custom_fields":null,"twitter_title":null,"twitter_description":null,"schema":{"blockGraphs":[],"customGraphs":[],"default":{"data":{"Article":[],"Course":[],"Dataset":[],"FAQPage":[],"Movie":[],"Person":[],"Product":[],"ProductReview":[],"Car":[],"Recipe":[],"Service":[],"SoftwareApplication":[],"WebPage":[]},"graphName":"","isEnabled":true},"graphs":[],"defaultGraph":"Article","defaultPostTypeGraph":""},"schema_type":"default","schema_type_options":"{\"article\":{\"articleType\":\"BlogPosting\"},\"course\":{\"name\":\"\",\"description\":\"\",\"provider\":\"\"},\"faq\":{\"pages\":[]},\"product\":{\"reviews\":[]},\"recipe\":{\"ingredients\":[],\"instructions\":[],\"keywords\":[]},\"software\":{\"reviews\":[],\"operatingSystems\":[]},\"webPage\":{\"webPageType\":\"WebPage\"}}","pillar_content":false,"robots_default":true,"robots_noindex":false,"robots_noarchive":false,"robots_nosnippet":false,"robots_nofollow":false,"robots_noimageindex":false,"robots_noodp":false,"robots_notranslate":false,"robots_max_snippet":"-1","robots_max_videopreview":"-1","robots_max_imagepreview":"large","priority":null,"frequency":"default","location":null,"local_seo":null,"breadcrumb_settings":null,"limit_modified_date":false,"ai":null,"created":"2022-08-10 06:41:03","updated":"2025-10-02 17:07:08","seo_analyzer_scan_date":null,"focus_keyword":null,"additional_keywords":null,"truseo_locale":null},"aioseo_breadcrumb":"<div class=\"aioseo-breadcrumbs\"><span class=\"aioseo-breadcrumb\">\n\t\t\t<a href=\"https:\/\/allasorias.hu\/hirek\" title=\"Home\">Home<\/a>\n\t\t<\/span><span class=\"aioseo-breadcrumb-separator\">&raquo;<\/span><span class=\"aioseo-breadcrumb\">\n\t\t\t<a href=\"https:\/\/allasorias.hu\/hirek\/temak\/munkaeropiac\/\" title=\"Munkaer\u0151piac\">Munkaer\u0151piac<\/a>\n\t\t<\/span><span class=\"aioseo-breadcrumb-separator\">&raquo;<\/span><span class=\"aioseo-breadcrumb\">\n\t\t\tJ\u00f6hetnek a vend\u00e9gmunk\u00e1sok Magyarorsz\u00e1gra\n\t\t<\/span><\/div>","aioseo_breadcrumb_json":[{"label":"Home","link":"https:\/\/allasorias.hu\/hirek"},{"label":"Munkaer\u0151piac","link":"https:\/\/allasorias.hu\/hirek\/temak\/munkaeropiac\/"},{"label":"J\u00f6hetnek a vend\u00e9gmunk\u00e1sok Magyarorsz\u00e1gra","link":"https:\/\/allasorias.hu\/hirek\/johetnek-a-vendegmunkasok-magyarorszagra\/"}],"_links":{"self":[{"href":"https:\/\/allasorias.hu\/hirek\/wp-json\/wp\/v2\/posts\/5722","targetHints":{"allow":["GET"]}}],"collection":[{"href":"https:\/\/allasorias.hu\/hirek\/wp-json\/wp\/v2\/posts"}],"about":[{"href":"https:\/\/allasorias.hu\/hirek\/wp-json\/wp\/v2\/types\/post"}],"author":[{"embeddable":true,"href":"https:\/\/allasorias.hu\/hirek\/wp-json\/wp\/v2\/users\/1"}],"replies":[{"embeddable":true,"href":"https:\/\/allasorias.hu\/hirek\/wp-json\/wp\/v2\/comments?post=5722"}],"version-history":[{"count":1,"href":"https:\/\/allasorias.hu\/hirek\/wp-json\/wp\/v2\/posts\/5722\/revisions"}],"predecessor-version":[{"id":5723,"href":"https:\/\/allasorias.hu\/hirek\/wp-json\/wp\/v2\/posts\/5722\/revisions\/5723"}],"wp:featuredmedia":[{"embeddable":true,"href":"https:\/\/allasorias.hu\/hirek\/wp-json\/wp\/v2\/media\/4771"}],"wp:attachment":[{"href":"https:\/\/allasorias.hu\/hirek\/wp-json\/wp\/v2\/media?parent=5722"}],"wp:term":[{"taxonomy":"category","embeddable":true,"href":"https:\/\/allasorias.hu\/hirek\/wp-json\/wp\/v2\/categories?post=5722"},{"taxonomy":"post_tag","embeddable":true,"href":"https:\/\/allasorias.hu\/hirek\/wp-json\/wp\/v2\/tags?post=5722"}],"curies":[{"name":"wp","href":"https:\/\/api.w.org\/{rel}","templated":true}]}}