{"id":5717,"date":"2022-08-08T06:57:13","date_gmt":"2022-08-08T06:57:13","guid":{"rendered":"https:\/\/allasorias.hu\/hirek\/?p=5717"},"modified":"2022-08-08T06:57:13","modified_gmt":"2022-08-08T06:57:13","slug":"tobb-teruleten-is-igeny-van-a-kulfoldiek-munkajara-magyarorszagon","status":"publish","type":"post","link":"https:\/\/allasorias.hu\/hirek\/tobb-teruleten-is-igeny-van-a-kulfoldiek-munkajara-magyarorszagon\/","title":{"rendered":"T\u00f6bb ter\u00fcleten is ig\u00e9ny van a k\u00fclf\u00f6ldiek munk\u00e1j\u00e1ra Magyarorsz\u00e1gon"},"content":{"rendered":"<p><strong>J\u00falius v\u00e9g\u00e9n a korm\u00e1ny kilencr\u0151l tizen\u00f6tre b\u0151v\u00edtette azon t\u00e1voli orsz\u00e1gok k\u00f6r\u00e9t, ahonnan k\u00f6nny\u00edtett felt\u00e9telekkel \u00e9rkezhetnek munkav\u00e1llal\u00f3k haz\u00e1nkba. 2022 j\u00fanius\u00e1ban a foglalkoztatottak \u00e1tlagos l\u00e9tsz\u00e1ma meghaladta a 4,7 milli\u00f3 f\u0151t. Ezzel p\u00e1rhuzamosan nagy kih\u00edv\u00e1st jelent a magyarorsz\u00e1gi c\u00e9geknek a munkaer\u0151hi\u00e1ny, ami a gazdas\u00e1g teljes\u00edt\u0151k\u00e9pess\u00e9g\u00e9t is h\u00e1tr\u00e1ltatja.<\/strong><\/p>\n<p>A probl\u00e9m\u00e1ra reag\u00e1lva. A KSH legfrissebb adatai szerint 2022 j\u00fanius\u00e1ban a foglalkoztatottak \u00e1tlagos l\u00e9tsz\u00e1ma 4 milli\u00f3 739 ezer f\u0151 volt \u2013 ami gyakorlatilag teljes foglalkoztatotts\u00e1got jelent. Ez alapj\u00e1n a magyar munkaer\u0151piac tov\u00e1bbra is stabil, egyel\u0151re nincs jele annak, hogy a gazdas\u00e1g egy\u00e9b ter\u00fcletein \u00e9rz\u00e9kelhet\u0151, vagy v\u00e1rhat\u00f3 probl\u00e9m\u00e1k a foglalkoztat\u00e1s ter\u00fclet\u00e9t \u00e9rinten\u00e9k. Sokkal ink\u00e1bb a munkaer\u0151hi\u00e1ny jelent m\u00e1r \u00e9vek \u00f3ta egyre nagyobb kih\u00edv\u00e1st a magyarorsz\u00e1gi c\u00e9geknek: bizonyos szakm\u00e1kban, ter\u00fcleteken m\u00e1r nincs tartal\u00e9k a hazai munkaer\u0151piacban, \u00edgy a termel\u00e9s, a beruh\u00e1z\u00e1si r\u00e1ta \u00e9s a gazdas\u00e1gi teljes\u00edtm\u00e9ny fenntart\u00e1s\u00e1hoz \u00e9s tov\u00e1bbi n\u00f6vel\u00e9s\u00e9hez sz\u00fcks\u00e9g van k\u00fclf\u00f6ldi munkaer\u0151re. \u201eSz\u00e1mos hi\u00e1nyszakm\u00e1ban m\u00e1r nem tudunk \u00faj munkav\u00e1llal\u00f3kat bevonni a munkaer\u0151piacra, pedig ig\u00e9ny lenne r\u00e1 a c\u00e9gek, v\u00e1llalkoz\u00e1sok r\u00e9sz\u00e9r\u0151l. Ezt a hivatalos statisztik\u00e1k is al\u00e1t\u00e1masztj\u00e1k, melyek szerint legal\u00e1bb 65.000 nyitott poz\u00edci\u00f3 van jelenleg haz\u00e1nkban, m\u00edg egyes szak\u00e9rt\u0151k szerint a meghirdetett \u00e1ll\u00e1sok sz\u00e1ma jelenleg a sz\u00e1zezret is el\u00e9ri. A gazdas\u00e1gi teljes\u00edtm\u00e9ny tov\u00e1bbi n\u00f6vel\u00e9se, a beruh\u00e1z\u00e1si r\u00e1ta fenntart\u00e1sa \u00e9s sz\u00e1mos esetben a m\u00e1r megl\u00e9v\u0151 magyar munkahelyek megv\u00e9d\u00e9se \u00e9rdek\u00e9ben is sz\u00fcks\u00e9g van szab\u00e1lyozott keretek k\u00f6z\u00f6tt k\u00fclf\u00f6ldi munkaer\u0151 alkalmaz\u00e1s\u00e1ra, ezt a v\u00e1llalati szf\u00e9ra is egyre ink\u00e1bb visszaigazolja\u201d \u2013 h\u00edvta fel a figyelmet Berta P\u00e9ter, a WHC Csoport \u00fcgyvezet\u0151je. B\u0151v\u00fclt azon k\u00fclf\u00f6ldi orsz\u00e1gok k\u00f6re, ahonnan k\u00f6nny\u00edtett felt\u00e9telekkel \u00e9rkezhetnek munkav\u00e1llal\u00f3k. A munkaer\u0151hi\u00e1ny okozta piaci \u00e9s gazdas\u00e1gi probl\u00e9m\u00e1kra reag\u00e1lva a korm\u00e1ny tavaly ny\u00e1ron, a 407\/2021. (VII. 8.) korm\u00e1nyrendelettel l\u00e9trehozta a min\u0151s\u00edtett foglalkoztat\u00f3 int\u00e9zm\u00e9ny\u00e9t, valamint lehet\u0151v\u00e9 tette, hogy 2021. szeptember 1-t\u0151l a min\u0151s\u00edtett HR-szolg\u00e1ltat\u00f3k a szomsz\u00e9dos Szerbia \u00e9s Ukrajna mellett tov\u00e1bbi 9 t\u00e1voli nem EU-tagorsz\u00e1g (harmadik orsz\u00e1g) \u00e1llampolg\u00e1rait foglalkoztathass\u00e1k Magyarorsz\u00e1gon a meghat\u00e1rozott hi\u00e1nyszakm\u00e1kban speci\u00e1lis, egyszer\u0171s\u00edtett foglalkoztat\u00e1si szab\u00e1lyok keret\u00e9ben. \u00cdgy m\u00e1r tavaly ny\u00e1r \u00f3ta \u00e9rkezhetnek hivatalosan munkav\u00e1llal\u00f3k a Belarusz K\u00f6zt\u00e1rsas\u00e1gb\u00f3l, Bosznia-Hercegovin\u00e1b\u00f3l, az \u00c9szak-maced\u00f3n K\u00f6zt\u00e1rsas\u00e1gb\u00f3l, a F\u00fcl\u00f6p-szigetekr\u0151l, az Indon\u00e9z K\u00f6zt\u00e1rsas\u00e1gb\u00f3l, a Kazah K\u00f6zt\u00e1rsas\u00e1gb\u00f3l, Mong\u00f3li\u00e1b\u00f3l, a Montenegr\u00f3i K\u00f6zt\u00e1rsas\u00e1gb\u00f3l, illetve a Vietn\u00e1mi Szocialista K\u00f6zt\u00e1rsas\u00e1gb\u00f3l. Id\u00e9n j\u00falius v\u00e9g\u00e9n pedig a korm\u00e1ny tov\u00e1bb b\u0151v\u00edtette ezeknek az orsz\u00e1goknak a k\u00f6r\u00e9t, \u00edgy m\u00e1r a Brazil Sz\u00f6vets\u00e9gi K\u00f6zt\u00e1rsas\u00e1g, Gr\u00fazia, a Kirgiz K\u00f6zt\u00e1rsas\u00e1g, a Kolumbiai K\u00f6zt\u00e1rsas\u00e1g, az Oroszorsz\u00e1gi F\u00f6der\u00e1ci\u00f3, valamint a Venezuelai Boliv\u00e1ri K\u00f6zt\u00e1rsas\u00e1g \u00e1llampolg\u00e1rai is k\u00f6nny\u00edtett felt\u00e9telekkel v\u00e1llalhatnak munk\u00e1t Magyarorsz\u00e1gon. \u201eA tapasztalataink alapj\u00e1n jelenleg legnagyobb sz\u00e1mban m\u0171szaki-informatikai ter\u00fcleten, a gy\u00e1rt\u00e1s-\u00f6sszeszerel\u00e9s ter\u00e9n, a mez\u0151gazdas\u00e1gban \u00e9s az \u00e9lelmiszeriparban, az \u00e9p\u00edt\u0151iparban, a vend\u00e9gl\u00e1t\u00e1s- \u00e9s sz\u00e1llodaiparban, valamint eg\u00e9szs\u00e9g\u00fcgyi \u00e9s szoci\u00e1lis ter\u00fcleten hi\u00e1nyzik jelenleg a legt\u00f6bb munkav\u00e1llal\u00f3 \u00e9s a korm\u00e1ny is ezeket a ter\u00fcleteket c\u00e9lozta meg a k\u00f6nny\u00edtett felt\u00e9telekkel\u201d \u2013 tette hozz\u00e1 Berta P\u00e9ter. A WHC Csoport m\u00e1r 2014 \u00f3ta k\u00f6lcs\u00f6n\u00f6z partnereinek Ukrajn\u00e1b\u00f3l \u00e9rkez\u0151 munkav\u00e1llal\u00f3kat, illetve a v\u00e1llalat 2021 \u0151sz\u00e9n haz\u00e1nkban els\u0151k\u00e9nt szerezte meg a min\u0151s\u00edtett foglalkoztat\u00f3i st\u00e1tuszt, amely megb\u00edzhat\u00f3 garanci\u00e1t ny\u00fajt mind a k\u00fclf\u00f6ldi munkav\u00e1llal\u00f3k, mind pedig a v\u00e1llalat szolg\u00e1ltat\u00e1s\u00e1t ig\u00e9nybe vev\u0151 c\u00e9gek sz\u00e1m\u00e1ra, a min\u0151s\u00edtett foglalkoztat\u00f3knak ugyanis szigor\u00fa, jogszab\u00e1lyban lefektetett szempontrendszernek kell megfelelni\u00fck. \u201eA magyar c\u00e9gek, f\u0151k\u00e9nt a termel\u0151 v\u00e1llalatok \u00e9vek \u00f3ta \u00e9lnek a k\u00fclf\u00f6ldi munkav\u00e1llal\u00f3k alkalmaz\u00e1s\u00e1nak lehet\u0151s\u00e9g\u00e9vel: ma m\u00e1r mintegy 54.000 ukr\u00e1n munkav\u00e1llal\u00f3 dolgozik Magyarorsz\u00e1gon. Emellett saj\u00e1t tapasztalataink alapj\u00e1n is azt mondhatjuk, hogy az elm\u00falt \u00e9vek sor\u00e1n a hazai v\u00e1llalatok egyre nyitottabb\u00e1 v\u00e1ltak a k\u00fclf\u00f6ldi munkaer\u0151 foglalkoztat\u00e1sa ir\u00e1nt, ugyanis m\u00edg 2015-ben a WHC k\u00f6lcs\u00f6nz\u00f6tt munkaerej\u00e9nek csup\u00e1n 2%-a sz\u00e1rmazott k\u00fclf\u00f6ldr\u0151l, ez az ar\u00e1ny az\u00f3ta meredeken emelkedett, \u00e9s id\u00e9nre m\u00e1r megk\u00f6zel\u00edtette a 60%-ot\u201d \u2013 h\u00edvta fel a figyelmet Berta P\u00e9ter. A WHC Csoport a harmadik orsz\u00e1gok fel\u00e9 val\u00f3 nyit\u00e1s els\u0151 f\u00e1zis\u00e1ban a F\u00fcl\u00f6p-szigetekre, Indon\u00e9zi\u00e1ra, Kazahszt\u00e1nra \u00e9s Mong\u00f3li\u00e1ra f\u00f3kusz\u00e1l. Az els\u0151 mongol kontingens \u00e9ppen m\u00e1jusban \u00e9rkezett meg Magyarorsz\u00e1gra a v\u00e1llalat seg\u00edts\u00e9g\u00e9vel, j\u00faliusban pedig m\u00e1r a F\u00fcl\u00f6p-szigeteken is elkezdtek Magyarorsz\u00e1gra munkat\u00e1rsakat toborozni.<\/p>\n<p>&nbsp;<\/p>\n<p>Forr\u00e1s: Profitline.hu, szakszervezetek.hu<\/p>\n<p>&nbsp;<\/p>\n","protected":false},"excerpt":{"rendered":"<p>J\u00falius v\u00e9g\u00e9n a korm\u00e1ny kilencr\u0151l tizen\u00f6tre b\u0151v\u00edtette azon t\u00e1voli orsz\u00e1gok k\u00f6r\u00e9t, ahonnan k\u00f6nny\u00edtett felt\u00e9telekkel \u00e9rkezhetnek munkav\u00e1llal\u00f3k haz\u00e1nkba. 2022 j\u00fanius\u00e1ban a foglalkoztatottak \u00e1tlagos l\u00e9tsz\u00e1ma meghaladta a 4,7 milli\u00f3 f\u0151t. Ezzel p\u00e1rhuzamosan nagy kih\u00edv\u00e1st jelent a magyarorsz\u00e1gi c\u00e9geknek a munkaer\u0151hi\u00e1ny, ami a gazdas\u00e1g teljes\u00edt\u0151k\u00e9pess\u00e9g\u00e9t is h\u00e1tr\u00e1ltatja. A probl\u00e9m\u00e1ra reag\u00e1lva. A KSH legfrissebb adatai szerint 2022 j\u00fanius\u00e1ban a [&hellip;]<\/p>\n","protected":false},"author":1,"featured_media":5258,"comment_status":"open","ping_status":"open","sticky":false,"template":"","format":"standard","meta":{"_monsterinsights_skip_tracking":false,"footnotes":""},"categories":[200],"tags":[],"class_list":["post-5717","post","type-post","status-publish","format-standard","has-post-thumbnail","hentry","category-munkaeropiac"],"aioseo_notices":[],"aioseo_head":"\n\t\t<!-- All in One SEO 5.0.0.1 - aioseo.com -->\n\t<meta name=\"description\" content=\"J\u00falius v\u00e9g\u00e9n a korm\u00e1ny kilencr\u0151l tizen\u00f6tre b\u0151v\u00edtette azon t\u00e1voli orsz\u00e1gok k\u00f6r\u00e9t, ahonnan k\u00f6nny\u00edtett felt\u00e9telekkel \u00e9rkezhetnek munkav\u00e1llal\u00f3k haz\u00e1nkba. 2022 j\u00fanius\u00e1ban a foglalkoztatottak \u00e1tlagos l\u00e9tsz\u00e1ma meghaladta a 4,7 milli\u00f3 f\u0151t. Ezzel p\u00e1rhuzamosan nagy kih\u00edv\u00e1st jelent a magyarorsz\u00e1gi c\u00e9geknek a munkaer\u0151hi\u00e1ny, ami a gazdas\u00e1g teljes\u00edt\u0151k\u00e9pess\u00e9g\u00e9t is h\u00e1tr\u00e1ltatja. A probl\u00e9m\u00e1ra reag\u00e1lva. A KSH legfrissebb adatai szerint 2022 j\u00fanius\u00e1ban a\" \/>\n\t<meta name=\"robots\" content=\"max-image-preview:large\" \/>\n\t<meta name=\"author\" content=\"Juh\u00e1sz P\u00e9ter\"\/>\n\t<link rel=\"canonical\" href=\"https:\/\/allasorias.hu\/hirek\/tobb-teruleten-is-igeny-van-a-kulfoldiek-munkajara-magyarorszagon\/\" \/>\n\t<meta name=\"generator\" content=\"All in One SEO (AIOSEO) 5.0.0.1\" \/>\n\t\t<meta property=\"og:locale\" content=\"hu_HU\" \/>\n\t\t<meta property=\"og:site_name\" content=\"AllasOrias.hu | H\u00edrek-lapszemle | \u00dczleti h\u00edrek az \u00e1ll\u00e1s \u00e9s a munka vil\u00e1g\u00e1b\u00f3l\" \/>\n\t\t<meta property=\"og:type\" content=\"article\" \/>\n\t\t<meta property=\"og:title\" content=\"T\u00f6bb ter\u00fcleten is ig\u00e9ny van a k\u00fclf\u00f6ldiek munk\u00e1j\u00e1ra Magyarorsz\u00e1gon | AllasOrias.hu | H\u00edrek-lapszemle\" \/>\n\t\t<meta property=\"og:description\" content=\"J\u00falius v\u00e9g\u00e9n a korm\u00e1ny kilencr\u0151l tizen\u00f6tre b\u0151v\u00edtette azon t\u00e1voli orsz\u00e1gok k\u00f6r\u00e9t, ahonnan k\u00f6nny\u00edtett felt\u00e9telekkel \u00e9rkezhetnek munkav\u00e1llal\u00f3k haz\u00e1nkba. 2022 j\u00fanius\u00e1ban a foglalkoztatottak \u00e1tlagos l\u00e9tsz\u00e1ma meghaladta a 4,7 milli\u00f3 f\u0151t. Ezzel p\u00e1rhuzamosan nagy kih\u00edv\u00e1st jelent a magyarorsz\u00e1gi c\u00e9geknek a munkaer\u0151hi\u00e1ny, ami a gazdas\u00e1g teljes\u00edt\u0151k\u00e9pess\u00e9g\u00e9t is h\u00e1tr\u00e1ltatja. A probl\u00e9m\u00e1ra reag\u00e1lva. A KSH legfrissebb adatai szerint 2022 j\u00fanius\u00e1ban a\" \/>\n\t\t<meta property=\"og:url\" content=\"https:\/\/allasorias.hu\/hirek\/tobb-teruleten-is-igeny-van-a-kulfoldiek-munkajara-magyarorszagon\/\" \/>\n\t\t<meta property=\"og:image\" content=\"https:\/\/allasorias.hu\/hirek\/wp-content\/uploads\/2021\/12\/manpower-human-resource-planning.jpg\" \/>\n\t\t<meta property=\"og:image:secure_url\" content=\"https:\/\/allasorias.hu\/hirek\/wp-content\/uploads\/2021\/12\/manpower-human-resource-planning.jpg\" \/>\n\t\t<meta property=\"og:image:width\" content=\"1920\" \/>\n\t\t<meta property=\"og:image:height\" content=\"1043\" \/>\n\t\t<meta property=\"article:published_time\" content=\"2022-08-08T06:57:13+00:00\" \/>\n\t\t<meta property=\"article:modified_time\" content=\"2022-08-08T06:57:13+00:00\" \/>\n\t\t<meta property=\"article:publisher\" content=\"https:\/\/www.facebook.com\/allasorias\" \/>\n\t\t<meta name=\"twitter:card\" content=\"summary_large_image\" \/>\n\t\t<meta name=\"twitter:title\" content=\"T\u00f6bb ter\u00fcleten is ig\u00e9ny van a k\u00fclf\u00f6ldiek munk\u00e1j\u00e1ra Magyarorsz\u00e1gon | AllasOrias.hu | H\u00edrek-lapszemle\" \/>\n\t\t<meta name=\"twitter:description\" content=\"J\u00falius v\u00e9g\u00e9n a korm\u00e1ny kilencr\u0151l tizen\u00f6tre b\u0151v\u00edtette azon t\u00e1voli orsz\u00e1gok k\u00f6r\u00e9t, ahonnan k\u00f6nny\u00edtett felt\u00e9telekkel \u00e9rkezhetnek munkav\u00e1llal\u00f3k haz\u00e1nkba. 2022 j\u00fanius\u00e1ban a foglalkoztatottak \u00e1tlagos l\u00e9tsz\u00e1ma meghaladta a 4,7 milli\u00f3 f\u0151t. Ezzel p\u00e1rhuzamosan nagy kih\u00edv\u00e1st jelent a magyarorsz\u00e1gi c\u00e9geknek a munkaer\u0151hi\u00e1ny, ami a gazdas\u00e1g teljes\u00edt\u0151k\u00e9pess\u00e9g\u00e9t is h\u00e1tr\u00e1ltatja. A probl\u00e9m\u00e1ra reag\u00e1lva. A KSH legfrissebb adatai szerint 2022 j\u00fanius\u00e1ban a\" \/>\n\t\t<meta name=\"twitter:image\" content=\"https:\/\/allasorias.hu\/hirek\/wp-content\/uploads\/2021\/12\/manpower-human-resource-planning.jpg\" \/>\n\t\t<meta name=\"twitter:label1\" content=\"Written by\" \/>\n\t\t<meta name=\"twitter:data1\" content=\"Juh\u00e1sz P\u00e9ter\" \/>\n\t\t<meta name=\"twitter:label2\" content=\"Est. reading time\" \/>\n\t\t<meta name=\"twitter:data2\" content=\"5 minutes\" \/>\n\t\t<script type=\"application\/ld+json\" class=\"aioseo-schema\">\n\t\t\t{\"@context\":\"https:\\\/\\\/schema.org\",\"@graph\":[{\"@type\":\"Article\",\"@id\":\"https:\\\/\\\/allasorias.hu\\\/hirek\\\/tobb-teruleten-is-igeny-van-a-kulfoldiek-munkajara-magyarorszagon\\\/#article\",\"name\":\"T\\u00f6bb ter\\u00fcleten is ig\\u00e9ny van a k\\u00fclf\\u00f6ldiek munk\\u00e1j\\u00e1ra Magyarorsz\\u00e1gon | AllasOrias.hu | H\\u00edrek-lapszemle\",\"headline\":\"T\\u00f6bb ter\\u00fcleten is ig\\u00e9ny van a k\\u00fclf\\u00f6ldiek munk\\u00e1j\\u00e1ra Magyarorsz\\u00e1gon\",\"author\":{\"@id\":\"https:\\\/\\\/allasorias.hu\\\/hirek\\\/author\\\/admin-allasorias\\\/#author\"},\"publisher\":{\"@id\":\"https:\\\/\\\/allasorias.hu\\\/hirek\\\/#organization\"},\"image\":{\"@type\":\"ImageObject\",\"url\":\"https:\\\/\\\/allasorias.hu\\\/hirek\\\/wp-content\\\/uploads\\\/2021\\\/12\\\/manpower-human-resource-planning.jpg\",\"width\":1920,\"height\":1043,\"caption\":\"Business administrator in action of manpower or human resource planning or business organisation on a virtual dashboard.\"},\"datePublished\":\"2022-08-08T06:57:13+02:00\",\"dateModified\":\"2022-08-08T06:57:13+02:00\",\"inLanguage\":\"hu-HU\",\"mainEntityOfPage\":{\"@id\":\"https:\\\/\\\/allasorias.hu\\\/hirek\\\/tobb-teruleten-is-igeny-van-a-kulfoldiek-munkajara-magyarorszagon\\\/#webpage\"},\"isPartOf\":{\"@id\":\"https:\\\/\\\/allasorias.hu\\\/hirek\\\/tobb-teruleten-is-igeny-van-a-kulfoldiek-munkajara-magyarorszagon\\\/#webpage\"},\"articleSection\":\"Munkaer\\u0151piac\"},{\"@type\":\"BreadcrumbList\",\"@id\":\"https:\\\/\\\/allasorias.hu\\\/hirek\\\/tobb-teruleten-is-igeny-van-a-kulfoldiek-munkajara-magyarorszagon\\\/#breadcrumblist\",\"itemListElement\":[{\"@type\":\"ListItem\",\"@id\":\"https:\\\/\\\/allasorias.hu\\\/hirek#listItem\",\"position\":1,\"name\":\"Home\",\"item\":\"https:\\\/\\\/allasorias.hu\\\/hirek\",\"nextItem\":{\"@type\":\"ListItem\",\"@id\":\"https:\\\/\\\/allasorias.hu\\\/hirek\\\/temak\\\/munkaeropiac\\\/#listItem\",\"name\":\"Munkaer\\u0151piac\"}},{\"@type\":\"ListItem\",\"@id\":\"https:\\\/\\\/allasorias.hu\\\/hirek\\\/temak\\\/munkaeropiac\\\/#listItem\",\"position\":2,\"name\":\"Munkaer\\u0151piac\",\"item\":\"https:\\\/\\\/allasorias.hu\\\/hirek\\\/temak\\\/munkaeropiac\\\/\",\"nextItem\":{\"@type\":\"ListItem\",\"@id\":\"https:\\\/\\\/allasorias.hu\\\/hirek\\\/tobb-teruleten-is-igeny-van-a-kulfoldiek-munkajara-magyarorszagon\\\/#listItem\",\"name\":\"T\\u00f6bb ter\\u00fcleten is ig\\u00e9ny van a k\\u00fclf\\u00f6ldiek munk\\u00e1j\\u00e1ra Magyarorsz\\u00e1gon\"},\"previousItem\":{\"@type\":\"ListItem\",\"@id\":\"https:\\\/\\\/allasorias.hu\\\/hirek#listItem\",\"name\":\"Home\"}},{\"@type\":\"ListItem\",\"@id\":\"https:\\\/\\\/allasorias.hu\\\/hirek\\\/tobb-teruleten-is-igeny-van-a-kulfoldiek-munkajara-magyarorszagon\\\/#listItem\",\"position\":3,\"name\":\"T\\u00f6bb ter\\u00fcleten is ig\\u00e9ny van a k\\u00fclf\\u00f6ldiek munk\\u00e1j\\u00e1ra Magyarorsz\\u00e1gon\",\"previousItem\":{\"@type\":\"ListItem\",\"@id\":\"https:\\\/\\\/allasorias.hu\\\/hirek\\\/temak\\\/munkaeropiac\\\/#listItem\",\"name\":\"Munkaer\\u0151piac\"}}]},{\"@type\":\"Organization\",\"@id\":\"https:\\\/\\\/allasorias.hu\\\/hirek\\\/#organization\",\"name\":\"AllasOrias.hu | H\\u00edrek-lapszemle\",\"description\":\"\\u00dczleti h\\u00edrek az \\u00e1ll\\u00e1s \\u00e9s a munka vil\\u00e1g\\u00e1b\\u00f3l\",\"url\":\"https:\\\/\\\/allasorias.hu\\\/hirek\\\/\",\"logo\":{\"@type\":\"ImageObject\",\"url\":\"https:\\\/\\\/allasorias.hu\\\/hirek\\\/wp-content\\\/uploads\\\/2022\\\/10\\\/allasorias_site_facebok_logo.png\",\"@id\":\"https:\\\/\\\/allasorias.hu\\\/hirek\\\/tobb-teruleten-is-igeny-van-a-kulfoldiek-munkajara-magyarorszagon\\\/#organizationLogo\"},\"image\":{\"@id\":\"https:\\\/\\\/allasorias.hu\\\/hirek\\\/tobb-teruleten-is-igeny-van-a-kulfoldiek-munkajara-magyarorszagon\\\/#organizationLogo\"},\"sameAs\":[\"https:\\\/\\\/www.facebook.com\\\/allasorias\",\"https:\\\/\\\/www.linkedin.com\\\/company\\\/allasorias\"]},{\"@type\":\"Person\",\"@id\":\"https:\\\/\\\/allasorias.hu\\\/hirek\\\/author\\\/admin-allasorias\\\/#author\",\"url\":\"https:\\\/\\\/allasorias.hu\\\/hirek\\\/author\\\/admin-allasorias\\\/\",\"name\":\"Juh\\u00e1sz P\\u00e9ter\",\"image\":{\"@type\":\"ImageObject\",\"@id\":\"https:\\\/\\\/allasorias.hu\\\/hirek\\\/tobb-teruleten-is-igeny-van-a-kulfoldiek-munkajara-magyarorszagon\\\/#authorImage\",\"url\":\"https:\\\/\\\/secure.gravatar.com\\\/avatar\\\/36e6bcb83148978b992977cb0f54d22feb0cce8a0a849a9410532bb2623ba4c6?s=96&d=mm&r=g\",\"width\":96,\"height\":96,\"caption\":\"Juh\\u00e1sz P\\u00e9ter\"}},{\"@type\":\"WebPage\",\"@id\":\"https:\\\/\\\/allasorias.hu\\\/hirek\\\/tobb-teruleten-is-igeny-van-a-kulfoldiek-munkajara-magyarorszagon\\\/#webpage\",\"url\":\"https:\\\/\\\/allasorias.hu\\\/hirek\\\/tobb-teruleten-is-igeny-van-a-kulfoldiek-munkajara-magyarorszagon\\\/\",\"name\":\"T\\u00f6bb ter\\u00fcleten is ig\\u00e9ny van a k\\u00fclf\\u00f6ldiek munk\\u00e1j\\u00e1ra Magyarorsz\\u00e1gon | AllasOrias.hu | H\\u00edrek-lapszemle\",\"description\":\"J\\u00falius v\\u00e9g\\u00e9n a korm\\u00e1ny kilencr\\u0151l tizen\\u00f6tre b\\u0151v\\u00edtette azon t\\u00e1voli orsz\\u00e1gok k\\u00f6r\\u00e9t, ahonnan k\\u00f6nny\\u00edtett felt\\u00e9telekkel \\u00e9rkezhetnek munkav\\u00e1llal\\u00f3k haz\\u00e1nkba. 2022 j\\u00fanius\\u00e1ban a foglalkoztatottak \\u00e1tlagos l\\u00e9tsz\\u00e1ma meghaladta a 4,7 milli\\u00f3 f\\u0151t. Ezzel p\\u00e1rhuzamosan nagy kih\\u00edv\\u00e1st jelent a magyarorsz\\u00e1gi c\\u00e9geknek a munkaer\\u0151hi\\u00e1ny, ami a gazdas\\u00e1g teljes\\u00edt\\u0151k\\u00e9pess\\u00e9g\\u00e9t is h\\u00e1tr\\u00e1ltatja. A probl\\u00e9m\\u00e1ra reag\\u00e1lva. A KSH legfrissebb adatai szerint 2022 j\\u00fanius\\u00e1ban a\",\"inLanguage\":\"hu-HU\",\"isPartOf\":{\"@id\":\"https:\\\/\\\/allasorias.hu\\\/hirek\\\/#website\"},\"breadcrumb\":{\"@id\":\"https:\\\/\\\/allasorias.hu\\\/hirek\\\/tobb-teruleten-is-igeny-van-a-kulfoldiek-munkajara-magyarorszagon\\\/#breadcrumblist\"},\"author\":{\"@id\":\"https:\\\/\\\/allasorias.hu\\\/hirek\\\/author\\\/admin-allasorias\\\/#author\"},\"creator\":{\"@id\":\"https:\\\/\\\/allasorias.hu\\\/hirek\\\/author\\\/admin-allasorias\\\/#author\"},\"image\":{\"@type\":\"ImageObject\",\"url\":\"https:\\\/\\\/allasorias.hu\\\/hirek\\\/wp-content\\\/uploads\\\/2021\\\/12\\\/manpower-human-resource-planning.jpg\",\"@id\":\"https:\\\/\\\/allasorias.hu\\\/hirek\\\/tobb-teruleten-is-igeny-van-a-kulfoldiek-munkajara-magyarorszagon\\\/#mainImage\",\"width\":1920,\"height\":1043,\"caption\":\"Business administrator in action of manpower or human resource planning or business organisation on a virtual dashboard.\"},\"primaryImageOfPage\":{\"@id\":\"https:\\\/\\\/allasorias.hu\\\/hirek\\\/tobb-teruleten-is-igeny-van-a-kulfoldiek-munkajara-magyarorszagon\\\/#mainImage\"},\"datePublished\":\"2022-08-08T06:57:13+02:00\",\"dateModified\":\"2022-08-08T06:57:13+02:00\"},{\"@type\":\"WebSite\",\"@id\":\"https:\\\/\\\/allasorias.hu\\\/hirek\\\/#website\",\"url\":\"https:\\\/\\\/allasorias.hu\\\/hirek\\\/\",\"name\":\"AllasOrias.hu | H\\u00edrek-lapszemle\",\"description\":\"\\u00dczleti h\\u00edrek az \\u00e1ll\\u00e1s \\u00e9s a munka vil\\u00e1g\\u00e1b\\u00f3l\",\"inLanguage\":\"hu-HU\",\"publisher\":{\"@id\":\"https:\\\/\\\/allasorias.hu\\\/hirek\\\/#organization\"}}]}\n\t\t<\/script>\n\t\t<!-- All in One SEO -->\n\n","aioseo_head_json":{"title":"T\u00f6bb ter\u00fcleten is ig\u00e9ny van a k\u00fclf\u00f6ldiek munk\u00e1j\u00e1ra Magyarorsz\u00e1gon | AllasOrias.hu | H\u00edrek-lapszemle","description":"J\u00falius v\u00e9g\u00e9n a korm\u00e1ny kilencr\u0151l tizen\u00f6tre b\u0151v\u00edtette azon t\u00e1voli orsz\u00e1gok k\u00f6r\u00e9t, ahonnan k\u00f6nny\u00edtett felt\u00e9telekkel \u00e9rkezhetnek munkav\u00e1llal\u00f3k haz\u00e1nkba. 2022 j\u00fanius\u00e1ban a foglalkoztatottak \u00e1tlagos l\u00e9tsz\u00e1ma meghaladta a 4,7 milli\u00f3 f\u0151t. Ezzel p\u00e1rhuzamosan nagy kih\u00edv\u00e1st jelent a magyarorsz\u00e1gi c\u00e9geknek a munkaer\u0151hi\u00e1ny, ami a gazdas\u00e1g teljes\u00edt\u0151k\u00e9pess\u00e9g\u00e9t is h\u00e1tr\u00e1ltatja. A probl\u00e9m\u00e1ra reag\u00e1lva. A KSH legfrissebb adatai szerint 2022 j\u00fanius\u00e1ban a","canonical_url":"https:\/\/allasorias.hu\/hirek\/tobb-teruleten-is-igeny-van-a-kulfoldiek-munkajara-magyarorszagon\/","robots":"max-image-preview:large","keywords":"","webmasterTools":{"miscellaneous":""},"schema":{"@context":"https:\/\/schema.org","@graph":[{"@type":"Article","@id":"https:\/\/allasorias.hu\/hirek\/tobb-teruleten-is-igeny-van-a-kulfoldiek-munkajara-magyarorszagon\/#article","name":"T\u00f6bb ter\u00fcleten is ig\u00e9ny van a k\u00fclf\u00f6ldiek munk\u00e1j\u00e1ra Magyarorsz\u00e1gon | AllasOrias.hu | H\u00edrek-lapszemle","headline":"T\u00f6bb ter\u00fcleten is ig\u00e9ny van a k\u00fclf\u00f6ldiek munk\u00e1j\u00e1ra Magyarorsz\u00e1gon","author":{"@id":"https:\/\/allasorias.hu\/hirek\/author\/admin-allasorias\/#author"},"publisher":{"@id":"https:\/\/allasorias.hu\/hirek\/#organization"},"image":{"@type":"ImageObject","url":"https:\/\/allasorias.hu\/hirek\/wp-content\/uploads\/2021\/12\/manpower-human-resource-planning.jpg","width":1920,"height":1043,"caption":"Business administrator in action of manpower or human resource planning or business organisation on a virtual dashboard."},"datePublished":"2022-08-08T06:57:13+02:00","dateModified":"2022-08-08T06:57:13+02:00","inLanguage":"hu-HU","mainEntityOfPage":{"@id":"https:\/\/allasorias.hu\/hirek\/tobb-teruleten-is-igeny-van-a-kulfoldiek-munkajara-magyarorszagon\/#webpage"},"isPartOf":{"@id":"https:\/\/allasorias.hu\/hirek\/tobb-teruleten-is-igeny-van-a-kulfoldiek-munkajara-magyarorszagon\/#webpage"},"articleSection":"Munkaer\u0151piac"},{"@type":"BreadcrumbList","@id":"https:\/\/allasorias.hu\/hirek\/tobb-teruleten-is-igeny-van-a-kulfoldiek-munkajara-magyarorszagon\/#breadcrumblist","itemListElement":[{"@type":"ListItem","@id":"https:\/\/allasorias.hu\/hirek#listItem","position":1,"name":"Home","item":"https:\/\/allasorias.hu\/hirek","nextItem":{"@type":"ListItem","@id":"https:\/\/allasorias.hu\/hirek\/temak\/munkaeropiac\/#listItem","name":"Munkaer\u0151piac"}},{"@type":"ListItem","@id":"https:\/\/allasorias.hu\/hirek\/temak\/munkaeropiac\/#listItem","position":2,"name":"Munkaer\u0151piac","item":"https:\/\/allasorias.hu\/hirek\/temak\/munkaeropiac\/","nextItem":{"@type":"ListItem","@id":"https:\/\/allasorias.hu\/hirek\/tobb-teruleten-is-igeny-van-a-kulfoldiek-munkajara-magyarorszagon\/#listItem","name":"T\u00f6bb ter\u00fcleten is ig\u00e9ny van a k\u00fclf\u00f6ldiek munk\u00e1j\u00e1ra Magyarorsz\u00e1gon"},"previousItem":{"@type":"ListItem","@id":"https:\/\/allasorias.hu\/hirek#listItem","name":"Home"}},{"@type":"ListItem","@id":"https:\/\/allasorias.hu\/hirek\/tobb-teruleten-is-igeny-van-a-kulfoldiek-munkajara-magyarorszagon\/#listItem","position":3,"name":"T\u00f6bb ter\u00fcleten is ig\u00e9ny van a k\u00fclf\u00f6ldiek munk\u00e1j\u00e1ra Magyarorsz\u00e1gon","previousItem":{"@type":"ListItem","@id":"https:\/\/allasorias.hu\/hirek\/temak\/munkaeropiac\/#listItem","name":"Munkaer\u0151piac"}}]},{"@type":"Organization","@id":"https:\/\/allasorias.hu\/hirek\/#organization","name":"AllasOrias.hu | H\u00edrek-lapszemle","description":"\u00dczleti h\u00edrek az \u00e1ll\u00e1s \u00e9s a munka vil\u00e1g\u00e1b\u00f3l","url":"https:\/\/allasorias.hu\/hirek\/","logo":{"@type":"ImageObject","url":"https:\/\/allasorias.hu\/hirek\/wp-content\/uploads\/2022\/10\/allasorias_site_facebok_logo.png","@id":"https:\/\/allasorias.hu\/hirek\/tobb-teruleten-is-igeny-van-a-kulfoldiek-munkajara-magyarorszagon\/#organizationLogo"},"image":{"@id":"https:\/\/allasorias.hu\/hirek\/tobb-teruleten-is-igeny-van-a-kulfoldiek-munkajara-magyarorszagon\/#organizationLogo"},"sameAs":["https:\/\/www.facebook.com\/allasorias","https:\/\/www.linkedin.com\/company\/allasorias"]},{"@type":"Person","@id":"https:\/\/allasorias.hu\/hirek\/author\/admin-allasorias\/#author","url":"https:\/\/allasorias.hu\/hirek\/author\/admin-allasorias\/","name":"Juh\u00e1sz P\u00e9ter","image":{"@type":"ImageObject","@id":"https:\/\/allasorias.hu\/hirek\/tobb-teruleten-is-igeny-van-a-kulfoldiek-munkajara-magyarorszagon\/#authorImage","url":"https:\/\/secure.gravatar.com\/avatar\/36e6bcb83148978b992977cb0f54d22feb0cce8a0a849a9410532bb2623ba4c6?s=96&d=mm&r=g","width":96,"height":96,"caption":"Juh\u00e1sz P\u00e9ter"}},{"@type":"WebPage","@id":"https:\/\/allasorias.hu\/hirek\/tobb-teruleten-is-igeny-van-a-kulfoldiek-munkajara-magyarorszagon\/#webpage","url":"https:\/\/allasorias.hu\/hirek\/tobb-teruleten-is-igeny-van-a-kulfoldiek-munkajara-magyarorszagon\/","name":"T\u00f6bb ter\u00fcleten is ig\u00e9ny van a k\u00fclf\u00f6ldiek munk\u00e1j\u00e1ra Magyarorsz\u00e1gon | AllasOrias.hu | H\u00edrek-lapszemle","description":"J\u00falius v\u00e9g\u00e9n a korm\u00e1ny kilencr\u0151l tizen\u00f6tre b\u0151v\u00edtette azon t\u00e1voli orsz\u00e1gok k\u00f6r\u00e9t, ahonnan k\u00f6nny\u00edtett felt\u00e9telekkel \u00e9rkezhetnek munkav\u00e1llal\u00f3k haz\u00e1nkba. 2022 j\u00fanius\u00e1ban a foglalkoztatottak \u00e1tlagos l\u00e9tsz\u00e1ma meghaladta a 4,7 milli\u00f3 f\u0151t. Ezzel p\u00e1rhuzamosan nagy kih\u00edv\u00e1st jelent a magyarorsz\u00e1gi c\u00e9geknek a munkaer\u0151hi\u00e1ny, ami a gazdas\u00e1g teljes\u00edt\u0151k\u00e9pess\u00e9g\u00e9t is h\u00e1tr\u00e1ltatja. A probl\u00e9m\u00e1ra reag\u00e1lva. A KSH legfrissebb adatai szerint 2022 j\u00fanius\u00e1ban a","inLanguage":"hu-HU","isPartOf":{"@id":"https:\/\/allasorias.hu\/hirek\/#website"},"breadcrumb":{"@id":"https:\/\/allasorias.hu\/hirek\/tobb-teruleten-is-igeny-van-a-kulfoldiek-munkajara-magyarorszagon\/#breadcrumblist"},"author":{"@id":"https:\/\/allasorias.hu\/hirek\/author\/admin-allasorias\/#author"},"creator":{"@id":"https:\/\/allasorias.hu\/hirek\/author\/admin-allasorias\/#author"},"image":{"@type":"ImageObject","url":"https:\/\/allasorias.hu\/hirek\/wp-content\/uploads\/2021\/12\/manpower-human-resource-planning.jpg","@id":"https:\/\/allasorias.hu\/hirek\/tobb-teruleten-is-igeny-van-a-kulfoldiek-munkajara-magyarorszagon\/#mainImage","width":1920,"height":1043,"caption":"Business administrator in action of manpower or human resource planning or business organisation on a virtual dashboard."},"primaryImageOfPage":{"@id":"https:\/\/allasorias.hu\/hirek\/tobb-teruleten-is-igeny-van-a-kulfoldiek-munkajara-magyarorszagon\/#mainImage"},"datePublished":"2022-08-08T06:57:13+02:00","dateModified":"2022-08-08T06:57:13+02:00"},{"@type":"WebSite","@id":"https:\/\/allasorias.hu\/hirek\/#website","url":"https:\/\/allasorias.hu\/hirek\/","name":"AllasOrias.hu | H\u00edrek-lapszemle","description":"\u00dczleti h\u00edrek az \u00e1ll\u00e1s \u00e9s a munka vil\u00e1g\u00e1b\u00f3l","inLanguage":"hu-HU","publisher":{"@id":"https:\/\/allasorias.hu\/hirek\/#organization"}}]},"og:locale":"hu_HU","og:site_name":"AllasOrias.hu | H\u00edrek-lapszemle | \u00dczleti h\u00edrek az \u00e1ll\u00e1s \u00e9s a munka vil\u00e1g\u00e1b\u00f3l","og:type":"article","og:title":"T\u00f6bb ter\u00fcleten is ig\u00e9ny van a k\u00fclf\u00f6ldiek munk\u00e1j\u00e1ra Magyarorsz\u00e1gon | AllasOrias.hu | H\u00edrek-lapszemle","og:description":"J\u00falius v\u00e9g\u00e9n a korm\u00e1ny kilencr\u0151l tizen\u00f6tre b\u0151v\u00edtette azon t\u00e1voli orsz\u00e1gok k\u00f6r\u00e9t, ahonnan k\u00f6nny\u00edtett felt\u00e9telekkel \u00e9rkezhetnek munkav\u00e1llal\u00f3k haz\u00e1nkba. 2022 j\u00fanius\u00e1ban a foglalkoztatottak \u00e1tlagos l\u00e9tsz\u00e1ma meghaladta a 4,7 milli\u00f3 f\u0151t. Ezzel p\u00e1rhuzamosan nagy kih\u00edv\u00e1st jelent a magyarorsz\u00e1gi c\u00e9geknek a munkaer\u0151hi\u00e1ny, ami a gazdas\u00e1g teljes\u00edt\u0151k\u00e9pess\u00e9g\u00e9t is h\u00e1tr\u00e1ltatja. A probl\u00e9m\u00e1ra reag\u00e1lva. A KSH legfrissebb adatai szerint 2022 j\u00fanius\u00e1ban a","og:url":"https:\/\/allasorias.hu\/hirek\/tobb-teruleten-is-igeny-van-a-kulfoldiek-munkajara-magyarorszagon\/","og:image":"https:\/\/allasorias.hu\/hirek\/wp-content\/uploads\/2021\/12\/manpower-human-resource-planning.jpg","og:image:secure_url":"https:\/\/allasorias.hu\/hirek\/wp-content\/uploads\/2021\/12\/manpower-human-resource-planning.jpg","og:image:width":1920,"og:image:height":1043,"article:published_time":"2022-08-08T06:57:13+00:00","article:modified_time":"2022-08-08T06:57:13+00:00","article:publisher":"https:\/\/www.facebook.com\/allasorias","twitter:card":"summary_large_image","twitter:title":"T\u00f6bb ter\u00fcleten is ig\u00e9ny van a k\u00fclf\u00f6ldiek munk\u00e1j\u00e1ra Magyarorsz\u00e1gon | AllasOrias.hu | H\u00edrek-lapszemle","twitter:description":"J\u00falius v\u00e9g\u00e9n a korm\u00e1ny kilencr\u0151l tizen\u00f6tre b\u0151v\u00edtette azon t\u00e1voli orsz\u00e1gok k\u00f6r\u00e9t, ahonnan k\u00f6nny\u00edtett felt\u00e9telekkel \u00e9rkezhetnek munkav\u00e1llal\u00f3k haz\u00e1nkba. 2022 j\u00fanius\u00e1ban a foglalkoztatottak \u00e1tlagos l\u00e9tsz\u00e1ma meghaladta a 4,7 milli\u00f3 f\u0151t. Ezzel p\u00e1rhuzamosan nagy kih\u00edv\u00e1st jelent a magyarorsz\u00e1gi c\u00e9geknek a munkaer\u0151hi\u00e1ny, ami a gazdas\u00e1g teljes\u00edt\u0151k\u00e9pess\u00e9g\u00e9t is h\u00e1tr\u00e1ltatja. A probl\u00e9m\u00e1ra reag\u00e1lva. A KSH legfrissebb adatai szerint 2022 j\u00fanius\u00e1ban a","twitter:image":"https:\/\/allasorias.hu\/hirek\/wp-content\/uploads\/2021\/12\/manpower-human-resource-planning.jpg","twitter:label1":"Written by","twitter:data1":"Juh\u00e1sz P\u00e9ter","twitter:label2":"Est. reading time","twitter:data2":"5 minutes"},"aioseo_meta_data":{"post_id":"5717","title":null,"description":null,"keywords":[],"keyphrases":{"focus":{"keyphrase":"","score":0,"analysis":{"keyphraseInTitle":{"score":0,"maxScore":9,"error":1}}},"additional":[]},"primary_term":null,"canonical_url":null,"og_title":null,"og_description":null,"og_object_type":"default","og_image_type":"default","og_image_url":null,"og_image_width":null,"og_image_height":null,"og_image_custom_url":null,"og_image_custom_fields":null,"og_video":"","og_custom_url":null,"og_article_section":null,"og_article_tags":[],"twitter_use_og":false,"twitter_card":"default","twitter_image_type":"default","twitter_image_url":null,"twitter_image_custom_url":null,"twitter_image_custom_fields":null,"twitter_title":null,"twitter_description":null,"schema":{"blockGraphs":[],"customGraphs":[],"default":{"data":{"Article":[],"Course":[],"Dataset":[],"FAQPage":[],"Movie":[],"Person":[],"Product":[],"ProductReview":[],"Car":[],"Recipe":[],"Service":[],"SoftwareApplication":[],"WebPage":[]},"graphName":"","isEnabled":true},"graphs":[],"defaultGraph":"Article","defaultPostTypeGraph":""},"schema_type":"default","schema_type_options":"{\"article\":{\"articleType\":\"BlogPosting\"},\"course\":{\"name\":\"\",\"description\":\"\",\"provider\":\"\"},\"faq\":{\"pages\":[]},\"product\":{\"reviews\":[]},\"recipe\":{\"ingredients\":[],\"instructions\":[],\"keywords\":[]},\"software\":{\"reviews\":[],\"operatingSystems\":[]},\"webPage\":{\"webPageType\":\"WebPage\"}}","pillar_content":false,"robots_default":true,"robots_noindex":false,"robots_noarchive":false,"robots_nosnippet":false,"robots_nofollow":false,"robots_noimageindex":false,"robots_noodp":false,"robots_notranslate":false,"robots_max_snippet":"-1","robots_max_videopreview":"-1","robots_max_imagepreview":"large","priority":null,"frequency":"default","location":null,"local_seo":null,"breadcrumb_settings":null,"limit_modified_date":false,"ai":null,"created":"2022-08-08 06:56:17","updated":"2025-10-02 17:07:08","seo_analyzer_scan_date":null,"focus_keyword":null,"additional_keywords":null,"truseo_locale":null},"aioseo_breadcrumb":"<div class=\"aioseo-breadcrumbs\"><span class=\"aioseo-breadcrumb\">\n\t\t\t<a href=\"https:\/\/allasorias.hu\/hirek\" title=\"Home\">Home<\/a>\n\t\t<\/span><span class=\"aioseo-breadcrumb-separator\">&raquo;<\/span><span class=\"aioseo-breadcrumb\">\n\t\t\t<a href=\"https:\/\/allasorias.hu\/hirek\/temak\/munkaeropiac\/\" title=\"Munkaer\u0151piac\">Munkaer\u0151piac<\/a>\n\t\t<\/span><span class=\"aioseo-breadcrumb-separator\">&raquo;<\/span><span class=\"aioseo-breadcrumb\">\n\t\t\tT\u00f6bb ter\u00fcleten is ig\u00e9ny van a k\u00fclf\u00f6ldiek munk\u00e1j\u00e1ra Magyarorsz\u00e1gon\n\t\t<\/span><\/div>","aioseo_breadcrumb_json":[{"label":"Home","link":"https:\/\/allasorias.hu\/hirek"},{"label":"Munkaer\u0151piac","link":"https:\/\/allasorias.hu\/hirek\/temak\/munkaeropiac\/"},{"label":"T\u00f6bb ter\u00fcleten is ig\u00e9ny van a k\u00fclf\u00f6ldiek munk\u00e1j\u00e1ra Magyarorsz\u00e1gon","link":"https:\/\/allasorias.hu\/hirek\/tobb-teruleten-is-igeny-van-a-kulfoldiek-munkajara-magyarorszagon\/"}],"_links":{"self":[{"href":"https:\/\/allasorias.hu\/hirek\/wp-json\/wp\/v2\/posts\/5717","targetHints":{"allow":["GET"]}}],"collection":[{"href":"https:\/\/allasorias.hu\/hirek\/wp-json\/wp\/v2\/posts"}],"about":[{"href":"https:\/\/allasorias.hu\/hirek\/wp-json\/wp\/v2\/types\/post"}],"author":[{"embeddable":true,"href":"https:\/\/allasorias.hu\/hirek\/wp-json\/wp\/v2\/users\/1"}],"replies":[{"embeddable":true,"href":"https:\/\/allasorias.hu\/hirek\/wp-json\/wp\/v2\/comments?post=5717"}],"version-history":[{"count":1,"href":"https:\/\/allasorias.hu\/hirek\/wp-json\/wp\/v2\/posts\/5717\/revisions"}],"predecessor-version":[{"id":5718,"href":"https:\/\/allasorias.hu\/hirek\/wp-json\/wp\/v2\/posts\/5717\/revisions\/5718"}],"wp:featuredmedia":[{"embeddable":true,"href":"https:\/\/allasorias.hu\/hirek\/wp-json\/wp\/v2\/media\/5258"}],"wp:attachment":[{"href":"https:\/\/allasorias.hu\/hirek\/wp-json\/wp\/v2\/media?parent=5717"}],"wp:term":[{"taxonomy":"category","embeddable":true,"href":"https:\/\/allasorias.hu\/hirek\/wp-json\/wp\/v2\/categories?post=5717"},{"taxonomy":"post_tag","embeddable":true,"href":"https:\/\/allasorias.hu\/hirek\/wp-json\/wp\/v2\/tags?post=5717"}],"curies":[{"name":"wp","href":"https:\/\/api.w.org\/{rel}","templated":true}]}}