{"id":5715,"date":"2022-08-05T07:30:30","date_gmt":"2022-08-05T07:30:30","guid":{"rendered":"https:\/\/allasorias.hu\/hirek\/?p=5715"},"modified":"2022-08-05T07:30:30","modified_gmt":"2022-08-05T07:30:30","slug":"tobb-tizezer-magyar-dolgozik-a-nemeteknel","status":"publish","type":"post","link":"https:\/\/allasorias.hu\/hirek\/tobb-tizezer-magyar-dolgozik-a-nemeteknel\/","title":{"rendered":"T\u00f6bb t\u00edzezer magyar dolgozik a n\u00e9metekn\u00e9l"},"content":{"rendered":"<p><strong>Magyarorsz\u00e1g a \u201ek\u00fcld\u0151\u201d tag\u00e1llamok sor\u00e1ban a hetedik, 83 ezer honfit\u00e1rsunk dolgozott tavaly \u00e9v v\u00e9g\u00e9n N\u00e9metorsz\u00e1gban. T\u00edz \u00e9v alatt t\u00f6bb mint h\u00e1romszoros\u00e1ra n\u0151tt az Eur\u00f3pai Uni\u00f3n k\u00edv\u00fclr\u0151l \u00e9rkez\u0151 n\u00e9metorsz\u00e1gi munkav\u00e1llal\u00f3k sz\u00e1ma, de az uni\u00f3s tag\u00e1llamokb\u00f3l is egyre t\u00f6bben dolgoznak a legnagyobb eur\u00f3pai gazdas\u00e1gban.<\/strong><\/p>\n<p>2021 v\u00e9g\u00e9n 295 ezren szerepeltek a k\u00fclf\u00f6ldiek k\u00f6zponti nyilv\u00e1ntart\u00e1s\u00e1ban, akik valamely Eur\u00f3pai Uni\u00f3n k\u00edv\u00fcli orsz\u00e1gb\u00f3l \u00e9rkeztek, \u00e9s ideiglenesen, munkav\u00e9gz\u00e9s c\u00e9lj\u00e1b\u00f3l tart\u00f3zkodnak N\u00e9metorsz\u00e1gban \u2013 t\u00e1j\u00e9koztatott a sz\u00f6vets\u00e9gi statisztikai hivatal. 2011 v\u00e9g\u00e9n a sz\u00e1muk 95 500 volt, ami \u201e\u00e9vtizedes viszonylatban\u201d 226 sz\u00e1zal\u00e9kos emelked\u00e9st jelent. A Destatis adatai szerint 2021 v\u00e9g\u00e9n a k\u00fclf\u00f6ldi munkav\u00e1llal\u00f3k 24 sz\u00e1zal\u00e9ka rendelkezett k\u00e9k k\u00e1rty\u00e1val, amelynek megszerz\u00e9s\u00e9hez egy egyetemi diploma \u00e9s egy konkr\u00e9t \u00e1ll\u00e1saj\u00e1nlat sz\u00fcks\u00e9ges, \u00e9s amely legal\u00e1bb 56 400 eur\u00f3s brutt\u00f3 \u00e9ves fizet\u00e9st biztos\u00edt. (A hi\u00e1nyszakm\u00e1kban az als\u00f3 b\u00e9rhat\u00e1r brutt\u00f3 43 992 eur\u00f3; 2021 v\u00e9g\u00e9n a k\u00e9k k\u00e1rty\u00e1val rendelkez\u0151k 48 sz\u00e1zal\u00e9ka dolgozott hi\u00e1nyszakm\u00e1ban, p\u00e9ld\u00e1ul orvosk\u00e9nt vagy informatikusk\u00e9nt.) A harmadik orsz\u00e1gb\u00f3l \u00e9rkez\u0151 k\u00fclf\u00f6ldi munkav\u00e1llal\u00f3k 11 sz\u00e1zal\u00e9ka indiai volt 2021 v\u00e9g\u00e9n (33,9 ezer f\u0151), majd a \u201ebalk\u00e1ni kontingensek\u201d k\u00f6vetkeznek: Bosznia \u00e9s Hercegovina (26,3 ezer f\u0151), Koszov\u00f3 (19,6 ezer f\u0151) \u00e9s Szerbia (13,4 ezer f\u0151). Az uni\u00f3s tag\u00e1llamokb\u00f3l term\u00e9szetesen sokkal t\u00f6bben \u00e9rkeznek N\u00e9metorsz\u00e1gba dolgozni. A mikrocenzus adatai szerint 2021-ben 1,65 milli\u00f3an voltak, ez 2017-hez k\u00e9pest, amikor el\u0151sz\u00f6r gy\u0171jt\u00f6tt\u00e9k \u00f6ssze ezt az adatot, 19 sz\u00e1zal\u00e9kos n\u00f6veked\u00e9st jelent. Az uni\u00f3s tag\u00e1llamokb\u00f3l \u00e9rkez\u0151 munkav\u00e1llal\u00f3k 71 sz\u00e1zal\u00e9ka m\u00e1r \u00e9rkez\u00e9sekor rendelkezett \u00e1ll\u00e1saj\u00e1nlattal. A 2021-ben N\u00e9metorsz\u00e1gban dolgoz\u00f3 uni\u00f3s munkav\u00e1llal\u00f3k k\u00f6zel negyede (23 sz\u00e1zal\u00e9k, 380 ezer f\u0151) Lengyelorsz\u00e1gb\u00f3l \u00e9rkezett, majd k\u00f6vette Rom\u00e1nia (16 sz\u00e1zal\u00e9k, 271 ezer f\u0151) \u00e9s Olaszorsz\u00e1g (13 sz\u00e1zal\u00e9k, 208 ezer f\u0151). Magyarorsz\u00e1g a \u201ek\u00fcld\u0151\u201d tag\u00e1llamok sor\u00e1ban a hetedik, 83 ezer honfit\u00e1rsunk dolgozott tavaly \u00e9v v\u00e9g\u00e9n N\u00e9metorsz\u00e1gban. Nem mindenkinek siker\u00fcl(t) ugyanakkor elhelyezkednie. 2021-ben \u00f6sszesen valamivel kevesebb mint 2,72 milli\u00f3 olyan ember \u00e9lt N\u00e9metorsz\u00e1gban, aki els\u0151sorban munkav\u00e1llal\u00e1si c\u00e9llal utazott oda. 43 sz\u00e1zal\u00e9kuk 2014-ben vagy k\u00e9s\u0151bb, 15 sz\u00e1zal\u00e9kuk pedig 2008 \u00e9s 2013 k\u00f6z\u00f6tt \u00e9rkezett az orsz\u00e1gba.<\/p>\n<p>&nbsp;<\/p>\n<p>Forr\u00e1s: uzletem.hu<\/p>\n","protected":false},"excerpt":{"rendered":"<p>Magyarorsz\u00e1g a \u201ek\u00fcld\u0151\u201d tag\u00e1llamok sor\u00e1ban a hetedik, 83 ezer honfit\u00e1rsunk dolgozott tavaly \u00e9v v\u00e9g\u00e9n N\u00e9metorsz\u00e1gban. T\u00edz \u00e9v alatt t\u00f6bb mint h\u00e1romszoros\u00e1ra n\u0151tt az Eur\u00f3pai Uni\u00f3n k\u00edv\u00fclr\u0151l \u00e9rkez\u0151 n\u00e9metorsz\u00e1gi munkav\u00e1llal\u00f3k sz\u00e1ma, de az uni\u00f3s tag\u00e1llamokb\u00f3l is egyre t\u00f6bben dolgoznak a legnagyobb eur\u00f3pai gazdas\u00e1gban. 2021 v\u00e9g\u00e9n 295 ezren szerepeltek a k\u00fclf\u00f6ldiek k\u00f6zponti nyilv\u00e1ntart\u00e1s\u00e1ban, akik valamely Eur\u00f3pai Uni\u00f3n [&hellip;]<\/p>\n","protected":false},"author":1,"featured_media":5520,"comment_status":"open","ping_status":"open","sticky":false,"template":"","format":"standard","meta":{"_monsterinsights_skip_tracking":false,"footnotes":""},"categories":[201,200],"tags":[],"class_list":["post-5715","post","type-post","status-publish","format-standard","has-post-thumbnail","hentry","category-kulfold","category-munkaeropiac"],"aioseo_notices":[],"aioseo_head":"\n\t\t<!-- All in One SEO 5.0.0.1 - aioseo.com -->\n\t<meta name=\"description\" content=\"Magyarorsz\u00e1g a \u201ek\u00fcld\u0151\u201d tag\u00e1llamok sor\u00e1ban a hetedik, 83 ezer honfit\u00e1rsunk dolgozott tavaly \u00e9v v\u00e9g\u00e9n N\u00e9metorsz\u00e1gban. T\u00edz \u00e9v alatt t\u00f6bb mint h\u00e1romszoros\u00e1ra n\u0151tt az Eur\u00f3pai Uni\u00f3n k\u00edv\u00fclr\u0151l \u00e9rkez\u0151 n\u00e9metorsz\u00e1gi munkav\u00e1llal\u00f3k sz\u00e1ma, de az uni\u00f3s tag\u00e1llamokb\u00f3l is egyre t\u00f6bben dolgoznak a legnagyobb eur\u00f3pai gazdas\u00e1gban. 2021 v\u00e9g\u00e9n 295 ezren szerepeltek a k\u00fclf\u00f6ldiek k\u00f6zponti nyilv\u00e1ntart\u00e1s\u00e1ban, akik valamely Eur\u00f3pai Uni\u00f3n\" \/>\n\t<meta name=\"robots\" content=\"max-image-preview:large\" \/>\n\t<meta name=\"author\" content=\"Juh\u00e1sz P\u00e9ter\"\/>\n\t<link rel=\"canonical\" href=\"https:\/\/allasorias.hu\/hirek\/tobb-tizezer-magyar-dolgozik-a-nemeteknel\/\" \/>\n\t<meta name=\"generator\" content=\"All in One SEO (AIOSEO) 5.0.0.1\" \/>\n\t\t<meta property=\"og:locale\" content=\"hu_HU\" \/>\n\t\t<meta property=\"og:site_name\" content=\"AllasOrias.hu | H\u00edrek-lapszemle | \u00dczleti h\u00edrek az \u00e1ll\u00e1s \u00e9s a munka vil\u00e1g\u00e1b\u00f3l\" \/>\n\t\t<meta property=\"og:type\" content=\"article\" \/>\n\t\t<meta property=\"og:title\" content=\"T\u00f6bb t\u00edzezer magyar dolgozik a n\u00e9metekn\u00e9l | AllasOrias.hu | H\u00edrek-lapszemle\" \/>\n\t\t<meta property=\"og:description\" content=\"Magyarorsz\u00e1g a \u201ek\u00fcld\u0151\u201d tag\u00e1llamok sor\u00e1ban a hetedik, 83 ezer honfit\u00e1rsunk dolgozott tavaly \u00e9v v\u00e9g\u00e9n N\u00e9metorsz\u00e1gban. T\u00edz \u00e9v alatt t\u00f6bb mint h\u00e1romszoros\u00e1ra n\u0151tt az Eur\u00f3pai Uni\u00f3n k\u00edv\u00fclr\u0151l \u00e9rkez\u0151 n\u00e9metorsz\u00e1gi munkav\u00e1llal\u00f3k sz\u00e1ma, de az uni\u00f3s tag\u00e1llamokb\u00f3l is egyre t\u00f6bben dolgoznak a legnagyobb eur\u00f3pai gazdas\u00e1gban. 2021 v\u00e9g\u00e9n 295 ezren szerepeltek a k\u00fclf\u00f6ldiek k\u00f6zponti nyilv\u00e1ntart\u00e1s\u00e1ban, akik valamely Eur\u00f3pai Uni\u00f3n\" \/>\n\t\t<meta property=\"og:url\" content=\"https:\/\/allasorias.hu\/hirek\/tobb-tizezer-magyar-dolgozik-a-nemeteknel\/\" \/>\n\t\t<meta property=\"og:image\" content=\"https:\/\/allasorias.hu\/hirek\/wp-content\/uploads\/2022\/04\/flags-germany.jpg\" \/>\n\t\t<meta property=\"og:image:secure_url\" content=\"https:\/\/allasorias.hu\/hirek\/wp-content\/uploads\/2022\/04\/flags-germany.jpg\" \/>\n\t\t<meta property=\"og:image:width\" content=\"1920\" \/>\n\t\t<meta property=\"og:image:height\" content=\"1280\" \/>\n\t\t<meta property=\"article:published_time\" content=\"2022-08-05T07:30:30+00:00\" \/>\n\t\t<meta property=\"article:modified_time\" content=\"2022-08-05T07:30:30+00:00\" \/>\n\t\t<meta property=\"article:publisher\" content=\"https:\/\/www.facebook.com\/allasorias\" \/>\n\t\t<meta name=\"twitter:card\" content=\"summary_large_image\" \/>\n\t\t<meta name=\"twitter:title\" content=\"T\u00f6bb t\u00edzezer magyar dolgozik a n\u00e9metekn\u00e9l | AllasOrias.hu | H\u00edrek-lapszemle\" \/>\n\t\t<meta name=\"twitter:description\" content=\"Magyarorsz\u00e1g a \u201ek\u00fcld\u0151\u201d tag\u00e1llamok sor\u00e1ban a hetedik, 83 ezer honfit\u00e1rsunk dolgozott tavaly \u00e9v v\u00e9g\u00e9n N\u00e9metorsz\u00e1gban. T\u00edz \u00e9v alatt t\u00f6bb mint h\u00e1romszoros\u00e1ra n\u0151tt az Eur\u00f3pai Uni\u00f3n k\u00edv\u00fclr\u0151l \u00e9rkez\u0151 n\u00e9metorsz\u00e1gi munkav\u00e1llal\u00f3k sz\u00e1ma, de az uni\u00f3s tag\u00e1llamokb\u00f3l is egyre t\u00f6bben dolgoznak a legnagyobb eur\u00f3pai gazdas\u00e1gban. 2021 v\u00e9g\u00e9n 295 ezren szerepeltek a k\u00fclf\u00f6ldiek k\u00f6zponti nyilv\u00e1ntart\u00e1s\u00e1ban, akik valamely Eur\u00f3pai Uni\u00f3n\" \/>\n\t\t<meta name=\"twitter:image\" content=\"https:\/\/allasorias.hu\/hirek\/wp-content\/uploads\/2022\/04\/flags-germany.jpg\" \/>\n\t\t<meta name=\"twitter:label1\" content=\"Written by\" \/>\n\t\t<meta name=\"twitter:data1\" content=\"Juh\u00e1sz P\u00e9ter\" \/>\n\t\t<meta name=\"twitter:label2\" content=\"Est. reading time\" \/>\n\t\t<meta name=\"twitter:data2\" content=\"2 minutes\" \/>\n\t\t<script type=\"application\/ld+json\" class=\"aioseo-schema\">\n\t\t\t{\"@context\":\"https:\\\/\\\/schema.org\",\"@graph\":[{\"@type\":\"Article\",\"@id\":\"https:\\\/\\\/allasorias.hu\\\/hirek\\\/tobb-tizezer-magyar-dolgozik-a-nemeteknel\\\/#article\",\"name\":\"T\\u00f6bb t\\u00edzezer magyar dolgozik a n\\u00e9metekn\\u00e9l | AllasOrias.hu | H\\u00edrek-lapszemle\",\"headline\":\"T\\u00f6bb t\\u00edzezer magyar dolgozik a n\\u00e9metekn\\u00e9l\",\"author\":{\"@id\":\"https:\\\/\\\/allasorias.hu\\\/hirek\\\/author\\\/admin-allasorias\\\/#author\"},\"publisher\":{\"@id\":\"https:\\\/\\\/allasorias.hu\\\/hirek\\\/#organization\"},\"image\":{\"@type\":\"ImageObject\",\"url\":\"https:\\\/\\\/allasorias.hu\\\/hirek\\\/wp-content\\\/uploads\\\/2022\\\/04\\\/flags-germany.jpg\",\"width\":1920,\"height\":1280,\"caption\":\"Flags of Germany\"},\"datePublished\":\"2022-08-05T07:30:30+02:00\",\"dateModified\":\"2022-08-05T07:30:30+02:00\",\"inLanguage\":\"hu-HU\",\"mainEntityOfPage\":{\"@id\":\"https:\\\/\\\/allasorias.hu\\\/hirek\\\/tobb-tizezer-magyar-dolgozik-a-nemeteknel\\\/#webpage\"},\"isPartOf\":{\"@id\":\"https:\\\/\\\/allasorias.hu\\\/hirek\\\/tobb-tizezer-magyar-dolgozik-a-nemeteknel\\\/#webpage\"},\"articleSection\":\"K\\u00fclf\\u00f6ld, Munkaer\\u0151piac\"},{\"@type\":\"BreadcrumbList\",\"@id\":\"https:\\\/\\\/allasorias.hu\\\/hirek\\\/tobb-tizezer-magyar-dolgozik-a-nemeteknel\\\/#breadcrumblist\",\"itemListElement\":[{\"@type\":\"ListItem\",\"@id\":\"https:\\\/\\\/allasorias.hu\\\/hirek#listItem\",\"position\":1,\"name\":\"Home\",\"item\":\"https:\\\/\\\/allasorias.hu\\\/hirek\",\"nextItem\":{\"@type\":\"ListItem\",\"@id\":\"https:\\\/\\\/allasorias.hu\\\/hirek\\\/temak\\\/munkaeropiac\\\/#listItem\",\"name\":\"Munkaer\\u0151piac\"}},{\"@type\":\"ListItem\",\"@id\":\"https:\\\/\\\/allasorias.hu\\\/hirek\\\/temak\\\/munkaeropiac\\\/#listItem\",\"position\":2,\"name\":\"Munkaer\\u0151piac\",\"item\":\"https:\\\/\\\/allasorias.hu\\\/hirek\\\/temak\\\/munkaeropiac\\\/\",\"nextItem\":{\"@type\":\"ListItem\",\"@id\":\"https:\\\/\\\/allasorias.hu\\\/hirek\\\/tobb-tizezer-magyar-dolgozik-a-nemeteknel\\\/#listItem\",\"name\":\"T\\u00f6bb t\\u00edzezer magyar dolgozik a n\\u00e9metekn\\u00e9l\"},\"previousItem\":{\"@type\":\"ListItem\",\"@id\":\"https:\\\/\\\/allasorias.hu\\\/hirek#listItem\",\"name\":\"Home\"}},{\"@type\":\"ListItem\",\"@id\":\"https:\\\/\\\/allasorias.hu\\\/hirek\\\/tobb-tizezer-magyar-dolgozik-a-nemeteknel\\\/#listItem\",\"position\":3,\"name\":\"T\\u00f6bb t\\u00edzezer magyar dolgozik a n\\u00e9metekn\\u00e9l\",\"previousItem\":{\"@type\":\"ListItem\",\"@id\":\"https:\\\/\\\/allasorias.hu\\\/hirek\\\/temak\\\/munkaeropiac\\\/#listItem\",\"name\":\"Munkaer\\u0151piac\"}}]},{\"@type\":\"Organization\",\"@id\":\"https:\\\/\\\/allasorias.hu\\\/hirek\\\/#organization\",\"name\":\"AllasOrias.hu | H\\u00edrek-lapszemle\",\"description\":\"\\u00dczleti h\\u00edrek az \\u00e1ll\\u00e1s \\u00e9s a munka vil\\u00e1g\\u00e1b\\u00f3l\",\"url\":\"https:\\\/\\\/allasorias.hu\\\/hirek\\\/\",\"logo\":{\"@type\":\"ImageObject\",\"url\":\"https:\\\/\\\/allasorias.hu\\\/hirek\\\/wp-content\\\/uploads\\\/2022\\\/10\\\/allasorias_site_facebok_logo.png\",\"@id\":\"https:\\\/\\\/allasorias.hu\\\/hirek\\\/tobb-tizezer-magyar-dolgozik-a-nemeteknel\\\/#organizationLogo\"},\"image\":{\"@id\":\"https:\\\/\\\/allasorias.hu\\\/hirek\\\/tobb-tizezer-magyar-dolgozik-a-nemeteknel\\\/#organizationLogo\"},\"sameAs\":[\"https:\\\/\\\/www.facebook.com\\\/allasorias\",\"https:\\\/\\\/www.linkedin.com\\\/company\\\/allasorias\"]},{\"@type\":\"Person\",\"@id\":\"https:\\\/\\\/allasorias.hu\\\/hirek\\\/author\\\/admin-allasorias\\\/#author\",\"url\":\"https:\\\/\\\/allasorias.hu\\\/hirek\\\/author\\\/admin-allasorias\\\/\",\"name\":\"Juh\\u00e1sz P\\u00e9ter\",\"image\":{\"@type\":\"ImageObject\",\"@id\":\"https:\\\/\\\/allasorias.hu\\\/hirek\\\/tobb-tizezer-magyar-dolgozik-a-nemeteknel\\\/#authorImage\",\"url\":\"https:\\\/\\\/secure.gravatar.com\\\/avatar\\\/36e6bcb83148978b992977cb0f54d22feb0cce8a0a849a9410532bb2623ba4c6?s=96&d=mm&r=g\",\"width\":96,\"height\":96,\"caption\":\"Juh\\u00e1sz P\\u00e9ter\"}},{\"@type\":\"WebPage\",\"@id\":\"https:\\\/\\\/allasorias.hu\\\/hirek\\\/tobb-tizezer-magyar-dolgozik-a-nemeteknel\\\/#webpage\",\"url\":\"https:\\\/\\\/allasorias.hu\\\/hirek\\\/tobb-tizezer-magyar-dolgozik-a-nemeteknel\\\/\",\"name\":\"T\\u00f6bb t\\u00edzezer magyar dolgozik a n\\u00e9metekn\\u00e9l | AllasOrias.hu | H\\u00edrek-lapszemle\",\"description\":\"Magyarorsz\\u00e1g a \\u201ek\\u00fcld\\u0151\\u201d tag\\u00e1llamok sor\\u00e1ban a hetedik, 83 ezer honfit\\u00e1rsunk dolgozott tavaly \\u00e9v v\\u00e9g\\u00e9n N\\u00e9metorsz\\u00e1gban. T\\u00edz \\u00e9v alatt t\\u00f6bb mint h\\u00e1romszoros\\u00e1ra n\\u0151tt az Eur\\u00f3pai Uni\\u00f3n k\\u00edv\\u00fclr\\u0151l \\u00e9rkez\\u0151 n\\u00e9metorsz\\u00e1gi munkav\\u00e1llal\\u00f3k sz\\u00e1ma, de az uni\\u00f3s tag\\u00e1llamokb\\u00f3l is egyre t\\u00f6bben dolgoznak a legnagyobb eur\\u00f3pai gazdas\\u00e1gban. 2021 v\\u00e9g\\u00e9n 295 ezren szerepeltek a k\\u00fclf\\u00f6ldiek k\\u00f6zponti nyilv\\u00e1ntart\\u00e1s\\u00e1ban, akik valamely Eur\\u00f3pai Uni\\u00f3n\",\"inLanguage\":\"hu-HU\",\"isPartOf\":{\"@id\":\"https:\\\/\\\/allasorias.hu\\\/hirek\\\/#website\"},\"breadcrumb\":{\"@id\":\"https:\\\/\\\/allasorias.hu\\\/hirek\\\/tobb-tizezer-magyar-dolgozik-a-nemeteknel\\\/#breadcrumblist\"},\"author\":{\"@id\":\"https:\\\/\\\/allasorias.hu\\\/hirek\\\/author\\\/admin-allasorias\\\/#author\"},\"creator\":{\"@id\":\"https:\\\/\\\/allasorias.hu\\\/hirek\\\/author\\\/admin-allasorias\\\/#author\"},\"image\":{\"@type\":\"ImageObject\",\"url\":\"https:\\\/\\\/allasorias.hu\\\/hirek\\\/wp-content\\\/uploads\\\/2022\\\/04\\\/flags-germany.jpg\",\"@id\":\"https:\\\/\\\/allasorias.hu\\\/hirek\\\/tobb-tizezer-magyar-dolgozik-a-nemeteknel\\\/#mainImage\",\"width\":1920,\"height\":1280,\"caption\":\"Flags of Germany\"},\"primaryImageOfPage\":{\"@id\":\"https:\\\/\\\/allasorias.hu\\\/hirek\\\/tobb-tizezer-magyar-dolgozik-a-nemeteknel\\\/#mainImage\"},\"datePublished\":\"2022-08-05T07:30:30+02:00\",\"dateModified\":\"2022-08-05T07:30:30+02:00\"},{\"@type\":\"WebSite\",\"@id\":\"https:\\\/\\\/allasorias.hu\\\/hirek\\\/#website\",\"url\":\"https:\\\/\\\/allasorias.hu\\\/hirek\\\/\",\"name\":\"AllasOrias.hu | H\\u00edrek-lapszemle\",\"description\":\"\\u00dczleti h\\u00edrek az \\u00e1ll\\u00e1s \\u00e9s a munka vil\\u00e1g\\u00e1b\\u00f3l\",\"inLanguage\":\"hu-HU\",\"publisher\":{\"@id\":\"https:\\\/\\\/allasorias.hu\\\/hirek\\\/#organization\"}}]}\n\t\t<\/script>\n\t\t<!-- All in One SEO -->\n\n","aioseo_head_json":{"title":"T\u00f6bb t\u00edzezer magyar dolgozik a n\u00e9metekn\u00e9l | AllasOrias.hu | H\u00edrek-lapszemle","description":"Magyarorsz\u00e1g a \u201ek\u00fcld\u0151\u201d tag\u00e1llamok sor\u00e1ban a hetedik, 83 ezer honfit\u00e1rsunk dolgozott tavaly \u00e9v v\u00e9g\u00e9n N\u00e9metorsz\u00e1gban. T\u00edz \u00e9v alatt t\u00f6bb mint h\u00e1romszoros\u00e1ra n\u0151tt az Eur\u00f3pai Uni\u00f3n k\u00edv\u00fclr\u0151l \u00e9rkez\u0151 n\u00e9metorsz\u00e1gi munkav\u00e1llal\u00f3k sz\u00e1ma, de az uni\u00f3s tag\u00e1llamokb\u00f3l is egyre t\u00f6bben dolgoznak a legnagyobb eur\u00f3pai gazdas\u00e1gban. 2021 v\u00e9g\u00e9n 295 ezren szerepeltek a k\u00fclf\u00f6ldiek k\u00f6zponti nyilv\u00e1ntart\u00e1s\u00e1ban, akik valamely Eur\u00f3pai Uni\u00f3n","canonical_url":"https:\/\/allasorias.hu\/hirek\/tobb-tizezer-magyar-dolgozik-a-nemeteknel\/","robots":"max-image-preview:large","keywords":"","webmasterTools":{"miscellaneous":""},"schema":{"@context":"https:\/\/schema.org","@graph":[{"@type":"Article","@id":"https:\/\/allasorias.hu\/hirek\/tobb-tizezer-magyar-dolgozik-a-nemeteknel\/#article","name":"T\u00f6bb t\u00edzezer magyar dolgozik a n\u00e9metekn\u00e9l | AllasOrias.hu | H\u00edrek-lapszemle","headline":"T\u00f6bb t\u00edzezer magyar dolgozik a n\u00e9metekn\u00e9l","author":{"@id":"https:\/\/allasorias.hu\/hirek\/author\/admin-allasorias\/#author"},"publisher":{"@id":"https:\/\/allasorias.hu\/hirek\/#organization"},"image":{"@type":"ImageObject","url":"https:\/\/allasorias.hu\/hirek\/wp-content\/uploads\/2022\/04\/flags-germany.jpg","width":1920,"height":1280,"caption":"Flags of Germany"},"datePublished":"2022-08-05T07:30:30+02:00","dateModified":"2022-08-05T07:30:30+02:00","inLanguage":"hu-HU","mainEntityOfPage":{"@id":"https:\/\/allasorias.hu\/hirek\/tobb-tizezer-magyar-dolgozik-a-nemeteknel\/#webpage"},"isPartOf":{"@id":"https:\/\/allasorias.hu\/hirek\/tobb-tizezer-magyar-dolgozik-a-nemeteknel\/#webpage"},"articleSection":"K\u00fclf\u00f6ld, Munkaer\u0151piac"},{"@type":"BreadcrumbList","@id":"https:\/\/allasorias.hu\/hirek\/tobb-tizezer-magyar-dolgozik-a-nemeteknel\/#breadcrumblist","itemListElement":[{"@type":"ListItem","@id":"https:\/\/allasorias.hu\/hirek#listItem","position":1,"name":"Home","item":"https:\/\/allasorias.hu\/hirek","nextItem":{"@type":"ListItem","@id":"https:\/\/allasorias.hu\/hirek\/temak\/munkaeropiac\/#listItem","name":"Munkaer\u0151piac"}},{"@type":"ListItem","@id":"https:\/\/allasorias.hu\/hirek\/temak\/munkaeropiac\/#listItem","position":2,"name":"Munkaer\u0151piac","item":"https:\/\/allasorias.hu\/hirek\/temak\/munkaeropiac\/","nextItem":{"@type":"ListItem","@id":"https:\/\/allasorias.hu\/hirek\/tobb-tizezer-magyar-dolgozik-a-nemeteknel\/#listItem","name":"T\u00f6bb t\u00edzezer magyar dolgozik a n\u00e9metekn\u00e9l"},"previousItem":{"@type":"ListItem","@id":"https:\/\/allasorias.hu\/hirek#listItem","name":"Home"}},{"@type":"ListItem","@id":"https:\/\/allasorias.hu\/hirek\/tobb-tizezer-magyar-dolgozik-a-nemeteknel\/#listItem","position":3,"name":"T\u00f6bb t\u00edzezer magyar dolgozik a n\u00e9metekn\u00e9l","previousItem":{"@type":"ListItem","@id":"https:\/\/allasorias.hu\/hirek\/temak\/munkaeropiac\/#listItem","name":"Munkaer\u0151piac"}}]},{"@type":"Organization","@id":"https:\/\/allasorias.hu\/hirek\/#organization","name":"AllasOrias.hu | H\u00edrek-lapszemle","description":"\u00dczleti h\u00edrek az \u00e1ll\u00e1s \u00e9s a munka vil\u00e1g\u00e1b\u00f3l","url":"https:\/\/allasorias.hu\/hirek\/","logo":{"@type":"ImageObject","url":"https:\/\/allasorias.hu\/hirek\/wp-content\/uploads\/2022\/10\/allasorias_site_facebok_logo.png","@id":"https:\/\/allasorias.hu\/hirek\/tobb-tizezer-magyar-dolgozik-a-nemeteknel\/#organizationLogo"},"image":{"@id":"https:\/\/allasorias.hu\/hirek\/tobb-tizezer-magyar-dolgozik-a-nemeteknel\/#organizationLogo"},"sameAs":["https:\/\/www.facebook.com\/allasorias","https:\/\/www.linkedin.com\/company\/allasorias"]},{"@type":"Person","@id":"https:\/\/allasorias.hu\/hirek\/author\/admin-allasorias\/#author","url":"https:\/\/allasorias.hu\/hirek\/author\/admin-allasorias\/","name":"Juh\u00e1sz P\u00e9ter","image":{"@type":"ImageObject","@id":"https:\/\/allasorias.hu\/hirek\/tobb-tizezer-magyar-dolgozik-a-nemeteknel\/#authorImage","url":"https:\/\/secure.gravatar.com\/avatar\/36e6bcb83148978b992977cb0f54d22feb0cce8a0a849a9410532bb2623ba4c6?s=96&d=mm&r=g","width":96,"height":96,"caption":"Juh\u00e1sz P\u00e9ter"}},{"@type":"WebPage","@id":"https:\/\/allasorias.hu\/hirek\/tobb-tizezer-magyar-dolgozik-a-nemeteknel\/#webpage","url":"https:\/\/allasorias.hu\/hirek\/tobb-tizezer-magyar-dolgozik-a-nemeteknel\/","name":"T\u00f6bb t\u00edzezer magyar dolgozik a n\u00e9metekn\u00e9l | AllasOrias.hu | H\u00edrek-lapszemle","description":"Magyarorsz\u00e1g a \u201ek\u00fcld\u0151\u201d tag\u00e1llamok sor\u00e1ban a hetedik, 83 ezer honfit\u00e1rsunk dolgozott tavaly \u00e9v v\u00e9g\u00e9n N\u00e9metorsz\u00e1gban. T\u00edz \u00e9v alatt t\u00f6bb mint h\u00e1romszoros\u00e1ra n\u0151tt az Eur\u00f3pai Uni\u00f3n k\u00edv\u00fclr\u0151l \u00e9rkez\u0151 n\u00e9metorsz\u00e1gi munkav\u00e1llal\u00f3k sz\u00e1ma, de az uni\u00f3s tag\u00e1llamokb\u00f3l is egyre t\u00f6bben dolgoznak a legnagyobb eur\u00f3pai gazdas\u00e1gban. 2021 v\u00e9g\u00e9n 295 ezren szerepeltek a k\u00fclf\u00f6ldiek k\u00f6zponti nyilv\u00e1ntart\u00e1s\u00e1ban, akik valamely Eur\u00f3pai Uni\u00f3n","inLanguage":"hu-HU","isPartOf":{"@id":"https:\/\/allasorias.hu\/hirek\/#website"},"breadcrumb":{"@id":"https:\/\/allasorias.hu\/hirek\/tobb-tizezer-magyar-dolgozik-a-nemeteknel\/#breadcrumblist"},"author":{"@id":"https:\/\/allasorias.hu\/hirek\/author\/admin-allasorias\/#author"},"creator":{"@id":"https:\/\/allasorias.hu\/hirek\/author\/admin-allasorias\/#author"},"image":{"@type":"ImageObject","url":"https:\/\/allasorias.hu\/hirek\/wp-content\/uploads\/2022\/04\/flags-germany.jpg","@id":"https:\/\/allasorias.hu\/hirek\/tobb-tizezer-magyar-dolgozik-a-nemeteknel\/#mainImage","width":1920,"height":1280,"caption":"Flags of Germany"},"primaryImageOfPage":{"@id":"https:\/\/allasorias.hu\/hirek\/tobb-tizezer-magyar-dolgozik-a-nemeteknel\/#mainImage"},"datePublished":"2022-08-05T07:30:30+02:00","dateModified":"2022-08-05T07:30:30+02:00"},{"@type":"WebSite","@id":"https:\/\/allasorias.hu\/hirek\/#website","url":"https:\/\/allasorias.hu\/hirek\/","name":"AllasOrias.hu | H\u00edrek-lapszemle","description":"\u00dczleti h\u00edrek az \u00e1ll\u00e1s \u00e9s a munka vil\u00e1g\u00e1b\u00f3l","inLanguage":"hu-HU","publisher":{"@id":"https:\/\/allasorias.hu\/hirek\/#organization"}}]},"og:locale":"hu_HU","og:site_name":"AllasOrias.hu | H\u00edrek-lapszemle | \u00dczleti h\u00edrek az \u00e1ll\u00e1s \u00e9s a munka vil\u00e1g\u00e1b\u00f3l","og:type":"article","og:title":"T\u00f6bb t\u00edzezer magyar dolgozik a n\u00e9metekn\u00e9l | AllasOrias.hu | H\u00edrek-lapszemle","og:description":"Magyarorsz\u00e1g a \u201ek\u00fcld\u0151\u201d tag\u00e1llamok sor\u00e1ban a hetedik, 83 ezer honfit\u00e1rsunk dolgozott tavaly \u00e9v v\u00e9g\u00e9n N\u00e9metorsz\u00e1gban. T\u00edz \u00e9v alatt t\u00f6bb mint h\u00e1romszoros\u00e1ra n\u0151tt az Eur\u00f3pai Uni\u00f3n k\u00edv\u00fclr\u0151l \u00e9rkez\u0151 n\u00e9metorsz\u00e1gi munkav\u00e1llal\u00f3k sz\u00e1ma, de az uni\u00f3s tag\u00e1llamokb\u00f3l is egyre t\u00f6bben dolgoznak a legnagyobb eur\u00f3pai gazdas\u00e1gban. 2021 v\u00e9g\u00e9n 295 ezren szerepeltek a k\u00fclf\u00f6ldiek k\u00f6zponti nyilv\u00e1ntart\u00e1s\u00e1ban, akik valamely Eur\u00f3pai Uni\u00f3n","og:url":"https:\/\/allasorias.hu\/hirek\/tobb-tizezer-magyar-dolgozik-a-nemeteknel\/","og:image":"https:\/\/allasorias.hu\/hirek\/wp-content\/uploads\/2022\/04\/flags-germany.jpg","og:image:secure_url":"https:\/\/allasorias.hu\/hirek\/wp-content\/uploads\/2022\/04\/flags-germany.jpg","og:image:width":1920,"og:image:height":1280,"article:published_time":"2022-08-05T07:30:30+00:00","article:modified_time":"2022-08-05T07:30:30+00:00","article:publisher":"https:\/\/www.facebook.com\/allasorias","twitter:card":"summary_large_image","twitter:title":"T\u00f6bb t\u00edzezer magyar dolgozik a n\u00e9metekn\u00e9l | AllasOrias.hu | H\u00edrek-lapszemle","twitter:description":"Magyarorsz\u00e1g a \u201ek\u00fcld\u0151\u201d tag\u00e1llamok sor\u00e1ban a hetedik, 83 ezer honfit\u00e1rsunk dolgozott tavaly \u00e9v v\u00e9g\u00e9n N\u00e9metorsz\u00e1gban. T\u00edz \u00e9v alatt t\u00f6bb mint h\u00e1romszoros\u00e1ra n\u0151tt az Eur\u00f3pai Uni\u00f3n k\u00edv\u00fclr\u0151l \u00e9rkez\u0151 n\u00e9metorsz\u00e1gi munkav\u00e1llal\u00f3k sz\u00e1ma, de az uni\u00f3s tag\u00e1llamokb\u00f3l is egyre t\u00f6bben dolgoznak a legnagyobb eur\u00f3pai gazdas\u00e1gban. 2021 v\u00e9g\u00e9n 295 ezren szerepeltek a k\u00fclf\u00f6ldiek k\u00f6zponti nyilv\u00e1ntart\u00e1s\u00e1ban, akik valamely Eur\u00f3pai Uni\u00f3n","twitter:image":"https:\/\/allasorias.hu\/hirek\/wp-content\/uploads\/2022\/04\/flags-germany.jpg","twitter:label1":"Written by","twitter:data1":"Juh\u00e1sz P\u00e9ter","twitter:label2":"Est. reading time","twitter:data2":"2 minutes"},"aioseo_meta_data":{"post_id":"5715","title":null,"description":null,"keywords":[],"keyphrases":{"focus":{"keyphrase":"","score":0,"analysis":{"keyphraseInTitle":{"score":0,"maxScore":9,"error":1}}},"additional":[]},"primary_term":null,"canonical_url":null,"og_title":null,"og_description":null,"og_object_type":"default","og_image_type":"default","og_image_url":null,"og_image_width":null,"og_image_height":null,"og_image_custom_url":null,"og_image_custom_fields":null,"og_video":"","og_custom_url":null,"og_article_section":null,"og_article_tags":[],"twitter_use_og":false,"twitter_card":"default","twitter_image_type":"default","twitter_image_url":null,"twitter_image_custom_url":null,"twitter_image_custom_fields":null,"twitter_title":null,"twitter_description":null,"schema":{"blockGraphs":[],"customGraphs":[],"default":{"data":{"Article":[],"Course":[],"Dataset":[],"FAQPage":[],"Movie":[],"Person":[],"Product":[],"ProductReview":[],"Car":[],"Recipe":[],"Service":[],"SoftwareApplication":[],"WebPage":[]},"graphName":"","isEnabled":true},"graphs":[],"defaultGraph":"Article","defaultPostTypeGraph":""},"schema_type":"default","schema_type_options":"{\"article\":{\"articleType\":\"BlogPosting\"},\"course\":{\"name\":\"\",\"description\":\"\",\"provider\":\"\"},\"faq\":{\"pages\":[]},\"product\":{\"reviews\":[]},\"recipe\":{\"ingredients\":[],\"instructions\":[],\"keywords\":[]},\"software\":{\"reviews\":[],\"operatingSystems\":[]},\"webPage\":{\"webPageType\":\"WebPage\"}}","pillar_content":false,"robots_default":true,"robots_noindex":false,"robots_noarchive":false,"robots_nosnippet":false,"robots_nofollow":false,"robots_noimageindex":false,"robots_noodp":false,"robots_notranslate":false,"robots_max_snippet":"-1","robots_max_videopreview":"-1","robots_max_imagepreview":"large","priority":null,"frequency":"default","location":null,"local_seo":null,"breadcrumb_settings":null,"limit_modified_date":false,"ai":null,"created":"2022-08-05 07:30:04","updated":"2025-10-02 17:07:08","seo_analyzer_scan_date":null,"focus_keyword":null,"additional_keywords":null,"truseo_locale":null},"aioseo_breadcrumb":"<div class=\"aioseo-breadcrumbs\"><span class=\"aioseo-breadcrumb\">\n\t\t\t<a href=\"https:\/\/allasorias.hu\/hirek\" title=\"Home\">Home<\/a>\n\t\t<\/span><span class=\"aioseo-breadcrumb-separator\">&raquo;<\/span><span class=\"aioseo-breadcrumb\">\n\t\t\t<a href=\"https:\/\/allasorias.hu\/hirek\/temak\/munkaeropiac\/\" title=\"Munkaer\u0151piac\">Munkaer\u0151piac<\/a>\n\t\t<\/span><span class=\"aioseo-breadcrumb-separator\">&raquo;<\/span><span class=\"aioseo-breadcrumb\">\n\t\t\tT\u00f6bb t\u00edzezer magyar dolgozik a n\u00e9metekn\u00e9l\n\t\t<\/span><\/div>","aioseo_breadcrumb_json":[{"label":"Home","link":"https:\/\/allasorias.hu\/hirek"},{"label":"Munkaer\u0151piac","link":"https:\/\/allasorias.hu\/hirek\/temak\/munkaeropiac\/"},{"label":"T\u00f6bb t\u00edzezer magyar dolgozik a n\u00e9metekn\u00e9l","link":"https:\/\/allasorias.hu\/hirek\/tobb-tizezer-magyar-dolgozik-a-nemeteknel\/"}],"_links":{"self":[{"href":"https:\/\/allasorias.hu\/hirek\/wp-json\/wp\/v2\/posts\/5715","targetHints":{"allow":["GET"]}}],"collection":[{"href":"https:\/\/allasorias.hu\/hirek\/wp-json\/wp\/v2\/posts"}],"about":[{"href":"https:\/\/allasorias.hu\/hirek\/wp-json\/wp\/v2\/types\/post"}],"author":[{"embeddable":true,"href":"https:\/\/allasorias.hu\/hirek\/wp-json\/wp\/v2\/users\/1"}],"replies":[{"embeddable":true,"href":"https:\/\/allasorias.hu\/hirek\/wp-json\/wp\/v2\/comments?post=5715"}],"version-history":[{"count":1,"href":"https:\/\/allasorias.hu\/hirek\/wp-json\/wp\/v2\/posts\/5715\/revisions"}],"predecessor-version":[{"id":5716,"href":"https:\/\/allasorias.hu\/hirek\/wp-json\/wp\/v2\/posts\/5715\/revisions\/5716"}],"wp:featuredmedia":[{"embeddable":true,"href":"https:\/\/allasorias.hu\/hirek\/wp-json\/wp\/v2\/media\/5520"}],"wp:attachment":[{"href":"https:\/\/allasorias.hu\/hirek\/wp-json\/wp\/v2\/media?parent=5715"}],"wp:term":[{"taxonomy":"category","embeddable":true,"href":"https:\/\/allasorias.hu\/hirek\/wp-json\/wp\/v2\/categories?post=5715"},{"taxonomy":"post_tag","embeddable":true,"href":"https:\/\/allasorias.hu\/hirek\/wp-json\/wp\/v2\/tags?post=5715"}],"curies":[{"name":"wp","href":"https:\/\/api.w.org\/{rel}","templated":true}]}}