{"id":5713,"date":"2022-08-05T07:29:57","date_gmt":"2022-08-05T07:29:57","guid":{"rendered":"https:\/\/allasorias.hu\/hirek\/?p=5713"},"modified":"2022-08-05T07:29:57","modified_gmt":"2022-08-05T07:29:57","slug":"nalunk-dolgoznak-legtobben-teljes-munkaidoben","status":"publish","type":"post","link":"https:\/\/allasorias.hu\/hirek\/nalunk-dolgoznak-legtobben-teljes-munkaidoben\/","title":{"rendered":"N\u00e1lunk dolgoznak legt\u00f6bben teljes munkaid\u0151ben"},"content":{"rendered":"<p><strong>Itthon a j\u00e1rv\u00e1ny \u00e9s a h\u00e1bor\u00fa hat\u00e1sai ellen\u00e9re dinamik\u00e1ban \u00e9s l\u00e9tsz\u00e1mban is cs\u00facsot d\u00f6nt\u00f6tt a foglalkoztat\u00e1s, mik\u00f6zben a munkan\u00e9lk\u00fclis\u00e9g alacsonyabb, mint a pand\u00e9mia el\u0151tt \u2013 hangs\u00falyozta a VG-nek Szalai Piroska munkaer\u0151piaci szak\u00e9rt\u0151. Magyarorsz\u00e1gon a legmagasabb a teljes munkaid\u0151ben dolgoz\u00f3k ar\u00e1nya az Eur\u00f3pai Uni\u00f3 tag\u00e1llamai k\u00f6z\u00fcl: k\u00e9tsz\u00e1z emberb\u0151l nyolcvan dolgozik haz\u00e1nkban, k\u00f6z\u00fcl\u00fck 76-an teljes munkaid\u0151ben.<\/strong><\/p>\n<p>A glob\u00e1lis neh\u00e9zs\u00e9gek, vagyis a koronav\u00edrus-j\u00e1rv\u00e1ny hat\u00e1sai, valamint az orosz\u2013ukr\u00e1n h\u00e1bor\u00fa kit\u00f6r\u00e9se ellen\u00e9re is \u00faj cs\u00facsot \u00e9rt el a foglalkoztatottak l\u00e9tsz\u00e1ma Magyarorsz\u00e1gon. Az elm\u00falt harminc \u00e9v egyik legnagyobb n\u00f6veked\u00e9s\u00e9t t\u00fckr\u00f6zik az adatok: igaz ez mind az els\u0151, mind a m\u00e1sodik negyed\u00e9v\u00fcnkre is \u2013 mondta a VG-nek Szalai Piroska munkaer\u0151piaci szak\u00e9rt\u0151. A foglalkoztatottak n\u00f6veked\u00e9s\u00e9nek dinamik\u00e1ja minden v\u00e1rakoz\u00e1st fel\u00fclm\u00falt \u2013 r\u00e9szletezte a szak\u00e9rt\u0151. A K\u00f6zponti Statisztikai Hivatal adataib\u00f3l kider\u00fcl, ha \u00f6sszevetj\u00fck minden \u00e9v els\u0151 negyed\u00e9v\u00e9t, az ideiben volt a harmadik legnagyobb n\u00f6veked\u00e9s 1992 \u00f3ta. A m\u00e1sodik negyed\u00e9vek k\u00f6zt pedig a negyedik legnagyobb volt a b\u0151v\u00fcl\u00e9s. Szalai Piroska eml\u00e9keztetett: az elm\u00falt hat h\u00f3napban, vagyis m\u00e1r a h\u00e1bor\u00fa id\u0151szak\u00e1ban visszaes\u00e9s helyett teh\u00e1t kiugr\u00f3an n\u0151tt a munkav\u00e1llal\u00f3k sz\u00e1ma. \u00c1prilis \u00e9s j\u00fanius k\u00f6z\u00f6tt \u00e1tlagosan 4,693 milli\u00f3 f\u0151 dolgozott, 74 ezer f\u0151vel t\u00f6bben, mint 2021 azonos id\u0151szak\u00e1ban. Az els\u0151 negyed\u00e9vben a t\u00f6bb mint sz\u00e1zezres n\u00f6veked\u00e9s h\u00e1romnegyed\u00e9t, a m\u00e1sodikban pedig a 74 ezres n\u00f6veked\u00e9s k\u00e9tharmad\u00e1t a n\u0151k adt\u00e1k \u2013 der\u00fcl ki a VG cikk\u00e9b\u0151l. A szak\u00e9rt\u0151 arra is r\u00e1mutatott, hogy az Eur\u00f3pai Uni\u00f3 tag\u00e1llamaival \u00f6sszehasonl\u00edtva Magyarorsz\u00e1g a legkedvez\u0151bb foglalkoztat\u00e1si adatokkal rendelkez\u0151 tag\u00e1llamok k\u00f6z\u00f6tt van. A 20\u201364 \u00e9v k\u00f6z\u00f6tti korcsoportban n\u00e1lunk a legnagyobb eg\u00e9sz Eur\u00f3pai Uni\u00f3ban a teljes munkaid\u0151ben dolgoz\u00f3k ar\u00e1nya: k\u00e9tsz\u00e1z emberb\u0151l nyolcvan dolgozik, t\u00f6bb mint 76 r\u00e1ad\u00e1sul teljes munkaid\u0151ben. A munkan\u00e9lk\u00fclis\u00e9gi r\u00e1ta a j\u00e1rv\u00e1ny el\u0151tti szint al\u00e1 javult: a napokban kiadott j\u00faniusi Eurostat adatok alapj\u00e1n a negyedik helyen \u00e1llunk a tagorsz\u00e1gok k\u00f6z\u00f6tt Csehorsz\u00e1g, Lengyelorsz\u00e1g \u00e9s N\u00e9metorsz\u00e1g ut\u00e1n. Szalai Piroska meg\u00e1llap\u00edtotta, nem lett igazuk azoknak a szak\u00e9rt\u0151knek, akik a j\u00e1rv\u00e1ny \u00e9s a h\u00e1bor\u00fa k\u00f6vetkezm\u00e9nyei, valamint a mintegy h\u00faszsz\u00e1zal\u00e9kos minim\u00e1lb\u00e9r- \u00e9s garant\u00e1ltb\u00e9rminimum-emel\u00e9s miatt arra sz\u00e1m\u00edtottak, hogy t\u00f6megesen vesz\u00edten\u00e9k el az emberek a munkahely\u00fcket. Id\u00e9n a 15\u201374 \u00e9ves foglalkoztatottak \u00e1tlagos l\u00e9tsz\u00e1ma 4,739 milli\u00f3 volt. A 2022. \u00e1prilis\u2013j\u00faniusi id\u0151szakban a foglalkoztatottak \u00e1tlagos l\u00e9tsz\u00e1ma 4,693 milli\u00f3t tett ki, 74 ezerrel t\u00f6bbet, mint az el\u0151z\u0151 \u00e9v azonos id\u0151szak\u00e1ban. M\u00edg a hazai els\u0151dleges munkaer\u0151piacon dolgoz\u00f3k sz\u00e1ma 67 ezerrel, a k\u00fclf\u00f6ld\u00f6n dolgoz\u00f3k\u00e9 pedig 13 ezerrel n\u0151tt, addig a k\u00f6zfoglalkoztatottak\u00e9 hatezerrel cs\u00f6kkent \u2013 \u00edrta kor\u00e1bban a VG. Az el\u0151z\u0151 h\u00f3naphoz k\u00e9pest k\u00f6zel 45 ezres j\u00faniusi n\u00f6vekm\u00e9nyt teljes eg\u00e9sz\u00e9ben fel tudta sz\u00edvni a munkaer\u0151piac, erre utal, hogy a foglalkoztatotts\u00e1g m\u00e9g enn\u00e9l is nagyobb m\u00e9rt\u00e9kben, 53 400 f\u0151vel emelkedett. A ny\u00e1ri szezon\u00e1lis munk\u00e1k beindul\u00e1s\u00e1val tetemes sz\u00e1m\u00fa munkaer\u0151 t\u00e9rt vissza az inaktivit\u00e1sb\u00f3l, emellett m\u00e9g az akt\u00edvan \u00e1ll\u00e1st keres\u0151k k\u00f6z\u00fcl is fel tudott sz\u00edvni nagyj\u00e1b\u00f3l nyolcezer embert a piac. Az ilyen m\u00e9rt\u00e9k\u0171 havi v\u00e1ltoz\u00e1sok persze sokkal ink\u00e1bb kiv\u00e9telnek tekinthet\u0151k, szezonalit\u00e1shoz k\u00f6thet\u0151k. Az elemz\u0151k ugyanakkor egyet\u00e9rtenek abban, hogy a munkaer\u0151piaci javul\u00e1s nem csup\u00e1n statisztikai folyamat. Hosszabb t\u00e1von n\u00e9zve is tart\u00f3san kedvez\u0151 ir\u00e1ny\u00fa tendenci\u00e1k l\u00e1that\u00f3k a magyar munkaer\u0151piacon.<\/p>\n<p>Forr\u00e1s: magyarnemzet.hu, vg.hu<\/p>\n","protected":false},"excerpt":{"rendered":"<p>Itthon a j\u00e1rv\u00e1ny \u00e9s a h\u00e1bor\u00fa hat\u00e1sai ellen\u00e9re dinamik\u00e1ban \u00e9s l\u00e9tsz\u00e1mban is cs\u00facsot d\u00f6nt\u00f6tt a foglalkoztat\u00e1s, mik\u00f6zben a munkan\u00e9lk\u00fclis\u00e9g alacsonyabb, mint a pand\u00e9mia el\u0151tt \u2013 hangs\u00falyozta a VG-nek Szalai Piroska munkaer\u0151piaci szak\u00e9rt\u0151. Magyarorsz\u00e1gon a legmagasabb a teljes munkaid\u0151ben dolgoz\u00f3k ar\u00e1nya az Eur\u00f3pai Uni\u00f3 tag\u00e1llamai k\u00f6z\u00fcl: k\u00e9tsz\u00e1z emberb\u0151l nyolcvan dolgozik haz\u00e1nkban, k\u00f6z\u00fcl\u00fck 76-an teljes munkaid\u0151ben. A [&hellip;]<\/p>\n","protected":false},"author":1,"featured_media":5130,"comment_status":"open","ping_status":"open","sticky":false,"template":"","format":"standard","meta":{"_monsterinsights_skip_tracking":false,"footnotes":""},"categories":[200],"tags":[],"class_list":["post-5713","post","type-post","status-publish","format-standard","has-post-thumbnail","hentry","category-munkaeropiac"],"aioseo_notices":[],"aioseo_head":"\n\t\t<!-- All in One SEO 5.0.0.1 - aioseo.com -->\n\t<meta name=\"description\" content=\"Itthon a j\u00e1rv\u00e1ny \u00e9s a h\u00e1bor\u00fa hat\u00e1sai ellen\u00e9re dinamik\u00e1ban \u00e9s l\u00e9tsz\u00e1mban is cs\u00facsot d\u00f6nt\u00f6tt a foglalkoztat\u00e1s, mik\u00f6zben a munkan\u00e9lk\u00fclis\u00e9g alacsonyabb, mint a pand\u00e9mia el\u0151tt \u2013 hangs\u00falyozta a VG-nek Szalai Piroska munkaer\u0151piaci szak\u00e9rt\u0151. Magyarorsz\u00e1gon a legmagasabb a teljes munkaid\u0151ben dolgoz\u00f3k ar\u00e1nya az Eur\u00f3pai Uni\u00f3 tag\u00e1llamai k\u00f6z\u00fcl: k\u00e9tsz\u00e1z emberb\u0151l nyolcvan dolgozik haz\u00e1nkban, k\u00f6z\u00fcl\u00fck 76-an teljes munkaid\u0151ben. A\" \/>\n\t<meta name=\"robots\" content=\"max-image-preview:large\" \/>\n\t<meta name=\"author\" content=\"Juh\u00e1sz P\u00e9ter\"\/>\n\t<link rel=\"canonical\" href=\"https:\/\/allasorias.hu\/hirek\/nalunk-dolgoznak-legtobben-teljes-munkaidoben\/\" \/>\n\t<meta name=\"generator\" content=\"All in One SEO (AIOSEO) 5.0.0.1\" \/>\n\t\t<meta property=\"og:locale\" content=\"hu_HU\" \/>\n\t\t<meta property=\"og:site_name\" content=\"AllasOrias.hu | H\u00edrek-lapszemle | \u00dczleti h\u00edrek az \u00e1ll\u00e1s \u00e9s a munka vil\u00e1g\u00e1b\u00f3l\" \/>\n\t\t<meta property=\"og:type\" content=\"article\" \/>\n\t\t<meta property=\"og:title\" content=\"N\u00e1lunk dolgoznak legt\u00f6bben teljes munkaid\u0151ben | AllasOrias.hu | H\u00edrek-lapszemle\" \/>\n\t\t<meta property=\"og:description\" content=\"Itthon a j\u00e1rv\u00e1ny \u00e9s a h\u00e1bor\u00fa hat\u00e1sai ellen\u00e9re dinamik\u00e1ban \u00e9s l\u00e9tsz\u00e1mban is cs\u00facsot d\u00f6nt\u00f6tt a foglalkoztat\u00e1s, mik\u00f6zben a munkan\u00e9lk\u00fclis\u00e9g alacsonyabb, mint a pand\u00e9mia el\u0151tt \u2013 hangs\u00falyozta a VG-nek Szalai Piroska munkaer\u0151piaci szak\u00e9rt\u0151. Magyarorsz\u00e1gon a legmagasabb a teljes munkaid\u0151ben dolgoz\u00f3k ar\u00e1nya az Eur\u00f3pai Uni\u00f3 tag\u00e1llamai k\u00f6z\u00fcl: k\u00e9tsz\u00e1z emberb\u0151l nyolcvan dolgozik haz\u00e1nkban, k\u00f6z\u00fcl\u00fck 76-an teljes munkaid\u0151ben. A\" \/>\n\t\t<meta property=\"og:url\" content=\"https:\/\/allasorias.hu\/hirek\/nalunk-dolgoznak-legtobben-teljes-munkaidoben\/\" \/>\n\t\t<meta property=\"og:image\" content=\"https:\/\/allasorias.hu\/hirek\/wp-content\/uploads\/2021\/10\/businessman-hand-holds-icon-hours-clock-with-arrow-rapid-execution-work-business-time-management-business-time-is-money-concepts.jpg\" \/>\n\t\t<meta property=\"og:image:secure_url\" content=\"https:\/\/allasorias.hu\/hirek\/wp-content\/uploads\/2021\/10\/businessman-hand-holds-icon-hours-clock-with-arrow-rapid-execution-work-business-time-management-business-time-is-money-concepts.jpg\" \/>\n\t\t<meta property=\"og:image:width\" content=\"1920\" \/>\n\t\t<meta property=\"og:image:height\" content=\"1280\" \/>\n\t\t<meta property=\"article:published_time\" content=\"2022-08-05T07:29:57+00:00\" \/>\n\t\t<meta property=\"article:modified_time\" content=\"2022-08-05T07:29:57+00:00\" \/>\n\t\t<meta property=\"article:publisher\" content=\"https:\/\/www.facebook.com\/allasorias\" \/>\n\t\t<meta name=\"twitter:card\" content=\"summary_large_image\" \/>\n\t\t<meta name=\"twitter:title\" content=\"N\u00e1lunk dolgoznak legt\u00f6bben teljes munkaid\u0151ben | AllasOrias.hu | H\u00edrek-lapszemle\" \/>\n\t\t<meta name=\"twitter:description\" content=\"Itthon a j\u00e1rv\u00e1ny \u00e9s a h\u00e1bor\u00fa hat\u00e1sai ellen\u00e9re dinamik\u00e1ban \u00e9s l\u00e9tsz\u00e1mban is cs\u00facsot d\u00f6nt\u00f6tt a foglalkoztat\u00e1s, mik\u00f6zben a munkan\u00e9lk\u00fclis\u00e9g alacsonyabb, mint a pand\u00e9mia el\u0151tt \u2013 hangs\u00falyozta a VG-nek Szalai Piroska munkaer\u0151piaci szak\u00e9rt\u0151. Magyarorsz\u00e1gon a legmagasabb a teljes munkaid\u0151ben dolgoz\u00f3k ar\u00e1nya az Eur\u00f3pai Uni\u00f3 tag\u00e1llamai k\u00f6z\u00fcl: k\u00e9tsz\u00e1z emberb\u0151l nyolcvan dolgozik haz\u00e1nkban, k\u00f6z\u00fcl\u00fck 76-an teljes munkaid\u0151ben. A\" \/>\n\t\t<meta name=\"twitter:image\" content=\"https:\/\/allasorias.hu\/hirek\/wp-content\/uploads\/2021\/10\/businessman-hand-holds-icon-hours-clock-with-arrow-rapid-execution-work-business-time-management-business-time-is-money-concepts.jpg\" \/>\n\t\t<meta name=\"twitter:label1\" content=\"Written by\" \/>\n\t\t<meta name=\"twitter:data1\" content=\"Juh\u00e1sz P\u00e9ter\" \/>\n\t\t<meta name=\"twitter:label2\" content=\"Est. reading time\" \/>\n\t\t<meta name=\"twitter:data2\" content=\"4 minutes\" \/>\n\t\t<script type=\"application\/ld+json\" class=\"aioseo-schema\">\n\t\t\t{\"@context\":\"https:\\\/\\\/schema.org\",\"@graph\":[{\"@type\":\"Article\",\"@id\":\"https:\\\/\\\/allasorias.hu\\\/hirek\\\/nalunk-dolgoznak-legtobben-teljes-munkaidoben\\\/#article\",\"name\":\"N\\u00e1lunk dolgoznak legt\\u00f6bben teljes munkaid\\u0151ben | AllasOrias.hu | H\\u00edrek-lapszemle\",\"headline\":\"N\\u00e1lunk dolgoznak legt\\u00f6bben teljes munkaid\\u0151ben\",\"author\":{\"@id\":\"https:\\\/\\\/allasorias.hu\\\/hirek\\\/author\\\/admin-allasorias\\\/#author\"},\"publisher\":{\"@id\":\"https:\\\/\\\/allasorias.hu\\\/hirek\\\/#organization\"},\"image\":{\"@type\":\"ImageObject\",\"url\":\"https:\\\/\\\/allasorias.hu\\\/hirek\\\/wp-content\\\/uploads\\\/2021\\\/10\\\/businessman-hand-holds-icon-hours-clock-with-arrow-rapid-execution-work-business-time-management-business-time-is-money-concepts.jpg\",\"width\":1920,\"height\":1280,\"caption\":\"Businessman hand holds the icon of hours clock with arrow. Rapid execution of the work.Business time management and business time is money concepts.\"},\"datePublished\":\"2022-08-05T07:29:57+02:00\",\"dateModified\":\"2022-08-05T07:29:57+02:00\",\"inLanguage\":\"hu-HU\",\"mainEntityOfPage\":{\"@id\":\"https:\\\/\\\/allasorias.hu\\\/hirek\\\/nalunk-dolgoznak-legtobben-teljes-munkaidoben\\\/#webpage\"},\"isPartOf\":{\"@id\":\"https:\\\/\\\/allasorias.hu\\\/hirek\\\/nalunk-dolgoznak-legtobben-teljes-munkaidoben\\\/#webpage\"},\"articleSection\":\"Munkaer\\u0151piac\"},{\"@type\":\"BreadcrumbList\",\"@id\":\"https:\\\/\\\/allasorias.hu\\\/hirek\\\/nalunk-dolgoznak-legtobben-teljes-munkaidoben\\\/#breadcrumblist\",\"itemListElement\":[{\"@type\":\"ListItem\",\"@id\":\"https:\\\/\\\/allasorias.hu\\\/hirek#listItem\",\"position\":1,\"name\":\"Home\",\"item\":\"https:\\\/\\\/allasorias.hu\\\/hirek\",\"nextItem\":{\"@type\":\"ListItem\",\"@id\":\"https:\\\/\\\/allasorias.hu\\\/hirek\\\/temak\\\/munkaeropiac\\\/#listItem\",\"name\":\"Munkaer\\u0151piac\"}},{\"@type\":\"ListItem\",\"@id\":\"https:\\\/\\\/allasorias.hu\\\/hirek\\\/temak\\\/munkaeropiac\\\/#listItem\",\"position\":2,\"name\":\"Munkaer\\u0151piac\",\"item\":\"https:\\\/\\\/allasorias.hu\\\/hirek\\\/temak\\\/munkaeropiac\\\/\",\"nextItem\":{\"@type\":\"ListItem\",\"@id\":\"https:\\\/\\\/allasorias.hu\\\/hirek\\\/nalunk-dolgoznak-legtobben-teljes-munkaidoben\\\/#listItem\",\"name\":\"N\\u00e1lunk dolgoznak legt\\u00f6bben teljes munkaid\\u0151ben\"},\"previousItem\":{\"@type\":\"ListItem\",\"@id\":\"https:\\\/\\\/allasorias.hu\\\/hirek#listItem\",\"name\":\"Home\"}},{\"@type\":\"ListItem\",\"@id\":\"https:\\\/\\\/allasorias.hu\\\/hirek\\\/nalunk-dolgoznak-legtobben-teljes-munkaidoben\\\/#listItem\",\"position\":3,\"name\":\"N\\u00e1lunk dolgoznak legt\\u00f6bben teljes munkaid\\u0151ben\",\"previousItem\":{\"@type\":\"ListItem\",\"@id\":\"https:\\\/\\\/allasorias.hu\\\/hirek\\\/temak\\\/munkaeropiac\\\/#listItem\",\"name\":\"Munkaer\\u0151piac\"}}]},{\"@type\":\"Organization\",\"@id\":\"https:\\\/\\\/allasorias.hu\\\/hirek\\\/#organization\",\"name\":\"AllasOrias.hu | H\\u00edrek-lapszemle\",\"description\":\"\\u00dczleti h\\u00edrek az \\u00e1ll\\u00e1s \\u00e9s a munka vil\\u00e1g\\u00e1b\\u00f3l\",\"url\":\"https:\\\/\\\/allasorias.hu\\\/hirek\\\/\",\"logo\":{\"@type\":\"ImageObject\",\"url\":\"https:\\\/\\\/allasorias.hu\\\/hirek\\\/wp-content\\\/uploads\\\/2022\\\/10\\\/allasorias_site_facebok_logo.png\",\"@id\":\"https:\\\/\\\/allasorias.hu\\\/hirek\\\/nalunk-dolgoznak-legtobben-teljes-munkaidoben\\\/#organizationLogo\"},\"image\":{\"@id\":\"https:\\\/\\\/allasorias.hu\\\/hirek\\\/nalunk-dolgoznak-legtobben-teljes-munkaidoben\\\/#organizationLogo\"},\"sameAs\":[\"https:\\\/\\\/www.facebook.com\\\/allasorias\",\"https:\\\/\\\/www.linkedin.com\\\/company\\\/allasorias\"]},{\"@type\":\"Person\",\"@id\":\"https:\\\/\\\/allasorias.hu\\\/hirek\\\/author\\\/admin-allasorias\\\/#author\",\"url\":\"https:\\\/\\\/allasorias.hu\\\/hirek\\\/author\\\/admin-allasorias\\\/\",\"name\":\"Juh\\u00e1sz P\\u00e9ter\",\"image\":{\"@type\":\"ImageObject\",\"@id\":\"https:\\\/\\\/allasorias.hu\\\/hirek\\\/nalunk-dolgoznak-legtobben-teljes-munkaidoben\\\/#authorImage\",\"url\":\"https:\\\/\\\/secure.gravatar.com\\\/avatar\\\/36e6bcb83148978b992977cb0f54d22feb0cce8a0a849a9410532bb2623ba4c6?s=96&d=mm&r=g\",\"width\":96,\"height\":96,\"caption\":\"Juh\\u00e1sz P\\u00e9ter\"}},{\"@type\":\"WebPage\",\"@id\":\"https:\\\/\\\/allasorias.hu\\\/hirek\\\/nalunk-dolgoznak-legtobben-teljes-munkaidoben\\\/#webpage\",\"url\":\"https:\\\/\\\/allasorias.hu\\\/hirek\\\/nalunk-dolgoznak-legtobben-teljes-munkaidoben\\\/\",\"name\":\"N\\u00e1lunk dolgoznak legt\\u00f6bben teljes munkaid\\u0151ben | AllasOrias.hu | H\\u00edrek-lapszemle\",\"description\":\"Itthon a j\\u00e1rv\\u00e1ny \\u00e9s a h\\u00e1bor\\u00fa hat\\u00e1sai ellen\\u00e9re dinamik\\u00e1ban \\u00e9s l\\u00e9tsz\\u00e1mban is cs\\u00facsot d\\u00f6nt\\u00f6tt a foglalkoztat\\u00e1s, mik\\u00f6zben a munkan\\u00e9lk\\u00fclis\\u00e9g alacsonyabb, mint a pand\\u00e9mia el\\u0151tt \\u2013 hangs\\u00falyozta a VG-nek Szalai Piroska munkaer\\u0151piaci szak\\u00e9rt\\u0151. Magyarorsz\\u00e1gon a legmagasabb a teljes munkaid\\u0151ben dolgoz\\u00f3k ar\\u00e1nya az Eur\\u00f3pai Uni\\u00f3 tag\\u00e1llamai k\\u00f6z\\u00fcl: k\\u00e9tsz\\u00e1z emberb\\u0151l nyolcvan dolgozik haz\\u00e1nkban, k\\u00f6z\\u00fcl\\u00fck 76-an teljes munkaid\\u0151ben. A\",\"inLanguage\":\"hu-HU\",\"isPartOf\":{\"@id\":\"https:\\\/\\\/allasorias.hu\\\/hirek\\\/#website\"},\"breadcrumb\":{\"@id\":\"https:\\\/\\\/allasorias.hu\\\/hirek\\\/nalunk-dolgoznak-legtobben-teljes-munkaidoben\\\/#breadcrumblist\"},\"author\":{\"@id\":\"https:\\\/\\\/allasorias.hu\\\/hirek\\\/author\\\/admin-allasorias\\\/#author\"},\"creator\":{\"@id\":\"https:\\\/\\\/allasorias.hu\\\/hirek\\\/author\\\/admin-allasorias\\\/#author\"},\"image\":{\"@type\":\"ImageObject\",\"url\":\"https:\\\/\\\/allasorias.hu\\\/hirek\\\/wp-content\\\/uploads\\\/2021\\\/10\\\/businessman-hand-holds-icon-hours-clock-with-arrow-rapid-execution-work-business-time-management-business-time-is-money-concepts.jpg\",\"@id\":\"https:\\\/\\\/allasorias.hu\\\/hirek\\\/nalunk-dolgoznak-legtobben-teljes-munkaidoben\\\/#mainImage\",\"width\":1920,\"height\":1280,\"caption\":\"Businessman hand holds the icon of hours clock with arrow. Rapid execution of the work.Business time management and business time is money concepts.\"},\"primaryImageOfPage\":{\"@id\":\"https:\\\/\\\/allasorias.hu\\\/hirek\\\/nalunk-dolgoznak-legtobben-teljes-munkaidoben\\\/#mainImage\"},\"datePublished\":\"2022-08-05T07:29:57+02:00\",\"dateModified\":\"2022-08-05T07:29:57+02:00\"},{\"@type\":\"WebSite\",\"@id\":\"https:\\\/\\\/allasorias.hu\\\/hirek\\\/#website\",\"url\":\"https:\\\/\\\/allasorias.hu\\\/hirek\\\/\",\"name\":\"AllasOrias.hu | H\\u00edrek-lapszemle\",\"description\":\"\\u00dczleti h\\u00edrek az \\u00e1ll\\u00e1s \\u00e9s a munka vil\\u00e1g\\u00e1b\\u00f3l\",\"inLanguage\":\"hu-HU\",\"publisher\":{\"@id\":\"https:\\\/\\\/allasorias.hu\\\/hirek\\\/#organization\"}}]}\n\t\t<\/script>\n\t\t<!-- All in One SEO -->\n\n","aioseo_head_json":{"title":"N\u00e1lunk dolgoznak legt\u00f6bben teljes munkaid\u0151ben | AllasOrias.hu | H\u00edrek-lapszemle","description":"Itthon a j\u00e1rv\u00e1ny \u00e9s a h\u00e1bor\u00fa hat\u00e1sai ellen\u00e9re dinamik\u00e1ban \u00e9s l\u00e9tsz\u00e1mban is cs\u00facsot d\u00f6nt\u00f6tt a foglalkoztat\u00e1s, mik\u00f6zben a munkan\u00e9lk\u00fclis\u00e9g alacsonyabb, mint a pand\u00e9mia el\u0151tt \u2013 hangs\u00falyozta a VG-nek Szalai Piroska munkaer\u0151piaci szak\u00e9rt\u0151. Magyarorsz\u00e1gon a legmagasabb a teljes munkaid\u0151ben dolgoz\u00f3k ar\u00e1nya az Eur\u00f3pai Uni\u00f3 tag\u00e1llamai k\u00f6z\u00fcl: k\u00e9tsz\u00e1z emberb\u0151l nyolcvan dolgozik haz\u00e1nkban, k\u00f6z\u00fcl\u00fck 76-an teljes munkaid\u0151ben. A","canonical_url":"https:\/\/allasorias.hu\/hirek\/nalunk-dolgoznak-legtobben-teljes-munkaidoben\/","robots":"max-image-preview:large","keywords":"","webmasterTools":{"miscellaneous":""},"schema":{"@context":"https:\/\/schema.org","@graph":[{"@type":"Article","@id":"https:\/\/allasorias.hu\/hirek\/nalunk-dolgoznak-legtobben-teljes-munkaidoben\/#article","name":"N\u00e1lunk dolgoznak legt\u00f6bben teljes munkaid\u0151ben | AllasOrias.hu | H\u00edrek-lapszemle","headline":"N\u00e1lunk dolgoznak legt\u00f6bben teljes munkaid\u0151ben","author":{"@id":"https:\/\/allasorias.hu\/hirek\/author\/admin-allasorias\/#author"},"publisher":{"@id":"https:\/\/allasorias.hu\/hirek\/#organization"},"image":{"@type":"ImageObject","url":"https:\/\/allasorias.hu\/hirek\/wp-content\/uploads\/2021\/10\/businessman-hand-holds-icon-hours-clock-with-arrow-rapid-execution-work-business-time-management-business-time-is-money-concepts.jpg","width":1920,"height":1280,"caption":"Businessman hand holds the icon of hours clock with arrow. Rapid execution of the work.Business time management and business time is money concepts."},"datePublished":"2022-08-05T07:29:57+02:00","dateModified":"2022-08-05T07:29:57+02:00","inLanguage":"hu-HU","mainEntityOfPage":{"@id":"https:\/\/allasorias.hu\/hirek\/nalunk-dolgoznak-legtobben-teljes-munkaidoben\/#webpage"},"isPartOf":{"@id":"https:\/\/allasorias.hu\/hirek\/nalunk-dolgoznak-legtobben-teljes-munkaidoben\/#webpage"},"articleSection":"Munkaer\u0151piac"},{"@type":"BreadcrumbList","@id":"https:\/\/allasorias.hu\/hirek\/nalunk-dolgoznak-legtobben-teljes-munkaidoben\/#breadcrumblist","itemListElement":[{"@type":"ListItem","@id":"https:\/\/allasorias.hu\/hirek#listItem","position":1,"name":"Home","item":"https:\/\/allasorias.hu\/hirek","nextItem":{"@type":"ListItem","@id":"https:\/\/allasorias.hu\/hirek\/temak\/munkaeropiac\/#listItem","name":"Munkaer\u0151piac"}},{"@type":"ListItem","@id":"https:\/\/allasorias.hu\/hirek\/temak\/munkaeropiac\/#listItem","position":2,"name":"Munkaer\u0151piac","item":"https:\/\/allasorias.hu\/hirek\/temak\/munkaeropiac\/","nextItem":{"@type":"ListItem","@id":"https:\/\/allasorias.hu\/hirek\/nalunk-dolgoznak-legtobben-teljes-munkaidoben\/#listItem","name":"N\u00e1lunk dolgoznak legt\u00f6bben teljes munkaid\u0151ben"},"previousItem":{"@type":"ListItem","@id":"https:\/\/allasorias.hu\/hirek#listItem","name":"Home"}},{"@type":"ListItem","@id":"https:\/\/allasorias.hu\/hirek\/nalunk-dolgoznak-legtobben-teljes-munkaidoben\/#listItem","position":3,"name":"N\u00e1lunk dolgoznak legt\u00f6bben teljes munkaid\u0151ben","previousItem":{"@type":"ListItem","@id":"https:\/\/allasorias.hu\/hirek\/temak\/munkaeropiac\/#listItem","name":"Munkaer\u0151piac"}}]},{"@type":"Organization","@id":"https:\/\/allasorias.hu\/hirek\/#organization","name":"AllasOrias.hu | H\u00edrek-lapszemle","description":"\u00dczleti h\u00edrek az \u00e1ll\u00e1s \u00e9s a munka vil\u00e1g\u00e1b\u00f3l","url":"https:\/\/allasorias.hu\/hirek\/","logo":{"@type":"ImageObject","url":"https:\/\/allasorias.hu\/hirek\/wp-content\/uploads\/2022\/10\/allasorias_site_facebok_logo.png","@id":"https:\/\/allasorias.hu\/hirek\/nalunk-dolgoznak-legtobben-teljes-munkaidoben\/#organizationLogo"},"image":{"@id":"https:\/\/allasorias.hu\/hirek\/nalunk-dolgoznak-legtobben-teljes-munkaidoben\/#organizationLogo"},"sameAs":["https:\/\/www.facebook.com\/allasorias","https:\/\/www.linkedin.com\/company\/allasorias"]},{"@type":"Person","@id":"https:\/\/allasorias.hu\/hirek\/author\/admin-allasorias\/#author","url":"https:\/\/allasorias.hu\/hirek\/author\/admin-allasorias\/","name":"Juh\u00e1sz P\u00e9ter","image":{"@type":"ImageObject","@id":"https:\/\/allasorias.hu\/hirek\/nalunk-dolgoznak-legtobben-teljes-munkaidoben\/#authorImage","url":"https:\/\/secure.gravatar.com\/avatar\/36e6bcb83148978b992977cb0f54d22feb0cce8a0a849a9410532bb2623ba4c6?s=96&d=mm&r=g","width":96,"height":96,"caption":"Juh\u00e1sz P\u00e9ter"}},{"@type":"WebPage","@id":"https:\/\/allasorias.hu\/hirek\/nalunk-dolgoznak-legtobben-teljes-munkaidoben\/#webpage","url":"https:\/\/allasorias.hu\/hirek\/nalunk-dolgoznak-legtobben-teljes-munkaidoben\/","name":"N\u00e1lunk dolgoznak legt\u00f6bben teljes munkaid\u0151ben | AllasOrias.hu | H\u00edrek-lapszemle","description":"Itthon a j\u00e1rv\u00e1ny \u00e9s a h\u00e1bor\u00fa hat\u00e1sai ellen\u00e9re dinamik\u00e1ban \u00e9s l\u00e9tsz\u00e1mban is cs\u00facsot d\u00f6nt\u00f6tt a foglalkoztat\u00e1s, mik\u00f6zben a munkan\u00e9lk\u00fclis\u00e9g alacsonyabb, mint a pand\u00e9mia el\u0151tt \u2013 hangs\u00falyozta a VG-nek Szalai Piroska munkaer\u0151piaci szak\u00e9rt\u0151. Magyarorsz\u00e1gon a legmagasabb a teljes munkaid\u0151ben dolgoz\u00f3k ar\u00e1nya az Eur\u00f3pai Uni\u00f3 tag\u00e1llamai k\u00f6z\u00fcl: k\u00e9tsz\u00e1z emberb\u0151l nyolcvan dolgozik haz\u00e1nkban, k\u00f6z\u00fcl\u00fck 76-an teljes munkaid\u0151ben. A","inLanguage":"hu-HU","isPartOf":{"@id":"https:\/\/allasorias.hu\/hirek\/#website"},"breadcrumb":{"@id":"https:\/\/allasorias.hu\/hirek\/nalunk-dolgoznak-legtobben-teljes-munkaidoben\/#breadcrumblist"},"author":{"@id":"https:\/\/allasorias.hu\/hirek\/author\/admin-allasorias\/#author"},"creator":{"@id":"https:\/\/allasorias.hu\/hirek\/author\/admin-allasorias\/#author"},"image":{"@type":"ImageObject","url":"https:\/\/allasorias.hu\/hirek\/wp-content\/uploads\/2021\/10\/businessman-hand-holds-icon-hours-clock-with-arrow-rapid-execution-work-business-time-management-business-time-is-money-concepts.jpg","@id":"https:\/\/allasorias.hu\/hirek\/nalunk-dolgoznak-legtobben-teljes-munkaidoben\/#mainImage","width":1920,"height":1280,"caption":"Businessman hand holds the icon of hours clock with arrow. Rapid execution of the work.Business time management and business time is money concepts."},"primaryImageOfPage":{"@id":"https:\/\/allasorias.hu\/hirek\/nalunk-dolgoznak-legtobben-teljes-munkaidoben\/#mainImage"},"datePublished":"2022-08-05T07:29:57+02:00","dateModified":"2022-08-05T07:29:57+02:00"},{"@type":"WebSite","@id":"https:\/\/allasorias.hu\/hirek\/#website","url":"https:\/\/allasorias.hu\/hirek\/","name":"AllasOrias.hu | H\u00edrek-lapszemle","description":"\u00dczleti h\u00edrek az \u00e1ll\u00e1s \u00e9s a munka vil\u00e1g\u00e1b\u00f3l","inLanguage":"hu-HU","publisher":{"@id":"https:\/\/allasorias.hu\/hirek\/#organization"}}]},"og:locale":"hu_HU","og:site_name":"AllasOrias.hu | H\u00edrek-lapszemle | \u00dczleti h\u00edrek az \u00e1ll\u00e1s \u00e9s a munka vil\u00e1g\u00e1b\u00f3l","og:type":"article","og:title":"N\u00e1lunk dolgoznak legt\u00f6bben teljes munkaid\u0151ben | AllasOrias.hu | H\u00edrek-lapszemle","og:description":"Itthon a j\u00e1rv\u00e1ny \u00e9s a h\u00e1bor\u00fa hat\u00e1sai ellen\u00e9re dinamik\u00e1ban \u00e9s l\u00e9tsz\u00e1mban is cs\u00facsot d\u00f6nt\u00f6tt a foglalkoztat\u00e1s, mik\u00f6zben a munkan\u00e9lk\u00fclis\u00e9g alacsonyabb, mint a pand\u00e9mia el\u0151tt \u2013 hangs\u00falyozta a VG-nek Szalai Piroska munkaer\u0151piaci szak\u00e9rt\u0151. Magyarorsz\u00e1gon a legmagasabb a teljes munkaid\u0151ben dolgoz\u00f3k ar\u00e1nya az Eur\u00f3pai Uni\u00f3 tag\u00e1llamai k\u00f6z\u00fcl: k\u00e9tsz\u00e1z emberb\u0151l nyolcvan dolgozik haz\u00e1nkban, k\u00f6z\u00fcl\u00fck 76-an teljes munkaid\u0151ben. A","og:url":"https:\/\/allasorias.hu\/hirek\/nalunk-dolgoznak-legtobben-teljes-munkaidoben\/","og:image":"https:\/\/allasorias.hu\/hirek\/wp-content\/uploads\/2021\/10\/businessman-hand-holds-icon-hours-clock-with-arrow-rapid-execution-work-business-time-management-business-time-is-money-concepts.jpg","og:image:secure_url":"https:\/\/allasorias.hu\/hirek\/wp-content\/uploads\/2021\/10\/businessman-hand-holds-icon-hours-clock-with-arrow-rapid-execution-work-business-time-management-business-time-is-money-concepts.jpg","og:image:width":1920,"og:image:height":1280,"article:published_time":"2022-08-05T07:29:57+00:00","article:modified_time":"2022-08-05T07:29:57+00:00","article:publisher":"https:\/\/www.facebook.com\/allasorias","twitter:card":"summary_large_image","twitter:title":"N\u00e1lunk dolgoznak legt\u00f6bben teljes munkaid\u0151ben | AllasOrias.hu | H\u00edrek-lapszemle","twitter:description":"Itthon a j\u00e1rv\u00e1ny \u00e9s a h\u00e1bor\u00fa hat\u00e1sai ellen\u00e9re dinamik\u00e1ban \u00e9s l\u00e9tsz\u00e1mban is cs\u00facsot d\u00f6nt\u00f6tt a foglalkoztat\u00e1s, mik\u00f6zben a munkan\u00e9lk\u00fclis\u00e9g alacsonyabb, mint a pand\u00e9mia el\u0151tt \u2013 hangs\u00falyozta a VG-nek Szalai Piroska munkaer\u0151piaci szak\u00e9rt\u0151. Magyarorsz\u00e1gon a legmagasabb a teljes munkaid\u0151ben dolgoz\u00f3k ar\u00e1nya az Eur\u00f3pai Uni\u00f3 tag\u00e1llamai k\u00f6z\u00fcl: k\u00e9tsz\u00e1z emberb\u0151l nyolcvan dolgozik haz\u00e1nkban, k\u00f6z\u00fcl\u00fck 76-an teljes munkaid\u0151ben. A","twitter:image":"https:\/\/allasorias.hu\/hirek\/wp-content\/uploads\/2021\/10\/businessman-hand-holds-icon-hours-clock-with-arrow-rapid-execution-work-business-time-management-business-time-is-money-concepts.jpg","twitter:label1":"Written by","twitter:data1":"Juh\u00e1sz P\u00e9ter","twitter:label2":"Est. reading time","twitter:data2":"4 minutes"},"aioseo_meta_data":{"post_id":"5713","title":null,"description":null,"keywords":[],"keyphrases":{"focus":{"keyphrase":"","score":0,"analysis":{"keyphraseInTitle":{"score":0,"maxScore":9,"error":1}}},"additional":[]},"primary_term":null,"canonical_url":null,"og_title":null,"og_description":null,"og_object_type":"default","og_image_type":"default","og_image_url":null,"og_image_width":null,"og_image_height":null,"og_image_custom_url":null,"og_image_custom_fields":null,"og_video":"","og_custom_url":null,"og_article_section":null,"og_article_tags":[],"twitter_use_og":false,"twitter_card":"default","twitter_image_type":"default","twitter_image_url":null,"twitter_image_custom_url":null,"twitter_image_custom_fields":null,"twitter_title":null,"twitter_description":null,"schema":{"blockGraphs":[],"customGraphs":[],"default":{"data":{"Article":[],"Course":[],"Dataset":[],"FAQPage":[],"Movie":[],"Person":[],"Product":[],"ProductReview":[],"Car":[],"Recipe":[],"Service":[],"SoftwareApplication":[],"WebPage":[]},"graphName":"","isEnabled":true},"graphs":[],"defaultGraph":"Article","defaultPostTypeGraph":""},"schema_type":"default","schema_type_options":"{\"article\":{\"articleType\":\"BlogPosting\"},\"course\":{\"name\":\"\",\"description\":\"\",\"provider\":\"\"},\"faq\":{\"pages\":[]},\"product\":{\"reviews\":[]},\"recipe\":{\"ingredients\":[],\"instructions\":[],\"keywords\":[]},\"software\":{\"reviews\":[],\"operatingSystems\":[]},\"webPage\":{\"webPageType\":\"WebPage\"}}","pillar_content":false,"robots_default":true,"robots_noindex":false,"robots_noarchive":false,"robots_nosnippet":false,"robots_nofollow":false,"robots_noimageindex":false,"robots_noodp":false,"robots_notranslate":false,"robots_max_snippet":"-1","robots_max_videopreview":"-1","robots_max_imagepreview":"large","priority":null,"frequency":"default","location":null,"local_seo":null,"breadcrumb_settings":null,"limit_modified_date":false,"ai":null,"created":"2022-08-05 07:26:21","updated":"2025-10-02 17:07:08","seo_analyzer_scan_date":null,"focus_keyword":null,"additional_keywords":null,"truseo_locale":null},"aioseo_breadcrumb":"<div class=\"aioseo-breadcrumbs\"><span class=\"aioseo-breadcrumb\">\n\t\t\t<a href=\"https:\/\/allasorias.hu\/hirek\" title=\"Home\">Home<\/a>\n\t\t<\/span><span class=\"aioseo-breadcrumb-separator\">&raquo;<\/span><span class=\"aioseo-breadcrumb\">\n\t\t\t<a href=\"https:\/\/allasorias.hu\/hirek\/temak\/munkaeropiac\/\" title=\"Munkaer\u0151piac\">Munkaer\u0151piac<\/a>\n\t\t<\/span><span class=\"aioseo-breadcrumb-separator\">&raquo;<\/span><span class=\"aioseo-breadcrumb\">\n\t\t\tN\u00e1lunk dolgoznak legt\u00f6bben teljes munkaid\u0151ben\n\t\t<\/span><\/div>","aioseo_breadcrumb_json":[{"label":"Home","link":"https:\/\/allasorias.hu\/hirek"},{"label":"Munkaer\u0151piac","link":"https:\/\/allasorias.hu\/hirek\/temak\/munkaeropiac\/"},{"label":"N\u00e1lunk dolgoznak legt\u00f6bben teljes munkaid\u0151ben","link":"https:\/\/allasorias.hu\/hirek\/nalunk-dolgoznak-legtobben-teljes-munkaidoben\/"}],"_links":{"self":[{"href":"https:\/\/allasorias.hu\/hirek\/wp-json\/wp\/v2\/posts\/5713","targetHints":{"allow":["GET"]}}],"collection":[{"href":"https:\/\/allasorias.hu\/hirek\/wp-json\/wp\/v2\/posts"}],"about":[{"href":"https:\/\/allasorias.hu\/hirek\/wp-json\/wp\/v2\/types\/post"}],"author":[{"embeddable":true,"href":"https:\/\/allasorias.hu\/hirek\/wp-json\/wp\/v2\/users\/1"}],"replies":[{"embeddable":true,"href":"https:\/\/allasorias.hu\/hirek\/wp-json\/wp\/v2\/comments?post=5713"}],"version-history":[{"count":1,"href":"https:\/\/allasorias.hu\/hirek\/wp-json\/wp\/v2\/posts\/5713\/revisions"}],"predecessor-version":[{"id":5714,"href":"https:\/\/allasorias.hu\/hirek\/wp-json\/wp\/v2\/posts\/5713\/revisions\/5714"}],"wp:featuredmedia":[{"embeddable":true,"href":"https:\/\/allasorias.hu\/hirek\/wp-json\/wp\/v2\/media\/5130"}],"wp:attachment":[{"href":"https:\/\/allasorias.hu\/hirek\/wp-json\/wp\/v2\/media?parent=5713"}],"wp:term":[{"taxonomy":"category","embeddable":true,"href":"https:\/\/allasorias.hu\/hirek\/wp-json\/wp\/v2\/categories?post=5713"},{"taxonomy":"post_tag","embeddable":true,"href":"https:\/\/allasorias.hu\/hirek\/wp-json\/wp\/v2\/tags?post=5713"}],"curies":[{"name":"wp","href":"https:\/\/api.w.org\/{rel}","templated":true}]}}