{"id":5706,"date":"2022-08-02T10:32:49","date_gmt":"2022-08-02T10:32:49","guid":{"rendered":"https:\/\/allasorias.hu\/hirek\/?p=5706"},"modified":"2022-08-02T10:32:49","modified_gmt":"2022-08-02T10:32:49","slug":"nagyon-sok-pedagogus-hianyzik-az-iskolakbol","status":"publish","type":"post","link":"https:\/\/allasorias.hu\/hirek\/nagyon-sok-pedagogus-hianyzik-az-iskolakbol\/","title":{"rendered":"Nagyon sok pedag\u00f3gus hi\u00e1nyzik az iskol\u00e1kb\u00f3l"},"content":{"rendered":"<p><strong>Szeptember 2-\u00e1n tan\u00e9vnyit\u00f3 t\u00fcntet\u00e9st szervez a Di\u00e1kok a tan\u00e1rok\u00e9rt ifj\u00fas\u00e1gi szervezet Budapesten. Neh\u00e9z tan\u00e9vkezd\u00e9s v\u00e1r az iskol\u00e1kra, augusztusban a K\u00f6zszf\u00e9ra \u00c1ll\u00e1sport\u00e1lja szerint t\u00f6bb mint 400 nyitott gy\u00f3gypedag\u00f3gus poz\u00edci\u00f3 van \u00e9s 400 felett van a matematika szakos tan\u00e1rok sz\u00e1m\u00e1ra meghirdetett pedag\u00f3gus\u00e1ll\u00e1sok sz\u00e1ma is.<\/strong><\/p>\n<p>A di\u00e1kok szeptember 2-\u00e1ra t\u00fcntet\u00e9st szerveznek. Szeptember 2-\u00e1n tan\u00e9vnyit\u00f3 t\u00fcntet\u00e9st szervez a Di\u00e1kok a tan\u00e1rok\u00e9rt ifj\u00fas\u00e1gi szervezet Budapesten. A gy\u00fclekez\u0151 a Szent Istv\u00e1n t\u00e9r el\u0151tt lesz \u00e9s a F\u0151v\u00e1m t\u00e9rig vonulnak majd. 2101 tan\u00e1rt keresnek a hazai k\u00f6zoktat\u00e1sban, 427 nyitott gy\u00f3gypedag\u00f3gus \u00e1ll\u00e1s van a port\u00e1lon, 106 fejleszt\u0151pedag\u00f3gust, 426 matematika \u00e9s b\u00e1rmely szakos tan\u00e1rt, 247 angol \u00e9s b\u00e1rmely szakos tan\u00e1rt, 180 testnevel\u00e9s \u00e9s b\u00e1rmely szakos pedag\u00f3gust, \u00e9s 206 magyar nyelv \u00e9s irodalom tan\u00e1rt is keresnek. M\u00falt h\u00e9ten jelent meg a Magyar K\u00f6zl\u00f6nyben, hogy a k\u00f6zoktat\u00e1sban, a szakk\u00e9pz\u00e9sben, a szoci\u00e1lis, gyermekv\u00e9delmi vagy gyermekj\u00f3l\u00e9ti szolg\u00e1ltat\u00f3 int\u00e9zm\u00e9nyekben ig\u00e9nybe vehet\u0151 a nyugd\u00edj a k\u00f6zalkalmazotti jogviszony mellett is, erre eddig nem volt lehet\u0151s\u00e9g. A Pedag\u00f3gusok Demokratikus Szakszervezete szerint a korm\u00e1ny ezzel az int\u00e9zked\u00e9s\u00e9vel elismerte, hogy \u00f3ri\u00e1si pedag\u00f3gushi\u00e1ny van. A d\u00f6nt\u00e9s egyel\u0151re csak egy \u00e9vre sz\u00f3l, a PDSZ szerint \u00e9rdemes lenne a k\u00f6zalkalmazotti jogviszony alatti nyugd\u00edjfoly\u00f3s\u00edt\u00e1st tilt\u00f3 rendelkez\u00e9st egyszer s mindenkorra visszavonni.<\/p>\n<p>Forr\u00e1s: napi.hu<\/p>\n<p>&nbsp;<\/p>\n","protected":false},"excerpt":{"rendered":"<p>Szeptember 2-\u00e1n tan\u00e9vnyit\u00f3 t\u00fcntet\u00e9st szervez a Di\u00e1kok a tan\u00e1rok\u00e9rt ifj\u00fas\u00e1gi szervezet Budapesten. Neh\u00e9z tan\u00e9vkezd\u00e9s v\u00e1r az iskol\u00e1kra, augusztusban a K\u00f6zszf\u00e9ra \u00c1ll\u00e1sport\u00e1lja szerint t\u00f6bb mint 400 nyitott gy\u00f3gypedag\u00f3gus poz\u00edci\u00f3 van \u00e9s 400 felett van a matematika szakos tan\u00e1rok sz\u00e1m\u00e1ra meghirdetett pedag\u00f3gus\u00e1ll\u00e1sok sz\u00e1ma is. A di\u00e1kok szeptember 2-\u00e1ra t\u00fcntet\u00e9st szerveznek. Szeptember 2-\u00e1n tan\u00e9vnyit\u00f3 t\u00fcntet\u00e9st szervez a Di\u00e1kok [&hellip;]<\/p>\n","protected":false},"author":1,"featured_media":5228,"comment_status":"open","ping_status":"open","sticky":false,"template":"","format":"standard","meta":{"_monsterinsights_skip_tracking":false,"footnotes":""},"categories":[203],"tags":[],"class_list":["post-5706","post","type-post","status-publish","format-standard","has-post-thumbnail","hentry","category-hianyszakmak"],"aioseo_notices":[],"aioseo_head":"\n\t\t<!-- All in One SEO 5.0.0.1 - aioseo.com -->\n\t<meta name=\"description\" content=\"Szeptember 2-\u00e1n tan\u00e9vnyit\u00f3 t\u00fcntet\u00e9st szervez a Di\u00e1kok a tan\u00e1rok\u00e9rt ifj\u00fas\u00e1gi szervezet Budapesten. Neh\u00e9z tan\u00e9vkezd\u00e9s v\u00e1r az iskol\u00e1kra, augusztusban a K\u00f6zszf\u00e9ra \u00c1ll\u00e1sport\u00e1lja szerint t\u00f6bb mint 400 nyitott gy\u00f3gypedag\u00f3gus poz\u00edci\u00f3 van \u00e9s 400 felett van a matematika szakos tan\u00e1rok sz\u00e1m\u00e1ra meghirdetett pedag\u00f3gus\u00e1ll\u00e1sok sz\u00e1ma is. A di\u00e1kok szeptember 2-\u00e1ra t\u00fcntet\u00e9st szerveznek. Szeptember 2-\u00e1n tan\u00e9vnyit\u00f3 t\u00fcntet\u00e9st szervez a Di\u00e1kok\" \/>\n\t<meta name=\"robots\" content=\"max-image-preview:large\" \/>\n\t<meta name=\"author\" content=\"Juh\u00e1sz P\u00e9ter\"\/>\n\t<link rel=\"canonical\" href=\"https:\/\/allasorias.hu\/hirek\/nagyon-sok-pedagogus-hianyzik-az-iskolakbol\/\" \/>\n\t<meta name=\"generator\" content=\"All in One SEO (AIOSEO) 5.0.0.1\" \/>\n\t\t<meta property=\"og:locale\" content=\"hu_HU\" \/>\n\t\t<meta property=\"og:site_name\" content=\"AllasOrias.hu | H\u00edrek-lapszemle | \u00dczleti h\u00edrek az \u00e1ll\u00e1s \u00e9s a munka vil\u00e1g\u00e1b\u00f3l\" \/>\n\t\t<meta property=\"og:type\" content=\"article\" \/>\n\t\t<meta property=\"og:title\" content=\"Nagyon sok pedag\u00f3gus hi\u00e1nyzik az iskol\u00e1kb\u00f3l | AllasOrias.hu | H\u00edrek-lapszemle\" \/>\n\t\t<meta property=\"og:description\" content=\"Szeptember 2-\u00e1n tan\u00e9vnyit\u00f3 t\u00fcntet\u00e9st szervez a Di\u00e1kok a tan\u00e1rok\u00e9rt ifj\u00fas\u00e1gi szervezet Budapesten. Neh\u00e9z tan\u00e9vkezd\u00e9s v\u00e1r az iskol\u00e1kra, augusztusban a K\u00f6zszf\u00e9ra \u00c1ll\u00e1sport\u00e1lja szerint t\u00f6bb mint 400 nyitott gy\u00f3gypedag\u00f3gus poz\u00edci\u00f3 van \u00e9s 400 felett van a matematika szakos tan\u00e1rok sz\u00e1m\u00e1ra meghirdetett pedag\u00f3gus\u00e1ll\u00e1sok sz\u00e1ma is. A di\u00e1kok szeptember 2-\u00e1ra t\u00fcntet\u00e9st szerveznek. Szeptember 2-\u00e1n tan\u00e9vnyit\u00f3 t\u00fcntet\u00e9st szervez a Di\u00e1kok\" \/>\n\t\t<meta property=\"og:url\" content=\"https:\/\/allasorias.hu\/hirek\/nagyon-sok-pedagogus-hianyzik-az-iskolakbol\/\" \/>\n\t\t<meta property=\"og:image\" content=\"https:\/\/allasorias.hu\/hirek\/wp-content\/uploads\/2021\/12\/senior-male-professor-explaining-writing-green-chalkboard.jpg\" \/>\n\t\t<meta property=\"og:image:secure_url\" content=\"https:\/\/allasorias.hu\/hirek\/wp-content\/uploads\/2021\/12\/senior-male-professor-explaining-writing-green-chalkboard.jpg\" \/>\n\t\t<meta property=\"og:image:width\" content=\"1920\" \/>\n\t\t<meta property=\"og:image:height\" content=\"1282\" \/>\n\t\t<meta property=\"article:published_time\" content=\"2022-08-02T10:32:49+00:00\" \/>\n\t\t<meta property=\"article:modified_time\" content=\"2022-08-02T10:32:49+00:00\" \/>\n\t\t<meta property=\"article:publisher\" content=\"https:\/\/www.facebook.com\/allasorias\" \/>\n\t\t<meta name=\"twitter:card\" content=\"summary_large_image\" \/>\n\t\t<meta name=\"twitter:title\" content=\"Nagyon sok pedag\u00f3gus hi\u00e1nyzik az iskol\u00e1kb\u00f3l | AllasOrias.hu | H\u00edrek-lapszemle\" \/>\n\t\t<meta name=\"twitter:description\" content=\"Szeptember 2-\u00e1n tan\u00e9vnyit\u00f3 t\u00fcntet\u00e9st szervez a Di\u00e1kok a tan\u00e1rok\u00e9rt ifj\u00fas\u00e1gi szervezet Budapesten. Neh\u00e9z tan\u00e9vkezd\u00e9s v\u00e1r az iskol\u00e1kra, augusztusban a K\u00f6zszf\u00e9ra \u00c1ll\u00e1sport\u00e1lja szerint t\u00f6bb mint 400 nyitott gy\u00f3gypedag\u00f3gus poz\u00edci\u00f3 van \u00e9s 400 felett van a matematika szakos tan\u00e1rok sz\u00e1m\u00e1ra meghirdetett pedag\u00f3gus\u00e1ll\u00e1sok sz\u00e1ma is. A di\u00e1kok szeptember 2-\u00e1ra t\u00fcntet\u00e9st szerveznek. Szeptember 2-\u00e1n tan\u00e9vnyit\u00f3 t\u00fcntet\u00e9st szervez a Di\u00e1kok\" \/>\n\t\t<meta name=\"twitter:image\" content=\"https:\/\/allasorias.hu\/hirek\/wp-content\/uploads\/2021\/12\/senior-male-professor-explaining-writing-green-chalkboard.jpg\" \/>\n\t\t<meta name=\"twitter:label1\" content=\"Written by\" \/>\n\t\t<meta name=\"twitter:data1\" content=\"Juh\u00e1sz P\u00e9ter\" \/>\n\t\t<meta name=\"twitter:label2\" content=\"Est. reading time\" \/>\n\t\t<meta name=\"twitter:data2\" content=\"1 minute\" \/>\n\t\t<script type=\"application\/ld+json\" class=\"aioseo-schema\">\n\t\t\t{\"@context\":\"https:\\\/\\\/schema.org\",\"@graph\":[{\"@type\":\"Article\",\"@id\":\"https:\\\/\\\/allasorias.hu\\\/hirek\\\/nagyon-sok-pedagogus-hianyzik-az-iskolakbol\\\/#article\",\"name\":\"Nagyon sok pedag\\u00f3gus hi\\u00e1nyzik az iskol\\u00e1kb\\u00f3l | AllasOrias.hu | H\\u00edrek-lapszemle\",\"headline\":\"Nagyon sok pedag\\u00f3gus hi\\u00e1nyzik az iskol\\u00e1kb\\u00f3l\",\"author\":{\"@id\":\"https:\\\/\\\/allasorias.hu\\\/hirek\\\/author\\\/admin-allasorias\\\/#author\"},\"publisher\":{\"@id\":\"https:\\\/\\\/allasorias.hu\\\/hirek\\\/#organization\"},\"image\":{\"@type\":\"ImageObject\",\"url\":\"https:\\\/\\\/allasorias.hu\\\/hirek\\\/wp-content\\\/uploads\\\/2021\\\/12\\\/senior-male-professor-explaining-writing-green-chalkboard.jpg\",\"width\":1920,\"height\":1282},\"datePublished\":\"2022-08-02T10:32:49+02:00\",\"dateModified\":\"2022-08-02T10:32:49+02:00\",\"inLanguage\":\"hu-HU\",\"mainEntityOfPage\":{\"@id\":\"https:\\\/\\\/allasorias.hu\\\/hirek\\\/nagyon-sok-pedagogus-hianyzik-az-iskolakbol\\\/#webpage\"},\"isPartOf\":{\"@id\":\"https:\\\/\\\/allasorias.hu\\\/hirek\\\/nagyon-sok-pedagogus-hianyzik-az-iskolakbol\\\/#webpage\"},\"articleSection\":\"Hi\\u00e1nyszakm\\u00e1k\"},{\"@type\":\"BreadcrumbList\",\"@id\":\"https:\\\/\\\/allasorias.hu\\\/hirek\\\/nagyon-sok-pedagogus-hianyzik-az-iskolakbol\\\/#breadcrumblist\",\"itemListElement\":[{\"@type\":\"ListItem\",\"@id\":\"https:\\\/\\\/allasorias.hu\\\/hirek#listItem\",\"position\":1,\"name\":\"Home\",\"item\":\"https:\\\/\\\/allasorias.hu\\\/hirek\",\"nextItem\":{\"@type\":\"ListItem\",\"@id\":\"https:\\\/\\\/allasorias.hu\\\/hirek\\\/temak\\\/hianyszakmak\\\/#listItem\",\"name\":\"Hi\\u00e1nyszakm\\u00e1k\"}},{\"@type\":\"ListItem\",\"@id\":\"https:\\\/\\\/allasorias.hu\\\/hirek\\\/temak\\\/hianyszakmak\\\/#listItem\",\"position\":2,\"name\":\"Hi\\u00e1nyszakm\\u00e1k\",\"item\":\"https:\\\/\\\/allasorias.hu\\\/hirek\\\/temak\\\/hianyszakmak\\\/\",\"nextItem\":{\"@type\":\"ListItem\",\"@id\":\"https:\\\/\\\/allasorias.hu\\\/hirek\\\/nagyon-sok-pedagogus-hianyzik-az-iskolakbol\\\/#listItem\",\"name\":\"Nagyon sok pedag\\u00f3gus hi\\u00e1nyzik az iskol\\u00e1kb\\u00f3l\"},\"previousItem\":{\"@type\":\"ListItem\",\"@id\":\"https:\\\/\\\/allasorias.hu\\\/hirek#listItem\",\"name\":\"Home\"}},{\"@type\":\"ListItem\",\"@id\":\"https:\\\/\\\/allasorias.hu\\\/hirek\\\/nagyon-sok-pedagogus-hianyzik-az-iskolakbol\\\/#listItem\",\"position\":3,\"name\":\"Nagyon sok pedag\\u00f3gus hi\\u00e1nyzik az iskol\\u00e1kb\\u00f3l\",\"previousItem\":{\"@type\":\"ListItem\",\"@id\":\"https:\\\/\\\/allasorias.hu\\\/hirek\\\/temak\\\/hianyszakmak\\\/#listItem\",\"name\":\"Hi\\u00e1nyszakm\\u00e1k\"}}]},{\"@type\":\"Organization\",\"@id\":\"https:\\\/\\\/allasorias.hu\\\/hirek\\\/#organization\",\"name\":\"AllasOrias.hu | H\\u00edrek-lapszemle\",\"description\":\"\\u00dczleti h\\u00edrek az \\u00e1ll\\u00e1s \\u00e9s a munka vil\\u00e1g\\u00e1b\\u00f3l\",\"url\":\"https:\\\/\\\/allasorias.hu\\\/hirek\\\/\",\"logo\":{\"@type\":\"ImageObject\",\"url\":\"https:\\\/\\\/allasorias.hu\\\/hirek\\\/wp-content\\\/uploads\\\/2022\\\/10\\\/allasorias_site_facebok_logo.png\",\"@id\":\"https:\\\/\\\/allasorias.hu\\\/hirek\\\/nagyon-sok-pedagogus-hianyzik-az-iskolakbol\\\/#organizationLogo\"},\"image\":{\"@id\":\"https:\\\/\\\/allasorias.hu\\\/hirek\\\/nagyon-sok-pedagogus-hianyzik-az-iskolakbol\\\/#organizationLogo\"},\"sameAs\":[\"https:\\\/\\\/www.facebook.com\\\/allasorias\",\"https:\\\/\\\/www.linkedin.com\\\/company\\\/allasorias\"]},{\"@type\":\"Person\",\"@id\":\"https:\\\/\\\/allasorias.hu\\\/hirek\\\/author\\\/admin-allasorias\\\/#author\",\"url\":\"https:\\\/\\\/allasorias.hu\\\/hirek\\\/author\\\/admin-allasorias\\\/\",\"name\":\"Juh\\u00e1sz P\\u00e9ter\",\"image\":{\"@type\":\"ImageObject\",\"@id\":\"https:\\\/\\\/allasorias.hu\\\/hirek\\\/nagyon-sok-pedagogus-hianyzik-az-iskolakbol\\\/#authorImage\",\"url\":\"https:\\\/\\\/secure.gravatar.com\\\/avatar\\\/36e6bcb83148978b992977cb0f54d22feb0cce8a0a849a9410532bb2623ba4c6?s=96&d=mm&r=g\",\"width\":96,\"height\":96,\"caption\":\"Juh\\u00e1sz P\\u00e9ter\"}},{\"@type\":\"WebPage\",\"@id\":\"https:\\\/\\\/allasorias.hu\\\/hirek\\\/nagyon-sok-pedagogus-hianyzik-az-iskolakbol\\\/#webpage\",\"url\":\"https:\\\/\\\/allasorias.hu\\\/hirek\\\/nagyon-sok-pedagogus-hianyzik-az-iskolakbol\\\/\",\"name\":\"Nagyon sok pedag\\u00f3gus hi\\u00e1nyzik az iskol\\u00e1kb\\u00f3l | AllasOrias.hu | H\\u00edrek-lapszemle\",\"description\":\"Szeptember 2-\\u00e1n tan\\u00e9vnyit\\u00f3 t\\u00fcntet\\u00e9st szervez a Di\\u00e1kok a tan\\u00e1rok\\u00e9rt ifj\\u00fas\\u00e1gi szervezet Budapesten. Neh\\u00e9z tan\\u00e9vkezd\\u00e9s v\\u00e1r az iskol\\u00e1kra, augusztusban a K\\u00f6zszf\\u00e9ra \\u00c1ll\\u00e1sport\\u00e1lja szerint t\\u00f6bb mint 400 nyitott gy\\u00f3gypedag\\u00f3gus poz\\u00edci\\u00f3 van \\u00e9s 400 felett van a matematika szakos tan\\u00e1rok sz\\u00e1m\\u00e1ra meghirdetett pedag\\u00f3gus\\u00e1ll\\u00e1sok sz\\u00e1ma is. A di\\u00e1kok szeptember 2-\\u00e1ra t\\u00fcntet\\u00e9st szerveznek. Szeptember 2-\\u00e1n tan\\u00e9vnyit\\u00f3 t\\u00fcntet\\u00e9st szervez a Di\\u00e1kok\",\"inLanguage\":\"hu-HU\",\"isPartOf\":{\"@id\":\"https:\\\/\\\/allasorias.hu\\\/hirek\\\/#website\"},\"breadcrumb\":{\"@id\":\"https:\\\/\\\/allasorias.hu\\\/hirek\\\/nagyon-sok-pedagogus-hianyzik-az-iskolakbol\\\/#breadcrumblist\"},\"author\":{\"@id\":\"https:\\\/\\\/allasorias.hu\\\/hirek\\\/author\\\/admin-allasorias\\\/#author\"},\"creator\":{\"@id\":\"https:\\\/\\\/allasorias.hu\\\/hirek\\\/author\\\/admin-allasorias\\\/#author\"},\"image\":{\"@type\":\"ImageObject\",\"url\":\"https:\\\/\\\/allasorias.hu\\\/hirek\\\/wp-content\\\/uploads\\\/2021\\\/12\\\/senior-male-professor-explaining-writing-green-chalkboard.jpg\",\"@id\":\"https:\\\/\\\/allasorias.hu\\\/hirek\\\/nagyon-sok-pedagogus-hianyzik-az-iskolakbol\\\/#mainImage\",\"width\":1920,\"height\":1282},\"primaryImageOfPage\":{\"@id\":\"https:\\\/\\\/allasorias.hu\\\/hirek\\\/nagyon-sok-pedagogus-hianyzik-az-iskolakbol\\\/#mainImage\"},\"datePublished\":\"2022-08-02T10:32:49+02:00\",\"dateModified\":\"2022-08-02T10:32:49+02:00\"},{\"@type\":\"WebSite\",\"@id\":\"https:\\\/\\\/allasorias.hu\\\/hirek\\\/#website\",\"url\":\"https:\\\/\\\/allasorias.hu\\\/hirek\\\/\",\"name\":\"AllasOrias.hu | H\\u00edrek-lapszemle\",\"description\":\"\\u00dczleti h\\u00edrek az \\u00e1ll\\u00e1s \\u00e9s a munka vil\\u00e1g\\u00e1b\\u00f3l\",\"inLanguage\":\"hu-HU\",\"publisher\":{\"@id\":\"https:\\\/\\\/allasorias.hu\\\/hirek\\\/#organization\"}}]}\n\t\t<\/script>\n\t\t<!-- All in One SEO -->\n\n","aioseo_head_json":{"title":"Nagyon sok pedag\u00f3gus hi\u00e1nyzik az iskol\u00e1kb\u00f3l | AllasOrias.hu | H\u00edrek-lapszemle","description":"Szeptember 2-\u00e1n tan\u00e9vnyit\u00f3 t\u00fcntet\u00e9st szervez a Di\u00e1kok a tan\u00e1rok\u00e9rt ifj\u00fas\u00e1gi szervezet Budapesten. Neh\u00e9z tan\u00e9vkezd\u00e9s v\u00e1r az iskol\u00e1kra, augusztusban a K\u00f6zszf\u00e9ra \u00c1ll\u00e1sport\u00e1lja szerint t\u00f6bb mint 400 nyitott gy\u00f3gypedag\u00f3gus poz\u00edci\u00f3 van \u00e9s 400 felett van a matematika szakos tan\u00e1rok sz\u00e1m\u00e1ra meghirdetett pedag\u00f3gus\u00e1ll\u00e1sok sz\u00e1ma is. A di\u00e1kok szeptember 2-\u00e1ra t\u00fcntet\u00e9st szerveznek. Szeptember 2-\u00e1n tan\u00e9vnyit\u00f3 t\u00fcntet\u00e9st szervez a Di\u00e1kok","canonical_url":"https:\/\/allasorias.hu\/hirek\/nagyon-sok-pedagogus-hianyzik-az-iskolakbol\/","robots":"max-image-preview:large","keywords":"","webmasterTools":{"miscellaneous":""},"schema":{"@context":"https:\/\/schema.org","@graph":[{"@type":"Article","@id":"https:\/\/allasorias.hu\/hirek\/nagyon-sok-pedagogus-hianyzik-az-iskolakbol\/#article","name":"Nagyon sok pedag\u00f3gus hi\u00e1nyzik az iskol\u00e1kb\u00f3l | AllasOrias.hu | H\u00edrek-lapszemle","headline":"Nagyon sok pedag\u00f3gus hi\u00e1nyzik az iskol\u00e1kb\u00f3l","author":{"@id":"https:\/\/allasorias.hu\/hirek\/author\/admin-allasorias\/#author"},"publisher":{"@id":"https:\/\/allasorias.hu\/hirek\/#organization"},"image":{"@type":"ImageObject","url":"https:\/\/allasorias.hu\/hirek\/wp-content\/uploads\/2021\/12\/senior-male-professor-explaining-writing-green-chalkboard.jpg","width":1920,"height":1282},"datePublished":"2022-08-02T10:32:49+02:00","dateModified":"2022-08-02T10:32:49+02:00","inLanguage":"hu-HU","mainEntityOfPage":{"@id":"https:\/\/allasorias.hu\/hirek\/nagyon-sok-pedagogus-hianyzik-az-iskolakbol\/#webpage"},"isPartOf":{"@id":"https:\/\/allasorias.hu\/hirek\/nagyon-sok-pedagogus-hianyzik-az-iskolakbol\/#webpage"},"articleSection":"Hi\u00e1nyszakm\u00e1k"},{"@type":"BreadcrumbList","@id":"https:\/\/allasorias.hu\/hirek\/nagyon-sok-pedagogus-hianyzik-az-iskolakbol\/#breadcrumblist","itemListElement":[{"@type":"ListItem","@id":"https:\/\/allasorias.hu\/hirek#listItem","position":1,"name":"Home","item":"https:\/\/allasorias.hu\/hirek","nextItem":{"@type":"ListItem","@id":"https:\/\/allasorias.hu\/hirek\/temak\/hianyszakmak\/#listItem","name":"Hi\u00e1nyszakm\u00e1k"}},{"@type":"ListItem","@id":"https:\/\/allasorias.hu\/hirek\/temak\/hianyszakmak\/#listItem","position":2,"name":"Hi\u00e1nyszakm\u00e1k","item":"https:\/\/allasorias.hu\/hirek\/temak\/hianyszakmak\/","nextItem":{"@type":"ListItem","@id":"https:\/\/allasorias.hu\/hirek\/nagyon-sok-pedagogus-hianyzik-az-iskolakbol\/#listItem","name":"Nagyon sok pedag\u00f3gus hi\u00e1nyzik az iskol\u00e1kb\u00f3l"},"previousItem":{"@type":"ListItem","@id":"https:\/\/allasorias.hu\/hirek#listItem","name":"Home"}},{"@type":"ListItem","@id":"https:\/\/allasorias.hu\/hirek\/nagyon-sok-pedagogus-hianyzik-az-iskolakbol\/#listItem","position":3,"name":"Nagyon sok pedag\u00f3gus hi\u00e1nyzik az iskol\u00e1kb\u00f3l","previousItem":{"@type":"ListItem","@id":"https:\/\/allasorias.hu\/hirek\/temak\/hianyszakmak\/#listItem","name":"Hi\u00e1nyszakm\u00e1k"}}]},{"@type":"Organization","@id":"https:\/\/allasorias.hu\/hirek\/#organization","name":"AllasOrias.hu | H\u00edrek-lapszemle","description":"\u00dczleti h\u00edrek az \u00e1ll\u00e1s \u00e9s a munka vil\u00e1g\u00e1b\u00f3l","url":"https:\/\/allasorias.hu\/hirek\/","logo":{"@type":"ImageObject","url":"https:\/\/allasorias.hu\/hirek\/wp-content\/uploads\/2022\/10\/allasorias_site_facebok_logo.png","@id":"https:\/\/allasorias.hu\/hirek\/nagyon-sok-pedagogus-hianyzik-az-iskolakbol\/#organizationLogo"},"image":{"@id":"https:\/\/allasorias.hu\/hirek\/nagyon-sok-pedagogus-hianyzik-az-iskolakbol\/#organizationLogo"},"sameAs":["https:\/\/www.facebook.com\/allasorias","https:\/\/www.linkedin.com\/company\/allasorias"]},{"@type":"Person","@id":"https:\/\/allasorias.hu\/hirek\/author\/admin-allasorias\/#author","url":"https:\/\/allasorias.hu\/hirek\/author\/admin-allasorias\/","name":"Juh\u00e1sz P\u00e9ter","image":{"@type":"ImageObject","@id":"https:\/\/allasorias.hu\/hirek\/nagyon-sok-pedagogus-hianyzik-az-iskolakbol\/#authorImage","url":"https:\/\/secure.gravatar.com\/avatar\/36e6bcb83148978b992977cb0f54d22feb0cce8a0a849a9410532bb2623ba4c6?s=96&d=mm&r=g","width":96,"height":96,"caption":"Juh\u00e1sz P\u00e9ter"}},{"@type":"WebPage","@id":"https:\/\/allasorias.hu\/hirek\/nagyon-sok-pedagogus-hianyzik-az-iskolakbol\/#webpage","url":"https:\/\/allasorias.hu\/hirek\/nagyon-sok-pedagogus-hianyzik-az-iskolakbol\/","name":"Nagyon sok pedag\u00f3gus hi\u00e1nyzik az iskol\u00e1kb\u00f3l | AllasOrias.hu | H\u00edrek-lapszemle","description":"Szeptember 2-\u00e1n tan\u00e9vnyit\u00f3 t\u00fcntet\u00e9st szervez a Di\u00e1kok a tan\u00e1rok\u00e9rt ifj\u00fas\u00e1gi szervezet Budapesten. Neh\u00e9z tan\u00e9vkezd\u00e9s v\u00e1r az iskol\u00e1kra, augusztusban a K\u00f6zszf\u00e9ra \u00c1ll\u00e1sport\u00e1lja szerint t\u00f6bb mint 400 nyitott gy\u00f3gypedag\u00f3gus poz\u00edci\u00f3 van \u00e9s 400 felett van a matematika szakos tan\u00e1rok sz\u00e1m\u00e1ra meghirdetett pedag\u00f3gus\u00e1ll\u00e1sok sz\u00e1ma is. A di\u00e1kok szeptember 2-\u00e1ra t\u00fcntet\u00e9st szerveznek. Szeptember 2-\u00e1n tan\u00e9vnyit\u00f3 t\u00fcntet\u00e9st szervez a Di\u00e1kok","inLanguage":"hu-HU","isPartOf":{"@id":"https:\/\/allasorias.hu\/hirek\/#website"},"breadcrumb":{"@id":"https:\/\/allasorias.hu\/hirek\/nagyon-sok-pedagogus-hianyzik-az-iskolakbol\/#breadcrumblist"},"author":{"@id":"https:\/\/allasorias.hu\/hirek\/author\/admin-allasorias\/#author"},"creator":{"@id":"https:\/\/allasorias.hu\/hirek\/author\/admin-allasorias\/#author"},"image":{"@type":"ImageObject","url":"https:\/\/allasorias.hu\/hirek\/wp-content\/uploads\/2021\/12\/senior-male-professor-explaining-writing-green-chalkboard.jpg","@id":"https:\/\/allasorias.hu\/hirek\/nagyon-sok-pedagogus-hianyzik-az-iskolakbol\/#mainImage","width":1920,"height":1282},"primaryImageOfPage":{"@id":"https:\/\/allasorias.hu\/hirek\/nagyon-sok-pedagogus-hianyzik-az-iskolakbol\/#mainImage"},"datePublished":"2022-08-02T10:32:49+02:00","dateModified":"2022-08-02T10:32:49+02:00"},{"@type":"WebSite","@id":"https:\/\/allasorias.hu\/hirek\/#website","url":"https:\/\/allasorias.hu\/hirek\/","name":"AllasOrias.hu | H\u00edrek-lapszemle","description":"\u00dczleti h\u00edrek az \u00e1ll\u00e1s \u00e9s a munka vil\u00e1g\u00e1b\u00f3l","inLanguage":"hu-HU","publisher":{"@id":"https:\/\/allasorias.hu\/hirek\/#organization"}}]},"og:locale":"hu_HU","og:site_name":"AllasOrias.hu | H\u00edrek-lapszemle | \u00dczleti h\u00edrek az \u00e1ll\u00e1s \u00e9s a munka vil\u00e1g\u00e1b\u00f3l","og:type":"article","og:title":"Nagyon sok pedag\u00f3gus hi\u00e1nyzik az iskol\u00e1kb\u00f3l | AllasOrias.hu | H\u00edrek-lapszemle","og:description":"Szeptember 2-\u00e1n tan\u00e9vnyit\u00f3 t\u00fcntet\u00e9st szervez a Di\u00e1kok a tan\u00e1rok\u00e9rt ifj\u00fas\u00e1gi szervezet Budapesten. Neh\u00e9z tan\u00e9vkezd\u00e9s v\u00e1r az iskol\u00e1kra, augusztusban a K\u00f6zszf\u00e9ra \u00c1ll\u00e1sport\u00e1lja szerint t\u00f6bb mint 400 nyitott gy\u00f3gypedag\u00f3gus poz\u00edci\u00f3 van \u00e9s 400 felett van a matematika szakos tan\u00e1rok sz\u00e1m\u00e1ra meghirdetett pedag\u00f3gus\u00e1ll\u00e1sok sz\u00e1ma is. A di\u00e1kok szeptember 2-\u00e1ra t\u00fcntet\u00e9st szerveznek. Szeptember 2-\u00e1n tan\u00e9vnyit\u00f3 t\u00fcntet\u00e9st szervez a Di\u00e1kok","og:url":"https:\/\/allasorias.hu\/hirek\/nagyon-sok-pedagogus-hianyzik-az-iskolakbol\/","og:image":"https:\/\/allasorias.hu\/hirek\/wp-content\/uploads\/2021\/12\/senior-male-professor-explaining-writing-green-chalkboard.jpg","og:image:secure_url":"https:\/\/allasorias.hu\/hirek\/wp-content\/uploads\/2021\/12\/senior-male-professor-explaining-writing-green-chalkboard.jpg","og:image:width":1920,"og:image:height":1282,"article:published_time":"2022-08-02T10:32:49+00:00","article:modified_time":"2022-08-02T10:32:49+00:00","article:publisher":"https:\/\/www.facebook.com\/allasorias","twitter:card":"summary_large_image","twitter:title":"Nagyon sok pedag\u00f3gus hi\u00e1nyzik az iskol\u00e1kb\u00f3l | AllasOrias.hu | H\u00edrek-lapszemle","twitter:description":"Szeptember 2-\u00e1n tan\u00e9vnyit\u00f3 t\u00fcntet\u00e9st szervez a Di\u00e1kok a tan\u00e1rok\u00e9rt ifj\u00fas\u00e1gi szervezet Budapesten. Neh\u00e9z tan\u00e9vkezd\u00e9s v\u00e1r az iskol\u00e1kra, augusztusban a K\u00f6zszf\u00e9ra \u00c1ll\u00e1sport\u00e1lja szerint t\u00f6bb mint 400 nyitott gy\u00f3gypedag\u00f3gus poz\u00edci\u00f3 van \u00e9s 400 felett van a matematika szakos tan\u00e1rok sz\u00e1m\u00e1ra meghirdetett pedag\u00f3gus\u00e1ll\u00e1sok sz\u00e1ma is. A di\u00e1kok szeptember 2-\u00e1ra t\u00fcntet\u00e9st szerveznek. Szeptember 2-\u00e1n tan\u00e9vnyit\u00f3 t\u00fcntet\u00e9st szervez a Di\u00e1kok","twitter:image":"https:\/\/allasorias.hu\/hirek\/wp-content\/uploads\/2021\/12\/senior-male-professor-explaining-writing-green-chalkboard.jpg","twitter:label1":"Written by","twitter:data1":"Juh\u00e1sz P\u00e9ter","twitter:label2":"Est. reading time","twitter:data2":"1 minute"},"aioseo_meta_data":{"post_id":"5706","title":null,"description":null,"keywords":[],"keyphrases":{"focus":{"keyphrase":"","score":0,"analysis":{"keyphraseInTitle":{"score":0,"maxScore":9,"error":1}}},"additional":[]},"primary_term":null,"canonical_url":null,"og_title":null,"og_description":null,"og_object_type":"default","og_image_type":"default","og_image_url":null,"og_image_width":null,"og_image_height":null,"og_image_custom_url":null,"og_image_custom_fields":null,"og_video":"","og_custom_url":null,"og_article_section":null,"og_article_tags":[],"twitter_use_og":false,"twitter_card":"default","twitter_image_type":"default","twitter_image_url":null,"twitter_image_custom_url":null,"twitter_image_custom_fields":null,"twitter_title":null,"twitter_description":null,"schema":{"blockGraphs":[],"customGraphs":[],"default":{"data":{"Article":[],"Course":[],"Dataset":[],"FAQPage":[],"Movie":[],"Person":[],"Product":[],"ProductReview":[],"Car":[],"Recipe":[],"Service":[],"SoftwareApplication":[],"WebPage":[]},"graphName":"","isEnabled":true},"graphs":[],"defaultGraph":"Article","defaultPostTypeGraph":""},"schema_type":"default","schema_type_options":"{\"article\":{\"articleType\":\"BlogPosting\"},\"course\":{\"name\":\"\",\"description\":\"\",\"provider\":\"\"},\"faq\":{\"pages\":[]},\"product\":{\"reviews\":[]},\"recipe\":{\"ingredients\":[],\"instructions\":[],\"keywords\":[]},\"software\":{\"reviews\":[],\"operatingSystems\":[]},\"webPage\":{\"webPageType\":\"WebPage\"}}","pillar_content":false,"robots_default":true,"robots_noindex":false,"robots_noarchive":false,"robots_nosnippet":false,"robots_nofollow":false,"robots_noimageindex":false,"robots_noodp":false,"robots_notranslate":false,"robots_max_snippet":"-1","robots_max_videopreview":"-1","robots_max_imagepreview":"large","priority":null,"frequency":"default","location":null,"local_seo":null,"breadcrumb_settings":null,"limit_modified_date":false,"ai":null,"created":"2022-08-02 10:32:22","updated":"2025-10-02 17:05:42","seo_analyzer_scan_date":null,"focus_keyword":null,"additional_keywords":null,"truseo_locale":null},"aioseo_breadcrumb":"<div class=\"aioseo-breadcrumbs\"><span class=\"aioseo-breadcrumb\">\n\t\t\t<a href=\"https:\/\/allasorias.hu\/hirek\" title=\"Home\">Home<\/a>\n\t\t<\/span><span class=\"aioseo-breadcrumb-separator\">&raquo;<\/span><span class=\"aioseo-breadcrumb\">\n\t\t\t<a href=\"https:\/\/allasorias.hu\/hirek\/temak\/hianyszakmak\/\" title=\"Hi\u00e1nyszakm\u00e1k\">Hi\u00e1nyszakm\u00e1k<\/a>\n\t\t<\/span><span class=\"aioseo-breadcrumb-separator\">&raquo;<\/span><span class=\"aioseo-breadcrumb\">\n\t\t\tNagyon sok pedag\u00f3gus hi\u00e1nyzik az iskol\u00e1kb\u00f3l\n\t\t<\/span><\/div>","aioseo_breadcrumb_json":[{"label":"Home","link":"https:\/\/allasorias.hu\/hirek"},{"label":"Hi\u00e1nyszakm\u00e1k","link":"https:\/\/allasorias.hu\/hirek\/temak\/hianyszakmak\/"},{"label":"Nagyon sok pedag\u00f3gus hi\u00e1nyzik az iskol\u00e1kb\u00f3l","link":"https:\/\/allasorias.hu\/hirek\/nagyon-sok-pedagogus-hianyzik-az-iskolakbol\/"}],"_links":{"self":[{"href":"https:\/\/allasorias.hu\/hirek\/wp-json\/wp\/v2\/posts\/5706","targetHints":{"allow":["GET"]}}],"collection":[{"href":"https:\/\/allasorias.hu\/hirek\/wp-json\/wp\/v2\/posts"}],"about":[{"href":"https:\/\/allasorias.hu\/hirek\/wp-json\/wp\/v2\/types\/post"}],"author":[{"embeddable":true,"href":"https:\/\/allasorias.hu\/hirek\/wp-json\/wp\/v2\/users\/1"}],"replies":[{"embeddable":true,"href":"https:\/\/allasorias.hu\/hirek\/wp-json\/wp\/v2\/comments?post=5706"}],"version-history":[{"count":1,"href":"https:\/\/allasorias.hu\/hirek\/wp-json\/wp\/v2\/posts\/5706\/revisions"}],"predecessor-version":[{"id":5707,"href":"https:\/\/allasorias.hu\/hirek\/wp-json\/wp\/v2\/posts\/5706\/revisions\/5707"}],"wp:featuredmedia":[{"embeddable":true,"href":"https:\/\/allasorias.hu\/hirek\/wp-json\/wp\/v2\/media\/5228"}],"wp:attachment":[{"href":"https:\/\/allasorias.hu\/hirek\/wp-json\/wp\/v2\/media?parent=5706"}],"wp:term":[{"taxonomy":"category","embeddable":true,"href":"https:\/\/allasorias.hu\/hirek\/wp-json\/wp\/v2\/categories?post=5706"},{"taxonomy":"post_tag","embeddable":true,"href":"https:\/\/allasorias.hu\/hirek\/wp-json\/wp\/v2\/tags?post=5706"}],"curies":[{"name":"wp","href":"https:\/\/api.w.org\/{rel}","templated":true}]}}