{"id":5703,"date":"2022-08-01T09:04:57","date_gmt":"2022-08-01T09:04:57","guid":{"rendered":"https:\/\/allasorias.hu\/hirek\/?p=5703"},"modified":"2022-08-01T09:04:57","modified_gmt":"2022-08-01T09:04:57","slug":"hazankban-is-lehet-negynapos-munkahet","status":"publish","type":"post","link":"https:\/\/allasorias.hu\/hirek\/hazankban-is-lehet-negynapos-munkahet\/","title":{"rendered":"Haz\u00e1nkban is lehet n\u00e9gynapos munkah\u00e9t"},"content":{"rendered":"<p><strong>Magyarorsz\u00e1gon a jogszab\u00e1lyi h\u00e1tt\u00e9r jelenleg is megenged\u0151, hiszen a munk\u00e1ltat\u00f3k a heti 40 vagy a napi 8 \u00f3r\u00e1t\u00f3l r\u00f6videbb teljes munkaid\u0151ben is meg\u00e1llapodhatnak a munkav\u00e1llal\u00f3kkal A nyugat-eur\u00f3pai piacokon egyre t\u00f6bbet hallani n\u00e9gynapos h\u00e9tr\u0151l vagy kevesebb munka\u00f3r\u00e1s k\u00eds\u00e9rletekr\u0151l, amit a munk\u00e1ltat\u00f3k ak\u00e1r juttat\u00e1sk\u00e9nt is adhatnak.<\/strong><\/p>\n<p>A n\u00e9gynapos munkahetet k\u00e9tf\u00e9lek\u00e9ppen is lehet \u00e9rtelmezni. Egyr\u00e9szt jelentheti a munkaid\u0151 cs\u00f6kkent\u00e9s\u00e9t 40 \u00f3r\u00e1r\u00f3l 32 \u00f3r\u00e1ra, azonban tov\u00e1bbra is a teljes munkaid\u0151re j\u00e1r\u00f3 munkab\u00e9r biztos\u00edt\u00e1s\u00e1val, m\u00e1sr\u00e9szt a heti 40 \u00f3ra ledolgoz\u00e1s\u00e1t 4 nap alatt. Ami haz\u00e1nkat illeti, Magyarorsz\u00e1gon a jogszab\u00e1lyi h\u00e1tt\u00e9r jelenleg is megenged\u0151, hiszen a munk\u00e1ltat\u00f3k a heti 40 vagy a napi 8 \u00f3r\u00e1t\u00f3l r\u00f6videbb teljes munkaid\u0151ben is meg\u00e1llapodhatnak a munkav\u00e1llal\u00f3kkal. Czirok Norbert szerint azonban az, hogy \u00e1ltal\u00e1nosan elterjedt legyen a n\u00e9gy napos munkah\u00e9t, m\u00e9g egyel\u0151re sci-finek t\u0171nik. \u201eProduktivit\u00e1s \u00e9s mag\u00e1n\u00e9let szempontj\u00e1b\u00f3l mindenk\u00e9pp k\u00e9rd\u00e9ses, hogy mennyire lenne hat\u00e9kony a 40 \u00f3r\u00e1t 4 nap alatt ledolgozni, pont ennek felm\u00e9r\u00e9s\u00e9re indultak m\u00e1r el a vil\u00e1gban k\u00eds\u00e9rletez\u00e9sek a n\u00e9gy napos munkahetek bevezet\u00e9s\u00e9re. Emellett az adott c\u00e9g partnerei, \u00fcgyfelei is hozz\u00e1szoktak ahhoz, hogy a h\u00e9t minden napj\u00e1n el\u00e9rhet\u0151ek a szolg\u00e1ltat\u00e1sok. Azonban, ha \u00fagy n\u00e9zz\u00fck, hogy k\u00f6r\u00fclbel\u00fcl negyven \u00e9ve pihen\u0151nap a szombat, \u00e9s egyre t\u00f6bb c\u00e9g teljes\u00edtm\u00e9nyben m\u00e9ri a dolgoz\u00f3kat, elk\u00e9pzelhet\u0151, hogy k\u00f6zelebb van a n\u00e9gynapos munkah\u00e9t, mint gondoljuk. \u201dCzirok Norbert, a PS b\u00e9rsz\u00e1mfejt\u00e9si szak\u00e9rt\u0151je tov\u00e1bbi \u00e9rdekes inform\u00e1ci\u00f3kat oszt meg a meg\u00fajul\u00f3 \u00e9s egyre v\u00e1ltozatosabb juttat\u00e1sokr\u00f3l a PS podcast sorozat\u00e1nak legut\u00f3bbi r\u00e9sz\u00e9ben.<\/p>\n<p>Forr\u00e1s: mmonline.hu<\/p>\n","protected":false},"excerpt":{"rendered":"<p>Magyarorsz\u00e1gon a jogszab\u00e1lyi h\u00e1tt\u00e9r jelenleg is megenged\u0151, hiszen a munk\u00e1ltat\u00f3k a heti 40 vagy a napi 8 \u00f3r\u00e1t\u00f3l r\u00f6videbb teljes munkaid\u0151ben is meg\u00e1llapodhatnak a munkav\u00e1llal\u00f3kkal A nyugat-eur\u00f3pai piacokon egyre t\u00f6bbet hallani n\u00e9gynapos h\u00e9tr\u0151l vagy kevesebb munka\u00f3r\u00e1s k\u00eds\u00e9rletekr\u0151l, amit a munk\u00e1ltat\u00f3k ak\u00e1r juttat\u00e1sk\u00e9nt is adhatnak. A n\u00e9gynapos munkahetet k\u00e9tf\u00e9lek\u00e9ppen is lehet \u00e9rtelmezni. Egyr\u00e9szt jelentheti a munkaid\u0151 [&hellip;]<\/p>\n","protected":false},"author":1,"featured_media":5498,"comment_status":"open","ping_status":"open","sticky":false,"template":"","format":"standard","meta":{"_monsterinsights_skip_tracking":false,"footnotes":""},"categories":[200],"tags":[],"class_list":["post-5703","post","type-post","status-publish","format-standard","has-post-thumbnail","hentry","category-munkaeropiac"],"aioseo_notices":[],"aioseo_head":"\n\t\t<!-- All in One SEO 5.0.0.1 - aioseo.com -->\n\t<meta name=\"description\" content=\"Magyarorsz\u00e1gon a jogszab\u00e1lyi h\u00e1tt\u00e9r jelenleg is megenged\u0151, hiszen a munk\u00e1ltat\u00f3k a heti 40 vagy a napi 8 \u00f3r\u00e1t\u00f3l r\u00f6videbb teljes munkaid\u0151ben is meg\u00e1llapodhatnak a munkav\u00e1llal\u00f3kkal A nyugat-eur\u00f3pai piacokon egyre t\u00f6bbet hallani n\u00e9gynapos h\u00e9tr\u0151l vagy kevesebb munka\u00f3r\u00e1s k\u00eds\u00e9rletekr\u0151l, amit a munk\u00e1ltat\u00f3k ak\u00e1r juttat\u00e1sk\u00e9nt is adhatnak. A n\u00e9gynapos munkahetet k\u00e9tf\u00e9lek\u00e9ppen is lehet \u00e9rtelmezni. Egyr\u00e9szt jelentheti a munkaid\u0151\" \/>\n\t<meta name=\"robots\" content=\"max-image-preview:large\" \/>\n\t<meta name=\"author\" content=\"Juh\u00e1sz P\u00e9ter\"\/>\n\t<link rel=\"canonical\" href=\"https:\/\/allasorias.hu\/hirek\/hazankban-is-lehet-negynapos-munkahet\/\" \/>\n\t<meta name=\"generator\" content=\"All in One SEO (AIOSEO) 5.0.0.1\" \/>\n\t\t<meta property=\"og:locale\" content=\"hu_HU\" \/>\n\t\t<meta property=\"og:site_name\" content=\"AllasOrias.hu | H\u00edrek-lapszemle | \u00dczleti h\u00edrek az \u00e1ll\u00e1s \u00e9s a munka vil\u00e1g\u00e1b\u00f3l\" \/>\n\t\t<meta property=\"og:type\" content=\"article\" \/>\n\t\t<meta property=\"og:title\" content=\"Haz\u00e1nkban is lehet n\u00e9gynapos munkah\u00e9t | AllasOrias.hu | H\u00edrek-lapszemle\" \/>\n\t\t<meta property=\"og:description\" content=\"Magyarorsz\u00e1gon a jogszab\u00e1lyi h\u00e1tt\u00e9r jelenleg is megenged\u0151, hiszen a munk\u00e1ltat\u00f3k a heti 40 vagy a napi 8 \u00f3r\u00e1t\u00f3l r\u00f6videbb teljes munkaid\u0151ben is meg\u00e1llapodhatnak a munkav\u00e1llal\u00f3kkal A nyugat-eur\u00f3pai piacokon egyre t\u00f6bbet hallani n\u00e9gynapos h\u00e9tr\u0151l vagy kevesebb munka\u00f3r\u00e1s k\u00eds\u00e9rletekr\u0151l, amit a munk\u00e1ltat\u00f3k ak\u00e1r juttat\u00e1sk\u00e9nt is adhatnak. A n\u00e9gynapos munkahetet k\u00e9tf\u00e9lek\u00e9ppen is lehet \u00e9rtelmezni. Egyr\u00e9szt jelentheti a munkaid\u0151\" \/>\n\t\t<meta property=\"og:url\" content=\"https:\/\/allasorias.hu\/hirek\/hazankban-is-lehet-negynapos-munkahet\/\" \/>\n\t\t<meta property=\"og:image\" content=\"https:\/\/allasorias.hu\/hirek\/wp-content\/uploads\/2022\/04\/businessman-marking-calendar-appointment.jpg\" \/>\n\t\t<meta property=\"og:image:secure_url\" content=\"https:\/\/allasorias.hu\/hirek\/wp-content\/uploads\/2022\/04\/businessman-marking-calendar-appointment.jpg\" \/>\n\t\t<meta property=\"og:image:width\" content=\"1920\" \/>\n\t\t<meta property=\"og:image:height\" content=\"1280\" \/>\n\t\t<meta property=\"article:published_time\" content=\"2022-08-01T09:04:57+00:00\" \/>\n\t\t<meta property=\"article:modified_time\" content=\"2022-08-01T09:04:57+00:00\" \/>\n\t\t<meta property=\"article:publisher\" content=\"https:\/\/www.facebook.com\/allasorias\" \/>\n\t\t<meta name=\"twitter:card\" content=\"summary_large_image\" \/>\n\t\t<meta name=\"twitter:title\" content=\"Haz\u00e1nkban is lehet n\u00e9gynapos munkah\u00e9t | AllasOrias.hu | H\u00edrek-lapszemle\" \/>\n\t\t<meta name=\"twitter:description\" content=\"Magyarorsz\u00e1gon a jogszab\u00e1lyi h\u00e1tt\u00e9r jelenleg is megenged\u0151, hiszen a munk\u00e1ltat\u00f3k a heti 40 vagy a napi 8 \u00f3r\u00e1t\u00f3l r\u00f6videbb teljes munkaid\u0151ben is meg\u00e1llapodhatnak a munkav\u00e1llal\u00f3kkal A nyugat-eur\u00f3pai piacokon egyre t\u00f6bbet hallani n\u00e9gynapos h\u00e9tr\u0151l vagy kevesebb munka\u00f3r\u00e1s k\u00eds\u00e9rletekr\u0151l, amit a munk\u00e1ltat\u00f3k ak\u00e1r juttat\u00e1sk\u00e9nt is adhatnak. A n\u00e9gynapos munkahetet k\u00e9tf\u00e9lek\u00e9ppen is lehet \u00e9rtelmezni. Egyr\u00e9szt jelentheti a munkaid\u0151\" \/>\n\t\t<meta name=\"twitter:image\" content=\"https:\/\/allasorias.hu\/hirek\/wp-content\/uploads\/2022\/04\/businessman-marking-calendar-appointment.jpg\" \/>\n\t\t<meta name=\"twitter:label1\" content=\"Written by\" \/>\n\t\t<meta name=\"twitter:data1\" content=\"Juh\u00e1sz P\u00e9ter\" \/>\n\t\t<meta name=\"twitter:label2\" content=\"Est. reading time\" \/>\n\t\t<meta name=\"twitter:data2\" content=\"2 minutes\" \/>\n\t\t<script type=\"application\/ld+json\" class=\"aioseo-schema\">\n\t\t\t{\"@context\":\"https:\\\/\\\/schema.org\",\"@graph\":[{\"@type\":\"Article\",\"@id\":\"https:\\\/\\\/allasorias.hu\\\/hirek\\\/hazankban-is-lehet-negynapos-munkahet\\\/#article\",\"name\":\"Haz\\u00e1nkban is lehet n\\u00e9gynapos munkah\\u00e9t | AllasOrias.hu | H\\u00edrek-lapszemle\",\"headline\":\"Haz\\u00e1nkban is lehet n\\u00e9gynapos munkah\\u00e9t\",\"author\":{\"@id\":\"https:\\\/\\\/allasorias.hu\\\/hirek\\\/author\\\/admin-allasorias\\\/#author\"},\"publisher\":{\"@id\":\"https:\\\/\\\/allasorias.hu\\\/hirek\\\/#organization\"},\"image\":{\"@type\":\"ImageObject\",\"url\":\"https:\\\/\\\/allasorias.hu\\\/hirek\\\/wp-content\\\/uploads\\\/2022\\\/04\\\/businessman-marking-calendar-appointment.jpg\",\"width\":1920,\"height\":1280,\"caption\":\"Businessman marking on calendar for an appointment\"},\"datePublished\":\"2022-08-01T09:04:57+02:00\",\"dateModified\":\"2022-08-01T09:04:57+02:00\",\"inLanguage\":\"hu-HU\",\"mainEntityOfPage\":{\"@id\":\"https:\\\/\\\/allasorias.hu\\\/hirek\\\/hazankban-is-lehet-negynapos-munkahet\\\/#webpage\"},\"isPartOf\":{\"@id\":\"https:\\\/\\\/allasorias.hu\\\/hirek\\\/hazankban-is-lehet-negynapos-munkahet\\\/#webpage\"},\"articleSection\":\"Munkaer\\u0151piac\"},{\"@type\":\"BreadcrumbList\",\"@id\":\"https:\\\/\\\/allasorias.hu\\\/hirek\\\/hazankban-is-lehet-negynapos-munkahet\\\/#breadcrumblist\",\"itemListElement\":[{\"@type\":\"ListItem\",\"@id\":\"https:\\\/\\\/allasorias.hu\\\/hirek#listItem\",\"position\":1,\"name\":\"Home\",\"item\":\"https:\\\/\\\/allasorias.hu\\\/hirek\",\"nextItem\":{\"@type\":\"ListItem\",\"@id\":\"https:\\\/\\\/allasorias.hu\\\/hirek\\\/temak\\\/munkaeropiac\\\/#listItem\",\"name\":\"Munkaer\\u0151piac\"}},{\"@type\":\"ListItem\",\"@id\":\"https:\\\/\\\/allasorias.hu\\\/hirek\\\/temak\\\/munkaeropiac\\\/#listItem\",\"position\":2,\"name\":\"Munkaer\\u0151piac\",\"item\":\"https:\\\/\\\/allasorias.hu\\\/hirek\\\/temak\\\/munkaeropiac\\\/\",\"nextItem\":{\"@type\":\"ListItem\",\"@id\":\"https:\\\/\\\/allasorias.hu\\\/hirek\\\/hazankban-is-lehet-negynapos-munkahet\\\/#listItem\",\"name\":\"Haz\\u00e1nkban is lehet n\\u00e9gynapos munkah\\u00e9t\"},\"previousItem\":{\"@type\":\"ListItem\",\"@id\":\"https:\\\/\\\/allasorias.hu\\\/hirek#listItem\",\"name\":\"Home\"}},{\"@type\":\"ListItem\",\"@id\":\"https:\\\/\\\/allasorias.hu\\\/hirek\\\/hazankban-is-lehet-negynapos-munkahet\\\/#listItem\",\"position\":3,\"name\":\"Haz\\u00e1nkban is lehet n\\u00e9gynapos munkah\\u00e9t\",\"previousItem\":{\"@type\":\"ListItem\",\"@id\":\"https:\\\/\\\/allasorias.hu\\\/hirek\\\/temak\\\/munkaeropiac\\\/#listItem\",\"name\":\"Munkaer\\u0151piac\"}}]},{\"@type\":\"Organization\",\"@id\":\"https:\\\/\\\/allasorias.hu\\\/hirek\\\/#organization\",\"name\":\"AllasOrias.hu | H\\u00edrek-lapszemle\",\"description\":\"\\u00dczleti h\\u00edrek az \\u00e1ll\\u00e1s \\u00e9s a munka vil\\u00e1g\\u00e1b\\u00f3l\",\"url\":\"https:\\\/\\\/allasorias.hu\\\/hirek\\\/\",\"logo\":{\"@type\":\"ImageObject\",\"url\":\"https:\\\/\\\/allasorias.hu\\\/hirek\\\/wp-content\\\/uploads\\\/2022\\\/10\\\/allasorias_site_facebok_logo.png\",\"@id\":\"https:\\\/\\\/allasorias.hu\\\/hirek\\\/hazankban-is-lehet-negynapos-munkahet\\\/#organizationLogo\"},\"image\":{\"@id\":\"https:\\\/\\\/allasorias.hu\\\/hirek\\\/hazankban-is-lehet-negynapos-munkahet\\\/#organizationLogo\"},\"sameAs\":[\"https:\\\/\\\/www.facebook.com\\\/allasorias\",\"https:\\\/\\\/www.linkedin.com\\\/company\\\/allasorias\"]},{\"@type\":\"Person\",\"@id\":\"https:\\\/\\\/allasorias.hu\\\/hirek\\\/author\\\/admin-allasorias\\\/#author\",\"url\":\"https:\\\/\\\/allasorias.hu\\\/hirek\\\/author\\\/admin-allasorias\\\/\",\"name\":\"Juh\\u00e1sz P\\u00e9ter\",\"image\":{\"@type\":\"ImageObject\",\"@id\":\"https:\\\/\\\/allasorias.hu\\\/hirek\\\/hazankban-is-lehet-negynapos-munkahet\\\/#authorImage\",\"url\":\"https:\\\/\\\/secure.gravatar.com\\\/avatar\\\/36e6bcb83148978b992977cb0f54d22feb0cce8a0a849a9410532bb2623ba4c6?s=96&d=mm&r=g\",\"width\":96,\"height\":96,\"caption\":\"Juh\\u00e1sz P\\u00e9ter\"}},{\"@type\":\"WebPage\",\"@id\":\"https:\\\/\\\/allasorias.hu\\\/hirek\\\/hazankban-is-lehet-negynapos-munkahet\\\/#webpage\",\"url\":\"https:\\\/\\\/allasorias.hu\\\/hirek\\\/hazankban-is-lehet-negynapos-munkahet\\\/\",\"name\":\"Haz\\u00e1nkban is lehet n\\u00e9gynapos munkah\\u00e9t | AllasOrias.hu | H\\u00edrek-lapszemle\",\"description\":\"Magyarorsz\\u00e1gon a jogszab\\u00e1lyi h\\u00e1tt\\u00e9r jelenleg is megenged\\u0151, hiszen a munk\\u00e1ltat\\u00f3k a heti 40 vagy a napi 8 \\u00f3r\\u00e1t\\u00f3l r\\u00f6videbb teljes munkaid\\u0151ben is meg\\u00e1llapodhatnak a munkav\\u00e1llal\\u00f3kkal A nyugat-eur\\u00f3pai piacokon egyre t\\u00f6bbet hallani n\\u00e9gynapos h\\u00e9tr\\u0151l vagy kevesebb munka\\u00f3r\\u00e1s k\\u00eds\\u00e9rletekr\\u0151l, amit a munk\\u00e1ltat\\u00f3k ak\\u00e1r juttat\\u00e1sk\\u00e9nt is adhatnak. A n\\u00e9gynapos munkahetet k\\u00e9tf\\u00e9lek\\u00e9ppen is lehet \\u00e9rtelmezni. Egyr\\u00e9szt jelentheti a munkaid\\u0151\",\"inLanguage\":\"hu-HU\",\"isPartOf\":{\"@id\":\"https:\\\/\\\/allasorias.hu\\\/hirek\\\/#website\"},\"breadcrumb\":{\"@id\":\"https:\\\/\\\/allasorias.hu\\\/hirek\\\/hazankban-is-lehet-negynapos-munkahet\\\/#breadcrumblist\"},\"author\":{\"@id\":\"https:\\\/\\\/allasorias.hu\\\/hirek\\\/author\\\/admin-allasorias\\\/#author\"},\"creator\":{\"@id\":\"https:\\\/\\\/allasorias.hu\\\/hirek\\\/author\\\/admin-allasorias\\\/#author\"},\"image\":{\"@type\":\"ImageObject\",\"url\":\"https:\\\/\\\/allasorias.hu\\\/hirek\\\/wp-content\\\/uploads\\\/2022\\\/04\\\/businessman-marking-calendar-appointment.jpg\",\"@id\":\"https:\\\/\\\/allasorias.hu\\\/hirek\\\/hazankban-is-lehet-negynapos-munkahet\\\/#mainImage\",\"width\":1920,\"height\":1280,\"caption\":\"Businessman marking on calendar for an appointment\"},\"primaryImageOfPage\":{\"@id\":\"https:\\\/\\\/allasorias.hu\\\/hirek\\\/hazankban-is-lehet-negynapos-munkahet\\\/#mainImage\"},\"datePublished\":\"2022-08-01T09:04:57+02:00\",\"dateModified\":\"2022-08-01T09:04:57+02:00\"},{\"@type\":\"WebSite\",\"@id\":\"https:\\\/\\\/allasorias.hu\\\/hirek\\\/#website\",\"url\":\"https:\\\/\\\/allasorias.hu\\\/hirek\\\/\",\"name\":\"AllasOrias.hu | H\\u00edrek-lapszemle\",\"description\":\"\\u00dczleti h\\u00edrek az \\u00e1ll\\u00e1s \\u00e9s a munka vil\\u00e1g\\u00e1b\\u00f3l\",\"inLanguage\":\"hu-HU\",\"publisher\":{\"@id\":\"https:\\\/\\\/allasorias.hu\\\/hirek\\\/#organization\"}}]}\n\t\t<\/script>\n\t\t<!-- All in One SEO -->\n\n","aioseo_head_json":{"title":"Haz\u00e1nkban is lehet n\u00e9gynapos munkah\u00e9t | AllasOrias.hu | H\u00edrek-lapszemle","description":"Magyarorsz\u00e1gon a jogszab\u00e1lyi h\u00e1tt\u00e9r jelenleg is megenged\u0151, hiszen a munk\u00e1ltat\u00f3k a heti 40 vagy a napi 8 \u00f3r\u00e1t\u00f3l r\u00f6videbb teljes munkaid\u0151ben is meg\u00e1llapodhatnak a munkav\u00e1llal\u00f3kkal A nyugat-eur\u00f3pai piacokon egyre t\u00f6bbet hallani n\u00e9gynapos h\u00e9tr\u0151l vagy kevesebb munka\u00f3r\u00e1s k\u00eds\u00e9rletekr\u0151l, amit a munk\u00e1ltat\u00f3k ak\u00e1r juttat\u00e1sk\u00e9nt is adhatnak. A n\u00e9gynapos munkahetet k\u00e9tf\u00e9lek\u00e9ppen is lehet \u00e9rtelmezni. Egyr\u00e9szt jelentheti a munkaid\u0151","canonical_url":"https:\/\/allasorias.hu\/hirek\/hazankban-is-lehet-negynapos-munkahet\/","robots":"max-image-preview:large","keywords":"","webmasterTools":{"miscellaneous":""},"schema":{"@context":"https:\/\/schema.org","@graph":[{"@type":"Article","@id":"https:\/\/allasorias.hu\/hirek\/hazankban-is-lehet-negynapos-munkahet\/#article","name":"Haz\u00e1nkban is lehet n\u00e9gynapos munkah\u00e9t | AllasOrias.hu | H\u00edrek-lapszemle","headline":"Haz\u00e1nkban is lehet n\u00e9gynapos munkah\u00e9t","author":{"@id":"https:\/\/allasorias.hu\/hirek\/author\/admin-allasorias\/#author"},"publisher":{"@id":"https:\/\/allasorias.hu\/hirek\/#organization"},"image":{"@type":"ImageObject","url":"https:\/\/allasorias.hu\/hirek\/wp-content\/uploads\/2022\/04\/businessman-marking-calendar-appointment.jpg","width":1920,"height":1280,"caption":"Businessman marking on calendar for an appointment"},"datePublished":"2022-08-01T09:04:57+02:00","dateModified":"2022-08-01T09:04:57+02:00","inLanguage":"hu-HU","mainEntityOfPage":{"@id":"https:\/\/allasorias.hu\/hirek\/hazankban-is-lehet-negynapos-munkahet\/#webpage"},"isPartOf":{"@id":"https:\/\/allasorias.hu\/hirek\/hazankban-is-lehet-negynapos-munkahet\/#webpage"},"articleSection":"Munkaer\u0151piac"},{"@type":"BreadcrumbList","@id":"https:\/\/allasorias.hu\/hirek\/hazankban-is-lehet-negynapos-munkahet\/#breadcrumblist","itemListElement":[{"@type":"ListItem","@id":"https:\/\/allasorias.hu\/hirek#listItem","position":1,"name":"Home","item":"https:\/\/allasorias.hu\/hirek","nextItem":{"@type":"ListItem","@id":"https:\/\/allasorias.hu\/hirek\/temak\/munkaeropiac\/#listItem","name":"Munkaer\u0151piac"}},{"@type":"ListItem","@id":"https:\/\/allasorias.hu\/hirek\/temak\/munkaeropiac\/#listItem","position":2,"name":"Munkaer\u0151piac","item":"https:\/\/allasorias.hu\/hirek\/temak\/munkaeropiac\/","nextItem":{"@type":"ListItem","@id":"https:\/\/allasorias.hu\/hirek\/hazankban-is-lehet-negynapos-munkahet\/#listItem","name":"Haz\u00e1nkban is lehet n\u00e9gynapos munkah\u00e9t"},"previousItem":{"@type":"ListItem","@id":"https:\/\/allasorias.hu\/hirek#listItem","name":"Home"}},{"@type":"ListItem","@id":"https:\/\/allasorias.hu\/hirek\/hazankban-is-lehet-negynapos-munkahet\/#listItem","position":3,"name":"Haz\u00e1nkban is lehet n\u00e9gynapos munkah\u00e9t","previousItem":{"@type":"ListItem","@id":"https:\/\/allasorias.hu\/hirek\/temak\/munkaeropiac\/#listItem","name":"Munkaer\u0151piac"}}]},{"@type":"Organization","@id":"https:\/\/allasorias.hu\/hirek\/#organization","name":"AllasOrias.hu | H\u00edrek-lapszemle","description":"\u00dczleti h\u00edrek az \u00e1ll\u00e1s \u00e9s a munka vil\u00e1g\u00e1b\u00f3l","url":"https:\/\/allasorias.hu\/hirek\/","logo":{"@type":"ImageObject","url":"https:\/\/allasorias.hu\/hirek\/wp-content\/uploads\/2022\/10\/allasorias_site_facebok_logo.png","@id":"https:\/\/allasorias.hu\/hirek\/hazankban-is-lehet-negynapos-munkahet\/#organizationLogo"},"image":{"@id":"https:\/\/allasorias.hu\/hirek\/hazankban-is-lehet-negynapos-munkahet\/#organizationLogo"},"sameAs":["https:\/\/www.facebook.com\/allasorias","https:\/\/www.linkedin.com\/company\/allasorias"]},{"@type":"Person","@id":"https:\/\/allasorias.hu\/hirek\/author\/admin-allasorias\/#author","url":"https:\/\/allasorias.hu\/hirek\/author\/admin-allasorias\/","name":"Juh\u00e1sz P\u00e9ter","image":{"@type":"ImageObject","@id":"https:\/\/allasorias.hu\/hirek\/hazankban-is-lehet-negynapos-munkahet\/#authorImage","url":"https:\/\/secure.gravatar.com\/avatar\/36e6bcb83148978b992977cb0f54d22feb0cce8a0a849a9410532bb2623ba4c6?s=96&d=mm&r=g","width":96,"height":96,"caption":"Juh\u00e1sz P\u00e9ter"}},{"@type":"WebPage","@id":"https:\/\/allasorias.hu\/hirek\/hazankban-is-lehet-negynapos-munkahet\/#webpage","url":"https:\/\/allasorias.hu\/hirek\/hazankban-is-lehet-negynapos-munkahet\/","name":"Haz\u00e1nkban is lehet n\u00e9gynapos munkah\u00e9t | AllasOrias.hu | H\u00edrek-lapszemle","description":"Magyarorsz\u00e1gon a jogszab\u00e1lyi h\u00e1tt\u00e9r jelenleg is megenged\u0151, hiszen a munk\u00e1ltat\u00f3k a heti 40 vagy a napi 8 \u00f3r\u00e1t\u00f3l r\u00f6videbb teljes munkaid\u0151ben is meg\u00e1llapodhatnak a munkav\u00e1llal\u00f3kkal A nyugat-eur\u00f3pai piacokon egyre t\u00f6bbet hallani n\u00e9gynapos h\u00e9tr\u0151l vagy kevesebb munka\u00f3r\u00e1s k\u00eds\u00e9rletekr\u0151l, amit a munk\u00e1ltat\u00f3k ak\u00e1r juttat\u00e1sk\u00e9nt is adhatnak. A n\u00e9gynapos munkahetet k\u00e9tf\u00e9lek\u00e9ppen is lehet \u00e9rtelmezni. Egyr\u00e9szt jelentheti a munkaid\u0151","inLanguage":"hu-HU","isPartOf":{"@id":"https:\/\/allasorias.hu\/hirek\/#website"},"breadcrumb":{"@id":"https:\/\/allasorias.hu\/hirek\/hazankban-is-lehet-negynapos-munkahet\/#breadcrumblist"},"author":{"@id":"https:\/\/allasorias.hu\/hirek\/author\/admin-allasorias\/#author"},"creator":{"@id":"https:\/\/allasorias.hu\/hirek\/author\/admin-allasorias\/#author"},"image":{"@type":"ImageObject","url":"https:\/\/allasorias.hu\/hirek\/wp-content\/uploads\/2022\/04\/businessman-marking-calendar-appointment.jpg","@id":"https:\/\/allasorias.hu\/hirek\/hazankban-is-lehet-negynapos-munkahet\/#mainImage","width":1920,"height":1280,"caption":"Businessman marking on calendar for an appointment"},"primaryImageOfPage":{"@id":"https:\/\/allasorias.hu\/hirek\/hazankban-is-lehet-negynapos-munkahet\/#mainImage"},"datePublished":"2022-08-01T09:04:57+02:00","dateModified":"2022-08-01T09:04:57+02:00"},{"@type":"WebSite","@id":"https:\/\/allasorias.hu\/hirek\/#website","url":"https:\/\/allasorias.hu\/hirek\/","name":"AllasOrias.hu | H\u00edrek-lapszemle","description":"\u00dczleti h\u00edrek az \u00e1ll\u00e1s \u00e9s a munka vil\u00e1g\u00e1b\u00f3l","inLanguage":"hu-HU","publisher":{"@id":"https:\/\/allasorias.hu\/hirek\/#organization"}}]},"og:locale":"hu_HU","og:site_name":"AllasOrias.hu | H\u00edrek-lapszemle | \u00dczleti h\u00edrek az \u00e1ll\u00e1s \u00e9s a munka vil\u00e1g\u00e1b\u00f3l","og:type":"article","og:title":"Haz\u00e1nkban is lehet n\u00e9gynapos munkah\u00e9t | AllasOrias.hu | H\u00edrek-lapszemle","og:description":"Magyarorsz\u00e1gon a jogszab\u00e1lyi h\u00e1tt\u00e9r jelenleg is megenged\u0151, hiszen a munk\u00e1ltat\u00f3k a heti 40 vagy a napi 8 \u00f3r\u00e1t\u00f3l r\u00f6videbb teljes munkaid\u0151ben is meg\u00e1llapodhatnak a munkav\u00e1llal\u00f3kkal A nyugat-eur\u00f3pai piacokon egyre t\u00f6bbet hallani n\u00e9gynapos h\u00e9tr\u0151l vagy kevesebb munka\u00f3r\u00e1s k\u00eds\u00e9rletekr\u0151l, amit a munk\u00e1ltat\u00f3k ak\u00e1r juttat\u00e1sk\u00e9nt is adhatnak. A n\u00e9gynapos munkahetet k\u00e9tf\u00e9lek\u00e9ppen is lehet \u00e9rtelmezni. Egyr\u00e9szt jelentheti a munkaid\u0151","og:url":"https:\/\/allasorias.hu\/hirek\/hazankban-is-lehet-negynapos-munkahet\/","og:image":"https:\/\/allasorias.hu\/hirek\/wp-content\/uploads\/2022\/04\/businessman-marking-calendar-appointment.jpg","og:image:secure_url":"https:\/\/allasorias.hu\/hirek\/wp-content\/uploads\/2022\/04\/businessman-marking-calendar-appointment.jpg","og:image:width":1920,"og:image:height":1280,"article:published_time":"2022-08-01T09:04:57+00:00","article:modified_time":"2022-08-01T09:04:57+00:00","article:publisher":"https:\/\/www.facebook.com\/allasorias","twitter:card":"summary_large_image","twitter:title":"Haz\u00e1nkban is lehet n\u00e9gynapos munkah\u00e9t | AllasOrias.hu | H\u00edrek-lapszemle","twitter:description":"Magyarorsz\u00e1gon a jogszab\u00e1lyi h\u00e1tt\u00e9r jelenleg is megenged\u0151, hiszen a munk\u00e1ltat\u00f3k a heti 40 vagy a napi 8 \u00f3r\u00e1t\u00f3l r\u00f6videbb teljes munkaid\u0151ben is meg\u00e1llapodhatnak a munkav\u00e1llal\u00f3kkal A nyugat-eur\u00f3pai piacokon egyre t\u00f6bbet hallani n\u00e9gynapos h\u00e9tr\u0151l vagy kevesebb munka\u00f3r\u00e1s k\u00eds\u00e9rletekr\u0151l, amit a munk\u00e1ltat\u00f3k ak\u00e1r juttat\u00e1sk\u00e9nt is adhatnak. A n\u00e9gynapos munkahetet k\u00e9tf\u00e9lek\u00e9ppen is lehet \u00e9rtelmezni. Egyr\u00e9szt jelentheti a munkaid\u0151","twitter:image":"https:\/\/allasorias.hu\/hirek\/wp-content\/uploads\/2022\/04\/businessman-marking-calendar-appointment.jpg","twitter:label1":"Written by","twitter:data1":"Juh\u00e1sz P\u00e9ter","twitter:label2":"Est. reading time","twitter:data2":"2 minutes"},"aioseo_meta_data":{"post_id":"5703","title":null,"description":null,"keywords":[],"keyphrases":{"focus":{"keyphrase":"","score":0,"analysis":{"keyphraseInTitle":{"score":0,"maxScore":9,"error":1}}},"additional":[]},"primary_term":null,"canonical_url":null,"og_title":null,"og_description":null,"og_object_type":"default","og_image_type":"default","og_image_url":null,"og_image_width":null,"og_image_height":null,"og_image_custom_url":null,"og_image_custom_fields":null,"og_video":"","og_custom_url":null,"og_article_section":null,"og_article_tags":[],"twitter_use_og":false,"twitter_card":"default","twitter_image_type":"default","twitter_image_url":null,"twitter_image_custom_url":null,"twitter_image_custom_fields":null,"twitter_title":null,"twitter_description":null,"schema":{"blockGraphs":[],"customGraphs":[],"default":{"data":{"Article":[],"Course":[],"Dataset":[],"FAQPage":[],"Movie":[],"Person":[],"Product":[],"ProductReview":[],"Car":[],"Recipe":[],"Service":[],"SoftwareApplication":[],"WebPage":[]},"graphName":"","isEnabled":true},"graphs":[],"defaultGraph":"Article","defaultPostTypeGraph":""},"schema_type":"default","schema_type_options":"{\"article\":{\"articleType\":\"BlogPosting\"},\"course\":{\"name\":\"\",\"description\":\"\",\"provider\":\"\"},\"faq\":{\"pages\":[]},\"product\":{\"reviews\":[]},\"recipe\":{\"ingredients\":[],\"instructions\":[],\"keywords\":[]},\"software\":{\"reviews\":[],\"operatingSystems\":[]},\"webPage\":{\"webPageType\":\"WebPage\"}}","pillar_content":false,"robots_default":true,"robots_noindex":false,"robots_noarchive":false,"robots_nosnippet":false,"robots_nofollow":false,"robots_noimageindex":false,"robots_noodp":false,"robots_notranslate":false,"robots_max_snippet":"-1","robots_max_videopreview":"-1","robots_max_imagepreview":"large","priority":null,"frequency":"default","location":null,"local_seo":null,"breadcrumb_settings":null,"limit_modified_date":false,"ai":null,"created":"2022-08-01 09:04:34","updated":"2025-10-02 17:05:42","seo_analyzer_scan_date":null,"focus_keyword":null,"additional_keywords":null,"truseo_locale":null},"aioseo_breadcrumb":"<div class=\"aioseo-breadcrumbs\"><span class=\"aioseo-breadcrumb\">\n\t\t\t<a href=\"https:\/\/allasorias.hu\/hirek\" title=\"Home\">Home<\/a>\n\t\t<\/span><span class=\"aioseo-breadcrumb-separator\">&raquo;<\/span><span class=\"aioseo-breadcrumb\">\n\t\t\t<a href=\"https:\/\/allasorias.hu\/hirek\/temak\/munkaeropiac\/\" title=\"Munkaer\u0151piac\">Munkaer\u0151piac<\/a>\n\t\t<\/span><span class=\"aioseo-breadcrumb-separator\">&raquo;<\/span><span class=\"aioseo-breadcrumb\">\n\t\t\tHaz\u00e1nkban is lehet n\u00e9gynapos munkah\u00e9t\n\t\t<\/span><\/div>","aioseo_breadcrumb_json":[{"label":"Home","link":"https:\/\/allasorias.hu\/hirek"},{"label":"Munkaer\u0151piac","link":"https:\/\/allasorias.hu\/hirek\/temak\/munkaeropiac\/"},{"label":"Haz\u00e1nkban is lehet n\u00e9gynapos munkah\u00e9t","link":"https:\/\/allasorias.hu\/hirek\/hazankban-is-lehet-negynapos-munkahet\/"}],"_links":{"self":[{"href":"https:\/\/allasorias.hu\/hirek\/wp-json\/wp\/v2\/posts\/5703","targetHints":{"allow":["GET"]}}],"collection":[{"href":"https:\/\/allasorias.hu\/hirek\/wp-json\/wp\/v2\/posts"}],"about":[{"href":"https:\/\/allasorias.hu\/hirek\/wp-json\/wp\/v2\/types\/post"}],"author":[{"embeddable":true,"href":"https:\/\/allasorias.hu\/hirek\/wp-json\/wp\/v2\/users\/1"}],"replies":[{"embeddable":true,"href":"https:\/\/allasorias.hu\/hirek\/wp-json\/wp\/v2\/comments?post=5703"}],"version-history":[{"count":1,"href":"https:\/\/allasorias.hu\/hirek\/wp-json\/wp\/v2\/posts\/5703\/revisions"}],"predecessor-version":[{"id":5704,"href":"https:\/\/allasorias.hu\/hirek\/wp-json\/wp\/v2\/posts\/5703\/revisions\/5704"}],"wp:featuredmedia":[{"embeddable":true,"href":"https:\/\/allasorias.hu\/hirek\/wp-json\/wp\/v2\/media\/5498"}],"wp:attachment":[{"href":"https:\/\/allasorias.hu\/hirek\/wp-json\/wp\/v2\/media?parent=5703"}],"wp:term":[{"taxonomy":"category","embeddable":true,"href":"https:\/\/allasorias.hu\/hirek\/wp-json\/wp\/v2\/categories?post=5703"},{"taxonomy":"post_tag","embeddable":true,"href":"https:\/\/allasorias.hu\/hirek\/wp-json\/wp\/v2\/tags?post=5703"}],"curies":[{"name":"wp","href":"https:\/\/api.w.org\/{rel}","templated":true}]}}