{"id":5663,"date":"2022-07-08T07:56:47","date_gmt":"2022-07-08T07:56:47","guid":{"rendered":"https:\/\/allasorias.hu\/hirek\/?p=5663"},"modified":"2022-07-08T07:56:47","modified_gmt":"2022-07-08T07:56:47","slug":"a-szakszervezet-tamogatja-a-vasarnapi-boltbezarast","status":"publish","type":"post","link":"https:\/\/allasorias.hu\/hirek\/a-szakszervezet-tamogatja-a-vasarnapi-boltbezarast\/","title":{"rendered":"A szakszervezet t\u00e1mogatja a vas\u00e1rnapi boltbez\u00e1r\u00e1st"},"content":{"rendered":"<p><strong>Nincs hivatalos t\u00e1mogat\u00f3ja annak a javaslatnak, hogy vas\u00e1rnap d\u00e9lben k\u00f6telez\u0151 legyen bez\u00e1rnia az \u00fczleteknek, de az \u00f6tletgazda Kereskedelmi Alkalmazottak Szakszervezete (KASZ) nem adja fel, online al\u00e1\u00edr\u00e1sgy\u0171jt\u00e9st ind\u00edt \u2013 \u00edrja a N\u00e9pszava.<\/strong><\/p>\n<p>A N\u00e9pszava inform\u00e1ci\u00f3i szerint a Kereskedelmi Alkalmazottak Szakszervezete online al\u00e1\u00edr\u00e1sgy\u0171jt\u00e9sbe kezd az\u00e9rt, hogy vas\u00e1rnap d\u00e9lben bez\u00e1rjanak a boltok, mivel egy hivatalos t\u00e1mogat\u00f3t sem siker\u00fclt szerezni\u00fck. Ahogy arr\u00f3l besz\u00e1moltunk, a szakszervezet r\u00e9szben \u00fajraind\u00edtan\u00e1 a Fidesz-korm\u00e1ny legsikertelenebb, visszavont kezdem\u00e9nyez\u00e9s\u00e9t, a vas\u00e1rnapi boltz\u00e1rat. A KASZ els\u0151sorban a munkaer\u0151hi\u00e1nyon szeretne enyh\u00edteni, mivel a munk\u00e1ltat\u00f3k nem tudnak tart\u00f3san l\u00e9tsz\u00e1mot n\u00f6velni, \u00e9s emiatt alternat\u00edv megold\u00e1sokra van sz\u00fcks\u00e9g. Szerint\u00fck a nyitvatart\u00e1si \u00f3r\u00e1k cs\u00f6kkent\u00e9se lehet\u0151v\u00e9 tenn\u00e9, hogy a forgalmasabb id\u0151szakokra magasabb l\u00e9tsz\u00e1m jusson, mindek\u00f6zben pedig javuljon a szolg\u00e1ltat\u00e1s min\u0151s\u00e9ge, \u00e9s cs\u00f6kkenjen a dolgoz\u00f3k terhel\u00e9se is. A N\u00e9pszava most azt \u00edrja: a ter\u00fclet \u00e1gazati p\u00e1rbesz\u00e9d-bizotts\u00e1g\u00e1nak cs\u00fct\u00f6rt\u00f6ki \u00fcl\u00e9s\u00e9n a test\u00fclet munk\u00e1j\u00e1ban r\u00e9szt vev\u0151 m\u00e1sik munkav\u00e1llal\u00f3i \u00e9rdekk\u00e9pviselet \u00e9s n\u00e9gy munkaad\u00f3i sz\u00f6vets\u00e9g sem t\u00e1mogatta a javaslatot. A KASZ eln\u00f6ke, Karsai Zolt\u00e1n ugyanakkor azt mondta a lapnak: a c\u00e9gek megosztottak, szerinte \u201e\u00e9pp annyian t\u00e1mogatn\u00e1k a tervet, mint ah\u00e1nyan nem, de a gazdas\u00e1g bizonytalan helyzete miatt kock\u00e1zatosnak tartanak minden tov\u00e1bbi v\u00e1ltoztat\u00e1st\u201d.<\/p>\n<p>Forr\u00e1s. hvg.hu<\/p>\n","protected":false},"excerpt":{"rendered":"<p>Nincs hivatalos t\u00e1mogat\u00f3ja annak a javaslatnak, hogy vas\u00e1rnap d\u00e9lben k\u00f6telez\u0151 legyen bez\u00e1rnia az \u00fczleteknek, de az \u00f6tletgazda Kereskedelmi Alkalmazottak Szakszervezete (KASZ) nem adja fel, online al\u00e1\u00edr\u00e1sgy\u0171jt\u00e9st ind\u00edt \u2013 \u00edrja a N\u00e9pszava. A N\u00e9pszava inform\u00e1ci\u00f3i szerint a Kereskedelmi Alkalmazottak Szakszervezete online al\u00e1\u00edr\u00e1sgy\u0171jt\u00e9sbe kezd az\u00e9rt, hogy vas\u00e1rnap d\u00e9lben bez\u00e1rjanak a boltok, mivel egy hivatalos t\u00e1mogat\u00f3t sem siker\u00fclt [&hellip;]<\/p>\n","protected":false},"author":1,"featured_media":5440,"comment_status":"open","ping_status":"open","sticky":false,"template":"","format":"standard","meta":{"_monsterinsights_skip_tracking":false,"footnotes":""},"categories":[200],"tags":[],"class_list":["post-5663","post","type-post","status-publish","format-standard","has-post-thumbnail","hentry","category-munkaeropiac"],"aioseo_notices":[],"aioseo_head":"\n\t\t<!-- All in One SEO 5.0.0.1 - aioseo.com -->\n\t<meta name=\"description\" content=\"Nincs hivatalos t\u00e1mogat\u00f3ja annak a javaslatnak, hogy vas\u00e1rnap d\u00e9lben k\u00f6telez\u0151 legyen bez\u00e1rnia az \u00fczleteknek, de az \u00f6tletgazda Kereskedelmi Alkalmazottak Szakszervezete (KASZ) nem adja fel, online al\u00e1\u00edr\u00e1sgy\u0171jt\u00e9st ind\u00edt \u2013 \u00edrja a N\u00e9pszava. A N\u00e9pszava inform\u00e1ci\u00f3i szerint a Kereskedelmi Alkalmazottak Szakszervezete online al\u00e1\u00edr\u00e1sgy\u0171jt\u00e9sbe kezd az\u00e9rt, hogy vas\u00e1rnap d\u00e9lben bez\u00e1rjanak a boltok, mivel egy hivatalos t\u00e1mogat\u00f3t sem siker\u00fclt\" \/>\n\t<meta name=\"robots\" content=\"max-image-preview:large\" \/>\n\t<meta name=\"author\" content=\"Juh\u00e1sz P\u00e9ter\"\/>\n\t<link rel=\"canonical\" href=\"https:\/\/allasorias.hu\/hirek\/a-szakszervezet-tamogatja-a-vasarnapi-boltbezarast\/\" \/>\n\t<meta name=\"generator\" content=\"All in One SEO (AIOSEO) 5.0.0.1\" \/>\n\t\t<meta property=\"og:locale\" content=\"hu_HU\" \/>\n\t\t<meta property=\"og:site_name\" content=\"AllasOrias.hu | H\u00edrek-lapszemle | \u00dczleti h\u00edrek az \u00e1ll\u00e1s \u00e9s a munka vil\u00e1g\u00e1b\u00f3l\" \/>\n\t\t<meta property=\"og:type\" content=\"article\" \/>\n\t\t<meta property=\"og:title\" content=\"A szakszervezet t\u00e1mogatja a vas\u00e1rnapi boltbez\u00e1r\u00e1st | AllasOrias.hu | H\u00edrek-lapszemle\" \/>\n\t\t<meta property=\"og:description\" content=\"Nincs hivatalos t\u00e1mogat\u00f3ja annak a javaslatnak, hogy vas\u00e1rnap d\u00e9lben k\u00f6telez\u0151 legyen bez\u00e1rnia az \u00fczleteknek, de az \u00f6tletgazda Kereskedelmi Alkalmazottak Szakszervezete (KASZ) nem adja fel, online al\u00e1\u00edr\u00e1sgy\u0171jt\u00e9st ind\u00edt \u2013 \u00edrja a N\u00e9pszava. A N\u00e9pszava inform\u00e1ci\u00f3i szerint a Kereskedelmi Alkalmazottak Szakszervezete online al\u00e1\u00edr\u00e1sgy\u0171jt\u00e9sbe kezd az\u00e9rt, hogy vas\u00e1rnap d\u00e9lben bez\u00e1rjanak a boltok, mivel egy hivatalos t\u00e1mogat\u00f3t sem siker\u00fclt\" \/>\n\t\t<meta property=\"og:url\" content=\"https:\/\/allasorias.hu\/hirek\/a-szakszervezet-tamogatja-a-vasarnapi-boltbezarast\/\" \/>\n\t\t<meta property=\"og:image\" content=\"https:\/\/allasorias.hu\/hirek\/wp-content\/uploads\/2022\/03\/abstract-blur-supermarket-department-store.jpg\" \/>\n\t\t<meta property=\"og:image:secure_url\" content=\"https:\/\/allasorias.hu\/hirek\/wp-content\/uploads\/2022\/03\/abstract-blur-supermarket-department-store.jpg\" \/>\n\t\t<meta property=\"og:image:width\" content=\"1920\" \/>\n\t\t<meta property=\"og:image:height\" content=\"1280\" \/>\n\t\t<meta property=\"article:published_time\" content=\"2022-07-08T07:56:47+00:00\" \/>\n\t\t<meta property=\"article:modified_time\" content=\"2022-07-08T07:56:47+00:00\" \/>\n\t\t<meta property=\"article:publisher\" content=\"https:\/\/www.facebook.com\/allasorias\" \/>\n\t\t<meta name=\"twitter:card\" content=\"summary_large_image\" \/>\n\t\t<meta name=\"twitter:title\" content=\"A szakszervezet t\u00e1mogatja a vas\u00e1rnapi boltbez\u00e1r\u00e1st | AllasOrias.hu | H\u00edrek-lapszemle\" \/>\n\t\t<meta name=\"twitter:description\" content=\"Nincs hivatalos t\u00e1mogat\u00f3ja annak a javaslatnak, hogy vas\u00e1rnap d\u00e9lben k\u00f6telez\u0151 legyen bez\u00e1rnia az \u00fczleteknek, de az \u00f6tletgazda Kereskedelmi Alkalmazottak Szakszervezete (KASZ) nem adja fel, online al\u00e1\u00edr\u00e1sgy\u0171jt\u00e9st ind\u00edt \u2013 \u00edrja a N\u00e9pszava. A N\u00e9pszava inform\u00e1ci\u00f3i szerint a Kereskedelmi Alkalmazottak Szakszervezete online al\u00e1\u00edr\u00e1sgy\u0171jt\u00e9sbe kezd az\u00e9rt, hogy vas\u00e1rnap d\u00e9lben bez\u00e1rjanak a boltok, mivel egy hivatalos t\u00e1mogat\u00f3t sem siker\u00fclt\" \/>\n\t\t<meta name=\"twitter:image\" content=\"https:\/\/allasorias.hu\/hirek\/wp-content\/uploads\/2022\/03\/abstract-blur-supermarket-department-store.jpg\" \/>\n\t\t<meta name=\"twitter:label1\" content=\"Written by\" \/>\n\t\t<meta name=\"twitter:data1\" content=\"Juh\u00e1sz P\u00e9ter\" \/>\n\t\t<meta name=\"twitter:label2\" content=\"Est. reading time\" \/>\n\t\t<meta name=\"twitter:data2\" content=\"1 minute\" \/>\n\t\t<script type=\"application\/ld+json\" class=\"aioseo-schema\">\n\t\t\t{\"@context\":\"https:\\\/\\\/schema.org\",\"@graph\":[{\"@type\":\"Article\",\"@id\":\"https:\\\/\\\/allasorias.hu\\\/hirek\\\/a-szakszervezet-tamogatja-a-vasarnapi-boltbezarast\\\/#article\",\"name\":\"A szakszervezet t\\u00e1mogatja a vas\\u00e1rnapi boltbez\\u00e1r\\u00e1st | AllasOrias.hu | H\\u00edrek-lapszemle\",\"headline\":\"A szakszervezet t\\u00e1mogatja a vas\\u00e1rnapi boltbez\\u00e1r\\u00e1st\",\"author\":{\"@id\":\"https:\\\/\\\/allasorias.hu\\\/hirek\\\/author\\\/admin-allasorias\\\/#author\"},\"publisher\":{\"@id\":\"https:\\\/\\\/allasorias.hu\\\/hirek\\\/#organization\"},\"image\":{\"@type\":\"ImageObject\",\"url\":\"https:\\\/\\\/allasorias.hu\\\/hirek\\\/wp-content\\\/uploads\\\/2022\\\/03\\\/abstract-blur-supermarket-department-store.jpg\",\"width\":1920,\"height\":1280,\"caption\":\"Abstract blur supermarket in department store and shopping mall interior for background\"},\"datePublished\":\"2022-07-08T07:56:47+02:00\",\"dateModified\":\"2022-07-08T07:56:47+02:00\",\"inLanguage\":\"hu-HU\",\"mainEntityOfPage\":{\"@id\":\"https:\\\/\\\/allasorias.hu\\\/hirek\\\/a-szakszervezet-tamogatja-a-vasarnapi-boltbezarast\\\/#webpage\"},\"isPartOf\":{\"@id\":\"https:\\\/\\\/allasorias.hu\\\/hirek\\\/a-szakszervezet-tamogatja-a-vasarnapi-boltbezarast\\\/#webpage\"},\"articleSection\":\"Munkaer\\u0151piac\"},{\"@type\":\"BreadcrumbList\",\"@id\":\"https:\\\/\\\/allasorias.hu\\\/hirek\\\/a-szakszervezet-tamogatja-a-vasarnapi-boltbezarast\\\/#breadcrumblist\",\"itemListElement\":[{\"@type\":\"ListItem\",\"@id\":\"https:\\\/\\\/allasorias.hu\\\/hirek#listItem\",\"position\":1,\"name\":\"Home\",\"item\":\"https:\\\/\\\/allasorias.hu\\\/hirek\",\"nextItem\":{\"@type\":\"ListItem\",\"@id\":\"https:\\\/\\\/allasorias.hu\\\/hirek\\\/temak\\\/munkaeropiac\\\/#listItem\",\"name\":\"Munkaer\\u0151piac\"}},{\"@type\":\"ListItem\",\"@id\":\"https:\\\/\\\/allasorias.hu\\\/hirek\\\/temak\\\/munkaeropiac\\\/#listItem\",\"position\":2,\"name\":\"Munkaer\\u0151piac\",\"item\":\"https:\\\/\\\/allasorias.hu\\\/hirek\\\/temak\\\/munkaeropiac\\\/\",\"nextItem\":{\"@type\":\"ListItem\",\"@id\":\"https:\\\/\\\/allasorias.hu\\\/hirek\\\/a-szakszervezet-tamogatja-a-vasarnapi-boltbezarast\\\/#listItem\",\"name\":\"A szakszervezet t\\u00e1mogatja a vas\\u00e1rnapi boltbez\\u00e1r\\u00e1st\"},\"previousItem\":{\"@type\":\"ListItem\",\"@id\":\"https:\\\/\\\/allasorias.hu\\\/hirek#listItem\",\"name\":\"Home\"}},{\"@type\":\"ListItem\",\"@id\":\"https:\\\/\\\/allasorias.hu\\\/hirek\\\/a-szakszervezet-tamogatja-a-vasarnapi-boltbezarast\\\/#listItem\",\"position\":3,\"name\":\"A szakszervezet t\\u00e1mogatja a vas\\u00e1rnapi boltbez\\u00e1r\\u00e1st\",\"previousItem\":{\"@type\":\"ListItem\",\"@id\":\"https:\\\/\\\/allasorias.hu\\\/hirek\\\/temak\\\/munkaeropiac\\\/#listItem\",\"name\":\"Munkaer\\u0151piac\"}}]},{\"@type\":\"Organization\",\"@id\":\"https:\\\/\\\/allasorias.hu\\\/hirek\\\/#organization\",\"name\":\"AllasOrias.hu | H\\u00edrek-lapszemle\",\"description\":\"\\u00dczleti h\\u00edrek az \\u00e1ll\\u00e1s \\u00e9s a munka vil\\u00e1g\\u00e1b\\u00f3l\",\"url\":\"https:\\\/\\\/allasorias.hu\\\/hirek\\\/\",\"logo\":{\"@type\":\"ImageObject\",\"url\":\"https:\\\/\\\/allasorias.hu\\\/hirek\\\/wp-content\\\/uploads\\\/2022\\\/10\\\/allasorias_site_facebok_logo.png\",\"@id\":\"https:\\\/\\\/allasorias.hu\\\/hirek\\\/a-szakszervezet-tamogatja-a-vasarnapi-boltbezarast\\\/#organizationLogo\"},\"image\":{\"@id\":\"https:\\\/\\\/allasorias.hu\\\/hirek\\\/a-szakszervezet-tamogatja-a-vasarnapi-boltbezarast\\\/#organizationLogo\"},\"sameAs\":[\"https:\\\/\\\/www.facebook.com\\\/allasorias\",\"https:\\\/\\\/www.linkedin.com\\\/company\\\/allasorias\"]},{\"@type\":\"Person\",\"@id\":\"https:\\\/\\\/allasorias.hu\\\/hirek\\\/author\\\/admin-allasorias\\\/#author\",\"url\":\"https:\\\/\\\/allasorias.hu\\\/hirek\\\/author\\\/admin-allasorias\\\/\",\"name\":\"Juh\\u00e1sz P\\u00e9ter\",\"image\":{\"@type\":\"ImageObject\",\"@id\":\"https:\\\/\\\/allasorias.hu\\\/hirek\\\/a-szakszervezet-tamogatja-a-vasarnapi-boltbezarast\\\/#authorImage\",\"url\":\"https:\\\/\\\/secure.gravatar.com\\\/avatar\\\/36e6bcb83148978b992977cb0f54d22feb0cce8a0a849a9410532bb2623ba4c6?s=96&d=mm&r=g\",\"width\":96,\"height\":96,\"caption\":\"Juh\\u00e1sz P\\u00e9ter\"}},{\"@type\":\"WebPage\",\"@id\":\"https:\\\/\\\/allasorias.hu\\\/hirek\\\/a-szakszervezet-tamogatja-a-vasarnapi-boltbezarast\\\/#webpage\",\"url\":\"https:\\\/\\\/allasorias.hu\\\/hirek\\\/a-szakszervezet-tamogatja-a-vasarnapi-boltbezarast\\\/\",\"name\":\"A szakszervezet t\\u00e1mogatja a vas\\u00e1rnapi boltbez\\u00e1r\\u00e1st | AllasOrias.hu | H\\u00edrek-lapszemle\",\"description\":\"Nincs hivatalos t\\u00e1mogat\\u00f3ja annak a javaslatnak, hogy vas\\u00e1rnap d\\u00e9lben k\\u00f6telez\\u0151 legyen bez\\u00e1rnia az \\u00fczleteknek, de az \\u00f6tletgazda Kereskedelmi Alkalmazottak Szakszervezete (KASZ) nem adja fel, online al\\u00e1\\u00edr\\u00e1sgy\\u0171jt\\u00e9st ind\\u00edt \\u2013 \\u00edrja a N\\u00e9pszava. A N\\u00e9pszava inform\\u00e1ci\\u00f3i szerint a Kereskedelmi Alkalmazottak Szakszervezete online al\\u00e1\\u00edr\\u00e1sgy\\u0171jt\\u00e9sbe kezd az\\u00e9rt, hogy vas\\u00e1rnap d\\u00e9lben bez\\u00e1rjanak a boltok, mivel egy hivatalos t\\u00e1mogat\\u00f3t sem siker\\u00fclt\",\"inLanguage\":\"hu-HU\",\"isPartOf\":{\"@id\":\"https:\\\/\\\/allasorias.hu\\\/hirek\\\/#website\"},\"breadcrumb\":{\"@id\":\"https:\\\/\\\/allasorias.hu\\\/hirek\\\/a-szakszervezet-tamogatja-a-vasarnapi-boltbezarast\\\/#breadcrumblist\"},\"author\":{\"@id\":\"https:\\\/\\\/allasorias.hu\\\/hirek\\\/author\\\/admin-allasorias\\\/#author\"},\"creator\":{\"@id\":\"https:\\\/\\\/allasorias.hu\\\/hirek\\\/author\\\/admin-allasorias\\\/#author\"},\"image\":{\"@type\":\"ImageObject\",\"url\":\"https:\\\/\\\/allasorias.hu\\\/hirek\\\/wp-content\\\/uploads\\\/2022\\\/03\\\/abstract-blur-supermarket-department-store.jpg\",\"@id\":\"https:\\\/\\\/allasorias.hu\\\/hirek\\\/a-szakszervezet-tamogatja-a-vasarnapi-boltbezarast\\\/#mainImage\",\"width\":1920,\"height\":1280,\"caption\":\"Abstract blur supermarket in department store and shopping mall interior for background\"},\"primaryImageOfPage\":{\"@id\":\"https:\\\/\\\/allasorias.hu\\\/hirek\\\/a-szakszervezet-tamogatja-a-vasarnapi-boltbezarast\\\/#mainImage\"},\"datePublished\":\"2022-07-08T07:56:47+02:00\",\"dateModified\":\"2022-07-08T07:56:47+02:00\"},{\"@type\":\"WebSite\",\"@id\":\"https:\\\/\\\/allasorias.hu\\\/hirek\\\/#website\",\"url\":\"https:\\\/\\\/allasorias.hu\\\/hirek\\\/\",\"name\":\"AllasOrias.hu | H\\u00edrek-lapszemle\",\"description\":\"\\u00dczleti h\\u00edrek az \\u00e1ll\\u00e1s \\u00e9s a munka vil\\u00e1g\\u00e1b\\u00f3l\",\"inLanguage\":\"hu-HU\",\"publisher\":{\"@id\":\"https:\\\/\\\/allasorias.hu\\\/hirek\\\/#organization\"}}]}\n\t\t<\/script>\n\t\t<!-- All in One SEO -->\n\n","aioseo_head_json":{"title":"A szakszervezet t\u00e1mogatja a vas\u00e1rnapi boltbez\u00e1r\u00e1st | AllasOrias.hu | H\u00edrek-lapszemle","description":"Nincs hivatalos t\u00e1mogat\u00f3ja annak a javaslatnak, hogy vas\u00e1rnap d\u00e9lben k\u00f6telez\u0151 legyen bez\u00e1rnia az \u00fczleteknek, de az \u00f6tletgazda Kereskedelmi Alkalmazottak Szakszervezete (KASZ) nem adja fel, online al\u00e1\u00edr\u00e1sgy\u0171jt\u00e9st ind\u00edt \u2013 \u00edrja a N\u00e9pszava. A N\u00e9pszava inform\u00e1ci\u00f3i szerint a Kereskedelmi Alkalmazottak Szakszervezete online al\u00e1\u00edr\u00e1sgy\u0171jt\u00e9sbe kezd az\u00e9rt, hogy vas\u00e1rnap d\u00e9lben bez\u00e1rjanak a boltok, mivel egy hivatalos t\u00e1mogat\u00f3t sem siker\u00fclt","canonical_url":"https:\/\/allasorias.hu\/hirek\/a-szakszervezet-tamogatja-a-vasarnapi-boltbezarast\/","robots":"max-image-preview:large","keywords":"","webmasterTools":{"miscellaneous":""},"schema":{"@context":"https:\/\/schema.org","@graph":[{"@type":"Article","@id":"https:\/\/allasorias.hu\/hirek\/a-szakszervezet-tamogatja-a-vasarnapi-boltbezarast\/#article","name":"A szakszervezet t\u00e1mogatja a vas\u00e1rnapi boltbez\u00e1r\u00e1st | AllasOrias.hu | H\u00edrek-lapszemle","headline":"A szakszervezet t\u00e1mogatja a vas\u00e1rnapi boltbez\u00e1r\u00e1st","author":{"@id":"https:\/\/allasorias.hu\/hirek\/author\/admin-allasorias\/#author"},"publisher":{"@id":"https:\/\/allasorias.hu\/hirek\/#organization"},"image":{"@type":"ImageObject","url":"https:\/\/allasorias.hu\/hirek\/wp-content\/uploads\/2022\/03\/abstract-blur-supermarket-department-store.jpg","width":1920,"height":1280,"caption":"Abstract blur supermarket in department store and shopping mall interior for background"},"datePublished":"2022-07-08T07:56:47+02:00","dateModified":"2022-07-08T07:56:47+02:00","inLanguage":"hu-HU","mainEntityOfPage":{"@id":"https:\/\/allasorias.hu\/hirek\/a-szakszervezet-tamogatja-a-vasarnapi-boltbezarast\/#webpage"},"isPartOf":{"@id":"https:\/\/allasorias.hu\/hirek\/a-szakszervezet-tamogatja-a-vasarnapi-boltbezarast\/#webpage"},"articleSection":"Munkaer\u0151piac"},{"@type":"BreadcrumbList","@id":"https:\/\/allasorias.hu\/hirek\/a-szakszervezet-tamogatja-a-vasarnapi-boltbezarast\/#breadcrumblist","itemListElement":[{"@type":"ListItem","@id":"https:\/\/allasorias.hu\/hirek#listItem","position":1,"name":"Home","item":"https:\/\/allasorias.hu\/hirek","nextItem":{"@type":"ListItem","@id":"https:\/\/allasorias.hu\/hirek\/temak\/munkaeropiac\/#listItem","name":"Munkaer\u0151piac"}},{"@type":"ListItem","@id":"https:\/\/allasorias.hu\/hirek\/temak\/munkaeropiac\/#listItem","position":2,"name":"Munkaer\u0151piac","item":"https:\/\/allasorias.hu\/hirek\/temak\/munkaeropiac\/","nextItem":{"@type":"ListItem","@id":"https:\/\/allasorias.hu\/hirek\/a-szakszervezet-tamogatja-a-vasarnapi-boltbezarast\/#listItem","name":"A szakszervezet t\u00e1mogatja a vas\u00e1rnapi boltbez\u00e1r\u00e1st"},"previousItem":{"@type":"ListItem","@id":"https:\/\/allasorias.hu\/hirek#listItem","name":"Home"}},{"@type":"ListItem","@id":"https:\/\/allasorias.hu\/hirek\/a-szakszervezet-tamogatja-a-vasarnapi-boltbezarast\/#listItem","position":3,"name":"A szakszervezet t\u00e1mogatja a vas\u00e1rnapi boltbez\u00e1r\u00e1st","previousItem":{"@type":"ListItem","@id":"https:\/\/allasorias.hu\/hirek\/temak\/munkaeropiac\/#listItem","name":"Munkaer\u0151piac"}}]},{"@type":"Organization","@id":"https:\/\/allasorias.hu\/hirek\/#organization","name":"AllasOrias.hu | H\u00edrek-lapszemle","description":"\u00dczleti h\u00edrek az \u00e1ll\u00e1s \u00e9s a munka vil\u00e1g\u00e1b\u00f3l","url":"https:\/\/allasorias.hu\/hirek\/","logo":{"@type":"ImageObject","url":"https:\/\/allasorias.hu\/hirek\/wp-content\/uploads\/2022\/10\/allasorias_site_facebok_logo.png","@id":"https:\/\/allasorias.hu\/hirek\/a-szakszervezet-tamogatja-a-vasarnapi-boltbezarast\/#organizationLogo"},"image":{"@id":"https:\/\/allasorias.hu\/hirek\/a-szakszervezet-tamogatja-a-vasarnapi-boltbezarast\/#organizationLogo"},"sameAs":["https:\/\/www.facebook.com\/allasorias","https:\/\/www.linkedin.com\/company\/allasorias"]},{"@type":"Person","@id":"https:\/\/allasorias.hu\/hirek\/author\/admin-allasorias\/#author","url":"https:\/\/allasorias.hu\/hirek\/author\/admin-allasorias\/","name":"Juh\u00e1sz P\u00e9ter","image":{"@type":"ImageObject","@id":"https:\/\/allasorias.hu\/hirek\/a-szakszervezet-tamogatja-a-vasarnapi-boltbezarast\/#authorImage","url":"https:\/\/secure.gravatar.com\/avatar\/36e6bcb83148978b992977cb0f54d22feb0cce8a0a849a9410532bb2623ba4c6?s=96&d=mm&r=g","width":96,"height":96,"caption":"Juh\u00e1sz P\u00e9ter"}},{"@type":"WebPage","@id":"https:\/\/allasorias.hu\/hirek\/a-szakszervezet-tamogatja-a-vasarnapi-boltbezarast\/#webpage","url":"https:\/\/allasorias.hu\/hirek\/a-szakszervezet-tamogatja-a-vasarnapi-boltbezarast\/","name":"A szakszervezet t\u00e1mogatja a vas\u00e1rnapi boltbez\u00e1r\u00e1st | AllasOrias.hu | H\u00edrek-lapszemle","description":"Nincs hivatalos t\u00e1mogat\u00f3ja annak a javaslatnak, hogy vas\u00e1rnap d\u00e9lben k\u00f6telez\u0151 legyen bez\u00e1rnia az \u00fczleteknek, de az \u00f6tletgazda Kereskedelmi Alkalmazottak Szakszervezete (KASZ) nem adja fel, online al\u00e1\u00edr\u00e1sgy\u0171jt\u00e9st ind\u00edt \u2013 \u00edrja a N\u00e9pszava. A N\u00e9pszava inform\u00e1ci\u00f3i szerint a Kereskedelmi Alkalmazottak Szakszervezete online al\u00e1\u00edr\u00e1sgy\u0171jt\u00e9sbe kezd az\u00e9rt, hogy vas\u00e1rnap d\u00e9lben bez\u00e1rjanak a boltok, mivel egy hivatalos t\u00e1mogat\u00f3t sem siker\u00fclt","inLanguage":"hu-HU","isPartOf":{"@id":"https:\/\/allasorias.hu\/hirek\/#website"},"breadcrumb":{"@id":"https:\/\/allasorias.hu\/hirek\/a-szakszervezet-tamogatja-a-vasarnapi-boltbezarast\/#breadcrumblist"},"author":{"@id":"https:\/\/allasorias.hu\/hirek\/author\/admin-allasorias\/#author"},"creator":{"@id":"https:\/\/allasorias.hu\/hirek\/author\/admin-allasorias\/#author"},"image":{"@type":"ImageObject","url":"https:\/\/allasorias.hu\/hirek\/wp-content\/uploads\/2022\/03\/abstract-blur-supermarket-department-store.jpg","@id":"https:\/\/allasorias.hu\/hirek\/a-szakszervezet-tamogatja-a-vasarnapi-boltbezarast\/#mainImage","width":1920,"height":1280,"caption":"Abstract blur supermarket in department store and shopping mall interior for background"},"primaryImageOfPage":{"@id":"https:\/\/allasorias.hu\/hirek\/a-szakszervezet-tamogatja-a-vasarnapi-boltbezarast\/#mainImage"},"datePublished":"2022-07-08T07:56:47+02:00","dateModified":"2022-07-08T07:56:47+02:00"},{"@type":"WebSite","@id":"https:\/\/allasorias.hu\/hirek\/#website","url":"https:\/\/allasorias.hu\/hirek\/","name":"AllasOrias.hu | H\u00edrek-lapszemle","description":"\u00dczleti h\u00edrek az \u00e1ll\u00e1s \u00e9s a munka vil\u00e1g\u00e1b\u00f3l","inLanguage":"hu-HU","publisher":{"@id":"https:\/\/allasorias.hu\/hirek\/#organization"}}]},"og:locale":"hu_HU","og:site_name":"AllasOrias.hu | H\u00edrek-lapszemle | \u00dczleti h\u00edrek az \u00e1ll\u00e1s \u00e9s a munka vil\u00e1g\u00e1b\u00f3l","og:type":"article","og:title":"A szakszervezet t\u00e1mogatja a vas\u00e1rnapi boltbez\u00e1r\u00e1st | AllasOrias.hu | H\u00edrek-lapszemle","og:description":"Nincs hivatalos t\u00e1mogat\u00f3ja annak a javaslatnak, hogy vas\u00e1rnap d\u00e9lben k\u00f6telez\u0151 legyen bez\u00e1rnia az \u00fczleteknek, de az \u00f6tletgazda Kereskedelmi Alkalmazottak Szakszervezete (KASZ) nem adja fel, online al\u00e1\u00edr\u00e1sgy\u0171jt\u00e9st ind\u00edt \u2013 \u00edrja a N\u00e9pszava. A N\u00e9pszava inform\u00e1ci\u00f3i szerint a Kereskedelmi Alkalmazottak Szakszervezete online al\u00e1\u00edr\u00e1sgy\u0171jt\u00e9sbe kezd az\u00e9rt, hogy vas\u00e1rnap d\u00e9lben bez\u00e1rjanak a boltok, mivel egy hivatalos t\u00e1mogat\u00f3t sem siker\u00fclt","og:url":"https:\/\/allasorias.hu\/hirek\/a-szakszervezet-tamogatja-a-vasarnapi-boltbezarast\/","og:image":"https:\/\/allasorias.hu\/hirek\/wp-content\/uploads\/2022\/03\/abstract-blur-supermarket-department-store.jpg","og:image:secure_url":"https:\/\/allasorias.hu\/hirek\/wp-content\/uploads\/2022\/03\/abstract-blur-supermarket-department-store.jpg","og:image:width":1920,"og:image:height":1280,"article:published_time":"2022-07-08T07:56:47+00:00","article:modified_time":"2022-07-08T07:56:47+00:00","article:publisher":"https:\/\/www.facebook.com\/allasorias","twitter:card":"summary_large_image","twitter:title":"A szakszervezet t\u00e1mogatja a vas\u00e1rnapi boltbez\u00e1r\u00e1st | AllasOrias.hu | H\u00edrek-lapszemle","twitter:description":"Nincs hivatalos t\u00e1mogat\u00f3ja annak a javaslatnak, hogy vas\u00e1rnap d\u00e9lben k\u00f6telez\u0151 legyen bez\u00e1rnia az \u00fczleteknek, de az \u00f6tletgazda Kereskedelmi Alkalmazottak Szakszervezete (KASZ) nem adja fel, online al\u00e1\u00edr\u00e1sgy\u0171jt\u00e9st ind\u00edt \u2013 \u00edrja a N\u00e9pszava. A N\u00e9pszava inform\u00e1ci\u00f3i szerint a Kereskedelmi Alkalmazottak Szakszervezete online al\u00e1\u00edr\u00e1sgy\u0171jt\u00e9sbe kezd az\u00e9rt, hogy vas\u00e1rnap d\u00e9lben bez\u00e1rjanak a boltok, mivel egy hivatalos t\u00e1mogat\u00f3t sem siker\u00fclt","twitter:image":"https:\/\/allasorias.hu\/hirek\/wp-content\/uploads\/2022\/03\/abstract-blur-supermarket-department-store.jpg","twitter:label1":"Written by","twitter:data1":"Juh\u00e1sz P\u00e9ter","twitter:label2":"Est. reading time","twitter:data2":"1 minute"},"aioseo_meta_data":{"post_id":"5663","title":null,"description":null,"keywords":[],"keyphrases":{"focus":{"keyphrase":"","score":0,"analysis":{"keyphraseInTitle":{"score":0,"maxScore":9,"error":1}}},"additional":[]},"primary_term":null,"canonical_url":null,"og_title":null,"og_description":null,"og_object_type":"default","og_image_type":"default","og_image_url":null,"og_image_width":null,"og_image_height":null,"og_image_custom_url":null,"og_image_custom_fields":null,"og_video":"","og_custom_url":null,"og_article_section":null,"og_article_tags":[],"twitter_use_og":false,"twitter_card":"default","twitter_image_type":"default","twitter_image_url":null,"twitter_image_custom_url":null,"twitter_image_custom_fields":null,"twitter_title":null,"twitter_description":null,"schema":{"blockGraphs":[],"customGraphs":[],"default":{"data":{"Article":[],"Course":[],"Dataset":[],"FAQPage":[],"Movie":[],"Person":[],"Product":[],"ProductReview":[],"Car":[],"Recipe":[],"Service":[],"SoftwareApplication":[],"WebPage":[]},"graphName":"","isEnabled":true},"graphs":[],"defaultGraph":"Article","defaultPostTypeGraph":""},"schema_type":"default","schema_type_options":"{\"article\":{\"articleType\":\"BlogPosting\"},\"course\":{\"name\":\"\",\"description\":\"\",\"provider\":\"\"},\"faq\":{\"pages\":[]},\"product\":{\"reviews\":[]},\"recipe\":{\"ingredients\":[],\"instructions\":[],\"keywords\":[]},\"software\":{\"reviews\":[],\"operatingSystems\":[]},\"webPage\":{\"webPageType\":\"WebPage\"}}","pillar_content":false,"robots_default":true,"robots_noindex":false,"robots_noarchive":false,"robots_nosnippet":false,"robots_nofollow":false,"robots_noimageindex":false,"robots_noodp":false,"robots_notranslate":false,"robots_max_snippet":"-1","robots_max_videopreview":"-1","robots_max_imagepreview":"large","priority":null,"frequency":"default","location":null,"local_seo":null,"breadcrumb_settings":null,"limit_modified_date":false,"ai":null,"created":"2022-07-08 07:56:02","updated":"2025-10-02 17:03:30","seo_analyzer_scan_date":null,"focus_keyword":null,"additional_keywords":null,"truseo_locale":null},"aioseo_breadcrumb":"<div class=\"aioseo-breadcrumbs\"><span class=\"aioseo-breadcrumb\">\n\t\t\t<a href=\"https:\/\/allasorias.hu\/hirek\" title=\"Home\">Home<\/a>\n\t\t<\/span><span class=\"aioseo-breadcrumb-separator\">&raquo;<\/span><span class=\"aioseo-breadcrumb\">\n\t\t\t<a href=\"https:\/\/allasorias.hu\/hirek\/temak\/munkaeropiac\/\" title=\"Munkaer\u0151piac\">Munkaer\u0151piac<\/a>\n\t\t<\/span><span class=\"aioseo-breadcrumb-separator\">&raquo;<\/span><span class=\"aioseo-breadcrumb\">\n\t\t\tA szakszervezet t\u00e1mogatja a vas\u00e1rnapi boltbez\u00e1r\u00e1st\n\t\t<\/span><\/div>","aioseo_breadcrumb_json":[{"label":"Home","link":"https:\/\/allasorias.hu\/hirek"},{"label":"Munkaer\u0151piac","link":"https:\/\/allasorias.hu\/hirek\/temak\/munkaeropiac\/"},{"label":"A szakszervezet t\u00e1mogatja a vas\u00e1rnapi boltbez\u00e1r\u00e1st","link":"https:\/\/allasorias.hu\/hirek\/a-szakszervezet-tamogatja-a-vasarnapi-boltbezarast\/"}],"_links":{"self":[{"href":"https:\/\/allasorias.hu\/hirek\/wp-json\/wp\/v2\/posts\/5663","targetHints":{"allow":["GET"]}}],"collection":[{"href":"https:\/\/allasorias.hu\/hirek\/wp-json\/wp\/v2\/posts"}],"about":[{"href":"https:\/\/allasorias.hu\/hirek\/wp-json\/wp\/v2\/types\/post"}],"author":[{"embeddable":true,"href":"https:\/\/allasorias.hu\/hirek\/wp-json\/wp\/v2\/users\/1"}],"replies":[{"embeddable":true,"href":"https:\/\/allasorias.hu\/hirek\/wp-json\/wp\/v2\/comments?post=5663"}],"version-history":[{"count":1,"href":"https:\/\/allasorias.hu\/hirek\/wp-json\/wp\/v2\/posts\/5663\/revisions"}],"predecessor-version":[{"id":5664,"href":"https:\/\/allasorias.hu\/hirek\/wp-json\/wp\/v2\/posts\/5663\/revisions\/5664"}],"wp:featuredmedia":[{"embeddable":true,"href":"https:\/\/allasorias.hu\/hirek\/wp-json\/wp\/v2\/media\/5440"}],"wp:attachment":[{"href":"https:\/\/allasorias.hu\/hirek\/wp-json\/wp\/v2\/media?parent=5663"}],"wp:term":[{"taxonomy":"category","embeddable":true,"href":"https:\/\/allasorias.hu\/hirek\/wp-json\/wp\/v2\/categories?post=5663"},{"taxonomy":"post_tag","embeddable":true,"href":"https:\/\/allasorias.hu\/hirek\/wp-json\/wp\/v2\/tags?post=5663"}],"curies":[{"name":"wp","href":"https:\/\/api.w.org\/{rel}","templated":true}]}}