{"id":5661,"date":"2022-07-07T10:50:07","date_gmt":"2022-07-07T10:50:07","guid":{"rendered":"https:\/\/allasorias.hu\/hirek\/?p=5661"},"modified":"2022-07-07T10:50:07","modified_gmt":"2022-07-07T10:50:07","slug":"csokkent-az-allaskeresok-szama-nott-a-kulfoldre-ingazoke","status":"publish","type":"post","link":"https:\/\/allasorias.hu\/hirek\/csokkent-az-allaskeresok-szama-nott-a-kulfoldre-ingazoke\/","title":{"rendered":"Cs\u00f6kkent az \u00e1ll\u00e1skeres\u0151k sz\u00e1ma, n\u0151tt a k\u00fclf\u00f6ldre ing\u00e1z\u00f3k\u00e9"},"content":{"rendered":"<p><strong>M\u00e1jusban 28,3 ezer \u00fcres \u00e1ll\u00e1shelyet jelentettek be a munkaad\u00f3k, \u00edgy \u00f6sszess\u00e9g\u00e9ben a h\u00f3napban 91,4 ezer \u00e1ll\u00e1slehet\u0151s\u00e9g \u00e1llt rendelkez\u00e9sre, amelyb\u0151l a h\u00f3nap v\u00e9g\u00e9re 66 ezer maradt bet\u00f6ltetlen, az el\u0151z\u0151 havi 63,2 ezer ut\u00e1n.<\/strong><\/p>\n<p>A pand\u00e9mia negat\u00edv hat\u00e1sa m\u00e1r nem s\u00fajtja a munkaer\u0151piacot \u00e9s m\u00e9g a k\u00f6zelben zajl\u00f3 h\u00e1bor\u00fa sem befoly\u00e1solja, azonban tov\u00e1bbra is nagy gondot jelent a munkaer\u0151hi\u00e1ny.A Takar\u00e9kbank friss felm\u00e9r\u00e9se r\u00e1mutat, hogy tov\u00e1bbra is cs\u00facson van a foglalkoztatotts\u00e1g, m\u00edg a hazai els\u0151dleges munkaer\u0151piacon 87 ezer \u00faj munkahely j\u00f6tt l\u00e9tre egy \u00e9v alatt. A k\u00fclf\u00f6ldre ing\u00e1z\u00f3k sz\u00e1ma 18 ezerrel n\u0151tt, a k\u00f6zfoglalkoztatottak l\u00e9tsz\u00e1ma: 5 ezer f\u0151vel cs\u00f6kkent. M\u00e1jusban a 15-74 \u00e9ves n\u00e9pess\u00e9g 66.2%-a volt jelen a munkaer\u0151piacon, a tavaly m\u00e9rt 65.2%-al szemben. Ugyanebben a h\u00f3napban a nemzetk\u00f6zi statisztikai m\u00f3dszertan szerinti munkan\u00e9lk\u00fclis\u00e9gi r\u00e1ta 3.5% volt, az el\u0151z\u0151 havi 3.6% ut\u00e1n, \u00e9s az el\u0151z\u0151 \u00e9v azonos h\u00f3napj\u00e1ban m\u00e9rt 3.9%-os szint ut\u00e1n. 14,7 %-al cs\u00f6kkent az \u00e1ll\u00e1skeres\u0151k sz\u00e1ma. 2022 m\u00e1jus\u00e1ban a Nemzeti Foglalkoztat\u00e1si Szolg\u00e1lat szerinti \u00e1ll\u00e1skeres\u0151k l\u00e9tsz\u00e1ma: 233,6 ezer, ami 40 ezer f\u0151vel kevesebb az el\u0151z\u0151 \u00e9v azonos id\u0151szak\u00e1nak adat\u00e1hoz viszony\u00edtva. A regisztr\u00e1lt \u00e1ll\u00e1skeres\u0151 28,8 ezer f\u0151, ebb\u0151l 8,7% az els\u0151 alkalommal regisztr\u00e1l\u00f3k ar\u00e1nya, ami 5,8%-kal n\u0151tt az el\u0151z\u0151 \u00e9vhez k\u00e9pest. M\u00e1jusban 28,3 ezer \u00fcres \u00e1ll\u00e1shelyet jelentettek be a munkaad\u00f3k, \u00edgy \u00f6sszess\u00e9g\u00e9ben a h\u00f3napban 91,4 ezer \u00e1ll\u00e1slehet\u0151s\u00e9g \u00e1llt rendelkez\u00e9sre, amelyb\u0151l a h\u00f3nap v\u00e9g\u00e9re 66 ezer maradt bet\u00f6ltetlen, az el\u0151z\u0151 havi 63,2 ezer ut\u00e1n. Foglalkoztat\u00e1si l\u00e9tsz\u00e1mv\u00e1ltoz\u00e1s: -mez\u0151gazdas\u00e1g: 11 ezerrel cs\u00f6kkent (a t\u00e9li szezonalit\u00e1snak megfelel\u0151en), \u00e9p\u00edt\u0151ipar: nem v\u00e1ltozott, nem piaci szolg\u00e1ltat\u00e1sok: nem v\u00e1ltozott, feldolgoz\u00f3ipar: 11 ezerrel n\u0151tt,piaci szolg\u00e1ltat\u00e1sok: 104 ezerrel n\u0151tt. Probl\u00e9ma a munkaer\u0151hi\u00e1ny. Szak\u00e9rt\u0151k szerint a hazai munkaer\u0151piac m\u00e1r t\u00fal van a pand\u00e9mia okozta v\u00e1ls\u00e1gon. A k\u00f6zelben zajl\u00f3 h\u00e1bor\u00fa m\u00e9g nem gyakorol negat\u00edv hat\u00e1st r\u00e1, de tov\u00e1bbi durva eszkal\u00e1ci\u00f3 eset\u00e9n negat\u00edv kock\u00e1zatot is jelenthet a hazai gazdas\u00e1g sz\u00e1m\u00e1ra. Tov\u00e1bbi probl\u00e9ma, hogy az \u00e9v eleje \u00f3ta visszat\u00e9rt er\u0151s munkaer\u0151 kereslet ellen\u00e9re is igen lass\u00fa temp\u00f3ban tud m\u00e1r csak tov\u00e1bb b\u0151v\u00fclni a foglalkoztatotti l\u00e9tsz\u00e1m, a m\u00e9g elm\u00e9letben bevonhat\u00f3 munkaer\u0151 min\u0151s\u00e9ge l\u00e1that\u00f3an igen alacsony \u00e9s a f\u00f6ldrajzi elhelyezked\u00e9se sem tal\u00e1lkozik a kereslettel, \u00edgy egyel\u0151re \u2013 a h\u00e1rom \u00e9ve m\u00e1r l\u00e1tott \u2013 jelent\u0151s akad\u00e1ly l\u00e1tszik a 4.7 milli\u00f3 f\u0151s szint f\u00f6l\u00e9 b\u0151v\u00fcl\u00e9s el\u0151tt, amire az egyre er\u0151s\u00f6d\u0151 infl\u00e1ci\u00f3 sincs j\u00f3 hat\u00e1ssal.<\/p>\n<p>Forr\u00e1s: metropol.hu<\/p>\n","protected":false},"excerpt":{"rendered":"<p>M\u00e1jusban 28,3 ezer \u00fcres \u00e1ll\u00e1shelyet jelentettek be a munkaad\u00f3k, \u00edgy \u00f6sszess\u00e9g\u00e9ben a h\u00f3napban 91,4 ezer \u00e1ll\u00e1slehet\u0151s\u00e9g \u00e1llt rendelkez\u00e9sre, amelyb\u0151l a h\u00f3nap v\u00e9g\u00e9re 66 ezer maradt bet\u00f6ltetlen, az el\u0151z\u0151 havi 63,2 ezer ut\u00e1n. A pand\u00e9mia negat\u00edv hat\u00e1sa m\u00e1r nem s\u00fajtja a munkaer\u0151piacot \u00e9s m\u00e9g a k\u00f6zelben zajl\u00f3 h\u00e1bor\u00fa sem befoly\u00e1solja, azonban tov\u00e1bbra is nagy gondot jelent [&hellip;]<\/p>\n","protected":false},"author":1,"featured_media":2260,"comment_status":"open","ping_status":"open","sticky":false,"template":"","format":"standard","meta":{"_monsterinsights_skip_tracking":false,"footnotes":""},"categories":[201,200],"tags":[],"class_list":["post-5661","post","type-post","status-publish","format-standard","has-post-thumbnail","hentry","category-kulfold","category-munkaeropiac"],"aioseo_notices":[],"aioseo_head":"\n\t\t<!-- All in One SEO 5.0.0.1 - aioseo.com -->\n\t<meta name=\"description\" content=\"M\u00e1jusban 28,3 ezer \u00fcres \u00e1ll\u00e1shelyet jelentettek be a munkaad\u00f3k, \u00edgy \u00f6sszess\u00e9g\u00e9ben a h\u00f3napban 91,4 ezer \u00e1ll\u00e1slehet\u0151s\u00e9g \u00e1llt rendelkez\u00e9sre, amelyb\u0151l a h\u00f3nap v\u00e9g\u00e9re 66 ezer maradt bet\u00f6ltetlen, az el\u0151z\u0151 havi 63,2 ezer ut\u00e1n. A pand\u00e9mia negat\u00edv hat\u00e1sa m\u00e1r nem s\u00fajtja a munkaer\u0151piacot \u00e9s m\u00e9g a k\u00f6zelben zajl\u00f3 h\u00e1bor\u00fa sem befoly\u00e1solja, azonban tov\u00e1bbra is nagy gondot jelent\" \/>\n\t<meta name=\"robots\" content=\"max-image-preview:large\" \/>\n\t<meta name=\"author\" content=\"Juh\u00e1sz P\u00e9ter\"\/>\n\t<link rel=\"canonical\" href=\"https:\/\/allasorias.hu\/hirek\/csokkent-az-allaskeresok-szama-nott-a-kulfoldre-ingazoke\/\" \/>\n\t<meta name=\"generator\" content=\"All in One SEO (AIOSEO) 5.0.0.1\" \/>\n\t\t<meta property=\"og:locale\" content=\"hu_HU\" \/>\n\t\t<meta property=\"og:site_name\" content=\"AllasOrias.hu | H\u00edrek-lapszemle | \u00dczleti h\u00edrek az \u00e1ll\u00e1s \u00e9s a munka vil\u00e1g\u00e1b\u00f3l\" \/>\n\t\t<meta property=\"og:type\" content=\"article\" \/>\n\t\t<meta property=\"og:title\" content=\"Cs\u00f6kkent az \u00e1ll\u00e1skeres\u0151k sz\u00e1ma, n\u0151tt a k\u00fclf\u00f6ldre ing\u00e1z\u00f3k\u00e9 | AllasOrias.hu | H\u00edrek-lapszemle\" \/>\n\t\t<meta property=\"og:description\" content=\"M\u00e1jusban 28,3 ezer \u00fcres \u00e1ll\u00e1shelyet jelentettek be a munkaad\u00f3k, \u00edgy \u00f6sszess\u00e9g\u00e9ben a h\u00f3napban 91,4 ezer \u00e1ll\u00e1slehet\u0151s\u00e9g \u00e1llt rendelkez\u00e9sre, amelyb\u0151l a h\u00f3nap v\u00e9g\u00e9re 66 ezer maradt bet\u00f6ltetlen, az el\u0151z\u0151 havi 63,2 ezer ut\u00e1n. A pand\u00e9mia negat\u00edv hat\u00e1sa m\u00e1r nem s\u00fajtja a munkaer\u0151piacot \u00e9s m\u00e9g a k\u00f6zelben zajl\u00f3 h\u00e1bor\u00fa sem befoly\u00e1solja, azonban tov\u00e1bbra is nagy gondot jelent\" \/>\n\t\t<meta property=\"og:url\" content=\"https:\/\/allasorias.hu\/hirek\/csokkent-az-allaskeresok-szama-nott-a-kulfoldre-ingazoke\/\" \/>\n\t\t<meta property=\"og:image\" content=\"https:\/\/allasorias.hu\/hirek\/wp-content\/uploads\/2018\/12\/business-1477601_640.jpg\" \/>\n\t\t<meta property=\"og:image:secure_url\" content=\"https:\/\/allasorias.hu\/hirek\/wp-content\/uploads\/2018\/12\/business-1477601_640.jpg\" \/>\n\t\t<meta property=\"og:image:width\" content=\"640\" \/>\n\t\t<meta property=\"og:image:height\" content=\"425\" \/>\n\t\t<meta property=\"article:published_time\" content=\"2022-07-07T10:50:07+00:00\" \/>\n\t\t<meta property=\"article:modified_time\" content=\"2022-07-07T10:50:07+00:00\" \/>\n\t\t<meta property=\"article:publisher\" content=\"https:\/\/www.facebook.com\/allasorias\" \/>\n\t\t<meta name=\"twitter:card\" content=\"summary_large_image\" \/>\n\t\t<meta name=\"twitter:title\" content=\"Cs\u00f6kkent az \u00e1ll\u00e1skeres\u0151k sz\u00e1ma, n\u0151tt a k\u00fclf\u00f6ldre ing\u00e1z\u00f3k\u00e9 | AllasOrias.hu | H\u00edrek-lapszemle\" \/>\n\t\t<meta name=\"twitter:description\" content=\"M\u00e1jusban 28,3 ezer \u00fcres \u00e1ll\u00e1shelyet jelentettek be a munkaad\u00f3k, \u00edgy \u00f6sszess\u00e9g\u00e9ben a h\u00f3napban 91,4 ezer \u00e1ll\u00e1slehet\u0151s\u00e9g \u00e1llt rendelkez\u00e9sre, amelyb\u0151l a h\u00f3nap v\u00e9g\u00e9re 66 ezer maradt bet\u00f6ltetlen, az el\u0151z\u0151 havi 63,2 ezer ut\u00e1n. A pand\u00e9mia negat\u00edv hat\u00e1sa m\u00e1r nem s\u00fajtja a munkaer\u0151piacot \u00e9s m\u00e9g a k\u00f6zelben zajl\u00f3 h\u00e1bor\u00fa sem befoly\u00e1solja, azonban tov\u00e1bbra is nagy gondot jelent\" \/>\n\t\t<meta name=\"twitter:image\" content=\"https:\/\/allasorias.hu\/hirek\/wp-content\/uploads\/2018\/12\/business-1477601_640.jpg\" \/>\n\t\t<meta name=\"twitter:label1\" content=\"Written by\" \/>\n\t\t<meta name=\"twitter:data1\" content=\"Juh\u00e1sz P\u00e9ter\" \/>\n\t\t<meta name=\"twitter:label2\" content=\"Est. reading time\" \/>\n\t\t<meta name=\"twitter:data2\" content=\"3 minutes\" \/>\n\t\t<script type=\"application\/ld+json\" class=\"aioseo-schema\">\n\t\t\t{\"@context\":\"https:\\\/\\\/schema.org\",\"@graph\":[{\"@type\":\"Article\",\"@id\":\"https:\\\/\\\/allasorias.hu\\\/hirek\\\/csokkent-az-allaskeresok-szama-nott-a-kulfoldre-ingazoke\\\/#article\",\"name\":\"Cs\\u00f6kkent az \\u00e1ll\\u00e1skeres\\u0151k sz\\u00e1ma, n\\u0151tt a k\\u00fclf\\u00f6ldre ing\\u00e1z\\u00f3k\\u00e9 | AllasOrias.hu | H\\u00edrek-lapszemle\",\"headline\":\"Cs\\u00f6kkent az \\u00e1ll\\u00e1skeres\\u0151k sz\\u00e1ma, n\\u0151tt a k\\u00fclf\\u00f6ldre ing\\u00e1z\\u00f3k\\u00e9\",\"author\":{\"@id\":\"https:\\\/\\\/allasorias.hu\\\/hirek\\\/author\\\/admin-allasorias\\\/#author\"},\"publisher\":{\"@id\":\"https:\\\/\\\/allasorias.hu\\\/hirek\\\/#organization\"},\"image\":{\"@type\":\"ImageObject\",\"url\":\"https:\\\/\\\/allasorias.hu\\\/hirek\\\/wp-content\\\/uploads\\\/2018\\\/12\\\/business-1477601_640.jpg\",\"width\":640,\"height\":425},\"datePublished\":\"2022-07-07T10:50:07+02:00\",\"dateModified\":\"2022-07-07T10:50:07+02:00\",\"inLanguage\":\"hu-HU\",\"mainEntityOfPage\":{\"@id\":\"https:\\\/\\\/allasorias.hu\\\/hirek\\\/csokkent-az-allaskeresok-szama-nott-a-kulfoldre-ingazoke\\\/#webpage\"},\"isPartOf\":{\"@id\":\"https:\\\/\\\/allasorias.hu\\\/hirek\\\/csokkent-az-allaskeresok-szama-nott-a-kulfoldre-ingazoke\\\/#webpage\"},\"articleSection\":\"K\\u00fclf\\u00f6ld, Munkaer\\u0151piac\"},{\"@type\":\"BreadcrumbList\",\"@id\":\"https:\\\/\\\/allasorias.hu\\\/hirek\\\/csokkent-az-allaskeresok-szama-nott-a-kulfoldre-ingazoke\\\/#breadcrumblist\",\"itemListElement\":[{\"@type\":\"ListItem\",\"@id\":\"https:\\\/\\\/allasorias.hu\\\/hirek#listItem\",\"position\":1,\"name\":\"Home\",\"item\":\"https:\\\/\\\/allasorias.hu\\\/hirek\",\"nextItem\":{\"@type\":\"ListItem\",\"@id\":\"https:\\\/\\\/allasorias.hu\\\/hirek\\\/temak\\\/munkaeropiac\\\/#listItem\",\"name\":\"Munkaer\\u0151piac\"}},{\"@type\":\"ListItem\",\"@id\":\"https:\\\/\\\/allasorias.hu\\\/hirek\\\/temak\\\/munkaeropiac\\\/#listItem\",\"position\":2,\"name\":\"Munkaer\\u0151piac\",\"item\":\"https:\\\/\\\/allasorias.hu\\\/hirek\\\/temak\\\/munkaeropiac\\\/\",\"nextItem\":{\"@type\":\"ListItem\",\"@id\":\"https:\\\/\\\/allasorias.hu\\\/hirek\\\/csokkent-az-allaskeresok-szama-nott-a-kulfoldre-ingazoke\\\/#listItem\",\"name\":\"Cs\\u00f6kkent az \\u00e1ll\\u00e1skeres\\u0151k sz\\u00e1ma, n\\u0151tt a k\\u00fclf\\u00f6ldre ing\\u00e1z\\u00f3k\\u00e9\"},\"previousItem\":{\"@type\":\"ListItem\",\"@id\":\"https:\\\/\\\/allasorias.hu\\\/hirek#listItem\",\"name\":\"Home\"}},{\"@type\":\"ListItem\",\"@id\":\"https:\\\/\\\/allasorias.hu\\\/hirek\\\/csokkent-az-allaskeresok-szama-nott-a-kulfoldre-ingazoke\\\/#listItem\",\"position\":3,\"name\":\"Cs\\u00f6kkent az \\u00e1ll\\u00e1skeres\\u0151k sz\\u00e1ma, n\\u0151tt a k\\u00fclf\\u00f6ldre ing\\u00e1z\\u00f3k\\u00e9\",\"previousItem\":{\"@type\":\"ListItem\",\"@id\":\"https:\\\/\\\/allasorias.hu\\\/hirek\\\/temak\\\/munkaeropiac\\\/#listItem\",\"name\":\"Munkaer\\u0151piac\"}}]},{\"@type\":\"Organization\",\"@id\":\"https:\\\/\\\/allasorias.hu\\\/hirek\\\/#organization\",\"name\":\"AllasOrias.hu | H\\u00edrek-lapszemle\",\"description\":\"\\u00dczleti h\\u00edrek az \\u00e1ll\\u00e1s \\u00e9s a munka vil\\u00e1g\\u00e1b\\u00f3l\",\"url\":\"https:\\\/\\\/allasorias.hu\\\/hirek\\\/\",\"logo\":{\"@type\":\"ImageObject\",\"url\":\"https:\\\/\\\/allasorias.hu\\\/hirek\\\/wp-content\\\/uploads\\\/2022\\\/10\\\/allasorias_site_facebok_logo.png\",\"@id\":\"https:\\\/\\\/allasorias.hu\\\/hirek\\\/csokkent-az-allaskeresok-szama-nott-a-kulfoldre-ingazoke\\\/#organizationLogo\"},\"image\":{\"@id\":\"https:\\\/\\\/allasorias.hu\\\/hirek\\\/csokkent-az-allaskeresok-szama-nott-a-kulfoldre-ingazoke\\\/#organizationLogo\"},\"sameAs\":[\"https:\\\/\\\/www.facebook.com\\\/allasorias\",\"https:\\\/\\\/www.linkedin.com\\\/company\\\/allasorias\"]},{\"@type\":\"Person\",\"@id\":\"https:\\\/\\\/allasorias.hu\\\/hirek\\\/author\\\/admin-allasorias\\\/#author\",\"url\":\"https:\\\/\\\/allasorias.hu\\\/hirek\\\/author\\\/admin-allasorias\\\/\",\"name\":\"Juh\\u00e1sz P\\u00e9ter\",\"image\":{\"@type\":\"ImageObject\",\"@id\":\"https:\\\/\\\/allasorias.hu\\\/hirek\\\/csokkent-az-allaskeresok-szama-nott-a-kulfoldre-ingazoke\\\/#authorImage\",\"url\":\"https:\\\/\\\/secure.gravatar.com\\\/avatar\\\/36e6bcb83148978b992977cb0f54d22feb0cce8a0a849a9410532bb2623ba4c6?s=96&d=mm&r=g\",\"width\":96,\"height\":96,\"caption\":\"Juh\\u00e1sz P\\u00e9ter\"}},{\"@type\":\"WebPage\",\"@id\":\"https:\\\/\\\/allasorias.hu\\\/hirek\\\/csokkent-az-allaskeresok-szama-nott-a-kulfoldre-ingazoke\\\/#webpage\",\"url\":\"https:\\\/\\\/allasorias.hu\\\/hirek\\\/csokkent-az-allaskeresok-szama-nott-a-kulfoldre-ingazoke\\\/\",\"name\":\"Cs\\u00f6kkent az \\u00e1ll\\u00e1skeres\\u0151k sz\\u00e1ma, n\\u0151tt a k\\u00fclf\\u00f6ldre ing\\u00e1z\\u00f3k\\u00e9 | AllasOrias.hu | H\\u00edrek-lapszemle\",\"description\":\"M\\u00e1jusban 28,3 ezer \\u00fcres \\u00e1ll\\u00e1shelyet jelentettek be a munkaad\\u00f3k, \\u00edgy \\u00f6sszess\\u00e9g\\u00e9ben a h\\u00f3napban 91,4 ezer \\u00e1ll\\u00e1slehet\\u0151s\\u00e9g \\u00e1llt rendelkez\\u00e9sre, amelyb\\u0151l a h\\u00f3nap v\\u00e9g\\u00e9re 66 ezer maradt bet\\u00f6ltetlen, az el\\u0151z\\u0151 havi 63,2 ezer ut\\u00e1n. A pand\\u00e9mia negat\\u00edv hat\\u00e1sa m\\u00e1r nem s\\u00fajtja a munkaer\\u0151piacot \\u00e9s m\\u00e9g a k\\u00f6zelben zajl\\u00f3 h\\u00e1bor\\u00fa sem befoly\\u00e1solja, azonban tov\\u00e1bbra is nagy gondot jelent\",\"inLanguage\":\"hu-HU\",\"isPartOf\":{\"@id\":\"https:\\\/\\\/allasorias.hu\\\/hirek\\\/#website\"},\"breadcrumb\":{\"@id\":\"https:\\\/\\\/allasorias.hu\\\/hirek\\\/csokkent-az-allaskeresok-szama-nott-a-kulfoldre-ingazoke\\\/#breadcrumblist\"},\"author\":{\"@id\":\"https:\\\/\\\/allasorias.hu\\\/hirek\\\/author\\\/admin-allasorias\\\/#author\"},\"creator\":{\"@id\":\"https:\\\/\\\/allasorias.hu\\\/hirek\\\/author\\\/admin-allasorias\\\/#author\"},\"image\":{\"@type\":\"ImageObject\",\"url\":\"https:\\\/\\\/allasorias.hu\\\/hirek\\\/wp-content\\\/uploads\\\/2018\\\/12\\\/business-1477601_640.jpg\",\"@id\":\"https:\\\/\\\/allasorias.hu\\\/hirek\\\/csokkent-az-allaskeresok-szama-nott-a-kulfoldre-ingazoke\\\/#mainImage\",\"width\":640,\"height\":425},\"primaryImageOfPage\":{\"@id\":\"https:\\\/\\\/allasorias.hu\\\/hirek\\\/csokkent-az-allaskeresok-szama-nott-a-kulfoldre-ingazoke\\\/#mainImage\"},\"datePublished\":\"2022-07-07T10:50:07+02:00\",\"dateModified\":\"2022-07-07T10:50:07+02:00\"},{\"@type\":\"WebSite\",\"@id\":\"https:\\\/\\\/allasorias.hu\\\/hirek\\\/#website\",\"url\":\"https:\\\/\\\/allasorias.hu\\\/hirek\\\/\",\"name\":\"AllasOrias.hu | H\\u00edrek-lapszemle\",\"description\":\"\\u00dczleti h\\u00edrek az \\u00e1ll\\u00e1s \\u00e9s a munka vil\\u00e1g\\u00e1b\\u00f3l\",\"inLanguage\":\"hu-HU\",\"publisher\":{\"@id\":\"https:\\\/\\\/allasorias.hu\\\/hirek\\\/#organization\"}}]}\n\t\t<\/script>\n\t\t<!-- All in One SEO -->\n\n","aioseo_head_json":{"title":"Cs\u00f6kkent az \u00e1ll\u00e1skeres\u0151k sz\u00e1ma, n\u0151tt a k\u00fclf\u00f6ldre ing\u00e1z\u00f3k\u00e9 | AllasOrias.hu | H\u00edrek-lapszemle","description":"M\u00e1jusban 28,3 ezer \u00fcres \u00e1ll\u00e1shelyet jelentettek be a munkaad\u00f3k, \u00edgy \u00f6sszess\u00e9g\u00e9ben a h\u00f3napban 91,4 ezer \u00e1ll\u00e1slehet\u0151s\u00e9g \u00e1llt rendelkez\u00e9sre, amelyb\u0151l a h\u00f3nap v\u00e9g\u00e9re 66 ezer maradt bet\u00f6ltetlen, az el\u0151z\u0151 havi 63,2 ezer ut\u00e1n. A pand\u00e9mia negat\u00edv hat\u00e1sa m\u00e1r nem s\u00fajtja a munkaer\u0151piacot \u00e9s m\u00e9g a k\u00f6zelben zajl\u00f3 h\u00e1bor\u00fa sem befoly\u00e1solja, azonban tov\u00e1bbra is nagy gondot jelent","canonical_url":"https:\/\/allasorias.hu\/hirek\/csokkent-az-allaskeresok-szama-nott-a-kulfoldre-ingazoke\/","robots":"max-image-preview:large","keywords":"","webmasterTools":{"miscellaneous":""},"schema":{"@context":"https:\/\/schema.org","@graph":[{"@type":"Article","@id":"https:\/\/allasorias.hu\/hirek\/csokkent-az-allaskeresok-szama-nott-a-kulfoldre-ingazoke\/#article","name":"Cs\u00f6kkent az \u00e1ll\u00e1skeres\u0151k sz\u00e1ma, n\u0151tt a k\u00fclf\u00f6ldre ing\u00e1z\u00f3k\u00e9 | AllasOrias.hu | H\u00edrek-lapszemle","headline":"Cs\u00f6kkent az \u00e1ll\u00e1skeres\u0151k sz\u00e1ma, n\u0151tt a k\u00fclf\u00f6ldre ing\u00e1z\u00f3k\u00e9","author":{"@id":"https:\/\/allasorias.hu\/hirek\/author\/admin-allasorias\/#author"},"publisher":{"@id":"https:\/\/allasorias.hu\/hirek\/#organization"},"image":{"@type":"ImageObject","url":"https:\/\/allasorias.hu\/hirek\/wp-content\/uploads\/2018\/12\/business-1477601_640.jpg","width":640,"height":425},"datePublished":"2022-07-07T10:50:07+02:00","dateModified":"2022-07-07T10:50:07+02:00","inLanguage":"hu-HU","mainEntityOfPage":{"@id":"https:\/\/allasorias.hu\/hirek\/csokkent-az-allaskeresok-szama-nott-a-kulfoldre-ingazoke\/#webpage"},"isPartOf":{"@id":"https:\/\/allasorias.hu\/hirek\/csokkent-az-allaskeresok-szama-nott-a-kulfoldre-ingazoke\/#webpage"},"articleSection":"K\u00fclf\u00f6ld, Munkaer\u0151piac"},{"@type":"BreadcrumbList","@id":"https:\/\/allasorias.hu\/hirek\/csokkent-az-allaskeresok-szama-nott-a-kulfoldre-ingazoke\/#breadcrumblist","itemListElement":[{"@type":"ListItem","@id":"https:\/\/allasorias.hu\/hirek#listItem","position":1,"name":"Home","item":"https:\/\/allasorias.hu\/hirek","nextItem":{"@type":"ListItem","@id":"https:\/\/allasorias.hu\/hirek\/temak\/munkaeropiac\/#listItem","name":"Munkaer\u0151piac"}},{"@type":"ListItem","@id":"https:\/\/allasorias.hu\/hirek\/temak\/munkaeropiac\/#listItem","position":2,"name":"Munkaer\u0151piac","item":"https:\/\/allasorias.hu\/hirek\/temak\/munkaeropiac\/","nextItem":{"@type":"ListItem","@id":"https:\/\/allasorias.hu\/hirek\/csokkent-az-allaskeresok-szama-nott-a-kulfoldre-ingazoke\/#listItem","name":"Cs\u00f6kkent az \u00e1ll\u00e1skeres\u0151k sz\u00e1ma, n\u0151tt a k\u00fclf\u00f6ldre ing\u00e1z\u00f3k\u00e9"},"previousItem":{"@type":"ListItem","@id":"https:\/\/allasorias.hu\/hirek#listItem","name":"Home"}},{"@type":"ListItem","@id":"https:\/\/allasorias.hu\/hirek\/csokkent-az-allaskeresok-szama-nott-a-kulfoldre-ingazoke\/#listItem","position":3,"name":"Cs\u00f6kkent az \u00e1ll\u00e1skeres\u0151k sz\u00e1ma, n\u0151tt a k\u00fclf\u00f6ldre ing\u00e1z\u00f3k\u00e9","previousItem":{"@type":"ListItem","@id":"https:\/\/allasorias.hu\/hirek\/temak\/munkaeropiac\/#listItem","name":"Munkaer\u0151piac"}}]},{"@type":"Organization","@id":"https:\/\/allasorias.hu\/hirek\/#organization","name":"AllasOrias.hu | H\u00edrek-lapszemle","description":"\u00dczleti h\u00edrek az \u00e1ll\u00e1s \u00e9s a munka vil\u00e1g\u00e1b\u00f3l","url":"https:\/\/allasorias.hu\/hirek\/","logo":{"@type":"ImageObject","url":"https:\/\/allasorias.hu\/hirek\/wp-content\/uploads\/2022\/10\/allasorias_site_facebok_logo.png","@id":"https:\/\/allasorias.hu\/hirek\/csokkent-az-allaskeresok-szama-nott-a-kulfoldre-ingazoke\/#organizationLogo"},"image":{"@id":"https:\/\/allasorias.hu\/hirek\/csokkent-az-allaskeresok-szama-nott-a-kulfoldre-ingazoke\/#organizationLogo"},"sameAs":["https:\/\/www.facebook.com\/allasorias","https:\/\/www.linkedin.com\/company\/allasorias"]},{"@type":"Person","@id":"https:\/\/allasorias.hu\/hirek\/author\/admin-allasorias\/#author","url":"https:\/\/allasorias.hu\/hirek\/author\/admin-allasorias\/","name":"Juh\u00e1sz P\u00e9ter","image":{"@type":"ImageObject","@id":"https:\/\/allasorias.hu\/hirek\/csokkent-az-allaskeresok-szama-nott-a-kulfoldre-ingazoke\/#authorImage","url":"https:\/\/secure.gravatar.com\/avatar\/36e6bcb83148978b992977cb0f54d22feb0cce8a0a849a9410532bb2623ba4c6?s=96&d=mm&r=g","width":96,"height":96,"caption":"Juh\u00e1sz P\u00e9ter"}},{"@type":"WebPage","@id":"https:\/\/allasorias.hu\/hirek\/csokkent-az-allaskeresok-szama-nott-a-kulfoldre-ingazoke\/#webpage","url":"https:\/\/allasorias.hu\/hirek\/csokkent-az-allaskeresok-szama-nott-a-kulfoldre-ingazoke\/","name":"Cs\u00f6kkent az \u00e1ll\u00e1skeres\u0151k sz\u00e1ma, n\u0151tt a k\u00fclf\u00f6ldre ing\u00e1z\u00f3k\u00e9 | AllasOrias.hu | H\u00edrek-lapszemle","description":"M\u00e1jusban 28,3 ezer \u00fcres \u00e1ll\u00e1shelyet jelentettek be a munkaad\u00f3k, \u00edgy \u00f6sszess\u00e9g\u00e9ben a h\u00f3napban 91,4 ezer \u00e1ll\u00e1slehet\u0151s\u00e9g \u00e1llt rendelkez\u00e9sre, amelyb\u0151l a h\u00f3nap v\u00e9g\u00e9re 66 ezer maradt bet\u00f6ltetlen, az el\u0151z\u0151 havi 63,2 ezer ut\u00e1n. A pand\u00e9mia negat\u00edv hat\u00e1sa m\u00e1r nem s\u00fajtja a munkaer\u0151piacot \u00e9s m\u00e9g a k\u00f6zelben zajl\u00f3 h\u00e1bor\u00fa sem befoly\u00e1solja, azonban tov\u00e1bbra is nagy gondot jelent","inLanguage":"hu-HU","isPartOf":{"@id":"https:\/\/allasorias.hu\/hirek\/#website"},"breadcrumb":{"@id":"https:\/\/allasorias.hu\/hirek\/csokkent-az-allaskeresok-szama-nott-a-kulfoldre-ingazoke\/#breadcrumblist"},"author":{"@id":"https:\/\/allasorias.hu\/hirek\/author\/admin-allasorias\/#author"},"creator":{"@id":"https:\/\/allasorias.hu\/hirek\/author\/admin-allasorias\/#author"},"image":{"@type":"ImageObject","url":"https:\/\/allasorias.hu\/hirek\/wp-content\/uploads\/2018\/12\/business-1477601_640.jpg","@id":"https:\/\/allasorias.hu\/hirek\/csokkent-az-allaskeresok-szama-nott-a-kulfoldre-ingazoke\/#mainImage","width":640,"height":425},"primaryImageOfPage":{"@id":"https:\/\/allasorias.hu\/hirek\/csokkent-az-allaskeresok-szama-nott-a-kulfoldre-ingazoke\/#mainImage"},"datePublished":"2022-07-07T10:50:07+02:00","dateModified":"2022-07-07T10:50:07+02:00"},{"@type":"WebSite","@id":"https:\/\/allasorias.hu\/hirek\/#website","url":"https:\/\/allasorias.hu\/hirek\/","name":"AllasOrias.hu | H\u00edrek-lapszemle","description":"\u00dczleti h\u00edrek az \u00e1ll\u00e1s \u00e9s a munka vil\u00e1g\u00e1b\u00f3l","inLanguage":"hu-HU","publisher":{"@id":"https:\/\/allasorias.hu\/hirek\/#organization"}}]},"og:locale":"hu_HU","og:site_name":"AllasOrias.hu | H\u00edrek-lapszemle | \u00dczleti h\u00edrek az \u00e1ll\u00e1s \u00e9s a munka vil\u00e1g\u00e1b\u00f3l","og:type":"article","og:title":"Cs\u00f6kkent az \u00e1ll\u00e1skeres\u0151k sz\u00e1ma, n\u0151tt a k\u00fclf\u00f6ldre ing\u00e1z\u00f3k\u00e9 | AllasOrias.hu | H\u00edrek-lapszemle","og:description":"M\u00e1jusban 28,3 ezer \u00fcres \u00e1ll\u00e1shelyet jelentettek be a munkaad\u00f3k, \u00edgy \u00f6sszess\u00e9g\u00e9ben a h\u00f3napban 91,4 ezer \u00e1ll\u00e1slehet\u0151s\u00e9g \u00e1llt rendelkez\u00e9sre, amelyb\u0151l a h\u00f3nap v\u00e9g\u00e9re 66 ezer maradt bet\u00f6ltetlen, az el\u0151z\u0151 havi 63,2 ezer ut\u00e1n. A pand\u00e9mia negat\u00edv hat\u00e1sa m\u00e1r nem s\u00fajtja a munkaer\u0151piacot \u00e9s m\u00e9g a k\u00f6zelben zajl\u00f3 h\u00e1bor\u00fa sem befoly\u00e1solja, azonban tov\u00e1bbra is nagy gondot jelent","og:url":"https:\/\/allasorias.hu\/hirek\/csokkent-az-allaskeresok-szama-nott-a-kulfoldre-ingazoke\/","og:image":"https:\/\/allasorias.hu\/hirek\/wp-content\/uploads\/2018\/12\/business-1477601_640.jpg","og:image:secure_url":"https:\/\/allasorias.hu\/hirek\/wp-content\/uploads\/2018\/12\/business-1477601_640.jpg","og:image:width":640,"og:image:height":425,"article:published_time":"2022-07-07T10:50:07+00:00","article:modified_time":"2022-07-07T10:50:07+00:00","article:publisher":"https:\/\/www.facebook.com\/allasorias","twitter:card":"summary_large_image","twitter:title":"Cs\u00f6kkent az \u00e1ll\u00e1skeres\u0151k sz\u00e1ma, n\u0151tt a k\u00fclf\u00f6ldre ing\u00e1z\u00f3k\u00e9 | AllasOrias.hu | H\u00edrek-lapszemle","twitter:description":"M\u00e1jusban 28,3 ezer \u00fcres \u00e1ll\u00e1shelyet jelentettek be a munkaad\u00f3k, \u00edgy \u00f6sszess\u00e9g\u00e9ben a h\u00f3napban 91,4 ezer \u00e1ll\u00e1slehet\u0151s\u00e9g \u00e1llt rendelkez\u00e9sre, amelyb\u0151l a h\u00f3nap v\u00e9g\u00e9re 66 ezer maradt bet\u00f6ltetlen, az el\u0151z\u0151 havi 63,2 ezer ut\u00e1n. A pand\u00e9mia negat\u00edv hat\u00e1sa m\u00e1r nem s\u00fajtja a munkaer\u0151piacot \u00e9s m\u00e9g a k\u00f6zelben zajl\u00f3 h\u00e1bor\u00fa sem befoly\u00e1solja, azonban tov\u00e1bbra is nagy gondot jelent","twitter:image":"https:\/\/allasorias.hu\/hirek\/wp-content\/uploads\/2018\/12\/business-1477601_640.jpg","twitter:label1":"Written by","twitter:data1":"Juh\u00e1sz P\u00e9ter","twitter:label2":"Est. reading time","twitter:data2":"3 minutes"},"aioseo_meta_data":{"post_id":"5661","title":null,"description":null,"keywords":[],"keyphrases":{"focus":{"keyphrase":"","score":0,"analysis":{"keyphraseInTitle":{"score":0,"maxScore":9,"error":1}}},"additional":[]},"primary_term":null,"canonical_url":null,"og_title":null,"og_description":null,"og_object_type":"default","og_image_type":"default","og_image_url":null,"og_image_width":null,"og_image_height":null,"og_image_custom_url":null,"og_image_custom_fields":null,"og_video":"","og_custom_url":null,"og_article_section":null,"og_article_tags":[],"twitter_use_og":false,"twitter_card":"default","twitter_image_type":"default","twitter_image_url":null,"twitter_image_custom_url":null,"twitter_image_custom_fields":null,"twitter_title":null,"twitter_description":null,"schema":{"blockGraphs":[],"customGraphs":[],"default":{"data":{"Article":[],"Course":[],"Dataset":[],"FAQPage":[],"Movie":[],"Person":[],"Product":[],"ProductReview":[],"Car":[],"Recipe":[],"Service":[],"SoftwareApplication":[],"WebPage":[]},"graphName":"","isEnabled":true},"graphs":[],"defaultGraph":"Article","defaultPostTypeGraph":""},"schema_type":"default","schema_type_options":"{\"article\":{\"articleType\":\"BlogPosting\"},\"course\":{\"name\":\"\",\"description\":\"\",\"provider\":\"\"},\"faq\":{\"pages\":[]},\"product\":{\"reviews\":[]},\"recipe\":{\"ingredients\":[],\"instructions\":[],\"keywords\":[]},\"software\":{\"reviews\":[],\"operatingSystems\":[]},\"webPage\":{\"webPageType\":\"WebPage\"}}","pillar_content":false,"robots_default":true,"robots_noindex":false,"robots_noarchive":false,"robots_nosnippet":false,"robots_nofollow":false,"robots_noimageindex":false,"robots_noodp":false,"robots_notranslate":false,"robots_max_snippet":"-1","robots_max_videopreview":"-1","robots_max_imagepreview":"large","priority":null,"frequency":"default","location":null,"local_seo":null,"breadcrumb_settings":null,"limit_modified_date":false,"ai":null,"created":"2022-07-07 10:45:21","updated":"2025-10-02 17:03:30","seo_analyzer_scan_date":null,"focus_keyword":null,"additional_keywords":null,"truseo_locale":null},"aioseo_breadcrumb":"<div class=\"aioseo-breadcrumbs\"><span class=\"aioseo-breadcrumb\">\n\t\t\t<a href=\"https:\/\/allasorias.hu\/hirek\" title=\"Home\">Home<\/a>\n\t\t<\/span><span class=\"aioseo-breadcrumb-separator\">&raquo;<\/span><span class=\"aioseo-breadcrumb\">\n\t\t\t<a href=\"https:\/\/allasorias.hu\/hirek\/temak\/munkaeropiac\/\" title=\"Munkaer\u0151piac\">Munkaer\u0151piac<\/a>\n\t\t<\/span><span class=\"aioseo-breadcrumb-separator\">&raquo;<\/span><span class=\"aioseo-breadcrumb\">\n\t\t\tCs\u00f6kkent az \u00e1ll\u00e1skeres\u0151k sz\u00e1ma, n\u0151tt a k\u00fclf\u00f6ldre ing\u00e1z\u00f3k\u00e9\n\t\t<\/span><\/div>","aioseo_breadcrumb_json":[{"label":"Home","link":"https:\/\/allasorias.hu\/hirek"},{"label":"Munkaer\u0151piac","link":"https:\/\/allasorias.hu\/hirek\/temak\/munkaeropiac\/"},{"label":"Cs\u00f6kkent az \u00e1ll\u00e1skeres\u0151k sz\u00e1ma, n\u0151tt a k\u00fclf\u00f6ldre ing\u00e1z\u00f3k\u00e9","link":"https:\/\/allasorias.hu\/hirek\/csokkent-az-allaskeresok-szama-nott-a-kulfoldre-ingazoke\/"}],"_links":{"self":[{"href":"https:\/\/allasorias.hu\/hirek\/wp-json\/wp\/v2\/posts\/5661","targetHints":{"allow":["GET"]}}],"collection":[{"href":"https:\/\/allasorias.hu\/hirek\/wp-json\/wp\/v2\/posts"}],"about":[{"href":"https:\/\/allasorias.hu\/hirek\/wp-json\/wp\/v2\/types\/post"}],"author":[{"embeddable":true,"href":"https:\/\/allasorias.hu\/hirek\/wp-json\/wp\/v2\/users\/1"}],"replies":[{"embeddable":true,"href":"https:\/\/allasorias.hu\/hirek\/wp-json\/wp\/v2\/comments?post=5661"}],"version-history":[{"count":1,"href":"https:\/\/allasorias.hu\/hirek\/wp-json\/wp\/v2\/posts\/5661\/revisions"}],"predecessor-version":[{"id":5662,"href":"https:\/\/allasorias.hu\/hirek\/wp-json\/wp\/v2\/posts\/5661\/revisions\/5662"}],"wp:featuredmedia":[{"embeddable":true,"href":"https:\/\/allasorias.hu\/hirek\/wp-json\/wp\/v2\/media\/2260"}],"wp:attachment":[{"href":"https:\/\/allasorias.hu\/hirek\/wp-json\/wp\/v2\/media?parent=5661"}],"wp:term":[{"taxonomy":"category","embeddable":true,"href":"https:\/\/allasorias.hu\/hirek\/wp-json\/wp\/v2\/categories?post=5661"},{"taxonomy":"post_tag","embeddable":true,"href":"https:\/\/allasorias.hu\/hirek\/wp-json\/wp\/v2\/tags?post=5661"}],"curies":[{"name":"wp","href":"https:\/\/api.w.org\/{rel}","templated":true}]}}