{"id":5659,"date":"2022-07-06T10:07:34","date_gmt":"2022-07-06T10:07:34","guid":{"rendered":"https:\/\/allasorias.hu\/hirek\/?p=5659"},"modified":"2022-07-06T10:07:34","modified_gmt":"2022-07-06T10:07:34","slug":"vita-a-pedagogusok-palyaelhagyasarol","status":"publish","type":"post","link":"https:\/\/allasorias.hu\/hirek\/vita-a-pedagogusok-palyaelhagyasarol\/","title":{"rendered":"Vita a pedag\u00f3gusok p\u00e1lyaelhagy\u00e1s\u00e1r\u00f3l"},"content":{"rendered":"<p><strong>Az oktat\u00e1si \u00e1llamtitk\u00e1r nem f\u00e9l a p\u00e1lyaelhagy\u00f3 tan\u00e1rokt\u00f3l, hiszen \u00fagyis egyre kevesebben fognak tudni elhelyezkedni. Maruzsa Zolt\u00e1n szerint a roml\u00f3 gazdas\u00e1gi k\u00f6rnyezetben kisebb lesz a munkaer\u0151piac elsz\u00edv\u00f3 hat\u00e1sa.<\/strong><\/p>\n<p>&nbsp;<\/p>\n<p>Nem volt \u00e9rdemi el\u0151rel\u00e9p\u00e9s a pedag\u00f3gusok szakszervezetei \u00e9s a korm\u00e1ny k\u00e9t j\u00faniusi t\u00e1rgyal\u00e1s\u00e1n \u2013 der\u00fclt ki az RTL H\u00edrad\u00f3j\u00e1nak keddi riportj\u00e1b\u00f3l. Komj\u00e1thy Anna, a Pedag\u00f3gusok Demokratikus Szakszervezet\u00e9nek orsz\u00e1gos v\u00e1lasztm\u00e1nyi tagja azonban azt mondta, Maruzsa Zolt\u00e1n oktat\u00e1si \u00e1llamtitk\u00e1rnak akadt egy igen pik\u00edrt mondata az egyeztet\u00e9sen: \u201ea legut\u00f3bbi t\u00e1rgyal\u00e1son az \u00e1llamtitk\u00e1r \u00far, Maruzsa Zolt\u00e1n, azt mondta, hogy most, hogy ilyen rosszul megy a gazdas\u00e1g, nehezebben fognak tudni elhelyezkedni azok a pedag\u00f3gusok, akik fel akarnak mondani. Ez\u00e9rt azt\u00e1n majd meggondolj\u00e1k, hogy felmondanak-e\u201d \u2013 sz\u00e1molt be Komj\u00e1thy az RTL k\u00e9rd\u00e9s\u00e9re. A csatorna kereste a korm\u00e1nyt, t\u0151l\u00fck azt a v\u00e1laszt kapt\u00e1k, hogy a t\u00e1rgyal\u00e1son a szakszervezetek \u00e9rveltek a munkaer\u0151piac jelent\u0151s elsz\u00edv\u00f3 hat\u00e1s\u00e1val, erre mondta azt Maruzsa, hogy a v\u00e1rhat\u00f3an roml\u00f3 gazdas\u00e1gi k\u00f6rnyezetben a munkaer\u0151piac elsz\u00edv\u00f3 hat\u00e1sa cs\u00f6kkenni fog.<\/p>\n<p>Forr\u00e1s: hvg.hu<\/p>\n","protected":false},"excerpt":{"rendered":"<p>Az oktat\u00e1si \u00e1llamtitk\u00e1r nem f\u00e9l a p\u00e1lyaelhagy\u00f3 tan\u00e1rokt\u00f3l, hiszen \u00fagyis egyre kevesebben fognak tudni elhelyezkedni. Maruzsa Zolt\u00e1n szerint a roml\u00f3 gazdas\u00e1gi k\u00f6rnyezetben kisebb lesz a munkaer\u0151piac elsz\u00edv\u00f3 hat\u00e1sa. &nbsp; Nem volt \u00e9rdemi el\u0151rel\u00e9p\u00e9s a pedag\u00f3gusok szakszervezetei \u00e9s a korm\u00e1ny k\u00e9t j\u00faniusi t\u00e1rgyal\u00e1s\u00e1n \u2013 der\u00fclt ki az RTL H\u00edrad\u00f3j\u00e1nak keddi riportj\u00e1b\u00f3l. Komj\u00e1thy Anna, a Pedag\u00f3gusok Demokratikus [&hellip;]<\/p>\n","protected":false},"author":1,"featured_media":3134,"comment_status":"open","ping_status":"open","sticky":false,"template":"","format":"standard","meta":{"_monsterinsights_skip_tracking":false,"footnotes":""},"categories":[203,200],"tags":[],"class_list":["post-5659","post","type-post","status-publish","format-standard","has-post-thumbnail","hentry","category-hianyszakmak","category-munkaeropiac"],"aioseo_notices":[],"aioseo_head":"\n\t\t<!-- All in One SEO 5.0.0.1 - aioseo.com -->\n\t<meta name=\"description\" content=\"Az oktat\u00e1si \u00e1llamtitk\u00e1r nem f\u00e9l a p\u00e1lyaelhagy\u00f3 tan\u00e1rokt\u00f3l, hiszen \u00fagyis egyre kevesebben fognak tudni elhelyezkedni. Maruzsa Zolt\u00e1n szerint a roml\u00f3 gazdas\u00e1gi k\u00f6rnyezetben kisebb lesz a munkaer\u0151piac elsz\u00edv\u00f3 hat\u00e1sa. Nem volt \u00e9rdemi el\u0151rel\u00e9p\u00e9s a pedag\u00f3gusok szakszervezetei \u00e9s a korm\u00e1ny k\u00e9t j\u00faniusi t\u00e1rgyal\u00e1s\u00e1n \u2013 der\u00fclt ki az RTL H\u00edrad\u00f3j\u00e1nak keddi riportj\u00e1b\u00f3l. Komj\u00e1thy Anna, a Pedag\u00f3gusok Demokratikus\" \/>\n\t<meta name=\"robots\" content=\"max-image-preview:large\" \/>\n\t<meta name=\"author\" content=\"Juh\u00e1sz P\u00e9ter\"\/>\n\t<link rel=\"canonical\" href=\"https:\/\/allasorias.hu\/hirek\/vita-a-pedagogusok-palyaelhagyasarol\/\" \/>\n\t<meta name=\"generator\" content=\"All in One SEO (AIOSEO) 5.0.0.1\" \/>\n\t\t<meta property=\"og:locale\" content=\"hu_HU\" \/>\n\t\t<meta property=\"og:site_name\" content=\"AllasOrias.hu | H\u00edrek-lapszemle | \u00dczleti h\u00edrek az \u00e1ll\u00e1s \u00e9s a munka vil\u00e1g\u00e1b\u00f3l\" \/>\n\t\t<meta property=\"og:type\" content=\"article\" \/>\n\t\t<meta property=\"og:title\" content=\"Vita a pedag\u00f3gusok p\u00e1lyaelhagy\u00e1s\u00e1r\u00f3l | AllasOrias.hu | H\u00edrek-lapszemle\" \/>\n\t\t<meta property=\"og:description\" content=\"Az oktat\u00e1si \u00e1llamtitk\u00e1r nem f\u00e9l a p\u00e1lyaelhagy\u00f3 tan\u00e1rokt\u00f3l, hiszen \u00fagyis egyre kevesebben fognak tudni elhelyezkedni. Maruzsa Zolt\u00e1n szerint a roml\u00f3 gazdas\u00e1gi k\u00f6rnyezetben kisebb lesz a munkaer\u0151piac elsz\u00edv\u00f3 hat\u00e1sa. Nem volt \u00e9rdemi el\u0151rel\u00e9p\u00e9s a pedag\u00f3gusok szakszervezetei \u00e9s a korm\u00e1ny k\u00e9t j\u00faniusi t\u00e1rgyal\u00e1s\u00e1n \u2013 der\u00fclt ki az RTL H\u00edrad\u00f3j\u00e1nak keddi riportj\u00e1b\u00f3l. Komj\u00e1thy Anna, a Pedag\u00f3gusok Demokratikus\" \/>\n\t\t<meta property=\"og:url\" content=\"https:\/\/allasorias.hu\/hirek\/vita-a-pedagogusok-palyaelhagyasarol\/\" \/>\n\t\t<meta property=\"og:image\" content=\"https:\/\/allasorias.hu\/hirek\/wp-content\/uploads\/2019\/07\/blackboard-chairs-chalk-159844.jpg\" \/>\n\t\t<meta property=\"og:image:secure_url\" content=\"https:\/\/allasorias.hu\/hirek\/wp-content\/uploads\/2019\/07\/blackboard-chairs-chalk-159844.jpg\" \/>\n\t\t<meta property=\"og:image:width\" content=\"640\" \/>\n\t\t<meta property=\"og:image:height\" content=\"426\" \/>\n\t\t<meta property=\"article:published_time\" content=\"2022-07-06T10:07:34+00:00\" \/>\n\t\t<meta property=\"article:modified_time\" content=\"2022-07-06T10:07:34+00:00\" \/>\n\t\t<meta property=\"article:publisher\" content=\"https:\/\/www.facebook.com\/allasorias\" \/>\n\t\t<meta name=\"twitter:card\" content=\"summary_large_image\" \/>\n\t\t<meta name=\"twitter:title\" content=\"Vita a pedag\u00f3gusok p\u00e1lyaelhagy\u00e1s\u00e1r\u00f3l | AllasOrias.hu | H\u00edrek-lapszemle\" \/>\n\t\t<meta name=\"twitter:description\" content=\"Az oktat\u00e1si \u00e1llamtitk\u00e1r nem f\u00e9l a p\u00e1lyaelhagy\u00f3 tan\u00e1rokt\u00f3l, hiszen \u00fagyis egyre kevesebben fognak tudni elhelyezkedni. Maruzsa Zolt\u00e1n szerint a roml\u00f3 gazdas\u00e1gi k\u00f6rnyezetben kisebb lesz a munkaer\u0151piac elsz\u00edv\u00f3 hat\u00e1sa. Nem volt \u00e9rdemi el\u0151rel\u00e9p\u00e9s a pedag\u00f3gusok szakszervezetei \u00e9s a korm\u00e1ny k\u00e9t j\u00faniusi t\u00e1rgyal\u00e1s\u00e1n \u2013 der\u00fclt ki az RTL H\u00edrad\u00f3j\u00e1nak keddi riportj\u00e1b\u00f3l. Komj\u00e1thy Anna, a Pedag\u00f3gusok Demokratikus\" \/>\n\t\t<meta name=\"twitter:image\" content=\"https:\/\/allasorias.hu\/hirek\/wp-content\/uploads\/2019\/07\/blackboard-chairs-chalk-159844.jpg\" \/>\n\t\t<meta name=\"twitter:label1\" content=\"Written by\" \/>\n\t\t<meta name=\"twitter:data1\" content=\"Juh\u00e1sz P\u00e9ter\" \/>\n\t\t<meta name=\"twitter:label2\" content=\"Est. reading time\" \/>\n\t\t<meta name=\"twitter:data2\" content=\"1 minute\" \/>\n\t\t<script type=\"application\/ld+json\" class=\"aioseo-schema\">\n\t\t\t{\"@context\":\"https:\\\/\\\/schema.org\",\"@graph\":[{\"@type\":\"Article\",\"@id\":\"https:\\\/\\\/allasorias.hu\\\/hirek\\\/vita-a-pedagogusok-palyaelhagyasarol\\\/#article\",\"name\":\"Vita a pedag\\u00f3gusok p\\u00e1lyaelhagy\\u00e1s\\u00e1r\\u00f3l | AllasOrias.hu | H\\u00edrek-lapszemle\",\"headline\":\"Vita a pedag\\u00f3gusok p\\u00e1lyaelhagy\\u00e1s\\u00e1r\\u00f3l\",\"author\":{\"@id\":\"https:\\\/\\\/allasorias.hu\\\/hirek\\\/author\\\/admin-allasorias\\\/#author\"},\"publisher\":{\"@id\":\"https:\\\/\\\/allasorias.hu\\\/hirek\\\/#organization\"},\"image\":{\"@type\":\"ImageObject\",\"url\":\"https:\\\/\\\/allasorias.hu\\\/hirek\\\/wp-content\\\/uploads\\\/2019\\\/07\\\/blackboard-chairs-chalk-159844.jpg\",\"width\":640,\"height\":426},\"datePublished\":\"2022-07-06T10:07:34+02:00\",\"dateModified\":\"2022-07-06T10:07:34+02:00\",\"inLanguage\":\"hu-HU\",\"mainEntityOfPage\":{\"@id\":\"https:\\\/\\\/allasorias.hu\\\/hirek\\\/vita-a-pedagogusok-palyaelhagyasarol\\\/#webpage\"},\"isPartOf\":{\"@id\":\"https:\\\/\\\/allasorias.hu\\\/hirek\\\/vita-a-pedagogusok-palyaelhagyasarol\\\/#webpage\"},\"articleSection\":\"Hi\\u00e1nyszakm\\u00e1k, Munkaer\\u0151piac\"},{\"@type\":\"BreadcrumbList\",\"@id\":\"https:\\\/\\\/allasorias.hu\\\/hirek\\\/vita-a-pedagogusok-palyaelhagyasarol\\\/#breadcrumblist\",\"itemListElement\":[{\"@type\":\"ListItem\",\"@id\":\"https:\\\/\\\/allasorias.hu\\\/hirek#listItem\",\"position\":1,\"name\":\"Home\",\"item\":\"https:\\\/\\\/allasorias.hu\\\/hirek\",\"nextItem\":{\"@type\":\"ListItem\",\"@id\":\"https:\\\/\\\/allasorias.hu\\\/hirek\\\/temak\\\/munkaeropiac\\\/#listItem\",\"name\":\"Munkaer\\u0151piac\"}},{\"@type\":\"ListItem\",\"@id\":\"https:\\\/\\\/allasorias.hu\\\/hirek\\\/temak\\\/munkaeropiac\\\/#listItem\",\"position\":2,\"name\":\"Munkaer\\u0151piac\",\"item\":\"https:\\\/\\\/allasorias.hu\\\/hirek\\\/temak\\\/munkaeropiac\\\/\",\"nextItem\":{\"@type\":\"ListItem\",\"@id\":\"https:\\\/\\\/allasorias.hu\\\/hirek\\\/vita-a-pedagogusok-palyaelhagyasarol\\\/#listItem\",\"name\":\"Vita a pedag\\u00f3gusok p\\u00e1lyaelhagy\\u00e1s\\u00e1r\\u00f3l\"},\"previousItem\":{\"@type\":\"ListItem\",\"@id\":\"https:\\\/\\\/allasorias.hu\\\/hirek#listItem\",\"name\":\"Home\"}},{\"@type\":\"ListItem\",\"@id\":\"https:\\\/\\\/allasorias.hu\\\/hirek\\\/vita-a-pedagogusok-palyaelhagyasarol\\\/#listItem\",\"position\":3,\"name\":\"Vita a pedag\\u00f3gusok p\\u00e1lyaelhagy\\u00e1s\\u00e1r\\u00f3l\",\"previousItem\":{\"@type\":\"ListItem\",\"@id\":\"https:\\\/\\\/allasorias.hu\\\/hirek\\\/temak\\\/munkaeropiac\\\/#listItem\",\"name\":\"Munkaer\\u0151piac\"}}]},{\"@type\":\"Organization\",\"@id\":\"https:\\\/\\\/allasorias.hu\\\/hirek\\\/#organization\",\"name\":\"AllasOrias.hu | H\\u00edrek-lapszemle\",\"description\":\"\\u00dczleti h\\u00edrek az \\u00e1ll\\u00e1s \\u00e9s a munka vil\\u00e1g\\u00e1b\\u00f3l\",\"url\":\"https:\\\/\\\/allasorias.hu\\\/hirek\\\/\",\"logo\":{\"@type\":\"ImageObject\",\"url\":\"https:\\\/\\\/allasorias.hu\\\/hirek\\\/wp-content\\\/uploads\\\/2022\\\/10\\\/allasorias_site_facebok_logo.png\",\"@id\":\"https:\\\/\\\/allasorias.hu\\\/hirek\\\/vita-a-pedagogusok-palyaelhagyasarol\\\/#organizationLogo\"},\"image\":{\"@id\":\"https:\\\/\\\/allasorias.hu\\\/hirek\\\/vita-a-pedagogusok-palyaelhagyasarol\\\/#organizationLogo\"},\"sameAs\":[\"https:\\\/\\\/www.facebook.com\\\/allasorias\",\"https:\\\/\\\/www.linkedin.com\\\/company\\\/allasorias\"]},{\"@type\":\"Person\",\"@id\":\"https:\\\/\\\/allasorias.hu\\\/hirek\\\/author\\\/admin-allasorias\\\/#author\",\"url\":\"https:\\\/\\\/allasorias.hu\\\/hirek\\\/author\\\/admin-allasorias\\\/\",\"name\":\"Juh\\u00e1sz P\\u00e9ter\",\"image\":{\"@type\":\"ImageObject\",\"@id\":\"https:\\\/\\\/allasorias.hu\\\/hirek\\\/vita-a-pedagogusok-palyaelhagyasarol\\\/#authorImage\",\"url\":\"https:\\\/\\\/secure.gravatar.com\\\/avatar\\\/36e6bcb83148978b992977cb0f54d22feb0cce8a0a849a9410532bb2623ba4c6?s=96&d=mm&r=g\",\"width\":96,\"height\":96,\"caption\":\"Juh\\u00e1sz P\\u00e9ter\"}},{\"@type\":\"WebPage\",\"@id\":\"https:\\\/\\\/allasorias.hu\\\/hirek\\\/vita-a-pedagogusok-palyaelhagyasarol\\\/#webpage\",\"url\":\"https:\\\/\\\/allasorias.hu\\\/hirek\\\/vita-a-pedagogusok-palyaelhagyasarol\\\/\",\"name\":\"Vita a pedag\\u00f3gusok p\\u00e1lyaelhagy\\u00e1s\\u00e1r\\u00f3l | AllasOrias.hu | H\\u00edrek-lapszemle\",\"description\":\"Az oktat\\u00e1si \\u00e1llamtitk\\u00e1r nem f\\u00e9l a p\\u00e1lyaelhagy\\u00f3 tan\\u00e1rokt\\u00f3l, hiszen \\u00fagyis egyre kevesebben fognak tudni elhelyezkedni. Maruzsa Zolt\\u00e1n szerint a roml\\u00f3 gazdas\\u00e1gi k\\u00f6rnyezetben kisebb lesz a munkaer\\u0151piac elsz\\u00edv\\u00f3 hat\\u00e1sa. Nem volt \\u00e9rdemi el\\u0151rel\\u00e9p\\u00e9s a pedag\\u00f3gusok szakszervezetei \\u00e9s a korm\\u00e1ny k\\u00e9t j\\u00faniusi t\\u00e1rgyal\\u00e1s\\u00e1n \\u2013 der\\u00fclt ki az RTL H\\u00edrad\\u00f3j\\u00e1nak keddi riportj\\u00e1b\\u00f3l. Komj\\u00e1thy Anna, a Pedag\\u00f3gusok Demokratikus\",\"inLanguage\":\"hu-HU\",\"isPartOf\":{\"@id\":\"https:\\\/\\\/allasorias.hu\\\/hirek\\\/#website\"},\"breadcrumb\":{\"@id\":\"https:\\\/\\\/allasorias.hu\\\/hirek\\\/vita-a-pedagogusok-palyaelhagyasarol\\\/#breadcrumblist\"},\"author\":{\"@id\":\"https:\\\/\\\/allasorias.hu\\\/hirek\\\/author\\\/admin-allasorias\\\/#author\"},\"creator\":{\"@id\":\"https:\\\/\\\/allasorias.hu\\\/hirek\\\/author\\\/admin-allasorias\\\/#author\"},\"image\":{\"@type\":\"ImageObject\",\"url\":\"https:\\\/\\\/allasorias.hu\\\/hirek\\\/wp-content\\\/uploads\\\/2019\\\/07\\\/blackboard-chairs-chalk-159844.jpg\",\"@id\":\"https:\\\/\\\/allasorias.hu\\\/hirek\\\/vita-a-pedagogusok-palyaelhagyasarol\\\/#mainImage\",\"width\":640,\"height\":426},\"primaryImageOfPage\":{\"@id\":\"https:\\\/\\\/allasorias.hu\\\/hirek\\\/vita-a-pedagogusok-palyaelhagyasarol\\\/#mainImage\"},\"datePublished\":\"2022-07-06T10:07:34+02:00\",\"dateModified\":\"2022-07-06T10:07:34+02:00\"},{\"@type\":\"WebSite\",\"@id\":\"https:\\\/\\\/allasorias.hu\\\/hirek\\\/#website\",\"url\":\"https:\\\/\\\/allasorias.hu\\\/hirek\\\/\",\"name\":\"AllasOrias.hu | H\\u00edrek-lapszemle\",\"description\":\"\\u00dczleti h\\u00edrek az \\u00e1ll\\u00e1s \\u00e9s a munka vil\\u00e1g\\u00e1b\\u00f3l\",\"inLanguage\":\"hu-HU\",\"publisher\":{\"@id\":\"https:\\\/\\\/allasorias.hu\\\/hirek\\\/#organization\"}}]}\n\t\t<\/script>\n\t\t<!-- All in One SEO -->\n\n","aioseo_head_json":{"title":"Vita a pedag\u00f3gusok p\u00e1lyaelhagy\u00e1s\u00e1r\u00f3l | AllasOrias.hu | H\u00edrek-lapszemle","description":"Az oktat\u00e1si \u00e1llamtitk\u00e1r nem f\u00e9l a p\u00e1lyaelhagy\u00f3 tan\u00e1rokt\u00f3l, hiszen \u00fagyis egyre kevesebben fognak tudni elhelyezkedni. Maruzsa Zolt\u00e1n szerint a roml\u00f3 gazdas\u00e1gi k\u00f6rnyezetben kisebb lesz a munkaer\u0151piac elsz\u00edv\u00f3 hat\u00e1sa. Nem volt \u00e9rdemi el\u0151rel\u00e9p\u00e9s a pedag\u00f3gusok szakszervezetei \u00e9s a korm\u00e1ny k\u00e9t j\u00faniusi t\u00e1rgyal\u00e1s\u00e1n \u2013 der\u00fclt ki az RTL H\u00edrad\u00f3j\u00e1nak keddi riportj\u00e1b\u00f3l. Komj\u00e1thy Anna, a Pedag\u00f3gusok Demokratikus","canonical_url":"https:\/\/allasorias.hu\/hirek\/vita-a-pedagogusok-palyaelhagyasarol\/","robots":"max-image-preview:large","keywords":"","webmasterTools":{"miscellaneous":""},"schema":{"@context":"https:\/\/schema.org","@graph":[{"@type":"Article","@id":"https:\/\/allasorias.hu\/hirek\/vita-a-pedagogusok-palyaelhagyasarol\/#article","name":"Vita a pedag\u00f3gusok p\u00e1lyaelhagy\u00e1s\u00e1r\u00f3l | AllasOrias.hu | H\u00edrek-lapszemle","headline":"Vita a pedag\u00f3gusok p\u00e1lyaelhagy\u00e1s\u00e1r\u00f3l","author":{"@id":"https:\/\/allasorias.hu\/hirek\/author\/admin-allasorias\/#author"},"publisher":{"@id":"https:\/\/allasorias.hu\/hirek\/#organization"},"image":{"@type":"ImageObject","url":"https:\/\/allasorias.hu\/hirek\/wp-content\/uploads\/2019\/07\/blackboard-chairs-chalk-159844.jpg","width":640,"height":426},"datePublished":"2022-07-06T10:07:34+02:00","dateModified":"2022-07-06T10:07:34+02:00","inLanguage":"hu-HU","mainEntityOfPage":{"@id":"https:\/\/allasorias.hu\/hirek\/vita-a-pedagogusok-palyaelhagyasarol\/#webpage"},"isPartOf":{"@id":"https:\/\/allasorias.hu\/hirek\/vita-a-pedagogusok-palyaelhagyasarol\/#webpage"},"articleSection":"Hi\u00e1nyszakm\u00e1k, Munkaer\u0151piac"},{"@type":"BreadcrumbList","@id":"https:\/\/allasorias.hu\/hirek\/vita-a-pedagogusok-palyaelhagyasarol\/#breadcrumblist","itemListElement":[{"@type":"ListItem","@id":"https:\/\/allasorias.hu\/hirek#listItem","position":1,"name":"Home","item":"https:\/\/allasorias.hu\/hirek","nextItem":{"@type":"ListItem","@id":"https:\/\/allasorias.hu\/hirek\/temak\/munkaeropiac\/#listItem","name":"Munkaer\u0151piac"}},{"@type":"ListItem","@id":"https:\/\/allasorias.hu\/hirek\/temak\/munkaeropiac\/#listItem","position":2,"name":"Munkaer\u0151piac","item":"https:\/\/allasorias.hu\/hirek\/temak\/munkaeropiac\/","nextItem":{"@type":"ListItem","@id":"https:\/\/allasorias.hu\/hirek\/vita-a-pedagogusok-palyaelhagyasarol\/#listItem","name":"Vita a pedag\u00f3gusok p\u00e1lyaelhagy\u00e1s\u00e1r\u00f3l"},"previousItem":{"@type":"ListItem","@id":"https:\/\/allasorias.hu\/hirek#listItem","name":"Home"}},{"@type":"ListItem","@id":"https:\/\/allasorias.hu\/hirek\/vita-a-pedagogusok-palyaelhagyasarol\/#listItem","position":3,"name":"Vita a pedag\u00f3gusok p\u00e1lyaelhagy\u00e1s\u00e1r\u00f3l","previousItem":{"@type":"ListItem","@id":"https:\/\/allasorias.hu\/hirek\/temak\/munkaeropiac\/#listItem","name":"Munkaer\u0151piac"}}]},{"@type":"Organization","@id":"https:\/\/allasorias.hu\/hirek\/#organization","name":"AllasOrias.hu | H\u00edrek-lapszemle","description":"\u00dczleti h\u00edrek az \u00e1ll\u00e1s \u00e9s a munka vil\u00e1g\u00e1b\u00f3l","url":"https:\/\/allasorias.hu\/hirek\/","logo":{"@type":"ImageObject","url":"https:\/\/allasorias.hu\/hirek\/wp-content\/uploads\/2022\/10\/allasorias_site_facebok_logo.png","@id":"https:\/\/allasorias.hu\/hirek\/vita-a-pedagogusok-palyaelhagyasarol\/#organizationLogo"},"image":{"@id":"https:\/\/allasorias.hu\/hirek\/vita-a-pedagogusok-palyaelhagyasarol\/#organizationLogo"},"sameAs":["https:\/\/www.facebook.com\/allasorias","https:\/\/www.linkedin.com\/company\/allasorias"]},{"@type":"Person","@id":"https:\/\/allasorias.hu\/hirek\/author\/admin-allasorias\/#author","url":"https:\/\/allasorias.hu\/hirek\/author\/admin-allasorias\/","name":"Juh\u00e1sz P\u00e9ter","image":{"@type":"ImageObject","@id":"https:\/\/allasorias.hu\/hirek\/vita-a-pedagogusok-palyaelhagyasarol\/#authorImage","url":"https:\/\/secure.gravatar.com\/avatar\/36e6bcb83148978b992977cb0f54d22feb0cce8a0a849a9410532bb2623ba4c6?s=96&d=mm&r=g","width":96,"height":96,"caption":"Juh\u00e1sz P\u00e9ter"}},{"@type":"WebPage","@id":"https:\/\/allasorias.hu\/hirek\/vita-a-pedagogusok-palyaelhagyasarol\/#webpage","url":"https:\/\/allasorias.hu\/hirek\/vita-a-pedagogusok-palyaelhagyasarol\/","name":"Vita a pedag\u00f3gusok p\u00e1lyaelhagy\u00e1s\u00e1r\u00f3l | AllasOrias.hu | H\u00edrek-lapszemle","description":"Az oktat\u00e1si \u00e1llamtitk\u00e1r nem f\u00e9l a p\u00e1lyaelhagy\u00f3 tan\u00e1rokt\u00f3l, hiszen \u00fagyis egyre kevesebben fognak tudni elhelyezkedni. Maruzsa Zolt\u00e1n szerint a roml\u00f3 gazdas\u00e1gi k\u00f6rnyezetben kisebb lesz a munkaer\u0151piac elsz\u00edv\u00f3 hat\u00e1sa. Nem volt \u00e9rdemi el\u0151rel\u00e9p\u00e9s a pedag\u00f3gusok szakszervezetei \u00e9s a korm\u00e1ny k\u00e9t j\u00faniusi t\u00e1rgyal\u00e1s\u00e1n \u2013 der\u00fclt ki az RTL H\u00edrad\u00f3j\u00e1nak keddi riportj\u00e1b\u00f3l. Komj\u00e1thy Anna, a Pedag\u00f3gusok Demokratikus","inLanguage":"hu-HU","isPartOf":{"@id":"https:\/\/allasorias.hu\/hirek\/#website"},"breadcrumb":{"@id":"https:\/\/allasorias.hu\/hirek\/vita-a-pedagogusok-palyaelhagyasarol\/#breadcrumblist"},"author":{"@id":"https:\/\/allasorias.hu\/hirek\/author\/admin-allasorias\/#author"},"creator":{"@id":"https:\/\/allasorias.hu\/hirek\/author\/admin-allasorias\/#author"},"image":{"@type":"ImageObject","url":"https:\/\/allasorias.hu\/hirek\/wp-content\/uploads\/2019\/07\/blackboard-chairs-chalk-159844.jpg","@id":"https:\/\/allasorias.hu\/hirek\/vita-a-pedagogusok-palyaelhagyasarol\/#mainImage","width":640,"height":426},"primaryImageOfPage":{"@id":"https:\/\/allasorias.hu\/hirek\/vita-a-pedagogusok-palyaelhagyasarol\/#mainImage"},"datePublished":"2022-07-06T10:07:34+02:00","dateModified":"2022-07-06T10:07:34+02:00"},{"@type":"WebSite","@id":"https:\/\/allasorias.hu\/hirek\/#website","url":"https:\/\/allasorias.hu\/hirek\/","name":"AllasOrias.hu | H\u00edrek-lapszemle","description":"\u00dczleti h\u00edrek az \u00e1ll\u00e1s \u00e9s a munka vil\u00e1g\u00e1b\u00f3l","inLanguage":"hu-HU","publisher":{"@id":"https:\/\/allasorias.hu\/hirek\/#organization"}}]},"og:locale":"hu_HU","og:site_name":"AllasOrias.hu | H\u00edrek-lapszemle | \u00dczleti h\u00edrek az \u00e1ll\u00e1s \u00e9s a munka vil\u00e1g\u00e1b\u00f3l","og:type":"article","og:title":"Vita a pedag\u00f3gusok p\u00e1lyaelhagy\u00e1s\u00e1r\u00f3l | AllasOrias.hu | H\u00edrek-lapszemle","og:description":"Az oktat\u00e1si \u00e1llamtitk\u00e1r nem f\u00e9l a p\u00e1lyaelhagy\u00f3 tan\u00e1rokt\u00f3l, hiszen \u00fagyis egyre kevesebben fognak tudni elhelyezkedni. Maruzsa Zolt\u00e1n szerint a roml\u00f3 gazdas\u00e1gi k\u00f6rnyezetben kisebb lesz a munkaer\u0151piac elsz\u00edv\u00f3 hat\u00e1sa. Nem volt \u00e9rdemi el\u0151rel\u00e9p\u00e9s a pedag\u00f3gusok szakszervezetei \u00e9s a korm\u00e1ny k\u00e9t j\u00faniusi t\u00e1rgyal\u00e1s\u00e1n \u2013 der\u00fclt ki az RTL H\u00edrad\u00f3j\u00e1nak keddi riportj\u00e1b\u00f3l. Komj\u00e1thy Anna, a Pedag\u00f3gusok Demokratikus","og:url":"https:\/\/allasorias.hu\/hirek\/vita-a-pedagogusok-palyaelhagyasarol\/","og:image":"https:\/\/allasorias.hu\/hirek\/wp-content\/uploads\/2019\/07\/blackboard-chairs-chalk-159844.jpg","og:image:secure_url":"https:\/\/allasorias.hu\/hirek\/wp-content\/uploads\/2019\/07\/blackboard-chairs-chalk-159844.jpg","og:image:width":640,"og:image:height":426,"article:published_time":"2022-07-06T10:07:34+00:00","article:modified_time":"2022-07-06T10:07:34+00:00","article:publisher":"https:\/\/www.facebook.com\/allasorias","twitter:card":"summary_large_image","twitter:title":"Vita a pedag\u00f3gusok p\u00e1lyaelhagy\u00e1s\u00e1r\u00f3l | AllasOrias.hu | H\u00edrek-lapszemle","twitter:description":"Az oktat\u00e1si \u00e1llamtitk\u00e1r nem f\u00e9l a p\u00e1lyaelhagy\u00f3 tan\u00e1rokt\u00f3l, hiszen \u00fagyis egyre kevesebben fognak tudni elhelyezkedni. Maruzsa Zolt\u00e1n szerint a roml\u00f3 gazdas\u00e1gi k\u00f6rnyezetben kisebb lesz a munkaer\u0151piac elsz\u00edv\u00f3 hat\u00e1sa. Nem volt \u00e9rdemi el\u0151rel\u00e9p\u00e9s a pedag\u00f3gusok szakszervezetei \u00e9s a korm\u00e1ny k\u00e9t j\u00faniusi t\u00e1rgyal\u00e1s\u00e1n \u2013 der\u00fclt ki az RTL H\u00edrad\u00f3j\u00e1nak keddi riportj\u00e1b\u00f3l. Komj\u00e1thy Anna, a Pedag\u00f3gusok Demokratikus","twitter:image":"https:\/\/allasorias.hu\/hirek\/wp-content\/uploads\/2019\/07\/blackboard-chairs-chalk-159844.jpg","twitter:label1":"Written by","twitter:data1":"Juh\u00e1sz P\u00e9ter","twitter:label2":"Est. reading time","twitter:data2":"1 minute"},"aioseo_meta_data":{"post_id":"5659","title":null,"description":null,"keywords":[],"keyphrases":{"focus":{"keyphrase":"","score":0,"analysis":{"keyphraseInTitle":{"score":0,"maxScore":9,"error":1}}},"additional":[]},"primary_term":null,"canonical_url":null,"og_title":null,"og_description":null,"og_object_type":"default","og_image_type":"default","og_image_url":null,"og_image_width":null,"og_image_height":null,"og_image_custom_url":null,"og_image_custom_fields":null,"og_video":"","og_custom_url":null,"og_article_section":null,"og_article_tags":[],"twitter_use_og":false,"twitter_card":"default","twitter_image_type":"default","twitter_image_url":null,"twitter_image_custom_url":null,"twitter_image_custom_fields":null,"twitter_title":null,"twitter_description":null,"schema":{"blockGraphs":[],"customGraphs":[],"default":{"data":{"Article":[],"Course":[],"Dataset":[],"FAQPage":[],"Movie":[],"Person":[],"Product":[],"ProductReview":[],"Car":[],"Recipe":[],"Service":[],"SoftwareApplication":[],"WebPage":[]},"graphName":"","isEnabled":true},"graphs":[],"defaultGraph":"Article","defaultPostTypeGraph":""},"schema_type":"default","schema_type_options":"{\"article\":{\"articleType\":\"BlogPosting\"},\"course\":{\"name\":\"\",\"description\":\"\",\"provider\":\"\"},\"faq\":{\"pages\":[]},\"product\":{\"reviews\":[]},\"recipe\":{\"ingredients\":[],\"instructions\":[],\"keywords\":[]},\"software\":{\"reviews\":[],\"operatingSystems\":[]},\"webPage\":{\"webPageType\":\"WebPage\"}}","pillar_content":false,"robots_default":true,"robots_noindex":false,"robots_noarchive":false,"robots_nosnippet":false,"robots_nofollow":false,"robots_noimageindex":false,"robots_noodp":false,"robots_notranslate":false,"robots_max_snippet":"-1","robots_max_videopreview":"-1","robots_max_imagepreview":"large","priority":null,"frequency":"default","location":null,"local_seo":null,"breadcrumb_settings":null,"limit_modified_date":false,"ai":null,"created":"2022-07-06 10:02:56","updated":"2025-10-02 17:03:30","seo_analyzer_scan_date":null,"focus_keyword":null,"additional_keywords":null,"truseo_locale":null},"aioseo_breadcrumb":"<div class=\"aioseo-breadcrumbs\"><span class=\"aioseo-breadcrumb\">\n\t\t\t<a href=\"https:\/\/allasorias.hu\/hirek\" title=\"Home\">Home<\/a>\n\t\t<\/span><span class=\"aioseo-breadcrumb-separator\">&raquo;<\/span><span class=\"aioseo-breadcrumb\">\n\t\t\t<a href=\"https:\/\/allasorias.hu\/hirek\/temak\/munkaeropiac\/\" title=\"Munkaer\u0151piac\">Munkaer\u0151piac<\/a>\n\t\t<\/span><span class=\"aioseo-breadcrumb-separator\">&raquo;<\/span><span class=\"aioseo-breadcrumb\">\n\t\t\tVita a pedag\u00f3gusok p\u00e1lyaelhagy\u00e1s\u00e1r\u00f3l\n\t\t<\/span><\/div>","aioseo_breadcrumb_json":[{"label":"Home","link":"https:\/\/allasorias.hu\/hirek"},{"label":"Munkaer\u0151piac","link":"https:\/\/allasorias.hu\/hirek\/temak\/munkaeropiac\/"},{"label":"Vita a pedag\u00f3gusok p\u00e1lyaelhagy\u00e1s\u00e1r\u00f3l","link":"https:\/\/allasorias.hu\/hirek\/vita-a-pedagogusok-palyaelhagyasarol\/"}],"_links":{"self":[{"href":"https:\/\/allasorias.hu\/hirek\/wp-json\/wp\/v2\/posts\/5659","targetHints":{"allow":["GET"]}}],"collection":[{"href":"https:\/\/allasorias.hu\/hirek\/wp-json\/wp\/v2\/posts"}],"about":[{"href":"https:\/\/allasorias.hu\/hirek\/wp-json\/wp\/v2\/types\/post"}],"author":[{"embeddable":true,"href":"https:\/\/allasorias.hu\/hirek\/wp-json\/wp\/v2\/users\/1"}],"replies":[{"embeddable":true,"href":"https:\/\/allasorias.hu\/hirek\/wp-json\/wp\/v2\/comments?post=5659"}],"version-history":[{"count":1,"href":"https:\/\/allasorias.hu\/hirek\/wp-json\/wp\/v2\/posts\/5659\/revisions"}],"predecessor-version":[{"id":5660,"href":"https:\/\/allasorias.hu\/hirek\/wp-json\/wp\/v2\/posts\/5659\/revisions\/5660"}],"wp:featuredmedia":[{"embeddable":true,"href":"https:\/\/allasorias.hu\/hirek\/wp-json\/wp\/v2\/media\/3134"}],"wp:attachment":[{"href":"https:\/\/allasorias.hu\/hirek\/wp-json\/wp\/v2\/media?parent=5659"}],"wp:term":[{"taxonomy":"category","embeddable":true,"href":"https:\/\/allasorias.hu\/hirek\/wp-json\/wp\/v2\/categories?post=5659"},{"taxonomy":"post_tag","embeddable":true,"href":"https:\/\/allasorias.hu\/hirek\/wp-json\/wp\/v2\/tags?post=5659"}],"curies":[{"name":"wp","href":"https:\/\/api.w.org\/{rel}","templated":true}]}}