{"id":5653,"date":"2022-07-04T07:22:21","date_gmt":"2022-07-04T07:22:21","guid":{"rendered":"https:\/\/allasorias.hu\/hirek\/?p=5653"},"modified":"2022-07-04T07:22:21","modified_gmt":"2022-07-04T07:22:21","slug":"segitettek-a-vallalkozova-valast","status":"publish","type":"post","link":"https:\/\/allasorias.hu\/hirek\/segitettek-a-vallalkozova-valast\/","title":{"rendered":"Seg\u00edtett\u00e9k a v\u00e1llalkoz\u00f3v\u00e1 v\u00e1l\u00e1st"},"content":{"rendered":"<p><strong>A v\u00e1llalkoz\u00f3 szellem\u0171 fiatalokat \u00e9s \u00e1ll\u00e1skeres\u0151ket az \u00fcgyf\u00e9lszolg\u00e1latokon tan\u00e1csad\u00e1ssal, majd mentor\u00e1l\u00e1ssal is seg\u00edtett\u00e9k a v\u00e1llalkoz\u00f3v\u00e1 v\u00e1l\u00e1s folyamat\u00e1ban, majd az indul\u00e1st k\u00f6vet\u0151en is. T\u00f6bb mint ezerhatsz\u00e1z fiatal \u00e9s \u00e1ll\u00e1skeres\u0151 v\u00e1llalkoz\u00f3v\u00e1 v\u00e1l\u00e1s\u00e1t seg\u00edtett\u00e9k a D\u00e9l-Alf\u00f6ld\u00f6n. 1635 v\u00e1llalkoz\u00e1st alap\u00edtottak fiatalok \u00e9s \u00e1ll\u00e1skeres\u0151k a D\u00e9l-Alf\u00f6ld\u00f6n a hazai \u00e9s uni\u00f3s t\u00e1mogat\u00e1ssal megval\u00f3sult Gondolkozzunk Okosan! projektnek k\u00f6sz\u00f6nhet\u0151en &#8211; t\u00e1j\u00e9koztatta a D\u00e9l-Alf\u00f6ldi Region\u00e1lis T\u00e1rsadalomtudom\u00e1nyi Kutat\u00e1si Egyes\u00fclet az MTI-t. <\/strong><\/p>\n<p>A k\u00f6zlem\u00e9ny szerint a 2018 \u00e1prilis\u00e1ban elindult projekt legf\u0151bb c\u00e9lja az volt, hogy az \u00faj egy\u00e9ni vagy t\u00e1rsas v\u00e1llalkoz\u00e1s ind\u00edt\u00e1s\u00e1t tervez\u0151, v\u00e1llalkoz\u00f3i szeml\u00e9lettel rendelkez\u0151 jelentkez\u0151k minden, az indul\u00e1shoz \u00e9s a fennmarad\u00e1shoz sz\u00fcks\u00e9ges seg\u00edts\u00e9get megkapjanak, ez\u00e1ltal \u00f6nfoglalkoztat\u00f3v\u00e1 v\u00e1ljanak, \u00e9s n\u00f6velj\u00e9k a foglalkoztatotts\u00e1got. A c\u00e9lcsoport k\u00f6zel k\u00e9tharmada 30 \u00e9v alatti fiatal, egyharmada 30 \u00e9vesn\u00e9l id\u0151sebb \u00e1ll\u00e1skeres\u0151 volt. 2019-ben kezd\u0151d\u00f6tt a projekt r\u00e9sztvev\u0151inek kiv\u00e1laszt\u00e1sa, k\u00e9pz\u00e9se. Az intenz\u00edv, kilencnapos, 80 \u00f3r\u00e1s k\u00e9pz\u00e9sek sor\u00e1n az alapvet\u0151 gazdas\u00e1gi ismereteket saj\u00e1t\u00edtott\u00e1k el a r\u00e9sztvev\u0151k, valamint hasznos gyakorlati \u00fatmutat\u00e1st kaptak a r\u00e1juk v\u00e1r\u00f3 adminisztr\u00e1ci\u00f3s feladatokhoz \u00e9s az \u00fczleti terv elk\u00e9sz\u00edt\u00e9s\u00e9hez is. A k\u00e9pz\u00e9seken &#8211; a pand\u00e9mia miatt meghosszabbodott &#8211; k\u00f6zel m\u00e1sf\u00e9l \u00e9ves id\u0151szak sor\u00e1n 1795-en vettek r\u00e9szt, akik k\u00f6z\u00fcl 1742-en sikeres vizsg\u00e1t tettek. A v\u00e1llalkoz\u00f3 szellem\u0171 fiatalokat \u00e9s \u00e1ll\u00e1skeres\u0151ket az \u00fcgyf\u00e9lszolg\u00e1latokon tan\u00e1csad\u00e1ssal, majd mentor\u00e1l\u00e1ssal is seg\u00edtett\u00e9k a v\u00e1llalkoz\u00f3v\u00e1 v\u00e1l\u00e1s folyamat\u00e1ban, majd az indul\u00e1st k\u00f6vet\u0151en is. B\u00e1cs-Kiskun, B\u00e9k\u00e9s \u00e9s Csongr\u00e1d-Csan\u00e1d megy\u00e9ben a projekt eredm\u00e9nyek\u00e9nt 1635 v\u00e1llalkoz\u00e1s indult, legnagyobb sz\u00e1mban kisad\u00f3z\u00f3 egy\u00e9ni v\u00e1llalkoz\u00e1sok j\u00f6ttek l\u00e9tre &#8211; a v\u00e1llalkoz\u00f3k t\u00f6bb mint k\u00e9tharmada v\u00e1lasztotta ezt a form\u00e1t -, de megalakult 87 korl\u00e1tolt felel\u0151ss\u00e9g\u0171 t\u00e1rsas\u00e1g is. A l\u00e9trej\u00f6tt v\u00e1llalkoz\u00e1sok a Magyar \u00c1llamkincst\u00e1rhoz p\u00e1ly\u00e1zhattak legfeljebb 4,574 milli\u00f3 forint vissza nem t\u00e9r\u00edtend\u0151 t\u00e1mogat\u00e1s\u00e9rt, melyet 12 h\u00f3napig saj\u00e1t b\u00e9r\u00fckre, \u00e9s a v\u00e1llalkoz\u00e1sukhoz kapcsol\u00f3d\u00f3 k\u00f6lts\u00e9gekre ford\u00edthattak. A kincst\u00e1r \u00edgy t\u00f6bb mint 7 milli\u00e1rd forint t\u00e1mogat\u00e1st ny\u00fajtott a v\u00e1llalkoz\u00f3knak. A p\u00e1ly\u00e1zat felt\u00e9tele volt, hogy legal\u00e1bb k\u00e9t \u00e9vig &#8211; azaz az egy \u00e9ves projektid\u0151szakukat k\u00f6vet\u0151en tov\u00e1bbi egy \u00e9vig &#8211; fenntarts\u00e1k v\u00e1llalkoz\u00e1sukat &#8211; \u00e1ll a k\u00f6zlem\u00e9nyben.<\/p>\n<p>Forr\u00e1s: ma.hu<\/p>\n","protected":false},"excerpt":{"rendered":"<p>A v\u00e1llalkoz\u00f3 szellem\u0171 fiatalokat \u00e9s \u00e1ll\u00e1skeres\u0151ket az \u00fcgyf\u00e9lszolg\u00e1latokon tan\u00e1csad\u00e1ssal, majd mentor\u00e1l\u00e1ssal is seg\u00edtett\u00e9k a v\u00e1llalkoz\u00f3v\u00e1 v\u00e1l\u00e1s folyamat\u00e1ban, majd az indul\u00e1st k\u00f6vet\u0151en is. T\u00f6bb mint ezerhatsz\u00e1z fiatal \u00e9s \u00e1ll\u00e1skeres\u0151 v\u00e1llalkoz\u00f3v\u00e1 v\u00e1l\u00e1s\u00e1t seg\u00edtett\u00e9k a D\u00e9l-Alf\u00f6ld\u00f6n. 1635 v\u00e1llalkoz\u00e1st alap\u00edtottak fiatalok \u00e9s \u00e1ll\u00e1skeres\u0151k a D\u00e9l-Alf\u00f6ld\u00f6n a hazai \u00e9s uni\u00f3s t\u00e1mogat\u00e1ssal megval\u00f3sult Gondolkozzunk Okosan! projektnek k\u00f6sz\u00f6nhet\u0151en &#8211; t\u00e1j\u00e9koztatta a D\u00e9l-Alf\u00f6ldi [&hellip;]<\/p>\n","protected":false},"author":1,"featured_media":4771,"comment_status":"open","ping_status":"open","sticky":false,"template":"","format":"standard","meta":{"_monsterinsights_skip_tracking":false,"footnotes":""},"categories":[200],"tags":[],"class_list":["post-5653","post","type-post","status-publish","format-standard","has-post-thumbnail","hentry","category-munkaeropiac"],"aioseo_notices":[],"aioseo_head":"\n\t\t<!-- All in One SEO 5.0.0.1 - aioseo.com -->\n\t<meta name=\"description\" content=\"A v\u00e1llalkoz\u00f3 szellem\u0171 fiatalokat \u00e9s \u00e1ll\u00e1skeres\u0151ket az \u00fcgyf\u00e9lszolg\u00e1latokon tan\u00e1csad\u00e1ssal, majd mentor\u00e1l\u00e1ssal is seg\u00edtett\u00e9k a v\u00e1llalkoz\u00f3v\u00e1 v\u00e1l\u00e1s folyamat\u00e1ban, majd az indul\u00e1st k\u00f6vet\u0151en is. T\u00f6bb mint ezerhatsz\u00e1z fiatal \u00e9s \u00e1ll\u00e1skeres\u0151 v\u00e1llalkoz\u00f3v\u00e1 v\u00e1l\u00e1s\u00e1t seg\u00edtett\u00e9k a D\u00e9l-Alf\u00f6ld\u00f6n. 1635 v\u00e1llalkoz\u00e1st alap\u00edtottak fiatalok \u00e9s \u00e1ll\u00e1skeres\u0151k a D\u00e9l-Alf\u00f6ld\u00f6n a hazai \u00e9s uni\u00f3s t\u00e1mogat\u00e1ssal megval\u00f3sult Gondolkozzunk Okosan! projektnek k\u00f6sz\u00f6nhet\u0151en - t\u00e1j\u00e9koztatta a D\u00e9l-Alf\u00f6ldi\" \/>\n\t<meta name=\"robots\" content=\"max-image-preview:large\" \/>\n\t<meta name=\"author\" content=\"Juh\u00e1sz P\u00e9ter\"\/>\n\t<link rel=\"canonical\" href=\"https:\/\/allasorias.hu\/hirek\/segitettek-a-vallalkozova-valast\/\" \/>\n\t<meta name=\"generator\" content=\"All in One SEO (AIOSEO) 5.0.0.1\" \/>\n\t\t<meta property=\"og:locale\" content=\"hu_HU\" \/>\n\t\t<meta property=\"og:site_name\" content=\"AllasOrias.hu | H\u00edrek-lapszemle | \u00dczleti h\u00edrek az \u00e1ll\u00e1s \u00e9s a munka vil\u00e1g\u00e1b\u00f3l\" \/>\n\t\t<meta property=\"og:type\" content=\"article\" \/>\n\t\t<meta property=\"og:title\" content=\"Seg\u00edtett\u00e9k a v\u00e1llalkoz\u00f3v\u00e1 v\u00e1l\u00e1st | AllasOrias.hu | H\u00edrek-lapszemle\" \/>\n\t\t<meta property=\"og:description\" content=\"A v\u00e1llalkoz\u00f3 szellem\u0171 fiatalokat \u00e9s \u00e1ll\u00e1skeres\u0151ket az \u00fcgyf\u00e9lszolg\u00e1latokon tan\u00e1csad\u00e1ssal, majd mentor\u00e1l\u00e1ssal is seg\u00edtett\u00e9k a v\u00e1llalkoz\u00f3v\u00e1 v\u00e1l\u00e1s folyamat\u00e1ban, majd az indul\u00e1st k\u00f6vet\u0151en is. T\u00f6bb mint ezerhatsz\u00e1z fiatal \u00e9s \u00e1ll\u00e1skeres\u0151 v\u00e1llalkoz\u00f3v\u00e1 v\u00e1l\u00e1s\u00e1t seg\u00edtett\u00e9k a D\u00e9l-Alf\u00f6ld\u00f6n. 1635 v\u00e1llalkoz\u00e1st alap\u00edtottak fiatalok \u00e9s \u00e1ll\u00e1skeres\u0151k a D\u00e9l-Alf\u00f6ld\u00f6n a hazai \u00e9s uni\u00f3s t\u00e1mogat\u00e1ssal megval\u00f3sult Gondolkozzunk Okosan! projektnek k\u00f6sz\u00f6nhet\u0151en - t\u00e1j\u00e9koztatta a D\u00e9l-Alf\u00f6ldi\" \/>\n\t\t<meta property=\"og:url\" content=\"https:\/\/allasorias.hu\/hirek\/segitettek-a-vallalkozova-valast\/\" \/>\n\t\t<meta property=\"og:image\" content=\"https:\/\/allasorias.hu\/hirek\/wp-content\/uploads\/2021\/05\/handshake.jpg\" \/>\n\t\t<meta property=\"og:image:secure_url\" content=\"https:\/\/allasorias.hu\/hirek\/wp-content\/uploads\/2021\/05\/handshake.jpg\" \/>\n\t\t<meta property=\"og:image:width\" content=\"1920\" \/>\n\t\t<meta property=\"og:image:height\" content=\"1280\" \/>\n\t\t<meta property=\"article:published_time\" content=\"2022-07-04T07:22:21+00:00\" \/>\n\t\t<meta property=\"article:modified_time\" content=\"2022-07-04T07:22:21+00:00\" \/>\n\t\t<meta property=\"article:publisher\" content=\"https:\/\/www.facebook.com\/allasorias\" \/>\n\t\t<meta name=\"twitter:card\" content=\"summary_large_image\" \/>\n\t\t<meta name=\"twitter:title\" content=\"Seg\u00edtett\u00e9k a v\u00e1llalkoz\u00f3v\u00e1 v\u00e1l\u00e1st | AllasOrias.hu | H\u00edrek-lapszemle\" \/>\n\t\t<meta name=\"twitter:description\" content=\"A v\u00e1llalkoz\u00f3 szellem\u0171 fiatalokat \u00e9s \u00e1ll\u00e1skeres\u0151ket az \u00fcgyf\u00e9lszolg\u00e1latokon tan\u00e1csad\u00e1ssal, majd mentor\u00e1l\u00e1ssal is seg\u00edtett\u00e9k a v\u00e1llalkoz\u00f3v\u00e1 v\u00e1l\u00e1s folyamat\u00e1ban, majd az indul\u00e1st k\u00f6vet\u0151en is. T\u00f6bb mint ezerhatsz\u00e1z fiatal \u00e9s \u00e1ll\u00e1skeres\u0151 v\u00e1llalkoz\u00f3v\u00e1 v\u00e1l\u00e1s\u00e1t seg\u00edtett\u00e9k a D\u00e9l-Alf\u00f6ld\u00f6n. 1635 v\u00e1llalkoz\u00e1st alap\u00edtottak fiatalok \u00e9s \u00e1ll\u00e1skeres\u0151k a D\u00e9l-Alf\u00f6ld\u00f6n a hazai \u00e9s uni\u00f3s t\u00e1mogat\u00e1ssal megval\u00f3sult Gondolkozzunk Okosan! projektnek k\u00f6sz\u00f6nhet\u0151en - t\u00e1j\u00e9koztatta a D\u00e9l-Alf\u00f6ldi\" \/>\n\t\t<meta name=\"twitter:image\" content=\"https:\/\/allasorias.hu\/hirek\/wp-content\/uploads\/2021\/05\/handshake.jpg\" \/>\n\t\t<meta name=\"twitter:label1\" content=\"Written by\" \/>\n\t\t<meta name=\"twitter:data1\" content=\"Juh\u00e1sz P\u00e9ter\" \/>\n\t\t<meta name=\"twitter:label2\" content=\"Est. reading time\" \/>\n\t\t<meta name=\"twitter:data2\" content=\"3 minutes\" \/>\n\t\t<script type=\"application\/ld+json\" class=\"aioseo-schema\">\n\t\t\t{\"@context\":\"https:\\\/\\\/schema.org\",\"@graph\":[{\"@type\":\"Article\",\"@id\":\"https:\\\/\\\/allasorias.hu\\\/hirek\\\/segitettek-a-vallalkozova-valast\\\/#article\",\"name\":\"Seg\\u00edtett\\u00e9k a v\\u00e1llalkoz\\u00f3v\\u00e1 v\\u00e1l\\u00e1st | AllasOrias.hu | H\\u00edrek-lapszemle\",\"headline\":\"Seg\\u00edtett\\u00e9k a v\\u00e1llalkoz\\u00f3v\\u00e1 v\\u00e1l\\u00e1st\",\"author\":{\"@id\":\"https:\\\/\\\/allasorias.hu\\\/hirek\\\/author\\\/admin-allasorias\\\/#author\"},\"publisher\":{\"@id\":\"https:\\\/\\\/allasorias.hu\\\/hirek\\\/#organization\"},\"image\":{\"@type\":\"ImageObject\",\"url\":\"https:\\\/\\\/allasorias.hu\\\/hirek\\\/wp-content\\\/uploads\\\/2021\\\/05\\\/handshake.jpg\",\"width\":1920,\"height\":1280,\"caption\":\"Two confident business man shaking hands during a meeting in the office, success, dealing, greeting and partner concept\"},\"datePublished\":\"2022-07-04T07:22:21+02:00\",\"dateModified\":\"2022-07-04T07:22:21+02:00\",\"inLanguage\":\"hu-HU\",\"mainEntityOfPage\":{\"@id\":\"https:\\\/\\\/allasorias.hu\\\/hirek\\\/segitettek-a-vallalkozova-valast\\\/#webpage\"},\"isPartOf\":{\"@id\":\"https:\\\/\\\/allasorias.hu\\\/hirek\\\/segitettek-a-vallalkozova-valast\\\/#webpage\"},\"articleSection\":\"Munkaer\\u0151piac\"},{\"@type\":\"BreadcrumbList\",\"@id\":\"https:\\\/\\\/allasorias.hu\\\/hirek\\\/segitettek-a-vallalkozova-valast\\\/#breadcrumblist\",\"itemListElement\":[{\"@type\":\"ListItem\",\"@id\":\"https:\\\/\\\/allasorias.hu\\\/hirek#listItem\",\"position\":1,\"name\":\"Home\",\"item\":\"https:\\\/\\\/allasorias.hu\\\/hirek\",\"nextItem\":{\"@type\":\"ListItem\",\"@id\":\"https:\\\/\\\/allasorias.hu\\\/hirek\\\/temak\\\/munkaeropiac\\\/#listItem\",\"name\":\"Munkaer\\u0151piac\"}},{\"@type\":\"ListItem\",\"@id\":\"https:\\\/\\\/allasorias.hu\\\/hirek\\\/temak\\\/munkaeropiac\\\/#listItem\",\"position\":2,\"name\":\"Munkaer\\u0151piac\",\"item\":\"https:\\\/\\\/allasorias.hu\\\/hirek\\\/temak\\\/munkaeropiac\\\/\",\"nextItem\":{\"@type\":\"ListItem\",\"@id\":\"https:\\\/\\\/allasorias.hu\\\/hirek\\\/segitettek-a-vallalkozova-valast\\\/#listItem\",\"name\":\"Seg\\u00edtett\\u00e9k a v\\u00e1llalkoz\\u00f3v\\u00e1 v\\u00e1l\\u00e1st\"},\"previousItem\":{\"@type\":\"ListItem\",\"@id\":\"https:\\\/\\\/allasorias.hu\\\/hirek#listItem\",\"name\":\"Home\"}},{\"@type\":\"ListItem\",\"@id\":\"https:\\\/\\\/allasorias.hu\\\/hirek\\\/segitettek-a-vallalkozova-valast\\\/#listItem\",\"position\":3,\"name\":\"Seg\\u00edtett\\u00e9k a v\\u00e1llalkoz\\u00f3v\\u00e1 v\\u00e1l\\u00e1st\",\"previousItem\":{\"@type\":\"ListItem\",\"@id\":\"https:\\\/\\\/allasorias.hu\\\/hirek\\\/temak\\\/munkaeropiac\\\/#listItem\",\"name\":\"Munkaer\\u0151piac\"}}]},{\"@type\":\"Organization\",\"@id\":\"https:\\\/\\\/allasorias.hu\\\/hirek\\\/#organization\",\"name\":\"AllasOrias.hu | H\\u00edrek-lapszemle\",\"description\":\"\\u00dczleti h\\u00edrek az \\u00e1ll\\u00e1s \\u00e9s a munka vil\\u00e1g\\u00e1b\\u00f3l\",\"url\":\"https:\\\/\\\/allasorias.hu\\\/hirek\\\/\",\"logo\":{\"@type\":\"ImageObject\",\"url\":\"https:\\\/\\\/allasorias.hu\\\/hirek\\\/wp-content\\\/uploads\\\/2022\\\/10\\\/allasorias_site_facebok_logo.png\",\"@id\":\"https:\\\/\\\/allasorias.hu\\\/hirek\\\/segitettek-a-vallalkozova-valast\\\/#organizationLogo\"},\"image\":{\"@id\":\"https:\\\/\\\/allasorias.hu\\\/hirek\\\/segitettek-a-vallalkozova-valast\\\/#organizationLogo\"},\"sameAs\":[\"https:\\\/\\\/www.facebook.com\\\/allasorias\",\"https:\\\/\\\/www.linkedin.com\\\/company\\\/allasorias\"]},{\"@type\":\"Person\",\"@id\":\"https:\\\/\\\/allasorias.hu\\\/hirek\\\/author\\\/admin-allasorias\\\/#author\",\"url\":\"https:\\\/\\\/allasorias.hu\\\/hirek\\\/author\\\/admin-allasorias\\\/\",\"name\":\"Juh\\u00e1sz P\\u00e9ter\",\"image\":{\"@type\":\"ImageObject\",\"@id\":\"https:\\\/\\\/allasorias.hu\\\/hirek\\\/segitettek-a-vallalkozova-valast\\\/#authorImage\",\"url\":\"https:\\\/\\\/secure.gravatar.com\\\/avatar\\\/36e6bcb83148978b992977cb0f54d22feb0cce8a0a849a9410532bb2623ba4c6?s=96&d=mm&r=g\",\"width\":96,\"height\":96,\"caption\":\"Juh\\u00e1sz P\\u00e9ter\"}},{\"@type\":\"WebPage\",\"@id\":\"https:\\\/\\\/allasorias.hu\\\/hirek\\\/segitettek-a-vallalkozova-valast\\\/#webpage\",\"url\":\"https:\\\/\\\/allasorias.hu\\\/hirek\\\/segitettek-a-vallalkozova-valast\\\/\",\"name\":\"Seg\\u00edtett\\u00e9k a v\\u00e1llalkoz\\u00f3v\\u00e1 v\\u00e1l\\u00e1st | AllasOrias.hu | H\\u00edrek-lapszemle\",\"description\":\"A v\\u00e1llalkoz\\u00f3 szellem\\u0171 fiatalokat \\u00e9s \\u00e1ll\\u00e1skeres\\u0151ket az \\u00fcgyf\\u00e9lszolg\\u00e1latokon tan\\u00e1csad\\u00e1ssal, majd mentor\\u00e1l\\u00e1ssal is seg\\u00edtett\\u00e9k a v\\u00e1llalkoz\\u00f3v\\u00e1 v\\u00e1l\\u00e1s folyamat\\u00e1ban, majd az indul\\u00e1st k\\u00f6vet\\u0151en is. T\\u00f6bb mint ezerhatsz\\u00e1z fiatal \\u00e9s \\u00e1ll\\u00e1skeres\\u0151 v\\u00e1llalkoz\\u00f3v\\u00e1 v\\u00e1l\\u00e1s\\u00e1t seg\\u00edtett\\u00e9k a D\\u00e9l-Alf\\u00f6ld\\u00f6n. 1635 v\\u00e1llalkoz\\u00e1st alap\\u00edtottak fiatalok \\u00e9s \\u00e1ll\\u00e1skeres\\u0151k a D\\u00e9l-Alf\\u00f6ld\\u00f6n a hazai \\u00e9s uni\\u00f3s t\\u00e1mogat\\u00e1ssal megval\\u00f3sult Gondolkozzunk Okosan! projektnek k\\u00f6sz\\u00f6nhet\\u0151en - t\\u00e1j\\u00e9koztatta a D\\u00e9l-Alf\\u00f6ldi\",\"inLanguage\":\"hu-HU\",\"isPartOf\":{\"@id\":\"https:\\\/\\\/allasorias.hu\\\/hirek\\\/#website\"},\"breadcrumb\":{\"@id\":\"https:\\\/\\\/allasorias.hu\\\/hirek\\\/segitettek-a-vallalkozova-valast\\\/#breadcrumblist\"},\"author\":{\"@id\":\"https:\\\/\\\/allasorias.hu\\\/hirek\\\/author\\\/admin-allasorias\\\/#author\"},\"creator\":{\"@id\":\"https:\\\/\\\/allasorias.hu\\\/hirek\\\/author\\\/admin-allasorias\\\/#author\"},\"image\":{\"@type\":\"ImageObject\",\"url\":\"https:\\\/\\\/allasorias.hu\\\/hirek\\\/wp-content\\\/uploads\\\/2021\\\/05\\\/handshake.jpg\",\"@id\":\"https:\\\/\\\/allasorias.hu\\\/hirek\\\/segitettek-a-vallalkozova-valast\\\/#mainImage\",\"width\":1920,\"height\":1280,\"caption\":\"Two confident business man shaking hands during a meeting in the office, success, dealing, greeting and partner concept\"},\"primaryImageOfPage\":{\"@id\":\"https:\\\/\\\/allasorias.hu\\\/hirek\\\/segitettek-a-vallalkozova-valast\\\/#mainImage\"},\"datePublished\":\"2022-07-04T07:22:21+02:00\",\"dateModified\":\"2022-07-04T07:22:21+02:00\"},{\"@type\":\"WebSite\",\"@id\":\"https:\\\/\\\/allasorias.hu\\\/hirek\\\/#website\",\"url\":\"https:\\\/\\\/allasorias.hu\\\/hirek\\\/\",\"name\":\"AllasOrias.hu | H\\u00edrek-lapszemle\",\"description\":\"\\u00dczleti h\\u00edrek az \\u00e1ll\\u00e1s \\u00e9s a munka vil\\u00e1g\\u00e1b\\u00f3l\",\"inLanguage\":\"hu-HU\",\"publisher\":{\"@id\":\"https:\\\/\\\/allasorias.hu\\\/hirek\\\/#organization\"}}]}\n\t\t<\/script>\n\t\t<!-- All in One SEO -->\n\n","aioseo_head_json":{"title":"Seg\u00edtett\u00e9k a v\u00e1llalkoz\u00f3v\u00e1 v\u00e1l\u00e1st | AllasOrias.hu | H\u00edrek-lapszemle","description":"A v\u00e1llalkoz\u00f3 szellem\u0171 fiatalokat \u00e9s \u00e1ll\u00e1skeres\u0151ket az \u00fcgyf\u00e9lszolg\u00e1latokon tan\u00e1csad\u00e1ssal, majd mentor\u00e1l\u00e1ssal is seg\u00edtett\u00e9k a v\u00e1llalkoz\u00f3v\u00e1 v\u00e1l\u00e1s folyamat\u00e1ban, majd az indul\u00e1st k\u00f6vet\u0151en is. T\u00f6bb mint ezerhatsz\u00e1z fiatal \u00e9s \u00e1ll\u00e1skeres\u0151 v\u00e1llalkoz\u00f3v\u00e1 v\u00e1l\u00e1s\u00e1t seg\u00edtett\u00e9k a D\u00e9l-Alf\u00f6ld\u00f6n. 1635 v\u00e1llalkoz\u00e1st alap\u00edtottak fiatalok \u00e9s \u00e1ll\u00e1skeres\u0151k a D\u00e9l-Alf\u00f6ld\u00f6n a hazai \u00e9s uni\u00f3s t\u00e1mogat\u00e1ssal megval\u00f3sult Gondolkozzunk Okosan! projektnek k\u00f6sz\u00f6nhet\u0151en - t\u00e1j\u00e9koztatta a D\u00e9l-Alf\u00f6ldi","canonical_url":"https:\/\/allasorias.hu\/hirek\/segitettek-a-vallalkozova-valast\/","robots":"max-image-preview:large","keywords":"","webmasterTools":{"miscellaneous":""},"schema":{"@context":"https:\/\/schema.org","@graph":[{"@type":"Article","@id":"https:\/\/allasorias.hu\/hirek\/segitettek-a-vallalkozova-valast\/#article","name":"Seg\u00edtett\u00e9k a v\u00e1llalkoz\u00f3v\u00e1 v\u00e1l\u00e1st | AllasOrias.hu | H\u00edrek-lapszemle","headline":"Seg\u00edtett\u00e9k a v\u00e1llalkoz\u00f3v\u00e1 v\u00e1l\u00e1st","author":{"@id":"https:\/\/allasorias.hu\/hirek\/author\/admin-allasorias\/#author"},"publisher":{"@id":"https:\/\/allasorias.hu\/hirek\/#organization"},"image":{"@type":"ImageObject","url":"https:\/\/allasorias.hu\/hirek\/wp-content\/uploads\/2021\/05\/handshake.jpg","width":1920,"height":1280,"caption":"Two confident business man shaking hands during a meeting in the office, success, dealing, greeting and partner concept"},"datePublished":"2022-07-04T07:22:21+02:00","dateModified":"2022-07-04T07:22:21+02:00","inLanguage":"hu-HU","mainEntityOfPage":{"@id":"https:\/\/allasorias.hu\/hirek\/segitettek-a-vallalkozova-valast\/#webpage"},"isPartOf":{"@id":"https:\/\/allasorias.hu\/hirek\/segitettek-a-vallalkozova-valast\/#webpage"},"articleSection":"Munkaer\u0151piac"},{"@type":"BreadcrumbList","@id":"https:\/\/allasorias.hu\/hirek\/segitettek-a-vallalkozova-valast\/#breadcrumblist","itemListElement":[{"@type":"ListItem","@id":"https:\/\/allasorias.hu\/hirek#listItem","position":1,"name":"Home","item":"https:\/\/allasorias.hu\/hirek","nextItem":{"@type":"ListItem","@id":"https:\/\/allasorias.hu\/hirek\/temak\/munkaeropiac\/#listItem","name":"Munkaer\u0151piac"}},{"@type":"ListItem","@id":"https:\/\/allasorias.hu\/hirek\/temak\/munkaeropiac\/#listItem","position":2,"name":"Munkaer\u0151piac","item":"https:\/\/allasorias.hu\/hirek\/temak\/munkaeropiac\/","nextItem":{"@type":"ListItem","@id":"https:\/\/allasorias.hu\/hirek\/segitettek-a-vallalkozova-valast\/#listItem","name":"Seg\u00edtett\u00e9k a v\u00e1llalkoz\u00f3v\u00e1 v\u00e1l\u00e1st"},"previousItem":{"@type":"ListItem","@id":"https:\/\/allasorias.hu\/hirek#listItem","name":"Home"}},{"@type":"ListItem","@id":"https:\/\/allasorias.hu\/hirek\/segitettek-a-vallalkozova-valast\/#listItem","position":3,"name":"Seg\u00edtett\u00e9k a v\u00e1llalkoz\u00f3v\u00e1 v\u00e1l\u00e1st","previousItem":{"@type":"ListItem","@id":"https:\/\/allasorias.hu\/hirek\/temak\/munkaeropiac\/#listItem","name":"Munkaer\u0151piac"}}]},{"@type":"Organization","@id":"https:\/\/allasorias.hu\/hirek\/#organization","name":"AllasOrias.hu | H\u00edrek-lapszemle","description":"\u00dczleti h\u00edrek az \u00e1ll\u00e1s \u00e9s a munka vil\u00e1g\u00e1b\u00f3l","url":"https:\/\/allasorias.hu\/hirek\/","logo":{"@type":"ImageObject","url":"https:\/\/allasorias.hu\/hirek\/wp-content\/uploads\/2022\/10\/allasorias_site_facebok_logo.png","@id":"https:\/\/allasorias.hu\/hirek\/segitettek-a-vallalkozova-valast\/#organizationLogo"},"image":{"@id":"https:\/\/allasorias.hu\/hirek\/segitettek-a-vallalkozova-valast\/#organizationLogo"},"sameAs":["https:\/\/www.facebook.com\/allasorias","https:\/\/www.linkedin.com\/company\/allasorias"]},{"@type":"Person","@id":"https:\/\/allasorias.hu\/hirek\/author\/admin-allasorias\/#author","url":"https:\/\/allasorias.hu\/hirek\/author\/admin-allasorias\/","name":"Juh\u00e1sz P\u00e9ter","image":{"@type":"ImageObject","@id":"https:\/\/allasorias.hu\/hirek\/segitettek-a-vallalkozova-valast\/#authorImage","url":"https:\/\/secure.gravatar.com\/avatar\/36e6bcb83148978b992977cb0f54d22feb0cce8a0a849a9410532bb2623ba4c6?s=96&d=mm&r=g","width":96,"height":96,"caption":"Juh\u00e1sz P\u00e9ter"}},{"@type":"WebPage","@id":"https:\/\/allasorias.hu\/hirek\/segitettek-a-vallalkozova-valast\/#webpage","url":"https:\/\/allasorias.hu\/hirek\/segitettek-a-vallalkozova-valast\/","name":"Seg\u00edtett\u00e9k a v\u00e1llalkoz\u00f3v\u00e1 v\u00e1l\u00e1st | AllasOrias.hu | H\u00edrek-lapszemle","description":"A v\u00e1llalkoz\u00f3 szellem\u0171 fiatalokat \u00e9s \u00e1ll\u00e1skeres\u0151ket az \u00fcgyf\u00e9lszolg\u00e1latokon tan\u00e1csad\u00e1ssal, majd mentor\u00e1l\u00e1ssal is seg\u00edtett\u00e9k a v\u00e1llalkoz\u00f3v\u00e1 v\u00e1l\u00e1s folyamat\u00e1ban, majd az indul\u00e1st k\u00f6vet\u0151en is. T\u00f6bb mint ezerhatsz\u00e1z fiatal \u00e9s \u00e1ll\u00e1skeres\u0151 v\u00e1llalkoz\u00f3v\u00e1 v\u00e1l\u00e1s\u00e1t seg\u00edtett\u00e9k a D\u00e9l-Alf\u00f6ld\u00f6n. 1635 v\u00e1llalkoz\u00e1st alap\u00edtottak fiatalok \u00e9s \u00e1ll\u00e1skeres\u0151k a D\u00e9l-Alf\u00f6ld\u00f6n a hazai \u00e9s uni\u00f3s t\u00e1mogat\u00e1ssal megval\u00f3sult Gondolkozzunk Okosan! projektnek k\u00f6sz\u00f6nhet\u0151en - t\u00e1j\u00e9koztatta a D\u00e9l-Alf\u00f6ldi","inLanguage":"hu-HU","isPartOf":{"@id":"https:\/\/allasorias.hu\/hirek\/#website"},"breadcrumb":{"@id":"https:\/\/allasorias.hu\/hirek\/segitettek-a-vallalkozova-valast\/#breadcrumblist"},"author":{"@id":"https:\/\/allasorias.hu\/hirek\/author\/admin-allasorias\/#author"},"creator":{"@id":"https:\/\/allasorias.hu\/hirek\/author\/admin-allasorias\/#author"},"image":{"@type":"ImageObject","url":"https:\/\/allasorias.hu\/hirek\/wp-content\/uploads\/2021\/05\/handshake.jpg","@id":"https:\/\/allasorias.hu\/hirek\/segitettek-a-vallalkozova-valast\/#mainImage","width":1920,"height":1280,"caption":"Two confident business man shaking hands during a meeting in the office, success, dealing, greeting and partner concept"},"primaryImageOfPage":{"@id":"https:\/\/allasorias.hu\/hirek\/segitettek-a-vallalkozova-valast\/#mainImage"},"datePublished":"2022-07-04T07:22:21+02:00","dateModified":"2022-07-04T07:22:21+02:00"},{"@type":"WebSite","@id":"https:\/\/allasorias.hu\/hirek\/#website","url":"https:\/\/allasorias.hu\/hirek\/","name":"AllasOrias.hu | H\u00edrek-lapszemle","description":"\u00dczleti h\u00edrek az \u00e1ll\u00e1s \u00e9s a munka vil\u00e1g\u00e1b\u00f3l","inLanguage":"hu-HU","publisher":{"@id":"https:\/\/allasorias.hu\/hirek\/#organization"}}]},"og:locale":"hu_HU","og:site_name":"AllasOrias.hu | H\u00edrek-lapszemle | \u00dczleti h\u00edrek az \u00e1ll\u00e1s \u00e9s a munka vil\u00e1g\u00e1b\u00f3l","og:type":"article","og:title":"Seg\u00edtett\u00e9k a v\u00e1llalkoz\u00f3v\u00e1 v\u00e1l\u00e1st | AllasOrias.hu | H\u00edrek-lapszemle","og:description":"A v\u00e1llalkoz\u00f3 szellem\u0171 fiatalokat \u00e9s \u00e1ll\u00e1skeres\u0151ket az \u00fcgyf\u00e9lszolg\u00e1latokon tan\u00e1csad\u00e1ssal, majd mentor\u00e1l\u00e1ssal is seg\u00edtett\u00e9k a v\u00e1llalkoz\u00f3v\u00e1 v\u00e1l\u00e1s folyamat\u00e1ban, majd az indul\u00e1st k\u00f6vet\u0151en is. T\u00f6bb mint ezerhatsz\u00e1z fiatal \u00e9s \u00e1ll\u00e1skeres\u0151 v\u00e1llalkoz\u00f3v\u00e1 v\u00e1l\u00e1s\u00e1t seg\u00edtett\u00e9k a D\u00e9l-Alf\u00f6ld\u00f6n. 1635 v\u00e1llalkoz\u00e1st alap\u00edtottak fiatalok \u00e9s \u00e1ll\u00e1skeres\u0151k a D\u00e9l-Alf\u00f6ld\u00f6n a hazai \u00e9s uni\u00f3s t\u00e1mogat\u00e1ssal megval\u00f3sult Gondolkozzunk Okosan! projektnek k\u00f6sz\u00f6nhet\u0151en - t\u00e1j\u00e9koztatta a D\u00e9l-Alf\u00f6ldi","og:url":"https:\/\/allasorias.hu\/hirek\/segitettek-a-vallalkozova-valast\/","og:image":"https:\/\/allasorias.hu\/hirek\/wp-content\/uploads\/2021\/05\/handshake.jpg","og:image:secure_url":"https:\/\/allasorias.hu\/hirek\/wp-content\/uploads\/2021\/05\/handshake.jpg","og:image:width":1920,"og:image:height":1280,"article:published_time":"2022-07-04T07:22:21+00:00","article:modified_time":"2022-07-04T07:22:21+00:00","article:publisher":"https:\/\/www.facebook.com\/allasorias","twitter:card":"summary_large_image","twitter:title":"Seg\u00edtett\u00e9k a v\u00e1llalkoz\u00f3v\u00e1 v\u00e1l\u00e1st | AllasOrias.hu | H\u00edrek-lapszemle","twitter:description":"A v\u00e1llalkoz\u00f3 szellem\u0171 fiatalokat \u00e9s \u00e1ll\u00e1skeres\u0151ket az \u00fcgyf\u00e9lszolg\u00e1latokon tan\u00e1csad\u00e1ssal, majd mentor\u00e1l\u00e1ssal is seg\u00edtett\u00e9k a v\u00e1llalkoz\u00f3v\u00e1 v\u00e1l\u00e1s folyamat\u00e1ban, majd az indul\u00e1st k\u00f6vet\u0151en is. T\u00f6bb mint ezerhatsz\u00e1z fiatal \u00e9s \u00e1ll\u00e1skeres\u0151 v\u00e1llalkoz\u00f3v\u00e1 v\u00e1l\u00e1s\u00e1t seg\u00edtett\u00e9k a D\u00e9l-Alf\u00f6ld\u00f6n. 1635 v\u00e1llalkoz\u00e1st alap\u00edtottak fiatalok \u00e9s \u00e1ll\u00e1skeres\u0151k a D\u00e9l-Alf\u00f6ld\u00f6n a hazai \u00e9s uni\u00f3s t\u00e1mogat\u00e1ssal megval\u00f3sult Gondolkozzunk Okosan! projektnek k\u00f6sz\u00f6nhet\u0151en - t\u00e1j\u00e9koztatta a D\u00e9l-Alf\u00f6ldi","twitter:image":"https:\/\/allasorias.hu\/hirek\/wp-content\/uploads\/2021\/05\/handshake.jpg","twitter:label1":"Written by","twitter:data1":"Juh\u00e1sz P\u00e9ter","twitter:label2":"Est. reading time","twitter:data2":"3 minutes"},"aioseo_meta_data":{"post_id":"5653","title":null,"description":null,"keywords":[],"keyphrases":{"focus":{"keyphrase":"","score":0,"analysis":{"keyphraseInTitle":{"score":0,"maxScore":9,"error":1}}},"additional":[]},"primary_term":null,"canonical_url":null,"og_title":null,"og_description":null,"og_object_type":"default","og_image_type":"default","og_image_url":null,"og_image_width":null,"og_image_height":null,"og_image_custom_url":null,"og_image_custom_fields":null,"og_video":"","og_custom_url":null,"og_article_section":null,"og_article_tags":[],"twitter_use_og":false,"twitter_card":"default","twitter_image_type":"default","twitter_image_url":null,"twitter_image_custom_url":null,"twitter_image_custom_fields":null,"twitter_title":null,"twitter_description":null,"schema":{"blockGraphs":[],"customGraphs":[],"default":{"data":{"Article":[],"Course":[],"Dataset":[],"FAQPage":[],"Movie":[],"Person":[],"Product":[],"ProductReview":[],"Car":[],"Recipe":[],"Service":[],"SoftwareApplication":[],"WebPage":[]},"graphName":"","isEnabled":true},"graphs":[],"defaultGraph":"Article","defaultPostTypeGraph":""},"schema_type":"default","schema_type_options":"{\"article\":{\"articleType\":\"BlogPosting\"},\"course\":{\"name\":\"\",\"description\":\"\",\"provider\":\"\"},\"faq\":{\"pages\":[]},\"product\":{\"reviews\":[]},\"recipe\":{\"ingredients\":[],\"instructions\":[],\"keywords\":[]},\"software\":{\"reviews\":[],\"operatingSystems\":[]},\"webPage\":{\"webPageType\":\"WebPage\"}}","pillar_content":false,"robots_default":true,"robots_noindex":false,"robots_noarchive":false,"robots_nosnippet":false,"robots_nofollow":false,"robots_noimageindex":false,"robots_noodp":false,"robots_notranslate":false,"robots_max_snippet":"-1","robots_max_videopreview":"-1","robots_max_imagepreview":"large","priority":null,"frequency":"default","location":null,"local_seo":null,"breadcrumb_settings":null,"limit_modified_date":false,"ai":null,"created":"2022-07-04 07:19:20","updated":"2025-10-02 17:03:30","seo_analyzer_scan_date":null,"focus_keyword":null,"additional_keywords":null,"truseo_locale":null},"aioseo_breadcrumb":"<div class=\"aioseo-breadcrumbs\"><span class=\"aioseo-breadcrumb\">\n\t\t\t<a href=\"https:\/\/allasorias.hu\/hirek\" title=\"Home\">Home<\/a>\n\t\t<\/span><span class=\"aioseo-breadcrumb-separator\">&raquo;<\/span><span class=\"aioseo-breadcrumb\">\n\t\t\t<a href=\"https:\/\/allasorias.hu\/hirek\/temak\/munkaeropiac\/\" title=\"Munkaer\u0151piac\">Munkaer\u0151piac<\/a>\n\t\t<\/span><span class=\"aioseo-breadcrumb-separator\">&raquo;<\/span><span class=\"aioseo-breadcrumb\">\n\t\t\tSeg\u00edtett\u00e9k a v\u00e1llalkoz\u00f3v\u00e1 v\u00e1l\u00e1st\n\t\t<\/span><\/div>","aioseo_breadcrumb_json":[{"label":"Home","link":"https:\/\/allasorias.hu\/hirek"},{"label":"Munkaer\u0151piac","link":"https:\/\/allasorias.hu\/hirek\/temak\/munkaeropiac\/"},{"label":"Seg\u00edtett\u00e9k a v\u00e1llalkoz\u00f3v\u00e1 v\u00e1l\u00e1st","link":"https:\/\/allasorias.hu\/hirek\/segitettek-a-vallalkozova-valast\/"}],"_links":{"self":[{"href":"https:\/\/allasorias.hu\/hirek\/wp-json\/wp\/v2\/posts\/5653","targetHints":{"allow":["GET"]}}],"collection":[{"href":"https:\/\/allasorias.hu\/hirek\/wp-json\/wp\/v2\/posts"}],"about":[{"href":"https:\/\/allasorias.hu\/hirek\/wp-json\/wp\/v2\/types\/post"}],"author":[{"embeddable":true,"href":"https:\/\/allasorias.hu\/hirek\/wp-json\/wp\/v2\/users\/1"}],"replies":[{"embeddable":true,"href":"https:\/\/allasorias.hu\/hirek\/wp-json\/wp\/v2\/comments?post=5653"}],"version-history":[{"count":1,"href":"https:\/\/allasorias.hu\/hirek\/wp-json\/wp\/v2\/posts\/5653\/revisions"}],"predecessor-version":[{"id":5654,"href":"https:\/\/allasorias.hu\/hirek\/wp-json\/wp\/v2\/posts\/5653\/revisions\/5654"}],"wp:featuredmedia":[{"embeddable":true,"href":"https:\/\/allasorias.hu\/hirek\/wp-json\/wp\/v2\/media\/4771"}],"wp:attachment":[{"href":"https:\/\/allasorias.hu\/hirek\/wp-json\/wp\/v2\/media?parent=5653"}],"wp:term":[{"taxonomy":"category","embeddable":true,"href":"https:\/\/allasorias.hu\/hirek\/wp-json\/wp\/v2\/categories?post=5653"},{"taxonomy":"post_tag","embeddable":true,"href":"https:\/\/allasorias.hu\/hirek\/wp-json\/wp\/v2\/tags?post=5653"}],"curies":[{"name":"wp","href":"https:\/\/api.w.org\/{rel}","templated":true}]}}