{"id":5650,"date":"2022-07-01T07:23:30","date_gmt":"2022-07-01T07:23:30","guid":{"rendered":"https:\/\/allasorias.hu\/hirek\/?p=5650"},"modified":"2022-07-01T07:23:30","modified_gmt":"2022-07-01T07:23:30","slug":"amerikaiak-tamogatjak-a-magyar-allaspontot","status":"publish","type":"post","link":"https:\/\/allasorias.hu\/hirek\/amerikaiak-tamogatjak-a-magyar-allaspontot\/","title":{"rendered":"Amerikaiak t\u00e1mogatj\u00e1k a magyar \u00e1ll\u00e1spontot"},"content":{"rendered":"<p><strong>A Magyar Nemzet birtok\u00e1ba ker\u00fclt dokumentum al\u00e1\u00edr\u00f3i kifejtik, hogy tiszteletben tartj\u00e1k Magyarorsz\u00e1g szuver\u00e9n jog\u00e1t arra n\u00e9zve, hogy magasabb ad\u00f3kulcsokat alkalmaz\u00f3 \u00e1llamok befoly\u00e1sol\u00e1sa n\u00e9lk\u00fcl alak\u00edthassa ki a saj\u00e1t ad\u00f3\u00fcgyi norm\u00e1it. <\/strong><\/p>\n<p>A k\u00e9pvisel\u0151h\u00e1z kereskedelmi \u00e9s ad\u00f3politikai k\u00e9rd\u00e9sekkel foglalkoz\u00f3 befoly\u00e1sos albizotts\u00e1gainak republik\u00e1nus kisebbs\u00e9gi vezet\u0151i (Adrian Smith \u00e9s Mike Kelly kongresszusi k\u00e9pvisel\u0151k) k\u00f6z\u00f6s level\u00fckben k\u00f6sz\u00f6netet mondtak, hogy a magyar korm\u00e1ny ellenezte a glob\u00e1lis minimumad\u00f3t (GMT) mag\u00e1ban foglal\u00f3 OECD-meg\u00e1llapod\u00e1s EU \u00e1ltali elfogad\u00e1s\u00e1t. A Magyar Nemzet birtok\u00e1ba ker\u00fclt dokumentum al\u00e1\u00edr\u00f3i kifejtik, hogy tiszteletben tartj\u00e1k Magyarorsz\u00e1g szuver\u00e9n jog\u00e1t arra n\u00e9zve, hogy magasabb ad\u00f3kulcsokat alkalmaz\u00f3 \u00e1llamok befoly\u00e1sol\u00e1sa n\u00e9lk\u00fcl alak\u00edthassa ki a saj\u00e1t ad\u00f3\u00fcgyi norm\u00e1it. Meg\u00e9rtik tov\u00e1bb\u00e1, hogy Magyarorsz\u00e1g nemzeti \u00e9rdeke, hogy n\u00f6veked\u00e9st t\u00e1mogat\u00f3 ad\u00f3rendszerrel mag\u00e1hoz vonzza a gazdas\u00e1gi aktivit\u00e1st. A k\u00e9pvisel\u0151k a lev\u00e9lben javaslatot tesznek, hogy ker\u00fclj\u00f6n sor k\u00f6zvetlen egyeztet\u00e9sre a magyar korm\u00e1ny \u00e9s a kongresszusi republik\u00e1nusok k\u00f6z\u00f6tt a GMT-vel kapcsolatban. Az al\u00e1\u00edr\u00f3k megjegyzik, hogy tudom\u00e1suk van a magyar Orsz\u00e1ggy\u0171l\u00e9s nagy t\u00f6bbs\u00e9ggel elfogadott hat\u00e1rozat\u00e1r\u00f3l, amely aggodalmakat fogalmazott meg azzal kapcsolatban, hogy a tervezett minimumad\u00f3 k\u00e1ros lenne a magyar versenyk\u00e9pess\u00e9gre, ez\u00e9rt annak r\u00e9szleteit alaposan meg kell vizsg\u00e1lni az eur\u00f3pai uni\u00f3s ir\u00e1nyelv elfogad\u00e1sa el\u0151tt a kett\u0151s ad\u00f3ztat\u00e1s elker\u00fcl\u00e9se \u00e9rdek\u00e9ben. Hozz\u00e1teszik, hogy a magyar korm\u00e1ny\u00e9hoz hasonl\u00f3 aggodalmaik vannak a m\u00e1sodik pill\u00e9rrel kapcsolatban, \u00edgy sz\u00e1mos k\u00e9rd\u00e9s nem tiszt\u00e1zott a javaslat \u00fcgy\u00e9ben, t\u00f6bbek k\u00f6z\u00f6tt annak viszonya az USA megl\u00e9v\u0151 hasonl\u00f3 ad\u00f3nem\u00e9hez (GILTI), ami felveti a kett\u0151s ad\u00f3ztat\u00e1s vesz\u00e9ly\u00e9t. A republik\u00e1nus t\u00f6rv\u00e9nyhoz\u00f3k ennek alapj\u00e1n megk\u00e9rd\u0151jelezik annak az indokolts\u00e1g\u00e1t, hogy az eg\u00e9sz vil\u00e1g elmozduljon egy olyan rendszer ir\u00e1ny\u00e1ba, ami ad\u00f3szuverenit\u00e1suk felad\u00e1s\u00e1ra k\u00e9nyszer\u00edti az orsz\u00e1gokat, mik\u00f6zben \u00faj nemzetk\u00f6zi ad\u00f3vit\u00e1kat nyit meg k\u00f6z\u00f6tt\u00fck. A szerz\u0151k pozit\u00edvan utalnak a Trump-adminisztr\u00e1ci\u00f3 2017-es ad\u00f3reformj\u00e1ra (Tax Cuts and Jobs Act), ami szerint\u00fck igazolta, hogy az alacsonyabb t\u00e1rsas\u00e1gi ad\u00f3knak \u00e9s az \u00e1tfog\u00f3 befektet\u00e9si kedvezm\u00e9nyeknek gazdas\u00e1gi n\u00f6veked\u00e9st \u00e9s ad\u00f3bev\u00e9teleket felhajt\u00f3 hat\u00e1suk van.\u00a0 A t\u00f6rv\u00e9nyhoz\u00f3kat aggasztja, hogy az amerikai p\u00e9nz\u00fcgyminiszt\u00e9rium t\u00e1rgyal\u00f3i nem v\u00e9dt\u00e9k meg az USA n\u00f6veked\u00e9sp\u00e1rti ad\u00f3\u00fcgyi rendelkez\u00e9seit, m\u00edg m\u00e1s orsz\u00e1gok erre k\u00e9pesek voltak. Hozz\u00e1teszik ennek alapj\u00e1n, hogy a kongresszusi republik\u00e1nusok nem fognak t\u00e1mogatni olyan meg\u00e1llapod\u00e1st, ami m\u00e1s \u00e1llamokat hoz el\u0151ny\u00f6sebb helyzetbe. R\u00f6gz\u00edtik, hogy az amerikai sz\u00f6vets\u00e9gi ad\u00f3jogszab\u00e1lyokban csak a k\u00e9pvisel\u0151h\u00e1zban beny\u00fajtott t\u00f6rv\u00e9nyjavaslattal lehet v\u00e1ltoztat\u00e1st eszk\u00f6z\u00f6lni, amelyet mindk\u00e9t h\u00e1zban elfogadnak \u00e9s az eln\u00f6k is al\u00e1\u00edr.<\/p>\n<p>Forr\u00e1s: hirtv.hu<\/p>\n","protected":false},"excerpt":{"rendered":"<p>A Magyar Nemzet birtok\u00e1ba ker\u00fclt dokumentum al\u00e1\u00edr\u00f3i kifejtik, hogy tiszteletben tartj\u00e1k Magyarorsz\u00e1g szuver\u00e9n jog\u00e1t arra n\u00e9zve, hogy magasabb ad\u00f3kulcsokat alkalmaz\u00f3 \u00e1llamok befoly\u00e1sol\u00e1sa n\u00e9lk\u00fcl alak\u00edthassa ki a saj\u00e1t ad\u00f3\u00fcgyi norm\u00e1it. A k\u00e9pvisel\u0151h\u00e1z kereskedelmi \u00e9s ad\u00f3politikai k\u00e9rd\u00e9sekkel foglalkoz\u00f3 befoly\u00e1sos albizotts\u00e1gainak republik\u00e1nus kisebbs\u00e9gi vezet\u0151i (Adrian Smith \u00e9s Mike Kelly kongresszusi k\u00e9pvisel\u0151k) k\u00f6z\u00f6s level\u00fckben k\u00f6sz\u00f6netet mondtak, hogy a magyar [&hellip;]<\/p>\n","protected":false},"author":1,"featured_media":5651,"comment_status":"open","ping_status":"open","sticky":false,"template":"","format":"standard","meta":{"_monsterinsights_skip_tracking":false,"footnotes":""},"categories":[198,201],"tags":[],"class_list":["post-5650","post","type-post","status-publish","format-standard","has-post-thumbnail","hentry","category-gazdasag","category-kulfold"],"aioseo_notices":[],"aioseo_head":"\n\t\t<!-- All in One SEO 5.0.0.1 - aioseo.com -->\n\t<meta name=\"description\" content=\"A Magyar Nemzet birtok\u00e1ba ker\u00fclt dokumentum al\u00e1\u00edr\u00f3i kifejtik, hogy tiszteletben tartj\u00e1k Magyarorsz\u00e1g szuver\u00e9n jog\u00e1t arra n\u00e9zve, hogy magasabb ad\u00f3kulcsokat alkalmaz\u00f3 \u00e1llamok befoly\u00e1sol\u00e1sa n\u00e9lk\u00fcl alak\u00edthassa ki a saj\u00e1t ad\u00f3\u00fcgyi norm\u00e1it. A k\u00e9pvisel\u0151h\u00e1z kereskedelmi \u00e9s ad\u00f3politikai k\u00e9rd\u00e9sekkel foglalkoz\u00f3 befoly\u00e1sos albizotts\u00e1gainak republik\u00e1nus kisebbs\u00e9gi vezet\u0151i (Adrian Smith \u00e9s Mike Kelly kongresszusi k\u00e9pvisel\u0151k) k\u00f6z\u00f6s level\u00fckben k\u00f6sz\u00f6netet mondtak, hogy a magyar\" \/>\n\t<meta name=\"robots\" content=\"max-image-preview:large\" \/>\n\t<meta name=\"author\" content=\"Juh\u00e1sz P\u00e9ter\"\/>\n\t<link rel=\"canonical\" href=\"https:\/\/allasorias.hu\/hirek\/amerikaiak-tamogatjak-a-magyar-allaspontot\/\" \/>\n\t<meta name=\"generator\" content=\"All in One SEO (AIOSEO) 5.0.0.1\" \/>\n\t\t<meta property=\"og:locale\" content=\"hu_HU\" \/>\n\t\t<meta property=\"og:site_name\" content=\"AllasOrias.hu | H\u00edrek-lapszemle | \u00dczleti h\u00edrek az \u00e1ll\u00e1s \u00e9s a munka vil\u00e1g\u00e1b\u00f3l\" \/>\n\t\t<meta property=\"og:type\" content=\"article\" \/>\n\t\t<meta property=\"og:title\" content=\"Amerikaiak t\u00e1mogatj\u00e1k a magyar \u00e1ll\u00e1spontot | AllasOrias.hu | H\u00edrek-lapszemle\" \/>\n\t\t<meta property=\"og:description\" content=\"A Magyar Nemzet birtok\u00e1ba ker\u00fclt dokumentum al\u00e1\u00edr\u00f3i kifejtik, hogy tiszteletben tartj\u00e1k Magyarorsz\u00e1g szuver\u00e9n jog\u00e1t arra n\u00e9zve, hogy magasabb ad\u00f3kulcsokat alkalmaz\u00f3 \u00e1llamok befoly\u00e1sol\u00e1sa n\u00e9lk\u00fcl alak\u00edthassa ki a saj\u00e1t ad\u00f3\u00fcgyi norm\u00e1it. A k\u00e9pvisel\u0151h\u00e1z kereskedelmi \u00e9s ad\u00f3politikai k\u00e9rd\u00e9sekkel foglalkoz\u00f3 befoly\u00e1sos albizotts\u00e1gainak republik\u00e1nus kisebbs\u00e9gi vezet\u0151i (Adrian Smith \u00e9s Mike Kelly kongresszusi k\u00e9pvisel\u0151k) k\u00f6z\u00f6s level\u00fckben k\u00f6sz\u00f6netet mondtak, hogy a magyar\" \/>\n\t\t<meta property=\"og:url\" content=\"https:\/\/allasorias.hu\/hirek\/amerikaiak-tamogatjak-a-magyar-allaspontot\/\" \/>\n\t\t<meta property=\"og:image\" content=\"https:\/\/allasorias.hu\/hirek\/wp-content\/uploads\/2022\/07\/usa-hungary-flags-painted-cracked-concrete-wall-united-states-america-partnership-relationships-conflict-concept-banner-background-photo.jpg\" \/>\n\t\t<meta property=\"og:image:secure_url\" content=\"https:\/\/allasorias.hu\/hirek\/wp-content\/uploads\/2022\/07\/usa-hungary-flags-painted-cracked-concrete-wall-united-states-america-partnership-relationships-conflict-concept-banner-background-photo.jpg\" \/>\n\t\t<meta property=\"og:image:width\" content=\"1280\" \/>\n\t\t<meta property=\"og:image:height\" content=\"611\" \/>\n\t\t<meta property=\"article:published_time\" content=\"2022-07-01T07:23:30+00:00\" \/>\n\t\t<meta property=\"article:modified_time\" content=\"2022-07-01T07:23:30+00:00\" \/>\n\t\t<meta property=\"article:publisher\" content=\"https:\/\/www.facebook.com\/allasorias\" \/>\n\t\t<meta name=\"twitter:card\" content=\"summary_large_image\" \/>\n\t\t<meta name=\"twitter:title\" content=\"Amerikaiak t\u00e1mogatj\u00e1k a magyar \u00e1ll\u00e1spontot | AllasOrias.hu | H\u00edrek-lapszemle\" \/>\n\t\t<meta name=\"twitter:description\" content=\"A Magyar Nemzet birtok\u00e1ba ker\u00fclt dokumentum al\u00e1\u00edr\u00f3i kifejtik, hogy tiszteletben tartj\u00e1k Magyarorsz\u00e1g szuver\u00e9n jog\u00e1t arra n\u00e9zve, hogy magasabb ad\u00f3kulcsokat alkalmaz\u00f3 \u00e1llamok befoly\u00e1sol\u00e1sa n\u00e9lk\u00fcl alak\u00edthassa ki a saj\u00e1t ad\u00f3\u00fcgyi norm\u00e1it. A k\u00e9pvisel\u0151h\u00e1z kereskedelmi \u00e9s ad\u00f3politikai k\u00e9rd\u00e9sekkel foglalkoz\u00f3 befoly\u00e1sos albizotts\u00e1gainak republik\u00e1nus kisebbs\u00e9gi vezet\u0151i (Adrian Smith \u00e9s Mike Kelly kongresszusi k\u00e9pvisel\u0151k) k\u00f6z\u00f6s level\u00fckben k\u00f6sz\u00f6netet mondtak, hogy a magyar\" \/>\n\t\t<meta name=\"twitter:image\" content=\"https:\/\/allasorias.hu\/hirek\/wp-content\/uploads\/2022\/07\/usa-hungary-flags-painted-cracked-concrete-wall-united-states-america-partnership-relationships-conflict-concept-banner-background-photo.jpg\" \/>\n\t\t<meta name=\"twitter:label1\" content=\"Written by\" \/>\n\t\t<meta name=\"twitter:data1\" content=\"Juh\u00e1sz P\u00e9ter\" \/>\n\t\t<meta name=\"twitter:label2\" content=\"Est. reading time\" \/>\n\t\t<meta name=\"twitter:data2\" content=\"3 minutes\" \/>\n\t\t<script type=\"application\/ld+json\" class=\"aioseo-schema\">\n\t\t\t{\"@context\":\"https:\\\/\\\/schema.org\",\"@graph\":[{\"@type\":\"Article\",\"@id\":\"https:\\\/\\\/allasorias.hu\\\/hirek\\\/amerikaiak-tamogatjak-a-magyar-allaspontot\\\/#article\",\"name\":\"Amerikaiak t\\u00e1mogatj\\u00e1k a magyar \\u00e1ll\\u00e1spontot | AllasOrias.hu | H\\u00edrek-lapszemle\",\"headline\":\"Amerikaiak t\\u00e1mogatj\\u00e1k a magyar \\u00e1ll\\u00e1spontot\",\"author\":{\"@id\":\"https:\\\/\\\/allasorias.hu\\\/hirek\\\/author\\\/admin-allasorias\\\/#author\"},\"publisher\":{\"@id\":\"https:\\\/\\\/allasorias.hu\\\/hirek\\\/#organization\"},\"image\":{\"@type\":\"ImageObject\",\"url\":\"https:\\\/\\\/allasorias.hu\\\/hirek\\\/wp-content\\\/uploads\\\/2022\\\/07\\\/usa-hungary-flags-painted-cracked-concrete-wall-united-states-america-partnership-relationships-conflict-concept-banner-background-photo.jpg\",\"width\":1280,\"height\":611,\"caption\":\"USA and Hungary. Flags painted on cracked concrete wall. United States, America. Partnership, relationships and conflict concept. Banner background\"},\"datePublished\":\"2022-07-01T07:23:30+02:00\",\"dateModified\":\"2022-07-01T07:23:30+02:00\",\"inLanguage\":\"hu-HU\",\"mainEntityOfPage\":{\"@id\":\"https:\\\/\\\/allasorias.hu\\\/hirek\\\/amerikaiak-tamogatjak-a-magyar-allaspontot\\\/#webpage\"},\"isPartOf\":{\"@id\":\"https:\\\/\\\/allasorias.hu\\\/hirek\\\/amerikaiak-tamogatjak-a-magyar-allaspontot\\\/#webpage\"},\"articleSection\":\"Gazdas\\u00e1g, K\\u00fclf\\u00f6ld\"},{\"@type\":\"BreadcrumbList\",\"@id\":\"https:\\\/\\\/allasorias.hu\\\/hirek\\\/amerikaiak-tamogatjak-a-magyar-allaspontot\\\/#breadcrumblist\",\"itemListElement\":[{\"@type\":\"ListItem\",\"@id\":\"https:\\\/\\\/allasorias.hu\\\/hirek#listItem\",\"position\":1,\"name\":\"Home\",\"item\":\"https:\\\/\\\/allasorias.hu\\\/hirek\",\"nextItem\":{\"@type\":\"ListItem\",\"@id\":\"https:\\\/\\\/allasorias.hu\\\/hirek\\\/temak\\\/gazdasag\\\/#listItem\",\"name\":\"Gazdas\\u00e1g\"}},{\"@type\":\"ListItem\",\"@id\":\"https:\\\/\\\/allasorias.hu\\\/hirek\\\/temak\\\/gazdasag\\\/#listItem\",\"position\":2,\"name\":\"Gazdas\\u00e1g\",\"item\":\"https:\\\/\\\/allasorias.hu\\\/hirek\\\/temak\\\/gazdasag\\\/\",\"nextItem\":{\"@type\":\"ListItem\",\"@id\":\"https:\\\/\\\/allasorias.hu\\\/hirek\\\/amerikaiak-tamogatjak-a-magyar-allaspontot\\\/#listItem\",\"name\":\"Amerikaiak t\\u00e1mogatj\\u00e1k a magyar \\u00e1ll\\u00e1spontot\"},\"previousItem\":{\"@type\":\"ListItem\",\"@id\":\"https:\\\/\\\/allasorias.hu\\\/hirek#listItem\",\"name\":\"Home\"}},{\"@type\":\"ListItem\",\"@id\":\"https:\\\/\\\/allasorias.hu\\\/hirek\\\/amerikaiak-tamogatjak-a-magyar-allaspontot\\\/#listItem\",\"position\":3,\"name\":\"Amerikaiak t\\u00e1mogatj\\u00e1k a magyar \\u00e1ll\\u00e1spontot\",\"previousItem\":{\"@type\":\"ListItem\",\"@id\":\"https:\\\/\\\/allasorias.hu\\\/hirek\\\/temak\\\/gazdasag\\\/#listItem\",\"name\":\"Gazdas\\u00e1g\"}}]},{\"@type\":\"Organization\",\"@id\":\"https:\\\/\\\/allasorias.hu\\\/hirek\\\/#organization\",\"name\":\"AllasOrias.hu | H\\u00edrek-lapszemle\",\"description\":\"\\u00dczleti h\\u00edrek az \\u00e1ll\\u00e1s \\u00e9s a munka vil\\u00e1g\\u00e1b\\u00f3l\",\"url\":\"https:\\\/\\\/allasorias.hu\\\/hirek\\\/\",\"logo\":{\"@type\":\"ImageObject\",\"url\":\"https:\\\/\\\/allasorias.hu\\\/hirek\\\/wp-content\\\/uploads\\\/2022\\\/10\\\/allasorias_site_facebok_logo.png\",\"@id\":\"https:\\\/\\\/allasorias.hu\\\/hirek\\\/amerikaiak-tamogatjak-a-magyar-allaspontot\\\/#organizationLogo\"},\"image\":{\"@id\":\"https:\\\/\\\/allasorias.hu\\\/hirek\\\/amerikaiak-tamogatjak-a-magyar-allaspontot\\\/#organizationLogo\"},\"sameAs\":[\"https:\\\/\\\/www.facebook.com\\\/allasorias\",\"https:\\\/\\\/www.linkedin.com\\\/company\\\/allasorias\"]},{\"@type\":\"Person\",\"@id\":\"https:\\\/\\\/allasorias.hu\\\/hirek\\\/author\\\/admin-allasorias\\\/#author\",\"url\":\"https:\\\/\\\/allasorias.hu\\\/hirek\\\/author\\\/admin-allasorias\\\/\",\"name\":\"Juh\\u00e1sz P\\u00e9ter\",\"image\":{\"@type\":\"ImageObject\",\"@id\":\"https:\\\/\\\/allasorias.hu\\\/hirek\\\/amerikaiak-tamogatjak-a-magyar-allaspontot\\\/#authorImage\",\"url\":\"https:\\\/\\\/secure.gravatar.com\\\/avatar\\\/36e6bcb83148978b992977cb0f54d22feb0cce8a0a849a9410532bb2623ba4c6?s=96&d=mm&r=g\",\"width\":96,\"height\":96,\"caption\":\"Juh\\u00e1sz P\\u00e9ter\"}},{\"@type\":\"WebPage\",\"@id\":\"https:\\\/\\\/allasorias.hu\\\/hirek\\\/amerikaiak-tamogatjak-a-magyar-allaspontot\\\/#webpage\",\"url\":\"https:\\\/\\\/allasorias.hu\\\/hirek\\\/amerikaiak-tamogatjak-a-magyar-allaspontot\\\/\",\"name\":\"Amerikaiak t\\u00e1mogatj\\u00e1k a magyar \\u00e1ll\\u00e1spontot | AllasOrias.hu | H\\u00edrek-lapszemle\",\"description\":\"A Magyar Nemzet birtok\\u00e1ba ker\\u00fclt dokumentum al\\u00e1\\u00edr\\u00f3i kifejtik, hogy tiszteletben tartj\\u00e1k Magyarorsz\\u00e1g szuver\\u00e9n jog\\u00e1t arra n\\u00e9zve, hogy magasabb ad\\u00f3kulcsokat alkalmaz\\u00f3 \\u00e1llamok befoly\\u00e1sol\\u00e1sa n\\u00e9lk\\u00fcl alak\\u00edthassa ki a saj\\u00e1t ad\\u00f3\\u00fcgyi norm\\u00e1it. A k\\u00e9pvisel\\u0151h\\u00e1z kereskedelmi \\u00e9s ad\\u00f3politikai k\\u00e9rd\\u00e9sekkel foglalkoz\\u00f3 befoly\\u00e1sos albizotts\\u00e1gainak republik\\u00e1nus kisebbs\\u00e9gi vezet\\u0151i (Adrian Smith \\u00e9s Mike Kelly kongresszusi k\\u00e9pvisel\\u0151k) k\\u00f6z\\u00f6s level\\u00fckben k\\u00f6sz\\u00f6netet mondtak, hogy a magyar\",\"inLanguage\":\"hu-HU\",\"isPartOf\":{\"@id\":\"https:\\\/\\\/allasorias.hu\\\/hirek\\\/#website\"},\"breadcrumb\":{\"@id\":\"https:\\\/\\\/allasorias.hu\\\/hirek\\\/amerikaiak-tamogatjak-a-magyar-allaspontot\\\/#breadcrumblist\"},\"author\":{\"@id\":\"https:\\\/\\\/allasorias.hu\\\/hirek\\\/author\\\/admin-allasorias\\\/#author\"},\"creator\":{\"@id\":\"https:\\\/\\\/allasorias.hu\\\/hirek\\\/author\\\/admin-allasorias\\\/#author\"},\"image\":{\"@type\":\"ImageObject\",\"url\":\"https:\\\/\\\/allasorias.hu\\\/hirek\\\/wp-content\\\/uploads\\\/2022\\\/07\\\/usa-hungary-flags-painted-cracked-concrete-wall-united-states-america-partnership-relationships-conflict-concept-banner-background-photo.jpg\",\"@id\":\"https:\\\/\\\/allasorias.hu\\\/hirek\\\/amerikaiak-tamogatjak-a-magyar-allaspontot\\\/#mainImage\",\"width\":1280,\"height\":611,\"caption\":\"USA and Hungary. Flags painted on cracked concrete wall. United States, America. Partnership, relationships and conflict concept. Banner background\"},\"primaryImageOfPage\":{\"@id\":\"https:\\\/\\\/allasorias.hu\\\/hirek\\\/amerikaiak-tamogatjak-a-magyar-allaspontot\\\/#mainImage\"},\"datePublished\":\"2022-07-01T07:23:30+02:00\",\"dateModified\":\"2022-07-01T07:23:30+02:00\"},{\"@type\":\"WebSite\",\"@id\":\"https:\\\/\\\/allasorias.hu\\\/hirek\\\/#website\",\"url\":\"https:\\\/\\\/allasorias.hu\\\/hirek\\\/\",\"name\":\"AllasOrias.hu | H\\u00edrek-lapszemle\",\"description\":\"\\u00dczleti h\\u00edrek az \\u00e1ll\\u00e1s \\u00e9s a munka vil\\u00e1g\\u00e1b\\u00f3l\",\"inLanguage\":\"hu-HU\",\"publisher\":{\"@id\":\"https:\\\/\\\/allasorias.hu\\\/hirek\\\/#organization\"}}]}\n\t\t<\/script>\n\t\t<!-- All in One SEO -->\n\n","aioseo_head_json":{"title":"Amerikaiak t\u00e1mogatj\u00e1k a magyar \u00e1ll\u00e1spontot | AllasOrias.hu | H\u00edrek-lapszemle","description":"A Magyar Nemzet birtok\u00e1ba ker\u00fclt dokumentum al\u00e1\u00edr\u00f3i kifejtik, hogy tiszteletben tartj\u00e1k Magyarorsz\u00e1g szuver\u00e9n jog\u00e1t arra n\u00e9zve, hogy magasabb ad\u00f3kulcsokat alkalmaz\u00f3 \u00e1llamok befoly\u00e1sol\u00e1sa n\u00e9lk\u00fcl alak\u00edthassa ki a saj\u00e1t ad\u00f3\u00fcgyi norm\u00e1it. A k\u00e9pvisel\u0151h\u00e1z kereskedelmi \u00e9s ad\u00f3politikai k\u00e9rd\u00e9sekkel foglalkoz\u00f3 befoly\u00e1sos albizotts\u00e1gainak republik\u00e1nus kisebbs\u00e9gi vezet\u0151i (Adrian Smith \u00e9s Mike Kelly kongresszusi k\u00e9pvisel\u0151k) k\u00f6z\u00f6s level\u00fckben k\u00f6sz\u00f6netet mondtak, hogy a magyar","canonical_url":"https:\/\/allasorias.hu\/hirek\/amerikaiak-tamogatjak-a-magyar-allaspontot\/","robots":"max-image-preview:large","keywords":"","webmasterTools":{"miscellaneous":""},"schema":{"@context":"https:\/\/schema.org","@graph":[{"@type":"Article","@id":"https:\/\/allasorias.hu\/hirek\/amerikaiak-tamogatjak-a-magyar-allaspontot\/#article","name":"Amerikaiak t\u00e1mogatj\u00e1k a magyar \u00e1ll\u00e1spontot | AllasOrias.hu | H\u00edrek-lapszemle","headline":"Amerikaiak t\u00e1mogatj\u00e1k a magyar \u00e1ll\u00e1spontot","author":{"@id":"https:\/\/allasorias.hu\/hirek\/author\/admin-allasorias\/#author"},"publisher":{"@id":"https:\/\/allasorias.hu\/hirek\/#organization"},"image":{"@type":"ImageObject","url":"https:\/\/allasorias.hu\/hirek\/wp-content\/uploads\/2022\/07\/usa-hungary-flags-painted-cracked-concrete-wall-united-states-america-partnership-relationships-conflict-concept-banner-background-photo.jpg","width":1280,"height":611,"caption":"USA and Hungary. Flags painted on cracked concrete wall. United States, America. Partnership, relationships and conflict concept. Banner background"},"datePublished":"2022-07-01T07:23:30+02:00","dateModified":"2022-07-01T07:23:30+02:00","inLanguage":"hu-HU","mainEntityOfPage":{"@id":"https:\/\/allasorias.hu\/hirek\/amerikaiak-tamogatjak-a-magyar-allaspontot\/#webpage"},"isPartOf":{"@id":"https:\/\/allasorias.hu\/hirek\/amerikaiak-tamogatjak-a-magyar-allaspontot\/#webpage"},"articleSection":"Gazdas\u00e1g, K\u00fclf\u00f6ld"},{"@type":"BreadcrumbList","@id":"https:\/\/allasorias.hu\/hirek\/amerikaiak-tamogatjak-a-magyar-allaspontot\/#breadcrumblist","itemListElement":[{"@type":"ListItem","@id":"https:\/\/allasorias.hu\/hirek#listItem","position":1,"name":"Home","item":"https:\/\/allasorias.hu\/hirek","nextItem":{"@type":"ListItem","@id":"https:\/\/allasorias.hu\/hirek\/temak\/gazdasag\/#listItem","name":"Gazdas\u00e1g"}},{"@type":"ListItem","@id":"https:\/\/allasorias.hu\/hirek\/temak\/gazdasag\/#listItem","position":2,"name":"Gazdas\u00e1g","item":"https:\/\/allasorias.hu\/hirek\/temak\/gazdasag\/","nextItem":{"@type":"ListItem","@id":"https:\/\/allasorias.hu\/hirek\/amerikaiak-tamogatjak-a-magyar-allaspontot\/#listItem","name":"Amerikaiak t\u00e1mogatj\u00e1k a magyar \u00e1ll\u00e1spontot"},"previousItem":{"@type":"ListItem","@id":"https:\/\/allasorias.hu\/hirek#listItem","name":"Home"}},{"@type":"ListItem","@id":"https:\/\/allasorias.hu\/hirek\/amerikaiak-tamogatjak-a-magyar-allaspontot\/#listItem","position":3,"name":"Amerikaiak t\u00e1mogatj\u00e1k a magyar \u00e1ll\u00e1spontot","previousItem":{"@type":"ListItem","@id":"https:\/\/allasorias.hu\/hirek\/temak\/gazdasag\/#listItem","name":"Gazdas\u00e1g"}}]},{"@type":"Organization","@id":"https:\/\/allasorias.hu\/hirek\/#organization","name":"AllasOrias.hu | H\u00edrek-lapszemle","description":"\u00dczleti h\u00edrek az \u00e1ll\u00e1s \u00e9s a munka vil\u00e1g\u00e1b\u00f3l","url":"https:\/\/allasorias.hu\/hirek\/","logo":{"@type":"ImageObject","url":"https:\/\/allasorias.hu\/hirek\/wp-content\/uploads\/2022\/10\/allasorias_site_facebok_logo.png","@id":"https:\/\/allasorias.hu\/hirek\/amerikaiak-tamogatjak-a-magyar-allaspontot\/#organizationLogo"},"image":{"@id":"https:\/\/allasorias.hu\/hirek\/amerikaiak-tamogatjak-a-magyar-allaspontot\/#organizationLogo"},"sameAs":["https:\/\/www.facebook.com\/allasorias","https:\/\/www.linkedin.com\/company\/allasorias"]},{"@type":"Person","@id":"https:\/\/allasorias.hu\/hirek\/author\/admin-allasorias\/#author","url":"https:\/\/allasorias.hu\/hirek\/author\/admin-allasorias\/","name":"Juh\u00e1sz P\u00e9ter","image":{"@type":"ImageObject","@id":"https:\/\/allasorias.hu\/hirek\/amerikaiak-tamogatjak-a-magyar-allaspontot\/#authorImage","url":"https:\/\/secure.gravatar.com\/avatar\/36e6bcb83148978b992977cb0f54d22feb0cce8a0a849a9410532bb2623ba4c6?s=96&d=mm&r=g","width":96,"height":96,"caption":"Juh\u00e1sz P\u00e9ter"}},{"@type":"WebPage","@id":"https:\/\/allasorias.hu\/hirek\/amerikaiak-tamogatjak-a-magyar-allaspontot\/#webpage","url":"https:\/\/allasorias.hu\/hirek\/amerikaiak-tamogatjak-a-magyar-allaspontot\/","name":"Amerikaiak t\u00e1mogatj\u00e1k a magyar \u00e1ll\u00e1spontot | AllasOrias.hu | H\u00edrek-lapszemle","description":"A Magyar Nemzet birtok\u00e1ba ker\u00fclt dokumentum al\u00e1\u00edr\u00f3i kifejtik, hogy tiszteletben tartj\u00e1k Magyarorsz\u00e1g szuver\u00e9n jog\u00e1t arra n\u00e9zve, hogy magasabb ad\u00f3kulcsokat alkalmaz\u00f3 \u00e1llamok befoly\u00e1sol\u00e1sa n\u00e9lk\u00fcl alak\u00edthassa ki a saj\u00e1t ad\u00f3\u00fcgyi norm\u00e1it. A k\u00e9pvisel\u0151h\u00e1z kereskedelmi \u00e9s ad\u00f3politikai k\u00e9rd\u00e9sekkel foglalkoz\u00f3 befoly\u00e1sos albizotts\u00e1gainak republik\u00e1nus kisebbs\u00e9gi vezet\u0151i (Adrian Smith \u00e9s Mike Kelly kongresszusi k\u00e9pvisel\u0151k) k\u00f6z\u00f6s level\u00fckben k\u00f6sz\u00f6netet mondtak, hogy a magyar","inLanguage":"hu-HU","isPartOf":{"@id":"https:\/\/allasorias.hu\/hirek\/#website"},"breadcrumb":{"@id":"https:\/\/allasorias.hu\/hirek\/amerikaiak-tamogatjak-a-magyar-allaspontot\/#breadcrumblist"},"author":{"@id":"https:\/\/allasorias.hu\/hirek\/author\/admin-allasorias\/#author"},"creator":{"@id":"https:\/\/allasorias.hu\/hirek\/author\/admin-allasorias\/#author"},"image":{"@type":"ImageObject","url":"https:\/\/allasorias.hu\/hirek\/wp-content\/uploads\/2022\/07\/usa-hungary-flags-painted-cracked-concrete-wall-united-states-america-partnership-relationships-conflict-concept-banner-background-photo.jpg","@id":"https:\/\/allasorias.hu\/hirek\/amerikaiak-tamogatjak-a-magyar-allaspontot\/#mainImage","width":1280,"height":611,"caption":"USA and Hungary. Flags painted on cracked concrete wall. United States, America. Partnership, relationships and conflict concept. Banner background"},"primaryImageOfPage":{"@id":"https:\/\/allasorias.hu\/hirek\/amerikaiak-tamogatjak-a-magyar-allaspontot\/#mainImage"},"datePublished":"2022-07-01T07:23:30+02:00","dateModified":"2022-07-01T07:23:30+02:00"},{"@type":"WebSite","@id":"https:\/\/allasorias.hu\/hirek\/#website","url":"https:\/\/allasorias.hu\/hirek\/","name":"AllasOrias.hu | H\u00edrek-lapszemle","description":"\u00dczleti h\u00edrek az \u00e1ll\u00e1s \u00e9s a munka vil\u00e1g\u00e1b\u00f3l","inLanguage":"hu-HU","publisher":{"@id":"https:\/\/allasorias.hu\/hirek\/#organization"}}]},"og:locale":"hu_HU","og:site_name":"AllasOrias.hu | H\u00edrek-lapszemle | \u00dczleti h\u00edrek az \u00e1ll\u00e1s \u00e9s a munka vil\u00e1g\u00e1b\u00f3l","og:type":"article","og:title":"Amerikaiak t\u00e1mogatj\u00e1k a magyar \u00e1ll\u00e1spontot | AllasOrias.hu | H\u00edrek-lapszemle","og:description":"A Magyar Nemzet birtok\u00e1ba ker\u00fclt dokumentum al\u00e1\u00edr\u00f3i kifejtik, hogy tiszteletben tartj\u00e1k Magyarorsz\u00e1g szuver\u00e9n jog\u00e1t arra n\u00e9zve, hogy magasabb ad\u00f3kulcsokat alkalmaz\u00f3 \u00e1llamok befoly\u00e1sol\u00e1sa n\u00e9lk\u00fcl alak\u00edthassa ki a saj\u00e1t ad\u00f3\u00fcgyi norm\u00e1it. A k\u00e9pvisel\u0151h\u00e1z kereskedelmi \u00e9s ad\u00f3politikai k\u00e9rd\u00e9sekkel foglalkoz\u00f3 befoly\u00e1sos albizotts\u00e1gainak republik\u00e1nus kisebbs\u00e9gi vezet\u0151i (Adrian Smith \u00e9s Mike Kelly kongresszusi k\u00e9pvisel\u0151k) k\u00f6z\u00f6s level\u00fckben k\u00f6sz\u00f6netet mondtak, hogy a magyar","og:url":"https:\/\/allasorias.hu\/hirek\/amerikaiak-tamogatjak-a-magyar-allaspontot\/","og:image":"https:\/\/allasorias.hu\/hirek\/wp-content\/uploads\/2022\/07\/usa-hungary-flags-painted-cracked-concrete-wall-united-states-america-partnership-relationships-conflict-concept-banner-background-photo.jpg","og:image:secure_url":"https:\/\/allasorias.hu\/hirek\/wp-content\/uploads\/2022\/07\/usa-hungary-flags-painted-cracked-concrete-wall-united-states-america-partnership-relationships-conflict-concept-banner-background-photo.jpg","og:image:width":1280,"og:image:height":611,"article:published_time":"2022-07-01T07:23:30+00:00","article:modified_time":"2022-07-01T07:23:30+00:00","article:publisher":"https:\/\/www.facebook.com\/allasorias","twitter:card":"summary_large_image","twitter:title":"Amerikaiak t\u00e1mogatj\u00e1k a magyar \u00e1ll\u00e1spontot | AllasOrias.hu | H\u00edrek-lapszemle","twitter:description":"A Magyar Nemzet birtok\u00e1ba ker\u00fclt dokumentum al\u00e1\u00edr\u00f3i kifejtik, hogy tiszteletben tartj\u00e1k Magyarorsz\u00e1g szuver\u00e9n jog\u00e1t arra n\u00e9zve, hogy magasabb ad\u00f3kulcsokat alkalmaz\u00f3 \u00e1llamok befoly\u00e1sol\u00e1sa n\u00e9lk\u00fcl alak\u00edthassa ki a saj\u00e1t ad\u00f3\u00fcgyi norm\u00e1it. A k\u00e9pvisel\u0151h\u00e1z kereskedelmi \u00e9s ad\u00f3politikai k\u00e9rd\u00e9sekkel foglalkoz\u00f3 befoly\u00e1sos albizotts\u00e1gainak republik\u00e1nus kisebbs\u00e9gi vezet\u0151i (Adrian Smith \u00e9s Mike Kelly kongresszusi k\u00e9pvisel\u0151k) k\u00f6z\u00f6s level\u00fckben k\u00f6sz\u00f6netet mondtak, hogy a magyar","twitter:image":"https:\/\/allasorias.hu\/hirek\/wp-content\/uploads\/2022\/07\/usa-hungary-flags-painted-cracked-concrete-wall-united-states-america-partnership-relationships-conflict-concept-banner-background-photo.jpg","twitter:label1":"Written by","twitter:data1":"Juh\u00e1sz P\u00e9ter","twitter:label2":"Est. reading time","twitter:data2":"3 minutes"},"aioseo_meta_data":{"post_id":"5650","title":null,"description":null,"keywords":[],"keyphrases":{"focus":{"keyphrase":"","score":0,"analysis":{"keyphraseInTitle":{"score":0,"maxScore":9,"error":1}}},"additional":[]},"primary_term":null,"canonical_url":null,"og_title":null,"og_description":null,"og_object_type":"default","og_image_type":"default","og_image_url":null,"og_image_width":null,"og_image_height":null,"og_image_custom_url":null,"og_image_custom_fields":null,"og_video":"","og_custom_url":null,"og_article_section":null,"og_article_tags":[],"twitter_use_og":false,"twitter_card":"default","twitter_image_type":"default","twitter_image_url":null,"twitter_image_custom_url":null,"twitter_image_custom_fields":null,"twitter_title":null,"twitter_description":null,"schema":{"blockGraphs":[],"customGraphs":[],"default":{"data":{"Article":[],"Course":[],"Dataset":[],"FAQPage":[],"Movie":[],"Person":[],"Product":[],"ProductReview":[],"Car":[],"Recipe":[],"Service":[],"SoftwareApplication":[],"WebPage":[]},"graphName":"","isEnabled":true},"graphs":[],"defaultGraph":"Article","defaultPostTypeGraph":""},"schema_type":"default","schema_type_options":"{\"article\":{\"articleType\":\"BlogPosting\"},\"course\":{\"name\":\"\",\"description\":\"\",\"provider\":\"\"},\"faq\":{\"pages\":[]},\"product\":{\"reviews\":[]},\"recipe\":{\"ingredients\":[],\"instructions\":[],\"keywords\":[]},\"software\":{\"reviews\":[],\"operatingSystems\":[]},\"webPage\":{\"webPageType\":\"WebPage\"}}","pillar_content":false,"robots_default":true,"robots_noindex":false,"robots_noarchive":false,"robots_nosnippet":false,"robots_nofollow":false,"robots_noimageindex":false,"robots_noodp":false,"robots_notranslate":false,"robots_max_snippet":"-1","robots_max_videopreview":"-1","robots_max_imagepreview":"large","priority":null,"frequency":"default","location":null,"local_seo":null,"breadcrumb_settings":null,"limit_modified_date":false,"ai":null,"created":"2022-07-01 07:21:53","updated":"2025-10-02 17:03:30","seo_analyzer_scan_date":null,"focus_keyword":null,"additional_keywords":null,"truseo_locale":null},"aioseo_breadcrumb":"<div class=\"aioseo-breadcrumbs\"><span class=\"aioseo-breadcrumb\">\n\t\t\t<a href=\"https:\/\/allasorias.hu\/hirek\" title=\"Home\">Home<\/a>\n\t\t<\/span><span class=\"aioseo-breadcrumb-separator\">&raquo;<\/span><span class=\"aioseo-breadcrumb\">\n\t\t\t<a href=\"https:\/\/allasorias.hu\/hirek\/temak\/gazdasag\/\" title=\"Gazdas\u00e1g\">Gazdas\u00e1g<\/a>\n\t\t<\/span><span class=\"aioseo-breadcrumb-separator\">&raquo;<\/span><span class=\"aioseo-breadcrumb\">\n\t\t\tAmerikaiak t\u00e1mogatj\u00e1k a magyar \u00e1ll\u00e1spontot\n\t\t<\/span><\/div>","aioseo_breadcrumb_json":[{"label":"Home","link":"https:\/\/allasorias.hu\/hirek"},{"label":"Gazdas\u00e1g","link":"https:\/\/allasorias.hu\/hirek\/temak\/gazdasag\/"},{"label":"Amerikaiak t\u00e1mogatj\u00e1k a magyar \u00e1ll\u00e1spontot","link":"https:\/\/allasorias.hu\/hirek\/amerikaiak-tamogatjak-a-magyar-allaspontot\/"}],"_links":{"self":[{"href":"https:\/\/allasorias.hu\/hirek\/wp-json\/wp\/v2\/posts\/5650","targetHints":{"allow":["GET"]}}],"collection":[{"href":"https:\/\/allasorias.hu\/hirek\/wp-json\/wp\/v2\/posts"}],"about":[{"href":"https:\/\/allasorias.hu\/hirek\/wp-json\/wp\/v2\/types\/post"}],"author":[{"embeddable":true,"href":"https:\/\/allasorias.hu\/hirek\/wp-json\/wp\/v2\/users\/1"}],"replies":[{"embeddable":true,"href":"https:\/\/allasorias.hu\/hirek\/wp-json\/wp\/v2\/comments?post=5650"}],"version-history":[{"count":1,"href":"https:\/\/allasorias.hu\/hirek\/wp-json\/wp\/v2\/posts\/5650\/revisions"}],"predecessor-version":[{"id":5652,"href":"https:\/\/allasorias.hu\/hirek\/wp-json\/wp\/v2\/posts\/5650\/revisions\/5652"}],"wp:featuredmedia":[{"embeddable":true,"href":"https:\/\/allasorias.hu\/hirek\/wp-json\/wp\/v2\/media\/5651"}],"wp:attachment":[{"href":"https:\/\/allasorias.hu\/hirek\/wp-json\/wp\/v2\/media?parent=5650"}],"wp:term":[{"taxonomy":"category","embeddable":true,"href":"https:\/\/allasorias.hu\/hirek\/wp-json\/wp\/v2\/categories?post=5650"},{"taxonomy":"post_tag","embeddable":true,"href":"https:\/\/allasorias.hu\/hirek\/wp-json\/wp\/v2\/tags?post=5650"}],"curies":[{"name":"wp","href":"https:\/\/api.w.org\/{rel}","templated":true}]}}