{"id":5644,"date":"2022-06-30T07:08:41","date_gmt":"2022-06-30T07:08:41","guid":{"rendered":"https:\/\/allasorias.hu\/hirek\/?p=5644"},"modified":"2022-07-01T07:09:42","modified_gmt":"2022-07-01T07:09:42","slug":"jelentosen-visszaesett-a-jarmugyartasban-dolgozok-szama","status":"publish","type":"post","link":"https:\/\/allasorias.hu\/hirek\/jelentosen-visszaesett-a-jarmugyartasban-dolgozok-szama\/","title":{"rendered":"Jelent\u0151sen visszaesett a j\u00e1rm\u0171gy\u00e1rt\u00e1sban dolgoz\u00f3k sz\u00e1ma"},"content":{"rendered":"<p><strong>M\u00e1jusban m\u00e9g 233 ezer 600 \u00e1ll\u00e1skeres\u0151t tartottak nyilv\u00e1n az orsz\u00e1gban, \u00e1prilisban k\u00f6zel 242 ezret, m\u00e1rciusban pedig 251 ezren voltak azok, akik beker\u00fcltek az NFSZ nyilv\u00e1ntart\u00e1s\u00e1ba. 2022 j\u00fanius\u00e1ban 230 ezer 300-ra cs\u00f6kkent a nyilv\u00e1ntartott \u00e1ll\u00e1skeres\u0151k sz\u00e1ma Magyarorsz\u00e1gon &#8211; der\u00fcl ki a Nemzeti Foglalkoztat\u00e1si Szolg\u00e1lat (NFSZ) adataib\u00f3l. <\/strong><\/p>\n<p>M\u00e1jusban m\u00e9g 233 ezer 600 \u00e1ll\u00e1skeres\u0151t tartottak nyilv\u00e1n az orsz\u00e1gban, \u00e1prilisban k\u00f6zel 242 ezret, m\u00e1rciusban pedig 251 ezren voltak azok, akik beker\u00fcltek az NFSZ nyilv\u00e1ntart\u00e1s\u00e1ba. A koronav\u00edrus-j\u00e1rv\u00e1ny el\u0151tti \u00e1llapothoz k\u00e9pest jelent\u0151sen visszaesett a j\u00e1rm\u0171gy\u00e1rt\u00e1sban dolgoz\u00f3k sz\u00e1ma. A K\u00f6zponti Statisztikai Hivatal (KSH) statisztik\u00e1ib\u00f3l az der\u00fcl ki, hogy m\u00edg 2019-ben m\u00e9g t\u00f6bb mint 181 ezren dolgoztak az \u00e1gazatban, addig tavaly 158 ezerre cs\u00f6kkent ez a sz\u00e1m.<\/p>\n","protected":false},"excerpt":{"rendered":"<p>M\u00e1jusban m\u00e9g 233 ezer 600 \u00e1ll\u00e1skeres\u0151t tartottak nyilv\u00e1n az orsz\u00e1gban, \u00e1prilisban k\u00f6zel 242 ezret, m\u00e1rciusban pedig 251 ezren voltak azok, akik beker\u00fcltek az NFSZ nyilv\u00e1ntart\u00e1s\u00e1ba. 2022 j\u00fanius\u00e1ban 230 ezer 300-ra cs\u00f6kkent a nyilv\u00e1ntartott \u00e1ll\u00e1skeres\u0151k sz\u00e1ma Magyarorsz\u00e1gon &#8211; der\u00fcl ki a Nemzeti Foglalkoztat\u00e1si Szolg\u00e1lat (NFSZ) adataib\u00f3l. M\u00e1jusban m\u00e9g 233 ezer 600 \u00e1ll\u00e1skeres\u0151t tartottak nyilv\u00e1n az orsz\u00e1gban, [&hellip;]<\/p>\n","protected":false},"author":1,"featured_media":5411,"comment_status":"open","ping_status":"open","sticky":false,"template":"","format":"standard","meta":{"_monsterinsights_skip_tracking":false,"footnotes":""},"categories":[1],"tags":[],"class_list":["post-5644","post","type-post","status-publish","format-standard","has-post-thumbnail","hentry","category-allaskereses"],"aioseo_notices":[],"aioseo_head":"\n\t\t<!-- All in One SEO 5.0.0.1 - aioseo.com -->\n\t<meta name=\"description\" content=\"M\u00e1jusban m\u00e9g 233 ezer 600 \u00e1ll\u00e1skeres\u0151t tartottak nyilv\u00e1n az orsz\u00e1gban, \u00e1prilisban k\u00f6zel 242 ezret, m\u00e1rciusban pedig 251 ezren voltak azok, akik beker\u00fcltek az NFSZ nyilv\u00e1ntart\u00e1s\u00e1ba. 2022 j\u00fanius\u00e1ban 230 ezer 300-ra cs\u00f6kkent a nyilv\u00e1ntartott \u00e1ll\u00e1skeres\u0151k sz\u00e1ma Magyarorsz\u00e1gon - der\u00fcl ki a Nemzeti Foglalkoztat\u00e1si Szolg\u00e1lat (NFSZ) adataib\u00f3l. M\u00e1jusban m\u00e9g 233 ezer 600 \u00e1ll\u00e1skeres\u0151t tartottak nyilv\u00e1n az orsz\u00e1gban,\" \/>\n\t<meta name=\"robots\" content=\"max-image-preview:large\" \/>\n\t<meta name=\"author\" content=\"Juh\u00e1sz P\u00e9ter\"\/>\n\t<link rel=\"canonical\" href=\"https:\/\/allasorias.hu\/hirek\/jelentosen-visszaesett-a-jarmugyartasban-dolgozok-szama\/\" \/>\n\t<meta name=\"generator\" content=\"All in One SEO (AIOSEO) 5.0.0.1\" \/>\n\t\t<meta property=\"og:locale\" content=\"hu_HU\" \/>\n\t\t<meta property=\"og:site_name\" content=\"AllasOrias.hu | H\u00edrek-lapszemle | \u00dczleti h\u00edrek az \u00e1ll\u00e1s \u00e9s a munka vil\u00e1g\u00e1b\u00f3l\" \/>\n\t\t<meta property=\"og:type\" content=\"article\" \/>\n\t\t<meta property=\"og:title\" content=\"Jelent\u0151sen visszaesett a j\u00e1rm\u0171gy\u00e1rt\u00e1sban dolgoz\u00f3k sz\u00e1ma | AllasOrias.hu | H\u00edrek-lapszemle\" \/>\n\t\t<meta property=\"og:description\" content=\"M\u00e1jusban m\u00e9g 233 ezer 600 \u00e1ll\u00e1skeres\u0151t tartottak nyilv\u00e1n az orsz\u00e1gban, \u00e1prilisban k\u00f6zel 242 ezret, m\u00e1rciusban pedig 251 ezren voltak azok, akik beker\u00fcltek az NFSZ nyilv\u00e1ntart\u00e1s\u00e1ba. 2022 j\u00fanius\u00e1ban 230 ezer 300-ra cs\u00f6kkent a nyilv\u00e1ntartott \u00e1ll\u00e1skeres\u0151k sz\u00e1ma Magyarorsz\u00e1gon - der\u00fcl ki a Nemzeti Foglalkoztat\u00e1si Szolg\u00e1lat (NFSZ) adataib\u00f3l. M\u00e1jusban m\u00e9g 233 ezer 600 \u00e1ll\u00e1skeres\u0151t tartottak nyilv\u00e1n az orsz\u00e1gban,\" \/>\n\t\t<meta property=\"og:url\" content=\"https:\/\/allasorias.hu\/hirek\/jelentosen-visszaesett-a-jarmugyartasban-dolgozok-szama\/\" \/>\n\t\t<meta property=\"og:image\" content=\"https:\/\/allasorias.hu\/hirek\/wp-content\/uploads\/2022\/02\/row-new-cars-port.jpg\" \/>\n\t\t<meta property=\"og:image:secure_url\" content=\"https:\/\/allasorias.hu\/hirek\/wp-content\/uploads\/2022\/02\/row-new-cars-port.jpg\" \/>\n\t\t<meta property=\"og:image:width\" content=\"1920\" \/>\n\t\t<meta property=\"og:image:height\" content=\"1080\" \/>\n\t\t<meta property=\"article:published_time\" content=\"2022-06-30T07:08:41+00:00\" \/>\n\t\t<meta property=\"article:modified_time\" content=\"2022-07-01T07:09:42+00:00\" \/>\n\t\t<meta property=\"article:publisher\" content=\"https:\/\/www.facebook.com\/allasorias\" \/>\n\t\t<meta name=\"twitter:card\" content=\"summary_large_image\" \/>\n\t\t<meta name=\"twitter:title\" content=\"Jelent\u0151sen visszaesett a j\u00e1rm\u0171gy\u00e1rt\u00e1sban dolgoz\u00f3k sz\u00e1ma | AllasOrias.hu | H\u00edrek-lapszemle\" \/>\n\t\t<meta name=\"twitter:description\" content=\"M\u00e1jusban m\u00e9g 233 ezer 600 \u00e1ll\u00e1skeres\u0151t tartottak nyilv\u00e1n az orsz\u00e1gban, \u00e1prilisban k\u00f6zel 242 ezret, m\u00e1rciusban pedig 251 ezren voltak azok, akik beker\u00fcltek az NFSZ nyilv\u00e1ntart\u00e1s\u00e1ba. 2022 j\u00fanius\u00e1ban 230 ezer 300-ra cs\u00f6kkent a nyilv\u00e1ntartott \u00e1ll\u00e1skeres\u0151k sz\u00e1ma Magyarorsz\u00e1gon - der\u00fcl ki a Nemzeti Foglalkoztat\u00e1si Szolg\u00e1lat (NFSZ) adataib\u00f3l. M\u00e1jusban m\u00e9g 233 ezer 600 \u00e1ll\u00e1skeres\u0151t tartottak nyilv\u00e1n az orsz\u00e1gban,\" \/>\n\t\t<meta name=\"twitter:image\" content=\"https:\/\/allasorias.hu\/hirek\/wp-content\/uploads\/2022\/02\/row-new-cars-port.jpg\" \/>\n\t\t<meta name=\"twitter:label1\" content=\"Written by\" \/>\n\t\t<meta name=\"twitter:data1\" content=\"Juh\u00e1sz P\u00e9ter\" \/>\n\t\t<meta name=\"twitter:label2\" content=\"Est. reading time\" \/>\n\t\t<meta name=\"twitter:data2\" content=\"1 minute\" \/>\n\t\t<script type=\"application\/ld+json\" class=\"aioseo-schema\">\n\t\t\t{\"@context\":\"https:\\\/\\\/schema.org\",\"@graph\":[{\"@type\":\"Article\",\"@id\":\"https:\\\/\\\/allasorias.hu\\\/hirek\\\/jelentosen-visszaesett-a-jarmugyartasban-dolgozok-szama\\\/#article\",\"name\":\"Jelent\\u0151sen visszaesett a j\\u00e1rm\\u0171gy\\u00e1rt\\u00e1sban dolgoz\\u00f3k sz\\u00e1ma | AllasOrias.hu | H\\u00edrek-lapszemle\",\"headline\":\"Jelent\\u0151sen visszaesett a j\\u00e1rm\\u0171gy\\u00e1rt\\u00e1sban dolgoz\\u00f3k sz\\u00e1ma\",\"author\":{\"@id\":\"https:\\\/\\\/allasorias.hu\\\/hirek\\\/author\\\/admin-allasorias\\\/#author\"},\"publisher\":{\"@id\":\"https:\\\/\\\/allasorias.hu\\\/hirek\\\/#organization\"},\"image\":{\"@type\":\"ImageObject\",\"url\":\"https:\\\/\\\/allasorias.hu\\\/hirek\\\/wp-content\\\/uploads\\\/2022\\\/02\\\/row-new-cars-port.jpg\",\"width\":1920,\"height\":1080,\"caption\":\"Row of new cars in port.\"},\"datePublished\":\"2022-06-30T07:08:41+02:00\",\"dateModified\":\"2022-07-01T07:09:42+02:00\",\"inLanguage\":\"hu-HU\",\"mainEntityOfPage\":{\"@id\":\"https:\\\/\\\/allasorias.hu\\\/hirek\\\/jelentosen-visszaesett-a-jarmugyartasban-dolgozok-szama\\\/#webpage\"},\"isPartOf\":{\"@id\":\"https:\\\/\\\/allasorias.hu\\\/hirek\\\/jelentosen-visszaesett-a-jarmugyartasban-dolgozok-szama\\\/#webpage\"},\"articleSection\":\"\\u00c1ll\\u00e1skeres\\u00e9s\"},{\"@type\":\"BreadcrumbList\",\"@id\":\"https:\\\/\\\/allasorias.hu\\\/hirek\\\/jelentosen-visszaesett-a-jarmugyartasban-dolgozok-szama\\\/#breadcrumblist\",\"itemListElement\":[{\"@type\":\"ListItem\",\"@id\":\"https:\\\/\\\/allasorias.hu\\\/hirek#listItem\",\"position\":1,\"name\":\"Home\",\"item\":\"https:\\\/\\\/allasorias.hu\\\/hirek\",\"nextItem\":{\"@type\":\"ListItem\",\"@id\":\"https:\\\/\\\/allasorias.hu\\\/hirek\\\/temak\\\/allaskereses\\\/#listItem\",\"name\":\"\\u00c1ll\\u00e1skeres\\u00e9s\"}},{\"@type\":\"ListItem\",\"@id\":\"https:\\\/\\\/allasorias.hu\\\/hirek\\\/temak\\\/allaskereses\\\/#listItem\",\"position\":2,\"name\":\"\\u00c1ll\\u00e1skeres\\u00e9s\",\"item\":\"https:\\\/\\\/allasorias.hu\\\/hirek\\\/temak\\\/allaskereses\\\/\",\"nextItem\":{\"@type\":\"ListItem\",\"@id\":\"https:\\\/\\\/allasorias.hu\\\/hirek\\\/jelentosen-visszaesett-a-jarmugyartasban-dolgozok-szama\\\/#listItem\",\"name\":\"Jelent\\u0151sen visszaesett a j\\u00e1rm\\u0171gy\\u00e1rt\\u00e1sban dolgoz\\u00f3k sz\\u00e1ma\"},\"previousItem\":{\"@type\":\"ListItem\",\"@id\":\"https:\\\/\\\/allasorias.hu\\\/hirek#listItem\",\"name\":\"Home\"}},{\"@type\":\"ListItem\",\"@id\":\"https:\\\/\\\/allasorias.hu\\\/hirek\\\/jelentosen-visszaesett-a-jarmugyartasban-dolgozok-szama\\\/#listItem\",\"position\":3,\"name\":\"Jelent\\u0151sen visszaesett a j\\u00e1rm\\u0171gy\\u00e1rt\\u00e1sban dolgoz\\u00f3k sz\\u00e1ma\",\"previousItem\":{\"@type\":\"ListItem\",\"@id\":\"https:\\\/\\\/allasorias.hu\\\/hirek\\\/temak\\\/allaskereses\\\/#listItem\",\"name\":\"\\u00c1ll\\u00e1skeres\\u00e9s\"}}]},{\"@type\":\"Organization\",\"@id\":\"https:\\\/\\\/allasorias.hu\\\/hirek\\\/#organization\",\"name\":\"AllasOrias.hu | H\\u00edrek-lapszemle\",\"description\":\"\\u00dczleti h\\u00edrek az \\u00e1ll\\u00e1s \\u00e9s a munka vil\\u00e1g\\u00e1b\\u00f3l\",\"url\":\"https:\\\/\\\/allasorias.hu\\\/hirek\\\/\",\"logo\":{\"@type\":\"ImageObject\",\"url\":\"https:\\\/\\\/allasorias.hu\\\/hirek\\\/wp-content\\\/uploads\\\/2022\\\/10\\\/allasorias_site_facebok_logo.png\",\"@id\":\"https:\\\/\\\/allasorias.hu\\\/hirek\\\/jelentosen-visszaesett-a-jarmugyartasban-dolgozok-szama\\\/#organizationLogo\"},\"image\":{\"@id\":\"https:\\\/\\\/allasorias.hu\\\/hirek\\\/jelentosen-visszaesett-a-jarmugyartasban-dolgozok-szama\\\/#organizationLogo\"},\"sameAs\":[\"https:\\\/\\\/www.facebook.com\\\/allasorias\",\"https:\\\/\\\/www.linkedin.com\\\/company\\\/allasorias\"]},{\"@type\":\"Person\",\"@id\":\"https:\\\/\\\/allasorias.hu\\\/hirek\\\/author\\\/admin-allasorias\\\/#author\",\"url\":\"https:\\\/\\\/allasorias.hu\\\/hirek\\\/author\\\/admin-allasorias\\\/\",\"name\":\"Juh\\u00e1sz P\\u00e9ter\",\"image\":{\"@type\":\"ImageObject\",\"@id\":\"https:\\\/\\\/allasorias.hu\\\/hirek\\\/jelentosen-visszaesett-a-jarmugyartasban-dolgozok-szama\\\/#authorImage\",\"url\":\"https:\\\/\\\/secure.gravatar.com\\\/avatar\\\/36e6bcb83148978b992977cb0f54d22feb0cce8a0a849a9410532bb2623ba4c6?s=96&d=mm&r=g\",\"width\":96,\"height\":96,\"caption\":\"Juh\\u00e1sz P\\u00e9ter\"}},{\"@type\":\"WebPage\",\"@id\":\"https:\\\/\\\/allasorias.hu\\\/hirek\\\/jelentosen-visszaesett-a-jarmugyartasban-dolgozok-szama\\\/#webpage\",\"url\":\"https:\\\/\\\/allasorias.hu\\\/hirek\\\/jelentosen-visszaesett-a-jarmugyartasban-dolgozok-szama\\\/\",\"name\":\"Jelent\\u0151sen visszaesett a j\\u00e1rm\\u0171gy\\u00e1rt\\u00e1sban dolgoz\\u00f3k sz\\u00e1ma | AllasOrias.hu | H\\u00edrek-lapszemle\",\"description\":\"M\\u00e1jusban m\\u00e9g 233 ezer 600 \\u00e1ll\\u00e1skeres\\u0151t tartottak nyilv\\u00e1n az orsz\\u00e1gban, \\u00e1prilisban k\\u00f6zel 242 ezret, m\\u00e1rciusban pedig 251 ezren voltak azok, akik beker\\u00fcltek az NFSZ nyilv\\u00e1ntart\\u00e1s\\u00e1ba. 2022 j\\u00fanius\\u00e1ban 230 ezer 300-ra cs\\u00f6kkent a nyilv\\u00e1ntartott \\u00e1ll\\u00e1skeres\\u0151k sz\\u00e1ma Magyarorsz\\u00e1gon - der\\u00fcl ki a Nemzeti Foglalkoztat\\u00e1si Szolg\\u00e1lat (NFSZ) adataib\\u00f3l. M\\u00e1jusban m\\u00e9g 233 ezer 600 \\u00e1ll\\u00e1skeres\\u0151t tartottak nyilv\\u00e1n az orsz\\u00e1gban,\",\"inLanguage\":\"hu-HU\",\"isPartOf\":{\"@id\":\"https:\\\/\\\/allasorias.hu\\\/hirek\\\/#website\"},\"breadcrumb\":{\"@id\":\"https:\\\/\\\/allasorias.hu\\\/hirek\\\/jelentosen-visszaesett-a-jarmugyartasban-dolgozok-szama\\\/#breadcrumblist\"},\"author\":{\"@id\":\"https:\\\/\\\/allasorias.hu\\\/hirek\\\/author\\\/admin-allasorias\\\/#author\"},\"creator\":{\"@id\":\"https:\\\/\\\/allasorias.hu\\\/hirek\\\/author\\\/admin-allasorias\\\/#author\"},\"image\":{\"@type\":\"ImageObject\",\"url\":\"https:\\\/\\\/allasorias.hu\\\/hirek\\\/wp-content\\\/uploads\\\/2022\\\/02\\\/row-new-cars-port.jpg\",\"@id\":\"https:\\\/\\\/allasorias.hu\\\/hirek\\\/jelentosen-visszaesett-a-jarmugyartasban-dolgozok-szama\\\/#mainImage\",\"width\":1920,\"height\":1080,\"caption\":\"Row of new cars in port.\"},\"primaryImageOfPage\":{\"@id\":\"https:\\\/\\\/allasorias.hu\\\/hirek\\\/jelentosen-visszaesett-a-jarmugyartasban-dolgozok-szama\\\/#mainImage\"},\"datePublished\":\"2022-06-30T07:08:41+02:00\",\"dateModified\":\"2022-07-01T07:09:42+02:00\"},{\"@type\":\"WebSite\",\"@id\":\"https:\\\/\\\/allasorias.hu\\\/hirek\\\/#website\",\"url\":\"https:\\\/\\\/allasorias.hu\\\/hirek\\\/\",\"name\":\"AllasOrias.hu | H\\u00edrek-lapszemle\",\"description\":\"\\u00dczleti h\\u00edrek az \\u00e1ll\\u00e1s \\u00e9s a munka vil\\u00e1g\\u00e1b\\u00f3l\",\"inLanguage\":\"hu-HU\",\"publisher\":{\"@id\":\"https:\\\/\\\/allasorias.hu\\\/hirek\\\/#organization\"}}]}\n\t\t<\/script>\n\t\t<!-- All in One SEO -->\n\n","aioseo_head_json":{"title":"Jelent\u0151sen visszaesett a j\u00e1rm\u0171gy\u00e1rt\u00e1sban dolgoz\u00f3k sz\u00e1ma | AllasOrias.hu | H\u00edrek-lapszemle","description":"M\u00e1jusban m\u00e9g 233 ezer 600 \u00e1ll\u00e1skeres\u0151t tartottak nyilv\u00e1n az orsz\u00e1gban, \u00e1prilisban k\u00f6zel 242 ezret, m\u00e1rciusban pedig 251 ezren voltak azok, akik beker\u00fcltek az NFSZ nyilv\u00e1ntart\u00e1s\u00e1ba. 2022 j\u00fanius\u00e1ban 230 ezer 300-ra cs\u00f6kkent a nyilv\u00e1ntartott \u00e1ll\u00e1skeres\u0151k sz\u00e1ma Magyarorsz\u00e1gon - der\u00fcl ki a Nemzeti Foglalkoztat\u00e1si Szolg\u00e1lat (NFSZ) adataib\u00f3l. M\u00e1jusban m\u00e9g 233 ezer 600 \u00e1ll\u00e1skeres\u0151t tartottak nyilv\u00e1n az orsz\u00e1gban,","canonical_url":"https:\/\/allasorias.hu\/hirek\/jelentosen-visszaesett-a-jarmugyartasban-dolgozok-szama\/","robots":"max-image-preview:large","keywords":"","webmasterTools":{"miscellaneous":""},"schema":{"@context":"https:\/\/schema.org","@graph":[{"@type":"Article","@id":"https:\/\/allasorias.hu\/hirek\/jelentosen-visszaesett-a-jarmugyartasban-dolgozok-szama\/#article","name":"Jelent\u0151sen visszaesett a j\u00e1rm\u0171gy\u00e1rt\u00e1sban dolgoz\u00f3k sz\u00e1ma | AllasOrias.hu | H\u00edrek-lapszemle","headline":"Jelent\u0151sen visszaesett a j\u00e1rm\u0171gy\u00e1rt\u00e1sban dolgoz\u00f3k sz\u00e1ma","author":{"@id":"https:\/\/allasorias.hu\/hirek\/author\/admin-allasorias\/#author"},"publisher":{"@id":"https:\/\/allasorias.hu\/hirek\/#organization"},"image":{"@type":"ImageObject","url":"https:\/\/allasorias.hu\/hirek\/wp-content\/uploads\/2022\/02\/row-new-cars-port.jpg","width":1920,"height":1080,"caption":"Row of new cars in port."},"datePublished":"2022-06-30T07:08:41+02:00","dateModified":"2022-07-01T07:09:42+02:00","inLanguage":"hu-HU","mainEntityOfPage":{"@id":"https:\/\/allasorias.hu\/hirek\/jelentosen-visszaesett-a-jarmugyartasban-dolgozok-szama\/#webpage"},"isPartOf":{"@id":"https:\/\/allasorias.hu\/hirek\/jelentosen-visszaesett-a-jarmugyartasban-dolgozok-szama\/#webpage"},"articleSection":"\u00c1ll\u00e1skeres\u00e9s"},{"@type":"BreadcrumbList","@id":"https:\/\/allasorias.hu\/hirek\/jelentosen-visszaesett-a-jarmugyartasban-dolgozok-szama\/#breadcrumblist","itemListElement":[{"@type":"ListItem","@id":"https:\/\/allasorias.hu\/hirek#listItem","position":1,"name":"Home","item":"https:\/\/allasorias.hu\/hirek","nextItem":{"@type":"ListItem","@id":"https:\/\/allasorias.hu\/hirek\/temak\/allaskereses\/#listItem","name":"\u00c1ll\u00e1skeres\u00e9s"}},{"@type":"ListItem","@id":"https:\/\/allasorias.hu\/hirek\/temak\/allaskereses\/#listItem","position":2,"name":"\u00c1ll\u00e1skeres\u00e9s","item":"https:\/\/allasorias.hu\/hirek\/temak\/allaskereses\/","nextItem":{"@type":"ListItem","@id":"https:\/\/allasorias.hu\/hirek\/jelentosen-visszaesett-a-jarmugyartasban-dolgozok-szama\/#listItem","name":"Jelent\u0151sen visszaesett a j\u00e1rm\u0171gy\u00e1rt\u00e1sban dolgoz\u00f3k sz\u00e1ma"},"previousItem":{"@type":"ListItem","@id":"https:\/\/allasorias.hu\/hirek#listItem","name":"Home"}},{"@type":"ListItem","@id":"https:\/\/allasorias.hu\/hirek\/jelentosen-visszaesett-a-jarmugyartasban-dolgozok-szama\/#listItem","position":3,"name":"Jelent\u0151sen visszaesett a j\u00e1rm\u0171gy\u00e1rt\u00e1sban dolgoz\u00f3k sz\u00e1ma","previousItem":{"@type":"ListItem","@id":"https:\/\/allasorias.hu\/hirek\/temak\/allaskereses\/#listItem","name":"\u00c1ll\u00e1skeres\u00e9s"}}]},{"@type":"Organization","@id":"https:\/\/allasorias.hu\/hirek\/#organization","name":"AllasOrias.hu | H\u00edrek-lapszemle","description":"\u00dczleti h\u00edrek az \u00e1ll\u00e1s \u00e9s a munka vil\u00e1g\u00e1b\u00f3l","url":"https:\/\/allasorias.hu\/hirek\/","logo":{"@type":"ImageObject","url":"https:\/\/allasorias.hu\/hirek\/wp-content\/uploads\/2022\/10\/allasorias_site_facebok_logo.png","@id":"https:\/\/allasorias.hu\/hirek\/jelentosen-visszaesett-a-jarmugyartasban-dolgozok-szama\/#organizationLogo"},"image":{"@id":"https:\/\/allasorias.hu\/hirek\/jelentosen-visszaesett-a-jarmugyartasban-dolgozok-szama\/#organizationLogo"},"sameAs":["https:\/\/www.facebook.com\/allasorias","https:\/\/www.linkedin.com\/company\/allasorias"]},{"@type":"Person","@id":"https:\/\/allasorias.hu\/hirek\/author\/admin-allasorias\/#author","url":"https:\/\/allasorias.hu\/hirek\/author\/admin-allasorias\/","name":"Juh\u00e1sz P\u00e9ter","image":{"@type":"ImageObject","@id":"https:\/\/allasorias.hu\/hirek\/jelentosen-visszaesett-a-jarmugyartasban-dolgozok-szama\/#authorImage","url":"https:\/\/secure.gravatar.com\/avatar\/36e6bcb83148978b992977cb0f54d22feb0cce8a0a849a9410532bb2623ba4c6?s=96&d=mm&r=g","width":96,"height":96,"caption":"Juh\u00e1sz P\u00e9ter"}},{"@type":"WebPage","@id":"https:\/\/allasorias.hu\/hirek\/jelentosen-visszaesett-a-jarmugyartasban-dolgozok-szama\/#webpage","url":"https:\/\/allasorias.hu\/hirek\/jelentosen-visszaesett-a-jarmugyartasban-dolgozok-szama\/","name":"Jelent\u0151sen visszaesett a j\u00e1rm\u0171gy\u00e1rt\u00e1sban dolgoz\u00f3k sz\u00e1ma | AllasOrias.hu | H\u00edrek-lapszemle","description":"M\u00e1jusban m\u00e9g 233 ezer 600 \u00e1ll\u00e1skeres\u0151t tartottak nyilv\u00e1n az orsz\u00e1gban, \u00e1prilisban k\u00f6zel 242 ezret, m\u00e1rciusban pedig 251 ezren voltak azok, akik beker\u00fcltek az NFSZ nyilv\u00e1ntart\u00e1s\u00e1ba. 2022 j\u00fanius\u00e1ban 230 ezer 300-ra cs\u00f6kkent a nyilv\u00e1ntartott \u00e1ll\u00e1skeres\u0151k sz\u00e1ma Magyarorsz\u00e1gon - der\u00fcl ki a Nemzeti Foglalkoztat\u00e1si Szolg\u00e1lat (NFSZ) adataib\u00f3l. M\u00e1jusban m\u00e9g 233 ezer 600 \u00e1ll\u00e1skeres\u0151t tartottak nyilv\u00e1n az orsz\u00e1gban,","inLanguage":"hu-HU","isPartOf":{"@id":"https:\/\/allasorias.hu\/hirek\/#website"},"breadcrumb":{"@id":"https:\/\/allasorias.hu\/hirek\/jelentosen-visszaesett-a-jarmugyartasban-dolgozok-szama\/#breadcrumblist"},"author":{"@id":"https:\/\/allasorias.hu\/hirek\/author\/admin-allasorias\/#author"},"creator":{"@id":"https:\/\/allasorias.hu\/hirek\/author\/admin-allasorias\/#author"},"image":{"@type":"ImageObject","url":"https:\/\/allasorias.hu\/hirek\/wp-content\/uploads\/2022\/02\/row-new-cars-port.jpg","@id":"https:\/\/allasorias.hu\/hirek\/jelentosen-visszaesett-a-jarmugyartasban-dolgozok-szama\/#mainImage","width":1920,"height":1080,"caption":"Row of new cars in port."},"primaryImageOfPage":{"@id":"https:\/\/allasorias.hu\/hirek\/jelentosen-visszaesett-a-jarmugyartasban-dolgozok-szama\/#mainImage"},"datePublished":"2022-06-30T07:08:41+02:00","dateModified":"2022-07-01T07:09:42+02:00"},{"@type":"WebSite","@id":"https:\/\/allasorias.hu\/hirek\/#website","url":"https:\/\/allasorias.hu\/hirek\/","name":"AllasOrias.hu | H\u00edrek-lapszemle","description":"\u00dczleti h\u00edrek az \u00e1ll\u00e1s \u00e9s a munka vil\u00e1g\u00e1b\u00f3l","inLanguage":"hu-HU","publisher":{"@id":"https:\/\/allasorias.hu\/hirek\/#organization"}}]},"og:locale":"hu_HU","og:site_name":"AllasOrias.hu | H\u00edrek-lapszemle | \u00dczleti h\u00edrek az \u00e1ll\u00e1s \u00e9s a munka vil\u00e1g\u00e1b\u00f3l","og:type":"article","og:title":"Jelent\u0151sen visszaesett a j\u00e1rm\u0171gy\u00e1rt\u00e1sban dolgoz\u00f3k sz\u00e1ma | AllasOrias.hu | H\u00edrek-lapszemle","og:description":"M\u00e1jusban m\u00e9g 233 ezer 600 \u00e1ll\u00e1skeres\u0151t tartottak nyilv\u00e1n az orsz\u00e1gban, \u00e1prilisban k\u00f6zel 242 ezret, m\u00e1rciusban pedig 251 ezren voltak azok, akik beker\u00fcltek az NFSZ nyilv\u00e1ntart\u00e1s\u00e1ba. 2022 j\u00fanius\u00e1ban 230 ezer 300-ra cs\u00f6kkent a nyilv\u00e1ntartott \u00e1ll\u00e1skeres\u0151k sz\u00e1ma Magyarorsz\u00e1gon - der\u00fcl ki a Nemzeti Foglalkoztat\u00e1si Szolg\u00e1lat (NFSZ) adataib\u00f3l. M\u00e1jusban m\u00e9g 233 ezer 600 \u00e1ll\u00e1skeres\u0151t tartottak nyilv\u00e1n az orsz\u00e1gban,","og:url":"https:\/\/allasorias.hu\/hirek\/jelentosen-visszaesett-a-jarmugyartasban-dolgozok-szama\/","og:image":"https:\/\/allasorias.hu\/hirek\/wp-content\/uploads\/2022\/02\/row-new-cars-port.jpg","og:image:secure_url":"https:\/\/allasorias.hu\/hirek\/wp-content\/uploads\/2022\/02\/row-new-cars-port.jpg","og:image:width":1920,"og:image:height":1080,"article:published_time":"2022-06-30T07:08:41+00:00","article:modified_time":"2022-07-01T07:09:42+00:00","article:publisher":"https:\/\/www.facebook.com\/allasorias","twitter:card":"summary_large_image","twitter:title":"Jelent\u0151sen visszaesett a j\u00e1rm\u0171gy\u00e1rt\u00e1sban dolgoz\u00f3k sz\u00e1ma | AllasOrias.hu | H\u00edrek-lapszemle","twitter:description":"M\u00e1jusban m\u00e9g 233 ezer 600 \u00e1ll\u00e1skeres\u0151t tartottak nyilv\u00e1n az orsz\u00e1gban, \u00e1prilisban k\u00f6zel 242 ezret, m\u00e1rciusban pedig 251 ezren voltak azok, akik beker\u00fcltek az NFSZ nyilv\u00e1ntart\u00e1s\u00e1ba. 2022 j\u00fanius\u00e1ban 230 ezer 300-ra cs\u00f6kkent a nyilv\u00e1ntartott \u00e1ll\u00e1skeres\u0151k sz\u00e1ma Magyarorsz\u00e1gon - der\u00fcl ki a Nemzeti Foglalkoztat\u00e1si Szolg\u00e1lat (NFSZ) adataib\u00f3l. M\u00e1jusban m\u00e9g 233 ezer 600 \u00e1ll\u00e1skeres\u0151t tartottak nyilv\u00e1n az orsz\u00e1gban,","twitter:image":"https:\/\/allasorias.hu\/hirek\/wp-content\/uploads\/2022\/02\/row-new-cars-port.jpg","twitter:label1":"Written by","twitter:data1":"Juh\u00e1sz P\u00e9ter","twitter:label2":"Est. reading time","twitter:data2":"1 minute"},"aioseo_meta_data":{"post_id":"5644","title":null,"description":null,"keywords":[],"keyphrases":{"focus":{"keyphrase":"","score":0,"analysis":{"keyphraseInTitle":{"score":0,"maxScore":9,"error":1}}},"additional":[]},"primary_term":null,"canonical_url":null,"og_title":null,"og_description":null,"og_object_type":"default","og_image_type":"default","og_image_url":null,"og_image_width":null,"og_image_height":null,"og_image_custom_url":null,"og_image_custom_fields":null,"og_video":"","og_custom_url":null,"og_article_section":null,"og_article_tags":[],"twitter_use_og":false,"twitter_card":"default","twitter_image_type":"default","twitter_image_url":null,"twitter_image_custom_url":null,"twitter_image_custom_fields":null,"twitter_title":null,"twitter_description":null,"schema":{"blockGraphs":[],"customGraphs":[],"default":{"data":{"Article":[],"Course":[],"Dataset":[],"FAQPage":[],"Movie":[],"Person":[],"Product":[],"ProductReview":[],"Car":[],"Recipe":[],"Service":[],"SoftwareApplication":[],"WebPage":[]},"graphName":"","isEnabled":true},"graphs":[]},"schema_type":"default","schema_type_options":"{\"article\":{\"articleType\":\"BlogPosting\"},\"course\":{\"name\":\"\",\"description\":\"\",\"provider\":\"\"},\"faq\":{\"pages\":[]},\"product\":{\"reviews\":[]},\"recipe\":{\"ingredients\":[],\"instructions\":[],\"keywords\":[]},\"software\":{\"reviews\":[],\"operatingSystems\":[]},\"webPage\":{\"webPageType\":\"WebPage\"}}","pillar_content":false,"robots_default":true,"robots_noindex":false,"robots_noarchive":false,"robots_nosnippet":false,"robots_nofollow":false,"robots_noimageindex":false,"robots_noodp":false,"robots_notranslate":false,"robots_max_snippet":"-1","robots_max_videopreview":"-1","robots_max_imagepreview":"large","priority":null,"frequency":"default","location":null,"local_seo":null,"breadcrumb_settings":null,"limit_modified_date":false,"ai":null,"created":"2022-07-01 06:59:54","updated":"2025-10-02 17:02:22","seo_analyzer_scan_date":null,"focus_keyword":null,"additional_keywords":null,"truseo_locale":null},"aioseo_breadcrumb":"<div class=\"aioseo-breadcrumbs\"><span class=\"aioseo-breadcrumb\">\n\t\t\t<a href=\"https:\/\/allasorias.hu\/hirek\" title=\"Home\">Home<\/a>\n\t\t<\/span><span class=\"aioseo-breadcrumb-separator\">&raquo;<\/span><span class=\"aioseo-breadcrumb\">\n\t\t\t<a href=\"https:\/\/allasorias.hu\/hirek\/temak\/allaskereses\/\" title=\"\u00c1ll\u00e1skeres\u00e9s\">\u00c1ll\u00e1skeres\u00e9s<\/a>\n\t\t<\/span><span class=\"aioseo-breadcrumb-separator\">&raquo;<\/span><span class=\"aioseo-breadcrumb\">\n\t\t\tJelent\u0151sen visszaesett a j\u00e1rm\u0171gy\u00e1rt\u00e1sban dolgoz\u00f3k sz\u00e1ma\n\t\t<\/span><\/div>","aioseo_breadcrumb_json":[{"label":"Home","link":"https:\/\/allasorias.hu\/hirek"},{"label":"\u00c1ll\u00e1skeres\u00e9s","link":"https:\/\/allasorias.hu\/hirek\/temak\/allaskereses\/"},{"label":"Jelent\u0151sen visszaesett a j\u00e1rm\u0171gy\u00e1rt\u00e1sban dolgoz\u00f3k sz\u00e1ma","link":"https:\/\/allasorias.hu\/hirek\/jelentosen-visszaesett-a-jarmugyartasban-dolgozok-szama\/"}],"_links":{"self":[{"href":"https:\/\/allasorias.hu\/hirek\/wp-json\/wp\/v2\/posts\/5644","targetHints":{"allow":["GET"]}}],"collection":[{"href":"https:\/\/allasorias.hu\/hirek\/wp-json\/wp\/v2\/posts"}],"about":[{"href":"https:\/\/allasorias.hu\/hirek\/wp-json\/wp\/v2\/types\/post"}],"author":[{"embeddable":true,"href":"https:\/\/allasorias.hu\/hirek\/wp-json\/wp\/v2\/users\/1"}],"replies":[{"embeddable":true,"href":"https:\/\/allasorias.hu\/hirek\/wp-json\/wp\/v2\/comments?post=5644"}],"version-history":[{"count":1,"href":"https:\/\/allasorias.hu\/hirek\/wp-json\/wp\/v2\/posts\/5644\/revisions"}],"predecessor-version":[{"id":5645,"href":"https:\/\/allasorias.hu\/hirek\/wp-json\/wp\/v2\/posts\/5644\/revisions\/5645"}],"wp:featuredmedia":[{"embeddable":true,"href":"https:\/\/allasorias.hu\/hirek\/wp-json\/wp\/v2\/media\/5411"}],"wp:attachment":[{"href":"https:\/\/allasorias.hu\/hirek\/wp-json\/wp\/v2\/media?parent=5644"}],"wp:term":[{"taxonomy":"category","embeddable":true,"href":"https:\/\/allasorias.hu\/hirek\/wp-json\/wp\/v2\/categories?post=5644"},{"taxonomy":"post_tag","embeddable":true,"href":"https:\/\/allasorias.hu\/hirek\/wp-json\/wp\/v2\/tags?post=5644"}],"curies":[{"name":"wp","href":"https:\/\/api.w.org\/{rel}","templated":true}]}}