{"id":5627,"date":"2022-06-21T08:14:15","date_gmt":"2022-06-21T08:14:15","guid":{"rendered":"https:\/\/allasorias.hu\/hirek\/?p=5627"},"modified":"2022-06-21T08:14:15","modified_gmt":"2022-06-21T08:14:15","slug":"megoldas-a-szakertoi-munkaerohianyra","status":"publish","type":"post","link":"https:\/\/allasorias.hu\/hirek\/megoldas-a-szakertoi-munkaerohianyra\/","title":{"rendered":"Megold\u00e1s a szak\u00e9rt\u0151i munkaer\u0151hi\u00e1nyra"},"content":{"rendered":"<p><strong>A KSH legfrissebb adatai alapj\u00e1n Magyarorsz\u00e1gon 86 000 bet\u00f6ltetlen munkahely volt 2022 els\u0151 negyed\u00e9v\u00e9ben ami 39%-kal volt magasabb az el\u0151z\u0151 \u00e9v azonos id\u0151szak\u00e1hoz k\u00e9pest. A n\u00f6vekv\u0151 munkaer\u0151hi\u00e1ny kiemelten jelent\u0151ss\u00e9 v\u00e1lik olyan szektorokban, ahol szakk\u00e9pzett munkaer\u0151 sz\u00fcks\u00e9ges. Ennek k\u00f6vetkezt\u00e9ben a toborz\u00e1si csatorn\u00e1k b\u0151v\u00edt\u00e9se \u00e9s a kiv\u00e1laszt\u00e1si proced\u00far\u00e1k idej\u00e9nek cs\u00f6kkent\u00e9se ker\u00fclt el\u0151t\u00e9rbe a legt\u00f6bb v\u00e1llalatn\u00e1l.<\/strong><\/p>\n<p>A k\u00fclf\u00f6ld\u00f6n tanul\u00f3 magyar fiatalok lehetnek a megold\u00e1s az egyre n\u00f6vekv\u0151 szak\u00e9rt\u0151i munkaer\u0151hi\u00e1nyra Magyarorsz\u00e1gon egy \u00faj magyar startup szerint. A Hungary Hiring Platform, amelynek alap\u00edt\u00f3i maguk is k\u00fclf\u00f6ld\u00f6n tanultak, a k\u00fclf\u00f6ld\u00f6n megszerzett tud\u00e1st hozn\u00e1 haza \u00e9s integr\u00e1ln\u00e1 a magyar munkaer\u0151piacon. A v\u00e1llalkoz\u00e1s hogy nem csak ismerteti a magyarorsz\u00e1gi munkalehet\u0151s\u00e9geket a k\u00fclf\u00f6ld\u00f6n tanul\u00f3 magyar di\u00e1koknak, hanem hat\u00e9konyan k\u00f6ti \u00f6ssze a kvalifik\u00e1lt munkaer\u0151t keres\u0151 magyarorsz\u00e1gi c\u00e9gekkel Ezt mutatja a HR Radar felm\u00e9r\u00e9se is, amelyben a 214 szakember a munkaer\u0151-felv\u00e9telt \u00e9s -megtart\u00e1st identifik\u00e1lta mint a legfontosabb c\u00e9lkit\u0171z\u00e9st 2022-ben. Erre a probl\u00e9m\u00e1ra pr\u00f3b\u00e1l alternat\u00edv megold\u00e1st biztos\u00edtani a Hungary Hiring csapata, akik a k\u00fclf\u00f6ld\u00f6n tanul\u00f3 fiatalokra koncentr\u00e1lnak.\u00a0 Pazarl\u00e1s nem \u00e9lni ezzel a min\u0151s\u00e9gi hum\u00e1n er\u0151vel, amelyben annyi lehet\u0151s\u00e9g rejlik. A k\u00fclf\u00f6ld\u00f6n tanul\u00f3 magyar di\u00e1kok 84%-a hazat\u00e9rne a tanulm\u00e1nyai ut\u00e1n, csak nem tudja milyen lehet\u0151s\u00e9gek v\u00e1rj\u00e1k itthon. Mi ez a h\u00edd k\u00edv\u00e1nunk lenni a munkaer\u0151piac \u00e9s a fiatal diplom\u00e1sok k\u00f6z\u00f6tt. fejtette ki Karagich B\u00e1lint, a c\u00e9g t\u00e1rs-\u00fcgyvezet\u0151 igazgat\u00f3ja. Hisz\u00fcnk abban, hogy a k\u00fclf\u00f6ld\u00f6n v\u00e9gzett magyar di\u00e1kok egyedi tud\u00e1sa \u00e9s amb\u00edci\u00f3ja, p\u00e1ratlan win-win lehet\u0151s\u00e9geket biztos\u00edt a magyar v\u00e1llalati szf\u00e9ra \u00e9s a fiatalok sz\u00e1m\u00e1ra egyar\u00e1nt. \u00daj platformukkal, a Hungary Hiring csapata nyerte meg a p\u00e9nteken megtartott Start Program startup verseny\u00e9t. A Start Program a Nemzeti Tehets\u00e9g K\u00f6zpont \u00e9s a Design Terminal magyar nyelv\u0171 \u00f6szt\u00f6nd\u00edj programja, amely sor\u00e1n a csapatok szem\u00e9lyre szabott mentor\u00e1l\u00e1ssal \u00e9s workshopokkal v\u00e1lthatj\u00e1k elk\u00e9pzel\u00e9sb\u0151l val\u00f3s\u00e1gg\u00e1 az \u00f6tlet\u00fcket. A program v\u00e9g\u00e9n 19 kezd\u0151 v\u00e1llalkoz\u00e1s m\u00e9rte \u00f6ssze az \u00f6tlet\u00e9t, terveit \u00e9s tud\u00e1s\u00e1t, egy eg\u00e9sz napos pitch verseny keretein bel\u00fcl, amelyeket egy szak\u00e9rt\u0151i zs\u0171ri \u00e9rt\u00e9kelt. A Hungary Hiring alapja egy viselked\u00e9ses adattudom\u00e1nyon alapul\u00f3 munkaer\u0151k\u00f6zvet\u00edt\u0151 platform, amely gyorsan \u00e9s egyenesen k\u00f6ti \u00f6ssze legtehets\u00e9gesebb magyar fiatalokat a magyar munkaer\u0151piaccal. Az innovat\u00edv aj\u00e1nl\u00f3 rendszer a k\u00e9pess\u00e9gekre helyezi a hangs\u00falyt, amely el\u0151seg\u00edti, hogy a c\u00e9gek megtal\u00e1lj\u00e1k a poz\u00edci\u00f3ra legalkalmasabb munkakeres\u0151t, a diplom\u00e1sok pedig a hozz\u00e1juk ill\u0151 poz\u00edci\u00f3t. A platform fel\u00e9p\u00edt\u00e9se lehet\u0151v\u00e9 teszi, hogy a fiatalok \u00e9s c\u00e9gek biztons\u00e1gos k\u00f6rnyezetben, rekl\u00e1mok \u00e9s adathal\u00e1szat n\u00e9lk\u00fcl tudj\u00e1k felvenni a kapcsolatot egym\u00e1ssal. \u201cHossz\u00fa t\u00e1v\u00fa c\u00e9ljaink k\u00f6z\u00e9 tartozik, hogy ne csak a diplom\u00e1sok, hanem az az \u00e9vente 26-28 ezer hazat\u00e9r\u0151 tapasztalt magyar munkav\u00e1llal\u00f3 is a mi platformunkon kereszt\u00fcl tudjon lehet\u0151s\u00e9geket tal\u00e1lni \u00e9s elhelyezkedni, hiszen \u0151k is hasonl\u00f3 probl\u00e9m\u00e1kkal k\u00fczdenek, mint a di\u00e1kok.\u201d mondta el Pirityi Soma t\u00e1rsigazgat\u00f3. A Hungary Hiring csapata szorosan egy\u00fcttm\u0171k\u00f6dik a Hungarian Youth Association-nel, a k\u00fclf\u00f6ld\u00f6n tanul\u00f3 magyar fiatalokat k\u00e9pvisel\u0151 szervezettel. A szervezet jelenleg 7000 di\u00e1kot fog \u00f6ssze 12 orsz\u00e1gban, ennek k\u00f6sz\u00f6nhet\u0151en a Hungary Hiring platformj\u00e1nak egyedi el\u00e9r\u00e9st biztos\u00edt a k\u00fclf\u00f6ld\u00f6n tanul\u00f3 leend\u0151 munkav\u00e1llal\u00f3k k\u00f6r\u00e9ben.<\/p>\n<p>Forr\u00e1s: novekedes.hu<\/p>\n","protected":false},"excerpt":{"rendered":"<p>A KSH legfrissebb adatai alapj\u00e1n Magyarorsz\u00e1gon 86 000 bet\u00f6ltetlen munkahely volt 2022 els\u0151 negyed\u00e9v\u00e9ben ami 39%-kal volt magasabb az el\u0151z\u0151 \u00e9v azonos id\u0151szak\u00e1hoz k\u00e9pest. A n\u00f6vekv\u0151 munkaer\u0151hi\u00e1ny kiemelten jelent\u0151ss\u00e9 v\u00e1lik olyan szektorokban, ahol szakk\u00e9pzett munkaer\u0151 sz\u00fcks\u00e9ges. Ennek k\u00f6vetkezt\u00e9ben a toborz\u00e1si csatorn\u00e1k b\u0151v\u00edt\u00e9se \u00e9s a kiv\u00e1laszt\u00e1si proced\u00far\u00e1k idej\u00e9nek cs\u00f6kkent\u00e9se ker\u00fclt el\u0151t\u00e9rbe a legt\u00f6bb v\u00e1llalatn\u00e1l. A k\u00fclf\u00f6ld\u00f6n [&hellip;]<\/p>\n","protected":false},"author":1,"featured_media":4062,"comment_status":"open","ping_status":"open","sticky":false,"template":"","format":"standard","meta":{"_monsterinsights_skip_tracking":false,"footnotes":""},"categories":[200],"tags":[],"class_list":["post-5627","post","type-post","status-publish","format-standard","has-post-thumbnail","hentry","category-munkaeropiac"],"aioseo_notices":[],"aioseo_head":"\n\t\t<!-- All in One SEO 5.0.0.1 - aioseo.com -->\n\t<meta name=\"description\" content=\"A KSH legfrissebb adatai alapj\u00e1n Magyarorsz\u00e1gon 86 000 bet\u00f6ltetlen munkahely volt 2022 els\u0151 negyed\u00e9v\u00e9ben ami 39%-kal volt magasabb az el\u0151z\u0151 \u00e9v azonos id\u0151szak\u00e1hoz k\u00e9pest. A n\u00f6vekv\u0151 munkaer\u0151hi\u00e1ny kiemelten jelent\u0151ss\u00e9 v\u00e1lik olyan szektorokban, ahol szakk\u00e9pzett munkaer\u0151 sz\u00fcks\u00e9ges. Ennek k\u00f6vetkezt\u00e9ben a toborz\u00e1si csatorn\u00e1k b\u0151v\u00edt\u00e9se \u00e9s a kiv\u00e1laszt\u00e1si proced\u00far\u00e1k idej\u00e9nek cs\u00f6kkent\u00e9se ker\u00fclt el\u0151t\u00e9rbe a legt\u00f6bb v\u00e1llalatn\u00e1l. A k\u00fclf\u00f6ld\u00f6n\" \/>\n\t<meta name=\"robots\" content=\"max-image-preview:large\" \/>\n\t<meta name=\"author\" content=\"Juh\u00e1sz P\u00e9ter\"\/>\n\t<link rel=\"canonical\" href=\"https:\/\/allasorias.hu\/hirek\/megoldas-a-szakertoi-munkaerohianyra\/\" \/>\n\t<meta name=\"generator\" content=\"All in One SEO (AIOSEO) 5.0.0.1\" \/>\n\t\t<meta property=\"og:locale\" content=\"hu_HU\" \/>\n\t\t<meta property=\"og:site_name\" content=\"AllasOrias.hu | H\u00edrek-lapszemle | \u00dczleti h\u00edrek az \u00e1ll\u00e1s \u00e9s a munka vil\u00e1g\u00e1b\u00f3l\" \/>\n\t\t<meta property=\"og:type\" content=\"article\" \/>\n\t\t<meta property=\"og:title\" content=\"Megold\u00e1s a szak\u00e9rt\u0151i munkaer\u0151hi\u00e1nyra | AllasOrias.hu | H\u00edrek-lapszemle\" \/>\n\t\t<meta property=\"og:description\" content=\"A KSH legfrissebb adatai alapj\u00e1n Magyarorsz\u00e1gon 86 000 bet\u00f6ltetlen munkahely volt 2022 els\u0151 negyed\u00e9v\u00e9ben ami 39%-kal volt magasabb az el\u0151z\u0151 \u00e9v azonos id\u0151szak\u00e1hoz k\u00e9pest. A n\u00f6vekv\u0151 munkaer\u0151hi\u00e1ny kiemelten jelent\u0151ss\u00e9 v\u00e1lik olyan szektorokban, ahol szakk\u00e9pzett munkaer\u0151 sz\u00fcks\u00e9ges. Ennek k\u00f6vetkezt\u00e9ben a toborz\u00e1si csatorn\u00e1k b\u0151v\u00edt\u00e9se \u00e9s a kiv\u00e1laszt\u00e1si proced\u00far\u00e1k idej\u00e9nek cs\u00f6kkent\u00e9se ker\u00fclt el\u0151t\u00e9rbe a legt\u00f6bb v\u00e1llalatn\u00e1l. A k\u00fclf\u00f6ld\u00f6n\" \/>\n\t\t<meta property=\"og:url\" content=\"https:\/\/allasorias.hu\/hirek\/megoldas-a-szakertoi-munkaerohianyra\/\" \/>\n\t\t<meta property=\"og:image\" content=\"https:\/\/allasorias.hu\/hirek\/wp-content\/uploads\/2020\/06\/5294.jpg\" \/>\n\t\t<meta property=\"og:image:secure_url\" content=\"https:\/\/allasorias.hu\/hirek\/wp-content\/uploads\/2020\/06\/5294.jpg\" \/>\n\t\t<meta property=\"og:image:width\" content=\"700\" \/>\n\t\t<meta property=\"og:image:height\" content=\"467\" \/>\n\t\t<meta property=\"article:published_time\" content=\"2022-06-21T08:14:15+00:00\" \/>\n\t\t<meta property=\"article:modified_time\" content=\"2022-06-21T08:14:15+00:00\" \/>\n\t\t<meta property=\"article:publisher\" content=\"https:\/\/www.facebook.com\/allasorias\" \/>\n\t\t<meta name=\"twitter:card\" content=\"summary_large_image\" \/>\n\t\t<meta name=\"twitter:title\" content=\"Megold\u00e1s a szak\u00e9rt\u0151i munkaer\u0151hi\u00e1nyra | AllasOrias.hu | H\u00edrek-lapszemle\" \/>\n\t\t<meta name=\"twitter:description\" content=\"A KSH legfrissebb adatai alapj\u00e1n Magyarorsz\u00e1gon 86 000 bet\u00f6ltetlen munkahely volt 2022 els\u0151 negyed\u00e9v\u00e9ben ami 39%-kal volt magasabb az el\u0151z\u0151 \u00e9v azonos id\u0151szak\u00e1hoz k\u00e9pest. A n\u00f6vekv\u0151 munkaer\u0151hi\u00e1ny kiemelten jelent\u0151ss\u00e9 v\u00e1lik olyan szektorokban, ahol szakk\u00e9pzett munkaer\u0151 sz\u00fcks\u00e9ges. Ennek k\u00f6vetkezt\u00e9ben a toborz\u00e1si csatorn\u00e1k b\u0151v\u00edt\u00e9se \u00e9s a kiv\u00e1laszt\u00e1si proced\u00far\u00e1k idej\u00e9nek cs\u00f6kkent\u00e9se ker\u00fclt el\u0151t\u00e9rbe a legt\u00f6bb v\u00e1llalatn\u00e1l. A k\u00fclf\u00f6ld\u00f6n\" \/>\n\t\t<meta name=\"twitter:image\" content=\"https:\/\/allasorias.hu\/hirek\/wp-content\/uploads\/2020\/06\/5294.jpg\" \/>\n\t\t<meta name=\"twitter:label1\" content=\"Written by\" \/>\n\t\t<meta name=\"twitter:data1\" content=\"Juh\u00e1sz P\u00e9ter\" \/>\n\t\t<meta name=\"twitter:label2\" content=\"Est. reading time\" \/>\n\t\t<meta name=\"twitter:data2\" content=\"3 minutes\" \/>\n\t\t<script type=\"application\/ld+json\" class=\"aioseo-schema\">\n\t\t\t{\"@context\":\"https:\\\/\\\/schema.org\",\"@graph\":[{\"@type\":\"Article\",\"@id\":\"https:\\\/\\\/allasorias.hu\\\/hirek\\\/megoldas-a-szakertoi-munkaerohianyra\\\/#article\",\"name\":\"Megold\\u00e1s a szak\\u00e9rt\\u0151i munkaer\\u0151hi\\u00e1nyra | AllasOrias.hu | H\\u00edrek-lapszemle\",\"headline\":\"Megold\\u00e1s a szak\\u00e9rt\\u0151i munkaer\\u0151hi\\u00e1nyra\",\"author\":{\"@id\":\"https:\\\/\\\/allasorias.hu\\\/hirek\\\/author\\\/admin-allasorias\\\/#author\"},\"publisher\":{\"@id\":\"https:\\\/\\\/allasorias.hu\\\/hirek\\\/#organization\"},\"image\":{\"@type\":\"ImageObject\",\"url\":\"https:\\\/\\\/allasorias.hu\\\/hirek\\\/wp-content\\\/uploads\\\/2020\\\/06\\\/5294.jpg\",\"width\":700,\"height\":467,\"caption\":\"Young successful businessman in suit sitting at workplace, thinking, looking at laptop, office background.\"},\"datePublished\":\"2022-06-21T08:14:15+02:00\",\"dateModified\":\"2022-06-21T08:14:15+02:00\",\"inLanguage\":\"hu-HU\",\"mainEntityOfPage\":{\"@id\":\"https:\\\/\\\/allasorias.hu\\\/hirek\\\/megoldas-a-szakertoi-munkaerohianyra\\\/#webpage\"},\"isPartOf\":{\"@id\":\"https:\\\/\\\/allasorias.hu\\\/hirek\\\/megoldas-a-szakertoi-munkaerohianyra\\\/#webpage\"},\"articleSection\":\"Munkaer\\u0151piac\"},{\"@type\":\"BreadcrumbList\",\"@id\":\"https:\\\/\\\/allasorias.hu\\\/hirek\\\/megoldas-a-szakertoi-munkaerohianyra\\\/#breadcrumblist\",\"itemListElement\":[{\"@type\":\"ListItem\",\"@id\":\"https:\\\/\\\/allasorias.hu\\\/hirek#listItem\",\"position\":1,\"name\":\"Home\",\"item\":\"https:\\\/\\\/allasorias.hu\\\/hirek\",\"nextItem\":{\"@type\":\"ListItem\",\"@id\":\"https:\\\/\\\/allasorias.hu\\\/hirek\\\/temak\\\/munkaeropiac\\\/#listItem\",\"name\":\"Munkaer\\u0151piac\"}},{\"@type\":\"ListItem\",\"@id\":\"https:\\\/\\\/allasorias.hu\\\/hirek\\\/temak\\\/munkaeropiac\\\/#listItem\",\"position\":2,\"name\":\"Munkaer\\u0151piac\",\"item\":\"https:\\\/\\\/allasorias.hu\\\/hirek\\\/temak\\\/munkaeropiac\\\/\",\"nextItem\":{\"@type\":\"ListItem\",\"@id\":\"https:\\\/\\\/allasorias.hu\\\/hirek\\\/megoldas-a-szakertoi-munkaerohianyra\\\/#listItem\",\"name\":\"Megold\\u00e1s a szak\\u00e9rt\\u0151i munkaer\\u0151hi\\u00e1nyra\"},\"previousItem\":{\"@type\":\"ListItem\",\"@id\":\"https:\\\/\\\/allasorias.hu\\\/hirek#listItem\",\"name\":\"Home\"}},{\"@type\":\"ListItem\",\"@id\":\"https:\\\/\\\/allasorias.hu\\\/hirek\\\/megoldas-a-szakertoi-munkaerohianyra\\\/#listItem\",\"position\":3,\"name\":\"Megold\\u00e1s a szak\\u00e9rt\\u0151i munkaer\\u0151hi\\u00e1nyra\",\"previousItem\":{\"@type\":\"ListItem\",\"@id\":\"https:\\\/\\\/allasorias.hu\\\/hirek\\\/temak\\\/munkaeropiac\\\/#listItem\",\"name\":\"Munkaer\\u0151piac\"}}]},{\"@type\":\"Organization\",\"@id\":\"https:\\\/\\\/allasorias.hu\\\/hirek\\\/#organization\",\"name\":\"AllasOrias.hu | H\\u00edrek-lapszemle\",\"description\":\"\\u00dczleti h\\u00edrek az \\u00e1ll\\u00e1s \\u00e9s a munka vil\\u00e1g\\u00e1b\\u00f3l\",\"url\":\"https:\\\/\\\/allasorias.hu\\\/hirek\\\/\",\"logo\":{\"@type\":\"ImageObject\",\"url\":\"https:\\\/\\\/allasorias.hu\\\/hirek\\\/wp-content\\\/uploads\\\/2022\\\/10\\\/allasorias_site_facebok_logo.png\",\"@id\":\"https:\\\/\\\/allasorias.hu\\\/hirek\\\/megoldas-a-szakertoi-munkaerohianyra\\\/#organizationLogo\"},\"image\":{\"@id\":\"https:\\\/\\\/allasorias.hu\\\/hirek\\\/megoldas-a-szakertoi-munkaerohianyra\\\/#organizationLogo\"},\"sameAs\":[\"https:\\\/\\\/www.facebook.com\\\/allasorias\",\"https:\\\/\\\/www.linkedin.com\\\/company\\\/allasorias\"]},{\"@type\":\"Person\",\"@id\":\"https:\\\/\\\/allasorias.hu\\\/hirek\\\/author\\\/admin-allasorias\\\/#author\",\"url\":\"https:\\\/\\\/allasorias.hu\\\/hirek\\\/author\\\/admin-allasorias\\\/\",\"name\":\"Juh\\u00e1sz P\\u00e9ter\",\"image\":{\"@type\":\"ImageObject\",\"@id\":\"https:\\\/\\\/allasorias.hu\\\/hirek\\\/megoldas-a-szakertoi-munkaerohianyra\\\/#authorImage\",\"url\":\"https:\\\/\\\/secure.gravatar.com\\\/avatar\\\/36e6bcb83148978b992977cb0f54d22feb0cce8a0a849a9410532bb2623ba4c6?s=96&d=mm&r=g\",\"width\":96,\"height\":96,\"caption\":\"Juh\\u00e1sz P\\u00e9ter\"}},{\"@type\":\"WebPage\",\"@id\":\"https:\\\/\\\/allasorias.hu\\\/hirek\\\/megoldas-a-szakertoi-munkaerohianyra\\\/#webpage\",\"url\":\"https:\\\/\\\/allasorias.hu\\\/hirek\\\/megoldas-a-szakertoi-munkaerohianyra\\\/\",\"name\":\"Megold\\u00e1s a szak\\u00e9rt\\u0151i munkaer\\u0151hi\\u00e1nyra | AllasOrias.hu | H\\u00edrek-lapszemle\",\"description\":\"A KSH legfrissebb adatai alapj\\u00e1n Magyarorsz\\u00e1gon 86 000 bet\\u00f6ltetlen munkahely volt 2022 els\\u0151 negyed\\u00e9v\\u00e9ben ami 39%-kal volt magasabb az el\\u0151z\\u0151 \\u00e9v azonos id\\u0151szak\\u00e1hoz k\\u00e9pest. A n\\u00f6vekv\\u0151 munkaer\\u0151hi\\u00e1ny kiemelten jelent\\u0151ss\\u00e9 v\\u00e1lik olyan szektorokban, ahol szakk\\u00e9pzett munkaer\\u0151 sz\\u00fcks\\u00e9ges. Ennek k\\u00f6vetkezt\\u00e9ben a toborz\\u00e1si csatorn\\u00e1k b\\u0151v\\u00edt\\u00e9se \\u00e9s a kiv\\u00e1laszt\\u00e1si proced\\u00far\\u00e1k idej\\u00e9nek cs\\u00f6kkent\\u00e9se ker\\u00fclt el\\u0151t\\u00e9rbe a legt\\u00f6bb v\\u00e1llalatn\\u00e1l. A k\\u00fclf\\u00f6ld\\u00f6n\",\"inLanguage\":\"hu-HU\",\"isPartOf\":{\"@id\":\"https:\\\/\\\/allasorias.hu\\\/hirek\\\/#website\"},\"breadcrumb\":{\"@id\":\"https:\\\/\\\/allasorias.hu\\\/hirek\\\/megoldas-a-szakertoi-munkaerohianyra\\\/#breadcrumblist\"},\"author\":{\"@id\":\"https:\\\/\\\/allasorias.hu\\\/hirek\\\/author\\\/admin-allasorias\\\/#author\"},\"creator\":{\"@id\":\"https:\\\/\\\/allasorias.hu\\\/hirek\\\/author\\\/admin-allasorias\\\/#author\"},\"image\":{\"@type\":\"ImageObject\",\"url\":\"https:\\\/\\\/allasorias.hu\\\/hirek\\\/wp-content\\\/uploads\\\/2020\\\/06\\\/5294.jpg\",\"@id\":\"https:\\\/\\\/allasorias.hu\\\/hirek\\\/megoldas-a-szakertoi-munkaerohianyra\\\/#mainImage\",\"width\":700,\"height\":467,\"caption\":\"Young successful businessman in suit sitting at workplace, thinking, looking at laptop, office background.\"},\"primaryImageOfPage\":{\"@id\":\"https:\\\/\\\/allasorias.hu\\\/hirek\\\/megoldas-a-szakertoi-munkaerohianyra\\\/#mainImage\"},\"datePublished\":\"2022-06-21T08:14:15+02:00\",\"dateModified\":\"2022-06-21T08:14:15+02:00\"},{\"@type\":\"WebSite\",\"@id\":\"https:\\\/\\\/allasorias.hu\\\/hirek\\\/#website\",\"url\":\"https:\\\/\\\/allasorias.hu\\\/hirek\\\/\",\"name\":\"AllasOrias.hu | H\\u00edrek-lapszemle\",\"description\":\"\\u00dczleti h\\u00edrek az \\u00e1ll\\u00e1s \\u00e9s a munka vil\\u00e1g\\u00e1b\\u00f3l\",\"inLanguage\":\"hu-HU\",\"publisher\":{\"@id\":\"https:\\\/\\\/allasorias.hu\\\/hirek\\\/#organization\"}}]}\n\t\t<\/script>\n\t\t<!-- All in One SEO -->\n\n","aioseo_head_json":{"title":"Megold\u00e1s a szak\u00e9rt\u0151i munkaer\u0151hi\u00e1nyra | AllasOrias.hu | H\u00edrek-lapszemle","description":"A KSH legfrissebb adatai alapj\u00e1n Magyarorsz\u00e1gon 86 000 bet\u00f6ltetlen munkahely volt 2022 els\u0151 negyed\u00e9v\u00e9ben ami 39%-kal volt magasabb az el\u0151z\u0151 \u00e9v azonos id\u0151szak\u00e1hoz k\u00e9pest. A n\u00f6vekv\u0151 munkaer\u0151hi\u00e1ny kiemelten jelent\u0151ss\u00e9 v\u00e1lik olyan szektorokban, ahol szakk\u00e9pzett munkaer\u0151 sz\u00fcks\u00e9ges. Ennek k\u00f6vetkezt\u00e9ben a toborz\u00e1si csatorn\u00e1k b\u0151v\u00edt\u00e9se \u00e9s a kiv\u00e1laszt\u00e1si proced\u00far\u00e1k idej\u00e9nek cs\u00f6kkent\u00e9se ker\u00fclt el\u0151t\u00e9rbe a legt\u00f6bb v\u00e1llalatn\u00e1l. A k\u00fclf\u00f6ld\u00f6n","canonical_url":"https:\/\/allasorias.hu\/hirek\/megoldas-a-szakertoi-munkaerohianyra\/","robots":"max-image-preview:large","keywords":"","webmasterTools":{"miscellaneous":""},"schema":{"@context":"https:\/\/schema.org","@graph":[{"@type":"Article","@id":"https:\/\/allasorias.hu\/hirek\/megoldas-a-szakertoi-munkaerohianyra\/#article","name":"Megold\u00e1s a szak\u00e9rt\u0151i munkaer\u0151hi\u00e1nyra | AllasOrias.hu | H\u00edrek-lapszemle","headline":"Megold\u00e1s a szak\u00e9rt\u0151i munkaer\u0151hi\u00e1nyra","author":{"@id":"https:\/\/allasorias.hu\/hirek\/author\/admin-allasorias\/#author"},"publisher":{"@id":"https:\/\/allasorias.hu\/hirek\/#organization"},"image":{"@type":"ImageObject","url":"https:\/\/allasorias.hu\/hirek\/wp-content\/uploads\/2020\/06\/5294.jpg","width":700,"height":467,"caption":"Young successful businessman in suit sitting at workplace, thinking, looking at laptop, office background."},"datePublished":"2022-06-21T08:14:15+02:00","dateModified":"2022-06-21T08:14:15+02:00","inLanguage":"hu-HU","mainEntityOfPage":{"@id":"https:\/\/allasorias.hu\/hirek\/megoldas-a-szakertoi-munkaerohianyra\/#webpage"},"isPartOf":{"@id":"https:\/\/allasorias.hu\/hirek\/megoldas-a-szakertoi-munkaerohianyra\/#webpage"},"articleSection":"Munkaer\u0151piac"},{"@type":"BreadcrumbList","@id":"https:\/\/allasorias.hu\/hirek\/megoldas-a-szakertoi-munkaerohianyra\/#breadcrumblist","itemListElement":[{"@type":"ListItem","@id":"https:\/\/allasorias.hu\/hirek#listItem","position":1,"name":"Home","item":"https:\/\/allasorias.hu\/hirek","nextItem":{"@type":"ListItem","@id":"https:\/\/allasorias.hu\/hirek\/temak\/munkaeropiac\/#listItem","name":"Munkaer\u0151piac"}},{"@type":"ListItem","@id":"https:\/\/allasorias.hu\/hirek\/temak\/munkaeropiac\/#listItem","position":2,"name":"Munkaer\u0151piac","item":"https:\/\/allasorias.hu\/hirek\/temak\/munkaeropiac\/","nextItem":{"@type":"ListItem","@id":"https:\/\/allasorias.hu\/hirek\/megoldas-a-szakertoi-munkaerohianyra\/#listItem","name":"Megold\u00e1s a szak\u00e9rt\u0151i munkaer\u0151hi\u00e1nyra"},"previousItem":{"@type":"ListItem","@id":"https:\/\/allasorias.hu\/hirek#listItem","name":"Home"}},{"@type":"ListItem","@id":"https:\/\/allasorias.hu\/hirek\/megoldas-a-szakertoi-munkaerohianyra\/#listItem","position":3,"name":"Megold\u00e1s a szak\u00e9rt\u0151i munkaer\u0151hi\u00e1nyra","previousItem":{"@type":"ListItem","@id":"https:\/\/allasorias.hu\/hirek\/temak\/munkaeropiac\/#listItem","name":"Munkaer\u0151piac"}}]},{"@type":"Organization","@id":"https:\/\/allasorias.hu\/hirek\/#organization","name":"AllasOrias.hu | H\u00edrek-lapszemle","description":"\u00dczleti h\u00edrek az \u00e1ll\u00e1s \u00e9s a munka vil\u00e1g\u00e1b\u00f3l","url":"https:\/\/allasorias.hu\/hirek\/","logo":{"@type":"ImageObject","url":"https:\/\/allasorias.hu\/hirek\/wp-content\/uploads\/2022\/10\/allasorias_site_facebok_logo.png","@id":"https:\/\/allasorias.hu\/hirek\/megoldas-a-szakertoi-munkaerohianyra\/#organizationLogo"},"image":{"@id":"https:\/\/allasorias.hu\/hirek\/megoldas-a-szakertoi-munkaerohianyra\/#organizationLogo"},"sameAs":["https:\/\/www.facebook.com\/allasorias","https:\/\/www.linkedin.com\/company\/allasorias"]},{"@type":"Person","@id":"https:\/\/allasorias.hu\/hirek\/author\/admin-allasorias\/#author","url":"https:\/\/allasorias.hu\/hirek\/author\/admin-allasorias\/","name":"Juh\u00e1sz P\u00e9ter","image":{"@type":"ImageObject","@id":"https:\/\/allasorias.hu\/hirek\/megoldas-a-szakertoi-munkaerohianyra\/#authorImage","url":"https:\/\/secure.gravatar.com\/avatar\/36e6bcb83148978b992977cb0f54d22feb0cce8a0a849a9410532bb2623ba4c6?s=96&d=mm&r=g","width":96,"height":96,"caption":"Juh\u00e1sz P\u00e9ter"}},{"@type":"WebPage","@id":"https:\/\/allasorias.hu\/hirek\/megoldas-a-szakertoi-munkaerohianyra\/#webpage","url":"https:\/\/allasorias.hu\/hirek\/megoldas-a-szakertoi-munkaerohianyra\/","name":"Megold\u00e1s a szak\u00e9rt\u0151i munkaer\u0151hi\u00e1nyra | AllasOrias.hu | H\u00edrek-lapszemle","description":"A KSH legfrissebb adatai alapj\u00e1n Magyarorsz\u00e1gon 86 000 bet\u00f6ltetlen munkahely volt 2022 els\u0151 negyed\u00e9v\u00e9ben ami 39%-kal volt magasabb az el\u0151z\u0151 \u00e9v azonos id\u0151szak\u00e1hoz k\u00e9pest. A n\u00f6vekv\u0151 munkaer\u0151hi\u00e1ny kiemelten jelent\u0151ss\u00e9 v\u00e1lik olyan szektorokban, ahol szakk\u00e9pzett munkaer\u0151 sz\u00fcks\u00e9ges. Ennek k\u00f6vetkezt\u00e9ben a toborz\u00e1si csatorn\u00e1k b\u0151v\u00edt\u00e9se \u00e9s a kiv\u00e1laszt\u00e1si proced\u00far\u00e1k idej\u00e9nek cs\u00f6kkent\u00e9se ker\u00fclt el\u0151t\u00e9rbe a legt\u00f6bb v\u00e1llalatn\u00e1l. A k\u00fclf\u00f6ld\u00f6n","inLanguage":"hu-HU","isPartOf":{"@id":"https:\/\/allasorias.hu\/hirek\/#website"},"breadcrumb":{"@id":"https:\/\/allasorias.hu\/hirek\/megoldas-a-szakertoi-munkaerohianyra\/#breadcrumblist"},"author":{"@id":"https:\/\/allasorias.hu\/hirek\/author\/admin-allasorias\/#author"},"creator":{"@id":"https:\/\/allasorias.hu\/hirek\/author\/admin-allasorias\/#author"},"image":{"@type":"ImageObject","url":"https:\/\/allasorias.hu\/hirek\/wp-content\/uploads\/2020\/06\/5294.jpg","@id":"https:\/\/allasorias.hu\/hirek\/megoldas-a-szakertoi-munkaerohianyra\/#mainImage","width":700,"height":467,"caption":"Young successful businessman in suit sitting at workplace, thinking, looking at laptop, office background."},"primaryImageOfPage":{"@id":"https:\/\/allasorias.hu\/hirek\/megoldas-a-szakertoi-munkaerohianyra\/#mainImage"},"datePublished":"2022-06-21T08:14:15+02:00","dateModified":"2022-06-21T08:14:15+02:00"},{"@type":"WebSite","@id":"https:\/\/allasorias.hu\/hirek\/#website","url":"https:\/\/allasorias.hu\/hirek\/","name":"AllasOrias.hu | H\u00edrek-lapszemle","description":"\u00dczleti h\u00edrek az \u00e1ll\u00e1s \u00e9s a munka vil\u00e1g\u00e1b\u00f3l","inLanguage":"hu-HU","publisher":{"@id":"https:\/\/allasorias.hu\/hirek\/#organization"}}]},"og:locale":"hu_HU","og:site_name":"AllasOrias.hu | H\u00edrek-lapszemle | \u00dczleti h\u00edrek az \u00e1ll\u00e1s \u00e9s a munka vil\u00e1g\u00e1b\u00f3l","og:type":"article","og:title":"Megold\u00e1s a szak\u00e9rt\u0151i munkaer\u0151hi\u00e1nyra | AllasOrias.hu | H\u00edrek-lapszemle","og:description":"A KSH legfrissebb adatai alapj\u00e1n Magyarorsz\u00e1gon 86 000 bet\u00f6ltetlen munkahely volt 2022 els\u0151 negyed\u00e9v\u00e9ben ami 39%-kal volt magasabb az el\u0151z\u0151 \u00e9v azonos id\u0151szak\u00e1hoz k\u00e9pest. A n\u00f6vekv\u0151 munkaer\u0151hi\u00e1ny kiemelten jelent\u0151ss\u00e9 v\u00e1lik olyan szektorokban, ahol szakk\u00e9pzett munkaer\u0151 sz\u00fcks\u00e9ges. Ennek k\u00f6vetkezt\u00e9ben a toborz\u00e1si csatorn\u00e1k b\u0151v\u00edt\u00e9se \u00e9s a kiv\u00e1laszt\u00e1si proced\u00far\u00e1k idej\u00e9nek cs\u00f6kkent\u00e9se ker\u00fclt el\u0151t\u00e9rbe a legt\u00f6bb v\u00e1llalatn\u00e1l. A k\u00fclf\u00f6ld\u00f6n","og:url":"https:\/\/allasorias.hu\/hirek\/megoldas-a-szakertoi-munkaerohianyra\/","og:image":"https:\/\/allasorias.hu\/hirek\/wp-content\/uploads\/2020\/06\/5294.jpg","og:image:secure_url":"https:\/\/allasorias.hu\/hirek\/wp-content\/uploads\/2020\/06\/5294.jpg","og:image:width":700,"og:image:height":467,"article:published_time":"2022-06-21T08:14:15+00:00","article:modified_time":"2022-06-21T08:14:15+00:00","article:publisher":"https:\/\/www.facebook.com\/allasorias","twitter:card":"summary_large_image","twitter:title":"Megold\u00e1s a szak\u00e9rt\u0151i munkaer\u0151hi\u00e1nyra | AllasOrias.hu | H\u00edrek-lapszemle","twitter:description":"A KSH legfrissebb adatai alapj\u00e1n Magyarorsz\u00e1gon 86 000 bet\u00f6ltetlen munkahely volt 2022 els\u0151 negyed\u00e9v\u00e9ben ami 39%-kal volt magasabb az el\u0151z\u0151 \u00e9v azonos id\u0151szak\u00e1hoz k\u00e9pest. A n\u00f6vekv\u0151 munkaer\u0151hi\u00e1ny kiemelten jelent\u0151ss\u00e9 v\u00e1lik olyan szektorokban, ahol szakk\u00e9pzett munkaer\u0151 sz\u00fcks\u00e9ges. Ennek k\u00f6vetkezt\u00e9ben a toborz\u00e1si csatorn\u00e1k b\u0151v\u00edt\u00e9se \u00e9s a kiv\u00e1laszt\u00e1si proced\u00far\u00e1k idej\u00e9nek cs\u00f6kkent\u00e9se ker\u00fclt el\u0151t\u00e9rbe a legt\u00f6bb v\u00e1llalatn\u00e1l. A k\u00fclf\u00f6ld\u00f6n","twitter:image":"https:\/\/allasorias.hu\/hirek\/wp-content\/uploads\/2020\/06\/5294.jpg","twitter:label1":"Written by","twitter:data1":"Juh\u00e1sz P\u00e9ter","twitter:label2":"Est. reading time","twitter:data2":"3 minutes"},"aioseo_meta_data":{"post_id":"5627","title":null,"description":null,"keywords":[],"keyphrases":{"focus":{"keyphrase":"","score":0,"analysis":{"keyphraseInTitle":{"score":0,"maxScore":9,"error":1}}},"additional":[]},"primary_term":null,"canonical_url":null,"og_title":null,"og_description":null,"og_object_type":"default","og_image_type":"default","og_image_url":null,"og_image_width":null,"og_image_height":null,"og_image_custom_url":null,"og_image_custom_fields":null,"og_video":"","og_custom_url":null,"og_article_section":null,"og_article_tags":[],"twitter_use_og":false,"twitter_card":"default","twitter_image_type":"default","twitter_image_url":null,"twitter_image_custom_url":null,"twitter_image_custom_fields":null,"twitter_title":null,"twitter_description":null,"schema":{"blockGraphs":[],"customGraphs":[],"default":{"data":{"Article":[],"Course":[],"Dataset":[],"FAQPage":[],"Movie":[],"Person":[],"Product":[],"ProductReview":[],"Car":[],"Recipe":[],"Service":[],"SoftwareApplication":[],"WebPage":[]},"graphName":"","isEnabled":true},"graphs":[]},"schema_type":"default","schema_type_options":"{\"article\":{\"articleType\":\"BlogPosting\"},\"course\":{\"name\":\"\",\"description\":\"\",\"provider\":\"\"},\"faq\":{\"pages\":[]},\"product\":{\"reviews\":[]},\"recipe\":{\"ingredients\":[],\"instructions\":[],\"keywords\":[]},\"software\":{\"reviews\":[],\"operatingSystems\":[]},\"webPage\":{\"webPageType\":\"WebPage\"}}","pillar_content":false,"robots_default":true,"robots_noindex":false,"robots_noarchive":false,"robots_nosnippet":false,"robots_nofollow":false,"robots_noimageindex":false,"robots_noodp":false,"robots_notranslate":false,"robots_max_snippet":"-1","robots_max_videopreview":"-1","robots_max_imagepreview":"large","priority":null,"frequency":"default","location":null,"local_seo":null,"breadcrumb_settings":null,"limit_modified_date":false,"ai":null,"created":"2022-06-21 07:57:31","updated":"2025-10-02 17:01:15","seo_analyzer_scan_date":null,"focus_keyword":null,"additional_keywords":null,"truseo_locale":null},"aioseo_breadcrumb":"<div class=\"aioseo-breadcrumbs\"><span class=\"aioseo-breadcrumb\">\n\t\t\t<a href=\"https:\/\/allasorias.hu\/hirek\" title=\"Home\">Home<\/a>\n\t\t<\/span><span class=\"aioseo-breadcrumb-separator\">&raquo;<\/span><span class=\"aioseo-breadcrumb\">\n\t\t\t<a href=\"https:\/\/allasorias.hu\/hirek\/temak\/munkaeropiac\/\" title=\"Munkaer\u0151piac\">Munkaer\u0151piac<\/a>\n\t\t<\/span><span class=\"aioseo-breadcrumb-separator\">&raquo;<\/span><span class=\"aioseo-breadcrumb\">\n\t\t\tMegold\u00e1s a szak\u00e9rt\u0151i munkaer\u0151hi\u00e1nyra\n\t\t<\/span><\/div>","aioseo_breadcrumb_json":[{"label":"Home","link":"https:\/\/allasorias.hu\/hirek"},{"label":"Munkaer\u0151piac","link":"https:\/\/allasorias.hu\/hirek\/temak\/munkaeropiac\/"},{"label":"Megold\u00e1s a szak\u00e9rt\u0151i munkaer\u0151hi\u00e1nyra","link":"https:\/\/allasorias.hu\/hirek\/megoldas-a-szakertoi-munkaerohianyra\/"}],"_links":{"self":[{"href":"https:\/\/allasorias.hu\/hirek\/wp-json\/wp\/v2\/posts\/5627","targetHints":{"allow":["GET"]}}],"collection":[{"href":"https:\/\/allasorias.hu\/hirek\/wp-json\/wp\/v2\/posts"}],"about":[{"href":"https:\/\/allasorias.hu\/hirek\/wp-json\/wp\/v2\/types\/post"}],"author":[{"embeddable":true,"href":"https:\/\/allasorias.hu\/hirek\/wp-json\/wp\/v2\/users\/1"}],"replies":[{"embeddable":true,"href":"https:\/\/allasorias.hu\/hirek\/wp-json\/wp\/v2\/comments?post=5627"}],"version-history":[{"count":1,"href":"https:\/\/allasorias.hu\/hirek\/wp-json\/wp\/v2\/posts\/5627\/revisions"}],"predecessor-version":[{"id":5628,"href":"https:\/\/allasorias.hu\/hirek\/wp-json\/wp\/v2\/posts\/5627\/revisions\/5628"}],"wp:featuredmedia":[{"embeddable":true,"href":"https:\/\/allasorias.hu\/hirek\/wp-json\/wp\/v2\/media\/4062"}],"wp:attachment":[{"href":"https:\/\/allasorias.hu\/hirek\/wp-json\/wp\/v2\/media?parent=5627"}],"wp:term":[{"taxonomy":"category","embeddable":true,"href":"https:\/\/allasorias.hu\/hirek\/wp-json\/wp\/v2\/categories?post=5627"},{"taxonomy":"post_tag","embeddable":true,"href":"https:\/\/allasorias.hu\/hirek\/wp-json\/wp\/v2\/tags?post=5627"}],"curies":[{"name":"wp","href":"https:\/\/api.w.org\/{rel}","templated":true}]}}