{"id":5625,"date":"2022-06-17T06:24:10","date_gmt":"2022-06-17T06:24:10","guid":{"rendered":"https:\/\/allasorias.hu\/hirek\/?p=5625"},"modified":"2022-06-20T06:24:25","modified_gmt":"2022-06-20T06:24:25","slug":"hogy-all-a-nok-foglalkoztatasa-hazankban","status":"publish","type":"post","link":"https:\/\/allasorias.hu\/hirek\/hogy-all-a-nok-foglalkoztatasa-hazankban\/","title":{"rendered":"Hogy \u00e1ll a n\u0151k foglalkoztat\u00e1sa haz\u00e1nkban ?"},"content":{"rendered":"<p><strong>A Magyar V\u00f6r\u00f6skereszt adatai szerint abb\u00f3l a kevesebb, mint 25 ezer Ukrajn\u00e1b\u00f3l menek\u00fcl\u0151 emberb\u0151l, aki ideiglenes mened\u00e9kjogot k\u00e9rt n\u00e1lunk, nagyj\u00e1b\u00f3l t\u00edzezren lehetnek akt\u00edv kor\u00faak, akik munk\u00e1t v\u00e1llaln\u00e1nak. Itt a n\u0151k 80 sz\u00e1zal\u00e9ka kil\u00e9p a munkaer\u0151piacr\u00f3l, ha gyermeke sz\u00fcletik, m\u00e1shol 30 sz\u00e1zal\u00e9k k\u00f6r\u00fcli az \u00e1tlag, \u00e9s akkor is a mienkn\u00e9l r\u00f6videbb ideig nem dolgoznak az any\u00e1k.<\/strong><\/p>\n<p>A Magyar M\u00e1ltai Szeretetszolg\u00e1lat egy nemzetk\u00f6zi elemz\u0151 c\u00e9g adatai alapj\u00e1n ezt \u00fagy r\u00e9szletezte egy tegnapi konferenci\u00e1n, hogy az \u00e9rkez\u0151k 35-40 sz\u00e1zal\u00e9ka v\u00e1rosokb\u00f3l menek\u00fcl\u0151 anya, aki \u00f6sszefogva k\u00e9t-h\u00e1rom hasonl\u00f3 sors\u00fa t\u00e1rs\u00e1val \u00e9s annak gyermekeivel kelt \u00fatra, \u00e9s ha megfelel\u0151 gondoskod\u00e1st tal\u00e1lnak a gyerekeknek, akkor dolgozni szeretn\u00e9nek. K\u00fcl\u00f6n kezelik a seg\u00e9lyszervezetek a nagycsal\u00e1dosokat, \u0151k az \u00e9rkez\u0151k 10-15 sz\u00e1zal\u00e9k\u00e1t adj\u00e1k, hosszabb ideig maradnak a mened\u00e9khelyeken, \u00e9s nincs egy\u00e9rtelm\u0171 terv\u00fck a j\u00f6v\u0151re. T\u00f6bbs\u00e9g\u00fck a h\u00e1bor\u00fa el\u0151tt is seg\u00e9lyekre szorult, s ha nem kapnak ann\u00e1l jobb lehet\u0151s\u00e9get, mint kor\u00e1bban otthon, hazaindulnak, amint csillapodnak a harcok. A Magyarorsz\u00e1gon marad\u00f3 menek\u00fcl\u0151k 5-10 sz\u00e1zal\u00e9ka id\u0151s ember, aki sokszor a sz\u00fcks\u00e9ges orvosi seg\u00edts\u00e9g hi\u00e1nya miatt indult \u00fatnak, nem egyszer olyan rossz \u00e1llapotban, hogy gondoz\u00e1st ig\u00e9nyelnek. Az Ukrajn\u00e1b\u00f3l \u00e9rkez\u0151 asszonyok foglalkoztat\u00e1si neh\u00e9zs\u00e9gei k\u00fcl\u00f6n\u00f6s hangs\u00falyt adtak a \u201eNemek k\u00f6z\u00f6tti foglalkoztat\u00e1si szakad\u00e9k cs\u00f6kkent\u00e9se a magyar munkaer\u0151piacon\u201d c\u00edm\u0171 konferenci\u00e1nak. A k\u00e9rd\u00e9s s\u00faly\u00e1t jelzi, hogy m\u00edg Budapesten a regisztr\u00e1lt \u00e1ll\u00e1skeres\u0151k 60 sz\u00e1zal\u00e9ka n\u0151, a jelentkez\u0151 ukr\u00e1n \u00e1llampolg\u00e1rok 80 sz\u00e1zal\u00e9ka asszony. A vil\u00e1g fejlett orsz\u00e1gait t\u00f6m\u00f6r\u00edt\u0151 Gazdas\u00e1gi Egy\u00fcttm\u0171k\u00f6d\u00e9si \u00e9s Fejleszt\u00e9si Szervezet (OECD) ir\u00e1ny\u00edt\u00e1s\u00e1val azt vizsg\u00e1lt\u00e1k magyar \u00e9s nemzetk\u00f6zi kutat\u00f3k, hogyan lehetne jav\u00edtani a magyar n\u0151k foglalkoztat\u00e1si es\u00e9lyeit, \u00e9s nem meglep\u0151 m\u00f3don ugyanazok a megoldand\u00f3 \u00fcgyek ker\u00fcltek k\u00f6z\u00e9ppontba, mint az ukr\u00e1n asszonyok elhelyezked\u00e9si es\u00e9lyeinek taglal\u00e1sakor. Kider\u00fclt a kutat\u00e1sb\u00f3l, hogy a fejlett \u00e1llamok k\u00f6zt Magyarorsz\u00e1g az egyetlen, ahol nem cs\u00f6kken, hanem folyamatosan n\u0151 a szakad\u00e9k a k\u00e9t nem foglalkoztat\u00e1sa k\u00f6z\u00f6tt. Itt a n\u0151k 80 sz\u00e1zal\u00e9ka kil\u00e9p a munkaer\u0151piacr\u00f3l, ha gyermeke sz\u00fcletik, m\u00e1shol 30 sz\u00e1zal\u00e9k k\u00f6r\u00fcli az \u00e1tlag, \u00e9s akkor is a mienkn\u00e9l r\u00f6videbb ideig nem dolgoznak az any\u00e1k. A Budapest Int\u00e9zet \u00e1ltal k\u00e9sz\u00edtett interj\u00fak ebben a k\u00e9rd\u00e9sben el\u00e9g merev hozz\u00e1\u00e1ll\u00e1sr\u00f3l tan\u00faskodnak, a megsz\u00f3lal\u00f3k t\u00f6bbs\u00e9ge ma is azt tartja j\u00f3 megold\u00e1snak, ha a gyermek sz\u00fclet\u00e9se ut\u00e1n 36 h\u00f3napig otthon marad az anyuka. Ez al\u00f3l a diplom\u00e1sok jelentenek kiv\u00e9telt, akik k\u00e9t \u00e9v ut\u00e1n t\u00f6bbnyire vissza akarnak menni dolgozni. A sz\u00fcks\u00e9gesn\u00e9l lassabban halad a b\u00f6lcs\u0151dei \u00e9s \u00f3vodai f\u00e9r\u0151helyek b\u0151v\u00edt\u00e9se, ami k\u00fcl\u00f6n\u00f6sen a kisebb telep\u00fcl\u00e9seken g\u00e1tolja a n\u0151k elhelyezked\u00e9s\u00e9t.<\/p>\n<p>Forr\u00e1s: nepszava.hu<\/p>\n","protected":false},"excerpt":{"rendered":"<p>A Magyar V\u00f6r\u00f6skereszt adatai szerint abb\u00f3l a kevesebb, mint 25 ezer Ukrajn\u00e1b\u00f3l menek\u00fcl\u0151 emberb\u0151l, aki ideiglenes mened\u00e9kjogot k\u00e9rt n\u00e1lunk, nagyj\u00e1b\u00f3l t\u00edzezren lehetnek akt\u00edv kor\u00faak, akik munk\u00e1t v\u00e1llaln\u00e1nak. Itt a n\u0151k 80 sz\u00e1zal\u00e9ka kil\u00e9p a munkaer\u0151piacr\u00f3l, ha gyermeke sz\u00fcletik, m\u00e1shol 30 sz\u00e1zal\u00e9k k\u00f6r\u00fcli az \u00e1tlag, \u00e9s akkor is a mienkn\u00e9l r\u00f6videbb ideig nem dolgoznak az any\u00e1k. [&hellip;]<\/p>\n","protected":false},"author":1,"featured_media":5177,"comment_status":"open","ping_status":"open","sticky":false,"template":"","format":"standard","meta":{"_monsterinsights_skip_tracking":false,"_monsterinsights_sitenote_active":false,"_monsterinsights_sitenote_note":"","_monsterinsights_sitenote_category":0,"footnotes":""},"categories":[1,200],"tags":[],"class_list":["post-5625","post","type-post","status-publish","format-standard","has-post-thumbnail","hentry","category-allaskereses","category-munkaeropiac"],"aioseo_notices":[],"_links":{"self":[{"href":"https:\/\/allasorias.hu\/hirek\/wp-json\/wp\/v2\/posts\/5625","targetHints":{"allow":["GET"]}}],"collection":[{"href":"https:\/\/allasorias.hu\/hirek\/wp-json\/wp\/v2\/posts"}],"about":[{"href":"https:\/\/allasorias.hu\/hirek\/wp-json\/wp\/v2\/types\/post"}],"author":[{"embeddable":true,"href":"https:\/\/allasorias.hu\/hirek\/wp-json\/wp\/v2\/users\/1"}],"replies":[{"embeddable":true,"href":"https:\/\/allasorias.hu\/hirek\/wp-json\/wp\/v2\/comments?post=5625"}],"version-history":[{"count":1,"href":"https:\/\/allasorias.hu\/hirek\/wp-json\/wp\/v2\/posts\/5625\/revisions"}],"predecessor-version":[{"id":5626,"href":"https:\/\/allasorias.hu\/hirek\/wp-json\/wp\/v2\/posts\/5625\/revisions\/5626"}],"wp:featuredmedia":[{"embeddable":true,"href":"https:\/\/allasorias.hu\/hirek\/wp-json\/wp\/v2\/media\/5177"}],"wp:attachment":[{"href":"https:\/\/allasorias.hu\/hirek\/wp-json\/wp\/v2\/media?parent=5625"}],"wp:term":[{"taxonomy":"category","embeddable":true,"href":"https:\/\/allasorias.hu\/hirek\/wp-json\/wp\/v2\/categories?post=5625"},{"taxonomy":"post_tag","embeddable":true,"href":"https:\/\/allasorias.hu\/hirek\/wp-json\/wp\/v2\/tags?post=5625"}],"curies":[{"name":"wp","href":"https:\/\/api.w.org\/{rel}","templated":true}]}}