{"id":5621,"date":"2022-06-16T08:22:58","date_gmt":"2022-06-16T08:22:58","guid":{"rendered":"https:\/\/allasorias.hu\/hirek\/?p=5621"},"modified":"2022-06-16T08:22:58","modified_gmt":"2022-06-16T08:22:58","slug":"csokkentik-a-kozszferaban-dolgozok-szamat","status":"publish","type":"post","link":"https:\/\/allasorias.hu\/hirek\/csokkentik-a-kozszferaban-dolgozok-szamat\/","title":{"rendered":"Cs\u00f6kkentik a k\u00f6zszf\u00e9r\u00e1ban dolgoz\u00f3k sz\u00e1m\u00e1t"},"content":{"rendered":"<p><strong>\u00a0\u201eA k\u00f6zponti k\u00f6lts\u00e9gvet\u00e9sb\u0151l finansz\u00edrozott szervezetekn\u00e9l v\u00e9grehajtand\u00f3 l\u00e9tsz\u00e1mle\u00e9p\u00edt\u00e9sekb\u0151l\u201d 30 milli\u00e1rd forintot akar megsp\u00f3rolni a korm\u00e1ny. Szak\u00e9rt\u0151k szerint ez azt jelenti, hogy b\u00e1rmelyik \u00e1llami hivatal, miniszt\u00e9rium vagy h\u00e1tt\u00e9rint\u00e9zm\u00e9ny k\u00e9nytelen lehet megv\u00e1lni t\u00f6bb dolgoz\u00f3j\u00e1t\u00f3l is &#8211; \u00edrja a N\u00e9pszava.<\/strong><\/p>\n<p>A Magyar K\u00f6ztisztvisel\u0151k, K\u00f6zalkalmazottak \u00e9s K\u00f6zszolg\u00e1lati Dolgoz\u00f3k Szakszervezet\u00e9nek eln\u00f6ke, Boros P\u00e9tern\u00e9 azt mondta a lapnak, egyre t\u00f6bb jelz\u00e9st kapnak arr\u00f3l, hogy komoly le\u00e9p\u00edt\u00e9s k\u00e9sz\u00fcl\u0151dik a korm\u00e1nyhivatalokban, amelyekben t\u00f6bb mint 37 ezren dolgoznak. Inform\u00e1ci\u00f3ik szerint a korm\u00e1nyhivatalokat nem egys\u00e9gesen \u00e9rintik majd a kir\u00fag\u00e1sok. T\u00edz sz\u00e1zal\u00e9k f\u00f6l\u00f6tti l\u00e9tsz\u00e1mcs\u00f6kkent\u00e9si tervekr\u0151l tudnak Szabolcsban, de a f\u0151v\u00e1rosi szervezethez nem ny\u00faln\u00e1nak. Az MKKSZ 618 ezer k\u00f6zszolg\u00e1latban dolgoz\u00f3t tart nyilv\u00e1n, ennyien kapj\u00e1k valamilyen form\u00e1ban az \u00e1llamt\u00f3l a fizet\u00e9s\u00fcket. A l\u00e9tsz\u00e1m a 2010-es z\u00e1rsz\u00e1mad\u00e1sban m\u00e9g csak 227 ezer f\u0151 volt, az Orb\u00e1n-korm\u00e1ny k\u00f6zpontos\u00edt\u00e1sai nyom\u00e1n duzzadt fel ennyire. Ezzel p\u00e1rhuzamosan n\u0151tt a k\u00f6zponti l\u00e9tsz\u00e1m is: ha csak a Minisztereln\u00f6ks\u00e9get n\u00e9zz\u00fck, ott 2010-ben m\u00e9g csak 93-an dolgoztak, 2021-ben azonban m\u00e1r 1281, id\u00e9n pedig 1872 a foglalkoztatottak l\u00e9tsz\u00e1ma. A korm\u00e1ny elk\u00f6telezett a b\u00fcrokr\u00e1ciacs\u00f6kkent\u00e9s mellett. 2018-ban egy nagy l\u00e9tsz\u00e1mle\u00e9p\u00edt\u00e9st m\u00e1r v\u00e9grehajtottunk. Tov\u00e1bbra is az a c\u00e9lunk, hogy kiz\u00e1r\u00f3lag csak annyian dolgozzanak a k\u00f6zponti k\u00f6zigazgat\u00e1sban, mint amennyire felt\u00e9tlen\u00fcl sz\u00fcks\u00e9g van &#8211; v\u00e1laszolta a Minisztereln\u00f6ks\u00e9g a lap megkeres\u00e9s\u00e9re. Szabolcs-Szatm\u00e1r-Bereg megy\u00e9ben a korm\u00e1nyhivatali alkalmazottak k\u00f6z\u00fcl t\u00f6bben is elmondt\u00e1k: az ut\u00f3bbi hetekben tapasztalt\u00e1k, hogy a meg\u00fcresedett \u00e1ll\u00e1shelyeket m\u00e1r nem t\u00f6ltik fel a j\u00e1r\u00e1si hivatalokban, illetve a megyei korm\u00e1nyhivatalban, \u00e9s egyesek szerint az is felvet\u0151d\u00f6tt, hogy az \u00fagynevezett telep\u00fcl\u00e9si \u00fcgyseg\u00e9dekb\u0151l \u2013 akik heti rendszeress\u00e9ggel kij\u00e1rtak az adott k\u00f6rzetek kisebb falvaiba, \u00e9s ott m\u00e1sf\u00e9l-k\u00e9t \u00f3r\u00e1s \u00fcgyf\u00e9lfogad\u00e1ssal seg\u00edtettek k\u00e9relmeket meg\u00edrni, egy\u00e9b nyomtatv\u00e1nyokat kit\u00f6lteni \u2013 esetleg kevesebb teljes\u00edt majd szolg\u00e1latot a j\u00f6v\u0151ben. T\u00f6bb j\u00e1r\u00e1si \u00e9s megyei korm\u00e1nyhivatalb\u00f3l a N\u00e9pszav\u00e1nak azt jelezt\u00e9k, hogy a nyugd\u00edjba vonul\u00f3k hely\u00e9t m\u00e1r most sem t\u00f6lthetik be. Az ukr\u00e1n hat\u00e1r ment\u00e9n dolgoz\u00f3 tisztvisel\u0151ket pedig kifejezetten felzaklatt\u00e1k a nagy szabolcsi le\u00e9p\u00edt\u00e9sekr\u0151l sz\u00f3l\u00f3 h\u00edrek, hisz a menek\u00fcltek \u00fcgyeinek int\u00e9z\u00e9se miatt a h\u00e1bor\u00fa el\u0151ttin\u00e9l a mostani l\u00e9tsz\u00e1m mellett is sokkal t\u00f6bb a munk\u00e1juk &#8211; \u00edrja a N\u00e9pszava.<\/p>\n<p>Forr\u00e1s: hrportal.hu<\/p>\n","protected":false},"excerpt":{"rendered":"<p>\u00a0\u201eA k\u00f6zponti k\u00f6lts\u00e9gvet\u00e9sb\u0151l finansz\u00edrozott szervezetekn\u00e9l v\u00e9grehajtand\u00f3 l\u00e9tsz\u00e1mle\u00e9p\u00edt\u00e9sekb\u0151l\u201d 30 milli\u00e1rd forintot akar megsp\u00f3rolni a korm\u00e1ny. Szak\u00e9rt\u0151k szerint ez azt jelenti, hogy b\u00e1rmelyik \u00e1llami hivatal, miniszt\u00e9rium vagy h\u00e1tt\u00e9rint\u00e9zm\u00e9ny k\u00e9nytelen lehet megv\u00e1lni t\u00f6bb dolgoz\u00f3j\u00e1t\u00f3l is &#8211; \u00edrja a N\u00e9pszava. A Magyar K\u00f6ztisztvisel\u0151k, K\u00f6zalkalmazottak \u00e9s K\u00f6zszolg\u00e1lati Dolgoz\u00f3k Szakszervezet\u00e9nek eln\u00f6ke, Boros P\u00e9tern\u00e9 azt mondta a lapnak, egyre t\u00f6bb jelz\u00e9st kapnak [&hellip;]<\/p>\n","protected":false},"author":1,"featured_media":4610,"comment_status":"open","ping_status":"open","sticky":false,"template":"","format":"standard","meta":{"_monsterinsights_skip_tracking":false,"footnotes":""},"categories":[200],"tags":[],"class_list":["post-5621","post","type-post","status-publish","format-standard","has-post-thumbnail","hentry","category-munkaeropiac"],"aioseo_notices":[],"aioseo_head":"\n\t\t<!-- All in One SEO 5.0.0.1 - aioseo.com -->\n\t<meta name=\"description\" content=\"\u201eA k\u00f6zponti k\u00f6lts\u00e9gvet\u00e9sb\u0151l finansz\u00edrozott szervezetekn\u00e9l v\u00e9grehajtand\u00f3 l\u00e9tsz\u00e1mle\u00e9p\u00edt\u00e9sekb\u0151l\u201d 30 milli\u00e1rd forintot akar megsp\u00f3rolni a korm\u00e1ny. Szak\u00e9rt\u0151k szerint ez azt jelenti, hogy b\u00e1rmelyik \u00e1llami hivatal, miniszt\u00e9rium vagy h\u00e1tt\u00e9rint\u00e9zm\u00e9ny k\u00e9nytelen lehet megv\u00e1lni t\u00f6bb dolgoz\u00f3j\u00e1t\u00f3l is - \u00edrja a N\u00e9pszava. A Magyar K\u00f6ztisztvisel\u0151k, K\u00f6zalkalmazottak \u00e9s K\u00f6zszolg\u00e1lati Dolgoz\u00f3k Szakszervezet\u00e9nek eln\u00f6ke, Boros P\u00e9tern\u00e9 azt mondta a lapnak, egyre t\u00f6bb jelz\u00e9st kapnak\" \/>\n\t<meta name=\"robots\" content=\"max-image-preview:large\" \/>\n\t<meta name=\"author\" content=\"Juh\u00e1sz P\u00e9ter\"\/>\n\t<link rel=\"canonical\" href=\"https:\/\/allasorias.hu\/hirek\/csokkentik-a-kozszferaban-dolgozok-szamat\/\" \/>\n\t<meta name=\"generator\" content=\"All in One SEO (AIOSEO) 5.0.0.1\" \/>\n\t\t<meta property=\"og:locale\" content=\"hu_HU\" \/>\n\t\t<meta property=\"og:site_name\" content=\"AllasOrias.hu | H\u00edrek-lapszemle | \u00dczleti h\u00edrek az \u00e1ll\u00e1s \u00e9s a munka vil\u00e1g\u00e1b\u00f3l\" \/>\n\t\t<meta property=\"og:type\" content=\"article\" \/>\n\t\t<meta property=\"og:title\" content=\"Cs\u00f6kkentik a k\u00f6zszf\u00e9r\u00e1ban dolgoz\u00f3k sz\u00e1m\u00e1t | AllasOrias.hu | H\u00edrek-lapszemle\" \/>\n\t\t<meta property=\"og:description\" content=\"\u201eA k\u00f6zponti k\u00f6lts\u00e9gvet\u00e9sb\u0151l finansz\u00edrozott szervezetekn\u00e9l v\u00e9grehajtand\u00f3 l\u00e9tsz\u00e1mle\u00e9p\u00edt\u00e9sekb\u0151l\u201d 30 milli\u00e1rd forintot akar megsp\u00f3rolni a korm\u00e1ny. Szak\u00e9rt\u0151k szerint ez azt jelenti, hogy b\u00e1rmelyik \u00e1llami hivatal, miniszt\u00e9rium vagy h\u00e1tt\u00e9rint\u00e9zm\u00e9ny k\u00e9nytelen lehet megv\u00e1lni t\u00f6bb dolgoz\u00f3j\u00e1t\u00f3l is - \u00edrja a N\u00e9pszava. A Magyar K\u00f6ztisztvisel\u0151k, K\u00f6zalkalmazottak \u00e9s K\u00f6zszolg\u00e1lati Dolgoz\u00f3k Szakszervezet\u00e9nek eln\u00f6ke, Boros P\u00e9tern\u00e9 azt mondta a lapnak, egyre t\u00f6bb jelz\u00e9st kapnak\" \/>\n\t\t<meta property=\"og:url\" content=\"https:\/\/allasorias.hu\/hirek\/csokkentik-a-kozszferaban-dolgozok-szamat\/\" \/>\n\t\t<meta property=\"og:image\" content=\"https:\/\/allasorias.hu\/hirek\/wp-content\/uploads\/2021\/02\/ipad-with-diagram.jpg\" \/>\n\t\t<meta property=\"og:image:secure_url\" content=\"https:\/\/allasorias.hu\/hirek\/wp-content\/uploads\/2021\/02\/ipad-with-diagram.jpg\" \/>\n\t\t<meta property=\"og:image:width\" content=\"1920\" \/>\n\t\t<meta property=\"og:image:height\" content=\"1281\" \/>\n\t\t<meta property=\"article:published_time\" content=\"2022-06-16T08:22:58+00:00\" \/>\n\t\t<meta property=\"article:modified_time\" content=\"2022-06-16T08:22:58+00:00\" \/>\n\t\t<meta property=\"article:publisher\" content=\"https:\/\/www.facebook.com\/allasorias\" \/>\n\t\t<meta name=\"twitter:card\" content=\"summary_large_image\" \/>\n\t\t<meta name=\"twitter:title\" content=\"Cs\u00f6kkentik a k\u00f6zszf\u00e9r\u00e1ban dolgoz\u00f3k sz\u00e1m\u00e1t | AllasOrias.hu | H\u00edrek-lapszemle\" \/>\n\t\t<meta name=\"twitter:description\" content=\"\u201eA k\u00f6zponti k\u00f6lts\u00e9gvet\u00e9sb\u0151l finansz\u00edrozott szervezetekn\u00e9l v\u00e9grehajtand\u00f3 l\u00e9tsz\u00e1mle\u00e9p\u00edt\u00e9sekb\u0151l\u201d 30 milli\u00e1rd forintot akar megsp\u00f3rolni a korm\u00e1ny. Szak\u00e9rt\u0151k szerint ez azt jelenti, hogy b\u00e1rmelyik \u00e1llami hivatal, miniszt\u00e9rium vagy h\u00e1tt\u00e9rint\u00e9zm\u00e9ny k\u00e9nytelen lehet megv\u00e1lni t\u00f6bb dolgoz\u00f3j\u00e1t\u00f3l is - \u00edrja a N\u00e9pszava. A Magyar K\u00f6ztisztvisel\u0151k, K\u00f6zalkalmazottak \u00e9s K\u00f6zszolg\u00e1lati Dolgoz\u00f3k Szakszervezet\u00e9nek eln\u00f6ke, Boros P\u00e9tern\u00e9 azt mondta a lapnak, egyre t\u00f6bb jelz\u00e9st kapnak\" \/>\n\t\t<meta name=\"twitter:image\" content=\"https:\/\/allasorias.hu\/hirek\/wp-content\/uploads\/2021\/02\/ipad-with-diagram.jpg\" \/>\n\t\t<meta name=\"twitter:label1\" content=\"Written by\" \/>\n\t\t<meta name=\"twitter:data1\" content=\"Juh\u00e1sz P\u00e9ter\" \/>\n\t\t<meta name=\"twitter:label2\" content=\"Est. reading time\" \/>\n\t\t<meta name=\"twitter:data2\" content=\"3 minutes\" \/>\n\t\t<script type=\"application\/ld+json\" class=\"aioseo-schema\">\n\t\t\t{\"@context\":\"https:\\\/\\\/schema.org\",\"@graph\":[{\"@type\":\"Article\",\"@id\":\"https:\\\/\\\/allasorias.hu\\\/hirek\\\/csokkentik-a-kozszferaban-dolgozok-szamat\\\/#article\",\"name\":\"Cs\\u00f6kkentik a k\\u00f6zszf\\u00e9r\\u00e1ban dolgoz\\u00f3k sz\\u00e1m\\u00e1t | AllasOrias.hu | H\\u00edrek-lapszemle\",\"headline\":\"Cs\\u00f6kkentik a k\\u00f6zszf\\u00e9r\\u00e1ban dolgoz\\u00f3k sz\\u00e1m\\u00e1t\",\"author\":{\"@id\":\"https:\\\/\\\/allasorias.hu\\\/hirek\\\/author\\\/admin-allasorias\\\/#author\"},\"publisher\":{\"@id\":\"https:\\\/\\\/allasorias.hu\\\/hirek\\\/#organization\"},\"image\":{\"@type\":\"ImageObject\",\"url\":\"https:\\\/\\\/allasorias.hu\\\/hirek\\\/wp-content\\\/uploads\\\/2021\\\/02\\\/ipad-with-diagram.jpg\",\"width\":1920,\"height\":1281,\"caption\":\"Image of human hand pointing at touchscreen with business document\"},\"datePublished\":\"2022-06-16T08:22:58+02:00\",\"dateModified\":\"2022-06-16T08:22:58+02:00\",\"inLanguage\":\"hu-HU\",\"mainEntityOfPage\":{\"@id\":\"https:\\\/\\\/allasorias.hu\\\/hirek\\\/csokkentik-a-kozszferaban-dolgozok-szamat\\\/#webpage\"},\"isPartOf\":{\"@id\":\"https:\\\/\\\/allasorias.hu\\\/hirek\\\/csokkentik-a-kozszferaban-dolgozok-szamat\\\/#webpage\"},\"articleSection\":\"Munkaer\\u0151piac\"},{\"@type\":\"BreadcrumbList\",\"@id\":\"https:\\\/\\\/allasorias.hu\\\/hirek\\\/csokkentik-a-kozszferaban-dolgozok-szamat\\\/#breadcrumblist\",\"itemListElement\":[{\"@type\":\"ListItem\",\"@id\":\"https:\\\/\\\/allasorias.hu\\\/hirek#listItem\",\"position\":1,\"name\":\"Home\",\"item\":\"https:\\\/\\\/allasorias.hu\\\/hirek\",\"nextItem\":{\"@type\":\"ListItem\",\"@id\":\"https:\\\/\\\/allasorias.hu\\\/hirek\\\/temak\\\/munkaeropiac\\\/#listItem\",\"name\":\"Munkaer\\u0151piac\"}},{\"@type\":\"ListItem\",\"@id\":\"https:\\\/\\\/allasorias.hu\\\/hirek\\\/temak\\\/munkaeropiac\\\/#listItem\",\"position\":2,\"name\":\"Munkaer\\u0151piac\",\"item\":\"https:\\\/\\\/allasorias.hu\\\/hirek\\\/temak\\\/munkaeropiac\\\/\",\"nextItem\":{\"@type\":\"ListItem\",\"@id\":\"https:\\\/\\\/allasorias.hu\\\/hirek\\\/csokkentik-a-kozszferaban-dolgozok-szamat\\\/#listItem\",\"name\":\"Cs\\u00f6kkentik a k\\u00f6zszf\\u00e9r\\u00e1ban dolgoz\\u00f3k sz\\u00e1m\\u00e1t\"},\"previousItem\":{\"@type\":\"ListItem\",\"@id\":\"https:\\\/\\\/allasorias.hu\\\/hirek#listItem\",\"name\":\"Home\"}},{\"@type\":\"ListItem\",\"@id\":\"https:\\\/\\\/allasorias.hu\\\/hirek\\\/csokkentik-a-kozszferaban-dolgozok-szamat\\\/#listItem\",\"position\":3,\"name\":\"Cs\\u00f6kkentik a k\\u00f6zszf\\u00e9r\\u00e1ban dolgoz\\u00f3k sz\\u00e1m\\u00e1t\",\"previousItem\":{\"@type\":\"ListItem\",\"@id\":\"https:\\\/\\\/allasorias.hu\\\/hirek\\\/temak\\\/munkaeropiac\\\/#listItem\",\"name\":\"Munkaer\\u0151piac\"}}]},{\"@type\":\"Organization\",\"@id\":\"https:\\\/\\\/allasorias.hu\\\/hirek\\\/#organization\",\"name\":\"AllasOrias.hu | H\\u00edrek-lapszemle\",\"description\":\"\\u00dczleti h\\u00edrek az \\u00e1ll\\u00e1s \\u00e9s a munka vil\\u00e1g\\u00e1b\\u00f3l\",\"url\":\"https:\\\/\\\/allasorias.hu\\\/hirek\\\/\",\"logo\":{\"@type\":\"ImageObject\",\"url\":\"https:\\\/\\\/allasorias.hu\\\/hirek\\\/wp-content\\\/uploads\\\/2022\\\/10\\\/allasorias_site_facebok_logo.png\",\"@id\":\"https:\\\/\\\/allasorias.hu\\\/hirek\\\/csokkentik-a-kozszferaban-dolgozok-szamat\\\/#organizationLogo\"},\"image\":{\"@id\":\"https:\\\/\\\/allasorias.hu\\\/hirek\\\/csokkentik-a-kozszferaban-dolgozok-szamat\\\/#organizationLogo\"},\"sameAs\":[\"https:\\\/\\\/www.facebook.com\\\/allasorias\",\"https:\\\/\\\/www.linkedin.com\\\/company\\\/allasorias\"]},{\"@type\":\"Person\",\"@id\":\"https:\\\/\\\/allasorias.hu\\\/hirek\\\/author\\\/admin-allasorias\\\/#author\",\"url\":\"https:\\\/\\\/allasorias.hu\\\/hirek\\\/author\\\/admin-allasorias\\\/\",\"name\":\"Juh\\u00e1sz P\\u00e9ter\",\"image\":{\"@type\":\"ImageObject\",\"@id\":\"https:\\\/\\\/allasorias.hu\\\/hirek\\\/csokkentik-a-kozszferaban-dolgozok-szamat\\\/#authorImage\",\"url\":\"https:\\\/\\\/secure.gravatar.com\\\/avatar\\\/36e6bcb83148978b992977cb0f54d22feb0cce8a0a849a9410532bb2623ba4c6?s=96&d=mm&r=g\",\"width\":96,\"height\":96,\"caption\":\"Juh\\u00e1sz P\\u00e9ter\"}},{\"@type\":\"WebPage\",\"@id\":\"https:\\\/\\\/allasorias.hu\\\/hirek\\\/csokkentik-a-kozszferaban-dolgozok-szamat\\\/#webpage\",\"url\":\"https:\\\/\\\/allasorias.hu\\\/hirek\\\/csokkentik-a-kozszferaban-dolgozok-szamat\\\/\",\"name\":\"Cs\\u00f6kkentik a k\\u00f6zszf\\u00e9r\\u00e1ban dolgoz\\u00f3k sz\\u00e1m\\u00e1t | AllasOrias.hu | H\\u00edrek-lapszemle\",\"description\":\"\\u201eA k\\u00f6zponti k\\u00f6lts\\u00e9gvet\\u00e9sb\\u0151l finansz\\u00edrozott szervezetekn\\u00e9l v\\u00e9grehajtand\\u00f3 l\\u00e9tsz\\u00e1mle\\u00e9p\\u00edt\\u00e9sekb\\u0151l\\u201d 30 milli\\u00e1rd forintot akar megsp\\u00f3rolni a korm\\u00e1ny. Szak\\u00e9rt\\u0151k szerint ez azt jelenti, hogy b\\u00e1rmelyik \\u00e1llami hivatal, miniszt\\u00e9rium vagy h\\u00e1tt\\u00e9rint\\u00e9zm\\u00e9ny k\\u00e9nytelen lehet megv\\u00e1lni t\\u00f6bb dolgoz\\u00f3j\\u00e1t\\u00f3l is - \\u00edrja a N\\u00e9pszava. A Magyar K\\u00f6ztisztvisel\\u0151k, K\\u00f6zalkalmazottak \\u00e9s K\\u00f6zszolg\\u00e1lati Dolgoz\\u00f3k Szakszervezet\\u00e9nek eln\\u00f6ke, Boros P\\u00e9tern\\u00e9 azt mondta a lapnak, egyre t\\u00f6bb jelz\\u00e9st kapnak\",\"inLanguage\":\"hu-HU\",\"isPartOf\":{\"@id\":\"https:\\\/\\\/allasorias.hu\\\/hirek\\\/#website\"},\"breadcrumb\":{\"@id\":\"https:\\\/\\\/allasorias.hu\\\/hirek\\\/csokkentik-a-kozszferaban-dolgozok-szamat\\\/#breadcrumblist\"},\"author\":{\"@id\":\"https:\\\/\\\/allasorias.hu\\\/hirek\\\/author\\\/admin-allasorias\\\/#author\"},\"creator\":{\"@id\":\"https:\\\/\\\/allasorias.hu\\\/hirek\\\/author\\\/admin-allasorias\\\/#author\"},\"image\":{\"@type\":\"ImageObject\",\"url\":\"https:\\\/\\\/allasorias.hu\\\/hirek\\\/wp-content\\\/uploads\\\/2021\\\/02\\\/ipad-with-diagram.jpg\",\"@id\":\"https:\\\/\\\/allasorias.hu\\\/hirek\\\/csokkentik-a-kozszferaban-dolgozok-szamat\\\/#mainImage\",\"width\":1920,\"height\":1281,\"caption\":\"Image of human hand pointing at touchscreen with business document\"},\"primaryImageOfPage\":{\"@id\":\"https:\\\/\\\/allasorias.hu\\\/hirek\\\/csokkentik-a-kozszferaban-dolgozok-szamat\\\/#mainImage\"},\"datePublished\":\"2022-06-16T08:22:58+02:00\",\"dateModified\":\"2022-06-16T08:22:58+02:00\"},{\"@type\":\"WebSite\",\"@id\":\"https:\\\/\\\/allasorias.hu\\\/hirek\\\/#website\",\"url\":\"https:\\\/\\\/allasorias.hu\\\/hirek\\\/\",\"name\":\"AllasOrias.hu | H\\u00edrek-lapszemle\",\"description\":\"\\u00dczleti h\\u00edrek az \\u00e1ll\\u00e1s \\u00e9s a munka vil\\u00e1g\\u00e1b\\u00f3l\",\"inLanguage\":\"hu-HU\",\"publisher\":{\"@id\":\"https:\\\/\\\/allasorias.hu\\\/hirek\\\/#organization\"}}]}\n\t\t<\/script>\n\t\t<!-- All in One SEO -->\n\n","aioseo_head_json":{"title":"Cs\u00f6kkentik a k\u00f6zszf\u00e9r\u00e1ban dolgoz\u00f3k sz\u00e1m\u00e1t | AllasOrias.hu | H\u00edrek-lapszemle","description":"\u201eA k\u00f6zponti k\u00f6lts\u00e9gvet\u00e9sb\u0151l finansz\u00edrozott szervezetekn\u00e9l v\u00e9grehajtand\u00f3 l\u00e9tsz\u00e1mle\u00e9p\u00edt\u00e9sekb\u0151l\u201d 30 milli\u00e1rd forintot akar megsp\u00f3rolni a korm\u00e1ny. Szak\u00e9rt\u0151k szerint ez azt jelenti, hogy b\u00e1rmelyik \u00e1llami hivatal, miniszt\u00e9rium vagy h\u00e1tt\u00e9rint\u00e9zm\u00e9ny k\u00e9nytelen lehet megv\u00e1lni t\u00f6bb dolgoz\u00f3j\u00e1t\u00f3l is - \u00edrja a N\u00e9pszava. A Magyar K\u00f6ztisztvisel\u0151k, K\u00f6zalkalmazottak \u00e9s K\u00f6zszolg\u00e1lati Dolgoz\u00f3k Szakszervezet\u00e9nek eln\u00f6ke, Boros P\u00e9tern\u00e9 azt mondta a lapnak, egyre t\u00f6bb jelz\u00e9st kapnak","canonical_url":"https:\/\/allasorias.hu\/hirek\/csokkentik-a-kozszferaban-dolgozok-szamat\/","robots":"max-image-preview:large","keywords":"","webmasterTools":{"miscellaneous":""},"schema":{"@context":"https:\/\/schema.org","@graph":[{"@type":"Article","@id":"https:\/\/allasorias.hu\/hirek\/csokkentik-a-kozszferaban-dolgozok-szamat\/#article","name":"Cs\u00f6kkentik a k\u00f6zszf\u00e9r\u00e1ban dolgoz\u00f3k sz\u00e1m\u00e1t | AllasOrias.hu | H\u00edrek-lapszemle","headline":"Cs\u00f6kkentik a k\u00f6zszf\u00e9r\u00e1ban dolgoz\u00f3k sz\u00e1m\u00e1t","author":{"@id":"https:\/\/allasorias.hu\/hirek\/author\/admin-allasorias\/#author"},"publisher":{"@id":"https:\/\/allasorias.hu\/hirek\/#organization"},"image":{"@type":"ImageObject","url":"https:\/\/allasorias.hu\/hirek\/wp-content\/uploads\/2021\/02\/ipad-with-diagram.jpg","width":1920,"height":1281,"caption":"Image of human hand pointing at touchscreen with business document"},"datePublished":"2022-06-16T08:22:58+02:00","dateModified":"2022-06-16T08:22:58+02:00","inLanguage":"hu-HU","mainEntityOfPage":{"@id":"https:\/\/allasorias.hu\/hirek\/csokkentik-a-kozszferaban-dolgozok-szamat\/#webpage"},"isPartOf":{"@id":"https:\/\/allasorias.hu\/hirek\/csokkentik-a-kozszferaban-dolgozok-szamat\/#webpage"},"articleSection":"Munkaer\u0151piac"},{"@type":"BreadcrumbList","@id":"https:\/\/allasorias.hu\/hirek\/csokkentik-a-kozszferaban-dolgozok-szamat\/#breadcrumblist","itemListElement":[{"@type":"ListItem","@id":"https:\/\/allasorias.hu\/hirek#listItem","position":1,"name":"Home","item":"https:\/\/allasorias.hu\/hirek","nextItem":{"@type":"ListItem","@id":"https:\/\/allasorias.hu\/hirek\/temak\/munkaeropiac\/#listItem","name":"Munkaer\u0151piac"}},{"@type":"ListItem","@id":"https:\/\/allasorias.hu\/hirek\/temak\/munkaeropiac\/#listItem","position":2,"name":"Munkaer\u0151piac","item":"https:\/\/allasorias.hu\/hirek\/temak\/munkaeropiac\/","nextItem":{"@type":"ListItem","@id":"https:\/\/allasorias.hu\/hirek\/csokkentik-a-kozszferaban-dolgozok-szamat\/#listItem","name":"Cs\u00f6kkentik a k\u00f6zszf\u00e9r\u00e1ban dolgoz\u00f3k sz\u00e1m\u00e1t"},"previousItem":{"@type":"ListItem","@id":"https:\/\/allasorias.hu\/hirek#listItem","name":"Home"}},{"@type":"ListItem","@id":"https:\/\/allasorias.hu\/hirek\/csokkentik-a-kozszferaban-dolgozok-szamat\/#listItem","position":3,"name":"Cs\u00f6kkentik a k\u00f6zszf\u00e9r\u00e1ban dolgoz\u00f3k sz\u00e1m\u00e1t","previousItem":{"@type":"ListItem","@id":"https:\/\/allasorias.hu\/hirek\/temak\/munkaeropiac\/#listItem","name":"Munkaer\u0151piac"}}]},{"@type":"Organization","@id":"https:\/\/allasorias.hu\/hirek\/#organization","name":"AllasOrias.hu | H\u00edrek-lapszemle","description":"\u00dczleti h\u00edrek az \u00e1ll\u00e1s \u00e9s a munka vil\u00e1g\u00e1b\u00f3l","url":"https:\/\/allasorias.hu\/hirek\/","logo":{"@type":"ImageObject","url":"https:\/\/allasorias.hu\/hirek\/wp-content\/uploads\/2022\/10\/allasorias_site_facebok_logo.png","@id":"https:\/\/allasorias.hu\/hirek\/csokkentik-a-kozszferaban-dolgozok-szamat\/#organizationLogo"},"image":{"@id":"https:\/\/allasorias.hu\/hirek\/csokkentik-a-kozszferaban-dolgozok-szamat\/#organizationLogo"},"sameAs":["https:\/\/www.facebook.com\/allasorias","https:\/\/www.linkedin.com\/company\/allasorias"]},{"@type":"Person","@id":"https:\/\/allasorias.hu\/hirek\/author\/admin-allasorias\/#author","url":"https:\/\/allasorias.hu\/hirek\/author\/admin-allasorias\/","name":"Juh\u00e1sz P\u00e9ter","image":{"@type":"ImageObject","@id":"https:\/\/allasorias.hu\/hirek\/csokkentik-a-kozszferaban-dolgozok-szamat\/#authorImage","url":"https:\/\/secure.gravatar.com\/avatar\/36e6bcb83148978b992977cb0f54d22feb0cce8a0a849a9410532bb2623ba4c6?s=96&d=mm&r=g","width":96,"height":96,"caption":"Juh\u00e1sz P\u00e9ter"}},{"@type":"WebPage","@id":"https:\/\/allasorias.hu\/hirek\/csokkentik-a-kozszferaban-dolgozok-szamat\/#webpage","url":"https:\/\/allasorias.hu\/hirek\/csokkentik-a-kozszferaban-dolgozok-szamat\/","name":"Cs\u00f6kkentik a k\u00f6zszf\u00e9r\u00e1ban dolgoz\u00f3k sz\u00e1m\u00e1t | AllasOrias.hu | H\u00edrek-lapszemle","description":"\u201eA k\u00f6zponti k\u00f6lts\u00e9gvet\u00e9sb\u0151l finansz\u00edrozott szervezetekn\u00e9l v\u00e9grehajtand\u00f3 l\u00e9tsz\u00e1mle\u00e9p\u00edt\u00e9sekb\u0151l\u201d 30 milli\u00e1rd forintot akar megsp\u00f3rolni a korm\u00e1ny. Szak\u00e9rt\u0151k szerint ez azt jelenti, hogy b\u00e1rmelyik \u00e1llami hivatal, miniszt\u00e9rium vagy h\u00e1tt\u00e9rint\u00e9zm\u00e9ny k\u00e9nytelen lehet megv\u00e1lni t\u00f6bb dolgoz\u00f3j\u00e1t\u00f3l is - \u00edrja a N\u00e9pszava. A Magyar K\u00f6ztisztvisel\u0151k, K\u00f6zalkalmazottak \u00e9s K\u00f6zszolg\u00e1lati Dolgoz\u00f3k Szakszervezet\u00e9nek eln\u00f6ke, Boros P\u00e9tern\u00e9 azt mondta a lapnak, egyre t\u00f6bb jelz\u00e9st kapnak","inLanguage":"hu-HU","isPartOf":{"@id":"https:\/\/allasorias.hu\/hirek\/#website"},"breadcrumb":{"@id":"https:\/\/allasorias.hu\/hirek\/csokkentik-a-kozszferaban-dolgozok-szamat\/#breadcrumblist"},"author":{"@id":"https:\/\/allasorias.hu\/hirek\/author\/admin-allasorias\/#author"},"creator":{"@id":"https:\/\/allasorias.hu\/hirek\/author\/admin-allasorias\/#author"},"image":{"@type":"ImageObject","url":"https:\/\/allasorias.hu\/hirek\/wp-content\/uploads\/2021\/02\/ipad-with-diagram.jpg","@id":"https:\/\/allasorias.hu\/hirek\/csokkentik-a-kozszferaban-dolgozok-szamat\/#mainImage","width":1920,"height":1281,"caption":"Image of human hand pointing at touchscreen with business document"},"primaryImageOfPage":{"@id":"https:\/\/allasorias.hu\/hirek\/csokkentik-a-kozszferaban-dolgozok-szamat\/#mainImage"},"datePublished":"2022-06-16T08:22:58+02:00","dateModified":"2022-06-16T08:22:58+02:00"},{"@type":"WebSite","@id":"https:\/\/allasorias.hu\/hirek\/#website","url":"https:\/\/allasorias.hu\/hirek\/","name":"AllasOrias.hu | H\u00edrek-lapszemle","description":"\u00dczleti h\u00edrek az \u00e1ll\u00e1s \u00e9s a munka vil\u00e1g\u00e1b\u00f3l","inLanguage":"hu-HU","publisher":{"@id":"https:\/\/allasorias.hu\/hirek\/#organization"}}]},"og:locale":"hu_HU","og:site_name":"AllasOrias.hu | H\u00edrek-lapszemle | \u00dczleti h\u00edrek az \u00e1ll\u00e1s \u00e9s a munka vil\u00e1g\u00e1b\u00f3l","og:type":"article","og:title":"Cs\u00f6kkentik a k\u00f6zszf\u00e9r\u00e1ban dolgoz\u00f3k sz\u00e1m\u00e1t | AllasOrias.hu | H\u00edrek-lapszemle","og:description":"\u201eA k\u00f6zponti k\u00f6lts\u00e9gvet\u00e9sb\u0151l finansz\u00edrozott szervezetekn\u00e9l v\u00e9grehajtand\u00f3 l\u00e9tsz\u00e1mle\u00e9p\u00edt\u00e9sekb\u0151l\u201d 30 milli\u00e1rd forintot akar megsp\u00f3rolni a korm\u00e1ny. Szak\u00e9rt\u0151k szerint ez azt jelenti, hogy b\u00e1rmelyik \u00e1llami hivatal, miniszt\u00e9rium vagy h\u00e1tt\u00e9rint\u00e9zm\u00e9ny k\u00e9nytelen lehet megv\u00e1lni t\u00f6bb dolgoz\u00f3j\u00e1t\u00f3l is - \u00edrja a N\u00e9pszava. A Magyar K\u00f6ztisztvisel\u0151k, K\u00f6zalkalmazottak \u00e9s K\u00f6zszolg\u00e1lati Dolgoz\u00f3k Szakszervezet\u00e9nek eln\u00f6ke, Boros P\u00e9tern\u00e9 azt mondta a lapnak, egyre t\u00f6bb jelz\u00e9st kapnak","og:url":"https:\/\/allasorias.hu\/hirek\/csokkentik-a-kozszferaban-dolgozok-szamat\/","og:image":"https:\/\/allasorias.hu\/hirek\/wp-content\/uploads\/2021\/02\/ipad-with-diagram.jpg","og:image:secure_url":"https:\/\/allasorias.hu\/hirek\/wp-content\/uploads\/2021\/02\/ipad-with-diagram.jpg","og:image:width":1920,"og:image:height":1281,"article:published_time":"2022-06-16T08:22:58+00:00","article:modified_time":"2022-06-16T08:22:58+00:00","article:publisher":"https:\/\/www.facebook.com\/allasorias","twitter:card":"summary_large_image","twitter:title":"Cs\u00f6kkentik a k\u00f6zszf\u00e9r\u00e1ban dolgoz\u00f3k sz\u00e1m\u00e1t | AllasOrias.hu | H\u00edrek-lapszemle","twitter:description":"\u201eA k\u00f6zponti k\u00f6lts\u00e9gvet\u00e9sb\u0151l finansz\u00edrozott szervezetekn\u00e9l v\u00e9grehajtand\u00f3 l\u00e9tsz\u00e1mle\u00e9p\u00edt\u00e9sekb\u0151l\u201d 30 milli\u00e1rd forintot akar megsp\u00f3rolni a korm\u00e1ny. Szak\u00e9rt\u0151k szerint ez azt jelenti, hogy b\u00e1rmelyik \u00e1llami hivatal, miniszt\u00e9rium vagy h\u00e1tt\u00e9rint\u00e9zm\u00e9ny k\u00e9nytelen lehet megv\u00e1lni t\u00f6bb dolgoz\u00f3j\u00e1t\u00f3l is - \u00edrja a N\u00e9pszava. A Magyar K\u00f6ztisztvisel\u0151k, K\u00f6zalkalmazottak \u00e9s K\u00f6zszolg\u00e1lati Dolgoz\u00f3k Szakszervezet\u00e9nek eln\u00f6ke, Boros P\u00e9tern\u00e9 azt mondta a lapnak, egyre t\u00f6bb jelz\u00e9st kapnak","twitter:image":"https:\/\/allasorias.hu\/hirek\/wp-content\/uploads\/2021\/02\/ipad-with-diagram.jpg","twitter:label1":"Written by","twitter:data1":"Juh\u00e1sz P\u00e9ter","twitter:label2":"Est. reading time","twitter:data2":"3 minutes"},"aioseo_meta_data":{"post_id":"5621","title":null,"description":null,"keywords":[],"keyphrases":{"focus":{"keyphrase":"","score":0,"analysis":{"keyphraseInTitle":{"score":0,"maxScore":9,"error":1}}},"additional":[]},"primary_term":null,"canonical_url":null,"og_title":null,"og_description":null,"og_object_type":"default","og_image_type":"default","og_image_url":null,"og_image_width":null,"og_image_height":null,"og_image_custom_url":null,"og_image_custom_fields":null,"og_video":"","og_custom_url":null,"og_article_section":null,"og_article_tags":[],"twitter_use_og":false,"twitter_card":"default","twitter_image_type":"default","twitter_image_url":null,"twitter_image_custom_url":null,"twitter_image_custom_fields":null,"twitter_title":null,"twitter_description":null,"schema":{"blockGraphs":[],"customGraphs":[],"default":{"data":{"Article":[],"Course":[],"Dataset":[],"FAQPage":[],"Movie":[],"Person":[],"Product":[],"ProductReview":[],"Car":[],"Recipe":[],"Service":[],"SoftwareApplication":[],"WebPage":[]},"graphName":"","isEnabled":true},"graphs":[],"defaultGraph":"Article","defaultPostTypeGraph":""},"schema_type":"default","schema_type_options":"{\"article\":{\"articleType\":\"BlogPosting\"},\"course\":{\"name\":\"\",\"description\":\"\",\"provider\":\"\"},\"faq\":{\"pages\":[]},\"product\":{\"reviews\":[]},\"recipe\":{\"ingredients\":[],\"instructions\":[],\"keywords\":[]},\"software\":{\"reviews\":[],\"operatingSystems\":[]},\"webPage\":{\"webPageType\":\"WebPage\"}}","pillar_content":false,"robots_default":true,"robots_noindex":false,"robots_noarchive":false,"robots_nosnippet":false,"robots_nofollow":false,"robots_noimageindex":false,"robots_noodp":false,"robots_notranslate":false,"robots_max_snippet":"-1","robots_max_videopreview":"-1","robots_max_imagepreview":"large","priority":null,"frequency":"default","location":null,"local_seo":null,"breadcrumb_settings":null,"limit_modified_date":false,"ai":null,"created":"2022-06-16 08:21:59","updated":"2025-10-02 17:01:15","seo_analyzer_scan_date":null,"focus_keyword":null,"additional_keywords":null,"truseo_locale":null},"aioseo_breadcrumb":"<div class=\"aioseo-breadcrumbs\"><span class=\"aioseo-breadcrumb\">\n\t\t\t<a href=\"https:\/\/allasorias.hu\/hirek\" title=\"Home\">Home<\/a>\n\t\t<\/span><span class=\"aioseo-breadcrumb-separator\">&raquo;<\/span><span class=\"aioseo-breadcrumb\">\n\t\t\t<a href=\"https:\/\/allasorias.hu\/hirek\/temak\/munkaeropiac\/\" title=\"Munkaer\u0151piac\">Munkaer\u0151piac<\/a>\n\t\t<\/span><span class=\"aioseo-breadcrumb-separator\">&raquo;<\/span><span class=\"aioseo-breadcrumb\">\n\t\t\tCs\u00f6kkentik a k\u00f6zszf\u00e9r\u00e1ban dolgoz\u00f3k sz\u00e1m\u00e1t\n\t\t<\/span><\/div>","aioseo_breadcrumb_json":[{"label":"Home","link":"https:\/\/allasorias.hu\/hirek"},{"label":"Munkaer\u0151piac","link":"https:\/\/allasorias.hu\/hirek\/temak\/munkaeropiac\/"},{"label":"Cs\u00f6kkentik a k\u00f6zszf\u00e9r\u00e1ban dolgoz\u00f3k sz\u00e1m\u00e1t","link":"https:\/\/allasorias.hu\/hirek\/csokkentik-a-kozszferaban-dolgozok-szamat\/"}],"_links":{"self":[{"href":"https:\/\/allasorias.hu\/hirek\/wp-json\/wp\/v2\/posts\/5621","targetHints":{"allow":["GET"]}}],"collection":[{"href":"https:\/\/allasorias.hu\/hirek\/wp-json\/wp\/v2\/posts"}],"about":[{"href":"https:\/\/allasorias.hu\/hirek\/wp-json\/wp\/v2\/types\/post"}],"author":[{"embeddable":true,"href":"https:\/\/allasorias.hu\/hirek\/wp-json\/wp\/v2\/users\/1"}],"replies":[{"embeddable":true,"href":"https:\/\/allasorias.hu\/hirek\/wp-json\/wp\/v2\/comments?post=5621"}],"version-history":[{"count":1,"href":"https:\/\/allasorias.hu\/hirek\/wp-json\/wp\/v2\/posts\/5621\/revisions"}],"predecessor-version":[{"id":5622,"href":"https:\/\/allasorias.hu\/hirek\/wp-json\/wp\/v2\/posts\/5621\/revisions\/5622"}],"wp:featuredmedia":[{"embeddable":true,"href":"https:\/\/allasorias.hu\/hirek\/wp-json\/wp\/v2\/media\/4610"}],"wp:attachment":[{"href":"https:\/\/allasorias.hu\/hirek\/wp-json\/wp\/v2\/media?parent=5621"}],"wp:term":[{"taxonomy":"category","embeddable":true,"href":"https:\/\/allasorias.hu\/hirek\/wp-json\/wp\/v2\/categories?post=5621"},{"taxonomy":"post_tag","embeddable":true,"href":"https:\/\/allasorias.hu\/hirek\/wp-json\/wp\/v2\/tags?post=5621"}],"curies":[{"name":"wp","href":"https:\/\/api.w.org\/{rel}","templated":true}]}}