{"id":5614,"date":"2022-06-13T06:40:46","date_gmt":"2022-06-13T06:40:46","guid":{"rendered":"https:\/\/allasorias.hu\/hirek\/?p=5614"},"modified":"2022-06-14T06:41:19","modified_gmt":"2022-06-14T06:41:19","slug":"a-munkaerohiany-megoldasa-a-kulfoldiek-foglalkoztatasa-lehet","status":"publish","type":"post","link":"https:\/\/allasorias.hu\/hirek\/a-munkaerohiany-megoldasa-a-kulfoldiek-foglalkoztatasa-lehet\/","title":{"rendered":"A munkaer\u0151hi\u00e1ny megold\u00e1sa a k\u00fclf\u00f6ldiek foglalkoztat\u00e1sa lehet"},"content":{"rendered":"<p><strong>A pand\u00e9mia elej\u00e9n kiemelked\u0151en magas volt a munkav\u00e1llal\u00f3k elk\u00f6telezetts\u00e9ge munkaad\u00f3juk ir\u00e1nt haz\u00e1nkban, m\u00e1ra azonban drasztikusan lecs\u00f6kkent. A munkaer\u0151hi\u00e1ny pedig soha nem l\u00e1tott szintre ugrott egyes szektorokban. A termel\u0151 c\u00e9gekn\u00e9l m\u00e1r egyre nagyobb sz\u00fcks\u00e9g van k\u00fclf\u00f6ldi munkaer\u0151re. Mindez a WHC Csoport f\u0151t\u00e1mogat\u00e1s\u00e1val megrendezett HR Fest szakmai rendezv\u00e9nyen hangzott el. <\/strong><\/p>\n<p>Magyarorsz\u00e1gon mind\u00f6ssze 3,5 sz\u00e1zal\u00e9kos a munkan\u00e9lk\u00fcli r\u00e1ta, ami azt jelenti, haz\u00e1nkban 4,7 milli\u00f3 ember helyezkedett el jelenleg a munkaer\u0151piacon. Azonban ma mintegy 2,1 milli\u00f3an keresnek Magyarorsz\u00e1gon \u00e1ll\u00e1st \u2013 bele\u00e9rtve az akt\u00edv munkakeres\u0151ket \u00e9s azokat is, akik egy j\u00f3 aj\u00e1nlat eset\u00e9n hajland\u00f3ak lenn\u00e9nek jelenlegi munkahely\u00fckr\u0151l v\u00e1ltani. A j\u00e1rv\u00e1nyhelyzet kezdeti id\u0151szaka ut\u00e1n gy\u00f6keresen megv\u00e1ltozott a hazai munkaer\u0151piac. M\u00edg k\u00e9t \u00e9vvel ezel\u0151tt rekordszintet \u00e9rt el a munkav\u00e1llal\u00f3i elk\u00f6telez\u0151d\u00e9s \u2013 k\u00e9ts\u00e9gk\u00edv\u00fcl a biztons\u00e1g ir\u00e1nti megn\u00f6vekedett ig\u00e9ny eredm\u00e9nyek\u00e9nt \u2013 2022 els\u0151 negyed\u00e9v\u00e9re ez drasztikusan lecs\u00f6kkent, \u00edrta meg a Piac \u00e9s Profit. \u201eEgyre hangosabbak a munkav\u00e1llal\u00f3k elv\u00e1r\u00e1saik \u00e9s ig\u00e9nyeik megfogalmaz\u00e1sa tekintet\u00e9ben. A jelenlegi k\u00f6rnyezetben pedig elengedhetetlen, hogy a v\u00e1llalatok alkalmazkodni tudjanak ehhez, hiszen olyan m\u00e9rt\u00e9k\u0171 munkaer\u0151-hi\u00e1nyos \u00e1llapot jellemzi a magyar gazdas\u00e1g bizonyos ter\u00fcleteit, amiben \u00f3ri\u00e1si a verseny a munkav\u00e1llal\u00f3k\u00e9rt\u201d \u2013 h\u00edvta fel a figyelmet K\u00f6cse B\u00e1lint, a Kincentric Hungary \u00fcgyvezet\u0151je a HR Fest-en. A rendezv\u00e9ny egyik k\u00f6zponti kerekasztal-besz\u00e9lget\u00e9s\u00e9nek t\u00e9m\u00e1ja az volt, hogy vajon megold\u00e1st jelenthet-e a jelenlegi munkaer\u0151-hi\u00e1nyos \u00e1llapotra a k\u00fclf\u00f6ldi munkav\u00e1llal\u00f3k foglalkoztat\u00e1sa. Kalm\u00e1r \u00c1kos, a Continental Hungaria Kft. orsz\u00e1gos HR igazgat\u00f3ja al\u00e1h\u00fazta, hogy a v\u00e1llalat \u00e1ltal jelenleg alkalmazott 8 000 munkav\u00e1llal\u00f3 k\u00f6z\u00fcl 240 f\u0151 Ukrajn\u00e1b\u00f3l, m\u00edg 60 f\u0151 a F\u00fcl\u00f6p-szigetekr\u0151l \u00e9rkezett. A szakember szerint \u00e9get\u0151 sz\u00fcks\u00e9g van a k\u00fclf\u00f6ldi munkav\u00e1llal\u00f3kra, hiszen csak vel\u00fck egy\u00fctt lehet teljes\u00edteni a vev\u0151i megrendel\u00e9seket, a c\u00e9g eredm\u00e9nyess\u00e9g\u00e9t \u2013 \u00edgy teh\u00e1t a k\u00fclf\u00f6ldiek alkalmaz\u00e1sa a magyar munkahelyek megv\u00e9d\u00e9s\u00e9hez, megtart\u00e1s\u00e1hoz j\u00e1rul hozz\u00e1. Dr. Ruppert M\u00e1rton, a szint\u00e9n aut\u00f3iparban \u00e9rdekelt SK On Hungary Kft. HR managere arr\u00f3l sz\u00e1molt be, hogy a v\u00e1llalatn\u00e1l szint\u00e9n alkalmaznak k\u00fclf\u00f6ldieket \u2013 jelenleg nagyj\u00e1b\u00f3l 50 f\u0151 ukr\u00e1n munkav\u00e1llal\u00f3t \u2013, sz\u00e1mukat pedig tov\u00e1bbi 100 f\u0151vel tervezik b\u0151v\u00edteni a k\u00f6zelj\u00f6v\u0151ben. A szakember hozz\u00e1tette, hogy a magyar munkav\u00e1llal\u00f3k hozz\u00e1\u00e1ll\u00e1sa ink\u00e1bb pozit\u00edv a k\u00fclf\u00f6ldi koll\u00e9g\u00e1k ir\u00e1ny\u00e1ban, hiszen a saj\u00e1t b\u0151r\u00fck\u00f6n tapasztalj\u00e1k, hogy \u00e9rezhet\u0151en kevesebb terhel\u00e9s \u00e9s t\u00fal\u00f3raig\u00e9ny h\u00e1rul r\u00e1juk a k\u00fclf\u00f6ldr\u0151l \u00e9rkez\u0151 munkav\u00e1llal\u00f3k foglalkoztat\u00e1s\u00e1nak k\u00f6sz\u00f6nhet\u0151en. Szint\u00e9n a kerekasztal-besz\u00e9lget\u00e9s keret\u00e9ben N\u00e9meth Korn\u00e9l, a Rossmann Magyarorsz\u00e1g Kft. \u00fcgyvezet\u0151je elmondta, hogy a j\u00f3 munkaer\u0151 bevonz\u00e1s\u00e1hoz \u00e9s megtart\u00e1s\u00e1hoz kiemelten fontos a munk\u00e1ltat\u00f3i m\u00e1rka er\u0151ss\u00e9ge, az, hogy az adott c\u00e9g mennyire sz\u00e1m\u00edt \u201eszexinek\u201d.\u00a0 A c\u00e9gvezet\u0151 szerint a termel\u0151 szektor munkak\u00f6reibe val\u00f3sz\u00edn\u0171leg jobban illenek a k\u00fclf\u00f6ldi munkav\u00e1llal\u00f3k, hiszen jelenl\u00e9t\u00fck ott megszokottabb m\u00e1r, mint p\u00e9ld\u00e1ul a kiskereskedelemben. Az \u00fcgyvezet\u0151 tov\u00e1bb\u00e1 arr\u00f3l is besz\u00e9lt, hogy v\u00e9lem\u00e9nye szerint att\u00f3l nem kell tartani, hogy a k\u00fclf\u00f6ldiek a magyarok el\u0151l venn\u00e9k el a munkahelyeket, hiszen azokban a poz\u00edci\u00f3kban alkalmaznak k\u00fclf\u00f6ldieket, amelyekre magyar munkav\u00e1llal\u00f3kat m\u00e1r nem tal\u00e1lnak a c\u00e9gek.<\/p>\n<p>Forr\u00e1s: oiacesprofit.hu, hirklikk.hu<\/p>\n","protected":false},"excerpt":{"rendered":"<p>A pand\u00e9mia elej\u00e9n kiemelked\u0151en magas volt a munkav\u00e1llal\u00f3k elk\u00f6telezetts\u00e9ge munkaad\u00f3juk ir\u00e1nt haz\u00e1nkban, m\u00e1ra azonban drasztikusan lecs\u00f6kkent. A munkaer\u0151hi\u00e1ny pedig soha nem l\u00e1tott szintre ugrott egyes szektorokban. A termel\u0151 c\u00e9gekn\u00e9l m\u00e1r egyre nagyobb sz\u00fcks\u00e9g van k\u00fclf\u00f6ldi munkaer\u0151re. Mindez a WHC Csoport f\u0151t\u00e1mogat\u00e1s\u00e1val megrendezett HR Fest szakmai rendezv\u00e9nyen hangzott el. Magyarorsz\u00e1gon mind\u00f6ssze 3,5 sz\u00e1zal\u00e9kos a munkan\u00e9lk\u00fcli r\u00e1ta, [&hellip;]<\/p>\n","protected":false},"author":1,"featured_media":5463,"comment_status":"open","ping_status":"open","sticky":false,"template":"","format":"standard","meta":{"_monsterinsights_skip_tracking":false,"footnotes":""},"categories":[201,200],"tags":[],"class_list":["post-5614","post","type-post","status-publish","format-standard","has-post-thumbnail","hentry","category-kulfold","category-munkaeropiac"],"aioseo_notices":[],"aioseo_head":"\n\t\t<!-- All in One SEO 5.0.0.1 - aioseo.com -->\n\t<meta name=\"description\" content=\"A pand\u00e9mia elej\u00e9n kiemelked\u0151en magas volt a munkav\u00e1llal\u00f3k elk\u00f6telezetts\u00e9ge munkaad\u00f3juk ir\u00e1nt haz\u00e1nkban, m\u00e1ra azonban drasztikusan lecs\u00f6kkent. A munkaer\u0151hi\u00e1ny pedig soha nem l\u00e1tott szintre ugrott egyes szektorokban. A termel\u0151 c\u00e9gekn\u00e9l m\u00e1r egyre nagyobb sz\u00fcks\u00e9g van k\u00fclf\u00f6ldi munkaer\u0151re. Mindez a WHC Csoport f\u0151t\u00e1mogat\u00e1s\u00e1val megrendezett HR Fest szakmai rendezv\u00e9nyen hangzott el. Magyarorsz\u00e1gon mind\u00f6ssze 3,5 sz\u00e1zal\u00e9kos a munkan\u00e9lk\u00fcli r\u00e1ta,\" \/>\n\t<meta name=\"robots\" content=\"max-image-preview:large\" \/>\n\t<meta name=\"author\" content=\"Juh\u00e1sz P\u00e9ter\"\/>\n\t<link rel=\"canonical\" href=\"https:\/\/allasorias.hu\/hirek\/a-munkaerohiany-megoldasa-a-kulfoldiek-foglalkoztatasa-lehet\/\" \/>\n\t<meta name=\"generator\" content=\"All in One SEO (AIOSEO) 5.0.0.1\" \/>\n\t\t<meta property=\"og:locale\" content=\"hu_HU\" \/>\n\t\t<meta property=\"og:site_name\" content=\"AllasOrias.hu | H\u00edrek-lapszemle | \u00dczleti h\u00edrek az \u00e1ll\u00e1s \u00e9s a munka vil\u00e1g\u00e1b\u00f3l\" \/>\n\t\t<meta property=\"og:type\" content=\"article\" \/>\n\t\t<meta property=\"og:title\" content=\"A munkaer\u0151hi\u00e1ny megold\u00e1sa a k\u00fclf\u00f6ldiek foglalkoztat\u00e1sa lehet | AllasOrias.hu | H\u00edrek-lapszemle\" \/>\n\t\t<meta property=\"og:description\" content=\"A pand\u00e9mia elej\u00e9n kiemelked\u0151en magas volt a munkav\u00e1llal\u00f3k elk\u00f6telezetts\u00e9ge munkaad\u00f3juk ir\u00e1nt haz\u00e1nkban, m\u00e1ra azonban drasztikusan lecs\u00f6kkent. A munkaer\u0151hi\u00e1ny pedig soha nem l\u00e1tott szintre ugrott egyes szektorokban. A termel\u0151 c\u00e9gekn\u00e9l m\u00e1r egyre nagyobb sz\u00fcks\u00e9g van k\u00fclf\u00f6ldi munkaer\u0151re. Mindez a WHC Csoport f\u0151t\u00e1mogat\u00e1s\u00e1val megrendezett HR Fest szakmai rendezv\u00e9nyen hangzott el. Magyarorsz\u00e1gon mind\u00f6ssze 3,5 sz\u00e1zal\u00e9kos a munkan\u00e9lk\u00fcli r\u00e1ta,\" \/>\n\t\t<meta property=\"og:url\" content=\"https:\/\/allasorias.hu\/hirek\/a-munkaerohiany-megoldasa-a-kulfoldiek-foglalkoztatasa-lehet\/\" \/>\n\t\t<meta property=\"og:image\" content=\"https:\/\/allasorias.hu\/hirek\/wp-content\/uploads\/2022\/03\/human-resources-talent-management-recruitment-business-concept.jpg\" \/>\n\t\t<meta property=\"og:image:secure_url\" content=\"https:\/\/allasorias.hu\/hirek\/wp-content\/uploads\/2022\/03\/human-resources-talent-management-recruitment-business-concept.jpg\" \/>\n\t\t<meta property=\"og:image:width\" content=\"1920\" \/>\n\t\t<meta property=\"og:image:height\" content=\"889\" \/>\n\t\t<meta property=\"article:published_time\" content=\"2022-06-13T06:40:46+00:00\" \/>\n\t\t<meta property=\"article:modified_time\" content=\"2022-06-14T06:41:19+00:00\" \/>\n\t\t<meta property=\"article:publisher\" content=\"https:\/\/www.facebook.com\/allasorias\" \/>\n\t\t<meta name=\"twitter:card\" content=\"summary_large_image\" \/>\n\t\t<meta name=\"twitter:title\" content=\"A munkaer\u0151hi\u00e1ny megold\u00e1sa a k\u00fclf\u00f6ldiek foglalkoztat\u00e1sa lehet | AllasOrias.hu | H\u00edrek-lapszemle\" \/>\n\t\t<meta name=\"twitter:description\" content=\"A pand\u00e9mia elej\u00e9n kiemelked\u0151en magas volt a munkav\u00e1llal\u00f3k elk\u00f6telezetts\u00e9ge munkaad\u00f3juk ir\u00e1nt haz\u00e1nkban, m\u00e1ra azonban drasztikusan lecs\u00f6kkent. A munkaer\u0151hi\u00e1ny pedig soha nem l\u00e1tott szintre ugrott egyes szektorokban. A termel\u0151 c\u00e9gekn\u00e9l m\u00e1r egyre nagyobb sz\u00fcks\u00e9g van k\u00fclf\u00f6ldi munkaer\u0151re. Mindez a WHC Csoport f\u0151t\u00e1mogat\u00e1s\u00e1val megrendezett HR Fest szakmai rendezv\u00e9nyen hangzott el. Magyarorsz\u00e1gon mind\u00f6ssze 3,5 sz\u00e1zal\u00e9kos a munkan\u00e9lk\u00fcli r\u00e1ta,\" \/>\n\t\t<meta name=\"twitter:image\" content=\"https:\/\/allasorias.hu\/hirek\/wp-content\/uploads\/2022\/03\/human-resources-talent-management-recruitment-business-concept.jpg\" \/>\n\t\t<meta name=\"twitter:label1\" content=\"Written by\" \/>\n\t\t<meta name=\"twitter:data1\" content=\"Juh\u00e1sz P\u00e9ter\" \/>\n\t\t<meta name=\"twitter:label2\" content=\"Est. reading time\" \/>\n\t\t<meta name=\"twitter:data2\" content=\"3 minutes\" \/>\n\t\t<script type=\"application\/ld+json\" class=\"aioseo-schema\">\n\t\t\t{\"@context\":\"https:\\\/\\\/schema.org\",\"@graph\":[{\"@type\":\"Article\",\"@id\":\"https:\\\/\\\/allasorias.hu\\\/hirek\\\/a-munkaerohiany-megoldasa-a-kulfoldiek-foglalkoztatasa-lehet\\\/#article\",\"name\":\"A munkaer\\u0151hi\\u00e1ny megold\\u00e1sa a k\\u00fclf\\u00f6ldiek foglalkoztat\\u00e1sa lehet | AllasOrias.hu | H\\u00edrek-lapszemle\",\"headline\":\"A munkaer\\u0151hi\\u00e1ny megold\\u00e1sa a k\\u00fclf\\u00f6ldiek foglalkoztat\\u00e1sa lehet\",\"author\":{\"@id\":\"https:\\\/\\\/allasorias.hu\\\/hirek\\\/author\\\/admin-allasorias\\\/#author\"},\"publisher\":{\"@id\":\"https:\\\/\\\/allasorias.hu\\\/hirek\\\/#organization\"},\"image\":{\"@type\":\"ImageObject\",\"url\":\"https:\\\/\\\/allasorias.hu\\\/hirek\\\/wp-content\\\/uploads\\\/2022\\\/03\\\/human-resources-talent-management-recruitment-business-concept.jpg\",\"width\":1920,\"height\":889,\"caption\":\"Human resources, Talent management and recruitment business concept and empty copy space for your text\"},\"datePublished\":\"2022-06-13T06:40:46+02:00\",\"dateModified\":\"2022-06-14T06:41:19+02:00\",\"inLanguage\":\"hu-HU\",\"mainEntityOfPage\":{\"@id\":\"https:\\\/\\\/allasorias.hu\\\/hirek\\\/a-munkaerohiany-megoldasa-a-kulfoldiek-foglalkoztatasa-lehet\\\/#webpage\"},\"isPartOf\":{\"@id\":\"https:\\\/\\\/allasorias.hu\\\/hirek\\\/a-munkaerohiany-megoldasa-a-kulfoldiek-foglalkoztatasa-lehet\\\/#webpage\"},\"articleSection\":\"K\\u00fclf\\u00f6ld, Munkaer\\u0151piac\"},{\"@type\":\"BreadcrumbList\",\"@id\":\"https:\\\/\\\/allasorias.hu\\\/hirek\\\/a-munkaerohiany-megoldasa-a-kulfoldiek-foglalkoztatasa-lehet\\\/#breadcrumblist\",\"itemListElement\":[{\"@type\":\"ListItem\",\"@id\":\"https:\\\/\\\/allasorias.hu\\\/hirek#listItem\",\"position\":1,\"name\":\"Home\",\"item\":\"https:\\\/\\\/allasorias.hu\\\/hirek\",\"nextItem\":{\"@type\":\"ListItem\",\"@id\":\"https:\\\/\\\/allasorias.hu\\\/hirek\\\/temak\\\/munkaeropiac\\\/#listItem\",\"name\":\"Munkaer\\u0151piac\"}},{\"@type\":\"ListItem\",\"@id\":\"https:\\\/\\\/allasorias.hu\\\/hirek\\\/temak\\\/munkaeropiac\\\/#listItem\",\"position\":2,\"name\":\"Munkaer\\u0151piac\",\"item\":\"https:\\\/\\\/allasorias.hu\\\/hirek\\\/temak\\\/munkaeropiac\\\/\",\"nextItem\":{\"@type\":\"ListItem\",\"@id\":\"https:\\\/\\\/allasorias.hu\\\/hirek\\\/a-munkaerohiany-megoldasa-a-kulfoldiek-foglalkoztatasa-lehet\\\/#listItem\",\"name\":\"A munkaer\\u0151hi\\u00e1ny megold\\u00e1sa a k\\u00fclf\\u00f6ldiek foglalkoztat\\u00e1sa lehet\"},\"previousItem\":{\"@type\":\"ListItem\",\"@id\":\"https:\\\/\\\/allasorias.hu\\\/hirek#listItem\",\"name\":\"Home\"}},{\"@type\":\"ListItem\",\"@id\":\"https:\\\/\\\/allasorias.hu\\\/hirek\\\/a-munkaerohiany-megoldasa-a-kulfoldiek-foglalkoztatasa-lehet\\\/#listItem\",\"position\":3,\"name\":\"A munkaer\\u0151hi\\u00e1ny megold\\u00e1sa a k\\u00fclf\\u00f6ldiek foglalkoztat\\u00e1sa lehet\",\"previousItem\":{\"@type\":\"ListItem\",\"@id\":\"https:\\\/\\\/allasorias.hu\\\/hirek\\\/temak\\\/munkaeropiac\\\/#listItem\",\"name\":\"Munkaer\\u0151piac\"}}]},{\"@type\":\"Organization\",\"@id\":\"https:\\\/\\\/allasorias.hu\\\/hirek\\\/#organization\",\"name\":\"AllasOrias.hu | H\\u00edrek-lapszemle\",\"description\":\"\\u00dczleti h\\u00edrek az \\u00e1ll\\u00e1s \\u00e9s a munka vil\\u00e1g\\u00e1b\\u00f3l\",\"url\":\"https:\\\/\\\/allasorias.hu\\\/hirek\\\/\",\"logo\":{\"@type\":\"ImageObject\",\"url\":\"https:\\\/\\\/allasorias.hu\\\/hirek\\\/wp-content\\\/uploads\\\/2022\\\/10\\\/allasorias_site_facebok_logo.png\",\"@id\":\"https:\\\/\\\/allasorias.hu\\\/hirek\\\/a-munkaerohiany-megoldasa-a-kulfoldiek-foglalkoztatasa-lehet\\\/#organizationLogo\"},\"image\":{\"@id\":\"https:\\\/\\\/allasorias.hu\\\/hirek\\\/a-munkaerohiany-megoldasa-a-kulfoldiek-foglalkoztatasa-lehet\\\/#organizationLogo\"},\"sameAs\":[\"https:\\\/\\\/www.facebook.com\\\/allasorias\",\"https:\\\/\\\/www.linkedin.com\\\/company\\\/allasorias\"]},{\"@type\":\"Person\",\"@id\":\"https:\\\/\\\/allasorias.hu\\\/hirek\\\/author\\\/admin-allasorias\\\/#author\",\"url\":\"https:\\\/\\\/allasorias.hu\\\/hirek\\\/author\\\/admin-allasorias\\\/\",\"name\":\"Juh\\u00e1sz P\\u00e9ter\",\"image\":{\"@type\":\"ImageObject\",\"@id\":\"https:\\\/\\\/allasorias.hu\\\/hirek\\\/a-munkaerohiany-megoldasa-a-kulfoldiek-foglalkoztatasa-lehet\\\/#authorImage\",\"url\":\"https:\\\/\\\/secure.gravatar.com\\\/avatar\\\/36e6bcb83148978b992977cb0f54d22feb0cce8a0a849a9410532bb2623ba4c6?s=96&d=mm&r=g\",\"width\":96,\"height\":96,\"caption\":\"Juh\\u00e1sz P\\u00e9ter\"}},{\"@type\":\"WebPage\",\"@id\":\"https:\\\/\\\/allasorias.hu\\\/hirek\\\/a-munkaerohiany-megoldasa-a-kulfoldiek-foglalkoztatasa-lehet\\\/#webpage\",\"url\":\"https:\\\/\\\/allasorias.hu\\\/hirek\\\/a-munkaerohiany-megoldasa-a-kulfoldiek-foglalkoztatasa-lehet\\\/\",\"name\":\"A munkaer\\u0151hi\\u00e1ny megold\\u00e1sa a k\\u00fclf\\u00f6ldiek foglalkoztat\\u00e1sa lehet | AllasOrias.hu | H\\u00edrek-lapszemle\",\"description\":\"A pand\\u00e9mia elej\\u00e9n kiemelked\\u0151en magas volt a munkav\\u00e1llal\\u00f3k elk\\u00f6telezetts\\u00e9ge munkaad\\u00f3juk ir\\u00e1nt haz\\u00e1nkban, m\\u00e1ra azonban drasztikusan lecs\\u00f6kkent. A munkaer\\u0151hi\\u00e1ny pedig soha nem l\\u00e1tott szintre ugrott egyes szektorokban. A termel\\u0151 c\\u00e9gekn\\u00e9l m\\u00e1r egyre nagyobb sz\\u00fcks\\u00e9g van k\\u00fclf\\u00f6ldi munkaer\\u0151re. Mindez a WHC Csoport f\\u0151t\\u00e1mogat\\u00e1s\\u00e1val megrendezett HR Fest szakmai rendezv\\u00e9nyen hangzott el. Magyarorsz\\u00e1gon mind\\u00f6ssze 3,5 sz\\u00e1zal\\u00e9kos a munkan\\u00e9lk\\u00fcli r\\u00e1ta,\",\"inLanguage\":\"hu-HU\",\"isPartOf\":{\"@id\":\"https:\\\/\\\/allasorias.hu\\\/hirek\\\/#website\"},\"breadcrumb\":{\"@id\":\"https:\\\/\\\/allasorias.hu\\\/hirek\\\/a-munkaerohiany-megoldasa-a-kulfoldiek-foglalkoztatasa-lehet\\\/#breadcrumblist\"},\"author\":{\"@id\":\"https:\\\/\\\/allasorias.hu\\\/hirek\\\/author\\\/admin-allasorias\\\/#author\"},\"creator\":{\"@id\":\"https:\\\/\\\/allasorias.hu\\\/hirek\\\/author\\\/admin-allasorias\\\/#author\"},\"image\":{\"@type\":\"ImageObject\",\"url\":\"https:\\\/\\\/allasorias.hu\\\/hirek\\\/wp-content\\\/uploads\\\/2022\\\/03\\\/human-resources-talent-management-recruitment-business-concept.jpg\",\"@id\":\"https:\\\/\\\/allasorias.hu\\\/hirek\\\/a-munkaerohiany-megoldasa-a-kulfoldiek-foglalkoztatasa-lehet\\\/#mainImage\",\"width\":1920,\"height\":889,\"caption\":\"Human resources, Talent management and recruitment business concept and empty copy space for your text\"},\"primaryImageOfPage\":{\"@id\":\"https:\\\/\\\/allasorias.hu\\\/hirek\\\/a-munkaerohiany-megoldasa-a-kulfoldiek-foglalkoztatasa-lehet\\\/#mainImage\"},\"datePublished\":\"2022-06-13T06:40:46+02:00\",\"dateModified\":\"2022-06-14T06:41:19+02:00\"},{\"@type\":\"WebSite\",\"@id\":\"https:\\\/\\\/allasorias.hu\\\/hirek\\\/#website\",\"url\":\"https:\\\/\\\/allasorias.hu\\\/hirek\\\/\",\"name\":\"AllasOrias.hu | H\\u00edrek-lapszemle\",\"description\":\"\\u00dczleti h\\u00edrek az \\u00e1ll\\u00e1s \\u00e9s a munka vil\\u00e1g\\u00e1b\\u00f3l\",\"inLanguage\":\"hu-HU\",\"publisher\":{\"@id\":\"https:\\\/\\\/allasorias.hu\\\/hirek\\\/#organization\"}}]}\n\t\t<\/script>\n\t\t<!-- All in One SEO -->\n\n","aioseo_head_json":{"title":"A munkaer\u0151hi\u00e1ny megold\u00e1sa a k\u00fclf\u00f6ldiek foglalkoztat\u00e1sa lehet | AllasOrias.hu | H\u00edrek-lapszemle","description":"A pand\u00e9mia elej\u00e9n kiemelked\u0151en magas volt a munkav\u00e1llal\u00f3k elk\u00f6telezetts\u00e9ge munkaad\u00f3juk ir\u00e1nt haz\u00e1nkban, m\u00e1ra azonban drasztikusan lecs\u00f6kkent. A munkaer\u0151hi\u00e1ny pedig soha nem l\u00e1tott szintre ugrott egyes szektorokban. A termel\u0151 c\u00e9gekn\u00e9l m\u00e1r egyre nagyobb sz\u00fcks\u00e9g van k\u00fclf\u00f6ldi munkaer\u0151re. Mindez a WHC Csoport f\u0151t\u00e1mogat\u00e1s\u00e1val megrendezett HR Fest szakmai rendezv\u00e9nyen hangzott el. Magyarorsz\u00e1gon mind\u00f6ssze 3,5 sz\u00e1zal\u00e9kos a munkan\u00e9lk\u00fcli r\u00e1ta,","canonical_url":"https:\/\/allasorias.hu\/hirek\/a-munkaerohiany-megoldasa-a-kulfoldiek-foglalkoztatasa-lehet\/","robots":"max-image-preview:large","keywords":"","webmasterTools":{"miscellaneous":""},"schema":{"@context":"https:\/\/schema.org","@graph":[{"@type":"Article","@id":"https:\/\/allasorias.hu\/hirek\/a-munkaerohiany-megoldasa-a-kulfoldiek-foglalkoztatasa-lehet\/#article","name":"A munkaer\u0151hi\u00e1ny megold\u00e1sa a k\u00fclf\u00f6ldiek foglalkoztat\u00e1sa lehet | AllasOrias.hu | H\u00edrek-lapszemle","headline":"A munkaer\u0151hi\u00e1ny megold\u00e1sa a k\u00fclf\u00f6ldiek foglalkoztat\u00e1sa lehet","author":{"@id":"https:\/\/allasorias.hu\/hirek\/author\/admin-allasorias\/#author"},"publisher":{"@id":"https:\/\/allasorias.hu\/hirek\/#organization"},"image":{"@type":"ImageObject","url":"https:\/\/allasorias.hu\/hirek\/wp-content\/uploads\/2022\/03\/human-resources-talent-management-recruitment-business-concept.jpg","width":1920,"height":889,"caption":"Human resources, Talent management and recruitment business concept and empty copy space for your text"},"datePublished":"2022-06-13T06:40:46+02:00","dateModified":"2022-06-14T06:41:19+02:00","inLanguage":"hu-HU","mainEntityOfPage":{"@id":"https:\/\/allasorias.hu\/hirek\/a-munkaerohiany-megoldasa-a-kulfoldiek-foglalkoztatasa-lehet\/#webpage"},"isPartOf":{"@id":"https:\/\/allasorias.hu\/hirek\/a-munkaerohiany-megoldasa-a-kulfoldiek-foglalkoztatasa-lehet\/#webpage"},"articleSection":"K\u00fclf\u00f6ld, Munkaer\u0151piac"},{"@type":"BreadcrumbList","@id":"https:\/\/allasorias.hu\/hirek\/a-munkaerohiany-megoldasa-a-kulfoldiek-foglalkoztatasa-lehet\/#breadcrumblist","itemListElement":[{"@type":"ListItem","@id":"https:\/\/allasorias.hu\/hirek#listItem","position":1,"name":"Home","item":"https:\/\/allasorias.hu\/hirek","nextItem":{"@type":"ListItem","@id":"https:\/\/allasorias.hu\/hirek\/temak\/munkaeropiac\/#listItem","name":"Munkaer\u0151piac"}},{"@type":"ListItem","@id":"https:\/\/allasorias.hu\/hirek\/temak\/munkaeropiac\/#listItem","position":2,"name":"Munkaer\u0151piac","item":"https:\/\/allasorias.hu\/hirek\/temak\/munkaeropiac\/","nextItem":{"@type":"ListItem","@id":"https:\/\/allasorias.hu\/hirek\/a-munkaerohiany-megoldasa-a-kulfoldiek-foglalkoztatasa-lehet\/#listItem","name":"A munkaer\u0151hi\u00e1ny megold\u00e1sa a k\u00fclf\u00f6ldiek foglalkoztat\u00e1sa lehet"},"previousItem":{"@type":"ListItem","@id":"https:\/\/allasorias.hu\/hirek#listItem","name":"Home"}},{"@type":"ListItem","@id":"https:\/\/allasorias.hu\/hirek\/a-munkaerohiany-megoldasa-a-kulfoldiek-foglalkoztatasa-lehet\/#listItem","position":3,"name":"A munkaer\u0151hi\u00e1ny megold\u00e1sa a k\u00fclf\u00f6ldiek foglalkoztat\u00e1sa lehet","previousItem":{"@type":"ListItem","@id":"https:\/\/allasorias.hu\/hirek\/temak\/munkaeropiac\/#listItem","name":"Munkaer\u0151piac"}}]},{"@type":"Organization","@id":"https:\/\/allasorias.hu\/hirek\/#organization","name":"AllasOrias.hu | H\u00edrek-lapszemle","description":"\u00dczleti h\u00edrek az \u00e1ll\u00e1s \u00e9s a munka vil\u00e1g\u00e1b\u00f3l","url":"https:\/\/allasorias.hu\/hirek\/","logo":{"@type":"ImageObject","url":"https:\/\/allasorias.hu\/hirek\/wp-content\/uploads\/2022\/10\/allasorias_site_facebok_logo.png","@id":"https:\/\/allasorias.hu\/hirek\/a-munkaerohiany-megoldasa-a-kulfoldiek-foglalkoztatasa-lehet\/#organizationLogo"},"image":{"@id":"https:\/\/allasorias.hu\/hirek\/a-munkaerohiany-megoldasa-a-kulfoldiek-foglalkoztatasa-lehet\/#organizationLogo"},"sameAs":["https:\/\/www.facebook.com\/allasorias","https:\/\/www.linkedin.com\/company\/allasorias"]},{"@type":"Person","@id":"https:\/\/allasorias.hu\/hirek\/author\/admin-allasorias\/#author","url":"https:\/\/allasorias.hu\/hirek\/author\/admin-allasorias\/","name":"Juh\u00e1sz P\u00e9ter","image":{"@type":"ImageObject","@id":"https:\/\/allasorias.hu\/hirek\/a-munkaerohiany-megoldasa-a-kulfoldiek-foglalkoztatasa-lehet\/#authorImage","url":"https:\/\/secure.gravatar.com\/avatar\/36e6bcb83148978b992977cb0f54d22feb0cce8a0a849a9410532bb2623ba4c6?s=96&d=mm&r=g","width":96,"height":96,"caption":"Juh\u00e1sz P\u00e9ter"}},{"@type":"WebPage","@id":"https:\/\/allasorias.hu\/hirek\/a-munkaerohiany-megoldasa-a-kulfoldiek-foglalkoztatasa-lehet\/#webpage","url":"https:\/\/allasorias.hu\/hirek\/a-munkaerohiany-megoldasa-a-kulfoldiek-foglalkoztatasa-lehet\/","name":"A munkaer\u0151hi\u00e1ny megold\u00e1sa a k\u00fclf\u00f6ldiek foglalkoztat\u00e1sa lehet | AllasOrias.hu | H\u00edrek-lapszemle","description":"A pand\u00e9mia elej\u00e9n kiemelked\u0151en magas volt a munkav\u00e1llal\u00f3k elk\u00f6telezetts\u00e9ge munkaad\u00f3juk ir\u00e1nt haz\u00e1nkban, m\u00e1ra azonban drasztikusan lecs\u00f6kkent. A munkaer\u0151hi\u00e1ny pedig soha nem l\u00e1tott szintre ugrott egyes szektorokban. A termel\u0151 c\u00e9gekn\u00e9l m\u00e1r egyre nagyobb sz\u00fcks\u00e9g van k\u00fclf\u00f6ldi munkaer\u0151re. Mindez a WHC Csoport f\u0151t\u00e1mogat\u00e1s\u00e1val megrendezett HR Fest szakmai rendezv\u00e9nyen hangzott el. Magyarorsz\u00e1gon mind\u00f6ssze 3,5 sz\u00e1zal\u00e9kos a munkan\u00e9lk\u00fcli r\u00e1ta,","inLanguage":"hu-HU","isPartOf":{"@id":"https:\/\/allasorias.hu\/hirek\/#website"},"breadcrumb":{"@id":"https:\/\/allasorias.hu\/hirek\/a-munkaerohiany-megoldasa-a-kulfoldiek-foglalkoztatasa-lehet\/#breadcrumblist"},"author":{"@id":"https:\/\/allasorias.hu\/hirek\/author\/admin-allasorias\/#author"},"creator":{"@id":"https:\/\/allasorias.hu\/hirek\/author\/admin-allasorias\/#author"},"image":{"@type":"ImageObject","url":"https:\/\/allasorias.hu\/hirek\/wp-content\/uploads\/2022\/03\/human-resources-talent-management-recruitment-business-concept.jpg","@id":"https:\/\/allasorias.hu\/hirek\/a-munkaerohiany-megoldasa-a-kulfoldiek-foglalkoztatasa-lehet\/#mainImage","width":1920,"height":889,"caption":"Human resources, Talent management and recruitment business concept and empty copy space for your text"},"primaryImageOfPage":{"@id":"https:\/\/allasorias.hu\/hirek\/a-munkaerohiany-megoldasa-a-kulfoldiek-foglalkoztatasa-lehet\/#mainImage"},"datePublished":"2022-06-13T06:40:46+02:00","dateModified":"2022-06-14T06:41:19+02:00"},{"@type":"WebSite","@id":"https:\/\/allasorias.hu\/hirek\/#website","url":"https:\/\/allasorias.hu\/hirek\/","name":"AllasOrias.hu | H\u00edrek-lapszemle","description":"\u00dczleti h\u00edrek az \u00e1ll\u00e1s \u00e9s a munka vil\u00e1g\u00e1b\u00f3l","inLanguage":"hu-HU","publisher":{"@id":"https:\/\/allasorias.hu\/hirek\/#organization"}}]},"og:locale":"hu_HU","og:site_name":"AllasOrias.hu | H\u00edrek-lapszemle | \u00dczleti h\u00edrek az \u00e1ll\u00e1s \u00e9s a munka vil\u00e1g\u00e1b\u00f3l","og:type":"article","og:title":"A munkaer\u0151hi\u00e1ny megold\u00e1sa a k\u00fclf\u00f6ldiek foglalkoztat\u00e1sa lehet | AllasOrias.hu | H\u00edrek-lapszemle","og:description":"A pand\u00e9mia elej\u00e9n kiemelked\u0151en magas volt a munkav\u00e1llal\u00f3k elk\u00f6telezetts\u00e9ge munkaad\u00f3juk ir\u00e1nt haz\u00e1nkban, m\u00e1ra azonban drasztikusan lecs\u00f6kkent. A munkaer\u0151hi\u00e1ny pedig soha nem l\u00e1tott szintre ugrott egyes szektorokban. A termel\u0151 c\u00e9gekn\u00e9l m\u00e1r egyre nagyobb sz\u00fcks\u00e9g van k\u00fclf\u00f6ldi munkaer\u0151re. Mindez a WHC Csoport f\u0151t\u00e1mogat\u00e1s\u00e1val megrendezett HR Fest szakmai rendezv\u00e9nyen hangzott el. Magyarorsz\u00e1gon mind\u00f6ssze 3,5 sz\u00e1zal\u00e9kos a munkan\u00e9lk\u00fcli r\u00e1ta,","og:url":"https:\/\/allasorias.hu\/hirek\/a-munkaerohiany-megoldasa-a-kulfoldiek-foglalkoztatasa-lehet\/","og:image":"https:\/\/allasorias.hu\/hirek\/wp-content\/uploads\/2022\/03\/human-resources-talent-management-recruitment-business-concept.jpg","og:image:secure_url":"https:\/\/allasorias.hu\/hirek\/wp-content\/uploads\/2022\/03\/human-resources-talent-management-recruitment-business-concept.jpg","og:image:width":1920,"og:image:height":889,"article:published_time":"2022-06-13T06:40:46+00:00","article:modified_time":"2022-06-14T06:41:19+00:00","article:publisher":"https:\/\/www.facebook.com\/allasorias","twitter:card":"summary_large_image","twitter:title":"A munkaer\u0151hi\u00e1ny megold\u00e1sa a k\u00fclf\u00f6ldiek foglalkoztat\u00e1sa lehet | AllasOrias.hu | H\u00edrek-lapszemle","twitter:description":"A pand\u00e9mia elej\u00e9n kiemelked\u0151en magas volt a munkav\u00e1llal\u00f3k elk\u00f6telezetts\u00e9ge munkaad\u00f3juk ir\u00e1nt haz\u00e1nkban, m\u00e1ra azonban drasztikusan lecs\u00f6kkent. A munkaer\u0151hi\u00e1ny pedig soha nem l\u00e1tott szintre ugrott egyes szektorokban. A termel\u0151 c\u00e9gekn\u00e9l m\u00e1r egyre nagyobb sz\u00fcks\u00e9g van k\u00fclf\u00f6ldi munkaer\u0151re. Mindez a WHC Csoport f\u0151t\u00e1mogat\u00e1s\u00e1val megrendezett HR Fest szakmai rendezv\u00e9nyen hangzott el. Magyarorsz\u00e1gon mind\u00f6ssze 3,5 sz\u00e1zal\u00e9kos a munkan\u00e9lk\u00fcli r\u00e1ta,","twitter:image":"https:\/\/allasorias.hu\/hirek\/wp-content\/uploads\/2022\/03\/human-resources-talent-management-recruitment-business-concept.jpg","twitter:label1":"Written by","twitter:data1":"Juh\u00e1sz P\u00e9ter","twitter:label2":"Est. reading time","twitter:data2":"3 minutes"},"aioseo_meta_data":{"post_id":"5614","title":null,"description":null,"keywords":[],"keyphrases":{"focus":{"keyphrase":"","score":0,"analysis":{"keyphraseInTitle":{"score":0,"maxScore":9,"error":1}}},"additional":[]},"primary_term":null,"canonical_url":null,"og_title":null,"og_description":null,"og_object_type":"default","og_image_type":"default","og_image_url":null,"og_image_width":null,"og_image_height":null,"og_image_custom_url":null,"og_image_custom_fields":null,"og_video":"","og_custom_url":null,"og_article_section":null,"og_article_tags":[],"twitter_use_og":false,"twitter_card":"default","twitter_image_type":"default","twitter_image_url":null,"twitter_image_custom_url":null,"twitter_image_custom_fields":null,"twitter_title":null,"twitter_description":null,"schema":{"blockGraphs":[],"customGraphs":[],"default":{"data":{"Article":[],"Course":[],"Dataset":[],"FAQPage":[],"Movie":[],"Person":[],"Product":[],"ProductReview":[],"Car":[],"Recipe":[],"Service":[],"SoftwareApplication":[],"WebPage":[]},"graphName":"","isEnabled":true},"graphs":[],"defaultGraph":"Article","defaultPostTypeGraph":""},"schema_type":"default","schema_type_options":"{\"article\":{\"articleType\":\"BlogPosting\"},\"course\":{\"name\":\"\",\"description\":\"\",\"provider\":\"\"},\"faq\":{\"pages\":[]},\"product\":{\"reviews\":[]},\"recipe\":{\"ingredients\":[],\"instructions\":[],\"keywords\":[]},\"software\":{\"reviews\":[],\"operatingSystems\":[]},\"webPage\":{\"webPageType\":\"WebPage\"}}","pillar_content":false,"robots_default":true,"robots_noindex":false,"robots_noarchive":false,"robots_nosnippet":false,"robots_nofollow":false,"robots_noimageindex":false,"robots_noodp":false,"robots_notranslate":false,"robots_max_snippet":"-1","robots_max_videopreview":"-1","robots_max_imagepreview":"large","priority":null,"frequency":"default","location":null,"local_seo":null,"breadcrumb_settings":null,"limit_modified_date":false,"ai":null,"created":"2022-06-14 06:40:11","updated":"2025-10-02 17:01:15","seo_analyzer_scan_date":null,"focus_keyword":null,"additional_keywords":null,"truseo_locale":null},"aioseo_breadcrumb":"<div class=\"aioseo-breadcrumbs\"><span class=\"aioseo-breadcrumb\">\n\t\t\t<a href=\"https:\/\/allasorias.hu\/hirek\" title=\"Home\">Home<\/a>\n\t\t<\/span><span class=\"aioseo-breadcrumb-separator\">&raquo;<\/span><span class=\"aioseo-breadcrumb\">\n\t\t\t<a href=\"https:\/\/allasorias.hu\/hirek\/temak\/munkaeropiac\/\" title=\"Munkaer\u0151piac\">Munkaer\u0151piac<\/a>\n\t\t<\/span><span class=\"aioseo-breadcrumb-separator\">&raquo;<\/span><span class=\"aioseo-breadcrumb\">\n\t\t\tA munkaer\u0151hi\u00e1ny megold\u00e1sa a k\u00fclf\u00f6ldiek foglalkoztat\u00e1sa lehet\n\t\t<\/span><\/div>","aioseo_breadcrumb_json":[{"label":"Home","link":"https:\/\/allasorias.hu\/hirek"},{"label":"Munkaer\u0151piac","link":"https:\/\/allasorias.hu\/hirek\/temak\/munkaeropiac\/"},{"label":"A munkaer\u0151hi\u00e1ny megold\u00e1sa a k\u00fclf\u00f6ldiek foglalkoztat\u00e1sa lehet","link":"https:\/\/allasorias.hu\/hirek\/a-munkaerohiany-megoldasa-a-kulfoldiek-foglalkoztatasa-lehet\/"}],"_links":{"self":[{"href":"https:\/\/allasorias.hu\/hirek\/wp-json\/wp\/v2\/posts\/5614","targetHints":{"allow":["GET"]}}],"collection":[{"href":"https:\/\/allasorias.hu\/hirek\/wp-json\/wp\/v2\/posts"}],"about":[{"href":"https:\/\/allasorias.hu\/hirek\/wp-json\/wp\/v2\/types\/post"}],"author":[{"embeddable":true,"href":"https:\/\/allasorias.hu\/hirek\/wp-json\/wp\/v2\/users\/1"}],"replies":[{"embeddable":true,"href":"https:\/\/allasorias.hu\/hirek\/wp-json\/wp\/v2\/comments?post=5614"}],"version-history":[{"count":1,"href":"https:\/\/allasorias.hu\/hirek\/wp-json\/wp\/v2\/posts\/5614\/revisions"}],"predecessor-version":[{"id":5615,"href":"https:\/\/allasorias.hu\/hirek\/wp-json\/wp\/v2\/posts\/5614\/revisions\/5615"}],"wp:featuredmedia":[{"embeddable":true,"href":"https:\/\/allasorias.hu\/hirek\/wp-json\/wp\/v2\/media\/5463"}],"wp:attachment":[{"href":"https:\/\/allasorias.hu\/hirek\/wp-json\/wp\/v2\/media?parent=5614"}],"wp:term":[{"taxonomy":"category","embeddable":true,"href":"https:\/\/allasorias.hu\/hirek\/wp-json\/wp\/v2\/categories?post=5614"},{"taxonomy":"post_tag","embeddable":true,"href":"https:\/\/allasorias.hu\/hirek\/wp-json\/wp\/v2\/tags?post=5614"}],"curies":[{"name":"wp","href":"https:\/\/api.w.org\/{rel}","templated":true}]}}