{"id":5612,"date":"2022-06-09T09:14:27","date_gmt":"2022-06-09T09:14:27","guid":{"rendered":"https:\/\/allasorias.hu\/hirek\/?p=5612"},"modified":"2022-06-09T09:14:27","modified_gmt":"2022-06-09T09:14:27","slug":"milyen-igenye-van-a-fiatal-munkaeronek","status":"publish","type":"post","link":"https:\/\/allasorias.hu\/hirek\/milyen-igenye-van-a-fiatal-munkaeronek\/","title":{"rendered":"Milyen ig\u00e9nye van a fiatal munkaer\u0151nek ?"},"content":{"rendered":"<p><strong>A fiataloknak els\u0151sz\u00e1m\u00fa szempontt\u00e1 v\u00e1lt a fizet\u00e9s m\u00e9rt\u00e9ke, az elismer\u00e9s \u00e9s hossz\u00fat\u00e1v\u00fa karrierlehet\u0151s\u00e9gek. V\u00e1ltozatlanul a nagyv\u00e1llalatok a legkedveltebb munkaad\u00f3k. A n\u0151k \u00e9s f\u00e9rfiak k\u00f6z\u00f6tti b\u00e9rig\u00e9ny szakad\u00e9k pedig 20%-ra ugrott der\u00fcl ki egy orsz\u00e1gos \u00e1ll\u00e1sport\u00e1l kutat\u00e1s\u00e1b\u00f3l,\u00a0 melynek f\u00f3kusz\u00e1ban a fiatalok (16-28 \u00e9ves koroszt\u00e1ly) munkaer\u0151piaci preferenci\u00e1inak vizsg\u00e1lata \u00e1ll. <\/strong><\/p>\n<p>A k\u00e9rd\u0151\u00edvet kit\u00f6lt\u0151 3000 fiatalnak 34%-a f\u00e9rfi, 66%-a pedig n\u0151 volt. A legnagyobb ar\u00e1nyban, 55%-kal a 20 \u00e9s 23 \u00e9v k\u00f6z\u00f6tti koroszt\u00e1ly k\u00e9pviseltette mag\u00e1t a v\u00e1laszad\u00e1s sor\u00e1n. Kit\u00f6lt\u0151ink lok\u00e1ci\u00f3 szerinti megoszl\u00e1sa 67%-ban f\u0151v\u00e1rosi \u00e9s 36%-ban vid\u00e9ki v\u00e1laszad\u00f3kb\u00f3l \u00e1ll \u00f6ssze. A tavalyi \u00e9vhez hasonl\u00f3an id\u00e9n is 13 szakter\u00fclet k\u00e9pvisel\u0151it\u0151l \u00e9rkeztek v\u00e1laszok, t\u00f6bb mint 40 fels\u0151oktat\u00e1si int\u00e9zm\u00e9nyb\u0151l vagy feln\u0151tt szakk\u00e9pz\u00e9si int\u00e9zm\u00e9ny hallgat\u00f3it\u00f3l. A kit\u00f6lt\u0151k v\u00e1laszainak \u00f6sszes\u00edt\u00e9se alapj\u00e1n a versenyk\u00e9pes fizet\u00e9s a legfontosabb szempont a fiataloknak, ha munkahely v\u00e1laszt\u00e1sr\u00f3l vagy elk\u00f6telez\u0151d\u00e9sr\u0151l van sz\u00f3. Tov\u00e1bb\u00e1, kiemelten fontos sz\u00e1mukra, ha elismeri a munk\u00e1ltat\u00f3 a j\u00f3 teljes\u00edtm\u00e9nyt, \u00e9s ha van fejl\u0151d\u00e9si- \u00e9s karrierlehet\u0151s\u00e9g a c\u00e9gn\u00e9l.\u00a0 A kutat\u00e1sb\u00f3l az is kider\u00fcl, hogy a fiatalok sz\u00e1m\u00e1ra a legkev\u00e9sb\u00e9 fontos szempont, hogy a v\u00e1llalat nemzetk\u00f6zi h\u00e1tt\u00e9rrel rendelkezik-e vagy sem. A home office, vagyis otthoni munkav\u00e9gz\u00e9s a lista v\u00e9ge fel\u00e9 helyezkedik el, m\u00edg a kor\u00e1bbi \u00e9vekhez k\u00e9pest a c\u00e9g h\u00edrneve jelent\u0151sen nagyobb hangs\u00falyt kapott a p\u00e1lyakezd\u0151k preferencia list\u00e1j\u00e1n. A n\u0151k \u00e1ltal\u00e1ban fontosabbnak \u00e9rt\u00e9kelt\u00e9k a bar\u00e1ts\u00e1gos \u00e9s befogad\u00f3 munkak\u00f6rnyezetet \u00e9s a v\u00e1llalat t\u00e1rsadalmi felel\u0151ss\u00e9g v\u00e1llal\u00e1s\u00e1t, mint a f\u00e9rfiak. Ezzel szemben a f\u00e9rfiaknak fontosabb a modern munkak\u00f6rnyezet \u00e9s az innovat\u00edv technikai eszk\u00f6z\u00f6k munkav\u00e9gz\u00e9s sor\u00e1n. A f\u0151v\u00e1rosi kit\u00f6lt\u0151k magasabbra \u00e9rt\u00e9kelt\u00e9k a v\u00e1llalat nemzetk\u00f6zi h\u00e1tter\u00e9t, az otthoni munkav\u00e9gz\u00e9st \u00e9s a versenyk\u00e9pest fizet\u00e9st, m\u00edg a vid\u00e9kieknek fontosabb a v\u00e1llalat t\u00e1rsadalmi felel\u0151ss\u00e9gv\u00e1llal\u00e1sa \u00e9s h\u00edrneve. A kutat\u00e1sban r\u00e9sztvev\u0151 fiatalok d\u00f6nt\u0151 t\u00f6bbs\u00e9ge (59%) helyezkedne el nemzetk\u00f6zi nagyv\u00e1llalatn\u00e1l. A v\u00e1laszad\u00f3k k\u00f6zel fele v\u00e1laszolta, hogy hazai nagyv\u00e1llalaltn\u00e1l (45%) vagy KKV-n\u00e1l is sz\u00edvesen dolgozna (44%). A kit\u00f6lt\u0151k 37%-a gondolkodik saj\u00e1t v\u00e1llalkoz\u00e1s ind\u00edt\u00e1s\u00e1n. \u00c9rdekess\u00e9g, hogy m\u00edg a budapestiek 64%-a dolgozna multinacion\u00e1lis v\u00e1llalatn\u00e1l, addig a vid\u00e9kieknek mind\u00f6ssze 52%-a prefer\u00e1lja az ilyen t\u00edpus\u00fa munk\u00e1ltat\u00f3kat. Tov\u00e1bb\u00e1 \u00e9rdemes megeml\u00edteni, hogy a f\u00e9rfiak 29%-a, m\u00edg a n\u0151knek csup\u00e1n 20%-a dolgozna sz\u00edvesen a startup szektorban, az innovat\u00edv v\u00e1llalkoz\u00f3i forma legn\u00e9pszer\u0171bb a 27\u00e9vesn\u00e9l id\u0151sebbek k\u00f6r\u00e9ben volt. A kutat\u00e1sban r\u00e9sztvev\u0151k \u00f6sszes\u00edtett \u00e1tlag fizet\u00e9si ig\u00e9nye az idei \u00e9vben 321 800 Ft volt, ami 73 000 forinttal t\u00f6bb, mint az el\u0151z\u0151 \u00e9vben. A kit\u00f6lt\u0151ink legnagyobb ar\u00e1nyban (majdnem 24%-ban) a 276 000 &#8211; 300 000 k\u00f6z\u00f6tti s\u00e1vot jel\u00f6lt\u00e9k meg sz\u00e1mukra v\u00e1gyott p\u00e1lyakezd\u0151 fizet\u00e9sk\u00e9nt. A koroszt\u00e1lyokat tekintve a 16-19 \u00e9ves koroszt\u00e1ly \u00e1tlagosan 309 600 Ft, a 20 \u00e9s 23 \u00e9v k\u00f6z\u00f6ttiek 317 000 Ft, a 24-26 \u00e9vesek 330 000 Ft, a minta legid\u0151sebb koroszt\u00e1lya pedig 336 000 forintos nett\u00f3 kezd\u0151 fizet\u00e9st hat\u00e1rozott meg. \u00c9rdekess\u00e9g, hogy a f\u0151v\u00e1rosi \u00e9s vid\u00e9ki kit\u00f6lt\u0151ink \u00e1tlag nett\u00f3 fizet\u00e9si ig\u00e9ny\u00e9nek k\u00fcl\u00f6nbs\u00e9ge, teh\u00e1t b\u00e9rig\u00e9ny szakad\u00e9ka 30 ezer forintos. A legmagasabb \u00e1tlagos fizet\u00e9si ig\u00e9nyeket az IT-s (369 536 Ft), m\u0171szaki\/ m\u00e9rn\u00f6ki (367 156 Ft), valamint az orvos \u00e9s eg\u00e9szs\u00e9gtudom\u00e1ny (342 417 Ft) ter\u00fcleteken v\u00e1rn\u00e1nak. Ezzel szemben a legalacsonyabb ig\u00e9nyei a gimn\u00e1ziumban (237 941 Ft), pedag\u00f3gusi (269 357 Ft), valamint b\u00f6lcs\u00e9sz (275 236 Ft) ter\u00fcleten tanul\u00f3 \u00e9s dolgoz\u00f3 fiataloknak voltak. A kor\u00e1bbi \u00e9vekhez hasonl\u00f3an id\u00e9n is megk\u00e9rdezt\u00fck a fiatalokat, mely munkaad\u00f3kat tartj\u00e1k a legvonz\u00f3bbnak. A kit\u00f6lt\u0151k azokat a munkahelyeket, ahol sz\u00edvesen dolgozn\u00e1nak, szabadszavas form\u00e1ban, maximum 5 c\u00e9g eml\u00edt\u00e9s\u00e9vel adt\u00e1k meg.Id\u00e9n a p\u00e1lyakezd\u0151k v\u00e1laszai alapj\u00e1n a legn\u00e9pszer\u0171bb c\u00e9gek k\u00f6z\u00f6tt telekomunik\u00e1ci\u00f3s v\u00e1llalatok, big4ok, bankok, \u00e9s haza nagyv\u00e1llalatok is megtal\u00e1lhat\u00f3ak voltak. A Zynternship Awards legvonz\u00f3bb p\u00e1lyakezd\u0151 c\u00e9geinek 2022-es pontos toplist\u00e1ja j\u00fanius 9-\u00e9n a Business Fesztiv\u00e1lon, egy hivatalos d\u00edj\u00e1tad\u00f3 keret\u00e9ben ker\u00fclnek kihirdet\u00e9sre.<\/p>\n<p>Forr\u00e1s: profitline.hu<\/p>\n","protected":false},"excerpt":{"rendered":"<p>A fiataloknak els\u0151sz\u00e1m\u00fa szempontt\u00e1 v\u00e1lt a fizet\u00e9s m\u00e9rt\u00e9ke, az elismer\u00e9s \u00e9s hossz\u00fat\u00e1v\u00fa karrierlehet\u0151s\u00e9gek. V\u00e1ltozatlanul a nagyv\u00e1llalatok a legkedveltebb munkaad\u00f3k. A n\u0151k \u00e9s f\u00e9rfiak k\u00f6z\u00f6tti b\u00e9rig\u00e9ny szakad\u00e9k pedig 20%-ra ugrott der\u00fcl ki egy orsz\u00e1gos \u00e1ll\u00e1sport\u00e1l kutat\u00e1s\u00e1b\u00f3l,\u00a0 melynek f\u00f3kusz\u00e1ban a fiatalok (16-28 \u00e9ves koroszt\u00e1ly) munkaer\u0151piaci preferenci\u00e1inak vizsg\u00e1lata \u00e1ll. A k\u00e9rd\u0151\u00edvet kit\u00f6lt\u0151 3000 fiatalnak 34%-a f\u00e9rfi, 66%-a pedig [&hellip;]<\/p>\n","protected":false},"author":1,"featured_media":4894,"comment_status":"open","ping_status":"open","sticky":false,"template":"","format":"standard","meta":{"_monsterinsights_skip_tracking":false,"footnotes":""},"categories":[200],"tags":[],"class_list":["post-5612","post","type-post","status-publish","format-standard","has-post-thumbnail","hentry","category-munkaeropiac"],"aioseo_notices":[],"aioseo_head":"\n\t\t<!-- All in One SEO 5.0.0.1 - aioseo.com -->\n\t<meta name=\"description\" content=\"A fiataloknak els\u0151sz\u00e1m\u00fa szempontt\u00e1 v\u00e1lt a fizet\u00e9s m\u00e9rt\u00e9ke, az elismer\u00e9s \u00e9s hossz\u00fat\u00e1v\u00fa karrierlehet\u0151s\u00e9gek. V\u00e1ltozatlanul a nagyv\u00e1llalatok a legkedveltebb munkaad\u00f3k. A n\u0151k \u00e9s f\u00e9rfiak k\u00f6z\u00f6tti b\u00e9rig\u00e9ny szakad\u00e9k pedig 20%-ra ugrott der\u00fcl ki egy orsz\u00e1gos \u00e1ll\u00e1sport\u00e1l kutat\u00e1s\u00e1b\u00f3l, melynek f\u00f3kusz\u00e1ban a fiatalok (16-28 \u00e9ves koroszt\u00e1ly) munkaer\u0151piaci preferenci\u00e1inak vizsg\u00e1lata \u00e1ll. A k\u00e9rd\u0151\u00edvet kit\u00f6lt\u0151 3000 fiatalnak 34%-a f\u00e9rfi, 66%-a pedig\" \/>\n\t<meta name=\"robots\" content=\"max-image-preview:large\" \/>\n\t<meta name=\"author\" content=\"Juh\u00e1sz P\u00e9ter\"\/>\n\t<link rel=\"canonical\" href=\"https:\/\/allasorias.hu\/hirek\/milyen-igenye-van-a-fiatal-munkaeronek\/\" \/>\n\t<meta name=\"generator\" content=\"All in One SEO (AIOSEO) 5.0.0.1\" \/>\n\t\t<meta property=\"og:locale\" content=\"hu_HU\" \/>\n\t\t<meta property=\"og:site_name\" content=\"AllasOrias.hu | H\u00edrek-lapszemle | \u00dczleti h\u00edrek az \u00e1ll\u00e1s \u00e9s a munka vil\u00e1g\u00e1b\u00f3l\" \/>\n\t\t<meta property=\"og:type\" content=\"article\" \/>\n\t\t<meta property=\"og:title\" content=\"Milyen ig\u00e9nye van a fiatal munkaer\u0151nek ? | AllasOrias.hu | H\u00edrek-lapszemle\" \/>\n\t\t<meta property=\"og:description\" content=\"A fiataloknak els\u0151sz\u00e1m\u00fa szempontt\u00e1 v\u00e1lt a fizet\u00e9s m\u00e9rt\u00e9ke, az elismer\u00e9s \u00e9s hossz\u00fat\u00e1v\u00fa karrierlehet\u0151s\u00e9gek. V\u00e1ltozatlanul a nagyv\u00e1llalatok a legkedveltebb munkaad\u00f3k. A n\u0151k \u00e9s f\u00e9rfiak k\u00f6z\u00f6tti b\u00e9rig\u00e9ny szakad\u00e9k pedig 20%-ra ugrott der\u00fcl ki egy orsz\u00e1gos \u00e1ll\u00e1sport\u00e1l kutat\u00e1s\u00e1b\u00f3l, melynek f\u00f3kusz\u00e1ban a fiatalok (16-28 \u00e9ves koroszt\u00e1ly) munkaer\u0151piaci preferenci\u00e1inak vizsg\u00e1lata \u00e1ll. A k\u00e9rd\u0151\u00edvet kit\u00f6lt\u0151 3000 fiatalnak 34%-a f\u00e9rfi, 66%-a pedig\" \/>\n\t\t<meta property=\"og:url\" content=\"https:\/\/allasorias.hu\/hirek\/milyen-igenye-van-a-fiatal-munkaeronek\/\" \/>\n\t\t<meta property=\"og:image\" content=\"https:\/\/allasorias.hu\/hirek\/wp-content\/uploads\/2021\/07\/handshake-with-senior-manager-client-business-meeting-modern-office.jpg\" \/>\n\t\t<meta property=\"og:image:secure_url\" content=\"https:\/\/allasorias.hu\/hirek\/wp-content\/uploads\/2021\/07\/handshake-with-senior-manager-client-business-meeting-modern-office.jpg\" \/>\n\t\t<meta property=\"og:image:width\" content=\"1920\" \/>\n\t\t<meta property=\"og:image:height\" content=\"1280\" \/>\n\t\t<meta property=\"article:published_time\" content=\"2022-06-09T09:14:27+00:00\" \/>\n\t\t<meta property=\"article:modified_time\" content=\"2022-06-09T09:14:27+00:00\" \/>\n\t\t<meta property=\"article:publisher\" content=\"https:\/\/www.facebook.com\/allasorias\" \/>\n\t\t<meta name=\"twitter:card\" content=\"summary_large_image\" \/>\n\t\t<meta name=\"twitter:title\" content=\"Milyen ig\u00e9nye van a fiatal munkaer\u0151nek ? | AllasOrias.hu | H\u00edrek-lapszemle\" \/>\n\t\t<meta name=\"twitter:description\" content=\"A fiataloknak els\u0151sz\u00e1m\u00fa szempontt\u00e1 v\u00e1lt a fizet\u00e9s m\u00e9rt\u00e9ke, az elismer\u00e9s \u00e9s hossz\u00fat\u00e1v\u00fa karrierlehet\u0151s\u00e9gek. V\u00e1ltozatlanul a nagyv\u00e1llalatok a legkedveltebb munkaad\u00f3k. A n\u0151k \u00e9s f\u00e9rfiak k\u00f6z\u00f6tti b\u00e9rig\u00e9ny szakad\u00e9k pedig 20%-ra ugrott der\u00fcl ki egy orsz\u00e1gos \u00e1ll\u00e1sport\u00e1l kutat\u00e1s\u00e1b\u00f3l, melynek f\u00f3kusz\u00e1ban a fiatalok (16-28 \u00e9ves koroszt\u00e1ly) munkaer\u0151piaci preferenci\u00e1inak vizsg\u00e1lata \u00e1ll. A k\u00e9rd\u0151\u00edvet kit\u00f6lt\u0151 3000 fiatalnak 34%-a f\u00e9rfi, 66%-a pedig\" \/>\n\t\t<meta name=\"twitter:image\" content=\"https:\/\/allasorias.hu\/hirek\/wp-content\/uploads\/2021\/07\/handshake-with-senior-manager-client-business-meeting-modern-office.jpg\" \/>\n\t\t<meta name=\"twitter:label1\" content=\"Written by\" \/>\n\t\t<meta name=\"twitter:data1\" content=\"Juh\u00e1sz P\u00e9ter\" \/>\n\t\t<meta name=\"twitter:label2\" content=\"Est. reading time\" \/>\n\t\t<meta name=\"twitter:data2\" content=\"4 minutes\" \/>\n\t\t<script type=\"application\/ld+json\" class=\"aioseo-schema\">\n\t\t\t{\"@context\":\"https:\\\/\\\/schema.org\",\"@graph\":[{\"@type\":\"Article\",\"@id\":\"https:\\\/\\\/allasorias.hu\\\/hirek\\\/milyen-igenye-van-a-fiatal-munkaeronek\\\/#article\",\"name\":\"Milyen ig\\u00e9nye van a fiatal munkaer\\u0151nek ? | AllasOrias.hu | H\\u00edrek-lapszemle\",\"headline\":\"Milyen ig\\u00e9nye van a fiatal munkaer\\u0151nek ?\",\"author\":{\"@id\":\"https:\\\/\\\/allasorias.hu\\\/hirek\\\/author\\\/admin-allasorias\\\/#author\"},\"publisher\":{\"@id\":\"https:\\\/\\\/allasorias.hu\\\/hirek\\\/#organization\"},\"image\":{\"@type\":\"ImageObject\",\"url\":\"https:\\\/\\\/allasorias.hu\\\/hirek\\\/wp-content\\\/uploads\\\/2021\\\/07\\\/handshake-with-senior-manager-client-business-meeting-modern-office.jpg\",\"width\":1920,\"height\":1280,\"caption\":\"handshake with a senior Manager and a client at a business meeting in a modern office\"},\"datePublished\":\"2022-06-09T09:14:27+02:00\",\"dateModified\":\"2022-06-09T09:14:27+02:00\",\"inLanguage\":\"hu-HU\",\"mainEntityOfPage\":{\"@id\":\"https:\\\/\\\/allasorias.hu\\\/hirek\\\/milyen-igenye-van-a-fiatal-munkaeronek\\\/#webpage\"},\"isPartOf\":{\"@id\":\"https:\\\/\\\/allasorias.hu\\\/hirek\\\/milyen-igenye-van-a-fiatal-munkaeronek\\\/#webpage\"},\"articleSection\":\"Munkaer\\u0151piac\"},{\"@type\":\"BreadcrumbList\",\"@id\":\"https:\\\/\\\/allasorias.hu\\\/hirek\\\/milyen-igenye-van-a-fiatal-munkaeronek\\\/#breadcrumblist\",\"itemListElement\":[{\"@type\":\"ListItem\",\"@id\":\"https:\\\/\\\/allasorias.hu\\\/hirek#listItem\",\"position\":1,\"name\":\"Home\",\"item\":\"https:\\\/\\\/allasorias.hu\\\/hirek\",\"nextItem\":{\"@type\":\"ListItem\",\"@id\":\"https:\\\/\\\/allasorias.hu\\\/hirek\\\/temak\\\/munkaeropiac\\\/#listItem\",\"name\":\"Munkaer\\u0151piac\"}},{\"@type\":\"ListItem\",\"@id\":\"https:\\\/\\\/allasorias.hu\\\/hirek\\\/temak\\\/munkaeropiac\\\/#listItem\",\"position\":2,\"name\":\"Munkaer\\u0151piac\",\"item\":\"https:\\\/\\\/allasorias.hu\\\/hirek\\\/temak\\\/munkaeropiac\\\/\",\"nextItem\":{\"@type\":\"ListItem\",\"@id\":\"https:\\\/\\\/allasorias.hu\\\/hirek\\\/milyen-igenye-van-a-fiatal-munkaeronek\\\/#listItem\",\"name\":\"Milyen ig\\u00e9nye van a fiatal munkaer\\u0151nek ?\"},\"previousItem\":{\"@type\":\"ListItem\",\"@id\":\"https:\\\/\\\/allasorias.hu\\\/hirek#listItem\",\"name\":\"Home\"}},{\"@type\":\"ListItem\",\"@id\":\"https:\\\/\\\/allasorias.hu\\\/hirek\\\/milyen-igenye-van-a-fiatal-munkaeronek\\\/#listItem\",\"position\":3,\"name\":\"Milyen ig\\u00e9nye van a fiatal munkaer\\u0151nek ?\",\"previousItem\":{\"@type\":\"ListItem\",\"@id\":\"https:\\\/\\\/allasorias.hu\\\/hirek\\\/temak\\\/munkaeropiac\\\/#listItem\",\"name\":\"Munkaer\\u0151piac\"}}]},{\"@type\":\"Organization\",\"@id\":\"https:\\\/\\\/allasorias.hu\\\/hirek\\\/#organization\",\"name\":\"AllasOrias.hu | H\\u00edrek-lapszemle\",\"description\":\"\\u00dczleti h\\u00edrek az \\u00e1ll\\u00e1s \\u00e9s a munka vil\\u00e1g\\u00e1b\\u00f3l\",\"url\":\"https:\\\/\\\/allasorias.hu\\\/hirek\\\/\",\"logo\":{\"@type\":\"ImageObject\",\"url\":\"https:\\\/\\\/allasorias.hu\\\/hirek\\\/wp-content\\\/uploads\\\/2022\\\/10\\\/allasorias_site_facebok_logo.png\",\"@id\":\"https:\\\/\\\/allasorias.hu\\\/hirek\\\/milyen-igenye-van-a-fiatal-munkaeronek\\\/#organizationLogo\"},\"image\":{\"@id\":\"https:\\\/\\\/allasorias.hu\\\/hirek\\\/milyen-igenye-van-a-fiatal-munkaeronek\\\/#organizationLogo\"},\"sameAs\":[\"https:\\\/\\\/www.facebook.com\\\/allasorias\",\"https:\\\/\\\/www.linkedin.com\\\/company\\\/allasorias\"]},{\"@type\":\"Person\",\"@id\":\"https:\\\/\\\/allasorias.hu\\\/hirek\\\/author\\\/admin-allasorias\\\/#author\",\"url\":\"https:\\\/\\\/allasorias.hu\\\/hirek\\\/author\\\/admin-allasorias\\\/\",\"name\":\"Juh\\u00e1sz P\\u00e9ter\",\"image\":{\"@type\":\"ImageObject\",\"@id\":\"https:\\\/\\\/allasorias.hu\\\/hirek\\\/milyen-igenye-van-a-fiatal-munkaeronek\\\/#authorImage\",\"url\":\"https:\\\/\\\/secure.gravatar.com\\\/avatar\\\/36e6bcb83148978b992977cb0f54d22feb0cce8a0a849a9410532bb2623ba4c6?s=96&d=mm&r=g\",\"width\":96,\"height\":96,\"caption\":\"Juh\\u00e1sz P\\u00e9ter\"}},{\"@type\":\"WebPage\",\"@id\":\"https:\\\/\\\/allasorias.hu\\\/hirek\\\/milyen-igenye-van-a-fiatal-munkaeronek\\\/#webpage\",\"url\":\"https:\\\/\\\/allasorias.hu\\\/hirek\\\/milyen-igenye-van-a-fiatal-munkaeronek\\\/\",\"name\":\"Milyen ig\\u00e9nye van a fiatal munkaer\\u0151nek ? | AllasOrias.hu | H\\u00edrek-lapszemle\",\"description\":\"A fiataloknak els\\u0151sz\\u00e1m\\u00fa szempontt\\u00e1 v\\u00e1lt a fizet\\u00e9s m\\u00e9rt\\u00e9ke, az elismer\\u00e9s \\u00e9s hossz\\u00fat\\u00e1v\\u00fa karrierlehet\\u0151s\\u00e9gek. V\\u00e1ltozatlanul a nagyv\\u00e1llalatok a legkedveltebb munkaad\\u00f3k. A n\\u0151k \\u00e9s f\\u00e9rfiak k\\u00f6z\\u00f6tti b\\u00e9rig\\u00e9ny szakad\\u00e9k pedig 20%-ra ugrott der\\u00fcl ki egy orsz\\u00e1gos \\u00e1ll\\u00e1sport\\u00e1l kutat\\u00e1s\\u00e1b\\u00f3l, melynek f\\u00f3kusz\\u00e1ban a fiatalok (16-28 \\u00e9ves koroszt\\u00e1ly) munkaer\\u0151piaci preferenci\\u00e1inak vizsg\\u00e1lata \\u00e1ll. A k\\u00e9rd\\u0151\\u00edvet kit\\u00f6lt\\u0151 3000 fiatalnak 34%-a f\\u00e9rfi, 66%-a pedig\",\"inLanguage\":\"hu-HU\",\"isPartOf\":{\"@id\":\"https:\\\/\\\/allasorias.hu\\\/hirek\\\/#website\"},\"breadcrumb\":{\"@id\":\"https:\\\/\\\/allasorias.hu\\\/hirek\\\/milyen-igenye-van-a-fiatal-munkaeronek\\\/#breadcrumblist\"},\"author\":{\"@id\":\"https:\\\/\\\/allasorias.hu\\\/hirek\\\/author\\\/admin-allasorias\\\/#author\"},\"creator\":{\"@id\":\"https:\\\/\\\/allasorias.hu\\\/hirek\\\/author\\\/admin-allasorias\\\/#author\"},\"image\":{\"@type\":\"ImageObject\",\"url\":\"https:\\\/\\\/allasorias.hu\\\/hirek\\\/wp-content\\\/uploads\\\/2021\\\/07\\\/handshake-with-senior-manager-client-business-meeting-modern-office.jpg\",\"@id\":\"https:\\\/\\\/allasorias.hu\\\/hirek\\\/milyen-igenye-van-a-fiatal-munkaeronek\\\/#mainImage\",\"width\":1920,\"height\":1280,\"caption\":\"handshake with a senior Manager and a client at a business meeting in a modern office\"},\"primaryImageOfPage\":{\"@id\":\"https:\\\/\\\/allasorias.hu\\\/hirek\\\/milyen-igenye-van-a-fiatal-munkaeronek\\\/#mainImage\"},\"datePublished\":\"2022-06-09T09:14:27+02:00\",\"dateModified\":\"2022-06-09T09:14:27+02:00\"},{\"@type\":\"WebSite\",\"@id\":\"https:\\\/\\\/allasorias.hu\\\/hirek\\\/#website\",\"url\":\"https:\\\/\\\/allasorias.hu\\\/hirek\\\/\",\"name\":\"AllasOrias.hu | H\\u00edrek-lapszemle\",\"description\":\"\\u00dczleti h\\u00edrek az \\u00e1ll\\u00e1s \\u00e9s a munka vil\\u00e1g\\u00e1b\\u00f3l\",\"inLanguage\":\"hu-HU\",\"publisher\":{\"@id\":\"https:\\\/\\\/allasorias.hu\\\/hirek\\\/#organization\"}}]}\n\t\t<\/script>\n\t\t<!-- All in One SEO -->\n\n","aioseo_head_json":{"title":"Milyen ig\u00e9nye van a fiatal munkaer\u0151nek ? | AllasOrias.hu | H\u00edrek-lapszemle","description":"A fiataloknak els\u0151sz\u00e1m\u00fa szempontt\u00e1 v\u00e1lt a fizet\u00e9s m\u00e9rt\u00e9ke, az elismer\u00e9s \u00e9s hossz\u00fat\u00e1v\u00fa karrierlehet\u0151s\u00e9gek. V\u00e1ltozatlanul a nagyv\u00e1llalatok a legkedveltebb munkaad\u00f3k. A n\u0151k \u00e9s f\u00e9rfiak k\u00f6z\u00f6tti b\u00e9rig\u00e9ny szakad\u00e9k pedig 20%-ra ugrott der\u00fcl ki egy orsz\u00e1gos \u00e1ll\u00e1sport\u00e1l kutat\u00e1s\u00e1b\u00f3l, melynek f\u00f3kusz\u00e1ban a fiatalok (16-28 \u00e9ves koroszt\u00e1ly) munkaer\u0151piaci preferenci\u00e1inak vizsg\u00e1lata \u00e1ll. A k\u00e9rd\u0151\u00edvet kit\u00f6lt\u0151 3000 fiatalnak 34%-a f\u00e9rfi, 66%-a pedig","canonical_url":"https:\/\/allasorias.hu\/hirek\/milyen-igenye-van-a-fiatal-munkaeronek\/","robots":"max-image-preview:large","keywords":"","webmasterTools":{"miscellaneous":""},"schema":{"@context":"https:\/\/schema.org","@graph":[{"@type":"Article","@id":"https:\/\/allasorias.hu\/hirek\/milyen-igenye-van-a-fiatal-munkaeronek\/#article","name":"Milyen ig\u00e9nye van a fiatal munkaer\u0151nek ? | AllasOrias.hu | H\u00edrek-lapszemle","headline":"Milyen ig\u00e9nye van a fiatal munkaer\u0151nek ?","author":{"@id":"https:\/\/allasorias.hu\/hirek\/author\/admin-allasorias\/#author"},"publisher":{"@id":"https:\/\/allasorias.hu\/hirek\/#organization"},"image":{"@type":"ImageObject","url":"https:\/\/allasorias.hu\/hirek\/wp-content\/uploads\/2021\/07\/handshake-with-senior-manager-client-business-meeting-modern-office.jpg","width":1920,"height":1280,"caption":"handshake with a senior Manager and a client at a business meeting in a modern office"},"datePublished":"2022-06-09T09:14:27+02:00","dateModified":"2022-06-09T09:14:27+02:00","inLanguage":"hu-HU","mainEntityOfPage":{"@id":"https:\/\/allasorias.hu\/hirek\/milyen-igenye-van-a-fiatal-munkaeronek\/#webpage"},"isPartOf":{"@id":"https:\/\/allasorias.hu\/hirek\/milyen-igenye-van-a-fiatal-munkaeronek\/#webpage"},"articleSection":"Munkaer\u0151piac"},{"@type":"BreadcrumbList","@id":"https:\/\/allasorias.hu\/hirek\/milyen-igenye-van-a-fiatal-munkaeronek\/#breadcrumblist","itemListElement":[{"@type":"ListItem","@id":"https:\/\/allasorias.hu\/hirek#listItem","position":1,"name":"Home","item":"https:\/\/allasorias.hu\/hirek","nextItem":{"@type":"ListItem","@id":"https:\/\/allasorias.hu\/hirek\/temak\/munkaeropiac\/#listItem","name":"Munkaer\u0151piac"}},{"@type":"ListItem","@id":"https:\/\/allasorias.hu\/hirek\/temak\/munkaeropiac\/#listItem","position":2,"name":"Munkaer\u0151piac","item":"https:\/\/allasorias.hu\/hirek\/temak\/munkaeropiac\/","nextItem":{"@type":"ListItem","@id":"https:\/\/allasorias.hu\/hirek\/milyen-igenye-van-a-fiatal-munkaeronek\/#listItem","name":"Milyen ig\u00e9nye van a fiatal munkaer\u0151nek ?"},"previousItem":{"@type":"ListItem","@id":"https:\/\/allasorias.hu\/hirek#listItem","name":"Home"}},{"@type":"ListItem","@id":"https:\/\/allasorias.hu\/hirek\/milyen-igenye-van-a-fiatal-munkaeronek\/#listItem","position":3,"name":"Milyen ig\u00e9nye van a fiatal munkaer\u0151nek ?","previousItem":{"@type":"ListItem","@id":"https:\/\/allasorias.hu\/hirek\/temak\/munkaeropiac\/#listItem","name":"Munkaer\u0151piac"}}]},{"@type":"Organization","@id":"https:\/\/allasorias.hu\/hirek\/#organization","name":"AllasOrias.hu | H\u00edrek-lapszemle","description":"\u00dczleti h\u00edrek az \u00e1ll\u00e1s \u00e9s a munka vil\u00e1g\u00e1b\u00f3l","url":"https:\/\/allasorias.hu\/hirek\/","logo":{"@type":"ImageObject","url":"https:\/\/allasorias.hu\/hirek\/wp-content\/uploads\/2022\/10\/allasorias_site_facebok_logo.png","@id":"https:\/\/allasorias.hu\/hirek\/milyen-igenye-van-a-fiatal-munkaeronek\/#organizationLogo"},"image":{"@id":"https:\/\/allasorias.hu\/hirek\/milyen-igenye-van-a-fiatal-munkaeronek\/#organizationLogo"},"sameAs":["https:\/\/www.facebook.com\/allasorias","https:\/\/www.linkedin.com\/company\/allasorias"]},{"@type":"Person","@id":"https:\/\/allasorias.hu\/hirek\/author\/admin-allasorias\/#author","url":"https:\/\/allasorias.hu\/hirek\/author\/admin-allasorias\/","name":"Juh\u00e1sz P\u00e9ter","image":{"@type":"ImageObject","@id":"https:\/\/allasorias.hu\/hirek\/milyen-igenye-van-a-fiatal-munkaeronek\/#authorImage","url":"https:\/\/secure.gravatar.com\/avatar\/36e6bcb83148978b992977cb0f54d22feb0cce8a0a849a9410532bb2623ba4c6?s=96&d=mm&r=g","width":96,"height":96,"caption":"Juh\u00e1sz P\u00e9ter"}},{"@type":"WebPage","@id":"https:\/\/allasorias.hu\/hirek\/milyen-igenye-van-a-fiatal-munkaeronek\/#webpage","url":"https:\/\/allasorias.hu\/hirek\/milyen-igenye-van-a-fiatal-munkaeronek\/","name":"Milyen ig\u00e9nye van a fiatal munkaer\u0151nek ? | AllasOrias.hu | H\u00edrek-lapszemle","description":"A fiataloknak els\u0151sz\u00e1m\u00fa szempontt\u00e1 v\u00e1lt a fizet\u00e9s m\u00e9rt\u00e9ke, az elismer\u00e9s \u00e9s hossz\u00fat\u00e1v\u00fa karrierlehet\u0151s\u00e9gek. V\u00e1ltozatlanul a nagyv\u00e1llalatok a legkedveltebb munkaad\u00f3k. A n\u0151k \u00e9s f\u00e9rfiak k\u00f6z\u00f6tti b\u00e9rig\u00e9ny szakad\u00e9k pedig 20%-ra ugrott der\u00fcl ki egy orsz\u00e1gos \u00e1ll\u00e1sport\u00e1l kutat\u00e1s\u00e1b\u00f3l, melynek f\u00f3kusz\u00e1ban a fiatalok (16-28 \u00e9ves koroszt\u00e1ly) munkaer\u0151piaci preferenci\u00e1inak vizsg\u00e1lata \u00e1ll. A k\u00e9rd\u0151\u00edvet kit\u00f6lt\u0151 3000 fiatalnak 34%-a f\u00e9rfi, 66%-a pedig","inLanguage":"hu-HU","isPartOf":{"@id":"https:\/\/allasorias.hu\/hirek\/#website"},"breadcrumb":{"@id":"https:\/\/allasorias.hu\/hirek\/milyen-igenye-van-a-fiatal-munkaeronek\/#breadcrumblist"},"author":{"@id":"https:\/\/allasorias.hu\/hirek\/author\/admin-allasorias\/#author"},"creator":{"@id":"https:\/\/allasorias.hu\/hirek\/author\/admin-allasorias\/#author"},"image":{"@type":"ImageObject","url":"https:\/\/allasorias.hu\/hirek\/wp-content\/uploads\/2021\/07\/handshake-with-senior-manager-client-business-meeting-modern-office.jpg","@id":"https:\/\/allasorias.hu\/hirek\/milyen-igenye-van-a-fiatal-munkaeronek\/#mainImage","width":1920,"height":1280,"caption":"handshake with a senior Manager and a client at a business meeting in a modern office"},"primaryImageOfPage":{"@id":"https:\/\/allasorias.hu\/hirek\/milyen-igenye-van-a-fiatal-munkaeronek\/#mainImage"},"datePublished":"2022-06-09T09:14:27+02:00","dateModified":"2022-06-09T09:14:27+02:00"},{"@type":"WebSite","@id":"https:\/\/allasorias.hu\/hirek\/#website","url":"https:\/\/allasorias.hu\/hirek\/","name":"AllasOrias.hu | H\u00edrek-lapszemle","description":"\u00dczleti h\u00edrek az \u00e1ll\u00e1s \u00e9s a munka vil\u00e1g\u00e1b\u00f3l","inLanguage":"hu-HU","publisher":{"@id":"https:\/\/allasorias.hu\/hirek\/#organization"}}]},"og:locale":"hu_HU","og:site_name":"AllasOrias.hu | H\u00edrek-lapszemle | \u00dczleti h\u00edrek az \u00e1ll\u00e1s \u00e9s a munka vil\u00e1g\u00e1b\u00f3l","og:type":"article","og:title":"Milyen ig\u00e9nye van a fiatal munkaer\u0151nek ? | AllasOrias.hu | H\u00edrek-lapszemle","og:description":"A fiataloknak els\u0151sz\u00e1m\u00fa szempontt\u00e1 v\u00e1lt a fizet\u00e9s m\u00e9rt\u00e9ke, az elismer\u00e9s \u00e9s hossz\u00fat\u00e1v\u00fa karrierlehet\u0151s\u00e9gek. V\u00e1ltozatlanul a nagyv\u00e1llalatok a legkedveltebb munkaad\u00f3k. A n\u0151k \u00e9s f\u00e9rfiak k\u00f6z\u00f6tti b\u00e9rig\u00e9ny szakad\u00e9k pedig 20%-ra ugrott der\u00fcl ki egy orsz\u00e1gos \u00e1ll\u00e1sport\u00e1l kutat\u00e1s\u00e1b\u00f3l, melynek f\u00f3kusz\u00e1ban a fiatalok (16-28 \u00e9ves koroszt\u00e1ly) munkaer\u0151piaci preferenci\u00e1inak vizsg\u00e1lata \u00e1ll. A k\u00e9rd\u0151\u00edvet kit\u00f6lt\u0151 3000 fiatalnak 34%-a f\u00e9rfi, 66%-a pedig","og:url":"https:\/\/allasorias.hu\/hirek\/milyen-igenye-van-a-fiatal-munkaeronek\/","og:image":"https:\/\/allasorias.hu\/hirek\/wp-content\/uploads\/2021\/07\/handshake-with-senior-manager-client-business-meeting-modern-office.jpg","og:image:secure_url":"https:\/\/allasorias.hu\/hirek\/wp-content\/uploads\/2021\/07\/handshake-with-senior-manager-client-business-meeting-modern-office.jpg","og:image:width":1920,"og:image:height":1280,"article:published_time":"2022-06-09T09:14:27+00:00","article:modified_time":"2022-06-09T09:14:27+00:00","article:publisher":"https:\/\/www.facebook.com\/allasorias","twitter:card":"summary_large_image","twitter:title":"Milyen ig\u00e9nye van a fiatal munkaer\u0151nek ? | AllasOrias.hu | H\u00edrek-lapszemle","twitter:description":"A fiataloknak els\u0151sz\u00e1m\u00fa szempontt\u00e1 v\u00e1lt a fizet\u00e9s m\u00e9rt\u00e9ke, az elismer\u00e9s \u00e9s hossz\u00fat\u00e1v\u00fa karrierlehet\u0151s\u00e9gek. V\u00e1ltozatlanul a nagyv\u00e1llalatok a legkedveltebb munkaad\u00f3k. A n\u0151k \u00e9s f\u00e9rfiak k\u00f6z\u00f6tti b\u00e9rig\u00e9ny szakad\u00e9k pedig 20%-ra ugrott der\u00fcl ki egy orsz\u00e1gos \u00e1ll\u00e1sport\u00e1l kutat\u00e1s\u00e1b\u00f3l, melynek f\u00f3kusz\u00e1ban a fiatalok (16-28 \u00e9ves koroszt\u00e1ly) munkaer\u0151piaci preferenci\u00e1inak vizsg\u00e1lata \u00e1ll. A k\u00e9rd\u0151\u00edvet kit\u00f6lt\u0151 3000 fiatalnak 34%-a f\u00e9rfi, 66%-a pedig","twitter:image":"https:\/\/allasorias.hu\/hirek\/wp-content\/uploads\/2021\/07\/handshake-with-senior-manager-client-business-meeting-modern-office.jpg","twitter:label1":"Written by","twitter:data1":"Juh\u00e1sz P\u00e9ter","twitter:label2":"Est. reading time","twitter:data2":"4 minutes"},"aioseo_meta_data":{"post_id":"5612","title":null,"description":null,"keywords":[],"keyphrases":{"focus":{"keyphrase":"","score":0,"analysis":{"keyphraseInTitle":{"score":0,"maxScore":9,"error":1}}},"additional":[]},"primary_term":null,"canonical_url":null,"og_title":null,"og_description":null,"og_object_type":"default","og_image_type":"default","og_image_url":null,"og_image_width":null,"og_image_height":null,"og_image_custom_url":null,"og_image_custom_fields":null,"og_video":"","og_custom_url":null,"og_article_section":null,"og_article_tags":[],"twitter_use_og":false,"twitter_card":"default","twitter_image_type":"default","twitter_image_url":null,"twitter_image_custom_url":null,"twitter_image_custom_fields":null,"twitter_title":null,"twitter_description":null,"schema":{"blockGraphs":[],"customGraphs":[],"default":{"data":{"Article":[],"Course":[],"Dataset":[],"FAQPage":[],"Movie":[],"Person":[],"Product":[],"ProductReview":[],"Car":[],"Recipe":[],"Service":[],"SoftwareApplication":[],"WebPage":[]},"graphName":"","isEnabled":true},"graphs":[],"defaultGraph":"Article","defaultPostTypeGraph":""},"schema_type":"default","schema_type_options":"{\"article\":{\"articleType\":\"BlogPosting\"},\"course\":{\"name\":\"\",\"description\":\"\",\"provider\":\"\"},\"faq\":{\"pages\":[]},\"product\":{\"reviews\":[]},\"recipe\":{\"ingredients\":[],\"instructions\":[],\"keywords\":[]},\"software\":{\"reviews\":[],\"operatingSystems\":[]},\"webPage\":{\"webPageType\":\"WebPage\"}}","pillar_content":false,"robots_default":true,"robots_noindex":false,"robots_noarchive":false,"robots_nosnippet":false,"robots_nofollow":false,"robots_noimageindex":false,"robots_noodp":false,"robots_notranslate":false,"robots_max_snippet":"-1","robots_max_videopreview":"-1","robots_max_imagepreview":"large","priority":null,"frequency":"default","location":null,"local_seo":null,"breadcrumb_settings":null,"limit_modified_date":false,"ai":null,"created":"2022-06-09 09:11:08","updated":"2025-10-02 17:01:15","seo_analyzer_scan_date":null,"focus_keyword":null,"additional_keywords":null,"truseo_locale":null},"aioseo_breadcrumb":"<div class=\"aioseo-breadcrumbs\"><span class=\"aioseo-breadcrumb\">\n\t\t\t<a href=\"https:\/\/allasorias.hu\/hirek\" title=\"Home\">Home<\/a>\n\t\t<\/span><span class=\"aioseo-breadcrumb-separator\">&raquo;<\/span><span class=\"aioseo-breadcrumb\">\n\t\t\t<a href=\"https:\/\/allasorias.hu\/hirek\/temak\/munkaeropiac\/\" title=\"Munkaer\u0151piac\">Munkaer\u0151piac<\/a>\n\t\t<\/span><span class=\"aioseo-breadcrumb-separator\">&raquo;<\/span><span class=\"aioseo-breadcrumb\">\n\t\t\tMilyen ig\u00e9nye van a fiatal munkaer\u0151nek ?\n\t\t<\/span><\/div>","aioseo_breadcrumb_json":[{"label":"Home","link":"https:\/\/allasorias.hu\/hirek"},{"label":"Munkaer\u0151piac","link":"https:\/\/allasorias.hu\/hirek\/temak\/munkaeropiac\/"},{"label":"Milyen ig\u00e9nye van a fiatal munkaer\u0151nek ?","link":"https:\/\/allasorias.hu\/hirek\/milyen-igenye-van-a-fiatal-munkaeronek\/"}],"_links":{"self":[{"href":"https:\/\/allasorias.hu\/hirek\/wp-json\/wp\/v2\/posts\/5612","targetHints":{"allow":["GET"]}}],"collection":[{"href":"https:\/\/allasorias.hu\/hirek\/wp-json\/wp\/v2\/posts"}],"about":[{"href":"https:\/\/allasorias.hu\/hirek\/wp-json\/wp\/v2\/types\/post"}],"author":[{"embeddable":true,"href":"https:\/\/allasorias.hu\/hirek\/wp-json\/wp\/v2\/users\/1"}],"replies":[{"embeddable":true,"href":"https:\/\/allasorias.hu\/hirek\/wp-json\/wp\/v2\/comments?post=5612"}],"version-history":[{"count":1,"href":"https:\/\/allasorias.hu\/hirek\/wp-json\/wp\/v2\/posts\/5612\/revisions"}],"predecessor-version":[{"id":5613,"href":"https:\/\/allasorias.hu\/hirek\/wp-json\/wp\/v2\/posts\/5612\/revisions\/5613"}],"wp:featuredmedia":[{"embeddable":true,"href":"https:\/\/allasorias.hu\/hirek\/wp-json\/wp\/v2\/media\/4894"}],"wp:attachment":[{"href":"https:\/\/allasorias.hu\/hirek\/wp-json\/wp\/v2\/media?parent=5612"}],"wp:term":[{"taxonomy":"category","embeddable":true,"href":"https:\/\/allasorias.hu\/hirek\/wp-json\/wp\/v2\/categories?post=5612"},{"taxonomy":"post_tag","embeddable":true,"href":"https:\/\/allasorias.hu\/hirek\/wp-json\/wp\/v2\/tags?post=5612"}],"curies":[{"name":"wp","href":"https:\/\/api.w.org\/{rel}","templated":true}]}}