{"id":5610,"date":"2022-06-08T07:23:30","date_gmt":"2022-06-08T07:23:30","guid":{"rendered":"https:\/\/allasorias.hu\/hirek\/?p=5610"},"modified":"2022-06-08T07:23:30","modified_gmt":"2022-06-08T07:23:30","slug":"mit-jelent-az-elfogadott-europai-minimalber","status":"publish","type":"post","link":"https:\/\/allasorias.hu\/hirek\/mit-jelent-az-elfogadott-europai-minimalber\/","title":{"rendered":"Mit jelent az elfogadott eur\u00f3pai minim\u00e1lb\u00e9r ?"},"content":{"rendered":"<p><strong>Az EU-ban rendk\u00edv\u00fcl elt\u00e9r\u0151 minim\u00e1lb\u00e9rek l\u00e9teznek.Az elfogadott uni\u00f3s minim\u00e1lb\u00e9r nem jelenti azt (sosem jelentette), hogy ugyanakkora legalacsonyabb j\u00f6vedelem lesz minden orsz\u00e1gban, viszont a minim\u00e1lb\u00e9r kisz\u00e1m\u00edt\u00e1sa \u00e1tl\u00e1that\u00f3bb, m\u00e9rt\u00e9ke sok orsz\u00e1gban magasabb lesz. Mindez Magyarorsz\u00e1gra is k\u00f6telezetts\u00e9geket r\u00f3. <\/strong><\/p>\n<p>Az id\u00e9n janu\u00e1r 1-jei \u00e1llapotok szerint az Eurostat \u00f6sszes\u00edt\u00e9se alapj\u00e1n a legmagasabb Luxemburgban volt, 2257 eur\u00f3val, a legalacsonyabb pedig Bulg\u00e1ri\u00e1ban, 332 eur\u00f3val. A magyar minim\u00e1lb\u00e9r 552 eur\u00f3nak felel meg, amely ugyan sokat n\u0151tt, de m\u00e9g mindig a negyedik legkevesebb az EU-ban, elmaradva valamennyi visegr\u00e1di orsz\u00e1g adatait\u00f3l. A jogszab\u00e1ly c\u00e9lja annak biztos\u00edt\u00e1sa, hogy a minim\u00e1lb\u00e9rek minden uni\u00f3s orsz\u00e1gban tisztess\u00e9ges \u00e9letsz\u00ednvonalat garant\u00e1ljanak a munkav\u00e1llal\u00f3k sz\u00e1m\u00e1ra. Annak meg\u00e1llap\u00edt\u00e1s\u00e1ra, hogy mi min\u0151s\u00fcl \u201cmegfelel\u0151\u201d minim\u00e1lb\u00e9rnek, a tag\u00e1llamok l\u00e9trehozhatnak egy val\u00f3s \u00e1r\u00fa fogyaszt\u00f3i kosarat az \u00e1rukb\u00f3l \u00e9s szolg\u00e1ltat\u00e1sokb\u00f3l. M\u00e1sik m\u00f3dszerk\u00e9nt alkalmazhatnak nemzetk\u00f6zileg \u00e1ltal\u00e1nosan haszn\u00e1lt indikat\u00edv referencia\u00e9rt\u00e9keket is, p\u00e9ld\u00e1ul a brutt\u00f3 medi\u00e1nb\u00e9r 60%-\u00e1t \u00e9s a brutt\u00f3 \u00e1tlagb\u00e9r 50%-\u00e1t. Az \u00faj szab\u00e1lyoz\u00e1s elj\u00e1r\u00e1sokat \u00e1llap\u00edt meg a t\u00f6rv\u00e9nyben meghat\u00e1rozott minim\u00e1lb\u00e9rek megfelel\u0151s\u00e9g\u00e9re vonatkoz\u00f3an, el\u0151seg\u00edti a b\u00e9rmeg\u00e1llap\u00edt\u00e1ssal kapcsolatos kollekt\u00edv t\u00e1rgyal\u00e1sokat, \u00e9s jav\u00edtja a minim\u00e1lb\u00e9r-v\u00e9delemhez val\u00f3 hat\u00e9kony hozz\u00e1f\u00e9r\u00e9st azon munkav\u00e1llal\u00f3k sz\u00e1m\u00e1ra, akik minim\u00e1lb\u00e9rre jogosultak. A t\u00f6rv\u00e9nyes minim\u00e1lb\u00e9rrel rendelkez\u0151 tag\u00e1llamokat felk\u00e9rik, hogy hozzanak l\u00e9tre elj\u00e1r\u00e1si keretet a minim\u00e1lb\u00e9rek egy\u00e9rtelm\u0171 krit\u00e9riumok alapj\u00e1n t\u00f6rt\u00e9n\u0151 meg\u00e1llap\u00edt\u00e1s\u00e1ra \u00e9s aktualiz\u00e1l\u00e1s\u00e1ra. A Tan\u00e1cs \u00e9s az Eur\u00f3pai Parlament meg\u00e1llapodott abban, hogy a t\u00f6rv\u00e9nyes minim\u00e1lb\u00e9rek friss\u00edt\u00e9s\u00e9re legal\u00e1bb k\u00e9t\u00e9vente ker\u00fcl sor (az automatikus index\u00e1l\u00e1si mechanizmust alkalmaz\u00f3 orsz\u00e1gok eset\u00e9ben legfeljebb n\u00e9gy\u00e9vente). Fontos, hogy a szoci\u00e1lis partnereket be kell vonni a k\u00f6telez\u0151 minim\u00e1lb\u00e9r meg\u00e1llap\u00edt\u00e1s\u00e1ra \u00e9s friss\u00edt\u00e9s\u00e9re ir\u00e1nyul\u00f3 elj\u00e1r\u00e1sokba. Meg\u00e1llapodtak a t\u00e1rsjogalkot\u00f3k abban is, hogy az orsz\u00e1goknak el\u0151 kell mozd\u00edtaniuk a szoci\u00e1lis partnerek kapacit\u00e1s\u00e1nak meger\u0151s\u00edt\u00e9s\u00e9t a kollekt\u00edv t\u00e1rgyal\u00e1sok sor\u00e1n, bele\u00e9rtve a munkav\u00e1llal\u00f3k k\u00e9pvisel\u0151inek v\u00e9delm\u00e9t. A Tan\u00e1cs \u00e9s az Eur\u00f3pai Parlament k\u00f6z\u00f6tti ideiglenes meg\u00e1llapod\u00e1s k\u00fcl\u00f6n\u00f6sen azt \u00edrja el\u0151, hogy amennyiben a kollekt\u00edv t\u00e1rgyal\u00e1si lefedetts\u00e9g ar\u00e1nya nem \u00e9ri el a 80%-os k\u00fcsz\u00f6b\u00f6t, a tag\u00e1llamoknak cselekv\u00e9si tervet kell kidolgozniuk a kollekt\u00edv t\u00e1rgyal\u00e1sok el\u0151mozd\u00edt\u00e1s\u00e1ra. Vannak olyan orsz\u00e1gok, ahol a dolgoz\u00f3k t\u00f6bb mint 90 sz\u00e1zal\u00e9ka tagja valamilyen szakszervezetnek, Magyarorsz\u00e1gon ez az ar\u00e1ny h\u00fasz sz\u00e1zal\u00e9k k\u00f6r\u00fcl van. Az uni\u00f3s szab\u00e1lyoz\u00e1s szigor\u00fabb keretek hat\u00e1roz meg az ellen\u0151rz\u00e9sre, a munka\u00fcgyi fel\u00fcgyel\u0151s\u00e9geknek hat\u00e9konyabban kell sz\u00e1mon k\u00e9rni a jogszab\u00e1ly betart\u00e1s\u00e1t. Ez a politikai meg\u00e1llapod\u00e1s azt jelenti, hogy b\u00e1r formai d\u00f6nt\u00e9sek m\u00e9g h\u00e1tra vannak az Eur\u00f3pai Parlament \u00e9s a tag\u00e1llamok oldal\u00e1n is, de a jogszab\u00e1ly tartalma m\u00e1r nem fog v\u00e1ltozni. A hivatalos elfogad\u00e1st \u00e9s a jogszab\u00e1ly hat\u00e1lyba l\u00e9p\u00e9s\u00e9t k\u00f6vet\u0151en a tag\u00e1llamoknak k\u00e9t \u00e9v\u00fck van, hogy ezt a rendszert saj\u00e1t nemzeti jogukba \u00e1t\u00fcltess\u00e9k. &#8222;Az eur\u00f3pai minim\u00e1lb\u00e9r-szab\u00e1lyoz\u00e1s munkav\u00e1llal\u00f3k milli\u00f3inak hoz majd nyugodtabb \u00e9letet, versenyk\u00e9pesebb fizet\u00e9st, tisztess\u00e9gesebb munkak\u00f6r\u00fclm\u00e9nyeket&#8221; \u2013 jelentette ki a d\u00f6nt\u00e9st k\u00f6vet\u0151en Dobrev Kl\u00e1ra, a Demokratikus Koal\u00edci\u00f3 EP-k\u00e9pvisel\u0151je. Hozz\u00e1tette: az eur\u00f3pai minim\u00e1lb\u00e9r-szab\u00e1lyoz\u00e1s bevezet\u00e9s\u00e9vel pedig v\u00e9get \u00e9r az a korszak Magyarorsz\u00e1gon, amikor a minim\u00e1lb\u00e9r emel\u00e9se Orb\u00e1n Viktor szem\u00e9lyes kegyek\u00e9nt a minisztereln\u00f6k j\u00f3 kedv\u00e9n m\u00falik. Enn\u00e9l \u00e1rnyaltabban l\u00e1tja a k\u00e9pet egy m\u00e1sik ellenz\u00e9ki EP-k\u00e9pvisel\u0151, Ujhelyi Istv\u00e1n. Szerinte fontos l\u00e9p\u00e9s t\u00f6rt\u00e9nt, de \u201ene vezess\u00fck f\u00e9lre a t\u00f6bb p\u00e9nzre v\u00e1r\u00f3 magyar embereket: sajnos m\u00e9g messze vagyunk att\u00f3l, hogy a magyar dolgoz\u00f3 is eur\u00f3pai szint\u0171 minim\u00e1lb\u00e9rt vihessen haza.\u201d<\/p>\n<p>Forr\u00e1s: hvg.hu<\/p>\n","protected":false},"excerpt":{"rendered":"<p>Az EU-ban rendk\u00edv\u00fcl elt\u00e9r\u0151 minim\u00e1lb\u00e9rek l\u00e9teznek.Az elfogadott uni\u00f3s minim\u00e1lb\u00e9r nem jelenti azt (sosem jelentette), hogy ugyanakkora legalacsonyabb j\u00f6vedelem lesz minden orsz\u00e1gban, viszont a minim\u00e1lb\u00e9r kisz\u00e1m\u00edt\u00e1sa \u00e1tl\u00e1that\u00f3bb, m\u00e9rt\u00e9ke sok orsz\u00e1gban magasabb lesz. Mindez Magyarorsz\u00e1gra is k\u00f6telezetts\u00e9geket r\u00f3. Az id\u00e9n janu\u00e1r 1-jei \u00e1llapotok szerint az Eurostat \u00f6sszes\u00edt\u00e9se alapj\u00e1n a legmagasabb Luxemburgban volt, 2257 eur\u00f3val, a legalacsonyabb pedig [&hellip;]<\/p>\n","protected":false},"author":1,"featured_media":5009,"comment_status":"open","ping_status":"open","sticky":false,"template":"","format":"standard","meta":{"_monsterinsights_skip_tracking":false,"footnotes":""},"categories":[198],"tags":[],"class_list":["post-5610","post","type-post","status-publish","format-standard","has-post-thumbnail","hentry","category-gazdasag"],"aioseo_notices":[],"aioseo_head":"\n\t\t<!-- All in One SEO 5.0.0.1 - aioseo.com -->\n\t<meta name=\"description\" content=\"Az EU-ban rendk\u00edv\u00fcl elt\u00e9r\u0151 minim\u00e1lb\u00e9rek l\u00e9teznek.Az elfogadott uni\u00f3s minim\u00e1lb\u00e9r nem jelenti azt (sosem jelentette), hogy ugyanakkora legalacsonyabb j\u00f6vedelem lesz minden orsz\u00e1gban, viszont a minim\u00e1lb\u00e9r kisz\u00e1m\u00edt\u00e1sa \u00e1tl\u00e1that\u00f3bb, m\u00e9rt\u00e9ke sok orsz\u00e1gban magasabb lesz. Mindez Magyarorsz\u00e1gra is k\u00f6telezetts\u00e9geket r\u00f3. Az id\u00e9n janu\u00e1r 1-jei \u00e1llapotok szerint az Eurostat \u00f6sszes\u00edt\u00e9se alapj\u00e1n a legmagasabb Luxemburgban volt, 2257 eur\u00f3val, a legalacsonyabb pedig\" \/>\n\t<meta name=\"robots\" content=\"max-image-preview:large\" \/>\n\t<meta name=\"author\" content=\"Juh\u00e1sz P\u00e9ter\"\/>\n\t<link rel=\"canonical\" href=\"https:\/\/allasorias.hu\/hirek\/mit-jelent-az-elfogadott-europai-minimalber\/\" \/>\n\t<meta name=\"generator\" content=\"All in One SEO (AIOSEO) 5.0.0.1\" \/>\n\t\t<meta property=\"og:locale\" content=\"hu_HU\" \/>\n\t\t<meta property=\"og:site_name\" content=\"AllasOrias.hu | H\u00edrek-lapszemle | \u00dczleti h\u00edrek az \u00e1ll\u00e1s \u00e9s a munka vil\u00e1g\u00e1b\u00f3l\" \/>\n\t\t<meta property=\"og:type\" content=\"article\" \/>\n\t\t<meta property=\"og:title\" content=\"Mit jelent az elfogadott eur\u00f3pai minim\u00e1lb\u00e9r ? | AllasOrias.hu | H\u00edrek-lapszemle\" \/>\n\t\t<meta property=\"og:description\" content=\"Az EU-ban rendk\u00edv\u00fcl elt\u00e9r\u0151 minim\u00e1lb\u00e9rek l\u00e9teznek.Az elfogadott uni\u00f3s minim\u00e1lb\u00e9r nem jelenti azt (sosem jelentette), hogy ugyanakkora legalacsonyabb j\u00f6vedelem lesz minden orsz\u00e1gban, viszont a minim\u00e1lb\u00e9r kisz\u00e1m\u00edt\u00e1sa \u00e1tl\u00e1that\u00f3bb, m\u00e9rt\u00e9ke sok orsz\u00e1gban magasabb lesz. Mindez Magyarorsz\u00e1gra is k\u00f6telezetts\u00e9geket r\u00f3. Az id\u00e9n janu\u00e1r 1-jei \u00e1llapotok szerint az Eurostat \u00f6sszes\u00edt\u00e9se alapj\u00e1n a legmagasabb Luxemburgban volt, 2257 eur\u00f3val, a legalacsonyabb pedig\" \/>\n\t\t<meta property=\"og:url\" content=\"https:\/\/allasorias.hu\/hirek\/mit-jelent-az-elfogadott-europai-minimalber\/\" \/>\n\t\t<meta property=\"og:image\" content=\"https:\/\/allasorias.hu\/hirek\/wp-content\/uploads\/2021\/08\/graf.jpg\" \/>\n\t\t<meta property=\"og:image:secure_url\" content=\"https:\/\/allasorias.hu\/hirek\/wp-content\/uploads\/2021\/08\/graf.jpg\" \/>\n\t\t<meta property=\"og:image:width\" content=\"1920\" \/>\n\t\t<meta property=\"og:image:height\" content=\"1280\" \/>\n\t\t<meta property=\"article:published_time\" content=\"2022-06-08T07:23:30+00:00\" \/>\n\t\t<meta property=\"article:modified_time\" content=\"2022-06-08T07:23:30+00:00\" \/>\n\t\t<meta property=\"article:publisher\" content=\"https:\/\/www.facebook.com\/allasorias\" \/>\n\t\t<meta name=\"twitter:card\" content=\"summary_large_image\" \/>\n\t\t<meta name=\"twitter:title\" content=\"Mit jelent az elfogadott eur\u00f3pai minim\u00e1lb\u00e9r ? | AllasOrias.hu | H\u00edrek-lapszemle\" \/>\n\t\t<meta name=\"twitter:description\" content=\"Az EU-ban rendk\u00edv\u00fcl elt\u00e9r\u0151 minim\u00e1lb\u00e9rek l\u00e9teznek.Az elfogadott uni\u00f3s minim\u00e1lb\u00e9r nem jelenti azt (sosem jelentette), hogy ugyanakkora legalacsonyabb j\u00f6vedelem lesz minden orsz\u00e1gban, viszont a minim\u00e1lb\u00e9r kisz\u00e1m\u00edt\u00e1sa \u00e1tl\u00e1that\u00f3bb, m\u00e9rt\u00e9ke sok orsz\u00e1gban magasabb lesz. Mindez Magyarorsz\u00e1gra is k\u00f6telezetts\u00e9geket r\u00f3. Az id\u00e9n janu\u00e1r 1-jei \u00e1llapotok szerint az Eurostat \u00f6sszes\u00edt\u00e9se alapj\u00e1n a legmagasabb Luxemburgban volt, 2257 eur\u00f3val, a legalacsonyabb pedig\" \/>\n\t\t<meta name=\"twitter:image\" content=\"https:\/\/allasorias.hu\/hirek\/wp-content\/uploads\/2021\/08\/graf.jpg\" \/>\n\t\t<meta name=\"twitter:label1\" content=\"Written by\" \/>\n\t\t<meta name=\"twitter:data1\" content=\"Juh\u00e1sz P\u00e9ter\" \/>\n\t\t<meta name=\"twitter:label2\" content=\"Est. reading time\" \/>\n\t\t<meta name=\"twitter:data2\" content=\"4 minutes\" \/>\n\t\t<script type=\"application\/ld+json\" class=\"aioseo-schema\">\n\t\t\t{\"@context\":\"https:\\\/\\\/schema.org\",\"@graph\":[{\"@type\":\"Article\",\"@id\":\"https:\\\/\\\/allasorias.hu\\\/hirek\\\/mit-jelent-az-elfogadott-europai-minimalber\\\/#article\",\"name\":\"Mit jelent az elfogadott eur\\u00f3pai minim\\u00e1lb\\u00e9r ? | AllasOrias.hu | H\\u00edrek-lapszemle\",\"headline\":\"Mit jelent az elfogadott eur\\u00f3pai minim\\u00e1lb\\u00e9r ?\",\"author\":{\"@id\":\"https:\\\/\\\/allasorias.hu\\\/hirek\\\/author\\\/admin-allasorias\\\/#author\"},\"publisher\":{\"@id\":\"https:\\\/\\\/allasorias.hu\\\/hirek\\\/#organization\"},\"image\":{\"@type\":\"ImageObject\",\"url\":\"https:\\\/\\\/allasorias.hu\\\/hirek\\\/wp-content\\\/uploads\\\/2021\\\/08\\\/graf.jpg\",\"width\":1920,\"height\":1280,\"caption\":\"Businessman with virtual reality graphics is deeply reviewing financial reports for a return on investment, ROI, or investment risk analysis.\"},\"datePublished\":\"2022-06-08T07:23:30+02:00\",\"dateModified\":\"2022-06-08T07:23:30+02:00\",\"inLanguage\":\"hu-HU\",\"mainEntityOfPage\":{\"@id\":\"https:\\\/\\\/allasorias.hu\\\/hirek\\\/mit-jelent-az-elfogadott-europai-minimalber\\\/#webpage\"},\"isPartOf\":{\"@id\":\"https:\\\/\\\/allasorias.hu\\\/hirek\\\/mit-jelent-az-elfogadott-europai-minimalber\\\/#webpage\"},\"articleSection\":\"Gazdas\\u00e1g\"},{\"@type\":\"BreadcrumbList\",\"@id\":\"https:\\\/\\\/allasorias.hu\\\/hirek\\\/mit-jelent-az-elfogadott-europai-minimalber\\\/#breadcrumblist\",\"itemListElement\":[{\"@type\":\"ListItem\",\"@id\":\"https:\\\/\\\/allasorias.hu\\\/hirek#listItem\",\"position\":1,\"name\":\"Home\",\"item\":\"https:\\\/\\\/allasorias.hu\\\/hirek\",\"nextItem\":{\"@type\":\"ListItem\",\"@id\":\"https:\\\/\\\/allasorias.hu\\\/hirek\\\/temak\\\/gazdasag\\\/#listItem\",\"name\":\"Gazdas\\u00e1g\"}},{\"@type\":\"ListItem\",\"@id\":\"https:\\\/\\\/allasorias.hu\\\/hirek\\\/temak\\\/gazdasag\\\/#listItem\",\"position\":2,\"name\":\"Gazdas\\u00e1g\",\"item\":\"https:\\\/\\\/allasorias.hu\\\/hirek\\\/temak\\\/gazdasag\\\/\",\"nextItem\":{\"@type\":\"ListItem\",\"@id\":\"https:\\\/\\\/allasorias.hu\\\/hirek\\\/mit-jelent-az-elfogadott-europai-minimalber\\\/#listItem\",\"name\":\"Mit jelent az elfogadott eur\\u00f3pai minim\\u00e1lb\\u00e9r ?\"},\"previousItem\":{\"@type\":\"ListItem\",\"@id\":\"https:\\\/\\\/allasorias.hu\\\/hirek#listItem\",\"name\":\"Home\"}},{\"@type\":\"ListItem\",\"@id\":\"https:\\\/\\\/allasorias.hu\\\/hirek\\\/mit-jelent-az-elfogadott-europai-minimalber\\\/#listItem\",\"position\":3,\"name\":\"Mit jelent az elfogadott eur\\u00f3pai minim\\u00e1lb\\u00e9r ?\",\"previousItem\":{\"@type\":\"ListItem\",\"@id\":\"https:\\\/\\\/allasorias.hu\\\/hirek\\\/temak\\\/gazdasag\\\/#listItem\",\"name\":\"Gazdas\\u00e1g\"}}]},{\"@type\":\"Organization\",\"@id\":\"https:\\\/\\\/allasorias.hu\\\/hirek\\\/#organization\",\"name\":\"AllasOrias.hu | H\\u00edrek-lapszemle\",\"description\":\"\\u00dczleti h\\u00edrek az \\u00e1ll\\u00e1s \\u00e9s a munka vil\\u00e1g\\u00e1b\\u00f3l\",\"url\":\"https:\\\/\\\/allasorias.hu\\\/hirek\\\/\",\"logo\":{\"@type\":\"ImageObject\",\"url\":\"https:\\\/\\\/allasorias.hu\\\/hirek\\\/wp-content\\\/uploads\\\/2022\\\/10\\\/allasorias_site_facebok_logo.png\",\"@id\":\"https:\\\/\\\/allasorias.hu\\\/hirek\\\/mit-jelent-az-elfogadott-europai-minimalber\\\/#organizationLogo\"},\"image\":{\"@id\":\"https:\\\/\\\/allasorias.hu\\\/hirek\\\/mit-jelent-az-elfogadott-europai-minimalber\\\/#organizationLogo\"},\"sameAs\":[\"https:\\\/\\\/www.facebook.com\\\/allasorias\",\"https:\\\/\\\/www.linkedin.com\\\/company\\\/allasorias\"]},{\"@type\":\"Person\",\"@id\":\"https:\\\/\\\/allasorias.hu\\\/hirek\\\/author\\\/admin-allasorias\\\/#author\",\"url\":\"https:\\\/\\\/allasorias.hu\\\/hirek\\\/author\\\/admin-allasorias\\\/\",\"name\":\"Juh\\u00e1sz P\\u00e9ter\",\"image\":{\"@type\":\"ImageObject\",\"@id\":\"https:\\\/\\\/allasorias.hu\\\/hirek\\\/mit-jelent-az-elfogadott-europai-minimalber\\\/#authorImage\",\"url\":\"https:\\\/\\\/secure.gravatar.com\\\/avatar\\\/36e6bcb83148978b992977cb0f54d22feb0cce8a0a849a9410532bb2623ba4c6?s=96&d=mm&r=g\",\"width\":96,\"height\":96,\"caption\":\"Juh\\u00e1sz P\\u00e9ter\"}},{\"@type\":\"WebPage\",\"@id\":\"https:\\\/\\\/allasorias.hu\\\/hirek\\\/mit-jelent-az-elfogadott-europai-minimalber\\\/#webpage\",\"url\":\"https:\\\/\\\/allasorias.hu\\\/hirek\\\/mit-jelent-az-elfogadott-europai-minimalber\\\/\",\"name\":\"Mit jelent az elfogadott eur\\u00f3pai minim\\u00e1lb\\u00e9r ? | AllasOrias.hu | H\\u00edrek-lapszemle\",\"description\":\"Az EU-ban rendk\\u00edv\\u00fcl elt\\u00e9r\\u0151 minim\\u00e1lb\\u00e9rek l\\u00e9teznek.Az elfogadott uni\\u00f3s minim\\u00e1lb\\u00e9r nem jelenti azt (sosem jelentette), hogy ugyanakkora legalacsonyabb j\\u00f6vedelem lesz minden orsz\\u00e1gban, viszont a minim\\u00e1lb\\u00e9r kisz\\u00e1m\\u00edt\\u00e1sa \\u00e1tl\\u00e1that\\u00f3bb, m\\u00e9rt\\u00e9ke sok orsz\\u00e1gban magasabb lesz. Mindez Magyarorsz\\u00e1gra is k\\u00f6telezetts\\u00e9geket r\\u00f3. Az id\\u00e9n janu\\u00e1r 1-jei \\u00e1llapotok szerint az Eurostat \\u00f6sszes\\u00edt\\u00e9se alapj\\u00e1n a legmagasabb Luxemburgban volt, 2257 eur\\u00f3val, a legalacsonyabb pedig\",\"inLanguage\":\"hu-HU\",\"isPartOf\":{\"@id\":\"https:\\\/\\\/allasorias.hu\\\/hirek\\\/#website\"},\"breadcrumb\":{\"@id\":\"https:\\\/\\\/allasorias.hu\\\/hirek\\\/mit-jelent-az-elfogadott-europai-minimalber\\\/#breadcrumblist\"},\"author\":{\"@id\":\"https:\\\/\\\/allasorias.hu\\\/hirek\\\/author\\\/admin-allasorias\\\/#author\"},\"creator\":{\"@id\":\"https:\\\/\\\/allasorias.hu\\\/hirek\\\/author\\\/admin-allasorias\\\/#author\"},\"image\":{\"@type\":\"ImageObject\",\"url\":\"https:\\\/\\\/allasorias.hu\\\/hirek\\\/wp-content\\\/uploads\\\/2021\\\/08\\\/graf.jpg\",\"@id\":\"https:\\\/\\\/allasorias.hu\\\/hirek\\\/mit-jelent-az-elfogadott-europai-minimalber\\\/#mainImage\",\"width\":1920,\"height\":1280,\"caption\":\"Businessman with virtual reality graphics is deeply reviewing financial reports for a return on investment, ROI, or investment risk analysis.\"},\"primaryImageOfPage\":{\"@id\":\"https:\\\/\\\/allasorias.hu\\\/hirek\\\/mit-jelent-az-elfogadott-europai-minimalber\\\/#mainImage\"},\"datePublished\":\"2022-06-08T07:23:30+02:00\",\"dateModified\":\"2022-06-08T07:23:30+02:00\"},{\"@type\":\"WebSite\",\"@id\":\"https:\\\/\\\/allasorias.hu\\\/hirek\\\/#website\",\"url\":\"https:\\\/\\\/allasorias.hu\\\/hirek\\\/\",\"name\":\"AllasOrias.hu | H\\u00edrek-lapszemle\",\"description\":\"\\u00dczleti h\\u00edrek az \\u00e1ll\\u00e1s \\u00e9s a munka vil\\u00e1g\\u00e1b\\u00f3l\",\"inLanguage\":\"hu-HU\",\"publisher\":{\"@id\":\"https:\\\/\\\/allasorias.hu\\\/hirek\\\/#organization\"}}]}\n\t\t<\/script>\n\t\t<!-- All in One SEO -->\n\n","aioseo_head_json":{"title":"Mit jelent az elfogadott eur\u00f3pai minim\u00e1lb\u00e9r ? | AllasOrias.hu | H\u00edrek-lapszemle","description":"Az EU-ban rendk\u00edv\u00fcl elt\u00e9r\u0151 minim\u00e1lb\u00e9rek l\u00e9teznek.Az elfogadott uni\u00f3s minim\u00e1lb\u00e9r nem jelenti azt (sosem jelentette), hogy ugyanakkora legalacsonyabb j\u00f6vedelem lesz minden orsz\u00e1gban, viszont a minim\u00e1lb\u00e9r kisz\u00e1m\u00edt\u00e1sa \u00e1tl\u00e1that\u00f3bb, m\u00e9rt\u00e9ke sok orsz\u00e1gban magasabb lesz. Mindez Magyarorsz\u00e1gra is k\u00f6telezetts\u00e9geket r\u00f3. Az id\u00e9n janu\u00e1r 1-jei \u00e1llapotok szerint az Eurostat \u00f6sszes\u00edt\u00e9se alapj\u00e1n a legmagasabb Luxemburgban volt, 2257 eur\u00f3val, a legalacsonyabb pedig","canonical_url":"https:\/\/allasorias.hu\/hirek\/mit-jelent-az-elfogadott-europai-minimalber\/","robots":"max-image-preview:large","keywords":"","webmasterTools":{"miscellaneous":""},"schema":{"@context":"https:\/\/schema.org","@graph":[{"@type":"Article","@id":"https:\/\/allasorias.hu\/hirek\/mit-jelent-az-elfogadott-europai-minimalber\/#article","name":"Mit jelent az elfogadott eur\u00f3pai minim\u00e1lb\u00e9r ? | AllasOrias.hu | H\u00edrek-lapszemle","headline":"Mit jelent az elfogadott eur\u00f3pai minim\u00e1lb\u00e9r ?","author":{"@id":"https:\/\/allasorias.hu\/hirek\/author\/admin-allasorias\/#author"},"publisher":{"@id":"https:\/\/allasorias.hu\/hirek\/#organization"},"image":{"@type":"ImageObject","url":"https:\/\/allasorias.hu\/hirek\/wp-content\/uploads\/2021\/08\/graf.jpg","width":1920,"height":1280,"caption":"Businessman with virtual reality graphics is deeply reviewing financial reports for a return on investment, ROI, or investment risk analysis."},"datePublished":"2022-06-08T07:23:30+02:00","dateModified":"2022-06-08T07:23:30+02:00","inLanguage":"hu-HU","mainEntityOfPage":{"@id":"https:\/\/allasorias.hu\/hirek\/mit-jelent-az-elfogadott-europai-minimalber\/#webpage"},"isPartOf":{"@id":"https:\/\/allasorias.hu\/hirek\/mit-jelent-az-elfogadott-europai-minimalber\/#webpage"},"articleSection":"Gazdas\u00e1g"},{"@type":"BreadcrumbList","@id":"https:\/\/allasorias.hu\/hirek\/mit-jelent-az-elfogadott-europai-minimalber\/#breadcrumblist","itemListElement":[{"@type":"ListItem","@id":"https:\/\/allasorias.hu\/hirek#listItem","position":1,"name":"Home","item":"https:\/\/allasorias.hu\/hirek","nextItem":{"@type":"ListItem","@id":"https:\/\/allasorias.hu\/hirek\/temak\/gazdasag\/#listItem","name":"Gazdas\u00e1g"}},{"@type":"ListItem","@id":"https:\/\/allasorias.hu\/hirek\/temak\/gazdasag\/#listItem","position":2,"name":"Gazdas\u00e1g","item":"https:\/\/allasorias.hu\/hirek\/temak\/gazdasag\/","nextItem":{"@type":"ListItem","@id":"https:\/\/allasorias.hu\/hirek\/mit-jelent-az-elfogadott-europai-minimalber\/#listItem","name":"Mit jelent az elfogadott eur\u00f3pai minim\u00e1lb\u00e9r ?"},"previousItem":{"@type":"ListItem","@id":"https:\/\/allasorias.hu\/hirek#listItem","name":"Home"}},{"@type":"ListItem","@id":"https:\/\/allasorias.hu\/hirek\/mit-jelent-az-elfogadott-europai-minimalber\/#listItem","position":3,"name":"Mit jelent az elfogadott eur\u00f3pai minim\u00e1lb\u00e9r ?","previousItem":{"@type":"ListItem","@id":"https:\/\/allasorias.hu\/hirek\/temak\/gazdasag\/#listItem","name":"Gazdas\u00e1g"}}]},{"@type":"Organization","@id":"https:\/\/allasorias.hu\/hirek\/#organization","name":"AllasOrias.hu | H\u00edrek-lapszemle","description":"\u00dczleti h\u00edrek az \u00e1ll\u00e1s \u00e9s a munka vil\u00e1g\u00e1b\u00f3l","url":"https:\/\/allasorias.hu\/hirek\/","logo":{"@type":"ImageObject","url":"https:\/\/allasorias.hu\/hirek\/wp-content\/uploads\/2022\/10\/allasorias_site_facebok_logo.png","@id":"https:\/\/allasorias.hu\/hirek\/mit-jelent-az-elfogadott-europai-minimalber\/#organizationLogo"},"image":{"@id":"https:\/\/allasorias.hu\/hirek\/mit-jelent-az-elfogadott-europai-minimalber\/#organizationLogo"},"sameAs":["https:\/\/www.facebook.com\/allasorias","https:\/\/www.linkedin.com\/company\/allasorias"]},{"@type":"Person","@id":"https:\/\/allasorias.hu\/hirek\/author\/admin-allasorias\/#author","url":"https:\/\/allasorias.hu\/hirek\/author\/admin-allasorias\/","name":"Juh\u00e1sz P\u00e9ter","image":{"@type":"ImageObject","@id":"https:\/\/allasorias.hu\/hirek\/mit-jelent-az-elfogadott-europai-minimalber\/#authorImage","url":"https:\/\/secure.gravatar.com\/avatar\/36e6bcb83148978b992977cb0f54d22feb0cce8a0a849a9410532bb2623ba4c6?s=96&d=mm&r=g","width":96,"height":96,"caption":"Juh\u00e1sz P\u00e9ter"}},{"@type":"WebPage","@id":"https:\/\/allasorias.hu\/hirek\/mit-jelent-az-elfogadott-europai-minimalber\/#webpage","url":"https:\/\/allasorias.hu\/hirek\/mit-jelent-az-elfogadott-europai-minimalber\/","name":"Mit jelent az elfogadott eur\u00f3pai minim\u00e1lb\u00e9r ? | AllasOrias.hu | H\u00edrek-lapszemle","description":"Az EU-ban rendk\u00edv\u00fcl elt\u00e9r\u0151 minim\u00e1lb\u00e9rek l\u00e9teznek.Az elfogadott uni\u00f3s minim\u00e1lb\u00e9r nem jelenti azt (sosem jelentette), hogy ugyanakkora legalacsonyabb j\u00f6vedelem lesz minden orsz\u00e1gban, viszont a minim\u00e1lb\u00e9r kisz\u00e1m\u00edt\u00e1sa \u00e1tl\u00e1that\u00f3bb, m\u00e9rt\u00e9ke sok orsz\u00e1gban magasabb lesz. Mindez Magyarorsz\u00e1gra is k\u00f6telezetts\u00e9geket r\u00f3. Az id\u00e9n janu\u00e1r 1-jei \u00e1llapotok szerint az Eurostat \u00f6sszes\u00edt\u00e9se alapj\u00e1n a legmagasabb Luxemburgban volt, 2257 eur\u00f3val, a legalacsonyabb pedig","inLanguage":"hu-HU","isPartOf":{"@id":"https:\/\/allasorias.hu\/hirek\/#website"},"breadcrumb":{"@id":"https:\/\/allasorias.hu\/hirek\/mit-jelent-az-elfogadott-europai-minimalber\/#breadcrumblist"},"author":{"@id":"https:\/\/allasorias.hu\/hirek\/author\/admin-allasorias\/#author"},"creator":{"@id":"https:\/\/allasorias.hu\/hirek\/author\/admin-allasorias\/#author"},"image":{"@type":"ImageObject","url":"https:\/\/allasorias.hu\/hirek\/wp-content\/uploads\/2021\/08\/graf.jpg","@id":"https:\/\/allasorias.hu\/hirek\/mit-jelent-az-elfogadott-europai-minimalber\/#mainImage","width":1920,"height":1280,"caption":"Businessman with virtual reality graphics is deeply reviewing financial reports for a return on investment, ROI, or investment risk analysis."},"primaryImageOfPage":{"@id":"https:\/\/allasorias.hu\/hirek\/mit-jelent-az-elfogadott-europai-minimalber\/#mainImage"},"datePublished":"2022-06-08T07:23:30+02:00","dateModified":"2022-06-08T07:23:30+02:00"},{"@type":"WebSite","@id":"https:\/\/allasorias.hu\/hirek\/#website","url":"https:\/\/allasorias.hu\/hirek\/","name":"AllasOrias.hu | H\u00edrek-lapszemle","description":"\u00dczleti h\u00edrek az \u00e1ll\u00e1s \u00e9s a munka vil\u00e1g\u00e1b\u00f3l","inLanguage":"hu-HU","publisher":{"@id":"https:\/\/allasorias.hu\/hirek\/#organization"}}]},"og:locale":"hu_HU","og:site_name":"AllasOrias.hu | H\u00edrek-lapszemle | \u00dczleti h\u00edrek az \u00e1ll\u00e1s \u00e9s a munka vil\u00e1g\u00e1b\u00f3l","og:type":"article","og:title":"Mit jelent az elfogadott eur\u00f3pai minim\u00e1lb\u00e9r ? | AllasOrias.hu | H\u00edrek-lapszemle","og:description":"Az EU-ban rendk\u00edv\u00fcl elt\u00e9r\u0151 minim\u00e1lb\u00e9rek l\u00e9teznek.Az elfogadott uni\u00f3s minim\u00e1lb\u00e9r nem jelenti azt (sosem jelentette), hogy ugyanakkora legalacsonyabb j\u00f6vedelem lesz minden orsz\u00e1gban, viszont a minim\u00e1lb\u00e9r kisz\u00e1m\u00edt\u00e1sa \u00e1tl\u00e1that\u00f3bb, m\u00e9rt\u00e9ke sok orsz\u00e1gban magasabb lesz. Mindez Magyarorsz\u00e1gra is k\u00f6telezetts\u00e9geket r\u00f3. Az id\u00e9n janu\u00e1r 1-jei \u00e1llapotok szerint az Eurostat \u00f6sszes\u00edt\u00e9se alapj\u00e1n a legmagasabb Luxemburgban volt, 2257 eur\u00f3val, a legalacsonyabb pedig","og:url":"https:\/\/allasorias.hu\/hirek\/mit-jelent-az-elfogadott-europai-minimalber\/","og:image":"https:\/\/allasorias.hu\/hirek\/wp-content\/uploads\/2021\/08\/graf.jpg","og:image:secure_url":"https:\/\/allasorias.hu\/hirek\/wp-content\/uploads\/2021\/08\/graf.jpg","og:image:width":1920,"og:image:height":1280,"article:published_time":"2022-06-08T07:23:30+00:00","article:modified_time":"2022-06-08T07:23:30+00:00","article:publisher":"https:\/\/www.facebook.com\/allasorias","twitter:card":"summary_large_image","twitter:title":"Mit jelent az elfogadott eur\u00f3pai minim\u00e1lb\u00e9r ? | AllasOrias.hu | H\u00edrek-lapszemle","twitter:description":"Az EU-ban rendk\u00edv\u00fcl elt\u00e9r\u0151 minim\u00e1lb\u00e9rek l\u00e9teznek.Az elfogadott uni\u00f3s minim\u00e1lb\u00e9r nem jelenti azt (sosem jelentette), hogy ugyanakkora legalacsonyabb j\u00f6vedelem lesz minden orsz\u00e1gban, viszont a minim\u00e1lb\u00e9r kisz\u00e1m\u00edt\u00e1sa \u00e1tl\u00e1that\u00f3bb, m\u00e9rt\u00e9ke sok orsz\u00e1gban magasabb lesz. Mindez Magyarorsz\u00e1gra is k\u00f6telezetts\u00e9geket r\u00f3. Az id\u00e9n janu\u00e1r 1-jei \u00e1llapotok szerint az Eurostat \u00f6sszes\u00edt\u00e9se alapj\u00e1n a legmagasabb Luxemburgban volt, 2257 eur\u00f3val, a legalacsonyabb pedig","twitter:image":"https:\/\/allasorias.hu\/hirek\/wp-content\/uploads\/2021\/08\/graf.jpg","twitter:label1":"Written by","twitter:data1":"Juh\u00e1sz P\u00e9ter","twitter:label2":"Est. reading time","twitter:data2":"4 minutes"},"aioseo_meta_data":{"post_id":"5610","title":null,"description":null,"keywords":[],"keyphrases":{"focus":{"keyphrase":"","score":0,"analysis":{"keyphraseInTitle":{"score":0,"maxScore":9,"error":1}}},"additional":[]},"primary_term":null,"canonical_url":null,"og_title":null,"og_description":null,"og_object_type":"default","og_image_type":"default","og_image_url":null,"og_image_width":null,"og_image_height":null,"og_image_custom_url":null,"og_image_custom_fields":null,"og_video":"","og_custom_url":null,"og_article_section":null,"og_article_tags":[],"twitter_use_og":false,"twitter_card":"default","twitter_image_type":"default","twitter_image_url":null,"twitter_image_custom_url":null,"twitter_image_custom_fields":null,"twitter_title":null,"twitter_description":null,"schema":{"blockGraphs":[],"customGraphs":[],"default":{"data":{"Article":[],"Course":[],"Dataset":[],"FAQPage":[],"Movie":[],"Person":[],"Product":[],"ProductReview":[],"Car":[],"Recipe":[],"Service":[],"SoftwareApplication":[],"WebPage":[]},"graphName":"","isEnabled":true},"graphs":[],"defaultGraph":"Article","defaultPostTypeGraph":""},"schema_type":"default","schema_type_options":"{\"article\":{\"articleType\":\"BlogPosting\"},\"course\":{\"name\":\"\",\"description\":\"\",\"provider\":\"\"},\"faq\":{\"pages\":[]},\"product\":{\"reviews\":[]},\"recipe\":{\"ingredients\":[],\"instructions\":[],\"keywords\":[]},\"software\":{\"reviews\":[],\"operatingSystems\":[]},\"webPage\":{\"webPageType\":\"WebPage\"}}","pillar_content":false,"robots_default":true,"robots_noindex":false,"robots_noarchive":false,"robots_nosnippet":false,"robots_nofollow":false,"robots_noimageindex":false,"robots_noodp":false,"robots_notranslate":false,"robots_max_snippet":"-1","robots_max_videopreview":"-1","robots_max_imagepreview":"large","priority":null,"frequency":"default","location":null,"local_seo":null,"breadcrumb_settings":null,"limit_modified_date":false,"ai":null,"created":"2022-06-08 07:21:40","updated":"2025-10-02 17:01:15","seo_analyzer_scan_date":null,"focus_keyword":null,"additional_keywords":null,"truseo_locale":null},"aioseo_breadcrumb":"<div class=\"aioseo-breadcrumbs\"><span class=\"aioseo-breadcrumb\">\n\t\t\t<a href=\"https:\/\/allasorias.hu\/hirek\" title=\"Home\">Home<\/a>\n\t\t<\/span><span class=\"aioseo-breadcrumb-separator\">&raquo;<\/span><span class=\"aioseo-breadcrumb\">\n\t\t\t<a href=\"https:\/\/allasorias.hu\/hirek\/temak\/gazdasag\/\" title=\"Gazdas\u00e1g\">Gazdas\u00e1g<\/a>\n\t\t<\/span><span class=\"aioseo-breadcrumb-separator\">&raquo;<\/span><span class=\"aioseo-breadcrumb\">\n\t\t\tMit jelent az elfogadott eur\u00f3pai minim\u00e1lb\u00e9r ?\n\t\t<\/span><\/div>","aioseo_breadcrumb_json":[{"label":"Home","link":"https:\/\/allasorias.hu\/hirek"},{"label":"Gazdas\u00e1g","link":"https:\/\/allasorias.hu\/hirek\/temak\/gazdasag\/"},{"label":"Mit jelent az elfogadott eur\u00f3pai minim\u00e1lb\u00e9r ?","link":"https:\/\/allasorias.hu\/hirek\/mit-jelent-az-elfogadott-europai-minimalber\/"}],"_links":{"self":[{"href":"https:\/\/allasorias.hu\/hirek\/wp-json\/wp\/v2\/posts\/5610","targetHints":{"allow":["GET"]}}],"collection":[{"href":"https:\/\/allasorias.hu\/hirek\/wp-json\/wp\/v2\/posts"}],"about":[{"href":"https:\/\/allasorias.hu\/hirek\/wp-json\/wp\/v2\/types\/post"}],"author":[{"embeddable":true,"href":"https:\/\/allasorias.hu\/hirek\/wp-json\/wp\/v2\/users\/1"}],"replies":[{"embeddable":true,"href":"https:\/\/allasorias.hu\/hirek\/wp-json\/wp\/v2\/comments?post=5610"}],"version-history":[{"count":1,"href":"https:\/\/allasorias.hu\/hirek\/wp-json\/wp\/v2\/posts\/5610\/revisions"}],"predecessor-version":[{"id":5611,"href":"https:\/\/allasorias.hu\/hirek\/wp-json\/wp\/v2\/posts\/5610\/revisions\/5611"}],"wp:featuredmedia":[{"embeddable":true,"href":"https:\/\/allasorias.hu\/hirek\/wp-json\/wp\/v2\/media\/5009"}],"wp:attachment":[{"href":"https:\/\/allasorias.hu\/hirek\/wp-json\/wp\/v2\/media?parent=5610"}],"wp:term":[{"taxonomy":"category","embeddable":true,"href":"https:\/\/allasorias.hu\/hirek\/wp-json\/wp\/v2\/categories?post=5610"},{"taxonomy":"post_tag","embeddable":true,"href":"https:\/\/allasorias.hu\/hirek\/wp-json\/wp\/v2\/tags?post=5610"}],"curies":[{"name":"wp","href":"https:\/\/api.w.org\/{rel}","templated":true}]}}