{"id":5606,"date":"2022-06-07T08:30:23","date_gmt":"2022-06-07T08:30:23","guid":{"rendered":"https:\/\/allasorias.hu\/hirek\/?p=5606"},"modified":"2022-06-07T08:30:23","modified_gmt":"2022-06-07T08:30:23","slug":"a-rezsicsokkentesnek-sulyos-hatasa-lehet","status":"publish","type":"post","link":"https:\/\/allasorias.hu\/hirek\/a-rezsicsokkentesnek-sulyos-hatasa-lehet\/","title":{"rendered":"A rezsics\u00f6kkent\u00e9snek s\u00falyos hat\u00e1sa lehet"},"content":{"rendered":"<p><strong>Az eddig a rezsics\u00f6kkent\u00e9s el\u0151nyeit \u00e9lvez\u0151 30-40 ezer mikro \u00e9s kisv\u00e1llalkoz\u00e1s a rezsics\u00f6kkent\u00e9s megsz\u00fcntet\u00e9s\u00e9vel jelent\u0151s \u00e1remel\u00e9sre k\u00e9nyszer\u00fclhet, de Perlusz L\u00e1szl\u00f3 VOSZ-f\u0151titk\u00e1r szerint \u00edgy sem biztos, hogy elker\u00fclhet\u0151 a t\u00f6meges cs\u0151d. Kiz\u00e1r\u00f3lag lakoss\u00e1gi fogyaszt\u00f3k maradhatnak a rezsics\u00f6kkent\u00e9s rendszer\u00e9ben, ez der\u00fclt ki egy szombati korm\u00e1nyrendeletb\u0151l. <\/strong><\/p>\n<p>Perlusz L\u00e1szl\u00f3, a V\u00e1llalkoz\u00f3k Orsz\u00e1gos Sz\u00f6vets\u00e9g\u00e9nek (VOSZ) f\u0151titk\u00e1ra az RTL H\u00edrad\u00f3nak azt nyilatkozta, az eddig kedvezm\u00e9nyezett 30-40 ezer kkv k\u00f6z\u00fcl van, akinek 5-7 szeres energia\u00e1rat kell fizetnie az idei \u00e9vben. R\u00e1ad\u00e1sul azokn\u00e1l, ahol a v\u00e1llalkoz\u00f3 saj\u00e1t c\u00edm\u00e9re van bejelentve a c\u00e9g, szinte lehetetlen lesz ellen\u0151rizni, azaz neh\u00e9z lesz elv\u00e1lasztani, hogy itt az energiafogyaszt\u00e1sban mi a lakoss\u00e1gi, \u00e9s mi nem a lakoss\u00e1gi vagy egyetemes szolg\u00e1ltat\u00e1shoz tartozik. Lesznek f\u00e9lre\u00e9rt\u00e9sek ezen a ter\u00fcleten, most, hogy a mikro- \u00e9s kisv\u00e1llalkoz\u00e1sok kiesnek a kedvezm\u00e9nyezettek k\u00f6r\u00e9b\u0151l \u2013 vet\u00edtette el\u0151re.\u00a0 A korm\u00e1ny az RTL.hu megkeres\u00e9s\u00e9re azt v\u00e1laszolta, hogy a rezsics\u00f6kkent\u00e9st hossz\u00fa t\u00e1von a mag\u00e1nszem\u00e9lyk\u00e9nt kifizetett sz\u00e1ml\u00e1k biztos\u00edtj\u00e1k. Perlusz L\u00e1szl\u00f3 szerint a v\u00e1llalkoz\u00e1sok eddig is k\u00fczd\u00f6ttek k\u00e9szlethi\u00e1nnyal, nyersanyaghi\u00e1nnyal \u00e9s munkaer\u0151hi\u00e1nnyal, emell\u00e9 j\u00f6n most az energia\u00e1rak t\u00f6bbsz\u00f6r\u00f6s\u00e9re emelked\u00e9se. A f\u0151titk\u00e1r szerint ezek a c\u00e9gek jelen\u0151s \u00e1remel\u00e9ssel kompenz\u00e1lhatnak, de m\u00e9g \u00edgy sem biztos, hogy elker\u00fclhet\u0151 a t\u00f6meges cs\u0151d. Az \u00e9rdekk\u00e9pviselet ez\u00e9rt azonnali egyeztet\u00e9seket s\u00fcrget a korm\u00e1nyzattal.Az \u00f6nkorm\u00e1nyzatok is kjiesnek az eddigi rezsics\u00f6kkent\u00e9si rendszerb\u0151l, ez\u00e9rt t\u00f6bbsz\u00f6r\u00f6s \u00e1rat fizetnek az energi\u00e1\u00e9rt. Sz\u00e9kesfeh\u00e9rv\u00e1r fideszes polg\u00e1rmestere, Cser-Palkovics Andr\u00e1s szerint elv\u00e1rhat\u00f3 lett volna, hogy egyeztet a telep\u00fcl\u00e9sekkel a korm\u00e1ny. A polg\u00e1rmester az ATV-nek azt nyilatkozta, nem hiszi, hogy minden telep\u00fcl\u00e9s ki tudja gazd\u00e1lkodni a megn\u00f6veked\u0151 terheket. Fontos lenne, hogy az \u00e1llam lehet\u0151v\u00e9 tegye sz\u00e1munkra, hogy a bev\u00e9teleinkhez hozz\u00e1juthassunk. Innent\u0151l kezdve nincs lehet\u0151s\u00e9g kkv-ad\u00f3kedvezm\u00e9nyekre, mert abb\u00f3l lehetne finansz\u00edrozni ezeket a pluszkiad\u00e1sokat. Fontos, hogy hozz\u00e1ny\u00falhassunk a d\u00edjainkhoz \u2013 mondta Cser-Palkovics Andr\u00e1s.<\/p>\n<p>Forr\u00e1s: portfolio.hu<\/p>\n","protected":false},"excerpt":{"rendered":"<p>Az eddig a rezsics\u00f6kkent\u00e9s el\u0151nyeit \u00e9lvez\u0151 30-40 ezer mikro \u00e9s kisv\u00e1llalkoz\u00e1s a rezsics\u00f6kkent\u00e9s megsz\u00fcntet\u00e9s\u00e9vel jelent\u0151s \u00e1remel\u00e9sre k\u00e9nyszer\u00fclhet, de Perlusz L\u00e1szl\u00f3 VOSZ-f\u0151titk\u00e1r szerint \u00edgy sem biztos, hogy elker\u00fclhet\u0151 a t\u00f6meges cs\u0151d. Kiz\u00e1r\u00f3lag lakoss\u00e1gi fogyaszt\u00f3k maradhatnak a rezsics\u00f6kkent\u00e9s rendszer\u00e9ben, ez der\u00fclt ki egy szombati korm\u00e1nyrendeletb\u0151l. Perlusz L\u00e1szl\u00f3, a V\u00e1llalkoz\u00f3k Orsz\u00e1gos Sz\u00f6vets\u00e9g\u00e9nek (VOSZ) f\u0151titk\u00e1ra az RTL H\u00edrad\u00f3nak azt [&hellip;]<\/p>\n","protected":false},"author":1,"featured_media":5607,"comment_status":"open","ping_status":"open","sticky":false,"template":"","format":"standard","meta":{"_monsterinsights_skip_tracking":false,"footnotes":""},"categories":[198],"tags":[],"class_list":["post-5606","post","type-post","status-publish","format-standard","has-post-thumbnail","hentry","category-gazdasag"],"aioseo_notices":[],"aioseo_head":"\n\t\t<!-- All in One SEO 5.0.0.1 - aioseo.com -->\n\t<meta name=\"description\" content=\"Az eddig a rezsics\u00f6kkent\u00e9s el\u0151nyeit \u00e9lvez\u0151 30-40 ezer mikro \u00e9s kisv\u00e1llalkoz\u00e1s a rezsics\u00f6kkent\u00e9s megsz\u00fcntet\u00e9s\u00e9vel jelent\u0151s \u00e1remel\u00e9sre k\u00e9nyszer\u00fclhet, de Perlusz L\u00e1szl\u00f3 VOSZ-f\u0151titk\u00e1r szerint \u00edgy sem biztos, hogy elker\u00fclhet\u0151 a t\u00f6meges cs\u0151d. Kiz\u00e1r\u00f3lag lakoss\u00e1gi fogyaszt\u00f3k maradhatnak a rezsics\u00f6kkent\u00e9s rendszer\u00e9ben, ez der\u00fclt ki egy szombati korm\u00e1nyrendeletb\u0151l. Perlusz L\u00e1szl\u00f3, a V\u00e1llalkoz\u00f3k Orsz\u00e1gos Sz\u00f6vets\u00e9g\u00e9nek (VOSZ) f\u0151titk\u00e1ra az RTL H\u00edrad\u00f3nak azt\" \/>\n\t<meta name=\"robots\" content=\"max-image-preview:large\" \/>\n\t<meta name=\"author\" content=\"Juh\u00e1sz P\u00e9ter\"\/>\n\t<link rel=\"canonical\" href=\"https:\/\/allasorias.hu\/hirek\/a-rezsicsokkentesnek-sulyos-hatasa-lehet\/\" \/>\n\t<meta name=\"generator\" content=\"All in One SEO (AIOSEO) 5.0.0.1\" \/>\n\t\t<meta property=\"og:locale\" content=\"hu_HU\" \/>\n\t\t<meta property=\"og:site_name\" content=\"AllasOrias.hu | H\u00edrek-lapszemle | \u00dczleti h\u00edrek az \u00e1ll\u00e1s \u00e9s a munka vil\u00e1g\u00e1b\u00f3l\" \/>\n\t\t<meta property=\"og:type\" content=\"article\" \/>\n\t\t<meta property=\"og:title\" content=\"A rezsics\u00f6kkent\u00e9snek s\u00falyos hat\u00e1sa lehet | AllasOrias.hu | H\u00edrek-lapszemle\" \/>\n\t\t<meta property=\"og:description\" content=\"Az eddig a rezsics\u00f6kkent\u00e9s el\u0151nyeit \u00e9lvez\u0151 30-40 ezer mikro \u00e9s kisv\u00e1llalkoz\u00e1s a rezsics\u00f6kkent\u00e9s megsz\u00fcntet\u00e9s\u00e9vel jelent\u0151s \u00e1remel\u00e9sre k\u00e9nyszer\u00fclhet, de Perlusz L\u00e1szl\u00f3 VOSZ-f\u0151titk\u00e1r szerint \u00edgy sem biztos, hogy elker\u00fclhet\u0151 a t\u00f6meges cs\u0151d. Kiz\u00e1r\u00f3lag lakoss\u00e1gi fogyaszt\u00f3k maradhatnak a rezsics\u00f6kkent\u00e9s rendszer\u00e9ben, ez der\u00fclt ki egy szombati korm\u00e1nyrendeletb\u0151l. Perlusz L\u00e1szl\u00f3, a V\u00e1llalkoz\u00f3k Orsz\u00e1gos Sz\u00f6vets\u00e9g\u00e9nek (VOSZ) f\u0151titk\u00e1ra az RTL H\u00edrad\u00f3nak azt\" \/>\n\t\t<meta property=\"og:url\" content=\"https:\/\/allasorias.hu\/hirek\/a-rezsicsokkentesnek-sulyos-hatasa-lehet\/\" \/>\n\t\t<meta property=\"og:image\" content=\"https:\/\/allasorias.hu\/hirek\/wp-content\/uploads\/2022\/06\/broken-light-bulb-with-upward-arrow-concept-electricity-price-rise-market-volatility.jpg\" \/>\n\t\t<meta property=\"og:image:secure_url\" content=\"https:\/\/allasorias.hu\/hirek\/wp-content\/uploads\/2022\/06\/broken-light-bulb-with-upward-arrow-concept-electricity-price-rise-market-volatility.jpg\" \/>\n\t\t<meta property=\"og:image:width\" content=\"1920\" \/>\n\t\t<meta property=\"og:image:height\" content=\"960\" \/>\n\t\t<meta property=\"article:published_time\" content=\"2022-06-07T08:30:23+00:00\" \/>\n\t\t<meta property=\"article:modified_time\" content=\"2022-06-07T08:30:23+00:00\" \/>\n\t\t<meta property=\"article:publisher\" content=\"https:\/\/www.facebook.com\/allasorias\" \/>\n\t\t<meta name=\"twitter:card\" content=\"summary_large_image\" \/>\n\t\t<meta name=\"twitter:title\" content=\"A rezsics\u00f6kkent\u00e9snek s\u00falyos hat\u00e1sa lehet | AllasOrias.hu | H\u00edrek-lapszemle\" \/>\n\t\t<meta name=\"twitter:description\" content=\"Az eddig a rezsics\u00f6kkent\u00e9s el\u0151nyeit \u00e9lvez\u0151 30-40 ezer mikro \u00e9s kisv\u00e1llalkoz\u00e1s a rezsics\u00f6kkent\u00e9s megsz\u00fcntet\u00e9s\u00e9vel jelent\u0151s \u00e1remel\u00e9sre k\u00e9nyszer\u00fclhet, de Perlusz L\u00e1szl\u00f3 VOSZ-f\u0151titk\u00e1r szerint \u00edgy sem biztos, hogy elker\u00fclhet\u0151 a t\u00f6meges cs\u0151d. Kiz\u00e1r\u00f3lag lakoss\u00e1gi fogyaszt\u00f3k maradhatnak a rezsics\u00f6kkent\u00e9s rendszer\u00e9ben, ez der\u00fclt ki egy szombati korm\u00e1nyrendeletb\u0151l. Perlusz L\u00e1szl\u00f3, a V\u00e1llalkoz\u00f3k Orsz\u00e1gos Sz\u00f6vets\u00e9g\u00e9nek (VOSZ) f\u0151titk\u00e1ra az RTL H\u00edrad\u00f3nak azt\" \/>\n\t\t<meta name=\"twitter:image\" content=\"https:\/\/allasorias.hu\/hirek\/wp-content\/uploads\/2022\/06\/broken-light-bulb-with-upward-arrow-concept-electricity-price-rise-market-volatility.jpg\" \/>\n\t\t<meta name=\"twitter:label1\" content=\"Written by\" \/>\n\t\t<meta name=\"twitter:data1\" content=\"Juh\u00e1sz P\u00e9ter\" \/>\n\t\t<meta name=\"twitter:label2\" content=\"Est. reading time\" \/>\n\t\t<meta name=\"twitter:data2\" content=\"2 minutes\" \/>\n\t\t<script type=\"application\/ld+json\" class=\"aioseo-schema\">\n\t\t\t{\"@context\":\"https:\\\/\\\/schema.org\",\"@graph\":[{\"@type\":\"Article\",\"@id\":\"https:\\\/\\\/allasorias.hu\\\/hirek\\\/a-rezsicsokkentesnek-sulyos-hatasa-lehet\\\/#article\",\"name\":\"A rezsics\\u00f6kkent\\u00e9snek s\\u00falyos hat\\u00e1sa lehet | AllasOrias.hu | H\\u00edrek-lapszemle\",\"headline\":\"A rezsics\\u00f6kkent\\u00e9snek s\\u00falyos hat\\u00e1sa lehet\",\"author\":{\"@id\":\"https:\\\/\\\/allasorias.hu\\\/hirek\\\/author\\\/admin-allasorias\\\/#author\"},\"publisher\":{\"@id\":\"https:\\\/\\\/allasorias.hu\\\/hirek\\\/#organization\"},\"image\":{\"@type\":\"ImageObject\",\"url\":\"https:\\\/\\\/allasorias.hu\\\/hirek\\\/wp-content\\\/uploads\\\/2022\\\/06\\\/broken-light-bulb-with-upward-arrow-concept-electricity-price-rise-market-volatility.jpg\",\"width\":1920,\"height\":960,\"caption\":\"Broken light bulb with upward arrow. Concept of electricity price rise. Market volatility and instability. 3D illustration. Copy space.\"},\"datePublished\":\"2022-06-07T08:30:23+02:00\",\"dateModified\":\"2022-06-07T08:30:23+02:00\",\"inLanguage\":\"hu-HU\",\"mainEntityOfPage\":{\"@id\":\"https:\\\/\\\/allasorias.hu\\\/hirek\\\/a-rezsicsokkentesnek-sulyos-hatasa-lehet\\\/#webpage\"},\"isPartOf\":{\"@id\":\"https:\\\/\\\/allasorias.hu\\\/hirek\\\/a-rezsicsokkentesnek-sulyos-hatasa-lehet\\\/#webpage\"},\"articleSection\":\"Gazdas\\u00e1g\"},{\"@type\":\"BreadcrumbList\",\"@id\":\"https:\\\/\\\/allasorias.hu\\\/hirek\\\/a-rezsicsokkentesnek-sulyos-hatasa-lehet\\\/#breadcrumblist\",\"itemListElement\":[{\"@type\":\"ListItem\",\"@id\":\"https:\\\/\\\/allasorias.hu\\\/hirek#listItem\",\"position\":1,\"name\":\"Home\",\"item\":\"https:\\\/\\\/allasorias.hu\\\/hirek\",\"nextItem\":{\"@type\":\"ListItem\",\"@id\":\"https:\\\/\\\/allasorias.hu\\\/hirek\\\/temak\\\/gazdasag\\\/#listItem\",\"name\":\"Gazdas\\u00e1g\"}},{\"@type\":\"ListItem\",\"@id\":\"https:\\\/\\\/allasorias.hu\\\/hirek\\\/temak\\\/gazdasag\\\/#listItem\",\"position\":2,\"name\":\"Gazdas\\u00e1g\",\"item\":\"https:\\\/\\\/allasorias.hu\\\/hirek\\\/temak\\\/gazdasag\\\/\",\"nextItem\":{\"@type\":\"ListItem\",\"@id\":\"https:\\\/\\\/allasorias.hu\\\/hirek\\\/a-rezsicsokkentesnek-sulyos-hatasa-lehet\\\/#listItem\",\"name\":\"A rezsics\\u00f6kkent\\u00e9snek s\\u00falyos hat\\u00e1sa lehet\"},\"previousItem\":{\"@type\":\"ListItem\",\"@id\":\"https:\\\/\\\/allasorias.hu\\\/hirek#listItem\",\"name\":\"Home\"}},{\"@type\":\"ListItem\",\"@id\":\"https:\\\/\\\/allasorias.hu\\\/hirek\\\/a-rezsicsokkentesnek-sulyos-hatasa-lehet\\\/#listItem\",\"position\":3,\"name\":\"A rezsics\\u00f6kkent\\u00e9snek s\\u00falyos hat\\u00e1sa lehet\",\"previousItem\":{\"@type\":\"ListItem\",\"@id\":\"https:\\\/\\\/allasorias.hu\\\/hirek\\\/temak\\\/gazdasag\\\/#listItem\",\"name\":\"Gazdas\\u00e1g\"}}]},{\"@type\":\"Organization\",\"@id\":\"https:\\\/\\\/allasorias.hu\\\/hirek\\\/#organization\",\"name\":\"AllasOrias.hu | H\\u00edrek-lapszemle\",\"description\":\"\\u00dczleti h\\u00edrek az \\u00e1ll\\u00e1s \\u00e9s a munka vil\\u00e1g\\u00e1b\\u00f3l\",\"url\":\"https:\\\/\\\/allasorias.hu\\\/hirek\\\/\",\"logo\":{\"@type\":\"ImageObject\",\"url\":\"https:\\\/\\\/allasorias.hu\\\/hirek\\\/wp-content\\\/uploads\\\/2022\\\/10\\\/allasorias_site_facebok_logo.png\",\"@id\":\"https:\\\/\\\/allasorias.hu\\\/hirek\\\/a-rezsicsokkentesnek-sulyos-hatasa-lehet\\\/#organizationLogo\"},\"image\":{\"@id\":\"https:\\\/\\\/allasorias.hu\\\/hirek\\\/a-rezsicsokkentesnek-sulyos-hatasa-lehet\\\/#organizationLogo\"},\"sameAs\":[\"https:\\\/\\\/www.facebook.com\\\/allasorias\",\"https:\\\/\\\/www.linkedin.com\\\/company\\\/allasorias\"]},{\"@type\":\"Person\",\"@id\":\"https:\\\/\\\/allasorias.hu\\\/hirek\\\/author\\\/admin-allasorias\\\/#author\",\"url\":\"https:\\\/\\\/allasorias.hu\\\/hirek\\\/author\\\/admin-allasorias\\\/\",\"name\":\"Juh\\u00e1sz P\\u00e9ter\",\"image\":{\"@type\":\"ImageObject\",\"@id\":\"https:\\\/\\\/allasorias.hu\\\/hirek\\\/a-rezsicsokkentesnek-sulyos-hatasa-lehet\\\/#authorImage\",\"url\":\"https:\\\/\\\/secure.gravatar.com\\\/avatar\\\/36e6bcb83148978b992977cb0f54d22feb0cce8a0a849a9410532bb2623ba4c6?s=96&d=mm&r=g\",\"width\":96,\"height\":96,\"caption\":\"Juh\\u00e1sz P\\u00e9ter\"}},{\"@type\":\"WebPage\",\"@id\":\"https:\\\/\\\/allasorias.hu\\\/hirek\\\/a-rezsicsokkentesnek-sulyos-hatasa-lehet\\\/#webpage\",\"url\":\"https:\\\/\\\/allasorias.hu\\\/hirek\\\/a-rezsicsokkentesnek-sulyos-hatasa-lehet\\\/\",\"name\":\"A rezsics\\u00f6kkent\\u00e9snek s\\u00falyos hat\\u00e1sa lehet | AllasOrias.hu | H\\u00edrek-lapszemle\",\"description\":\"Az eddig a rezsics\\u00f6kkent\\u00e9s el\\u0151nyeit \\u00e9lvez\\u0151 30-40 ezer mikro \\u00e9s kisv\\u00e1llalkoz\\u00e1s a rezsics\\u00f6kkent\\u00e9s megsz\\u00fcntet\\u00e9s\\u00e9vel jelent\\u0151s \\u00e1remel\\u00e9sre k\\u00e9nyszer\\u00fclhet, de Perlusz L\\u00e1szl\\u00f3 VOSZ-f\\u0151titk\\u00e1r szerint \\u00edgy sem biztos, hogy elker\\u00fclhet\\u0151 a t\\u00f6meges cs\\u0151d. Kiz\\u00e1r\\u00f3lag lakoss\\u00e1gi fogyaszt\\u00f3k maradhatnak a rezsics\\u00f6kkent\\u00e9s rendszer\\u00e9ben, ez der\\u00fclt ki egy szombati korm\\u00e1nyrendeletb\\u0151l. Perlusz L\\u00e1szl\\u00f3, a V\\u00e1llalkoz\\u00f3k Orsz\\u00e1gos Sz\\u00f6vets\\u00e9g\\u00e9nek (VOSZ) f\\u0151titk\\u00e1ra az RTL H\\u00edrad\\u00f3nak azt\",\"inLanguage\":\"hu-HU\",\"isPartOf\":{\"@id\":\"https:\\\/\\\/allasorias.hu\\\/hirek\\\/#website\"},\"breadcrumb\":{\"@id\":\"https:\\\/\\\/allasorias.hu\\\/hirek\\\/a-rezsicsokkentesnek-sulyos-hatasa-lehet\\\/#breadcrumblist\"},\"author\":{\"@id\":\"https:\\\/\\\/allasorias.hu\\\/hirek\\\/author\\\/admin-allasorias\\\/#author\"},\"creator\":{\"@id\":\"https:\\\/\\\/allasorias.hu\\\/hirek\\\/author\\\/admin-allasorias\\\/#author\"},\"image\":{\"@type\":\"ImageObject\",\"url\":\"https:\\\/\\\/allasorias.hu\\\/hirek\\\/wp-content\\\/uploads\\\/2022\\\/06\\\/broken-light-bulb-with-upward-arrow-concept-electricity-price-rise-market-volatility.jpg\",\"@id\":\"https:\\\/\\\/allasorias.hu\\\/hirek\\\/a-rezsicsokkentesnek-sulyos-hatasa-lehet\\\/#mainImage\",\"width\":1920,\"height\":960,\"caption\":\"Broken light bulb with upward arrow. Concept of electricity price rise. Market volatility and instability. 3D illustration. Copy space.\"},\"primaryImageOfPage\":{\"@id\":\"https:\\\/\\\/allasorias.hu\\\/hirek\\\/a-rezsicsokkentesnek-sulyos-hatasa-lehet\\\/#mainImage\"},\"datePublished\":\"2022-06-07T08:30:23+02:00\",\"dateModified\":\"2022-06-07T08:30:23+02:00\"},{\"@type\":\"WebSite\",\"@id\":\"https:\\\/\\\/allasorias.hu\\\/hirek\\\/#website\",\"url\":\"https:\\\/\\\/allasorias.hu\\\/hirek\\\/\",\"name\":\"AllasOrias.hu | H\\u00edrek-lapszemle\",\"description\":\"\\u00dczleti h\\u00edrek az \\u00e1ll\\u00e1s \\u00e9s a munka vil\\u00e1g\\u00e1b\\u00f3l\",\"inLanguage\":\"hu-HU\",\"publisher\":{\"@id\":\"https:\\\/\\\/allasorias.hu\\\/hirek\\\/#organization\"}}]}\n\t\t<\/script>\n\t\t<!-- All in One SEO -->\n\n","aioseo_head_json":{"title":"A rezsics\u00f6kkent\u00e9snek s\u00falyos hat\u00e1sa lehet | AllasOrias.hu | H\u00edrek-lapszemle","description":"Az eddig a rezsics\u00f6kkent\u00e9s el\u0151nyeit \u00e9lvez\u0151 30-40 ezer mikro \u00e9s kisv\u00e1llalkoz\u00e1s a rezsics\u00f6kkent\u00e9s megsz\u00fcntet\u00e9s\u00e9vel jelent\u0151s \u00e1remel\u00e9sre k\u00e9nyszer\u00fclhet, de Perlusz L\u00e1szl\u00f3 VOSZ-f\u0151titk\u00e1r szerint \u00edgy sem biztos, hogy elker\u00fclhet\u0151 a t\u00f6meges cs\u0151d. Kiz\u00e1r\u00f3lag lakoss\u00e1gi fogyaszt\u00f3k maradhatnak a rezsics\u00f6kkent\u00e9s rendszer\u00e9ben, ez der\u00fclt ki egy szombati korm\u00e1nyrendeletb\u0151l. Perlusz L\u00e1szl\u00f3, a V\u00e1llalkoz\u00f3k Orsz\u00e1gos Sz\u00f6vets\u00e9g\u00e9nek (VOSZ) f\u0151titk\u00e1ra az RTL H\u00edrad\u00f3nak azt","canonical_url":"https:\/\/allasorias.hu\/hirek\/a-rezsicsokkentesnek-sulyos-hatasa-lehet\/","robots":"max-image-preview:large","keywords":"","webmasterTools":{"miscellaneous":""},"schema":{"@context":"https:\/\/schema.org","@graph":[{"@type":"Article","@id":"https:\/\/allasorias.hu\/hirek\/a-rezsicsokkentesnek-sulyos-hatasa-lehet\/#article","name":"A rezsics\u00f6kkent\u00e9snek s\u00falyos hat\u00e1sa lehet | AllasOrias.hu | H\u00edrek-lapszemle","headline":"A rezsics\u00f6kkent\u00e9snek s\u00falyos hat\u00e1sa lehet","author":{"@id":"https:\/\/allasorias.hu\/hirek\/author\/admin-allasorias\/#author"},"publisher":{"@id":"https:\/\/allasorias.hu\/hirek\/#organization"},"image":{"@type":"ImageObject","url":"https:\/\/allasorias.hu\/hirek\/wp-content\/uploads\/2022\/06\/broken-light-bulb-with-upward-arrow-concept-electricity-price-rise-market-volatility.jpg","width":1920,"height":960,"caption":"Broken light bulb with upward arrow. Concept of electricity price rise. Market volatility and instability. 3D illustration. Copy space."},"datePublished":"2022-06-07T08:30:23+02:00","dateModified":"2022-06-07T08:30:23+02:00","inLanguage":"hu-HU","mainEntityOfPage":{"@id":"https:\/\/allasorias.hu\/hirek\/a-rezsicsokkentesnek-sulyos-hatasa-lehet\/#webpage"},"isPartOf":{"@id":"https:\/\/allasorias.hu\/hirek\/a-rezsicsokkentesnek-sulyos-hatasa-lehet\/#webpage"},"articleSection":"Gazdas\u00e1g"},{"@type":"BreadcrumbList","@id":"https:\/\/allasorias.hu\/hirek\/a-rezsicsokkentesnek-sulyos-hatasa-lehet\/#breadcrumblist","itemListElement":[{"@type":"ListItem","@id":"https:\/\/allasorias.hu\/hirek#listItem","position":1,"name":"Home","item":"https:\/\/allasorias.hu\/hirek","nextItem":{"@type":"ListItem","@id":"https:\/\/allasorias.hu\/hirek\/temak\/gazdasag\/#listItem","name":"Gazdas\u00e1g"}},{"@type":"ListItem","@id":"https:\/\/allasorias.hu\/hirek\/temak\/gazdasag\/#listItem","position":2,"name":"Gazdas\u00e1g","item":"https:\/\/allasorias.hu\/hirek\/temak\/gazdasag\/","nextItem":{"@type":"ListItem","@id":"https:\/\/allasorias.hu\/hirek\/a-rezsicsokkentesnek-sulyos-hatasa-lehet\/#listItem","name":"A rezsics\u00f6kkent\u00e9snek s\u00falyos hat\u00e1sa lehet"},"previousItem":{"@type":"ListItem","@id":"https:\/\/allasorias.hu\/hirek#listItem","name":"Home"}},{"@type":"ListItem","@id":"https:\/\/allasorias.hu\/hirek\/a-rezsicsokkentesnek-sulyos-hatasa-lehet\/#listItem","position":3,"name":"A rezsics\u00f6kkent\u00e9snek s\u00falyos hat\u00e1sa lehet","previousItem":{"@type":"ListItem","@id":"https:\/\/allasorias.hu\/hirek\/temak\/gazdasag\/#listItem","name":"Gazdas\u00e1g"}}]},{"@type":"Organization","@id":"https:\/\/allasorias.hu\/hirek\/#organization","name":"AllasOrias.hu | H\u00edrek-lapszemle","description":"\u00dczleti h\u00edrek az \u00e1ll\u00e1s \u00e9s a munka vil\u00e1g\u00e1b\u00f3l","url":"https:\/\/allasorias.hu\/hirek\/","logo":{"@type":"ImageObject","url":"https:\/\/allasorias.hu\/hirek\/wp-content\/uploads\/2022\/10\/allasorias_site_facebok_logo.png","@id":"https:\/\/allasorias.hu\/hirek\/a-rezsicsokkentesnek-sulyos-hatasa-lehet\/#organizationLogo"},"image":{"@id":"https:\/\/allasorias.hu\/hirek\/a-rezsicsokkentesnek-sulyos-hatasa-lehet\/#organizationLogo"},"sameAs":["https:\/\/www.facebook.com\/allasorias","https:\/\/www.linkedin.com\/company\/allasorias"]},{"@type":"Person","@id":"https:\/\/allasorias.hu\/hirek\/author\/admin-allasorias\/#author","url":"https:\/\/allasorias.hu\/hirek\/author\/admin-allasorias\/","name":"Juh\u00e1sz P\u00e9ter","image":{"@type":"ImageObject","@id":"https:\/\/allasorias.hu\/hirek\/a-rezsicsokkentesnek-sulyos-hatasa-lehet\/#authorImage","url":"https:\/\/secure.gravatar.com\/avatar\/36e6bcb83148978b992977cb0f54d22feb0cce8a0a849a9410532bb2623ba4c6?s=96&d=mm&r=g","width":96,"height":96,"caption":"Juh\u00e1sz P\u00e9ter"}},{"@type":"WebPage","@id":"https:\/\/allasorias.hu\/hirek\/a-rezsicsokkentesnek-sulyos-hatasa-lehet\/#webpage","url":"https:\/\/allasorias.hu\/hirek\/a-rezsicsokkentesnek-sulyos-hatasa-lehet\/","name":"A rezsics\u00f6kkent\u00e9snek s\u00falyos hat\u00e1sa lehet | AllasOrias.hu | H\u00edrek-lapszemle","description":"Az eddig a rezsics\u00f6kkent\u00e9s el\u0151nyeit \u00e9lvez\u0151 30-40 ezer mikro \u00e9s kisv\u00e1llalkoz\u00e1s a rezsics\u00f6kkent\u00e9s megsz\u00fcntet\u00e9s\u00e9vel jelent\u0151s \u00e1remel\u00e9sre k\u00e9nyszer\u00fclhet, de Perlusz L\u00e1szl\u00f3 VOSZ-f\u0151titk\u00e1r szerint \u00edgy sem biztos, hogy elker\u00fclhet\u0151 a t\u00f6meges cs\u0151d. Kiz\u00e1r\u00f3lag lakoss\u00e1gi fogyaszt\u00f3k maradhatnak a rezsics\u00f6kkent\u00e9s rendszer\u00e9ben, ez der\u00fclt ki egy szombati korm\u00e1nyrendeletb\u0151l. Perlusz L\u00e1szl\u00f3, a V\u00e1llalkoz\u00f3k Orsz\u00e1gos Sz\u00f6vets\u00e9g\u00e9nek (VOSZ) f\u0151titk\u00e1ra az RTL H\u00edrad\u00f3nak azt","inLanguage":"hu-HU","isPartOf":{"@id":"https:\/\/allasorias.hu\/hirek\/#website"},"breadcrumb":{"@id":"https:\/\/allasorias.hu\/hirek\/a-rezsicsokkentesnek-sulyos-hatasa-lehet\/#breadcrumblist"},"author":{"@id":"https:\/\/allasorias.hu\/hirek\/author\/admin-allasorias\/#author"},"creator":{"@id":"https:\/\/allasorias.hu\/hirek\/author\/admin-allasorias\/#author"},"image":{"@type":"ImageObject","url":"https:\/\/allasorias.hu\/hirek\/wp-content\/uploads\/2022\/06\/broken-light-bulb-with-upward-arrow-concept-electricity-price-rise-market-volatility.jpg","@id":"https:\/\/allasorias.hu\/hirek\/a-rezsicsokkentesnek-sulyos-hatasa-lehet\/#mainImage","width":1920,"height":960,"caption":"Broken light bulb with upward arrow. Concept of electricity price rise. Market volatility and instability. 3D illustration. Copy space."},"primaryImageOfPage":{"@id":"https:\/\/allasorias.hu\/hirek\/a-rezsicsokkentesnek-sulyos-hatasa-lehet\/#mainImage"},"datePublished":"2022-06-07T08:30:23+02:00","dateModified":"2022-06-07T08:30:23+02:00"},{"@type":"WebSite","@id":"https:\/\/allasorias.hu\/hirek\/#website","url":"https:\/\/allasorias.hu\/hirek\/","name":"AllasOrias.hu | H\u00edrek-lapszemle","description":"\u00dczleti h\u00edrek az \u00e1ll\u00e1s \u00e9s a munka vil\u00e1g\u00e1b\u00f3l","inLanguage":"hu-HU","publisher":{"@id":"https:\/\/allasorias.hu\/hirek\/#organization"}}]},"og:locale":"hu_HU","og:site_name":"AllasOrias.hu | H\u00edrek-lapszemle | \u00dczleti h\u00edrek az \u00e1ll\u00e1s \u00e9s a munka vil\u00e1g\u00e1b\u00f3l","og:type":"article","og:title":"A rezsics\u00f6kkent\u00e9snek s\u00falyos hat\u00e1sa lehet | AllasOrias.hu | H\u00edrek-lapszemle","og:description":"Az eddig a rezsics\u00f6kkent\u00e9s el\u0151nyeit \u00e9lvez\u0151 30-40 ezer mikro \u00e9s kisv\u00e1llalkoz\u00e1s a rezsics\u00f6kkent\u00e9s megsz\u00fcntet\u00e9s\u00e9vel jelent\u0151s \u00e1remel\u00e9sre k\u00e9nyszer\u00fclhet, de Perlusz L\u00e1szl\u00f3 VOSZ-f\u0151titk\u00e1r szerint \u00edgy sem biztos, hogy elker\u00fclhet\u0151 a t\u00f6meges cs\u0151d. Kiz\u00e1r\u00f3lag lakoss\u00e1gi fogyaszt\u00f3k maradhatnak a rezsics\u00f6kkent\u00e9s rendszer\u00e9ben, ez der\u00fclt ki egy szombati korm\u00e1nyrendeletb\u0151l. Perlusz L\u00e1szl\u00f3, a V\u00e1llalkoz\u00f3k Orsz\u00e1gos Sz\u00f6vets\u00e9g\u00e9nek (VOSZ) f\u0151titk\u00e1ra az RTL H\u00edrad\u00f3nak azt","og:url":"https:\/\/allasorias.hu\/hirek\/a-rezsicsokkentesnek-sulyos-hatasa-lehet\/","og:image":"https:\/\/allasorias.hu\/hirek\/wp-content\/uploads\/2022\/06\/broken-light-bulb-with-upward-arrow-concept-electricity-price-rise-market-volatility.jpg","og:image:secure_url":"https:\/\/allasorias.hu\/hirek\/wp-content\/uploads\/2022\/06\/broken-light-bulb-with-upward-arrow-concept-electricity-price-rise-market-volatility.jpg","og:image:width":1920,"og:image:height":960,"article:published_time":"2022-06-07T08:30:23+00:00","article:modified_time":"2022-06-07T08:30:23+00:00","article:publisher":"https:\/\/www.facebook.com\/allasorias","twitter:card":"summary_large_image","twitter:title":"A rezsics\u00f6kkent\u00e9snek s\u00falyos hat\u00e1sa lehet | AllasOrias.hu | H\u00edrek-lapszemle","twitter:description":"Az eddig a rezsics\u00f6kkent\u00e9s el\u0151nyeit \u00e9lvez\u0151 30-40 ezer mikro \u00e9s kisv\u00e1llalkoz\u00e1s a rezsics\u00f6kkent\u00e9s megsz\u00fcntet\u00e9s\u00e9vel jelent\u0151s \u00e1remel\u00e9sre k\u00e9nyszer\u00fclhet, de Perlusz L\u00e1szl\u00f3 VOSZ-f\u0151titk\u00e1r szerint \u00edgy sem biztos, hogy elker\u00fclhet\u0151 a t\u00f6meges cs\u0151d. Kiz\u00e1r\u00f3lag lakoss\u00e1gi fogyaszt\u00f3k maradhatnak a rezsics\u00f6kkent\u00e9s rendszer\u00e9ben, ez der\u00fclt ki egy szombati korm\u00e1nyrendeletb\u0151l. Perlusz L\u00e1szl\u00f3, a V\u00e1llalkoz\u00f3k Orsz\u00e1gos Sz\u00f6vets\u00e9g\u00e9nek (VOSZ) f\u0151titk\u00e1ra az RTL H\u00edrad\u00f3nak azt","twitter:image":"https:\/\/allasorias.hu\/hirek\/wp-content\/uploads\/2022\/06\/broken-light-bulb-with-upward-arrow-concept-electricity-price-rise-market-volatility.jpg","twitter:label1":"Written by","twitter:data1":"Juh\u00e1sz P\u00e9ter","twitter:label2":"Est. reading time","twitter:data2":"2 minutes"},"aioseo_meta_data":{"post_id":"5606","title":null,"description":null,"keywords":[],"keyphrases":{"focus":{"keyphrase":"","score":0,"analysis":{"keyphraseInTitle":{"score":0,"maxScore":9,"error":1}}},"additional":[]},"primary_term":null,"canonical_url":null,"og_title":null,"og_description":null,"og_object_type":"default","og_image_type":"default","og_image_url":null,"og_image_width":null,"og_image_height":null,"og_image_custom_url":null,"og_image_custom_fields":null,"og_video":"","og_custom_url":null,"og_article_section":null,"og_article_tags":[],"twitter_use_og":false,"twitter_card":"default","twitter_image_type":"default","twitter_image_url":null,"twitter_image_custom_url":null,"twitter_image_custom_fields":null,"twitter_title":null,"twitter_description":null,"schema":{"blockGraphs":[],"customGraphs":[],"default":{"data":{"Article":[],"Course":[],"Dataset":[],"FAQPage":[],"Movie":[],"Person":[],"Product":[],"ProductReview":[],"Car":[],"Recipe":[],"Service":[],"SoftwareApplication":[],"WebPage":[]},"graphName":"","isEnabled":true},"graphs":[],"defaultGraph":"Article","defaultPostTypeGraph":""},"schema_type":"default","schema_type_options":"{\"article\":{\"articleType\":\"BlogPosting\"},\"course\":{\"name\":\"\",\"description\":\"\",\"provider\":\"\"},\"faq\":{\"pages\":[]},\"product\":{\"reviews\":[]},\"recipe\":{\"ingredients\":[],\"instructions\":[],\"keywords\":[]},\"software\":{\"reviews\":[],\"operatingSystems\":[]},\"webPage\":{\"webPageType\":\"WebPage\"}}","pillar_content":false,"robots_default":true,"robots_noindex":false,"robots_noarchive":false,"robots_nosnippet":false,"robots_nofollow":false,"robots_noimageindex":false,"robots_noodp":false,"robots_notranslate":false,"robots_max_snippet":"-1","robots_max_videopreview":"-1","robots_max_imagepreview":"large","priority":null,"frequency":"default","location":null,"local_seo":null,"breadcrumb_settings":null,"limit_modified_date":false,"ai":null,"created":"2022-06-07 08:25:50","updated":"2025-10-02 16:59:49","seo_analyzer_scan_date":null,"focus_keyword":null,"additional_keywords":null,"truseo_locale":null},"aioseo_breadcrumb":"<div class=\"aioseo-breadcrumbs\"><span class=\"aioseo-breadcrumb\">\n\t\t\t<a href=\"https:\/\/allasorias.hu\/hirek\" title=\"Home\">Home<\/a>\n\t\t<\/span><span class=\"aioseo-breadcrumb-separator\">&raquo;<\/span><span class=\"aioseo-breadcrumb\">\n\t\t\t<a href=\"https:\/\/allasorias.hu\/hirek\/temak\/gazdasag\/\" title=\"Gazdas\u00e1g\">Gazdas\u00e1g<\/a>\n\t\t<\/span><span class=\"aioseo-breadcrumb-separator\">&raquo;<\/span><span class=\"aioseo-breadcrumb\">\n\t\t\tA rezsics\u00f6kkent\u00e9snek s\u00falyos hat\u00e1sa lehet\n\t\t<\/span><\/div>","aioseo_breadcrumb_json":[{"label":"Home","link":"https:\/\/allasorias.hu\/hirek"},{"label":"Gazdas\u00e1g","link":"https:\/\/allasorias.hu\/hirek\/temak\/gazdasag\/"},{"label":"A rezsics\u00f6kkent\u00e9snek s\u00falyos hat\u00e1sa lehet","link":"https:\/\/allasorias.hu\/hirek\/a-rezsicsokkentesnek-sulyos-hatasa-lehet\/"}],"_links":{"self":[{"href":"https:\/\/allasorias.hu\/hirek\/wp-json\/wp\/v2\/posts\/5606","targetHints":{"allow":["GET"]}}],"collection":[{"href":"https:\/\/allasorias.hu\/hirek\/wp-json\/wp\/v2\/posts"}],"about":[{"href":"https:\/\/allasorias.hu\/hirek\/wp-json\/wp\/v2\/types\/post"}],"author":[{"embeddable":true,"href":"https:\/\/allasorias.hu\/hirek\/wp-json\/wp\/v2\/users\/1"}],"replies":[{"embeddable":true,"href":"https:\/\/allasorias.hu\/hirek\/wp-json\/wp\/v2\/comments?post=5606"}],"version-history":[{"count":1,"href":"https:\/\/allasorias.hu\/hirek\/wp-json\/wp\/v2\/posts\/5606\/revisions"}],"predecessor-version":[{"id":5608,"href":"https:\/\/allasorias.hu\/hirek\/wp-json\/wp\/v2\/posts\/5606\/revisions\/5608"}],"wp:featuredmedia":[{"embeddable":true,"href":"https:\/\/allasorias.hu\/hirek\/wp-json\/wp\/v2\/media\/5607"}],"wp:attachment":[{"href":"https:\/\/allasorias.hu\/hirek\/wp-json\/wp\/v2\/media?parent=5606"}],"wp:term":[{"taxonomy":"category","embeddable":true,"href":"https:\/\/allasorias.hu\/hirek\/wp-json\/wp\/v2\/categories?post=5606"},{"taxonomy":"post_tag","embeddable":true,"href":"https:\/\/allasorias.hu\/hirek\/wp-json\/wp\/v2\/tags?post=5606"}],"curies":[{"name":"wp","href":"https:\/\/api.w.org\/{rel}","templated":true}]}}