{"id":5603,"date":"2022-06-03T09:14:39","date_gmt":"2022-06-03T09:14:39","guid":{"rendered":"https:\/\/allasorias.hu\/hirek\/?p=5603"},"modified":"2022-06-03T09:14:39","modified_gmt":"2022-06-03T09:14:39","slug":"mi-lesz-a-budapesti-taxisokkal","status":"publish","type":"post","link":"https:\/\/allasorias.hu\/hirek\/mi-lesz-a-budapesti-taxisokkal\/","title":{"rendered":"Mi lesz a budapesti taxisokkal ?"},"content":{"rendered":"<p><strong>A BKIK azt k\u00f6z\u00f6lte\u00a0 az MTI-vel, hogy kezdem\u00e9nyezte a f\u0151v\u00e1rosi rendelet taxisokat \u00e9rint\u0151 tervezett m\u00f3dos\u00edt\u00e1s\u00e1nak fel\u00fclvizsg\u00e1lat\u00e1t. A taxisok fele elt\u0171nhet az utc\u00e1kr\u00f3l szmogriad\u00f3 eset\u00e9n a Budapesti Kereskedelmi \u00e9s Iparkamara (BKIK) szerint, ha a szmogriad\u00f3-rendeletet a jelenleg beterjesztett form\u00e1j\u00e1ban fogadj\u00e1k el. <\/strong><\/p>\n<p>A kamara Kiss Ambrus f\u0151polg\u00e1rmester-helyettesnek \u00e9s a f\u0151v\u00e1rosi \u00f6nkorm\u00e1nyzatnak eljuttatott \u00e1ll\u00e1sfoglal\u00e1sa szerint a tervezet k\u00f6rnyezeti terhel\u00e9s\u00fckh\u00f6z k\u00e9pest ar\u00e1nytalan m\u00e9rt\u00e9kben s\u00fajtan\u00e1 a szem\u00e9lysz\u00e1ll\u00edt\u00e1sban \u00e9rdekelt v\u00e1llalkoz\u00f3kat.<\/p>\n<p>Kifejtett\u00e9k, hogy mivel a tervezett korl\u00e1toz\u00e1sok \u00e1ltal \u00e9rintett j\u00e1rm\u0171vek k\u00f6r\u00e9t objekt\u00edv, k\u00f6rnyezetv\u00e9delmi oszt\u00e1lyt\u00f3l f\u00fcgg\u0151 krit\u00e9riumok szerint hat\u00e1rozn\u00e1k meg, a BKIK szakembereinek becsl\u00e9se szerint szmogriad\u00f3 eset\u00e9n a teljes enged\u00e9llyel rendelkez\u0151 f\u0151v\u00e1rosi taxi\u00e1llom\u00e1ny nagyj\u00e1b\u00f3l fel\u00e9t (mintegy 2000-2500 taxit) kiz\u00e1rn\u00e1k a k\u00f6zleked\u00e9sb\u0151l. Hangs\u00falyozt\u00e1k, hogy a korl\u00e1toz\u00e1sokkal \u00e9rintett 2000-2500 szem\u00e9lytaxi m\u0171k\u00f6d\u00e9se szinte egy\u00e1ltal\u00e1n nem befoly\u00e1soln\u00e1 a f\u0151v\u00e1rosi szmoghelyzetet, hiszen a teljes f\u0151v\u00e1rosi j\u00e1rm\u0171flott\u00e1n bel\u00fcli eleny\u00e9sz\u0151 r\u00e9szar\u00e1nyuk. M\u00e1sr\u00e9szt &#8211; folytatt\u00e1k &#8211; a tervezet \u00e1ltal korl\u00e1tozni sz\u00e1nd\u00e9kozott k\u00f6rnyezetv\u00e9delmi oszt\u00e1lyok k\u00f6z\u00fcl a szem\u00e9lytaxik a legkev\u00e9sb\u00e9 szennyez\u0151 csoportba tartoznak, mivel f\u0151v\u00e1rosi droszthaszn\u00e1lati hozz\u00e1j\u00e1rul\u00e1st csak EURO 5 besorol\u00e1s\u00fa g\u00e9pkocsik kapnak.<\/p>\n<p>&nbsp;<\/p>\n<p>Forr\u00e1s: MTI, hirklikk.hu<\/p>\n","protected":false},"excerpt":{"rendered":"<p>A BKIK azt k\u00f6z\u00f6lte\u00a0 az MTI-vel, hogy kezdem\u00e9nyezte a f\u0151v\u00e1rosi rendelet taxisokat \u00e9rint\u0151 tervezett m\u00f3dos\u00edt\u00e1s\u00e1nak fel\u00fclvizsg\u00e1lat\u00e1t. A taxisok fele elt\u0171nhet az utc\u00e1kr\u00f3l szmogriad\u00f3 eset\u00e9n a Budapesti Kereskedelmi \u00e9s Iparkamara (BKIK) szerint, ha a szmogriad\u00f3-rendeletet a jelenleg beterjesztett form\u00e1j\u00e1ban fogadj\u00e1k el. A kamara Kiss Ambrus f\u0151polg\u00e1rmester-helyettesnek \u00e9s a f\u0151v\u00e1rosi \u00f6nkorm\u00e1nyzatnak eljuttatott \u00e1ll\u00e1sfoglal\u00e1sa szerint a tervezet k\u00f6rnyezeti [&hellip;]<\/p>\n","protected":false},"author":1,"featured_media":5604,"comment_status":"open","ping_status":"open","sticky":false,"template":"","format":"standard","meta":{"_monsterinsights_skip_tracking":false,"footnotes":""},"categories":[200],"tags":[],"class_list":["post-5603","post","type-post","status-publish","format-standard","has-post-thumbnail","hentry","category-munkaeropiac"],"aioseo_notices":[],"aioseo_head":"\n\t\t<!-- All in One SEO 5.0.0.1 - aioseo.com -->\n\t<meta name=\"description\" content=\"A BKIK azt k\u00f6z\u00f6lte az MTI-vel, hogy kezdem\u00e9nyezte a f\u0151v\u00e1rosi rendelet taxisokat \u00e9rint\u0151 tervezett m\u00f3dos\u00edt\u00e1s\u00e1nak fel\u00fclvizsg\u00e1lat\u00e1t. A taxisok fele elt\u0171nhet az utc\u00e1kr\u00f3l szmogriad\u00f3 eset\u00e9n a Budapesti Kereskedelmi \u00e9s Iparkamara (BKIK) szerint, ha a szmogriad\u00f3-rendeletet a jelenleg beterjesztett form\u00e1j\u00e1ban fogadj\u00e1k el. A kamara Kiss Ambrus f\u0151polg\u00e1rmester-helyettesnek \u00e9s a f\u0151v\u00e1rosi \u00f6nkorm\u00e1nyzatnak eljuttatott \u00e1ll\u00e1sfoglal\u00e1sa szerint a tervezet k\u00f6rnyezeti\" \/>\n\t<meta name=\"robots\" content=\"max-image-preview:large\" \/>\n\t<meta name=\"author\" content=\"Juh\u00e1sz P\u00e9ter\"\/>\n\t<link rel=\"canonical\" href=\"https:\/\/allasorias.hu\/hirek\/mi-lesz-a-budapesti-taxisokkal\/\" \/>\n\t<meta name=\"generator\" content=\"All in One SEO (AIOSEO) 5.0.0.1\" \/>\n\t\t<meta property=\"og:locale\" content=\"hu_HU\" \/>\n\t\t<meta property=\"og:site_name\" content=\"AllasOrias.hu | H\u00edrek-lapszemle | \u00dczleti h\u00edrek az \u00e1ll\u00e1s \u00e9s a munka vil\u00e1g\u00e1b\u00f3l\" \/>\n\t\t<meta property=\"og:type\" content=\"article\" \/>\n\t\t<meta property=\"og:title\" content=\"Mi lesz a budapesti taxisokkal ? | AllasOrias.hu | H\u00edrek-lapszemle\" \/>\n\t\t<meta property=\"og:description\" content=\"A BKIK azt k\u00f6z\u00f6lte az MTI-vel, hogy kezdem\u00e9nyezte a f\u0151v\u00e1rosi rendelet taxisokat \u00e9rint\u0151 tervezett m\u00f3dos\u00edt\u00e1s\u00e1nak fel\u00fclvizsg\u00e1lat\u00e1t. A taxisok fele elt\u0171nhet az utc\u00e1kr\u00f3l szmogriad\u00f3 eset\u00e9n a Budapesti Kereskedelmi \u00e9s Iparkamara (BKIK) szerint, ha a szmogriad\u00f3-rendeletet a jelenleg beterjesztett form\u00e1j\u00e1ban fogadj\u00e1k el. A kamara Kiss Ambrus f\u0151polg\u00e1rmester-helyettesnek \u00e9s a f\u0151v\u00e1rosi \u00f6nkorm\u00e1nyzatnak eljuttatott \u00e1ll\u00e1sfoglal\u00e1sa szerint a tervezet k\u00f6rnyezeti\" \/>\n\t\t<meta property=\"og:url\" content=\"https:\/\/allasorias.hu\/hirek\/mi-lesz-a-budapesti-taxisokkal\/\" \/>\n\t\t<meta property=\"og:image\" content=\"https:\/\/allasorias.hu\/hirek\/wp-content\/uploads\/2022\/06\/selective-focus-shot-yellow-taxi-sign-traffic-jam.jpg\" \/>\n\t\t<meta property=\"og:image:secure_url\" content=\"https:\/\/allasorias.hu\/hirek\/wp-content\/uploads\/2022\/06\/selective-focus-shot-yellow-taxi-sign-traffic-jam.jpg\" \/>\n\t\t<meta property=\"og:image:width\" content=\"1920\" \/>\n\t\t<meta property=\"og:image:height\" content=\"1280\" \/>\n\t\t<meta property=\"article:published_time\" content=\"2022-06-03T09:14:39+00:00\" \/>\n\t\t<meta property=\"article:modified_time\" content=\"2022-06-03T09:14:39+00:00\" \/>\n\t\t<meta property=\"article:publisher\" content=\"https:\/\/www.facebook.com\/allasorias\" \/>\n\t\t<meta name=\"twitter:card\" content=\"summary_large_image\" \/>\n\t\t<meta name=\"twitter:title\" content=\"Mi lesz a budapesti taxisokkal ? | AllasOrias.hu | H\u00edrek-lapszemle\" \/>\n\t\t<meta name=\"twitter:description\" content=\"A BKIK azt k\u00f6z\u00f6lte az MTI-vel, hogy kezdem\u00e9nyezte a f\u0151v\u00e1rosi rendelet taxisokat \u00e9rint\u0151 tervezett m\u00f3dos\u00edt\u00e1s\u00e1nak fel\u00fclvizsg\u00e1lat\u00e1t. A taxisok fele elt\u0171nhet az utc\u00e1kr\u00f3l szmogriad\u00f3 eset\u00e9n a Budapesti Kereskedelmi \u00e9s Iparkamara (BKIK) szerint, ha a szmogriad\u00f3-rendeletet a jelenleg beterjesztett form\u00e1j\u00e1ban fogadj\u00e1k el. A kamara Kiss Ambrus f\u0151polg\u00e1rmester-helyettesnek \u00e9s a f\u0151v\u00e1rosi \u00f6nkorm\u00e1nyzatnak eljuttatott \u00e1ll\u00e1sfoglal\u00e1sa szerint a tervezet k\u00f6rnyezeti\" \/>\n\t\t<meta name=\"twitter:image\" content=\"https:\/\/allasorias.hu\/hirek\/wp-content\/uploads\/2022\/06\/selective-focus-shot-yellow-taxi-sign-traffic-jam.jpg\" \/>\n\t\t<meta name=\"twitter:label1\" content=\"Written by\" \/>\n\t\t<meta name=\"twitter:data1\" content=\"Juh\u00e1sz P\u00e9ter\" \/>\n\t\t<meta name=\"twitter:label2\" content=\"Est. reading time\" \/>\n\t\t<meta name=\"twitter:data2\" content=\"1 minute\" \/>\n\t\t<script type=\"application\/ld+json\" class=\"aioseo-schema\">\n\t\t\t{\"@context\":\"https:\\\/\\\/schema.org\",\"@graph\":[{\"@type\":\"Article\",\"@id\":\"https:\\\/\\\/allasorias.hu\\\/hirek\\\/mi-lesz-a-budapesti-taxisokkal\\\/#article\",\"name\":\"Mi lesz a budapesti taxisokkal ? | AllasOrias.hu | H\\u00edrek-lapszemle\",\"headline\":\"Mi lesz a budapesti taxisokkal ?\",\"author\":{\"@id\":\"https:\\\/\\\/allasorias.hu\\\/hirek\\\/author\\\/admin-allasorias\\\/#author\"},\"publisher\":{\"@id\":\"https:\\\/\\\/allasorias.hu\\\/hirek\\\/#organization\"},\"image\":{\"@type\":\"ImageObject\",\"url\":\"https:\\\/\\\/allasorias.hu\\\/hirek\\\/wp-content\\\/uploads\\\/2022\\\/06\\\/selective-focus-shot-yellow-taxi-sign-traffic-jam.jpg\",\"width\":1920,\"height\":1280,\"caption\":\"A selective focus shot of a yellow taxi sign in a traffic jam\"},\"datePublished\":\"2022-06-03T09:14:39+02:00\",\"dateModified\":\"2022-06-03T09:14:39+02:00\",\"inLanguage\":\"hu-HU\",\"mainEntityOfPage\":{\"@id\":\"https:\\\/\\\/allasorias.hu\\\/hirek\\\/mi-lesz-a-budapesti-taxisokkal\\\/#webpage\"},\"isPartOf\":{\"@id\":\"https:\\\/\\\/allasorias.hu\\\/hirek\\\/mi-lesz-a-budapesti-taxisokkal\\\/#webpage\"},\"articleSection\":\"Munkaer\\u0151piac\"},{\"@type\":\"BreadcrumbList\",\"@id\":\"https:\\\/\\\/allasorias.hu\\\/hirek\\\/mi-lesz-a-budapesti-taxisokkal\\\/#breadcrumblist\",\"itemListElement\":[{\"@type\":\"ListItem\",\"@id\":\"https:\\\/\\\/allasorias.hu\\\/hirek#listItem\",\"position\":1,\"name\":\"Home\",\"item\":\"https:\\\/\\\/allasorias.hu\\\/hirek\",\"nextItem\":{\"@type\":\"ListItem\",\"@id\":\"https:\\\/\\\/allasorias.hu\\\/hirek\\\/temak\\\/munkaeropiac\\\/#listItem\",\"name\":\"Munkaer\\u0151piac\"}},{\"@type\":\"ListItem\",\"@id\":\"https:\\\/\\\/allasorias.hu\\\/hirek\\\/temak\\\/munkaeropiac\\\/#listItem\",\"position\":2,\"name\":\"Munkaer\\u0151piac\",\"item\":\"https:\\\/\\\/allasorias.hu\\\/hirek\\\/temak\\\/munkaeropiac\\\/\",\"nextItem\":{\"@type\":\"ListItem\",\"@id\":\"https:\\\/\\\/allasorias.hu\\\/hirek\\\/mi-lesz-a-budapesti-taxisokkal\\\/#listItem\",\"name\":\"Mi lesz a budapesti taxisokkal ?\"},\"previousItem\":{\"@type\":\"ListItem\",\"@id\":\"https:\\\/\\\/allasorias.hu\\\/hirek#listItem\",\"name\":\"Home\"}},{\"@type\":\"ListItem\",\"@id\":\"https:\\\/\\\/allasorias.hu\\\/hirek\\\/mi-lesz-a-budapesti-taxisokkal\\\/#listItem\",\"position\":3,\"name\":\"Mi lesz a budapesti taxisokkal ?\",\"previousItem\":{\"@type\":\"ListItem\",\"@id\":\"https:\\\/\\\/allasorias.hu\\\/hirek\\\/temak\\\/munkaeropiac\\\/#listItem\",\"name\":\"Munkaer\\u0151piac\"}}]},{\"@type\":\"Organization\",\"@id\":\"https:\\\/\\\/allasorias.hu\\\/hirek\\\/#organization\",\"name\":\"AllasOrias.hu | H\\u00edrek-lapszemle\",\"description\":\"\\u00dczleti h\\u00edrek az \\u00e1ll\\u00e1s \\u00e9s a munka vil\\u00e1g\\u00e1b\\u00f3l\",\"url\":\"https:\\\/\\\/allasorias.hu\\\/hirek\\\/\",\"logo\":{\"@type\":\"ImageObject\",\"url\":\"https:\\\/\\\/allasorias.hu\\\/hirek\\\/wp-content\\\/uploads\\\/2022\\\/10\\\/allasorias_site_facebok_logo.png\",\"@id\":\"https:\\\/\\\/allasorias.hu\\\/hirek\\\/mi-lesz-a-budapesti-taxisokkal\\\/#organizationLogo\"},\"image\":{\"@id\":\"https:\\\/\\\/allasorias.hu\\\/hirek\\\/mi-lesz-a-budapesti-taxisokkal\\\/#organizationLogo\"},\"sameAs\":[\"https:\\\/\\\/www.facebook.com\\\/allasorias\",\"https:\\\/\\\/www.linkedin.com\\\/company\\\/allasorias\"]},{\"@type\":\"Person\",\"@id\":\"https:\\\/\\\/allasorias.hu\\\/hirek\\\/author\\\/admin-allasorias\\\/#author\",\"url\":\"https:\\\/\\\/allasorias.hu\\\/hirek\\\/author\\\/admin-allasorias\\\/\",\"name\":\"Juh\\u00e1sz P\\u00e9ter\",\"image\":{\"@type\":\"ImageObject\",\"@id\":\"https:\\\/\\\/allasorias.hu\\\/hirek\\\/mi-lesz-a-budapesti-taxisokkal\\\/#authorImage\",\"url\":\"https:\\\/\\\/secure.gravatar.com\\\/avatar\\\/36e6bcb83148978b992977cb0f54d22feb0cce8a0a849a9410532bb2623ba4c6?s=96&d=mm&r=g\",\"width\":96,\"height\":96,\"caption\":\"Juh\\u00e1sz P\\u00e9ter\"}},{\"@type\":\"WebPage\",\"@id\":\"https:\\\/\\\/allasorias.hu\\\/hirek\\\/mi-lesz-a-budapesti-taxisokkal\\\/#webpage\",\"url\":\"https:\\\/\\\/allasorias.hu\\\/hirek\\\/mi-lesz-a-budapesti-taxisokkal\\\/\",\"name\":\"Mi lesz a budapesti taxisokkal ? | AllasOrias.hu | H\\u00edrek-lapszemle\",\"description\":\"A BKIK azt k\\u00f6z\\u00f6lte az MTI-vel, hogy kezdem\\u00e9nyezte a f\\u0151v\\u00e1rosi rendelet taxisokat \\u00e9rint\\u0151 tervezett m\\u00f3dos\\u00edt\\u00e1s\\u00e1nak fel\\u00fclvizsg\\u00e1lat\\u00e1t. A taxisok fele elt\\u0171nhet az utc\\u00e1kr\\u00f3l szmogriad\\u00f3 eset\\u00e9n a Budapesti Kereskedelmi \\u00e9s Iparkamara (BKIK) szerint, ha a szmogriad\\u00f3-rendeletet a jelenleg beterjesztett form\\u00e1j\\u00e1ban fogadj\\u00e1k el. A kamara Kiss Ambrus f\\u0151polg\\u00e1rmester-helyettesnek \\u00e9s a f\\u0151v\\u00e1rosi \\u00f6nkorm\\u00e1nyzatnak eljuttatott \\u00e1ll\\u00e1sfoglal\\u00e1sa szerint a tervezet k\\u00f6rnyezeti\",\"inLanguage\":\"hu-HU\",\"isPartOf\":{\"@id\":\"https:\\\/\\\/allasorias.hu\\\/hirek\\\/#website\"},\"breadcrumb\":{\"@id\":\"https:\\\/\\\/allasorias.hu\\\/hirek\\\/mi-lesz-a-budapesti-taxisokkal\\\/#breadcrumblist\"},\"author\":{\"@id\":\"https:\\\/\\\/allasorias.hu\\\/hirek\\\/author\\\/admin-allasorias\\\/#author\"},\"creator\":{\"@id\":\"https:\\\/\\\/allasorias.hu\\\/hirek\\\/author\\\/admin-allasorias\\\/#author\"},\"image\":{\"@type\":\"ImageObject\",\"url\":\"https:\\\/\\\/allasorias.hu\\\/hirek\\\/wp-content\\\/uploads\\\/2022\\\/06\\\/selective-focus-shot-yellow-taxi-sign-traffic-jam.jpg\",\"@id\":\"https:\\\/\\\/allasorias.hu\\\/hirek\\\/mi-lesz-a-budapesti-taxisokkal\\\/#mainImage\",\"width\":1920,\"height\":1280,\"caption\":\"A selective focus shot of a yellow taxi sign in a traffic jam\"},\"primaryImageOfPage\":{\"@id\":\"https:\\\/\\\/allasorias.hu\\\/hirek\\\/mi-lesz-a-budapesti-taxisokkal\\\/#mainImage\"},\"datePublished\":\"2022-06-03T09:14:39+02:00\",\"dateModified\":\"2022-06-03T09:14:39+02:00\"},{\"@type\":\"WebSite\",\"@id\":\"https:\\\/\\\/allasorias.hu\\\/hirek\\\/#website\",\"url\":\"https:\\\/\\\/allasorias.hu\\\/hirek\\\/\",\"name\":\"AllasOrias.hu | H\\u00edrek-lapszemle\",\"description\":\"\\u00dczleti h\\u00edrek az \\u00e1ll\\u00e1s \\u00e9s a munka vil\\u00e1g\\u00e1b\\u00f3l\",\"inLanguage\":\"hu-HU\",\"publisher\":{\"@id\":\"https:\\\/\\\/allasorias.hu\\\/hirek\\\/#organization\"}}]}\n\t\t<\/script>\n\t\t<!-- All in One SEO -->\n\n","aioseo_head_json":{"title":"Mi lesz a budapesti taxisokkal ? | AllasOrias.hu | H\u00edrek-lapszemle","description":"A BKIK azt k\u00f6z\u00f6lte az MTI-vel, hogy kezdem\u00e9nyezte a f\u0151v\u00e1rosi rendelet taxisokat \u00e9rint\u0151 tervezett m\u00f3dos\u00edt\u00e1s\u00e1nak fel\u00fclvizsg\u00e1lat\u00e1t. A taxisok fele elt\u0171nhet az utc\u00e1kr\u00f3l szmogriad\u00f3 eset\u00e9n a Budapesti Kereskedelmi \u00e9s Iparkamara (BKIK) szerint, ha a szmogriad\u00f3-rendeletet a jelenleg beterjesztett form\u00e1j\u00e1ban fogadj\u00e1k el. A kamara Kiss Ambrus f\u0151polg\u00e1rmester-helyettesnek \u00e9s a f\u0151v\u00e1rosi \u00f6nkorm\u00e1nyzatnak eljuttatott \u00e1ll\u00e1sfoglal\u00e1sa szerint a tervezet k\u00f6rnyezeti","canonical_url":"https:\/\/allasorias.hu\/hirek\/mi-lesz-a-budapesti-taxisokkal\/","robots":"max-image-preview:large","keywords":"","webmasterTools":{"miscellaneous":""},"schema":{"@context":"https:\/\/schema.org","@graph":[{"@type":"Article","@id":"https:\/\/allasorias.hu\/hirek\/mi-lesz-a-budapesti-taxisokkal\/#article","name":"Mi lesz a budapesti taxisokkal ? | AllasOrias.hu | H\u00edrek-lapszemle","headline":"Mi lesz a budapesti taxisokkal ?","author":{"@id":"https:\/\/allasorias.hu\/hirek\/author\/admin-allasorias\/#author"},"publisher":{"@id":"https:\/\/allasorias.hu\/hirek\/#organization"},"image":{"@type":"ImageObject","url":"https:\/\/allasorias.hu\/hirek\/wp-content\/uploads\/2022\/06\/selective-focus-shot-yellow-taxi-sign-traffic-jam.jpg","width":1920,"height":1280,"caption":"A selective focus shot of a yellow taxi sign in a traffic jam"},"datePublished":"2022-06-03T09:14:39+02:00","dateModified":"2022-06-03T09:14:39+02:00","inLanguage":"hu-HU","mainEntityOfPage":{"@id":"https:\/\/allasorias.hu\/hirek\/mi-lesz-a-budapesti-taxisokkal\/#webpage"},"isPartOf":{"@id":"https:\/\/allasorias.hu\/hirek\/mi-lesz-a-budapesti-taxisokkal\/#webpage"},"articleSection":"Munkaer\u0151piac"},{"@type":"BreadcrumbList","@id":"https:\/\/allasorias.hu\/hirek\/mi-lesz-a-budapesti-taxisokkal\/#breadcrumblist","itemListElement":[{"@type":"ListItem","@id":"https:\/\/allasorias.hu\/hirek#listItem","position":1,"name":"Home","item":"https:\/\/allasorias.hu\/hirek","nextItem":{"@type":"ListItem","@id":"https:\/\/allasorias.hu\/hirek\/temak\/munkaeropiac\/#listItem","name":"Munkaer\u0151piac"}},{"@type":"ListItem","@id":"https:\/\/allasorias.hu\/hirek\/temak\/munkaeropiac\/#listItem","position":2,"name":"Munkaer\u0151piac","item":"https:\/\/allasorias.hu\/hirek\/temak\/munkaeropiac\/","nextItem":{"@type":"ListItem","@id":"https:\/\/allasorias.hu\/hirek\/mi-lesz-a-budapesti-taxisokkal\/#listItem","name":"Mi lesz a budapesti taxisokkal ?"},"previousItem":{"@type":"ListItem","@id":"https:\/\/allasorias.hu\/hirek#listItem","name":"Home"}},{"@type":"ListItem","@id":"https:\/\/allasorias.hu\/hirek\/mi-lesz-a-budapesti-taxisokkal\/#listItem","position":3,"name":"Mi lesz a budapesti taxisokkal ?","previousItem":{"@type":"ListItem","@id":"https:\/\/allasorias.hu\/hirek\/temak\/munkaeropiac\/#listItem","name":"Munkaer\u0151piac"}}]},{"@type":"Organization","@id":"https:\/\/allasorias.hu\/hirek\/#organization","name":"AllasOrias.hu | H\u00edrek-lapszemle","description":"\u00dczleti h\u00edrek az \u00e1ll\u00e1s \u00e9s a munka vil\u00e1g\u00e1b\u00f3l","url":"https:\/\/allasorias.hu\/hirek\/","logo":{"@type":"ImageObject","url":"https:\/\/allasorias.hu\/hirek\/wp-content\/uploads\/2022\/10\/allasorias_site_facebok_logo.png","@id":"https:\/\/allasorias.hu\/hirek\/mi-lesz-a-budapesti-taxisokkal\/#organizationLogo"},"image":{"@id":"https:\/\/allasorias.hu\/hirek\/mi-lesz-a-budapesti-taxisokkal\/#organizationLogo"},"sameAs":["https:\/\/www.facebook.com\/allasorias","https:\/\/www.linkedin.com\/company\/allasorias"]},{"@type":"Person","@id":"https:\/\/allasorias.hu\/hirek\/author\/admin-allasorias\/#author","url":"https:\/\/allasorias.hu\/hirek\/author\/admin-allasorias\/","name":"Juh\u00e1sz P\u00e9ter","image":{"@type":"ImageObject","@id":"https:\/\/allasorias.hu\/hirek\/mi-lesz-a-budapesti-taxisokkal\/#authorImage","url":"https:\/\/secure.gravatar.com\/avatar\/36e6bcb83148978b992977cb0f54d22feb0cce8a0a849a9410532bb2623ba4c6?s=96&d=mm&r=g","width":96,"height":96,"caption":"Juh\u00e1sz P\u00e9ter"}},{"@type":"WebPage","@id":"https:\/\/allasorias.hu\/hirek\/mi-lesz-a-budapesti-taxisokkal\/#webpage","url":"https:\/\/allasorias.hu\/hirek\/mi-lesz-a-budapesti-taxisokkal\/","name":"Mi lesz a budapesti taxisokkal ? | AllasOrias.hu | H\u00edrek-lapszemle","description":"A BKIK azt k\u00f6z\u00f6lte az MTI-vel, hogy kezdem\u00e9nyezte a f\u0151v\u00e1rosi rendelet taxisokat \u00e9rint\u0151 tervezett m\u00f3dos\u00edt\u00e1s\u00e1nak fel\u00fclvizsg\u00e1lat\u00e1t. A taxisok fele elt\u0171nhet az utc\u00e1kr\u00f3l szmogriad\u00f3 eset\u00e9n a Budapesti Kereskedelmi \u00e9s Iparkamara (BKIK) szerint, ha a szmogriad\u00f3-rendeletet a jelenleg beterjesztett form\u00e1j\u00e1ban fogadj\u00e1k el. A kamara Kiss Ambrus f\u0151polg\u00e1rmester-helyettesnek \u00e9s a f\u0151v\u00e1rosi \u00f6nkorm\u00e1nyzatnak eljuttatott \u00e1ll\u00e1sfoglal\u00e1sa szerint a tervezet k\u00f6rnyezeti","inLanguage":"hu-HU","isPartOf":{"@id":"https:\/\/allasorias.hu\/hirek\/#website"},"breadcrumb":{"@id":"https:\/\/allasorias.hu\/hirek\/mi-lesz-a-budapesti-taxisokkal\/#breadcrumblist"},"author":{"@id":"https:\/\/allasorias.hu\/hirek\/author\/admin-allasorias\/#author"},"creator":{"@id":"https:\/\/allasorias.hu\/hirek\/author\/admin-allasorias\/#author"},"image":{"@type":"ImageObject","url":"https:\/\/allasorias.hu\/hirek\/wp-content\/uploads\/2022\/06\/selective-focus-shot-yellow-taxi-sign-traffic-jam.jpg","@id":"https:\/\/allasorias.hu\/hirek\/mi-lesz-a-budapesti-taxisokkal\/#mainImage","width":1920,"height":1280,"caption":"A selective focus shot of a yellow taxi sign in a traffic jam"},"primaryImageOfPage":{"@id":"https:\/\/allasorias.hu\/hirek\/mi-lesz-a-budapesti-taxisokkal\/#mainImage"},"datePublished":"2022-06-03T09:14:39+02:00","dateModified":"2022-06-03T09:14:39+02:00"},{"@type":"WebSite","@id":"https:\/\/allasorias.hu\/hirek\/#website","url":"https:\/\/allasorias.hu\/hirek\/","name":"AllasOrias.hu | H\u00edrek-lapszemle","description":"\u00dczleti h\u00edrek az \u00e1ll\u00e1s \u00e9s a munka vil\u00e1g\u00e1b\u00f3l","inLanguage":"hu-HU","publisher":{"@id":"https:\/\/allasorias.hu\/hirek\/#organization"}}]},"og:locale":"hu_HU","og:site_name":"AllasOrias.hu | H\u00edrek-lapszemle | \u00dczleti h\u00edrek az \u00e1ll\u00e1s \u00e9s a munka vil\u00e1g\u00e1b\u00f3l","og:type":"article","og:title":"Mi lesz a budapesti taxisokkal ? | AllasOrias.hu | H\u00edrek-lapszemle","og:description":"A BKIK azt k\u00f6z\u00f6lte az MTI-vel, hogy kezdem\u00e9nyezte a f\u0151v\u00e1rosi rendelet taxisokat \u00e9rint\u0151 tervezett m\u00f3dos\u00edt\u00e1s\u00e1nak fel\u00fclvizsg\u00e1lat\u00e1t. A taxisok fele elt\u0171nhet az utc\u00e1kr\u00f3l szmogriad\u00f3 eset\u00e9n a Budapesti Kereskedelmi \u00e9s Iparkamara (BKIK) szerint, ha a szmogriad\u00f3-rendeletet a jelenleg beterjesztett form\u00e1j\u00e1ban fogadj\u00e1k el. A kamara Kiss Ambrus f\u0151polg\u00e1rmester-helyettesnek \u00e9s a f\u0151v\u00e1rosi \u00f6nkorm\u00e1nyzatnak eljuttatott \u00e1ll\u00e1sfoglal\u00e1sa szerint a tervezet k\u00f6rnyezeti","og:url":"https:\/\/allasorias.hu\/hirek\/mi-lesz-a-budapesti-taxisokkal\/","og:image":"https:\/\/allasorias.hu\/hirek\/wp-content\/uploads\/2022\/06\/selective-focus-shot-yellow-taxi-sign-traffic-jam.jpg","og:image:secure_url":"https:\/\/allasorias.hu\/hirek\/wp-content\/uploads\/2022\/06\/selective-focus-shot-yellow-taxi-sign-traffic-jam.jpg","og:image:width":1920,"og:image:height":1280,"article:published_time":"2022-06-03T09:14:39+00:00","article:modified_time":"2022-06-03T09:14:39+00:00","article:publisher":"https:\/\/www.facebook.com\/allasorias","twitter:card":"summary_large_image","twitter:title":"Mi lesz a budapesti taxisokkal ? | AllasOrias.hu | H\u00edrek-lapszemle","twitter:description":"A BKIK azt k\u00f6z\u00f6lte az MTI-vel, hogy kezdem\u00e9nyezte a f\u0151v\u00e1rosi rendelet taxisokat \u00e9rint\u0151 tervezett m\u00f3dos\u00edt\u00e1s\u00e1nak fel\u00fclvizsg\u00e1lat\u00e1t. A taxisok fele elt\u0171nhet az utc\u00e1kr\u00f3l szmogriad\u00f3 eset\u00e9n a Budapesti Kereskedelmi \u00e9s Iparkamara (BKIK) szerint, ha a szmogriad\u00f3-rendeletet a jelenleg beterjesztett form\u00e1j\u00e1ban fogadj\u00e1k el. A kamara Kiss Ambrus f\u0151polg\u00e1rmester-helyettesnek \u00e9s a f\u0151v\u00e1rosi \u00f6nkorm\u00e1nyzatnak eljuttatott \u00e1ll\u00e1sfoglal\u00e1sa szerint a tervezet k\u00f6rnyezeti","twitter:image":"https:\/\/allasorias.hu\/hirek\/wp-content\/uploads\/2022\/06\/selective-focus-shot-yellow-taxi-sign-traffic-jam.jpg","twitter:label1":"Written by","twitter:data1":"Juh\u00e1sz P\u00e9ter","twitter:label2":"Est. reading time","twitter:data2":"1 minute"},"aioseo_meta_data":{"post_id":"5603","title":null,"description":null,"keywords":[],"keyphrases":{"focus":{"keyphrase":"","score":0,"analysis":{"keyphraseInTitle":{"score":0,"maxScore":9,"error":1}}},"additional":[]},"primary_term":null,"canonical_url":null,"og_title":null,"og_description":null,"og_object_type":"default","og_image_type":"default","og_image_url":null,"og_image_width":null,"og_image_height":null,"og_image_custom_url":null,"og_image_custom_fields":null,"og_video":"","og_custom_url":null,"og_article_section":null,"og_article_tags":[],"twitter_use_og":false,"twitter_card":"default","twitter_image_type":"default","twitter_image_url":null,"twitter_image_custom_url":null,"twitter_image_custom_fields":null,"twitter_title":null,"twitter_description":null,"schema":{"blockGraphs":[],"customGraphs":[],"default":{"data":{"Article":[],"Course":[],"Dataset":[],"FAQPage":[],"Movie":[],"Person":[],"Product":[],"ProductReview":[],"Car":[],"Recipe":[],"Service":[],"SoftwareApplication":[],"WebPage":[]},"graphName":"","isEnabled":true},"graphs":[],"defaultGraph":"Article","defaultPostTypeGraph":""},"schema_type":"default","schema_type_options":"{\"article\":{\"articleType\":\"BlogPosting\"},\"course\":{\"name\":\"\",\"description\":\"\",\"provider\":\"\"},\"faq\":{\"pages\":[]},\"product\":{\"reviews\":[]},\"recipe\":{\"ingredients\":[],\"instructions\":[],\"keywords\":[]},\"software\":{\"reviews\":[],\"operatingSystems\":[]},\"webPage\":{\"webPageType\":\"WebPage\"}}","pillar_content":false,"robots_default":true,"robots_noindex":false,"robots_noarchive":false,"robots_nosnippet":false,"robots_nofollow":false,"robots_noimageindex":false,"robots_noodp":false,"robots_notranslate":false,"robots_max_snippet":"-1","robots_max_videopreview":"-1","robots_max_imagepreview":"large","priority":null,"frequency":"default","location":null,"local_seo":null,"breadcrumb_settings":null,"limit_modified_date":false,"ai":null,"created":"2022-06-03 09:12:34","updated":"2025-10-02 16:59:49","seo_analyzer_scan_date":null,"focus_keyword":null,"additional_keywords":null,"truseo_locale":null},"aioseo_breadcrumb":"<div class=\"aioseo-breadcrumbs\"><span class=\"aioseo-breadcrumb\">\n\t\t\t<a href=\"https:\/\/allasorias.hu\/hirek\" title=\"Home\">Home<\/a>\n\t\t<\/span><span class=\"aioseo-breadcrumb-separator\">&raquo;<\/span><span class=\"aioseo-breadcrumb\">\n\t\t\t<a href=\"https:\/\/allasorias.hu\/hirek\/temak\/munkaeropiac\/\" title=\"Munkaer\u0151piac\">Munkaer\u0151piac<\/a>\n\t\t<\/span><span class=\"aioseo-breadcrumb-separator\">&raquo;<\/span><span class=\"aioseo-breadcrumb\">\n\t\t\tMi lesz a budapesti taxisokkal ?\n\t\t<\/span><\/div>","aioseo_breadcrumb_json":[{"label":"Home","link":"https:\/\/allasorias.hu\/hirek"},{"label":"Munkaer\u0151piac","link":"https:\/\/allasorias.hu\/hirek\/temak\/munkaeropiac\/"},{"label":"Mi lesz a budapesti taxisokkal ?","link":"https:\/\/allasorias.hu\/hirek\/mi-lesz-a-budapesti-taxisokkal\/"}],"_links":{"self":[{"href":"https:\/\/allasorias.hu\/hirek\/wp-json\/wp\/v2\/posts\/5603","targetHints":{"allow":["GET"]}}],"collection":[{"href":"https:\/\/allasorias.hu\/hirek\/wp-json\/wp\/v2\/posts"}],"about":[{"href":"https:\/\/allasorias.hu\/hirek\/wp-json\/wp\/v2\/types\/post"}],"author":[{"embeddable":true,"href":"https:\/\/allasorias.hu\/hirek\/wp-json\/wp\/v2\/users\/1"}],"replies":[{"embeddable":true,"href":"https:\/\/allasorias.hu\/hirek\/wp-json\/wp\/v2\/comments?post=5603"}],"version-history":[{"count":1,"href":"https:\/\/allasorias.hu\/hirek\/wp-json\/wp\/v2\/posts\/5603\/revisions"}],"predecessor-version":[{"id":5605,"href":"https:\/\/allasorias.hu\/hirek\/wp-json\/wp\/v2\/posts\/5603\/revisions\/5605"}],"wp:featuredmedia":[{"embeddable":true,"href":"https:\/\/allasorias.hu\/hirek\/wp-json\/wp\/v2\/media\/5604"}],"wp:attachment":[{"href":"https:\/\/allasorias.hu\/hirek\/wp-json\/wp\/v2\/media?parent=5603"}],"wp:term":[{"taxonomy":"category","embeddable":true,"href":"https:\/\/allasorias.hu\/hirek\/wp-json\/wp\/v2\/categories?post=5603"},{"taxonomy":"post_tag","embeddable":true,"href":"https:\/\/allasorias.hu\/hirek\/wp-json\/wp\/v2\/tags?post=5603"}],"curies":[{"name":"wp","href":"https:\/\/api.w.org\/{rel}","templated":true}]}}