{"id":5601,"date":"2022-06-03T09:11:11","date_gmt":"2022-06-03T09:11:11","guid":{"rendered":"https:\/\/allasorias.hu\/hirek\/?p=5601"},"modified":"2022-06-03T09:11:11","modified_gmt":"2022-06-03T09:11:11","slug":"megkonnyitettek-a-kulfoldiek-munkavallalasat","status":"publish","type":"post","link":"https:\/\/allasorias.hu\/hirek\/megkonnyitettek-a-kulfoldiek-munkavallalasat\/","title":{"rendered":"Megk\u00f6nny\u00edtett\u00e9k a k\u00fclf\u00f6ldiek munkav\u00e1llal\u00e1s\u00e1t"},"content":{"rendered":"<p><strong>A korm\u00e1ny egy t\u00f6rv\u00e9nym\u00f3dos\u00edt\u00e1ssal tov\u00e1bbi 9 orsz\u00e1g \u00e1llampolg\u00e1rainak k\u00f6nny\u00edtette meg a magyarorsz\u00e1gi munkav\u00e1llal\u00e1st. El\u0151sz\u00f6r csak Ukrajn\u00e1b\u00f3l \u00e9s Szerbi\u00e1b\u00f3l lehetett behozni munkav\u00e1llal\u00f3kat, a f\u0151k\u00e9nt a feldolgoz\u00f3iparban tapasztalhat\u00f3 jelent\u0151s hazai munkaer\u0151hi\u00e1ny miatt. Az \u00e9rt\u00e9kes munkaer\u0151t m\u00e1r az elm\u00falt \u00e9vekben is egyre t\u00e1volabb kellett keresni\u00fck a hazai toborz\u00f3 c\u00e9geknek, ez a tendencia pedig 2022-re m\u00e9g ink\u00e1bb fokoz\u00f3dni l\u00e1tszik. <\/strong><\/p>\n<p>Olyannyira, hogy jelenleg m\u00e1r eg\u00e9szen a F\u00fcl\u00f6p-szigetekig mennek a magyar munkaer\u0151-k\u00f6lcs\u00f6nz\u0151k a potenci\u00e1lis munkav\u00e1llal\u00f3k\u00e9rt. De mi\u00e9rt pont a F\u00fcl\u00f6p-szigetek ny\u00fajthat megold\u00e1st a magyar gazdas\u00e1g szorult helyzet\u00e9re? \u2013 \u201e\u00c1zsi\u00e1b\u00f3l m\u00e1r kor\u00e1bban is jelent\u0151s sz\u00e1m\u00fa munkaer\u0151 \u00e9rkezett haz\u00e1nkba, csak \u00e9ppen nem szervezett keretek k\u00f6z\u00f6tt, hanem \u00f6n\u00e1ll\u00f3an. Az egy\u00e9nileg beutazott munkav\u00e1llal\u00f3 azonban sz\u00e1mos olyan vissza\u00e9l\u00e9snek van kit\u00e9ve, amit a munkaer\u0151-k\u00f6lcs\u00f6nz\u00e9s szigor\u00fa jogi keretek k\u00f6zt zajl\u00f3 gyakorlata kiz\u00e1r.\u201d \u2013 v\u00e1zolta fel a k\u00fclf\u00f6ldi munkaer\u0151 toborz\u00e1s\u00e1val kapcsolatos neh\u00e9zs\u00e9geket Mih\u00e1lyi Magdolna a Jobtain HR szolg\u00e1ltat\u00f3 \u00fcgyvezet\u0151je. A h\u00e1bor\u00fas helyzet miatt a munkaer\u0151-k\u00f6lcs\u00f6nz\u0151 c\u00e9geknek \u00fajra kell gondolniuk a toborz\u00e1s eddigi gyakorlat\u00e1t. A t\u00f6bb ipar\u00e1gban is egyre nagyobb m\u00e9rt\u00e9kben jelentkez\u0151 munkaer\u0151hi\u00e1ny miatt jelent\u0151s kih\u00edv\u00e1ssal kell szemben\u00e9znie a magyar gazdas\u00e1gnak, ezzel egy\u00fctt pedig a hazai munkaer\u0151-k\u00f6lcs\u00f6nz\u0151 c\u00e9geknek is. A feldolgoz\u00f3ipar mellett ma m\u00e1r a mez\u0151gazdas\u00e1g, az elektronikai ipar \u00e9s az \u00e9p\u00edt\u0151ipar m\u0171k\u00f6dtet\u00e9se is elk\u00e9pzelhetetlen lenne a k\u00fclf\u00f6ldi munkaer\u0151 t\u00f6meges alkalmaz\u00e1sa n\u00e9lk\u00fcl. Ezt a helyzetet s\u00falyosb\u00edtja, hogy 2022-ben hirtelen nagy lend\u00fcletet kaptak olyan ipar\u00e1gak is, amelyek eddig a j\u00e1rv\u00e1nyhelyzet miatt teljesen le\u00e1lltak, vagy csak r\u00e9szlegesen \u00fczemeltek. A termel\u0151 c\u00e9gek mellett \u00edgy m\u00e1ra a turizmusban, vend\u00e9gl\u00e1t\u00e1sban \u00e9s sz\u00e1llodaiparban is sz\u00e1mottev\u0151 a munkaer\u0151hi\u00e1ny m\u00e9rt\u00e9ke, ami a ny\u00e1ri szezon beindul\u00e1s\u00e1val m\u00e9g ink\u00e1bb fokoz\u00f3dni l\u00e1tszik. A haz\u00e1nkban m\u0171k\u00f6d\u0151 v\u00e1llalatok l\u00e9tsz\u00e1mhi\u00e1ny\u00e1t az elm\u00falt \u00e9vekben a szomsz\u00e9dos orsz\u00e1gokb\u00f3l behozott munkaer\u0151vel igyekeztek felt\u00f6lteni a hazai munkaer\u0151-k\u00f6lcs\u00f6nz\u0151 c\u00e9gek, az ukr\u00e1n-orosz konfliktus miatt azonban most \u00fajra kell gondolniuk a toborz\u00e1s eddigi gyakorlat\u00e1t.<\/p>\n<p>Forr\u00e1s: piacesprofit.hu<\/p>\n","protected":false},"excerpt":{"rendered":"<p>A korm\u00e1ny egy t\u00f6rv\u00e9nym\u00f3dos\u00edt\u00e1ssal tov\u00e1bbi 9 orsz\u00e1g \u00e1llampolg\u00e1rainak k\u00f6nny\u00edtette meg a magyarorsz\u00e1gi munkav\u00e1llal\u00e1st. El\u0151sz\u00f6r csak Ukrajn\u00e1b\u00f3l \u00e9s Szerbi\u00e1b\u00f3l lehetett behozni munkav\u00e1llal\u00f3kat, a f\u0151k\u00e9nt a feldolgoz\u00f3iparban tapasztalhat\u00f3 jelent\u0151s hazai munkaer\u0151hi\u00e1ny miatt. Az \u00e9rt\u00e9kes munkaer\u0151t m\u00e1r az elm\u00falt \u00e9vekben is egyre t\u00e1volabb kellett keresni\u00fck a hazai toborz\u00f3 c\u00e9geknek, ez a tendencia pedig 2022-re m\u00e9g ink\u00e1bb fokoz\u00f3dni l\u00e1tszik. [&hellip;]<\/p>\n","protected":false},"author":1,"featured_media":4057,"comment_status":"open","ping_status":"open","sticky":false,"template":"","format":"standard","meta":{"_monsterinsights_skip_tracking":false,"footnotes":""},"categories":[201,200],"tags":[],"class_list":["post-5601","post","type-post","status-publish","format-standard","has-post-thumbnail","hentry","category-kulfold","category-munkaeropiac"],"aioseo_notices":[],"aioseo_head":"\n\t\t<!-- All in One SEO 5.0.0.1 - aioseo.com -->\n\t<meta name=\"description\" content=\"A korm\u00e1ny egy t\u00f6rv\u00e9nym\u00f3dos\u00edt\u00e1ssal tov\u00e1bbi 9 orsz\u00e1g \u00e1llampolg\u00e1rainak k\u00f6nny\u00edtette meg a magyarorsz\u00e1gi munkav\u00e1llal\u00e1st. El\u0151sz\u00f6r csak Ukrajn\u00e1b\u00f3l \u00e9s Szerbi\u00e1b\u00f3l lehetett behozni munkav\u00e1llal\u00f3kat, a f\u0151k\u00e9nt a feldolgoz\u00f3iparban tapasztalhat\u00f3 jelent\u0151s hazai munkaer\u0151hi\u00e1ny miatt. Az \u00e9rt\u00e9kes munkaer\u0151t m\u00e1r az elm\u00falt \u00e9vekben is egyre t\u00e1volabb kellett keresni\u00fck a hazai toborz\u00f3 c\u00e9geknek, ez a tendencia pedig 2022-re m\u00e9g ink\u00e1bb fokoz\u00f3dni l\u00e1tszik.\" \/>\n\t<meta name=\"robots\" content=\"max-image-preview:large\" \/>\n\t<meta name=\"author\" content=\"Juh\u00e1sz P\u00e9ter\"\/>\n\t<link rel=\"canonical\" href=\"https:\/\/allasorias.hu\/hirek\/megkonnyitettek-a-kulfoldiek-munkavallalasat\/\" \/>\n\t<meta name=\"generator\" content=\"All in One SEO (AIOSEO) 5.0.0.1\" \/>\n\t\t<meta property=\"og:locale\" content=\"hu_HU\" \/>\n\t\t<meta property=\"og:site_name\" content=\"AllasOrias.hu | H\u00edrek-lapszemle | \u00dczleti h\u00edrek az \u00e1ll\u00e1s \u00e9s a munka vil\u00e1g\u00e1b\u00f3l\" \/>\n\t\t<meta property=\"og:type\" content=\"article\" \/>\n\t\t<meta property=\"og:title\" content=\"Megk\u00f6nny\u00edtett\u00e9k a k\u00fclf\u00f6ldiek munkav\u00e1llal\u00e1s\u00e1t | AllasOrias.hu | H\u00edrek-lapszemle\" \/>\n\t\t<meta property=\"og:description\" content=\"A korm\u00e1ny egy t\u00f6rv\u00e9nym\u00f3dos\u00edt\u00e1ssal tov\u00e1bbi 9 orsz\u00e1g \u00e1llampolg\u00e1rainak k\u00f6nny\u00edtette meg a magyarorsz\u00e1gi munkav\u00e1llal\u00e1st. El\u0151sz\u00f6r csak Ukrajn\u00e1b\u00f3l \u00e9s Szerbi\u00e1b\u00f3l lehetett behozni munkav\u00e1llal\u00f3kat, a f\u0151k\u00e9nt a feldolgoz\u00f3iparban tapasztalhat\u00f3 jelent\u0151s hazai munkaer\u0151hi\u00e1ny miatt. Az \u00e9rt\u00e9kes munkaer\u0151t m\u00e1r az elm\u00falt \u00e9vekben is egyre t\u00e1volabb kellett keresni\u00fck a hazai toborz\u00f3 c\u00e9geknek, ez a tendencia pedig 2022-re m\u00e9g ink\u00e1bb fokoz\u00f3dni l\u00e1tszik.\" \/>\n\t\t<meta property=\"og:url\" content=\"https:\/\/allasorias.hu\/hirek\/megkonnyitettek-a-kulfoldiek-munkavallalasat\/\" \/>\n\t\t<meta property=\"og:image\" content=\"https:\/\/allasorias.hu\/hirek\/wp-content\/uploads\/2020\/06\/5401.jpg\" \/>\n\t\t<meta property=\"og:image:secure_url\" content=\"https:\/\/allasorias.hu\/hirek\/wp-content\/uploads\/2020\/06\/5401.jpg\" \/>\n\t\t<meta property=\"og:image:width\" content=\"800\" \/>\n\t\t<meta property=\"og:image:height\" content=\"446\" \/>\n\t\t<meta property=\"article:published_time\" content=\"2022-06-03T09:11:11+00:00\" \/>\n\t\t<meta property=\"article:modified_time\" content=\"2022-06-03T09:11:11+00:00\" \/>\n\t\t<meta property=\"article:publisher\" content=\"https:\/\/www.facebook.com\/allasorias\" \/>\n\t\t<meta name=\"twitter:card\" content=\"summary_large_image\" \/>\n\t\t<meta name=\"twitter:title\" content=\"Megk\u00f6nny\u00edtett\u00e9k a k\u00fclf\u00f6ldiek munkav\u00e1llal\u00e1s\u00e1t | AllasOrias.hu | H\u00edrek-lapszemle\" \/>\n\t\t<meta name=\"twitter:description\" content=\"A korm\u00e1ny egy t\u00f6rv\u00e9nym\u00f3dos\u00edt\u00e1ssal tov\u00e1bbi 9 orsz\u00e1g \u00e1llampolg\u00e1rainak k\u00f6nny\u00edtette meg a magyarorsz\u00e1gi munkav\u00e1llal\u00e1st. El\u0151sz\u00f6r csak Ukrajn\u00e1b\u00f3l \u00e9s Szerbi\u00e1b\u00f3l lehetett behozni munkav\u00e1llal\u00f3kat, a f\u0151k\u00e9nt a feldolgoz\u00f3iparban tapasztalhat\u00f3 jelent\u0151s hazai munkaer\u0151hi\u00e1ny miatt. Az \u00e9rt\u00e9kes munkaer\u0151t m\u00e1r az elm\u00falt \u00e9vekben is egyre t\u00e1volabb kellett keresni\u00fck a hazai toborz\u00f3 c\u00e9geknek, ez a tendencia pedig 2022-re m\u00e9g ink\u00e1bb fokoz\u00f3dni l\u00e1tszik.\" \/>\n\t\t<meta name=\"twitter:image\" content=\"https:\/\/allasorias.hu\/hirek\/wp-content\/uploads\/2020\/06\/5401.jpg\" \/>\n\t\t<meta name=\"twitter:label1\" content=\"Written by\" \/>\n\t\t<meta name=\"twitter:data1\" content=\"Juh\u00e1sz P\u00e9ter\" \/>\n\t\t<meta name=\"twitter:label2\" content=\"Est. reading time\" \/>\n\t\t<meta name=\"twitter:data2\" content=\"2 minutes\" \/>\n\t\t<script type=\"application\/ld+json\" class=\"aioseo-schema\">\n\t\t\t{\"@context\":\"https:\\\/\\\/schema.org\",\"@graph\":[{\"@type\":\"Article\",\"@id\":\"https:\\\/\\\/allasorias.hu\\\/hirek\\\/megkonnyitettek-a-kulfoldiek-munkavallalasat\\\/#article\",\"name\":\"Megk\\u00f6nny\\u00edtett\\u00e9k a k\\u00fclf\\u00f6ldiek munkav\\u00e1llal\\u00e1s\\u00e1t | AllasOrias.hu | H\\u00edrek-lapszemle\",\"headline\":\"Megk\\u00f6nny\\u00edtett\\u00e9k a k\\u00fclf\\u00f6ldiek munkav\\u00e1llal\\u00e1s\\u00e1t\",\"author\":{\"@id\":\"https:\\\/\\\/allasorias.hu\\\/hirek\\\/author\\\/admin-allasorias\\\/#author\"},\"publisher\":{\"@id\":\"https:\\\/\\\/allasorias.hu\\\/hirek\\\/#organization\"},\"image\":{\"@type\":\"ImageObject\",\"url\":\"https:\\\/\\\/allasorias.hu\\\/hirek\\\/wp-content\\\/uploads\\\/2020\\\/06\\\/5401.jpg\",\"width\":800,\"height\":446,\"caption\":\"People network and global communication concept. Business people with modern graphic interface of community linking many people around world by social media platform to connect international business.\"},\"datePublished\":\"2022-06-03T09:11:11+02:00\",\"dateModified\":\"2022-06-03T09:11:11+02:00\",\"inLanguage\":\"hu-HU\",\"mainEntityOfPage\":{\"@id\":\"https:\\\/\\\/allasorias.hu\\\/hirek\\\/megkonnyitettek-a-kulfoldiek-munkavallalasat\\\/#webpage\"},\"isPartOf\":{\"@id\":\"https:\\\/\\\/allasorias.hu\\\/hirek\\\/megkonnyitettek-a-kulfoldiek-munkavallalasat\\\/#webpage\"},\"articleSection\":\"K\\u00fclf\\u00f6ld, Munkaer\\u0151piac\"},{\"@type\":\"BreadcrumbList\",\"@id\":\"https:\\\/\\\/allasorias.hu\\\/hirek\\\/megkonnyitettek-a-kulfoldiek-munkavallalasat\\\/#breadcrumblist\",\"itemListElement\":[{\"@type\":\"ListItem\",\"@id\":\"https:\\\/\\\/allasorias.hu\\\/hirek#listItem\",\"position\":1,\"name\":\"Home\",\"item\":\"https:\\\/\\\/allasorias.hu\\\/hirek\",\"nextItem\":{\"@type\":\"ListItem\",\"@id\":\"https:\\\/\\\/allasorias.hu\\\/hirek\\\/temak\\\/munkaeropiac\\\/#listItem\",\"name\":\"Munkaer\\u0151piac\"}},{\"@type\":\"ListItem\",\"@id\":\"https:\\\/\\\/allasorias.hu\\\/hirek\\\/temak\\\/munkaeropiac\\\/#listItem\",\"position\":2,\"name\":\"Munkaer\\u0151piac\",\"item\":\"https:\\\/\\\/allasorias.hu\\\/hirek\\\/temak\\\/munkaeropiac\\\/\",\"nextItem\":{\"@type\":\"ListItem\",\"@id\":\"https:\\\/\\\/allasorias.hu\\\/hirek\\\/megkonnyitettek-a-kulfoldiek-munkavallalasat\\\/#listItem\",\"name\":\"Megk\\u00f6nny\\u00edtett\\u00e9k a k\\u00fclf\\u00f6ldiek munkav\\u00e1llal\\u00e1s\\u00e1t\"},\"previousItem\":{\"@type\":\"ListItem\",\"@id\":\"https:\\\/\\\/allasorias.hu\\\/hirek#listItem\",\"name\":\"Home\"}},{\"@type\":\"ListItem\",\"@id\":\"https:\\\/\\\/allasorias.hu\\\/hirek\\\/megkonnyitettek-a-kulfoldiek-munkavallalasat\\\/#listItem\",\"position\":3,\"name\":\"Megk\\u00f6nny\\u00edtett\\u00e9k a k\\u00fclf\\u00f6ldiek munkav\\u00e1llal\\u00e1s\\u00e1t\",\"previousItem\":{\"@type\":\"ListItem\",\"@id\":\"https:\\\/\\\/allasorias.hu\\\/hirek\\\/temak\\\/munkaeropiac\\\/#listItem\",\"name\":\"Munkaer\\u0151piac\"}}]},{\"@type\":\"Organization\",\"@id\":\"https:\\\/\\\/allasorias.hu\\\/hirek\\\/#organization\",\"name\":\"AllasOrias.hu | H\\u00edrek-lapszemle\",\"description\":\"\\u00dczleti h\\u00edrek az \\u00e1ll\\u00e1s \\u00e9s a munka vil\\u00e1g\\u00e1b\\u00f3l\",\"url\":\"https:\\\/\\\/allasorias.hu\\\/hirek\\\/\",\"logo\":{\"@type\":\"ImageObject\",\"url\":\"https:\\\/\\\/allasorias.hu\\\/hirek\\\/wp-content\\\/uploads\\\/2022\\\/10\\\/allasorias_site_facebok_logo.png\",\"@id\":\"https:\\\/\\\/allasorias.hu\\\/hirek\\\/megkonnyitettek-a-kulfoldiek-munkavallalasat\\\/#organizationLogo\"},\"image\":{\"@id\":\"https:\\\/\\\/allasorias.hu\\\/hirek\\\/megkonnyitettek-a-kulfoldiek-munkavallalasat\\\/#organizationLogo\"},\"sameAs\":[\"https:\\\/\\\/www.facebook.com\\\/allasorias\",\"https:\\\/\\\/www.linkedin.com\\\/company\\\/allasorias\"]},{\"@type\":\"Person\",\"@id\":\"https:\\\/\\\/allasorias.hu\\\/hirek\\\/author\\\/admin-allasorias\\\/#author\",\"url\":\"https:\\\/\\\/allasorias.hu\\\/hirek\\\/author\\\/admin-allasorias\\\/\",\"name\":\"Juh\\u00e1sz P\\u00e9ter\",\"image\":{\"@type\":\"ImageObject\",\"@id\":\"https:\\\/\\\/allasorias.hu\\\/hirek\\\/megkonnyitettek-a-kulfoldiek-munkavallalasat\\\/#authorImage\",\"url\":\"https:\\\/\\\/secure.gravatar.com\\\/avatar\\\/36e6bcb83148978b992977cb0f54d22feb0cce8a0a849a9410532bb2623ba4c6?s=96&d=mm&r=g\",\"width\":96,\"height\":96,\"caption\":\"Juh\\u00e1sz P\\u00e9ter\"}},{\"@type\":\"WebPage\",\"@id\":\"https:\\\/\\\/allasorias.hu\\\/hirek\\\/megkonnyitettek-a-kulfoldiek-munkavallalasat\\\/#webpage\",\"url\":\"https:\\\/\\\/allasorias.hu\\\/hirek\\\/megkonnyitettek-a-kulfoldiek-munkavallalasat\\\/\",\"name\":\"Megk\\u00f6nny\\u00edtett\\u00e9k a k\\u00fclf\\u00f6ldiek munkav\\u00e1llal\\u00e1s\\u00e1t | AllasOrias.hu | H\\u00edrek-lapszemle\",\"description\":\"A korm\\u00e1ny egy t\\u00f6rv\\u00e9nym\\u00f3dos\\u00edt\\u00e1ssal tov\\u00e1bbi 9 orsz\\u00e1g \\u00e1llampolg\\u00e1rainak k\\u00f6nny\\u00edtette meg a magyarorsz\\u00e1gi munkav\\u00e1llal\\u00e1st. El\\u0151sz\\u00f6r csak Ukrajn\\u00e1b\\u00f3l \\u00e9s Szerbi\\u00e1b\\u00f3l lehetett behozni munkav\\u00e1llal\\u00f3kat, a f\\u0151k\\u00e9nt a feldolgoz\\u00f3iparban tapasztalhat\\u00f3 jelent\\u0151s hazai munkaer\\u0151hi\\u00e1ny miatt. Az \\u00e9rt\\u00e9kes munkaer\\u0151t m\\u00e1r az elm\\u00falt \\u00e9vekben is egyre t\\u00e1volabb kellett keresni\\u00fck a hazai toborz\\u00f3 c\\u00e9geknek, ez a tendencia pedig 2022-re m\\u00e9g ink\\u00e1bb fokoz\\u00f3dni l\\u00e1tszik.\",\"inLanguage\":\"hu-HU\",\"isPartOf\":{\"@id\":\"https:\\\/\\\/allasorias.hu\\\/hirek\\\/#website\"},\"breadcrumb\":{\"@id\":\"https:\\\/\\\/allasorias.hu\\\/hirek\\\/megkonnyitettek-a-kulfoldiek-munkavallalasat\\\/#breadcrumblist\"},\"author\":{\"@id\":\"https:\\\/\\\/allasorias.hu\\\/hirek\\\/author\\\/admin-allasorias\\\/#author\"},\"creator\":{\"@id\":\"https:\\\/\\\/allasorias.hu\\\/hirek\\\/author\\\/admin-allasorias\\\/#author\"},\"image\":{\"@type\":\"ImageObject\",\"url\":\"https:\\\/\\\/allasorias.hu\\\/hirek\\\/wp-content\\\/uploads\\\/2020\\\/06\\\/5401.jpg\",\"@id\":\"https:\\\/\\\/allasorias.hu\\\/hirek\\\/megkonnyitettek-a-kulfoldiek-munkavallalasat\\\/#mainImage\",\"width\":800,\"height\":446,\"caption\":\"People network and global communication concept. Business people with modern graphic interface of community linking many people around world by social media platform to connect international business.\"},\"primaryImageOfPage\":{\"@id\":\"https:\\\/\\\/allasorias.hu\\\/hirek\\\/megkonnyitettek-a-kulfoldiek-munkavallalasat\\\/#mainImage\"},\"datePublished\":\"2022-06-03T09:11:11+02:00\",\"dateModified\":\"2022-06-03T09:11:11+02:00\"},{\"@type\":\"WebSite\",\"@id\":\"https:\\\/\\\/allasorias.hu\\\/hirek\\\/#website\",\"url\":\"https:\\\/\\\/allasorias.hu\\\/hirek\\\/\",\"name\":\"AllasOrias.hu | H\\u00edrek-lapszemle\",\"description\":\"\\u00dczleti h\\u00edrek az \\u00e1ll\\u00e1s \\u00e9s a munka vil\\u00e1g\\u00e1b\\u00f3l\",\"inLanguage\":\"hu-HU\",\"publisher\":{\"@id\":\"https:\\\/\\\/allasorias.hu\\\/hirek\\\/#organization\"}}]}\n\t\t<\/script>\n\t\t<!-- All in One SEO -->\n\n","aioseo_head_json":{"title":"Megk\u00f6nny\u00edtett\u00e9k a k\u00fclf\u00f6ldiek munkav\u00e1llal\u00e1s\u00e1t | AllasOrias.hu | H\u00edrek-lapszemle","description":"A korm\u00e1ny egy t\u00f6rv\u00e9nym\u00f3dos\u00edt\u00e1ssal tov\u00e1bbi 9 orsz\u00e1g \u00e1llampolg\u00e1rainak k\u00f6nny\u00edtette meg a magyarorsz\u00e1gi munkav\u00e1llal\u00e1st. El\u0151sz\u00f6r csak Ukrajn\u00e1b\u00f3l \u00e9s Szerbi\u00e1b\u00f3l lehetett behozni munkav\u00e1llal\u00f3kat, a f\u0151k\u00e9nt a feldolgoz\u00f3iparban tapasztalhat\u00f3 jelent\u0151s hazai munkaer\u0151hi\u00e1ny miatt. Az \u00e9rt\u00e9kes munkaer\u0151t m\u00e1r az elm\u00falt \u00e9vekben is egyre t\u00e1volabb kellett keresni\u00fck a hazai toborz\u00f3 c\u00e9geknek, ez a tendencia pedig 2022-re m\u00e9g ink\u00e1bb fokoz\u00f3dni l\u00e1tszik.","canonical_url":"https:\/\/allasorias.hu\/hirek\/megkonnyitettek-a-kulfoldiek-munkavallalasat\/","robots":"max-image-preview:large","keywords":"","webmasterTools":{"miscellaneous":""},"schema":{"@context":"https:\/\/schema.org","@graph":[{"@type":"Article","@id":"https:\/\/allasorias.hu\/hirek\/megkonnyitettek-a-kulfoldiek-munkavallalasat\/#article","name":"Megk\u00f6nny\u00edtett\u00e9k a k\u00fclf\u00f6ldiek munkav\u00e1llal\u00e1s\u00e1t | AllasOrias.hu | H\u00edrek-lapszemle","headline":"Megk\u00f6nny\u00edtett\u00e9k a k\u00fclf\u00f6ldiek munkav\u00e1llal\u00e1s\u00e1t","author":{"@id":"https:\/\/allasorias.hu\/hirek\/author\/admin-allasorias\/#author"},"publisher":{"@id":"https:\/\/allasorias.hu\/hirek\/#organization"},"image":{"@type":"ImageObject","url":"https:\/\/allasorias.hu\/hirek\/wp-content\/uploads\/2020\/06\/5401.jpg","width":800,"height":446,"caption":"People network and global communication concept. Business people with modern graphic interface of community linking many people around world by social media platform to connect international business."},"datePublished":"2022-06-03T09:11:11+02:00","dateModified":"2022-06-03T09:11:11+02:00","inLanguage":"hu-HU","mainEntityOfPage":{"@id":"https:\/\/allasorias.hu\/hirek\/megkonnyitettek-a-kulfoldiek-munkavallalasat\/#webpage"},"isPartOf":{"@id":"https:\/\/allasorias.hu\/hirek\/megkonnyitettek-a-kulfoldiek-munkavallalasat\/#webpage"},"articleSection":"K\u00fclf\u00f6ld, Munkaer\u0151piac"},{"@type":"BreadcrumbList","@id":"https:\/\/allasorias.hu\/hirek\/megkonnyitettek-a-kulfoldiek-munkavallalasat\/#breadcrumblist","itemListElement":[{"@type":"ListItem","@id":"https:\/\/allasorias.hu\/hirek#listItem","position":1,"name":"Home","item":"https:\/\/allasorias.hu\/hirek","nextItem":{"@type":"ListItem","@id":"https:\/\/allasorias.hu\/hirek\/temak\/munkaeropiac\/#listItem","name":"Munkaer\u0151piac"}},{"@type":"ListItem","@id":"https:\/\/allasorias.hu\/hirek\/temak\/munkaeropiac\/#listItem","position":2,"name":"Munkaer\u0151piac","item":"https:\/\/allasorias.hu\/hirek\/temak\/munkaeropiac\/","nextItem":{"@type":"ListItem","@id":"https:\/\/allasorias.hu\/hirek\/megkonnyitettek-a-kulfoldiek-munkavallalasat\/#listItem","name":"Megk\u00f6nny\u00edtett\u00e9k a k\u00fclf\u00f6ldiek munkav\u00e1llal\u00e1s\u00e1t"},"previousItem":{"@type":"ListItem","@id":"https:\/\/allasorias.hu\/hirek#listItem","name":"Home"}},{"@type":"ListItem","@id":"https:\/\/allasorias.hu\/hirek\/megkonnyitettek-a-kulfoldiek-munkavallalasat\/#listItem","position":3,"name":"Megk\u00f6nny\u00edtett\u00e9k a k\u00fclf\u00f6ldiek munkav\u00e1llal\u00e1s\u00e1t","previousItem":{"@type":"ListItem","@id":"https:\/\/allasorias.hu\/hirek\/temak\/munkaeropiac\/#listItem","name":"Munkaer\u0151piac"}}]},{"@type":"Organization","@id":"https:\/\/allasorias.hu\/hirek\/#organization","name":"AllasOrias.hu | H\u00edrek-lapszemle","description":"\u00dczleti h\u00edrek az \u00e1ll\u00e1s \u00e9s a munka vil\u00e1g\u00e1b\u00f3l","url":"https:\/\/allasorias.hu\/hirek\/","logo":{"@type":"ImageObject","url":"https:\/\/allasorias.hu\/hirek\/wp-content\/uploads\/2022\/10\/allasorias_site_facebok_logo.png","@id":"https:\/\/allasorias.hu\/hirek\/megkonnyitettek-a-kulfoldiek-munkavallalasat\/#organizationLogo"},"image":{"@id":"https:\/\/allasorias.hu\/hirek\/megkonnyitettek-a-kulfoldiek-munkavallalasat\/#organizationLogo"},"sameAs":["https:\/\/www.facebook.com\/allasorias","https:\/\/www.linkedin.com\/company\/allasorias"]},{"@type":"Person","@id":"https:\/\/allasorias.hu\/hirek\/author\/admin-allasorias\/#author","url":"https:\/\/allasorias.hu\/hirek\/author\/admin-allasorias\/","name":"Juh\u00e1sz P\u00e9ter","image":{"@type":"ImageObject","@id":"https:\/\/allasorias.hu\/hirek\/megkonnyitettek-a-kulfoldiek-munkavallalasat\/#authorImage","url":"https:\/\/secure.gravatar.com\/avatar\/36e6bcb83148978b992977cb0f54d22feb0cce8a0a849a9410532bb2623ba4c6?s=96&d=mm&r=g","width":96,"height":96,"caption":"Juh\u00e1sz P\u00e9ter"}},{"@type":"WebPage","@id":"https:\/\/allasorias.hu\/hirek\/megkonnyitettek-a-kulfoldiek-munkavallalasat\/#webpage","url":"https:\/\/allasorias.hu\/hirek\/megkonnyitettek-a-kulfoldiek-munkavallalasat\/","name":"Megk\u00f6nny\u00edtett\u00e9k a k\u00fclf\u00f6ldiek munkav\u00e1llal\u00e1s\u00e1t | AllasOrias.hu | H\u00edrek-lapszemle","description":"A korm\u00e1ny egy t\u00f6rv\u00e9nym\u00f3dos\u00edt\u00e1ssal tov\u00e1bbi 9 orsz\u00e1g \u00e1llampolg\u00e1rainak k\u00f6nny\u00edtette meg a magyarorsz\u00e1gi munkav\u00e1llal\u00e1st. El\u0151sz\u00f6r csak Ukrajn\u00e1b\u00f3l \u00e9s Szerbi\u00e1b\u00f3l lehetett behozni munkav\u00e1llal\u00f3kat, a f\u0151k\u00e9nt a feldolgoz\u00f3iparban tapasztalhat\u00f3 jelent\u0151s hazai munkaer\u0151hi\u00e1ny miatt. Az \u00e9rt\u00e9kes munkaer\u0151t m\u00e1r az elm\u00falt \u00e9vekben is egyre t\u00e1volabb kellett keresni\u00fck a hazai toborz\u00f3 c\u00e9geknek, ez a tendencia pedig 2022-re m\u00e9g ink\u00e1bb fokoz\u00f3dni l\u00e1tszik.","inLanguage":"hu-HU","isPartOf":{"@id":"https:\/\/allasorias.hu\/hirek\/#website"},"breadcrumb":{"@id":"https:\/\/allasorias.hu\/hirek\/megkonnyitettek-a-kulfoldiek-munkavallalasat\/#breadcrumblist"},"author":{"@id":"https:\/\/allasorias.hu\/hirek\/author\/admin-allasorias\/#author"},"creator":{"@id":"https:\/\/allasorias.hu\/hirek\/author\/admin-allasorias\/#author"},"image":{"@type":"ImageObject","url":"https:\/\/allasorias.hu\/hirek\/wp-content\/uploads\/2020\/06\/5401.jpg","@id":"https:\/\/allasorias.hu\/hirek\/megkonnyitettek-a-kulfoldiek-munkavallalasat\/#mainImage","width":800,"height":446,"caption":"People network and global communication concept. Business people with modern graphic interface of community linking many people around world by social media platform to connect international business."},"primaryImageOfPage":{"@id":"https:\/\/allasorias.hu\/hirek\/megkonnyitettek-a-kulfoldiek-munkavallalasat\/#mainImage"},"datePublished":"2022-06-03T09:11:11+02:00","dateModified":"2022-06-03T09:11:11+02:00"},{"@type":"WebSite","@id":"https:\/\/allasorias.hu\/hirek\/#website","url":"https:\/\/allasorias.hu\/hirek\/","name":"AllasOrias.hu | H\u00edrek-lapszemle","description":"\u00dczleti h\u00edrek az \u00e1ll\u00e1s \u00e9s a munka vil\u00e1g\u00e1b\u00f3l","inLanguage":"hu-HU","publisher":{"@id":"https:\/\/allasorias.hu\/hirek\/#organization"}}]},"og:locale":"hu_HU","og:site_name":"AllasOrias.hu | H\u00edrek-lapszemle | \u00dczleti h\u00edrek az \u00e1ll\u00e1s \u00e9s a munka vil\u00e1g\u00e1b\u00f3l","og:type":"article","og:title":"Megk\u00f6nny\u00edtett\u00e9k a k\u00fclf\u00f6ldiek munkav\u00e1llal\u00e1s\u00e1t | AllasOrias.hu | H\u00edrek-lapszemle","og:description":"A korm\u00e1ny egy t\u00f6rv\u00e9nym\u00f3dos\u00edt\u00e1ssal tov\u00e1bbi 9 orsz\u00e1g \u00e1llampolg\u00e1rainak k\u00f6nny\u00edtette meg a magyarorsz\u00e1gi munkav\u00e1llal\u00e1st. El\u0151sz\u00f6r csak Ukrajn\u00e1b\u00f3l \u00e9s Szerbi\u00e1b\u00f3l lehetett behozni munkav\u00e1llal\u00f3kat, a f\u0151k\u00e9nt a feldolgoz\u00f3iparban tapasztalhat\u00f3 jelent\u0151s hazai munkaer\u0151hi\u00e1ny miatt. Az \u00e9rt\u00e9kes munkaer\u0151t m\u00e1r az elm\u00falt \u00e9vekben is egyre t\u00e1volabb kellett keresni\u00fck a hazai toborz\u00f3 c\u00e9geknek, ez a tendencia pedig 2022-re m\u00e9g ink\u00e1bb fokoz\u00f3dni l\u00e1tszik.","og:url":"https:\/\/allasorias.hu\/hirek\/megkonnyitettek-a-kulfoldiek-munkavallalasat\/","og:image":"https:\/\/allasorias.hu\/hirek\/wp-content\/uploads\/2020\/06\/5401.jpg","og:image:secure_url":"https:\/\/allasorias.hu\/hirek\/wp-content\/uploads\/2020\/06\/5401.jpg","og:image:width":800,"og:image:height":446,"article:published_time":"2022-06-03T09:11:11+00:00","article:modified_time":"2022-06-03T09:11:11+00:00","article:publisher":"https:\/\/www.facebook.com\/allasorias","twitter:card":"summary_large_image","twitter:title":"Megk\u00f6nny\u00edtett\u00e9k a k\u00fclf\u00f6ldiek munkav\u00e1llal\u00e1s\u00e1t | AllasOrias.hu | H\u00edrek-lapszemle","twitter:description":"A korm\u00e1ny egy t\u00f6rv\u00e9nym\u00f3dos\u00edt\u00e1ssal tov\u00e1bbi 9 orsz\u00e1g \u00e1llampolg\u00e1rainak k\u00f6nny\u00edtette meg a magyarorsz\u00e1gi munkav\u00e1llal\u00e1st. El\u0151sz\u00f6r csak Ukrajn\u00e1b\u00f3l \u00e9s Szerbi\u00e1b\u00f3l lehetett behozni munkav\u00e1llal\u00f3kat, a f\u0151k\u00e9nt a feldolgoz\u00f3iparban tapasztalhat\u00f3 jelent\u0151s hazai munkaer\u0151hi\u00e1ny miatt. Az \u00e9rt\u00e9kes munkaer\u0151t m\u00e1r az elm\u00falt \u00e9vekben is egyre t\u00e1volabb kellett keresni\u00fck a hazai toborz\u00f3 c\u00e9geknek, ez a tendencia pedig 2022-re m\u00e9g ink\u00e1bb fokoz\u00f3dni l\u00e1tszik.","twitter:image":"https:\/\/allasorias.hu\/hirek\/wp-content\/uploads\/2020\/06\/5401.jpg","twitter:label1":"Written by","twitter:data1":"Juh\u00e1sz P\u00e9ter","twitter:label2":"Est. reading time","twitter:data2":"2 minutes"},"aioseo_meta_data":{"post_id":"5601","title":null,"description":null,"keywords":[],"keyphrases":{"focus":{"keyphrase":"","score":0,"analysis":{"keyphraseInTitle":{"score":0,"maxScore":9,"error":1}}},"additional":[]},"primary_term":null,"canonical_url":null,"og_title":null,"og_description":null,"og_object_type":"default","og_image_type":"default","og_image_url":null,"og_image_width":null,"og_image_height":null,"og_image_custom_url":null,"og_image_custom_fields":null,"og_video":"","og_custom_url":null,"og_article_section":null,"og_article_tags":[],"twitter_use_og":false,"twitter_card":"default","twitter_image_type":"default","twitter_image_url":null,"twitter_image_custom_url":null,"twitter_image_custom_fields":null,"twitter_title":null,"twitter_description":null,"schema":{"blockGraphs":[],"customGraphs":[],"default":{"data":{"Article":[],"Course":[],"Dataset":[],"FAQPage":[],"Movie":[],"Person":[],"Product":[],"ProductReview":[],"Car":[],"Recipe":[],"Service":[],"SoftwareApplication":[],"WebPage":[]},"graphName":"","isEnabled":true},"graphs":[],"defaultGraph":"Article","defaultPostTypeGraph":""},"schema_type":"default","schema_type_options":"{\"article\":{\"articleType\":\"BlogPosting\"},\"course\":{\"name\":\"\",\"description\":\"\",\"provider\":\"\"},\"faq\":{\"pages\":[]},\"product\":{\"reviews\":[]},\"recipe\":{\"ingredients\":[],\"instructions\":[],\"keywords\":[]},\"software\":{\"reviews\":[],\"operatingSystems\":[]},\"webPage\":{\"webPageType\":\"WebPage\"}}","pillar_content":false,"robots_default":true,"robots_noindex":false,"robots_noarchive":false,"robots_nosnippet":false,"robots_nofollow":false,"robots_noimageindex":false,"robots_noodp":false,"robots_notranslate":false,"robots_max_snippet":"-1","robots_max_videopreview":"-1","robots_max_imagepreview":"large","priority":null,"frequency":"default","location":null,"local_seo":null,"breadcrumb_settings":null,"limit_modified_date":false,"ai":null,"created":"2022-06-03 09:06:44","updated":"2025-10-02 16:59:49","seo_analyzer_scan_date":null,"focus_keyword":null,"additional_keywords":null,"truseo_locale":null},"aioseo_breadcrumb":"<div class=\"aioseo-breadcrumbs\"><span class=\"aioseo-breadcrumb\">\n\t\t\t<a href=\"https:\/\/allasorias.hu\/hirek\" title=\"Home\">Home<\/a>\n\t\t<\/span><span class=\"aioseo-breadcrumb-separator\">&raquo;<\/span><span class=\"aioseo-breadcrumb\">\n\t\t\t<a href=\"https:\/\/allasorias.hu\/hirek\/temak\/munkaeropiac\/\" title=\"Munkaer\u0151piac\">Munkaer\u0151piac<\/a>\n\t\t<\/span><span class=\"aioseo-breadcrumb-separator\">&raquo;<\/span><span class=\"aioseo-breadcrumb\">\n\t\t\tMegk\u00f6nny\u00edtett\u00e9k a k\u00fclf\u00f6ldiek munkav\u00e1llal\u00e1s\u00e1t\n\t\t<\/span><\/div>","aioseo_breadcrumb_json":[{"label":"Home","link":"https:\/\/allasorias.hu\/hirek"},{"label":"Munkaer\u0151piac","link":"https:\/\/allasorias.hu\/hirek\/temak\/munkaeropiac\/"},{"label":"Megk\u00f6nny\u00edtett\u00e9k a k\u00fclf\u00f6ldiek munkav\u00e1llal\u00e1s\u00e1t","link":"https:\/\/allasorias.hu\/hirek\/megkonnyitettek-a-kulfoldiek-munkavallalasat\/"}],"_links":{"self":[{"href":"https:\/\/allasorias.hu\/hirek\/wp-json\/wp\/v2\/posts\/5601","targetHints":{"allow":["GET"]}}],"collection":[{"href":"https:\/\/allasorias.hu\/hirek\/wp-json\/wp\/v2\/posts"}],"about":[{"href":"https:\/\/allasorias.hu\/hirek\/wp-json\/wp\/v2\/types\/post"}],"author":[{"embeddable":true,"href":"https:\/\/allasorias.hu\/hirek\/wp-json\/wp\/v2\/users\/1"}],"replies":[{"embeddable":true,"href":"https:\/\/allasorias.hu\/hirek\/wp-json\/wp\/v2\/comments?post=5601"}],"version-history":[{"count":1,"href":"https:\/\/allasorias.hu\/hirek\/wp-json\/wp\/v2\/posts\/5601\/revisions"}],"predecessor-version":[{"id":5602,"href":"https:\/\/allasorias.hu\/hirek\/wp-json\/wp\/v2\/posts\/5601\/revisions\/5602"}],"wp:featuredmedia":[{"embeddable":true,"href":"https:\/\/allasorias.hu\/hirek\/wp-json\/wp\/v2\/media\/4057"}],"wp:attachment":[{"href":"https:\/\/allasorias.hu\/hirek\/wp-json\/wp\/v2\/media?parent=5601"}],"wp:term":[{"taxonomy":"category","embeddable":true,"href":"https:\/\/allasorias.hu\/hirek\/wp-json\/wp\/v2\/categories?post=5601"},{"taxonomy":"post_tag","embeddable":true,"href":"https:\/\/allasorias.hu\/hirek\/wp-json\/wp\/v2\/tags?post=5601"}],"curies":[{"name":"wp","href":"https:\/\/api.w.org\/{rel}","templated":true}]}}