{"id":5598,"date":"2022-06-02T09:12:36","date_gmt":"2022-06-02T09:12:36","guid":{"rendered":"https:\/\/allasorias.hu\/hirek\/?p=5598"},"modified":"2022-06-02T09:12:36","modified_gmt":"2022-06-02T09:12:36","slug":"hianyzik-a-szakkepzett-munkaero-a-balatonnal","status":"publish","type":"post","link":"https:\/\/allasorias.hu\/hirek\/hianyzik-a-szakkepzett-munkaero-a-balatonnal\/","title":{"rendered":"Hi\u00e1nyzik a szakk\u00e9pzett munkaer\u0151 a Balatonn\u00e1l"},"content":{"rendered":"<p><strong>T\u00f6bb d\u00e9l-balatoni vend\u00e9gl\u00e1t\u00f3 \u00fczletben is neh\u00e9zs\u00e9get okoz a szakk\u00e9pzett munkaer\u0151 hi\u00e1nya, \u00e9s a j\u00falius elsej\u00e9t\u0151l el\u0151\u00edrt adatszolg\u00e1ltat\u00e1si k\u00f6telezetts\u00e9g. Err\u0151l Kert\u00e9sz Rezs\u0151, a Kereskedelmi \u00e9s Vend\u00e9gl\u00e1t\u00f3 V\u00e1llalkoz\u00f3k Somogy Megyei \u00c9rdekk\u00e9pviselet\u00e9nek (KISOSZ) t\u00e1rseln\u00f6ke sz\u00e1molt be, \u00f6sszegezve a d\u00e9l-balatoni mikro-, kis-, \u00e9s csal\u00e1di v\u00e1llalkoz\u00f3k ny\u00e1ri turisztikai szezonind\u00edt\u00f3 f\u00f3rum\u00e1n elhangzottakat. <\/strong><\/p>\n<p>Mint kifejtette, a szakk\u00e9pzett munkaer\u0151 hi\u00e1nya \u00e9vek \u00f3ta probl\u00e9ma a balatoni szezonban. Id\u00e9n s\u00falyosb\u00edtja a helyzetet, hogy a pand\u00e9mia alatt sok volt a p\u00e1lyaelhagy\u00f3, \u00e9s a t\u00e9li id\u0151szakban k\u00fclf\u00f6ld\u00f6n, f\u0151k\u00e9nt az osztr\u00e1k s\u00edcentrumokban munk\u00e1t v\u00e1llal\u00f3 magyarok most nem t\u00e9rnek haza, mivel ezek a centrumok m\u00e1r ny\u00e1ron is nyitva tartanak. A kiseg\u00edt\u0151 munk\u00e1sok hi\u00e1ny\u00e1n a tan\u00e9vz\u00e1r\u00f3kat k\u00f6vet\u0151en mindig enyh\u00edt a di\u00e1kmunka \u2013 tette hozz\u00e1 a t\u00e1rseln\u00f6k. Besz\u00e1mol\u00f3ja szerint a v\u00e1llalkoz\u00f3k teljes\u00edthetetlennek tartj\u00e1k a Nemzeti Turisztikai Adatszolg\u00e1ltat\u00f3 k\u00f6zpont (NTAK) \u00e1ltal j\u00falius elsej\u00e9t\u0151l a vend\u00e9gl\u00e1t\u00f3 \u00fczletekre \u00e9s turisztikai attrakci\u00f3kra is kiterjed\u0151 adatszolg\u00e1ltat\u00e1si k\u00f6telezetts\u00e9get. A KISOSZ kezdem\u00e9nyezi, hogy a bevezet\u00e9st legal\u00e1bb f\u00e9l \u00e9vvel halassz\u00e1k el \u2013 mondta Kert\u00e9sz Rezs\u0151. Besz\u00e9lt arr\u00f3l is, hogy tavaly \u00e9v v\u00e9g\u00e9n 1400 szezon\u00e1lisan vagy eg\u00e9sz \u00e9vben \u00fczemel\u0151 d\u00e9l-balatoni vend\u00e9gl\u00e1t\u00f3helyet tartottak sz\u00e1mon. \u201cF\u00e9l\u0151, hogy sz\u00e1mottev\u0151en cs\u00f6kken a v\u00e1llalkoz\u00e1sok sz\u00e1ma, ha nem kap valamif\u00e9le t\u00e1mogat\u00e1st ez a pand\u00e9mia alatt minden tartal\u00e9k\u00e1t fel\u00e9l\u0151, \u00e9s sz\u00e1mos \u00fajabb kih\u00edv\u00e1ssal \u2013 n\u00f6vekv\u0151 rezsi- \u00e9s beszerz\u00e9si \u00e1rak, \u00e1rualap- \u00e9s szakemberhi\u00e1ny, h\u00e1bor\u00fa, alapb\u00e9relemel\u00e9s, n\u00f6vekv\u0151 adminisztr\u00e1ci\u00f3s terhek, stb. \u2013 szembes\u00fcl\u0151 szektor\u201d \u2013 fogalmazott Kert\u00e9sz Rezs\u0151. Az idei ny\u00e1ri balatoni szezonr\u00f3l sz\u00f3lva azt mondta, a d\u00e9l-balatoni v\u00e1llalkoz\u00f3k el\u00e9gedettek lesznek, ha siker\u00fcl a tavalyi \u00e9s a tavaly-el\u0151tti forgalmat megism\u00e9telni, amit alapvet\u0151en befoly\u00e1sol majd a h\u00e9tv\u00e9g\u00e9k id\u0151j\u00e1r\u00e1sa.<\/p>\n<p>Forr\u00e1s: piacesprofit.hu, mti<\/p>\n","protected":false},"excerpt":{"rendered":"<p>T\u00f6bb d\u00e9l-balatoni vend\u00e9gl\u00e1t\u00f3 \u00fczletben is neh\u00e9zs\u00e9get okoz a szakk\u00e9pzett munkaer\u0151 hi\u00e1nya, \u00e9s a j\u00falius elsej\u00e9t\u0151l el\u0151\u00edrt adatszolg\u00e1ltat\u00e1si k\u00f6telezetts\u00e9g. Err\u0151l Kert\u00e9sz Rezs\u0151, a Kereskedelmi \u00e9s Vend\u00e9gl\u00e1t\u00f3 V\u00e1llalkoz\u00f3k Somogy Megyei \u00c9rdekk\u00e9pviselet\u00e9nek (KISOSZ) t\u00e1rseln\u00f6ke sz\u00e1molt be, \u00f6sszegezve a d\u00e9l-balatoni mikro-, kis-, \u00e9s csal\u00e1di v\u00e1llalkoz\u00f3k ny\u00e1ri turisztikai szezonind\u00edt\u00f3 f\u00f3rum\u00e1n elhangzottakat. Mint kifejtette, a szakk\u00e9pzett munkaer\u0151 hi\u00e1nya \u00e9vek \u00f3ta probl\u00e9ma [&hellip;]<\/p>\n","protected":false},"author":1,"featured_media":5599,"comment_status":"open","ping_status":"open","sticky":false,"template":"","format":"standard","meta":{"_monsterinsights_skip_tracking":false,"footnotes":""},"categories":[200],"tags":[],"class_list":["post-5598","post","type-post","status-publish","format-standard","has-post-thumbnail","hentry","category-munkaeropiac"],"aioseo_notices":[],"aioseo_head":"\n\t\t<!-- All in One SEO 5.0.0.1 - aioseo.com -->\n\t<meta name=\"description\" content=\"T\u00f6bb d\u00e9l-balatoni vend\u00e9gl\u00e1t\u00f3 \u00fczletben is neh\u00e9zs\u00e9get okoz a szakk\u00e9pzett munkaer\u0151 hi\u00e1nya, \u00e9s a j\u00falius elsej\u00e9t\u0151l el\u0151\u00edrt adatszolg\u00e1ltat\u00e1si k\u00f6telezetts\u00e9g. Err\u0151l Kert\u00e9sz Rezs\u0151, a Kereskedelmi \u00e9s Vend\u00e9gl\u00e1t\u00f3 V\u00e1llalkoz\u00f3k Somogy Megyei \u00c9rdekk\u00e9pviselet\u00e9nek (KISOSZ) t\u00e1rseln\u00f6ke sz\u00e1molt be, \u00f6sszegezve a d\u00e9l-balatoni mikro-, kis-, \u00e9s csal\u00e1di v\u00e1llalkoz\u00f3k ny\u00e1ri turisztikai szezonind\u00edt\u00f3 f\u00f3rum\u00e1n elhangzottakat. Mint kifejtette, a szakk\u00e9pzett munkaer\u0151 hi\u00e1nya \u00e9vek \u00f3ta probl\u00e9ma\" \/>\n\t<meta name=\"robots\" content=\"max-image-preview:large\" \/>\n\t<meta name=\"author\" content=\"Juh\u00e1sz P\u00e9ter\"\/>\n\t<link rel=\"canonical\" href=\"https:\/\/allasorias.hu\/hirek\/hianyzik-a-szakkepzett-munkaero-a-balatonnal\/\" \/>\n\t<meta name=\"generator\" content=\"All in One SEO (AIOSEO) 5.0.0.1\" \/>\n\t\t<meta property=\"og:locale\" content=\"hu_HU\" \/>\n\t\t<meta property=\"og:site_name\" content=\"AllasOrias.hu | H\u00edrek-lapszemle | \u00dczleti h\u00edrek az \u00e1ll\u00e1s \u00e9s a munka vil\u00e1g\u00e1b\u00f3l\" \/>\n\t\t<meta property=\"og:type\" content=\"article\" \/>\n\t\t<meta property=\"og:title\" content=\"Hi\u00e1nyzik a szakk\u00e9pzett munkaer\u0151 a Balatonn\u00e1l | AllasOrias.hu | H\u00edrek-lapszemle\" \/>\n\t\t<meta property=\"og:description\" content=\"T\u00f6bb d\u00e9l-balatoni vend\u00e9gl\u00e1t\u00f3 \u00fczletben is neh\u00e9zs\u00e9get okoz a szakk\u00e9pzett munkaer\u0151 hi\u00e1nya, \u00e9s a j\u00falius elsej\u00e9t\u0151l el\u0151\u00edrt adatszolg\u00e1ltat\u00e1si k\u00f6telezetts\u00e9g. Err\u0151l Kert\u00e9sz Rezs\u0151, a Kereskedelmi \u00e9s Vend\u00e9gl\u00e1t\u00f3 V\u00e1llalkoz\u00f3k Somogy Megyei \u00c9rdekk\u00e9pviselet\u00e9nek (KISOSZ) t\u00e1rseln\u00f6ke sz\u00e1molt be, \u00f6sszegezve a d\u00e9l-balatoni mikro-, kis-, \u00e9s csal\u00e1di v\u00e1llalkoz\u00f3k ny\u00e1ri turisztikai szezonind\u00edt\u00f3 f\u00f3rum\u00e1n elhangzottakat. Mint kifejtette, a szakk\u00e9pzett munkaer\u0151 hi\u00e1nya \u00e9vek \u00f3ta probl\u00e9ma\" \/>\n\t\t<meta property=\"og:url\" content=\"https:\/\/allasorias.hu\/hirek\/hianyzik-a-szakkepzett-munkaero-a-balatonnal\/\" \/>\n\t\t<meta property=\"og:image\" content=\"https:\/\/allasorias.hu\/hirek\/wp-content\/uploads\/2022\/06\/close-up-waiter-standing-with-napkin.jpg\" \/>\n\t\t<meta property=\"og:image:secure_url\" content=\"https:\/\/allasorias.hu\/hirek\/wp-content\/uploads\/2022\/06\/close-up-waiter-standing-with-napkin.jpg\" \/>\n\t\t<meta property=\"og:image:width\" content=\"1000\" \/>\n\t\t<meta property=\"og:image:height\" content=\"667\" \/>\n\t\t<meta property=\"article:published_time\" content=\"2022-06-02T09:12:36+00:00\" \/>\n\t\t<meta property=\"article:modified_time\" content=\"2022-06-02T09:12:36+00:00\" \/>\n\t\t<meta property=\"article:publisher\" content=\"https:\/\/www.facebook.com\/allasorias\" \/>\n\t\t<meta name=\"twitter:card\" content=\"summary_large_image\" \/>\n\t\t<meta name=\"twitter:title\" content=\"Hi\u00e1nyzik a szakk\u00e9pzett munkaer\u0151 a Balatonn\u00e1l | AllasOrias.hu | H\u00edrek-lapszemle\" \/>\n\t\t<meta name=\"twitter:description\" content=\"T\u00f6bb d\u00e9l-balatoni vend\u00e9gl\u00e1t\u00f3 \u00fczletben is neh\u00e9zs\u00e9get okoz a szakk\u00e9pzett munkaer\u0151 hi\u00e1nya, \u00e9s a j\u00falius elsej\u00e9t\u0151l el\u0151\u00edrt adatszolg\u00e1ltat\u00e1si k\u00f6telezetts\u00e9g. Err\u0151l Kert\u00e9sz Rezs\u0151, a Kereskedelmi \u00e9s Vend\u00e9gl\u00e1t\u00f3 V\u00e1llalkoz\u00f3k Somogy Megyei \u00c9rdekk\u00e9pviselet\u00e9nek (KISOSZ) t\u00e1rseln\u00f6ke sz\u00e1molt be, \u00f6sszegezve a d\u00e9l-balatoni mikro-, kis-, \u00e9s csal\u00e1di v\u00e1llalkoz\u00f3k ny\u00e1ri turisztikai szezonind\u00edt\u00f3 f\u00f3rum\u00e1n elhangzottakat. Mint kifejtette, a szakk\u00e9pzett munkaer\u0151 hi\u00e1nya \u00e9vek \u00f3ta probl\u00e9ma\" \/>\n\t\t<meta name=\"twitter:image\" content=\"https:\/\/allasorias.hu\/hirek\/wp-content\/uploads\/2022\/06\/close-up-waiter-standing-with-napkin.jpg\" \/>\n\t\t<meta name=\"twitter:label1\" content=\"Written by\" \/>\n\t\t<meta name=\"twitter:data1\" content=\"Juh\u00e1sz P\u00e9ter\" \/>\n\t\t<meta name=\"twitter:label2\" content=\"Est. reading time\" \/>\n\t\t<meta name=\"twitter:data2\" content=\"2 minutes\" \/>\n\t\t<script type=\"application\/ld+json\" class=\"aioseo-schema\">\n\t\t\t{\"@context\":\"https:\\\/\\\/schema.org\",\"@graph\":[{\"@type\":\"Article\",\"@id\":\"https:\\\/\\\/allasorias.hu\\\/hirek\\\/hianyzik-a-szakkepzett-munkaero-a-balatonnal\\\/#article\",\"name\":\"Hi\\u00e1nyzik a szakk\\u00e9pzett munkaer\\u0151 a Balatonn\\u00e1l | AllasOrias.hu | H\\u00edrek-lapszemle\",\"headline\":\"Hi\\u00e1nyzik a szakk\\u00e9pzett munkaer\\u0151 a Balatonn\\u00e1l\",\"author\":{\"@id\":\"https:\\\/\\\/allasorias.hu\\\/hirek\\\/author\\\/admin-allasorias\\\/#author\"},\"publisher\":{\"@id\":\"https:\\\/\\\/allasorias.hu\\\/hirek\\\/#organization\"},\"image\":{\"@type\":\"ImageObject\",\"url\":\"https:\\\/\\\/allasorias.hu\\\/hirek\\\/wp-content\\\/uploads\\\/2022\\\/06\\\/close-up-waiter-standing-with-napkin.jpg\",\"width\":1000,\"height\":667,\"caption\":\"Close-up of waiter standing with napkin in restaurant\"},\"datePublished\":\"2022-06-02T09:12:36+02:00\",\"dateModified\":\"2022-06-02T09:12:36+02:00\",\"inLanguage\":\"hu-HU\",\"mainEntityOfPage\":{\"@id\":\"https:\\\/\\\/allasorias.hu\\\/hirek\\\/hianyzik-a-szakkepzett-munkaero-a-balatonnal\\\/#webpage\"},\"isPartOf\":{\"@id\":\"https:\\\/\\\/allasorias.hu\\\/hirek\\\/hianyzik-a-szakkepzett-munkaero-a-balatonnal\\\/#webpage\"},\"articleSection\":\"Munkaer\\u0151piac\"},{\"@type\":\"BreadcrumbList\",\"@id\":\"https:\\\/\\\/allasorias.hu\\\/hirek\\\/hianyzik-a-szakkepzett-munkaero-a-balatonnal\\\/#breadcrumblist\",\"itemListElement\":[{\"@type\":\"ListItem\",\"@id\":\"https:\\\/\\\/allasorias.hu\\\/hirek#listItem\",\"position\":1,\"name\":\"Home\",\"item\":\"https:\\\/\\\/allasorias.hu\\\/hirek\",\"nextItem\":{\"@type\":\"ListItem\",\"@id\":\"https:\\\/\\\/allasorias.hu\\\/hirek\\\/temak\\\/munkaeropiac\\\/#listItem\",\"name\":\"Munkaer\\u0151piac\"}},{\"@type\":\"ListItem\",\"@id\":\"https:\\\/\\\/allasorias.hu\\\/hirek\\\/temak\\\/munkaeropiac\\\/#listItem\",\"position\":2,\"name\":\"Munkaer\\u0151piac\",\"item\":\"https:\\\/\\\/allasorias.hu\\\/hirek\\\/temak\\\/munkaeropiac\\\/\",\"nextItem\":{\"@type\":\"ListItem\",\"@id\":\"https:\\\/\\\/allasorias.hu\\\/hirek\\\/hianyzik-a-szakkepzett-munkaero-a-balatonnal\\\/#listItem\",\"name\":\"Hi\\u00e1nyzik a szakk\\u00e9pzett munkaer\\u0151 a Balatonn\\u00e1l\"},\"previousItem\":{\"@type\":\"ListItem\",\"@id\":\"https:\\\/\\\/allasorias.hu\\\/hirek#listItem\",\"name\":\"Home\"}},{\"@type\":\"ListItem\",\"@id\":\"https:\\\/\\\/allasorias.hu\\\/hirek\\\/hianyzik-a-szakkepzett-munkaero-a-balatonnal\\\/#listItem\",\"position\":3,\"name\":\"Hi\\u00e1nyzik a szakk\\u00e9pzett munkaer\\u0151 a Balatonn\\u00e1l\",\"previousItem\":{\"@type\":\"ListItem\",\"@id\":\"https:\\\/\\\/allasorias.hu\\\/hirek\\\/temak\\\/munkaeropiac\\\/#listItem\",\"name\":\"Munkaer\\u0151piac\"}}]},{\"@type\":\"Organization\",\"@id\":\"https:\\\/\\\/allasorias.hu\\\/hirek\\\/#organization\",\"name\":\"AllasOrias.hu | H\\u00edrek-lapszemle\",\"description\":\"\\u00dczleti h\\u00edrek az \\u00e1ll\\u00e1s \\u00e9s a munka vil\\u00e1g\\u00e1b\\u00f3l\",\"url\":\"https:\\\/\\\/allasorias.hu\\\/hirek\\\/\",\"logo\":{\"@type\":\"ImageObject\",\"url\":\"https:\\\/\\\/allasorias.hu\\\/hirek\\\/wp-content\\\/uploads\\\/2022\\\/10\\\/allasorias_site_facebok_logo.png\",\"@id\":\"https:\\\/\\\/allasorias.hu\\\/hirek\\\/hianyzik-a-szakkepzett-munkaero-a-balatonnal\\\/#organizationLogo\"},\"image\":{\"@id\":\"https:\\\/\\\/allasorias.hu\\\/hirek\\\/hianyzik-a-szakkepzett-munkaero-a-balatonnal\\\/#organizationLogo\"},\"sameAs\":[\"https:\\\/\\\/www.facebook.com\\\/allasorias\",\"https:\\\/\\\/www.linkedin.com\\\/company\\\/allasorias\"]},{\"@type\":\"Person\",\"@id\":\"https:\\\/\\\/allasorias.hu\\\/hirek\\\/author\\\/admin-allasorias\\\/#author\",\"url\":\"https:\\\/\\\/allasorias.hu\\\/hirek\\\/author\\\/admin-allasorias\\\/\",\"name\":\"Juh\\u00e1sz P\\u00e9ter\",\"image\":{\"@type\":\"ImageObject\",\"@id\":\"https:\\\/\\\/allasorias.hu\\\/hirek\\\/hianyzik-a-szakkepzett-munkaero-a-balatonnal\\\/#authorImage\",\"url\":\"https:\\\/\\\/secure.gravatar.com\\\/avatar\\\/36e6bcb83148978b992977cb0f54d22feb0cce8a0a849a9410532bb2623ba4c6?s=96&d=mm&r=g\",\"width\":96,\"height\":96,\"caption\":\"Juh\\u00e1sz P\\u00e9ter\"}},{\"@type\":\"WebPage\",\"@id\":\"https:\\\/\\\/allasorias.hu\\\/hirek\\\/hianyzik-a-szakkepzett-munkaero-a-balatonnal\\\/#webpage\",\"url\":\"https:\\\/\\\/allasorias.hu\\\/hirek\\\/hianyzik-a-szakkepzett-munkaero-a-balatonnal\\\/\",\"name\":\"Hi\\u00e1nyzik a szakk\\u00e9pzett munkaer\\u0151 a Balatonn\\u00e1l | AllasOrias.hu | H\\u00edrek-lapszemle\",\"description\":\"T\\u00f6bb d\\u00e9l-balatoni vend\\u00e9gl\\u00e1t\\u00f3 \\u00fczletben is neh\\u00e9zs\\u00e9get okoz a szakk\\u00e9pzett munkaer\\u0151 hi\\u00e1nya, \\u00e9s a j\\u00falius elsej\\u00e9t\\u0151l el\\u0151\\u00edrt adatszolg\\u00e1ltat\\u00e1si k\\u00f6telezetts\\u00e9g. Err\\u0151l Kert\\u00e9sz Rezs\\u0151, a Kereskedelmi \\u00e9s Vend\\u00e9gl\\u00e1t\\u00f3 V\\u00e1llalkoz\\u00f3k Somogy Megyei \\u00c9rdekk\\u00e9pviselet\\u00e9nek (KISOSZ) t\\u00e1rseln\\u00f6ke sz\\u00e1molt be, \\u00f6sszegezve a d\\u00e9l-balatoni mikro-, kis-, \\u00e9s csal\\u00e1di v\\u00e1llalkoz\\u00f3k ny\\u00e1ri turisztikai szezonind\\u00edt\\u00f3 f\\u00f3rum\\u00e1n elhangzottakat. Mint kifejtette, a szakk\\u00e9pzett munkaer\\u0151 hi\\u00e1nya \\u00e9vek \\u00f3ta probl\\u00e9ma\",\"inLanguage\":\"hu-HU\",\"isPartOf\":{\"@id\":\"https:\\\/\\\/allasorias.hu\\\/hirek\\\/#website\"},\"breadcrumb\":{\"@id\":\"https:\\\/\\\/allasorias.hu\\\/hirek\\\/hianyzik-a-szakkepzett-munkaero-a-balatonnal\\\/#breadcrumblist\"},\"author\":{\"@id\":\"https:\\\/\\\/allasorias.hu\\\/hirek\\\/author\\\/admin-allasorias\\\/#author\"},\"creator\":{\"@id\":\"https:\\\/\\\/allasorias.hu\\\/hirek\\\/author\\\/admin-allasorias\\\/#author\"},\"image\":{\"@type\":\"ImageObject\",\"url\":\"https:\\\/\\\/allasorias.hu\\\/hirek\\\/wp-content\\\/uploads\\\/2022\\\/06\\\/close-up-waiter-standing-with-napkin.jpg\",\"@id\":\"https:\\\/\\\/allasorias.hu\\\/hirek\\\/hianyzik-a-szakkepzett-munkaero-a-balatonnal\\\/#mainImage\",\"width\":1000,\"height\":667,\"caption\":\"Close-up of waiter standing with napkin in restaurant\"},\"primaryImageOfPage\":{\"@id\":\"https:\\\/\\\/allasorias.hu\\\/hirek\\\/hianyzik-a-szakkepzett-munkaero-a-balatonnal\\\/#mainImage\"},\"datePublished\":\"2022-06-02T09:12:36+02:00\",\"dateModified\":\"2022-06-02T09:12:36+02:00\"},{\"@type\":\"WebSite\",\"@id\":\"https:\\\/\\\/allasorias.hu\\\/hirek\\\/#website\",\"url\":\"https:\\\/\\\/allasorias.hu\\\/hirek\\\/\",\"name\":\"AllasOrias.hu | H\\u00edrek-lapszemle\",\"description\":\"\\u00dczleti h\\u00edrek az \\u00e1ll\\u00e1s \\u00e9s a munka vil\\u00e1g\\u00e1b\\u00f3l\",\"inLanguage\":\"hu-HU\",\"publisher\":{\"@id\":\"https:\\\/\\\/allasorias.hu\\\/hirek\\\/#organization\"}}]}\n\t\t<\/script>\n\t\t<!-- All in One SEO -->\n\n","aioseo_head_json":{"title":"Hi\u00e1nyzik a szakk\u00e9pzett munkaer\u0151 a Balatonn\u00e1l | AllasOrias.hu | H\u00edrek-lapszemle","description":"T\u00f6bb d\u00e9l-balatoni vend\u00e9gl\u00e1t\u00f3 \u00fczletben is neh\u00e9zs\u00e9get okoz a szakk\u00e9pzett munkaer\u0151 hi\u00e1nya, \u00e9s a j\u00falius elsej\u00e9t\u0151l el\u0151\u00edrt adatszolg\u00e1ltat\u00e1si k\u00f6telezetts\u00e9g. Err\u0151l Kert\u00e9sz Rezs\u0151, a Kereskedelmi \u00e9s Vend\u00e9gl\u00e1t\u00f3 V\u00e1llalkoz\u00f3k Somogy Megyei \u00c9rdekk\u00e9pviselet\u00e9nek (KISOSZ) t\u00e1rseln\u00f6ke sz\u00e1molt be, \u00f6sszegezve a d\u00e9l-balatoni mikro-, kis-, \u00e9s csal\u00e1di v\u00e1llalkoz\u00f3k ny\u00e1ri turisztikai szezonind\u00edt\u00f3 f\u00f3rum\u00e1n elhangzottakat. Mint kifejtette, a szakk\u00e9pzett munkaer\u0151 hi\u00e1nya \u00e9vek \u00f3ta probl\u00e9ma","canonical_url":"https:\/\/allasorias.hu\/hirek\/hianyzik-a-szakkepzett-munkaero-a-balatonnal\/","robots":"max-image-preview:large","keywords":"","webmasterTools":{"miscellaneous":""},"schema":{"@context":"https:\/\/schema.org","@graph":[{"@type":"Article","@id":"https:\/\/allasorias.hu\/hirek\/hianyzik-a-szakkepzett-munkaero-a-balatonnal\/#article","name":"Hi\u00e1nyzik a szakk\u00e9pzett munkaer\u0151 a Balatonn\u00e1l | AllasOrias.hu | H\u00edrek-lapszemle","headline":"Hi\u00e1nyzik a szakk\u00e9pzett munkaer\u0151 a Balatonn\u00e1l","author":{"@id":"https:\/\/allasorias.hu\/hirek\/author\/admin-allasorias\/#author"},"publisher":{"@id":"https:\/\/allasorias.hu\/hirek\/#organization"},"image":{"@type":"ImageObject","url":"https:\/\/allasorias.hu\/hirek\/wp-content\/uploads\/2022\/06\/close-up-waiter-standing-with-napkin.jpg","width":1000,"height":667,"caption":"Close-up of waiter standing with napkin in restaurant"},"datePublished":"2022-06-02T09:12:36+02:00","dateModified":"2022-06-02T09:12:36+02:00","inLanguage":"hu-HU","mainEntityOfPage":{"@id":"https:\/\/allasorias.hu\/hirek\/hianyzik-a-szakkepzett-munkaero-a-balatonnal\/#webpage"},"isPartOf":{"@id":"https:\/\/allasorias.hu\/hirek\/hianyzik-a-szakkepzett-munkaero-a-balatonnal\/#webpage"},"articleSection":"Munkaer\u0151piac"},{"@type":"BreadcrumbList","@id":"https:\/\/allasorias.hu\/hirek\/hianyzik-a-szakkepzett-munkaero-a-balatonnal\/#breadcrumblist","itemListElement":[{"@type":"ListItem","@id":"https:\/\/allasorias.hu\/hirek#listItem","position":1,"name":"Home","item":"https:\/\/allasorias.hu\/hirek","nextItem":{"@type":"ListItem","@id":"https:\/\/allasorias.hu\/hirek\/temak\/munkaeropiac\/#listItem","name":"Munkaer\u0151piac"}},{"@type":"ListItem","@id":"https:\/\/allasorias.hu\/hirek\/temak\/munkaeropiac\/#listItem","position":2,"name":"Munkaer\u0151piac","item":"https:\/\/allasorias.hu\/hirek\/temak\/munkaeropiac\/","nextItem":{"@type":"ListItem","@id":"https:\/\/allasorias.hu\/hirek\/hianyzik-a-szakkepzett-munkaero-a-balatonnal\/#listItem","name":"Hi\u00e1nyzik a szakk\u00e9pzett munkaer\u0151 a Balatonn\u00e1l"},"previousItem":{"@type":"ListItem","@id":"https:\/\/allasorias.hu\/hirek#listItem","name":"Home"}},{"@type":"ListItem","@id":"https:\/\/allasorias.hu\/hirek\/hianyzik-a-szakkepzett-munkaero-a-balatonnal\/#listItem","position":3,"name":"Hi\u00e1nyzik a szakk\u00e9pzett munkaer\u0151 a Balatonn\u00e1l","previousItem":{"@type":"ListItem","@id":"https:\/\/allasorias.hu\/hirek\/temak\/munkaeropiac\/#listItem","name":"Munkaer\u0151piac"}}]},{"@type":"Organization","@id":"https:\/\/allasorias.hu\/hirek\/#organization","name":"AllasOrias.hu | H\u00edrek-lapszemle","description":"\u00dczleti h\u00edrek az \u00e1ll\u00e1s \u00e9s a munka vil\u00e1g\u00e1b\u00f3l","url":"https:\/\/allasorias.hu\/hirek\/","logo":{"@type":"ImageObject","url":"https:\/\/allasorias.hu\/hirek\/wp-content\/uploads\/2022\/10\/allasorias_site_facebok_logo.png","@id":"https:\/\/allasorias.hu\/hirek\/hianyzik-a-szakkepzett-munkaero-a-balatonnal\/#organizationLogo"},"image":{"@id":"https:\/\/allasorias.hu\/hirek\/hianyzik-a-szakkepzett-munkaero-a-balatonnal\/#organizationLogo"},"sameAs":["https:\/\/www.facebook.com\/allasorias","https:\/\/www.linkedin.com\/company\/allasorias"]},{"@type":"Person","@id":"https:\/\/allasorias.hu\/hirek\/author\/admin-allasorias\/#author","url":"https:\/\/allasorias.hu\/hirek\/author\/admin-allasorias\/","name":"Juh\u00e1sz P\u00e9ter","image":{"@type":"ImageObject","@id":"https:\/\/allasorias.hu\/hirek\/hianyzik-a-szakkepzett-munkaero-a-balatonnal\/#authorImage","url":"https:\/\/secure.gravatar.com\/avatar\/36e6bcb83148978b992977cb0f54d22feb0cce8a0a849a9410532bb2623ba4c6?s=96&d=mm&r=g","width":96,"height":96,"caption":"Juh\u00e1sz P\u00e9ter"}},{"@type":"WebPage","@id":"https:\/\/allasorias.hu\/hirek\/hianyzik-a-szakkepzett-munkaero-a-balatonnal\/#webpage","url":"https:\/\/allasorias.hu\/hirek\/hianyzik-a-szakkepzett-munkaero-a-balatonnal\/","name":"Hi\u00e1nyzik a szakk\u00e9pzett munkaer\u0151 a Balatonn\u00e1l | AllasOrias.hu | H\u00edrek-lapszemle","description":"T\u00f6bb d\u00e9l-balatoni vend\u00e9gl\u00e1t\u00f3 \u00fczletben is neh\u00e9zs\u00e9get okoz a szakk\u00e9pzett munkaer\u0151 hi\u00e1nya, \u00e9s a j\u00falius elsej\u00e9t\u0151l el\u0151\u00edrt adatszolg\u00e1ltat\u00e1si k\u00f6telezetts\u00e9g. Err\u0151l Kert\u00e9sz Rezs\u0151, a Kereskedelmi \u00e9s Vend\u00e9gl\u00e1t\u00f3 V\u00e1llalkoz\u00f3k Somogy Megyei \u00c9rdekk\u00e9pviselet\u00e9nek (KISOSZ) t\u00e1rseln\u00f6ke sz\u00e1molt be, \u00f6sszegezve a d\u00e9l-balatoni mikro-, kis-, \u00e9s csal\u00e1di v\u00e1llalkoz\u00f3k ny\u00e1ri turisztikai szezonind\u00edt\u00f3 f\u00f3rum\u00e1n elhangzottakat. Mint kifejtette, a szakk\u00e9pzett munkaer\u0151 hi\u00e1nya \u00e9vek \u00f3ta probl\u00e9ma","inLanguage":"hu-HU","isPartOf":{"@id":"https:\/\/allasorias.hu\/hirek\/#website"},"breadcrumb":{"@id":"https:\/\/allasorias.hu\/hirek\/hianyzik-a-szakkepzett-munkaero-a-balatonnal\/#breadcrumblist"},"author":{"@id":"https:\/\/allasorias.hu\/hirek\/author\/admin-allasorias\/#author"},"creator":{"@id":"https:\/\/allasorias.hu\/hirek\/author\/admin-allasorias\/#author"},"image":{"@type":"ImageObject","url":"https:\/\/allasorias.hu\/hirek\/wp-content\/uploads\/2022\/06\/close-up-waiter-standing-with-napkin.jpg","@id":"https:\/\/allasorias.hu\/hirek\/hianyzik-a-szakkepzett-munkaero-a-balatonnal\/#mainImage","width":1000,"height":667,"caption":"Close-up of waiter standing with napkin in restaurant"},"primaryImageOfPage":{"@id":"https:\/\/allasorias.hu\/hirek\/hianyzik-a-szakkepzett-munkaero-a-balatonnal\/#mainImage"},"datePublished":"2022-06-02T09:12:36+02:00","dateModified":"2022-06-02T09:12:36+02:00"},{"@type":"WebSite","@id":"https:\/\/allasorias.hu\/hirek\/#website","url":"https:\/\/allasorias.hu\/hirek\/","name":"AllasOrias.hu | H\u00edrek-lapszemle","description":"\u00dczleti h\u00edrek az \u00e1ll\u00e1s \u00e9s a munka vil\u00e1g\u00e1b\u00f3l","inLanguage":"hu-HU","publisher":{"@id":"https:\/\/allasorias.hu\/hirek\/#organization"}}]},"og:locale":"hu_HU","og:site_name":"AllasOrias.hu | H\u00edrek-lapszemle | \u00dczleti h\u00edrek az \u00e1ll\u00e1s \u00e9s a munka vil\u00e1g\u00e1b\u00f3l","og:type":"article","og:title":"Hi\u00e1nyzik a szakk\u00e9pzett munkaer\u0151 a Balatonn\u00e1l | AllasOrias.hu | H\u00edrek-lapszemle","og:description":"T\u00f6bb d\u00e9l-balatoni vend\u00e9gl\u00e1t\u00f3 \u00fczletben is neh\u00e9zs\u00e9get okoz a szakk\u00e9pzett munkaer\u0151 hi\u00e1nya, \u00e9s a j\u00falius elsej\u00e9t\u0151l el\u0151\u00edrt adatszolg\u00e1ltat\u00e1si k\u00f6telezetts\u00e9g. Err\u0151l Kert\u00e9sz Rezs\u0151, a Kereskedelmi \u00e9s Vend\u00e9gl\u00e1t\u00f3 V\u00e1llalkoz\u00f3k Somogy Megyei \u00c9rdekk\u00e9pviselet\u00e9nek (KISOSZ) t\u00e1rseln\u00f6ke sz\u00e1molt be, \u00f6sszegezve a d\u00e9l-balatoni mikro-, kis-, \u00e9s csal\u00e1di v\u00e1llalkoz\u00f3k ny\u00e1ri turisztikai szezonind\u00edt\u00f3 f\u00f3rum\u00e1n elhangzottakat. Mint kifejtette, a szakk\u00e9pzett munkaer\u0151 hi\u00e1nya \u00e9vek \u00f3ta probl\u00e9ma","og:url":"https:\/\/allasorias.hu\/hirek\/hianyzik-a-szakkepzett-munkaero-a-balatonnal\/","og:image":"https:\/\/allasorias.hu\/hirek\/wp-content\/uploads\/2022\/06\/close-up-waiter-standing-with-napkin.jpg","og:image:secure_url":"https:\/\/allasorias.hu\/hirek\/wp-content\/uploads\/2022\/06\/close-up-waiter-standing-with-napkin.jpg","og:image:width":1000,"og:image:height":667,"article:published_time":"2022-06-02T09:12:36+00:00","article:modified_time":"2022-06-02T09:12:36+00:00","article:publisher":"https:\/\/www.facebook.com\/allasorias","twitter:card":"summary_large_image","twitter:title":"Hi\u00e1nyzik a szakk\u00e9pzett munkaer\u0151 a Balatonn\u00e1l | AllasOrias.hu | H\u00edrek-lapszemle","twitter:description":"T\u00f6bb d\u00e9l-balatoni vend\u00e9gl\u00e1t\u00f3 \u00fczletben is neh\u00e9zs\u00e9get okoz a szakk\u00e9pzett munkaer\u0151 hi\u00e1nya, \u00e9s a j\u00falius elsej\u00e9t\u0151l el\u0151\u00edrt adatszolg\u00e1ltat\u00e1si k\u00f6telezetts\u00e9g. Err\u0151l Kert\u00e9sz Rezs\u0151, a Kereskedelmi \u00e9s Vend\u00e9gl\u00e1t\u00f3 V\u00e1llalkoz\u00f3k Somogy Megyei \u00c9rdekk\u00e9pviselet\u00e9nek (KISOSZ) t\u00e1rseln\u00f6ke sz\u00e1molt be, \u00f6sszegezve a d\u00e9l-balatoni mikro-, kis-, \u00e9s csal\u00e1di v\u00e1llalkoz\u00f3k ny\u00e1ri turisztikai szezonind\u00edt\u00f3 f\u00f3rum\u00e1n elhangzottakat. Mint kifejtette, a szakk\u00e9pzett munkaer\u0151 hi\u00e1nya \u00e9vek \u00f3ta probl\u00e9ma","twitter:image":"https:\/\/allasorias.hu\/hirek\/wp-content\/uploads\/2022\/06\/close-up-waiter-standing-with-napkin.jpg","twitter:label1":"Written by","twitter:data1":"Juh\u00e1sz P\u00e9ter","twitter:label2":"Est. reading time","twitter:data2":"2 minutes"},"aioseo_meta_data":{"post_id":"5598","title":null,"description":null,"keywords":[],"keyphrases":{"focus":{"keyphrase":"","score":0,"analysis":{"keyphraseInTitle":{"score":0,"maxScore":9,"error":1}}},"additional":[]},"primary_term":null,"canonical_url":null,"og_title":null,"og_description":null,"og_object_type":"default","og_image_type":"default","og_image_url":null,"og_image_width":null,"og_image_height":null,"og_image_custom_url":null,"og_image_custom_fields":null,"og_video":"","og_custom_url":null,"og_article_section":null,"og_article_tags":[],"twitter_use_og":false,"twitter_card":"default","twitter_image_type":"default","twitter_image_url":null,"twitter_image_custom_url":null,"twitter_image_custom_fields":null,"twitter_title":null,"twitter_description":null,"schema":{"blockGraphs":[],"customGraphs":[],"default":{"data":{"Article":[],"Course":[],"Dataset":[],"FAQPage":[],"Movie":[],"Person":[],"Product":[],"ProductReview":[],"Car":[],"Recipe":[],"Service":[],"SoftwareApplication":[],"WebPage":[]},"graphName":"","isEnabled":true},"graphs":[],"defaultGraph":"Article","defaultPostTypeGraph":""},"schema_type":"default","schema_type_options":"{\"article\":{\"articleType\":\"BlogPosting\"},\"course\":{\"name\":\"\",\"description\":\"\",\"provider\":\"\"},\"faq\":{\"pages\":[]},\"product\":{\"reviews\":[]},\"recipe\":{\"ingredients\":[],\"instructions\":[],\"keywords\":[]},\"software\":{\"reviews\":[],\"operatingSystems\":[]},\"webPage\":{\"webPageType\":\"WebPage\"}}","pillar_content":false,"robots_default":true,"robots_noindex":false,"robots_noarchive":false,"robots_nosnippet":false,"robots_nofollow":false,"robots_noimageindex":false,"robots_noodp":false,"robots_notranslate":false,"robots_max_snippet":"-1","robots_max_videopreview":"-1","robots_max_imagepreview":"large","priority":null,"frequency":"default","location":null,"local_seo":null,"breadcrumb_settings":null,"limit_modified_date":false,"ai":null,"created":"2022-06-02 09:09:08","updated":"2025-10-02 16:59:49","seo_analyzer_scan_date":null,"focus_keyword":null,"additional_keywords":null,"truseo_locale":null},"aioseo_breadcrumb":"<div class=\"aioseo-breadcrumbs\"><span class=\"aioseo-breadcrumb\">\n\t\t\t<a href=\"https:\/\/allasorias.hu\/hirek\" title=\"Home\">Home<\/a>\n\t\t<\/span><span class=\"aioseo-breadcrumb-separator\">&raquo;<\/span><span class=\"aioseo-breadcrumb\">\n\t\t\t<a href=\"https:\/\/allasorias.hu\/hirek\/temak\/munkaeropiac\/\" title=\"Munkaer\u0151piac\">Munkaer\u0151piac<\/a>\n\t\t<\/span><span class=\"aioseo-breadcrumb-separator\">&raquo;<\/span><span class=\"aioseo-breadcrumb\">\n\t\t\tHi\u00e1nyzik a szakk\u00e9pzett munkaer\u0151 a Balatonn\u00e1l\n\t\t<\/span><\/div>","aioseo_breadcrumb_json":[{"label":"Home","link":"https:\/\/allasorias.hu\/hirek"},{"label":"Munkaer\u0151piac","link":"https:\/\/allasorias.hu\/hirek\/temak\/munkaeropiac\/"},{"label":"Hi\u00e1nyzik a szakk\u00e9pzett munkaer\u0151 a Balatonn\u00e1l","link":"https:\/\/allasorias.hu\/hirek\/hianyzik-a-szakkepzett-munkaero-a-balatonnal\/"}],"_links":{"self":[{"href":"https:\/\/allasorias.hu\/hirek\/wp-json\/wp\/v2\/posts\/5598","targetHints":{"allow":["GET"]}}],"collection":[{"href":"https:\/\/allasorias.hu\/hirek\/wp-json\/wp\/v2\/posts"}],"about":[{"href":"https:\/\/allasorias.hu\/hirek\/wp-json\/wp\/v2\/types\/post"}],"author":[{"embeddable":true,"href":"https:\/\/allasorias.hu\/hirek\/wp-json\/wp\/v2\/users\/1"}],"replies":[{"embeddable":true,"href":"https:\/\/allasorias.hu\/hirek\/wp-json\/wp\/v2\/comments?post=5598"}],"version-history":[{"count":1,"href":"https:\/\/allasorias.hu\/hirek\/wp-json\/wp\/v2\/posts\/5598\/revisions"}],"predecessor-version":[{"id":5600,"href":"https:\/\/allasorias.hu\/hirek\/wp-json\/wp\/v2\/posts\/5598\/revisions\/5600"}],"wp:featuredmedia":[{"embeddable":true,"href":"https:\/\/allasorias.hu\/hirek\/wp-json\/wp\/v2\/media\/5599"}],"wp:attachment":[{"href":"https:\/\/allasorias.hu\/hirek\/wp-json\/wp\/v2\/media?parent=5598"}],"wp:term":[{"taxonomy":"category","embeddable":true,"href":"https:\/\/allasorias.hu\/hirek\/wp-json\/wp\/v2\/categories?post=5598"},{"taxonomy":"post_tag","embeddable":true,"href":"https:\/\/allasorias.hu\/hirek\/wp-json\/wp\/v2\/tags?post=5598"}],"curies":[{"name":"wp","href":"https:\/\/api.w.org\/{rel}","templated":true}]}}