{"id":5564,"date":"2022-05-16T07:18:22","date_gmt":"2022-05-16T07:18:22","guid":{"rendered":"https:\/\/allasorias.hu\/hirek\/?p=5564"},"modified":"2022-05-16T07:18:22","modified_gmt":"2022-05-16T07:18:22","slug":"csokkent-az-ut-a-munkaeropiacra-program-keretosszege","status":"publish","type":"post","link":"https:\/\/allasorias.hu\/hirek\/csokkent-az-ut-a-munkaeropiacra-program-keretosszege\/","title":{"rendered":"Cs\u00f6kkent az \u201e\u00dat a munkaer\u0151piacra\u201d program keret\u00f6sszege"},"content":{"rendered":"<p><strong>Az \u201e\u00dat a munkaer\u0151piacra\u201d (GINOP-5.1.1-15) 2015. szeptember 3-\u00e1n jelent meg, az\u00f3ta a mostani a 14. m\u00f3dos\u00edt\u00e1s. A p\u00e1ly\u00e1zati term\u00e9szetesen m\u00e1r lez\u00e1rult, a megval\u00f3s\u00edt\u00e1s azonban m\u00e9g folyamatban van. Sokadszorra m\u00f3dos\u00edtotta a korm\u00e1ny a Gazdas\u00e1gfejleszt\u00e9si \u00e9s Innov\u00e1ci\u00f3s Operat\u00edv Program (GINOP) egyik legr\u00e9gebbi \u2013 \u00e9s egyik legnagyobb keret\u00f6sszeg\u0171 \u2013 p\u00e1ly\u00e1zat\u00e1t, a 2015 \u0151sz\u00e9n megjelent \u201e\u00dat a munkaer\u0151piacra\u201d c\u00edm\u0171 kiemelt felh\u00edv\u00e1st. A mostani v\u00e1ltoz\u00e1sok egyike a catering k\u00f6lts\u00e9gek elsz\u00e1mol\u00e1s\u00e1t \u00e9rinti. <\/strong><\/p>\n<p>A rendezv\u00e9nyszervez\u00e9s elsz\u00e1molhat\u00f3 k\u00f6lts\u00e9gei k\u00f6z\u00f6tt szerepel az \u201e1 r\u00e9sztvev\u0151re \u00e9s 1 napra jut\u00f3 catering k\u00f6lts\u00e9g\u201d t\u00e9tel, amely a friss m\u00f3dos\u00edt\u00e1s nyom\u00e1n \u201enem haladhatja meg a brutt\u00f3 9000 forintot\u201d \u2013 az el\u0151z\u0151 verzi\u00f3ban itt m\u00e9g 6000 forint szerepelt. A felh\u00edv\u00e1s keret\u00f6sszege ugyanakkor cs\u00f6kkent: 246,61 milli\u00e1rd forintr\u00f3l 244,46 milli\u00e1rd forintra. Az \u201e\u00dat a munkaer\u0151piacra\u201d (GINOP-5.1.1-15) 2015. szeptember 3-\u00e1n jelent meg, az\u00f3ta a mostani a 14. m\u00f3dos\u00edt\u00e1s. A p\u00e1ly\u00e1zati term\u00e9szetesen m\u00e1r lez\u00e1rult, a megval\u00f3s\u00edt\u00e1s azonban m\u00e9g folyamatban van. \u201eA projekt fizikai befejez\u00e9s\u00e9nek meg kell t\u00f6rt\u00e9nnie legk\u00e9s\u0151bb 2022. december 31-ig\u201d \u2013 olvashatjuk a felh\u00edv\u00e1sban. A felh\u00edv\u00e1s c\u00e9lja olyan projekt megval\u00f3s\u00edt\u00e1sa, amely egyr\u00e9szt az \u00e1ll\u00e1skeres\u0151k, k\u00fcl\u00f6n\u00f6sen az alacsony iskolai v\u00e9gzetts\u00e9g\u0171ek foglalkoztathat\u00f3s\u00e1g\u00e1nak jav\u00edt\u00e1s\u00e1t, ny\u00edlt munkaer\u0151-piaci elhelyezked\u00e9s\u00e9t szolg\u00e1lja, m\u00e1sr\u00e9szt a k\u00f6zfoglalkoztat\u00e1sb\u00f3l a versenyszf\u00e9r\u00e1ba val\u00f3 \u00e1tl\u00e9p\u00e9st k\u00edv\u00e1nja el\u0151seg\u00edteni azon k\u00f6zfoglalkoztatottak eset\u00e9ben, akik k\u00e9pess\u00e9 tehet\u0151k \u00e9s k\u00e9szek munk\u00e1t v\u00e1llalni a versenyszf\u00e9r\u00e1ban. A projekt keret\u00e9ben szem\u00e9lyre szabott int\u00e9zked\u00e9sek \u2013 c\u00e9lzott munkaer\u0151-piaci k\u00e9pz\u00e9s, munkaer\u0151-piaci szolg\u00e1ltat\u00e1sok, a foglalkoztat\u00e1s k\u00f6lts\u00e9geinek \u00e1tmeneti t\u00e1mogat\u00e1sa stb. \u2013 mellett az \u00e1ll\u00e1skeres\u0151knek \u00e9s a munk\u00e1ltat\u00f3knak ny\u00fajtott szolg\u00e1ltat\u00e1sok el\u00e9rhet\u0151s\u00e9g\u00e9nek, min\u0151s\u00e9g\u00e9nek, hat\u00e9konys\u00e1g\u00e1nak jav\u00edt\u00e1sa egyar\u00e1nt t\u00e1mogathat\u00f3. Az eredetileg kijel\u00f6lt p\u00e1ly\u00e1z\u00f3 a Nemzetgazdas\u00e1gi Miniszt\u00e9rium volt, a 2018-as v\u00e1ltoz\u00e1sok k\u00f6z\u00f6tt szerepelt, hogy a feladatot a P\u00e9nz\u00fcgyminiszt\u00e9rium veszi \u00e1t (pontosabban tarja meg).<\/p>\n<p>Forr\u00e1s: uzletem.hu<\/p>\n","protected":false},"excerpt":{"rendered":"<p>Az \u201e\u00dat a munkaer\u0151piacra\u201d (GINOP-5.1.1-15) 2015. szeptember 3-\u00e1n jelent meg, az\u00f3ta a mostani a 14. m\u00f3dos\u00edt\u00e1s. A p\u00e1ly\u00e1zati term\u00e9szetesen m\u00e1r lez\u00e1rult, a megval\u00f3s\u00edt\u00e1s azonban m\u00e9g folyamatban van. Sokadszorra m\u00f3dos\u00edtotta a korm\u00e1ny a Gazdas\u00e1gfejleszt\u00e9si \u00e9s Innov\u00e1ci\u00f3s Operat\u00edv Program (GINOP) egyik legr\u00e9gebbi \u2013 \u00e9s egyik legnagyobb keret\u00f6sszeg\u0171 \u2013 p\u00e1ly\u00e1zat\u00e1t, a 2015 \u0151sz\u00e9n megjelent \u201e\u00dat a munkaer\u0151piacra\u201d c\u00edm\u0171 [&hellip;]<\/p>\n","protected":false},"author":1,"featured_media":4588,"comment_status":"open","ping_status":"open","sticky":false,"template":"","format":"standard","meta":{"_monsterinsights_skip_tracking":false,"footnotes":""},"categories":[200],"tags":[],"class_list":["post-5564","post","type-post","status-publish","format-standard","has-post-thumbnail","hentry","category-munkaeropiac"],"aioseo_notices":[],"aioseo_head":"\n\t\t<!-- All in One SEO 5.0.0.1 - aioseo.com -->\n\t<meta name=\"description\" content=\"Az \u201e\u00dat a munkaer\u0151piacra\u201d (GINOP-5.1.1-15) 2015. szeptember 3-\u00e1n jelent meg, az\u00f3ta a mostani a 14. m\u00f3dos\u00edt\u00e1s. A p\u00e1ly\u00e1zati term\u00e9szetesen m\u00e1r lez\u00e1rult, a megval\u00f3s\u00edt\u00e1s azonban m\u00e9g folyamatban van. Sokadszorra m\u00f3dos\u00edtotta a korm\u00e1ny a Gazdas\u00e1gfejleszt\u00e9si \u00e9s Innov\u00e1ci\u00f3s Operat\u00edv Program (GINOP) egyik legr\u00e9gebbi \u2013 \u00e9s egyik legnagyobb keret\u00f6sszeg\u0171 \u2013 p\u00e1ly\u00e1zat\u00e1t, a 2015 \u0151sz\u00e9n megjelent \u201e\u00dat a munkaer\u0151piacra\u201d c\u00edm\u0171\" \/>\n\t<meta name=\"robots\" content=\"max-image-preview:large\" \/>\n\t<meta name=\"author\" content=\"Juh\u00e1sz P\u00e9ter\"\/>\n\t<link rel=\"canonical\" href=\"https:\/\/allasorias.hu\/hirek\/csokkent-az-ut-a-munkaeropiacra-program-keretosszege\/\" \/>\n\t<meta name=\"generator\" content=\"All in One SEO (AIOSEO) 5.0.0.1\" \/>\n\t\t<meta property=\"og:locale\" content=\"hu_HU\" \/>\n\t\t<meta property=\"og:site_name\" content=\"AllasOrias.hu | H\u00edrek-lapszemle | \u00dczleti h\u00edrek az \u00e1ll\u00e1s \u00e9s a munka vil\u00e1g\u00e1b\u00f3l\" \/>\n\t\t<meta property=\"og:type\" content=\"article\" \/>\n\t\t<meta property=\"og:title\" content=\"Cs\u00f6kkent az \u201e\u00dat a munkaer\u0151piacra\u201d program keret\u00f6sszege | AllasOrias.hu | H\u00edrek-lapszemle\" \/>\n\t\t<meta property=\"og:description\" content=\"Az \u201e\u00dat a munkaer\u0151piacra\u201d (GINOP-5.1.1-15) 2015. szeptember 3-\u00e1n jelent meg, az\u00f3ta a mostani a 14. m\u00f3dos\u00edt\u00e1s. A p\u00e1ly\u00e1zati term\u00e9szetesen m\u00e1r lez\u00e1rult, a megval\u00f3s\u00edt\u00e1s azonban m\u00e9g folyamatban van. Sokadszorra m\u00f3dos\u00edtotta a korm\u00e1ny a Gazdas\u00e1gfejleszt\u00e9si \u00e9s Innov\u00e1ci\u00f3s Operat\u00edv Program (GINOP) egyik legr\u00e9gebbi \u2013 \u00e9s egyik legnagyobb keret\u00f6sszeg\u0171 \u2013 p\u00e1ly\u00e1zat\u00e1t, a 2015 \u0151sz\u00e9n megjelent \u201e\u00dat a munkaer\u0151piacra\u201d c\u00edm\u0171\" \/>\n\t\t<meta property=\"og:url\" content=\"https:\/\/allasorias.hu\/hirek\/csokkent-az-ut-a-munkaeropiacra-program-keretosszege\/\" \/>\n\t\t<meta property=\"og:image\" content=\"https:\/\/allasorias.hu\/hirek\/wp-content\/uploads\/2021\/02\/charts-graphs-with-magnifying-glass-pencil-calculator-clock-reflection-light-flare-concept-image-data-gathering-statistical-working.jpg\" \/>\n\t\t<meta property=\"og:image:secure_url\" content=\"https:\/\/allasorias.hu\/hirek\/wp-content\/uploads\/2021\/02\/charts-graphs-with-magnifying-glass-pencil-calculator-clock-reflection-light-flare-concept-image-data-gathering-statistical-working.jpg\" \/>\n\t\t<meta property=\"og:image:width\" content=\"1920\" \/>\n\t\t<meta property=\"og:image:height\" content=\"1280\" \/>\n\t\t<meta property=\"article:published_time\" content=\"2022-05-16T07:18:22+00:00\" \/>\n\t\t<meta property=\"article:modified_time\" content=\"2022-05-16T07:18:22+00:00\" \/>\n\t\t<meta property=\"article:publisher\" content=\"https:\/\/www.facebook.com\/allasorias\" \/>\n\t\t<meta name=\"twitter:card\" content=\"summary_large_image\" \/>\n\t\t<meta name=\"twitter:title\" content=\"Cs\u00f6kkent az \u201e\u00dat a munkaer\u0151piacra\u201d program keret\u00f6sszege | AllasOrias.hu | H\u00edrek-lapszemle\" \/>\n\t\t<meta name=\"twitter:description\" content=\"Az \u201e\u00dat a munkaer\u0151piacra\u201d (GINOP-5.1.1-15) 2015. szeptember 3-\u00e1n jelent meg, az\u00f3ta a mostani a 14. m\u00f3dos\u00edt\u00e1s. A p\u00e1ly\u00e1zati term\u00e9szetesen m\u00e1r lez\u00e1rult, a megval\u00f3s\u00edt\u00e1s azonban m\u00e9g folyamatban van. Sokadszorra m\u00f3dos\u00edtotta a korm\u00e1ny a Gazdas\u00e1gfejleszt\u00e9si \u00e9s Innov\u00e1ci\u00f3s Operat\u00edv Program (GINOP) egyik legr\u00e9gebbi \u2013 \u00e9s egyik legnagyobb keret\u00f6sszeg\u0171 \u2013 p\u00e1ly\u00e1zat\u00e1t, a 2015 \u0151sz\u00e9n megjelent \u201e\u00dat a munkaer\u0151piacra\u201d c\u00edm\u0171\" \/>\n\t\t<meta name=\"twitter:image\" content=\"https:\/\/allasorias.hu\/hirek\/wp-content\/uploads\/2021\/02\/charts-graphs-with-magnifying-glass-pencil-calculator-clock-reflection-light-flare-concept-image-data-gathering-statistical-working.jpg\" \/>\n\t\t<meta name=\"twitter:label1\" content=\"Written by\" \/>\n\t\t<meta name=\"twitter:data1\" content=\"Juh\u00e1sz P\u00e9ter\" \/>\n\t\t<meta name=\"twitter:label2\" content=\"Est. reading time\" \/>\n\t\t<meta name=\"twitter:data2\" content=\"2 minutes\" \/>\n\t\t<script type=\"application\/ld+json\" class=\"aioseo-schema\">\n\t\t\t{\"@context\":\"https:\\\/\\\/schema.org\",\"@graph\":[{\"@type\":\"Article\",\"@id\":\"https:\\\/\\\/allasorias.hu\\\/hirek\\\/csokkent-az-ut-a-munkaeropiacra-program-keretosszege\\\/#article\",\"name\":\"Cs\\u00f6kkent az \\u201e\\u00dat a munkaer\\u0151piacra\\u201d program keret\\u00f6sszege | AllasOrias.hu | H\\u00edrek-lapszemle\",\"headline\":\"Cs\\u00f6kkent az \\u201e\\u00dat a munkaer\\u0151piacra\\u201d program keret\\u00f6sszege\",\"author\":{\"@id\":\"https:\\\/\\\/allasorias.hu\\\/hirek\\\/author\\\/admin-allasorias\\\/#author\"},\"publisher\":{\"@id\":\"https:\\\/\\\/allasorias.hu\\\/hirek\\\/#organization\"},\"image\":{\"@type\":\"ImageObject\",\"url\":\"https:\\\/\\\/allasorias.hu\\\/hirek\\\/wp-content\\\/uploads\\\/2021\\\/02\\\/charts-graphs-with-magnifying-glass-pencil-calculator-clock-reflection-light-flare-concept-image-data-gathering-statistical-working.jpg\",\"width\":1920,\"height\":1280},\"datePublished\":\"2022-05-16T07:18:22+02:00\",\"dateModified\":\"2022-05-16T07:18:22+02:00\",\"inLanguage\":\"hu-HU\",\"mainEntityOfPage\":{\"@id\":\"https:\\\/\\\/allasorias.hu\\\/hirek\\\/csokkent-az-ut-a-munkaeropiacra-program-keretosszege\\\/#webpage\"},\"isPartOf\":{\"@id\":\"https:\\\/\\\/allasorias.hu\\\/hirek\\\/csokkent-az-ut-a-munkaeropiacra-program-keretosszege\\\/#webpage\"},\"articleSection\":\"Munkaer\\u0151piac\"},{\"@type\":\"BreadcrumbList\",\"@id\":\"https:\\\/\\\/allasorias.hu\\\/hirek\\\/csokkent-az-ut-a-munkaeropiacra-program-keretosszege\\\/#breadcrumblist\",\"itemListElement\":[{\"@type\":\"ListItem\",\"@id\":\"https:\\\/\\\/allasorias.hu\\\/hirek#listItem\",\"position\":1,\"name\":\"Home\",\"item\":\"https:\\\/\\\/allasorias.hu\\\/hirek\",\"nextItem\":{\"@type\":\"ListItem\",\"@id\":\"https:\\\/\\\/allasorias.hu\\\/hirek\\\/temak\\\/munkaeropiac\\\/#listItem\",\"name\":\"Munkaer\\u0151piac\"}},{\"@type\":\"ListItem\",\"@id\":\"https:\\\/\\\/allasorias.hu\\\/hirek\\\/temak\\\/munkaeropiac\\\/#listItem\",\"position\":2,\"name\":\"Munkaer\\u0151piac\",\"item\":\"https:\\\/\\\/allasorias.hu\\\/hirek\\\/temak\\\/munkaeropiac\\\/\",\"nextItem\":{\"@type\":\"ListItem\",\"@id\":\"https:\\\/\\\/allasorias.hu\\\/hirek\\\/csokkent-az-ut-a-munkaeropiacra-program-keretosszege\\\/#listItem\",\"name\":\"Cs\\u00f6kkent az \\u201e\\u00dat a munkaer\\u0151piacra\\u201d program keret\\u00f6sszege\"},\"previousItem\":{\"@type\":\"ListItem\",\"@id\":\"https:\\\/\\\/allasorias.hu\\\/hirek#listItem\",\"name\":\"Home\"}},{\"@type\":\"ListItem\",\"@id\":\"https:\\\/\\\/allasorias.hu\\\/hirek\\\/csokkent-az-ut-a-munkaeropiacra-program-keretosszege\\\/#listItem\",\"position\":3,\"name\":\"Cs\\u00f6kkent az \\u201e\\u00dat a munkaer\\u0151piacra\\u201d program keret\\u00f6sszege\",\"previousItem\":{\"@type\":\"ListItem\",\"@id\":\"https:\\\/\\\/allasorias.hu\\\/hirek\\\/temak\\\/munkaeropiac\\\/#listItem\",\"name\":\"Munkaer\\u0151piac\"}}]},{\"@type\":\"Organization\",\"@id\":\"https:\\\/\\\/allasorias.hu\\\/hirek\\\/#organization\",\"name\":\"AllasOrias.hu | H\\u00edrek-lapszemle\",\"description\":\"\\u00dczleti h\\u00edrek az \\u00e1ll\\u00e1s \\u00e9s a munka vil\\u00e1g\\u00e1b\\u00f3l\",\"url\":\"https:\\\/\\\/allasorias.hu\\\/hirek\\\/\",\"logo\":{\"@type\":\"ImageObject\",\"url\":\"https:\\\/\\\/allasorias.hu\\\/hirek\\\/wp-content\\\/uploads\\\/2022\\\/10\\\/allasorias_site_facebok_logo.png\",\"@id\":\"https:\\\/\\\/allasorias.hu\\\/hirek\\\/csokkent-az-ut-a-munkaeropiacra-program-keretosszege\\\/#organizationLogo\"},\"image\":{\"@id\":\"https:\\\/\\\/allasorias.hu\\\/hirek\\\/csokkent-az-ut-a-munkaeropiacra-program-keretosszege\\\/#organizationLogo\"},\"sameAs\":[\"https:\\\/\\\/www.facebook.com\\\/allasorias\",\"https:\\\/\\\/www.linkedin.com\\\/company\\\/allasorias\"]},{\"@type\":\"Person\",\"@id\":\"https:\\\/\\\/allasorias.hu\\\/hirek\\\/author\\\/admin-allasorias\\\/#author\",\"url\":\"https:\\\/\\\/allasorias.hu\\\/hirek\\\/author\\\/admin-allasorias\\\/\",\"name\":\"Juh\\u00e1sz P\\u00e9ter\",\"image\":{\"@type\":\"ImageObject\",\"@id\":\"https:\\\/\\\/allasorias.hu\\\/hirek\\\/csokkent-az-ut-a-munkaeropiacra-program-keretosszege\\\/#authorImage\",\"url\":\"https:\\\/\\\/secure.gravatar.com\\\/avatar\\\/36e6bcb83148978b992977cb0f54d22feb0cce8a0a849a9410532bb2623ba4c6?s=96&d=mm&r=g\",\"width\":96,\"height\":96,\"caption\":\"Juh\\u00e1sz P\\u00e9ter\"}},{\"@type\":\"WebPage\",\"@id\":\"https:\\\/\\\/allasorias.hu\\\/hirek\\\/csokkent-az-ut-a-munkaeropiacra-program-keretosszege\\\/#webpage\",\"url\":\"https:\\\/\\\/allasorias.hu\\\/hirek\\\/csokkent-az-ut-a-munkaeropiacra-program-keretosszege\\\/\",\"name\":\"Cs\\u00f6kkent az \\u201e\\u00dat a munkaer\\u0151piacra\\u201d program keret\\u00f6sszege | AllasOrias.hu | H\\u00edrek-lapszemle\",\"description\":\"Az \\u201e\\u00dat a munkaer\\u0151piacra\\u201d (GINOP-5.1.1-15) 2015. szeptember 3-\\u00e1n jelent meg, az\\u00f3ta a mostani a 14. m\\u00f3dos\\u00edt\\u00e1s. A p\\u00e1ly\\u00e1zati term\\u00e9szetesen m\\u00e1r lez\\u00e1rult, a megval\\u00f3s\\u00edt\\u00e1s azonban m\\u00e9g folyamatban van. Sokadszorra m\\u00f3dos\\u00edtotta a korm\\u00e1ny a Gazdas\\u00e1gfejleszt\\u00e9si \\u00e9s Innov\\u00e1ci\\u00f3s Operat\\u00edv Program (GINOP) egyik legr\\u00e9gebbi \\u2013 \\u00e9s egyik legnagyobb keret\\u00f6sszeg\\u0171 \\u2013 p\\u00e1ly\\u00e1zat\\u00e1t, a 2015 \\u0151sz\\u00e9n megjelent \\u201e\\u00dat a munkaer\\u0151piacra\\u201d c\\u00edm\\u0171\",\"inLanguage\":\"hu-HU\",\"isPartOf\":{\"@id\":\"https:\\\/\\\/allasorias.hu\\\/hirek\\\/#website\"},\"breadcrumb\":{\"@id\":\"https:\\\/\\\/allasorias.hu\\\/hirek\\\/csokkent-az-ut-a-munkaeropiacra-program-keretosszege\\\/#breadcrumblist\"},\"author\":{\"@id\":\"https:\\\/\\\/allasorias.hu\\\/hirek\\\/author\\\/admin-allasorias\\\/#author\"},\"creator\":{\"@id\":\"https:\\\/\\\/allasorias.hu\\\/hirek\\\/author\\\/admin-allasorias\\\/#author\"},\"image\":{\"@type\":\"ImageObject\",\"url\":\"https:\\\/\\\/allasorias.hu\\\/hirek\\\/wp-content\\\/uploads\\\/2021\\\/02\\\/charts-graphs-with-magnifying-glass-pencil-calculator-clock-reflection-light-flare-concept-image-data-gathering-statistical-working.jpg\",\"@id\":\"https:\\\/\\\/allasorias.hu\\\/hirek\\\/csokkent-az-ut-a-munkaeropiacra-program-keretosszege\\\/#mainImage\",\"width\":1920,\"height\":1280},\"primaryImageOfPage\":{\"@id\":\"https:\\\/\\\/allasorias.hu\\\/hirek\\\/csokkent-az-ut-a-munkaeropiacra-program-keretosszege\\\/#mainImage\"},\"datePublished\":\"2022-05-16T07:18:22+02:00\",\"dateModified\":\"2022-05-16T07:18:22+02:00\"},{\"@type\":\"WebSite\",\"@id\":\"https:\\\/\\\/allasorias.hu\\\/hirek\\\/#website\",\"url\":\"https:\\\/\\\/allasorias.hu\\\/hirek\\\/\",\"name\":\"AllasOrias.hu | H\\u00edrek-lapszemle\",\"description\":\"\\u00dczleti h\\u00edrek az \\u00e1ll\\u00e1s \\u00e9s a munka vil\\u00e1g\\u00e1b\\u00f3l\",\"inLanguage\":\"hu-HU\",\"publisher\":{\"@id\":\"https:\\\/\\\/allasorias.hu\\\/hirek\\\/#organization\"}}]}\n\t\t<\/script>\n\t\t<!-- All in One SEO -->\n\n","aioseo_head_json":{"title":"Cs\u00f6kkent az \u201e\u00dat a munkaer\u0151piacra\u201d program keret\u00f6sszege | AllasOrias.hu | H\u00edrek-lapszemle","description":"Az \u201e\u00dat a munkaer\u0151piacra\u201d (GINOP-5.1.1-15) 2015. szeptember 3-\u00e1n jelent meg, az\u00f3ta a mostani a 14. m\u00f3dos\u00edt\u00e1s. A p\u00e1ly\u00e1zati term\u00e9szetesen m\u00e1r lez\u00e1rult, a megval\u00f3s\u00edt\u00e1s azonban m\u00e9g folyamatban van. Sokadszorra m\u00f3dos\u00edtotta a korm\u00e1ny a Gazdas\u00e1gfejleszt\u00e9si \u00e9s Innov\u00e1ci\u00f3s Operat\u00edv Program (GINOP) egyik legr\u00e9gebbi \u2013 \u00e9s egyik legnagyobb keret\u00f6sszeg\u0171 \u2013 p\u00e1ly\u00e1zat\u00e1t, a 2015 \u0151sz\u00e9n megjelent \u201e\u00dat a munkaer\u0151piacra\u201d c\u00edm\u0171","canonical_url":"https:\/\/allasorias.hu\/hirek\/csokkent-az-ut-a-munkaeropiacra-program-keretosszege\/","robots":"max-image-preview:large","keywords":"","webmasterTools":{"miscellaneous":""},"schema":{"@context":"https:\/\/schema.org","@graph":[{"@type":"Article","@id":"https:\/\/allasorias.hu\/hirek\/csokkent-az-ut-a-munkaeropiacra-program-keretosszege\/#article","name":"Cs\u00f6kkent az \u201e\u00dat a munkaer\u0151piacra\u201d program keret\u00f6sszege | AllasOrias.hu | H\u00edrek-lapszemle","headline":"Cs\u00f6kkent az \u201e\u00dat a munkaer\u0151piacra\u201d program keret\u00f6sszege","author":{"@id":"https:\/\/allasorias.hu\/hirek\/author\/admin-allasorias\/#author"},"publisher":{"@id":"https:\/\/allasorias.hu\/hirek\/#organization"},"image":{"@type":"ImageObject","url":"https:\/\/allasorias.hu\/hirek\/wp-content\/uploads\/2021\/02\/charts-graphs-with-magnifying-glass-pencil-calculator-clock-reflection-light-flare-concept-image-data-gathering-statistical-working.jpg","width":1920,"height":1280},"datePublished":"2022-05-16T07:18:22+02:00","dateModified":"2022-05-16T07:18:22+02:00","inLanguage":"hu-HU","mainEntityOfPage":{"@id":"https:\/\/allasorias.hu\/hirek\/csokkent-az-ut-a-munkaeropiacra-program-keretosszege\/#webpage"},"isPartOf":{"@id":"https:\/\/allasorias.hu\/hirek\/csokkent-az-ut-a-munkaeropiacra-program-keretosszege\/#webpage"},"articleSection":"Munkaer\u0151piac"},{"@type":"BreadcrumbList","@id":"https:\/\/allasorias.hu\/hirek\/csokkent-az-ut-a-munkaeropiacra-program-keretosszege\/#breadcrumblist","itemListElement":[{"@type":"ListItem","@id":"https:\/\/allasorias.hu\/hirek#listItem","position":1,"name":"Home","item":"https:\/\/allasorias.hu\/hirek","nextItem":{"@type":"ListItem","@id":"https:\/\/allasorias.hu\/hirek\/temak\/munkaeropiac\/#listItem","name":"Munkaer\u0151piac"}},{"@type":"ListItem","@id":"https:\/\/allasorias.hu\/hirek\/temak\/munkaeropiac\/#listItem","position":2,"name":"Munkaer\u0151piac","item":"https:\/\/allasorias.hu\/hirek\/temak\/munkaeropiac\/","nextItem":{"@type":"ListItem","@id":"https:\/\/allasorias.hu\/hirek\/csokkent-az-ut-a-munkaeropiacra-program-keretosszege\/#listItem","name":"Cs\u00f6kkent az \u201e\u00dat a munkaer\u0151piacra\u201d program keret\u00f6sszege"},"previousItem":{"@type":"ListItem","@id":"https:\/\/allasorias.hu\/hirek#listItem","name":"Home"}},{"@type":"ListItem","@id":"https:\/\/allasorias.hu\/hirek\/csokkent-az-ut-a-munkaeropiacra-program-keretosszege\/#listItem","position":3,"name":"Cs\u00f6kkent az \u201e\u00dat a munkaer\u0151piacra\u201d program keret\u00f6sszege","previousItem":{"@type":"ListItem","@id":"https:\/\/allasorias.hu\/hirek\/temak\/munkaeropiac\/#listItem","name":"Munkaer\u0151piac"}}]},{"@type":"Organization","@id":"https:\/\/allasorias.hu\/hirek\/#organization","name":"AllasOrias.hu | H\u00edrek-lapszemle","description":"\u00dczleti h\u00edrek az \u00e1ll\u00e1s \u00e9s a munka vil\u00e1g\u00e1b\u00f3l","url":"https:\/\/allasorias.hu\/hirek\/","logo":{"@type":"ImageObject","url":"https:\/\/allasorias.hu\/hirek\/wp-content\/uploads\/2022\/10\/allasorias_site_facebok_logo.png","@id":"https:\/\/allasorias.hu\/hirek\/csokkent-az-ut-a-munkaeropiacra-program-keretosszege\/#organizationLogo"},"image":{"@id":"https:\/\/allasorias.hu\/hirek\/csokkent-az-ut-a-munkaeropiacra-program-keretosszege\/#organizationLogo"},"sameAs":["https:\/\/www.facebook.com\/allasorias","https:\/\/www.linkedin.com\/company\/allasorias"]},{"@type":"Person","@id":"https:\/\/allasorias.hu\/hirek\/author\/admin-allasorias\/#author","url":"https:\/\/allasorias.hu\/hirek\/author\/admin-allasorias\/","name":"Juh\u00e1sz P\u00e9ter","image":{"@type":"ImageObject","@id":"https:\/\/allasorias.hu\/hirek\/csokkent-az-ut-a-munkaeropiacra-program-keretosszege\/#authorImage","url":"https:\/\/secure.gravatar.com\/avatar\/36e6bcb83148978b992977cb0f54d22feb0cce8a0a849a9410532bb2623ba4c6?s=96&d=mm&r=g","width":96,"height":96,"caption":"Juh\u00e1sz P\u00e9ter"}},{"@type":"WebPage","@id":"https:\/\/allasorias.hu\/hirek\/csokkent-az-ut-a-munkaeropiacra-program-keretosszege\/#webpage","url":"https:\/\/allasorias.hu\/hirek\/csokkent-az-ut-a-munkaeropiacra-program-keretosszege\/","name":"Cs\u00f6kkent az \u201e\u00dat a munkaer\u0151piacra\u201d program keret\u00f6sszege | AllasOrias.hu | H\u00edrek-lapszemle","description":"Az \u201e\u00dat a munkaer\u0151piacra\u201d (GINOP-5.1.1-15) 2015. szeptember 3-\u00e1n jelent meg, az\u00f3ta a mostani a 14. m\u00f3dos\u00edt\u00e1s. A p\u00e1ly\u00e1zati term\u00e9szetesen m\u00e1r lez\u00e1rult, a megval\u00f3s\u00edt\u00e1s azonban m\u00e9g folyamatban van. Sokadszorra m\u00f3dos\u00edtotta a korm\u00e1ny a Gazdas\u00e1gfejleszt\u00e9si \u00e9s Innov\u00e1ci\u00f3s Operat\u00edv Program (GINOP) egyik legr\u00e9gebbi \u2013 \u00e9s egyik legnagyobb keret\u00f6sszeg\u0171 \u2013 p\u00e1ly\u00e1zat\u00e1t, a 2015 \u0151sz\u00e9n megjelent \u201e\u00dat a munkaer\u0151piacra\u201d c\u00edm\u0171","inLanguage":"hu-HU","isPartOf":{"@id":"https:\/\/allasorias.hu\/hirek\/#website"},"breadcrumb":{"@id":"https:\/\/allasorias.hu\/hirek\/csokkent-az-ut-a-munkaeropiacra-program-keretosszege\/#breadcrumblist"},"author":{"@id":"https:\/\/allasorias.hu\/hirek\/author\/admin-allasorias\/#author"},"creator":{"@id":"https:\/\/allasorias.hu\/hirek\/author\/admin-allasorias\/#author"},"image":{"@type":"ImageObject","url":"https:\/\/allasorias.hu\/hirek\/wp-content\/uploads\/2021\/02\/charts-graphs-with-magnifying-glass-pencil-calculator-clock-reflection-light-flare-concept-image-data-gathering-statistical-working.jpg","@id":"https:\/\/allasorias.hu\/hirek\/csokkent-az-ut-a-munkaeropiacra-program-keretosszege\/#mainImage","width":1920,"height":1280},"primaryImageOfPage":{"@id":"https:\/\/allasorias.hu\/hirek\/csokkent-az-ut-a-munkaeropiacra-program-keretosszege\/#mainImage"},"datePublished":"2022-05-16T07:18:22+02:00","dateModified":"2022-05-16T07:18:22+02:00"},{"@type":"WebSite","@id":"https:\/\/allasorias.hu\/hirek\/#website","url":"https:\/\/allasorias.hu\/hirek\/","name":"AllasOrias.hu | H\u00edrek-lapszemle","description":"\u00dczleti h\u00edrek az \u00e1ll\u00e1s \u00e9s a munka vil\u00e1g\u00e1b\u00f3l","inLanguage":"hu-HU","publisher":{"@id":"https:\/\/allasorias.hu\/hirek\/#organization"}}]},"og:locale":"hu_HU","og:site_name":"AllasOrias.hu | H\u00edrek-lapszemle | \u00dczleti h\u00edrek az \u00e1ll\u00e1s \u00e9s a munka vil\u00e1g\u00e1b\u00f3l","og:type":"article","og:title":"Cs\u00f6kkent az \u201e\u00dat a munkaer\u0151piacra\u201d program keret\u00f6sszege | AllasOrias.hu | H\u00edrek-lapszemle","og:description":"Az \u201e\u00dat a munkaer\u0151piacra\u201d (GINOP-5.1.1-15) 2015. szeptember 3-\u00e1n jelent meg, az\u00f3ta a mostani a 14. m\u00f3dos\u00edt\u00e1s. A p\u00e1ly\u00e1zati term\u00e9szetesen m\u00e1r lez\u00e1rult, a megval\u00f3s\u00edt\u00e1s azonban m\u00e9g folyamatban van. Sokadszorra m\u00f3dos\u00edtotta a korm\u00e1ny a Gazdas\u00e1gfejleszt\u00e9si \u00e9s Innov\u00e1ci\u00f3s Operat\u00edv Program (GINOP) egyik legr\u00e9gebbi \u2013 \u00e9s egyik legnagyobb keret\u00f6sszeg\u0171 \u2013 p\u00e1ly\u00e1zat\u00e1t, a 2015 \u0151sz\u00e9n megjelent \u201e\u00dat a munkaer\u0151piacra\u201d c\u00edm\u0171","og:url":"https:\/\/allasorias.hu\/hirek\/csokkent-az-ut-a-munkaeropiacra-program-keretosszege\/","og:image":"https:\/\/allasorias.hu\/hirek\/wp-content\/uploads\/2021\/02\/charts-graphs-with-magnifying-glass-pencil-calculator-clock-reflection-light-flare-concept-image-data-gathering-statistical-working.jpg","og:image:secure_url":"https:\/\/allasorias.hu\/hirek\/wp-content\/uploads\/2021\/02\/charts-graphs-with-magnifying-glass-pencil-calculator-clock-reflection-light-flare-concept-image-data-gathering-statistical-working.jpg","og:image:width":1920,"og:image:height":1280,"article:published_time":"2022-05-16T07:18:22+00:00","article:modified_time":"2022-05-16T07:18:22+00:00","article:publisher":"https:\/\/www.facebook.com\/allasorias","twitter:card":"summary_large_image","twitter:title":"Cs\u00f6kkent az \u201e\u00dat a munkaer\u0151piacra\u201d program keret\u00f6sszege | AllasOrias.hu | H\u00edrek-lapszemle","twitter:description":"Az \u201e\u00dat a munkaer\u0151piacra\u201d (GINOP-5.1.1-15) 2015. szeptember 3-\u00e1n jelent meg, az\u00f3ta a mostani a 14. m\u00f3dos\u00edt\u00e1s. A p\u00e1ly\u00e1zati term\u00e9szetesen m\u00e1r lez\u00e1rult, a megval\u00f3s\u00edt\u00e1s azonban m\u00e9g folyamatban van. Sokadszorra m\u00f3dos\u00edtotta a korm\u00e1ny a Gazdas\u00e1gfejleszt\u00e9si \u00e9s Innov\u00e1ci\u00f3s Operat\u00edv Program (GINOP) egyik legr\u00e9gebbi \u2013 \u00e9s egyik legnagyobb keret\u00f6sszeg\u0171 \u2013 p\u00e1ly\u00e1zat\u00e1t, a 2015 \u0151sz\u00e9n megjelent \u201e\u00dat a munkaer\u0151piacra\u201d c\u00edm\u0171","twitter:image":"https:\/\/allasorias.hu\/hirek\/wp-content\/uploads\/2021\/02\/charts-graphs-with-magnifying-glass-pencil-calculator-clock-reflection-light-flare-concept-image-data-gathering-statistical-working.jpg","twitter:label1":"Written by","twitter:data1":"Juh\u00e1sz P\u00e9ter","twitter:label2":"Est. reading time","twitter:data2":"2 minutes"},"aioseo_meta_data":{"post_id":"5564","title":null,"description":null,"keywords":[],"keyphrases":{"focus":{"keyphrase":"","score":0,"analysis":{"keyphraseInTitle":{"score":0,"maxScore":9,"error":1}}},"additional":[]},"primary_term":null,"canonical_url":null,"og_title":null,"og_description":null,"og_object_type":"default","og_image_type":"default","og_image_url":null,"og_image_width":null,"og_image_height":null,"og_image_custom_url":null,"og_image_custom_fields":null,"og_video":"","og_custom_url":null,"og_article_section":null,"og_article_tags":[],"twitter_use_og":false,"twitter_card":"default","twitter_image_type":"default","twitter_image_url":null,"twitter_image_custom_url":null,"twitter_image_custom_fields":null,"twitter_title":null,"twitter_description":null,"schema":{"blockGraphs":[],"customGraphs":[],"default":{"data":{"Article":[],"Course":[],"Dataset":[],"FAQPage":[],"Movie":[],"Person":[],"Product":[],"ProductReview":[],"Car":[],"Recipe":[],"Service":[],"SoftwareApplication":[],"WebPage":[]},"graphName":"","isEnabled":true},"graphs":[],"defaultGraph":"Article","defaultPostTypeGraph":""},"schema_type":"default","schema_type_options":"{\"article\":{\"articleType\":\"BlogPosting\"},\"course\":{\"name\":\"\",\"description\":\"\",\"provider\":\"\"},\"faq\":{\"pages\":[]},\"product\":{\"reviews\":[]},\"recipe\":{\"ingredients\":[],\"instructions\":[],\"keywords\":[]},\"software\":{\"reviews\":[],\"operatingSystems\":[]},\"webPage\":{\"webPageType\":\"WebPage\"}}","pillar_content":false,"robots_default":true,"robots_noindex":false,"robots_noarchive":false,"robots_nosnippet":false,"robots_nofollow":false,"robots_noimageindex":false,"robots_noodp":false,"robots_notranslate":false,"robots_max_snippet":"-1","robots_max_videopreview":"-1","robots_max_imagepreview":"large","priority":null,"frequency":"default","location":null,"local_seo":null,"breadcrumb_settings":null,"limit_modified_date":false,"ai":null,"created":"2022-05-16 07:17:01","updated":"2025-10-02 16:56:28","seo_analyzer_scan_date":null,"focus_keyword":null,"additional_keywords":null,"truseo_locale":null},"aioseo_breadcrumb":"<div class=\"aioseo-breadcrumbs\"><span class=\"aioseo-breadcrumb\">\n\t\t\t<a href=\"https:\/\/allasorias.hu\/hirek\" title=\"Home\">Home<\/a>\n\t\t<\/span><span class=\"aioseo-breadcrumb-separator\">&raquo;<\/span><span class=\"aioseo-breadcrumb\">\n\t\t\t<a href=\"https:\/\/allasorias.hu\/hirek\/temak\/munkaeropiac\/\" title=\"Munkaer\u0151piac\">Munkaer\u0151piac<\/a>\n\t\t<\/span><span class=\"aioseo-breadcrumb-separator\">&raquo;<\/span><span class=\"aioseo-breadcrumb\">\n\t\t\tCs\u00f6kkent az \u201e\u00dat a munkaer\u0151piacra\u201d program keret\u00f6sszege\n\t\t<\/span><\/div>","aioseo_breadcrumb_json":[{"label":"Home","link":"https:\/\/allasorias.hu\/hirek"},{"label":"Munkaer\u0151piac","link":"https:\/\/allasorias.hu\/hirek\/temak\/munkaeropiac\/"},{"label":"Cs\u00f6kkent az \u201e\u00dat a munkaer\u0151piacra\u201d program keret\u00f6sszege","link":"https:\/\/allasorias.hu\/hirek\/csokkent-az-ut-a-munkaeropiacra-program-keretosszege\/"}],"_links":{"self":[{"href":"https:\/\/allasorias.hu\/hirek\/wp-json\/wp\/v2\/posts\/5564","targetHints":{"allow":["GET"]}}],"collection":[{"href":"https:\/\/allasorias.hu\/hirek\/wp-json\/wp\/v2\/posts"}],"about":[{"href":"https:\/\/allasorias.hu\/hirek\/wp-json\/wp\/v2\/types\/post"}],"author":[{"embeddable":true,"href":"https:\/\/allasorias.hu\/hirek\/wp-json\/wp\/v2\/users\/1"}],"replies":[{"embeddable":true,"href":"https:\/\/allasorias.hu\/hirek\/wp-json\/wp\/v2\/comments?post=5564"}],"version-history":[{"count":1,"href":"https:\/\/allasorias.hu\/hirek\/wp-json\/wp\/v2\/posts\/5564\/revisions"}],"predecessor-version":[{"id":5565,"href":"https:\/\/allasorias.hu\/hirek\/wp-json\/wp\/v2\/posts\/5564\/revisions\/5565"}],"wp:featuredmedia":[{"embeddable":true,"href":"https:\/\/allasorias.hu\/hirek\/wp-json\/wp\/v2\/media\/4588"}],"wp:attachment":[{"href":"https:\/\/allasorias.hu\/hirek\/wp-json\/wp\/v2\/media?parent=5564"}],"wp:term":[{"taxonomy":"category","embeddable":true,"href":"https:\/\/allasorias.hu\/hirek\/wp-json\/wp\/v2\/categories?post=5564"},{"taxonomy":"post_tag","embeddable":true,"href":"https:\/\/allasorias.hu\/hirek\/wp-json\/wp\/v2\/tags?post=5564"}],"curies":[{"name":"wp","href":"https:\/\/api.w.org\/{rel}","templated":true}]}}