{"id":5559,"date":"2022-05-13T07:40:12","date_gmt":"2022-05-13T07:40:12","guid":{"rendered":"https:\/\/allasorias.hu\/hirek\/?p=5559"},"modified":"2022-05-13T07:40:12","modified_gmt":"2022-05-13T07:40:12","slug":"segiteni-szukseges-az-ukran-munkasok-integraciojat","status":"publish","type":"post","link":"https:\/\/allasorias.hu\/hirek\/segiteni-szukseges-az-ukran-munkasok-integraciojat\/","title":{"rendered":"Seg\u00edteni sz\u00fcks\u00e9ges az ukr\u00e1n munk\u00e1sok integr\u00e1ci\u00f3j\u00e1t"},"content":{"rendered":"<p><strong>A t\u00f6bbsz\u00e1zezer ukr\u00e1n menek\u00fclt helyzet\u00e9nek rendez\u00e9se hatalmas feladatot r\u00f3 t\u00f6bbek k\u00f6z\u00f6tt a HR szolg\u00e1ltat\u00f3kra is, akiknek nemcsak az \u00fajonnan \u00e9rkezettek elhelyez\u00e9s\u00e9ben kell seg\u00edteni\u00fck, de megold\u00e1st kell tal\u00e1lniuk a m\u00e1r itt dolgoz\u00f3 ukr\u00e1n munkav\u00e1llal\u00f3k hozz\u00e1tartoz\u00f3inak befogad\u00e1s\u00e1ra \u00e9s ell\u00e1t\u00e1s\u00e1ra is.<\/strong><\/p>\n<p>Az empatikus hozz\u00e1\u00e1ll\u00e1s \u00e9s a gyermekfel\u00fcgyelet hossz\u00fat\u00e1v\u00fa megold\u00e1sa seg\u00edtheti az ukr\u00e1n munkav\u00e1llal\u00f3k integr\u00e1l\u00e1s\u00e1t a magyar munkaer\u0151piacra. A munkak\u00e9pes ukr\u00e1nok d\u00f6nt\u0151 t\u00f6bbs\u00e9ge ugyanis n\u0151, akiket jellemz\u0151en a feldolgoz\u00f3iparban, az elektronik\u00e1ban \u00e9s a vend\u00e9gl\u00e1t\u00e1sban siker\u00fclt elhelyezni. A t\u00f6bbsz\u00e1zezer ukr\u00e1n menek\u00fclt helyzet\u00e9nek rendez\u00e9se hatalmas feladatot r\u00f3 t\u00f6bbek k\u00f6z\u00f6tt a HR szolg\u00e1ltat\u00f3kra is, akiknek nemcsak az \u00fajonnan \u00e9rkezettek elhelyez\u00e9s\u00e9ben kell seg\u00edteni\u00fck, de megold\u00e1st kell tal\u00e1lniuk a m\u00e1r itt dolgoz\u00f3 ukr\u00e1n munkav\u00e1llal\u00f3k hozz\u00e1tartoz\u00f3inak befogad\u00e1s\u00e1ra \u00e9s ell\u00e1t\u00e1s\u00e1ra is. Mindezt \u00fagy, hogy szigor\u00faan nyomon k\u00f6vetik \u00e9s betartj\u00e1k a k\u00fcl\u00f6nb\u00f6z\u0151 rendeletek \u00e9s jogszab\u00e1lyok folyamatos alakul\u00e1s\u00e1t. A gyakorlati teend\u0151k k\u00f6z\u00fcl a legfontosabb a munkav\u00e1llal\u00f3k ide menek\u00fcl\u0151 csal\u00e1dtagjainak biztons\u00e1gba helyez\u00e9se, illetve az \u00e9lelem \u00e9s egy\u00e9b humanit\u00e1rius seg\u00edts\u00e9g ny\u00fajt\u00e1sa a r\u00e1szorul\u00f3k r\u00e9sz\u00e9re. Nagy kih\u00edv\u00e1st jelent azonban annak a rengeteg gyermeknek az elhelyez\u00e9se, akik mened\u00e9kk\u00e9r\u0151 sz\u00fcleikkel \u00e9rkeztek.\u00a0 \u201eAz els\u0151 id\u0151szakban a t\u0171zolt\u00e1s volt a c\u00e9l: a hat\u00e1ron seg\u00edtett\u00fcnk a r\u00e1szorul\u00f3knak, igyekezt\u00fcnk sz\u00e1ll\u00e1sokat biztos\u00edtani, biztons\u00e1gba helyezni az \u00e9rkez\u0151ket. Arra viszont senki nem volt felk\u00e9sz\u00fclve, hogy ennyi gyerekkel fognak \u00e9rkezni\u201d \u2013 id\u00e9zte fel az els\u0151 napokat Mih\u00e1lyi Magdolna, a Jobtain HR szolg\u00e1ltat\u00f3 \u00fcgyvezet\u0151je. A kiskor\u00faak v\u00e9delme \u00e9s a fel\u00fcgyelet\u00fck megszervez\u00e9se ugyanis kor\u00e1ntsem egyszer\u0171 feladat: \u201eA konfliktus elej\u00e9n, amikor nagyon nagy sz\u00e1mban \u00e9rkeztek a menek\u00fcltek, egy r\u00f6vid ideig m\u00e9g \u2018\u00f3vodak\u00e9nt\u2019 is m\u0171k\u00f6dt\u00fcnk. Volt, hogy a gyerekek egyed\u00fcl maradtak, am\u00edg a sz\u00fcl\u0151k tesztet \u00edrtak, mi vigy\u00e1ztunk r\u00e1juk az irod\u00e1inkban. K\u00fcl\u00f6nb\u00f6z\u0151 programok, civil kezdem\u00e9nyez\u00e9sek, p\u00e9ld\u00e1ul a gyereknap szervez\u00e9s\u00e9ben, koordin\u00e1l\u00e1s\u00e1ban is r\u00e9szt vett\u00fcnk. \u201dA munkak\u00e9pes mened\u00e9kk\u00e9r\u0151knek a nyelvtud\u00e1s hi\u00e1ny\u00e1ban \u00e1ltal\u00e1ban kev\u00e9s a v\u00e1laszt\u00e1si lehet\u0151s\u00e9g\u00fck: szinte minden esetben betan\u00edtott munkak\u00f6r\u00f6kben helyezkednek el, els\u0151sorban az \u00e9p\u00edt\u0151ipar, elektronika, feldolgoz\u00f3ipari \u00e9s a vend\u00e9gl\u00e1t\u00e1si ter\u00fcleteken, a hi\u00e1nyszakm\u00e1kban pedig ak\u00e1r azonnal munk\u00e1ba tudnak \u00e1llni. De ezut\u00e1n is rengeteget sz\u00e1m\u00edt a megfelel\u0151 b\u00e1n\u00e1sm\u00f3d \u00e9s az \u00e9let t\u00f6bbi ter\u00e9n ny\u00fajtott seg\u00edts\u00e9g a c\u00e9gek \u00e9s a HR szolg\u00e1ltat\u00f3k r\u00e9sz\u00e9r\u0151l. A megb\u00edzhat\u00f3 munkaer\u0151 a munk\u00e1ltat\u00f3 c\u00e9gek sz\u00e1m\u00e1ra \u00e9rt\u00e9k, ez\u00e9rt fontos, hogy megtarts\u00e1k alkalmazottaikat, illetve elker\u00fclj\u00e9k, hogy tov\u00e1bbl\u00e9pjenek m\u00e1s eur\u00f3pai orsz\u00e1gokba. Jogosan vet\u0151dik fel a k\u00e9rd\u00e9s a c\u00e9gvezet\u0151kben, hogy hogyan tehetn\u00e9nek t\u00f6bbet az \u00fajonnan \u00e9rkez\u0151 ukr\u00e1n munkav\u00e1llal\u00f3k integr\u00e1ci\u00f3j\u00e1\u00e9rt. Az egyik legfontosabb l\u00e9p\u00e9s, az, hogy a c\u00e9gek id\u0151ben felk\u00e9sz\u00edts\u00e9k \u00e9s t\u00e1j\u00e9koztass\u00e1k a munkav\u00e1llal\u00f3kat arr\u00f3l, hogy mit tehetnek annak \u00e9rdek\u00e9ben, hogy hossz\u00fa t\u00e1von is maradhassanak \u00e9s k\u00e9nyelmes \u00e9letsz\u00ednvonalat alak\u00edthassanak ki maguknak \u00e9s csal\u00e1djuknak. A HR szak\u00e9rt\u0151k tapasztalatai alapj\u00e1n rengeteget seg\u00edt a munk\u00e1ltat\u00f3 azzal is, ha extra t\u00e1mogat\u00e1st ny\u00fajt, p\u00e9ld\u00e1ul sz\u00e1ll\u00e1sban, \u00e9tkeztet\u00e9sben, nyelvtanul\u00e1sban, adminisztr\u00e1ci\u00f3s teend\u0151kben, vagy a gyerekek fel\u00fcgyelet\u00e9ben, ak\u00e1r az \u00f6nkorm\u00e1nyzatok bevon\u00e1s\u00e1val. \u201eMusz\u00e1j, hogy felh\u00edvjuk a munk\u00e1ltat\u00f3k \u00e9s a dolgoz\u00f3k figyelm\u00e9t is arra, hogy a plusz forr\u00e1sokkal \u00f3vatosan kell b\u00e1nni, mert nem az a c\u00e9l, hogy a c\u00e9g \u00e9s a dolgoz\u00f3 csak szeptemberig, a jelenlegi t\u00e1mogat\u00e1sok ig\u00e9nybev\u00e9teli lehet\u0151s\u00e9g\u00e9nek v\u00e9g\u00e9ig gondolkodjon, hanem az, hogyha a munkav\u00e1llal\u00f3 j\u00f3l \u00e9rzi mag\u00e1t, itt tudjon maradni a j\u00f6v\u0151ben is a csal\u00e1dj\u00e1val egy\u00fctt\u201d \u2013 mondta Mih\u00e1lyi Magdolna, a Jobtain HR Szolg\u00e1ltat\u00f3 \u00fcgyvezet\u0151je. Azon k\u00edv\u00fcl, hogy lehet\u0151v\u00e9 teszik a menek\u00fcltek sz\u00e1m\u00e1ra, hogy elhelyezkedjenek, a HR szolg\u00e1ltat\u00f3k a mentor\u00e1l\u00e1sb\u00f3l is kivehetik szerep\u00fcket.<\/p>\n<p>Forr\u00e1s: napi.hu<\/p>\n<p>&nbsp;<\/p>\n","protected":false},"excerpt":{"rendered":"<p>A t\u00f6bbsz\u00e1zezer ukr\u00e1n menek\u00fclt helyzet\u00e9nek rendez\u00e9se hatalmas feladatot r\u00f3 t\u00f6bbek k\u00f6z\u00f6tt a HR szolg\u00e1ltat\u00f3kra is, akiknek nemcsak az \u00fajonnan \u00e9rkezettek elhelyez\u00e9s\u00e9ben kell seg\u00edteni\u00fck, de megold\u00e1st kell tal\u00e1lniuk a m\u00e1r itt dolgoz\u00f3 ukr\u00e1n munkav\u00e1llal\u00f3k hozz\u00e1tartoz\u00f3inak befogad\u00e1s\u00e1ra \u00e9s ell\u00e1t\u00e1s\u00e1ra is. Az empatikus hozz\u00e1\u00e1ll\u00e1s \u00e9s a gyermekfel\u00fcgyelet hossz\u00fat\u00e1v\u00fa megold\u00e1sa seg\u00edtheti az ukr\u00e1n munkav\u00e1llal\u00f3k integr\u00e1l\u00e1s\u00e1t a magyar munkaer\u0151piacra. A [&hellip;]<\/p>\n","protected":false},"author":1,"featured_media":5434,"comment_status":"open","ping_status":"open","sticky":false,"template":"","format":"standard","meta":{"_monsterinsights_skip_tracking":false,"footnotes":""},"categories":[201,200],"tags":[],"class_list":["post-5559","post","type-post","status-publish","format-standard","has-post-thumbnail","hentry","category-kulfold","category-munkaeropiac"],"aioseo_notices":[],"aioseo_head":"\n\t\t<!-- All in One SEO 5.0.0.1 - aioseo.com -->\n\t<meta name=\"description\" content=\"A t\u00f6bbsz\u00e1zezer ukr\u00e1n menek\u00fclt helyzet\u00e9nek rendez\u00e9se hatalmas feladatot r\u00f3 t\u00f6bbek k\u00f6z\u00f6tt a HR szolg\u00e1ltat\u00f3kra is, akiknek nemcsak az \u00fajonnan \u00e9rkezettek elhelyez\u00e9s\u00e9ben kell seg\u00edteni\u00fck, de megold\u00e1st kell tal\u00e1lniuk a m\u00e1r itt dolgoz\u00f3 ukr\u00e1n munkav\u00e1llal\u00f3k hozz\u00e1tartoz\u00f3inak befogad\u00e1s\u00e1ra \u00e9s ell\u00e1t\u00e1s\u00e1ra is. Az empatikus hozz\u00e1\u00e1ll\u00e1s \u00e9s a gyermekfel\u00fcgyelet hossz\u00fat\u00e1v\u00fa megold\u00e1sa seg\u00edtheti az ukr\u00e1n munkav\u00e1llal\u00f3k integr\u00e1l\u00e1s\u00e1t a magyar munkaer\u0151piacra. A\" \/>\n\t<meta name=\"robots\" content=\"max-image-preview:large\" \/>\n\t<meta name=\"author\" content=\"Juh\u00e1sz P\u00e9ter\"\/>\n\t<link rel=\"canonical\" href=\"https:\/\/allasorias.hu\/hirek\/segiteni-szukseges-az-ukran-munkasok-integraciojat\/\" \/>\n\t<meta name=\"generator\" content=\"All in One SEO (AIOSEO) 5.0.0.1\" \/>\n\t\t<meta property=\"og:locale\" content=\"hu_HU\" \/>\n\t\t<meta property=\"og:site_name\" content=\"AllasOrias.hu | H\u00edrek-lapszemle | \u00dczleti h\u00edrek az \u00e1ll\u00e1s \u00e9s a munka vil\u00e1g\u00e1b\u00f3l\" \/>\n\t\t<meta property=\"og:type\" content=\"article\" \/>\n\t\t<meta property=\"og:title\" content=\"Seg\u00edteni sz\u00fcks\u00e9ges az ukr\u00e1n munk\u00e1sok integr\u00e1ci\u00f3j\u00e1t | AllasOrias.hu | H\u00edrek-lapszemle\" \/>\n\t\t<meta property=\"og:description\" content=\"A t\u00f6bbsz\u00e1zezer ukr\u00e1n menek\u00fclt helyzet\u00e9nek rendez\u00e9se hatalmas feladatot r\u00f3 t\u00f6bbek k\u00f6z\u00f6tt a HR szolg\u00e1ltat\u00f3kra is, akiknek nemcsak az \u00fajonnan \u00e9rkezettek elhelyez\u00e9s\u00e9ben kell seg\u00edteni\u00fck, de megold\u00e1st kell tal\u00e1lniuk a m\u00e1r itt dolgoz\u00f3 ukr\u00e1n munkav\u00e1llal\u00f3k hozz\u00e1tartoz\u00f3inak befogad\u00e1s\u00e1ra \u00e9s ell\u00e1t\u00e1s\u00e1ra is. Az empatikus hozz\u00e1\u00e1ll\u00e1s \u00e9s a gyermekfel\u00fcgyelet hossz\u00fat\u00e1v\u00fa megold\u00e1sa seg\u00edtheti az ukr\u00e1n munkav\u00e1llal\u00f3k integr\u00e1l\u00e1s\u00e1t a magyar munkaer\u0151piacra. A\" \/>\n\t\t<meta property=\"og:url\" content=\"https:\/\/allasorias.hu\/hirek\/segiteni-szukseges-az-ukran-munkasok-integraciojat\/\" \/>\n\t\t<meta property=\"og:image\" content=\"https:\/\/allasorias.hu\/hirek\/wp-content\/uploads\/2022\/03\/flag-ukraine.jpg\" \/>\n\t\t<meta property=\"og:image:secure_url\" content=\"https:\/\/allasorias.hu\/hirek\/wp-content\/uploads\/2022\/03\/flag-ukraine.jpg\" \/>\n\t\t<meta property=\"og:image:width\" content=\"1920\" \/>\n\t\t<meta property=\"og:image:height\" content=\"1280\" \/>\n\t\t<meta property=\"article:published_time\" content=\"2022-05-13T07:40:12+00:00\" \/>\n\t\t<meta property=\"article:modified_time\" content=\"2022-05-13T07:40:12+00:00\" \/>\n\t\t<meta property=\"article:publisher\" content=\"https:\/\/www.facebook.com\/allasorias\" \/>\n\t\t<meta name=\"twitter:card\" content=\"summary_large_image\" \/>\n\t\t<meta name=\"twitter:title\" content=\"Seg\u00edteni sz\u00fcks\u00e9ges az ukr\u00e1n munk\u00e1sok integr\u00e1ci\u00f3j\u00e1t | AllasOrias.hu | H\u00edrek-lapszemle\" \/>\n\t\t<meta name=\"twitter:description\" content=\"A t\u00f6bbsz\u00e1zezer ukr\u00e1n menek\u00fclt helyzet\u00e9nek rendez\u00e9se hatalmas feladatot r\u00f3 t\u00f6bbek k\u00f6z\u00f6tt a HR szolg\u00e1ltat\u00f3kra is, akiknek nemcsak az \u00fajonnan \u00e9rkezettek elhelyez\u00e9s\u00e9ben kell seg\u00edteni\u00fck, de megold\u00e1st kell tal\u00e1lniuk a m\u00e1r itt dolgoz\u00f3 ukr\u00e1n munkav\u00e1llal\u00f3k hozz\u00e1tartoz\u00f3inak befogad\u00e1s\u00e1ra \u00e9s ell\u00e1t\u00e1s\u00e1ra is. Az empatikus hozz\u00e1\u00e1ll\u00e1s \u00e9s a gyermekfel\u00fcgyelet hossz\u00fat\u00e1v\u00fa megold\u00e1sa seg\u00edtheti az ukr\u00e1n munkav\u00e1llal\u00f3k integr\u00e1l\u00e1s\u00e1t a magyar munkaer\u0151piacra. A\" \/>\n\t\t<meta name=\"twitter:image\" content=\"https:\/\/allasorias.hu\/hirek\/wp-content\/uploads\/2022\/03\/flag-ukraine.jpg\" \/>\n\t\t<meta name=\"twitter:label1\" content=\"Written by\" \/>\n\t\t<meta name=\"twitter:data1\" content=\"Juh\u00e1sz P\u00e9ter\" \/>\n\t\t<meta name=\"twitter:label2\" content=\"Est. reading time\" \/>\n\t\t<meta name=\"twitter:data2\" content=\"4 minutes\" \/>\n\t\t<script type=\"application\/ld+json\" class=\"aioseo-schema\">\n\t\t\t{\"@context\":\"https:\\\/\\\/schema.org\",\"@graph\":[{\"@type\":\"Article\",\"@id\":\"https:\\\/\\\/allasorias.hu\\\/hirek\\\/segiteni-szukseges-az-ukran-munkasok-integraciojat\\\/#article\",\"name\":\"Seg\\u00edteni sz\\u00fcks\\u00e9ges az ukr\\u00e1n munk\\u00e1sok integr\\u00e1ci\\u00f3j\\u00e1t | AllasOrias.hu | H\\u00edrek-lapszemle\",\"headline\":\"Seg\\u00edteni sz\\u00fcks\\u00e9ges az ukr\\u00e1n munk\\u00e1sok integr\\u00e1ci\\u00f3j\\u00e1t\",\"author\":{\"@id\":\"https:\\\/\\\/allasorias.hu\\\/hirek\\\/author\\\/admin-allasorias\\\/#author\"},\"publisher\":{\"@id\":\"https:\\\/\\\/allasorias.hu\\\/hirek\\\/#organization\"},\"image\":{\"@type\":\"ImageObject\",\"url\":\"https:\\\/\\\/allasorias.hu\\\/hirek\\\/wp-content\\\/uploads\\\/2022\\\/03\\\/flag-ukraine.jpg\",\"width\":1920,\"height\":1280,\"caption\":\"Flag of Ukraine\"},\"datePublished\":\"2022-05-13T07:40:12+02:00\",\"dateModified\":\"2022-05-13T07:40:12+02:00\",\"inLanguage\":\"hu-HU\",\"mainEntityOfPage\":{\"@id\":\"https:\\\/\\\/allasorias.hu\\\/hirek\\\/segiteni-szukseges-az-ukran-munkasok-integraciojat\\\/#webpage\"},\"isPartOf\":{\"@id\":\"https:\\\/\\\/allasorias.hu\\\/hirek\\\/segiteni-szukseges-az-ukran-munkasok-integraciojat\\\/#webpage\"},\"articleSection\":\"K\\u00fclf\\u00f6ld, Munkaer\\u0151piac\"},{\"@type\":\"BreadcrumbList\",\"@id\":\"https:\\\/\\\/allasorias.hu\\\/hirek\\\/segiteni-szukseges-az-ukran-munkasok-integraciojat\\\/#breadcrumblist\",\"itemListElement\":[{\"@type\":\"ListItem\",\"@id\":\"https:\\\/\\\/allasorias.hu\\\/hirek#listItem\",\"position\":1,\"name\":\"Home\",\"item\":\"https:\\\/\\\/allasorias.hu\\\/hirek\",\"nextItem\":{\"@type\":\"ListItem\",\"@id\":\"https:\\\/\\\/allasorias.hu\\\/hirek\\\/temak\\\/munkaeropiac\\\/#listItem\",\"name\":\"Munkaer\\u0151piac\"}},{\"@type\":\"ListItem\",\"@id\":\"https:\\\/\\\/allasorias.hu\\\/hirek\\\/temak\\\/munkaeropiac\\\/#listItem\",\"position\":2,\"name\":\"Munkaer\\u0151piac\",\"item\":\"https:\\\/\\\/allasorias.hu\\\/hirek\\\/temak\\\/munkaeropiac\\\/\",\"nextItem\":{\"@type\":\"ListItem\",\"@id\":\"https:\\\/\\\/allasorias.hu\\\/hirek\\\/segiteni-szukseges-az-ukran-munkasok-integraciojat\\\/#listItem\",\"name\":\"Seg\\u00edteni sz\\u00fcks\\u00e9ges az ukr\\u00e1n munk\\u00e1sok integr\\u00e1ci\\u00f3j\\u00e1t\"},\"previousItem\":{\"@type\":\"ListItem\",\"@id\":\"https:\\\/\\\/allasorias.hu\\\/hirek#listItem\",\"name\":\"Home\"}},{\"@type\":\"ListItem\",\"@id\":\"https:\\\/\\\/allasorias.hu\\\/hirek\\\/segiteni-szukseges-az-ukran-munkasok-integraciojat\\\/#listItem\",\"position\":3,\"name\":\"Seg\\u00edteni sz\\u00fcks\\u00e9ges az ukr\\u00e1n munk\\u00e1sok integr\\u00e1ci\\u00f3j\\u00e1t\",\"previousItem\":{\"@type\":\"ListItem\",\"@id\":\"https:\\\/\\\/allasorias.hu\\\/hirek\\\/temak\\\/munkaeropiac\\\/#listItem\",\"name\":\"Munkaer\\u0151piac\"}}]},{\"@type\":\"Organization\",\"@id\":\"https:\\\/\\\/allasorias.hu\\\/hirek\\\/#organization\",\"name\":\"AllasOrias.hu | H\\u00edrek-lapszemle\",\"description\":\"\\u00dczleti h\\u00edrek az \\u00e1ll\\u00e1s \\u00e9s a munka vil\\u00e1g\\u00e1b\\u00f3l\",\"url\":\"https:\\\/\\\/allasorias.hu\\\/hirek\\\/\",\"logo\":{\"@type\":\"ImageObject\",\"url\":\"https:\\\/\\\/allasorias.hu\\\/hirek\\\/wp-content\\\/uploads\\\/2022\\\/10\\\/allasorias_site_facebok_logo.png\",\"@id\":\"https:\\\/\\\/allasorias.hu\\\/hirek\\\/segiteni-szukseges-az-ukran-munkasok-integraciojat\\\/#organizationLogo\"},\"image\":{\"@id\":\"https:\\\/\\\/allasorias.hu\\\/hirek\\\/segiteni-szukseges-az-ukran-munkasok-integraciojat\\\/#organizationLogo\"},\"sameAs\":[\"https:\\\/\\\/www.facebook.com\\\/allasorias\",\"https:\\\/\\\/www.linkedin.com\\\/company\\\/allasorias\"]},{\"@type\":\"Person\",\"@id\":\"https:\\\/\\\/allasorias.hu\\\/hirek\\\/author\\\/admin-allasorias\\\/#author\",\"url\":\"https:\\\/\\\/allasorias.hu\\\/hirek\\\/author\\\/admin-allasorias\\\/\",\"name\":\"Juh\\u00e1sz P\\u00e9ter\",\"image\":{\"@type\":\"ImageObject\",\"@id\":\"https:\\\/\\\/allasorias.hu\\\/hirek\\\/segiteni-szukseges-az-ukran-munkasok-integraciojat\\\/#authorImage\",\"url\":\"https:\\\/\\\/secure.gravatar.com\\\/avatar\\\/36e6bcb83148978b992977cb0f54d22feb0cce8a0a849a9410532bb2623ba4c6?s=96&d=mm&r=g\",\"width\":96,\"height\":96,\"caption\":\"Juh\\u00e1sz P\\u00e9ter\"}},{\"@type\":\"WebPage\",\"@id\":\"https:\\\/\\\/allasorias.hu\\\/hirek\\\/segiteni-szukseges-az-ukran-munkasok-integraciojat\\\/#webpage\",\"url\":\"https:\\\/\\\/allasorias.hu\\\/hirek\\\/segiteni-szukseges-az-ukran-munkasok-integraciojat\\\/\",\"name\":\"Seg\\u00edteni sz\\u00fcks\\u00e9ges az ukr\\u00e1n munk\\u00e1sok integr\\u00e1ci\\u00f3j\\u00e1t | AllasOrias.hu | H\\u00edrek-lapszemle\",\"description\":\"A t\\u00f6bbsz\\u00e1zezer ukr\\u00e1n menek\\u00fclt helyzet\\u00e9nek rendez\\u00e9se hatalmas feladatot r\\u00f3 t\\u00f6bbek k\\u00f6z\\u00f6tt a HR szolg\\u00e1ltat\\u00f3kra is, akiknek nemcsak az \\u00fajonnan \\u00e9rkezettek elhelyez\\u00e9s\\u00e9ben kell seg\\u00edteni\\u00fck, de megold\\u00e1st kell tal\\u00e1lniuk a m\\u00e1r itt dolgoz\\u00f3 ukr\\u00e1n munkav\\u00e1llal\\u00f3k hozz\\u00e1tartoz\\u00f3inak befogad\\u00e1s\\u00e1ra \\u00e9s ell\\u00e1t\\u00e1s\\u00e1ra is. Az empatikus hozz\\u00e1\\u00e1ll\\u00e1s \\u00e9s a gyermekfel\\u00fcgyelet hossz\\u00fat\\u00e1v\\u00fa megold\\u00e1sa seg\\u00edtheti az ukr\\u00e1n munkav\\u00e1llal\\u00f3k integr\\u00e1l\\u00e1s\\u00e1t a magyar munkaer\\u0151piacra. A\",\"inLanguage\":\"hu-HU\",\"isPartOf\":{\"@id\":\"https:\\\/\\\/allasorias.hu\\\/hirek\\\/#website\"},\"breadcrumb\":{\"@id\":\"https:\\\/\\\/allasorias.hu\\\/hirek\\\/segiteni-szukseges-az-ukran-munkasok-integraciojat\\\/#breadcrumblist\"},\"author\":{\"@id\":\"https:\\\/\\\/allasorias.hu\\\/hirek\\\/author\\\/admin-allasorias\\\/#author\"},\"creator\":{\"@id\":\"https:\\\/\\\/allasorias.hu\\\/hirek\\\/author\\\/admin-allasorias\\\/#author\"},\"image\":{\"@type\":\"ImageObject\",\"url\":\"https:\\\/\\\/allasorias.hu\\\/hirek\\\/wp-content\\\/uploads\\\/2022\\\/03\\\/flag-ukraine.jpg\",\"@id\":\"https:\\\/\\\/allasorias.hu\\\/hirek\\\/segiteni-szukseges-az-ukran-munkasok-integraciojat\\\/#mainImage\",\"width\":1920,\"height\":1280,\"caption\":\"Flag of Ukraine\"},\"primaryImageOfPage\":{\"@id\":\"https:\\\/\\\/allasorias.hu\\\/hirek\\\/segiteni-szukseges-az-ukran-munkasok-integraciojat\\\/#mainImage\"},\"datePublished\":\"2022-05-13T07:40:12+02:00\",\"dateModified\":\"2022-05-13T07:40:12+02:00\"},{\"@type\":\"WebSite\",\"@id\":\"https:\\\/\\\/allasorias.hu\\\/hirek\\\/#website\",\"url\":\"https:\\\/\\\/allasorias.hu\\\/hirek\\\/\",\"name\":\"AllasOrias.hu | H\\u00edrek-lapszemle\",\"description\":\"\\u00dczleti h\\u00edrek az \\u00e1ll\\u00e1s \\u00e9s a munka vil\\u00e1g\\u00e1b\\u00f3l\",\"inLanguage\":\"hu-HU\",\"publisher\":{\"@id\":\"https:\\\/\\\/allasorias.hu\\\/hirek\\\/#organization\"}}]}\n\t\t<\/script>\n\t\t<!-- All in One SEO -->\n\n","aioseo_head_json":{"title":"Seg\u00edteni sz\u00fcks\u00e9ges az ukr\u00e1n munk\u00e1sok integr\u00e1ci\u00f3j\u00e1t | AllasOrias.hu | H\u00edrek-lapszemle","description":"A t\u00f6bbsz\u00e1zezer ukr\u00e1n menek\u00fclt helyzet\u00e9nek rendez\u00e9se hatalmas feladatot r\u00f3 t\u00f6bbek k\u00f6z\u00f6tt a HR szolg\u00e1ltat\u00f3kra is, akiknek nemcsak az \u00fajonnan \u00e9rkezettek elhelyez\u00e9s\u00e9ben kell seg\u00edteni\u00fck, de megold\u00e1st kell tal\u00e1lniuk a m\u00e1r itt dolgoz\u00f3 ukr\u00e1n munkav\u00e1llal\u00f3k hozz\u00e1tartoz\u00f3inak befogad\u00e1s\u00e1ra \u00e9s ell\u00e1t\u00e1s\u00e1ra is. Az empatikus hozz\u00e1\u00e1ll\u00e1s \u00e9s a gyermekfel\u00fcgyelet hossz\u00fat\u00e1v\u00fa megold\u00e1sa seg\u00edtheti az ukr\u00e1n munkav\u00e1llal\u00f3k integr\u00e1l\u00e1s\u00e1t a magyar munkaer\u0151piacra. A","canonical_url":"https:\/\/allasorias.hu\/hirek\/segiteni-szukseges-az-ukran-munkasok-integraciojat\/","robots":"max-image-preview:large","keywords":"","webmasterTools":{"miscellaneous":""},"schema":{"@context":"https:\/\/schema.org","@graph":[{"@type":"Article","@id":"https:\/\/allasorias.hu\/hirek\/segiteni-szukseges-az-ukran-munkasok-integraciojat\/#article","name":"Seg\u00edteni sz\u00fcks\u00e9ges az ukr\u00e1n munk\u00e1sok integr\u00e1ci\u00f3j\u00e1t | AllasOrias.hu | H\u00edrek-lapszemle","headline":"Seg\u00edteni sz\u00fcks\u00e9ges az ukr\u00e1n munk\u00e1sok integr\u00e1ci\u00f3j\u00e1t","author":{"@id":"https:\/\/allasorias.hu\/hirek\/author\/admin-allasorias\/#author"},"publisher":{"@id":"https:\/\/allasorias.hu\/hirek\/#organization"},"image":{"@type":"ImageObject","url":"https:\/\/allasorias.hu\/hirek\/wp-content\/uploads\/2022\/03\/flag-ukraine.jpg","width":1920,"height":1280,"caption":"Flag of Ukraine"},"datePublished":"2022-05-13T07:40:12+02:00","dateModified":"2022-05-13T07:40:12+02:00","inLanguage":"hu-HU","mainEntityOfPage":{"@id":"https:\/\/allasorias.hu\/hirek\/segiteni-szukseges-az-ukran-munkasok-integraciojat\/#webpage"},"isPartOf":{"@id":"https:\/\/allasorias.hu\/hirek\/segiteni-szukseges-az-ukran-munkasok-integraciojat\/#webpage"},"articleSection":"K\u00fclf\u00f6ld, Munkaer\u0151piac"},{"@type":"BreadcrumbList","@id":"https:\/\/allasorias.hu\/hirek\/segiteni-szukseges-az-ukran-munkasok-integraciojat\/#breadcrumblist","itemListElement":[{"@type":"ListItem","@id":"https:\/\/allasorias.hu\/hirek#listItem","position":1,"name":"Home","item":"https:\/\/allasorias.hu\/hirek","nextItem":{"@type":"ListItem","@id":"https:\/\/allasorias.hu\/hirek\/temak\/munkaeropiac\/#listItem","name":"Munkaer\u0151piac"}},{"@type":"ListItem","@id":"https:\/\/allasorias.hu\/hirek\/temak\/munkaeropiac\/#listItem","position":2,"name":"Munkaer\u0151piac","item":"https:\/\/allasorias.hu\/hirek\/temak\/munkaeropiac\/","nextItem":{"@type":"ListItem","@id":"https:\/\/allasorias.hu\/hirek\/segiteni-szukseges-az-ukran-munkasok-integraciojat\/#listItem","name":"Seg\u00edteni sz\u00fcks\u00e9ges az ukr\u00e1n munk\u00e1sok integr\u00e1ci\u00f3j\u00e1t"},"previousItem":{"@type":"ListItem","@id":"https:\/\/allasorias.hu\/hirek#listItem","name":"Home"}},{"@type":"ListItem","@id":"https:\/\/allasorias.hu\/hirek\/segiteni-szukseges-az-ukran-munkasok-integraciojat\/#listItem","position":3,"name":"Seg\u00edteni sz\u00fcks\u00e9ges az ukr\u00e1n munk\u00e1sok integr\u00e1ci\u00f3j\u00e1t","previousItem":{"@type":"ListItem","@id":"https:\/\/allasorias.hu\/hirek\/temak\/munkaeropiac\/#listItem","name":"Munkaer\u0151piac"}}]},{"@type":"Organization","@id":"https:\/\/allasorias.hu\/hirek\/#organization","name":"AllasOrias.hu | H\u00edrek-lapszemle","description":"\u00dczleti h\u00edrek az \u00e1ll\u00e1s \u00e9s a munka vil\u00e1g\u00e1b\u00f3l","url":"https:\/\/allasorias.hu\/hirek\/","logo":{"@type":"ImageObject","url":"https:\/\/allasorias.hu\/hirek\/wp-content\/uploads\/2022\/10\/allasorias_site_facebok_logo.png","@id":"https:\/\/allasorias.hu\/hirek\/segiteni-szukseges-az-ukran-munkasok-integraciojat\/#organizationLogo"},"image":{"@id":"https:\/\/allasorias.hu\/hirek\/segiteni-szukseges-az-ukran-munkasok-integraciojat\/#organizationLogo"},"sameAs":["https:\/\/www.facebook.com\/allasorias","https:\/\/www.linkedin.com\/company\/allasorias"]},{"@type":"Person","@id":"https:\/\/allasorias.hu\/hirek\/author\/admin-allasorias\/#author","url":"https:\/\/allasorias.hu\/hirek\/author\/admin-allasorias\/","name":"Juh\u00e1sz P\u00e9ter","image":{"@type":"ImageObject","@id":"https:\/\/allasorias.hu\/hirek\/segiteni-szukseges-az-ukran-munkasok-integraciojat\/#authorImage","url":"https:\/\/secure.gravatar.com\/avatar\/36e6bcb83148978b992977cb0f54d22feb0cce8a0a849a9410532bb2623ba4c6?s=96&d=mm&r=g","width":96,"height":96,"caption":"Juh\u00e1sz P\u00e9ter"}},{"@type":"WebPage","@id":"https:\/\/allasorias.hu\/hirek\/segiteni-szukseges-az-ukran-munkasok-integraciojat\/#webpage","url":"https:\/\/allasorias.hu\/hirek\/segiteni-szukseges-az-ukran-munkasok-integraciojat\/","name":"Seg\u00edteni sz\u00fcks\u00e9ges az ukr\u00e1n munk\u00e1sok integr\u00e1ci\u00f3j\u00e1t | AllasOrias.hu | H\u00edrek-lapszemle","description":"A t\u00f6bbsz\u00e1zezer ukr\u00e1n menek\u00fclt helyzet\u00e9nek rendez\u00e9se hatalmas feladatot r\u00f3 t\u00f6bbek k\u00f6z\u00f6tt a HR szolg\u00e1ltat\u00f3kra is, akiknek nemcsak az \u00fajonnan \u00e9rkezettek elhelyez\u00e9s\u00e9ben kell seg\u00edteni\u00fck, de megold\u00e1st kell tal\u00e1lniuk a m\u00e1r itt dolgoz\u00f3 ukr\u00e1n munkav\u00e1llal\u00f3k hozz\u00e1tartoz\u00f3inak befogad\u00e1s\u00e1ra \u00e9s ell\u00e1t\u00e1s\u00e1ra is. Az empatikus hozz\u00e1\u00e1ll\u00e1s \u00e9s a gyermekfel\u00fcgyelet hossz\u00fat\u00e1v\u00fa megold\u00e1sa seg\u00edtheti az ukr\u00e1n munkav\u00e1llal\u00f3k integr\u00e1l\u00e1s\u00e1t a magyar munkaer\u0151piacra. A","inLanguage":"hu-HU","isPartOf":{"@id":"https:\/\/allasorias.hu\/hirek\/#website"},"breadcrumb":{"@id":"https:\/\/allasorias.hu\/hirek\/segiteni-szukseges-az-ukran-munkasok-integraciojat\/#breadcrumblist"},"author":{"@id":"https:\/\/allasorias.hu\/hirek\/author\/admin-allasorias\/#author"},"creator":{"@id":"https:\/\/allasorias.hu\/hirek\/author\/admin-allasorias\/#author"},"image":{"@type":"ImageObject","url":"https:\/\/allasorias.hu\/hirek\/wp-content\/uploads\/2022\/03\/flag-ukraine.jpg","@id":"https:\/\/allasorias.hu\/hirek\/segiteni-szukseges-az-ukran-munkasok-integraciojat\/#mainImage","width":1920,"height":1280,"caption":"Flag of Ukraine"},"primaryImageOfPage":{"@id":"https:\/\/allasorias.hu\/hirek\/segiteni-szukseges-az-ukran-munkasok-integraciojat\/#mainImage"},"datePublished":"2022-05-13T07:40:12+02:00","dateModified":"2022-05-13T07:40:12+02:00"},{"@type":"WebSite","@id":"https:\/\/allasorias.hu\/hirek\/#website","url":"https:\/\/allasorias.hu\/hirek\/","name":"AllasOrias.hu | H\u00edrek-lapszemle","description":"\u00dczleti h\u00edrek az \u00e1ll\u00e1s \u00e9s a munka vil\u00e1g\u00e1b\u00f3l","inLanguage":"hu-HU","publisher":{"@id":"https:\/\/allasorias.hu\/hirek\/#organization"}}]},"og:locale":"hu_HU","og:site_name":"AllasOrias.hu | H\u00edrek-lapszemle | \u00dczleti h\u00edrek az \u00e1ll\u00e1s \u00e9s a munka vil\u00e1g\u00e1b\u00f3l","og:type":"article","og:title":"Seg\u00edteni sz\u00fcks\u00e9ges az ukr\u00e1n munk\u00e1sok integr\u00e1ci\u00f3j\u00e1t | AllasOrias.hu | H\u00edrek-lapszemle","og:description":"A t\u00f6bbsz\u00e1zezer ukr\u00e1n menek\u00fclt helyzet\u00e9nek rendez\u00e9se hatalmas feladatot r\u00f3 t\u00f6bbek k\u00f6z\u00f6tt a HR szolg\u00e1ltat\u00f3kra is, akiknek nemcsak az \u00fajonnan \u00e9rkezettek elhelyez\u00e9s\u00e9ben kell seg\u00edteni\u00fck, de megold\u00e1st kell tal\u00e1lniuk a m\u00e1r itt dolgoz\u00f3 ukr\u00e1n munkav\u00e1llal\u00f3k hozz\u00e1tartoz\u00f3inak befogad\u00e1s\u00e1ra \u00e9s ell\u00e1t\u00e1s\u00e1ra is. Az empatikus hozz\u00e1\u00e1ll\u00e1s \u00e9s a gyermekfel\u00fcgyelet hossz\u00fat\u00e1v\u00fa megold\u00e1sa seg\u00edtheti az ukr\u00e1n munkav\u00e1llal\u00f3k integr\u00e1l\u00e1s\u00e1t a magyar munkaer\u0151piacra. A","og:url":"https:\/\/allasorias.hu\/hirek\/segiteni-szukseges-az-ukran-munkasok-integraciojat\/","og:image":"https:\/\/allasorias.hu\/hirek\/wp-content\/uploads\/2022\/03\/flag-ukraine.jpg","og:image:secure_url":"https:\/\/allasorias.hu\/hirek\/wp-content\/uploads\/2022\/03\/flag-ukraine.jpg","og:image:width":1920,"og:image:height":1280,"article:published_time":"2022-05-13T07:40:12+00:00","article:modified_time":"2022-05-13T07:40:12+00:00","article:publisher":"https:\/\/www.facebook.com\/allasorias","twitter:card":"summary_large_image","twitter:title":"Seg\u00edteni sz\u00fcks\u00e9ges az ukr\u00e1n munk\u00e1sok integr\u00e1ci\u00f3j\u00e1t | AllasOrias.hu | H\u00edrek-lapszemle","twitter:description":"A t\u00f6bbsz\u00e1zezer ukr\u00e1n menek\u00fclt helyzet\u00e9nek rendez\u00e9se hatalmas feladatot r\u00f3 t\u00f6bbek k\u00f6z\u00f6tt a HR szolg\u00e1ltat\u00f3kra is, akiknek nemcsak az \u00fajonnan \u00e9rkezettek elhelyez\u00e9s\u00e9ben kell seg\u00edteni\u00fck, de megold\u00e1st kell tal\u00e1lniuk a m\u00e1r itt dolgoz\u00f3 ukr\u00e1n munkav\u00e1llal\u00f3k hozz\u00e1tartoz\u00f3inak befogad\u00e1s\u00e1ra \u00e9s ell\u00e1t\u00e1s\u00e1ra is. Az empatikus hozz\u00e1\u00e1ll\u00e1s \u00e9s a gyermekfel\u00fcgyelet hossz\u00fat\u00e1v\u00fa megold\u00e1sa seg\u00edtheti az ukr\u00e1n munkav\u00e1llal\u00f3k integr\u00e1l\u00e1s\u00e1t a magyar munkaer\u0151piacra. A","twitter:image":"https:\/\/allasorias.hu\/hirek\/wp-content\/uploads\/2022\/03\/flag-ukraine.jpg","twitter:label1":"Written by","twitter:data1":"Juh\u00e1sz P\u00e9ter","twitter:label2":"Est. reading time","twitter:data2":"4 minutes"},"aioseo_meta_data":{"post_id":"5559","title":null,"description":null,"keywords":[],"keyphrases":{"focus":{"keyphrase":"","score":0,"analysis":{"keyphraseInTitle":{"score":0,"maxScore":9,"error":1}}},"additional":[]},"primary_term":null,"canonical_url":null,"og_title":null,"og_description":null,"og_object_type":"default","og_image_type":"default","og_image_url":null,"og_image_width":null,"og_image_height":null,"og_image_custom_url":null,"og_image_custom_fields":null,"og_video":"","og_custom_url":null,"og_article_section":null,"og_article_tags":[],"twitter_use_og":false,"twitter_card":"default","twitter_image_type":"default","twitter_image_url":null,"twitter_image_custom_url":null,"twitter_image_custom_fields":null,"twitter_title":null,"twitter_description":null,"schema":{"blockGraphs":[],"customGraphs":[],"default":{"data":{"Article":[],"Course":[],"Dataset":[],"FAQPage":[],"Movie":[],"Person":[],"Product":[],"ProductReview":[],"Car":[],"Recipe":[],"Service":[],"SoftwareApplication":[],"WebPage":[]},"graphName":"","isEnabled":true},"graphs":[],"defaultGraph":"Article","defaultPostTypeGraph":""},"schema_type":"default","schema_type_options":"{\"article\":{\"articleType\":\"BlogPosting\"},\"course\":{\"name\":\"\",\"description\":\"\",\"provider\":\"\"},\"faq\":{\"pages\":[]},\"product\":{\"reviews\":[]},\"recipe\":{\"ingredients\":[],\"instructions\":[],\"keywords\":[]},\"software\":{\"reviews\":[],\"operatingSystems\":[]},\"webPage\":{\"webPageType\":\"WebPage\"}}","pillar_content":false,"robots_default":true,"robots_noindex":false,"robots_noarchive":false,"robots_nosnippet":false,"robots_nofollow":false,"robots_noimageindex":false,"robots_noodp":false,"robots_notranslate":false,"robots_max_snippet":"-1","robots_max_videopreview":"-1","robots_max_imagepreview":"large","priority":null,"frequency":"default","location":null,"local_seo":null,"breadcrumb_settings":null,"limit_modified_date":false,"ai":null,"created":"2022-05-13 07:31:42","updated":"2025-10-02 16:56:28","seo_analyzer_scan_date":null,"focus_keyword":null,"additional_keywords":null,"truseo_locale":null},"aioseo_breadcrumb":"<div class=\"aioseo-breadcrumbs\"><span class=\"aioseo-breadcrumb\">\n\t\t\t<a href=\"https:\/\/allasorias.hu\/hirek\" title=\"Home\">Home<\/a>\n\t\t<\/span><span class=\"aioseo-breadcrumb-separator\">&raquo;<\/span><span class=\"aioseo-breadcrumb\">\n\t\t\t<a href=\"https:\/\/allasorias.hu\/hirek\/temak\/munkaeropiac\/\" title=\"Munkaer\u0151piac\">Munkaer\u0151piac<\/a>\n\t\t<\/span><span class=\"aioseo-breadcrumb-separator\">&raquo;<\/span><span class=\"aioseo-breadcrumb\">\n\t\t\tSeg\u00edteni sz\u00fcks\u00e9ges az ukr\u00e1n munk\u00e1sok integr\u00e1ci\u00f3j\u00e1t\n\t\t<\/span><\/div>","aioseo_breadcrumb_json":[{"label":"Home","link":"https:\/\/allasorias.hu\/hirek"},{"label":"Munkaer\u0151piac","link":"https:\/\/allasorias.hu\/hirek\/temak\/munkaeropiac\/"},{"label":"Seg\u00edteni sz\u00fcks\u00e9ges az ukr\u00e1n munk\u00e1sok integr\u00e1ci\u00f3j\u00e1t","link":"https:\/\/allasorias.hu\/hirek\/segiteni-szukseges-az-ukran-munkasok-integraciojat\/"}],"_links":{"self":[{"href":"https:\/\/allasorias.hu\/hirek\/wp-json\/wp\/v2\/posts\/5559","targetHints":{"allow":["GET"]}}],"collection":[{"href":"https:\/\/allasorias.hu\/hirek\/wp-json\/wp\/v2\/posts"}],"about":[{"href":"https:\/\/allasorias.hu\/hirek\/wp-json\/wp\/v2\/types\/post"}],"author":[{"embeddable":true,"href":"https:\/\/allasorias.hu\/hirek\/wp-json\/wp\/v2\/users\/1"}],"replies":[{"embeddable":true,"href":"https:\/\/allasorias.hu\/hirek\/wp-json\/wp\/v2\/comments?post=5559"}],"version-history":[{"count":1,"href":"https:\/\/allasorias.hu\/hirek\/wp-json\/wp\/v2\/posts\/5559\/revisions"}],"predecessor-version":[{"id":5560,"href":"https:\/\/allasorias.hu\/hirek\/wp-json\/wp\/v2\/posts\/5559\/revisions\/5560"}],"wp:featuredmedia":[{"embeddable":true,"href":"https:\/\/allasorias.hu\/hirek\/wp-json\/wp\/v2\/media\/5434"}],"wp:attachment":[{"href":"https:\/\/allasorias.hu\/hirek\/wp-json\/wp\/v2\/media?parent=5559"}],"wp:term":[{"taxonomy":"category","embeddable":true,"href":"https:\/\/allasorias.hu\/hirek\/wp-json\/wp\/v2\/categories?post=5559"},{"taxonomy":"post_tag","embeddable":true,"href":"https:\/\/allasorias.hu\/hirek\/wp-json\/wp\/v2\/tags?post=5559"}],"curies":[{"name":"wp","href":"https:\/\/api.w.org\/{rel}","templated":true}]}}