{"id":5556,"date":"2022-05-12T07:35:11","date_gmt":"2022-05-12T07:35:11","guid":{"rendered":"https:\/\/allasorias.hu\/hirek\/?p=5556"},"modified":"2022-05-12T07:35:11","modified_gmt":"2022-05-12T07:35:11","slug":"a-munkaero-megtartas-fontos-cel","status":"publish","type":"post","link":"https:\/\/allasorias.hu\/hirek\/a-munkaero-megtartas-fontos-cel\/","title":{"rendered":"A munkaer\u0151 megtart\u00e1s fontos c\u00e9l"},"content":{"rendered":"<p><strong>Eredm\u00e9nyes toborz\u00e1ssal, megfelel\u0151 rugalmass\u00e1got \u00e9s k\u00f6lts\u00e9ghat\u00e9kony m\u0171k\u00f6d\u00e9st biztos\u00edtanak a munkaer\u0151 k\u00f6lcs\u00f6nz\u0151k. T\u00f6bb \u00e9vtizedes szak\u00e9rtelm\u00fck jelent\u0151s seg\u00edts\u00e9get jelent a munk\u00e1ltat\u00f3k mindennapi \u00e9let\u00e9ben \u2013 der\u00fcl ki szektor k\u00e9tharmad\u00e1t lefed\u0151 Magyar Munkaer\u0151-k\u00f6lcs\u00f6nz\u0151k Orsz\u00e1gos Sz\u00f6vets\u00e9ge tagszervezeteinek \u00e9s \u00e9rdekk\u00e9pviseleti munk\u00e1jukat t\u00e1mogat\u00f3 t\u00f6bb piacvezet\u0151 c\u00e9g k\u00f6r\u00e9ben v\u00e9gzett legfrissebb k\u00f6z\u00f6s kutat\u00e1sb\u00f3l. <\/strong><\/p>\n<p>\u201eNagyon nagy mozg\u00e1s van ma a munkaer\u0151-piacon, amiben a sz\u00f3 szoros \u00e9rtelm\u00e9ben vett mobilit\u00e1s sem jelent akad\u00e1lyt. K\u00f6lts\u00e9ges \u00e9s id\u0151rabl\u00f3 ma munkaer\u0151t tal\u00e1lni, sok esetben a piaci feletti b\u00e9r k\u00edn\u00e1lata sz\u00fcks\u00e9ges. Speci\u00e1lis megold\u00e1sokra van sz\u00fcks\u00e9g, speci\u00e1lis csatorn\u00e1kon kereszt\u00fcl \u00e9rhet\u0151k el a munkav\u00e1llal\u00f3k. Meghat\u00e1roz\u00f3 eleme a k\u00f6z\u00f6s sikernek a csomag, amit a munk\u00e1ltat\u00f3 k\u00edn\u00e1l \u2013 fogalmazott Csizmadia G\u00e1bor, az MMOSZ eln\u00f6ke. Gyakorlati tapasztalat az ut\u00f3bbi \u00e9vekben a munkav\u00e1llal\u00f3k r\u00e9sz\u00e9r\u0151l mutatkoz\u00f3 egyre nagyobb ig\u00e9ny a szem\u00e9lyre szabott \u00fcgyf\u00e9l- \u00e9s \u00fcgykezel\u00e9sre, amit a HR-szolg\u00e1ltat\u00e1sokat k\u00edn\u00e1l\u00f3 munkaer\u0151-k\u00f6lcs\u00f6nz\u0151k onsite szolg\u00e1ltat\u00e1saikkal tudnak biztos\u00edtani. Szakk\u00e9pzett koll\u00e9g\u00e1ik teljes munkaid\u0151ben el\u00e9rhet\u0151k a foglalkoztat\u00e1si ter\u00fcleten. Ebben az esetben, nemcsak a k\u00f6lcs\u00f6nz\u00f6tt munkav\u00e1llal\u00f3k foglalkoztat\u00e1shoz sz\u00fcks\u00e9ges adminisztrat\u00edv teend\u0151ket l\u00e1tj\u00e1k el, hanem karrier-tan\u00e1csad\u00e1sban \u00e9s a munkahelyi konfliktusok kezel\u00e9s\u00e9ben, beilleszked\u00e9sben is t\u00e1mogatni tudj\u00e1k a munkav\u00e1llal\u00f3kat. \u201eUgyanerre a szeml\u00e9letv\u00e1lt\u00e1sra lenne sz\u00fcks\u00e9g a nagyobb foglalkoztat\u00f3k, munk\u00e1ltat\u00f3k r\u00e9sz\u00e9r\u0151l is &#8211; \u00e1ll\u00edtja D\u00e9nes Rajmund Roland kommunik\u00e1ci\u00f3s aleln\u00f6k. A kor\u00e1bbi \u00e9vekben a HR-szolg\u00e1ltat\u00f3k a partnereik r\u00e9sz\u00e9re ig\u00e9ny eset\u00e9n biztos\u00edtott\u00e1k azokat a munkaer\u0151-piaci ismereteket, \u00bc \u00e9ves benchmark adatokat, amelyek elengedhetetlen\u00fcl sz\u00fcks\u00e9gesek voltak a versenyk\u00e9pes b\u00e9r kialak\u00edt\u00e1s\u00e1hoz, a munkaer\u0151 megtart\u00e1s\u00e1hoz. \u201eA komplex HR-szolg\u00e1ltat\u00e1sra, t\u00e1mogat\u00e1sra nyitott munk\u00e1ltat\u00f3k, sikeresebben vett\u00e9k az elm\u00falt 5-6 \u00e9v v\u00e1ltoz\u00e1sait, akad\u00e1lyait, amelyek jelent\u0151sen \u00e1talak\u00edtott\u00e1k, form\u00e1lt\u00e1k a munkaer\u0151piacot.\u201d Dr. Simon Bal\u00e1zs operat\u00edv aleln\u00f6k szavai szerint, egyre t\u00f6bb helyen hallhat\u00f3, hogy a megtart\u00e1s az \u00faj toborz\u00e1s. Az aktu\u00e1lis kih\u00edv\u00e1sok k\u00f6zepette a c\u00e9gek figyelm\u00e9t \u00e9s er\u0151forr\u00e1sait a megtart\u00e1st er\u0151s\u00edt\u0151 l\u00e9p\u00e9sek fel\u00e9 kell ford\u00edtani, amit viszont csak akkor tudnak hat\u00e9konyan \u00e9s biztons\u00e1gosan megtenni, ha k\u00f6zben a be\u00e1raml\u00e1s biztos\u00edt\u00e1s\u00e1ra is van v\u00e1laszuk, hisz a fluktu\u00e1ci\u00f3 a megtart\u00f3 int\u00e9zked\u00e9sekt\u0151l cs\u00f6kken ugyan, de nem sz\u0171nik meg teljesen. \u201eEbben a szeml\u00e9letv\u00e1lt\u00e1sban lesznek el\u0151nyben azok a c\u00e9gek, akik ig\u00e9nybe veszik a k\u00f6lcs\u00f6nz\u0151 c\u00e9gek gyakorlat\u00e1t, szak\u00e9rtelm\u00e9t \u00e9s szolg\u00e1ltat\u00e1sait\u201d \u2013 \u00e1ll\u00edtja.<\/p>\n<p>Forr\u00e1s: mmonline.hu<\/p>\n","protected":false},"excerpt":{"rendered":"<p>Eredm\u00e9nyes toborz\u00e1ssal, megfelel\u0151 rugalmass\u00e1got \u00e9s k\u00f6lts\u00e9ghat\u00e9kony m\u0171k\u00f6d\u00e9st biztos\u00edtanak a munkaer\u0151 k\u00f6lcs\u00f6nz\u0151k. T\u00f6bb \u00e9vtizedes szak\u00e9rtelm\u00fck jelent\u0151s seg\u00edts\u00e9get jelent a munk\u00e1ltat\u00f3k mindennapi \u00e9let\u00e9ben \u2013 der\u00fcl ki szektor k\u00e9tharmad\u00e1t lefed\u0151 Magyar Munkaer\u0151-k\u00f6lcs\u00f6nz\u0151k Orsz\u00e1gos Sz\u00f6vets\u00e9ge tagszervezeteinek \u00e9s \u00e9rdekk\u00e9pviseleti munk\u00e1jukat t\u00e1mogat\u00f3 t\u00f6bb piacvezet\u0151 c\u00e9g k\u00f6r\u00e9ben v\u00e9gzett legfrissebb k\u00f6z\u00f6s kutat\u00e1sb\u00f3l. \u201eNagyon nagy mozg\u00e1s van ma a munkaer\u0151-piacon, amiben a sz\u00f3 szoros [&hellip;]<\/p>\n","protected":false},"author":1,"featured_media":4663,"comment_status":"open","ping_status":"open","sticky":false,"template":"","format":"standard","meta":{"_monsterinsights_skip_tracking":false,"footnotes":""},"categories":[200],"tags":[],"class_list":["post-5556","post","type-post","status-publish","format-standard","has-post-thumbnail","hentry","category-munkaeropiac"],"aioseo_notices":[],"aioseo_head":"\n\t\t<!-- All in One SEO 5.0.0.1 - aioseo.com -->\n\t<meta name=\"description\" content=\"Eredm\u00e9nyes toborz\u00e1ssal, megfelel\u0151 rugalmass\u00e1got \u00e9s k\u00f6lts\u00e9ghat\u00e9kony m\u0171k\u00f6d\u00e9st biztos\u00edtanak a munkaer\u0151 k\u00f6lcs\u00f6nz\u0151k. T\u00f6bb \u00e9vtizedes szak\u00e9rtelm\u00fck jelent\u0151s seg\u00edts\u00e9get jelent a munk\u00e1ltat\u00f3k mindennapi \u00e9let\u00e9ben \u2013 der\u00fcl ki szektor k\u00e9tharmad\u00e1t lefed\u0151 Magyar Munkaer\u0151-k\u00f6lcs\u00f6nz\u0151k Orsz\u00e1gos Sz\u00f6vets\u00e9ge tagszervezeteinek \u00e9s \u00e9rdekk\u00e9pviseleti munk\u00e1jukat t\u00e1mogat\u00f3 t\u00f6bb piacvezet\u0151 c\u00e9g k\u00f6r\u00e9ben v\u00e9gzett legfrissebb k\u00f6z\u00f6s kutat\u00e1sb\u00f3l. \u201eNagyon nagy mozg\u00e1s van ma a munkaer\u0151-piacon, amiben a sz\u00f3 szoros\" \/>\n\t<meta name=\"robots\" content=\"max-image-preview:large\" \/>\n\t<meta name=\"author\" content=\"Juh\u00e1sz P\u00e9ter\"\/>\n\t<link rel=\"canonical\" href=\"https:\/\/allasorias.hu\/hirek\/a-munkaero-megtartas-fontos-cel\/\" \/>\n\t<meta name=\"generator\" content=\"All in One SEO (AIOSEO) 5.0.0.1\" \/>\n\t\t<meta property=\"og:locale\" content=\"hu_HU\" \/>\n\t\t<meta property=\"og:site_name\" content=\"AllasOrias.hu | H\u00edrek-lapszemle | \u00dczleti h\u00edrek az \u00e1ll\u00e1s \u00e9s a munka vil\u00e1g\u00e1b\u00f3l\" \/>\n\t\t<meta property=\"og:type\" content=\"article\" \/>\n\t\t<meta property=\"og:title\" content=\"A munkaer\u0151 megtart\u00e1s fontos c\u00e9l | AllasOrias.hu | H\u00edrek-lapszemle\" \/>\n\t\t<meta property=\"og:description\" content=\"Eredm\u00e9nyes toborz\u00e1ssal, megfelel\u0151 rugalmass\u00e1got \u00e9s k\u00f6lts\u00e9ghat\u00e9kony m\u0171k\u00f6d\u00e9st biztos\u00edtanak a munkaer\u0151 k\u00f6lcs\u00f6nz\u0151k. T\u00f6bb \u00e9vtizedes szak\u00e9rtelm\u00fck jelent\u0151s seg\u00edts\u00e9get jelent a munk\u00e1ltat\u00f3k mindennapi \u00e9let\u00e9ben \u2013 der\u00fcl ki szektor k\u00e9tharmad\u00e1t lefed\u0151 Magyar Munkaer\u0151-k\u00f6lcs\u00f6nz\u0151k Orsz\u00e1gos Sz\u00f6vets\u00e9ge tagszervezeteinek \u00e9s \u00e9rdekk\u00e9pviseleti munk\u00e1jukat t\u00e1mogat\u00f3 t\u00f6bb piacvezet\u0151 c\u00e9g k\u00f6r\u00e9ben v\u00e9gzett legfrissebb k\u00f6z\u00f6s kutat\u00e1sb\u00f3l. \u201eNagyon nagy mozg\u00e1s van ma a munkaer\u0151-piacon, amiben a sz\u00f3 szoros\" \/>\n\t\t<meta property=\"og:url\" content=\"https:\/\/allasorias.hu\/hirek\/a-munkaero-megtartas-fontos-cel\/\" \/>\n\t\t<meta property=\"og:image\" content=\"https:\/\/allasorias.hu\/hirek\/wp-content\/uploads\/2021\/03\/hr-handshaking-successful-candidate-getting-hired-new-job-closeup.jpg\" \/>\n\t\t<meta property=\"og:image:secure_url\" content=\"https:\/\/allasorias.hu\/hirek\/wp-content\/uploads\/2021\/03\/hr-handshaking-successful-candidate-getting-hired-new-job-closeup.jpg\" \/>\n\t\t<meta property=\"og:image:width\" content=\"1920\" \/>\n\t\t<meta property=\"og:image:height\" content=\"1280\" \/>\n\t\t<meta property=\"article:published_time\" content=\"2022-05-12T07:35:11+00:00\" \/>\n\t\t<meta property=\"article:modified_time\" content=\"2022-05-12T07:35:11+00:00\" \/>\n\t\t<meta property=\"article:publisher\" content=\"https:\/\/www.facebook.com\/allasorias\" \/>\n\t\t<meta name=\"twitter:card\" content=\"summary_large_image\" \/>\n\t\t<meta name=\"twitter:title\" content=\"A munkaer\u0151 megtart\u00e1s fontos c\u00e9l | AllasOrias.hu | H\u00edrek-lapszemle\" \/>\n\t\t<meta name=\"twitter:description\" content=\"Eredm\u00e9nyes toborz\u00e1ssal, megfelel\u0151 rugalmass\u00e1got \u00e9s k\u00f6lts\u00e9ghat\u00e9kony m\u0171k\u00f6d\u00e9st biztos\u00edtanak a munkaer\u0151 k\u00f6lcs\u00f6nz\u0151k. T\u00f6bb \u00e9vtizedes szak\u00e9rtelm\u00fck jelent\u0151s seg\u00edts\u00e9get jelent a munk\u00e1ltat\u00f3k mindennapi \u00e9let\u00e9ben \u2013 der\u00fcl ki szektor k\u00e9tharmad\u00e1t lefed\u0151 Magyar Munkaer\u0151-k\u00f6lcs\u00f6nz\u0151k Orsz\u00e1gos Sz\u00f6vets\u00e9ge tagszervezeteinek \u00e9s \u00e9rdekk\u00e9pviseleti munk\u00e1jukat t\u00e1mogat\u00f3 t\u00f6bb piacvezet\u0151 c\u00e9g k\u00f6r\u00e9ben v\u00e9gzett legfrissebb k\u00f6z\u00f6s kutat\u00e1sb\u00f3l. \u201eNagyon nagy mozg\u00e1s van ma a munkaer\u0151-piacon, amiben a sz\u00f3 szoros\" \/>\n\t\t<meta name=\"twitter:image\" content=\"https:\/\/allasorias.hu\/hirek\/wp-content\/uploads\/2021\/03\/hr-handshaking-successful-candidate-getting-hired-new-job-closeup.jpg\" \/>\n\t\t<meta name=\"twitter:label1\" content=\"Written by\" \/>\n\t\t<meta name=\"twitter:data1\" content=\"Juh\u00e1sz P\u00e9ter\" \/>\n\t\t<meta name=\"twitter:label2\" content=\"Est. reading time\" \/>\n\t\t<meta name=\"twitter:data2\" content=\"3 minutes\" \/>\n\t\t<script type=\"application\/ld+json\" class=\"aioseo-schema\">\n\t\t\t{\"@context\":\"https:\\\/\\\/schema.org\",\"@graph\":[{\"@type\":\"Article\",\"@id\":\"https:\\\/\\\/allasorias.hu\\\/hirek\\\/a-munkaero-megtartas-fontos-cel\\\/#article\",\"name\":\"A munkaer\\u0151 megtart\\u00e1s fontos c\\u00e9l | AllasOrias.hu | H\\u00edrek-lapszemle\",\"headline\":\"A munkaer\\u0151 megtart\\u00e1s fontos c\\u00e9l\",\"author\":{\"@id\":\"https:\\\/\\\/allasorias.hu\\\/hirek\\\/author\\\/admin-allasorias\\\/#author\"},\"publisher\":{\"@id\":\"https:\\\/\\\/allasorias.hu\\\/hirek\\\/#organization\"},\"image\":{\"@type\":\"ImageObject\",\"url\":\"https:\\\/\\\/allasorias.hu\\\/hirek\\\/wp-content\\\/uploads\\\/2021\\\/03\\\/hr-handshaking-successful-candidate-getting-hired-new-job-closeup.jpg\",\"width\":1920,\"height\":1280,\"caption\":\"Employment handshake concept, female hr and successful woman candidate shaking hands getting hired ready to sign job contract concept, employer congratulating welcoming new worker, close up view\"},\"datePublished\":\"2022-05-12T07:35:11+02:00\",\"dateModified\":\"2022-05-12T07:35:11+02:00\",\"inLanguage\":\"hu-HU\",\"mainEntityOfPage\":{\"@id\":\"https:\\\/\\\/allasorias.hu\\\/hirek\\\/a-munkaero-megtartas-fontos-cel\\\/#webpage\"},\"isPartOf\":{\"@id\":\"https:\\\/\\\/allasorias.hu\\\/hirek\\\/a-munkaero-megtartas-fontos-cel\\\/#webpage\"},\"articleSection\":\"Munkaer\\u0151piac\"},{\"@type\":\"BreadcrumbList\",\"@id\":\"https:\\\/\\\/allasorias.hu\\\/hirek\\\/a-munkaero-megtartas-fontos-cel\\\/#breadcrumblist\",\"itemListElement\":[{\"@type\":\"ListItem\",\"@id\":\"https:\\\/\\\/allasorias.hu\\\/hirek#listItem\",\"position\":1,\"name\":\"Home\",\"item\":\"https:\\\/\\\/allasorias.hu\\\/hirek\",\"nextItem\":{\"@type\":\"ListItem\",\"@id\":\"https:\\\/\\\/allasorias.hu\\\/hirek\\\/temak\\\/munkaeropiac\\\/#listItem\",\"name\":\"Munkaer\\u0151piac\"}},{\"@type\":\"ListItem\",\"@id\":\"https:\\\/\\\/allasorias.hu\\\/hirek\\\/temak\\\/munkaeropiac\\\/#listItem\",\"position\":2,\"name\":\"Munkaer\\u0151piac\",\"item\":\"https:\\\/\\\/allasorias.hu\\\/hirek\\\/temak\\\/munkaeropiac\\\/\",\"nextItem\":{\"@type\":\"ListItem\",\"@id\":\"https:\\\/\\\/allasorias.hu\\\/hirek\\\/a-munkaero-megtartas-fontos-cel\\\/#listItem\",\"name\":\"A munkaer\\u0151 megtart\\u00e1s fontos c\\u00e9l\"},\"previousItem\":{\"@type\":\"ListItem\",\"@id\":\"https:\\\/\\\/allasorias.hu\\\/hirek#listItem\",\"name\":\"Home\"}},{\"@type\":\"ListItem\",\"@id\":\"https:\\\/\\\/allasorias.hu\\\/hirek\\\/a-munkaero-megtartas-fontos-cel\\\/#listItem\",\"position\":3,\"name\":\"A munkaer\\u0151 megtart\\u00e1s fontos c\\u00e9l\",\"previousItem\":{\"@type\":\"ListItem\",\"@id\":\"https:\\\/\\\/allasorias.hu\\\/hirek\\\/temak\\\/munkaeropiac\\\/#listItem\",\"name\":\"Munkaer\\u0151piac\"}}]},{\"@type\":\"Organization\",\"@id\":\"https:\\\/\\\/allasorias.hu\\\/hirek\\\/#organization\",\"name\":\"AllasOrias.hu | H\\u00edrek-lapszemle\",\"description\":\"\\u00dczleti h\\u00edrek az \\u00e1ll\\u00e1s \\u00e9s a munka vil\\u00e1g\\u00e1b\\u00f3l\",\"url\":\"https:\\\/\\\/allasorias.hu\\\/hirek\\\/\",\"logo\":{\"@type\":\"ImageObject\",\"url\":\"https:\\\/\\\/allasorias.hu\\\/hirek\\\/wp-content\\\/uploads\\\/2022\\\/10\\\/allasorias_site_facebok_logo.png\",\"@id\":\"https:\\\/\\\/allasorias.hu\\\/hirek\\\/a-munkaero-megtartas-fontos-cel\\\/#organizationLogo\"},\"image\":{\"@id\":\"https:\\\/\\\/allasorias.hu\\\/hirek\\\/a-munkaero-megtartas-fontos-cel\\\/#organizationLogo\"},\"sameAs\":[\"https:\\\/\\\/www.facebook.com\\\/allasorias\",\"https:\\\/\\\/www.linkedin.com\\\/company\\\/allasorias\"]},{\"@type\":\"Person\",\"@id\":\"https:\\\/\\\/allasorias.hu\\\/hirek\\\/author\\\/admin-allasorias\\\/#author\",\"url\":\"https:\\\/\\\/allasorias.hu\\\/hirek\\\/author\\\/admin-allasorias\\\/\",\"name\":\"Juh\\u00e1sz P\\u00e9ter\",\"image\":{\"@type\":\"ImageObject\",\"@id\":\"https:\\\/\\\/allasorias.hu\\\/hirek\\\/a-munkaero-megtartas-fontos-cel\\\/#authorImage\",\"url\":\"https:\\\/\\\/secure.gravatar.com\\\/avatar\\\/36e6bcb83148978b992977cb0f54d22feb0cce8a0a849a9410532bb2623ba4c6?s=96&d=mm&r=g\",\"width\":96,\"height\":96,\"caption\":\"Juh\\u00e1sz P\\u00e9ter\"}},{\"@type\":\"WebPage\",\"@id\":\"https:\\\/\\\/allasorias.hu\\\/hirek\\\/a-munkaero-megtartas-fontos-cel\\\/#webpage\",\"url\":\"https:\\\/\\\/allasorias.hu\\\/hirek\\\/a-munkaero-megtartas-fontos-cel\\\/\",\"name\":\"A munkaer\\u0151 megtart\\u00e1s fontos c\\u00e9l | AllasOrias.hu | H\\u00edrek-lapszemle\",\"description\":\"Eredm\\u00e9nyes toborz\\u00e1ssal, megfelel\\u0151 rugalmass\\u00e1got \\u00e9s k\\u00f6lts\\u00e9ghat\\u00e9kony m\\u0171k\\u00f6d\\u00e9st biztos\\u00edtanak a munkaer\\u0151 k\\u00f6lcs\\u00f6nz\\u0151k. T\\u00f6bb \\u00e9vtizedes szak\\u00e9rtelm\\u00fck jelent\\u0151s seg\\u00edts\\u00e9get jelent a munk\\u00e1ltat\\u00f3k mindennapi \\u00e9let\\u00e9ben \\u2013 der\\u00fcl ki szektor k\\u00e9tharmad\\u00e1t lefed\\u0151 Magyar Munkaer\\u0151-k\\u00f6lcs\\u00f6nz\\u0151k Orsz\\u00e1gos Sz\\u00f6vets\\u00e9ge tagszervezeteinek \\u00e9s \\u00e9rdekk\\u00e9pviseleti munk\\u00e1jukat t\\u00e1mogat\\u00f3 t\\u00f6bb piacvezet\\u0151 c\\u00e9g k\\u00f6r\\u00e9ben v\\u00e9gzett legfrissebb k\\u00f6z\\u00f6s kutat\\u00e1sb\\u00f3l. \\u201eNagyon nagy mozg\\u00e1s van ma a munkaer\\u0151-piacon, amiben a sz\\u00f3 szoros\",\"inLanguage\":\"hu-HU\",\"isPartOf\":{\"@id\":\"https:\\\/\\\/allasorias.hu\\\/hirek\\\/#website\"},\"breadcrumb\":{\"@id\":\"https:\\\/\\\/allasorias.hu\\\/hirek\\\/a-munkaero-megtartas-fontos-cel\\\/#breadcrumblist\"},\"author\":{\"@id\":\"https:\\\/\\\/allasorias.hu\\\/hirek\\\/author\\\/admin-allasorias\\\/#author\"},\"creator\":{\"@id\":\"https:\\\/\\\/allasorias.hu\\\/hirek\\\/author\\\/admin-allasorias\\\/#author\"},\"image\":{\"@type\":\"ImageObject\",\"url\":\"https:\\\/\\\/allasorias.hu\\\/hirek\\\/wp-content\\\/uploads\\\/2021\\\/03\\\/hr-handshaking-successful-candidate-getting-hired-new-job-closeup.jpg\",\"@id\":\"https:\\\/\\\/allasorias.hu\\\/hirek\\\/a-munkaero-megtartas-fontos-cel\\\/#mainImage\",\"width\":1920,\"height\":1280,\"caption\":\"Employment handshake concept, female hr and successful woman candidate shaking hands getting hired ready to sign job contract concept, employer congratulating welcoming new worker, close up view\"},\"primaryImageOfPage\":{\"@id\":\"https:\\\/\\\/allasorias.hu\\\/hirek\\\/a-munkaero-megtartas-fontos-cel\\\/#mainImage\"},\"datePublished\":\"2022-05-12T07:35:11+02:00\",\"dateModified\":\"2022-05-12T07:35:11+02:00\"},{\"@type\":\"WebSite\",\"@id\":\"https:\\\/\\\/allasorias.hu\\\/hirek\\\/#website\",\"url\":\"https:\\\/\\\/allasorias.hu\\\/hirek\\\/\",\"name\":\"AllasOrias.hu | H\\u00edrek-lapszemle\",\"description\":\"\\u00dczleti h\\u00edrek az \\u00e1ll\\u00e1s \\u00e9s a munka vil\\u00e1g\\u00e1b\\u00f3l\",\"inLanguage\":\"hu-HU\",\"publisher\":{\"@id\":\"https:\\\/\\\/allasorias.hu\\\/hirek\\\/#organization\"}}]}\n\t\t<\/script>\n\t\t<!-- All in One SEO -->\n\n","aioseo_head_json":{"title":"A munkaer\u0151 megtart\u00e1s fontos c\u00e9l | AllasOrias.hu | H\u00edrek-lapszemle","description":"Eredm\u00e9nyes toborz\u00e1ssal, megfelel\u0151 rugalmass\u00e1got \u00e9s k\u00f6lts\u00e9ghat\u00e9kony m\u0171k\u00f6d\u00e9st biztos\u00edtanak a munkaer\u0151 k\u00f6lcs\u00f6nz\u0151k. T\u00f6bb \u00e9vtizedes szak\u00e9rtelm\u00fck jelent\u0151s seg\u00edts\u00e9get jelent a munk\u00e1ltat\u00f3k mindennapi \u00e9let\u00e9ben \u2013 der\u00fcl ki szektor k\u00e9tharmad\u00e1t lefed\u0151 Magyar Munkaer\u0151-k\u00f6lcs\u00f6nz\u0151k Orsz\u00e1gos Sz\u00f6vets\u00e9ge tagszervezeteinek \u00e9s \u00e9rdekk\u00e9pviseleti munk\u00e1jukat t\u00e1mogat\u00f3 t\u00f6bb piacvezet\u0151 c\u00e9g k\u00f6r\u00e9ben v\u00e9gzett legfrissebb k\u00f6z\u00f6s kutat\u00e1sb\u00f3l. \u201eNagyon nagy mozg\u00e1s van ma a munkaer\u0151-piacon, amiben a sz\u00f3 szoros","canonical_url":"https:\/\/allasorias.hu\/hirek\/a-munkaero-megtartas-fontos-cel\/","robots":"max-image-preview:large","keywords":"","webmasterTools":{"miscellaneous":""},"schema":{"@context":"https:\/\/schema.org","@graph":[{"@type":"Article","@id":"https:\/\/allasorias.hu\/hirek\/a-munkaero-megtartas-fontos-cel\/#article","name":"A munkaer\u0151 megtart\u00e1s fontos c\u00e9l | AllasOrias.hu | H\u00edrek-lapszemle","headline":"A munkaer\u0151 megtart\u00e1s fontos c\u00e9l","author":{"@id":"https:\/\/allasorias.hu\/hirek\/author\/admin-allasorias\/#author"},"publisher":{"@id":"https:\/\/allasorias.hu\/hirek\/#organization"},"image":{"@type":"ImageObject","url":"https:\/\/allasorias.hu\/hirek\/wp-content\/uploads\/2021\/03\/hr-handshaking-successful-candidate-getting-hired-new-job-closeup.jpg","width":1920,"height":1280,"caption":"Employment handshake concept, female hr and successful woman candidate shaking hands getting hired ready to sign job contract concept, employer congratulating welcoming new worker, close up view"},"datePublished":"2022-05-12T07:35:11+02:00","dateModified":"2022-05-12T07:35:11+02:00","inLanguage":"hu-HU","mainEntityOfPage":{"@id":"https:\/\/allasorias.hu\/hirek\/a-munkaero-megtartas-fontos-cel\/#webpage"},"isPartOf":{"@id":"https:\/\/allasorias.hu\/hirek\/a-munkaero-megtartas-fontos-cel\/#webpage"},"articleSection":"Munkaer\u0151piac"},{"@type":"BreadcrumbList","@id":"https:\/\/allasorias.hu\/hirek\/a-munkaero-megtartas-fontos-cel\/#breadcrumblist","itemListElement":[{"@type":"ListItem","@id":"https:\/\/allasorias.hu\/hirek#listItem","position":1,"name":"Home","item":"https:\/\/allasorias.hu\/hirek","nextItem":{"@type":"ListItem","@id":"https:\/\/allasorias.hu\/hirek\/temak\/munkaeropiac\/#listItem","name":"Munkaer\u0151piac"}},{"@type":"ListItem","@id":"https:\/\/allasorias.hu\/hirek\/temak\/munkaeropiac\/#listItem","position":2,"name":"Munkaer\u0151piac","item":"https:\/\/allasorias.hu\/hirek\/temak\/munkaeropiac\/","nextItem":{"@type":"ListItem","@id":"https:\/\/allasorias.hu\/hirek\/a-munkaero-megtartas-fontos-cel\/#listItem","name":"A munkaer\u0151 megtart\u00e1s fontos c\u00e9l"},"previousItem":{"@type":"ListItem","@id":"https:\/\/allasorias.hu\/hirek#listItem","name":"Home"}},{"@type":"ListItem","@id":"https:\/\/allasorias.hu\/hirek\/a-munkaero-megtartas-fontos-cel\/#listItem","position":3,"name":"A munkaer\u0151 megtart\u00e1s fontos c\u00e9l","previousItem":{"@type":"ListItem","@id":"https:\/\/allasorias.hu\/hirek\/temak\/munkaeropiac\/#listItem","name":"Munkaer\u0151piac"}}]},{"@type":"Organization","@id":"https:\/\/allasorias.hu\/hirek\/#organization","name":"AllasOrias.hu | H\u00edrek-lapszemle","description":"\u00dczleti h\u00edrek az \u00e1ll\u00e1s \u00e9s a munka vil\u00e1g\u00e1b\u00f3l","url":"https:\/\/allasorias.hu\/hirek\/","logo":{"@type":"ImageObject","url":"https:\/\/allasorias.hu\/hirek\/wp-content\/uploads\/2022\/10\/allasorias_site_facebok_logo.png","@id":"https:\/\/allasorias.hu\/hirek\/a-munkaero-megtartas-fontos-cel\/#organizationLogo"},"image":{"@id":"https:\/\/allasorias.hu\/hirek\/a-munkaero-megtartas-fontos-cel\/#organizationLogo"},"sameAs":["https:\/\/www.facebook.com\/allasorias","https:\/\/www.linkedin.com\/company\/allasorias"]},{"@type":"Person","@id":"https:\/\/allasorias.hu\/hirek\/author\/admin-allasorias\/#author","url":"https:\/\/allasorias.hu\/hirek\/author\/admin-allasorias\/","name":"Juh\u00e1sz P\u00e9ter","image":{"@type":"ImageObject","@id":"https:\/\/allasorias.hu\/hirek\/a-munkaero-megtartas-fontos-cel\/#authorImage","url":"https:\/\/secure.gravatar.com\/avatar\/36e6bcb83148978b992977cb0f54d22feb0cce8a0a849a9410532bb2623ba4c6?s=96&d=mm&r=g","width":96,"height":96,"caption":"Juh\u00e1sz P\u00e9ter"}},{"@type":"WebPage","@id":"https:\/\/allasorias.hu\/hirek\/a-munkaero-megtartas-fontos-cel\/#webpage","url":"https:\/\/allasorias.hu\/hirek\/a-munkaero-megtartas-fontos-cel\/","name":"A munkaer\u0151 megtart\u00e1s fontos c\u00e9l | AllasOrias.hu | H\u00edrek-lapszemle","description":"Eredm\u00e9nyes toborz\u00e1ssal, megfelel\u0151 rugalmass\u00e1got \u00e9s k\u00f6lts\u00e9ghat\u00e9kony m\u0171k\u00f6d\u00e9st biztos\u00edtanak a munkaer\u0151 k\u00f6lcs\u00f6nz\u0151k. T\u00f6bb \u00e9vtizedes szak\u00e9rtelm\u00fck jelent\u0151s seg\u00edts\u00e9get jelent a munk\u00e1ltat\u00f3k mindennapi \u00e9let\u00e9ben \u2013 der\u00fcl ki szektor k\u00e9tharmad\u00e1t lefed\u0151 Magyar Munkaer\u0151-k\u00f6lcs\u00f6nz\u0151k Orsz\u00e1gos Sz\u00f6vets\u00e9ge tagszervezeteinek \u00e9s \u00e9rdekk\u00e9pviseleti munk\u00e1jukat t\u00e1mogat\u00f3 t\u00f6bb piacvezet\u0151 c\u00e9g k\u00f6r\u00e9ben v\u00e9gzett legfrissebb k\u00f6z\u00f6s kutat\u00e1sb\u00f3l. \u201eNagyon nagy mozg\u00e1s van ma a munkaer\u0151-piacon, amiben a sz\u00f3 szoros","inLanguage":"hu-HU","isPartOf":{"@id":"https:\/\/allasorias.hu\/hirek\/#website"},"breadcrumb":{"@id":"https:\/\/allasorias.hu\/hirek\/a-munkaero-megtartas-fontos-cel\/#breadcrumblist"},"author":{"@id":"https:\/\/allasorias.hu\/hirek\/author\/admin-allasorias\/#author"},"creator":{"@id":"https:\/\/allasorias.hu\/hirek\/author\/admin-allasorias\/#author"},"image":{"@type":"ImageObject","url":"https:\/\/allasorias.hu\/hirek\/wp-content\/uploads\/2021\/03\/hr-handshaking-successful-candidate-getting-hired-new-job-closeup.jpg","@id":"https:\/\/allasorias.hu\/hirek\/a-munkaero-megtartas-fontos-cel\/#mainImage","width":1920,"height":1280,"caption":"Employment handshake concept, female hr and successful woman candidate shaking hands getting hired ready to sign job contract concept, employer congratulating welcoming new worker, close up view"},"primaryImageOfPage":{"@id":"https:\/\/allasorias.hu\/hirek\/a-munkaero-megtartas-fontos-cel\/#mainImage"},"datePublished":"2022-05-12T07:35:11+02:00","dateModified":"2022-05-12T07:35:11+02:00"},{"@type":"WebSite","@id":"https:\/\/allasorias.hu\/hirek\/#website","url":"https:\/\/allasorias.hu\/hirek\/","name":"AllasOrias.hu | H\u00edrek-lapszemle","description":"\u00dczleti h\u00edrek az \u00e1ll\u00e1s \u00e9s a munka vil\u00e1g\u00e1b\u00f3l","inLanguage":"hu-HU","publisher":{"@id":"https:\/\/allasorias.hu\/hirek\/#organization"}}]},"og:locale":"hu_HU","og:site_name":"AllasOrias.hu | H\u00edrek-lapszemle | \u00dczleti h\u00edrek az \u00e1ll\u00e1s \u00e9s a munka vil\u00e1g\u00e1b\u00f3l","og:type":"article","og:title":"A munkaer\u0151 megtart\u00e1s fontos c\u00e9l | AllasOrias.hu | H\u00edrek-lapszemle","og:description":"Eredm\u00e9nyes toborz\u00e1ssal, megfelel\u0151 rugalmass\u00e1got \u00e9s k\u00f6lts\u00e9ghat\u00e9kony m\u0171k\u00f6d\u00e9st biztos\u00edtanak a munkaer\u0151 k\u00f6lcs\u00f6nz\u0151k. T\u00f6bb \u00e9vtizedes szak\u00e9rtelm\u00fck jelent\u0151s seg\u00edts\u00e9get jelent a munk\u00e1ltat\u00f3k mindennapi \u00e9let\u00e9ben \u2013 der\u00fcl ki szektor k\u00e9tharmad\u00e1t lefed\u0151 Magyar Munkaer\u0151-k\u00f6lcs\u00f6nz\u0151k Orsz\u00e1gos Sz\u00f6vets\u00e9ge tagszervezeteinek \u00e9s \u00e9rdekk\u00e9pviseleti munk\u00e1jukat t\u00e1mogat\u00f3 t\u00f6bb piacvezet\u0151 c\u00e9g k\u00f6r\u00e9ben v\u00e9gzett legfrissebb k\u00f6z\u00f6s kutat\u00e1sb\u00f3l. \u201eNagyon nagy mozg\u00e1s van ma a munkaer\u0151-piacon, amiben a sz\u00f3 szoros","og:url":"https:\/\/allasorias.hu\/hirek\/a-munkaero-megtartas-fontos-cel\/","og:image":"https:\/\/allasorias.hu\/hirek\/wp-content\/uploads\/2021\/03\/hr-handshaking-successful-candidate-getting-hired-new-job-closeup.jpg","og:image:secure_url":"https:\/\/allasorias.hu\/hirek\/wp-content\/uploads\/2021\/03\/hr-handshaking-successful-candidate-getting-hired-new-job-closeup.jpg","og:image:width":1920,"og:image:height":1280,"article:published_time":"2022-05-12T07:35:11+00:00","article:modified_time":"2022-05-12T07:35:11+00:00","article:publisher":"https:\/\/www.facebook.com\/allasorias","twitter:card":"summary_large_image","twitter:title":"A munkaer\u0151 megtart\u00e1s fontos c\u00e9l | AllasOrias.hu | H\u00edrek-lapszemle","twitter:description":"Eredm\u00e9nyes toborz\u00e1ssal, megfelel\u0151 rugalmass\u00e1got \u00e9s k\u00f6lts\u00e9ghat\u00e9kony m\u0171k\u00f6d\u00e9st biztos\u00edtanak a munkaer\u0151 k\u00f6lcs\u00f6nz\u0151k. T\u00f6bb \u00e9vtizedes szak\u00e9rtelm\u00fck jelent\u0151s seg\u00edts\u00e9get jelent a munk\u00e1ltat\u00f3k mindennapi \u00e9let\u00e9ben \u2013 der\u00fcl ki szektor k\u00e9tharmad\u00e1t lefed\u0151 Magyar Munkaer\u0151-k\u00f6lcs\u00f6nz\u0151k Orsz\u00e1gos Sz\u00f6vets\u00e9ge tagszervezeteinek \u00e9s \u00e9rdekk\u00e9pviseleti munk\u00e1jukat t\u00e1mogat\u00f3 t\u00f6bb piacvezet\u0151 c\u00e9g k\u00f6r\u00e9ben v\u00e9gzett legfrissebb k\u00f6z\u00f6s kutat\u00e1sb\u00f3l. \u201eNagyon nagy mozg\u00e1s van ma a munkaer\u0151-piacon, amiben a sz\u00f3 szoros","twitter:image":"https:\/\/allasorias.hu\/hirek\/wp-content\/uploads\/2021\/03\/hr-handshaking-successful-candidate-getting-hired-new-job-closeup.jpg","twitter:label1":"Written by","twitter:data1":"Juh\u00e1sz P\u00e9ter","twitter:label2":"Est. reading time","twitter:data2":"3 minutes"},"aioseo_meta_data":{"post_id":"5556","title":null,"description":null,"keywords":[],"keyphrases":{"focus":{"keyphrase":"","score":0,"analysis":{"keyphraseInTitle":{"score":0,"maxScore":9,"error":1}}},"additional":[]},"primary_term":null,"canonical_url":null,"og_title":null,"og_description":null,"og_object_type":"default","og_image_type":"default","og_image_url":null,"og_image_width":null,"og_image_height":null,"og_image_custom_url":null,"og_image_custom_fields":null,"og_video":"","og_custom_url":null,"og_article_section":null,"og_article_tags":[],"twitter_use_og":false,"twitter_card":"default","twitter_image_type":"default","twitter_image_url":null,"twitter_image_custom_url":null,"twitter_image_custom_fields":null,"twitter_title":null,"twitter_description":null,"schema":{"blockGraphs":[],"customGraphs":[],"default":{"data":{"Article":[],"Course":[],"Dataset":[],"FAQPage":[],"Movie":[],"Person":[],"Product":[],"ProductReview":[],"Car":[],"Recipe":[],"Service":[],"SoftwareApplication":[],"WebPage":[]},"graphName":"","isEnabled":true},"graphs":[],"defaultGraph":"Article","defaultPostTypeGraph":""},"schema_type":"default","schema_type_options":"{\"article\":{\"articleType\":\"BlogPosting\"},\"course\":{\"name\":\"\",\"description\":\"\",\"provider\":\"\"},\"faq\":{\"pages\":[]},\"product\":{\"reviews\":[]},\"recipe\":{\"ingredients\":[],\"instructions\":[],\"keywords\":[]},\"software\":{\"reviews\":[],\"operatingSystems\":[]},\"webPage\":{\"webPageType\":\"WebPage\"}}","pillar_content":false,"robots_default":true,"robots_noindex":false,"robots_noarchive":false,"robots_nosnippet":false,"robots_nofollow":false,"robots_noimageindex":false,"robots_noodp":false,"robots_notranslate":false,"robots_max_snippet":"-1","robots_max_videopreview":"-1","robots_max_imagepreview":"large","priority":null,"frequency":"default","location":null,"local_seo":null,"breadcrumb_settings":null,"limit_modified_date":false,"ai":null,"created":"2022-05-12 07:34:18","updated":"2025-10-02 16:56:28","seo_analyzer_scan_date":null,"focus_keyword":null,"additional_keywords":null,"truseo_locale":null},"aioseo_breadcrumb":"<div class=\"aioseo-breadcrumbs\"><span class=\"aioseo-breadcrumb\">\n\t\t\t<a href=\"https:\/\/allasorias.hu\/hirek\" title=\"Home\">Home<\/a>\n\t\t<\/span><span class=\"aioseo-breadcrumb-separator\">&raquo;<\/span><span class=\"aioseo-breadcrumb\">\n\t\t\t<a href=\"https:\/\/allasorias.hu\/hirek\/temak\/munkaeropiac\/\" title=\"Munkaer\u0151piac\">Munkaer\u0151piac<\/a>\n\t\t<\/span><span class=\"aioseo-breadcrumb-separator\">&raquo;<\/span><span class=\"aioseo-breadcrumb\">\n\t\t\tA munkaer\u0151 megtart\u00e1s fontos c\u00e9l\n\t\t<\/span><\/div>","aioseo_breadcrumb_json":[{"label":"Home","link":"https:\/\/allasorias.hu\/hirek"},{"label":"Munkaer\u0151piac","link":"https:\/\/allasorias.hu\/hirek\/temak\/munkaeropiac\/"},{"label":"A munkaer\u0151 megtart\u00e1s fontos c\u00e9l","link":"https:\/\/allasorias.hu\/hirek\/a-munkaero-megtartas-fontos-cel\/"}],"_links":{"self":[{"href":"https:\/\/allasorias.hu\/hirek\/wp-json\/wp\/v2\/posts\/5556","targetHints":{"allow":["GET"]}}],"collection":[{"href":"https:\/\/allasorias.hu\/hirek\/wp-json\/wp\/v2\/posts"}],"about":[{"href":"https:\/\/allasorias.hu\/hirek\/wp-json\/wp\/v2\/types\/post"}],"author":[{"embeddable":true,"href":"https:\/\/allasorias.hu\/hirek\/wp-json\/wp\/v2\/users\/1"}],"replies":[{"embeddable":true,"href":"https:\/\/allasorias.hu\/hirek\/wp-json\/wp\/v2\/comments?post=5556"}],"version-history":[{"count":1,"href":"https:\/\/allasorias.hu\/hirek\/wp-json\/wp\/v2\/posts\/5556\/revisions"}],"predecessor-version":[{"id":5557,"href":"https:\/\/allasorias.hu\/hirek\/wp-json\/wp\/v2\/posts\/5556\/revisions\/5557"}],"wp:featuredmedia":[{"embeddable":true,"href":"https:\/\/allasorias.hu\/hirek\/wp-json\/wp\/v2\/media\/4663"}],"wp:attachment":[{"href":"https:\/\/allasorias.hu\/hirek\/wp-json\/wp\/v2\/media?parent=5556"}],"wp:term":[{"taxonomy":"category","embeddable":true,"href":"https:\/\/allasorias.hu\/hirek\/wp-json\/wp\/v2\/categories?post=5556"},{"taxonomy":"post_tag","embeddable":true,"href":"https:\/\/allasorias.hu\/hirek\/wp-json\/wp\/v2\/tags?post=5556"}],"curies":[{"name":"wp","href":"https:\/\/api.w.org\/{rel}","templated":true}]}}