{"id":5552,"date":"2022-05-10T06:55:08","date_gmt":"2022-05-10T06:55:08","guid":{"rendered":"https:\/\/allasorias.hu\/hirek\/?p=5552"},"modified":"2022-05-10T06:55:08","modified_gmt":"2022-05-10T06:55:08","slug":"sokfele-munkara-alkalmasak-az-ukran-menekultek","status":"publish","type":"post","link":"https:\/\/allasorias.hu\/hirek\/sokfele-munkara-alkalmasak-az-ukran-menekultek\/","title":{"rendered":"Sokf\u00e9le  munk\u00e1ra alkalmasak az ukr\u00e1n menek\u00fcltek"},"content":{"rendered":"<p><strong>M\u00e1r csaknem 2500 menek\u00fclt jelezte, hogy munk\u00e1t v\u00e1llalna Magyarorsz\u00e1gon,\u00a0 k\u00f6z\u00fcl\u00fck 400-an m\u00e1r el is kezdhettek dolgozni. A belf\u00f6ldi munkaad\u00f3k felismert\u00e9k, hogy a szomsz\u00e9dos orsz\u00e1gb\u00f3l \u00e9rkez\u0151k sokf\u00e9le munkak\u00f6r bet\u00f6lt\u00e9s\u00e9re alkalmasak. <\/strong><\/p>\n<p>Hamar tal\u00e1lhatnak \u00e1ll\u00e1st az Ukrajn\u00e1b\u00f3l menek\u00fcl\u0151k Magyarorsz\u00e1gon &#8211; k\u00f6z\u00f6lte az MTI-vel\u00a0 a Prohuman.\u00a0 A munkaer\u0151-k\u00f6zvet\u00edt\u0151 szerint a belf\u00f6ldi munkaad\u00f3k felismert\u00e9k, hogy a szomsz\u00e9dos orsz\u00e1gb\u00f3l \u00e9rkez\u0151k sokf\u00e9le munkak\u00f6r bet\u00f6lt\u00e9s\u00e9re alkalmasak &#8211; \u00edrt\u00e1k. Inform\u00e1ci\u00f3s pontjaikon m\u00e1r csaknem 2500 menek\u00fclt jelezte, hogy munk\u00e1t v\u00e1llalna, k\u00f6z\u00fcl\u00fck 400-an m\u00e1r el is kezdhettek dolgozni. A c\u00e9g tapasztalatai alapj\u00e1n a Magyarorsz\u00e1gra \u00e9rkez\u0151k k\u00f6z\u00fcl sokan hossz\u00fa t\u00e1vra terveznek itt. A k\u00f6zlem\u00e9ny szerint a v\u00e1llalatokat v\u00e1ratlanul \u00e9rte a neh\u00e9z helyzetbe ker\u00fclt emberek fogad\u00e1sa, utaztat\u00e1sa, lakhat\u00e1s\u00e1nak biztos\u00edt\u00e1sa, adminisztr\u00e1ci\u00f3s teend\u0151ik int\u00e9z\u00e9se. A Prohuman ez\u00e9rt humanit\u00e1rius \u00e9s korm\u00e1nyzati szervezetekkel egy\u00fcttm\u0171k\u00f6dve seg\u00edt a r\u00e1szorul\u00f3knak. A munkaer\u0151-k\u00f6zvet\u00edt\u0151 safeinhungary.hu c\u00edmen honlapot is l\u00e9trehozott, hogy \u00f6sszek\u00f6sse a munkaad\u00f3kat a h\u00e1bor\u00fa el\u0151l menek\u00fcl\u0151kkel. A regisztr\u00e1l\u00f3 c\u00e9gek ezen kereszt\u00fcl d\u00edjmentesen \u00e9rhetik el a jelentkez\u0151ket, akik ukr\u00e1nul is olvashatj\u00e1k az oldalt.<\/p>\n<p>Forr\u00e1s: ma.hu<\/p>\n","protected":false},"excerpt":{"rendered":"<p>M\u00e1r csaknem 2500 menek\u00fclt jelezte, hogy munk\u00e1t v\u00e1llalna Magyarorsz\u00e1gon,\u00a0 k\u00f6z\u00fcl\u00fck 400-an m\u00e1r el is kezdhettek dolgozni. A belf\u00f6ldi munkaad\u00f3k felismert\u00e9k, hogy a szomsz\u00e9dos orsz\u00e1gb\u00f3l \u00e9rkez\u0151k sokf\u00e9le munkak\u00f6r bet\u00f6lt\u00e9s\u00e9re alkalmasak. Hamar tal\u00e1lhatnak \u00e1ll\u00e1st az Ukrajn\u00e1b\u00f3l menek\u00fcl\u0151k Magyarorsz\u00e1gon &#8211; k\u00f6z\u00f6lte az MTI-vel\u00a0 a Prohuman.\u00a0 A munkaer\u0151-k\u00f6zvet\u00edt\u0151 szerint a belf\u00f6ldi munkaad\u00f3k felismert\u00e9k, hogy a szomsz\u00e9dos orsz\u00e1gb\u00f3l \u00e9rkez\u0151k sokf\u00e9le [&hellip;]<\/p>\n","protected":false},"author":1,"featured_media":5444,"comment_status":"open","ping_status":"open","sticky":false,"template":"","format":"standard","meta":{"_monsterinsights_skip_tracking":false,"footnotes":""},"categories":[200],"tags":[],"class_list":["post-5552","post","type-post","status-publish","format-standard","has-post-thumbnail","hentry","category-munkaeropiac"],"aioseo_notices":[],"aioseo_head":"\n\t\t<!-- All in One SEO 5.0.0.1 - aioseo.com -->\n\t<meta name=\"description\" content=\"M\u00e1r csaknem 2500 menek\u00fclt jelezte, hogy munk\u00e1t v\u00e1llalna Magyarorsz\u00e1gon, k\u00f6z\u00fcl\u00fck 400-an m\u00e1r el is kezdhettek dolgozni. A belf\u00f6ldi munkaad\u00f3k felismert\u00e9k, hogy a szomsz\u00e9dos orsz\u00e1gb\u00f3l \u00e9rkez\u0151k sokf\u00e9le munkak\u00f6r bet\u00f6lt\u00e9s\u00e9re alkalmasak. Hamar tal\u00e1lhatnak \u00e1ll\u00e1st az Ukrajn\u00e1b\u00f3l menek\u00fcl\u0151k Magyarorsz\u00e1gon - k\u00f6z\u00f6lte az MTI-vel a Prohuman. A munkaer\u0151-k\u00f6zvet\u00edt\u0151 szerint a belf\u00f6ldi munkaad\u00f3k felismert\u00e9k, hogy a szomsz\u00e9dos orsz\u00e1gb\u00f3l \u00e9rkez\u0151k sokf\u00e9le\" \/>\n\t<meta name=\"robots\" content=\"max-image-preview:large\" \/>\n\t<meta name=\"author\" content=\"Juh\u00e1sz P\u00e9ter\"\/>\n\t<link rel=\"canonical\" href=\"https:\/\/allasorias.hu\/hirek\/sokfele-munkara-alkalmasak-az-ukran-menekultek\/\" \/>\n\t<meta name=\"generator\" content=\"All in One SEO (AIOSEO) 5.0.0.1\" \/>\n\t\t<meta property=\"og:locale\" content=\"hu_HU\" \/>\n\t\t<meta property=\"og:site_name\" content=\"AllasOrias.hu | H\u00edrek-lapszemle | \u00dczleti h\u00edrek az \u00e1ll\u00e1s \u00e9s a munka vil\u00e1g\u00e1b\u00f3l\" \/>\n\t\t<meta property=\"og:type\" content=\"article\" \/>\n\t\t<meta property=\"og:title\" content=\"Sokf\u00e9le munk\u00e1ra alkalmasak az ukr\u00e1n menek\u00fcltek | AllasOrias.hu | H\u00edrek-lapszemle\" \/>\n\t\t<meta property=\"og:description\" content=\"M\u00e1r csaknem 2500 menek\u00fclt jelezte, hogy munk\u00e1t v\u00e1llalna Magyarorsz\u00e1gon, k\u00f6z\u00fcl\u00fck 400-an m\u00e1r el is kezdhettek dolgozni. A belf\u00f6ldi munkaad\u00f3k felismert\u00e9k, hogy a szomsz\u00e9dos orsz\u00e1gb\u00f3l \u00e9rkez\u0151k sokf\u00e9le munkak\u00f6r bet\u00f6lt\u00e9s\u00e9re alkalmasak. Hamar tal\u00e1lhatnak \u00e1ll\u00e1st az Ukrajn\u00e1b\u00f3l menek\u00fcl\u0151k Magyarorsz\u00e1gon - k\u00f6z\u00f6lte az MTI-vel a Prohuman. A munkaer\u0151-k\u00f6zvet\u00edt\u0151 szerint a belf\u00f6ldi munkaad\u00f3k felismert\u00e9k, hogy a szomsz\u00e9dos orsz\u00e1gb\u00f3l \u00e9rkez\u0151k sokf\u00e9le\" \/>\n\t\t<meta property=\"og:url\" content=\"https:\/\/allasorias.hu\/hirek\/sokfele-munkara-alkalmasak-az-ukran-menekultek\/\" \/>\n\t\t<meta property=\"og:image\" content=\"https:\/\/allasorias.hu\/hirek\/wp-content\/uploads\/2022\/03\/satisfied-businessman-company-employer-wearing-suit-handshake-new-employee-get-hired-job-interview-man-hr-manager-employ-successful-candidate-shake-hand-business-meeting-placement-concept.jpg\" \/>\n\t\t<meta property=\"og:image:secure_url\" content=\"https:\/\/allasorias.hu\/hirek\/wp-content\/uploads\/2022\/03\/satisfied-businessman-company-employer-wearing-suit-handshake-new-employee-get-hired-job-interview-man-hr-manager-employ-successful-candidate-shake-hand-business-meeting-placement-concept.jpg\" \/>\n\t\t<meta property=\"og:image:width\" content=\"1920\" \/>\n\t\t<meta property=\"og:image:height\" content=\"1280\" \/>\n\t\t<meta property=\"article:published_time\" content=\"2022-05-10T06:55:08+00:00\" \/>\n\t\t<meta property=\"article:modified_time\" content=\"2022-05-10T06:55:08+00:00\" \/>\n\t\t<meta property=\"article:publisher\" content=\"https:\/\/www.facebook.com\/allasorias\" \/>\n\t\t<meta name=\"twitter:card\" content=\"summary_large_image\" \/>\n\t\t<meta name=\"twitter:title\" content=\"Sokf\u00e9le munk\u00e1ra alkalmasak az ukr\u00e1n menek\u00fcltek | AllasOrias.hu | H\u00edrek-lapszemle\" \/>\n\t\t<meta name=\"twitter:description\" content=\"M\u00e1r csaknem 2500 menek\u00fclt jelezte, hogy munk\u00e1t v\u00e1llalna Magyarorsz\u00e1gon, k\u00f6z\u00fcl\u00fck 400-an m\u00e1r el is kezdhettek dolgozni. A belf\u00f6ldi munkaad\u00f3k felismert\u00e9k, hogy a szomsz\u00e9dos orsz\u00e1gb\u00f3l \u00e9rkez\u0151k sokf\u00e9le munkak\u00f6r bet\u00f6lt\u00e9s\u00e9re alkalmasak. Hamar tal\u00e1lhatnak \u00e1ll\u00e1st az Ukrajn\u00e1b\u00f3l menek\u00fcl\u0151k Magyarorsz\u00e1gon - k\u00f6z\u00f6lte az MTI-vel a Prohuman. A munkaer\u0151-k\u00f6zvet\u00edt\u0151 szerint a belf\u00f6ldi munkaad\u00f3k felismert\u00e9k, hogy a szomsz\u00e9dos orsz\u00e1gb\u00f3l \u00e9rkez\u0151k sokf\u00e9le\" \/>\n\t\t<meta name=\"twitter:image\" content=\"https:\/\/allasorias.hu\/hirek\/wp-content\/uploads\/2022\/03\/satisfied-businessman-company-employer-wearing-suit-handshake-new-employee-get-hired-job-interview-man-hr-manager-employ-successful-candidate-shake-hand-business-meeting-placement-concept.jpg\" \/>\n\t\t<meta name=\"twitter:label1\" content=\"Written by\" \/>\n\t\t<meta name=\"twitter:data1\" content=\"Juh\u00e1sz P\u00e9ter\" \/>\n\t\t<meta name=\"twitter:label2\" content=\"Est. reading time\" \/>\n\t\t<meta name=\"twitter:data2\" content=\"1 minute\" \/>\n\t\t<script type=\"application\/ld+json\" class=\"aioseo-schema\">\n\t\t\t{\"@context\":\"https:\\\/\\\/schema.org\",\"@graph\":[{\"@type\":\"Article\",\"@id\":\"https:\\\/\\\/allasorias.hu\\\/hirek\\\/sokfele-munkara-alkalmasak-az-ukran-menekultek\\\/#article\",\"name\":\"Sokf\\u00e9le munk\\u00e1ra alkalmasak az ukr\\u00e1n menek\\u00fcltek | AllasOrias.hu | H\\u00edrek-lapszemle\",\"headline\":\"Sokf\\u00e9le  munk\\u00e1ra alkalmasak az ukr\\u00e1n menek\\u00fcltek\",\"author\":{\"@id\":\"https:\\\/\\\/allasorias.hu\\\/hirek\\\/author\\\/admin-allasorias\\\/#author\"},\"publisher\":{\"@id\":\"https:\\\/\\\/allasorias.hu\\\/hirek\\\/#organization\"},\"image\":{\"@type\":\"ImageObject\",\"url\":\"https:\\\/\\\/allasorias.hu\\\/hirek\\\/wp-content\\\/uploads\\\/2022\\\/03\\\/satisfied-businessman-company-employer-wearing-suit-handshake-new-employee-get-hired-job-interview-man-hr-manager-employ-successful-candidate-shake-hand-business-meeting-placement-concept.jpg\",\"width\":1920,\"height\":1280,\"caption\":\"Satisfied businessman company employer wearing suit handshake new employee get hired at job interview, Man hr manager employ successful candidate shake hand at business meeting, placement concept\"},\"datePublished\":\"2022-05-10T06:55:08+02:00\",\"dateModified\":\"2022-05-10T06:55:08+02:00\",\"inLanguage\":\"hu-HU\",\"mainEntityOfPage\":{\"@id\":\"https:\\\/\\\/allasorias.hu\\\/hirek\\\/sokfele-munkara-alkalmasak-az-ukran-menekultek\\\/#webpage\"},\"isPartOf\":{\"@id\":\"https:\\\/\\\/allasorias.hu\\\/hirek\\\/sokfele-munkara-alkalmasak-az-ukran-menekultek\\\/#webpage\"},\"articleSection\":\"Munkaer\\u0151piac\"},{\"@type\":\"BreadcrumbList\",\"@id\":\"https:\\\/\\\/allasorias.hu\\\/hirek\\\/sokfele-munkara-alkalmasak-az-ukran-menekultek\\\/#breadcrumblist\",\"itemListElement\":[{\"@type\":\"ListItem\",\"@id\":\"https:\\\/\\\/allasorias.hu\\\/hirek#listItem\",\"position\":1,\"name\":\"Home\",\"item\":\"https:\\\/\\\/allasorias.hu\\\/hirek\",\"nextItem\":{\"@type\":\"ListItem\",\"@id\":\"https:\\\/\\\/allasorias.hu\\\/hirek\\\/temak\\\/munkaeropiac\\\/#listItem\",\"name\":\"Munkaer\\u0151piac\"}},{\"@type\":\"ListItem\",\"@id\":\"https:\\\/\\\/allasorias.hu\\\/hirek\\\/temak\\\/munkaeropiac\\\/#listItem\",\"position\":2,\"name\":\"Munkaer\\u0151piac\",\"item\":\"https:\\\/\\\/allasorias.hu\\\/hirek\\\/temak\\\/munkaeropiac\\\/\",\"nextItem\":{\"@type\":\"ListItem\",\"@id\":\"https:\\\/\\\/allasorias.hu\\\/hirek\\\/sokfele-munkara-alkalmasak-az-ukran-menekultek\\\/#listItem\",\"name\":\"Sokf\\u00e9le  munk\\u00e1ra alkalmasak az ukr\\u00e1n menek\\u00fcltek\"},\"previousItem\":{\"@type\":\"ListItem\",\"@id\":\"https:\\\/\\\/allasorias.hu\\\/hirek#listItem\",\"name\":\"Home\"}},{\"@type\":\"ListItem\",\"@id\":\"https:\\\/\\\/allasorias.hu\\\/hirek\\\/sokfele-munkara-alkalmasak-az-ukran-menekultek\\\/#listItem\",\"position\":3,\"name\":\"Sokf\\u00e9le  munk\\u00e1ra alkalmasak az ukr\\u00e1n menek\\u00fcltek\",\"previousItem\":{\"@type\":\"ListItem\",\"@id\":\"https:\\\/\\\/allasorias.hu\\\/hirek\\\/temak\\\/munkaeropiac\\\/#listItem\",\"name\":\"Munkaer\\u0151piac\"}}]},{\"@type\":\"Organization\",\"@id\":\"https:\\\/\\\/allasorias.hu\\\/hirek\\\/#organization\",\"name\":\"AllasOrias.hu | H\\u00edrek-lapszemle\",\"description\":\"\\u00dczleti h\\u00edrek az \\u00e1ll\\u00e1s \\u00e9s a munka vil\\u00e1g\\u00e1b\\u00f3l\",\"url\":\"https:\\\/\\\/allasorias.hu\\\/hirek\\\/\",\"logo\":{\"@type\":\"ImageObject\",\"url\":\"https:\\\/\\\/allasorias.hu\\\/hirek\\\/wp-content\\\/uploads\\\/2022\\\/10\\\/allasorias_site_facebok_logo.png\",\"@id\":\"https:\\\/\\\/allasorias.hu\\\/hirek\\\/sokfele-munkara-alkalmasak-az-ukran-menekultek\\\/#organizationLogo\"},\"image\":{\"@id\":\"https:\\\/\\\/allasorias.hu\\\/hirek\\\/sokfele-munkara-alkalmasak-az-ukran-menekultek\\\/#organizationLogo\"},\"sameAs\":[\"https:\\\/\\\/www.facebook.com\\\/allasorias\",\"https:\\\/\\\/www.linkedin.com\\\/company\\\/allasorias\"]},{\"@type\":\"Person\",\"@id\":\"https:\\\/\\\/allasorias.hu\\\/hirek\\\/author\\\/admin-allasorias\\\/#author\",\"url\":\"https:\\\/\\\/allasorias.hu\\\/hirek\\\/author\\\/admin-allasorias\\\/\",\"name\":\"Juh\\u00e1sz P\\u00e9ter\",\"image\":{\"@type\":\"ImageObject\",\"@id\":\"https:\\\/\\\/allasorias.hu\\\/hirek\\\/sokfele-munkara-alkalmasak-az-ukran-menekultek\\\/#authorImage\",\"url\":\"https:\\\/\\\/secure.gravatar.com\\\/avatar\\\/36e6bcb83148978b992977cb0f54d22feb0cce8a0a849a9410532bb2623ba4c6?s=96&d=mm&r=g\",\"width\":96,\"height\":96,\"caption\":\"Juh\\u00e1sz P\\u00e9ter\"}},{\"@type\":\"WebPage\",\"@id\":\"https:\\\/\\\/allasorias.hu\\\/hirek\\\/sokfele-munkara-alkalmasak-az-ukran-menekultek\\\/#webpage\",\"url\":\"https:\\\/\\\/allasorias.hu\\\/hirek\\\/sokfele-munkara-alkalmasak-az-ukran-menekultek\\\/\",\"name\":\"Sokf\\u00e9le munk\\u00e1ra alkalmasak az ukr\\u00e1n menek\\u00fcltek | AllasOrias.hu | H\\u00edrek-lapszemle\",\"description\":\"M\\u00e1r csaknem 2500 menek\\u00fclt jelezte, hogy munk\\u00e1t v\\u00e1llalna Magyarorsz\\u00e1gon, k\\u00f6z\\u00fcl\\u00fck 400-an m\\u00e1r el is kezdhettek dolgozni. A belf\\u00f6ldi munkaad\\u00f3k felismert\\u00e9k, hogy a szomsz\\u00e9dos orsz\\u00e1gb\\u00f3l \\u00e9rkez\\u0151k sokf\\u00e9le munkak\\u00f6r bet\\u00f6lt\\u00e9s\\u00e9re alkalmasak. Hamar tal\\u00e1lhatnak \\u00e1ll\\u00e1st az Ukrajn\\u00e1b\\u00f3l menek\\u00fcl\\u0151k Magyarorsz\\u00e1gon - k\\u00f6z\\u00f6lte az MTI-vel a Prohuman. A munkaer\\u0151-k\\u00f6zvet\\u00edt\\u0151 szerint a belf\\u00f6ldi munkaad\\u00f3k felismert\\u00e9k, hogy a szomsz\\u00e9dos orsz\\u00e1gb\\u00f3l \\u00e9rkez\\u0151k sokf\\u00e9le\",\"inLanguage\":\"hu-HU\",\"isPartOf\":{\"@id\":\"https:\\\/\\\/allasorias.hu\\\/hirek\\\/#website\"},\"breadcrumb\":{\"@id\":\"https:\\\/\\\/allasorias.hu\\\/hirek\\\/sokfele-munkara-alkalmasak-az-ukran-menekultek\\\/#breadcrumblist\"},\"author\":{\"@id\":\"https:\\\/\\\/allasorias.hu\\\/hirek\\\/author\\\/admin-allasorias\\\/#author\"},\"creator\":{\"@id\":\"https:\\\/\\\/allasorias.hu\\\/hirek\\\/author\\\/admin-allasorias\\\/#author\"},\"image\":{\"@type\":\"ImageObject\",\"url\":\"https:\\\/\\\/allasorias.hu\\\/hirek\\\/wp-content\\\/uploads\\\/2022\\\/03\\\/satisfied-businessman-company-employer-wearing-suit-handshake-new-employee-get-hired-job-interview-man-hr-manager-employ-successful-candidate-shake-hand-business-meeting-placement-concept.jpg\",\"@id\":\"https:\\\/\\\/allasorias.hu\\\/hirek\\\/sokfele-munkara-alkalmasak-az-ukran-menekultek\\\/#mainImage\",\"width\":1920,\"height\":1280,\"caption\":\"Satisfied businessman company employer wearing suit handshake new employee get hired at job interview, Man hr manager employ successful candidate shake hand at business meeting, placement concept\"},\"primaryImageOfPage\":{\"@id\":\"https:\\\/\\\/allasorias.hu\\\/hirek\\\/sokfele-munkara-alkalmasak-az-ukran-menekultek\\\/#mainImage\"},\"datePublished\":\"2022-05-10T06:55:08+02:00\",\"dateModified\":\"2022-05-10T06:55:08+02:00\"},{\"@type\":\"WebSite\",\"@id\":\"https:\\\/\\\/allasorias.hu\\\/hirek\\\/#website\",\"url\":\"https:\\\/\\\/allasorias.hu\\\/hirek\\\/\",\"name\":\"AllasOrias.hu | H\\u00edrek-lapszemle\",\"description\":\"\\u00dczleti h\\u00edrek az \\u00e1ll\\u00e1s \\u00e9s a munka vil\\u00e1g\\u00e1b\\u00f3l\",\"inLanguage\":\"hu-HU\",\"publisher\":{\"@id\":\"https:\\\/\\\/allasorias.hu\\\/hirek\\\/#organization\"}}]}\n\t\t<\/script>\n\t\t<!-- All in One SEO -->\n\n","aioseo_head_json":{"title":"Sokf\u00e9le munk\u00e1ra alkalmasak az ukr\u00e1n menek\u00fcltek | AllasOrias.hu | H\u00edrek-lapszemle","description":"M\u00e1r csaknem 2500 menek\u00fclt jelezte, hogy munk\u00e1t v\u00e1llalna Magyarorsz\u00e1gon, k\u00f6z\u00fcl\u00fck 400-an m\u00e1r el is kezdhettek dolgozni. A belf\u00f6ldi munkaad\u00f3k felismert\u00e9k, hogy a szomsz\u00e9dos orsz\u00e1gb\u00f3l \u00e9rkez\u0151k sokf\u00e9le munkak\u00f6r bet\u00f6lt\u00e9s\u00e9re alkalmasak. Hamar tal\u00e1lhatnak \u00e1ll\u00e1st az Ukrajn\u00e1b\u00f3l menek\u00fcl\u0151k Magyarorsz\u00e1gon - k\u00f6z\u00f6lte az MTI-vel a Prohuman. A munkaer\u0151-k\u00f6zvet\u00edt\u0151 szerint a belf\u00f6ldi munkaad\u00f3k felismert\u00e9k, hogy a szomsz\u00e9dos orsz\u00e1gb\u00f3l \u00e9rkez\u0151k sokf\u00e9le","canonical_url":"https:\/\/allasorias.hu\/hirek\/sokfele-munkara-alkalmasak-az-ukran-menekultek\/","robots":"max-image-preview:large","keywords":"","webmasterTools":{"miscellaneous":""},"schema":{"@context":"https:\/\/schema.org","@graph":[{"@type":"Article","@id":"https:\/\/allasorias.hu\/hirek\/sokfele-munkara-alkalmasak-az-ukran-menekultek\/#article","name":"Sokf\u00e9le munk\u00e1ra alkalmasak az ukr\u00e1n menek\u00fcltek | AllasOrias.hu | H\u00edrek-lapszemle","headline":"Sokf\u00e9le  munk\u00e1ra alkalmasak az ukr\u00e1n menek\u00fcltek","author":{"@id":"https:\/\/allasorias.hu\/hirek\/author\/admin-allasorias\/#author"},"publisher":{"@id":"https:\/\/allasorias.hu\/hirek\/#organization"},"image":{"@type":"ImageObject","url":"https:\/\/allasorias.hu\/hirek\/wp-content\/uploads\/2022\/03\/satisfied-businessman-company-employer-wearing-suit-handshake-new-employee-get-hired-job-interview-man-hr-manager-employ-successful-candidate-shake-hand-business-meeting-placement-concept.jpg","width":1920,"height":1280,"caption":"Satisfied businessman company employer wearing suit handshake new employee get hired at job interview, Man hr manager employ successful candidate shake hand at business meeting, placement concept"},"datePublished":"2022-05-10T06:55:08+02:00","dateModified":"2022-05-10T06:55:08+02:00","inLanguage":"hu-HU","mainEntityOfPage":{"@id":"https:\/\/allasorias.hu\/hirek\/sokfele-munkara-alkalmasak-az-ukran-menekultek\/#webpage"},"isPartOf":{"@id":"https:\/\/allasorias.hu\/hirek\/sokfele-munkara-alkalmasak-az-ukran-menekultek\/#webpage"},"articleSection":"Munkaer\u0151piac"},{"@type":"BreadcrumbList","@id":"https:\/\/allasorias.hu\/hirek\/sokfele-munkara-alkalmasak-az-ukran-menekultek\/#breadcrumblist","itemListElement":[{"@type":"ListItem","@id":"https:\/\/allasorias.hu\/hirek#listItem","position":1,"name":"Home","item":"https:\/\/allasorias.hu\/hirek","nextItem":{"@type":"ListItem","@id":"https:\/\/allasorias.hu\/hirek\/temak\/munkaeropiac\/#listItem","name":"Munkaer\u0151piac"}},{"@type":"ListItem","@id":"https:\/\/allasorias.hu\/hirek\/temak\/munkaeropiac\/#listItem","position":2,"name":"Munkaer\u0151piac","item":"https:\/\/allasorias.hu\/hirek\/temak\/munkaeropiac\/","nextItem":{"@type":"ListItem","@id":"https:\/\/allasorias.hu\/hirek\/sokfele-munkara-alkalmasak-az-ukran-menekultek\/#listItem","name":"Sokf\u00e9le  munk\u00e1ra alkalmasak az ukr\u00e1n menek\u00fcltek"},"previousItem":{"@type":"ListItem","@id":"https:\/\/allasorias.hu\/hirek#listItem","name":"Home"}},{"@type":"ListItem","@id":"https:\/\/allasorias.hu\/hirek\/sokfele-munkara-alkalmasak-az-ukran-menekultek\/#listItem","position":3,"name":"Sokf\u00e9le  munk\u00e1ra alkalmasak az ukr\u00e1n menek\u00fcltek","previousItem":{"@type":"ListItem","@id":"https:\/\/allasorias.hu\/hirek\/temak\/munkaeropiac\/#listItem","name":"Munkaer\u0151piac"}}]},{"@type":"Organization","@id":"https:\/\/allasorias.hu\/hirek\/#organization","name":"AllasOrias.hu | H\u00edrek-lapszemle","description":"\u00dczleti h\u00edrek az \u00e1ll\u00e1s \u00e9s a munka vil\u00e1g\u00e1b\u00f3l","url":"https:\/\/allasorias.hu\/hirek\/","logo":{"@type":"ImageObject","url":"https:\/\/allasorias.hu\/hirek\/wp-content\/uploads\/2022\/10\/allasorias_site_facebok_logo.png","@id":"https:\/\/allasorias.hu\/hirek\/sokfele-munkara-alkalmasak-az-ukran-menekultek\/#organizationLogo"},"image":{"@id":"https:\/\/allasorias.hu\/hirek\/sokfele-munkara-alkalmasak-az-ukran-menekultek\/#organizationLogo"},"sameAs":["https:\/\/www.facebook.com\/allasorias","https:\/\/www.linkedin.com\/company\/allasorias"]},{"@type":"Person","@id":"https:\/\/allasorias.hu\/hirek\/author\/admin-allasorias\/#author","url":"https:\/\/allasorias.hu\/hirek\/author\/admin-allasorias\/","name":"Juh\u00e1sz P\u00e9ter","image":{"@type":"ImageObject","@id":"https:\/\/allasorias.hu\/hirek\/sokfele-munkara-alkalmasak-az-ukran-menekultek\/#authorImage","url":"https:\/\/secure.gravatar.com\/avatar\/36e6bcb83148978b992977cb0f54d22feb0cce8a0a849a9410532bb2623ba4c6?s=96&d=mm&r=g","width":96,"height":96,"caption":"Juh\u00e1sz P\u00e9ter"}},{"@type":"WebPage","@id":"https:\/\/allasorias.hu\/hirek\/sokfele-munkara-alkalmasak-az-ukran-menekultek\/#webpage","url":"https:\/\/allasorias.hu\/hirek\/sokfele-munkara-alkalmasak-az-ukran-menekultek\/","name":"Sokf\u00e9le munk\u00e1ra alkalmasak az ukr\u00e1n menek\u00fcltek | AllasOrias.hu | H\u00edrek-lapszemle","description":"M\u00e1r csaknem 2500 menek\u00fclt jelezte, hogy munk\u00e1t v\u00e1llalna Magyarorsz\u00e1gon, k\u00f6z\u00fcl\u00fck 400-an m\u00e1r el is kezdhettek dolgozni. A belf\u00f6ldi munkaad\u00f3k felismert\u00e9k, hogy a szomsz\u00e9dos orsz\u00e1gb\u00f3l \u00e9rkez\u0151k sokf\u00e9le munkak\u00f6r bet\u00f6lt\u00e9s\u00e9re alkalmasak. Hamar tal\u00e1lhatnak \u00e1ll\u00e1st az Ukrajn\u00e1b\u00f3l menek\u00fcl\u0151k Magyarorsz\u00e1gon - k\u00f6z\u00f6lte az MTI-vel a Prohuman. A munkaer\u0151-k\u00f6zvet\u00edt\u0151 szerint a belf\u00f6ldi munkaad\u00f3k felismert\u00e9k, hogy a szomsz\u00e9dos orsz\u00e1gb\u00f3l \u00e9rkez\u0151k sokf\u00e9le","inLanguage":"hu-HU","isPartOf":{"@id":"https:\/\/allasorias.hu\/hirek\/#website"},"breadcrumb":{"@id":"https:\/\/allasorias.hu\/hirek\/sokfele-munkara-alkalmasak-az-ukran-menekultek\/#breadcrumblist"},"author":{"@id":"https:\/\/allasorias.hu\/hirek\/author\/admin-allasorias\/#author"},"creator":{"@id":"https:\/\/allasorias.hu\/hirek\/author\/admin-allasorias\/#author"},"image":{"@type":"ImageObject","url":"https:\/\/allasorias.hu\/hirek\/wp-content\/uploads\/2022\/03\/satisfied-businessman-company-employer-wearing-suit-handshake-new-employee-get-hired-job-interview-man-hr-manager-employ-successful-candidate-shake-hand-business-meeting-placement-concept.jpg","@id":"https:\/\/allasorias.hu\/hirek\/sokfele-munkara-alkalmasak-az-ukran-menekultek\/#mainImage","width":1920,"height":1280,"caption":"Satisfied businessman company employer wearing suit handshake new employee get hired at job interview, Man hr manager employ successful candidate shake hand at business meeting, placement concept"},"primaryImageOfPage":{"@id":"https:\/\/allasorias.hu\/hirek\/sokfele-munkara-alkalmasak-az-ukran-menekultek\/#mainImage"},"datePublished":"2022-05-10T06:55:08+02:00","dateModified":"2022-05-10T06:55:08+02:00"},{"@type":"WebSite","@id":"https:\/\/allasorias.hu\/hirek\/#website","url":"https:\/\/allasorias.hu\/hirek\/","name":"AllasOrias.hu | H\u00edrek-lapszemle","description":"\u00dczleti h\u00edrek az \u00e1ll\u00e1s \u00e9s a munka vil\u00e1g\u00e1b\u00f3l","inLanguage":"hu-HU","publisher":{"@id":"https:\/\/allasorias.hu\/hirek\/#organization"}}]},"og:locale":"hu_HU","og:site_name":"AllasOrias.hu | H\u00edrek-lapszemle | \u00dczleti h\u00edrek az \u00e1ll\u00e1s \u00e9s a munka vil\u00e1g\u00e1b\u00f3l","og:type":"article","og:title":"Sokf\u00e9le munk\u00e1ra alkalmasak az ukr\u00e1n menek\u00fcltek | AllasOrias.hu | H\u00edrek-lapszemle","og:description":"M\u00e1r csaknem 2500 menek\u00fclt jelezte, hogy munk\u00e1t v\u00e1llalna Magyarorsz\u00e1gon, k\u00f6z\u00fcl\u00fck 400-an m\u00e1r el is kezdhettek dolgozni. A belf\u00f6ldi munkaad\u00f3k felismert\u00e9k, hogy a szomsz\u00e9dos orsz\u00e1gb\u00f3l \u00e9rkez\u0151k sokf\u00e9le munkak\u00f6r bet\u00f6lt\u00e9s\u00e9re alkalmasak. Hamar tal\u00e1lhatnak \u00e1ll\u00e1st az Ukrajn\u00e1b\u00f3l menek\u00fcl\u0151k Magyarorsz\u00e1gon - k\u00f6z\u00f6lte az MTI-vel a Prohuman. A munkaer\u0151-k\u00f6zvet\u00edt\u0151 szerint a belf\u00f6ldi munkaad\u00f3k felismert\u00e9k, hogy a szomsz\u00e9dos orsz\u00e1gb\u00f3l \u00e9rkez\u0151k sokf\u00e9le","og:url":"https:\/\/allasorias.hu\/hirek\/sokfele-munkara-alkalmasak-az-ukran-menekultek\/","og:image":"https:\/\/allasorias.hu\/hirek\/wp-content\/uploads\/2022\/03\/satisfied-businessman-company-employer-wearing-suit-handshake-new-employee-get-hired-job-interview-man-hr-manager-employ-successful-candidate-shake-hand-business-meeting-placement-concept.jpg","og:image:secure_url":"https:\/\/allasorias.hu\/hirek\/wp-content\/uploads\/2022\/03\/satisfied-businessman-company-employer-wearing-suit-handshake-new-employee-get-hired-job-interview-man-hr-manager-employ-successful-candidate-shake-hand-business-meeting-placement-concept.jpg","og:image:width":1920,"og:image:height":1280,"article:published_time":"2022-05-10T06:55:08+00:00","article:modified_time":"2022-05-10T06:55:08+00:00","article:publisher":"https:\/\/www.facebook.com\/allasorias","twitter:card":"summary_large_image","twitter:title":"Sokf\u00e9le munk\u00e1ra alkalmasak az ukr\u00e1n menek\u00fcltek | AllasOrias.hu | H\u00edrek-lapszemle","twitter:description":"M\u00e1r csaknem 2500 menek\u00fclt jelezte, hogy munk\u00e1t v\u00e1llalna Magyarorsz\u00e1gon, k\u00f6z\u00fcl\u00fck 400-an m\u00e1r el is kezdhettek dolgozni. A belf\u00f6ldi munkaad\u00f3k felismert\u00e9k, hogy a szomsz\u00e9dos orsz\u00e1gb\u00f3l \u00e9rkez\u0151k sokf\u00e9le munkak\u00f6r bet\u00f6lt\u00e9s\u00e9re alkalmasak. Hamar tal\u00e1lhatnak \u00e1ll\u00e1st az Ukrajn\u00e1b\u00f3l menek\u00fcl\u0151k Magyarorsz\u00e1gon - k\u00f6z\u00f6lte az MTI-vel a Prohuman. A munkaer\u0151-k\u00f6zvet\u00edt\u0151 szerint a belf\u00f6ldi munkaad\u00f3k felismert\u00e9k, hogy a szomsz\u00e9dos orsz\u00e1gb\u00f3l \u00e9rkez\u0151k sokf\u00e9le","twitter:image":"https:\/\/allasorias.hu\/hirek\/wp-content\/uploads\/2022\/03\/satisfied-businessman-company-employer-wearing-suit-handshake-new-employee-get-hired-job-interview-man-hr-manager-employ-successful-candidate-shake-hand-business-meeting-placement-concept.jpg","twitter:label1":"Written by","twitter:data1":"Juh\u00e1sz P\u00e9ter","twitter:label2":"Est. reading time","twitter:data2":"1 minute"},"aioseo_meta_data":{"post_id":"5552","title":null,"description":null,"keywords":[],"keyphrases":{"focus":{"keyphrase":"","score":0,"analysis":{"keyphraseInTitle":{"score":0,"maxScore":9,"error":1}}},"additional":[]},"primary_term":null,"canonical_url":null,"og_title":null,"og_description":null,"og_object_type":"default","og_image_type":"default","og_image_url":null,"og_image_width":null,"og_image_height":null,"og_image_custom_url":null,"og_image_custom_fields":null,"og_video":"","og_custom_url":null,"og_article_section":null,"og_article_tags":[],"twitter_use_og":false,"twitter_card":"default","twitter_image_type":"default","twitter_image_url":null,"twitter_image_custom_url":null,"twitter_image_custom_fields":null,"twitter_title":null,"twitter_description":null,"schema":{"blockGraphs":[],"customGraphs":[],"default":{"data":{"Article":[],"Course":[],"Dataset":[],"FAQPage":[],"Movie":[],"Person":[],"Product":[],"ProductReview":[],"Car":[],"Recipe":[],"Service":[],"SoftwareApplication":[],"WebPage":[]},"graphName":"","isEnabled":true},"graphs":[],"defaultGraph":"Article","defaultPostTypeGraph":""},"schema_type":"default","schema_type_options":"{\"article\":{\"articleType\":\"BlogPosting\"},\"course\":{\"name\":\"\",\"description\":\"\",\"provider\":\"\"},\"faq\":{\"pages\":[]},\"product\":{\"reviews\":[]},\"recipe\":{\"ingredients\":[],\"instructions\":[],\"keywords\":[]},\"software\":{\"reviews\":[],\"operatingSystems\":[]},\"webPage\":{\"webPageType\":\"WebPage\"}}","pillar_content":false,"robots_default":true,"robots_noindex":false,"robots_noarchive":false,"robots_nosnippet":false,"robots_nofollow":false,"robots_noimageindex":false,"robots_noodp":false,"robots_notranslate":false,"robots_max_snippet":"-1","robots_max_videopreview":"-1","robots_max_imagepreview":"large","priority":null,"frequency":"default","location":null,"local_seo":null,"breadcrumb_settings":null,"limit_modified_date":false,"ai":null,"created":"2022-05-10 06:52:05","updated":"2025-10-02 16:56:28","seo_analyzer_scan_date":null,"focus_keyword":null,"additional_keywords":null,"truseo_locale":null},"aioseo_breadcrumb":"<div class=\"aioseo-breadcrumbs\"><span class=\"aioseo-breadcrumb\">\n\t\t\t<a href=\"https:\/\/allasorias.hu\/hirek\" title=\"Home\">Home<\/a>\n\t\t<\/span><span class=\"aioseo-breadcrumb-separator\">&raquo;<\/span><span class=\"aioseo-breadcrumb\">\n\t\t\t<a href=\"https:\/\/allasorias.hu\/hirek\/temak\/munkaeropiac\/\" title=\"Munkaer\u0151piac\">Munkaer\u0151piac<\/a>\n\t\t<\/span><span class=\"aioseo-breadcrumb-separator\">&raquo;<\/span><span class=\"aioseo-breadcrumb\">\n\t\t\tSokf\u00e9le  munk\u00e1ra alkalmasak az ukr\u00e1n menek\u00fcltek\n\t\t<\/span><\/div>","aioseo_breadcrumb_json":[{"label":"Home","link":"https:\/\/allasorias.hu\/hirek"},{"label":"Munkaer\u0151piac","link":"https:\/\/allasorias.hu\/hirek\/temak\/munkaeropiac\/"},{"label":"Sokf\u00e9le  munk\u00e1ra alkalmasak az ukr\u00e1n menek\u00fcltek","link":"https:\/\/allasorias.hu\/hirek\/sokfele-munkara-alkalmasak-az-ukran-menekultek\/"}],"_links":{"self":[{"href":"https:\/\/allasorias.hu\/hirek\/wp-json\/wp\/v2\/posts\/5552","targetHints":{"allow":["GET"]}}],"collection":[{"href":"https:\/\/allasorias.hu\/hirek\/wp-json\/wp\/v2\/posts"}],"about":[{"href":"https:\/\/allasorias.hu\/hirek\/wp-json\/wp\/v2\/types\/post"}],"author":[{"embeddable":true,"href":"https:\/\/allasorias.hu\/hirek\/wp-json\/wp\/v2\/users\/1"}],"replies":[{"embeddable":true,"href":"https:\/\/allasorias.hu\/hirek\/wp-json\/wp\/v2\/comments?post=5552"}],"version-history":[{"count":1,"href":"https:\/\/allasorias.hu\/hirek\/wp-json\/wp\/v2\/posts\/5552\/revisions"}],"predecessor-version":[{"id":5553,"href":"https:\/\/allasorias.hu\/hirek\/wp-json\/wp\/v2\/posts\/5552\/revisions\/5553"}],"wp:featuredmedia":[{"embeddable":true,"href":"https:\/\/allasorias.hu\/hirek\/wp-json\/wp\/v2\/media\/5444"}],"wp:attachment":[{"href":"https:\/\/allasorias.hu\/hirek\/wp-json\/wp\/v2\/media?parent=5552"}],"wp:term":[{"taxonomy":"category","embeddable":true,"href":"https:\/\/allasorias.hu\/hirek\/wp-json\/wp\/v2\/categories?post=5552"},{"taxonomy":"post_tag","embeddable":true,"href":"https:\/\/allasorias.hu\/hirek\/wp-json\/wp\/v2\/tags?post=5552"}],"curies":[{"name":"wp","href":"https:\/\/api.w.org\/{rel}","templated":true}]}}