{"id":5550,"date":"2022-05-09T08:13:20","date_gmt":"2022-05-09T08:13:20","guid":{"rendered":"https:\/\/allasorias.hu\/hirek\/?p=5550"},"modified":"2022-05-09T08:13:20","modified_gmt":"2022-05-09T08:13:20","slug":"megeri-a-fiatalokat-foglalkoztatni","status":"publish","type":"post","link":"https:\/\/allasorias.hu\/hirek\/megeri-a-fiatalokat-foglalkoztatni\/","title":{"rendered":"Meg\u00e9ri a fiatalokat foglalkoztatni"},"content":{"rendered":"<p><strong>Id\u00e9n janu\u00e1rt\u00f3l k\u00fcl\u00f6n\u00f6sen meg\u00e9ri 25 \u00e9v alatti munkav\u00e1llal\u00f3t alkalmazni a munk\u00e1ltat\u00f3knak. A fiatalok az szja-mentess\u00e9ggel a brutt\u00f3ban aj\u00e1nlott fizet\u00e9st teljes eg\u00e9sz\u00e9ben megtarthatj\u00e1k, ami vonz\u00f3v\u00e1 teszi sz\u00e1mukra a munkav\u00e1llal\u00e1st. A munkaer\u0151piacon a di\u00e1kok \u00e9s a nyugd\u00edjasok foglalkoztat\u00e1s\u00e1ban rejl\u0151 tartal\u00e9kokra \u00e9s lehet\u0151s\u00e9gekre h\u00edvja fel a figyelmet K\u00fczm\u00f6s L\u00e1szl\u00f3, a Get Work Trend HR szolg\u00e1ltat\u00f3 tulajdonosa.<\/strong><\/p>\n<p>Iskolasz\u00f6vetkezet\u00fck \u00e9s nyugd\u00edjassz\u00f6vetkezet\u00fck r\u00e9v\u00e9n t\u00f6bb ezer munkav\u00e1llal\u00f3t tudnak a megb\u00edz\u00f3k rendelkez\u00e9s\u00e9re bocs\u00e1tani ak\u00e1r n\u00e9h\u00e1ny napon bel\u00fcl. Id\u00e9n janu\u00e1rt\u00f3l k\u00fcl\u00f6n\u00f6sen meg\u00e9ri 25 \u00e9v alatti munkav\u00e1llal\u00f3t alkalmazni a munk\u00e1ltat\u00f3knak. A fiatalok az szja-mentess\u00e9ggel a brutt\u00f3ban aj\u00e1nlott fizet\u00e9st teljes eg\u00e9sz\u00e9ben megtarthatj\u00e1k, ami vonz\u00f3v\u00e1 teszi sz\u00e1mukra a munkav\u00e1llal\u00e1st. Egy heti 20 \u00f3r\u00e1t (napi 4 \u00f3ra) 1500 forintos \u00f3rab\u00e9r\u00e9rt dolgoz\u00f3 fiatal havonta 120 000 forintot tehet zsebre. S\u0151t, a HR szakember arra is l\u00e1t p\u00e9ld\u00e1t, hogy valaki d\u00e9lut\u00e1n 2 \u00e9s este 10 \u00f3ra k\u00f6z\u00f6tt dolgozik. M\u00e1r messze nem igaz az a v\u00e9leked\u00e9s sem, hogy a di\u00e1kok csak sz\u00fcnid\u0151ben dolgoznak. B\u00e1r a cs\u00facs tov\u00e1bbra is j\u00fanius-j\u00falius-augusztusra esik. A di\u00e1k munkaer\u0151 el\u0151nye a c\u00e9geknek, hogy gyorsan munk\u00e1ba \u00e1ll\u00edthat\u00f3ak, rugalmasak, k\u00f6nnyen \u00e1tcsoportos\u00edthat\u00f3k, gyorsan tanulnak \u00e9s a megkereshet\u0151 p\u00e9nz motiv\u00e1ci\u00f3t jelent sz\u00e1mukra. A 290 000 magyar di\u00e1kmunk\u00e1sb\u00f3l 120 000-en iskolasz\u00f6vetkezeten \u00e1t dolgoznak, a t\u00f6bbiek k\u00f6zvetlen\u00fcl munkaad\u00f3kn\u00e1l. \u201cDi\u00e1kk\u00e9nt az\u00e9rt is \u00e9rdemes egy iskolasz\u00f6vetkezetbe bel\u00e9pni, mert a szolg\u00e1ltat\u00f3 t\u00f6bb tucat munkaad\u00f3val van kapcsolatban. \u201cHa egy munka megsz\u0171nik vagy m\u00e1s ig\u00e9nyei, c\u00e9ljai vannak a fiatalnak, akkor m\u00e1sik c\u00e9gnek aj\u00e1nljuk ki\u201d &#8211; mondja K\u00fczm\u00f6s L\u00e1szl\u00f3. Szint\u00e9n el\u0151ny\u00f6s lehet az iskolasz\u00f6vetkezeten \u00e1t t\u00f6rt\u00e9n\u0151 alkalmaz\u00e1s a munkaad\u00f3nak: nem kell foglalkozni a toborz\u00e1ssal, a sz\u00f6vetkezet projektvezet\u0151je gondoskodik a l\u00e9tsz\u00e1mr\u00f3l, a gy\u00e1r, \u00fczem, bolt kapuj\u00e1ig k\u00eds\u00e9ri a fiatalokat \u00e9s csak a ledolgozott \u00f3r\u00e1k ut\u00e1n kell fizetni. A fiatalok kiv\u00e1l\u00f3an bevethet\u0151ek kamp\u00e1nyokra, sz\u00f3r\u00f3lapoz\u00e1sra, rakt\u00e1ri munk\u00e1ra, adminisztr\u00e1tornak, gyakornokoknak a legk\u00fcl\u00f6nb\u00f6z\u0151bb ter\u00fcleteken &#8211; marketing, \u00e9rt\u00e9kes\u00edt\u00e9st\u00e1mogat\u00e1s, supply chain stb. \u00e9s nyelvtud\u00e1suk is hasznos lehet a c\u00e9geknek. K\u00fczm\u00f6s L\u00e1szl\u00f3 felh\u00edvja a figyelmet, hogy a munkatapasztalat n\u00e9lk\u00fcli kezd\u0151 di\u00e1kmunk\u00e1sok k\u00fcl\u00f6n felk\u00e9sz\u00edt\u00e9st ig\u00e9nyelnek a munka vil\u00e1g\u00e1ra, \u00e1m ezek ut\u00e1n kiv\u00e1l\u00f3 munkav\u00e1llal\u00f3v\u00e1 v\u00e1lnak. Az \u00e9retts\u00e9gi vagy a diplom\u00e1z\u00e1s ut\u00e1n pedig a c\u00e9g k\u00f6tel\u00e9k\u00e9ben tarthat\u00f3ak, \u00edgy ez az id\u0151szak ak\u00e1r egy hossz\u00fa pr\u00f3baid\u0151vel is egyen\u00e9rt\u00e9k\u0171 lehet. A digitaliz\u00e1ci\u00f3 ezt az ipar\u00e1gat is el\u00e9rte. M\u00e1r szem\u00e9lyes tal\u00e1lkoz\u00e1s n\u00e9lk\u00fcl is be lehet l\u00e9pni a fiataloknak az iskolasz\u00f6vetkezetbe, elektronikusan al\u00e1\u00edrni a szerz\u0151d\u00e9st \u00e9s kezd\u0151dhet is a munka. \u201cNagy potenci\u00e1lt l\u00e1tok a nyugd\u00edjasok foglalkoztat\u00e1s\u00e1ban. Jelenleg az \u00f6sszes nyugd\u00edjas alig 10 sz\u00e1zal\u00e9ka dolgozik, t\u00f6bb t\u00edzezer embert be lehet vinni az \u00e1ll\u00e1spiacra\u201d &#8211; fogalmaz a m\u00e1sik \u00e9rt\u00e9kes csoportr\u00f3l K\u00fczm\u00f6s L\u00e1szl\u00f3.A Get Work az els\u0151k k\u00f6z\u00f6tt alak\u00edtotta meg nyugd\u00edjassz\u00f6vetkezet\u00e9t 2017-ben, amint err\u0151l a t\u00f6rv\u00e9nyi szab\u00e1lyoz\u00e1s megsz\u00fcletett. A szeniorok motiv\u00e1ci\u00f3ja sokr\u00e9t\u0171: akadnak, akiknek a nyugd\u00edj kieg\u00e9sz\u00edt\u00e9s\u00e9re kell a p\u00e9nz, m\u00e1sokat a t\u00e1rsas\u00e1gi \u00e9let, megint m\u00e1sokat a munka fizikai \u00e9s ment\u00e1lis eg\u00e9szs\u00e9gmeg\u0151rz\u0151 hat\u00e1sa motiv\u00e1l. A Get Work Nyugd\u00edjassz\u00f6vetkezetnek t\u00f6bb ezer tagja van. \u201cA fiatalokkal ellent\u00e9tben \u0151ket nem csak a k\u00f6z\u00f6ss\u00e9gi m\u00e9di\u00e1ban, hanem offline eszk\u00f6z\u00f6kkel, szem\u00e9lyes kapcsolatok r\u00e9v\u00e9n lehet megtal\u00e1lni. Vel\u00fck jellemz\u0151en pap\u00edr alapon szerz\u0151d\u00fcnk, bej\u00f6nnek irod\u00e1inkba, mert fontos nekik a szem\u00e9lyes tal\u00e1lkoz\u00e1s\u201d &#8211; folytatja K\u00fczm\u00f6s L\u00e1szl\u00f3. Ahogyan minden m\u00e1s csoportn\u00e1l, itt is orvosi alkalmass\u00e1gi vizsg\u00e1lat ut\u00e1n indulhat csak a munkav\u00e1llal\u00e1s. Akad, aki csak napi 4 \u00f3r\u00e1t v\u00e1llal, \u00e1m napi 8 \u00f3r\u00e1s m\u0171szakokra is van p\u00e9lda. El\u0151fordul az is, hogy k\u00e9t nyugd\u00edjas p\u00e1rban l\u00e1t el egy teljes \u00e1ll\u00e1st\/m\u0171szakot 4-4 \u00f3r\u00e1ban.\u00a0 A brutt\u00f3 \u00f3rab\u00e9rek 1200-1600 forint k\u00f6z\u00f6tt mozognak. K\u00fczm\u00f6s L\u00e1szl\u00f3 elmondta, hogy a nyugd\u00edjasok betan\u00edt\u00e1sa egyszer\u0171bb munk\u00e1kra k\u00f6nny\u0171: nagy a munkarutinjuk, az \u00e9vtizedek alatt kialakult benn\u00fck a munkafegyelem, megb\u00edzhat\u00f3an dolgoznak. Megb\u00edz\u00f3k\u00e9nt figyelni kell azonban speci\u00e1lis ig\u00e9nyeikre: p\u00e9ld\u00e1ul az \u00fczem vagy az \u00fczlet ajtaj\u00e1ig \u00e9rdemes sz\u00e1ll\u00edtani \u0151ket. V\u00e1ros sz\u00e9li, t\u00f6megk\u00f6zleked\u00e9ssel nehezen megk\u00f6zel\u00edthet\u0151 telephelyre nem szeretnek kijutni saj\u00e1t er\u0151b\u0151l. Forr\u00e1s: hrportal.hu<\/p>\n","protected":false},"excerpt":{"rendered":"<p>Id\u00e9n janu\u00e1rt\u00f3l k\u00fcl\u00f6n\u00f6sen meg\u00e9ri 25 \u00e9v alatti munkav\u00e1llal\u00f3t alkalmazni a munk\u00e1ltat\u00f3knak. A fiatalok az szja-mentess\u00e9ggel a brutt\u00f3ban aj\u00e1nlott fizet\u00e9st teljes eg\u00e9sz\u00e9ben megtarthatj\u00e1k, ami vonz\u00f3v\u00e1 teszi sz\u00e1mukra a munkav\u00e1llal\u00e1st. A munkaer\u0151piacon a di\u00e1kok \u00e9s a nyugd\u00edjasok foglalkoztat\u00e1s\u00e1ban rejl\u0151 tartal\u00e9kokra \u00e9s lehet\u0151s\u00e9gekre h\u00edvja fel a figyelmet K\u00fczm\u00f6s L\u00e1szl\u00f3, a Get Work Trend HR szolg\u00e1ltat\u00f3 tulajdonosa. Iskolasz\u00f6vetkezet\u00fck \u00e9s [&hellip;]<\/p>\n","protected":false},"author":1,"featured_media":4703,"comment_status":"open","ping_status":"open","sticky":false,"template":"","format":"standard","meta":{"_monsterinsights_skip_tracking":false,"footnotes":""},"categories":[200],"tags":[],"class_list":["post-5550","post","type-post","status-publish","format-standard","has-post-thumbnail","hentry","category-munkaeropiac"],"aioseo_notices":[],"aioseo_head":"\n\t\t<!-- All in One SEO 5.0.0.1 - aioseo.com -->\n\t<meta name=\"description\" content=\"Id\u00e9n janu\u00e1rt\u00f3l k\u00fcl\u00f6n\u00f6sen meg\u00e9ri 25 \u00e9v alatti munkav\u00e1llal\u00f3t alkalmazni a munk\u00e1ltat\u00f3knak. A fiatalok az szja-mentess\u00e9ggel a brutt\u00f3ban aj\u00e1nlott fizet\u00e9st teljes eg\u00e9sz\u00e9ben megtarthatj\u00e1k, ami vonz\u00f3v\u00e1 teszi sz\u00e1mukra a munkav\u00e1llal\u00e1st. A munkaer\u0151piacon a di\u00e1kok \u00e9s a nyugd\u00edjasok foglalkoztat\u00e1s\u00e1ban rejl\u0151 tartal\u00e9kokra \u00e9s lehet\u0151s\u00e9gekre h\u00edvja fel a figyelmet K\u00fczm\u00f6s L\u00e1szl\u00f3, a Get Work Trend HR szolg\u00e1ltat\u00f3 tulajdonosa. Iskolasz\u00f6vetkezet\u00fck \u00e9s\" \/>\n\t<meta name=\"robots\" content=\"max-image-preview:large\" \/>\n\t<meta name=\"author\" content=\"Juh\u00e1sz P\u00e9ter\"\/>\n\t<link rel=\"canonical\" href=\"https:\/\/allasorias.hu\/hirek\/megeri-a-fiatalokat-foglalkoztatni\/\" \/>\n\t<meta name=\"generator\" content=\"All in One SEO (AIOSEO) 5.0.0.1\" \/>\n\t\t<meta property=\"og:locale\" content=\"hu_HU\" \/>\n\t\t<meta property=\"og:site_name\" content=\"AllasOrias.hu | H\u00edrek-lapszemle | \u00dczleti h\u00edrek az \u00e1ll\u00e1s \u00e9s a munka vil\u00e1g\u00e1b\u00f3l\" \/>\n\t\t<meta property=\"og:type\" content=\"article\" \/>\n\t\t<meta property=\"og:title\" content=\"Meg\u00e9ri a fiatalokat foglalkoztatni | AllasOrias.hu | H\u00edrek-lapszemle\" \/>\n\t\t<meta property=\"og:description\" content=\"Id\u00e9n janu\u00e1rt\u00f3l k\u00fcl\u00f6n\u00f6sen meg\u00e9ri 25 \u00e9v alatti munkav\u00e1llal\u00f3t alkalmazni a munk\u00e1ltat\u00f3knak. A fiatalok az szja-mentess\u00e9ggel a brutt\u00f3ban aj\u00e1nlott fizet\u00e9st teljes eg\u00e9sz\u00e9ben megtarthatj\u00e1k, ami vonz\u00f3v\u00e1 teszi sz\u00e1mukra a munkav\u00e1llal\u00e1st. A munkaer\u0151piacon a di\u00e1kok \u00e9s a nyugd\u00edjasok foglalkoztat\u00e1s\u00e1ban rejl\u0151 tartal\u00e9kokra \u00e9s lehet\u0151s\u00e9gekre h\u00edvja fel a figyelmet K\u00fczm\u00f6s L\u00e1szl\u00f3, a Get Work Trend HR szolg\u00e1ltat\u00f3 tulajdonosa. Iskolasz\u00f6vetkezet\u00fck \u00e9s\" \/>\n\t\t<meta property=\"og:url\" content=\"https:\/\/allasorias.hu\/hirek\/megeri-a-fiatalokat-foglalkoztatni\/\" \/>\n\t\t<meta property=\"og:image\" content=\"https:\/\/allasorias.hu\/hirek\/wp-content\/uploads\/2021\/04\/0409.jpg\" \/>\n\t\t<meta property=\"og:image:secure_url\" content=\"https:\/\/allasorias.hu\/hirek\/wp-content\/uploads\/2021\/04\/0409.jpg\" \/>\n\t\t<meta property=\"og:image:width\" content=\"1920\" \/>\n\t\t<meta property=\"og:image:height\" content=\"1281\" \/>\n\t\t<meta property=\"article:published_time\" content=\"2022-05-09T08:13:20+00:00\" \/>\n\t\t<meta property=\"article:modified_time\" content=\"2022-05-09T08:13:20+00:00\" \/>\n\t\t<meta property=\"article:publisher\" content=\"https:\/\/www.facebook.com\/allasorias\" \/>\n\t\t<meta name=\"twitter:card\" content=\"summary_large_image\" \/>\n\t\t<meta name=\"twitter:title\" content=\"Meg\u00e9ri a fiatalokat foglalkoztatni | AllasOrias.hu | H\u00edrek-lapszemle\" \/>\n\t\t<meta name=\"twitter:description\" content=\"Id\u00e9n janu\u00e1rt\u00f3l k\u00fcl\u00f6n\u00f6sen meg\u00e9ri 25 \u00e9v alatti munkav\u00e1llal\u00f3t alkalmazni a munk\u00e1ltat\u00f3knak. A fiatalok az szja-mentess\u00e9ggel a brutt\u00f3ban aj\u00e1nlott fizet\u00e9st teljes eg\u00e9sz\u00e9ben megtarthatj\u00e1k, ami vonz\u00f3v\u00e1 teszi sz\u00e1mukra a munkav\u00e1llal\u00e1st. A munkaer\u0151piacon a di\u00e1kok \u00e9s a nyugd\u00edjasok foglalkoztat\u00e1s\u00e1ban rejl\u0151 tartal\u00e9kokra \u00e9s lehet\u0151s\u00e9gekre h\u00edvja fel a figyelmet K\u00fczm\u00f6s L\u00e1szl\u00f3, a Get Work Trend HR szolg\u00e1ltat\u00f3 tulajdonosa. Iskolasz\u00f6vetkezet\u00fck \u00e9s\" \/>\n\t\t<meta name=\"twitter:image\" content=\"https:\/\/allasorias.hu\/hirek\/wp-content\/uploads\/2021\/04\/0409.jpg\" \/>\n\t\t<meta name=\"twitter:label1\" content=\"Written by\" \/>\n\t\t<meta name=\"twitter:data1\" content=\"Juh\u00e1sz P\u00e9ter\" \/>\n\t\t<meta name=\"twitter:label2\" content=\"Est. reading time\" \/>\n\t\t<meta name=\"twitter:data2\" content=\"5 minutes\" \/>\n\t\t<script type=\"application\/ld+json\" class=\"aioseo-schema\">\n\t\t\t{\"@context\":\"https:\\\/\\\/schema.org\",\"@graph\":[{\"@type\":\"Article\",\"@id\":\"https:\\\/\\\/allasorias.hu\\\/hirek\\\/megeri-a-fiatalokat-foglalkoztatni\\\/#article\",\"name\":\"Meg\\u00e9ri a fiatalokat foglalkoztatni | AllasOrias.hu | H\\u00edrek-lapszemle\",\"headline\":\"Meg\\u00e9ri a fiatalokat foglalkoztatni\",\"author\":{\"@id\":\"https:\\\/\\\/allasorias.hu\\\/hirek\\\/author\\\/admin-allasorias\\\/#author\"},\"publisher\":{\"@id\":\"https:\\\/\\\/allasorias.hu\\\/hirek\\\/#organization\"},\"image\":{\"@type\":\"ImageObject\",\"url\":\"https:\\\/\\\/allasorias.hu\\\/hirek\\\/wp-content\\\/uploads\\\/2021\\\/04\\\/0409.jpg\",\"width\":1920,\"height\":1281,\"caption\":\"Young student looking at camera sitting in university classroom with her groupmates on background. Studying on wooden desks. Guys reading, studuing, learning, writing. Working with scientific project.\"},\"datePublished\":\"2022-05-09T08:13:20+02:00\",\"dateModified\":\"2022-05-09T08:13:20+02:00\",\"inLanguage\":\"hu-HU\",\"mainEntityOfPage\":{\"@id\":\"https:\\\/\\\/allasorias.hu\\\/hirek\\\/megeri-a-fiatalokat-foglalkoztatni\\\/#webpage\"},\"isPartOf\":{\"@id\":\"https:\\\/\\\/allasorias.hu\\\/hirek\\\/megeri-a-fiatalokat-foglalkoztatni\\\/#webpage\"},\"articleSection\":\"Munkaer\\u0151piac\"},{\"@type\":\"BreadcrumbList\",\"@id\":\"https:\\\/\\\/allasorias.hu\\\/hirek\\\/megeri-a-fiatalokat-foglalkoztatni\\\/#breadcrumblist\",\"itemListElement\":[{\"@type\":\"ListItem\",\"@id\":\"https:\\\/\\\/allasorias.hu\\\/hirek#listItem\",\"position\":1,\"name\":\"Home\",\"item\":\"https:\\\/\\\/allasorias.hu\\\/hirek\",\"nextItem\":{\"@type\":\"ListItem\",\"@id\":\"https:\\\/\\\/allasorias.hu\\\/hirek\\\/temak\\\/munkaeropiac\\\/#listItem\",\"name\":\"Munkaer\\u0151piac\"}},{\"@type\":\"ListItem\",\"@id\":\"https:\\\/\\\/allasorias.hu\\\/hirek\\\/temak\\\/munkaeropiac\\\/#listItem\",\"position\":2,\"name\":\"Munkaer\\u0151piac\",\"item\":\"https:\\\/\\\/allasorias.hu\\\/hirek\\\/temak\\\/munkaeropiac\\\/\",\"nextItem\":{\"@type\":\"ListItem\",\"@id\":\"https:\\\/\\\/allasorias.hu\\\/hirek\\\/megeri-a-fiatalokat-foglalkoztatni\\\/#listItem\",\"name\":\"Meg\\u00e9ri a fiatalokat foglalkoztatni\"},\"previousItem\":{\"@type\":\"ListItem\",\"@id\":\"https:\\\/\\\/allasorias.hu\\\/hirek#listItem\",\"name\":\"Home\"}},{\"@type\":\"ListItem\",\"@id\":\"https:\\\/\\\/allasorias.hu\\\/hirek\\\/megeri-a-fiatalokat-foglalkoztatni\\\/#listItem\",\"position\":3,\"name\":\"Meg\\u00e9ri a fiatalokat foglalkoztatni\",\"previousItem\":{\"@type\":\"ListItem\",\"@id\":\"https:\\\/\\\/allasorias.hu\\\/hirek\\\/temak\\\/munkaeropiac\\\/#listItem\",\"name\":\"Munkaer\\u0151piac\"}}]},{\"@type\":\"Organization\",\"@id\":\"https:\\\/\\\/allasorias.hu\\\/hirek\\\/#organization\",\"name\":\"AllasOrias.hu | H\\u00edrek-lapszemle\",\"description\":\"\\u00dczleti h\\u00edrek az \\u00e1ll\\u00e1s \\u00e9s a munka vil\\u00e1g\\u00e1b\\u00f3l\",\"url\":\"https:\\\/\\\/allasorias.hu\\\/hirek\\\/\",\"logo\":{\"@type\":\"ImageObject\",\"url\":\"https:\\\/\\\/allasorias.hu\\\/hirek\\\/wp-content\\\/uploads\\\/2022\\\/10\\\/allasorias_site_facebok_logo.png\",\"@id\":\"https:\\\/\\\/allasorias.hu\\\/hirek\\\/megeri-a-fiatalokat-foglalkoztatni\\\/#organizationLogo\"},\"image\":{\"@id\":\"https:\\\/\\\/allasorias.hu\\\/hirek\\\/megeri-a-fiatalokat-foglalkoztatni\\\/#organizationLogo\"},\"sameAs\":[\"https:\\\/\\\/www.facebook.com\\\/allasorias\",\"https:\\\/\\\/www.linkedin.com\\\/company\\\/allasorias\"]},{\"@type\":\"Person\",\"@id\":\"https:\\\/\\\/allasorias.hu\\\/hirek\\\/author\\\/admin-allasorias\\\/#author\",\"url\":\"https:\\\/\\\/allasorias.hu\\\/hirek\\\/author\\\/admin-allasorias\\\/\",\"name\":\"Juh\\u00e1sz P\\u00e9ter\",\"image\":{\"@type\":\"ImageObject\",\"@id\":\"https:\\\/\\\/allasorias.hu\\\/hirek\\\/megeri-a-fiatalokat-foglalkoztatni\\\/#authorImage\",\"url\":\"https:\\\/\\\/secure.gravatar.com\\\/avatar\\\/36e6bcb83148978b992977cb0f54d22feb0cce8a0a849a9410532bb2623ba4c6?s=96&d=mm&r=g\",\"width\":96,\"height\":96,\"caption\":\"Juh\\u00e1sz P\\u00e9ter\"}},{\"@type\":\"WebPage\",\"@id\":\"https:\\\/\\\/allasorias.hu\\\/hirek\\\/megeri-a-fiatalokat-foglalkoztatni\\\/#webpage\",\"url\":\"https:\\\/\\\/allasorias.hu\\\/hirek\\\/megeri-a-fiatalokat-foglalkoztatni\\\/\",\"name\":\"Meg\\u00e9ri a fiatalokat foglalkoztatni | AllasOrias.hu | H\\u00edrek-lapszemle\",\"description\":\"Id\\u00e9n janu\\u00e1rt\\u00f3l k\\u00fcl\\u00f6n\\u00f6sen meg\\u00e9ri 25 \\u00e9v alatti munkav\\u00e1llal\\u00f3t alkalmazni a munk\\u00e1ltat\\u00f3knak. A fiatalok az szja-mentess\\u00e9ggel a brutt\\u00f3ban aj\\u00e1nlott fizet\\u00e9st teljes eg\\u00e9sz\\u00e9ben megtarthatj\\u00e1k, ami vonz\\u00f3v\\u00e1 teszi sz\\u00e1mukra a munkav\\u00e1llal\\u00e1st. A munkaer\\u0151piacon a di\\u00e1kok \\u00e9s a nyugd\\u00edjasok foglalkoztat\\u00e1s\\u00e1ban rejl\\u0151 tartal\\u00e9kokra \\u00e9s lehet\\u0151s\\u00e9gekre h\\u00edvja fel a figyelmet K\\u00fczm\\u00f6s L\\u00e1szl\\u00f3, a Get Work Trend HR szolg\\u00e1ltat\\u00f3 tulajdonosa. Iskolasz\\u00f6vetkezet\\u00fck \\u00e9s\",\"inLanguage\":\"hu-HU\",\"isPartOf\":{\"@id\":\"https:\\\/\\\/allasorias.hu\\\/hirek\\\/#website\"},\"breadcrumb\":{\"@id\":\"https:\\\/\\\/allasorias.hu\\\/hirek\\\/megeri-a-fiatalokat-foglalkoztatni\\\/#breadcrumblist\"},\"author\":{\"@id\":\"https:\\\/\\\/allasorias.hu\\\/hirek\\\/author\\\/admin-allasorias\\\/#author\"},\"creator\":{\"@id\":\"https:\\\/\\\/allasorias.hu\\\/hirek\\\/author\\\/admin-allasorias\\\/#author\"},\"image\":{\"@type\":\"ImageObject\",\"url\":\"https:\\\/\\\/allasorias.hu\\\/hirek\\\/wp-content\\\/uploads\\\/2021\\\/04\\\/0409.jpg\",\"@id\":\"https:\\\/\\\/allasorias.hu\\\/hirek\\\/megeri-a-fiatalokat-foglalkoztatni\\\/#mainImage\",\"width\":1920,\"height\":1281,\"caption\":\"Young student looking at camera sitting in university classroom with her groupmates on background. Studying on wooden desks. Guys reading, studuing, learning, writing. Working with scientific project.\"},\"primaryImageOfPage\":{\"@id\":\"https:\\\/\\\/allasorias.hu\\\/hirek\\\/megeri-a-fiatalokat-foglalkoztatni\\\/#mainImage\"},\"datePublished\":\"2022-05-09T08:13:20+02:00\",\"dateModified\":\"2022-05-09T08:13:20+02:00\"},{\"@type\":\"WebSite\",\"@id\":\"https:\\\/\\\/allasorias.hu\\\/hirek\\\/#website\",\"url\":\"https:\\\/\\\/allasorias.hu\\\/hirek\\\/\",\"name\":\"AllasOrias.hu | H\\u00edrek-lapszemle\",\"description\":\"\\u00dczleti h\\u00edrek az \\u00e1ll\\u00e1s \\u00e9s a munka vil\\u00e1g\\u00e1b\\u00f3l\",\"inLanguage\":\"hu-HU\",\"publisher\":{\"@id\":\"https:\\\/\\\/allasorias.hu\\\/hirek\\\/#organization\"}}]}\n\t\t<\/script>\n\t\t<!-- All in One SEO -->\n\n","aioseo_head_json":{"title":"Meg\u00e9ri a fiatalokat foglalkoztatni | AllasOrias.hu | H\u00edrek-lapszemle","description":"Id\u00e9n janu\u00e1rt\u00f3l k\u00fcl\u00f6n\u00f6sen meg\u00e9ri 25 \u00e9v alatti munkav\u00e1llal\u00f3t alkalmazni a munk\u00e1ltat\u00f3knak. A fiatalok az szja-mentess\u00e9ggel a brutt\u00f3ban aj\u00e1nlott fizet\u00e9st teljes eg\u00e9sz\u00e9ben megtarthatj\u00e1k, ami vonz\u00f3v\u00e1 teszi sz\u00e1mukra a munkav\u00e1llal\u00e1st. A munkaer\u0151piacon a di\u00e1kok \u00e9s a nyugd\u00edjasok foglalkoztat\u00e1s\u00e1ban rejl\u0151 tartal\u00e9kokra \u00e9s lehet\u0151s\u00e9gekre h\u00edvja fel a figyelmet K\u00fczm\u00f6s L\u00e1szl\u00f3, a Get Work Trend HR szolg\u00e1ltat\u00f3 tulajdonosa. Iskolasz\u00f6vetkezet\u00fck \u00e9s","canonical_url":"https:\/\/allasorias.hu\/hirek\/megeri-a-fiatalokat-foglalkoztatni\/","robots":"max-image-preview:large","keywords":"","webmasterTools":{"miscellaneous":""},"schema":{"@context":"https:\/\/schema.org","@graph":[{"@type":"Article","@id":"https:\/\/allasorias.hu\/hirek\/megeri-a-fiatalokat-foglalkoztatni\/#article","name":"Meg\u00e9ri a fiatalokat foglalkoztatni | AllasOrias.hu | H\u00edrek-lapszemle","headline":"Meg\u00e9ri a fiatalokat foglalkoztatni","author":{"@id":"https:\/\/allasorias.hu\/hirek\/author\/admin-allasorias\/#author"},"publisher":{"@id":"https:\/\/allasorias.hu\/hirek\/#organization"},"image":{"@type":"ImageObject","url":"https:\/\/allasorias.hu\/hirek\/wp-content\/uploads\/2021\/04\/0409.jpg","width":1920,"height":1281,"caption":"Young student looking at camera sitting in university classroom with her groupmates on background. Studying on wooden desks. Guys reading, studuing, learning, writing. Working with scientific project."},"datePublished":"2022-05-09T08:13:20+02:00","dateModified":"2022-05-09T08:13:20+02:00","inLanguage":"hu-HU","mainEntityOfPage":{"@id":"https:\/\/allasorias.hu\/hirek\/megeri-a-fiatalokat-foglalkoztatni\/#webpage"},"isPartOf":{"@id":"https:\/\/allasorias.hu\/hirek\/megeri-a-fiatalokat-foglalkoztatni\/#webpage"},"articleSection":"Munkaer\u0151piac"},{"@type":"BreadcrumbList","@id":"https:\/\/allasorias.hu\/hirek\/megeri-a-fiatalokat-foglalkoztatni\/#breadcrumblist","itemListElement":[{"@type":"ListItem","@id":"https:\/\/allasorias.hu\/hirek#listItem","position":1,"name":"Home","item":"https:\/\/allasorias.hu\/hirek","nextItem":{"@type":"ListItem","@id":"https:\/\/allasorias.hu\/hirek\/temak\/munkaeropiac\/#listItem","name":"Munkaer\u0151piac"}},{"@type":"ListItem","@id":"https:\/\/allasorias.hu\/hirek\/temak\/munkaeropiac\/#listItem","position":2,"name":"Munkaer\u0151piac","item":"https:\/\/allasorias.hu\/hirek\/temak\/munkaeropiac\/","nextItem":{"@type":"ListItem","@id":"https:\/\/allasorias.hu\/hirek\/megeri-a-fiatalokat-foglalkoztatni\/#listItem","name":"Meg\u00e9ri a fiatalokat foglalkoztatni"},"previousItem":{"@type":"ListItem","@id":"https:\/\/allasorias.hu\/hirek#listItem","name":"Home"}},{"@type":"ListItem","@id":"https:\/\/allasorias.hu\/hirek\/megeri-a-fiatalokat-foglalkoztatni\/#listItem","position":3,"name":"Meg\u00e9ri a fiatalokat foglalkoztatni","previousItem":{"@type":"ListItem","@id":"https:\/\/allasorias.hu\/hirek\/temak\/munkaeropiac\/#listItem","name":"Munkaer\u0151piac"}}]},{"@type":"Organization","@id":"https:\/\/allasorias.hu\/hirek\/#organization","name":"AllasOrias.hu | H\u00edrek-lapszemle","description":"\u00dczleti h\u00edrek az \u00e1ll\u00e1s \u00e9s a munka vil\u00e1g\u00e1b\u00f3l","url":"https:\/\/allasorias.hu\/hirek\/","logo":{"@type":"ImageObject","url":"https:\/\/allasorias.hu\/hirek\/wp-content\/uploads\/2022\/10\/allasorias_site_facebok_logo.png","@id":"https:\/\/allasorias.hu\/hirek\/megeri-a-fiatalokat-foglalkoztatni\/#organizationLogo"},"image":{"@id":"https:\/\/allasorias.hu\/hirek\/megeri-a-fiatalokat-foglalkoztatni\/#organizationLogo"},"sameAs":["https:\/\/www.facebook.com\/allasorias","https:\/\/www.linkedin.com\/company\/allasorias"]},{"@type":"Person","@id":"https:\/\/allasorias.hu\/hirek\/author\/admin-allasorias\/#author","url":"https:\/\/allasorias.hu\/hirek\/author\/admin-allasorias\/","name":"Juh\u00e1sz P\u00e9ter","image":{"@type":"ImageObject","@id":"https:\/\/allasorias.hu\/hirek\/megeri-a-fiatalokat-foglalkoztatni\/#authorImage","url":"https:\/\/secure.gravatar.com\/avatar\/36e6bcb83148978b992977cb0f54d22feb0cce8a0a849a9410532bb2623ba4c6?s=96&d=mm&r=g","width":96,"height":96,"caption":"Juh\u00e1sz P\u00e9ter"}},{"@type":"WebPage","@id":"https:\/\/allasorias.hu\/hirek\/megeri-a-fiatalokat-foglalkoztatni\/#webpage","url":"https:\/\/allasorias.hu\/hirek\/megeri-a-fiatalokat-foglalkoztatni\/","name":"Meg\u00e9ri a fiatalokat foglalkoztatni | AllasOrias.hu | H\u00edrek-lapszemle","description":"Id\u00e9n janu\u00e1rt\u00f3l k\u00fcl\u00f6n\u00f6sen meg\u00e9ri 25 \u00e9v alatti munkav\u00e1llal\u00f3t alkalmazni a munk\u00e1ltat\u00f3knak. A fiatalok az szja-mentess\u00e9ggel a brutt\u00f3ban aj\u00e1nlott fizet\u00e9st teljes eg\u00e9sz\u00e9ben megtarthatj\u00e1k, ami vonz\u00f3v\u00e1 teszi sz\u00e1mukra a munkav\u00e1llal\u00e1st. A munkaer\u0151piacon a di\u00e1kok \u00e9s a nyugd\u00edjasok foglalkoztat\u00e1s\u00e1ban rejl\u0151 tartal\u00e9kokra \u00e9s lehet\u0151s\u00e9gekre h\u00edvja fel a figyelmet K\u00fczm\u00f6s L\u00e1szl\u00f3, a Get Work Trend HR szolg\u00e1ltat\u00f3 tulajdonosa. Iskolasz\u00f6vetkezet\u00fck \u00e9s","inLanguage":"hu-HU","isPartOf":{"@id":"https:\/\/allasorias.hu\/hirek\/#website"},"breadcrumb":{"@id":"https:\/\/allasorias.hu\/hirek\/megeri-a-fiatalokat-foglalkoztatni\/#breadcrumblist"},"author":{"@id":"https:\/\/allasorias.hu\/hirek\/author\/admin-allasorias\/#author"},"creator":{"@id":"https:\/\/allasorias.hu\/hirek\/author\/admin-allasorias\/#author"},"image":{"@type":"ImageObject","url":"https:\/\/allasorias.hu\/hirek\/wp-content\/uploads\/2021\/04\/0409.jpg","@id":"https:\/\/allasorias.hu\/hirek\/megeri-a-fiatalokat-foglalkoztatni\/#mainImage","width":1920,"height":1281,"caption":"Young student looking at camera sitting in university classroom with her groupmates on background. Studying on wooden desks. Guys reading, studuing, learning, writing. Working with scientific project."},"primaryImageOfPage":{"@id":"https:\/\/allasorias.hu\/hirek\/megeri-a-fiatalokat-foglalkoztatni\/#mainImage"},"datePublished":"2022-05-09T08:13:20+02:00","dateModified":"2022-05-09T08:13:20+02:00"},{"@type":"WebSite","@id":"https:\/\/allasorias.hu\/hirek\/#website","url":"https:\/\/allasorias.hu\/hirek\/","name":"AllasOrias.hu | H\u00edrek-lapszemle","description":"\u00dczleti h\u00edrek az \u00e1ll\u00e1s \u00e9s a munka vil\u00e1g\u00e1b\u00f3l","inLanguage":"hu-HU","publisher":{"@id":"https:\/\/allasorias.hu\/hirek\/#organization"}}]},"og:locale":"hu_HU","og:site_name":"AllasOrias.hu | H\u00edrek-lapszemle | \u00dczleti h\u00edrek az \u00e1ll\u00e1s \u00e9s a munka vil\u00e1g\u00e1b\u00f3l","og:type":"article","og:title":"Meg\u00e9ri a fiatalokat foglalkoztatni | AllasOrias.hu | H\u00edrek-lapszemle","og:description":"Id\u00e9n janu\u00e1rt\u00f3l k\u00fcl\u00f6n\u00f6sen meg\u00e9ri 25 \u00e9v alatti munkav\u00e1llal\u00f3t alkalmazni a munk\u00e1ltat\u00f3knak. A fiatalok az szja-mentess\u00e9ggel a brutt\u00f3ban aj\u00e1nlott fizet\u00e9st teljes eg\u00e9sz\u00e9ben megtarthatj\u00e1k, ami vonz\u00f3v\u00e1 teszi sz\u00e1mukra a munkav\u00e1llal\u00e1st. A munkaer\u0151piacon a di\u00e1kok \u00e9s a nyugd\u00edjasok foglalkoztat\u00e1s\u00e1ban rejl\u0151 tartal\u00e9kokra \u00e9s lehet\u0151s\u00e9gekre h\u00edvja fel a figyelmet K\u00fczm\u00f6s L\u00e1szl\u00f3, a Get Work Trend HR szolg\u00e1ltat\u00f3 tulajdonosa. Iskolasz\u00f6vetkezet\u00fck \u00e9s","og:url":"https:\/\/allasorias.hu\/hirek\/megeri-a-fiatalokat-foglalkoztatni\/","og:image":"https:\/\/allasorias.hu\/hirek\/wp-content\/uploads\/2021\/04\/0409.jpg","og:image:secure_url":"https:\/\/allasorias.hu\/hirek\/wp-content\/uploads\/2021\/04\/0409.jpg","og:image:width":1920,"og:image:height":1281,"article:published_time":"2022-05-09T08:13:20+00:00","article:modified_time":"2022-05-09T08:13:20+00:00","article:publisher":"https:\/\/www.facebook.com\/allasorias","twitter:card":"summary_large_image","twitter:title":"Meg\u00e9ri a fiatalokat foglalkoztatni | AllasOrias.hu | H\u00edrek-lapszemle","twitter:description":"Id\u00e9n janu\u00e1rt\u00f3l k\u00fcl\u00f6n\u00f6sen meg\u00e9ri 25 \u00e9v alatti munkav\u00e1llal\u00f3t alkalmazni a munk\u00e1ltat\u00f3knak. A fiatalok az szja-mentess\u00e9ggel a brutt\u00f3ban aj\u00e1nlott fizet\u00e9st teljes eg\u00e9sz\u00e9ben megtarthatj\u00e1k, ami vonz\u00f3v\u00e1 teszi sz\u00e1mukra a munkav\u00e1llal\u00e1st. A munkaer\u0151piacon a di\u00e1kok \u00e9s a nyugd\u00edjasok foglalkoztat\u00e1s\u00e1ban rejl\u0151 tartal\u00e9kokra \u00e9s lehet\u0151s\u00e9gekre h\u00edvja fel a figyelmet K\u00fczm\u00f6s L\u00e1szl\u00f3, a Get Work Trend HR szolg\u00e1ltat\u00f3 tulajdonosa. Iskolasz\u00f6vetkezet\u00fck \u00e9s","twitter:image":"https:\/\/allasorias.hu\/hirek\/wp-content\/uploads\/2021\/04\/0409.jpg","twitter:label1":"Written by","twitter:data1":"Juh\u00e1sz P\u00e9ter","twitter:label2":"Est. reading time","twitter:data2":"5 minutes"},"aioseo_meta_data":{"post_id":"5550","title":null,"description":null,"keywords":[],"keyphrases":{"focus":{"keyphrase":"","score":0,"analysis":{"keyphraseInTitle":{"score":0,"maxScore":9,"error":1}}},"additional":[]},"primary_term":null,"canonical_url":null,"og_title":null,"og_description":null,"og_object_type":"default","og_image_type":"default","og_image_url":null,"og_image_width":null,"og_image_height":null,"og_image_custom_url":null,"og_image_custom_fields":null,"og_video":"","og_custom_url":null,"og_article_section":null,"og_article_tags":[],"twitter_use_og":false,"twitter_card":"default","twitter_image_type":"default","twitter_image_url":null,"twitter_image_custom_url":null,"twitter_image_custom_fields":null,"twitter_title":null,"twitter_description":null,"schema":{"blockGraphs":[],"customGraphs":[],"default":{"data":{"Article":[],"Course":[],"Dataset":[],"FAQPage":[],"Movie":[],"Person":[],"Product":[],"ProductReview":[],"Car":[],"Recipe":[],"Service":[],"SoftwareApplication":[],"WebPage":[]},"graphName":"","isEnabled":true},"graphs":[],"defaultGraph":"Article","defaultPostTypeGraph":""},"schema_type":"default","schema_type_options":"{\"article\":{\"articleType\":\"BlogPosting\"},\"course\":{\"name\":\"\",\"description\":\"\",\"provider\":\"\"},\"faq\":{\"pages\":[]},\"product\":{\"reviews\":[]},\"recipe\":{\"ingredients\":[],\"instructions\":[],\"keywords\":[]},\"software\":{\"reviews\":[],\"operatingSystems\":[]},\"webPage\":{\"webPageType\":\"WebPage\"}}","pillar_content":false,"robots_default":true,"robots_noindex":false,"robots_noarchive":false,"robots_nosnippet":false,"robots_nofollow":false,"robots_noimageindex":false,"robots_noodp":false,"robots_notranslate":false,"robots_max_snippet":"-1","robots_max_videopreview":"-1","robots_max_imagepreview":"large","priority":null,"frequency":"default","location":null,"local_seo":null,"breadcrumb_settings":null,"limit_modified_date":false,"ai":null,"created":"2022-05-09 08:06:39","updated":"2025-10-02 16:55:25","seo_analyzer_scan_date":null,"focus_keyword":null,"additional_keywords":null,"truseo_locale":null},"aioseo_breadcrumb":"<div class=\"aioseo-breadcrumbs\"><span class=\"aioseo-breadcrumb\">\n\t\t\t<a href=\"https:\/\/allasorias.hu\/hirek\" title=\"Home\">Home<\/a>\n\t\t<\/span><span class=\"aioseo-breadcrumb-separator\">&raquo;<\/span><span class=\"aioseo-breadcrumb\">\n\t\t\t<a href=\"https:\/\/allasorias.hu\/hirek\/temak\/munkaeropiac\/\" title=\"Munkaer\u0151piac\">Munkaer\u0151piac<\/a>\n\t\t<\/span><span class=\"aioseo-breadcrumb-separator\">&raquo;<\/span><span class=\"aioseo-breadcrumb\">\n\t\t\tMeg\u00e9ri a fiatalokat foglalkoztatni\n\t\t<\/span><\/div>","aioseo_breadcrumb_json":[{"label":"Home","link":"https:\/\/allasorias.hu\/hirek"},{"label":"Munkaer\u0151piac","link":"https:\/\/allasorias.hu\/hirek\/temak\/munkaeropiac\/"},{"label":"Meg\u00e9ri a fiatalokat foglalkoztatni","link":"https:\/\/allasorias.hu\/hirek\/megeri-a-fiatalokat-foglalkoztatni\/"}],"_links":{"self":[{"href":"https:\/\/allasorias.hu\/hirek\/wp-json\/wp\/v2\/posts\/5550","targetHints":{"allow":["GET"]}}],"collection":[{"href":"https:\/\/allasorias.hu\/hirek\/wp-json\/wp\/v2\/posts"}],"about":[{"href":"https:\/\/allasorias.hu\/hirek\/wp-json\/wp\/v2\/types\/post"}],"author":[{"embeddable":true,"href":"https:\/\/allasorias.hu\/hirek\/wp-json\/wp\/v2\/users\/1"}],"replies":[{"embeddable":true,"href":"https:\/\/allasorias.hu\/hirek\/wp-json\/wp\/v2\/comments?post=5550"}],"version-history":[{"count":1,"href":"https:\/\/allasorias.hu\/hirek\/wp-json\/wp\/v2\/posts\/5550\/revisions"}],"predecessor-version":[{"id":5551,"href":"https:\/\/allasorias.hu\/hirek\/wp-json\/wp\/v2\/posts\/5550\/revisions\/5551"}],"wp:featuredmedia":[{"embeddable":true,"href":"https:\/\/allasorias.hu\/hirek\/wp-json\/wp\/v2\/media\/4703"}],"wp:attachment":[{"href":"https:\/\/allasorias.hu\/hirek\/wp-json\/wp\/v2\/media?parent=5550"}],"wp:term":[{"taxonomy":"category","embeddable":true,"href":"https:\/\/allasorias.hu\/hirek\/wp-json\/wp\/v2\/categories?post=5550"},{"taxonomy":"post_tag","embeddable":true,"href":"https:\/\/allasorias.hu\/hirek\/wp-json\/wp\/v2\/tags?post=5550"}],"curies":[{"name":"wp","href":"https:\/\/api.w.org\/{rel}","templated":true}]}}