{"id":5546,"date":"2022-05-06T08:12:37","date_gmt":"2022-05-06T08:12:37","guid":{"rendered":"https:\/\/allasorias.hu\/hirek\/?p=5546"},"modified":"2022-05-06T08:12:37","modified_gmt":"2022-05-06T08:12:37","slug":"ma-mar-mindenki-el-tud-helyezkedni","status":"publish","type":"post","link":"https:\/\/allasorias.hu\/hirek\/ma-mar-mindenki-el-tud-helyezkedni\/","title":{"rendered":"Ma m\u00e1r mindenki el tud helyezkedni ?"},"content":{"rendered":"<p><strong>A 2017 \u00f3ta fokoz\u00f3d\u00f3 munkaer\u0151hi\u00e1ny miatt az els\u0151dleges munkaer\u0151piacon szinte mindenki el tud ma m\u00e1r helyezkedni. Az elm\u00falt \u00f6t \u00e9vben t\u00f6bb mint 120 ezer f\u0151vel cs\u00f6kkent a k\u00f6zfoglalkoztat\u00e1sban dolgoz\u00f3k sz\u00e1ma. Az elm\u00falt \u00e9vekben fokozatosan vesz\u00edtett jelent\u0151s\u00e9g\u00e9b\u0151l a k\u00f6zfoglalkoztat\u00e1s, mint a munkan\u00e9lk\u00fclis\u00e9g eredm\u00e9nyes kezel\u00e9s\u00e9re hozott egyik kor\u00e1bbi korm\u00e1nyzati int\u00e9zked\u00e9s.<\/strong><\/p>\n<p>Febru\u00e1rban nyolcvanezer k\u00f6zmunk\u00e1st tartottak nyilv\u00e1n, t\u00f6bb t\u00edzezer f\u0151vel kevesebbet, mint a j\u00e1rv\u00e1ny el\u0151tt. A koronav\u00edrus-j\u00e1rv\u00e1ny miatt bevezetett korl\u00e1toz\u00e1sok id\u0151szaka alatt sem n\u0151tt, s\u0151t cs\u00f6kkent a k\u00f6zfoglalkoztatottak sz\u00e1ma. A Bel\u00fcgyminiszt\u00e9rium adatai szerint id\u00e9n febru\u00e1rban \u00e1tlagosan 83 500-an vettek r\u00e9szt valamelyik k\u00f6zmunkaprogramban. Sz\u00e1muk mintegy h\u00faszezer f\u0151vel kevesebb, mint a j\u00e1rv\u00e1ny el\u0151tti \u00e9vben, 2019-ben. Noha a korm\u00e1ny 2020 m\u00e1rcius\u00e1ban, a j\u00e1rv\u00e1ny hazai megjelen\u00e9sekor megemelte a k\u00f6zfoglalkoztat\u00e1s l\u00e9tsz\u00e1mkeret\u00e9t, a v\u00edrusv\u00e1ls\u00e1g eredm\u00e9nyes kezel\u00e9s\u00e9nek k\u00f6sz\u00f6nhet\u0151en a munk\u00e1jukat elveszt\u0151k gyorsan el tudtak helyezkedni az els\u0151dleges munkaer\u0151piacon. A korm\u00e1ny kor\u00e1bban els\u0151sorban a munkan\u00e9lk\u00fclis\u00e9g m\u00e9rs\u00e9kl\u00e9se \u00e9s a teljes foglalkoztatotts\u00e1g el\u00e9r\u00e9se \u00e9rdek\u00e9ben ind\u00edtotta el a k\u00f6zfoglalkoztat\u00e1si programokat. A k\u00f6zmunka ez\u00e9rt \u00e1tmeneti lehet\u0151s\u00e9get jelentett, aminek c\u00e9lja, hogy az \u00e9rintettek k\u00f6nnyebben kapjanak \u00e1ll\u00e1st els\u0151sorban a versenyszf\u00e9r\u00e1ban. A jelenlegi, munkaer\u0151hi\u00e1nyos helyzetben a k\u00f6zfoglalkoztat\u00e1s szerepe imm\u00e1r eleny\u00e9sz\u0151, mivel j\u00f3val t\u00f6bb a meghirdetett \u00e1ll\u00e1shely, mint a jelentkez\u0151. A k\u00f6zmunk\u00e1sok nett\u00f3 \u00e1tlagkeresete tavaly alig \u00e9rte el az 56 ezer forintot, \u00edgy a foglalkoztatottaknak sem \u00e9rdeke a tart\u00f3s k\u00f6zmunka. A k\u00f6zmunk\u00e1sok sz\u00e1ma 2016 \u00f3ta folyamatosan cs\u00f6kken. A programokban a legt\u00f6bben 2016-ban dolgoztak, meghaladva a k\u00e9tsz\u00e1zezer f\u0151t. Ez 2019-re fel\u00e9re cs\u00f6kkent, id\u00e9n febru\u00e1rban csaknem kilenc sz\u00e1zal\u00e9kkal dolgoztak kevesebben k\u00f6zmunk\u00e1sk\u00e9nt, mint 2021-ben. A jelenleg 83,5 ezer f\u0151 k\u00f6zfoglalkoztatott fele r\u00e9g\u00f3ta valamelyik helyi programban dolgozik. Mintegy 62 sz\u00e1zal\u00e9kuk legfeljebb az \u00e1ltal\u00e1nos iskol\u00e1t v\u00e9gezte el. Az \u00e9rintettek t\u00f6bb mint fele a sz\u00e1ll\u00edt\u00e1si \u00e9s szolg\u00e1ltat\u00e1si ter\u00fcleteken dolgozik, jellemz\u0151en egyszer\u0171, szaktud\u00e1st, k\u00f6z\u00e9pfok\u00fa v\u00e9gzetts\u00e9get nem ig\u00e9nyl\u0151 munkak\u00f6r\u00f6kben. Fontos k\u00f6zfoglalkoztat\u00f3 \u00e1gazat a mez\u0151gazdas\u00e1g, de a k\u00f6zmunk\u00e1sokat minden ter\u00fcleten alkalmazz\u00e1k takar\u00edt\u00f3-, kiseg\u00edt\u0151munk\u00e1kra is.<\/p>\n<p>Forr\u00e1s: magyarnemzet.hu<\/p>\n","protected":false},"excerpt":{"rendered":"<p>A 2017 \u00f3ta fokoz\u00f3d\u00f3 munkaer\u0151hi\u00e1ny miatt az els\u0151dleges munkaer\u0151piacon szinte mindenki el tud ma m\u00e1r helyezkedni. Az elm\u00falt \u00f6t \u00e9vben t\u00f6bb mint 120 ezer f\u0151vel cs\u00f6kkent a k\u00f6zfoglalkoztat\u00e1sban dolgoz\u00f3k sz\u00e1ma. Az elm\u00falt \u00e9vekben fokozatosan vesz\u00edtett jelent\u0151s\u00e9g\u00e9b\u0151l a k\u00f6zfoglalkoztat\u00e1s, mint a munkan\u00e9lk\u00fclis\u00e9g eredm\u00e9nyes kezel\u00e9s\u00e9re hozott egyik kor\u00e1bbi korm\u00e1nyzati int\u00e9zked\u00e9s. Febru\u00e1rban nyolcvanezer k\u00f6zmunk\u00e1st tartottak nyilv\u00e1n, t\u00f6bb t\u00edzezer [&hellip;]<\/p>\n","protected":false},"author":1,"featured_media":4904,"comment_status":"open","ping_status":"open","sticky":false,"template":"","format":"standard","meta":{"_monsterinsights_skip_tracking":false,"footnotes":""},"categories":[200],"tags":[],"class_list":["post-5546","post","type-post","status-publish","format-standard","has-post-thumbnail","hentry","category-munkaeropiac"],"aioseo_notices":[],"aioseo_head":"\n\t\t<!-- All in One SEO 5.0.0.1 - aioseo.com -->\n\t<meta name=\"description\" content=\"A 2017 \u00f3ta fokoz\u00f3d\u00f3 munkaer\u0151hi\u00e1ny miatt az els\u0151dleges munkaer\u0151piacon szinte mindenki el tud ma m\u00e1r helyezkedni. Az elm\u00falt \u00f6t \u00e9vben t\u00f6bb mint 120 ezer f\u0151vel cs\u00f6kkent a k\u00f6zfoglalkoztat\u00e1sban dolgoz\u00f3k sz\u00e1ma. Az elm\u00falt \u00e9vekben fokozatosan vesz\u00edtett jelent\u0151s\u00e9g\u00e9b\u0151l a k\u00f6zfoglalkoztat\u00e1s, mint a munkan\u00e9lk\u00fclis\u00e9g eredm\u00e9nyes kezel\u00e9s\u00e9re hozott egyik kor\u00e1bbi korm\u00e1nyzati int\u00e9zked\u00e9s. Febru\u00e1rban nyolcvanezer k\u00f6zmunk\u00e1st tartottak nyilv\u00e1n, t\u00f6bb t\u00edzezer\" \/>\n\t<meta name=\"robots\" content=\"max-image-preview:large\" \/>\n\t<meta name=\"author\" content=\"Juh\u00e1sz P\u00e9ter\"\/>\n\t<link rel=\"canonical\" href=\"https:\/\/allasorias.hu\/hirek\/ma-mar-mindenki-el-tud-helyezkedni\/\" \/>\n\t<meta name=\"generator\" content=\"All in One SEO (AIOSEO) 5.0.0.1\" \/>\n\t\t<meta property=\"og:locale\" content=\"hu_HU\" \/>\n\t\t<meta property=\"og:site_name\" content=\"AllasOrias.hu | H\u00edrek-lapszemle | \u00dczleti h\u00edrek az \u00e1ll\u00e1s \u00e9s a munka vil\u00e1g\u00e1b\u00f3l\" \/>\n\t\t<meta property=\"og:type\" content=\"article\" \/>\n\t\t<meta property=\"og:title\" content=\"Ma m\u00e1r mindenki el tud helyezkedni ? | AllasOrias.hu | H\u00edrek-lapszemle\" \/>\n\t\t<meta property=\"og:description\" content=\"A 2017 \u00f3ta fokoz\u00f3d\u00f3 munkaer\u0151hi\u00e1ny miatt az els\u0151dleges munkaer\u0151piacon szinte mindenki el tud ma m\u00e1r helyezkedni. Az elm\u00falt \u00f6t \u00e9vben t\u00f6bb mint 120 ezer f\u0151vel cs\u00f6kkent a k\u00f6zfoglalkoztat\u00e1sban dolgoz\u00f3k sz\u00e1ma. Az elm\u00falt \u00e9vekben fokozatosan vesz\u00edtett jelent\u0151s\u00e9g\u00e9b\u0151l a k\u00f6zfoglalkoztat\u00e1s, mint a munkan\u00e9lk\u00fclis\u00e9g eredm\u00e9nyes kezel\u00e9s\u00e9re hozott egyik kor\u00e1bbi korm\u00e1nyzati int\u00e9zked\u00e9s. Febru\u00e1rban nyolcvanezer k\u00f6zmunk\u00e1st tartottak nyilv\u00e1n, t\u00f6bb t\u00edzezer\" \/>\n\t\t<meta property=\"og:url\" content=\"https:\/\/allasorias.hu\/hirek\/ma-mar-mindenki-el-tud-helyezkedni\/\" \/>\n\t\t<meta property=\"og:image\" content=\"https:\/\/allasorias.hu\/hirek\/wp-content\/uploads\/2021\/07\/close-up-shoot-hands-shaking-front-car.jpg\" \/>\n\t\t<meta property=\"og:image:secure_url\" content=\"https:\/\/allasorias.hu\/hirek\/wp-content\/uploads\/2021\/07\/close-up-shoot-hands-shaking-front-car.jpg\" \/>\n\t\t<meta property=\"og:image:width\" content=\"1920\" \/>\n\t\t<meta property=\"og:image:height\" content=\"1282\" \/>\n\t\t<meta property=\"article:published_time\" content=\"2022-05-06T08:12:37+00:00\" \/>\n\t\t<meta property=\"article:modified_time\" content=\"2022-05-06T08:12:37+00:00\" \/>\n\t\t<meta property=\"article:publisher\" content=\"https:\/\/www.facebook.com\/allasorias\" \/>\n\t\t<meta name=\"twitter:card\" content=\"summary_large_image\" \/>\n\t\t<meta name=\"twitter:title\" content=\"Ma m\u00e1r mindenki el tud helyezkedni ? | AllasOrias.hu | H\u00edrek-lapszemle\" \/>\n\t\t<meta name=\"twitter:description\" content=\"A 2017 \u00f3ta fokoz\u00f3d\u00f3 munkaer\u0151hi\u00e1ny miatt az els\u0151dleges munkaer\u0151piacon szinte mindenki el tud ma m\u00e1r helyezkedni. Az elm\u00falt \u00f6t \u00e9vben t\u00f6bb mint 120 ezer f\u0151vel cs\u00f6kkent a k\u00f6zfoglalkoztat\u00e1sban dolgoz\u00f3k sz\u00e1ma. Az elm\u00falt \u00e9vekben fokozatosan vesz\u00edtett jelent\u0151s\u00e9g\u00e9b\u0151l a k\u00f6zfoglalkoztat\u00e1s, mint a munkan\u00e9lk\u00fclis\u00e9g eredm\u00e9nyes kezel\u00e9s\u00e9re hozott egyik kor\u00e1bbi korm\u00e1nyzati int\u00e9zked\u00e9s. Febru\u00e1rban nyolcvanezer k\u00f6zmunk\u00e1st tartottak nyilv\u00e1n, t\u00f6bb t\u00edzezer\" \/>\n\t\t<meta name=\"twitter:image\" content=\"https:\/\/allasorias.hu\/hirek\/wp-content\/uploads\/2021\/07\/close-up-shoot-hands-shaking-front-car.jpg\" \/>\n\t\t<meta name=\"twitter:label1\" content=\"Written by\" \/>\n\t\t<meta name=\"twitter:data1\" content=\"Juh\u00e1sz P\u00e9ter\" \/>\n\t\t<meta name=\"twitter:label2\" content=\"Est. reading time\" \/>\n\t\t<meta name=\"twitter:data2\" content=\"2 minutes\" \/>\n\t\t<script type=\"application\/ld+json\" class=\"aioseo-schema\">\n\t\t\t{\"@context\":\"https:\\\/\\\/schema.org\",\"@graph\":[{\"@type\":\"Article\",\"@id\":\"https:\\\/\\\/allasorias.hu\\\/hirek\\\/ma-mar-mindenki-el-tud-helyezkedni\\\/#article\",\"name\":\"Ma m\\u00e1r mindenki el tud helyezkedni ? | AllasOrias.hu | H\\u00edrek-lapszemle\",\"headline\":\"Ma m\\u00e1r mindenki el tud helyezkedni ?\",\"author\":{\"@id\":\"https:\\\/\\\/allasorias.hu\\\/hirek\\\/author\\\/admin-allasorias\\\/#author\"},\"publisher\":{\"@id\":\"https:\\\/\\\/allasorias.hu\\\/hirek\\\/#organization\"},\"image\":{\"@type\":\"ImageObject\",\"url\":\"https:\\\/\\\/allasorias.hu\\\/hirek\\\/wp-content\\\/uploads\\\/2021\\\/07\\\/close-up-shoot-hands-shaking-front-car.jpg\",\"width\":1920,\"height\":1282,\"caption\":\"Close-up shoot of the hands shaking in front of the car.\"},\"datePublished\":\"2022-05-06T08:12:37+02:00\",\"dateModified\":\"2022-05-06T08:12:37+02:00\",\"inLanguage\":\"hu-HU\",\"mainEntityOfPage\":{\"@id\":\"https:\\\/\\\/allasorias.hu\\\/hirek\\\/ma-mar-mindenki-el-tud-helyezkedni\\\/#webpage\"},\"isPartOf\":{\"@id\":\"https:\\\/\\\/allasorias.hu\\\/hirek\\\/ma-mar-mindenki-el-tud-helyezkedni\\\/#webpage\"},\"articleSection\":\"Munkaer\\u0151piac\"},{\"@type\":\"BreadcrumbList\",\"@id\":\"https:\\\/\\\/allasorias.hu\\\/hirek\\\/ma-mar-mindenki-el-tud-helyezkedni\\\/#breadcrumblist\",\"itemListElement\":[{\"@type\":\"ListItem\",\"@id\":\"https:\\\/\\\/allasorias.hu\\\/hirek#listItem\",\"position\":1,\"name\":\"Home\",\"item\":\"https:\\\/\\\/allasorias.hu\\\/hirek\",\"nextItem\":{\"@type\":\"ListItem\",\"@id\":\"https:\\\/\\\/allasorias.hu\\\/hirek\\\/temak\\\/munkaeropiac\\\/#listItem\",\"name\":\"Munkaer\\u0151piac\"}},{\"@type\":\"ListItem\",\"@id\":\"https:\\\/\\\/allasorias.hu\\\/hirek\\\/temak\\\/munkaeropiac\\\/#listItem\",\"position\":2,\"name\":\"Munkaer\\u0151piac\",\"item\":\"https:\\\/\\\/allasorias.hu\\\/hirek\\\/temak\\\/munkaeropiac\\\/\",\"nextItem\":{\"@type\":\"ListItem\",\"@id\":\"https:\\\/\\\/allasorias.hu\\\/hirek\\\/ma-mar-mindenki-el-tud-helyezkedni\\\/#listItem\",\"name\":\"Ma m\\u00e1r mindenki el tud helyezkedni ?\"},\"previousItem\":{\"@type\":\"ListItem\",\"@id\":\"https:\\\/\\\/allasorias.hu\\\/hirek#listItem\",\"name\":\"Home\"}},{\"@type\":\"ListItem\",\"@id\":\"https:\\\/\\\/allasorias.hu\\\/hirek\\\/ma-mar-mindenki-el-tud-helyezkedni\\\/#listItem\",\"position\":3,\"name\":\"Ma m\\u00e1r mindenki el tud helyezkedni ?\",\"previousItem\":{\"@type\":\"ListItem\",\"@id\":\"https:\\\/\\\/allasorias.hu\\\/hirek\\\/temak\\\/munkaeropiac\\\/#listItem\",\"name\":\"Munkaer\\u0151piac\"}}]},{\"@type\":\"Organization\",\"@id\":\"https:\\\/\\\/allasorias.hu\\\/hirek\\\/#organization\",\"name\":\"AllasOrias.hu | H\\u00edrek-lapszemle\",\"description\":\"\\u00dczleti h\\u00edrek az \\u00e1ll\\u00e1s \\u00e9s a munka vil\\u00e1g\\u00e1b\\u00f3l\",\"url\":\"https:\\\/\\\/allasorias.hu\\\/hirek\\\/\",\"logo\":{\"@type\":\"ImageObject\",\"url\":\"https:\\\/\\\/allasorias.hu\\\/hirek\\\/wp-content\\\/uploads\\\/2022\\\/10\\\/allasorias_site_facebok_logo.png\",\"@id\":\"https:\\\/\\\/allasorias.hu\\\/hirek\\\/ma-mar-mindenki-el-tud-helyezkedni\\\/#organizationLogo\"},\"image\":{\"@id\":\"https:\\\/\\\/allasorias.hu\\\/hirek\\\/ma-mar-mindenki-el-tud-helyezkedni\\\/#organizationLogo\"},\"sameAs\":[\"https:\\\/\\\/www.facebook.com\\\/allasorias\",\"https:\\\/\\\/www.linkedin.com\\\/company\\\/allasorias\"]},{\"@type\":\"Person\",\"@id\":\"https:\\\/\\\/allasorias.hu\\\/hirek\\\/author\\\/admin-allasorias\\\/#author\",\"url\":\"https:\\\/\\\/allasorias.hu\\\/hirek\\\/author\\\/admin-allasorias\\\/\",\"name\":\"Juh\\u00e1sz P\\u00e9ter\",\"image\":{\"@type\":\"ImageObject\",\"@id\":\"https:\\\/\\\/allasorias.hu\\\/hirek\\\/ma-mar-mindenki-el-tud-helyezkedni\\\/#authorImage\",\"url\":\"https:\\\/\\\/secure.gravatar.com\\\/avatar\\\/36e6bcb83148978b992977cb0f54d22feb0cce8a0a849a9410532bb2623ba4c6?s=96&d=mm&r=g\",\"width\":96,\"height\":96,\"caption\":\"Juh\\u00e1sz P\\u00e9ter\"}},{\"@type\":\"WebPage\",\"@id\":\"https:\\\/\\\/allasorias.hu\\\/hirek\\\/ma-mar-mindenki-el-tud-helyezkedni\\\/#webpage\",\"url\":\"https:\\\/\\\/allasorias.hu\\\/hirek\\\/ma-mar-mindenki-el-tud-helyezkedni\\\/\",\"name\":\"Ma m\\u00e1r mindenki el tud helyezkedni ? | AllasOrias.hu | H\\u00edrek-lapszemle\",\"description\":\"A 2017 \\u00f3ta fokoz\\u00f3d\\u00f3 munkaer\\u0151hi\\u00e1ny miatt az els\\u0151dleges munkaer\\u0151piacon szinte mindenki el tud ma m\\u00e1r helyezkedni. Az elm\\u00falt \\u00f6t \\u00e9vben t\\u00f6bb mint 120 ezer f\\u0151vel cs\\u00f6kkent a k\\u00f6zfoglalkoztat\\u00e1sban dolgoz\\u00f3k sz\\u00e1ma. Az elm\\u00falt \\u00e9vekben fokozatosan vesz\\u00edtett jelent\\u0151s\\u00e9g\\u00e9b\\u0151l a k\\u00f6zfoglalkoztat\\u00e1s, mint a munkan\\u00e9lk\\u00fclis\\u00e9g eredm\\u00e9nyes kezel\\u00e9s\\u00e9re hozott egyik kor\\u00e1bbi korm\\u00e1nyzati int\\u00e9zked\\u00e9s. Febru\\u00e1rban nyolcvanezer k\\u00f6zmunk\\u00e1st tartottak nyilv\\u00e1n, t\\u00f6bb t\\u00edzezer\",\"inLanguage\":\"hu-HU\",\"isPartOf\":{\"@id\":\"https:\\\/\\\/allasorias.hu\\\/hirek\\\/#website\"},\"breadcrumb\":{\"@id\":\"https:\\\/\\\/allasorias.hu\\\/hirek\\\/ma-mar-mindenki-el-tud-helyezkedni\\\/#breadcrumblist\"},\"author\":{\"@id\":\"https:\\\/\\\/allasorias.hu\\\/hirek\\\/author\\\/admin-allasorias\\\/#author\"},\"creator\":{\"@id\":\"https:\\\/\\\/allasorias.hu\\\/hirek\\\/author\\\/admin-allasorias\\\/#author\"},\"image\":{\"@type\":\"ImageObject\",\"url\":\"https:\\\/\\\/allasorias.hu\\\/hirek\\\/wp-content\\\/uploads\\\/2021\\\/07\\\/close-up-shoot-hands-shaking-front-car.jpg\",\"@id\":\"https:\\\/\\\/allasorias.hu\\\/hirek\\\/ma-mar-mindenki-el-tud-helyezkedni\\\/#mainImage\",\"width\":1920,\"height\":1282,\"caption\":\"Close-up shoot of the hands shaking in front of the car.\"},\"primaryImageOfPage\":{\"@id\":\"https:\\\/\\\/allasorias.hu\\\/hirek\\\/ma-mar-mindenki-el-tud-helyezkedni\\\/#mainImage\"},\"datePublished\":\"2022-05-06T08:12:37+02:00\",\"dateModified\":\"2022-05-06T08:12:37+02:00\"},{\"@type\":\"WebSite\",\"@id\":\"https:\\\/\\\/allasorias.hu\\\/hirek\\\/#website\",\"url\":\"https:\\\/\\\/allasorias.hu\\\/hirek\\\/\",\"name\":\"AllasOrias.hu | H\\u00edrek-lapszemle\",\"description\":\"\\u00dczleti h\\u00edrek az \\u00e1ll\\u00e1s \\u00e9s a munka vil\\u00e1g\\u00e1b\\u00f3l\",\"inLanguage\":\"hu-HU\",\"publisher\":{\"@id\":\"https:\\\/\\\/allasorias.hu\\\/hirek\\\/#organization\"}}]}\n\t\t<\/script>\n\t\t<!-- All in One SEO -->\n\n","aioseo_head_json":{"title":"Ma m\u00e1r mindenki el tud helyezkedni ? | AllasOrias.hu | H\u00edrek-lapszemle","description":"A 2017 \u00f3ta fokoz\u00f3d\u00f3 munkaer\u0151hi\u00e1ny miatt az els\u0151dleges munkaer\u0151piacon szinte mindenki el tud ma m\u00e1r helyezkedni. Az elm\u00falt \u00f6t \u00e9vben t\u00f6bb mint 120 ezer f\u0151vel cs\u00f6kkent a k\u00f6zfoglalkoztat\u00e1sban dolgoz\u00f3k sz\u00e1ma. Az elm\u00falt \u00e9vekben fokozatosan vesz\u00edtett jelent\u0151s\u00e9g\u00e9b\u0151l a k\u00f6zfoglalkoztat\u00e1s, mint a munkan\u00e9lk\u00fclis\u00e9g eredm\u00e9nyes kezel\u00e9s\u00e9re hozott egyik kor\u00e1bbi korm\u00e1nyzati int\u00e9zked\u00e9s. Febru\u00e1rban nyolcvanezer k\u00f6zmunk\u00e1st tartottak nyilv\u00e1n, t\u00f6bb t\u00edzezer","canonical_url":"https:\/\/allasorias.hu\/hirek\/ma-mar-mindenki-el-tud-helyezkedni\/","robots":"max-image-preview:large","keywords":"","webmasterTools":{"miscellaneous":""},"schema":{"@context":"https:\/\/schema.org","@graph":[{"@type":"Article","@id":"https:\/\/allasorias.hu\/hirek\/ma-mar-mindenki-el-tud-helyezkedni\/#article","name":"Ma m\u00e1r mindenki el tud helyezkedni ? | AllasOrias.hu | H\u00edrek-lapszemle","headline":"Ma m\u00e1r mindenki el tud helyezkedni ?","author":{"@id":"https:\/\/allasorias.hu\/hirek\/author\/admin-allasorias\/#author"},"publisher":{"@id":"https:\/\/allasorias.hu\/hirek\/#organization"},"image":{"@type":"ImageObject","url":"https:\/\/allasorias.hu\/hirek\/wp-content\/uploads\/2021\/07\/close-up-shoot-hands-shaking-front-car.jpg","width":1920,"height":1282,"caption":"Close-up shoot of the hands shaking in front of the car."},"datePublished":"2022-05-06T08:12:37+02:00","dateModified":"2022-05-06T08:12:37+02:00","inLanguage":"hu-HU","mainEntityOfPage":{"@id":"https:\/\/allasorias.hu\/hirek\/ma-mar-mindenki-el-tud-helyezkedni\/#webpage"},"isPartOf":{"@id":"https:\/\/allasorias.hu\/hirek\/ma-mar-mindenki-el-tud-helyezkedni\/#webpage"},"articleSection":"Munkaer\u0151piac"},{"@type":"BreadcrumbList","@id":"https:\/\/allasorias.hu\/hirek\/ma-mar-mindenki-el-tud-helyezkedni\/#breadcrumblist","itemListElement":[{"@type":"ListItem","@id":"https:\/\/allasorias.hu\/hirek#listItem","position":1,"name":"Home","item":"https:\/\/allasorias.hu\/hirek","nextItem":{"@type":"ListItem","@id":"https:\/\/allasorias.hu\/hirek\/temak\/munkaeropiac\/#listItem","name":"Munkaer\u0151piac"}},{"@type":"ListItem","@id":"https:\/\/allasorias.hu\/hirek\/temak\/munkaeropiac\/#listItem","position":2,"name":"Munkaer\u0151piac","item":"https:\/\/allasorias.hu\/hirek\/temak\/munkaeropiac\/","nextItem":{"@type":"ListItem","@id":"https:\/\/allasorias.hu\/hirek\/ma-mar-mindenki-el-tud-helyezkedni\/#listItem","name":"Ma m\u00e1r mindenki el tud helyezkedni ?"},"previousItem":{"@type":"ListItem","@id":"https:\/\/allasorias.hu\/hirek#listItem","name":"Home"}},{"@type":"ListItem","@id":"https:\/\/allasorias.hu\/hirek\/ma-mar-mindenki-el-tud-helyezkedni\/#listItem","position":3,"name":"Ma m\u00e1r mindenki el tud helyezkedni ?","previousItem":{"@type":"ListItem","@id":"https:\/\/allasorias.hu\/hirek\/temak\/munkaeropiac\/#listItem","name":"Munkaer\u0151piac"}}]},{"@type":"Organization","@id":"https:\/\/allasorias.hu\/hirek\/#organization","name":"AllasOrias.hu | H\u00edrek-lapszemle","description":"\u00dczleti h\u00edrek az \u00e1ll\u00e1s \u00e9s a munka vil\u00e1g\u00e1b\u00f3l","url":"https:\/\/allasorias.hu\/hirek\/","logo":{"@type":"ImageObject","url":"https:\/\/allasorias.hu\/hirek\/wp-content\/uploads\/2022\/10\/allasorias_site_facebok_logo.png","@id":"https:\/\/allasorias.hu\/hirek\/ma-mar-mindenki-el-tud-helyezkedni\/#organizationLogo"},"image":{"@id":"https:\/\/allasorias.hu\/hirek\/ma-mar-mindenki-el-tud-helyezkedni\/#organizationLogo"},"sameAs":["https:\/\/www.facebook.com\/allasorias","https:\/\/www.linkedin.com\/company\/allasorias"]},{"@type":"Person","@id":"https:\/\/allasorias.hu\/hirek\/author\/admin-allasorias\/#author","url":"https:\/\/allasorias.hu\/hirek\/author\/admin-allasorias\/","name":"Juh\u00e1sz P\u00e9ter","image":{"@type":"ImageObject","@id":"https:\/\/allasorias.hu\/hirek\/ma-mar-mindenki-el-tud-helyezkedni\/#authorImage","url":"https:\/\/secure.gravatar.com\/avatar\/36e6bcb83148978b992977cb0f54d22feb0cce8a0a849a9410532bb2623ba4c6?s=96&d=mm&r=g","width":96,"height":96,"caption":"Juh\u00e1sz P\u00e9ter"}},{"@type":"WebPage","@id":"https:\/\/allasorias.hu\/hirek\/ma-mar-mindenki-el-tud-helyezkedni\/#webpage","url":"https:\/\/allasorias.hu\/hirek\/ma-mar-mindenki-el-tud-helyezkedni\/","name":"Ma m\u00e1r mindenki el tud helyezkedni ? | AllasOrias.hu | H\u00edrek-lapszemle","description":"A 2017 \u00f3ta fokoz\u00f3d\u00f3 munkaer\u0151hi\u00e1ny miatt az els\u0151dleges munkaer\u0151piacon szinte mindenki el tud ma m\u00e1r helyezkedni. Az elm\u00falt \u00f6t \u00e9vben t\u00f6bb mint 120 ezer f\u0151vel cs\u00f6kkent a k\u00f6zfoglalkoztat\u00e1sban dolgoz\u00f3k sz\u00e1ma. Az elm\u00falt \u00e9vekben fokozatosan vesz\u00edtett jelent\u0151s\u00e9g\u00e9b\u0151l a k\u00f6zfoglalkoztat\u00e1s, mint a munkan\u00e9lk\u00fclis\u00e9g eredm\u00e9nyes kezel\u00e9s\u00e9re hozott egyik kor\u00e1bbi korm\u00e1nyzati int\u00e9zked\u00e9s. Febru\u00e1rban nyolcvanezer k\u00f6zmunk\u00e1st tartottak nyilv\u00e1n, t\u00f6bb t\u00edzezer","inLanguage":"hu-HU","isPartOf":{"@id":"https:\/\/allasorias.hu\/hirek\/#website"},"breadcrumb":{"@id":"https:\/\/allasorias.hu\/hirek\/ma-mar-mindenki-el-tud-helyezkedni\/#breadcrumblist"},"author":{"@id":"https:\/\/allasorias.hu\/hirek\/author\/admin-allasorias\/#author"},"creator":{"@id":"https:\/\/allasorias.hu\/hirek\/author\/admin-allasorias\/#author"},"image":{"@type":"ImageObject","url":"https:\/\/allasorias.hu\/hirek\/wp-content\/uploads\/2021\/07\/close-up-shoot-hands-shaking-front-car.jpg","@id":"https:\/\/allasorias.hu\/hirek\/ma-mar-mindenki-el-tud-helyezkedni\/#mainImage","width":1920,"height":1282,"caption":"Close-up shoot of the hands shaking in front of the car."},"primaryImageOfPage":{"@id":"https:\/\/allasorias.hu\/hirek\/ma-mar-mindenki-el-tud-helyezkedni\/#mainImage"},"datePublished":"2022-05-06T08:12:37+02:00","dateModified":"2022-05-06T08:12:37+02:00"},{"@type":"WebSite","@id":"https:\/\/allasorias.hu\/hirek\/#website","url":"https:\/\/allasorias.hu\/hirek\/","name":"AllasOrias.hu | H\u00edrek-lapszemle","description":"\u00dczleti h\u00edrek az \u00e1ll\u00e1s \u00e9s a munka vil\u00e1g\u00e1b\u00f3l","inLanguage":"hu-HU","publisher":{"@id":"https:\/\/allasorias.hu\/hirek\/#organization"}}]},"og:locale":"hu_HU","og:site_name":"AllasOrias.hu | H\u00edrek-lapszemle | \u00dczleti h\u00edrek az \u00e1ll\u00e1s \u00e9s a munka vil\u00e1g\u00e1b\u00f3l","og:type":"article","og:title":"Ma m\u00e1r mindenki el tud helyezkedni ? | AllasOrias.hu | H\u00edrek-lapszemle","og:description":"A 2017 \u00f3ta fokoz\u00f3d\u00f3 munkaer\u0151hi\u00e1ny miatt az els\u0151dleges munkaer\u0151piacon szinte mindenki el tud ma m\u00e1r helyezkedni. Az elm\u00falt \u00f6t \u00e9vben t\u00f6bb mint 120 ezer f\u0151vel cs\u00f6kkent a k\u00f6zfoglalkoztat\u00e1sban dolgoz\u00f3k sz\u00e1ma. Az elm\u00falt \u00e9vekben fokozatosan vesz\u00edtett jelent\u0151s\u00e9g\u00e9b\u0151l a k\u00f6zfoglalkoztat\u00e1s, mint a munkan\u00e9lk\u00fclis\u00e9g eredm\u00e9nyes kezel\u00e9s\u00e9re hozott egyik kor\u00e1bbi korm\u00e1nyzati int\u00e9zked\u00e9s. Febru\u00e1rban nyolcvanezer k\u00f6zmunk\u00e1st tartottak nyilv\u00e1n, t\u00f6bb t\u00edzezer","og:url":"https:\/\/allasorias.hu\/hirek\/ma-mar-mindenki-el-tud-helyezkedni\/","og:image":"https:\/\/allasorias.hu\/hirek\/wp-content\/uploads\/2021\/07\/close-up-shoot-hands-shaking-front-car.jpg","og:image:secure_url":"https:\/\/allasorias.hu\/hirek\/wp-content\/uploads\/2021\/07\/close-up-shoot-hands-shaking-front-car.jpg","og:image:width":1920,"og:image:height":1282,"article:published_time":"2022-05-06T08:12:37+00:00","article:modified_time":"2022-05-06T08:12:37+00:00","article:publisher":"https:\/\/www.facebook.com\/allasorias","twitter:card":"summary_large_image","twitter:title":"Ma m\u00e1r mindenki el tud helyezkedni ? | AllasOrias.hu | H\u00edrek-lapszemle","twitter:description":"A 2017 \u00f3ta fokoz\u00f3d\u00f3 munkaer\u0151hi\u00e1ny miatt az els\u0151dleges munkaer\u0151piacon szinte mindenki el tud ma m\u00e1r helyezkedni. Az elm\u00falt \u00f6t \u00e9vben t\u00f6bb mint 120 ezer f\u0151vel cs\u00f6kkent a k\u00f6zfoglalkoztat\u00e1sban dolgoz\u00f3k sz\u00e1ma. Az elm\u00falt \u00e9vekben fokozatosan vesz\u00edtett jelent\u0151s\u00e9g\u00e9b\u0151l a k\u00f6zfoglalkoztat\u00e1s, mint a munkan\u00e9lk\u00fclis\u00e9g eredm\u00e9nyes kezel\u00e9s\u00e9re hozott egyik kor\u00e1bbi korm\u00e1nyzati int\u00e9zked\u00e9s. Febru\u00e1rban nyolcvanezer k\u00f6zmunk\u00e1st tartottak nyilv\u00e1n, t\u00f6bb t\u00edzezer","twitter:image":"https:\/\/allasorias.hu\/hirek\/wp-content\/uploads\/2021\/07\/close-up-shoot-hands-shaking-front-car.jpg","twitter:label1":"Written by","twitter:data1":"Juh\u00e1sz P\u00e9ter","twitter:label2":"Est. reading time","twitter:data2":"2 minutes"},"aioseo_meta_data":{"post_id":"5546","title":null,"description":null,"keywords":[],"keyphrases":{"focus":{"keyphrase":"","score":0,"analysis":{"keyphraseInTitle":{"score":0,"maxScore":9,"error":1}}},"additional":[]},"primary_term":null,"canonical_url":null,"og_title":null,"og_description":null,"og_object_type":"default","og_image_type":"default","og_image_url":null,"og_image_width":null,"og_image_height":null,"og_image_custom_url":null,"og_image_custom_fields":null,"og_video":"","og_custom_url":null,"og_article_section":null,"og_article_tags":[],"twitter_use_og":false,"twitter_card":"default","twitter_image_type":"default","twitter_image_url":null,"twitter_image_custom_url":null,"twitter_image_custom_fields":null,"twitter_title":null,"twitter_description":null,"schema":{"blockGraphs":[],"customGraphs":[],"default":{"data":{"Article":[],"Course":[],"Dataset":[],"FAQPage":[],"Movie":[],"Person":[],"Product":[],"ProductReview":[],"Car":[],"Recipe":[],"Service":[],"SoftwareApplication":[],"WebPage":[]},"graphName":"","isEnabled":true},"graphs":[],"defaultGraph":"Article","defaultPostTypeGraph":""},"schema_type":"default","schema_type_options":"{\"article\":{\"articleType\":\"BlogPosting\"},\"course\":{\"name\":\"\",\"description\":\"\",\"provider\":\"\"},\"faq\":{\"pages\":[]},\"product\":{\"reviews\":[]},\"recipe\":{\"ingredients\":[],\"instructions\":[],\"keywords\":[]},\"software\":{\"reviews\":[],\"operatingSystems\":[]},\"webPage\":{\"webPageType\":\"WebPage\"}}","pillar_content":false,"robots_default":true,"robots_noindex":false,"robots_noarchive":false,"robots_nosnippet":false,"robots_nofollow":false,"robots_noimageindex":false,"robots_noodp":false,"robots_notranslate":false,"robots_max_snippet":"-1","robots_max_videopreview":"-1","robots_max_imagepreview":"large","priority":null,"frequency":"default","location":null,"local_seo":null,"breadcrumb_settings":null,"limit_modified_date":false,"ai":null,"created":"2022-05-06 08:11:59","updated":"2025-10-02 16:55:25","seo_analyzer_scan_date":null,"focus_keyword":null,"additional_keywords":null,"truseo_locale":null},"aioseo_breadcrumb":"<div class=\"aioseo-breadcrumbs\"><span class=\"aioseo-breadcrumb\">\n\t\t\t<a href=\"https:\/\/allasorias.hu\/hirek\" title=\"Home\">Home<\/a>\n\t\t<\/span><span class=\"aioseo-breadcrumb-separator\">&raquo;<\/span><span class=\"aioseo-breadcrumb\">\n\t\t\t<a href=\"https:\/\/allasorias.hu\/hirek\/temak\/munkaeropiac\/\" title=\"Munkaer\u0151piac\">Munkaer\u0151piac<\/a>\n\t\t<\/span><span class=\"aioseo-breadcrumb-separator\">&raquo;<\/span><span class=\"aioseo-breadcrumb\">\n\t\t\tMa m\u00e1r mindenki el tud helyezkedni ?\n\t\t<\/span><\/div>","aioseo_breadcrumb_json":[{"label":"Home","link":"https:\/\/allasorias.hu\/hirek"},{"label":"Munkaer\u0151piac","link":"https:\/\/allasorias.hu\/hirek\/temak\/munkaeropiac\/"},{"label":"Ma m\u00e1r mindenki el tud helyezkedni ?","link":"https:\/\/allasorias.hu\/hirek\/ma-mar-mindenki-el-tud-helyezkedni\/"}],"_links":{"self":[{"href":"https:\/\/allasorias.hu\/hirek\/wp-json\/wp\/v2\/posts\/5546","targetHints":{"allow":["GET"]}}],"collection":[{"href":"https:\/\/allasorias.hu\/hirek\/wp-json\/wp\/v2\/posts"}],"about":[{"href":"https:\/\/allasorias.hu\/hirek\/wp-json\/wp\/v2\/types\/post"}],"author":[{"embeddable":true,"href":"https:\/\/allasorias.hu\/hirek\/wp-json\/wp\/v2\/users\/1"}],"replies":[{"embeddable":true,"href":"https:\/\/allasorias.hu\/hirek\/wp-json\/wp\/v2\/comments?post=5546"}],"version-history":[{"count":1,"href":"https:\/\/allasorias.hu\/hirek\/wp-json\/wp\/v2\/posts\/5546\/revisions"}],"predecessor-version":[{"id":5547,"href":"https:\/\/allasorias.hu\/hirek\/wp-json\/wp\/v2\/posts\/5546\/revisions\/5547"}],"wp:featuredmedia":[{"embeddable":true,"href":"https:\/\/allasorias.hu\/hirek\/wp-json\/wp\/v2\/media\/4904"}],"wp:attachment":[{"href":"https:\/\/allasorias.hu\/hirek\/wp-json\/wp\/v2\/media?parent=5546"}],"wp:term":[{"taxonomy":"category","embeddable":true,"href":"https:\/\/allasorias.hu\/hirek\/wp-json\/wp\/v2\/categories?post=5546"},{"taxonomy":"post_tag","embeddable":true,"href":"https:\/\/allasorias.hu\/hirek\/wp-json\/wp\/v2\/tags?post=5546"}],"curies":[{"name":"wp","href":"https:\/\/api.w.org\/{rel}","templated":true}]}}