{"id":5540,"date":"2022-05-04T07:07:08","date_gmt":"2022-05-04T07:07:08","guid":{"rendered":"https:\/\/allasorias.hu\/hirek\/?p=5540"},"modified":"2022-05-04T07:07:08","modified_gmt":"2022-05-04T07:07:08","slug":"tobbszaz-dolgozot-kuldenek-el-a-tungsramtol","status":"publish","type":"post","link":"https:\/\/allasorias.hu\/hirek\/tobbszaz-dolgozot-kuldenek-el-a-tungsramtol\/","title":{"rendered":"T\u00f6bbsz\u00e1z dolgoz\u00f3t k\u00fcldenek el a Tungsramt\u00f3l"},"content":{"rendered":"<p><strong>A Tungsram vezet\u00e9se minden jel szerint h\u00f3napok \u00f3ta k\u00e9sz\u00fclt a nagyar\u00e1ny\u00fa le\u00e9p\u00edt\u00e9sre. Ezer \u00e1ll\u00e1shelyet aj\u00e1nl fel a F\u0151v\u00e1ros annak a 400 embernek, akit a Tungsram az \u00e9v v\u00e9g\u00e9ig bocs\u00e1t el budapesti gy\u00e1r\u00e1b\u00f3l. Ezt Kiss Ambrus f\u0151polg\u00e1rmester-helyettes jelentette be\u00a0 \u00fajpesti sajt\u00f3t\u00e1j\u00e9koztat\u00f3n. Az esem\u00e9nyre azut\u00e1n ker\u00fclt sor, hogy D\u00e9ri Tibor a IV. ker\u00fclet momentumos polg\u00e1rmestere egyeztet\u00e9st folytatott a Tungsram Csoport igazgat\u00f3j\u00e1val, J\u00f6rg Bauerral, Sallai G\u00e1borral, a Tungsram dolgoz\u00f3k f\u00fcggetlen szakszervezet\u00e9nek vezet\u0151j\u00e9vel, valamint Varju L\u00e1szl\u00f3 (DK), Bark\u00f3czi Bal\u00e1zs (DK) \u00e9s Kan\u00e1sz- Nagy M\u00e1t\u00e9 (LMP) orsz\u00e1ggy\u0171l\u00e9si k\u00e9pvisel\u0151kkel. <\/strong><\/p>\n<p>D\u00e9ri szerint h\u00edvt\u00e1k \u00c9szak-Pest negyedik, fideszes k\u00e9pvisel\u0151j\u00e9t is, de Zsigmond Barna P\u00e1l nem \u00e9lt a lehet\u0151s\u00e9ggel. Kiss Ambrus k\u00e9rd\u00e9sre v\u00e1laszolva elmondta, az ezer munkahely a f\u0151v\u00e1rosi c\u00e9gekn\u00e9l l\u00e9v\u0151 bet\u00f6ltetlen \u00e1ll\u00e1shelyekb\u0151l j\u00f6n \u00f6ssze, egyebek k\u00f6zt a BKV-n\u00e1l, a V\u00edzm\u0171vekn\u00e9l \u00e9s a Gy\u00f3gyf\u00fcrd\u0151kn\u00e9l. Kiss szerint nem jelent jelent\u0151s t\u00f6bbletkiad\u00e1st az \u00faj munkav\u00e1llal\u00f3k felv\u00e9tele, mert elmond\u00e1sa szerint ezeket a munk\u00e1kat most is el kell v\u00e9gezni, \u00edgy jelenleg t\u00fal\u00f3r\u00e1kat fizetnek ezek a v\u00e1llaltok. Ezen k\u00edv\u00fcl \u00e1ll\u00e1sb\u00f6rz\u00e9t \u00e9s munkaer\u0151piaci seg\u00edts\u00e9get is \u00edg\u00e9rnek az elbocs\u00e1tand\u00f3 dolgoz\u00f3knak, ut\u00f3bbit olyanoknak, akik \u00e9vtizedek \u00f3ta a Tungsramn\u00e1l dolgoznak, ez\u00e9rt sz\u00e1mukra neh\u00e9zs\u00e9get okozhat az \u00e1ll\u00e1skeres\u00e9s, \u00f6n\u00e9letrajz \u00edr\u00e1s. A sajt\u00f3t\u00e1j\u00e9koztat\u00f3n a h\u00e1rom ellenz\u00e9ki orsz\u00e1ggy\u0171l\u00e9si k\u00e9pvisel\u0151 s\u00fcrgette a korm\u00e1nyt, hogy gondoskodjon az elbocs\u00e1tottakr\u00f3l, Varju L\u00e1szl\u00f3 pedig kor\u00e1bban m\u00e1r ezir\u00e1ny\u00fa k\u00e9rd\u00e9ssel is fordult Palkovics L\u00e1szl\u00f3 innov\u00e1ci\u00f3s \u00e9s technol\u00f3giai miniszterhez, v\u00e1laszt azonban a korm\u00e1nyv\u00e1lt\u00e1sra hivatkozva nem kapott. \u00c1prilis 26-\u00e1n jelentette be a Tungsram Csoport, hogy \u00f6t hazai gy\u00e1r\u00e1b\u00f3l \u00e9v v\u00e9g\u00e9ig elbocs\u00e1t 1600, f\u0151k\u00e9nt a hagyom\u00e1nyos izz\u00f3k gy\u00e1rt\u00e1s\u00e1ban r\u00e9szt vev\u0151, illetve irodai dolgoz\u00f3t. A c\u00e9g k\u00f6zlem\u00e9nye szerint a le\u00e9p\u00edt\u00e9ssel \u00e9s \u00e1tszervez\u00e9ssel a megmarad\u00f3 \u00fczlet\u00e1gakban 1500 munkahelyet tudnak megtartani. A Tungsram vezet\u00e9se minden jel szerint h\u00f3napok \u00f3ta k\u00e9sz\u00fclt a nagyar\u00e1ny\u00fa le\u00e9p\u00edt\u00e9sre, id\u00e9n febru\u00e1rban a munkav\u00e1llal\u00f3kat elbocs\u00e1t\u00e1s eset\u00e9n h\u00e1tr\u00e1nyosabban \u00e9rint\u0151 m\u00f3don v\u00e1ltoztatta meg a kollekt\u00edv szerz\u0151d\u00e9st. Ezt a szakszervezetek nem fogadt\u00e1k el, de sokra nem mentek vele, a Tungsram a kir\u00fagottakat a kor\u00e1bbi nagyvonal\u00fabb felt\u00e9telek helyett csak a Munka T\u00f6rv\u00e9nyk\u00f6nyve alapj\u00e1n kompenz\u00e1lja.A 125 \u00e9ves v\u00e1llalatot a rendszerv\u00e1lt\u00e1s idej\u00e9n az amerikai General Electric (GE) vette meg, majd 2018-ban adta el a jelenlegi tulajdonosnak, a GE kor\u00e1bbi magyarorsz\u00e1gi igazgat\u00f3j\u00e1nak, J\u00f6rg Bauer-nek.<\/p>\n<p>Forr\u00e1s: nepszava.hu<\/p>\n<p>&nbsp;<\/p>\n","protected":false},"excerpt":{"rendered":"<p>A Tungsram vezet\u00e9se minden jel szerint h\u00f3napok \u00f3ta k\u00e9sz\u00fclt a nagyar\u00e1ny\u00fa le\u00e9p\u00edt\u00e9sre. Ezer \u00e1ll\u00e1shelyet aj\u00e1nl fel a F\u0151v\u00e1ros annak a 400 embernek, akit a Tungsram az \u00e9v v\u00e9g\u00e9ig bocs\u00e1t el budapesti gy\u00e1r\u00e1b\u00f3l. Ezt Kiss Ambrus f\u0151polg\u00e1rmester-helyettes jelentette be\u00a0 \u00fajpesti sajt\u00f3t\u00e1j\u00e9koztat\u00f3n. Az esem\u00e9nyre azut\u00e1n ker\u00fclt sor, hogy D\u00e9ri Tibor a IV. ker\u00fclet momentumos polg\u00e1rmestere egyeztet\u00e9st folytatott [&hellip;]<\/p>\n","protected":false},"author":1,"featured_media":5541,"comment_status":"open","ping_status":"open","sticky":false,"template":"","format":"standard","meta":{"_monsterinsights_skip_tracking":false,"footnotes":""},"categories":[200],"tags":[],"class_list":["post-5540","post","type-post","status-publish","format-standard","has-post-thumbnail","hentry","category-munkaeropiac"],"aioseo_notices":[],"aioseo_head":"\n\t\t<!-- All in One SEO 5.0.0.1 - aioseo.com -->\n\t<meta name=\"description\" content=\"A Tungsram vezet\u00e9se minden jel szerint h\u00f3napok \u00f3ta k\u00e9sz\u00fclt a nagyar\u00e1ny\u00fa le\u00e9p\u00edt\u00e9sre. Ezer \u00e1ll\u00e1shelyet aj\u00e1nl fel a F\u0151v\u00e1ros annak a 400 embernek, akit a Tungsram az \u00e9v v\u00e9g\u00e9ig bocs\u00e1t el budapesti gy\u00e1r\u00e1b\u00f3l. Ezt Kiss Ambrus f\u0151polg\u00e1rmester-helyettes jelentette be \u00fajpesti sajt\u00f3t\u00e1j\u00e9koztat\u00f3n. Az esem\u00e9nyre azut\u00e1n ker\u00fclt sor, hogy D\u00e9ri Tibor a IV. ker\u00fclet momentumos polg\u00e1rmestere egyeztet\u00e9st folytatott\" \/>\n\t<meta name=\"robots\" content=\"max-image-preview:large\" \/>\n\t<meta name=\"author\" content=\"Juh\u00e1sz P\u00e9ter\"\/>\n\t<link rel=\"canonical\" href=\"https:\/\/allasorias.hu\/hirek\/tobbszaz-dolgozot-kuldenek-el-a-tungsramtol\/\" \/>\n\t<meta name=\"generator\" content=\"All in One SEO (AIOSEO) 5.0.0.1\" \/>\n\t\t<meta property=\"og:locale\" content=\"hu_HU\" \/>\n\t\t<meta property=\"og:site_name\" content=\"AllasOrias.hu | H\u00edrek-lapszemle | \u00dczleti h\u00edrek az \u00e1ll\u00e1s \u00e9s a munka vil\u00e1g\u00e1b\u00f3l\" \/>\n\t\t<meta property=\"og:type\" content=\"article\" \/>\n\t\t<meta property=\"og:title\" content=\"T\u00f6bbsz\u00e1z dolgoz\u00f3t k\u00fcldenek el a Tungsramt\u00f3l | AllasOrias.hu | H\u00edrek-lapszemle\" \/>\n\t\t<meta property=\"og:description\" content=\"A Tungsram vezet\u00e9se minden jel szerint h\u00f3napok \u00f3ta k\u00e9sz\u00fclt a nagyar\u00e1ny\u00fa le\u00e9p\u00edt\u00e9sre. Ezer \u00e1ll\u00e1shelyet aj\u00e1nl fel a F\u0151v\u00e1ros annak a 400 embernek, akit a Tungsram az \u00e9v v\u00e9g\u00e9ig bocs\u00e1t el budapesti gy\u00e1r\u00e1b\u00f3l. Ezt Kiss Ambrus f\u0151polg\u00e1rmester-helyettes jelentette be \u00fajpesti sajt\u00f3t\u00e1j\u00e9koztat\u00f3n. Az esem\u00e9nyre azut\u00e1n ker\u00fclt sor, hogy D\u00e9ri Tibor a IV. ker\u00fclet momentumos polg\u00e1rmestere egyeztet\u00e9st folytatott\" \/>\n\t\t<meta property=\"og:url\" content=\"https:\/\/allasorias.hu\/hirek\/tobbszaz-dolgozot-kuldenek-el-a-tungsramtol\/\" \/>\n\t\t<meta property=\"og:image\" content=\"https:\/\/allasorias.hu\/hirek\/wp-content\/uploads\/2022\/05\/hand-employer-filing-final-remuneration-after-employee-write-document-letter-resignation-resign-concept.jpg\" \/>\n\t\t<meta property=\"og:image:secure_url\" content=\"https:\/\/allasorias.hu\/hirek\/wp-content\/uploads\/2022\/05\/hand-employer-filing-final-remuneration-after-employee-write-document-letter-resignation-resign-concept.jpg\" \/>\n\t\t<meta property=\"og:image:width\" content=\"1000\" \/>\n\t\t<meta property=\"og:image:height\" content=\"627\" \/>\n\t\t<meta property=\"article:published_time\" content=\"2022-05-04T07:07:08+00:00\" \/>\n\t\t<meta property=\"article:modified_time\" content=\"2022-05-04T07:07:08+00:00\" \/>\n\t\t<meta property=\"article:publisher\" content=\"https:\/\/www.facebook.com\/allasorias\" \/>\n\t\t<meta name=\"twitter:card\" content=\"summary_large_image\" \/>\n\t\t<meta name=\"twitter:title\" content=\"T\u00f6bbsz\u00e1z dolgoz\u00f3t k\u00fcldenek el a Tungsramt\u00f3l | AllasOrias.hu | H\u00edrek-lapszemle\" \/>\n\t\t<meta name=\"twitter:description\" content=\"A Tungsram vezet\u00e9se minden jel szerint h\u00f3napok \u00f3ta k\u00e9sz\u00fclt a nagyar\u00e1ny\u00fa le\u00e9p\u00edt\u00e9sre. Ezer \u00e1ll\u00e1shelyet aj\u00e1nl fel a F\u0151v\u00e1ros annak a 400 embernek, akit a Tungsram az \u00e9v v\u00e9g\u00e9ig bocs\u00e1t el budapesti gy\u00e1r\u00e1b\u00f3l. Ezt Kiss Ambrus f\u0151polg\u00e1rmester-helyettes jelentette be \u00fajpesti sajt\u00f3t\u00e1j\u00e9koztat\u00f3n. Az esem\u00e9nyre azut\u00e1n ker\u00fclt sor, hogy D\u00e9ri Tibor a IV. ker\u00fclet momentumos polg\u00e1rmestere egyeztet\u00e9st folytatott\" \/>\n\t\t<meta name=\"twitter:image\" content=\"https:\/\/allasorias.hu\/hirek\/wp-content\/uploads\/2022\/05\/hand-employer-filing-final-remuneration-after-employee-write-document-letter-resignation-resign-concept.jpg\" \/>\n\t\t<meta name=\"twitter:label1\" content=\"Written by\" \/>\n\t\t<meta name=\"twitter:data1\" content=\"Juh\u00e1sz P\u00e9ter\" \/>\n\t\t<meta name=\"twitter:label2\" content=\"Est. reading time\" \/>\n\t\t<meta name=\"twitter:data2\" content=\"3 minutes\" \/>\n\t\t<script type=\"application\/ld+json\" class=\"aioseo-schema\">\n\t\t\t{\"@context\":\"https:\\\/\\\/schema.org\",\"@graph\":[{\"@type\":\"Article\",\"@id\":\"https:\\\/\\\/allasorias.hu\\\/hirek\\\/tobbszaz-dolgozot-kuldenek-el-a-tungsramtol\\\/#article\",\"name\":\"T\\u00f6bbsz\\u00e1z dolgoz\\u00f3t k\\u00fcldenek el a Tungsramt\\u00f3l | AllasOrias.hu | H\\u00edrek-lapszemle\",\"headline\":\"T\\u00f6bbsz\\u00e1z dolgoz\\u00f3t k\\u00fcldenek el a Tungsramt\\u00f3l\",\"author\":{\"@id\":\"https:\\\/\\\/allasorias.hu\\\/hirek\\\/author\\\/admin-allasorias\\\/#author\"},\"publisher\":{\"@id\":\"https:\\\/\\\/allasorias.hu\\\/hirek\\\/#organization\"},\"image\":{\"@type\":\"ImageObject\",\"url\":\"https:\\\/\\\/allasorias.hu\\\/hirek\\\/wp-content\\\/uploads\\\/2022\\\/05\\\/hand-employer-filing-final-remuneration-after-employee-write-document-letter-resignation-resign-concept.jpg\",\"width\":1000,\"height\":627,\"caption\":\"Hand of employer filing final remuneration after employee to write a document letter of resignation, resign concept.\"},\"datePublished\":\"2022-05-04T07:07:08+02:00\",\"dateModified\":\"2022-05-04T07:07:08+02:00\",\"inLanguage\":\"hu-HU\",\"mainEntityOfPage\":{\"@id\":\"https:\\\/\\\/allasorias.hu\\\/hirek\\\/tobbszaz-dolgozot-kuldenek-el-a-tungsramtol\\\/#webpage\"},\"isPartOf\":{\"@id\":\"https:\\\/\\\/allasorias.hu\\\/hirek\\\/tobbszaz-dolgozot-kuldenek-el-a-tungsramtol\\\/#webpage\"},\"articleSection\":\"Munkaer\\u0151piac\"},{\"@type\":\"BreadcrumbList\",\"@id\":\"https:\\\/\\\/allasorias.hu\\\/hirek\\\/tobbszaz-dolgozot-kuldenek-el-a-tungsramtol\\\/#breadcrumblist\",\"itemListElement\":[{\"@type\":\"ListItem\",\"@id\":\"https:\\\/\\\/allasorias.hu\\\/hirek#listItem\",\"position\":1,\"name\":\"Home\",\"item\":\"https:\\\/\\\/allasorias.hu\\\/hirek\",\"nextItem\":{\"@type\":\"ListItem\",\"@id\":\"https:\\\/\\\/allasorias.hu\\\/hirek\\\/temak\\\/munkaeropiac\\\/#listItem\",\"name\":\"Munkaer\\u0151piac\"}},{\"@type\":\"ListItem\",\"@id\":\"https:\\\/\\\/allasorias.hu\\\/hirek\\\/temak\\\/munkaeropiac\\\/#listItem\",\"position\":2,\"name\":\"Munkaer\\u0151piac\",\"item\":\"https:\\\/\\\/allasorias.hu\\\/hirek\\\/temak\\\/munkaeropiac\\\/\",\"nextItem\":{\"@type\":\"ListItem\",\"@id\":\"https:\\\/\\\/allasorias.hu\\\/hirek\\\/tobbszaz-dolgozot-kuldenek-el-a-tungsramtol\\\/#listItem\",\"name\":\"T\\u00f6bbsz\\u00e1z dolgoz\\u00f3t k\\u00fcldenek el a Tungsramt\\u00f3l\"},\"previousItem\":{\"@type\":\"ListItem\",\"@id\":\"https:\\\/\\\/allasorias.hu\\\/hirek#listItem\",\"name\":\"Home\"}},{\"@type\":\"ListItem\",\"@id\":\"https:\\\/\\\/allasorias.hu\\\/hirek\\\/tobbszaz-dolgozot-kuldenek-el-a-tungsramtol\\\/#listItem\",\"position\":3,\"name\":\"T\\u00f6bbsz\\u00e1z dolgoz\\u00f3t k\\u00fcldenek el a Tungsramt\\u00f3l\",\"previousItem\":{\"@type\":\"ListItem\",\"@id\":\"https:\\\/\\\/allasorias.hu\\\/hirek\\\/temak\\\/munkaeropiac\\\/#listItem\",\"name\":\"Munkaer\\u0151piac\"}}]},{\"@type\":\"Organization\",\"@id\":\"https:\\\/\\\/allasorias.hu\\\/hirek\\\/#organization\",\"name\":\"AllasOrias.hu | H\\u00edrek-lapszemle\",\"description\":\"\\u00dczleti h\\u00edrek az \\u00e1ll\\u00e1s \\u00e9s a munka vil\\u00e1g\\u00e1b\\u00f3l\",\"url\":\"https:\\\/\\\/allasorias.hu\\\/hirek\\\/\",\"logo\":{\"@type\":\"ImageObject\",\"url\":\"https:\\\/\\\/allasorias.hu\\\/hirek\\\/wp-content\\\/uploads\\\/2022\\\/10\\\/allasorias_site_facebok_logo.png\",\"@id\":\"https:\\\/\\\/allasorias.hu\\\/hirek\\\/tobbszaz-dolgozot-kuldenek-el-a-tungsramtol\\\/#organizationLogo\"},\"image\":{\"@id\":\"https:\\\/\\\/allasorias.hu\\\/hirek\\\/tobbszaz-dolgozot-kuldenek-el-a-tungsramtol\\\/#organizationLogo\"},\"sameAs\":[\"https:\\\/\\\/www.facebook.com\\\/allasorias\",\"https:\\\/\\\/www.linkedin.com\\\/company\\\/allasorias\"]},{\"@type\":\"Person\",\"@id\":\"https:\\\/\\\/allasorias.hu\\\/hirek\\\/author\\\/admin-allasorias\\\/#author\",\"url\":\"https:\\\/\\\/allasorias.hu\\\/hirek\\\/author\\\/admin-allasorias\\\/\",\"name\":\"Juh\\u00e1sz P\\u00e9ter\",\"image\":{\"@type\":\"ImageObject\",\"@id\":\"https:\\\/\\\/allasorias.hu\\\/hirek\\\/tobbszaz-dolgozot-kuldenek-el-a-tungsramtol\\\/#authorImage\",\"url\":\"https:\\\/\\\/secure.gravatar.com\\\/avatar\\\/36e6bcb83148978b992977cb0f54d22feb0cce8a0a849a9410532bb2623ba4c6?s=96&d=mm&r=g\",\"width\":96,\"height\":96,\"caption\":\"Juh\\u00e1sz P\\u00e9ter\"}},{\"@type\":\"WebPage\",\"@id\":\"https:\\\/\\\/allasorias.hu\\\/hirek\\\/tobbszaz-dolgozot-kuldenek-el-a-tungsramtol\\\/#webpage\",\"url\":\"https:\\\/\\\/allasorias.hu\\\/hirek\\\/tobbszaz-dolgozot-kuldenek-el-a-tungsramtol\\\/\",\"name\":\"T\\u00f6bbsz\\u00e1z dolgoz\\u00f3t k\\u00fcldenek el a Tungsramt\\u00f3l | AllasOrias.hu | H\\u00edrek-lapszemle\",\"description\":\"A Tungsram vezet\\u00e9se minden jel szerint h\\u00f3napok \\u00f3ta k\\u00e9sz\\u00fclt a nagyar\\u00e1ny\\u00fa le\\u00e9p\\u00edt\\u00e9sre. Ezer \\u00e1ll\\u00e1shelyet aj\\u00e1nl fel a F\\u0151v\\u00e1ros annak a 400 embernek, akit a Tungsram az \\u00e9v v\\u00e9g\\u00e9ig bocs\\u00e1t el budapesti gy\\u00e1r\\u00e1b\\u00f3l. Ezt Kiss Ambrus f\\u0151polg\\u00e1rmester-helyettes jelentette be \\u00fajpesti sajt\\u00f3t\\u00e1j\\u00e9koztat\\u00f3n. Az esem\\u00e9nyre azut\\u00e1n ker\\u00fclt sor, hogy D\\u00e9ri Tibor a IV. ker\\u00fclet momentumos polg\\u00e1rmestere egyeztet\\u00e9st folytatott\",\"inLanguage\":\"hu-HU\",\"isPartOf\":{\"@id\":\"https:\\\/\\\/allasorias.hu\\\/hirek\\\/#website\"},\"breadcrumb\":{\"@id\":\"https:\\\/\\\/allasorias.hu\\\/hirek\\\/tobbszaz-dolgozot-kuldenek-el-a-tungsramtol\\\/#breadcrumblist\"},\"author\":{\"@id\":\"https:\\\/\\\/allasorias.hu\\\/hirek\\\/author\\\/admin-allasorias\\\/#author\"},\"creator\":{\"@id\":\"https:\\\/\\\/allasorias.hu\\\/hirek\\\/author\\\/admin-allasorias\\\/#author\"},\"image\":{\"@type\":\"ImageObject\",\"url\":\"https:\\\/\\\/allasorias.hu\\\/hirek\\\/wp-content\\\/uploads\\\/2022\\\/05\\\/hand-employer-filing-final-remuneration-after-employee-write-document-letter-resignation-resign-concept.jpg\",\"@id\":\"https:\\\/\\\/allasorias.hu\\\/hirek\\\/tobbszaz-dolgozot-kuldenek-el-a-tungsramtol\\\/#mainImage\",\"width\":1000,\"height\":627,\"caption\":\"Hand of employer filing final remuneration after employee to write a document letter of resignation, resign concept.\"},\"primaryImageOfPage\":{\"@id\":\"https:\\\/\\\/allasorias.hu\\\/hirek\\\/tobbszaz-dolgozot-kuldenek-el-a-tungsramtol\\\/#mainImage\"},\"datePublished\":\"2022-05-04T07:07:08+02:00\",\"dateModified\":\"2022-05-04T07:07:08+02:00\"},{\"@type\":\"WebSite\",\"@id\":\"https:\\\/\\\/allasorias.hu\\\/hirek\\\/#website\",\"url\":\"https:\\\/\\\/allasorias.hu\\\/hirek\\\/\",\"name\":\"AllasOrias.hu | H\\u00edrek-lapszemle\",\"description\":\"\\u00dczleti h\\u00edrek az \\u00e1ll\\u00e1s \\u00e9s a munka vil\\u00e1g\\u00e1b\\u00f3l\",\"inLanguage\":\"hu-HU\",\"publisher\":{\"@id\":\"https:\\\/\\\/allasorias.hu\\\/hirek\\\/#organization\"}}]}\n\t\t<\/script>\n\t\t<!-- All in One SEO -->\n\n","aioseo_head_json":{"title":"T\u00f6bbsz\u00e1z dolgoz\u00f3t k\u00fcldenek el a Tungsramt\u00f3l | AllasOrias.hu | H\u00edrek-lapszemle","description":"A Tungsram vezet\u00e9se minden jel szerint h\u00f3napok \u00f3ta k\u00e9sz\u00fclt a nagyar\u00e1ny\u00fa le\u00e9p\u00edt\u00e9sre. Ezer \u00e1ll\u00e1shelyet aj\u00e1nl fel a F\u0151v\u00e1ros annak a 400 embernek, akit a Tungsram az \u00e9v v\u00e9g\u00e9ig bocs\u00e1t el budapesti gy\u00e1r\u00e1b\u00f3l. Ezt Kiss Ambrus f\u0151polg\u00e1rmester-helyettes jelentette be \u00fajpesti sajt\u00f3t\u00e1j\u00e9koztat\u00f3n. Az esem\u00e9nyre azut\u00e1n ker\u00fclt sor, hogy D\u00e9ri Tibor a IV. ker\u00fclet momentumos polg\u00e1rmestere egyeztet\u00e9st folytatott","canonical_url":"https:\/\/allasorias.hu\/hirek\/tobbszaz-dolgozot-kuldenek-el-a-tungsramtol\/","robots":"max-image-preview:large","keywords":"","webmasterTools":{"miscellaneous":""},"schema":{"@context":"https:\/\/schema.org","@graph":[{"@type":"Article","@id":"https:\/\/allasorias.hu\/hirek\/tobbszaz-dolgozot-kuldenek-el-a-tungsramtol\/#article","name":"T\u00f6bbsz\u00e1z dolgoz\u00f3t k\u00fcldenek el a Tungsramt\u00f3l | AllasOrias.hu | H\u00edrek-lapszemle","headline":"T\u00f6bbsz\u00e1z dolgoz\u00f3t k\u00fcldenek el a Tungsramt\u00f3l","author":{"@id":"https:\/\/allasorias.hu\/hirek\/author\/admin-allasorias\/#author"},"publisher":{"@id":"https:\/\/allasorias.hu\/hirek\/#organization"},"image":{"@type":"ImageObject","url":"https:\/\/allasorias.hu\/hirek\/wp-content\/uploads\/2022\/05\/hand-employer-filing-final-remuneration-after-employee-write-document-letter-resignation-resign-concept.jpg","width":1000,"height":627,"caption":"Hand of employer filing final remuneration after employee to write a document letter of resignation, resign concept."},"datePublished":"2022-05-04T07:07:08+02:00","dateModified":"2022-05-04T07:07:08+02:00","inLanguage":"hu-HU","mainEntityOfPage":{"@id":"https:\/\/allasorias.hu\/hirek\/tobbszaz-dolgozot-kuldenek-el-a-tungsramtol\/#webpage"},"isPartOf":{"@id":"https:\/\/allasorias.hu\/hirek\/tobbszaz-dolgozot-kuldenek-el-a-tungsramtol\/#webpage"},"articleSection":"Munkaer\u0151piac"},{"@type":"BreadcrumbList","@id":"https:\/\/allasorias.hu\/hirek\/tobbszaz-dolgozot-kuldenek-el-a-tungsramtol\/#breadcrumblist","itemListElement":[{"@type":"ListItem","@id":"https:\/\/allasorias.hu\/hirek#listItem","position":1,"name":"Home","item":"https:\/\/allasorias.hu\/hirek","nextItem":{"@type":"ListItem","@id":"https:\/\/allasorias.hu\/hirek\/temak\/munkaeropiac\/#listItem","name":"Munkaer\u0151piac"}},{"@type":"ListItem","@id":"https:\/\/allasorias.hu\/hirek\/temak\/munkaeropiac\/#listItem","position":2,"name":"Munkaer\u0151piac","item":"https:\/\/allasorias.hu\/hirek\/temak\/munkaeropiac\/","nextItem":{"@type":"ListItem","@id":"https:\/\/allasorias.hu\/hirek\/tobbszaz-dolgozot-kuldenek-el-a-tungsramtol\/#listItem","name":"T\u00f6bbsz\u00e1z dolgoz\u00f3t k\u00fcldenek el a Tungsramt\u00f3l"},"previousItem":{"@type":"ListItem","@id":"https:\/\/allasorias.hu\/hirek#listItem","name":"Home"}},{"@type":"ListItem","@id":"https:\/\/allasorias.hu\/hirek\/tobbszaz-dolgozot-kuldenek-el-a-tungsramtol\/#listItem","position":3,"name":"T\u00f6bbsz\u00e1z dolgoz\u00f3t k\u00fcldenek el a Tungsramt\u00f3l","previousItem":{"@type":"ListItem","@id":"https:\/\/allasorias.hu\/hirek\/temak\/munkaeropiac\/#listItem","name":"Munkaer\u0151piac"}}]},{"@type":"Organization","@id":"https:\/\/allasorias.hu\/hirek\/#organization","name":"AllasOrias.hu | H\u00edrek-lapszemle","description":"\u00dczleti h\u00edrek az \u00e1ll\u00e1s \u00e9s a munka vil\u00e1g\u00e1b\u00f3l","url":"https:\/\/allasorias.hu\/hirek\/","logo":{"@type":"ImageObject","url":"https:\/\/allasorias.hu\/hirek\/wp-content\/uploads\/2022\/10\/allasorias_site_facebok_logo.png","@id":"https:\/\/allasorias.hu\/hirek\/tobbszaz-dolgozot-kuldenek-el-a-tungsramtol\/#organizationLogo"},"image":{"@id":"https:\/\/allasorias.hu\/hirek\/tobbszaz-dolgozot-kuldenek-el-a-tungsramtol\/#organizationLogo"},"sameAs":["https:\/\/www.facebook.com\/allasorias","https:\/\/www.linkedin.com\/company\/allasorias"]},{"@type":"Person","@id":"https:\/\/allasorias.hu\/hirek\/author\/admin-allasorias\/#author","url":"https:\/\/allasorias.hu\/hirek\/author\/admin-allasorias\/","name":"Juh\u00e1sz P\u00e9ter","image":{"@type":"ImageObject","@id":"https:\/\/allasorias.hu\/hirek\/tobbszaz-dolgozot-kuldenek-el-a-tungsramtol\/#authorImage","url":"https:\/\/secure.gravatar.com\/avatar\/36e6bcb83148978b992977cb0f54d22feb0cce8a0a849a9410532bb2623ba4c6?s=96&d=mm&r=g","width":96,"height":96,"caption":"Juh\u00e1sz P\u00e9ter"}},{"@type":"WebPage","@id":"https:\/\/allasorias.hu\/hirek\/tobbszaz-dolgozot-kuldenek-el-a-tungsramtol\/#webpage","url":"https:\/\/allasorias.hu\/hirek\/tobbszaz-dolgozot-kuldenek-el-a-tungsramtol\/","name":"T\u00f6bbsz\u00e1z dolgoz\u00f3t k\u00fcldenek el a Tungsramt\u00f3l | AllasOrias.hu | H\u00edrek-lapszemle","description":"A Tungsram vezet\u00e9se minden jel szerint h\u00f3napok \u00f3ta k\u00e9sz\u00fclt a nagyar\u00e1ny\u00fa le\u00e9p\u00edt\u00e9sre. Ezer \u00e1ll\u00e1shelyet aj\u00e1nl fel a F\u0151v\u00e1ros annak a 400 embernek, akit a Tungsram az \u00e9v v\u00e9g\u00e9ig bocs\u00e1t el budapesti gy\u00e1r\u00e1b\u00f3l. Ezt Kiss Ambrus f\u0151polg\u00e1rmester-helyettes jelentette be \u00fajpesti sajt\u00f3t\u00e1j\u00e9koztat\u00f3n. Az esem\u00e9nyre azut\u00e1n ker\u00fclt sor, hogy D\u00e9ri Tibor a IV. ker\u00fclet momentumos polg\u00e1rmestere egyeztet\u00e9st folytatott","inLanguage":"hu-HU","isPartOf":{"@id":"https:\/\/allasorias.hu\/hirek\/#website"},"breadcrumb":{"@id":"https:\/\/allasorias.hu\/hirek\/tobbszaz-dolgozot-kuldenek-el-a-tungsramtol\/#breadcrumblist"},"author":{"@id":"https:\/\/allasorias.hu\/hirek\/author\/admin-allasorias\/#author"},"creator":{"@id":"https:\/\/allasorias.hu\/hirek\/author\/admin-allasorias\/#author"},"image":{"@type":"ImageObject","url":"https:\/\/allasorias.hu\/hirek\/wp-content\/uploads\/2022\/05\/hand-employer-filing-final-remuneration-after-employee-write-document-letter-resignation-resign-concept.jpg","@id":"https:\/\/allasorias.hu\/hirek\/tobbszaz-dolgozot-kuldenek-el-a-tungsramtol\/#mainImage","width":1000,"height":627,"caption":"Hand of employer filing final remuneration after employee to write a document letter of resignation, resign concept."},"primaryImageOfPage":{"@id":"https:\/\/allasorias.hu\/hirek\/tobbszaz-dolgozot-kuldenek-el-a-tungsramtol\/#mainImage"},"datePublished":"2022-05-04T07:07:08+02:00","dateModified":"2022-05-04T07:07:08+02:00"},{"@type":"WebSite","@id":"https:\/\/allasorias.hu\/hirek\/#website","url":"https:\/\/allasorias.hu\/hirek\/","name":"AllasOrias.hu | H\u00edrek-lapszemle","description":"\u00dczleti h\u00edrek az \u00e1ll\u00e1s \u00e9s a munka vil\u00e1g\u00e1b\u00f3l","inLanguage":"hu-HU","publisher":{"@id":"https:\/\/allasorias.hu\/hirek\/#organization"}}]},"og:locale":"hu_HU","og:site_name":"AllasOrias.hu | H\u00edrek-lapszemle | \u00dczleti h\u00edrek az \u00e1ll\u00e1s \u00e9s a munka vil\u00e1g\u00e1b\u00f3l","og:type":"article","og:title":"T\u00f6bbsz\u00e1z dolgoz\u00f3t k\u00fcldenek el a Tungsramt\u00f3l | AllasOrias.hu | H\u00edrek-lapszemle","og:description":"A Tungsram vezet\u00e9se minden jel szerint h\u00f3napok \u00f3ta k\u00e9sz\u00fclt a nagyar\u00e1ny\u00fa le\u00e9p\u00edt\u00e9sre. Ezer \u00e1ll\u00e1shelyet aj\u00e1nl fel a F\u0151v\u00e1ros annak a 400 embernek, akit a Tungsram az \u00e9v v\u00e9g\u00e9ig bocs\u00e1t el budapesti gy\u00e1r\u00e1b\u00f3l. Ezt Kiss Ambrus f\u0151polg\u00e1rmester-helyettes jelentette be \u00fajpesti sajt\u00f3t\u00e1j\u00e9koztat\u00f3n. Az esem\u00e9nyre azut\u00e1n ker\u00fclt sor, hogy D\u00e9ri Tibor a IV. ker\u00fclet momentumos polg\u00e1rmestere egyeztet\u00e9st folytatott","og:url":"https:\/\/allasorias.hu\/hirek\/tobbszaz-dolgozot-kuldenek-el-a-tungsramtol\/","og:image":"https:\/\/allasorias.hu\/hirek\/wp-content\/uploads\/2022\/05\/hand-employer-filing-final-remuneration-after-employee-write-document-letter-resignation-resign-concept.jpg","og:image:secure_url":"https:\/\/allasorias.hu\/hirek\/wp-content\/uploads\/2022\/05\/hand-employer-filing-final-remuneration-after-employee-write-document-letter-resignation-resign-concept.jpg","og:image:width":1000,"og:image:height":627,"article:published_time":"2022-05-04T07:07:08+00:00","article:modified_time":"2022-05-04T07:07:08+00:00","article:publisher":"https:\/\/www.facebook.com\/allasorias","twitter:card":"summary_large_image","twitter:title":"T\u00f6bbsz\u00e1z dolgoz\u00f3t k\u00fcldenek el a Tungsramt\u00f3l | AllasOrias.hu | H\u00edrek-lapszemle","twitter:description":"A Tungsram vezet\u00e9se minden jel szerint h\u00f3napok \u00f3ta k\u00e9sz\u00fclt a nagyar\u00e1ny\u00fa le\u00e9p\u00edt\u00e9sre. Ezer \u00e1ll\u00e1shelyet aj\u00e1nl fel a F\u0151v\u00e1ros annak a 400 embernek, akit a Tungsram az \u00e9v v\u00e9g\u00e9ig bocs\u00e1t el budapesti gy\u00e1r\u00e1b\u00f3l. Ezt Kiss Ambrus f\u0151polg\u00e1rmester-helyettes jelentette be \u00fajpesti sajt\u00f3t\u00e1j\u00e9koztat\u00f3n. Az esem\u00e9nyre azut\u00e1n ker\u00fclt sor, hogy D\u00e9ri Tibor a IV. ker\u00fclet momentumos polg\u00e1rmestere egyeztet\u00e9st folytatott","twitter:image":"https:\/\/allasorias.hu\/hirek\/wp-content\/uploads\/2022\/05\/hand-employer-filing-final-remuneration-after-employee-write-document-letter-resignation-resign-concept.jpg","twitter:label1":"Written by","twitter:data1":"Juh\u00e1sz P\u00e9ter","twitter:label2":"Est. reading time","twitter:data2":"3 minutes"},"aioseo_meta_data":{"post_id":"5540","title":null,"description":null,"keywords":[],"keyphrases":{"focus":{"keyphrase":"","score":0,"analysis":{"keyphraseInTitle":{"score":0,"maxScore":9,"error":1}}},"additional":[]},"primary_term":null,"canonical_url":null,"og_title":null,"og_description":null,"og_object_type":"default","og_image_type":"default","og_image_url":null,"og_image_width":null,"og_image_height":null,"og_image_custom_url":null,"og_image_custom_fields":null,"og_video":"","og_custom_url":null,"og_article_section":null,"og_article_tags":[],"twitter_use_og":false,"twitter_card":"default","twitter_image_type":"default","twitter_image_url":null,"twitter_image_custom_url":null,"twitter_image_custom_fields":null,"twitter_title":null,"twitter_description":null,"schema":{"blockGraphs":[],"customGraphs":[],"default":{"data":{"Article":[],"Course":[],"Dataset":[],"FAQPage":[],"Movie":[],"Person":[],"Product":[],"ProductReview":[],"Car":[],"Recipe":[],"Service":[],"SoftwareApplication":[],"WebPage":[]},"graphName":"","isEnabled":true},"graphs":[],"defaultGraph":"Article","defaultPostTypeGraph":""},"schema_type":"default","schema_type_options":"{\"article\":{\"articleType\":\"BlogPosting\"},\"course\":{\"name\":\"\",\"description\":\"\",\"provider\":\"\"},\"faq\":{\"pages\":[]},\"product\":{\"reviews\":[]},\"recipe\":{\"ingredients\":[],\"instructions\":[],\"keywords\":[]},\"software\":{\"reviews\":[],\"operatingSystems\":[]},\"webPage\":{\"webPageType\":\"WebPage\"}}","pillar_content":false,"robots_default":true,"robots_noindex":false,"robots_noarchive":false,"robots_nosnippet":false,"robots_nofollow":false,"robots_noimageindex":false,"robots_noodp":false,"robots_notranslate":false,"robots_max_snippet":"-1","robots_max_videopreview":"-1","robots_max_imagepreview":"large","priority":null,"frequency":"default","location":null,"local_seo":null,"breadcrumb_settings":null,"limit_modified_date":false,"ai":null,"created":"2022-05-04 07:00:25","updated":"2025-10-02 16:55:25","seo_analyzer_scan_date":null,"focus_keyword":null,"additional_keywords":null,"truseo_locale":null},"aioseo_breadcrumb":"<div class=\"aioseo-breadcrumbs\"><span class=\"aioseo-breadcrumb\">\n\t\t\t<a href=\"https:\/\/allasorias.hu\/hirek\" title=\"Home\">Home<\/a>\n\t\t<\/span><span class=\"aioseo-breadcrumb-separator\">&raquo;<\/span><span class=\"aioseo-breadcrumb\">\n\t\t\t<a href=\"https:\/\/allasorias.hu\/hirek\/temak\/munkaeropiac\/\" title=\"Munkaer\u0151piac\">Munkaer\u0151piac<\/a>\n\t\t<\/span><span class=\"aioseo-breadcrumb-separator\">&raquo;<\/span><span class=\"aioseo-breadcrumb\">\n\t\t\tT\u00f6bbsz\u00e1z dolgoz\u00f3t k\u00fcldenek el a Tungsramt\u00f3l\n\t\t<\/span><\/div>","aioseo_breadcrumb_json":[{"label":"Home","link":"https:\/\/allasorias.hu\/hirek"},{"label":"Munkaer\u0151piac","link":"https:\/\/allasorias.hu\/hirek\/temak\/munkaeropiac\/"},{"label":"T\u00f6bbsz\u00e1z dolgoz\u00f3t k\u00fcldenek el a Tungsramt\u00f3l","link":"https:\/\/allasorias.hu\/hirek\/tobbszaz-dolgozot-kuldenek-el-a-tungsramtol\/"}],"_links":{"self":[{"href":"https:\/\/allasorias.hu\/hirek\/wp-json\/wp\/v2\/posts\/5540","targetHints":{"allow":["GET"]}}],"collection":[{"href":"https:\/\/allasorias.hu\/hirek\/wp-json\/wp\/v2\/posts"}],"about":[{"href":"https:\/\/allasorias.hu\/hirek\/wp-json\/wp\/v2\/types\/post"}],"author":[{"embeddable":true,"href":"https:\/\/allasorias.hu\/hirek\/wp-json\/wp\/v2\/users\/1"}],"replies":[{"embeddable":true,"href":"https:\/\/allasorias.hu\/hirek\/wp-json\/wp\/v2\/comments?post=5540"}],"version-history":[{"count":1,"href":"https:\/\/allasorias.hu\/hirek\/wp-json\/wp\/v2\/posts\/5540\/revisions"}],"predecessor-version":[{"id":5542,"href":"https:\/\/allasorias.hu\/hirek\/wp-json\/wp\/v2\/posts\/5540\/revisions\/5542"}],"wp:featuredmedia":[{"embeddable":true,"href":"https:\/\/allasorias.hu\/hirek\/wp-json\/wp\/v2\/media\/5541"}],"wp:attachment":[{"href":"https:\/\/allasorias.hu\/hirek\/wp-json\/wp\/v2\/media?parent=5540"}],"wp:term":[{"taxonomy":"category","embeddable":true,"href":"https:\/\/allasorias.hu\/hirek\/wp-json\/wp\/v2\/categories?post=5540"},{"taxonomy":"post_tag","embeddable":true,"href":"https:\/\/allasorias.hu\/hirek\/wp-json\/wp\/v2\/tags?post=5540"}],"curies":[{"name":"wp","href":"https:\/\/api.w.org\/{rel}","templated":true}]}}