{"id":5538,"date":"2022-05-03T06:43:32","date_gmt":"2022-05-03T06:43:32","guid":{"rendered":"https:\/\/allasorias.hu\/hirek\/?p=5538"},"modified":"2022-05-03T06:43:32","modified_gmt":"2022-05-03T06:43:32","slug":"elerte-a-hatart-a-foglalkoztatottsag-hazankban","status":"publish","type":"post","link":"https:\/\/allasorias.hu\/hirek\/elerte-a-hatart-a-foglalkoztatottsag-hazankban\/","title":{"rendered":"El\u00e9rte a hat\u00e1rt a foglalkoztatotts\u00e1g haz\u00e1nkban"},"content":{"rendered":"<p><strong>Annak, hogy \u00f6tmilli\u00f3 foglalkoztatott legyen az orsz\u00e1gban, fizikai, pontosabban demogr\u00e1fiai akad\u00e1lyai vannak, ugyanis \u00e9vr\u0151l \u00e9vre egyre t\u00f6bben l\u00e9pnek ki a munkaer\u0151piacr\u00f3l, mint amennyien bel\u00e9pnek. Magyarorsz\u00e1gon a munkaer\u0151piac olyannyira besz\u0171k\u00fclt az \u00f6sszes statisztikai adat alapj\u00e1n, hogy szinte lehetetlen tov\u00e1bb n\u00f6velni a foglalkoztatottak sz\u00e1m\u00e1t &#8211; v\u00e9li Virov\u00e1cz P\u00e9ter, az ING Bank vezet\u0151 elemz\u0151je. <\/strong><\/p>\n<p>Az elm\u00falt h\u00f3napokban m\u00e1r 4,7 milli\u00f3s foglalkoztat\u00e1si adatot k\u00f6z\u00f6lt a K\u00f6zponti Statisztikai Hivatal, ebb\u0151l 4,5 milli\u00f3an az els\u0151dleges munkaer\u0151piacon dolgoztak, vagyis ebbe a sz\u00e1mba nem \u00e9rtend\u0151k bele a k\u00f6zfoglalkoztatottak \u00e9s a k\u00fclf\u00f6ld\u00f6n dolgoz\u00f3k. 4,5 milli\u00f3s \u00e9rt\u00e9kre utolj\u00e1ra a rendszerv\u00e1lt\u00e1s idej\u00e9n volt p\u00e9lda. Virov\u00e1cz P\u00e9ter, az ING Bank vezet\u0151 elemz\u0151je szerint a munkaer\u0151piac olyannyira besz\u0171k\u00fclt az \u00f6sszes statisztikai adat alapj\u00e1n, hogy szinte lehetetlen tov\u00e1bb n\u00f6velni a foglalkoztatottak sz\u00e1m\u00e1t.A koronav\u00edrus-j\u00e1rv\u00e1ny el\u0151tt a hazai munkan\u00e9lk\u00fclis\u00e9gi r\u00e1ta 3,2 sz\u00e1zal\u00e9k volt, most 3,6 sz\u00e1zal\u00e9k, teh\u00e1t a k\u00fcl\u00f6nbs\u00e9g szinte elhanyagolhat\u00f3. A potenci\u00e1lis munkaer\u0151-tartal\u00e9k 300 ezer f\u0151 k\u00f6r\u00fcli nagys\u00e1ga m\u00e1r a pand\u00e9mia el\u0151tti szinten alakul &#8211; mondta az elemz\u0151 a Vil\u00e1ggazdas\u00e1gnak. Felh\u00edvta a figyelmet ugyanakkor arra is, hogy m\u00edg \u00c9szak-Magyarorsz\u00e1gon 7 sz\u00e1zal\u00e9k a munkan\u00e9lk\u00fcliek ar\u00e1nya, addig Nyugat-Magyarorsz\u00e1gon 2 sz\u00e1zal\u00e9k alatti, vagyis ink\u00e1bb ezt a k\u00fcl\u00f6nbs\u00e9get kellene elt\u00fcntetni, mert m\u00e1r nem a foglalkoztatotts\u00e1g n\u00f6vel\u00e9se a legfontosabb, hanem hogy az orsz\u00e1gon bel\u00fcl min\u00e9l kiegyenl\u00edtettebb legyen. \u00c1tfog\u00f3 reformokkal lehetne elt\u00fcntetni ezeket a f\u00f6ldrajzi \u00e9s k\u00e9pzetts\u00e9gbeli differenci\u00e1kat.<\/p>\n<p>Forr\u00e1s: hrportal.hu<\/p>\n","protected":false},"excerpt":{"rendered":"<p>Annak, hogy \u00f6tmilli\u00f3 foglalkoztatott legyen az orsz\u00e1gban, fizikai, pontosabban demogr\u00e1fiai akad\u00e1lyai vannak, ugyanis \u00e9vr\u0151l \u00e9vre egyre t\u00f6bben l\u00e9pnek ki a munkaer\u0151piacr\u00f3l, mint amennyien bel\u00e9pnek. Magyarorsz\u00e1gon a munkaer\u0151piac olyannyira besz\u0171k\u00fclt az \u00f6sszes statisztikai adat alapj\u00e1n, hogy szinte lehetetlen tov\u00e1bb n\u00f6velni a foglalkoztatottak sz\u00e1m\u00e1t &#8211; v\u00e9li Virov\u00e1cz P\u00e9ter, az ING Bank vezet\u0151 elemz\u0151je. Az elm\u00falt h\u00f3napokban m\u00e1r [&hellip;]<\/p>\n","protected":false},"author":1,"featured_media":4950,"comment_status":"open","ping_status":"open","sticky":false,"template":"","format":"standard","meta":{"_monsterinsights_skip_tracking":false,"footnotes":""},"categories":[200],"tags":[],"class_list":["post-5538","post","type-post","status-publish","format-standard","has-post-thumbnail","hentry","category-munkaeropiac"],"aioseo_notices":[],"aioseo_head":"\n\t\t<!-- All in One SEO 5.0.0.1 - aioseo.com -->\n\t<meta name=\"description\" content=\"Annak, hogy \u00f6tmilli\u00f3 foglalkoztatott legyen az orsz\u00e1gban, fizikai, pontosabban demogr\u00e1fiai akad\u00e1lyai vannak, ugyanis \u00e9vr\u0151l \u00e9vre egyre t\u00f6bben l\u00e9pnek ki a munkaer\u0151piacr\u00f3l, mint amennyien bel\u00e9pnek. Magyarorsz\u00e1gon a munkaer\u0151piac olyannyira besz\u0171k\u00fclt az \u00f6sszes statisztikai adat alapj\u00e1n, hogy szinte lehetetlen tov\u00e1bb n\u00f6velni a foglalkoztatottak sz\u00e1m\u00e1t - v\u00e9li Virov\u00e1cz P\u00e9ter, az ING Bank vezet\u0151 elemz\u0151je. Az elm\u00falt h\u00f3napokban m\u00e1r\" \/>\n\t<meta name=\"robots\" content=\"max-image-preview:large\" \/>\n\t<meta name=\"author\" content=\"Juh\u00e1sz P\u00e9ter\"\/>\n\t<link rel=\"canonical\" href=\"https:\/\/allasorias.hu\/hirek\/elerte-a-hatart-a-foglalkoztatottsag-hazankban\/\" \/>\n\t<meta name=\"generator\" content=\"All in One SEO (AIOSEO) 5.0.0.1\" \/>\n\t\t<meta property=\"og:locale\" content=\"hu_HU\" \/>\n\t\t<meta property=\"og:site_name\" content=\"AllasOrias.hu | H\u00edrek-lapszemle | \u00dczleti h\u00edrek az \u00e1ll\u00e1s \u00e9s a munka vil\u00e1g\u00e1b\u00f3l\" \/>\n\t\t<meta property=\"og:type\" content=\"article\" \/>\n\t\t<meta property=\"og:title\" content=\"El\u00e9rte a hat\u00e1rt a foglalkoztatotts\u00e1g haz\u00e1nkban | AllasOrias.hu | H\u00edrek-lapszemle\" \/>\n\t\t<meta property=\"og:description\" content=\"Annak, hogy \u00f6tmilli\u00f3 foglalkoztatott legyen az orsz\u00e1gban, fizikai, pontosabban demogr\u00e1fiai akad\u00e1lyai vannak, ugyanis \u00e9vr\u0151l \u00e9vre egyre t\u00f6bben l\u00e9pnek ki a munkaer\u0151piacr\u00f3l, mint amennyien bel\u00e9pnek. Magyarorsz\u00e1gon a munkaer\u0151piac olyannyira besz\u0171k\u00fclt az \u00f6sszes statisztikai adat alapj\u00e1n, hogy szinte lehetetlen tov\u00e1bb n\u00f6velni a foglalkoztatottak sz\u00e1m\u00e1t - v\u00e9li Virov\u00e1cz P\u00e9ter, az ING Bank vezet\u0151 elemz\u0151je. Az elm\u00falt h\u00f3napokban m\u00e1r\" \/>\n\t\t<meta property=\"og:url\" content=\"https:\/\/allasorias.hu\/hirek\/elerte-a-hatart-a-foglalkoztatottsag-hazankban\/\" \/>\n\t\t<meta property=\"og:image\" content=\"https:\/\/allasorias.hu\/hirek\/wp-content\/uploads\/2021\/07\/graph.jpg\" \/>\n\t\t<meta property=\"og:image:secure_url\" content=\"https:\/\/allasorias.hu\/hirek\/wp-content\/uploads\/2021\/07\/graph.jpg\" \/>\n\t\t<meta property=\"og:image:width\" content=\"1920\" \/>\n\t\t<meta property=\"og:image:height\" content=\"1001\" \/>\n\t\t<meta property=\"article:published_time\" content=\"2022-05-03T06:43:32+00:00\" \/>\n\t\t<meta property=\"article:modified_time\" content=\"2022-05-03T06:43:32+00:00\" \/>\n\t\t<meta property=\"article:publisher\" content=\"https:\/\/www.facebook.com\/allasorias\" \/>\n\t\t<meta name=\"twitter:card\" content=\"summary_large_image\" \/>\n\t\t<meta name=\"twitter:title\" content=\"El\u00e9rte a hat\u00e1rt a foglalkoztatotts\u00e1g haz\u00e1nkban | AllasOrias.hu | H\u00edrek-lapszemle\" \/>\n\t\t<meta name=\"twitter:description\" content=\"Annak, hogy \u00f6tmilli\u00f3 foglalkoztatott legyen az orsz\u00e1gban, fizikai, pontosabban demogr\u00e1fiai akad\u00e1lyai vannak, ugyanis \u00e9vr\u0151l \u00e9vre egyre t\u00f6bben l\u00e9pnek ki a munkaer\u0151piacr\u00f3l, mint amennyien bel\u00e9pnek. Magyarorsz\u00e1gon a munkaer\u0151piac olyannyira besz\u0171k\u00fclt az \u00f6sszes statisztikai adat alapj\u00e1n, hogy szinte lehetetlen tov\u00e1bb n\u00f6velni a foglalkoztatottak sz\u00e1m\u00e1t - v\u00e9li Virov\u00e1cz P\u00e9ter, az ING Bank vezet\u0151 elemz\u0151je. Az elm\u00falt h\u00f3napokban m\u00e1r\" \/>\n\t\t<meta name=\"twitter:image\" content=\"https:\/\/allasorias.hu\/hirek\/wp-content\/uploads\/2021\/07\/graph.jpg\" \/>\n\t\t<meta name=\"twitter:label1\" content=\"Written by\" \/>\n\t\t<meta name=\"twitter:data1\" content=\"Juh\u00e1sz P\u00e9ter\" \/>\n\t\t<meta name=\"twitter:label2\" content=\"Est. reading time\" \/>\n\t\t<meta name=\"twitter:data2\" content=\"2 minutes\" \/>\n\t\t<script type=\"application\/ld+json\" class=\"aioseo-schema\">\n\t\t\t{\"@context\":\"https:\\\/\\\/schema.org\",\"@graph\":[{\"@type\":\"Article\",\"@id\":\"https:\\\/\\\/allasorias.hu\\\/hirek\\\/elerte-a-hatart-a-foglalkoztatottsag-hazankban\\\/#article\",\"name\":\"El\\u00e9rte a hat\\u00e1rt a foglalkoztatotts\\u00e1g haz\\u00e1nkban | AllasOrias.hu | H\\u00edrek-lapszemle\",\"headline\":\"El\\u00e9rte a hat\\u00e1rt a foglalkoztatotts\\u00e1g haz\\u00e1nkban\",\"author\":{\"@id\":\"https:\\\/\\\/allasorias.hu\\\/hirek\\\/author\\\/admin-allasorias\\\/#author\"},\"publisher\":{\"@id\":\"https:\\\/\\\/allasorias.hu\\\/hirek\\\/#organization\"},\"image\":{\"@type\":\"ImageObject\",\"url\":\"https:\\\/\\\/allasorias.hu\\\/hirek\\\/wp-content\\\/uploads\\\/2021\\\/07\\\/graph.jpg\",\"width\":1920,\"height\":1001,\"caption\":\"Business development to success and growing growth concept. Businessman pointing arrow graph corporate future growth plan\"},\"datePublished\":\"2022-05-03T06:43:32+02:00\",\"dateModified\":\"2022-05-03T06:43:32+02:00\",\"inLanguage\":\"hu-HU\",\"mainEntityOfPage\":{\"@id\":\"https:\\\/\\\/allasorias.hu\\\/hirek\\\/elerte-a-hatart-a-foglalkoztatottsag-hazankban\\\/#webpage\"},\"isPartOf\":{\"@id\":\"https:\\\/\\\/allasorias.hu\\\/hirek\\\/elerte-a-hatart-a-foglalkoztatottsag-hazankban\\\/#webpage\"},\"articleSection\":\"Munkaer\\u0151piac\"},{\"@type\":\"BreadcrumbList\",\"@id\":\"https:\\\/\\\/allasorias.hu\\\/hirek\\\/elerte-a-hatart-a-foglalkoztatottsag-hazankban\\\/#breadcrumblist\",\"itemListElement\":[{\"@type\":\"ListItem\",\"@id\":\"https:\\\/\\\/allasorias.hu\\\/hirek#listItem\",\"position\":1,\"name\":\"Home\",\"item\":\"https:\\\/\\\/allasorias.hu\\\/hirek\",\"nextItem\":{\"@type\":\"ListItem\",\"@id\":\"https:\\\/\\\/allasorias.hu\\\/hirek\\\/temak\\\/munkaeropiac\\\/#listItem\",\"name\":\"Munkaer\\u0151piac\"}},{\"@type\":\"ListItem\",\"@id\":\"https:\\\/\\\/allasorias.hu\\\/hirek\\\/temak\\\/munkaeropiac\\\/#listItem\",\"position\":2,\"name\":\"Munkaer\\u0151piac\",\"item\":\"https:\\\/\\\/allasorias.hu\\\/hirek\\\/temak\\\/munkaeropiac\\\/\",\"nextItem\":{\"@type\":\"ListItem\",\"@id\":\"https:\\\/\\\/allasorias.hu\\\/hirek\\\/elerte-a-hatart-a-foglalkoztatottsag-hazankban\\\/#listItem\",\"name\":\"El\\u00e9rte a hat\\u00e1rt a foglalkoztatotts\\u00e1g haz\\u00e1nkban\"},\"previousItem\":{\"@type\":\"ListItem\",\"@id\":\"https:\\\/\\\/allasorias.hu\\\/hirek#listItem\",\"name\":\"Home\"}},{\"@type\":\"ListItem\",\"@id\":\"https:\\\/\\\/allasorias.hu\\\/hirek\\\/elerte-a-hatart-a-foglalkoztatottsag-hazankban\\\/#listItem\",\"position\":3,\"name\":\"El\\u00e9rte a hat\\u00e1rt a foglalkoztatotts\\u00e1g haz\\u00e1nkban\",\"previousItem\":{\"@type\":\"ListItem\",\"@id\":\"https:\\\/\\\/allasorias.hu\\\/hirek\\\/temak\\\/munkaeropiac\\\/#listItem\",\"name\":\"Munkaer\\u0151piac\"}}]},{\"@type\":\"Organization\",\"@id\":\"https:\\\/\\\/allasorias.hu\\\/hirek\\\/#organization\",\"name\":\"AllasOrias.hu | H\\u00edrek-lapszemle\",\"description\":\"\\u00dczleti h\\u00edrek az \\u00e1ll\\u00e1s \\u00e9s a munka vil\\u00e1g\\u00e1b\\u00f3l\",\"url\":\"https:\\\/\\\/allasorias.hu\\\/hirek\\\/\",\"logo\":{\"@type\":\"ImageObject\",\"url\":\"https:\\\/\\\/allasorias.hu\\\/hirek\\\/wp-content\\\/uploads\\\/2022\\\/10\\\/allasorias_site_facebok_logo.png\",\"@id\":\"https:\\\/\\\/allasorias.hu\\\/hirek\\\/elerte-a-hatart-a-foglalkoztatottsag-hazankban\\\/#organizationLogo\"},\"image\":{\"@id\":\"https:\\\/\\\/allasorias.hu\\\/hirek\\\/elerte-a-hatart-a-foglalkoztatottsag-hazankban\\\/#organizationLogo\"},\"sameAs\":[\"https:\\\/\\\/www.facebook.com\\\/allasorias\",\"https:\\\/\\\/www.linkedin.com\\\/company\\\/allasorias\"]},{\"@type\":\"Person\",\"@id\":\"https:\\\/\\\/allasorias.hu\\\/hirek\\\/author\\\/admin-allasorias\\\/#author\",\"url\":\"https:\\\/\\\/allasorias.hu\\\/hirek\\\/author\\\/admin-allasorias\\\/\",\"name\":\"Juh\\u00e1sz P\\u00e9ter\",\"image\":{\"@type\":\"ImageObject\",\"@id\":\"https:\\\/\\\/allasorias.hu\\\/hirek\\\/elerte-a-hatart-a-foglalkoztatottsag-hazankban\\\/#authorImage\",\"url\":\"https:\\\/\\\/secure.gravatar.com\\\/avatar\\\/36e6bcb83148978b992977cb0f54d22feb0cce8a0a849a9410532bb2623ba4c6?s=96&d=mm&r=g\",\"width\":96,\"height\":96,\"caption\":\"Juh\\u00e1sz P\\u00e9ter\"}},{\"@type\":\"WebPage\",\"@id\":\"https:\\\/\\\/allasorias.hu\\\/hirek\\\/elerte-a-hatart-a-foglalkoztatottsag-hazankban\\\/#webpage\",\"url\":\"https:\\\/\\\/allasorias.hu\\\/hirek\\\/elerte-a-hatart-a-foglalkoztatottsag-hazankban\\\/\",\"name\":\"El\\u00e9rte a hat\\u00e1rt a foglalkoztatotts\\u00e1g haz\\u00e1nkban | AllasOrias.hu | H\\u00edrek-lapszemle\",\"description\":\"Annak, hogy \\u00f6tmilli\\u00f3 foglalkoztatott legyen az orsz\\u00e1gban, fizikai, pontosabban demogr\\u00e1fiai akad\\u00e1lyai vannak, ugyanis \\u00e9vr\\u0151l \\u00e9vre egyre t\\u00f6bben l\\u00e9pnek ki a munkaer\\u0151piacr\\u00f3l, mint amennyien bel\\u00e9pnek. Magyarorsz\\u00e1gon a munkaer\\u0151piac olyannyira besz\\u0171k\\u00fclt az \\u00f6sszes statisztikai adat alapj\\u00e1n, hogy szinte lehetetlen tov\\u00e1bb n\\u00f6velni a foglalkoztatottak sz\\u00e1m\\u00e1t - v\\u00e9li Virov\\u00e1cz P\\u00e9ter, az ING Bank vezet\\u0151 elemz\\u0151je. Az elm\\u00falt h\\u00f3napokban m\\u00e1r\",\"inLanguage\":\"hu-HU\",\"isPartOf\":{\"@id\":\"https:\\\/\\\/allasorias.hu\\\/hirek\\\/#website\"},\"breadcrumb\":{\"@id\":\"https:\\\/\\\/allasorias.hu\\\/hirek\\\/elerte-a-hatart-a-foglalkoztatottsag-hazankban\\\/#breadcrumblist\"},\"author\":{\"@id\":\"https:\\\/\\\/allasorias.hu\\\/hirek\\\/author\\\/admin-allasorias\\\/#author\"},\"creator\":{\"@id\":\"https:\\\/\\\/allasorias.hu\\\/hirek\\\/author\\\/admin-allasorias\\\/#author\"},\"image\":{\"@type\":\"ImageObject\",\"url\":\"https:\\\/\\\/allasorias.hu\\\/hirek\\\/wp-content\\\/uploads\\\/2021\\\/07\\\/graph.jpg\",\"@id\":\"https:\\\/\\\/allasorias.hu\\\/hirek\\\/elerte-a-hatart-a-foglalkoztatottsag-hazankban\\\/#mainImage\",\"width\":1920,\"height\":1001,\"caption\":\"Business development to success and growing growth concept. Businessman pointing arrow graph corporate future growth plan\"},\"primaryImageOfPage\":{\"@id\":\"https:\\\/\\\/allasorias.hu\\\/hirek\\\/elerte-a-hatart-a-foglalkoztatottsag-hazankban\\\/#mainImage\"},\"datePublished\":\"2022-05-03T06:43:32+02:00\",\"dateModified\":\"2022-05-03T06:43:32+02:00\"},{\"@type\":\"WebSite\",\"@id\":\"https:\\\/\\\/allasorias.hu\\\/hirek\\\/#website\",\"url\":\"https:\\\/\\\/allasorias.hu\\\/hirek\\\/\",\"name\":\"AllasOrias.hu | H\\u00edrek-lapszemle\",\"description\":\"\\u00dczleti h\\u00edrek az \\u00e1ll\\u00e1s \\u00e9s a munka vil\\u00e1g\\u00e1b\\u00f3l\",\"inLanguage\":\"hu-HU\",\"publisher\":{\"@id\":\"https:\\\/\\\/allasorias.hu\\\/hirek\\\/#organization\"}}]}\n\t\t<\/script>\n\t\t<!-- All in One SEO -->\n\n","aioseo_head_json":{"title":"El\u00e9rte a hat\u00e1rt a foglalkoztatotts\u00e1g haz\u00e1nkban | AllasOrias.hu | H\u00edrek-lapszemle","description":"Annak, hogy \u00f6tmilli\u00f3 foglalkoztatott legyen az orsz\u00e1gban, fizikai, pontosabban demogr\u00e1fiai akad\u00e1lyai vannak, ugyanis \u00e9vr\u0151l \u00e9vre egyre t\u00f6bben l\u00e9pnek ki a munkaer\u0151piacr\u00f3l, mint amennyien bel\u00e9pnek. Magyarorsz\u00e1gon a munkaer\u0151piac olyannyira besz\u0171k\u00fclt az \u00f6sszes statisztikai adat alapj\u00e1n, hogy szinte lehetetlen tov\u00e1bb n\u00f6velni a foglalkoztatottak sz\u00e1m\u00e1t - v\u00e9li Virov\u00e1cz P\u00e9ter, az ING Bank vezet\u0151 elemz\u0151je. Az elm\u00falt h\u00f3napokban m\u00e1r","canonical_url":"https:\/\/allasorias.hu\/hirek\/elerte-a-hatart-a-foglalkoztatottsag-hazankban\/","robots":"max-image-preview:large","keywords":"","webmasterTools":{"miscellaneous":""},"schema":{"@context":"https:\/\/schema.org","@graph":[{"@type":"Article","@id":"https:\/\/allasorias.hu\/hirek\/elerte-a-hatart-a-foglalkoztatottsag-hazankban\/#article","name":"El\u00e9rte a hat\u00e1rt a foglalkoztatotts\u00e1g haz\u00e1nkban | AllasOrias.hu | H\u00edrek-lapszemle","headline":"El\u00e9rte a hat\u00e1rt a foglalkoztatotts\u00e1g haz\u00e1nkban","author":{"@id":"https:\/\/allasorias.hu\/hirek\/author\/admin-allasorias\/#author"},"publisher":{"@id":"https:\/\/allasorias.hu\/hirek\/#organization"},"image":{"@type":"ImageObject","url":"https:\/\/allasorias.hu\/hirek\/wp-content\/uploads\/2021\/07\/graph.jpg","width":1920,"height":1001,"caption":"Business development to success and growing growth concept. Businessman pointing arrow graph corporate future growth plan"},"datePublished":"2022-05-03T06:43:32+02:00","dateModified":"2022-05-03T06:43:32+02:00","inLanguage":"hu-HU","mainEntityOfPage":{"@id":"https:\/\/allasorias.hu\/hirek\/elerte-a-hatart-a-foglalkoztatottsag-hazankban\/#webpage"},"isPartOf":{"@id":"https:\/\/allasorias.hu\/hirek\/elerte-a-hatart-a-foglalkoztatottsag-hazankban\/#webpage"},"articleSection":"Munkaer\u0151piac"},{"@type":"BreadcrumbList","@id":"https:\/\/allasorias.hu\/hirek\/elerte-a-hatart-a-foglalkoztatottsag-hazankban\/#breadcrumblist","itemListElement":[{"@type":"ListItem","@id":"https:\/\/allasorias.hu\/hirek#listItem","position":1,"name":"Home","item":"https:\/\/allasorias.hu\/hirek","nextItem":{"@type":"ListItem","@id":"https:\/\/allasorias.hu\/hirek\/temak\/munkaeropiac\/#listItem","name":"Munkaer\u0151piac"}},{"@type":"ListItem","@id":"https:\/\/allasorias.hu\/hirek\/temak\/munkaeropiac\/#listItem","position":2,"name":"Munkaer\u0151piac","item":"https:\/\/allasorias.hu\/hirek\/temak\/munkaeropiac\/","nextItem":{"@type":"ListItem","@id":"https:\/\/allasorias.hu\/hirek\/elerte-a-hatart-a-foglalkoztatottsag-hazankban\/#listItem","name":"El\u00e9rte a hat\u00e1rt a foglalkoztatotts\u00e1g haz\u00e1nkban"},"previousItem":{"@type":"ListItem","@id":"https:\/\/allasorias.hu\/hirek#listItem","name":"Home"}},{"@type":"ListItem","@id":"https:\/\/allasorias.hu\/hirek\/elerte-a-hatart-a-foglalkoztatottsag-hazankban\/#listItem","position":3,"name":"El\u00e9rte a hat\u00e1rt a foglalkoztatotts\u00e1g haz\u00e1nkban","previousItem":{"@type":"ListItem","@id":"https:\/\/allasorias.hu\/hirek\/temak\/munkaeropiac\/#listItem","name":"Munkaer\u0151piac"}}]},{"@type":"Organization","@id":"https:\/\/allasorias.hu\/hirek\/#organization","name":"AllasOrias.hu | H\u00edrek-lapszemle","description":"\u00dczleti h\u00edrek az \u00e1ll\u00e1s \u00e9s a munka vil\u00e1g\u00e1b\u00f3l","url":"https:\/\/allasorias.hu\/hirek\/","logo":{"@type":"ImageObject","url":"https:\/\/allasorias.hu\/hirek\/wp-content\/uploads\/2022\/10\/allasorias_site_facebok_logo.png","@id":"https:\/\/allasorias.hu\/hirek\/elerte-a-hatart-a-foglalkoztatottsag-hazankban\/#organizationLogo"},"image":{"@id":"https:\/\/allasorias.hu\/hirek\/elerte-a-hatart-a-foglalkoztatottsag-hazankban\/#organizationLogo"},"sameAs":["https:\/\/www.facebook.com\/allasorias","https:\/\/www.linkedin.com\/company\/allasorias"]},{"@type":"Person","@id":"https:\/\/allasorias.hu\/hirek\/author\/admin-allasorias\/#author","url":"https:\/\/allasorias.hu\/hirek\/author\/admin-allasorias\/","name":"Juh\u00e1sz P\u00e9ter","image":{"@type":"ImageObject","@id":"https:\/\/allasorias.hu\/hirek\/elerte-a-hatart-a-foglalkoztatottsag-hazankban\/#authorImage","url":"https:\/\/secure.gravatar.com\/avatar\/36e6bcb83148978b992977cb0f54d22feb0cce8a0a849a9410532bb2623ba4c6?s=96&d=mm&r=g","width":96,"height":96,"caption":"Juh\u00e1sz P\u00e9ter"}},{"@type":"WebPage","@id":"https:\/\/allasorias.hu\/hirek\/elerte-a-hatart-a-foglalkoztatottsag-hazankban\/#webpage","url":"https:\/\/allasorias.hu\/hirek\/elerte-a-hatart-a-foglalkoztatottsag-hazankban\/","name":"El\u00e9rte a hat\u00e1rt a foglalkoztatotts\u00e1g haz\u00e1nkban | AllasOrias.hu | H\u00edrek-lapszemle","description":"Annak, hogy \u00f6tmilli\u00f3 foglalkoztatott legyen az orsz\u00e1gban, fizikai, pontosabban demogr\u00e1fiai akad\u00e1lyai vannak, ugyanis \u00e9vr\u0151l \u00e9vre egyre t\u00f6bben l\u00e9pnek ki a munkaer\u0151piacr\u00f3l, mint amennyien bel\u00e9pnek. Magyarorsz\u00e1gon a munkaer\u0151piac olyannyira besz\u0171k\u00fclt az \u00f6sszes statisztikai adat alapj\u00e1n, hogy szinte lehetetlen tov\u00e1bb n\u00f6velni a foglalkoztatottak sz\u00e1m\u00e1t - v\u00e9li Virov\u00e1cz P\u00e9ter, az ING Bank vezet\u0151 elemz\u0151je. Az elm\u00falt h\u00f3napokban m\u00e1r","inLanguage":"hu-HU","isPartOf":{"@id":"https:\/\/allasorias.hu\/hirek\/#website"},"breadcrumb":{"@id":"https:\/\/allasorias.hu\/hirek\/elerte-a-hatart-a-foglalkoztatottsag-hazankban\/#breadcrumblist"},"author":{"@id":"https:\/\/allasorias.hu\/hirek\/author\/admin-allasorias\/#author"},"creator":{"@id":"https:\/\/allasorias.hu\/hirek\/author\/admin-allasorias\/#author"},"image":{"@type":"ImageObject","url":"https:\/\/allasorias.hu\/hirek\/wp-content\/uploads\/2021\/07\/graph.jpg","@id":"https:\/\/allasorias.hu\/hirek\/elerte-a-hatart-a-foglalkoztatottsag-hazankban\/#mainImage","width":1920,"height":1001,"caption":"Business development to success and growing growth concept. Businessman pointing arrow graph corporate future growth plan"},"primaryImageOfPage":{"@id":"https:\/\/allasorias.hu\/hirek\/elerte-a-hatart-a-foglalkoztatottsag-hazankban\/#mainImage"},"datePublished":"2022-05-03T06:43:32+02:00","dateModified":"2022-05-03T06:43:32+02:00"},{"@type":"WebSite","@id":"https:\/\/allasorias.hu\/hirek\/#website","url":"https:\/\/allasorias.hu\/hirek\/","name":"AllasOrias.hu | H\u00edrek-lapszemle","description":"\u00dczleti h\u00edrek az \u00e1ll\u00e1s \u00e9s a munka vil\u00e1g\u00e1b\u00f3l","inLanguage":"hu-HU","publisher":{"@id":"https:\/\/allasorias.hu\/hirek\/#organization"}}]},"og:locale":"hu_HU","og:site_name":"AllasOrias.hu | H\u00edrek-lapszemle | \u00dczleti h\u00edrek az \u00e1ll\u00e1s \u00e9s a munka vil\u00e1g\u00e1b\u00f3l","og:type":"article","og:title":"El\u00e9rte a hat\u00e1rt a foglalkoztatotts\u00e1g haz\u00e1nkban | AllasOrias.hu | H\u00edrek-lapszemle","og:description":"Annak, hogy \u00f6tmilli\u00f3 foglalkoztatott legyen az orsz\u00e1gban, fizikai, pontosabban demogr\u00e1fiai akad\u00e1lyai vannak, ugyanis \u00e9vr\u0151l \u00e9vre egyre t\u00f6bben l\u00e9pnek ki a munkaer\u0151piacr\u00f3l, mint amennyien bel\u00e9pnek. Magyarorsz\u00e1gon a munkaer\u0151piac olyannyira besz\u0171k\u00fclt az \u00f6sszes statisztikai adat alapj\u00e1n, hogy szinte lehetetlen tov\u00e1bb n\u00f6velni a foglalkoztatottak sz\u00e1m\u00e1t - v\u00e9li Virov\u00e1cz P\u00e9ter, az ING Bank vezet\u0151 elemz\u0151je. Az elm\u00falt h\u00f3napokban m\u00e1r","og:url":"https:\/\/allasorias.hu\/hirek\/elerte-a-hatart-a-foglalkoztatottsag-hazankban\/","og:image":"https:\/\/allasorias.hu\/hirek\/wp-content\/uploads\/2021\/07\/graph.jpg","og:image:secure_url":"https:\/\/allasorias.hu\/hirek\/wp-content\/uploads\/2021\/07\/graph.jpg","og:image:width":1920,"og:image:height":1001,"article:published_time":"2022-05-03T06:43:32+00:00","article:modified_time":"2022-05-03T06:43:32+00:00","article:publisher":"https:\/\/www.facebook.com\/allasorias","twitter:card":"summary_large_image","twitter:title":"El\u00e9rte a hat\u00e1rt a foglalkoztatotts\u00e1g haz\u00e1nkban | AllasOrias.hu | H\u00edrek-lapszemle","twitter:description":"Annak, hogy \u00f6tmilli\u00f3 foglalkoztatott legyen az orsz\u00e1gban, fizikai, pontosabban demogr\u00e1fiai akad\u00e1lyai vannak, ugyanis \u00e9vr\u0151l \u00e9vre egyre t\u00f6bben l\u00e9pnek ki a munkaer\u0151piacr\u00f3l, mint amennyien bel\u00e9pnek. Magyarorsz\u00e1gon a munkaer\u0151piac olyannyira besz\u0171k\u00fclt az \u00f6sszes statisztikai adat alapj\u00e1n, hogy szinte lehetetlen tov\u00e1bb n\u00f6velni a foglalkoztatottak sz\u00e1m\u00e1t - v\u00e9li Virov\u00e1cz P\u00e9ter, az ING Bank vezet\u0151 elemz\u0151je. Az elm\u00falt h\u00f3napokban m\u00e1r","twitter:image":"https:\/\/allasorias.hu\/hirek\/wp-content\/uploads\/2021\/07\/graph.jpg","twitter:label1":"Written by","twitter:data1":"Juh\u00e1sz P\u00e9ter","twitter:label2":"Est. reading time","twitter:data2":"2 minutes"},"aioseo_meta_data":{"post_id":"5538","title":null,"description":null,"keywords":[],"keyphrases":{"focus":{"keyphrase":"","score":0,"analysis":{"keyphraseInTitle":{"score":0,"maxScore":9,"error":1}}},"additional":[]},"primary_term":null,"canonical_url":null,"og_title":null,"og_description":null,"og_object_type":"default","og_image_type":"default","og_image_url":null,"og_image_width":null,"og_image_height":null,"og_image_custom_url":null,"og_image_custom_fields":null,"og_video":"","og_custom_url":null,"og_article_section":null,"og_article_tags":[],"twitter_use_og":false,"twitter_card":"default","twitter_image_type":"default","twitter_image_url":null,"twitter_image_custom_url":null,"twitter_image_custom_fields":null,"twitter_title":null,"twitter_description":null,"schema":{"blockGraphs":[],"customGraphs":[],"default":{"data":{"Article":[],"Course":[],"Dataset":[],"FAQPage":[],"Movie":[],"Person":[],"Product":[],"ProductReview":[],"Car":[],"Recipe":[],"Service":[],"SoftwareApplication":[],"WebPage":[]},"graphName":"","isEnabled":true},"graphs":[],"defaultGraph":"Article","defaultPostTypeGraph":""},"schema_type":"default","schema_type_options":"{\"article\":{\"articleType\":\"BlogPosting\"},\"course\":{\"name\":\"\",\"description\":\"\",\"provider\":\"\"},\"faq\":{\"pages\":[]},\"product\":{\"reviews\":[]},\"recipe\":{\"ingredients\":[],\"instructions\":[],\"keywords\":[]},\"software\":{\"reviews\":[],\"operatingSystems\":[]},\"webPage\":{\"webPageType\":\"WebPage\"}}","pillar_content":false,"robots_default":true,"robots_noindex":false,"robots_noarchive":false,"robots_nosnippet":false,"robots_nofollow":false,"robots_noimageindex":false,"robots_noodp":false,"robots_notranslate":false,"robots_max_snippet":"-1","robots_max_videopreview":"-1","robots_max_imagepreview":"large","priority":null,"frequency":"default","location":null,"local_seo":null,"breadcrumb_settings":null,"limit_modified_date":false,"ai":null,"created":"2022-05-03 06:41:20","updated":"2025-10-02 16:55:25","seo_analyzer_scan_date":null,"focus_keyword":null,"additional_keywords":null,"truseo_locale":null},"aioseo_breadcrumb":"<div class=\"aioseo-breadcrumbs\"><span class=\"aioseo-breadcrumb\">\n\t\t\t<a href=\"https:\/\/allasorias.hu\/hirek\" title=\"Home\">Home<\/a>\n\t\t<\/span><span class=\"aioseo-breadcrumb-separator\">&raquo;<\/span><span class=\"aioseo-breadcrumb\">\n\t\t\t<a href=\"https:\/\/allasorias.hu\/hirek\/temak\/munkaeropiac\/\" title=\"Munkaer\u0151piac\">Munkaer\u0151piac<\/a>\n\t\t<\/span><span class=\"aioseo-breadcrumb-separator\">&raquo;<\/span><span class=\"aioseo-breadcrumb\">\n\t\t\tEl\u00e9rte a hat\u00e1rt a foglalkoztatotts\u00e1g haz\u00e1nkban\n\t\t<\/span><\/div>","aioseo_breadcrumb_json":[{"label":"Home","link":"https:\/\/allasorias.hu\/hirek"},{"label":"Munkaer\u0151piac","link":"https:\/\/allasorias.hu\/hirek\/temak\/munkaeropiac\/"},{"label":"El\u00e9rte a hat\u00e1rt a foglalkoztatotts\u00e1g haz\u00e1nkban","link":"https:\/\/allasorias.hu\/hirek\/elerte-a-hatart-a-foglalkoztatottsag-hazankban\/"}],"_links":{"self":[{"href":"https:\/\/allasorias.hu\/hirek\/wp-json\/wp\/v2\/posts\/5538","targetHints":{"allow":["GET"]}}],"collection":[{"href":"https:\/\/allasorias.hu\/hirek\/wp-json\/wp\/v2\/posts"}],"about":[{"href":"https:\/\/allasorias.hu\/hirek\/wp-json\/wp\/v2\/types\/post"}],"author":[{"embeddable":true,"href":"https:\/\/allasorias.hu\/hirek\/wp-json\/wp\/v2\/users\/1"}],"replies":[{"embeddable":true,"href":"https:\/\/allasorias.hu\/hirek\/wp-json\/wp\/v2\/comments?post=5538"}],"version-history":[{"count":1,"href":"https:\/\/allasorias.hu\/hirek\/wp-json\/wp\/v2\/posts\/5538\/revisions"}],"predecessor-version":[{"id":5539,"href":"https:\/\/allasorias.hu\/hirek\/wp-json\/wp\/v2\/posts\/5538\/revisions\/5539"}],"wp:featuredmedia":[{"embeddable":true,"href":"https:\/\/allasorias.hu\/hirek\/wp-json\/wp\/v2\/media\/4950"}],"wp:attachment":[{"href":"https:\/\/allasorias.hu\/hirek\/wp-json\/wp\/v2\/media?parent=5538"}],"wp:term":[{"taxonomy":"category","embeddable":true,"href":"https:\/\/allasorias.hu\/hirek\/wp-json\/wp\/v2\/categories?post=5538"},{"taxonomy":"post_tag","embeddable":true,"href":"https:\/\/allasorias.hu\/hirek\/wp-json\/wp\/v2\/tags?post=5538"}],"curies":[{"name":"wp","href":"https:\/\/api.w.org\/{rel}","templated":true}]}}