{"id":5536,"date":"2022-05-02T07:07:09","date_gmt":"2022-05-02T07:07:09","guid":{"rendered":"https:\/\/allasorias.hu\/hirek\/?p=5536"},"modified":"2022-05-02T07:07:09","modified_gmt":"2022-05-02T07:07:09","slug":"folytatodik-az-ingyenes-informatikai-kepzes","status":"publish","type":"post","link":"https:\/\/allasorias.hu\/hirek\/folytatodik-az-ingyenes-informatikai-kepzes\/","title":{"rendered":"Folytat\u00f3dik az ingyenes informatikai k\u00e9pz\u00e9s"},"content":{"rendered":"<p><strong>Az \u00e9rdekl\u0151d\u0151k \u00e1prilis 29-t\u0151l ism\u00e9t jelentkezhetnek a harmadik alkalommal meghirdetett informatikai k\u00e9pz\u00e9sre. A koronav\u00edrus-j\u00e1rv\u00e1ny miatt kialakult gazdas\u00e1gi \u00e9s munkaer\u0151piaci helyzetre reag\u00e1lva az Innov\u00e1ci\u00f3s \u00e9s Technol\u00f3giai Miniszt\u00e9rium (ITM) el\u0151sz\u00f6r k\u00e9t \u00e9vvel ezel\u0151tt hirdette meg az \u00dajratervez\u00e9s Programot, hogy d\u00edjmentes informatikai \u00e1tk\u00e9pz\u00e9ssel seg\u00edtse azokat, akik a p\u00e1lyav\u00e1lt\u00e1s mellett d\u00f6nt\u00f6ttek. <\/strong><\/p>\n<p>A munkahelyek megv\u00e9d\u00e9se, a magyar csal\u00e1dok \u00e9s v\u00e1llalkoz\u00e1sok t\u00e1mogat\u00e1sa tov\u00e1bbra is a korm\u00e1ny kiemelt c\u00e9lja, ez\u00e9rt a program id\u00e9n is folytat\u00f3dik &#8211; k\u00f6z\u00f6lte az ITM\u00a0 az MTI-vel. Ismertett\u00e9k, hogy az \u00e9rdekl\u0151d\u0151k \u00e1prilis 29-t\u0151l ism\u00e9t jelentkezhetnek a programban harmadik alkalommal meghirdetett informatikai k\u00e9pz\u00e9sre. Ez\u00fattal t\u00edzezren kapnak lehet\u0151s\u00e9get a digit\u00e1lis k\u00e9szs\u00e9gek jav\u00edt\u00e1s\u00e1ra \u00e9s a programoz\u00e1s alapjainak megismer\u00e9s\u00e9re, majd ezt k\u00f6vet\u0151en t\u00f6bb mint h\u00e1romsz\u00e1zan juthatnak tov\u00e1bb a ny\u00e1ron indul\u00f3 alapszint\u0171 szakmai k\u00e9pz\u00e9sekre. A t\u00e1voktat\u00e1sos program elv\u00e9gz\u00e9s\u00e9re a regisztr\u00e1ci\u00f3t k\u00f6vet\u0151en n\u00e9gy h\u00e9t \u00e1ll a rendelkez\u00e9sre, \u00e9s naponta 2-6 \u00f3ra elfoglalts\u00e1ggal j\u00e1r att\u00f3l f\u00fcgg\u0151en, hogy a r\u00e9sztvev\u0151k milyen megl\u00e9v\u0151 informatikai ismeretekkel rendelkeznek, illetve mennyi id\u0151t tudnak a k\u00e9pz\u00e9sre ford\u00edtani. A v\u00e1ls\u00e1g alatt az ingyenes informatikai k\u00e9pz\u00e9sre t\u00f6bb mint 72 ezren regisztr\u00e1ltak \u00e9s t\u00f6bb mint 11 ezren szereztek tan\u00fas\u00edtv\u00e1nyt. A legjobban teljes\u00edt\u0151k a program kor\u00e1bbi k\u00e9t \u00fctem\u00e9ben lehet\u0151s\u00e9get kaptak arra, hogy 100 sz\u00e1zal\u00e9kos t\u00e1mogat\u00e1ssal n\u00e9gy k\u00fcl\u00f6nb\u00f6z\u0151 informatikai szakter\u00fcleten piack\u00e9pes tud\u00e1st \u00e9s \u00e1llamilag elismert szakk\u00e9pes\u00edt\u00e9st szerezzenek. Ezeken eddig m\u00e1r t\u00f6bb mint 1600-an vettek r\u00e9szt, a sikeres vizsg\u00e1t tettek k\u00f6z\u00fcl pedig k\u00f6zel ezren kaptak lehet\u0151s\u00e9get \u00fajabb szakmai bizony\u00edtv\u00e1ny megszerz\u00e9s\u00e9re halad\u00f3 \u00e9s gy\u00e1rt\u00f3specifikus k\u00e9pz\u00e9seken &#8211; \u00edrj\u00e1k a k\u00f6zlem\u00e9nyben. A programra a 18. \u00e9let\u00e9vet bet\u00f6lt\u00f6tt szem\u00e9lyek jelentkezhetnek, a tov\u00e1bbi felt\u00e9telek \u00e9s a jelentkez\u00e9ssel kapcsolatos tudnival\u00f3k a https:\/\/ujratervezes.nive.hu\/ linken \u00e9rhet\u0151k el.<\/p>\n<p>Forr\u00e1s: profitline.hu<\/p>\n","protected":false},"excerpt":{"rendered":"<p>Az \u00e9rdekl\u0151d\u0151k \u00e1prilis 29-t\u0151l ism\u00e9t jelentkezhetnek a harmadik alkalommal meghirdetett informatikai k\u00e9pz\u00e9sre. A koronav\u00edrus-j\u00e1rv\u00e1ny miatt kialakult gazdas\u00e1gi \u00e9s munkaer\u0151piaci helyzetre reag\u00e1lva az Innov\u00e1ci\u00f3s \u00e9s Technol\u00f3giai Miniszt\u00e9rium (ITM) el\u0151sz\u00f6r k\u00e9t \u00e9vvel ezel\u0151tt hirdette meg az \u00dajratervez\u00e9s Programot, hogy d\u00edjmentes informatikai \u00e1tk\u00e9pz\u00e9ssel seg\u00edtse azokat, akik a p\u00e1lyav\u00e1lt\u00e1s mellett d\u00f6nt\u00f6ttek. A munkahelyek megv\u00e9d\u00e9se, a magyar csal\u00e1dok \u00e9s v\u00e1llalkoz\u00e1sok [&hellip;]<\/p>\n","protected":false},"author":1,"featured_media":4341,"comment_status":"open","ping_status":"open","sticky":false,"template":"","format":"standard","meta":{"_monsterinsights_skip_tracking":false,"footnotes":""},"categories":[200],"tags":[],"class_list":["post-5536","post","type-post","status-publish","format-standard","has-post-thumbnail","hentry","category-munkaeropiac"],"aioseo_notices":[],"aioseo_head":"\n\t\t<!-- All in One SEO 5.0.0.1 - aioseo.com -->\n\t<meta name=\"description\" content=\"Az \u00e9rdekl\u0151d\u0151k \u00e1prilis 29-t\u0151l ism\u00e9t jelentkezhetnek a harmadik alkalommal meghirdetett informatikai k\u00e9pz\u00e9sre. A koronav\u00edrus-j\u00e1rv\u00e1ny miatt kialakult gazdas\u00e1gi \u00e9s munkaer\u0151piaci helyzetre reag\u00e1lva az Innov\u00e1ci\u00f3s \u00e9s Technol\u00f3giai Miniszt\u00e9rium (ITM) el\u0151sz\u00f6r k\u00e9t \u00e9vvel ezel\u0151tt hirdette meg az \u00dajratervez\u00e9s Programot, hogy d\u00edjmentes informatikai \u00e1tk\u00e9pz\u00e9ssel seg\u00edtse azokat, akik a p\u00e1lyav\u00e1lt\u00e1s mellett d\u00f6nt\u00f6ttek. A munkahelyek megv\u00e9d\u00e9se, a magyar csal\u00e1dok \u00e9s v\u00e1llalkoz\u00e1sok\" \/>\n\t<meta name=\"robots\" content=\"max-image-preview:large\" \/>\n\t<meta name=\"author\" content=\"Juh\u00e1sz P\u00e9ter\"\/>\n\t<link rel=\"canonical\" href=\"https:\/\/allasorias.hu\/hirek\/folytatodik-az-ingyenes-informatikai-kepzes\/\" \/>\n\t<meta name=\"generator\" content=\"All in One SEO (AIOSEO) 5.0.0.1\" \/>\n\t\t<meta property=\"og:locale\" content=\"hu_HU\" \/>\n\t\t<meta property=\"og:site_name\" content=\"AllasOrias.hu | H\u00edrek-lapszemle | \u00dczleti h\u00edrek az \u00e1ll\u00e1s \u00e9s a munka vil\u00e1g\u00e1b\u00f3l\" \/>\n\t\t<meta property=\"og:type\" content=\"article\" \/>\n\t\t<meta property=\"og:title\" content=\"Folytat\u00f3dik az ingyenes informatikai k\u00e9pz\u00e9s | AllasOrias.hu | H\u00edrek-lapszemle\" \/>\n\t\t<meta property=\"og:description\" content=\"Az \u00e9rdekl\u0151d\u0151k \u00e1prilis 29-t\u0151l ism\u00e9t jelentkezhetnek a harmadik alkalommal meghirdetett informatikai k\u00e9pz\u00e9sre. A koronav\u00edrus-j\u00e1rv\u00e1ny miatt kialakult gazdas\u00e1gi \u00e9s munkaer\u0151piaci helyzetre reag\u00e1lva az Innov\u00e1ci\u00f3s \u00e9s Technol\u00f3giai Miniszt\u00e9rium (ITM) el\u0151sz\u00f6r k\u00e9t \u00e9vvel ezel\u0151tt hirdette meg az \u00dajratervez\u00e9s Programot, hogy d\u00edjmentes informatikai \u00e1tk\u00e9pz\u00e9ssel seg\u00edtse azokat, akik a p\u00e1lyav\u00e1lt\u00e1s mellett d\u00f6nt\u00f6ttek. A munkahelyek megv\u00e9d\u00e9se, a magyar csal\u00e1dok \u00e9s v\u00e1llalkoz\u00e1sok\" \/>\n\t\t<meta property=\"og:url\" content=\"https:\/\/allasorias.hu\/hirek\/folytatodik-az-ingyenes-informatikai-kepzes\/\" \/>\n\t\t<meta property=\"og:image\" content=\"https:\/\/allasorias.hu\/hirek\/wp-content\/uploads\/2020\/10\/everyone-is-smiling-listens-group-people-business-conference-modern-classroom-daytime.jpg\" \/>\n\t\t<meta property=\"og:image:secure_url\" content=\"https:\/\/allasorias.hu\/hirek\/wp-content\/uploads\/2020\/10\/everyone-is-smiling-listens-group-people-business-conference-modern-classroom-daytime.jpg\" \/>\n\t\t<meta property=\"og:image:width\" content=\"1280\" \/>\n\t\t<meta property=\"og:image:height\" content=\"853\" \/>\n\t\t<meta property=\"article:published_time\" content=\"2022-05-02T07:07:09+00:00\" \/>\n\t\t<meta property=\"article:modified_time\" content=\"2022-05-02T07:07:09+00:00\" \/>\n\t\t<meta property=\"article:publisher\" content=\"https:\/\/www.facebook.com\/allasorias\" \/>\n\t\t<meta name=\"twitter:card\" content=\"summary_large_image\" \/>\n\t\t<meta name=\"twitter:title\" content=\"Folytat\u00f3dik az ingyenes informatikai k\u00e9pz\u00e9s | AllasOrias.hu | H\u00edrek-lapszemle\" \/>\n\t\t<meta name=\"twitter:description\" content=\"Az \u00e9rdekl\u0151d\u0151k \u00e1prilis 29-t\u0151l ism\u00e9t jelentkezhetnek a harmadik alkalommal meghirdetett informatikai k\u00e9pz\u00e9sre. A koronav\u00edrus-j\u00e1rv\u00e1ny miatt kialakult gazdas\u00e1gi \u00e9s munkaer\u0151piaci helyzetre reag\u00e1lva az Innov\u00e1ci\u00f3s \u00e9s Technol\u00f3giai Miniszt\u00e9rium (ITM) el\u0151sz\u00f6r k\u00e9t \u00e9vvel ezel\u0151tt hirdette meg az \u00dajratervez\u00e9s Programot, hogy d\u00edjmentes informatikai \u00e1tk\u00e9pz\u00e9ssel seg\u00edtse azokat, akik a p\u00e1lyav\u00e1lt\u00e1s mellett d\u00f6nt\u00f6ttek. A munkahelyek megv\u00e9d\u00e9se, a magyar csal\u00e1dok \u00e9s v\u00e1llalkoz\u00e1sok\" \/>\n\t\t<meta name=\"twitter:image\" content=\"https:\/\/allasorias.hu\/hirek\/wp-content\/uploads\/2020\/10\/everyone-is-smiling-listens-group-people-business-conference-modern-classroom-daytime.jpg\" \/>\n\t\t<meta name=\"twitter:label1\" content=\"Written by\" \/>\n\t\t<meta name=\"twitter:data1\" content=\"Juh\u00e1sz P\u00e9ter\" \/>\n\t\t<meta name=\"twitter:label2\" content=\"Est. reading time\" \/>\n\t\t<meta name=\"twitter:data2\" content=\"2 minutes\" \/>\n\t\t<script type=\"application\/ld+json\" class=\"aioseo-schema\">\n\t\t\t{\"@context\":\"https:\\\/\\\/schema.org\",\"@graph\":[{\"@type\":\"Article\",\"@id\":\"https:\\\/\\\/allasorias.hu\\\/hirek\\\/folytatodik-az-ingyenes-informatikai-kepzes\\\/#article\",\"name\":\"Folytat\\u00f3dik az ingyenes informatikai k\\u00e9pz\\u00e9s | AllasOrias.hu | H\\u00edrek-lapszemle\",\"headline\":\"Folytat\\u00f3dik az ingyenes informatikai k\\u00e9pz\\u00e9s\",\"author\":{\"@id\":\"https:\\\/\\\/allasorias.hu\\\/hirek\\\/author\\\/admin-allasorias\\\/#author\"},\"publisher\":{\"@id\":\"https:\\\/\\\/allasorias.hu\\\/hirek\\\/#organization\"},\"image\":{\"@type\":\"ImageObject\",\"url\":\"https:\\\/\\\/allasorias.hu\\\/hirek\\\/wp-content\\\/uploads\\\/2020\\\/10\\\/everyone-is-smiling-listens-group-people-business-conference-modern-classroom-daytime.jpg\",\"width\":1280,\"height\":853,\"caption\":\"Everyone is smiling and listens. Group of people at business conference in modern classroom at daytime.\"},\"datePublished\":\"2022-05-02T07:07:09+02:00\",\"dateModified\":\"2022-05-02T07:07:09+02:00\",\"inLanguage\":\"hu-HU\",\"mainEntityOfPage\":{\"@id\":\"https:\\\/\\\/allasorias.hu\\\/hirek\\\/folytatodik-az-ingyenes-informatikai-kepzes\\\/#webpage\"},\"isPartOf\":{\"@id\":\"https:\\\/\\\/allasorias.hu\\\/hirek\\\/folytatodik-az-ingyenes-informatikai-kepzes\\\/#webpage\"},\"articleSection\":\"Munkaer\\u0151piac\"},{\"@type\":\"BreadcrumbList\",\"@id\":\"https:\\\/\\\/allasorias.hu\\\/hirek\\\/folytatodik-az-ingyenes-informatikai-kepzes\\\/#breadcrumblist\",\"itemListElement\":[{\"@type\":\"ListItem\",\"@id\":\"https:\\\/\\\/allasorias.hu\\\/hirek#listItem\",\"position\":1,\"name\":\"Home\",\"item\":\"https:\\\/\\\/allasorias.hu\\\/hirek\",\"nextItem\":{\"@type\":\"ListItem\",\"@id\":\"https:\\\/\\\/allasorias.hu\\\/hirek\\\/temak\\\/munkaeropiac\\\/#listItem\",\"name\":\"Munkaer\\u0151piac\"}},{\"@type\":\"ListItem\",\"@id\":\"https:\\\/\\\/allasorias.hu\\\/hirek\\\/temak\\\/munkaeropiac\\\/#listItem\",\"position\":2,\"name\":\"Munkaer\\u0151piac\",\"item\":\"https:\\\/\\\/allasorias.hu\\\/hirek\\\/temak\\\/munkaeropiac\\\/\",\"nextItem\":{\"@type\":\"ListItem\",\"@id\":\"https:\\\/\\\/allasorias.hu\\\/hirek\\\/folytatodik-az-ingyenes-informatikai-kepzes\\\/#listItem\",\"name\":\"Folytat\\u00f3dik az ingyenes informatikai k\\u00e9pz\\u00e9s\"},\"previousItem\":{\"@type\":\"ListItem\",\"@id\":\"https:\\\/\\\/allasorias.hu\\\/hirek#listItem\",\"name\":\"Home\"}},{\"@type\":\"ListItem\",\"@id\":\"https:\\\/\\\/allasorias.hu\\\/hirek\\\/folytatodik-az-ingyenes-informatikai-kepzes\\\/#listItem\",\"position\":3,\"name\":\"Folytat\\u00f3dik az ingyenes informatikai k\\u00e9pz\\u00e9s\",\"previousItem\":{\"@type\":\"ListItem\",\"@id\":\"https:\\\/\\\/allasorias.hu\\\/hirek\\\/temak\\\/munkaeropiac\\\/#listItem\",\"name\":\"Munkaer\\u0151piac\"}}]},{\"@type\":\"Organization\",\"@id\":\"https:\\\/\\\/allasorias.hu\\\/hirek\\\/#organization\",\"name\":\"AllasOrias.hu | H\\u00edrek-lapszemle\",\"description\":\"\\u00dczleti h\\u00edrek az \\u00e1ll\\u00e1s \\u00e9s a munka vil\\u00e1g\\u00e1b\\u00f3l\",\"url\":\"https:\\\/\\\/allasorias.hu\\\/hirek\\\/\",\"logo\":{\"@type\":\"ImageObject\",\"url\":\"https:\\\/\\\/allasorias.hu\\\/hirek\\\/wp-content\\\/uploads\\\/2022\\\/10\\\/allasorias_site_facebok_logo.png\",\"@id\":\"https:\\\/\\\/allasorias.hu\\\/hirek\\\/folytatodik-az-ingyenes-informatikai-kepzes\\\/#organizationLogo\"},\"image\":{\"@id\":\"https:\\\/\\\/allasorias.hu\\\/hirek\\\/folytatodik-az-ingyenes-informatikai-kepzes\\\/#organizationLogo\"},\"sameAs\":[\"https:\\\/\\\/www.facebook.com\\\/allasorias\",\"https:\\\/\\\/www.linkedin.com\\\/company\\\/allasorias\"]},{\"@type\":\"Person\",\"@id\":\"https:\\\/\\\/allasorias.hu\\\/hirek\\\/author\\\/admin-allasorias\\\/#author\",\"url\":\"https:\\\/\\\/allasorias.hu\\\/hirek\\\/author\\\/admin-allasorias\\\/\",\"name\":\"Juh\\u00e1sz P\\u00e9ter\",\"image\":{\"@type\":\"ImageObject\",\"@id\":\"https:\\\/\\\/allasorias.hu\\\/hirek\\\/folytatodik-az-ingyenes-informatikai-kepzes\\\/#authorImage\",\"url\":\"https:\\\/\\\/secure.gravatar.com\\\/avatar\\\/36e6bcb83148978b992977cb0f54d22feb0cce8a0a849a9410532bb2623ba4c6?s=96&d=mm&r=g\",\"width\":96,\"height\":96,\"caption\":\"Juh\\u00e1sz P\\u00e9ter\"}},{\"@type\":\"WebPage\",\"@id\":\"https:\\\/\\\/allasorias.hu\\\/hirek\\\/folytatodik-az-ingyenes-informatikai-kepzes\\\/#webpage\",\"url\":\"https:\\\/\\\/allasorias.hu\\\/hirek\\\/folytatodik-az-ingyenes-informatikai-kepzes\\\/\",\"name\":\"Folytat\\u00f3dik az ingyenes informatikai k\\u00e9pz\\u00e9s | AllasOrias.hu | H\\u00edrek-lapszemle\",\"description\":\"Az \\u00e9rdekl\\u0151d\\u0151k \\u00e1prilis 29-t\\u0151l ism\\u00e9t jelentkezhetnek a harmadik alkalommal meghirdetett informatikai k\\u00e9pz\\u00e9sre. A koronav\\u00edrus-j\\u00e1rv\\u00e1ny miatt kialakult gazdas\\u00e1gi \\u00e9s munkaer\\u0151piaci helyzetre reag\\u00e1lva az Innov\\u00e1ci\\u00f3s \\u00e9s Technol\\u00f3giai Miniszt\\u00e9rium (ITM) el\\u0151sz\\u00f6r k\\u00e9t \\u00e9vvel ezel\\u0151tt hirdette meg az \\u00dajratervez\\u00e9s Programot, hogy d\\u00edjmentes informatikai \\u00e1tk\\u00e9pz\\u00e9ssel seg\\u00edtse azokat, akik a p\\u00e1lyav\\u00e1lt\\u00e1s mellett d\\u00f6nt\\u00f6ttek. A munkahelyek megv\\u00e9d\\u00e9se, a magyar csal\\u00e1dok \\u00e9s v\\u00e1llalkoz\\u00e1sok\",\"inLanguage\":\"hu-HU\",\"isPartOf\":{\"@id\":\"https:\\\/\\\/allasorias.hu\\\/hirek\\\/#website\"},\"breadcrumb\":{\"@id\":\"https:\\\/\\\/allasorias.hu\\\/hirek\\\/folytatodik-az-ingyenes-informatikai-kepzes\\\/#breadcrumblist\"},\"author\":{\"@id\":\"https:\\\/\\\/allasorias.hu\\\/hirek\\\/author\\\/admin-allasorias\\\/#author\"},\"creator\":{\"@id\":\"https:\\\/\\\/allasorias.hu\\\/hirek\\\/author\\\/admin-allasorias\\\/#author\"},\"image\":{\"@type\":\"ImageObject\",\"url\":\"https:\\\/\\\/allasorias.hu\\\/hirek\\\/wp-content\\\/uploads\\\/2020\\\/10\\\/everyone-is-smiling-listens-group-people-business-conference-modern-classroom-daytime.jpg\",\"@id\":\"https:\\\/\\\/allasorias.hu\\\/hirek\\\/folytatodik-az-ingyenes-informatikai-kepzes\\\/#mainImage\",\"width\":1280,\"height\":853,\"caption\":\"Everyone is smiling and listens. Group of people at business conference in modern classroom at daytime.\"},\"primaryImageOfPage\":{\"@id\":\"https:\\\/\\\/allasorias.hu\\\/hirek\\\/folytatodik-az-ingyenes-informatikai-kepzes\\\/#mainImage\"},\"datePublished\":\"2022-05-02T07:07:09+02:00\",\"dateModified\":\"2022-05-02T07:07:09+02:00\"},{\"@type\":\"WebSite\",\"@id\":\"https:\\\/\\\/allasorias.hu\\\/hirek\\\/#website\",\"url\":\"https:\\\/\\\/allasorias.hu\\\/hirek\\\/\",\"name\":\"AllasOrias.hu | H\\u00edrek-lapszemle\",\"description\":\"\\u00dczleti h\\u00edrek az \\u00e1ll\\u00e1s \\u00e9s a munka vil\\u00e1g\\u00e1b\\u00f3l\",\"inLanguage\":\"hu-HU\",\"publisher\":{\"@id\":\"https:\\\/\\\/allasorias.hu\\\/hirek\\\/#organization\"}}]}\n\t\t<\/script>\n\t\t<!-- All in One SEO -->\n\n","aioseo_head_json":{"title":"Folytat\u00f3dik az ingyenes informatikai k\u00e9pz\u00e9s | AllasOrias.hu | H\u00edrek-lapszemle","description":"Az \u00e9rdekl\u0151d\u0151k \u00e1prilis 29-t\u0151l ism\u00e9t jelentkezhetnek a harmadik alkalommal meghirdetett informatikai k\u00e9pz\u00e9sre. A koronav\u00edrus-j\u00e1rv\u00e1ny miatt kialakult gazdas\u00e1gi \u00e9s munkaer\u0151piaci helyzetre reag\u00e1lva az Innov\u00e1ci\u00f3s \u00e9s Technol\u00f3giai Miniszt\u00e9rium (ITM) el\u0151sz\u00f6r k\u00e9t \u00e9vvel ezel\u0151tt hirdette meg az \u00dajratervez\u00e9s Programot, hogy d\u00edjmentes informatikai \u00e1tk\u00e9pz\u00e9ssel seg\u00edtse azokat, akik a p\u00e1lyav\u00e1lt\u00e1s mellett d\u00f6nt\u00f6ttek. A munkahelyek megv\u00e9d\u00e9se, a magyar csal\u00e1dok \u00e9s v\u00e1llalkoz\u00e1sok","canonical_url":"https:\/\/allasorias.hu\/hirek\/folytatodik-az-ingyenes-informatikai-kepzes\/","robots":"max-image-preview:large","keywords":"","webmasterTools":{"miscellaneous":""},"schema":{"@context":"https:\/\/schema.org","@graph":[{"@type":"Article","@id":"https:\/\/allasorias.hu\/hirek\/folytatodik-az-ingyenes-informatikai-kepzes\/#article","name":"Folytat\u00f3dik az ingyenes informatikai k\u00e9pz\u00e9s | AllasOrias.hu | H\u00edrek-lapszemle","headline":"Folytat\u00f3dik az ingyenes informatikai k\u00e9pz\u00e9s","author":{"@id":"https:\/\/allasorias.hu\/hirek\/author\/admin-allasorias\/#author"},"publisher":{"@id":"https:\/\/allasorias.hu\/hirek\/#organization"},"image":{"@type":"ImageObject","url":"https:\/\/allasorias.hu\/hirek\/wp-content\/uploads\/2020\/10\/everyone-is-smiling-listens-group-people-business-conference-modern-classroom-daytime.jpg","width":1280,"height":853,"caption":"Everyone is smiling and listens. Group of people at business conference in modern classroom at daytime."},"datePublished":"2022-05-02T07:07:09+02:00","dateModified":"2022-05-02T07:07:09+02:00","inLanguage":"hu-HU","mainEntityOfPage":{"@id":"https:\/\/allasorias.hu\/hirek\/folytatodik-az-ingyenes-informatikai-kepzes\/#webpage"},"isPartOf":{"@id":"https:\/\/allasorias.hu\/hirek\/folytatodik-az-ingyenes-informatikai-kepzes\/#webpage"},"articleSection":"Munkaer\u0151piac"},{"@type":"BreadcrumbList","@id":"https:\/\/allasorias.hu\/hirek\/folytatodik-az-ingyenes-informatikai-kepzes\/#breadcrumblist","itemListElement":[{"@type":"ListItem","@id":"https:\/\/allasorias.hu\/hirek#listItem","position":1,"name":"Home","item":"https:\/\/allasorias.hu\/hirek","nextItem":{"@type":"ListItem","@id":"https:\/\/allasorias.hu\/hirek\/temak\/munkaeropiac\/#listItem","name":"Munkaer\u0151piac"}},{"@type":"ListItem","@id":"https:\/\/allasorias.hu\/hirek\/temak\/munkaeropiac\/#listItem","position":2,"name":"Munkaer\u0151piac","item":"https:\/\/allasorias.hu\/hirek\/temak\/munkaeropiac\/","nextItem":{"@type":"ListItem","@id":"https:\/\/allasorias.hu\/hirek\/folytatodik-az-ingyenes-informatikai-kepzes\/#listItem","name":"Folytat\u00f3dik az ingyenes informatikai k\u00e9pz\u00e9s"},"previousItem":{"@type":"ListItem","@id":"https:\/\/allasorias.hu\/hirek#listItem","name":"Home"}},{"@type":"ListItem","@id":"https:\/\/allasorias.hu\/hirek\/folytatodik-az-ingyenes-informatikai-kepzes\/#listItem","position":3,"name":"Folytat\u00f3dik az ingyenes informatikai k\u00e9pz\u00e9s","previousItem":{"@type":"ListItem","@id":"https:\/\/allasorias.hu\/hirek\/temak\/munkaeropiac\/#listItem","name":"Munkaer\u0151piac"}}]},{"@type":"Organization","@id":"https:\/\/allasorias.hu\/hirek\/#organization","name":"AllasOrias.hu | H\u00edrek-lapszemle","description":"\u00dczleti h\u00edrek az \u00e1ll\u00e1s \u00e9s a munka vil\u00e1g\u00e1b\u00f3l","url":"https:\/\/allasorias.hu\/hirek\/","logo":{"@type":"ImageObject","url":"https:\/\/allasorias.hu\/hirek\/wp-content\/uploads\/2022\/10\/allasorias_site_facebok_logo.png","@id":"https:\/\/allasorias.hu\/hirek\/folytatodik-az-ingyenes-informatikai-kepzes\/#organizationLogo"},"image":{"@id":"https:\/\/allasorias.hu\/hirek\/folytatodik-az-ingyenes-informatikai-kepzes\/#organizationLogo"},"sameAs":["https:\/\/www.facebook.com\/allasorias","https:\/\/www.linkedin.com\/company\/allasorias"]},{"@type":"Person","@id":"https:\/\/allasorias.hu\/hirek\/author\/admin-allasorias\/#author","url":"https:\/\/allasorias.hu\/hirek\/author\/admin-allasorias\/","name":"Juh\u00e1sz P\u00e9ter","image":{"@type":"ImageObject","@id":"https:\/\/allasorias.hu\/hirek\/folytatodik-az-ingyenes-informatikai-kepzes\/#authorImage","url":"https:\/\/secure.gravatar.com\/avatar\/36e6bcb83148978b992977cb0f54d22feb0cce8a0a849a9410532bb2623ba4c6?s=96&d=mm&r=g","width":96,"height":96,"caption":"Juh\u00e1sz P\u00e9ter"}},{"@type":"WebPage","@id":"https:\/\/allasorias.hu\/hirek\/folytatodik-az-ingyenes-informatikai-kepzes\/#webpage","url":"https:\/\/allasorias.hu\/hirek\/folytatodik-az-ingyenes-informatikai-kepzes\/","name":"Folytat\u00f3dik az ingyenes informatikai k\u00e9pz\u00e9s | AllasOrias.hu | H\u00edrek-lapszemle","description":"Az \u00e9rdekl\u0151d\u0151k \u00e1prilis 29-t\u0151l ism\u00e9t jelentkezhetnek a harmadik alkalommal meghirdetett informatikai k\u00e9pz\u00e9sre. A koronav\u00edrus-j\u00e1rv\u00e1ny miatt kialakult gazdas\u00e1gi \u00e9s munkaer\u0151piaci helyzetre reag\u00e1lva az Innov\u00e1ci\u00f3s \u00e9s Technol\u00f3giai Miniszt\u00e9rium (ITM) el\u0151sz\u00f6r k\u00e9t \u00e9vvel ezel\u0151tt hirdette meg az \u00dajratervez\u00e9s Programot, hogy d\u00edjmentes informatikai \u00e1tk\u00e9pz\u00e9ssel seg\u00edtse azokat, akik a p\u00e1lyav\u00e1lt\u00e1s mellett d\u00f6nt\u00f6ttek. A munkahelyek megv\u00e9d\u00e9se, a magyar csal\u00e1dok \u00e9s v\u00e1llalkoz\u00e1sok","inLanguage":"hu-HU","isPartOf":{"@id":"https:\/\/allasorias.hu\/hirek\/#website"},"breadcrumb":{"@id":"https:\/\/allasorias.hu\/hirek\/folytatodik-az-ingyenes-informatikai-kepzes\/#breadcrumblist"},"author":{"@id":"https:\/\/allasorias.hu\/hirek\/author\/admin-allasorias\/#author"},"creator":{"@id":"https:\/\/allasorias.hu\/hirek\/author\/admin-allasorias\/#author"},"image":{"@type":"ImageObject","url":"https:\/\/allasorias.hu\/hirek\/wp-content\/uploads\/2020\/10\/everyone-is-smiling-listens-group-people-business-conference-modern-classroom-daytime.jpg","@id":"https:\/\/allasorias.hu\/hirek\/folytatodik-az-ingyenes-informatikai-kepzes\/#mainImage","width":1280,"height":853,"caption":"Everyone is smiling and listens. Group of people at business conference in modern classroom at daytime."},"primaryImageOfPage":{"@id":"https:\/\/allasorias.hu\/hirek\/folytatodik-az-ingyenes-informatikai-kepzes\/#mainImage"},"datePublished":"2022-05-02T07:07:09+02:00","dateModified":"2022-05-02T07:07:09+02:00"},{"@type":"WebSite","@id":"https:\/\/allasorias.hu\/hirek\/#website","url":"https:\/\/allasorias.hu\/hirek\/","name":"AllasOrias.hu | H\u00edrek-lapszemle","description":"\u00dczleti h\u00edrek az \u00e1ll\u00e1s \u00e9s a munka vil\u00e1g\u00e1b\u00f3l","inLanguage":"hu-HU","publisher":{"@id":"https:\/\/allasorias.hu\/hirek\/#organization"}}]},"og:locale":"hu_HU","og:site_name":"AllasOrias.hu | H\u00edrek-lapszemle | \u00dczleti h\u00edrek az \u00e1ll\u00e1s \u00e9s a munka vil\u00e1g\u00e1b\u00f3l","og:type":"article","og:title":"Folytat\u00f3dik az ingyenes informatikai k\u00e9pz\u00e9s | AllasOrias.hu | H\u00edrek-lapszemle","og:description":"Az \u00e9rdekl\u0151d\u0151k \u00e1prilis 29-t\u0151l ism\u00e9t jelentkezhetnek a harmadik alkalommal meghirdetett informatikai k\u00e9pz\u00e9sre. A koronav\u00edrus-j\u00e1rv\u00e1ny miatt kialakult gazdas\u00e1gi \u00e9s munkaer\u0151piaci helyzetre reag\u00e1lva az Innov\u00e1ci\u00f3s \u00e9s Technol\u00f3giai Miniszt\u00e9rium (ITM) el\u0151sz\u00f6r k\u00e9t \u00e9vvel ezel\u0151tt hirdette meg az \u00dajratervez\u00e9s Programot, hogy d\u00edjmentes informatikai \u00e1tk\u00e9pz\u00e9ssel seg\u00edtse azokat, akik a p\u00e1lyav\u00e1lt\u00e1s mellett d\u00f6nt\u00f6ttek. A munkahelyek megv\u00e9d\u00e9se, a magyar csal\u00e1dok \u00e9s v\u00e1llalkoz\u00e1sok","og:url":"https:\/\/allasorias.hu\/hirek\/folytatodik-az-ingyenes-informatikai-kepzes\/","og:image":"https:\/\/allasorias.hu\/hirek\/wp-content\/uploads\/2020\/10\/everyone-is-smiling-listens-group-people-business-conference-modern-classroom-daytime.jpg","og:image:secure_url":"https:\/\/allasorias.hu\/hirek\/wp-content\/uploads\/2020\/10\/everyone-is-smiling-listens-group-people-business-conference-modern-classroom-daytime.jpg","og:image:width":1280,"og:image:height":853,"article:published_time":"2022-05-02T07:07:09+00:00","article:modified_time":"2022-05-02T07:07:09+00:00","article:publisher":"https:\/\/www.facebook.com\/allasorias","twitter:card":"summary_large_image","twitter:title":"Folytat\u00f3dik az ingyenes informatikai k\u00e9pz\u00e9s | AllasOrias.hu | H\u00edrek-lapszemle","twitter:description":"Az \u00e9rdekl\u0151d\u0151k \u00e1prilis 29-t\u0151l ism\u00e9t jelentkezhetnek a harmadik alkalommal meghirdetett informatikai k\u00e9pz\u00e9sre. A koronav\u00edrus-j\u00e1rv\u00e1ny miatt kialakult gazdas\u00e1gi \u00e9s munkaer\u0151piaci helyzetre reag\u00e1lva az Innov\u00e1ci\u00f3s \u00e9s Technol\u00f3giai Miniszt\u00e9rium (ITM) el\u0151sz\u00f6r k\u00e9t \u00e9vvel ezel\u0151tt hirdette meg az \u00dajratervez\u00e9s Programot, hogy d\u00edjmentes informatikai \u00e1tk\u00e9pz\u00e9ssel seg\u00edtse azokat, akik a p\u00e1lyav\u00e1lt\u00e1s mellett d\u00f6nt\u00f6ttek. A munkahelyek megv\u00e9d\u00e9se, a magyar csal\u00e1dok \u00e9s v\u00e1llalkoz\u00e1sok","twitter:image":"https:\/\/allasorias.hu\/hirek\/wp-content\/uploads\/2020\/10\/everyone-is-smiling-listens-group-people-business-conference-modern-classroom-daytime.jpg","twitter:label1":"Written by","twitter:data1":"Juh\u00e1sz P\u00e9ter","twitter:label2":"Est. reading time","twitter:data2":"2 minutes"},"aioseo_meta_data":{"post_id":"5536","title":null,"description":null,"keywords":[],"keyphrases":{"focus":{"keyphrase":"","score":0,"analysis":{"keyphraseInTitle":{"score":0,"maxScore":9,"error":1}}},"additional":[]},"primary_term":null,"canonical_url":null,"og_title":null,"og_description":null,"og_object_type":"default","og_image_type":"default","og_image_url":null,"og_image_width":null,"og_image_height":null,"og_image_custom_url":null,"og_image_custom_fields":null,"og_video":"","og_custom_url":null,"og_article_section":null,"og_article_tags":[],"twitter_use_og":false,"twitter_card":"default","twitter_image_type":"default","twitter_image_url":null,"twitter_image_custom_url":null,"twitter_image_custom_fields":null,"twitter_title":null,"twitter_description":null,"schema":{"blockGraphs":[],"customGraphs":[],"default":{"data":{"Article":[],"Course":[],"Dataset":[],"FAQPage":[],"Movie":[],"Person":[],"Product":[],"ProductReview":[],"Car":[],"Recipe":[],"Service":[],"SoftwareApplication":[],"WebPage":[]},"graphName":"","isEnabled":true},"graphs":[],"defaultGraph":"Article","defaultPostTypeGraph":""},"schema_type":"default","schema_type_options":"{\"article\":{\"articleType\":\"BlogPosting\"},\"course\":{\"name\":\"\",\"description\":\"\",\"provider\":\"\"},\"faq\":{\"pages\":[]},\"product\":{\"reviews\":[]},\"recipe\":{\"ingredients\":[],\"instructions\":[],\"keywords\":[]},\"software\":{\"reviews\":[],\"operatingSystems\":[]},\"webPage\":{\"webPageType\":\"WebPage\"}}","pillar_content":false,"robots_default":true,"robots_noindex":false,"robots_noarchive":false,"robots_nosnippet":false,"robots_nofollow":false,"robots_noimageindex":false,"robots_noodp":false,"robots_notranslate":false,"robots_max_snippet":"-1","robots_max_videopreview":"-1","robots_max_imagepreview":"large","priority":null,"frequency":"default","location":null,"local_seo":null,"breadcrumb_settings":null,"limit_modified_date":false,"ai":null,"created":"2022-05-02 07:05:26","updated":"2025-10-02 16:55:25","seo_analyzer_scan_date":null,"focus_keyword":null,"additional_keywords":null,"truseo_locale":null},"aioseo_breadcrumb":"<div class=\"aioseo-breadcrumbs\"><span class=\"aioseo-breadcrumb\">\n\t\t\t<a href=\"https:\/\/allasorias.hu\/hirek\" title=\"Home\">Home<\/a>\n\t\t<\/span><span class=\"aioseo-breadcrumb-separator\">&raquo;<\/span><span class=\"aioseo-breadcrumb\">\n\t\t\t<a href=\"https:\/\/allasorias.hu\/hirek\/temak\/munkaeropiac\/\" title=\"Munkaer\u0151piac\">Munkaer\u0151piac<\/a>\n\t\t<\/span><span class=\"aioseo-breadcrumb-separator\">&raquo;<\/span><span class=\"aioseo-breadcrumb\">\n\t\t\tFolytat\u00f3dik az ingyenes informatikai k\u00e9pz\u00e9s\n\t\t<\/span><\/div>","aioseo_breadcrumb_json":[{"label":"Home","link":"https:\/\/allasorias.hu\/hirek"},{"label":"Munkaer\u0151piac","link":"https:\/\/allasorias.hu\/hirek\/temak\/munkaeropiac\/"},{"label":"Folytat\u00f3dik az ingyenes informatikai k\u00e9pz\u00e9s","link":"https:\/\/allasorias.hu\/hirek\/folytatodik-az-ingyenes-informatikai-kepzes\/"}],"_links":{"self":[{"href":"https:\/\/allasorias.hu\/hirek\/wp-json\/wp\/v2\/posts\/5536","targetHints":{"allow":["GET"]}}],"collection":[{"href":"https:\/\/allasorias.hu\/hirek\/wp-json\/wp\/v2\/posts"}],"about":[{"href":"https:\/\/allasorias.hu\/hirek\/wp-json\/wp\/v2\/types\/post"}],"author":[{"embeddable":true,"href":"https:\/\/allasorias.hu\/hirek\/wp-json\/wp\/v2\/users\/1"}],"replies":[{"embeddable":true,"href":"https:\/\/allasorias.hu\/hirek\/wp-json\/wp\/v2\/comments?post=5536"}],"version-history":[{"count":1,"href":"https:\/\/allasorias.hu\/hirek\/wp-json\/wp\/v2\/posts\/5536\/revisions"}],"predecessor-version":[{"id":5537,"href":"https:\/\/allasorias.hu\/hirek\/wp-json\/wp\/v2\/posts\/5536\/revisions\/5537"}],"wp:featuredmedia":[{"embeddable":true,"href":"https:\/\/allasorias.hu\/hirek\/wp-json\/wp\/v2\/media\/4341"}],"wp:attachment":[{"href":"https:\/\/allasorias.hu\/hirek\/wp-json\/wp\/v2\/media?parent=5536"}],"wp:term":[{"taxonomy":"category","embeddable":true,"href":"https:\/\/allasorias.hu\/hirek\/wp-json\/wp\/v2\/categories?post=5536"},{"taxonomy":"post_tag","embeddable":true,"href":"https:\/\/allasorias.hu\/hirek\/wp-json\/wp\/v2\/tags?post=5536"}],"curies":[{"name":"wp","href":"https:\/\/api.w.org\/{rel}","templated":true}]}}