{"id":5515,"date":"2022-04-21T11:27:47","date_gmt":"2022-04-21T11:27:47","guid":{"rendered":"https:\/\/allasorias.hu\/hirek\/?p=5515"},"modified":"2022-04-21T11:27:47","modified_gmt":"2022-04-21T11:27:47","slug":"nepszeru-nemetorszagban-a-mini-foglalkoztatas","status":"publish","type":"post","link":"https:\/\/allasorias.hu\/hirek\/nepszeru-nemetorszagban-a-mini-foglalkoztatas\/","title":{"rendered":"N\u00e9pszer\u0171 N\u00e9metorsz\u00e1gban a \u201emini\u201d foglalkoztat\u00e1s"},"content":{"rendered":"<p><strong>N\u00e9metorsz\u00e1gban a di\u00e1kokt\u00f3l a nyugd\u00edjasokon \u00e1t, a sz\u00fcl\u0151kig minden korcsoportban n\u00e9pszer\u0171 a mini-jobber \u00e9s a midi-jobber foglalkoztat\u00e1s. Ezek olyan alkalmaz\u00e1si megold\u00e1sok, amiket ak\u00e1r teljes munkaid\u0151s foglalkoztat\u00e1s mellett is lehet v\u00e1llalni egy kis plusz j\u00f6vedelem \u00e9rdek\u00e9ben. A n\u00e9met korm\u00e1nykoal\u00edci\u00f3 megreform\u00e1ln\u00e1 a &#8222;mini&#8221; \u00e9s a &#8222;midi&#8221; foglalkoztat\u00e1si form\u00e1kat, vagyis a mini- \u00e9s k\u00f6zepes r\u00e9szmunkaid\u0151s foglalkoztat\u00e1st. A jogszab\u00e1lyokban meghat\u00e1rozott b\u00e9rkeretet, illetve az ad\u00f3kedvezm\u00e9nyek k\u00f6r\u00e9t is vonz\u00f3bb\u00e1 teheti a vezet\u00e9s.<\/strong><\/p>\n<p>Az Ifo gazdas\u00e1gkutat\u00f3 int\u00e9zet elemz\u00e9se szerint a d\u00f6nt\u00e9s ronthat a n\u0151k munkaer\u0151piaci helyzet\u00e9n. N\u00e9metorsz\u00e1gban a di\u00e1kokt\u00f3l a nyugd\u00edjasokon \u00e1t, a sz\u00fcl\u0151kig minden korcsoportban n\u00e9pszer\u0171 a mini-jobber \u00e9s a midi-jobber foglalkoztat\u00e1s. Ezek olyan alkalmaz\u00e1si megold\u00e1sok, amiket ak\u00e1r teljes munkaid\u0151s foglalkoztat\u00e1s mellett is lehet v\u00e1llalni egy kis plusz j\u00f6vedelem \u00e9rdek\u00e9ben. Mini-job, vagy magyarul minimunka eset\u00e9n a munkav\u00e1llal\u00f3 maximum havi 450 eur\u00f3t kereshet, vagy \u00e9vente maximum 5400 eur\u00f3t. Az megoldhat\u00f3, hogy egy h\u00f3napban 450 eur\u00f3n\u00e1l magasabb legyen a j\u00f6vedelem, de akkor azt egy m\u00e1sik h\u00f3napban ki kell egyenl\u00edteni, a l\u00e9nyeg, hogy egy \u00e9v alatt az 5400 eur\u00f3t semmik\u00e9ppen nem l\u00e9pheti \u00e1t a kereset. Abban az esetben, ha csak r\u00f6vid t\u00e1v\u00fa foglalkoztat\u00e1sr\u00f3l van sz\u00f3, akkor nincs fizet\u00e9si sapka, a dolgoz\u00f3 ebben az esetben nem dolgozhat t\u00f6bbet h\u00e1rom h\u00f3napn\u00e1l, vagy egy \u00e9v alatt 70 munkanapn\u00e1l. A mini-job el\u0151nye m\u00e9g, hogy csak ad\u00f3zni kell ut\u00e1na, t\u00e1rsadalombiztos\u00edt\u00e1si j\u00e1rul\u00e9k teh\u00e1t nem termeli ezt a j\u00f6vedelmet. A midi-job, vagyis k\u00f6z\u00e9p\u00e1ll\u00e1s\u00fa munkav\u00e1llal\u00f3kn\u00e1l b\u00e9rkeret 450,01 \u00e9s 1300 eur\u00f3 k\u00f6z\u00f6tt van havonta, viszont enn\u00e9l a form\u00e1n\u00e1l m\u00e1r kell t\u00e1rsadalombiztos\u00edt\u00e1si j\u00e1rul\u00e9kot is fizetni. A j\u00e1rul\u00e9kfizet\u00e9s term\u00e9szetesen alacsonyabb m\u00e9rt\u00e9k\u0171, mint a teljes\u00e1ll\u00e1sn\u00e1l, \u00e9rtelemszer\u0171en \u00edgy alacsonyabb nyugd\u00edj is j\u00e1r ut\u00e1na.Az Ifo int\u00e9zet azt \u00edrja, hogy a reformokat k\u00f6vet\u0151en t\u00f6bb n\u0151 fog r\u00e9szmunkaid\u0151s \u00e1ll\u00e1st v\u00e1llalni, vagyis \u00f6sszess\u00e9g\u00e9ben kisebb lesz a r\u00e9szesed\u00e9s\u00fck a teljes munkaer\u0151piacb\u00f3l. Sz\u00e1m\u00edt\u00e1saik szerint p\u00e9nz\u00fcgyileg vonz\u00f3bb\u00e1 v\u00e1lhatnak majd az ilyen atipikus foglalkoztat\u00e1si form\u00e1k, ami oda vezethet, hogy 80 ezerrel t\u00f6bb n\u0151 dolgozna r\u00e9szmunkaid\u0151ben, alacsonyabb \u00f3rasz\u00e1mban. Ez oda vezethetne, hogy 7000 f\u0151\u00e1ll\u00e1snak megfelel\u0151 munkaid\u0151 t\u0171nne el a piacr\u00f3l. A reform legs\u00falyosabb negat\u00edv hozad\u00e9ka az lenne, hogy felborulna a h\u00e1zasp\u00e1rok ad\u00f3- \u00e9s j\u00e1rul\u00e9kmegoszl\u00e1s\u00e1nak rendszere. A febru\u00e1r 13-\u00e1n elfogadott korm\u00e1nyrendelet \u00e9rtelm\u00e9ben a mini-job ut\u00e1n j\u00e1r\u00f3 fizet\u00e9s fels\u0151 hat\u00e1r\u00e1t 450-r\u0151l 520 eur\u00f3ra emeln\u00e9k, a midi-job eset\u00e9ben pedig 1600 eur\u00f3ra emelkedne a fels\u0151 k\u00fcsz\u00f6b. Emellett az ad\u00f3kedvezm\u00e9nyek k\u00f6re is kedvez\u0151bb lenne, nem csak a munkav\u00e1llal\u00f3k, hanem a v\u00e1llalkoz\u00e1sok sz\u00e1m\u00e1ra is. Az Ifo felm\u00e9r\u00e9se szerint ez a reform 6,5 milli\u00e1rd eur\u00f3j\u00e1ba fog ker\u00fclni N\u00e9metorsz\u00e1gnak.<\/p>\n<p>Forr\u00e1s: vg.hu<\/p>\n","protected":false},"excerpt":{"rendered":"<p>N\u00e9metorsz\u00e1gban a di\u00e1kokt\u00f3l a nyugd\u00edjasokon \u00e1t, a sz\u00fcl\u0151kig minden korcsoportban n\u00e9pszer\u0171 a mini-jobber \u00e9s a midi-jobber foglalkoztat\u00e1s. Ezek olyan alkalmaz\u00e1si megold\u00e1sok, amiket ak\u00e1r teljes munkaid\u0151s foglalkoztat\u00e1s mellett is lehet v\u00e1llalni egy kis plusz j\u00f6vedelem \u00e9rdek\u00e9ben. A n\u00e9met korm\u00e1nykoal\u00edci\u00f3 megreform\u00e1ln\u00e1 a &#8222;mini&#8221; \u00e9s a &#8222;midi&#8221; foglalkoztat\u00e1si form\u00e1kat, vagyis a mini- \u00e9s k\u00f6zepes r\u00e9szmunkaid\u0151s foglalkoztat\u00e1st. A jogszab\u00e1lyokban [&hellip;]<\/p>\n","protected":false},"author":1,"featured_media":0,"comment_status":"open","ping_status":"open","sticky":false,"template":"","format":"standard","meta":{"_monsterinsights_skip_tracking":false,"_monsterinsights_sitenote_active":false,"_monsterinsights_sitenote_note":"","_monsterinsights_sitenote_category":0,"footnotes":""},"categories":[201,200],"tags":[],"class_list":["post-5515","post","type-post","status-publish","format-standard","hentry","category-kulfold","category-munkaeropiac"],"aioseo_notices":[],"_links":{"self":[{"href":"https:\/\/allasorias.hu\/hirek\/wp-json\/wp\/v2\/posts\/5515","targetHints":{"allow":["GET"]}}],"collection":[{"href":"https:\/\/allasorias.hu\/hirek\/wp-json\/wp\/v2\/posts"}],"about":[{"href":"https:\/\/allasorias.hu\/hirek\/wp-json\/wp\/v2\/types\/post"}],"author":[{"embeddable":true,"href":"https:\/\/allasorias.hu\/hirek\/wp-json\/wp\/v2\/users\/1"}],"replies":[{"embeddable":true,"href":"https:\/\/allasorias.hu\/hirek\/wp-json\/wp\/v2\/comments?post=5515"}],"version-history":[{"count":1,"href":"https:\/\/allasorias.hu\/hirek\/wp-json\/wp\/v2\/posts\/5515\/revisions"}],"predecessor-version":[{"id":5516,"href":"https:\/\/allasorias.hu\/hirek\/wp-json\/wp\/v2\/posts\/5515\/revisions\/5516"}],"wp:attachment":[{"href":"https:\/\/allasorias.hu\/hirek\/wp-json\/wp\/v2\/media?parent=5515"}],"wp:term":[{"taxonomy":"category","embeddable":true,"href":"https:\/\/allasorias.hu\/hirek\/wp-json\/wp\/v2\/categories?post=5515"},{"taxonomy":"post_tag","embeddable":true,"href":"https:\/\/allasorias.hu\/hirek\/wp-json\/wp\/v2\/tags?post=5515"}],"curies":[{"name":"wp","href":"https:\/\/api.w.org\/{rel}","templated":true}]}}