{"id":5513,"date":"2022-04-20T06:42:48","date_gmt":"2022-04-20T06:42:48","guid":{"rendered":"https:\/\/allasorias.hu\/hirek\/?p=5513"},"modified":"2022-04-20T06:42:48","modified_gmt":"2022-04-20T06:42:48","slug":"kettevalt-a-munkaeropiac","status":"publish","type":"post","link":"https:\/\/allasorias.hu\/hirek\/kettevalt-a-munkaeropiac\/","title":{"rendered":"Kett\u00e9v\u00e1lt a munkaer\u0151piac"},"content":{"rendered":"<p><strong>T\u00f6bb magyarorsz\u00e1gi megye l\u00e9nyeg\u00e9ben el\u00e9rte a teljes foglalkoztat\u00e1st, \u00e1m tov\u00e1bbra is kett\u00e9szak\u00edtotts\u00e1g jellemzi a hazai munkaer\u0151piacot \u2013 ez der\u00fcl ki a K\u00f6zponti Statisztikai Hivatal F\u00f3kuszban a megy\u00e9k \u2013 T\u00e9rs\u00e9gi \u00f6sszehasonl\u00edt\u00e1s c\u00edm\u0171 tavalyi, negyedik negyed\u00e9ves \u00e9s eg\u00e9sz \u00e9ves adatokat \u00f6sszegz\u0151 kiadv\u00e1ny\u00e1b\u00f3l. <\/strong><\/p>\n<p>Tov\u00e1bbra is k\u00e9tarc\u00fa a hazai munkaer\u0151piac, mik\u00f6zben Csongr\u00e1d-Csan\u00e1d megy\u00e9ben 1,1 sz\u00e1zal\u00e9k az \u00e1ll\u00e1stalanok ar\u00e1nya, addig Szabolcsban a 9 sz\u00e1zal\u00e9kot is meghaladja. R\u00e1ad\u00e1sul egyre kev\u00e9sb\u00e9 magyar\u00e1zhat\u00f3 a jelens\u00e9g a keleti-nyugati megosztotts\u00e1ggal. B\u00e1r a m\u00falt esztend\u0151 v\u00e9g\u00e9n orsz\u00e1gosan az \u00e1ll\u00e1stalanok ar\u00e1nya az el\u0151z\u0151 \u00e9vi 4,1 sz\u00e1zal\u00e9k ut\u00e1n 3,7 sz\u00e1zal\u00e9kra m\u00e9rs\u00e9kl\u0151d\u00f6tt, \u00e9s megk\u00f6zel\u00edtette a koronav\u00edrus-j\u00e1rv\u00e1ny el\u0151tti id\u0151szak kedvez\u0151 adatait, az egyes t\u00e9rs\u00e9gek k\u00f6z\u00f6tt \u00f3ri\u00e1si elt\u00e9r\u00e9sek alakultak ki. M\u00edg Csongr\u00e1d-Csan\u00e1d, Kom\u00e1rom-Esztergom, Vas, Veszpr\u00e9m \u00e9s Gy\u0151r-Moson-Sopron megy\u00e9ben a 2 sz\u00e1zal\u00e9kot sem \u00e9rte el, addig N\u00f3gr\u00e1d, Borsod-Aba\u00faj-Zempl\u00e9n \u00e9s Szabolcs-Szatm\u00e1r-Bereg megy\u00e9ben a 7 sz\u00e1zal\u00e9kot is meghaladta a munkan\u00e9lk\u00fclis\u00e9gi r\u00e1ta, amely az ut\u00f3bbiban 9,2 sz\u00e1zal\u00e9k. A fizet\u00e9sek ter\u00e9n ugyanez a kett\u0151ss\u00e9g k\u00f6sz\u00f6n vissza, tov\u00e1bbra is a legrosszabb munkaer\u0151piaci statisztik\u00e1val rendelkez\u0151 megy\u00e9k szerepelnek\u00a0 a rangsor v\u00e9g\u00e9n: Szabolcsban a havi nett\u00f3 \u00e1tlagb\u00e9r tavaly 90 ezer forinttal maradt el az orsz\u00e1gos \u00e1tlagt\u00f3l. A fizikai foglalkoz\u00e1s\u00faak eset\u00e9ben szint\u00e9n ez a tendencia rajzol\u00f3dik ki, ahogy az elm\u00falt \u00e9vekben mindig, ez\u00fattal is Gy\u0151r-Moson-Sopronban kerest\u00e9k a legt\u00f6bbet, a nyugati hat\u00e1rsz\u00e9len 395 ezer forint volt a brutt\u00f3 \u00e1tlagb\u00e9r, Szabolcs-Szatm\u00e1r-Bereg megy\u00e9ben pedig mind\u00f6ssze 232 ezer forint. Az iparosodotts\u00e1g \u00e9s a b\u00e9rsz\u00ednvonal k\u00f6z\u00f6tt van \u00f6sszef\u00fcgg\u00e9s, r\u00e1ad\u00e1sul az ipari keresetek magasabbak a nemzetgazdas\u00e1gi \u00e1tlagn\u00e1l, vagyis a t\u00f6bb ipar felfel\u00e9 h\u00fazza a ter\u00fcleti b\u00e9rszintet \u2013 ezzel magyar\u00e1zta a VG-nek a region\u00e1lis egyenl\u0151tlens\u00e9gek lehets\u00e9ges okait Matheika Zolt\u00e1n, a Kopint-T\u00e1rki vezet\u0151 kutat\u00f3ja. A szak\u00e9rt\u0151 arra is r\u00e1mutatott, hogy az egy f\u0151re jut\u00f3 ipari termel\u00e9s alapj\u00e1n a legnagyobb \u00e9rt\u00e9ket el\u0151\u00e1ll\u00edt\u00f3 Gy\u0151r-Moson-Sopron megye ut\u00e1n a sorban Kom\u00e1rom-Esztergom \u00e9s Fej\u00e9r megye k\u00f6vetkezik, amit a fizet\u00e9si lista egy az egyben lek\u00f6vet, e h\u00e1rom megy\u00e9ben \u00e9vek \u00f3ta a legmagasabb a nett\u00f3 \u00e1tlagb\u00e9r. Az ipari termel\u00e9s ter\u00e9n tavaly annyiban t\u00f6rt\u00e9nt v\u00e1ltoz\u00e1s, hogy Pest megy\u00e9ben \u00e1ll\u00edtott\u00e1k el\u0151 a legnagyobb \u00e9rt\u00e9ket, az egy lakosra jut\u00f3 termel\u00e9s viszont tov\u00e1bbra is Gy\u0151r-Moson-Sopron \u00e9s Kom\u00e1rom-Esztergom megy\u00e9ben volt a legmagasabb, az orsz\u00e1gos \u00e1tlag (4,2 milli\u00f3 forint) t\u00f6bb mint k\u00e9tszerese. Baranya, Somogy \u00e9s B\u00e9k\u00e9s megy\u00e9ben ugyanakkor a hazai szint fel\u00e9t sem \u00e9rte el a mutat\u00f3. Errefel\u00e9 sajnos egy kezemen meg tudom sz\u00e1molni a nagy iparv\u00e1llalatokat\u00a0 \u2013 ezt Orosz Tivadar, a B\u00e9k\u00e9s Megyei Kereskedelmi \u00e9s Iparkamara eln\u00f6ke mondta a VG-nek, meger\u0151s\u00edtve a KSH \u00e1ltal k\u00f6z\u00f6lt adatokat. Ugyanakkor a megye fejl\u0151d\u00e9se szempontj\u00e1b\u00f3l d\u00f6nt\u0151 jelent\u0151s\u00e9g\u0171nek nevezte az M44-es beruh\u00e1z\u00e1st, amely sok \u00e9vtized elhagyatotts\u00e1g ut\u00e1n k\u00f6ti be az orsz\u00e1g egyik legszeg\u00e9nyebb r\u00e9gi\u00f3j\u00e1t a gyorsforgalmi h\u00e1l\u00f3zatba. M\u00e1rpedig \u00e9pp ez lehet a kulcs a j\u00f6v\u0151re n\u00e9zve, a beruh\u00e1z\u00e1sok felp\u00f6rget\u00e9se lehet az egyetlen megold\u00e1s a ter\u00fcleti egyenl\u0151tlens\u00e9gek kisim\u00edt\u00e1s\u00e1ra. Az elm\u00falt \u00e9vek adatai alapj\u00e1n meg\u00e1llap\u00edthat\u00f3, hogy a k\u00f6z\u00e9p-magyarorsz\u00e1gi r\u00e9gi\u00f3n k\u00edv\u00fcl ma m\u00e1r a Borsod-Aba\u00faj-Zempl\u00e9n megyei c\u00e9gek a legakt\u00edvabbak, tavaly csaknem 500 milli\u00e1rd forint \u00e9rt\u00e9k\u0171 beruh\u00e1z\u00e1st hajtottak v\u00e9gre, ami k\u00e9t \u00e9s f\u00e9lszerese a 2017-es adatnak, \u00e9s jelent\u0151sen meghaladja a kor\u00e1bbi listavezet\u0151 Gy\u0151r-Moson-Sopron megye hasonl\u00f3 \u00e9rt\u00e9k\u00e9t. V\u00e9lhet\u0151en ennek is k\u00f6sz\u00f6nhet\u0151, hogy a hagyom\u00e1nyosan er\u0151s iparral rendelkez\u0151 Gy\u0151r-Moson-Sopron, Fej\u00e9r, Kom\u00e1rom-Esztergom \u00e9s J\u00e1sz-Nagykun-Szolnok megye ut\u00e1n Borsod ma m\u00e1r az \u00f6t\u00f6dik legiparosodottabb t\u00e9rs\u00e9gnek sz\u00e1m\u00edt, mik\u00f6zben 2015-ben m\u00e9g csak a nyolcadik volt a sorban.<\/p>\n<p>Forr\u00e1s: vg.hu<\/p>\n","protected":false},"excerpt":{"rendered":"<p>T\u00f6bb magyarorsz\u00e1gi megye l\u00e9nyeg\u00e9ben el\u00e9rte a teljes foglalkoztat\u00e1st, \u00e1m tov\u00e1bbra is kett\u00e9szak\u00edtotts\u00e1g jellemzi a hazai munkaer\u0151piacot \u2013 ez der\u00fcl ki a K\u00f6zponti Statisztikai Hivatal F\u00f3kuszban a megy\u00e9k \u2013 T\u00e9rs\u00e9gi \u00f6sszehasonl\u00edt\u00e1s c\u00edm\u0171 tavalyi, negyedik negyed\u00e9ves \u00e9s eg\u00e9sz \u00e9ves adatokat \u00f6sszegz\u0151 kiadv\u00e1ny\u00e1b\u00f3l. Tov\u00e1bbra is k\u00e9tarc\u00fa a hazai munkaer\u0151piac, mik\u00f6zben Csongr\u00e1d-Csan\u00e1d megy\u00e9ben 1,1 sz\u00e1zal\u00e9k az \u00e1ll\u00e1stalanok ar\u00e1nya, addig [&hellip;]<\/p>\n","protected":false},"author":1,"featured_media":4572,"comment_status":"open","ping_status":"open","sticky":false,"template":"","format":"standard","meta":{"_monsterinsights_skip_tracking":false,"footnotes":""},"categories":[200],"tags":[],"class_list":["post-5513","post","type-post","status-publish","format-standard","has-post-thumbnail","hentry","category-munkaeropiac"],"aioseo_notices":[],"aioseo_head":"\n\t\t<!-- All in One SEO 5.0.0.1 - aioseo.com -->\n\t<meta name=\"description\" content=\"T\u00f6bb magyarorsz\u00e1gi megye l\u00e9nyeg\u00e9ben el\u00e9rte a teljes foglalkoztat\u00e1st, \u00e1m tov\u00e1bbra is kett\u00e9szak\u00edtotts\u00e1g jellemzi a hazai munkaer\u0151piacot \u2013 ez der\u00fcl ki a K\u00f6zponti Statisztikai Hivatal F\u00f3kuszban a megy\u00e9k \u2013 T\u00e9rs\u00e9gi \u00f6sszehasonl\u00edt\u00e1s c\u00edm\u0171 tavalyi, negyedik negyed\u00e9ves \u00e9s eg\u00e9sz \u00e9ves adatokat \u00f6sszegz\u0151 kiadv\u00e1ny\u00e1b\u00f3l. Tov\u00e1bbra is k\u00e9tarc\u00fa a hazai munkaer\u0151piac, mik\u00f6zben Csongr\u00e1d-Csan\u00e1d megy\u00e9ben 1,1 sz\u00e1zal\u00e9k az \u00e1ll\u00e1stalanok ar\u00e1nya, addig\" \/>\n\t<meta name=\"robots\" content=\"max-image-preview:large\" \/>\n\t<meta name=\"author\" content=\"Juh\u00e1sz P\u00e9ter\"\/>\n\t<link rel=\"canonical\" href=\"https:\/\/allasorias.hu\/hirek\/kettevalt-a-munkaeropiac\/\" \/>\n\t<meta name=\"generator\" content=\"All in One SEO (AIOSEO) 5.0.0.1\" \/>\n\t\t<meta property=\"og:locale\" content=\"hu_HU\" \/>\n\t\t<meta property=\"og:site_name\" content=\"AllasOrias.hu | H\u00edrek-lapszemle | \u00dczleti h\u00edrek az \u00e1ll\u00e1s \u00e9s a munka vil\u00e1g\u00e1b\u00f3l\" \/>\n\t\t<meta property=\"og:type\" content=\"article\" \/>\n\t\t<meta property=\"og:title\" content=\"Kett\u00e9v\u00e1lt a munkaer\u0151piac | AllasOrias.hu | H\u00edrek-lapszemle\" \/>\n\t\t<meta property=\"og:description\" content=\"T\u00f6bb magyarorsz\u00e1gi megye l\u00e9nyeg\u00e9ben el\u00e9rte a teljes foglalkoztat\u00e1st, \u00e1m tov\u00e1bbra is kett\u00e9szak\u00edtotts\u00e1g jellemzi a hazai munkaer\u0151piacot \u2013 ez der\u00fcl ki a K\u00f6zponti Statisztikai Hivatal F\u00f3kuszban a megy\u00e9k \u2013 T\u00e9rs\u00e9gi \u00f6sszehasonl\u00edt\u00e1s c\u00edm\u0171 tavalyi, negyedik negyed\u00e9ves \u00e9s eg\u00e9sz \u00e9ves adatokat \u00f6sszegz\u0151 kiadv\u00e1ny\u00e1b\u00f3l. Tov\u00e1bbra is k\u00e9tarc\u00fa a hazai munkaer\u0151piac, mik\u00f6zben Csongr\u00e1d-Csan\u00e1d megy\u00e9ben 1,1 sz\u00e1zal\u00e9k az \u00e1ll\u00e1stalanok ar\u00e1nya, addig\" \/>\n\t\t<meta property=\"og:url\" content=\"https:\/\/allasorias.hu\/hirek\/kettevalt-a-munkaeropiac\/\" \/>\n\t\t<meta property=\"og:image\" content=\"https:\/\/allasorias.hu\/hirek\/wp-content\/uploads\/2021\/02\/592.jpg\" \/>\n\t\t<meta property=\"og:image:secure_url\" content=\"https:\/\/allasorias.hu\/hirek\/wp-content\/uploads\/2021\/02\/592.jpg\" \/>\n\t\t<meta property=\"og:image:width\" content=\"1920\" \/>\n\t\t<meta property=\"og:image:height\" content=\"1358\" \/>\n\t\t<meta property=\"article:published_time\" content=\"2022-04-20T06:42:48+00:00\" \/>\n\t\t<meta property=\"article:modified_time\" content=\"2022-04-20T06:42:48+00:00\" \/>\n\t\t<meta property=\"article:publisher\" content=\"https:\/\/www.facebook.com\/allasorias\" \/>\n\t\t<meta name=\"twitter:card\" content=\"summary_large_image\" \/>\n\t\t<meta name=\"twitter:title\" content=\"Kett\u00e9v\u00e1lt a munkaer\u0151piac | AllasOrias.hu | H\u00edrek-lapszemle\" \/>\n\t\t<meta name=\"twitter:description\" content=\"T\u00f6bb magyarorsz\u00e1gi megye l\u00e9nyeg\u00e9ben el\u00e9rte a teljes foglalkoztat\u00e1st, \u00e1m tov\u00e1bbra is kett\u00e9szak\u00edtotts\u00e1g jellemzi a hazai munkaer\u0151piacot \u2013 ez der\u00fcl ki a K\u00f6zponti Statisztikai Hivatal F\u00f3kuszban a megy\u00e9k \u2013 T\u00e9rs\u00e9gi \u00f6sszehasonl\u00edt\u00e1s c\u00edm\u0171 tavalyi, negyedik negyed\u00e9ves \u00e9s eg\u00e9sz \u00e9ves adatokat \u00f6sszegz\u0151 kiadv\u00e1ny\u00e1b\u00f3l. Tov\u00e1bbra is k\u00e9tarc\u00fa a hazai munkaer\u0151piac, mik\u00f6zben Csongr\u00e1d-Csan\u00e1d megy\u00e9ben 1,1 sz\u00e1zal\u00e9k az \u00e1ll\u00e1stalanok ar\u00e1nya, addig\" \/>\n\t\t<meta name=\"twitter:image\" content=\"https:\/\/allasorias.hu\/hirek\/wp-content\/uploads\/2021\/02\/592.jpg\" \/>\n\t\t<meta name=\"twitter:label1\" content=\"Written by\" \/>\n\t\t<meta name=\"twitter:data1\" content=\"Juh\u00e1sz P\u00e9ter\" \/>\n\t\t<meta name=\"twitter:label2\" content=\"Est. reading time\" \/>\n\t\t<meta name=\"twitter:data2\" content=\"4 minutes\" \/>\n\t\t<script type=\"application\/ld+json\" class=\"aioseo-schema\">\n\t\t\t{\"@context\":\"https:\\\/\\\/schema.org\",\"@graph\":[{\"@type\":\"Article\",\"@id\":\"https:\\\/\\\/allasorias.hu\\\/hirek\\\/kettevalt-a-munkaeropiac\\\/#article\",\"name\":\"Kett\\u00e9v\\u00e1lt a munkaer\\u0151piac | AllasOrias.hu | H\\u00edrek-lapszemle\",\"headline\":\"Kett\\u00e9v\\u00e1lt a munkaer\\u0151piac\",\"author\":{\"@id\":\"https:\\\/\\\/allasorias.hu\\\/hirek\\\/author\\\/admin-allasorias\\\/#author\"},\"publisher\":{\"@id\":\"https:\\\/\\\/allasorias.hu\\\/hirek\\\/#organization\"},\"image\":{\"@type\":\"ImageObject\",\"url\":\"https:\\\/\\\/allasorias.hu\\\/hirek\\\/wp-content\\\/uploads\\\/2021\\\/02\\\/592.jpg\",\"width\":1920,\"height\":1358,\"caption\":\"Business concept illustration of a businessman equal as four businessmen\"},\"datePublished\":\"2022-04-20T06:42:48+02:00\",\"dateModified\":\"2022-04-20T06:42:48+02:00\",\"inLanguage\":\"hu-HU\",\"mainEntityOfPage\":{\"@id\":\"https:\\\/\\\/allasorias.hu\\\/hirek\\\/kettevalt-a-munkaeropiac\\\/#webpage\"},\"isPartOf\":{\"@id\":\"https:\\\/\\\/allasorias.hu\\\/hirek\\\/kettevalt-a-munkaeropiac\\\/#webpage\"},\"articleSection\":\"Munkaer\\u0151piac\"},{\"@type\":\"BreadcrumbList\",\"@id\":\"https:\\\/\\\/allasorias.hu\\\/hirek\\\/kettevalt-a-munkaeropiac\\\/#breadcrumblist\",\"itemListElement\":[{\"@type\":\"ListItem\",\"@id\":\"https:\\\/\\\/allasorias.hu\\\/hirek#listItem\",\"position\":1,\"name\":\"Home\",\"item\":\"https:\\\/\\\/allasorias.hu\\\/hirek\",\"nextItem\":{\"@type\":\"ListItem\",\"@id\":\"https:\\\/\\\/allasorias.hu\\\/hirek\\\/temak\\\/munkaeropiac\\\/#listItem\",\"name\":\"Munkaer\\u0151piac\"}},{\"@type\":\"ListItem\",\"@id\":\"https:\\\/\\\/allasorias.hu\\\/hirek\\\/temak\\\/munkaeropiac\\\/#listItem\",\"position\":2,\"name\":\"Munkaer\\u0151piac\",\"item\":\"https:\\\/\\\/allasorias.hu\\\/hirek\\\/temak\\\/munkaeropiac\\\/\",\"nextItem\":{\"@type\":\"ListItem\",\"@id\":\"https:\\\/\\\/allasorias.hu\\\/hirek\\\/kettevalt-a-munkaeropiac\\\/#listItem\",\"name\":\"Kett\\u00e9v\\u00e1lt a munkaer\\u0151piac\"},\"previousItem\":{\"@type\":\"ListItem\",\"@id\":\"https:\\\/\\\/allasorias.hu\\\/hirek#listItem\",\"name\":\"Home\"}},{\"@type\":\"ListItem\",\"@id\":\"https:\\\/\\\/allasorias.hu\\\/hirek\\\/kettevalt-a-munkaeropiac\\\/#listItem\",\"position\":3,\"name\":\"Kett\\u00e9v\\u00e1lt a munkaer\\u0151piac\",\"previousItem\":{\"@type\":\"ListItem\",\"@id\":\"https:\\\/\\\/allasorias.hu\\\/hirek\\\/temak\\\/munkaeropiac\\\/#listItem\",\"name\":\"Munkaer\\u0151piac\"}}]},{\"@type\":\"Organization\",\"@id\":\"https:\\\/\\\/allasorias.hu\\\/hirek\\\/#organization\",\"name\":\"AllasOrias.hu | H\\u00edrek-lapszemle\",\"description\":\"\\u00dczleti h\\u00edrek az \\u00e1ll\\u00e1s \\u00e9s a munka vil\\u00e1g\\u00e1b\\u00f3l\",\"url\":\"https:\\\/\\\/allasorias.hu\\\/hirek\\\/\",\"logo\":{\"@type\":\"ImageObject\",\"url\":\"https:\\\/\\\/allasorias.hu\\\/hirek\\\/wp-content\\\/uploads\\\/2022\\\/10\\\/allasorias_site_facebok_logo.png\",\"@id\":\"https:\\\/\\\/allasorias.hu\\\/hirek\\\/kettevalt-a-munkaeropiac\\\/#organizationLogo\"},\"image\":{\"@id\":\"https:\\\/\\\/allasorias.hu\\\/hirek\\\/kettevalt-a-munkaeropiac\\\/#organizationLogo\"},\"sameAs\":[\"https:\\\/\\\/www.facebook.com\\\/allasorias\",\"https:\\\/\\\/www.linkedin.com\\\/company\\\/allasorias\"]},{\"@type\":\"Person\",\"@id\":\"https:\\\/\\\/allasorias.hu\\\/hirek\\\/author\\\/admin-allasorias\\\/#author\",\"url\":\"https:\\\/\\\/allasorias.hu\\\/hirek\\\/author\\\/admin-allasorias\\\/\",\"name\":\"Juh\\u00e1sz P\\u00e9ter\",\"image\":{\"@type\":\"ImageObject\",\"@id\":\"https:\\\/\\\/allasorias.hu\\\/hirek\\\/kettevalt-a-munkaeropiac\\\/#authorImage\",\"url\":\"https:\\\/\\\/secure.gravatar.com\\\/avatar\\\/36e6bcb83148978b992977cb0f54d22feb0cce8a0a849a9410532bb2623ba4c6?s=96&d=mm&r=g\",\"width\":96,\"height\":96,\"caption\":\"Juh\\u00e1sz P\\u00e9ter\"}},{\"@type\":\"WebPage\",\"@id\":\"https:\\\/\\\/allasorias.hu\\\/hirek\\\/kettevalt-a-munkaeropiac\\\/#webpage\",\"url\":\"https:\\\/\\\/allasorias.hu\\\/hirek\\\/kettevalt-a-munkaeropiac\\\/\",\"name\":\"Kett\\u00e9v\\u00e1lt a munkaer\\u0151piac | AllasOrias.hu | H\\u00edrek-lapszemle\",\"description\":\"T\\u00f6bb magyarorsz\\u00e1gi megye l\\u00e9nyeg\\u00e9ben el\\u00e9rte a teljes foglalkoztat\\u00e1st, \\u00e1m tov\\u00e1bbra is kett\\u00e9szak\\u00edtotts\\u00e1g jellemzi a hazai munkaer\\u0151piacot \\u2013 ez der\\u00fcl ki a K\\u00f6zponti Statisztikai Hivatal F\\u00f3kuszban a megy\\u00e9k \\u2013 T\\u00e9rs\\u00e9gi \\u00f6sszehasonl\\u00edt\\u00e1s c\\u00edm\\u0171 tavalyi, negyedik negyed\\u00e9ves \\u00e9s eg\\u00e9sz \\u00e9ves adatokat \\u00f6sszegz\\u0151 kiadv\\u00e1ny\\u00e1b\\u00f3l. Tov\\u00e1bbra is k\\u00e9tarc\\u00fa a hazai munkaer\\u0151piac, mik\\u00f6zben Csongr\\u00e1d-Csan\\u00e1d megy\\u00e9ben 1,1 sz\\u00e1zal\\u00e9k az \\u00e1ll\\u00e1stalanok ar\\u00e1nya, addig\",\"inLanguage\":\"hu-HU\",\"isPartOf\":{\"@id\":\"https:\\\/\\\/allasorias.hu\\\/hirek\\\/#website\"},\"breadcrumb\":{\"@id\":\"https:\\\/\\\/allasorias.hu\\\/hirek\\\/kettevalt-a-munkaeropiac\\\/#breadcrumblist\"},\"author\":{\"@id\":\"https:\\\/\\\/allasorias.hu\\\/hirek\\\/author\\\/admin-allasorias\\\/#author\"},\"creator\":{\"@id\":\"https:\\\/\\\/allasorias.hu\\\/hirek\\\/author\\\/admin-allasorias\\\/#author\"},\"image\":{\"@type\":\"ImageObject\",\"url\":\"https:\\\/\\\/allasorias.hu\\\/hirek\\\/wp-content\\\/uploads\\\/2021\\\/02\\\/592.jpg\",\"@id\":\"https:\\\/\\\/allasorias.hu\\\/hirek\\\/kettevalt-a-munkaeropiac\\\/#mainImage\",\"width\":1920,\"height\":1358,\"caption\":\"Business concept illustration of a businessman equal as four businessmen\"},\"primaryImageOfPage\":{\"@id\":\"https:\\\/\\\/allasorias.hu\\\/hirek\\\/kettevalt-a-munkaeropiac\\\/#mainImage\"},\"datePublished\":\"2022-04-20T06:42:48+02:00\",\"dateModified\":\"2022-04-20T06:42:48+02:00\"},{\"@type\":\"WebSite\",\"@id\":\"https:\\\/\\\/allasorias.hu\\\/hirek\\\/#website\",\"url\":\"https:\\\/\\\/allasorias.hu\\\/hirek\\\/\",\"name\":\"AllasOrias.hu | H\\u00edrek-lapszemle\",\"description\":\"\\u00dczleti h\\u00edrek az \\u00e1ll\\u00e1s \\u00e9s a munka vil\\u00e1g\\u00e1b\\u00f3l\",\"inLanguage\":\"hu-HU\",\"publisher\":{\"@id\":\"https:\\\/\\\/allasorias.hu\\\/hirek\\\/#organization\"}}]}\n\t\t<\/script>\n\t\t<!-- All in One SEO -->\n\n","aioseo_head_json":{"title":"Kett\u00e9v\u00e1lt a munkaer\u0151piac | AllasOrias.hu | H\u00edrek-lapszemle","description":"T\u00f6bb magyarorsz\u00e1gi megye l\u00e9nyeg\u00e9ben el\u00e9rte a teljes foglalkoztat\u00e1st, \u00e1m tov\u00e1bbra is kett\u00e9szak\u00edtotts\u00e1g jellemzi a hazai munkaer\u0151piacot \u2013 ez der\u00fcl ki a K\u00f6zponti Statisztikai Hivatal F\u00f3kuszban a megy\u00e9k \u2013 T\u00e9rs\u00e9gi \u00f6sszehasonl\u00edt\u00e1s c\u00edm\u0171 tavalyi, negyedik negyed\u00e9ves \u00e9s eg\u00e9sz \u00e9ves adatokat \u00f6sszegz\u0151 kiadv\u00e1ny\u00e1b\u00f3l. Tov\u00e1bbra is k\u00e9tarc\u00fa a hazai munkaer\u0151piac, mik\u00f6zben Csongr\u00e1d-Csan\u00e1d megy\u00e9ben 1,1 sz\u00e1zal\u00e9k az \u00e1ll\u00e1stalanok ar\u00e1nya, addig","canonical_url":"https:\/\/allasorias.hu\/hirek\/kettevalt-a-munkaeropiac\/","robots":"max-image-preview:large","keywords":"","webmasterTools":{"miscellaneous":""},"schema":{"@context":"https:\/\/schema.org","@graph":[{"@type":"Article","@id":"https:\/\/allasorias.hu\/hirek\/kettevalt-a-munkaeropiac\/#article","name":"Kett\u00e9v\u00e1lt a munkaer\u0151piac | AllasOrias.hu | H\u00edrek-lapszemle","headline":"Kett\u00e9v\u00e1lt a munkaer\u0151piac","author":{"@id":"https:\/\/allasorias.hu\/hirek\/author\/admin-allasorias\/#author"},"publisher":{"@id":"https:\/\/allasorias.hu\/hirek\/#organization"},"image":{"@type":"ImageObject","url":"https:\/\/allasorias.hu\/hirek\/wp-content\/uploads\/2021\/02\/592.jpg","width":1920,"height":1358,"caption":"Business concept illustration of a businessman equal as four businessmen"},"datePublished":"2022-04-20T06:42:48+02:00","dateModified":"2022-04-20T06:42:48+02:00","inLanguage":"hu-HU","mainEntityOfPage":{"@id":"https:\/\/allasorias.hu\/hirek\/kettevalt-a-munkaeropiac\/#webpage"},"isPartOf":{"@id":"https:\/\/allasorias.hu\/hirek\/kettevalt-a-munkaeropiac\/#webpage"},"articleSection":"Munkaer\u0151piac"},{"@type":"BreadcrumbList","@id":"https:\/\/allasorias.hu\/hirek\/kettevalt-a-munkaeropiac\/#breadcrumblist","itemListElement":[{"@type":"ListItem","@id":"https:\/\/allasorias.hu\/hirek#listItem","position":1,"name":"Home","item":"https:\/\/allasorias.hu\/hirek","nextItem":{"@type":"ListItem","@id":"https:\/\/allasorias.hu\/hirek\/temak\/munkaeropiac\/#listItem","name":"Munkaer\u0151piac"}},{"@type":"ListItem","@id":"https:\/\/allasorias.hu\/hirek\/temak\/munkaeropiac\/#listItem","position":2,"name":"Munkaer\u0151piac","item":"https:\/\/allasorias.hu\/hirek\/temak\/munkaeropiac\/","nextItem":{"@type":"ListItem","@id":"https:\/\/allasorias.hu\/hirek\/kettevalt-a-munkaeropiac\/#listItem","name":"Kett\u00e9v\u00e1lt a munkaer\u0151piac"},"previousItem":{"@type":"ListItem","@id":"https:\/\/allasorias.hu\/hirek#listItem","name":"Home"}},{"@type":"ListItem","@id":"https:\/\/allasorias.hu\/hirek\/kettevalt-a-munkaeropiac\/#listItem","position":3,"name":"Kett\u00e9v\u00e1lt a munkaer\u0151piac","previousItem":{"@type":"ListItem","@id":"https:\/\/allasorias.hu\/hirek\/temak\/munkaeropiac\/#listItem","name":"Munkaer\u0151piac"}}]},{"@type":"Organization","@id":"https:\/\/allasorias.hu\/hirek\/#organization","name":"AllasOrias.hu | H\u00edrek-lapszemle","description":"\u00dczleti h\u00edrek az \u00e1ll\u00e1s \u00e9s a munka vil\u00e1g\u00e1b\u00f3l","url":"https:\/\/allasorias.hu\/hirek\/","logo":{"@type":"ImageObject","url":"https:\/\/allasorias.hu\/hirek\/wp-content\/uploads\/2022\/10\/allasorias_site_facebok_logo.png","@id":"https:\/\/allasorias.hu\/hirek\/kettevalt-a-munkaeropiac\/#organizationLogo"},"image":{"@id":"https:\/\/allasorias.hu\/hirek\/kettevalt-a-munkaeropiac\/#organizationLogo"},"sameAs":["https:\/\/www.facebook.com\/allasorias","https:\/\/www.linkedin.com\/company\/allasorias"]},{"@type":"Person","@id":"https:\/\/allasorias.hu\/hirek\/author\/admin-allasorias\/#author","url":"https:\/\/allasorias.hu\/hirek\/author\/admin-allasorias\/","name":"Juh\u00e1sz P\u00e9ter","image":{"@type":"ImageObject","@id":"https:\/\/allasorias.hu\/hirek\/kettevalt-a-munkaeropiac\/#authorImage","url":"https:\/\/secure.gravatar.com\/avatar\/36e6bcb83148978b992977cb0f54d22feb0cce8a0a849a9410532bb2623ba4c6?s=96&d=mm&r=g","width":96,"height":96,"caption":"Juh\u00e1sz P\u00e9ter"}},{"@type":"WebPage","@id":"https:\/\/allasorias.hu\/hirek\/kettevalt-a-munkaeropiac\/#webpage","url":"https:\/\/allasorias.hu\/hirek\/kettevalt-a-munkaeropiac\/","name":"Kett\u00e9v\u00e1lt a munkaer\u0151piac | AllasOrias.hu | H\u00edrek-lapszemle","description":"T\u00f6bb magyarorsz\u00e1gi megye l\u00e9nyeg\u00e9ben el\u00e9rte a teljes foglalkoztat\u00e1st, \u00e1m tov\u00e1bbra is kett\u00e9szak\u00edtotts\u00e1g jellemzi a hazai munkaer\u0151piacot \u2013 ez der\u00fcl ki a K\u00f6zponti Statisztikai Hivatal F\u00f3kuszban a megy\u00e9k \u2013 T\u00e9rs\u00e9gi \u00f6sszehasonl\u00edt\u00e1s c\u00edm\u0171 tavalyi, negyedik negyed\u00e9ves \u00e9s eg\u00e9sz \u00e9ves adatokat \u00f6sszegz\u0151 kiadv\u00e1ny\u00e1b\u00f3l. Tov\u00e1bbra is k\u00e9tarc\u00fa a hazai munkaer\u0151piac, mik\u00f6zben Csongr\u00e1d-Csan\u00e1d megy\u00e9ben 1,1 sz\u00e1zal\u00e9k az \u00e1ll\u00e1stalanok ar\u00e1nya, addig","inLanguage":"hu-HU","isPartOf":{"@id":"https:\/\/allasorias.hu\/hirek\/#website"},"breadcrumb":{"@id":"https:\/\/allasorias.hu\/hirek\/kettevalt-a-munkaeropiac\/#breadcrumblist"},"author":{"@id":"https:\/\/allasorias.hu\/hirek\/author\/admin-allasorias\/#author"},"creator":{"@id":"https:\/\/allasorias.hu\/hirek\/author\/admin-allasorias\/#author"},"image":{"@type":"ImageObject","url":"https:\/\/allasorias.hu\/hirek\/wp-content\/uploads\/2021\/02\/592.jpg","@id":"https:\/\/allasorias.hu\/hirek\/kettevalt-a-munkaeropiac\/#mainImage","width":1920,"height":1358,"caption":"Business concept illustration of a businessman equal as four businessmen"},"primaryImageOfPage":{"@id":"https:\/\/allasorias.hu\/hirek\/kettevalt-a-munkaeropiac\/#mainImage"},"datePublished":"2022-04-20T06:42:48+02:00","dateModified":"2022-04-20T06:42:48+02:00"},{"@type":"WebSite","@id":"https:\/\/allasorias.hu\/hirek\/#website","url":"https:\/\/allasorias.hu\/hirek\/","name":"AllasOrias.hu | H\u00edrek-lapszemle","description":"\u00dczleti h\u00edrek az \u00e1ll\u00e1s \u00e9s a munka vil\u00e1g\u00e1b\u00f3l","inLanguage":"hu-HU","publisher":{"@id":"https:\/\/allasorias.hu\/hirek\/#organization"}}]},"og:locale":"hu_HU","og:site_name":"AllasOrias.hu | H\u00edrek-lapszemle | \u00dczleti h\u00edrek az \u00e1ll\u00e1s \u00e9s a munka vil\u00e1g\u00e1b\u00f3l","og:type":"article","og:title":"Kett\u00e9v\u00e1lt a munkaer\u0151piac | AllasOrias.hu | H\u00edrek-lapszemle","og:description":"T\u00f6bb magyarorsz\u00e1gi megye l\u00e9nyeg\u00e9ben el\u00e9rte a teljes foglalkoztat\u00e1st, \u00e1m tov\u00e1bbra is kett\u00e9szak\u00edtotts\u00e1g jellemzi a hazai munkaer\u0151piacot \u2013 ez der\u00fcl ki a K\u00f6zponti Statisztikai Hivatal F\u00f3kuszban a megy\u00e9k \u2013 T\u00e9rs\u00e9gi \u00f6sszehasonl\u00edt\u00e1s c\u00edm\u0171 tavalyi, negyedik negyed\u00e9ves \u00e9s eg\u00e9sz \u00e9ves adatokat \u00f6sszegz\u0151 kiadv\u00e1ny\u00e1b\u00f3l. Tov\u00e1bbra is k\u00e9tarc\u00fa a hazai munkaer\u0151piac, mik\u00f6zben Csongr\u00e1d-Csan\u00e1d megy\u00e9ben 1,1 sz\u00e1zal\u00e9k az \u00e1ll\u00e1stalanok ar\u00e1nya, addig","og:url":"https:\/\/allasorias.hu\/hirek\/kettevalt-a-munkaeropiac\/","og:image":"https:\/\/allasorias.hu\/hirek\/wp-content\/uploads\/2021\/02\/592.jpg","og:image:secure_url":"https:\/\/allasorias.hu\/hirek\/wp-content\/uploads\/2021\/02\/592.jpg","og:image:width":1920,"og:image:height":1358,"article:published_time":"2022-04-20T06:42:48+00:00","article:modified_time":"2022-04-20T06:42:48+00:00","article:publisher":"https:\/\/www.facebook.com\/allasorias","twitter:card":"summary_large_image","twitter:title":"Kett\u00e9v\u00e1lt a munkaer\u0151piac | AllasOrias.hu | H\u00edrek-lapszemle","twitter:description":"T\u00f6bb magyarorsz\u00e1gi megye l\u00e9nyeg\u00e9ben el\u00e9rte a teljes foglalkoztat\u00e1st, \u00e1m tov\u00e1bbra is kett\u00e9szak\u00edtotts\u00e1g jellemzi a hazai munkaer\u0151piacot \u2013 ez der\u00fcl ki a K\u00f6zponti Statisztikai Hivatal F\u00f3kuszban a megy\u00e9k \u2013 T\u00e9rs\u00e9gi \u00f6sszehasonl\u00edt\u00e1s c\u00edm\u0171 tavalyi, negyedik negyed\u00e9ves \u00e9s eg\u00e9sz \u00e9ves adatokat \u00f6sszegz\u0151 kiadv\u00e1ny\u00e1b\u00f3l. Tov\u00e1bbra is k\u00e9tarc\u00fa a hazai munkaer\u0151piac, mik\u00f6zben Csongr\u00e1d-Csan\u00e1d megy\u00e9ben 1,1 sz\u00e1zal\u00e9k az \u00e1ll\u00e1stalanok ar\u00e1nya, addig","twitter:image":"https:\/\/allasorias.hu\/hirek\/wp-content\/uploads\/2021\/02\/592.jpg","twitter:label1":"Written by","twitter:data1":"Juh\u00e1sz P\u00e9ter","twitter:label2":"Est. reading time","twitter:data2":"4 minutes"},"aioseo_meta_data":{"post_id":"5513","title":null,"description":null,"keywords":[],"keyphrases":{"focus":{"keyphrase":"","score":0,"analysis":{"keyphraseInTitle":{"score":0,"maxScore":9,"error":1}}},"additional":[]},"primary_term":null,"canonical_url":null,"og_title":null,"og_description":null,"og_object_type":"default","og_image_type":"default","og_image_url":null,"og_image_width":null,"og_image_height":null,"og_image_custom_url":null,"og_image_custom_fields":null,"og_video":"","og_custom_url":null,"og_article_section":null,"og_article_tags":[],"twitter_use_og":false,"twitter_card":"default","twitter_image_type":"default","twitter_image_url":null,"twitter_image_custom_url":null,"twitter_image_custom_fields":null,"twitter_title":null,"twitter_description":null,"schema":{"blockGraphs":[],"customGraphs":[],"default":{"data":{"Article":[],"Course":[],"Dataset":[],"FAQPage":[],"Movie":[],"Person":[],"Product":[],"ProductReview":[],"Car":[],"Recipe":[],"Service":[],"SoftwareApplication":[],"WebPage":[]},"graphName":"","isEnabled":true},"graphs":[],"defaultGraph":"Article","defaultPostTypeGraph":""},"schema_type":"default","schema_type_options":"{\"article\":{\"articleType\":\"BlogPosting\"},\"course\":{\"name\":\"\",\"description\":\"\",\"provider\":\"\"},\"faq\":{\"pages\":[]},\"product\":{\"reviews\":[]},\"recipe\":{\"ingredients\":[],\"instructions\":[],\"keywords\":[]},\"software\":{\"reviews\":[],\"operatingSystems\":[]},\"webPage\":{\"webPageType\":\"WebPage\"}}","pillar_content":false,"robots_default":true,"robots_noindex":false,"robots_noarchive":false,"robots_nosnippet":false,"robots_nofollow":false,"robots_noimageindex":false,"robots_noodp":false,"robots_notranslate":false,"robots_max_snippet":"-1","robots_max_videopreview":"-1","robots_max_imagepreview":"large","priority":null,"frequency":"default","location":null,"local_seo":null,"breadcrumb_settings":null,"limit_modified_date":false,"ai":null,"created":"2022-04-20 06:41:21","updated":"2025-10-02 16:54:21","seo_analyzer_scan_date":null,"focus_keyword":null,"additional_keywords":null,"truseo_locale":null},"aioseo_breadcrumb":"<div class=\"aioseo-breadcrumbs\"><span class=\"aioseo-breadcrumb\">\n\t\t\t<a href=\"https:\/\/allasorias.hu\/hirek\" title=\"Home\">Home<\/a>\n\t\t<\/span><span class=\"aioseo-breadcrumb-separator\">&raquo;<\/span><span class=\"aioseo-breadcrumb\">\n\t\t\t<a href=\"https:\/\/allasorias.hu\/hirek\/temak\/munkaeropiac\/\" title=\"Munkaer\u0151piac\">Munkaer\u0151piac<\/a>\n\t\t<\/span><span class=\"aioseo-breadcrumb-separator\">&raquo;<\/span><span class=\"aioseo-breadcrumb\">\n\t\t\tKett\u00e9v\u00e1lt a munkaer\u0151piac\n\t\t<\/span><\/div>","aioseo_breadcrumb_json":[{"label":"Home","link":"https:\/\/allasorias.hu\/hirek"},{"label":"Munkaer\u0151piac","link":"https:\/\/allasorias.hu\/hirek\/temak\/munkaeropiac\/"},{"label":"Kett\u00e9v\u00e1lt a munkaer\u0151piac","link":"https:\/\/allasorias.hu\/hirek\/kettevalt-a-munkaeropiac\/"}],"_links":{"self":[{"href":"https:\/\/allasorias.hu\/hirek\/wp-json\/wp\/v2\/posts\/5513","targetHints":{"allow":["GET"]}}],"collection":[{"href":"https:\/\/allasorias.hu\/hirek\/wp-json\/wp\/v2\/posts"}],"about":[{"href":"https:\/\/allasorias.hu\/hirek\/wp-json\/wp\/v2\/types\/post"}],"author":[{"embeddable":true,"href":"https:\/\/allasorias.hu\/hirek\/wp-json\/wp\/v2\/users\/1"}],"replies":[{"embeddable":true,"href":"https:\/\/allasorias.hu\/hirek\/wp-json\/wp\/v2\/comments?post=5513"}],"version-history":[{"count":1,"href":"https:\/\/allasorias.hu\/hirek\/wp-json\/wp\/v2\/posts\/5513\/revisions"}],"predecessor-version":[{"id":5514,"href":"https:\/\/allasorias.hu\/hirek\/wp-json\/wp\/v2\/posts\/5513\/revisions\/5514"}],"wp:featuredmedia":[{"embeddable":true,"href":"https:\/\/allasorias.hu\/hirek\/wp-json\/wp\/v2\/media\/4572"}],"wp:attachment":[{"href":"https:\/\/allasorias.hu\/hirek\/wp-json\/wp\/v2\/media?parent=5513"}],"wp:term":[{"taxonomy":"category","embeddable":true,"href":"https:\/\/allasorias.hu\/hirek\/wp-json\/wp\/v2\/categories?post=5513"},{"taxonomy":"post_tag","embeddable":true,"href":"https:\/\/allasorias.hu\/hirek\/wp-json\/wp\/v2\/tags?post=5513"}],"curies":[{"name":"wp","href":"https:\/\/api.w.org\/{rel}","templated":true}]}}