{"id":5497,"date":"2022-04-08T06:49:54","date_gmt":"2022-04-08T06:49:54","guid":{"rendered":"https:\/\/allasorias.hu\/hirek\/?p=5497"},"modified":"2023-02-08T09:07:57","modified_gmt":"2023-02-08T09:07:57","slug":"rovidebb-lesz-a-munkahet-az-angoloknal","status":"publish","type":"post","link":"https:\/\/allasorias.hu\/hirek\/rovidebb-lesz-a-munkahet-az-angoloknal\/","title":{"rendered":"R\u00f6videbb lesz a munkah\u00e9t az angolokn\u00e1l"},"content":{"rendered":"<p><strong>R\u00f6vid\u00edtett munkah\u00e9ttel pr\u00f3b\u00e1lkoznak Nagy-Britanni\u00e1ban,\u00a0 az otthoni munk\u00e1t is prefer\u00e1lj\u00e1k a szigetorsz\u00e1gban. A pand\u00e9mia jelent\u0151sen \u00e1tform\u00e1lta a munkaer\u0151piacot az eg\u00e9sz vil\u00e1gon. Nagy-Britanni\u00e1ban hamarosan t\u00f6bb ezer munkav\u00e1llal\u00f3val belev\u00e1gnak a n\u00e9gynapos munkah\u00e9t tesztel\u00e9s\u00e9be.\u00a0 <\/strong><\/p>\n<p>Ez a <a href=\"https:\/\/allasorias.hu\/hirek\/negynapos-munkahetet-terveznek-a-nemetek\/\">k\u00eds\u00e9rlet<\/a> vil\u00e1gviszonylatban az egyik legnagyobb ilyen t\u00edpus\u00fa kezdem\u00e9nyez\u00e9snek sz\u00e1m\u00edt.\u00a0 A c\u00e9gek az\u00e9rt pr\u00f3b\u00e1lkoznak a r\u00f6vid\u00edtett munkah\u00e9ttel, hogy vonz\u00f3bb\u00e1 tegy\u00e9k a munkahelyeket a nagy lez\u00e1r\u00e1sok ut\u00e1ni visszat\u00e9r\u00e9shez. A munkav\u00e1llal\u00f3k megszokt\u00e1k a home office \u00e9letform\u00e1t, amely nagyobb rugalmass\u00e1got adott nekik. A brit k\u00eds\u00e9rletben 60 c\u00e9g h\u00e1romezer dolgoz\u00f3ja pr\u00f3b\u00e1lhatja ki ezt a k\u00eds\u00e9rletet j\u00faniust\u00f3l-decemberig terjed\u0151 id\u0151szakban &#8211; irta az index.hu. A j\u00f3 h\u00edr az, hogy a munkav\u00e1llal\u00f3k b\u00e9re nem cs\u00f6kkenhet a 4 napos munkarendben, viszont a teljes\u00edtm\u00e9ny\u00fck sem lehet kevesebb. A brit vezet\u0151k azt v\u00e1rj\u00e1k a n\u00e9gy napos munkarendt\u0151l, hogy a dolgoz\u00f3k termel\u00e9kenys\u00e9ge m\u00e9g hat\u00e9konyabb \u00e9s motiv\u00e1ltabb lesz.<\/p>\n<p>Forr\u00e1s:naphire.hu<\/p>\n","protected":false},"excerpt":{"rendered":"<p>R\u00f6vid\u00edtett munkah\u00e9ttel pr\u00f3b\u00e1lkoznak Nagy-Britanni\u00e1ban,\u00a0 az otthoni munk\u00e1t is prefer\u00e1lj\u00e1k a szigetorsz\u00e1gban. A pand\u00e9mia jelent\u0151sen \u00e1tform\u00e1lta a munkaer\u0151piacot az eg\u00e9sz vil\u00e1gon. Nagy-Britanni\u00e1ban hamarosan t\u00f6bb ezer munkav\u00e1llal\u00f3val belev\u00e1gnak a n\u00e9gynapos munkah\u00e9t tesztel\u00e9s\u00e9be.\u00a0 Ez a k\u00eds\u00e9rlet vil\u00e1gviszonylatban az egyik legnagyobb ilyen t\u00edpus\u00fa kezdem\u00e9nyez\u00e9snek sz\u00e1m\u00edt.\u00a0 A c\u00e9gek az\u00e9rt pr\u00f3b\u00e1lkoznak a r\u00f6vid\u00edtett munkah\u00e9ttel, hogy vonz\u00f3bb\u00e1 tegy\u00e9k a munkahelyeket a nagy [&hellip;]<\/p>\n","protected":false},"author":1,"featured_media":5498,"comment_status":"open","ping_status":"open","sticky":false,"template":"","format":"standard","meta":{"_monsterinsights_skip_tracking":false,"footnotes":""},"categories":[201],"tags":[],"class_list":["post-5497","post","type-post","status-publish","format-standard","has-post-thumbnail","hentry","category-kulfold"],"aioseo_notices":[],"aioseo_head":"\n\t\t<!-- All in One SEO 5.0.0.1 - aioseo.com -->\n\t<meta name=\"description\" content=\"R\u00f6vid\u00edtett munkah\u00e9ttel pr\u00f3b\u00e1lkoznak Nagy-Britanni\u00e1ban, az otthoni munk\u00e1t is prefer\u00e1lj\u00e1k a szigetorsz\u00e1gban. A pand\u00e9mia jelent\u0151sen \u00e1tform\u00e1lta a munkaer\u0151piacot az eg\u00e9sz vil\u00e1gon. Nagy-Britanni\u00e1ban hamarosan t\u00f6bb ezer munkav\u00e1llal\u00f3val belev\u00e1gnak a n\u00e9gynapos munkah\u00e9t tesztel\u00e9s\u00e9be. Ez a k\u00eds\u00e9rlet vil\u00e1gviszonylatban az egyik legnagyobb ilyen t\u00edpus\u00fa kezdem\u00e9nyez\u00e9snek sz\u00e1m\u00edt. A c\u00e9gek az\u00e9rt pr\u00f3b\u00e1lkoznak a r\u00f6vid\u00edtett munkah\u00e9ttel, hogy vonz\u00f3bb\u00e1 tegy\u00e9k a munkahelyeket a nagy\" \/>\n\t<meta name=\"robots\" content=\"max-image-preview:large\" \/>\n\t<meta name=\"author\" content=\"Juh\u00e1sz P\u00e9ter\"\/>\n\t<link rel=\"canonical\" href=\"https:\/\/allasorias.hu\/hirek\/rovidebb-lesz-a-munkahet-az-angoloknal\/\" \/>\n\t<meta name=\"generator\" content=\"All in One SEO (AIOSEO) 5.0.0.1\" \/>\n\t\t<meta property=\"og:locale\" content=\"hu_HU\" \/>\n\t\t<meta property=\"og:site_name\" content=\"AllasOrias.hu | H\u00edrek-lapszemle | \u00dczleti h\u00edrek az \u00e1ll\u00e1s \u00e9s a munka vil\u00e1g\u00e1b\u00f3l\" \/>\n\t\t<meta property=\"og:type\" content=\"article\" \/>\n\t\t<meta property=\"og:title\" content=\"R\u00f6videbb lesz a munkah\u00e9t az angolokn\u00e1l | AllasOrias.hu | H\u00edrek-lapszemle\" \/>\n\t\t<meta property=\"og:description\" content=\"R\u00f6vid\u00edtett munkah\u00e9ttel pr\u00f3b\u00e1lkoznak Nagy-Britanni\u00e1ban, az otthoni munk\u00e1t is prefer\u00e1lj\u00e1k a szigetorsz\u00e1gban. A pand\u00e9mia jelent\u0151sen \u00e1tform\u00e1lta a munkaer\u0151piacot az eg\u00e9sz vil\u00e1gon. Nagy-Britanni\u00e1ban hamarosan t\u00f6bb ezer munkav\u00e1llal\u00f3val belev\u00e1gnak a n\u00e9gynapos munkah\u00e9t tesztel\u00e9s\u00e9be. Ez a k\u00eds\u00e9rlet vil\u00e1gviszonylatban az egyik legnagyobb ilyen t\u00edpus\u00fa kezdem\u00e9nyez\u00e9snek sz\u00e1m\u00edt. A c\u00e9gek az\u00e9rt pr\u00f3b\u00e1lkoznak a r\u00f6vid\u00edtett munkah\u00e9ttel, hogy vonz\u00f3bb\u00e1 tegy\u00e9k a munkahelyeket a nagy\" \/>\n\t\t<meta property=\"og:url\" content=\"https:\/\/allasorias.hu\/hirek\/rovidebb-lesz-a-munkahet-az-angoloknal\/\" \/>\n\t\t<meta property=\"og:image\" content=\"https:\/\/allasorias.hu\/hirek\/wp-content\/uploads\/2022\/04\/businessman-marking-calendar-appointment.jpg\" \/>\n\t\t<meta property=\"og:image:secure_url\" content=\"https:\/\/allasorias.hu\/hirek\/wp-content\/uploads\/2022\/04\/businessman-marking-calendar-appointment.jpg\" \/>\n\t\t<meta property=\"og:image:width\" content=\"1920\" \/>\n\t\t<meta property=\"og:image:height\" content=\"1280\" \/>\n\t\t<meta property=\"article:published_time\" content=\"2022-04-08T06:49:54+00:00\" \/>\n\t\t<meta property=\"article:modified_time\" content=\"2023-02-08T09:07:57+00:00\" \/>\n\t\t<meta property=\"article:publisher\" content=\"https:\/\/www.facebook.com\/allasorias\" \/>\n\t\t<meta name=\"twitter:card\" content=\"summary_large_image\" \/>\n\t\t<meta name=\"twitter:title\" content=\"R\u00f6videbb lesz a munkah\u00e9t az angolokn\u00e1l | AllasOrias.hu | H\u00edrek-lapszemle\" \/>\n\t\t<meta name=\"twitter:description\" content=\"R\u00f6vid\u00edtett munkah\u00e9ttel pr\u00f3b\u00e1lkoznak Nagy-Britanni\u00e1ban, az otthoni munk\u00e1t is prefer\u00e1lj\u00e1k a szigetorsz\u00e1gban. A pand\u00e9mia jelent\u0151sen \u00e1tform\u00e1lta a munkaer\u0151piacot az eg\u00e9sz vil\u00e1gon. Nagy-Britanni\u00e1ban hamarosan t\u00f6bb ezer munkav\u00e1llal\u00f3val belev\u00e1gnak a n\u00e9gynapos munkah\u00e9t tesztel\u00e9s\u00e9be. Ez a k\u00eds\u00e9rlet vil\u00e1gviszonylatban az egyik legnagyobb ilyen t\u00edpus\u00fa kezdem\u00e9nyez\u00e9snek sz\u00e1m\u00edt. A c\u00e9gek az\u00e9rt pr\u00f3b\u00e1lkoznak a r\u00f6vid\u00edtett munkah\u00e9ttel, hogy vonz\u00f3bb\u00e1 tegy\u00e9k a munkahelyeket a nagy\" \/>\n\t\t<meta name=\"twitter:image\" content=\"https:\/\/allasorias.hu\/hirek\/wp-content\/uploads\/2022\/04\/businessman-marking-calendar-appointment.jpg\" \/>\n\t\t<meta name=\"twitter:label1\" content=\"Written by\" \/>\n\t\t<meta name=\"twitter:data1\" content=\"Juh\u00e1sz P\u00e9ter\" \/>\n\t\t<meta name=\"twitter:label2\" content=\"Est. reading time\" \/>\n\t\t<meta name=\"twitter:data2\" content=\"1 minute\" \/>\n\t\t<script type=\"application\/ld+json\" class=\"aioseo-schema\">\n\t\t\t{\"@context\":\"https:\\\/\\\/schema.org\",\"@graph\":[{\"@type\":\"Article\",\"@id\":\"https:\\\/\\\/allasorias.hu\\\/hirek\\\/rovidebb-lesz-a-munkahet-az-angoloknal\\\/#article\",\"name\":\"R\\u00f6videbb lesz a munkah\\u00e9t az angolokn\\u00e1l | AllasOrias.hu | H\\u00edrek-lapszemle\",\"headline\":\"R\\u00f6videbb lesz a munkah\\u00e9t az angolokn\\u00e1l\",\"author\":{\"@id\":\"https:\\\/\\\/allasorias.hu\\\/hirek\\\/author\\\/admin-allasorias\\\/#author\"},\"publisher\":{\"@id\":\"https:\\\/\\\/allasorias.hu\\\/hirek\\\/#organization\"},\"image\":{\"@type\":\"ImageObject\",\"url\":\"https:\\\/\\\/allasorias.hu\\\/hirek\\\/wp-content\\\/uploads\\\/2022\\\/04\\\/businessman-marking-calendar-appointment.jpg\",\"width\":1920,\"height\":1280,\"caption\":\"Businessman marking on calendar for an appointment\"},\"datePublished\":\"2022-04-08T06:49:54+02:00\",\"dateModified\":\"2023-02-08T09:07:57+02:00\",\"inLanguage\":\"hu-HU\",\"mainEntityOfPage\":{\"@id\":\"https:\\\/\\\/allasorias.hu\\\/hirek\\\/rovidebb-lesz-a-munkahet-az-angoloknal\\\/#webpage\"},\"isPartOf\":{\"@id\":\"https:\\\/\\\/allasorias.hu\\\/hirek\\\/rovidebb-lesz-a-munkahet-az-angoloknal\\\/#webpage\"},\"articleSection\":\"K\\u00fclf\\u00f6ld\"},{\"@type\":\"BreadcrumbList\",\"@id\":\"https:\\\/\\\/allasorias.hu\\\/hirek\\\/rovidebb-lesz-a-munkahet-az-angoloknal\\\/#breadcrumblist\",\"itemListElement\":[{\"@type\":\"ListItem\",\"@id\":\"https:\\\/\\\/allasorias.hu\\\/hirek#listItem\",\"position\":1,\"name\":\"Home\",\"item\":\"https:\\\/\\\/allasorias.hu\\\/hirek\",\"nextItem\":{\"@type\":\"ListItem\",\"@id\":\"https:\\\/\\\/allasorias.hu\\\/hirek\\\/temak\\\/kulfold\\\/#listItem\",\"name\":\"K\\u00fclf\\u00f6ld\"}},{\"@type\":\"ListItem\",\"@id\":\"https:\\\/\\\/allasorias.hu\\\/hirek\\\/temak\\\/kulfold\\\/#listItem\",\"position\":2,\"name\":\"K\\u00fclf\\u00f6ld\",\"item\":\"https:\\\/\\\/allasorias.hu\\\/hirek\\\/temak\\\/kulfold\\\/\",\"nextItem\":{\"@type\":\"ListItem\",\"@id\":\"https:\\\/\\\/allasorias.hu\\\/hirek\\\/rovidebb-lesz-a-munkahet-az-angoloknal\\\/#listItem\",\"name\":\"R\\u00f6videbb lesz a munkah\\u00e9t az angolokn\\u00e1l\"},\"previousItem\":{\"@type\":\"ListItem\",\"@id\":\"https:\\\/\\\/allasorias.hu\\\/hirek#listItem\",\"name\":\"Home\"}},{\"@type\":\"ListItem\",\"@id\":\"https:\\\/\\\/allasorias.hu\\\/hirek\\\/rovidebb-lesz-a-munkahet-az-angoloknal\\\/#listItem\",\"position\":3,\"name\":\"R\\u00f6videbb lesz a munkah\\u00e9t az angolokn\\u00e1l\",\"previousItem\":{\"@type\":\"ListItem\",\"@id\":\"https:\\\/\\\/allasorias.hu\\\/hirek\\\/temak\\\/kulfold\\\/#listItem\",\"name\":\"K\\u00fclf\\u00f6ld\"}}]},{\"@type\":\"Organization\",\"@id\":\"https:\\\/\\\/allasorias.hu\\\/hirek\\\/#organization\",\"name\":\"AllasOrias.hu | H\\u00edrek-lapszemle\",\"description\":\"\\u00dczleti h\\u00edrek az \\u00e1ll\\u00e1s \\u00e9s a munka vil\\u00e1g\\u00e1b\\u00f3l\",\"url\":\"https:\\\/\\\/allasorias.hu\\\/hirek\\\/\",\"logo\":{\"@type\":\"ImageObject\",\"url\":\"https:\\\/\\\/allasorias.hu\\\/hirek\\\/wp-content\\\/uploads\\\/2022\\\/10\\\/allasorias_site_facebok_logo.png\",\"@id\":\"https:\\\/\\\/allasorias.hu\\\/hirek\\\/rovidebb-lesz-a-munkahet-az-angoloknal\\\/#organizationLogo\"},\"image\":{\"@id\":\"https:\\\/\\\/allasorias.hu\\\/hirek\\\/rovidebb-lesz-a-munkahet-az-angoloknal\\\/#organizationLogo\"},\"sameAs\":[\"https:\\\/\\\/www.facebook.com\\\/allasorias\",\"https:\\\/\\\/www.linkedin.com\\\/company\\\/allasorias\"]},{\"@type\":\"Person\",\"@id\":\"https:\\\/\\\/allasorias.hu\\\/hirek\\\/author\\\/admin-allasorias\\\/#author\",\"url\":\"https:\\\/\\\/allasorias.hu\\\/hirek\\\/author\\\/admin-allasorias\\\/\",\"name\":\"Juh\\u00e1sz P\\u00e9ter\",\"image\":{\"@type\":\"ImageObject\",\"@id\":\"https:\\\/\\\/allasorias.hu\\\/hirek\\\/rovidebb-lesz-a-munkahet-az-angoloknal\\\/#authorImage\",\"url\":\"https:\\\/\\\/secure.gravatar.com\\\/avatar\\\/36e6bcb83148978b992977cb0f54d22feb0cce8a0a849a9410532bb2623ba4c6?s=96&d=mm&r=g\",\"width\":96,\"height\":96,\"caption\":\"Juh\\u00e1sz P\\u00e9ter\"}},{\"@type\":\"WebPage\",\"@id\":\"https:\\\/\\\/allasorias.hu\\\/hirek\\\/rovidebb-lesz-a-munkahet-az-angoloknal\\\/#webpage\",\"url\":\"https:\\\/\\\/allasorias.hu\\\/hirek\\\/rovidebb-lesz-a-munkahet-az-angoloknal\\\/\",\"name\":\"R\\u00f6videbb lesz a munkah\\u00e9t az angolokn\\u00e1l | AllasOrias.hu | H\\u00edrek-lapszemle\",\"description\":\"R\\u00f6vid\\u00edtett munkah\\u00e9ttel pr\\u00f3b\\u00e1lkoznak Nagy-Britanni\\u00e1ban, az otthoni munk\\u00e1t is prefer\\u00e1lj\\u00e1k a szigetorsz\\u00e1gban. A pand\\u00e9mia jelent\\u0151sen \\u00e1tform\\u00e1lta a munkaer\\u0151piacot az eg\\u00e9sz vil\\u00e1gon. Nagy-Britanni\\u00e1ban hamarosan t\\u00f6bb ezer munkav\\u00e1llal\\u00f3val belev\\u00e1gnak a n\\u00e9gynapos munkah\\u00e9t tesztel\\u00e9s\\u00e9be. Ez a k\\u00eds\\u00e9rlet vil\\u00e1gviszonylatban az egyik legnagyobb ilyen t\\u00edpus\\u00fa kezdem\\u00e9nyez\\u00e9snek sz\\u00e1m\\u00edt. A c\\u00e9gek az\\u00e9rt pr\\u00f3b\\u00e1lkoznak a r\\u00f6vid\\u00edtett munkah\\u00e9ttel, hogy vonz\\u00f3bb\\u00e1 tegy\\u00e9k a munkahelyeket a nagy\",\"inLanguage\":\"hu-HU\",\"isPartOf\":{\"@id\":\"https:\\\/\\\/allasorias.hu\\\/hirek\\\/#website\"},\"breadcrumb\":{\"@id\":\"https:\\\/\\\/allasorias.hu\\\/hirek\\\/rovidebb-lesz-a-munkahet-az-angoloknal\\\/#breadcrumblist\"},\"author\":{\"@id\":\"https:\\\/\\\/allasorias.hu\\\/hirek\\\/author\\\/admin-allasorias\\\/#author\"},\"creator\":{\"@id\":\"https:\\\/\\\/allasorias.hu\\\/hirek\\\/author\\\/admin-allasorias\\\/#author\"},\"image\":{\"@type\":\"ImageObject\",\"url\":\"https:\\\/\\\/allasorias.hu\\\/hirek\\\/wp-content\\\/uploads\\\/2022\\\/04\\\/businessman-marking-calendar-appointment.jpg\",\"@id\":\"https:\\\/\\\/allasorias.hu\\\/hirek\\\/rovidebb-lesz-a-munkahet-az-angoloknal\\\/#mainImage\",\"width\":1920,\"height\":1280,\"caption\":\"Businessman marking on calendar for an appointment\"},\"primaryImageOfPage\":{\"@id\":\"https:\\\/\\\/allasorias.hu\\\/hirek\\\/rovidebb-lesz-a-munkahet-az-angoloknal\\\/#mainImage\"},\"datePublished\":\"2022-04-08T06:49:54+02:00\",\"dateModified\":\"2023-02-08T09:07:57+02:00\"},{\"@type\":\"WebSite\",\"@id\":\"https:\\\/\\\/allasorias.hu\\\/hirek\\\/#website\",\"url\":\"https:\\\/\\\/allasorias.hu\\\/hirek\\\/\",\"name\":\"AllasOrias.hu | H\\u00edrek-lapszemle\",\"description\":\"\\u00dczleti h\\u00edrek az \\u00e1ll\\u00e1s \\u00e9s a munka vil\\u00e1g\\u00e1b\\u00f3l\",\"inLanguage\":\"hu-HU\",\"publisher\":{\"@id\":\"https:\\\/\\\/allasorias.hu\\\/hirek\\\/#organization\"}}]}\n\t\t<\/script>\n\t\t<!-- All in One SEO -->\n\n","aioseo_head_json":{"title":"R\u00f6videbb lesz a munkah\u00e9t az angolokn\u00e1l | AllasOrias.hu | H\u00edrek-lapszemle","description":"R\u00f6vid\u00edtett munkah\u00e9ttel pr\u00f3b\u00e1lkoznak Nagy-Britanni\u00e1ban, az otthoni munk\u00e1t is prefer\u00e1lj\u00e1k a szigetorsz\u00e1gban. A pand\u00e9mia jelent\u0151sen \u00e1tform\u00e1lta a munkaer\u0151piacot az eg\u00e9sz vil\u00e1gon. Nagy-Britanni\u00e1ban hamarosan t\u00f6bb ezer munkav\u00e1llal\u00f3val belev\u00e1gnak a n\u00e9gynapos munkah\u00e9t tesztel\u00e9s\u00e9be. Ez a k\u00eds\u00e9rlet vil\u00e1gviszonylatban az egyik legnagyobb ilyen t\u00edpus\u00fa kezdem\u00e9nyez\u00e9snek sz\u00e1m\u00edt. A c\u00e9gek az\u00e9rt pr\u00f3b\u00e1lkoznak a r\u00f6vid\u00edtett munkah\u00e9ttel, hogy vonz\u00f3bb\u00e1 tegy\u00e9k a munkahelyeket a nagy","canonical_url":"https:\/\/allasorias.hu\/hirek\/rovidebb-lesz-a-munkahet-az-angoloknal\/","robots":"max-image-preview:large","keywords":"","webmasterTools":{"miscellaneous":""},"schema":{"@context":"https:\/\/schema.org","@graph":[{"@type":"Article","@id":"https:\/\/allasorias.hu\/hirek\/rovidebb-lesz-a-munkahet-az-angoloknal\/#article","name":"R\u00f6videbb lesz a munkah\u00e9t az angolokn\u00e1l | AllasOrias.hu | H\u00edrek-lapszemle","headline":"R\u00f6videbb lesz a munkah\u00e9t az angolokn\u00e1l","author":{"@id":"https:\/\/allasorias.hu\/hirek\/author\/admin-allasorias\/#author"},"publisher":{"@id":"https:\/\/allasorias.hu\/hirek\/#organization"},"image":{"@type":"ImageObject","url":"https:\/\/allasorias.hu\/hirek\/wp-content\/uploads\/2022\/04\/businessman-marking-calendar-appointment.jpg","width":1920,"height":1280,"caption":"Businessman marking on calendar for an appointment"},"datePublished":"2022-04-08T06:49:54+02:00","dateModified":"2023-02-08T09:07:57+02:00","inLanguage":"hu-HU","mainEntityOfPage":{"@id":"https:\/\/allasorias.hu\/hirek\/rovidebb-lesz-a-munkahet-az-angoloknal\/#webpage"},"isPartOf":{"@id":"https:\/\/allasorias.hu\/hirek\/rovidebb-lesz-a-munkahet-az-angoloknal\/#webpage"},"articleSection":"K\u00fclf\u00f6ld"},{"@type":"BreadcrumbList","@id":"https:\/\/allasorias.hu\/hirek\/rovidebb-lesz-a-munkahet-az-angoloknal\/#breadcrumblist","itemListElement":[{"@type":"ListItem","@id":"https:\/\/allasorias.hu\/hirek#listItem","position":1,"name":"Home","item":"https:\/\/allasorias.hu\/hirek","nextItem":{"@type":"ListItem","@id":"https:\/\/allasorias.hu\/hirek\/temak\/kulfold\/#listItem","name":"K\u00fclf\u00f6ld"}},{"@type":"ListItem","@id":"https:\/\/allasorias.hu\/hirek\/temak\/kulfold\/#listItem","position":2,"name":"K\u00fclf\u00f6ld","item":"https:\/\/allasorias.hu\/hirek\/temak\/kulfold\/","nextItem":{"@type":"ListItem","@id":"https:\/\/allasorias.hu\/hirek\/rovidebb-lesz-a-munkahet-az-angoloknal\/#listItem","name":"R\u00f6videbb lesz a munkah\u00e9t az angolokn\u00e1l"},"previousItem":{"@type":"ListItem","@id":"https:\/\/allasorias.hu\/hirek#listItem","name":"Home"}},{"@type":"ListItem","@id":"https:\/\/allasorias.hu\/hirek\/rovidebb-lesz-a-munkahet-az-angoloknal\/#listItem","position":3,"name":"R\u00f6videbb lesz a munkah\u00e9t az angolokn\u00e1l","previousItem":{"@type":"ListItem","@id":"https:\/\/allasorias.hu\/hirek\/temak\/kulfold\/#listItem","name":"K\u00fclf\u00f6ld"}}]},{"@type":"Organization","@id":"https:\/\/allasorias.hu\/hirek\/#organization","name":"AllasOrias.hu | H\u00edrek-lapszemle","description":"\u00dczleti h\u00edrek az \u00e1ll\u00e1s \u00e9s a munka vil\u00e1g\u00e1b\u00f3l","url":"https:\/\/allasorias.hu\/hirek\/","logo":{"@type":"ImageObject","url":"https:\/\/allasorias.hu\/hirek\/wp-content\/uploads\/2022\/10\/allasorias_site_facebok_logo.png","@id":"https:\/\/allasorias.hu\/hirek\/rovidebb-lesz-a-munkahet-az-angoloknal\/#organizationLogo"},"image":{"@id":"https:\/\/allasorias.hu\/hirek\/rovidebb-lesz-a-munkahet-az-angoloknal\/#organizationLogo"},"sameAs":["https:\/\/www.facebook.com\/allasorias","https:\/\/www.linkedin.com\/company\/allasorias"]},{"@type":"Person","@id":"https:\/\/allasorias.hu\/hirek\/author\/admin-allasorias\/#author","url":"https:\/\/allasorias.hu\/hirek\/author\/admin-allasorias\/","name":"Juh\u00e1sz P\u00e9ter","image":{"@type":"ImageObject","@id":"https:\/\/allasorias.hu\/hirek\/rovidebb-lesz-a-munkahet-az-angoloknal\/#authorImage","url":"https:\/\/secure.gravatar.com\/avatar\/36e6bcb83148978b992977cb0f54d22feb0cce8a0a849a9410532bb2623ba4c6?s=96&d=mm&r=g","width":96,"height":96,"caption":"Juh\u00e1sz P\u00e9ter"}},{"@type":"WebPage","@id":"https:\/\/allasorias.hu\/hirek\/rovidebb-lesz-a-munkahet-az-angoloknal\/#webpage","url":"https:\/\/allasorias.hu\/hirek\/rovidebb-lesz-a-munkahet-az-angoloknal\/","name":"R\u00f6videbb lesz a munkah\u00e9t az angolokn\u00e1l | AllasOrias.hu | H\u00edrek-lapszemle","description":"R\u00f6vid\u00edtett munkah\u00e9ttel pr\u00f3b\u00e1lkoznak Nagy-Britanni\u00e1ban, az otthoni munk\u00e1t is prefer\u00e1lj\u00e1k a szigetorsz\u00e1gban. A pand\u00e9mia jelent\u0151sen \u00e1tform\u00e1lta a munkaer\u0151piacot az eg\u00e9sz vil\u00e1gon. Nagy-Britanni\u00e1ban hamarosan t\u00f6bb ezer munkav\u00e1llal\u00f3val belev\u00e1gnak a n\u00e9gynapos munkah\u00e9t tesztel\u00e9s\u00e9be. Ez a k\u00eds\u00e9rlet vil\u00e1gviszonylatban az egyik legnagyobb ilyen t\u00edpus\u00fa kezdem\u00e9nyez\u00e9snek sz\u00e1m\u00edt. A c\u00e9gek az\u00e9rt pr\u00f3b\u00e1lkoznak a r\u00f6vid\u00edtett munkah\u00e9ttel, hogy vonz\u00f3bb\u00e1 tegy\u00e9k a munkahelyeket a nagy","inLanguage":"hu-HU","isPartOf":{"@id":"https:\/\/allasorias.hu\/hirek\/#website"},"breadcrumb":{"@id":"https:\/\/allasorias.hu\/hirek\/rovidebb-lesz-a-munkahet-az-angoloknal\/#breadcrumblist"},"author":{"@id":"https:\/\/allasorias.hu\/hirek\/author\/admin-allasorias\/#author"},"creator":{"@id":"https:\/\/allasorias.hu\/hirek\/author\/admin-allasorias\/#author"},"image":{"@type":"ImageObject","url":"https:\/\/allasorias.hu\/hirek\/wp-content\/uploads\/2022\/04\/businessman-marking-calendar-appointment.jpg","@id":"https:\/\/allasorias.hu\/hirek\/rovidebb-lesz-a-munkahet-az-angoloknal\/#mainImage","width":1920,"height":1280,"caption":"Businessman marking on calendar for an appointment"},"primaryImageOfPage":{"@id":"https:\/\/allasorias.hu\/hirek\/rovidebb-lesz-a-munkahet-az-angoloknal\/#mainImage"},"datePublished":"2022-04-08T06:49:54+02:00","dateModified":"2023-02-08T09:07:57+02:00"},{"@type":"WebSite","@id":"https:\/\/allasorias.hu\/hirek\/#website","url":"https:\/\/allasorias.hu\/hirek\/","name":"AllasOrias.hu | H\u00edrek-lapszemle","description":"\u00dczleti h\u00edrek az \u00e1ll\u00e1s \u00e9s a munka vil\u00e1g\u00e1b\u00f3l","inLanguage":"hu-HU","publisher":{"@id":"https:\/\/allasorias.hu\/hirek\/#organization"}}]},"og:locale":"hu_HU","og:site_name":"AllasOrias.hu | H\u00edrek-lapszemle | \u00dczleti h\u00edrek az \u00e1ll\u00e1s \u00e9s a munka vil\u00e1g\u00e1b\u00f3l","og:type":"article","og:title":"R\u00f6videbb lesz a munkah\u00e9t az angolokn\u00e1l | AllasOrias.hu | H\u00edrek-lapszemle","og:description":"R\u00f6vid\u00edtett munkah\u00e9ttel pr\u00f3b\u00e1lkoznak Nagy-Britanni\u00e1ban, az otthoni munk\u00e1t is prefer\u00e1lj\u00e1k a szigetorsz\u00e1gban. A pand\u00e9mia jelent\u0151sen \u00e1tform\u00e1lta a munkaer\u0151piacot az eg\u00e9sz vil\u00e1gon. Nagy-Britanni\u00e1ban hamarosan t\u00f6bb ezer munkav\u00e1llal\u00f3val belev\u00e1gnak a n\u00e9gynapos munkah\u00e9t tesztel\u00e9s\u00e9be. Ez a k\u00eds\u00e9rlet vil\u00e1gviszonylatban az egyik legnagyobb ilyen t\u00edpus\u00fa kezdem\u00e9nyez\u00e9snek sz\u00e1m\u00edt. A c\u00e9gek az\u00e9rt pr\u00f3b\u00e1lkoznak a r\u00f6vid\u00edtett munkah\u00e9ttel, hogy vonz\u00f3bb\u00e1 tegy\u00e9k a munkahelyeket a nagy","og:url":"https:\/\/allasorias.hu\/hirek\/rovidebb-lesz-a-munkahet-az-angoloknal\/","og:image":"https:\/\/allasorias.hu\/hirek\/wp-content\/uploads\/2022\/04\/businessman-marking-calendar-appointment.jpg","og:image:secure_url":"https:\/\/allasorias.hu\/hirek\/wp-content\/uploads\/2022\/04\/businessman-marking-calendar-appointment.jpg","og:image:width":1920,"og:image:height":1280,"article:published_time":"2022-04-08T06:49:54+00:00","article:modified_time":"2023-02-08T09:07:57+00:00","article:publisher":"https:\/\/www.facebook.com\/allasorias","twitter:card":"summary_large_image","twitter:title":"R\u00f6videbb lesz a munkah\u00e9t az angolokn\u00e1l | AllasOrias.hu | H\u00edrek-lapszemle","twitter:description":"R\u00f6vid\u00edtett munkah\u00e9ttel pr\u00f3b\u00e1lkoznak Nagy-Britanni\u00e1ban, az otthoni munk\u00e1t is prefer\u00e1lj\u00e1k a szigetorsz\u00e1gban. A pand\u00e9mia jelent\u0151sen \u00e1tform\u00e1lta a munkaer\u0151piacot az eg\u00e9sz vil\u00e1gon. Nagy-Britanni\u00e1ban hamarosan t\u00f6bb ezer munkav\u00e1llal\u00f3val belev\u00e1gnak a n\u00e9gynapos munkah\u00e9t tesztel\u00e9s\u00e9be. Ez a k\u00eds\u00e9rlet vil\u00e1gviszonylatban az egyik legnagyobb ilyen t\u00edpus\u00fa kezdem\u00e9nyez\u00e9snek sz\u00e1m\u00edt. A c\u00e9gek az\u00e9rt pr\u00f3b\u00e1lkoznak a r\u00f6vid\u00edtett munkah\u00e9ttel, hogy vonz\u00f3bb\u00e1 tegy\u00e9k a munkahelyeket a nagy","twitter:image":"https:\/\/allasorias.hu\/hirek\/wp-content\/uploads\/2022\/04\/businessman-marking-calendar-appointment.jpg","twitter:label1":"Written by","twitter:data1":"Juh\u00e1sz P\u00e9ter","twitter:label2":"Est. reading time","twitter:data2":"1 minute"},"aioseo_meta_data":{"post_id":"5497","title":null,"description":null,"keywords":[],"keyphrases":{"focus":{"keyphrase":"","score":0,"analysis":{"keyphraseInTitle":{"score":0,"maxScore":9,"error":1}}},"additional":[]},"primary_term":null,"canonical_url":null,"og_title":null,"og_description":null,"og_object_type":"default","og_image_type":"default","og_image_url":null,"og_image_width":null,"og_image_height":null,"og_image_custom_url":null,"og_image_custom_fields":null,"og_video":"","og_custom_url":null,"og_article_section":null,"og_article_tags":[],"twitter_use_og":false,"twitter_card":"default","twitter_image_type":"default","twitter_image_url":null,"twitter_image_custom_url":null,"twitter_image_custom_fields":null,"twitter_title":null,"twitter_description":null,"schema":{"blockGraphs":[],"customGraphs":[],"default":{"data":{"Article":[],"Course":[],"Dataset":[],"FAQPage":[],"Movie":[],"Person":[],"Product":[],"ProductReview":[],"Car":[],"Recipe":[],"Service":[],"SoftwareApplication":[],"WebPage":[]},"graphName":"Article","isEnabled":true},"graphs":[],"defaultGraph":"Article","defaultPostTypeGraph":""},"schema_type":"default","schema_type_options":"{\"article\":{\"articleType\":\"BlogPosting\"},\"course\":{\"name\":\"\",\"description\":\"\",\"provider\":\"\"},\"faq\":{\"pages\":[]},\"product\":{\"reviews\":[]},\"recipe\":{\"ingredients\":[],\"instructions\":[],\"keywords\":[]},\"software\":{\"reviews\":[],\"operatingSystems\":[]},\"webPage\":{\"webPageType\":\"WebPage\"}}","pillar_content":false,"robots_default":true,"robots_noindex":false,"robots_noarchive":false,"robots_nosnippet":false,"robots_nofollow":false,"robots_noimageindex":false,"robots_noodp":false,"robots_notranslate":false,"robots_max_snippet":"-1","robots_max_videopreview":"-1","robots_max_imagepreview":"large","priority":null,"frequency":"default","location":null,"local_seo":null,"breadcrumb_settings":null,"limit_modified_date":false,"ai":null,"created":"2022-04-08 06:46:28","updated":"2025-10-02 16:53:27","seo_analyzer_scan_date":null,"focus_keyword":null,"additional_keywords":null,"truseo_locale":null},"aioseo_breadcrumb":"<div class=\"aioseo-breadcrumbs\"><span class=\"aioseo-breadcrumb\">\n\t\t\t<a href=\"https:\/\/allasorias.hu\/hirek\" title=\"Home\">Home<\/a>\n\t\t<\/span><span class=\"aioseo-breadcrumb-separator\">&raquo;<\/span><span class=\"aioseo-breadcrumb\">\n\t\t\t<a href=\"https:\/\/allasorias.hu\/hirek\/temak\/kulfold\/\" title=\"K\u00fclf\u00f6ld\">K\u00fclf\u00f6ld<\/a>\n\t\t<\/span><span class=\"aioseo-breadcrumb-separator\">&raquo;<\/span><span class=\"aioseo-breadcrumb\">\n\t\t\tR\u00f6videbb lesz a munkah\u00e9t az angolokn\u00e1l\n\t\t<\/span><\/div>","aioseo_breadcrumb_json":[{"label":"Home","link":"https:\/\/allasorias.hu\/hirek"},{"label":"K\u00fclf\u00f6ld","link":"https:\/\/allasorias.hu\/hirek\/temak\/kulfold\/"},{"label":"R\u00f6videbb lesz a munkah\u00e9t az angolokn\u00e1l","link":"https:\/\/allasorias.hu\/hirek\/rovidebb-lesz-a-munkahet-az-angoloknal\/"}],"_links":{"self":[{"href":"https:\/\/allasorias.hu\/hirek\/wp-json\/wp\/v2\/posts\/5497","targetHints":{"allow":["GET"]}}],"collection":[{"href":"https:\/\/allasorias.hu\/hirek\/wp-json\/wp\/v2\/posts"}],"about":[{"href":"https:\/\/allasorias.hu\/hirek\/wp-json\/wp\/v2\/types\/post"}],"author":[{"embeddable":true,"href":"https:\/\/allasorias.hu\/hirek\/wp-json\/wp\/v2\/users\/1"}],"replies":[{"embeddable":true,"href":"https:\/\/allasorias.hu\/hirek\/wp-json\/wp\/v2\/comments?post=5497"}],"version-history":[{"count":2,"href":"https:\/\/allasorias.hu\/hirek\/wp-json\/wp\/v2\/posts\/5497\/revisions"}],"predecessor-version":[{"id":6215,"href":"https:\/\/allasorias.hu\/hirek\/wp-json\/wp\/v2\/posts\/5497\/revisions\/6215"}],"wp:featuredmedia":[{"embeddable":true,"href":"https:\/\/allasorias.hu\/hirek\/wp-json\/wp\/v2\/media\/5498"}],"wp:attachment":[{"href":"https:\/\/allasorias.hu\/hirek\/wp-json\/wp\/v2\/media?parent=5497"}],"wp:term":[{"taxonomy":"category","embeddable":true,"href":"https:\/\/allasorias.hu\/hirek\/wp-json\/wp\/v2\/categories?post=5497"},{"taxonomy":"post_tag","embeddable":true,"href":"https:\/\/allasorias.hu\/hirek\/wp-json\/wp\/v2\/tags?post=5497"}],"curies":[{"name":"wp","href":"https:\/\/api.w.org\/{rel}","templated":true}]}}