{"id":5493,"date":"2022-04-07T08:45:04","date_gmt":"2022-04-07T08:45:04","guid":{"rendered":"https:\/\/allasorias.hu\/hirek\/?p=5493"},"modified":"2022-04-07T08:45:04","modified_gmt":"2022-04-07T08:45:04","slug":"toboroznak-a-cegek","status":"publish","type":"post","link":"https:\/\/allasorias.hu\/hirek\/toboroznak-a-cegek\/","title":{"rendered":"Toboroznak a c\u00e9gek"},"content":{"rendered":"<p><strong>A 2021-ben elindult toborz\u00e1si d\u00f6mping v\u00e1rhat\u00f3an m\u00e9g intenz\u00edvebb\u00e9 v\u00e1lik id\u00e9n. \u00c9vek \u00f3ta nem l\u00e1tott toborz\u00e1si d\u00f6mpingbe kezdtek a c\u00e9gek. Egy friss jelent\u00e9sb\u0151l kider\u00fcl, melyek azok a kritikus ter\u00fcletek, ahov\u00e1 alig tal\u00e1lni szakembert, \u00edgy a b\u00e9rek kil\u0151ttek, \u00e9s kik azok, akikb\u0151l szint\u00e9 \u00f3ri\u00e1si a hi\u00e1ny, \u00e1m a fizet\u00e9s\u00fck ezt kor\u00e1ntsem t\u00fckr\u00f6zi.<\/strong><\/p>\n<p>Magyarorsz\u00e1gon a munk\u00e1ltat\u00f3k 46 sz\u00e1zal\u00e9ka fokozott munkaer\u0151felv\u00e9telt tervez 2022-re, 39 sz\u00e1zal\u00e9kuk pedig a tavalyihoz hasonl\u00f3 \u00fctemben folytatja a toborz\u00e1st &#8211; der\u00fcl ki a 2022-es Hays Hungary Salary Guide \u00e9ves riportj\u00e1b\u00f3l. A pand\u00e9mia eddig nem l\u00e1tott v\u00e1ltoz\u00e1sokat hozott a v\u00e1llalatok \u00e9let\u00e9be az elm\u00falt k\u00e9t \u00e9vben, m\u00e1ra azonban a szervezetek t\u00f6bbs\u00e9ge talpra tudott \u00e1llni \u00e9s adapt\u00e1l\u00f3dott az \u00faj norm\u00e1khoz. 2022-ben pedig a v\u00e1llalatok f\u00f3kusz\u00e1ban az \u00fczletfejleszt\u00e9s \u00e1ll &#8211; \u00e1m ennek sz\u00e1mos akad\u00e1lya l\u00e1tszik. \u00d3ri\u00e1si hi\u00e1nyter\u00fcletek vannak, ahov\u00e1 sok szakemberre lenne sz\u00fcks\u00e9g. Ilyen p\u00e9ld\u00e1ul az adminisztr\u00e1ci\u00f3, a technol\u00f3gia, a m\u00e9rn\u00f6ki ter\u00fclet: gy\u00e1rt\u00e1s-tervez\u00e9s \u00e9s a logisztika. Ugyanakkor, ha megn\u00e9zz\u00fck, hogy mely ter\u00fcletekre neh\u00e9z munkaer\u0151t tal\u00e1lni a jelent\u00e9s szerint, akkor kider\u00fcl, hogy az adminisztr\u00e1ci\u00f3 itt m\u00e1r az utols\u00f3 helyen szerepel, teh\u00e1t nagy a hi\u00e1ny, ugyanakkor nem neh\u00e9z bet\u00f6lteni ezeket a poz\u00edci\u00f3kat. Ennek oka egyr\u00e9szt az, hogy ink\u00e1bb a kompetenci\u00e1k fontosak egy ilyen poz\u00edci\u00f3n\u00e1l, nem pedig a magas szint\u0171 szakmai k\u00e9pzetts\u00e9g, \u00e9s ezt j\u00f3l t\u00fckr\u00f6zik a fizet\u00e9sek is. 2021-ben a digit\u00e1lis \u00e1talakul\u00e1s tov\u00e1bb folytat\u00f3dott, \u00e9s ez a trend v\u00e1rhat\u00f3an az idei \u00e9vben csak er\u0151s\u00f6dni fog. A digitaliz\u00e1ci\u00f3 t\u00f6bb ter\u00fcleten is megn\u00f6velte a v\u00e1llalatok munkaer\u0151ig\u00e9ny\u00e9t, ez az ig\u00e9ny pedig egyre \u00e9get\u0151bb\u00e9 v\u00e1lik az el\u00e9rhet\u0151 k\u00e9pzett szakemberek\u00e9rt folytatott verseny ki\u00e9lez\u0151d\u00e9s\u00e9vel. Mivel ma Magyarorsz\u00e1gon m\u00e9g mindig els\u0151sorban a fizet\u00e9ssel \u00e9s a juttat\u00e1si csomaggal lehet bevonzani a munkaer\u0151t, ez\u00e9rt nem meglep\u0151 a szektorban el\u00e9rhet\u0151 b\u00e9rek nagys\u00e1ga. A munkahelyv\u00e1lt\u00e1s leggyakoribb okak\u00e9nt a fizet\u00e9st \u00e9s a juttat\u00e1si csomagot (66%) jel\u00f6lt\u00e9k meg a v\u00e1laszad\u00f3k a felm\u00e9r\u00e9sben. Emellett a szakemberek akkor keresnek \u00faj munkahelyet, ha a jelenlegin\u00e9l nincs lehet\u0151s\u00e9g\u00fck szakmailag fejl\u0151dni (42%), illetve ha a munka term\u00e9szete (21%) olyannak bizonyul, amit nem szeretn\u00e9nek tov\u00e1bb folytatni. 2022-ben a munkav\u00e1llal\u00f3k megtart\u00e1sa \u00e9rdek\u00e9ben a v\u00e1llalatoknak \u00e9rdemes figyelembe venni\u00fck, hogy a szakemberek 34 sz\u00e1zal\u00e9ka \u00e9rzi jelenleg azt, hogy nincs lehet\u0151s\u00e9ge szakmai fejl\u0151d\u00e9sre, \u00e9s 48 sz\u00e1zal\u00e9k gondolja, hogy nem tud hossz\u00fa t\u00e1von tervezni a jelenlegi munkahely\u00e9n. A rugalmas munkav\u00e9gz\u00e9s hi\u00e1nya nem volt a munkahelyv\u00e1lt\u00e1s legf\u0151bb okai k\u00f6z\u00f6tt, hiszen a legt\u00f6bb v\u00e1llalat m\u00e1ra bevezette a t\u00e1voli vagy hibrid munkav\u00e9gz\u00e9st. A nemzetk\u00f6zi projektekkel rendelkez\u0151, t\u0151keer\u0151s c\u00e9gek els\u0151sorban Budapesten nyitottak \u00faj poz\u00edci\u00f3kat, a t\u00e1voli munkav\u00e9gz\u00e9s elterjed\u00e9se r\u00e9v\u00e9n viszont ezzel p\u00e1rhuzamosan a vid\u00e9ki b\u00e9rek is megn\u00f6vekedtek. A 2022-as \u00e9v egyik legfontosabb trendje \u00edgy a budapesti \u00e9s a vid\u00e9ki IT b\u00e9rek k\u00f6z\u00f6tti k\u00fcl\u00f6nbs\u00e9g megsz\u0171n\u00e9se. A technol\u00f3giai szektorban el\u00e9rhet\u0151 b\u00e9rek eddig nem l\u00e1tott \u00fctemben emelkedtek. Ter\u00fcletenk\u00e9nt elt\u00e9r\u0151en ugyan, de minimum 10 sz\u00e1zal\u00e9kkal, sok esetben 20-25 sz\u00e1zal\u00e9kkal n\u00f6vekedtek 2021-ben. Brutt\u00f3\u00a0 650 ezer forintn\u00e1l nem nagyon keres kevesebbet egy fejleszt\u0151, \u00e9s egy t\u00f6bb \u00e9ves tapasztalattal rendelkez\u0151 csapatvezet\u0151 brutt\u00f3 b\u00e9re el\u00e9rheti az 1,9 milli\u00f3 forintot. A visszatartott projektek \u00fajraindul\u00e1sa a gy\u00e1rt\u00e1si szakemberek ir\u00e1nti ig\u00e9nyt is berobbantotta. A kor\u00e1bban felgy\u00fclemlett munkaer\u0151-k\u00edn\u00e1lat a tavalyi \u00e9v elej\u00e9n gyorsan kimer\u00fclt, \u00edgy az \u00e9v t\u00f6bbi r\u00e9sz\u00e9ben megn\u0151tt a verseny a gy\u00e1rt\u00f3m\u00e9rn\u00f6k\u00f6k\u00e9rt. A munkav\u00e1llal\u00f3i r\u00e9szr\u0151l is fokozottabb aktivit\u00e1s volt \u00e9rz\u00e9kelhet\u0151, a gazdas\u00e1gi helyzet javul\u00e1sa miatt ugyanis t\u00f6bben elgondolkodtak a munkahelyv\u00e1lt\u00e1son. Nemcsak a kiemelt technol\u00f3gi\u00e1kban, az \u00e1ltal\u00e1nos ter\u00fcleteken is n\u0151ttek a b\u00e9rek, \u00e1tlagosan 10-15 sz\u00e1zal\u00e9kkal, az elektronikai \u00e9s aut\u00f3ipari piacot kiszolg\u00e1l\u00f3 c\u00e9gekn\u00e9l ak\u00e1r 20 sz\u00e1zal\u00e9kkal is.<\/p>\n<p>Forr\u00e1s: penzcentrum.hu<\/p>\n","protected":false},"excerpt":{"rendered":"<p>A 2021-ben elindult toborz\u00e1si d\u00f6mping v\u00e1rhat\u00f3an m\u00e9g intenz\u00edvebb\u00e9 v\u00e1lik id\u00e9n. \u00c9vek \u00f3ta nem l\u00e1tott toborz\u00e1si d\u00f6mpingbe kezdtek a c\u00e9gek. Egy friss jelent\u00e9sb\u0151l kider\u00fcl, melyek azok a kritikus ter\u00fcletek, ahov\u00e1 alig tal\u00e1lni szakembert, \u00edgy a b\u00e9rek kil\u0151ttek, \u00e9s kik azok, akikb\u0151l szint\u00e9 \u00f3ri\u00e1si a hi\u00e1ny, \u00e1m a fizet\u00e9s\u00fck ezt kor\u00e1ntsem t\u00fckr\u00f6zi. Magyarorsz\u00e1gon a munk\u00e1ltat\u00f3k 46 sz\u00e1zal\u00e9ka [&hellip;]<\/p>\n","protected":false},"author":1,"featured_media":5258,"comment_status":"open","ping_status":"open","sticky":false,"template":"","format":"standard","meta":{"_monsterinsights_skip_tracking":false,"footnotes":""},"categories":[200],"tags":[],"class_list":["post-5493","post","type-post","status-publish","format-standard","has-post-thumbnail","hentry","category-munkaeropiac"],"aioseo_notices":[],"aioseo_head":"\n\t\t<!-- All in One SEO 5.0.0.1 - aioseo.com -->\n\t<meta name=\"description\" content=\"A 2021-ben elindult toborz\u00e1si d\u00f6mping v\u00e1rhat\u00f3an m\u00e9g intenz\u00edvebb\u00e9 v\u00e1lik id\u00e9n. \u00c9vek \u00f3ta nem l\u00e1tott toborz\u00e1si d\u00f6mpingbe kezdtek a c\u00e9gek. Egy friss jelent\u00e9sb\u0151l kider\u00fcl, melyek azok a kritikus ter\u00fcletek, ahov\u00e1 alig tal\u00e1lni szakembert, \u00edgy a b\u00e9rek kil\u0151ttek, \u00e9s kik azok, akikb\u0151l szint\u00e9 \u00f3ri\u00e1si a hi\u00e1ny, \u00e1m a fizet\u00e9s\u00fck ezt kor\u00e1ntsem t\u00fckr\u00f6zi. Magyarorsz\u00e1gon a munk\u00e1ltat\u00f3k 46 sz\u00e1zal\u00e9ka\" \/>\n\t<meta name=\"robots\" content=\"max-image-preview:large\" \/>\n\t<meta name=\"author\" content=\"Juh\u00e1sz P\u00e9ter\"\/>\n\t<link rel=\"canonical\" href=\"https:\/\/allasorias.hu\/hirek\/toboroznak-a-cegek\/\" \/>\n\t<meta name=\"generator\" content=\"All in One SEO (AIOSEO) 5.0.0.1\" \/>\n\t\t<meta property=\"og:locale\" content=\"hu_HU\" \/>\n\t\t<meta property=\"og:site_name\" content=\"AllasOrias.hu | H\u00edrek-lapszemle | \u00dczleti h\u00edrek az \u00e1ll\u00e1s \u00e9s a munka vil\u00e1g\u00e1b\u00f3l\" \/>\n\t\t<meta property=\"og:type\" content=\"article\" \/>\n\t\t<meta property=\"og:title\" content=\"Toboroznak a c\u00e9gek | AllasOrias.hu | H\u00edrek-lapszemle\" \/>\n\t\t<meta property=\"og:description\" content=\"A 2021-ben elindult toborz\u00e1si d\u00f6mping v\u00e1rhat\u00f3an m\u00e9g intenz\u00edvebb\u00e9 v\u00e1lik id\u00e9n. \u00c9vek \u00f3ta nem l\u00e1tott toborz\u00e1si d\u00f6mpingbe kezdtek a c\u00e9gek. Egy friss jelent\u00e9sb\u0151l kider\u00fcl, melyek azok a kritikus ter\u00fcletek, ahov\u00e1 alig tal\u00e1lni szakembert, \u00edgy a b\u00e9rek kil\u0151ttek, \u00e9s kik azok, akikb\u0151l szint\u00e9 \u00f3ri\u00e1si a hi\u00e1ny, \u00e1m a fizet\u00e9s\u00fck ezt kor\u00e1ntsem t\u00fckr\u00f6zi. Magyarorsz\u00e1gon a munk\u00e1ltat\u00f3k 46 sz\u00e1zal\u00e9ka\" \/>\n\t\t<meta property=\"og:url\" content=\"https:\/\/allasorias.hu\/hirek\/toboroznak-a-cegek\/\" \/>\n\t\t<meta property=\"og:image\" content=\"https:\/\/allasorias.hu\/hirek\/wp-content\/uploads\/2021\/12\/manpower-human-resource-planning.jpg\" \/>\n\t\t<meta property=\"og:image:secure_url\" content=\"https:\/\/allasorias.hu\/hirek\/wp-content\/uploads\/2021\/12\/manpower-human-resource-planning.jpg\" \/>\n\t\t<meta property=\"og:image:width\" content=\"1920\" \/>\n\t\t<meta property=\"og:image:height\" content=\"1043\" \/>\n\t\t<meta property=\"article:published_time\" content=\"2022-04-07T08:45:04+00:00\" \/>\n\t\t<meta property=\"article:modified_time\" content=\"2022-04-07T08:45:04+00:00\" \/>\n\t\t<meta property=\"article:publisher\" content=\"https:\/\/www.facebook.com\/allasorias\" \/>\n\t\t<meta name=\"twitter:card\" content=\"summary_large_image\" \/>\n\t\t<meta name=\"twitter:title\" content=\"Toboroznak a c\u00e9gek | AllasOrias.hu | H\u00edrek-lapszemle\" \/>\n\t\t<meta name=\"twitter:description\" content=\"A 2021-ben elindult toborz\u00e1si d\u00f6mping v\u00e1rhat\u00f3an m\u00e9g intenz\u00edvebb\u00e9 v\u00e1lik id\u00e9n. \u00c9vek \u00f3ta nem l\u00e1tott toborz\u00e1si d\u00f6mpingbe kezdtek a c\u00e9gek. Egy friss jelent\u00e9sb\u0151l kider\u00fcl, melyek azok a kritikus ter\u00fcletek, ahov\u00e1 alig tal\u00e1lni szakembert, \u00edgy a b\u00e9rek kil\u0151ttek, \u00e9s kik azok, akikb\u0151l szint\u00e9 \u00f3ri\u00e1si a hi\u00e1ny, \u00e1m a fizet\u00e9s\u00fck ezt kor\u00e1ntsem t\u00fckr\u00f6zi. Magyarorsz\u00e1gon a munk\u00e1ltat\u00f3k 46 sz\u00e1zal\u00e9ka\" \/>\n\t\t<meta name=\"twitter:image\" content=\"https:\/\/allasorias.hu\/hirek\/wp-content\/uploads\/2021\/12\/manpower-human-resource-planning.jpg\" \/>\n\t\t<meta name=\"twitter:label1\" content=\"Written by\" \/>\n\t\t<meta name=\"twitter:data1\" content=\"Juh\u00e1sz P\u00e9ter\" \/>\n\t\t<meta name=\"twitter:label2\" content=\"Est. reading time\" \/>\n\t\t<meta name=\"twitter:data2\" content=\"4 minutes\" \/>\n\t\t<script type=\"application\/ld+json\" class=\"aioseo-schema\">\n\t\t\t{\"@context\":\"https:\\\/\\\/schema.org\",\"@graph\":[{\"@type\":\"Article\",\"@id\":\"https:\\\/\\\/allasorias.hu\\\/hirek\\\/toboroznak-a-cegek\\\/#article\",\"name\":\"Toboroznak a c\\u00e9gek | AllasOrias.hu | H\\u00edrek-lapszemle\",\"headline\":\"Toboroznak a c\\u00e9gek\",\"author\":{\"@id\":\"https:\\\/\\\/allasorias.hu\\\/hirek\\\/author\\\/admin-allasorias\\\/#author\"},\"publisher\":{\"@id\":\"https:\\\/\\\/allasorias.hu\\\/hirek\\\/#organization\"},\"image\":{\"@type\":\"ImageObject\",\"url\":\"https:\\\/\\\/allasorias.hu\\\/hirek\\\/wp-content\\\/uploads\\\/2021\\\/12\\\/manpower-human-resource-planning.jpg\",\"width\":1920,\"height\":1043,\"caption\":\"Business administrator in action of manpower or human resource planning or business organisation on a virtual dashboard.\"},\"datePublished\":\"2022-04-07T08:45:04+02:00\",\"dateModified\":\"2022-04-07T08:45:04+02:00\",\"inLanguage\":\"hu-HU\",\"mainEntityOfPage\":{\"@id\":\"https:\\\/\\\/allasorias.hu\\\/hirek\\\/toboroznak-a-cegek\\\/#webpage\"},\"isPartOf\":{\"@id\":\"https:\\\/\\\/allasorias.hu\\\/hirek\\\/toboroznak-a-cegek\\\/#webpage\"},\"articleSection\":\"Munkaer\\u0151piac\"},{\"@type\":\"BreadcrumbList\",\"@id\":\"https:\\\/\\\/allasorias.hu\\\/hirek\\\/toboroznak-a-cegek\\\/#breadcrumblist\",\"itemListElement\":[{\"@type\":\"ListItem\",\"@id\":\"https:\\\/\\\/allasorias.hu\\\/hirek#listItem\",\"position\":1,\"name\":\"Home\",\"item\":\"https:\\\/\\\/allasorias.hu\\\/hirek\",\"nextItem\":{\"@type\":\"ListItem\",\"@id\":\"https:\\\/\\\/allasorias.hu\\\/hirek\\\/temak\\\/munkaeropiac\\\/#listItem\",\"name\":\"Munkaer\\u0151piac\"}},{\"@type\":\"ListItem\",\"@id\":\"https:\\\/\\\/allasorias.hu\\\/hirek\\\/temak\\\/munkaeropiac\\\/#listItem\",\"position\":2,\"name\":\"Munkaer\\u0151piac\",\"item\":\"https:\\\/\\\/allasorias.hu\\\/hirek\\\/temak\\\/munkaeropiac\\\/\",\"nextItem\":{\"@type\":\"ListItem\",\"@id\":\"https:\\\/\\\/allasorias.hu\\\/hirek\\\/toboroznak-a-cegek\\\/#listItem\",\"name\":\"Toboroznak a c\\u00e9gek\"},\"previousItem\":{\"@type\":\"ListItem\",\"@id\":\"https:\\\/\\\/allasorias.hu\\\/hirek#listItem\",\"name\":\"Home\"}},{\"@type\":\"ListItem\",\"@id\":\"https:\\\/\\\/allasorias.hu\\\/hirek\\\/toboroznak-a-cegek\\\/#listItem\",\"position\":3,\"name\":\"Toboroznak a c\\u00e9gek\",\"previousItem\":{\"@type\":\"ListItem\",\"@id\":\"https:\\\/\\\/allasorias.hu\\\/hirek\\\/temak\\\/munkaeropiac\\\/#listItem\",\"name\":\"Munkaer\\u0151piac\"}}]},{\"@type\":\"Organization\",\"@id\":\"https:\\\/\\\/allasorias.hu\\\/hirek\\\/#organization\",\"name\":\"AllasOrias.hu | H\\u00edrek-lapszemle\",\"description\":\"\\u00dczleti h\\u00edrek az \\u00e1ll\\u00e1s \\u00e9s a munka vil\\u00e1g\\u00e1b\\u00f3l\",\"url\":\"https:\\\/\\\/allasorias.hu\\\/hirek\\\/\",\"logo\":{\"@type\":\"ImageObject\",\"url\":\"https:\\\/\\\/allasorias.hu\\\/hirek\\\/wp-content\\\/uploads\\\/2022\\\/10\\\/allasorias_site_facebok_logo.png\",\"@id\":\"https:\\\/\\\/allasorias.hu\\\/hirek\\\/toboroznak-a-cegek\\\/#organizationLogo\"},\"image\":{\"@id\":\"https:\\\/\\\/allasorias.hu\\\/hirek\\\/toboroznak-a-cegek\\\/#organizationLogo\"},\"sameAs\":[\"https:\\\/\\\/www.facebook.com\\\/allasorias\",\"https:\\\/\\\/www.linkedin.com\\\/company\\\/allasorias\"]},{\"@type\":\"Person\",\"@id\":\"https:\\\/\\\/allasorias.hu\\\/hirek\\\/author\\\/admin-allasorias\\\/#author\",\"url\":\"https:\\\/\\\/allasorias.hu\\\/hirek\\\/author\\\/admin-allasorias\\\/\",\"name\":\"Juh\\u00e1sz P\\u00e9ter\",\"image\":{\"@type\":\"ImageObject\",\"@id\":\"https:\\\/\\\/allasorias.hu\\\/hirek\\\/toboroznak-a-cegek\\\/#authorImage\",\"url\":\"https:\\\/\\\/secure.gravatar.com\\\/avatar\\\/36e6bcb83148978b992977cb0f54d22feb0cce8a0a849a9410532bb2623ba4c6?s=96&d=mm&r=g\",\"width\":96,\"height\":96,\"caption\":\"Juh\\u00e1sz P\\u00e9ter\"}},{\"@type\":\"WebPage\",\"@id\":\"https:\\\/\\\/allasorias.hu\\\/hirek\\\/toboroznak-a-cegek\\\/#webpage\",\"url\":\"https:\\\/\\\/allasorias.hu\\\/hirek\\\/toboroznak-a-cegek\\\/\",\"name\":\"Toboroznak a c\\u00e9gek | AllasOrias.hu | H\\u00edrek-lapszemle\",\"description\":\"A 2021-ben elindult toborz\\u00e1si d\\u00f6mping v\\u00e1rhat\\u00f3an m\\u00e9g intenz\\u00edvebb\\u00e9 v\\u00e1lik id\\u00e9n. \\u00c9vek \\u00f3ta nem l\\u00e1tott toborz\\u00e1si d\\u00f6mpingbe kezdtek a c\\u00e9gek. Egy friss jelent\\u00e9sb\\u0151l kider\\u00fcl, melyek azok a kritikus ter\\u00fcletek, ahov\\u00e1 alig tal\\u00e1lni szakembert, \\u00edgy a b\\u00e9rek kil\\u0151ttek, \\u00e9s kik azok, akikb\\u0151l szint\\u00e9 \\u00f3ri\\u00e1si a hi\\u00e1ny, \\u00e1m a fizet\\u00e9s\\u00fck ezt kor\\u00e1ntsem t\\u00fckr\\u00f6zi. Magyarorsz\\u00e1gon a munk\\u00e1ltat\\u00f3k 46 sz\\u00e1zal\\u00e9ka\",\"inLanguage\":\"hu-HU\",\"isPartOf\":{\"@id\":\"https:\\\/\\\/allasorias.hu\\\/hirek\\\/#website\"},\"breadcrumb\":{\"@id\":\"https:\\\/\\\/allasorias.hu\\\/hirek\\\/toboroznak-a-cegek\\\/#breadcrumblist\"},\"author\":{\"@id\":\"https:\\\/\\\/allasorias.hu\\\/hirek\\\/author\\\/admin-allasorias\\\/#author\"},\"creator\":{\"@id\":\"https:\\\/\\\/allasorias.hu\\\/hirek\\\/author\\\/admin-allasorias\\\/#author\"},\"image\":{\"@type\":\"ImageObject\",\"url\":\"https:\\\/\\\/allasorias.hu\\\/hirek\\\/wp-content\\\/uploads\\\/2021\\\/12\\\/manpower-human-resource-planning.jpg\",\"@id\":\"https:\\\/\\\/allasorias.hu\\\/hirek\\\/toboroznak-a-cegek\\\/#mainImage\",\"width\":1920,\"height\":1043,\"caption\":\"Business administrator in action of manpower or human resource planning or business organisation on a virtual dashboard.\"},\"primaryImageOfPage\":{\"@id\":\"https:\\\/\\\/allasorias.hu\\\/hirek\\\/toboroznak-a-cegek\\\/#mainImage\"},\"datePublished\":\"2022-04-07T08:45:04+02:00\",\"dateModified\":\"2022-04-07T08:45:04+02:00\"},{\"@type\":\"WebSite\",\"@id\":\"https:\\\/\\\/allasorias.hu\\\/hirek\\\/#website\",\"url\":\"https:\\\/\\\/allasorias.hu\\\/hirek\\\/\",\"name\":\"AllasOrias.hu | H\\u00edrek-lapszemle\",\"description\":\"\\u00dczleti h\\u00edrek az \\u00e1ll\\u00e1s \\u00e9s a munka vil\\u00e1g\\u00e1b\\u00f3l\",\"inLanguage\":\"hu-HU\",\"publisher\":{\"@id\":\"https:\\\/\\\/allasorias.hu\\\/hirek\\\/#organization\"}}]}\n\t\t<\/script>\n\t\t<!-- All in One SEO -->\n\n","aioseo_head_json":{"title":"Toboroznak a c\u00e9gek | AllasOrias.hu | H\u00edrek-lapszemle","description":"A 2021-ben elindult toborz\u00e1si d\u00f6mping v\u00e1rhat\u00f3an m\u00e9g intenz\u00edvebb\u00e9 v\u00e1lik id\u00e9n. \u00c9vek \u00f3ta nem l\u00e1tott toborz\u00e1si d\u00f6mpingbe kezdtek a c\u00e9gek. Egy friss jelent\u00e9sb\u0151l kider\u00fcl, melyek azok a kritikus ter\u00fcletek, ahov\u00e1 alig tal\u00e1lni szakembert, \u00edgy a b\u00e9rek kil\u0151ttek, \u00e9s kik azok, akikb\u0151l szint\u00e9 \u00f3ri\u00e1si a hi\u00e1ny, \u00e1m a fizet\u00e9s\u00fck ezt kor\u00e1ntsem t\u00fckr\u00f6zi. Magyarorsz\u00e1gon a munk\u00e1ltat\u00f3k 46 sz\u00e1zal\u00e9ka","canonical_url":"https:\/\/allasorias.hu\/hirek\/toboroznak-a-cegek\/","robots":"max-image-preview:large","keywords":"","webmasterTools":{"miscellaneous":""},"schema":{"@context":"https:\/\/schema.org","@graph":[{"@type":"Article","@id":"https:\/\/allasorias.hu\/hirek\/toboroznak-a-cegek\/#article","name":"Toboroznak a c\u00e9gek | AllasOrias.hu | H\u00edrek-lapszemle","headline":"Toboroznak a c\u00e9gek","author":{"@id":"https:\/\/allasorias.hu\/hirek\/author\/admin-allasorias\/#author"},"publisher":{"@id":"https:\/\/allasorias.hu\/hirek\/#organization"},"image":{"@type":"ImageObject","url":"https:\/\/allasorias.hu\/hirek\/wp-content\/uploads\/2021\/12\/manpower-human-resource-planning.jpg","width":1920,"height":1043,"caption":"Business administrator in action of manpower or human resource planning or business organisation on a virtual dashboard."},"datePublished":"2022-04-07T08:45:04+02:00","dateModified":"2022-04-07T08:45:04+02:00","inLanguage":"hu-HU","mainEntityOfPage":{"@id":"https:\/\/allasorias.hu\/hirek\/toboroznak-a-cegek\/#webpage"},"isPartOf":{"@id":"https:\/\/allasorias.hu\/hirek\/toboroznak-a-cegek\/#webpage"},"articleSection":"Munkaer\u0151piac"},{"@type":"BreadcrumbList","@id":"https:\/\/allasorias.hu\/hirek\/toboroznak-a-cegek\/#breadcrumblist","itemListElement":[{"@type":"ListItem","@id":"https:\/\/allasorias.hu\/hirek#listItem","position":1,"name":"Home","item":"https:\/\/allasorias.hu\/hirek","nextItem":{"@type":"ListItem","@id":"https:\/\/allasorias.hu\/hirek\/temak\/munkaeropiac\/#listItem","name":"Munkaer\u0151piac"}},{"@type":"ListItem","@id":"https:\/\/allasorias.hu\/hirek\/temak\/munkaeropiac\/#listItem","position":2,"name":"Munkaer\u0151piac","item":"https:\/\/allasorias.hu\/hirek\/temak\/munkaeropiac\/","nextItem":{"@type":"ListItem","@id":"https:\/\/allasorias.hu\/hirek\/toboroznak-a-cegek\/#listItem","name":"Toboroznak a c\u00e9gek"},"previousItem":{"@type":"ListItem","@id":"https:\/\/allasorias.hu\/hirek#listItem","name":"Home"}},{"@type":"ListItem","@id":"https:\/\/allasorias.hu\/hirek\/toboroznak-a-cegek\/#listItem","position":3,"name":"Toboroznak a c\u00e9gek","previousItem":{"@type":"ListItem","@id":"https:\/\/allasorias.hu\/hirek\/temak\/munkaeropiac\/#listItem","name":"Munkaer\u0151piac"}}]},{"@type":"Organization","@id":"https:\/\/allasorias.hu\/hirek\/#organization","name":"AllasOrias.hu | H\u00edrek-lapszemle","description":"\u00dczleti h\u00edrek az \u00e1ll\u00e1s \u00e9s a munka vil\u00e1g\u00e1b\u00f3l","url":"https:\/\/allasorias.hu\/hirek\/","logo":{"@type":"ImageObject","url":"https:\/\/allasorias.hu\/hirek\/wp-content\/uploads\/2022\/10\/allasorias_site_facebok_logo.png","@id":"https:\/\/allasorias.hu\/hirek\/toboroznak-a-cegek\/#organizationLogo"},"image":{"@id":"https:\/\/allasorias.hu\/hirek\/toboroznak-a-cegek\/#organizationLogo"},"sameAs":["https:\/\/www.facebook.com\/allasorias","https:\/\/www.linkedin.com\/company\/allasorias"]},{"@type":"Person","@id":"https:\/\/allasorias.hu\/hirek\/author\/admin-allasorias\/#author","url":"https:\/\/allasorias.hu\/hirek\/author\/admin-allasorias\/","name":"Juh\u00e1sz P\u00e9ter","image":{"@type":"ImageObject","@id":"https:\/\/allasorias.hu\/hirek\/toboroznak-a-cegek\/#authorImage","url":"https:\/\/secure.gravatar.com\/avatar\/36e6bcb83148978b992977cb0f54d22feb0cce8a0a849a9410532bb2623ba4c6?s=96&d=mm&r=g","width":96,"height":96,"caption":"Juh\u00e1sz P\u00e9ter"}},{"@type":"WebPage","@id":"https:\/\/allasorias.hu\/hirek\/toboroznak-a-cegek\/#webpage","url":"https:\/\/allasorias.hu\/hirek\/toboroznak-a-cegek\/","name":"Toboroznak a c\u00e9gek | AllasOrias.hu | H\u00edrek-lapszemle","description":"A 2021-ben elindult toborz\u00e1si d\u00f6mping v\u00e1rhat\u00f3an m\u00e9g intenz\u00edvebb\u00e9 v\u00e1lik id\u00e9n. \u00c9vek \u00f3ta nem l\u00e1tott toborz\u00e1si d\u00f6mpingbe kezdtek a c\u00e9gek. Egy friss jelent\u00e9sb\u0151l kider\u00fcl, melyek azok a kritikus ter\u00fcletek, ahov\u00e1 alig tal\u00e1lni szakembert, \u00edgy a b\u00e9rek kil\u0151ttek, \u00e9s kik azok, akikb\u0151l szint\u00e9 \u00f3ri\u00e1si a hi\u00e1ny, \u00e1m a fizet\u00e9s\u00fck ezt kor\u00e1ntsem t\u00fckr\u00f6zi. Magyarorsz\u00e1gon a munk\u00e1ltat\u00f3k 46 sz\u00e1zal\u00e9ka","inLanguage":"hu-HU","isPartOf":{"@id":"https:\/\/allasorias.hu\/hirek\/#website"},"breadcrumb":{"@id":"https:\/\/allasorias.hu\/hirek\/toboroznak-a-cegek\/#breadcrumblist"},"author":{"@id":"https:\/\/allasorias.hu\/hirek\/author\/admin-allasorias\/#author"},"creator":{"@id":"https:\/\/allasorias.hu\/hirek\/author\/admin-allasorias\/#author"},"image":{"@type":"ImageObject","url":"https:\/\/allasorias.hu\/hirek\/wp-content\/uploads\/2021\/12\/manpower-human-resource-planning.jpg","@id":"https:\/\/allasorias.hu\/hirek\/toboroznak-a-cegek\/#mainImage","width":1920,"height":1043,"caption":"Business administrator in action of manpower or human resource planning or business organisation on a virtual dashboard."},"primaryImageOfPage":{"@id":"https:\/\/allasorias.hu\/hirek\/toboroznak-a-cegek\/#mainImage"},"datePublished":"2022-04-07T08:45:04+02:00","dateModified":"2022-04-07T08:45:04+02:00"},{"@type":"WebSite","@id":"https:\/\/allasorias.hu\/hirek\/#website","url":"https:\/\/allasorias.hu\/hirek\/","name":"AllasOrias.hu | H\u00edrek-lapszemle","description":"\u00dczleti h\u00edrek az \u00e1ll\u00e1s \u00e9s a munka vil\u00e1g\u00e1b\u00f3l","inLanguage":"hu-HU","publisher":{"@id":"https:\/\/allasorias.hu\/hirek\/#organization"}}]},"og:locale":"hu_HU","og:site_name":"AllasOrias.hu | H\u00edrek-lapszemle | \u00dczleti h\u00edrek az \u00e1ll\u00e1s \u00e9s a munka vil\u00e1g\u00e1b\u00f3l","og:type":"article","og:title":"Toboroznak a c\u00e9gek | AllasOrias.hu | H\u00edrek-lapszemle","og:description":"A 2021-ben elindult toborz\u00e1si d\u00f6mping v\u00e1rhat\u00f3an m\u00e9g intenz\u00edvebb\u00e9 v\u00e1lik id\u00e9n. \u00c9vek \u00f3ta nem l\u00e1tott toborz\u00e1si d\u00f6mpingbe kezdtek a c\u00e9gek. Egy friss jelent\u00e9sb\u0151l kider\u00fcl, melyek azok a kritikus ter\u00fcletek, ahov\u00e1 alig tal\u00e1lni szakembert, \u00edgy a b\u00e9rek kil\u0151ttek, \u00e9s kik azok, akikb\u0151l szint\u00e9 \u00f3ri\u00e1si a hi\u00e1ny, \u00e1m a fizet\u00e9s\u00fck ezt kor\u00e1ntsem t\u00fckr\u00f6zi. Magyarorsz\u00e1gon a munk\u00e1ltat\u00f3k 46 sz\u00e1zal\u00e9ka","og:url":"https:\/\/allasorias.hu\/hirek\/toboroznak-a-cegek\/","og:image":"https:\/\/allasorias.hu\/hirek\/wp-content\/uploads\/2021\/12\/manpower-human-resource-planning.jpg","og:image:secure_url":"https:\/\/allasorias.hu\/hirek\/wp-content\/uploads\/2021\/12\/manpower-human-resource-planning.jpg","og:image:width":1920,"og:image:height":1043,"article:published_time":"2022-04-07T08:45:04+00:00","article:modified_time":"2022-04-07T08:45:04+00:00","article:publisher":"https:\/\/www.facebook.com\/allasorias","twitter:card":"summary_large_image","twitter:title":"Toboroznak a c\u00e9gek | AllasOrias.hu | H\u00edrek-lapszemle","twitter:description":"A 2021-ben elindult toborz\u00e1si d\u00f6mping v\u00e1rhat\u00f3an m\u00e9g intenz\u00edvebb\u00e9 v\u00e1lik id\u00e9n. \u00c9vek \u00f3ta nem l\u00e1tott toborz\u00e1si d\u00f6mpingbe kezdtek a c\u00e9gek. Egy friss jelent\u00e9sb\u0151l kider\u00fcl, melyek azok a kritikus ter\u00fcletek, ahov\u00e1 alig tal\u00e1lni szakembert, \u00edgy a b\u00e9rek kil\u0151ttek, \u00e9s kik azok, akikb\u0151l szint\u00e9 \u00f3ri\u00e1si a hi\u00e1ny, \u00e1m a fizet\u00e9s\u00fck ezt kor\u00e1ntsem t\u00fckr\u00f6zi. Magyarorsz\u00e1gon a munk\u00e1ltat\u00f3k 46 sz\u00e1zal\u00e9ka","twitter:image":"https:\/\/allasorias.hu\/hirek\/wp-content\/uploads\/2021\/12\/manpower-human-resource-planning.jpg","twitter:label1":"Written by","twitter:data1":"Juh\u00e1sz P\u00e9ter","twitter:label2":"Est. reading time","twitter:data2":"4 minutes"},"aioseo_meta_data":{"post_id":"5493","title":null,"description":null,"keywords":[],"keyphrases":{"focus":{"keyphrase":"","score":0,"analysis":{"keyphraseInTitle":{"score":0,"maxScore":9,"error":1}}},"additional":[]},"primary_term":null,"canonical_url":null,"og_title":null,"og_description":null,"og_object_type":"default","og_image_type":"default","og_image_url":null,"og_image_width":null,"og_image_height":null,"og_image_custom_url":null,"og_image_custom_fields":null,"og_video":"","og_custom_url":null,"og_article_section":null,"og_article_tags":[],"twitter_use_og":false,"twitter_card":"default","twitter_image_type":"default","twitter_image_url":null,"twitter_image_custom_url":null,"twitter_image_custom_fields":null,"twitter_title":null,"twitter_description":null,"schema":{"blockGraphs":[],"customGraphs":[],"default":{"data":{"Article":[],"Course":[],"Dataset":[],"FAQPage":[],"Movie":[],"Person":[],"Product":[],"ProductReview":[],"Car":[],"Recipe":[],"Service":[],"SoftwareApplication":[],"WebPage":[]},"graphName":"","isEnabled":true},"graphs":[],"defaultGraph":"Article","defaultPostTypeGraph":""},"schema_type":"default","schema_type_options":"{\"article\":{\"articleType\":\"BlogPosting\"},\"course\":{\"name\":\"\",\"description\":\"\",\"provider\":\"\"},\"faq\":{\"pages\":[]},\"product\":{\"reviews\":[]},\"recipe\":{\"ingredients\":[],\"instructions\":[],\"keywords\":[]},\"software\":{\"reviews\":[],\"operatingSystems\":[]},\"webPage\":{\"webPageType\":\"WebPage\"}}","pillar_content":false,"robots_default":true,"robots_noindex":false,"robots_noarchive":false,"robots_nosnippet":false,"robots_nofollow":false,"robots_noimageindex":false,"robots_noodp":false,"robots_notranslate":false,"robots_max_snippet":"-1","robots_max_videopreview":"-1","robots_max_imagepreview":"large","priority":null,"frequency":"default","location":null,"local_seo":null,"breadcrumb_settings":null,"limit_modified_date":false,"ai":null,"created":"2022-04-07 08:39:10","updated":"2025-10-02 16:53:27","seo_analyzer_scan_date":null,"focus_keyword":null,"additional_keywords":null,"truseo_locale":null},"aioseo_breadcrumb":"<div class=\"aioseo-breadcrumbs\"><span class=\"aioseo-breadcrumb\">\n\t\t\t<a href=\"https:\/\/allasorias.hu\/hirek\" title=\"Home\">Home<\/a>\n\t\t<\/span><span class=\"aioseo-breadcrumb-separator\">&raquo;<\/span><span class=\"aioseo-breadcrumb\">\n\t\t\t<a href=\"https:\/\/allasorias.hu\/hirek\/temak\/munkaeropiac\/\" title=\"Munkaer\u0151piac\">Munkaer\u0151piac<\/a>\n\t\t<\/span><span class=\"aioseo-breadcrumb-separator\">&raquo;<\/span><span class=\"aioseo-breadcrumb\">\n\t\t\tToboroznak a c\u00e9gek\n\t\t<\/span><\/div>","aioseo_breadcrumb_json":[{"label":"Home","link":"https:\/\/allasorias.hu\/hirek"},{"label":"Munkaer\u0151piac","link":"https:\/\/allasorias.hu\/hirek\/temak\/munkaeropiac\/"},{"label":"Toboroznak a c\u00e9gek","link":"https:\/\/allasorias.hu\/hirek\/toboroznak-a-cegek\/"}],"_links":{"self":[{"href":"https:\/\/allasorias.hu\/hirek\/wp-json\/wp\/v2\/posts\/5493","targetHints":{"allow":["GET"]}}],"collection":[{"href":"https:\/\/allasorias.hu\/hirek\/wp-json\/wp\/v2\/posts"}],"about":[{"href":"https:\/\/allasorias.hu\/hirek\/wp-json\/wp\/v2\/types\/post"}],"author":[{"embeddable":true,"href":"https:\/\/allasorias.hu\/hirek\/wp-json\/wp\/v2\/users\/1"}],"replies":[{"embeddable":true,"href":"https:\/\/allasorias.hu\/hirek\/wp-json\/wp\/v2\/comments?post=5493"}],"version-history":[{"count":1,"href":"https:\/\/allasorias.hu\/hirek\/wp-json\/wp\/v2\/posts\/5493\/revisions"}],"predecessor-version":[{"id":5494,"href":"https:\/\/allasorias.hu\/hirek\/wp-json\/wp\/v2\/posts\/5493\/revisions\/5494"}],"wp:featuredmedia":[{"embeddable":true,"href":"https:\/\/allasorias.hu\/hirek\/wp-json\/wp\/v2\/media\/5258"}],"wp:attachment":[{"href":"https:\/\/allasorias.hu\/hirek\/wp-json\/wp\/v2\/media?parent=5493"}],"wp:term":[{"taxonomy":"category","embeddable":true,"href":"https:\/\/allasorias.hu\/hirek\/wp-json\/wp\/v2\/categories?post=5493"},{"taxonomy":"post_tag","embeddable":true,"href":"https:\/\/allasorias.hu\/hirek\/wp-json\/wp\/v2\/tags?post=5493"}],"curies":[{"name":"wp","href":"https:\/\/api.w.org\/{rel}","templated":true}]}}