{"id":5491,"date":"2022-04-06T06:53:21","date_gmt":"2022-04-06T06:53:21","guid":{"rendered":"https:\/\/allasorias.hu\/hirek\/?p=5491"},"modified":"2022-04-06T06:53:21","modified_gmt":"2022-04-06T06:53:21","slug":"nehezebb-visszavenni-a-munkaerot-mint-megtartani","status":"publish","type":"post","link":"https:\/\/allasorias.hu\/hirek\/nehezebb-visszavenni-a-munkaerot-mint-megtartani\/","title":{"rendered":"Nehezebb visszavenni a munkaer\u0151t, mint megtartani"},"content":{"rendered":"<p><strong>Sok a kedvez\u0151tlen politikai \u00e9s gazdas\u00e1gi t\u00e9nyez\u0151, a munkaad\u00f3k id\u00e9n a megtart\u00e1sra koncentr\u00e1lnak, mert elbocs\u00e1tani \u00e9s \u00fajra toborozni sokkal k\u00f6lts\u00e9gesebb. Nem lesz azonban jelent\u0151s hat\u00e1ssal a magyar munkaer\u0151piacra az ukr\u00e1n menek\u00fcltek felv\u00e9tele &#8211; prognosztiz\u00e1lta a RecruiTECH toborz\u00e1si konferenci\u00e1n Mad\u00e1r Istv\u00e1n a Portfolio vezet\u0151 elemz\u0151je.<\/strong><\/p>\n<p>A szakmai rendezv\u00e9nyen sz\u00f3 esett m\u00e9g egyebek mellett a digit\u00e1lis munkav\u00e1llal\u00f3i \u00e9lm\u00e9nyr\u0151l, a k\u00e9szs\u00e9gek alapj\u00e1n t\u00f6rt\u00e9n\u0151 el\u0151sz\u0171r\u00e9sr\u0151l \u00e9s az offline \u00e9s az online \u00e1ll\u00e1sb\u00f6rz\u00e9k szerep\u00e9r\u0151l. Tud\u00f3s\u00edt\u00e1sunk. A gazdas\u00e1gi \u00e9s munkaer\u0151-piaci kil\u00e1t\u00e1sokr\u00f3l besz\u00e9lt Mad\u00e1r Istv\u00e1n, a Portfolio vezet\u0151 elemz\u0151je, akit Toldi G\u00e1bor, a RecruiTECH f\u0151szervez\u0151je k\u00e9rdezett. Az elemz\u0151 felsorolta mindazokat a gazdas\u00e1gi \u00e9s geopolitikai t\u00e9nyez\u0151ket, amelyek az idei \u00e9v v\u00e1rakoz\u00e1sait befoly\u00e1solj\u00e1k: az energia\u00e1rak n\u00f6veked\u00e9se, az ell\u00e1t\u00e1si l\u00e1ncok probl\u00e9m\u00e1i, az infl\u00e1ci\u00f3, az orosz-ukr\u00e1n h\u00e1bor\u00fa k\u00f6vetkezt\u00e9ben bevezetett szankci\u00f3k hat\u00e1sai, \u00e9s k\u00f6zvetetten az EU lassul\u00e1s\u00e1nak hat\u00e1sa. Mint mondta \u00e9v elej\u00e9n m\u00e9g 4-5%-os infl\u00e1ci\u00f3 \u00e9s 6% k\u00f6r\u00fcli GDP n\u00f6veked\u00e9s volt a v\u00e1rakoz\u00e1s, amely azonban mostanra infl\u00e1ci\u00f3ban \u00e9ves szinten ink\u00e1bb 9-10%-ra v\u00e1rhat\u00f3, de lesznek olyan h\u00f3napok, ahol 10% f\u00f6l\u00e9 is megy majd, \u00edgy a re\u00e1lb\u00e9r maximum 1-2%-os emelked\u00e9s\u00e9vel lehet sz\u00e1molni. Mindezek k\u00f6vetkezt\u00e9ben a GDP n\u00f6veked\u00e9st a jegybank 2,5-4,5% k\u00f6z\u00e9 teszi, amib\u0151l ha az als\u00f3 \u00e9rt\u00e9k val\u00f3sul meg, az nagyj\u00e1b\u00f3l azt jelenti, hogy val\u00f3j\u00e1ban nincs n\u00f6veked\u00e9s. Az energiaimport \u00e1tlagosan a GDP \u00e9rt\u00e9k\u00e9nek 3-5%-\u00e1t teszi ki, de id\u00e9n ez ak\u00e1r a dupl\u00e1j\u00e1ra is n\u0151het, 5-7% k\u00f6r\u00fclire. Az aut\u00f3ipari kitetts\u00e9g, az ell\u00e1t\u00e1si l\u00e1ncok probl\u00e9m\u00e1i \u2013 vagyis az alapanyaghi\u00e1ny \u2013 pedig le\u00e1ll\u00e1sokhoz vezethet. Azonban ha ezek nem lesznek hossz\u00fa t\u00e1v\u00faak, akkora c\u00e9gek c\u00e9lja val\u00f3sz\u00edn\u0171leg a munkaer\u0151 megtart\u00e1sa lesz, mert az a koronav\u00edrus-j\u00e1rv\u00e1ny hat\u00e1sa kapcs\u00e1n is kider\u00fclt, hogy visszavenni a munkaer\u0151t j\u00f3val nehezebb, mint megtartani, hangs\u00falyozta az elemz\u0151. Az ukr\u00e1n munkav\u00e1llal\u00f3k kapcs\u00e1n elmondta, hogy nagyj\u00e1b\u00f3l 300-500 ezer menek\u00fcltre lehet sz\u00e1m\u00edtani, de ezek egy r\u00e9sze r\u00f6videsen tov\u00e1bb is megy, m\u00edg m\u00e1sik r\u00e9sz\u00fck gyerek illetve kev\u00e9ss\u00e9 kvalifik\u00e1lt szem\u00e9ly. Hivatalosan \u2013 a h\u00e1bor\u00fa el\u0151tt &#8211; k\u00f6r\u00fclbel\u00fcl 25 ezer, m\u00edg nem hivatalosan nagyj\u00e1b\u00f3l 50-60 ezer ukr\u00e1n munkav\u00e1llal\u00f3 dolgozott Magyarorsz\u00e1gon, els\u0151sorban f\u00e9rfiak, a feldolgoz\u00f3- \u00e9s \u00e9p\u00edt\u0151iparban. \u0150k kifejezetten munkav\u00e1llal\u00e1si c\u00e9llal \u00e9rkeztek az orsz\u00e1gba. A most \u00e9rkez\u0151 menek\u00fcltek c\u00e9lja \u00e9s \u00f6sszet\u00e9tele viszont, ahogy az el\u0151bb is eml\u00edtett\u00fck, eg\u00e9szen m\u00e1s. B\u00e1r a gazdas\u00e1g f\u00e9kez\u00e9s\u00e9vel egy\u00fctt valamelyest enyh\u00edthetik a munkaer\u0151hi\u00e1nyt bizonyos ter\u00fcleteken, \u00edgy a munkaer\u0151piac feszess\u00e9ge cs\u00f6kkenhet, lesznek azonban olyan ter\u00fcletek, ahol ez a hat\u00e1s egy\u00e1ltal\u00e1n nem mutatkozik, jelezte Mad\u00e1r Istv\u00e1n<\/p>\n<p>Forr\u00e1s: hrportal.hu<\/p>\n","protected":false},"excerpt":{"rendered":"<p>Sok a kedvez\u0151tlen politikai \u00e9s gazdas\u00e1gi t\u00e9nyez\u0151, a munkaad\u00f3k id\u00e9n a megtart\u00e1sra koncentr\u00e1lnak, mert elbocs\u00e1tani \u00e9s \u00fajra toborozni sokkal k\u00f6lts\u00e9gesebb. Nem lesz azonban jelent\u0151s hat\u00e1ssal a magyar munkaer\u0151piacra az ukr\u00e1n menek\u00fcltek felv\u00e9tele &#8211; prognosztiz\u00e1lta a RecruiTECH toborz\u00e1si konferenci\u00e1n Mad\u00e1r Istv\u00e1n a Portfolio vezet\u0151 elemz\u0151je. A szakmai rendezv\u00e9nyen sz\u00f3 esett m\u00e9g egyebek mellett a digit\u00e1lis munkav\u00e1llal\u00f3i [&hellip;]<\/p>\n","protected":false},"author":1,"featured_media":5211,"comment_status":"open","ping_status":"open","sticky":false,"template":"","format":"standard","meta":{"_monsterinsights_skip_tracking":false,"footnotes":""},"categories":[200],"tags":[],"class_list":["post-5491","post","type-post","status-publish","format-standard","has-post-thumbnail","hentry","category-munkaeropiac"],"aioseo_notices":[],"aioseo_head":"\n\t\t<!-- All in One SEO 5.0.0.1 - aioseo.com -->\n\t<meta name=\"description\" content=\"Sok a kedvez\u0151tlen politikai \u00e9s gazdas\u00e1gi t\u00e9nyez\u0151, a munkaad\u00f3k id\u00e9n a megtart\u00e1sra koncentr\u00e1lnak, mert elbocs\u00e1tani \u00e9s \u00fajra toborozni sokkal k\u00f6lts\u00e9gesebb. Nem lesz azonban jelent\u0151s hat\u00e1ssal a magyar munkaer\u0151piacra az ukr\u00e1n menek\u00fcltek felv\u00e9tele - prognosztiz\u00e1lta a RecruiTECH toborz\u00e1si konferenci\u00e1n Mad\u00e1r Istv\u00e1n a Portfolio vezet\u0151 elemz\u0151je. A szakmai rendezv\u00e9nyen sz\u00f3 esett m\u00e9g egyebek mellett a digit\u00e1lis munkav\u00e1llal\u00f3i\" \/>\n\t<meta name=\"robots\" content=\"max-image-preview:large\" \/>\n\t<meta name=\"author\" content=\"Juh\u00e1sz P\u00e9ter\"\/>\n\t<link rel=\"canonical\" href=\"https:\/\/allasorias.hu\/hirek\/nehezebb-visszavenni-a-munkaerot-mint-megtartani\/\" \/>\n\t<meta name=\"generator\" content=\"All in One SEO (AIOSEO) 5.0.0.1\" \/>\n\t\t<meta property=\"og:locale\" content=\"hu_HU\" \/>\n\t\t<meta property=\"og:site_name\" content=\"AllasOrias.hu | H\u00edrek-lapszemle | \u00dczleti h\u00edrek az \u00e1ll\u00e1s \u00e9s a munka vil\u00e1g\u00e1b\u00f3l\" \/>\n\t\t<meta property=\"og:type\" content=\"article\" \/>\n\t\t<meta property=\"og:title\" content=\"Nehezebb visszavenni a munkaer\u0151t, mint megtartani | AllasOrias.hu | H\u00edrek-lapszemle\" \/>\n\t\t<meta property=\"og:description\" content=\"Sok a kedvez\u0151tlen politikai \u00e9s gazdas\u00e1gi t\u00e9nyez\u0151, a munkaad\u00f3k id\u00e9n a megtart\u00e1sra koncentr\u00e1lnak, mert elbocs\u00e1tani \u00e9s \u00fajra toborozni sokkal k\u00f6lts\u00e9gesebb. Nem lesz azonban jelent\u0151s hat\u00e1ssal a magyar munkaer\u0151piacra az ukr\u00e1n menek\u00fcltek felv\u00e9tele - prognosztiz\u00e1lta a RecruiTECH toborz\u00e1si konferenci\u00e1n Mad\u00e1r Istv\u00e1n a Portfolio vezet\u0151 elemz\u0151je. A szakmai rendezv\u00e9nyen sz\u00f3 esett m\u00e9g egyebek mellett a digit\u00e1lis munkav\u00e1llal\u00f3i\" \/>\n\t\t<meta property=\"og:url\" content=\"https:\/\/allasorias.hu\/hirek\/nehezebb-visszavenni-a-munkaerot-mint-megtartani\/\" \/>\n\t\t<meta property=\"og:image\" content=\"https:\/\/allasorias.hu\/hirek\/wp-content\/uploads\/2021\/11\/premium.jpg\" \/>\n\t\t<meta property=\"og:image:secure_url\" content=\"https:\/\/allasorias.hu\/hirek\/wp-content\/uploads\/2021\/11\/premium.jpg\" \/>\n\t\t<meta property=\"og:image:width\" content=\"1920\" \/>\n\t\t<meta property=\"og:image:height\" content=\"1280\" \/>\n\t\t<meta property=\"article:published_time\" content=\"2022-04-06T06:53:21+00:00\" \/>\n\t\t<meta property=\"article:modified_time\" content=\"2022-04-06T06:53:21+00:00\" \/>\n\t\t<meta property=\"article:publisher\" content=\"https:\/\/www.facebook.com\/allasorias\" \/>\n\t\t<meta name=\"twitter:card\" content=\"summary_large_image\" \/>\n\t\t<meta name=\"twitter:title\" content=\"Nehezebb visszavenni a munkaer\u0151t, mint megtartani | AllasOrias.hu | H\u00edrek-lapszemle\" \/>\n\t\t<meta name=\"twitter:description\" content=\"Sok a kedvez\u0151tlen politikai \u00e9s gazdas\u00e1gi t\u00e9nyez\u0151, a munkaad\u00f3k id\u00e9n a megtart\u00e1sra koncentr\u00e1lnak, mert elbocs\u00e1tani \u00e9s \u00fajra toborozni sokkal k\u00f6lts\u00e9gesebb. Nem lesz azonban jelent\u0151s hat\u00e1ssal a magyar munkaer\u0151piacra az ukr\u00e1n menek\u00fcltek felv\u00e9tele - prognosztiz\u00e1lta a RecruiTECH toborz\u00e1si konferenci\u00e1n Mad\u00e1r Istv\u00e1n a Portfolio vezet\u0151 elemz\u0151je. A szakmai rendezv\u00e9nyen sz\u00f3 esett m\u00e9g egyebek mellett a digit\u00e1lis munkav\u00e1llal\u00f3i\" \/>\n\t\t<meta name=\"twitter:image\" content=\"https:\/\/allasorias.hu\/hirek\/wp-content\/uploads\/2021\/11\/premium.jpg\" \/>\n\t\t<meta name=\"twitter:label1\" content=\"Written by\" \/>\n\t\t<meta name=\"twitter:data1\" content=\"Juh\u00e1sz P\u00e9ter\" \/>\n\t\t<meta name=\"twitter:label2\" content=\"Est. reading time\" \/>\n\t\t<meta name=\"twitter:data2\" content=\"3 minutes\" \/>\n\t\t<script type=\"application\/ld+json\" class=\"aioseo-schema\">\n\t\t\t{\"@context\":\"https:\\\/\\\/schema.org\",\"@graph\":[{\"@type\":\"Article\",\"@id\":\"https:\\\/\\\/allasorias.hu\\\/hirek\\\/nehezebb-visszavenni-a-munkaerot-mint-megtartani\\\/#article\",\"name\":\"Nehezebb visszavenni a munkaer\\u0151t, mint megtartani | AllasOrias.hu | H\\u00edrek-lapszemle\",\"headline\":\"Nehezebb visszavenni a munkaer\\u0151t, mint megtartani\",\"author\":{\"@id\":\"https:\\\/\\\/allasorias.hu\\\/hirek\\\/author\\\/admin-allasorias\\\/#author\"},\"publisher\":{\"@id\":\"https:\\\/\\\/allasorias.hu\\\/hirek\\\/#organization\"},\"image\":{\"@type\":\"ImageObject\",\"url\":\"https:\\\/\\\/allasorias.hu\\\/hirek\\\/wp-content\\\/uploads\\\/2021\\\/11\\\/premium.jpg\",\"width\":1920,\"height\":1280,\"caption\":\"leader manager giving money bonus in paper envelope to business man worker employee for increasing of salary or promotion new position in meeting room office, unemployment, business company concept\"},\"datePublished\":\"2022-04-06T06:53:21+02:00\",\"dateModified\":\"2022-04-06T06:53:21+02:00\",\"inLanguage\":\"hu-HU\",\"mainEntityOfPage\":{\"@id\":\"https:\\\/\\\/allasorias.hu\\\/hirek\\\/nehezebb-visszavenni-a-munkaerot-mint-megtartani\\\/#webpage\"},\"isPartOf\":{\"@id\":\"https:\\\/\\\/allasorias.hu\\\/hirek\\\/nehezebb-visszavenni-a-munkaerot-mint-megtartani\\\/#webpage\"},\"articleSection\":\"Munkaer\\u0151piac\"},{\"@type\":\"BreadcrumbList\",\"@id\":\"https:\\\/\\\/allasorias.hu\\\/hirek\\\/nehezebb-visszavenni-a-munkaerot-mint-megtartani\\\/#breadcrumblist\",\"itemListElement\":[{\"@type\":\"ListItem\",\"@id\":\"https:\\\/\\\/allasorias.hu\\\/hirek#listItem\",\"position\":1,\"name\":\"Home\",\"item\":\"https:\\\/\\\/allasorias.hu\\\/hirek\",\"nextItem\":{\"@type\":\"ListItem\",\"@id\":\"https:\\\/\\\/allasorias.hu\\\/hirek\\\/temak\\\/munkaeropiac\\\/#listItem\",\"name\":\"Munkaer\\u0151piac\"}},{\"@type\":\"ListItem\",\"@id\":\"https:\\\/\\\/allasorias.hu\\\/hirek\\\/temak\\\/munkaeropiac\\\/#listItem\",\"position\":2,\"name\":\"Munkaer\\u0151piac\",\"item\":\"https:\\\/\\\/allasorias.hu\\\/hirek\\\/temak\\\/munkaeropiac\\\/\",\"nextItem\":{\"@type\":\"ListItem\",\"@id\":\"https:\\\/\\\/allasorias.hu\\\/hirek\\\/nehezebb-visszavenni-a-munkaerot-mint-megtartani\\\/#listItem\",\"name\":\"Nehezebb visszavenni a munkaer\\u0151t, mint megtartani\"},\"previousItem\":{\"@type\":\"ListItem\",\"@id\":\"https:\\\/\\\/allasorias.hu\\\/hirek#listItem\",\"name\":\"Home\"}},{\"@type\":\"ListItem\",\"@id\":\"https:\\\/\\\/allasorias.hu\\\/hirek\\\/nehezebb-visszavenni-a-munkaerot-mint-megtartani\\\/#listItem\",\"position\":3,\"name\":\"Nehezebb visszavenni a munkaer\\u0151t, mint megtartani\",\"previousItem\":{\"@type\":\"ListItem\",\"@id\":\"https:\\\/\\\/allasorias.hu\\\/hirek\\\/temak\\\/munkaeropiac\\\/#listItem\",\"name\":\"Munkaer\\u0151piac\"}}]},{\"@type\":\"Organization\",\"@id\":\"https:\\\/\\\/allasorias.hu\\\/hirek\\\/#organization\",\"name\":\"AllasOrias.hu | H\\u00edrek-lapszemle\",\"description\":\"\\u00dczleti h\\u00edrek az \\u00e1ll\\u00e1s \\u00e9s a munka vil\\u00e1g\\u00e1b\\u00f3l\",\"url\":\"https:\\\/\\\/allasorias.hu\\\/hirek\\\/\",\"logo\":{\"@type\":\"ImageObject\",\"url\":\"https:\\\/\\\/allasorias.hu\\\/hirek\\\/wp-content\\\/uploads\\\/2022\\\/10\\\/allasorias_site_facebok_logo.png\",\"@id\":\"https:\\\/\\\/allasorias.hu\\\/hirek\\\/nehezebb-visszavenni-a-munkaerot-mint-megtartani\\\/#organizationLogo\"},\"image\":{\"@id\":\"https:\\\/\\\/allasorias.hu\\\/hirek\\\/nehezebb-visszavenni-a-munkaerot-mint-megtartani\\\/#organizationLogo\"},\"sameAs\":[\"https:\\\/\\\/www.facebook.com\\\/allasorias\",\"https:\\\/\\\/www.linkedin.com\\\/company\\\/allasorias\"]},{\"@type\":\"Person\",\"@id\":\"https:\\\/\\\/allasorias.hu\\\/hirek\\\/author\\\/admin-allasorias\\\/#author\",\"url\":\"https:\\\/\\\/allasorias.hu\\\/hirek\\\/author\\\/admin-allasorias\\\/\",\"name\":\"Juh\\u00e1sz P\\u00e9ter\",\"image\":{\"@type\":\"ImageObject\",\"@id\":\"https:\\\/\\\/allasorias.hu\\\/hirek\\\/nehezebb-visszavenni-a-munkaerot-mint-megtartani\\\/#authorImage\",\"url\":\"https:\\\/\\\/secure.gravatar.com\\\/avatar\\\/36e6bcb83148978b992977cb0f54d22feb0cce8a0a849a9410532bb2623ba4c6?s=96&d=mm&r=g\",\"width\":96,\"height\":96,\"caption\":\"Juh\\u00e1sz P\\u00e9ter\"}},{\"@type\":\"WebPage\",\"@id\":\"https:\\\/\\\/allasorias.hu\\\/hirek\\\/nehezebb-visszavenni-a-munkaerot-mint-megtartani\\\/#webpage\",\"url\":\"https:\\\/\\\/allasorias.hu\\\/hirek\\\/nehezebb-visszavenni-a-munkaerot-mint-megtartani\\\/\",\"name\":\"Nehezebb visszavenni a munkaer\\u0151t, mint megtartani | AllasOrias.hu | H\\u00edrek-lapszemle\",\"description\":\"Sok a kedvez\\u0151tlen politikai \\u00e9s gazdas\\u00e1gi t\\u00e9nyez\\u0151, a munkaad\\u00f3k id\\u00e9n a megtart\\u00e1sra koncentr\\u00e1lnak, mert elbocs\\u00e1tani \\u00e9s \\u00fajra toborozni sokkal k\\u00f6lts\\u00e9gesebb. Nem lesz azonban jelent\\u0151s hat\\u00e1ssal a magyar munkaer\\u0151piacra az ukr\\u00e1n menek\\u00fcltek felv\\u00e9tele - prognosztiz\\u00e1lta a RecruiTECH toborz\\u00e1si konferenci\\u00e1n Mad\\u00e1r Istv\\u00e1n a Portfolio vezet\\u0151 elemz\\u0151je. A szakmai rendezv\\u00e9nyen sz\\u00f3 esett m\\u00e9g egyebek mellett a digit\\u00e1lis munkav\\u00e1llal\\u00f3i\",\"inLanguage\":\"hu-HU\",\"isPartOf\":{\"@id\":\"https:\\\/\\\/allasorias.hu\\\/hirek\\\/#website\"},\"breadcrumb\":{\"@id\":\"https:\\\/\\\/allasorias.hu\\\/hirek\\\/nehezebb-visszavenni-a-munkaerot-mint-megtartani\\\/#breadcrumblist\"},\"author\":{\"@id\":\"https:\\\/\\\/allasorias.hu\\\/hirek\\\/author\\\/admin-allasorias\\\/#author\"},\"creator\":{\"@id\":\"https:\\\/\\\/allasorias.hu\\\/hirek\\\/author\\\/admin-allasorias\\\/#author\"},\"image\":{\"@type\":\"ImageObject\",\"url\":\"https:\\\/\\\/allasorias.hu\\\/hirek\\\/wp-content\\\/uploads\\\/2021\\\/11\\\/premium.jpg\",\"@id\":\"https:\\\/\\\/allasorias.hu\\\/hirek\\\/nehezebb-visszavenni-a-munkaerot-mint-megtartani\\\/#mainImage\",\"width\":1920,\"height\":1280,\"caption\":\"leader manager giving money bonus in paper envelope to business man worker employee for increasing of salary or promotion new position in meeting room office, unemployment, business company concept\"},\"primaryImageOfPage\":{\"@id\":\"https:\\\/\\\/allasorias.hu\\\/hirek\\\/nehezebb-visszavenni-a-munkaerot-mint-megtartani\\\/#mainImage\"},\"datePublished\":\"2022-04-06T06:53:21+02:00\",\"dateModified\":\"2022-04-06T06:53:21+02:00\"},{\"@type\":\"WebSite\",\"@id\":\"https:\\\/\\\/allasorias.hu\\\/hirek\\\/#website\",\"url\":\"https:\\\/\\\/allasorias.hu\\\/hirek\\\/\",\"name\":\"AllasOrias.hu | H\\u00edrek-lapszemle\",\"description\":\"\\u00dczleti h\\u00edrek az \\u00e1ll\\u00e1s \\u00e9s a munka vil\\u00e1g\\u00e1b\\u00f3l\",\"inLanguage\":\"hu-HU\",\"publisher\":{\"@id\":\"https:\\\/\\\/allasorias.hu\\\/hirek\\\/#organization\"}}]}\n\t\t<\/script>\n\t\t<!-- All in One SEO -->\n\n","aioseo_head_json":{"title":"Nehezebb visszavenni a munkaer\u0151t, mint megtartani | AllasOrias.hu | H\u00edrek-lapszemle","description":"Sok a kedvez\u0151tlen politikai \u00e9s gazdas\u00e1gi t\u00e9nyez\u0151, a munkaad\u00f3k id\u00e9n a megtart\u00e1sra koncentr\u00e1lnak, mert elbocs\u00e1tani \u00e9s \u00fajra toborozni sokkal k\u00f6lts\u00e9gesebb. Nem lesz azonban jelent\u0151s hat\u00e1ssal a magyar munkaer\u0151piacra az ukr\u00e1n menek\u00fcltek felv\u00e9tele - prognosztiz\u00e1lta a RecruiTECH toborz\u00e1si konferenci\u00e1n Mad\u00e1r Istv\u00e1n a Portfolio vezet\u0151 elemz\u0151je. A szakmai rendezv\u00e9nyen sz\u00f3 esett m\u00e9g egyebek mellett a digit\u00e1lis munkav\u00e1llal\u00f3i","canonical_url":"https:\/\/allasorias.hu\/hirek\/nehezebb-visszavenni-a-munkaerot-mint-megtartani\/","robots":"max-image-preview:large","keywords":"","webmasterTools":{"miscellaneous":""},"schema":{"@context":"https:\/\/schema.org","@graph":[{"@type":"Article","@id":"https:\/\/allasorias.hu\/hirek\/nehezebb-visszavenni-a-munkaerot-mint-megtartani\/#article","name":"Nehezebb visszavenni a munkaer\u0151t, mint megtartani | AllasOrias.hu | H\u00edrek-lapszemle","headline":"Nehezebb visszavenni a munkaer\u0151t, mint megtartani","author":{"@id":"https:\/\/allasorias.hu\/hirek\/author\/admin-allasorias\/#author"},"publisher":{"@id":"https:\/\/allasorias.hu\/hirek\/#organization"},"image":{"@type":"ImageObject","url":"https:\/\/allasorias.hu\/hirek\/wp-content\/uploads\/2021\/11\/premium.jpg","width":1920,"height":1280,"caption":"leader manager giving money bonus in paper envelope to business man worker employee for increasing of salary or promotion new position in meeting room office, unemployment, business company concept"},"datePublished":"2022-04-06T06:53:21+02:00","dateModified":"2022-04-06T06:53:21+02:00","inLanguage":"hu-HU","mainEntityOfPage":{"@id":"https:\/\/allasorias.hu\/hirek\/nehezebb-visszavenni-a-munkaerot-mint-megtartani\/#webpage"},"isPartOf":{"@id":"https:\/\/allasorias.hu\/hirek\/nehezebb-visszavenni-a-munkaerot-mint-megtartani\/#webpage"},"articleSection":"Munkaer\u0151piac"},{"@type":"BreadcrumbList","@id":"https:\/\/allasorias.hu\/hirek\/nehezebb-visszavenni-a-munkaerot-mint-megtartani\/#breadcrumblist","itemListElement":[{"@type":"ListItem","@id":"https:\/\/allasorias.hu\/hirek#listItem","position":1,"name":"Home","item":"https:\/\/allasorias.hu\/hirek","nextItem":{"@type":"ListItem","@id":"https:\/\/allasorias.hu\/hirek\/temak\/munkaeropiac\/#listItem","name":"Munkaer\u0151piac"}},{"@type":"ListItem","@id":"https:\/\/allasorias.hu\/hirek\/temak\/munkaeropiac\/#listItem","position":2,"name":"Munkaer\u0151piac","item":"https:\/\/allasorias.hu\/hirek\/temak\/munkaeropiac\/","nextItem":{"@type":"ListItem","@id":"https:\/\/allasorias.hu\/hirek\/nehezebb-visszavenni-a-munkaerot-mint-megtartani\/#listItem","name":"Nehezebb visszavenni a munkaer\u0151t, mint megtartani"},"previousItem":{"@type":"ListItem","@id":"https:\/\/allasorias.hu\/hirek#listItem","name":"Home"}},{"@type":"ListItem","@id":"https:\/\/allasorias.hu\/hirek\/nehezebb-visszavenni-a-munkaerot-mint-megtartani\/#listItem","position":3,"name":"Nehezebb visszavenni a munkaer\u0151t, mint megtartani","previousItem":{"@type":"ListItem","@id":"https:\/\/allasorias.hu\/hirek\/temak\/munkaeropiac\/#listItem","name":"Munkaer\u0151piac"}}]},{"@type":"Organization","@id":"https:\/\/allasorias.hu\/hirek\/#organization","name":"AllasOrias.hu | H\u00edrek-lapszemle","description":"\u00dczleti h\u00edrek az \u00e1ll\u00e1s \u00e9s a munka vil\u00e1g\u00e1b\u00f3l","url":"https:\/\/allasorias.hu\/hirek\/","logo":{"@type":"ImageObject","url":"https:\/\/allasorias.hu\/hirek\/wp-content\/uploads\/2022\/10\/allasorias_site_facebok_logo.png","@id":"https:\/\/allasorias.hu\/hirek\/nehezebb-visszavenni-a-munkaerot-mint-megtartani\/#organizationLogo"},"image":{"@id":"https:\/\/allasorias.hu\/hirek\/nehezebb-visszavenni-a-munkaerot-mint-megtartani\/#organizationLogo"},"sameAs":["https:\/\/www.facebook.com\/allasorias","https:\/\/www.linkedin.com\/company\/allasorias"]},{"@type":"Person","@id":"https:\/\/allasorias.hu\/hirek\/author\/admin-allasorias\/#author","url":"https:\/\/allasorias.hu\/hirek\/author\/admin-allasorias\/","name":"Juh\u00e1sz P\u00e9ter","image":{"@type":"ImageObject","@id":"https:\/\/allasorias.hu\/hirek\/nehezebb-visszavenni-a-munkaerot-mint-megtartani\/#authorImage","url":"https:\/\/secure.gravatar.com\/avatar\/36e6bcb83148978b992977cb0f54d22feb0cce8a0a849a9410532bb2623ba4c6?s=96&d=mm&r=g","width":96,"height":96,"caption":"Juh\u00e1sz P\u00e9ter"}},{"@type":"WebPage","@id":"https:\/\/allasorias.hu\/hirek\/nehezebb-visszavenni-a-munkaerot-mint-megtartani\/#webpage","url":"https:\/\/allasorias.hu\/hirek\/nehezebb-visszavenni-a-munkaerot-mint-megtartani\/","name":"Nehezebb visszavenni a munkaer\u0151t, mint megtartani | AllasOrias.hu | H\u00edrek-lapszemle","description":"Sok a kedvez\u0151tlen politikai \u00e9s gazdas\u00e1gi t\u00e9nyez\u0151, a munkaad\u00f3k id\u00e9n a megtart\u00e1sra koncentr\u00e1lnak, mert elbocs\u00e1tani \u00e9s \u00fajra toborozni sokkal k\u00f6lts\u00e9gesebb. Nem lesz azonban jelent\u0151s hat\u00e1ssal a magyar munkaer\u0151piacra az ukr\u00e1n menek\u00fcltek felv\u00e9tele - prognosztiz\u00e1lta a RecruiTECH toborz\u00e1si konferenci\u00e1n Mad\u00e1r Istv\u00e1n a Portfolio vezet\u0151 elemz\u0151je. A szakmai rendezv\u00e9nyen sz\u00f3 esett m\u00e9g egyebek mellett a digit\u00e1lis munkav\u00e1llal\u00f3i","inLanguage":"hu-HU","isPartOf":{"@id":"https:\/\/allasorias.hu\/hirek\/#website"},"breadcrumb":{"@id":"https:\/\/allasorias.hu\/hirek\/nehezebb-visszavenni-a-munkaerot-mint-megtartani\/#breadcrumblist"},"author":{"@id":"https:\/\/allasorias.hu\/hirek\/author\/admin-allasorias\/#author"},"creator":{"@id":"https:\/\/allasorias.hu\/hirek\/author\/admin-allasorias\/#author"},"image":{"@type":"ImageObject","url":"https:\/\/allasorias.hu\/hirek\/wp-content\/uploads\/2021\/11\/premium.jpg","@id":"https:\/\/allasorias.hu\/hirek\/nehezebb-visszavenni-a-munkaerot-mint-megtartani\/#mainImage","width":1920,"height":1280,"caption":"leader manager giving money bonus in paper envelope to business man worker employee for increasing of salary or promotion new position in meeting room office, unemployment, business company concept"},"primaryImageOfPage":{"@id":"https:\/\/allasorias.hu\/hirek\/nehezebb-visszavenni-a-munkaerot-mint-megtartani\/#mainImage"},"datePublished":"2022-04-06T06:53:21+02:00","dateModified":"2022-04-06T06:53:21+02:00"},{"@type":"WebSite","@id":"https:\/\/allasorias.hu\/hirek\/#website","url":"https:\/\/allasorias.hu\/hirek\/","name":"AllasOrias.hu | H\u00edrek-lapszemle","description":"\u00dczleti h\u00edrek az \u00e1ll\u00e1s \u00e9s a munka vil\u00e1g\u00e1b\u00f3l","inLanguage":"hu-HU","publisher":{"@id":"https:\/\/allasorias.hu\/hirek\/#organization"}}]},"og:locale":"hu_HU","og:site_name":"AllasOrias.hu | H\u00edrek-lapszemle | \u00dczleti h\u00edrek az \u00e1ll\u00e1s \u00e9s a munka vil\u00e1g\u00e1b\u00f3l","og:type":"article","og:title":"Nehezebb visszavenni a munkaer\u0151t, mint megtartani | AllasOrias.hu | H\u00edrek-lapszemle","og:description":"Sok a kedvez\u0151tlen politikai \u00e9s gazdas\u00e1gi t\u00e9nyez\u0151, a munkaad\u00f3k id\u00e9n a megtart\u00e1sra koncentr\u00e1lnak, mert elbocs\u00e1tani \u00e9s \u00fajra toborozni sokkal k\u00f6lts\u00e9gesebb. Nem lesz azonban jelent\u0151s hat\u00e1ssal a magyar munkaer\u0151piacra az ukr\u00e1n menek\u00fcltek felv\u00e9tele - prognosztiz\u00e1lta a RecruiTECH toborz\u00e1si konferenci\u00e1n Mad\u00e1r Istv\u00e1n a Portfolio vezet\u0151 elemz\u0151je. A szakmai rendezv\u00e9nyen sz\u00f3 esett m\u00e9g egyebek mellett a digit\u00e1lis munkav\u00e1llal\u00f3i","og:url":"https:\/\/allasorias.hu\/hirek\/nehezebb-visszavenni-a-munkaerot-mint-megtartani\/","og:image":"https:\/\/allasorias.hu\/hirek\/wp-content\/uploads\/2021\/11\/premium.jpg","og:image:secure_url":"https:\/\/allasorias.hu\/hirek\/wp-content\/uploads\/2021\/11\/premium.jpg","og:image:width":1920,"og:image:height":1280,"article:published_time":"2022-04-06T06:53:21+00:00","article:modified_time":"2022-04-06T06:53:21+00:00","article:publisher":"https:\/\/www.facebook.com\/allasorias","twitter:card":"summary_large_image","twitter:title":"Nehezebb visszavenni a munkaer\u0151t, mint megtartani | AllasOrias.hu | H\u00edrek-lapszemle","twitter:description":"Sok a kedvez\u0151tlen politikai \u00e9s gazdas\u00e1gi t\u00e9nyez\u0151, a munkaad\u00f3k id\u00e9n a megtart\u00e1sra koncentr\u00e1lnak, mert elbocs\u00e1tani \u00e9s \u00fajra toborozni sokkal k\u00f6lts\u00e9gesebb. Nem lesz azonban jelent\u0151s hat\u00e1ssal a magyar munkaer\u0151piacra az ukr\u00e1n menek\u00fcltek felv\u00e9tele - prognosztiz\u00e1lta a RecruiTECH toborz\u00e1si konferenci\u00e1n Mad\u00e1r Istv\u00e1n a Portfolio vezet\u0151 elemz\u0151je. A szakmai rendezv\u00e9nyen sz\u00f3 esett m\u00e9g egyebek mellett a digit\u00e1lis munkav\u00e1llal\u00f3i","twitter:image":"https:\/\/allasorias.hu\/hirek\/wp-content\/uploads\/2021\/11\/premium.jpg","twitter:label1":"Written by","twitter:data1":"Juh\u00e1sz P\u00e9ter","twitter:label2":"Est. reading time","twitter:data2":"3 minutes"},"aioseo_meta_data":{"post_id":"5491","title":null,"description":null,"keywords":[],"keyphrases":{"focus":{"keyphrase":"","score":0,"analysis":{"keyphraseInTitle":{"score":0,"maxScore":9,"error":1}}},"additional":[]},"primary_term":null,"canonical_url":null,"og_title":null,"og_description":null,"og_object_type":"default","og_image_type":"default","og_image_url":null,"og_image_width":null,"og_image_height":null,"og_image_custom_url":null,"og_image_custom_fields":null,"og_video":"","og_custom_url":null,"og_article_section":null,"og_article_tags":[],"twitter_use_og":false,"twitter_card":"default","twitter_image_type":"default","twitter_image_url":null,"twitter_image_custom_url":null,"twitter_image_custom_fields":null,"twitter_title":null,"twitter_description":null,"schema":{"blockGraphs":[],"customGraphs":[],"default":{"data":{"Article":[],"Course":[],"Dataset":[],"FAQPage":[],"Movie":[],"Person":[],"Product":[],"ProductReview":[],"Car":[],"Recipe":[],"Service":[],"SoftwareApplication":[],"WebPage":[]},"graphName":"","isEnabled":true},"graphs":[],"defaultGraph":"Article","defaultPostTypeGraph":""},"schema_type":"default","schema_type_options":"{\"article\":{\"articleType\":\"BlogPosting\"},\"course\":{\"name\":\"\",\"description\":\"\",\"provider\":\"\"},\"faq\":{\"pages\":[]},\"product\":{\"reviews\":[]},\"recipe\":{\"ingredients\":[],\"instructions\":[],\"keywords\":[]},\"software\":{\"reviews\":[],\"operatingSystems\":[]},\"webPage\":{\"webPageType\":\"WebPage\"}}","pillar_content":false,"robots_default":true,"robots_noindex":false,"robots_noarchive":false,"robots_nosnippet":false,"robots_nofollow":false,"robots_noimageindex":false,"robots_noodp":false,"robots_notranslate":false,"robots_max_snippet":"-1","robots_max_videopreview":"-1","robots_max_imagepreview":"large","priority":null,"frequency":"default","location":null,"local_seo":null,"breadcrumb_settings":null,"limit_modified_date":false,"ai":null,"created":"2022-04-06 06:51:15","updated":"2025-10-02 16:52:25","seo_analyzer_scan_date":null,"focus_keyword":null,"additional_keywords":null,"truseo_locale":null},"aioseo_breadcrumb":"<div class=\"aioseo-breadcrumbs\"><span class=\"aioseo-breadcrumb\">\n\t\t\t<a href=\"https:\/\/allasorias.hu\/hirek\" title=\"Home\">Home<\/a>\n\t\t<\/span><span class=\"aioseo-breadcrumb-separator\">&raquo;<\/span><span class=\"aioseo-breadcrumb\">\n\t\t\t<a href=\"https:\/\/allasorias.hu\/hirek\/temak\/munkaeropiac\/\" title=\"Munkaer\u0151piac\">Munkaer\u0151piac<\/a>\n\t\t<\/span><span class=\"aioseo-breadcrumb-separator\">&raquo;<\/span><span class=\"aioseo-breadcrumb\">\n\t\t\tNehezebb visszavenni a munkaer\u0151t, mint megtartani\n\t\t<\/span><\/div>","aioseo_breadcrumb_json":[{"label":"Home","link":"https:\/\/allasorias.hu\/hirek"},{"label":"Munkaer\u0151piac","link":"https:\/\/allasorias.hu\/hirek\/temak\/munkaeropiac\/"},{"label":"Nehezebb visszavenni a munkaer\u0151t, mint megtartani","link":"https:\/\/allasorias.hu\/hirek\/nehezebb-visszavenni-a-munkaerot-mint-megtartani\/"}],"_links":{"self":[{"href":"https:\/\/allasorias.hu\/hirek\/wp-json\/wp\/v2\/posts\/5491","targetHints":{"allow":["GET"]}}],"collection":[{"href":"https:\/\/allasorias.hu\/hirek\/wp-json\/wp\/v2\/posts"}],"about":[{"href":"https:\/\/allasorias.hu\/hirek\/wp-json\/wp\/v2\/types\/post"}],"author":[{"embeddable":true,"href":"https:\/\/allasorias.hu\/hirek\/wp-json\/wp\/v2\/users\/1"}],"replies":[{"embeddable":true,"href":"https:\/\/allasorias.hu\/hirek\/wp-json\/wp\/v2\/comments?post=5491"}],"version-history":[{"count":1,"href":"https:\/\/allasorias.hu\/hirek\/wp-json\/wp\/v2\/posts\/5491\/revisions"}],"predecessor-version":[{"id":5492,"href":"https:\/\/allasorias.hu\/hirek\/wp-json\/wp\/v2\/posts\/5491\/revisions\/5492"}],"wp:featuredmedia":[{"embeddable":true,"href":"https:\/\/allasorias.hu\/hirek\/wp-json\/wp\/v2\/media\/5211"}],"wp:attachment":[{"href":"https:\/\/allasorias.hu\/hirek\/wp-json\/wp\/v2\/media?parent=5491"}],"wp:term":[{"taxonomy":"category","embeddable":true,"href":"https:\/\/allasorias.hu\/hirek\/wp-json\/wp\/v2\/categories?post=5491"},{"taxonomy":"post_tag","embeddable":true,"href":"https:\/\/allasorias.hu\/hirek\/wp-json\/wp\/v2\/tags?post=5491"}],"curies":[{"name":"wp","href":"https:\/\/api.w.org\/{rel}","templated":true}]}}