{"id":5489,"date":"2022-04-05T06:32:31","date_gmt":"2022-04-05T06:32:31","guid":{"rendered":"https:\/\/allasorias.hu\/hirek\/?p=5489"},"modified":"2022-04-05T06:32:31","modified_gmt":"2022-04-05T06:32:31","slug":"hol-tudnak-elhelyezkedni-az-ukran-menekultek-l","status":"publish","type":"post","link":"https:\/\/allasorias.hu\/hirek\/hol-tudnak-elhelyezkedni-az-ukran-menekultek-l\/","title":{"rendered":"Hol tudnak elhelyezkedni az ukr\u00e1n menek\u00fcltek ?l"},"content":{"rendered":"<p><strong>Az orosz-ukr\u00e1n h\u00e1bor\u00fat megel\u0151z\u0151en nagyj\u00e1b\u00f3l 30 ezer ukr\u00e1n \u00e1llampolg\u00e1rnak volt Magyarorsz\u00e1gon bejelentett munkahelye. A haz\u00e1nkban mened\u00e9kes st\u00e1tuszt kap\u00f3 ukr\u00e1nok alkalmaz\u00e1sa ut\u00e1n t\u00e1mogat\u00e1s is j\u00e1r a foglalkoztat\u00f3knak: havi 60 ezer forint. Az Ukrajn\u00e1b\u00f3l \u00e9rkez\u0151 menek\u00fcltek a hi\u00e1nyszakm\u00e1k b\u00e1rmelyik\u00e9ben gyorsan el tudn\u00e1nak helyezkedni, \u00e1m ezt &#8211; f\u0151k\u00e9nt a n\u0151k eset\u00e9ben &#8211; jelent\u0151sen korl\u00e1tozz\u00e1k szoci\u00e1lis k\u00f6r\u00fclm\u00e9nyeik &#8211; p\u00e9ld\u00e1ul a kisgyermekek, akiket el kellene helyezni\u00fck valahol a munkav\u00e9gz\u00e9s idej\u00e9re. <\/strong><\/p>\n<p>Az orosz-ukr\u00e1n h\u00e1bor\u00fat megel\u0151z\u0151en nagyj\u00e1b\u00f3l 30 ezer ukr\u00e1n \u00e1llampolg\u00e1rnak volt Magyarorsz\u00e1gon bejelentett munkahelye. A konfliktus fell\u00e1ngol\u00e1sa \u00f3ta t\u00f6bb mint 540 ezren menek\u00fclt \u00e9rkezett haz\u00e1nkban a keleti szomsz\u00e9dunkt\u00f3l, a t\u00f6bbs\u00e9g\u00fck azonban tov\u00e1bbment Nyugat-Eur\u00f3p\u00e1ba. K\u00f6z\u00fcl\u00fck k\u00f6r\u00fclbel\u00fcl 7 ezer ember k\u00e9rt mened\u00e9kes st\u00e1tuszt n\u00e1lunk, t\u00f6bbs\u00e9g\u00fckben pedig a rokoni kapcsolataik miatt maradtak itt. Legink\u00e1bb \u0151k azok, akik megjelenhetnek a magyar munkaer\u0151piacon \u2013 \u00edrja a portfolio.hu. A haz\u00e1nkban mened\u00e9kes st\u00e1tuszt kap\u00f3 ukr\u00e1nok alkalmaz\u00e1sa ut\u00e1n t\u00e1mogat\u00e1s is j\u00e1r a foglalkoztat\u00f3knak: havi 60 ezer forint. Ennek az ut\u00f3lag kifizetett \u00f6sszegnek legal\u00e1bb a fel\u00e9t a sz\u00e1ll\u00e1sukra, vagy \u00e9tkeztet\u00e9s\u00fckre kell ford\u00edtaniuk. Akik gyermeket is nevelnek, az \u0151 t\u00e1mogat\u00e1sukra gyermekenk\u00e9nt tov\u00e1bbi 12 ezer forint j\u00e1r. A legfeljebb 12 h\u00f3napig j\u00e1r\u00f3 \u00e1llami t\u00e1mogat\u00e1st a munkaad\u00f3k ig\u00e9nyelhetik. A munk\u00e1ltat\u00f3nak a munkav\u00e1llal\u00f3k mellett gondoskodniuk kell a kiskor\u00fa hozz\u00e1tartoz\u00f3k megfelel\u0151 elsz\u00e1ll\u00e1sol\u00e1s\u00e1r\u00f3l is. Az \u00e9rkez\u0151k jelent\u0151s r\u00e9sze azonban n\u0151, gyerek \u00e9s id\u0151s ember. A n\u0151k foglalkoztathat\u00f3s\u00e1g\u00e1t pedig jelent\u0151sen korl\u00e1tozhatj\u00e1k szoci\u00e1lis k\u00f6r\u00fclm\u00e9nyeik: jellemz\u0151en f\u00e9rfi csal\u00e1dtag n\u00e9lk\u00fcl, sokan t\u00f6bb gyermekkel \u00e9rkeztek az orsz\u00e1gba. Akik eset\u00e9ben m\u00e9gis sz\u00f3ba j\u00f6het a munkav\u00e1llal\u00e1s, \u0151k nem esnek \u00e1t el\u0151sz\u0171r\u00e9seken, k\u00e9szs\u00e9gfelm\u00e9r\u00e9seken, ami megnehez\u00edtheti a munk\u00e1ltat\u00f3k sz\u00e1m\u00e1ra a megfelel\u0151 munkak\u00f6r\u00f6kben t\u00f6rt\u00e9n\u0151 elhelyez\u00e9st \u2013 mondta a lapnak Mih\u00e1lyi Magdolna, a Jobtain HR Szolg\u00e1ltat\u00f3 Kft. \u00fcgyvezet\u0151je. A Jobtain a h\u00e1bor\u00fa kit\u00f6r\u00e9se t\u00f6bb mint 500 ukr\u00e1n menek\u00fcltet \u00e1ll\u00edtott munk\u00e1ba, legink\u00e1bb az \u00e9p\u00edt\u0151iparban, az elektronikai szektorban, a feldolgoz\u00f3iparban \u00e9s a vend\u00e9gl\u00e1t\u00e1s ter\u00fclet\u00e9n. De a menek\u00fcltek a szakember szerint a hi\u00e1nyszakm\u00e1k b\u00e1rmelyik\u00e9ben gyorsan el tudnak helyezkedni.<\/p>\n<p>Forr\u00e1s: hrportal.hu<\/p>\n","protected":false},"excerpt":{"rendered":"<p>Az orosz-ukr\u00e1n h\u00e1bor\u00fat megel\u0151z\u0151en nagyj\u00e1b\u00f3l 30 ezer ukr\u00e1n \u00e1llampolg\u00e1rnak volt Magyarorsz\u00e1gon bejelentett munkahelye. A haz\u00e1nkban mened\u00e9kes st\u00e1tuszt kap\u00f3 ukr\u00e1nok alkalmaz\u00e1sa ut\u00e1n t\u00e1mogat\u00e1s is j\u00e1r a foglalkoztat\u00f3knak: havi 60 ezer forint. Az Ukrajn\u00e1b\u00f3l \u00e9rkez\u0151 menek\u00fcltek a hi\u00e1nyszakm\u00e1k b\u00e1rmelyik\u00e9ben gyorsan el tudn\u00e1nak helyezkedni, \u00e1m ezt &#8211; f\u0151k\u00e9nt a n\u0151k eset\u00e9ben &#8211; jelent\u0151sen korl\u00e1tozz\u00e1k szoci\u00e1lis k\u00f6r\u00fclm\u00e9nyeik &#8211; p\u00e9ld\u00e1ul [&hellip;]<\/p>\n","protected":false},"author":1,"featured_media":5434,"comment_status":"open","ping_status":"open","sticky":false,"template":"","format":"standard","meta":{"_monsterinsights_skip_tracking":false,"footnotes":""},"categories":[200],"tags":[],"class_list":["post-5489","post","type-post","status-publish","format-standard","has-post-thumbnail","hentry","category-munkaeropiac"],"aioseo_notices":[],"aioseo_head":"\n\t\t<!-- All in One SEO 5.0.0.1 - aioseo.com -->\n\t<meta name=\"description\" content=\"Az orosz-ukr\u00e1n h\u00e1bor\u00fat megel\u0151z\u0151en nagyj\u00e1b\u00f3l 30 ezer ukr\u00e1n \u00e1llampolg\u00e1rnak volt Magyarorsz\u00e1gon bejelentett munkahelye. A haz\u00e1nkban mened\u00e9kes st\u00e1tuszt kap\u00f3 ukr\u00e1nok alkalmaz\u00e1sa ut\u00e1n t\u00e1mogat\u00e1s is j\u00e1r a foglalkoztat\u00f3knak: havi 60 ezer forint. Az Ukrajn\u00e1b\u00f3l \u00e9rkez\u0151 menek\u00fcltek a hi\u00e1nyszakm\u00e1k b\u00e1rmelyik\u00e9ben gyorsan el tudn\u00e1nak helyezkedni, \u00e1m ezt - f\u0151k\u00e9nt a n\u0151k eset\u00e9ben - jelent\u0151sen korl\u00e1tozz\u00e1k szoci\u00e1lis k\u00f6r\u00fclm\u00e9nyeik - p\u00e9ld\u00e1ul\" \/>\n\t<meta name=\"robots\" content=\"max-image-preview:large\" \/>\n\t<meta name=\"author\" content=\"Juh\u00e1sz P\u00e9ter\"\/>\n\t<link rel=\"canonical\" href=\"https:\/\/allasorias.hu\/hirek\/hol-tudnak-elhelyezkedni-az-ukran-menekultek-l\/\" \/>\n\t<meta name=\"generator\" content=\"All in One SEO (AIOSEO) 5.0.0.1\" \/>\n\t\t<meta property=\"og:locale\" content=\"hu_HU\" \/>\n\t\t<meta property=\"og:site_name\" content=\"AllasOrias.hu | H\u00edrek-lapszemle | \u00dczleti h\u00edrek az \u00e1ll\u00e1s \u00e9s a munka vil\u00e1g\u00e1b\u00f3l\" \/>\n\t\t<meta property=\"og:type\" content=\"article\" \/>\n\t\t<meta property=\"og:title\" content=\"Hol tudnak elhelyezkedni az ukr\u00e1n menek\u00fcltek ?l | AllasOrias.hu | H\u00edrek-lapszemle\" \/>\n\t\t<meta property=\"og:description\" content=\"Az orosz-ukr\u00e1n h\u00e1bor\u00fat megel\u0151z\u0151en nagyj\u00e1b\u00f3l 30 ezer ukr\u00e1n \u00e1llampolg\u00e1rnak volt Magyarorsz\u00e1gon bejelentett munkahelye. A haz\u00e1nkban mened\u00e9kes st\u00e1tuszt kap\u00f3 ukr\u00e1nok alkalmaz\u00e1sa ut\u00e1n t\u00e1mogat\u00e1s is j\u00e1r a foglalkoztat\u00f3knak: havi 60 ezer forint. Az Ukrajn\u00e1b\u00f3l \u00e9rkez\u0151 menek\u00fcltek a hi\u00e1nyszakm\u00e1k b\u00e1rmelyik\u00e9ben gyorsan el tudn\u00e1nak helyezkedni, \u00e1m ezt - f\u0151k\u00e9nt a n\u0151k eset\u00e9ben - jelent\u0151sen korl\u00e1tozz\u00e1k szoci\u00e1lis k\u00f6r\u00fclm\u00e9nyeik - p\u00e9ld\u00e1ul\" \/>\n\t\t<meta property=\"og:url\" content=\"https:\/\/allasorias.hu\/hirek\/hol-tudnak-elhelyezkedni-az-ukran-menekultek-l\/\" \/>\n\t\t<meta property=\"og:image\" content=\"https:\/\/allasorias.hu\/hirek\/wp-content\/uploads\/2022\/03\/flag-ukraine.jpg\" \/>\n\t\t<meta property=\"og:image:secure_url\" content=\"https:\/\/allasorias.hu\/hirek\/wp-content\/uploads\/2022\/03\/flag-ukraine.jpg\" \/>\n\t\t<meta property=\"og:image:width\" content=\"1920\" \/>\n\t\t<meta property=\"og:image:height\" content=\"1280\" \/>\n\t\t<meta property=\"article:published_time\" content=\"2022-04-05T06:32:31+00:00\" \/>\n\t\t<meta property=\"article:modified_time\" content=\"2022-04-05T06:32:31+00:00\" \/>\n\t\t<meta property=\"article:publisher\" content=\"https:\/\/www.facebook.com\/allasorias\" \/>\n\t\t<meta name=\"twitter:card\" content=\"summary_large_image\" \/>\n\t\t<meta name=\"twitter:title\" content=\"Hol tudnak elhelyezkedni az ukr\u00e1n menek\u00fcltek ?l | AllasOrias.hu | H\u00edrek-lapszemle\" \/>\n\t\t<meta name=\"twitter:description\" content=\"Az orosz-ukr\u00e1n h\u00e1bor\u00fat megel\u0151z\u0151en nagyj\u00e1b\u00f3l 30 ezer ukr\u00e1n \u00e1llampolg\u00e1rnak volt Magyarorsz\u00e1gon bejelentett munkahelye. A haz\u00e1nkban mened\u00e9kes st\u00e1tuszt kap\u00f3 ukr\u00e1nok alkalmaz\u00e1sa ut\u00e1n t\u00e1mogat\u00e1s is j\u00e1r a foglalkoztat\u00f3knak: havi 60 ezer forint. Az Ukrajn\u00e1b\u00f3l \u00e9rkez\u0151 menek\u00fcltek a hi\u00e1nyszakm\u00e1k b\u00e1rmelyik\u00e9ben gyorsan el tudn\u00e1nak helyezkedni, \u00e1m ezt - f\u0151k\u00e9nt a n\u0151k eset\u00e9ben - jelent\u0151sen korl\u00e1tozz\u00e1k szoci\u00e1lis k\u00f6r\u00fclm\u00e9nyeik - p\u00e9ld\u00e1ul\" \/>\n\t\t<meta name=\"twitter:image\" content=\"https:\/\/allasorias.hu\/hirek\/wp-content\/uploads\/2022\/03\/flag-ukraine.jpg\" \/>\n\t\t<meta name=\"twitter:label1\" content=\"Written by\" \/>\n\t\t<meta name=\"twitter:data1\" content=\"Juh\u00e1sz P\u00e9ter\" \/>\n\t\t<meta name=\"twitter:label2\" content=\"Est. reading time\" \/>\n\t\t<meta name=\"twitter:data2\" content=\"2 minutes\" \/>\n\t\t<script type=\"application\/ld+json\" class=\"aioseo-schema\">\n\t\t\t{\"@context\":\"https:\\\/\\\/schema.org\",\"@graph\":[{\"@type\":\"Article\",\"@id\":\"https:\\\/\\\/allasorias.hu\\\/hirek\\\/hol-tudnak-elhelyezkedni-az-ukran-menekultek-l\\\/#article\",\"name\":\"Hol tudnak elhelyezkedni az ukr\\u00e1n menek\\u00fcltek ?l | AllasOrias.hu | H\\u00edrek-lapszemle\",\"headline\":\"Hol tudnak elhelyezkedni az ukr\\u00e1n menek\\u00fcltek ?l\",\"author\":{\"@id\":\"https:\\\/\\\/allasorias.hu\\\/hirek\\\/author\\\/admin-allasorias\\\/#author\"},\"publisher\":{\"@id\":\"https:\\\/\\\/allasorias.hu\\\/hirek\\\/#organization\"},\"image\":{\"@type\":\"ImageObject\",\"url\":\"https:\\\/\\\/allasorias.hu\\\/hirek\\\/wp-content\\\/uploads\\\/2022\\\/03\\\/flag-ukraine.jpg\",\"width\":1920,\"height\":1280,\"caption\":\"Flag of Ukraine\"},\"datePublished\":\"2022-04-05T06:32:31+02:00\",\"dateModified\":\"2022-04-05T06:32:31+02:00\",\"inLanguage\":\"hu-HU\",\"mainEntityOfPage\":{\"@id\":\"https:\\\/\\\/allasorias.hu\\\/hirek\\\/hol-tudnak-elhelyezkedni-az-ukran-menekultek-l\\\/#webpage\"},\"isPartOf\":{\"@id\":\"https:\\\/\\\/allasorias.hu\\\/hirek\\\/hol-tudnak-elhelyezkedni-az-ukran-menekultek-l\\\/#webpage\"},\"articleSection\":\"Munkaer\\u0151piac\"},{\"@type\":\"BreadcrumbList\",\"@id\":\"https:\\\/\\\/allasorias.hu\\\/hirek\\\/hol-tudnak-elhelyezkedni-az-ukran-menekultek-l\\\/#breadcrumblist\",\"itemListElement\":[{\"@type\":\"ListItem\",\"@id\":\"https:\\\/\\\/allasorias.hu\\\/hirek#listItem\",\"position\":1,\"name\":\"Home\",\"item\":\"https:\\\/\\\/allasorias.hu\\\/hirek\",\"nextItem\":{\"@type\":\"ListItem\",\"@id\":\"https:\\\/\\\/allasorias.hu\\\/hirek\\\/temak\\\/munkaeropiac\\\/#listItem\",\"name\":\"Munkaer\\u0151piac\"}},{\"@type\":\"ListItem\",\"@id\":\"https:\\\/\\\/allasorias.hu\\\/hirek\\\/temak\\\/munkaeropiac\\\/#listItem\",\"position\":2,\"name\":\"Munkaer\\u0151piac\",\"item\":\"https:\\\/\\\/allasorias.hu\\\/hirek\\\/temak\\\/munkaeropiac\\\/\",\"nextItem\":{\"@type\":\"ListItem\",\"@id\":\"https:\\\/\\\/allasorias.hu\\\/hirek\\\/hol-tudnak-elhelyezkedni-az-ukran-menekultek-l\\\/#listItem\",\"name\":\"Hol tudnak elhelyezkedni az ukr\\u00e1n menek\\u00fcltek ?l\"},\"previousItem\":{\"@type\":\"ListItem\",\"@id\":\"https:\\\/\\\/allasorias.hu\\\/hirek#listItem\",\"name\":\"Home\"}},{\"@type\":\"ListItem\",\"@id\":\"https:\\\/\\\/allasorias.hu\\\/hirek\\\/hol-tudnak-elhelyezkedni-az-ukran-menekultek-l\\\/#listItem\",\"position\":3,\"name\":\"Hol tudnak elhelyezkedni az ukr\\u00e1n menek\\u00fcltek ?l\",\"previousItem\":{\"@type\":\"ListItem\",\"@id\":\"https:\\\/\\\/allasorias.hu\\\/hirek\\\/temak\\\/munkaeropiac\\\/#listItem\",\"name\":\"Munkaer\\u0151piac\"}}]},{\"@type\":\"Organization\",\"@id\":\"https:\\\/\\\/allasorias.hu\\\/hirek\\\/#organization\",\"name\":\"AllasOrias.hu | H\\u00edrek-lapszemle\",\"description\":\"\\u00dczleti h\\u00edrek az \\u00e1ll\\u00e1s \\u00e9s a munka vil\\u00e1g\\u00e1b\\u00f3l\",\"url\":\"https:\\\/\\\/allasorias.hu\\\/hirek\\\/\",\"logo\":{\"@type\":\"ImageObject\",\"url\":\"https:\\\/\\\/allasorias.hu\\\/hirek\\\/wp-content\\\/uploads\\\/2022\\\/10\\\/allasorias_site_facebok_logo.png\",\"@id\":\"https:\\\/\\\/allasorias.hu\\\/hirek\\\/hol-tudnak-elhelyezkedni-az-ukran-menekultek-l\\\/#organizationLogo\"},\"image\":{\"@id\":\"https:\\\/\\\/allasorias.hu\\\/hirek\\\/hol-tudnak-elhelyezkedni-az-ukran-menekultek-l\\\/#organizationLogo\"},\"sameAs\":[\"https:\\\/\\\/www.facebook.com\\\/allasorias\",\"https:\\\/\\\/www.linkedin.com\\\/company\\\/allasorias\"]},{\"@type\":\"Person\",\"@id\":\"https:\\\/\\\/allasorias.hu\\\/hirek\\\/author\\\/admin-allasorias\\\/#author\",\"url\":\"https:\\\/\\\/allasorias.hu\\\/hirek\\\/author\\\/admin-allasorias\\\/\",\"name\":\"Juh\\u00e1sz P\\u00e9ter\",\"image\":{\"@type\":\"ImageObject\",\"@id\":\"https:\\\/\\\/allasorias.hu\\\/hirek\\\/hol-tudnak-elhelyezkedni-az-ukran-menekultek-l\\\/#authorImage\",\"url\":\"https:\\\/\\\/secure.gravatar.com\\\/avatar\\\/36e6bcb83148978b992977cb0f54d22feb0cce8a0a849a9410532bb2623ba4c6?s=96&d=mm&r=g\",\"width\":96,\"height\":96,\"caption\":\"Juh\\u00e1sz P\\u00e9ter\"}},{\"@type\":\"WebPage\",\"@id\":\"https:\\\/\\\/allasorias.hu\\\/hirek\\\/hol-tudnak-elhelyezkedni-az-ukran-menekultek-l\\\/#webpage\",\"url\":\"https:\\\/\\\/allasorias.hu\\\/hirek\\\/hol-tudnak-elhelyezkedni-az-ukran-menekultek-l\\\/\",\"name\":\"Hol tudnak elhelyezkedni az ukr\\u00e1n menek\\u00fcltek ?l | AllasOrias.hu | H\\u00edrek-lapszemle\",\"description\":\"Az orosz-ukr\\u00e1n h\\u00e1bor\\u00fat megel\\u0151z\\u0151en nagyj\\u00e1b\\u00f3l 30 ezer ukr\\u00e1n \\u00e1llampolg\\u00e1rnak volt Magyarorsz\\u00e1gon bejelentett munkahelye. A haz\\u00e1nkban mened\\u00e9kes st\\u00e1tuszt kap\\u00f3 ukr\\u00e1nok alkalmaz\\u00e1sa ut\\u00e1n t\\u00e1mogat\\u00e1s is j\\u00e1r a foglalkoztat\\u00f3knak: havi 60 ezer forint. Az Ukrajn\\u00e1b\\u00f3l \\u00e9rkez\\u0151 menek\\u00fcltek a hi\\u00e1nyszakm\\u00e1k b\\u00e1rmelyik\\u00e9ben gyorsan el tudn\\u00e1nak helyezkedni, \\u00e1m ezt - f\\u0151k\\u00e9nt a n\\u0151k eset\\u00e9ben - jelent\\u0151sen korl\\u00e1tozz\\u00e1k szoci\\u00e1lis k\\u00f6r\\u00fclm\\u00e9nyeik - p\\u00e9ld\\u00e1ul\",\"inLanguage\":\"hu-HU\",\"isPartOf\":{\"@id\":\"https:\\\/\\\/allasorias.hu\\\/hirek\\\/#website\"},\"breadcrumb\":{\"@id\":\"https:\\\/\\\/allasorias.hu\\\/hirek\\\/hol-tudnak-elhelyezkedni-az-ukran-menekultek-l\\\/#breadcrumblist\"},\"author\":{\"@id\":\"https:\\\/\\\/allasorias.hu\\\/hirek\\\/author\\\/admin-allasorias\\\/#author\"},\"creator\":{\"@id\":\"https:\\\/\\\/allasorias.hu\\\/hirek\\\/author\\\/admin-allasorias\\\/#author\"},\"image\":{\"@type\":\"ImageObject\",\"url\":\"https:\\\/\\\/allasorias.hu\\\/hirek\\\/wp-content\\\/uploads\\\/2022\\\/03\\\/flag-ukraine.jpg\",\"@id\":\"https:\\\/\\\/allasorias.hu\\\/hirek\\\/hol-tudnak-elhelyezkedni-az-ukran-menekultek-l\\\/#mainImage\",\"width\":1920,\"height\":1280,\"caption\":\"Flag of Ukraine\"},\"primaryImageOfPage\":{\"@id\":\"https:\\\/\\\/allasorias.hu\\\/hirek\\\/hol-tudnak-elhelyezkedni-az-ukran-menekultek-l\\\/#mainImage\"},\"datePublished\":\"2022-04-05T06:32:31+02:00\",\"dateModified\":\"2022-04-05T06:32:31+02:00\"},{\"@type\":\"WebSite\",\"@id\":\"https:\\\/\\\/allasorias.hu\\\/hirek\\\/#website\",\"url\":\"https:\\\/\\\/allasorias.hu\\\/hirek\\\/\",\"name\":\"AllasOrias.hu | H\\u00edrek-lapszemle\",\"description\":\"\\u00dczleti h\\u00edrek az \\u00e1ll\\u00e1s \\u00e9s a munka vil\\u00e1g\\u00e1b\\u00f3l\",\"inLanguage\":\"hu-HU\",\"publisher\":{\"@id\":\"https:\\\/\\\/allasorias.hu\\\/hirek\\\/#organization\"}}]}\n\t\t<\/script>\n\t\t<!-- All in One SEO -->\n\n","aioseo_head_json":{"title":"Hol tudnak elhelyezkedni az ukr\u00e1n menek\u00fcltek ?l | AllasOrias.hu | H\u00edrek-lapszemle","description":"Az orosz-ukr\u00e1n h\u00e1bor\u00fat megel\u0151z\u0151en nagyj\u00e1b\u00f3l 30 ezer ukr\u00e1n \u00e1llampolg\u00e1rnak volt Magyarorsz\u00e1gon bejelentett munkahelye. A haz\u00e1nkban mened\u00e9kes st\u00e1tuszt kap\u00f3 ukr\u00e1nok alkalmaz\u00e1sa ut\u00e1n t\u00e1mogat\u00e1s is j\u00e1r a foglalkoztat\u00f3knak: havi 60 ezer forint. Az Ukrajn\u00e1b\u00f3l \u00e9rkez\u0151 menek\u00fcltek a hi\u00e1nyszakm\u00e1k b\u00e1rmelyik\u00e9ben gyorsan el tudn\u00e1nak helyezkedni, \u00e1m ezt - f\u0151k\u00e9nt a n\u0151k eset\u00e9ben - jelent\u0151sen korl\u00e1tozz\u00e1k szoci\u00e1lis k\u00f6r\u00fclm\u00e9nyeik - p\u00e9ld\u00e1ul","canonical_url":"https:\/\/allasorias.hu\/hirek\/hol-tudnak-elhelyezkedni-az-ukran-menekultek-l\/","robots":"max-image-preview:large","keywords":"","webmasterTools":{"miscellaneous":""},"schema":{"@context":"https:\/\/schema.org","@graph":[{"@type":"Article","@id":"https:\/\/allasorias.hu\/hirek\/hol-tudnak-elhelyezkedni-az-ukran-menekultek-l\/#article","name":"Hol tudnak elhelyezkedni az ukr\u00e1n menek\u00fcltek ?l | AllasOrias.hu | H\u00edrek-lapszemle","headline":"Hol tudnak elhelyezkedni az ukr\u00e1n menek\u00fcltek ?l","author":{"@id":"https:\/\/allasorias.hu\/hirek\/author\/admin-allasorias\/#author"},"publisher":{"@id":"https:\/\/allasorias.hu\/hirek\/#organization"},"image":{"@type":"ImageObject","url":"https:\/\/allasorias.hu\/hirek\/wp-content\/uploads\/2022\/03\/flag-ukraine.jpg","width":1920,"height":1280,"caption":"Flag of Ukraine"},"datePublished":"2022-04-05T06:32:31+02:00","dateModified":"2022-04-05T06:32:31+02:00","inLanguage":"hu-HU","mainEntityOfPage":{"@id":"https:\/\/allasorias.hu\/hirek\/hol-tudnak-elhelyezkedni-az-ukran-menekultek-l\/#webpage"},"isPartOf":{"@id":"https:\/\/allasorias.hu\/hirek\/hol-tudnak-elhelyezkedni-az-ukran-menekultek-l\/#webpage"},"articleSection":"Munkaer\u0151piac"},{"@type":"BreadcrumbList","@id":"https:\/\/allasorias.hu\/hirek\/hol-tudnak-elhelyezkedni-az-ukran-menekultek-l\/#breadcrumblist","itemListElement":[{"@type":"ListItem","@id":"https:\/\/allasorias.hu\/hirek#listItem","position":1,"name":"Home","item":"https:\/\/allasorias.hu\/hirek","nextItem":{"@type":"ListItem","@id":"https:\/\/allasorias.hu\/hirek\/temak\/munkaeropiac\/#listItem","name":"Munkaer\u0151piac"}},{"@type":"ListItem","@id":"https:\/\/allasorias.hu\/hirek\/temak\/munkaeropiac\/#listItem","position":2,"name":"Munkaer\u0151piac","item":"https:\/\/allasorias.hu\/hirek\/temak\/munkaeropiac\/","nextItem":{"@type":"ListItem","@id":"https:\/\/allasorias.hu\/hirek\/hol-tudnak-elhelyezkedni-az-ukran-menekultek-l\/#listItem","name":"Hol tudnak elhelyezkedni az ukr\u00e1n menek\u00fcltek ?l"},"previousItem":{"@type":"ListItem","@id":"https:\/\/allasorias.hu\/hirek#listItem","name":"Home"}},{"@type":"ListItem","@id":"https:\/\/allasorias.hu\/hirek\/hol-tudnak-elhelyezkedni-az-ukran-menekultek-l\/#listItem","position":3,"name":"Hol tudnak elhelyezkedni az ukr\u00e1n menek\u00fcltek ?l","previousItem":{"@type":"ListItem","@id":"https:\/\/allasorias.hu\/hirek\/temak\/munkaeropiac\/#listItem","name":"Munkaer\u0151piac"}}]},{"@type":"Organization","@id":"https:\/\/allasorias.hu\/hirek\/#organization","name":"AllasOrias.hu | H\u00edrek-lapszemle","description":"\u00dczleti h\u00edrek az \u00e1ll\u00e1s \u00e9s a munka vil\u00e1g\u00e1b\u00f3l","url":"https:\/\/allasorias.hu\/hirek\/","logo":{"@type":"ImageObject","url":"https:\/\/allasorias.hu\/hirek\/wp-content\/uploads\/2022\/10\/allasorias_site_facebok_logo.png","@id":"https:\/\/allasorias.hu\/hirek\/hol-tudnak-elhelyezkedni-az-ukran-menekultek-l\/#organizationLogo"},"image":{"@id":"https:\/\/allasorias.hu\/hirek\/hol-tudnak-elhelyezkedni-az-ukran-menekultek-l\/#organizationLogo"},"sameAs":["https:\/\/www.facebook.com\/allasorias","https:\/\/www.linkedin.com\/company\/allasorias"]},{"@type":"Person","@id":"https:\/\/allasorias.hu\/hirek\/author\/admin-allasorias\/#author","url":"https:\/\/allasorias.hu\/hirek\/author\/admin-allasorias\/","name":"Juh\u00e1sz P\u00e9ter","image":{"@type":"ImageObject","@id":"https:\/\/allasorias.hu\/hirek\/hol-tudnak-elhelyezkedni-az-ukran-menekultek-l\/#authorImage","url":"https:\/\/secure.gravatar.com\/avatar\/36e6bcb83148978b992977cb0f54d22feb0cce8a0a849a9410532bb2623ba4c6?s=96&d=mm&r=g","width":96,"height":96,"caption":"Juh\u00e1sz P\u00e9ter"}},{"@type":"WebPage","@id":"https:\/\/allasorias.hu\/hirek\/hol-tudnak-elhelyezkedni-az-ukran-menekultek-l\/#webpage","url":"https:\/\/allasorias.hu\/hirek\/hol-tudnak-elhelyezkedni-az-ukran-menekultek-l\/","name":"Hol tudnak elhelyezkedni az ukr\u00e1n menek\u00fcltek ?l | AllasOrias.hu | H\u00edrek-lapszemle","description":"Az orosz-ukr\u00e1n h\u00e1bor\u00fat megel\u0151z\u0151en nagyj\u00e1b\u00f3l 30 ezer ukr\u00e1n \u00e1llampolg\u00e1rnak volt Magyarorsz\u00e1gon bejelentett munkahelye. A haz\u00e1nkban mened\u00e9kes st\u00e1tuszt kap\u00f3 ukr\u00e1nok alkalmaz\u00e1sa ut\u00e1n t\u00e1mogat\u00e1s is j\u00e1r a foglalkoztat\u00f3knak: havi 60 ezer forint. Az Ukrajn\u00e1b\u00f3l \u00e9rkez\u0151 menek\u00fcltek a hi\u00e1nyszakm\u00e1k b\u00e1rmelyik\u00e9ben gyorsan el tudn\u00e1nak helyezkedni, \u00e1m ezt - f\u0151k\u00e9nt a n\u0151k eset\u00e9ben - jelent\u0151sen korl\u00e1tozz\u00e1k szoci\u00e1lis k\u00f6r\u00fclm\u00e9nyeik - p\u00e9ld\u00e1ul","inLanguage":"hu-HU","isPartOf":{"@id":"https:\/\/allasorias.hu\/hirek\/#website"},"breadcrumb":{"@id":"https:\/\/allasorias.hu\/hirek\/hol-tudnak-elhelyezkedni-az-ukran-menekultek-l\/#breadcrumblist"},"author":{"@id":"https:\/\/allasorias.hu\/hirek\/author\/admin-allasorias\/#author"},"creator":{"@id":"https:\/\/allasorias.hu\/hirek\/author\/admin-allasorias\/#author"},"image":{"@type":"ImageObject","url":"https:\/\/allasorias.hu\/hirek\/wp-content\/uploads\/2022\/03\/flag-ukraine.jpg","@id":"https:\/\/allasorias.hu\/hirek\/hol-tudnak-elhelyezkedni-az-ukran-menekultek-l\/#mainImage","width":1920,"height":1280,"caption":"Flag of Ukraine"},"primaryImageOfPage":{"@id":"https:\/\/allasorias.hu\/hirek\/hol-tudnak-elhelyezkedni-az-ukran-menekultek-l\/#mainImage"},"datePublished":"2022-04-05T06:32:31+02:00","dateModified":"2022-04-05T06:32:31+02:00"},{"@type":"WebSite","@id":"https:\/\/allasorias.hu\/hirek\/#website","url":"https:\/\/allasorias.hu\/hirek\/","name":"AllasOrias.hu | H\u00edrek-lapszemle","description":"\u00dczleti h\u00edrek az \u00e1ll\u00e1s \u00e9s a munka vil\u00e1g\u00e1b\u00f3l","inLanguage":"hu-HU","publisher":{"@id":"https:\/\/allasorias.hu\/hirek\/#organization"}}]},"og:locale":"hu_HU","og:site_name":"AllasOrias.hu | H\u00edrek-lapszemle | \u00dczleti h\u00edrek az \u00e1ll\u00e1s \u00e9s a munka vil\u00e1g\u00e1b\u00f3l","og:type":"article","og:title":"Hol tudnak elhelyezkedni az ukr\u00e1n menek\u00fcltek ?l | AllasOrias.hu | H\u00edrek-lapszemle","og:description":"Az orosz-ukr\u00e1n h\u00e1bor\u00fat megel\u0151z\u0151en nagyj\u00e1b\u00f3l 30 ezer ukr\u00e1n \u00e1llampolg\u00e1rnak volt Magyarorsz\u00e1gon bejelentett munkahelye. A haz\u00e1nkban mened\u00e9kes st\u00e1tuszt kap\u00f3 ukr\u00e1nok alkalmaz\u00e1sa ut\u00e1n t\u00e1mogat\u00e1s is j\u00e1r a foglalkoztat\u00f3knak: havi 60 ezer forint. Az Ukrajn\u00e1b\u00f3l \u00e9rkez\u0151 menek\u00fcltek a hi\u00e1nyszakm\u00e1k b\u00e1rmelyik\u00e9ben gyorsan el tudn\u00e1nak helyezkedni, \u00e1m ezt - f\u0151k\u00e9nt a n\u0151k eset\u00e9ben - jelent\u0151sen korl\u00e1tozz\u00e1k szoci\u00e1lis k\u00f6r\u00fclm\u00e9nyeik - p\u00e9ld\u00e1ul","og:url":"https:\/\/allasorias.hu\/hirek\/hol-tudnak-elhelyezkedni-az-ukran-menekultek-l\/","og:image":"https:\/\/allasorias.hu\/hirek\/wp-content\/uploads\/2022\/03\/flag-ukraine.jpg","og:image:secure_url":"https:\/\/allasorias.hu\/hirek\/wp-content\/uploads\/2022\/03\/flag-ukraine.jpg","og:image:width":1920,"og:image:height":1280,"article:published_time":"2022-04-05T06:32:31+00:00","article:modified_time":"2022-04-05T06:32:31+00:00","article:publisher":"https:\/\/www.facebook.com\/allasorias","twitter:card":"summary_large_image","twitter:title":"Hol tudnak elhelyezkedni az ukr\u00e1n menek\u00fcltek ?l | AllasOrias.hu | H\u00edrek-lapszemle","twitter:description":"Az orosz-ukr\u00e1n h\u00e1bor\u00fat megel\u0151z\u0151en nagyj\u00e1b\u00f3l 30 ezer ukr\u00e1n \u00e1llampolg\u00e1rnak volt Magyarorsz\u00e1gon bejelentett munkahelye. A haz\u00e1nkban mened\u00e9kes st\u00e1tuszt kap\u00f3 ukr\u00e1nok alkalmaz\u00e1sa ut\u00e1n t\u00e1mogat\u00e1s is j\u00e1r a foglalkoztat\u00f3knak: havi 60 ezer forint. Az Ukrajn\u00e1b\u00f3l \u00e9rkez\u0151 menek\u00fcltek a hi\u00e1nyszakm\u00e1k b\u00e1rmelyik\u00e9ben gyorsan el tudn\u00e1nak helyezkedni, \u00e1m ezt - f\u0151k\u00e9nt a n\u0151k eset\u00e9ben - jelent\u0151sen korl\u00e1tozz\u00e1k szoci\u00e1lis k\u00f6r\u00fclm\u00e9nyeik - p\u00e9ld\u00e1ul","twitter:image":"https:\/\/allasorias.hu\/hirek\/wp-content\/uploads\/2022\/03\/flag-ukraine.jpg","twitter:label1":"Written by","twitter:data1":"Juh\u00e1sz P\u00e9ter","twitter:label2":"Est. reading time","twitter:data2":"2 minutes"},"aioseo_meta_data":{"post_id":"5489","title":null,"description":null,"keywords":[],"keyphrases":{"focus":{"keyphrase":"","score":0,"analysis":{"keyphraseInTitle":{"score":0,"maxScore":9,"error":1}}},"additional":[]},"primary_term":null,"canonical_url":null,"og_title":null,"og_description":null,"og_object_type":"default","og_image_type":"default","og_image_url":null,"og_image_width":null,"og_image_height":null,"og_image_custom_url":null,"og_image_custom_fields":null,"og_video":"","og_custom_url":null,"og_article_section":null,"og_article_tags":[],"twitter_use_og":false,"twitter_card":"default","twitter_image_type":"default","twitter_image_url":null,"twitter_image_custom_url":null,"twitter_image_custom_fields":null,"twitter_title":null,"twitter_description":null,"schema":{"blockGraphs":[],"customGraphs":[],"default":{"data":{"Article":[],"Course":[],"Dataset":[],"FAQPage":[],"Movie":[],"Person":[],"Product":[],"ProductReview":[],"Car":[],"Recipe":[],"Service":[],"SoftwareApplication":[],"WebPage":[]},"graphName":"","isEnabled":true},"graphs":[],"defaultGraph":"Article","defaultPostTypeGraph":""},"schema_type":"default","schema_type_options":"{\"article\":{\"articleType\":\"BlogPosting\"},\"course\":{\"name\":\"\",\"description\":\"\",\"provider\":\"\"},\"faq\":{\"pages\":[]},\"product\":{\"reviews\":[]},\"recipe\":{\"ingredients\":[],\"instructions\":[],\"keywords\":[]},\"software\":{\"reviews\":[],\"operatingSystems\":[]},\"webPage\":{\"webPageType\":\"WebPage\"}}","pillar_content":false,"robots_default":true,"robots_noindex":false,"robots_noarchive":false,"robots_nosnippet":false,"robots_nofollow":false,"robots_noimageindex":false,"robots_noodp":false,"robots_notranslate":false,"robots_max_snippet":"-1","robots_max_videopreview":"-1","robots_max_imagepreview":"large","priority":null,"frequency":"default","location":null,"local_seo":null,"breadcrumb_settings":null,"limit_modified_date":false,"ai":null,"created":"2022-04-05 06:30:26","updated":"2025-10-02 16:52:25","seo_analyzer_scan_date":null,"focus_keyword":null,"additional_keywords":null,"truseo_locale":null},"aioseo_breadcrumb":"<div class=\"aioseo-breadcrumbs\"><span class=\"aioseo-breadcrumb\">\n\t\t\t<a href=\"https:\/\/allasorias.hu\/hirek\" title=\"Home\">Home<\/a>\n\t\t<\/span><span class=\"aioseo-breadcrumb-separator\">&raquo;<\/span><span class=\"aioseo-breadcrumb\">\n\t\t\t<a href=\"https:\/\/allasorias.hu\/hirek\/temak\/munkaeropiac\/\" title=\"Munkaer\u0151piac\">Munkaer\u0151piac<\/a>\n\t\t<\/span><span class=\"aioseo-breadcrumb-separator\">&raquo;<\/span><span class=\"aioseo-breadcrumb\">\n\t\t\tHol tudnak elhelyezkedni az ukr\u00e1n menek\u00fcltek ?l\n\t\t<\/span><\/div>","aioseo_breadcrumb_json":[{"label":"Home","link":"https:\/\/allasorias.hu\/hirek"},{"label":"Munkaer\u0151piac","link":"https:\/\/allasorias.hu\/hirek\/temak\/munkaeropiac\/"},{"label":"Hol tudnak elhelyezkedni az ukr\u00e1n menek\u00fcltek ?l","link":"https:\/\/allasorias.hu\/hirek\/hol-tudnak-elhelyezkedni-az-ukran-menekultek-l\/"}],"_links":{"self":[{"href":"https:\/\/allasorias.hu\/hirek\/wp-json\/wp\/v2\/posts\/5489","targetHints":{"allow":["GET"]}}],"collection":[{"href":"https:\/\/allasorias.hu\/hirek\/wp-json\/wp\/v2\/posts"}],"about":[{"href":"https:\/\/allasorias.hu\/hirek\/wp-json\/wp\/v2\/types\/post"}],"author":[{"embeddable":true,"href":"https:\/\/allasorias.hu\/hirek\/wp-json\/wp\/v2\/users\/1"}],"replies":[{"embeddable":true,"href":"https:\/\/allasorias.hu\/hirek\/wp-json\/wp\/v2\/comments?post=5489"}],"version-history":[{"count":1,"href":"https:\/\/allasorias.hu\/hirek\/wp-json\/wp\/v2\/posts\/5489\/revisions"}],"predecessor-version":[{"id":5490,"href":"https:\/\/allasorias.hu\/hirek\/wp-json\/wp\/v2\/posts\/5489\/revisions\/5490"}],"wp:featuredmedia":[{"embeddable":true,"href":"https:\/\/allasorias.hu\/hirek\/wp-json\/wp\/v2\/media\/5434"}],"wp:attachment":[{"href":"https:\/\/allasorias.hu\/hirek\/wp-json\/wp\/v2\/media?parent=5489"}],"wp:term":[{"taxonomy":"category","embeddable":true,"href":"https:\/\/allasorias.hu\/hirek\/wp-json\/wp\/v2\/categories?post=5489"},{"taxonomy":"post_tag","embeddable":true,"href":"https:\/\/allasorias.hu\/hirek\/wp-json\/wp\/v2\/tags?post=5489"}],"curies":[{"name":"wp","href":"https:\/\/api.w.org\/{rel}","templated":true}]}}