{"id":5477,"date":"2022-03-31T08:30:21","date_gmt":"2022-03-31T08:30:21","guid":{"rendered":"https:\/\/allasorias.hu\/hirek\/?p=5477"},"modified":"2022-03-31T08:30:21","modified_gmt":"2022-03-31T08:30:21","slug":"jo-munkaeropiaci-kilatasok","status":"publish","type":"post","link":"https:\/\/allasorias.hu\/hirek\/jo-munkaeropiaci-kilatasok\/","title":{"rendered":"J\u00f3 munkaer\u0151piaci kil\u00e1t\u00e1sok"},"content":{"rendered":"<p><strong>2010 \u00f3ta megk\u00f6zel\u00edt\u0151leg egymilli\u00f3 f\u0151vel n\u0151tt a foglalkoztatottak sz\u00e1ma Magyarorsz\u00e1gon a t\u00e1mogat\u00f3 gazdas\u00e1gpolitik\u00e1nak k\u00f6sz\u00f6nhet\u0151en. K\u00f6zel 4,7 milli\u00f3an dolgoznak haz\u00e1nkban, amire a rendszerv\u00e1lt\u00e1s \u00f3ta nem volt p\u00e9lda. A kedvez\u0151 gazdas\u00e1gi tendenci\u00e1k f\u00e9ny\u00e9ben a v\u00e1llalatok t\u00f6bbs\u00e9ge l\u00e9tsz\u00e1mot szeretne b\u0151v\u00edteni, \u00edgy k\u00f6z\u00e9pt\u00e1von megk\u00f6zel\u00edthetj\u00fck az etalonnak tartott cseh munkan\u00e9lk\u00fclis\u00e9gi szintet. <\/strong><\/p>\n<p>Viszony\u00edt\u00e1sk\u00e9ppen napjainkban fele akkora a hazai munkan\u00e9lk\u00fclis\u00e9gi r\u00e1ta, mint az eur\u00f3z\u00f3na \u00e1tlaga. A fizet\u00e9sek h\u00e1rom\u00e9ves id\u0151t\u00e1von pedig k\u00f6zel 30 sz\u00e1zal\u00e9kkal emelkedhetnek az MNB legfrissebb el\u0151rejelz\u00e9sei alapj\u00e1n. T\u00f6rt\u00e9nelmi cs\u00facsokon van a foglalkoztatotts\u00e1g Magyarorsz\u00e1gon. K\u00f6zel 4,7 milli\u00f3an dolgoznak haz\u00e1nkban. Erre a rendszerv\u00e1lt\u00e1s \u00f3ta nem volt p\u00e9lda. Ez egy\u00fattal azt is jelenti, hogy megk\u00f6zel\u00edt\u0151leg egymilli\u00f3 f\u0151vel dolgoznak t\u00f6bben most, mint 2010-ben. Ebben a munk\u00e1t t\u00e1mogat\u00f3 \u00e9s ad\u00f3cs\u00f6kkenet\u00e9sekre \u00e9p\u00edt\u0151 gazdas\u00e1gpolitik\u00e1nak hatalmas szerepe volt. Szint\u00e9n rekord magass\u00e1gokba, 74 sz\u00e1zal\u00e9kra emelkedett a 15-64 \u00e9vesek foglalkoztatotts\u00e1gi r\u00e1t\u00e1ja. Piaci becsl\u00e9sek alapj\u00e1n megk\u00f6zel\u00edt\u0151leg 200-300 ezer f\u0151t lehet m\u00e9g bevonni a munkaer\u0151piacra. A hat\u00e1rmenti t\u00e9rs\u00e9gekn\u00e9l, illetve az id\u0151sebb \u00e9s fiatal koroszt\u00e1lyokn\u00e1l azonos\u00edthat\u00f3k m\u00e9g tartal\u00e9kok. Nagyon k\u00f6zel van teh\u00e1t m\u00e1r a teljes foglalkoztatotts\u00e1gi szint, mely l\u00e9nyeg\u00e9ben egy olyan \u00e1llapot, ahol mindenki tud dolgozni, aki akar. Ez a j\u00f3l\u00e9ti t\u00e1rsadalmak egyik legfontosabb alapja. A magyar gazdas\u00e1g tavaly 7,1 sz\u00e1zal\u00e9kkal n\u00f6vekedett. Uni\u00f3s szinten kimagasl\u00f3an nagy a beruh\u00e1z\u00e1si aktivit\u00e1sunk, mik\u00f6zben a dinamikusan b\u0151v\u00fcl\u0151 lakoss\u00e1gi fogyaszt\u00e1s adhatja az idei GDP n\u00f6veked\u00e9s fel\u00e9t. Egy ilyen k\u00f6rnyezetben a v\u00e1llalatok b\u00e1tran foglalkoztatnak. A pozit\u00edv gazdas\u00e1gi folyamatoknak k\u00f6sz\u00f6nhet\u0151en a hazai munkan\u00e9lk\u00fclis\u00e9gi r\u00e1ta t\u00f6rt\u00e9nelmi m\u00e9lypontok k\u00f6zel\u00e9be s\u00fcllyedt. A mutat\u00f3 id\u00e9n febru\u00e1rban 3,8 sz\u00e1zal\u00e9kon \u00e1llt. \u00d6sszehasonl\u00edt\u00e1sk\u00e9ppen Csehorsz\u00e1gban 3,5 sz\u00e1zal\u00e9k volt febru\u00e1rban a munkan\u00e9lk\u00fclis\u00e9gi r\u00e1ta. A j\u00e1rv\u00e1ny el\u0151tt pedig Csehorsz\u00e1gban 2,7 sz\u00e1zal\u00e9k, m\u00edg haz\u00e1nkban 3,2 sz\u00e1zal\u00e9k volt a mutat\u00f3. A j\u00e1rv\u00e1ny alatt \u00e9s ut\u00e1n teh\u00e1t m\u00e9g k\u00f6zeledni is tudtunk az etalonnak tartott cseh munkan\u00e9lk\u00fclis\u00e9gi szinthez. Magyarorsz\u00e1g vezet\u0151 munkaer\u0151k\u00f6zvet\u00edt\u0151 v\u00e1llalat\u00e1nak felm\u00e9r\u00e9se szerint a v\u00e1llalatok 89 sz\u00e1zal\u00e9ka szeretn\u00e9 b\u0151v\u00edteni dolgoz\u00f3i l\u00e9tsz\u00e1mot. \u00cdgy j\u00f3 es\u00e9llyel 3 sz\u00e1zal\u00e9k k\u00f6zel\u00e9be s\u00fcllyedhet k\u00f6z\u00e9pt\u00e1von a munkan\u00e9lk\u00fclis\u00e9gi r\u00e1ta haz\u00e1nkban. Ennek r\u00f6vidt\u00e1von azonban van n\u00e9h\u00e1ny akad\u00e1lya. A glob\u00e1lis alkatr\u00e9sz- \u00e9s chiphi\u00e1ny miatt a feldolgoz\u00f3ipar gerinc\u00e9t k\u00e9pez\u0151 aut\u00f3gy\u00e1rak p\u00e9ld\u00e1ul k\u00e9nytelenek visszafogni a termel\u00e9s\u00fcket \u00e9s cs\u00f6kkentett m\u0171szakok mellett m\u0171k\u00f6dnek. Annak ellen\u00e9re, hogy kereslet van b\u0151ven. A feldolgoz\u00f3ipari \u00f6sszes rendel\u00e9s\u00e1llom\u00e1ny janu\u00e1r v\u00e9g\u00e9n 25 sz\u00e1zal\u00e9kkal meghaladta az egy \u00e9vvel kor\u00e1bbit. A chiphi\u00e1ny m\u00e1sodik f\u00e9l\u00e9vben v\u00e1rhat\u00f3 old\u00f3d\u00e1s\u00e1val az aut\u00f3gy\u00e1rt\u00e1s, illetve a sz\u00e1m\u00edt\u00e1stechnikai \u00e9s elektronikai term\u00e9kek gy\u00e1rt\u00e1sa is felfuthat, ami a foglalkoztatotts\u00e1gi sz\u00e1mokat is mag\u00e1val h\u00fazza. Emellett a k\u00fclf\u00f6ldi turizmus vissza\u00e9p\u00fcl\u00e9se a vend\u00e9gl\u00e1t\u00f3 \u00e1gazatnak adhat \u00fajabb lend\u00fcletet. Ez szint\u00e9n j\u00f3t\u00e9konyan hat a k\u00e9s\u0151bbiekben a foglalkoztatotts\u00e1gra. Az \u00e1tlagb\u00e9rek az id\u00e9n 12 sz\u00e1zal\u00e9kkal, m\u00edg 2023-ban \u00e9s 2024-ben b\u0151 7-7 sz\u00e1zal\u00e9kkal emelkedhetnek az MNB el\u0151rejelz\u00e9sei alapj\u00e1n. Ez azt jelenti, hogy a fizet\u00e9sek h\u00e1rom\u00e9ves id\u0151t\u00e1von megk\u00f6zel\u00edt\u0151leg 28 sz\u00e1zal\u00e9kkal lesznek magasabbak. Ezzel p\u00e1rhuzamosan, h\u00e1rom\u00e9ves id\u0151t\u00e1von az infl\u00e1ci\u00f3 17-18 sz\u00e1zal\u00e9kot tehet ki. Vagyis h\u00e1rom \u00e9v alatt nagys\u00e1grendileg 10 sz\u00e1zal\u00e9kkal emelkedhetnek a re\u00e1lb\u00e9rek Magyarorsz\u00e1gon.<\/p>\n<p>&nbsp;<\/p>\n<p>Forr\u00e1s: novekedes.hu<\/p>\n","protected":false},"excerpt":{"rendered":"<p>2010 \u00f3ta megk\u00f6zel\u00edt\u0151leg egymilli\u00f3 f\u0151vel n\u0151tt a foglalkoztatottak sz\u00e1ma Magyarorsz\u00e1gon a t\u00e1mogat\u00f3 gazdas\u00e1gpolitik\u00e1nak k\u00f6sz\u00f6nhet\u0151en. K\u00f6zel 4,7 milli\u00f3an dolgoznak haz\u00e1nkban, amire a rendszerv\u00e1lt\u00e1s \u00f3ta nem volt p\u00e9lda. A kedvez\u0151 gazdas\u00e1gi tendenci\u00e1k f\u00e9ny\u00e9ben a v\u00e1llalatok t\u00f6bbs\u00e9ge l\u00e9tsz\u00e1mot szeretne b\u0151v\u00edteni, \u00edgy k\u00f6z\u00e9pt\u00e1von megk\u00f6zel\u00edthetj\u00fck az etalonnak tartott cseh munkan\u00e9lk\u00fclis\u00e9gi szintet. Viszony\u00edt\u00e1sk\u00e9ppen napjainkban fele akkora a hazai munkan\u00e9lk\u00fclis\u00e9gi r\u00e1ta, mint [&hellip;]<\/p>\n","protected":false},"author":1,"featured_media":5196,"comment_status":"open","ping_status":"open","sticky":false,"template":"","format":"standard","meta":{"_monsterinsights_skip_tracking":false,"_monsterinsights_sitenote_active":false,"_monsterinsights_sitenote_note":"","_monsterinsights_sitenote_category":0,"footnotes":""},"categories":[200],"tags":[],"class_list":["post-5477","post","type-post","status-publish","format-standard","has-post-thumbnail","hentry","category-munkaeropiac"],"aioseo_notices":[],"_links":{"self":[{"href":"https:\/\/allasorias.hu\/hirek\/wp-json\/wp\/v2\/posts\/5477","targetHints":{"allow":["GET"]}}],"collection":[{"href":"https:\/\/allasorias.hu\/hirek\/wp-json\/wp\/v2\/posts"}],"about":[{"href":"https:\/\/allasorias.hu\/hirek\/wp-json\/wp\/v2\/types\/post"}],"author":[{"embeddable":true,"href":"https:\/\/allasorias.hu\/hirek\/wp-json\/wp\/v2\/users\/1"}],"replies":[{"embeddable":true,"href":"https:\/\/allasorias.hu\/hirek\/wp-json\/wp\/v2\/comments?post=5477"}],"version-history":[{"count":1,"href":"https:\/\/allasorias.hu\/hirek\/wp-json\/wp\/v2\/posts\/5477\/revisions"}],"predecessor-version":[{"id":5478,"href":"https:\/\/allasorias.hu\/hirek\/wp-json\/wp\/v2\/posts\/5477\/revisions\/5478"}],"wp:featuredmedia":[{"embeddable":true,"href":"https:\/\/allasorias.hu\/hirek\/wp-json\/wp\/v2\/media\/5196"}],"wp:attachment":[{"href":"https:\/\/allasorias.hu\/hirek\/wp-json\/wp\/v2\/media?parent=5477"}],"wp:term":[{"taxonomy":"category","embeddable":true,"href":"https:\/\/allasorias.hu\/hirek\/wp-json\/wp\/v2\/categories?post=5477"},{"taxonomy":"post_tag","embeddable":true,"href":"https:\/\/allasorias.hu\/hirek\/wp-json\/wp\/v2\/tags?post=5477"}],"curies":[{"name":"wp","href":"https:\/\/api.w.org\/{rel}","templated":true}]}}